{"id":2074,"date":"2025-06-19T23:43:18","date_gmt":"2025-06-20T02:43:18","guid":{"rendered":"https:\/\/radioclanfm.com\/clanespectaculos\/?p=2074"},"modified":"2025-06-19T23:43:18","modified_gmt":"2025-06-20T02:43:18","slug":"el-polaco-mi-abuela-es-una-guerrera-la-primera-que-confio-en-mi-cuando-yo-tenia-mi-tecladito","status":"publish","type":"post","link":"https:\/\/radioclanfm.com\/clanespectaculos\/el-polaco-mi-abuela-es-una-guerrera-la-primera-que-confio-en-mi-cuando-yo-tenia-mi-tecladito\/","title":{"rendered":"El Polaco: \u201cMi abuela es una guerrera, la primera que confi\u00f3 en mi cuando yo ten\u00eda mi tecladito\u201d"},"content":{"rendered":"<p>El popular cantante se anima al juego de Mi Cielo, un viaje donde habla con felicidad y orgullo de sus hijas, pero tambi\u00e9n afronta las partes m\u00e1s oscuras de su vida. De paso, anuncia el lanzamiento de su nuevo tema, \u201cYa no se enamora\u201d, en colaboraci\u00f3n con Ecko<\/p>\n<p class=\"paragraph\" data-mrf-recirculation=\"Links inline\"><b>Ezequiel Iv\u00e1n Cwirkaluk\u00a0<\/b>-para todos\u00a0<b>El Polaco<\/b>&#8211; es un reconocido cantante, compositor y un referente de la cumbia en Argentina con casi 20 a\u00f1os de carrera. Se inici\u00f3 a los 17 a\u00f1os como vocalista de una banda de barrio y en 2006 debut\u00f3 como solista\u00a0con el \u00e1lbum\u00a0<i>Vuelve, te lo pido<\/i>.\u00a0El \u00e9xito de ese disco lo llev\u00f3 a que r\u00e1pidamente editara su segundo material:\u00a0<i>Agradeciendo a Dios<\/i>.<\/p>\n<div class=\"news-module\" data-mrf-recirculation=\"IL_Ct0zZTd2RqSjHGMXsLzz7w\" data-testid=\"text-html\" data-mrf-experience=\"IL_Ct0zZTd2RqSjHGMXsLzz7w\">\n<div class=\"recommended-card__image-container\"><\/div>\n<\/div>\n<p class=\"paragraph\" data-mrf-recirculation=\"Links inline\">Desde el 2007 a la actualidad, lanz\u00f3\u00a0<b>m\u00e1s de quince discos<\/b>\u00a0con temas populares que quedaron en la historia de la m\u00fasica tropical y que lo llevaron a realizar shows por todo el pa\u00eds y en el exterior. En televisi\u00f3n incursion\u00f3 como actor en la tira\u00a0<i><b>Viudas e hijos del Rock and Roll\u00a0<\/b><\/i>y en\u00a0<i><b>27: El club de los malditos<\/b><\/i><b>.<\/b>\u00a0Adem\u00e1s, particip\u00f3 en tres temporadas del reality\u00a0<i><b>Bailando por un sue\u00f1o<\/b><\/i><i>\u00a0<\/i>y, en 2020, en la edici\u00f3n Celebrity de\u00a0<i><b>Masterchef Argentina.<\/b><\/i><\/p>\n<div class=\"inline ad-wrapper\">\n<div class=\"dfpAd ad-inline\"><\/div>\n<\/div>\n<p class=\"paragraph\" data-mrf-recirculation=\"Links inline\">A prop\u00f3sito de planes laborales, acaba de lanzar\u00a0<b>\u201cYa no se enamora\u201d<\/b>, una colaboraci\u00f3n tan inesperada como poderosa\u00a0<b>junto a Ecko<\/b>, una de las voces m\u00e1s representativas del trap local. Al margen de sus habituales presentaciones en distintos puntos del pa\u00eds, a\u00fan con fechas a confirmar s\u00ed es un hecho que en julio estar\u00e1 en Uruguay, mientras que en agosto viajar\u00e1 a Bolivia.<\/p>\n<div class=\"news-module\" data-mrf-recirculation=\"IL_RjJ8XQ94SCCdND4VX9YvyQ\" data-testid=\"text-html\" data-mrf-experience=\"IL_RjJ8XQ94SCCdND4VX9YvyQ\">\n<div class=\"recommended-card__image-container\"><\/div>\n<\/div>\n<div class=\"jwplayer-ctn\">\n<div>\n<div id=\"YAWOVEZQ75DMPJV26KG4ZI7HHA-custom_embed4\" class=\"jw-error jw-reset\">\n<div class=\"jw-error-msg jw-info-overlay jw-reset\">\n<div class=\"jw-icon jw-reset\"><\/div>\n<div class=\"jw-info-container jw-reset\">\n<div class=\"jw-error-text jw-reset-text\" dir=\"auto\" data-nosnippet=\"\">Este archivo de video no se puede reproducir.(C\u00f3digo\u00a0de\u00a0Error:\u00a0102404)<\/div>\n<\/div>\n<\/div>\n<\/div>\n<\/div>\n<\/div>\n<p class=\"paragraph\" data-mrf-recirculation=\"Links inline\">Aqu\u00ed, las partes m\u00e1s destacadas de la entrevista. Hoy, como ver\u00e1n, con un invitado (\u00bfo entrometido?) sorpresa.<\/p>\n<div class=\"inline_2_DSK ad-wrapper ad-desktop\">\n<div class=\"dfpAd ad-inline\">\n<div id=\"infobae\/teleshow\/nota\/inline_2_DSK\" class=\"infobae\/teleshow\/nota\/inline_2_DSK arcad\" data-google-query-id=\"CNaHvYL9_o0DFRxSuAQdlXEcmg\">\n<div id=\"google_ads_iframe_\/1058609\/infobae\/teleshow\/nota\/inline_2_DSK_0__container__\"><\/div>\n<\/div>\n<\/div>\n<\/div>\n<p class=\"paragraph\" data-mrf-recirculation=\"Links inline\"><b>Mariano: \u2014\u00bfQu\u00e9 hac\u00e9s Polaco?<\/b><\/p>\n<div class=\"news-module\" data-mrf-recirculation=\"IL_wPVu_IE4S76a5Gsl0lX8mA\" data-testid=\"text-html\" data-mrf-experience=\"IL_wPVu_IE4S76a5Gsl0lX8mA\">\n<div class=\"recommended-card__image-container\"><\/div>\n<\/div>\n<p class=\"paragraph\" data-mrf-recirculation=\"Links inline\"><b>Polaco:<\/b>\u00a0\u2014Hola, me lleg\u00f3 este sobre, lo abr\u00ed y aparec\u00ed ac\u00e1&#8230;<\/p>\n<p class=\"paragraph\" data-mrf-recirculation=\"Links inline\">De pronto entra en escena\u00a0<b>Mart\u00edn Bossi&#8230;<\/b><\/p>\n<p class=\"paragraph\" data-mrf-recirculation=\"Links inline\"><i><b>Mart\u00edn Bossi: \u2014Mariano, escuch\u00e1, me tengo que ir, me rebotaron<\/b><\/i><\/p>\n<p class=\"paragraph\" data-mrf-recirculation=\"Links inline\"><b>Mariano: \u2014\u00a1\u00bfC\u00f3mo que te rebotaron!?<\/b><\/p>\n<p class=\"paragraph\" data-mrf-recirculation=\"Links inline\"><i><b>Mart\u00edn Bossi:\u00a0<\/b><\/i><i>\u2014S\u00ed, dicen que no tengo m\u00e9ritos y me mandan para abajo. Mucha poligamia, me dicen. Yo hice las cosas bien. creo en Dios. Pero aparte, este -se\u00f1ala al Polaco- es el rey de la poligamia, el rey Midas. Un d\u00eda llegu\u00e9 a mi casa y estaba con mi vieja. Aparte no canta.<\/i><\/p>\n<p class=\"paragraph\" data-mrf-recirculation=\"Links inline\"><b>Polaco:\u00a0<\/b>\u2014Debe ser hincha de los Andes&#8230;-lo chicanea El Polaco, que es hincha de su cl\u00e1sico del sur, Temperley.<\/p>\n<div class=\"visual__image\"><picture><source srcset=\"https:\/\/www.infobae.com\/resizer\/v2\/LYROG3J4B5BWNFPESLFHH57JEE.JPG?auth=dabf8c81357b76895d9ec6b2ada114de29e9cb4dd0613609e47a4c962cd89947&amp;smart=true&amp;width=992&amp;height=661&amp;quality=85\" media=\"(min-width: 1000px)\" \/><source srcset=\"https:\/\/www.infobae.com\/resizer\/v2\/LYROG3J4B5BWNFPESLFHH57JEE.JPG?auth=dabf8c81357b76895d9ec6b2ada114de29e9cb4dd0613609e47a4c962cd89947&amp;smart=true&amp;width=768&amp;height=512&amp;quality=85\" media=\"(min-width: 768px)\" \/><source srcset=\"https:\/\/www.infobae.com\/resizer\/v2\/LYROG3J4B5BWNFPESLFHH57JEE.JPG?auth=dabf8c81357b76895d9ec6b2ada114de29e9cb4dd0613609e47a4c962cd89947&amp;smart=true&amp;width=577&amp;height=385&amp;quality=85\" media=\"(min-width: 580px)\" \/><source srcset=\"https:\/\/www.infobae.com\/resizer\/v2\/LYROG3J4B5BWNFPESLFHH57JEE.JPG?auth=dabf8c81357b76895d9ec6b2ada114de29e9cb4dd0613609e47a4c962cd89947&amp;smart=true&amp;width=420&amp;height=280&amp;quality=85\" media=\"(min-width: 350px)\" \/><source srcset=\"https:\/\/www.infobae.com\/resizer\/v2\/LYROG3J4B5BWNFPESLFHH57JEE.JPG?auth=dabf8c81357b76895d9ec6b2ada114de29e9cb4dd0613609e47a4c962cd89947&amp;smart=true&amp;width=350&amp;height=233&amp;quality=85\" media=\"(min-width: 80px)\" \/><img loading=\"lazy\" decoding=\"async\" class=\"global-image\" src=\"https:\/\/www.infobae.com\/resizer\/v2\/LYROG3J4B5BWNFPESLFHH57JEE.JPG?auth=dabf8c81357b76895d9ec6b2ada114de29e9cb4dd0613609e47a4c962cd89947&amp;smart=true&amp;width=350&amp;height=233&amp;quality=85\" alt=\"El Polaco, invitado en esta\" width=\"1200\" height=\"800\" \/><\/picture>El Polaco, invitado en esta ocasi\u00f3n al habitual juego de &#8220;Mi cielo&#8221; que convoca Marian I\u00fadica, se encontr\u00f3 con un invitado especial, Mart\u00edn Bossi (Diego Barbatto)<\/div>\n<p class=\"paragraph\" data-mrf-recirculation=\"Links inline\"><i><b>Mart\u00edn Bossi:<\/b><\/i><i>\u00a0\u2014\u00a1En qu\u00e9 decadencia est\u00e1 el cielo, \u00bfeh?!\u00a0<\/i>-dice y empieza a retirarse de la escena, del juego.<\/p>\n<p class=\"paragraph\" data-mrf-recirculation=\"Links inline\"><b>Polaco:<\/b>\u00a0\u2014And\u00e1 a llevar un poco de fr\u00edo al infierno, dale&#8230;<\/p>\n<p class=\"paragraph\" data-mrf-recirculation=\"Links inline\"><b>Mariano: \u2014Perd\u00f3n esta interrupci\u00f3n, Polaco, te explico: ac\u00e1 estamos en la puerta del cielo. Ac\u00e1 vas a hacer la VTA -algo parecido a la VTV-, pero en este caso una\u00a0<\/b><i><b>Verificaci\u00f3n T\u00e9cnica del Alma<\/b><\/i><b>. Ser\u00eda un\u00a0<\/b><i><b>upgrade\u00a0<\/b><\/i><b>asistencial y existencial, \u00bfentend\u00e9s? Te vas a ir en paz, qu\u00e9date tranquilo.<\/b><\/p>\n<p class=\"paragraph\" data-mrf-recirculation=\"Links inline\"><b>Polaco:\u00a0<\/b>\u2014Okay.<\/p>\n<p class=\"paragraph\" data-mrf-recirculation=\"Links inline\"><b>Mariano: \u2014Escuchame una cosa, cantaste 2.345 veces en bailes de todo el pa\u00eds.<\/b><\/p>\n<div class=\"undefined ad-wrapper\">\n<div class=\"dfpAd \">\n<div id=\"infobae\/teleshow\/nota\/undefined\" class=\"infobae\/teleshow\/nota\/undefined arcad\"><\/div>\n<\/div>\n<\/div>\n<p class=\"paragraph\" data-mrf-recirculation=\"Links inline\"><b>Polaco:<\/b>\u00a0\u2014S\u00ed.<\/p>\n<p class=\"paragraph\" data-mrf-recirculation=\"Links inline\"><b>Mariano: \u2014Cambiaste 780 pa\u00f1ales en tu trayectoria como padre. Y \u201cDeja de llorar\u201d fue cantada 1.350.000 veces. Por cierto, a la hora de entrar al cielo, \u00bfcon qu\u00e9 tema entrar\u00edas?<\/b><\/p>\n<p class=\"paragraph\" data-mrf-recirculation=\"Links inline\"><b>Polaco:\u00a0<\/b><i>\u2014(Piensa)\u00a0<\/i>Con un tema de Leo Dan.<\/p>\n<div class=\"undefined ad-wrapper\">\n<div class=\"dfpAd \">\n<div id=\"infobae\/teleshow\/nota\/undefined\" class=\"infobae\/teleshow\/nota\/undefined arcad\"><\/div>\n<\/div>\n<\/div>\n<p class=\"paragraph\" data-mrf-recirculation=\"Links inline\"><b>Mariano: \u2014Me vuelvo loco. \u00bfCon cu\u00e1l?<\/b><\/p>\n<p class=\"paragraph\" data-mrf-recirculation=\"Links inline\"><b>Polaco:<\/b>\u00a0\u2014\u201cSiempre estoy pensando en ella\u201d.\u00a0<i>(Canta)<\/i>\u00a0<i>\u201cSi no puedo ser el due\u00f1o, yo. Nunca podr\u00e1s olvidarme. Porque yo te di todo mi amor\u201d<\/i>, un tema que le gustaba mucho a Jorge, mi pap\u00e1. A m\u00ed no me dijeron que no era una entrevista.<\/p>\n<p class=\"paragraph\" data-mrf-recirculation=\"Links inline\"><b>Mariano: \u2014Cuando pens\u00e1s en el cielo&#8230;<\/b><\/p>\n<p class=\"paragraph\" data-mrf-recirculation=\"Links inline\"><b>Polaco:<\/b>\u00a0\u2014Yo creo mucho en Dios.<\/p>\n<p class=\"paragraph\" data-mrf-recirculation=\"Links inline\"><b>Mariano: \u2014Otra cosa que pasa ac\u00e1 es que pod\u00e9s repasar tu historia minuto a minuto. \u00bfQu\u00e9 eleg\u00eds?<\/b><\/p>\n<p class=\"paragraph\" data-mrf-recirculation=\"Links inline\"><b>Polaco:<\/b>\u00a0\u2014Ya lo tengo. Cuando viaj\u00e1bamos a C\u00f3rdoba con mi viejo, mi mam\u00e1, Mar\u00eda, y mis hermanos, Jonathan y Roc\u00edo. Ibamos a unas caba\u00f1as y es uno de los momentos m\u00e1s hermosos de mi vida. Mi viejo escuchaba a Antonio Aguilar. Ten\u00edamos un 125. Tardamos como 24 horas en llegar. \u00a1\u00cdbamos a 70,\u00a0<i>pap\u00e1<\/i>! Por la vieja Ruta 9. \u00a1Hermoso! Pero en ese momento, a los 6, 7 a\u00f1os, uno no se da cuenta de que eso es\u00a0<i>la\u00a0<\/i>felicidad.<\/p>\n<div class=\"visual__image\"><picture><source srcset=\"https:\/\/www.infobae.com\/resizer\/v2\/ZRC5U222WVDVTOYM67RUNDIJM4.JPG?auth=6b15f787ea671b23896881ec3914769f4ddf2255caa4d906341180aa5de9e163&amp;smart=true&amp;width=992&amp;height=661&amp;quality=85\" media=\"(min-width: 1000px)\" \/><source srcset=\"https:\/\/www.infobae.com\/resizer\/v2\/ZRC5U222WVDVTOYM67RUNDIJM4.JPG?auth=6b15f787ea671b23896881ec3914769f4ddf2255caa4d906341180aa5de9e163&amp;smart=true&amp;width=768&amp;height=512&amp;quality=85\" media=\"(min-width: 768px)\" \/><source srcset=\"https:\/\/www.infobae.com\/resizer\/v2\/ZRC5U222WVDVTOYM67RUNDIJM4.JPG?auth=6b15f787ea671b23896881ec3914769f4ddf2255caa4d906341180aa5de9e163&amp;smart=true&amp;width=577&amp;height=385&amp;quality=85\" media=\"(min-width: 580px)\" \/><source srcset=\"https:\/\/www.infobae.com\/resizer\/v2\/ZRC5U222WVDVTOYM67RUNDIJM4.JPG?auth=6b15f787ea671b23896881ec3914769f4ddf2255caa4d906341180aa5de9e163&amp;smart=true&amp;width=420&amp;height=280&amp;quality=85\" media=\"(min-width: 350px)\" \/><source srcset=\"https:\/\/www.infobae.com\/resizer\/v2\/ZRC5U222WVDVTOYM67RUNDIJM4.JPG?auth=6b15f787ea671b23896881ec3914769f4ddf2255caa4d906341180aa5de9e163&amp;smart=true&amp;width=350&amp;height=233&amp;quality=85\" media=\"(min-width: 80px)\" \/><img loading=\"lazy\" decoding=\"async\" class=\"global-image\" src=\"https:\/\/www.infobae.com\/resizer\/v2\/ZRC5U222WVDVTOYM67RUNDIJM4.JPG?auth=6b15f787ea671b23896881ec3914769f4ddf2255caa4d906341180aa5de9e163&amp;smart=true&amp;width=350&amp;height=233&amp;quality=85\" alt=\"&quot;Mi viejo ten\u00eda una depresi\u00f3n\" width=\"1200\" height=\"800\" \/><\/picture>&#8220;Mi viejo ten\u00eda una depresi\u00f3n muy grande. Pod\u00edan pasar muchas cosas buenas, pero \u00e9l s\u00f3lo ve\u00eda lo malo&#8221; (Diego Barbatto)<\/div>\n<p class=\"paragraph\" data-mrf-recirculation=\"Links inline\"><b>Mariano: \u2014Entiendo&#8230;<\/b><\/p>\n<p class=\"paragraph\" data-mrf-recirculation=\"Links inline\"><b>Polaco:<\/b>\u00a0\u2014Justo que me pregunt\u00e1s esto, hace unos d\u00edas pude ver algo de eso, porque ten\u00edamos una videoc\u00e1mara y film\u00e1bamos. Ah\u00ed mi viejo estaba en su mejor momento; ten\u00eda 35, 36 a\u00f1os, sano, impecable, pelo largo por ac\u00e1; mi vieja tambi\u00e9n, hermosa; mi hermanita de 2 a\u00f1os, comiendo caca de oveja sin saber&#8230; y mi hermano, siempre mi gran compa\u00f1ero. Otro detalle, \u00edbamos siempre en febrero: no ten\u00edamos un mango y era m\u00e1s barato. Lo extra\u00f1o mucho al viejo. L\u00e1stima un tema&#8230;<\/p>\n<p class=\"paragraph\" data-mrf-recirculation=\"Links inline\"><b>Mariano: \u2014Contame&#8230;<\/b><\/p>\n<p class=\"paragraph\" data-mrf-recirculation=\"Links inline\"><b>Polaco:<\/b>\u00a0\u2014Mi viejo ten\u00eda una depresi\u00f3n muy grande. Pod\u00edan pasar muchas cosas buenas, pero \u00e9l s\u00f3lo ve\u00eda lo malo. El chab\u00f3n ten\u00eda su pasado&#8230; problemas con el alcohol. De hecho, yo nunca me tom\u00e9 una birra con mi viejo. Yo lo iba a buscar a los bares, me cagaba de fr\u00edo esper\u00e1ndolo afuera. Lo sufr\u00ed mucho.<\/p>\n<p class=\"paragraph\" data-mrf-recirculation=\"Links inline\"><b>Mariano: \u2014\u00bfHiciste de pap\u00e1 de tu pap\u00e1?<\/b><\/p>\n<p class=\"paragraph\" data-mrf-recirculation=\"Links inline\"><b>Polaco:<\/b>\u00a0\u2014Claro, obvio. Despu\u00e9s que vas creciendo te das cuenta que es dif\u00edcil y que uno hace lo que puede y no se da cuenta que est\u00e1 lastimando a la gente porque vos est\u00e1s en la tuya, ten\u00e9s y no te das cuenta que te est\u00e1n mirando&#8230; Justo ayer fui a visitar a mis abuelos, 94 y 90 a\u00f1os. Mi abuela fue una guerrera muy importante en mi vida. Fue la primera que confi\u00f3 en m\u00ed cuando yo ten\u00eda mi tecladito.<\/p>\n<p class=\"paragraph\" data-mrf-recirculation=\"Links inline\"><b>Mariano: \u2014Ahora jugando con la Historia de la Humanidad, si pudieras apretar\u00a0<\/b><i><b>play<\/b><\/i><b>, \u00bfqu\u00e9 hecho te gustar\u00eda presenciar?<\/b><\/p>\n<p class=\"paragraph\" data-mrf-recirculation=\"Links inline\"><b>Polaco:<\/b>\u00a0\u2014Cuando resucit\u00f3 Jes\u00fas. O tambi\u00e9n me gustar\u00eda estar ah\u00ed, en\u00a0<i>La Ultima Cena<\/i>, eso s\u00ed me gustar\u00eda.<\/p>\n<p class=\"paragraph\" data-mrf-recirculation=\"Links inline\"><b>Mariano: \u2014Y de tu vida amorosa, no te digo que pod\u00e9s cambiar la historia pero s\u00ed modificar cositas para bien&#8230;<\/b><\/p>\n<p class=\"paragraph\" data-mrf-recirculation=\"Links inline\"><b>Polaco:<\/b>\u00a0\u2014Mir\u00e1, yo creo que hasta los errores que comet\u00ed fueron buenos, porque fui creciendo y aprendiendo de esos errores. Es cierto, tengo tres hijas con tres mujeres diferentes, y capaz que es mejor tener una familia convencional, as\u00ed nadie sufre separaciones, sobre todo los chicos&#8230; Pero hice lo que pude y como pude.<\/p>\n<p class=\"paragraph\" data-mrf-recirculation=\"Links inline\"><b>Mariano: \u2014\u00bfC\u00f3mo fueron esos procesos?<\/b><\/p>\n<p class=\"paragraph\" data-mrf-recirculation=\"Links inline\"><b>Polaco:\u00a0<\/b>\u2014Siempre que uno se separa tiene que hablar con sus hijos y si despu\u00e9s arranc\u00e1s de vuelta otra familia se tienen que acoplar. Los que m\u00e1s sufren siempre son los chicos. Mis hijas -Sol, Alma y Abril- son lo m\u00e1s importante de mi vida; cuando est\u00e1n conmigo soy el hombre m\u00e1s feliz del mundo. Y trato de darles todo lo que no me dieron a m\u00ed: atenci\u00f3n, estar; las voy a buscar al colegio, las llevo a hockey, voy, vengo, soy el hombre orquesta. Y yo s\u00e9 que Dios mira eso. Y eso me hace bien a m\u00ed. Y no me lo ense\u00f1\u00f3 nadie, solamente hice lo que no hicieron conmigo.<\/p>\n<p class=\"paragraph\" data-mrf-recirculation=\"Links inline\"><b>Mariano: \u2014Siguiendo con el juego, pens\u00e1 que pod\u00e9s bajar a uno de los que est\u00e1n ac\u00e1 arriba. Una hora. \u00bfA qui\u00e9n eleg\u00eds? \u00bfY qu\u00e9 har\u00edas?<\/b><\/p>\n<div class=\"visual__image\"><picture><source srcset=\"https:\/\/www.infobae.com\/resizer\/v2\/KTRWYEJRHVBFDLD7HISTFNE6NY.JPG?auth=6507ae9efddb50d61be40993a9f9602211bf1d5464b97b0cb3f59e7e0d6d7af4&amp;smart=true&amp;width=992&amp;height=661&amp;quality=85\" media=\"(min-width: 1000px)\" \/><source srcset=\"https:\/\/www.infobae.com\/resizer\/v2\/KTRWYEJRHVBFDLD7HISTFNE6NY.JPG?auth=6507ae9efddb50d61be40993a9f9602211bf1d5464b97b0cb3f59e7e0d6d7af4&amp;smart=true&amp;width=768&amp;height=512&amp;quality=85\" media=\"(min-width: 768px)\" \/><source srcset=\"https:\/\/www.infobae.com\/resizer\/v2\/KTRWYEJRHVBFDLD7HISTFNE6NY.JPG?auth=6507ae9efddb50d61be40993a9f9602211bf1d5464b97b0cb3f59e7e0d6d7af4&amp;smart=true&amp;width=577&amp;height=385&amp;quality=85\" media=\"(min-width: 580px)\" \/><source srcset=\"https:\/\/www.infobae.com\/resizer\/v2\/KTRWYEJRHVBFDLD7HISTFNE6NY.JPG?auth=6507ae9efddb50d61be40993a9f9602211bf1d5464b97b0cb3f59e7e0d6d7af4&amp;smart=true&amp;width=420&amp;height=280&amp;quality=85\" media=\"(min-width: 350px)\" \/><source srcset=\"https:\/\/www.infobae.com\/resizer\/v2\/KTRWYEJRHVBFDLD7HISTFNE6NY.JPG?auth=6507ae9efddb50d61be40993a9f9602211bf1d5464b97b0cb3f59e7e0d6d7af4&amp;smart=true&amp;width=350&amp;height=233&amp;quality=85\" media=\"(min-width: 80px)\" \/><img loading=\"lazy\" decoding=\"async\" class=\"global-image\" src=\"https:\/\/www.infobae.com\/resizer\/v2\/KTRWYEJRHVBFDLD7HISTFNE6NY.JPG?auth=6507ae9efddb50d61be40993a9f9602211bf1d5464b97b0cb3f59e7e0d6d7af4&amp;smart=true&amp;width=350&amp;height=233&amp;quality=85\" alt=\"Diego Barbatto\" width=\"1200\" height=\"800\" \/><\/picture>Diego Barbatto<\/div>\n<p class=\"paragraph\" data-mrf-recirculation=\"Links inline\"><b>Polaco:\u00a0<\/b>\u2014Y&#8230; a mi viejo, obvio. Lo extra\u00f1o mucho al viejo. Fue un gran tipo. Como pudo me ense\u00f1\u00f3 la vida. Me dio las herramientas para que yo la pueda enfrentar lo mejor posible.<\/p>\n<p class=\"paragraph\" data-mrf-recirculation=\"Links inline\"><i><b>Fotos: Diego Barbatto<\/b><\/i><\/p>\n<p class=\"paragraph\" data-mrf-recirculation=\"Links inline\"><i><b>Producci\u00f3n texto: C\u00e9sar Litvak<\/b><\/i><\/p>\n<div class=\"second-saved-buttons\">\n<div class=\"body-share-note\"><\/div>\n<\/div>\n","protected":false},"excerpt":{"rendered":"<p>El popular cantante se anima al juego de Mi Cielo, un viaje donde habla con felicidad y orgullo de sus hijas, pero tambi\u00e9n afronta las partes m\u00e1s oscuras de su vida. De paso, anuncia el lanzamiento de su nuevo tema, \u201cYa no se enamora\u201d, en colaboraci\u00f3n con Ecko Ezequiel Iv\u00e1n Cwirkaluk\u00a0-para todos\u00a0El Polaco&#8211; es un [&hellip;]<\/p>\n","protected":false},"author":1,"featured_media":2077,"comment_status":"open","ping_status":"open","sticky":false,"template":"","format":"standard","meta":{"rop_custom_images_group":[],"rop_custom_messages_group":[],"rop_publish_now":"initial","rop_publish_now_accounts":[],"rop_publish_now_history":[],"rop_publish_now_status":"pending","footnotes":"","jetpack_publicize_message":"","jetpack_publicize_feature_enabled":true,"jetpack_social_post_already_shared":true,"jetpack_social_options":{"image_generator_settings":{"template":"highway","enabled":false},"version":2}},"categories":[12],"tags":[],"class_list":{"0":"post-2074","1":"post","2":"type-post","3":"status-publish","4":"format-standard","5":"has-post-thumbnail","7":"category-espectaculos"},"jetpack_publicize_connections":[],"yoast_head":"<!-- This site is optimized with the Yoast SEO plugin v27.3 - https:\/\/yoast.com\/product\/yoast-seo-wordpress\/ -->\n<title>El Polaco: \u201cMi abuela es una guerrera, la primera que confi\u00f3 en mi cuando yo ten\u00eda mi tecladito\u201d - CLAN ESPECTACULOS<\/title>\n<meta name=\"robots\" content=\"index, follow, max-snippet:-1, max-image-preview:large, max-video-preview:-1\" \/>\n<link rel=\"canonical\" href=\"https:\/\/radioclanfm.com\/clanespectaculos\/el-polaco-mi-abuela-es-una-guerrera-la-primera-que-confio-en-mi-cuando-yo-tenia-mi-tecladito\/\" \/>\n<meta property=\"og:locale\" content=\"es_ES\" \/>\n<meta property=\"og:type\" content=\"article\" \/>\n<meta property=\"og:title\" content=\"El Polaco: \u201cMi abuela es una guerrera, la primera que confi\u00f3 en mi cuando yo ten\u00eda mi tecladito\u201d - CLAN ESPECTACULOS\" \/>\n<meta property=\"og:description\" content=\"El popular cantante se anima al juego de Mi Cielo, un viaje donde habla con felicidad y orgullo de sus hijas, pero tambi\u00e9n afronta las partes m\u00e1s oscuras de su vida. De paso, anuncia el lanzamiento de su nuevo tema, \u201cYa no se enamora\u201d, en colaboraci\u00f3n con Ecko Ezequiel Iv\u00e1n Cwirkaluk\u00a0-para todos\u00a0El Polaco&#8211; es un [&hellip;]\" \/>\n<meta property=\"og:url\" content=\"https:\/\/radioclanfm.com\/clanespectaculos\/el-polaco-mi-abuela-es-una-guerrera-la-primera-que-confio-en-mi-cuando-yo-tenia-mi-tecladito\/\" \/>\n<meta property=\"og:site_name\" content=\"CLAN ESPECTACULOS\" \/>\n<meta property=\"article:publisher\" content=\"https:\/\/www.facebook.com\/clanespectaculos\/\" \/>\n<meta property=\"article:published_time\" content=\"2025-06-20T02:43:18+00:00\" \/>\n<meta property=\"og:image\" content=\"https:\/\/radioclanfm.com\/clanespectaculos\/wp-content\/uploads\/sites\/2\/2025\/06\/c81nFnlJ.jpg\" \/>\n\t<meta property=\"og:image:width\" content=\"900\" \/>\n\t<meta property=\"og:image:height\" content=\"450\" \/>\n\t<meta property=\"og:image:type\" content=\"image\/jpeg\" \/>\n<meta name=\"author\" content=\"E-GRUPOCLAN\" \/>\n<meta name=\"twitter:card\" content=\"summary_large_image\" \/>\n<meta name=\"twitter:creator\" content=\"@clanespectok\" \/>\n<meta name=\"twitter:site\" content=\"@clanespectok\" \/>\n<meta name=\"twitter:label1\" content=\"Escrito por\" \/>\n\t<meta name=\"twitter:data1\" content=\"E-GRUPOCLAN\" \/>\n\t<meta name=\"twitter:label2\" content=\"Tiempo de lectura\" \/>\n\t<meta name=\"twitter:data2\" content=\"7 minutos\" \/>\n<script type=\"application\/ld+json\" class=\"yoast-schema-graph\">{\"@context\":\"https:\\\/\\\/schema.org\",\"@graph\":[{\"@type\":\"Article\",\"@id\":\"https:\\\/\\\/radioclanfm.com\\\/clanespectaculos\\\/el-polaco-mi-abuela-es-una-guerrera-la-primera-que-confio-en-mi-cuando-yo-tenia-mi-tecladito\\\/#article\",\"isPartOf\":{\"@id\":\"https:\\\/\\\/radioclanfm.com\\\/clanespectaculos\\\/el-polaco-mi-abuela-es-una-guerrera-la-primera-que-confio-en-mi-cuando-yo-tenia-mi-tecladito\\\/\"},\"author\":{\"name\":\"E-GRUPOCLAN\",\"@id\":\"https:\\\/\\\/radioclanfm.com\\\/clanespectaculos\\\/#\\\/schema\\\/person\\\/9734813083303230f3ad84d99171b20c\"},\"headline\":\"El Polaco: \u201cMi abuela es una guerrera, la primera que confi\u00f3 en mi cuando yo ten\u00eda mi tecladito\u201d\",\"datePublished\":\"2025-06-20T02:43:18+00:00\",\"mainEntityOfPage\":{\"@id\":\"https:\\\/\\\/radioclanfm.com\\\/clanespectaculos\\\/el-polaco-mi-abuela-es-una-guerrera-la-primera-que-confio-en-mi-cuando-yo-tenia-mi-tecladito\\\/\"},\"wordCount\":1381,\"commentCount\":0,\"publisher\":{\"@id\":\"https:\\\/\\\/radioclanfm.com\\\/clanespectaculos\\\/#organization\"},\"image\":{\"@id\":\"https:\\\/\\\/radioclanfm.com\\\/clanespectaculos\\\/el-polaco-mi-abuela-es-una-guerrera-la-primera-que-confio-en-mi-cuando-yo-tenia-mi-tecladito\\\/#primaryimage\"},\"thumbnailUrl\":\"https:\\\/\\\/radioclanfm.com\\\/clanespectaculos\\\/wp-content\\\/uploads\\\/sites\\\/2\\\/2025\\\/06\\\/c81nFnlJ.jpg\",\"articleSection\":[\"Espectaculos\"],\"inLanguage\":\"es-AR\",\"potentialAction\":[{\"@type\":\"CommentAction\",\"name\":\"Comment\",\"target\":[\"https:\\\/\\\/radioclanfm.com\\\/clanespectaculos\\\/el-polaco-mi-abuela-es-una-guerrera-la-primera-que-confio-en-mi-cuando-yo-tenia-mi-tecladito\\\/#respond\"]}]},{\"@type\":\"WebPage\",\"@id\":\"https:\\\/\\\/radioclanfm.com\\\/clanespectaculos\\\/el-polaco-mi-abuela-es-una-guerrera-la-primera-que-confio-en-mi-cuando-yo-tenia-mi-tecladito\\\/\",\"url\":\"https:\\\/\\\/radioclanfm.com\\\/clanespectaculos\\\/el-polaco-mi-abuela-es-una-guerrera-la-primera-que-confio-en-mi-cuando-yo-tenia-mi-tecladito\\\/\",\"name\":\"El Polaco: \u201cMi abuela es una guerrera, la primera que confi\u00f3 en mi cuando yo ten\u00eda mi tecladito\u201d - CLAN ESPECTACULOS\",\"isPartOf\":{\"@id\":\"https:\\\/\\\/radioclanfm.com\\\/clanespectaculos\\\/#website\"},\"primaryImageOfPage\":{\"@id\":\"https:\\\/\\\/radioclanfm.com\\\/clanespectaculos\\\/el-polaco-mi-abuela-es-una-guerrera-la-primera-que-confio-en-mi-cuando-yo-tenia-mi-tecladito\\\/#primaryimage\"},\"image\":{\"@id\":\"https:\\\/\\\/radioclanfm.com\\\/clanespectaculos\\\/el-polaco-mi-abuela-es-una-guerrera-la-primera-que-confio-en-mi-cuando-yo-tenia-mi-tecladito\\\/#primaryimage\"},\"thumbnailUrl\":\"https:\\\/\\\/radioclanfm.com\\\/clanespectaculos\\\/wp-content\\\/uploads\\\/sites\\\/2\\\/2025\\\/06\\\/c81nFnlJ.jpg\",\"datePublished\":\"2025-06-20T02:43:18+00:00\",\"breadcrumb\":{\"@id\":\"https:\\\/\\\/radioclanfm.com\\\/clanespectaculos\\\/el-polaco-mi-abuela-es-una-guerrera-la-primera-que-confio-en-mi-cuando-yo-tenia-mi-tecladito\\\/#breadcrumb\"},\"inLanguage\":\"es-AR\",\"potentialAction\":[{\"@type\":\"ReadAction\",\"target\":[\"https:\\\/\\\/radioclanfm.com\\\/clanespectaculos\\\/el-polaco-mi-abuela-es-una-guerrera-la-primera-que-confio-en-mi-cuando-yo-tenia-mi-tecladito\\\/\"]}]},{\"@type\":\"ImageObject\",\"inLanguage\":\"es-AR\",\"@id\":\"https:\\\/\\\/radioclanfm.com\\\/clanespectaculos\\\/el-polaco-mi-abuela-es-una-guerrera-la-primera-que-confio-en-mi-cuando-yo-tenia-mi-tecladito\\\/#primaryimage\",\"url\":\"https:\\\/\\\/radioclanfm.com\\\/clanespectaculos\\\/wp-content\\\/uploads\\\/sites\\\/2\\\/2025\\\/06\\\/c81nFnlJ.jpg\",\"contentUrl\":\"https:\\\/\\\/radioclanfm.com\\\/clanespectaculos\\\/wp-content\\\/uploads\\\/sites\\\/2\\\/2025\\\/06\\\/c81nFnlJ.jpg\",\"width\":900,\"height\":450},{\"@type\":\"BreadcrumbList\",\"@id\":\"https:\\\/\\\/radioclanfm.com\\\/clanespectaculos\\\/el-polaco-mi-abuela-es-una-guerrera-la-primera-que-confio-en-mi-cuando-yo-tenia-mi-tecladito\\\/#breadcrumb\",\"itemListElement\":[{\"@type\":\"ListItem\",\"position\":1,\"name\":\"Inicio\",\"item\":\"https:\\\/\\\/radioclanfm.com\\\/clanespectaculos\\\/\"},{\"@type\":\"ListItem\",\"position\":2,\"name\":\"El Polaco: \u201cMi abuela es una guerrera, la primera que confi\u00f3 en mi cuando yo ten\u00eda mi tecladito\u201d\"}]},{\"@type\":\"WebSite\",\"@id\":\"https:\\\/\\\/radioclanfm.com\\\/clanespectaculos\\\/#website\",\"url\":\"https:\\\/\\\/radioclanfm.com\\\/clanespectaculos\\\/\",\"name\":\"CLAN ESPECTACULOS\",\"description\":\"\",\"publisher\":{\"@id\":\"https:\\\/\\\/radioclanfm.com\\\/clanespectaculos\\\/#organization\"},\"potentialAction\":[{\"@type\":\"SearchAction\",\"target\":{\"@type\":\"EntryPoint\",\"urlTemplate\":\"https:\\\/\\\/radioclanfm.com\\\/clanespectaculos\\\/?s={search_term_string}\"},\"query-input\":{\"@type\":\"PropertyValueSpecification\",\"valueRequired\":true,\"valueName\":\"search_term_string\"}}],\"inLanguage\":\"es-AR\"},{\"@type\":\"Organization\",\"@id\":\"https:\\\/\\\/radioclanfm.com\\\/clanespectaculos\\\/#organization\",\"name\":\"CLAN ESPECTACULOS\",\"url\":\"https:\\\/\\\/radioclanfm.com\\\/clanespectaculos\\\/\",\"logo\":{\"@type\":\"ImageObject\",\"inLanguage\":\"es-AR\",\"@id\":\"https:\\\/\\\/radioclanfm.com\\\/clanespectaculos\\\/#\\\/schema\\\/logo\\\/image\\\/\",\"url\":\"https:\\\/\\\/radioclanfm.com\\\/clanespectaculos\\\/wp-content\\\/uploads\\\/sites\\\/2\\\/2026\\\/04\\\/ChatGPT-Image-23-mar-2026-10_09_00.png\",\"contentUrl\":\"https:\\\/\\\/radioclanfm.com\\\/clanespectaculos\\\/wp-content\\\/uploads\\\/sites\\\/2\\\/2026\\\/04\\\/ChatGPT-Image-23-mar-2026-10_09_00.png\",\"width\":1024,\"height\":1024,\"caption\":\"CLAN ESPECTACULOS\"},\"image\":{\"@id\":\"https:\\\/\\\/radioclanfm.com\\\/clanespectaculos\\\/#\\\/schema\\\/logo\\\/image\\\/\"},\"sameAs\":[\"https:\\\/\\\/www.facebook.com\\\/clanespectaculos\\\/\",\"https:\\\/\\\/x.com\\\/clanespectok\"]},{\"@type\":\"Person\",\"@id\":\"https:\\\/\\\/radioclanfm.com\\\/clanespectaculos\\\/#\\\/schema\\\/person\\\/9734813083303230f3ad84d99171b20c\",\"name\":\"E-GRUPOCLAN\",\"image\":{\"@type\":\"ImageObject\",\"inLanguage\":\"es-AR\",\"@id\":\"https:\\\/\\\/secure.gravatar.com\\\/avatar\\\/af6e19837c3d6a212034a48c7b3818d2ac1826f6025df0155da5a186ad321d79?s=96&d=mm&r=g\",\"url\":\"https:\\\/\\\/secure.gravatar.com\\\/avatar\\\/af6e19837c3d6a212034a48c7b3818d2ac1826f6025df0155da5a186ad321d79?s=96&d=mm&r=g\",\"contentUrl\":\"https:\\\/\\\/secure.gravatar.com\\\/avatar\\\/af6e19837c3d6a212034a48c7b3818d2ac1826f6025df0155da5a186ad321d79?s=96&d=mm&r=g\",\"caption\":\"E-GRUPOCLAN\"},\"sameAs\":[\"https:\\\/\\\/radioclanfm.com\"],\"url\":\"https:\\\/\\\/radioclanfm.com\\\/clanespectaculos\\\/author\\\/admin\\\/\"}]}<\/script>\n<!-- \/ Yoast SEO plugin. -->","yoast_head_json":{"title":"El Polaco: \u201cMi abuela es una guerrera, la primera que confi\u00f3 en mi cuando yo ten\u00eda mi tecladito\u201d - CLAN ESPECTACULOS","robots":{"index":"index","follow":"follow","max-snippet":"max-snippet:-1","max-image-preview":"max-image-preview:large","max-video-preview":"max-video-preview:-1"},"canonical":"https:\/\/radioclanfm.com\/clanespectaculos\/el-polaco-mi-abuela-es-una-guerrera-la-primera-que-confio-en-mi-cuando-yo-tenia-mi-tecladito\/","og_locale":"es_ES","og_type":"article","og_title":"El Polaco: \u201cMi abuela es una guerrera, la primera que confi\u00f3 en mi cuando yo ten\u00eda mi tecladito\u201d - CLAN ESPECTACULOS","og_description":"El popular cantante se anima al juego de Mi Cielo, un viaje donde habla con felicidad y orgullo de sus hijas, pero tambi\u00e9n afronta las partes m\u00e1s oscuras de su vida. De paso, anuncia el lanzamiento de su nuevo tema, \u201cYa no se enamora\u201d, en colaboraci\u00f3n con Ecko Ezequiel Iv\u00e1n Cwirkaluk\u00a0-para todos\u00a0El Polaco&#8211; es un [&hellip;]","og_url":"https:\/\/radioclanfm.com\/clanespectaculos\/el-polaco-mi-abuela-es-una-guerrera-la-primera-que-confio-en-mi-cuando-yo-tenia-mi-tecladito\/","og_site_name":"CLAN ESPECTACULOS","article_publisher":"https:\/\/www.facebook.com\/clanespectaculos\/","article_published_time":"2025-06-20T02:43:18+00:00","og_image":[{"width":900,"height":450,"url":"https:\/\/radioclanfm.com\/clanespectaculos\/wp-content\/uploads\/sites\/2\/2025\/06\/c81nFnlJ.jpg","type":"image\/jpeg"}],"author":"E-GRUPOCLAN","twitter_card":"summary_large_image","twitter_creator":"@clanespectok","twitter_site":"@clanespectok","twitter_misc":{"Escrito por":"E-GRUPOCLAN","Tiempo de lectura":"7 minutos"},"schema":{"@context":"https:\/\/schema.org","@graph":[{"@type":"Article","@id":"https:\/\/radioclanfm.com\/clanespectaculos\/el-polaco-mi-abuela-es-una-guerrera-la-primera-que-confio-en-mi-cuando-yo-tenia-mi-tecladito\/#article","isPartOf":{"@id":"https:\/\/radioclanfm.com\/clanespectaculos\/el-polaco-mi-abuela-es-una-guerrera-la-primera-que-confio-en-mi-cuando-yo-tenia-mi-tecladito\/"},"author":{"name":"E-GRUPOCLAN","@id":"https:\/\/radioclanfm.com\/clanespectaculos\/#\/schema\/person\/9734813083303230f3ad84d99171b20c"},"headline":"El Polaco: \u201cMi abuela es una guerrera, la primera que confi\u00f3 en mi cuando yo ten\u00eda mi tecladito\u201d","datePublished":"2025-06-20T02:43:18+00:00","mainEntityOfPage":{"@id":"https:\/\/radioclanfm.com\/clanespectaculos\/el-polaco-mi-abuela-es-una-guerrera-la-primera-que-confio-en-mi-cuando-yo-tenia-mi-tecladito\/"},"wordCount":1381,"commentCount":0,"publisher":{"@id":"https:\/\/radioclanfm.com\/clanespectaculos\/#organization"},"image":{"@id":"https:\/\/radioclanfm.com\/clanespectaculos\/el-polaco-mi-abuela-es-una-guerrera-la-primera-que-confio-en-mi-cuando-yo-tenia-mi-tecladito\/#primaryimage"},"thumbnailUrl":"https:\/\/radioclanfm.com\/clanespectaculos\/wp-content\/uploads\/sites\/2\/2025\/06\/c81nFnlJ.jpg","articleSection":["Espectaculos"],"inLanguage":"es-AR","potentialAction":[{"@type":"CommentAction","name":"Comment","target":["https:\/\/radioclanfm.com\/clanespectaculos\/el-polaco-mi-abuela-es-una-guerrera-la-primera-que-confio-en-mi-cuando-yo-tenia-mi-tecladito\/#respond"]}]},{"@type":"WebPage","@id":"https:\/\/radioclanfm.com\/clanespectaculos\/el-polaco-mi-abuela-es-una-guerrera-la-primera-que-confio-en-mi-cuando-yo-tenia-mi-tecladito\/","url":"https:\/\/radioclanfm.com\/clanespectaculos\/el-polaco-mi-abuela-es-una-guerrera-la-primera-que-confio-en-mi-cuando-yo-tenia-mi-tecladito\/","name":"El Polaco: \u201cMi abuela es una guerrera, la primera que confi\u00f3 en mi cuando yo ten\u00eda mi tecladito\u201d - CLAN ESPECTACULOS","isPartOf":{"@id":"https:\/\/radioclanfm.com\/clanespectaculos\/#website"},"primaryImageOfPage":{"@id":"https:\/\/radioclanfm.com\/clanespectaculos\/el-polaco-mi-abuela-es-una-guerrera-la-primera-que-confio-en-mi-cuando-yo-tenia-mi-tecladito\/#primaryimage"},"image":{"@id":"https:\/\/radioclanfm.com\/clanespectaculos\/el-polaco-mi-abuela-es-una-guerrera-la-primera-que-confio-en-mi-cuando-yo-tenia-mi-tecladito\/#primaryimage"},"thumbnailUrl":"https:\/\/radioclanfm.com\/clanespectaculos\/wp-content\/uploads\/sites\/2\/2025\/06\/c81nFnlJ.jpg","datePublished":"2025-06-20T02:43:18+00:00","breadcrumb":{"@id":"https:\/\/radioclanfm.com\/clanespectaculos\/el-polaco-mi-abuela-es-una-guerrera-la-primera-que-confio-en-mi-cuando-yo-tenia-mi-tecladito\/#breadcrumb"},"inLanguage":"es-AR","potentialAction":[{"@type":"ReadAction","target":["https:\/\/radioclanfm.com\/clanespectaculos\/el-polaco-mi-abuela-es-una-guerrera-la-primera-que-confio-en-mi-cuando-yo-tenia-mi-tecladito\/"]}]},{"@type":"ImageObject","inLanguage":"es-AR","@id":"https:\/\/radioclanfm.com\/clanespectaculos\/el-polaco-mi-abuela-es-una-guerrera-la-primera-que-confio-en-mi-cuando-yo-tenia-mi-tecladito\/#primaryimage","url":"https:\/\/radioclanfm.com\/clanespectaculos\/wp-content\/uploads\/sites\/2\/2025\/06\/c81nFnlJ.jpg","contentUrl":"https:\/\/radioclanfm.com\/clanespectaculos\/wp-content\/uploads\/sites\/2\/2025\/06\/c81nFnlJ.jpg","width":900,"height":450},{"@type":"BreadcrumbList","@id":"https:\/\/radioclanfm.com\/clanespectaculos\/el-polaco-mi-abuela-es-una-guerrera-la-primera-que-confio-en-mi-cuando-yo-tenia-mi-tecladito\/#breadcrumb","itemListElement":[{"@type":"ListItem","position":1,"name":"Inicio","item":"https:\/\/radioclanfm.com\/clanespectaculos\/"},{"@type":"ListItem","position":2,"name":"El Polaco: \u201cMi abuela es una guerrera, la primera que confi\u00f3 en mi cuando yo ten\u00eda mi tecladito\u201d"}]},{"@type":"WebSite","@id":"https:\/\/radioclanfm.com\/clanespectaculos\/#website","url":"https:\/\/radioclanfm.com\/clanespectaculos\/","name":"CLAN ESPECTACULOS","description":"","publisher":{"@id":"https:\/\/radioclanfm.com\/clanespectaculos\/#organization"},"potentialAction":[{"@type":"SearchAction","target":{"@type":"EntryPoint","urlTemplate":"https:\/\/radioclanfm.com\/clanespectaculos\/?s={search_term_string}"},"query-input":{"@type":"PropertyValueSpecification","valueRequired":true,"valueName":"search_term_string"}}],"inLanguage":"es-AR"},{"@type":"Organization","@id":"https:\/\/radioclanfm.com\/clanespectaculos\/#organization","name":"CLAN ESPECTACULOS","url":"https:\/\/radioclanfm.com\/clanespectaculos\/","logo":{"@type":"ImageObject","inLanguage":"es-AR","@id":"https:\/\/radioclanfm.com\/clanespectaculos\/#\/schema\/logo\/image\/","url":"https:\/\/radioclanfm.com\/clanespectaculos\/wp-content\/uploads\/sites\/2\/2026\/04\/ChatGPT-Image-23-mar-2026-10_09_00.png","contentUrl":"https:\/\/radioclanfm.com\/clanespectaculos\/wp-content\/uploads\/sites\/2\/2026\/04\/ChatGPT-Image-23-mar-2026-10_09_00.png","width":1024,"height":1024,"caption":"CLAN ESPECTACULOS"},"image":{"@id":"https:\/\/radioclanfm.com\/clanespectaculos\/#\/schema\/logo\/image\/"},"sameAs":["https:\/\/www.facebook.com\/clanespectaculos\/","https:\/\/x.com\/clanespectok"]},{"@type":"Person","@id":"https:\/\/radioclanfm.com\/clanespectaculos\/#\/schema\/person\/9734813083303230f3ad84d99171b20c","name":"E-GRUPOCLAN","image":{"@type":"ImageObject","inLanguage":"es-AR","@id":"https:\/\/secure.gravatar.com\/avatar\/af6e19837c3d6a212034a48c7b3818d2ac1826f6025df0155da5a186ad321d79?s=96&d=mm&r=g","url":"https:\/\/secure.gravatar.com\/avatar\/af6e19837c3d6a212034a48c7b3818d2ac1826f6025df0155da5a186ad321d79?s=96&d=mm&r=g","contentUrl":"https:\/\/secure.gravatar.com\/avatar\/af6e19837c3d6a212034a48c7b3818d2ac1826f6025df0155da5a186ad321d79?s=96&d=mm&r=g","caption":"E-GRUPOCLAN"},"sameAs":["https:\/\/radioclanfm.com"],"url":"https:\/\/radioclanfm.com\/clanespectaculos\/author\/admin\/"}]}},"_links":{"self":[{"href":"https:\/\/radioclanfm.com\/clanespectaculos\/wp-json\/wp\/v2\/posts\/2074","targetHints":{"allow":["GET"]}}],"collection":[{"href":"https:\/\/radioclanfm.com\/clanespectaculos\/wp-json\/wp\/v2\/posts"}],"about":[{"href":"https:\/\/radioclanfm.com\/clanespectaculos\/wp-json\/wp\/v2\/types\/post"}],"author":[{"embeddable":true,"href":"https:\/\/radioclanfm.com\/clanespectaculos\/wp-json\/wp\/v2\/users\/1"}],"replies":[{"embeddable":true,"href":"https:\/\/radioclanfm.com\/clanespectaculos\/wp-json\/wp\/v2\/comments?post=2074"}],"version-history":[{"count":1,"href":"https:\/\/radioclanfm.com\/clanespectaculos\/wp-json\/wp\/v2\/posts\/2074\/revisions"}],"predecessor-version":[{"id":2078,"href":"https:\/\/radioclanfm.com\/clanespectaculos\/wp-json\/wp\/v2\/posts\/2074\/revisions\/2078"}],"wp:featuredmedia":[{"embeddable":true,"href":"https:\/\/radioclanfm.com\/clanespectaculos\/wp-json\/wp\/v2\/media\/2077"}],"wp:attachment":[{"href":"https:\/\/radioclanfm.com\/clanespectaculos\/wp-json\/wp\/v2\/media?parent=2074"}],"wp:term":[{"taxonomy":"category","embeddable":true,"href":"https:\/\/radioclanfm.com\/clanespectaculos\/wp-json\/wp\/v2\/categories?post=2074"},{"taxonomy":"post_tag","embeddable":true,"href":"https:\/\/radioclanfm.com\/clanespectaculos\/wp-json\/wp\/v2\/tags?post=2074"}],"curies":[{"name":"wp","href":"https:\/\/api.w.org\/{rel}","templated":true}]}}