{"id":2069,"date":"2025-06-19T23:41:53","date_gmt":"2025-06-20T02:41:53","guid":{"rendered":"https:\/\/radioclanfm.com\/clanespectaculos\/?p=2069"},"modified":"2025-06-19T23:41:53","modified_gmt":"2025-06-20T02:41:53","slug":"entre-besos-abrazos-y-gritos-ca7riel-paco-amoroso-festejaron-el-gardel-de-oro-siempre-fuimos-amigos-y-apostamos-a-esto","status":"publish","type":"post","link":"https:\/\/radioclanfm.com\/clanespectaculos\/entre-besos-abrazos-y-gritos-ca7riel-paco-amoroso-festejaron-el-gardel-de-oro-siempre-fuimos-amigos-y-apostamos-a-esto\/","title":{"rendered":"Entre besos, abrazos y gritos, Ca7riel &#038; Paco Amoroso festejaron el Gardel de Oro: \u201cSiempre fuimos amigos y apostamos a esto\u201d"},"content":{"rendered":"<p>El exitoso d\u00fao se alz\u00f3 con el m\u00e1ximo galard\u00f3n en la ceremonia que se realiz\u00f3 en el Teatro Coliseo. Adem\u00e1s, los cantantes recordaron sus inicios y destacaron su v\u00ednculo a trav\u00e9s de los a\u00f1os<\/p>\n<p class=\"paragraph\" data-mrf-recirculation=\"Links inline\">Despu\u00e9s de su impactante y disruptiva entrada al Teatro Coliseo, y luego de obtener numerosas estatuillas en los\u00a0<b>Premios Gardel<\/b>,\u00a0<b>Ca7riel &amp; Paco Amoroso\u00a0<\/b>cerraron su noche en lo m\u00e1s alto. Luego de mucha expectativa, y tras el \u00e9xito internacional que obtuvieron con su Tiny Desk, su show en Lollapalooza, Coachella y su gira, los j\u00f3venes se alzaron este mi\u00e9rcoles con el m\u00e1ximo premio de la m\u00fasica argentina: el Gardel de Oro.<\/p>\n<div class=\"news-module\" data-mrf-recirculation=\"IL_Ct0zZTd2RqSjHGMXsLzz7w\" data-testid=\"text-html\" data-mrf-experience=\"IL_Ct0zZTd2RqSjHGMXsLzz7w\">\n<div class=\"recommended-card__image-container\"><\/div>\n<\/div>\n<p class=\"paragraph\" data-mrf-recirculation=\"Links inline\">Fiel a su estilo irreverente, el ingreso de Ca7riel &amp; Paco Amoroso fue diferente a cualquier otro. Minutos antes de que comenzara la ceremonia, los j\u00f3venes dijeron presente en la alfombra roja acompa\u00f1ados por sus dobles, sus doppelganger, quienes estaban lookeados como los cantantes en el Tiny Desk.<\/p>\n<div class=\"visual__image\"><picture><source srcset=\"https:\/\/www.infobae.com\/resizer\/v2\/FGJGUUEE25GBFHMZ5TBSD4KNY4.JPG?auth=4869c0e607810332c41208b666f3b911414099b052b1cab73b8a1fdba6998b1b&amp;smart=true&amp;width=992&amp;height=661&amp;quality=85\" media=\"(min-width: 1000px)\" \/><source srcset=\"https:\/\/www.infobae.com\/resizer\/v2\/FGJGUUEE25GBFHMZ5TBSD4KNY4.JPG?auth=4869c0e607810332c41208b666f3b911414099b052b1cab73b8a1fdba6998b1b&amp;smart=true&amp;width=768&amp;height=512&amp;quality=85\" media=\"(min-width: 768px)\" \/><source srcset=\"https:\/\/www.infobae.com\/resizer\/v2\/FGJGUUEE25GBFHMZ5TBSD4KNY4.JPG?auth=4869c0e607810332c41208b666f3b911414099b052b1cab73b8a1fdba6998b1b&amp;smart=true&amp;width=577&amp;height=385&amp;quality=85\" media=\"(min-width: 580px)\" \/><source srcset=\"https:\/\/www.infobae.com\/resizer\/v2\/FGJGUUEE25GBFHMZ5TBSD4KNY4.JPG?auth=4869c0e607810332c41208b666f3b911414099b052b1cab73b8a1fdba6998b1b&amp;smart=true&amp;width=420&amp;height=280&amp;quality=85\" media=\"(min-width: 350px)\" \/><source srcset=\"https:\/\/www.infobae.com\/resizer\/v2\/FGJGUUEE25GBFHMZ5TBSD4KNY4.JPG?auth=4869c0e607810332c41208b666f3b911414099b052b1cab73b8a1fdba6998b1b&amp;smart=true&amp;width=350&amp;height=233&amp;quality=85\" media=\"(min-width: 80px)\" \/><img loading=\"lazy\" decoding=\"async\" class=\"global-image\" src=\"https:\/\/www.infobae.com\/resizer\/v2\/FGJGUUEE25GBFHMZ5TBSD4KNY4.JPG?auth=4869c0e607810332c41208b666f3b911414099b052b1cab73b8a1fdba6998b1b&amp;smart=true&amp;width=350&amp;height=233&amp;quality=85\" alt=\"Ca7riel &amp; Paco Amoroso subieron\" width=\"1920\" height=\"1280\" \/><\/picture>Ca7riel &amp; Paco Amoroso subieron al escenario junto a sus dobles (Prensa Premios Gardel)<\/div>\n<div class=\"visual__image\"><picture><source srcset=\"https:\/\/www.infobae.com\/resizer\/v2\/35C6DSQVTVBAVMNOLDAYXC3FCY.JPG?auth=c455e0ba1c2dcbb47a2ca42c1a2dc4a53978ee404c7ad9662a03c0833f1c2f85&amp;smart=true&amp;width=992&amp;height=661&amp;quality=85\" media=\"(min-width: 1000px)\" \/><source srcset=\"https:\/\/www.infobae.com\/resizer\/v2\/35C6DSQVTVBAVMNOLDAYXC3FCY.JPG?auth=c455e0ba1c2dcbb47a2ca42c1a2dc4a53978ee404c7ad9662a03c0833f1c2f85&amp;smart=true&amp;width=768&amp;height=512&amp;quality=85\" media=\"(min-width: 768px)\" \/><source srcset=\"https:\/\/www.infobae.com\/resizer\/v2\/35C6DSQVTVBAVMNOLDAYXC3FCY.JPG?auth=c455e0ba1c2dcbb47a2ca42c1a2dc4a53978ee404c7ad9662a03c0833f1c2f85&amp;smart=true&amp;width=577&amp;height=385&amp;quality=85\" media=\"(min-width: 580px)\" \/><source srcset=\"https:\/\/www.infobae.com\/resizer\/v2\/35C6DSQVTVBAVMNOLDAYXC3FCY.JPG?auth=c455e0ba1c2dcbb47a2ca42c1a2dc4a53978ee404c7ad9662a03c0833f1c2f85&amp;smart=true&amp;width=420&amp;height=280&amp;quality=85\" media=\"(min-width: 350px)\" \/><source srcset=\"https:\/\/www.infobae.com\/resizer\/v2\/35C6DSQVTVBAVMNOLDAYXC3FCY.JPG?auth=c455e0ba1c2dcbb47a2ca42c1a2dc4a53978ee404c7ad9662a03c0833f1c2f85&amp;smart=true&amp;width=350&amp;height=233&amp;quality=85\" media=\"(min-width: 80px)\" \/><img loading=\"lazy\" decoding=\"async\" class=\"global-image\" src=\"https:\/\/www.infobae.com\/resizer\/v2\/35C6DSQVTVBAVMNOLDAYXC3FCY.JPG?auth=c455e0ba1c2dcbb47a2ca42c1a2dc4a53978ee404c7ad9662a03c0833f1c2f85&amp;smart=true&amp;width=350&amp;height=233&amp;quality=85\" alt=\"La amistad y el trabajo\" width=\"1920\" height=\"1280\" \/><\/picture>La amistad y el trabajo conjunto desde la infancia, claves en el discurso de agradecimiento de los artistas (Prensa Premios Gardel)<\/div>\n<div class=\"inline ad-wrapper\">\n<div class=\"dfpAd ad-inline\">\n<div id=\"infobae\/teleshow\/nota\/inline\" class=\"infobae\/teleshow\/nota\/inline arcad\" data-google-query-id=\"CK_c6tj8_o0DFUqDYQYdfyYoGQ\">\n<div id=\"google_ads_iframe_\/1058609\/infobae\/teleshow\/nota\/inline_0__container__\"><\/div>\n<\/div>\n<\/div>\n<\/div>\n<p class=\"paragraph\" data-mrf-recirculation=\"Links inline\">\u201cHay multiversos que van quedando, de repente uno se queda atrapado en cosas, lo importante es estar rodeado de amigos. Llegamos a donde llegamos porque nacimos en Argentina y eso hay que agradecerlo\u201d, expres\u00f3 el doble de Paco, respecto a su \u00e9xito, en di\u00e1logo con\u00a0<b>Teleshow<\/b>.<\/p>\n<div class=\"news-module\" data-mrf-recirculation=\"IL_RjJ8XQ94SCCdND4VX9YvyQ\" data-testid=\"text-html\" data-mrf-experience=\"IL_RjJ8XQ94SCCdND4VX9YvyQ\">\n<div class=\"recommended-card__image-container\"><\/div>\n<\/div>\n<p class=\"paragraph\" data-mrf-recirculation=\"Links inline\">Fue entonces cuando intervino el verdadero Ca7riel, y expres\u00f3 ante las preguntas: \u201cChicos, \u00bflos est\u00e1n molestando?\u201d. R\u00e1pidamente, los dobles dijeron: \u201cLa prensa siempre es buena, buena gente\u201d.<\/p>\n<div class=\"visual__image\"><picture><source srcset=\"https:\/\/www.infobae.com\/resizer\/v2\/B62KCBLAMRHVDJ6ZINJESJBUOI.JPG?auth=175d5b74e8e9ae15efec53ceb04bd57489f6067f7ee8048b20585e879e598659&amp;smart=true&amp;width=992&amp;height=661&amp;quality=85\" media=\"(min-width: 1000px)\" \/><source srcset=\"https:\/\/www.infobae.com\/resizer\/v2\/B62KCBLAMRHVDJ6ZINJESJBUOI.JPG?auth=175d5b74e8e9ae15efec53ceb04bd57489f6067f7ee8048b20585e879e598659&amp;smart=true&amp;width=768&amp;height=512&amp;quality=85\" media=\"(min-width: 768px)\" \/><source srcset=\"https:\/\/www.infobae.com\/resizer\/v2\/B62KCBLAMRHVDJ6ZINJESJBUOI.JPG?auth=175d5b74e8e9ae15efec53ceb04bd57489f6067f7ee8048b20585e879e598659&amp;smart=true&amp;width=577&amp;height=385&amp;quality=85\" media=\"(min-width: 580px)\" \/><source srcset=\"https:\/\/www.infobae.com\/resizer\/v2\/B62KCBLAMRHVDJ6ZINJESJBUOI.JPG?auth=175d5b74e8e9ae15efec53ceb04bd57489f6067f7ee8048b20585e879e598659&amp;smart=true&amp;width=420&amp;height=280&amp;quality=85\" media=\"(min-width: 350px)\" \/><source srcset=\"https:\/\/www.infobae.com\/resizer\/v2\/B62KCBLAMRHVDJ6ZINJESJBUOI.JPG?auth=175d5b74e8e9ae15efec53ceb04bd57489f6067f7ee8048b20585e879e598659&amp;smart=true&amp;width=350&amp;height=233&amp;quality=85\" media=\"(min-width: 80px)\" \/><img loading=\"lazy\" decoding=\"async\" class=\"global-image\" src=\"https:\/\/www.infobae.com\/resizer\/v2\/B62KCBLAMRHVDJ6ZINJESJBUOI.JPG?auth=175d5b74e8e9ae15efec53ceb04bd57489f6067f7ee8048b20585e879e598659&amp;smart=true&amp;width=350&amp;height=233&amp;quality=85\" alt=\"La palabra de Ca7riel &amp;\" width=\"1920\" height=\"1280\" \/><\/picture>La palabra de Ca7riel &amp; Paco Amoroso luego de ganar el Gardel de Oro: &#8220;El premio nos hace dar cuenta que todo vali\u00f3 la pena&#8221; (Prensa Premios Gardel)<\/div>\n<div class=\"inline_2_DSK ad-wrapper ad-desktop\">\n<div class=\"dfpAd ad-inline\">\n<div id=\"infobae\/teleshow\/nota\/inline_2_DSK\" class=\"infobae\/teleshow\/nota\/inline_2_DSK arcad\" data-google-query-id=\"CJ2Oud38_o0DFUY9uQYd2q83TA\">\n<div id=\"google_ads_iframe_\/1058609\/infobae\/teleshow\/nota\/inline_2_DSK_0__container__\"><\/div>\n<\/div>\n<\/div>\n<\/div>\n<p class=\"paragraph\" data-mrf-recirculation=\"Links inline\">Mientras los m\u00fasicos recorr\u00edan la alfombra, David Leb\u00f3n corri\u00f3 a su encuentro. Al percatarse, el cantante del d\u00fao abraz\u00f3 el exintegrante de Pescado Rabioso y ambos mostraron su cari\u00f1o con fuerza. En ese momento, Leb\u00f3n los felicit\u00f3 por su \u00e9xito y les dese\u00f3 suerte en su carrera.<\/p>\n<div class=\"news-module\" data-mrf-recirculation=\"IL_wPVu_IE4S76a5Gsl0lX8mA\" data-testid=\"text-html\" data-mrf-experience=\"IL_wPVu_IE4S76a5Gsl0lX8mA\">\n<div class=\"recommended-card__image-container\"><\/div>\n<\/div>\n<p class=\"paragraph\" data-mrf-recirculation=\"Links inline\">A lo largo de la noche, el d\u00fao se destac\u00f3 en cada categor\u00eda en la que particip\u00f3: \u00c1lbum del A\u00f1o, Mejor Colaboraci\u00f3n Urbana, Ingenier\u00eda de Grabaci\u00f3n, Mejor Colaboraci\u00f3n, Mejor \u00c1lbum Pop Urbano y Mejor \u00c1lbum en vivo.<\/p>\n<div class=\"visual__image\"><picture><source srcset=\"https:\/\/www.infobae.com\/resizer\/v2\/Y2WEO65IY5G6ZKTKC24TEPJI7I.JPG?auth=7c18c62859e2cd8b33381f7265841beaff5ca091d4af58d92c6d97fdca06de51&amp;smart=true&amp;width=992&amp;height=661&amp;quality=85\" media=\"(min-width: 1000px)\" \/><source srcset=\"https:\/\/www.infobae.com\/resizer\/v2\/Y2WEO65IY5G6ZKTKC24TEPJI7I.JPG?auth=7c18c62859e2cd8b33381f7265841beaff5ca091d4af58d92c6d97fdca06de51&amp;smart=true&amp;width=768&amp;height=512&amp;quality=85\" media=\"(min-width: 768px)\" \/><source srcset=\"https:\/\/www.infobae.com\/resizer\/v2\/Y2WEO65IY5G6ZKTKC24TEPJI7I.JPG?auth=7c18c62859e2cd8b33381f7265841beaff5ca091d4af58d92c6d97fdca06de51&amp;smart=true&amp;width=577&amp;height=385&amp;quality=85\" media=\"(min-width: 580px)\" \/><source srcset=\"https:\/\/www.infobae.com\/resizer\/v2\/Y2WEO65IY5G6ZKTKC24TEPJI7I.JPG?auth=7c18c62859e2cd8b33381f7265841beaff5ca091d4af58d92c6d97fdca06de51&amp;smart=true&amp;width=420&amp;height=280&amp;quality=85\" media=\"(min-width: 350px)\" \/><source srcset=\"https:\/\/www.infobae.com\/resizer\/v2\/Y2WEO65IY5G6ZKTKC24TEPJI7I.JPG?auth=7c18c62859e2cd8b33381f7265841beaff5ca091d4af58d92c6d97fdca06de51&amp;smart=true&amp;width=350&amp;height=233&amp;quality=85\" media=\"(min-width: 80px)\" \/><img loading=\"lazy\" decoding=\"async\" class=\"global-image\" src=\"https:\/\/www.infobae.com\/resizer\/v2\/Y2WEO65IY5G6ZKTKC24TEPJI7I.JPG?auth=7c18c62859e2cd8b33381f7265841beaff5ca091d4af58d92c6d97fdca06de51&amp;smart=true&amp;width=350&amp;height=233&amp;quality=85\" alt=\"Ca7riel &amp; Paco Amoroso ganaron\" width=\"1920\" height=\"1280\" \/><\/picture>Ca7riel &amp; Paco Amoroso ganaron el Gardel de Oro tras una noche hist\u00f3rica en el Teatro Coliseo (Prensa Premios Gardel)<\/div>\n<p class=\"paragraph\" data-mrf-recirculation=\"Links inline\">As\u00ed las cosas, cuando el reloj marc\u00f3 las 10.45, la ceremonia se dispuso a entregar la estatuilla m\u00e1s deseada. Luego de un momento de suspenso, la conductora anunci\u00f3 el triunfo de los j\u00f3venes, provocando su delirio. Al escuchar su nombre, los artistas se pusieron de pie, alzaron los brazos y comenzaron de cara a los fans que se encontraban en las plateas.<\/p>\n<p class=\"paragraph\" data-mrf-recirculation=\"Links inline\">\u201cLanzaron su primer single en el 2018. Talentosos, estudiosos, irreverentes, brillantes, aplaudidos en el mundo\u201d, expres\u00f3 la conductora mientras los m\u00fasicos sub\u00edan al escenario para agradecer su premio.<\/p>\n<div class=\"visual__image\"><picture><source srcset=\"https:\/\/www.infobae.com\/resizer\/v2\/XHXKBJUEQFATNBAAF5VYUDMIFI.jpg?auth=ac37b4a5891914343c2c8a787ee5cca16bb92089bffa6fce832ad57fdaaebe77&amp;smart=true&amp;width=992&amp;height=606&amp;quality=85\" media=\"(min-width: 1000px)\" \/><source srcset=\"https:\/\/www.infobae.com\/resizer\/v2\/XHXKBJUEQFATNBAAF5VYUDMIFI.jpg?auth=ac37b4a5891914343c2c8a787ee5cca16bb92089bffa6fce832ad57fdaaebe77&amp;smart=true&amp;width=768&amp;height=469&amp;quality=85\" media=\"(min-width: 768px)\" \/><source srcset=\"https:\/\/www.infobae.com\/resizer\/v2\/XHXKBJUEQFATNBAAF5VYUDMIFI.jpg?auth=ac37b4a5891914343c2c8a787ee5cca16bb92089bffa6fce832ad57fdaaebe77&amp;smart=true&amp;width=577&amp;height=353&amp;quality=85\" media=\"(min-width: 580px)\" \/><source srcset=\"https:\/\/www.infobae.com\/resizer\/v2\/XHXKBJUEQFATNBAAF5VYUDMIFI.jpg?auth=ac37b4a5891914343c2c8a787ee5cca16bb92089bffa6fce832ad57fdaaebe77&amp;smart=true&amp;width=420&amp;height=257&amp;quality=85\" media=\"(min-width: 350px)\" \/><source srcset=\"https:\/\/www.infobae.com\/resizer\/v2\/XHXKBJUEQFATNBAAF5VYUDMIFI.jpg?auth=ac37b4a5891914343c2c8a787ee5cca16bb92089bffa6fce832ad57fdaaebe77&amp;smart=true&amp;width=350&amp;height=214&amp;quality=85\" media=\"(min-width: 80px)\" \/><img loading=\"lazy\" decoding=\"async\" class=\"global-image\" src=\"https:\/\/www.infobae.com\/resizer\/v2\/XHXKBJUEQFATNBAAF5VYUDMIFI.jpg?auth=ac37b4a5891914343c2c8a787ee5cca16bb92089bffa6fce832ad57fdaaebe77&amp;smart=true&amp;width=350&amp;height=214&amp;quality=85\" alt=\"David Leb\u00f3n felicit\u00f3 a Ca7riel\" width=\"1920\" height=\"1183\" \/><\/picture>David Leb\u00f3n felicit\u00f3 a Ca7riel &amp; Paco Amoroso por su triunfo y les augur\u00f3 un gran futuro (Cr\u00e9dito: RS Fotos)<\/div>\n<p class=\"paragraph\" data-mrf-recirculation=\"Links inline\">El primero en tomar el micr\u00f3fono fue Paco Amoroso, quien record\u00f3 su fuerte v\u00ednculo con su compa\u00f1ero: \u201cMuchas gracias a todos loco. La verdad que nosotros nos conocemos desde que somos muy chiquitos, y siempre hicimos m\u00fasica y siempre fuimos muy amigos y siempre apostamos a esto. Y la verdad que ganar un premio a veces nos hace dar cuenta que vali\u00f3 la pena, que vali\u00f3 la pena esta amistad que tenemos\u201d.<\/p>\n<p class=\"paragraph\" data-mrf-recirculation=\"Links inline\">Acto seguido, Paco corri\u00f3 el micr\u00f3fono y tom\u00f3 la cara de Ca7riel para darle un beso. A pesar de la sorpresa que el gener\u00f3 la decisi\u00f3n de su amigo, el joven celebr\u00f3 y elev\u00f3 el Gardel de oro al aire.<\/p>\n<div class=\"visual__image\"><picture><source srcset=\"https:\/\/www.infobae.com\/resizer\/v2\/5VE6LW67PVGAHLU4XEWXEIERAA.JPG?auth=98a63edd06796b8e17f87cc6d03c3474d02d97e0942a99d3d5e7ad630415f942&amp;smart=true&amp;width=992&amp;height=661&amp;quality=85\" media=\"(min-width: 1000px)\" \/><source srcset=\"https:\/\/www.infobae.com\/resizer\/v2\/5VE6LW67PVGAHLU4XEWXEIERAA.JPG?auth=98a63edd06796b8e17f87cc6d03c3474d02d97e0942a99d3d5e7ad630415f942&amp;smart=true&amp;width=768&amp;height=512&amp;quality=85\" media=\"(min-width: 768px)\" \/><source srcset=\"https:\/\/www.infobae.com\/resizer\/v2\/5VE6LW67PVGAHLU4XEWXEIERAA.JPG?auth=98a63edd06796b8e17f87cc6d03c3474d02d97e0942a99d3d5e7ad630415f942&amp;smart=true&amp;width=577&amp;height=385&amp;quality=85\" media=\"(min-width: 580px)\" \/><source srcset=\"https:\/\/www.infobae.com\/resizer\/v2\/5VE6LW67PVGAHLU4XEWXEIERAA.JPG?auth=98a63edd06796b8e17f87cc6d03c3474d02d97e0942a99d3d5e7ad630415f942&amp;smart=true&amp;width=420&amp;height=280&amp;quality=85\" media=\"(min-width: 350px)\" \/><source srcset=\"https:\/\/www.infobae.com\/resizer\/v2\/5VE6LW67PVGAHLU4XEWXEIERAA.JPG?auth=98a63edd06796b8e17f87cc6d03c3474d02d97e0942a99d3d5e7ad630415f942&amp;smart=true&amp;width=350&amp;height=233&amp;quality=85\" media=\"(min-width: 80px)\" \/><img loading=\"lazy\" decoding=\"async\" class=\"global-image\" src=\"https:\/\/www.infobae.com\/resizer\/v2\/5VE6LW67PVGAHLU4XEWXEIERAA.JPG?auth=98a63edd06796b8e17f87cc6d03c3474d02d97e0942a99d3d5e7ad630415f942&amp;smart=true&amp;width=350&amp;height=233&amp;quality=85\" alt=\"El d\u00fao se consagra como\" width=\"1920\" height=\"1280\" \/><\/picture>El d\u00fao se consagra como m\u00e1ximo referente de la m\u00fasica argentina en los Premios Gardel 2024 (Prensa Premios Gardel)<\/div>\n<p class=\"paragraph\" data-mrf-recirculation=\"Links inline\">Despu\u00e9s de agradecer a cada integrante de su equipo, el joven le pas\u00f3 el micr\u00f3fono a su amigo, quien se pronunci\u00f3 en la misma l\u00ednea: \u201cSab\u00e9s que nosotros nos conocemos desde muy chiquitos,\u00a0<b>\u00edbamos a futbol, \u00e9ramos mal\u00edsimos, \u00edbamos a b\u00e1squet, \u00e9ramos mal\u00edsimos, \u00edbamos a nataci\u00f3n y nos ahog\u00e1bamos<\/b>. \u00cdbamos al colegio juntos y hab\u00eda abanderados, nosotros nunca llegamos a eso. As\u00ed que\u00a0<b>esto, para nosotros, es colgar la bandera<\/b>. Mil gracias\u201d.<\/p>\n<p class=\"paragraph\" data-mrf-recirculation=\"Links inline\">Por \u00faltimo, Paco Amoroso cerr\u00f3 la jornada haciendo un repaso por sus \u00e9xitos y destacando el talento nacional: \u201cEstamos tirando hace mont\u00f3n de tiempo, tocando en un mont\u00f3n de pa\u00edses. Pero Argentina, no hay ning\u00fan lugar como Argentina. As\u00ed que un fuerte ruido para Argentina, el mejor pa\u00eds\u201d.<\/p>\n<p class=\"paragraph\" data-mrf-recirculation=\"Links inline\">Entre aplausos y gritos, el d\u00fao se despidi\u00f3 del p\u00fablico. Mientras sal\u00edan del teatro,\u00a0<b>Teleshow\u00a0<\/b>les pregunt\u00f3 c\u00f3mo se sent\u00edan al lograr el m\u00e1ximo galard\u00f3n. Los j\u00f3venes se expresaron sonriendo, mostrando sus pulgares y mostrando todos los premios que hab\u00edan obtenido. Luego, los cantantes celebraron con su grupo \u00edntimo y se retiraron saludando a sus fans.<\/p>\n<div class=\"second-saved-buttons\">\n<div class=\"body-share-note\"><\/div>\n<\/div>\n","protected":false},"excerpt":{"rendered":"<p>El exitoso d\u00fao se alz\u00f3 con el m\u00e1ximo galard\u00f3n en la ceremonia que se realiz\u00f3 en el Teatro Coliseo. Adem\u00e1s, los cantantes recordaron sus inicios y destacaron su v\u00ednculo a trav\u00e9s de los a\u00f1os Despu\u00e9s de su impactante y disruptiva entrada al Teatro Coliseo, y luego de obtener numerosas estatuillas en los\u00a0Premios Gardel,\u00a0Ca7riel &amp; Paco [&hellip;]<\/p>\n","protected":false},"author":1,"featured_media":2072,"comment_status":"open","ping_status":"open","sticky":false,"template":"","format":"standard","meta":{"rop_custom_images_group":[],"rop_custom_messages_group":[],"rop_publish_now":"initial","rop_publish_now_accounts":[],"rop_publish_now_history":[],"rop_publish_now_status":"pending","footnotes":"","jetpack_publicize_message":"","jetpack_publicize_feature_enabled":true,"jetpack_social_post_already_shared":true,"jetpack_social_options":{"image_generator_settings":{"template":"highway","enabled":false},"version":2}},"categories":[12],"tags":[],"class_list":{"0":"post-2069","1":"post","2":"type-post","3":"status-publish","4":"format-standard","5":"has-post-thumbnail","7":"category-espectaculos"},"jetpack_publicize_connections":[],"yoast_head":"<!-- This site is optimized with the Yoast SEO plugin v27.3 - https:\/\/yoast.com\/product\/yoast-seo-wordpress\/ -->\n<title>Entre besos, abrazos y gritos, Ca7riel &amp; Paco Amoroso festejaron el Gardel de Oro: \u201cSiempre fuimos amigos y apostamos a esto\u201d - CLAN ESPECTACULOS<\/title>\n<meta name=\"robots\" content=\"index, follow, max-snippet:-1, max-image-preview:large, max-video-preview:-1\" \/>\n<link rel=\"canonical\" href=\"https:\/\/radioclanfm.com\/clanespectaculos\/entre-besos-abrazos-y-gritos-ca7riel-paco-amoroso-festejaron-el-gardel-de-oro-siempre-fuimos-amigos-y-apostamos-a-esto\/\" \/>\n<meta property=\"og:locale\" content=\"es_ES\" \/>\n<meta property=\"og:type\" content=\"article\" \/>\n<meta property=\"og:title\" content=\"Entre besos, abrazos y gritos, Ca7riel &amp; Paco Amoroso festejaron el Gardel de Oro: \u201cSiempre fuimos amigos y apostamos a esto\u201d - CLAN ESPECTACULOS\" \/>\n<meta property=\"og:description\" content=\"El exitoso d\u00fao se alz\u00f3 con el m\u00e1ximo galard\u00f3n en la ceremonia que se realiz\u00f3 en el Teatro Coliseo. Adem\u00e1s, los cantantes recordaron sus inicios y destacaron su v\u00ednculo a trav\u00e9s de los a\u00f1os Despu\u00e9s de su impactante y disruptiva entrada al Teatro Coliseo, y luego de obtener numerosas estatuillas en los\u00a0Premios Gardel,\u00a0Ca7riel &amp; Paco [&hellip;]\" \/>\n<meta property=\"og:url\" content=\"https:\/\/radioclanfm.com\/clanespectaculos\/entre-besos-abrazos-y-gritos-ca7riel-paco-amoroso-festejaron-el-gardel-de-oro-siempre-fuimos-amigos-y-apostamos-a-esto\/\" \/>\n<meta property=\"og:site_name\" content=\"CLAN ESPECTACULOS\" \/>\n<meta property=\"article:publisher\" content=\"https:\/\/www.facebook.com\/clanespectaculos\/\" \/>\n<meta property=\"article:published_time\" content=\"2025-06-20T02:41:53+00:00\" \/>\n<meta property=\"og:image\" content=\"https:\/\/radioclanfm.com\/clanespectaculos\/wp-content\/uploads\/sites\/2\/2025\/06\/yqh0CRiw.jpg\" \/>\n\t<meta property=\"og:image:width\" content=\"900\" \/>\n\t<meta property=\"og:image:height\" content=\"450\" \/>\n\t<meta property=\"og:image:type\" content=\"image\/jpeg\" \/>\n<meta name=\"author\" content=\"E-GRUPOCLAN\" \/>\n<meta name=\"twitter:card\" content=\"summary_large_image\" \/>\n<meta name=\"twitter:creator\" content=\"@clanespectok\" \/>\n<meta name=\"twitter:site\" content=\"@clanespectok\" \/>\n<meta name=\"twitter:label1\" content=\"Escrito por\" \/>\n\t<meta name=\"twitter:data1\" content=\"E-GRUPOCLAN\" \/>\n\t<meta name=\"twitter:label2\" content=\"Tiempo de lectura\" \/>\n\t<meta name=\"twitter:data2\" content=\"4 minutos\" \/>\n<script type=\"application\/ld+json\" class=\"yoast-schema-graph\">{\"@context\":\"https:\\\/\\\/schema.org\",\"@graph\":[{\"@type\":\"Article\",\"@id\":\"https:\\\/\\\/radioclanfm.com\\\/clanespectaculos\\\/entre-besos-abrazos-y-gritos-ca7riel-paco-amoroso-festejaron-el-gardel-de-oro-siempre-fuimos-amigos-y-apostamos-a-esto\\\/#article\",\"isPartOf\":{\"@id\":\"https:\\\/\\\/radioclanfm.com\\\/clanespectaculos\\\/entre-besos-abrazos-y-gritos-ca7riel-paco-amoroso-festejaron-el-gardel-de-oro-siempre-fuimos-amigos-y-apostamos-a-esto\\\/\"},\"author\":{\"name\":\"E-GRUPOCLAN\",\"@id\":\"https:\\\/\\\/radioclanfm.com\\\/clanespectaculos\\\/#\\\/schema\\\/person\\\/9734813083303230f3ad84d99171b20c\"},\"headline\":\"Entre besos, abrazos y gritos, Ca7riel &#038; Paco Amoroso festejaron el Gardel de Oro: \u201cSiempre fuimos amigos y apostamos a esto\u201d\",\"datePublished\":\"2025-06-20T02:41:53+00:00\",\"mainEntityOfPage\":{\"@id\":\"https:\\\/\\\/radioclanfm.com\\\/clanespectaculos\\\/entre-besos-abrazos-y-gritos-ca7riel-paco-amoroso-festejaron-el-gardel-de-oro-siempre-fuimos-amigos-y-apostamos-a-esto\\\/\"},\"wordCount\":908,\"commentCount\":0,\"publisher\":{\"@id\":\"https:\\\/\\\/radioclanfm.com\\\/clanespectaculos\\\/#organization\"},\"image\":{\"@id\":\"https:\\\/\\\/radioclanfm.com\\\/clanespectaculos\\\/entre-besos-abrazos-y-gritos-ca7riel-paco-amoroso-festejaron-el-gardel-de-oro-siempre-fuimos-amigos-y-apostamos-a-esto\\\/#primaryimage\"},\"thumbnailUrl\":\"https:\\\/\\\/radioclanfm.com\\\/clanespectaculos\\\/wp-content\\\/uploads\\\/sites\\\/2\\\/2025\\\/06\\\/yqh0CRiw.jpg\",\"articleSection\":[\"Espectaculos\"],\"inLanguage\":\"es-AR\",\"potentialAction\":[{\"@type\":\"CommentAction\",\"name\":\"Comment\",\"target\":[\"https:\\\/\\\/radioclanfm.com\\\/clanespectaculos\\\/entre-besos-abrazos-y-gritos-ca7riel-paco-amoroso-festejaron-el-gardel-de-oro-siempre-fuimos-amigos-y-apostamos-a-esto\\\/#respond\"]}]},{\"@type\":\"WebPage\",\"@id\":\"https:\\\/\\\/radioclanfm.com\\\/clanespectaculos\\\/entre-besos-abrazos-y-gritos-ca7riel-paco-amoroso-festejaron-el-gardel-de-oro-siempre-fuimos-amigos-y-apostamos-a-esto\\\/\",\"url\":\"https:\\\/\\\/radioclanfm.com\\\/clanespectaculos\\\/entre-besos-abrazos-y-gritos-ca7riel-paco-amoroso-festejaron-el-gardel-de-oro-siempre-fuimos-amigos-y-apostamos-a-esto\\\/\",\"name\":\"Entre besos, abrazos y gritos, Ca7riel & Paco Amoroso festejaron el Gardel de Oro: \u201cSiempre fuimos amigos y apostamos a esto\u201d - CLAN ESPECTACULOS\",\"isPartOf\":{\"@id\":\"https:\\\/\\\/radioclanfm.com\\\/clanespectaculos\\\/#website\"},\"primaryImageOfPage\":{\"@id\":\"https:\\\/\\\/radioclanfm.com\\\/clanespectaculos\\\/entre-besos-abrazos-y-gritos-ca7riel-paco-amoroso-festejaron-el-gardel-de-oro-siempre-fuimos-amigos-y-apostamos-a-esto\\\/#primaryimage\"},\"image\":{\"@id\":\"https:\\\/\\\/radioclanfm.com\\\/clanespectaculos\\\/entre-besos-abrazos-y-gritos-ca7riel-paco-amoroso-festejaron-el-gardel-de-oro-siempre-fuimos-amigos-y-apostamos-a-esto\\\/#primaryimage\"},\"thumbnailUrl\":\"https:\\\/\\\/radioclanfm.com\\\/clanespectaculos\\\/wp-content\\\/uploads\\\/sites\\\/2\\\/2025\\\/06\\\/yqh0CRiw.jpg\",\"datePublished\":\"2025-06-20T02:41:53+00:00\",\"breadcrumb\":{\"@id\":\"https:\\\/\\\/radioclanfm.com\\\/clanespectaculos\\\/entre-besos-abrazos-y-gritos-ca7riel-paco-amoroso-festejaron-el-gardel-de-oro-siempre-fuimos-amigos-y-apostamos-a-esto\\\/#breadcrumb\"},\"inLanguage\":\"es-AR\",\"potentialAction\":[{\"@type\":\"ReadAction\",\"target\":[\"https:\\\/\\\/radioclanfm.com\\\/clanespectaculos\\\/entre-besos-abrazos-y-gritos-ca7riel-paco-amoroso-festejaron-el-gardel-de-oro-siempre-fuimos-amigos-y-apostamos-a-esto\\\/\"]}]},{\"@type\":\"ImageObject\",\"inLanguage\":\"es-AR\",\"@id\":\"https:\\\/\\\/radioclanfm.com\\\/clanespectaculos\\\/entre-besos-abrazos-y-gritos-ca7riel-paco-amoroso-festejaron-el-gardel-de-oro-siempre-fuimos-amigos-y-apostamos-a-esto\\\/#primaryimage\",\"url\":\"https:\\\/\\\/radioclanfm.com\\\/clanespectaculos\\\/wp-content\\\/uploads\\\/sites\\\/2\\\/2025\\\/06\\\/yqh0CRiw.jpg\",\"contentUrl\":\"https:\\\/\\\/radioclanfm.com\\\/clanespectaculos\\\/wp-content\\\/uploads\\\/sites\\\/2\\\/2025\\\/06\\\/yqh0CRiw.jpg\",\"width\":900,\"height\":450},{\"@type\":\"BreadcrumbList\",\"@id\":\"https:\\\/\\\/radioclanfm.com\\\/clanespectaculos\\\/entre-besos-abrazos-y-gritos-ca7riel-paco-amoroso-festejaron-el-gardel-de-oro-siempre-fuimos-amigos-y-apostamos-a-esto\\\/#breadcrumb\",\"itemListElement\":[{\"@type\":\"ListItem\",\"position\":1,\"name\":\"Inicio\",\"item\":\"https:\\\/\\\/radioclanfm.com\\\/clanespectaculos\\\/\"},{\"@type\":\"ListItem\",\"position\":2,\"name\":\"Entre besos, abrazos y gritos, Ca7riel &#038; Paco Amoroso festejaron el Gardel de Oro: \u201cSiempre fuimos amigos y apostamos a esto\u201d\"}]},{\"@type\":\"WebSite\",\"@id\":\"https:\\\/\\\/radioclanfm.com\\\/clanespectaculos\\\/#website\",\"url\":\"https:\\\/\\\/radioclanfm.com\\\/clanespectaculos\\\/\",\"name\":\"CLAN ESPECTACULOS\",\"description\":\"\",\"publisher\":{\"@id\":\"https:\\\/\\\/radioclanfm.com\\\/clanespectaculos\\\/#organization\"},\"potentialAction\":[{\"@type\":\"SearchAction\",\"target\":{\"@type\":\"EntryPoint\",\"urlTemplate\":\"https:\\\/\\\/radioclanfm.com\\\/clanespectaculos\\\/?s={search_term_string}\"},\"query-input\":{\"@type\":\"PropertyValueSpecification\",\"valueRequired\":true,\"valueName\":\"search_term_string\"}}],\"inLanguage\":\"es-AR\"},{\"@type\":\"Organization\",\"@id\":\"https:\\\/\\\/radioclanfm.com\\\/clanespectaculos\\\/#organization\",\"name\":\"CLAN ESPECTACULOS\",\"url\":\"https:\\\/\\\/radioclanfm.com\\\/clanespectaculos\\\/\",\"logo\":{\"@type\":\"ImageObject\",\"inLanguage\":\"es-AR\",\"@id\":\"https:\\\/\\\/radioclanfm.com\\\/clanespectaculos\\\/#\\\/schema\\\/logo\\\/image\\\/\",\"url\":\"https:\\\/\\\/radioclanfm.com\\\/clanespectaculos\\\/wp-content\\\/uploads\\\/sites\\\/2\\\/2026\\\/04\\\/ChatGPT-Image-23-mar-2026-10_09_00.png\",\"contentUrl\":\"https:\\\/\\\/radioclanfm.com\\\/clanespectaculos\\\/wp-content\\\/uploads\\\/sites\\\/2\\\/2026\\\/04\\\/ChatGPT-Image-23-mar-2026-10_09_00.png\",\"width\":1024,\"height\":1024,\"caption\":\"CLAN ESPECTACULOS\"},\"image\":{\"@id\":\"https:\\\/\\\/radioclanfm.com\\\/clanespectaculos\\\/#\\\/schema\\\/logo\\\/image\\\/\"},\"sameAs\":[\"https:\\\/\\\/www.facebook.com\\\/clanespectaculos\\\/\",\"https:\\\/\\\/x.com\\\/clanespectok\"]},{\"@type\":\"Person\",\"@id\":\"https:\\\/\\\/radioclanfm.com\\\/clanespectaculos\\\/#\\\/schema\\\/person\\\/9734813083303230f3ad84d99171b20c\",\"name\":\"E-GRUPOCLAN\",\"image\":{\"@type\":\"ImageObject\",\"inLanguage\":\"es-AR\",\"@id\":\"https:\\\/\\\/secure.gravatar.com\\\/avatar\\\/af6e19837c3d6a212034a48c7b3818d2ac1826f6025df0155da5a186ad321d79?s=96&d=mm&r=g\",\"url\":\"https:\\\/\\\/secure.gravatar.com\\\/avatar\\\/af6e19837c3d6a212034a48c7b3818d2ac1826f6025df0155da5a186ad321d79?s=96&d=mm&r=g\",\"contentUrl\":\"https:\\\/\\\/secure.gravatar.com\\\/avatar\\\/af6e19837c3d6a212034a48c7b3818d2ac1826f6025df0155da5a186ad321d79?s=96&d=mm&r=g\",\"caption\":\"E-GRUPOCLAN\"},\"sameAs\":[\"https:\\\/\\\/radioclanfm.com\"],\"url\":\"https:\\\/\\\/radioclanfm.com\\\/clanespectaculos\\\/author\\\/admin\\\/\"}]}<\/script>\n<!-- \/ Yoast SEO plugin. -->","yoast_head_json":{"title":"Entre besos, abrazos y gritos, Ca7riel & Paco Amoroso festejaron el Gardel de Oro: \u201cSiempre fuimos amigos y apostamos a esto\u201d - CLAN ESPECTACULOS","robots":{"index":"index","follow":"follow","max-snippet":"max-snippet:-1","max-image-preview":"max-image-preview:large","max-video-preview":"max-video-preview:-1"},"canonical":"https:\/\/radioclanfm.com\/clanespectaculos\/entre-besos-abrazos-y-gritos-ca7riel-paco-amoroso-festejaron-el-gardel-de-oro-siempre-fuimos-amigos-y-apostamos-a-esto\/","og_locale":"es_ES","og_type":"article","og_title":"Entre besos, abrazos y gritos, Ca7riel & Paco Amoroso festejaron el Gardel de Oro: \u201cSiempre fuimos amigos y apostamos a esto\u201d - CLAN ESPECTACULOS","og_description":"El exitoso d\u00fao se alz\u00f3 con el m\u00e1ximo galard\u00f3n en la ceremonia que se realiz\u00f3 en el Teatro Coliseo. Adem\u00e1s, los cantantes recordaron sus inicios y destacaron su v\u00ednculo a trav\u00e9s de los a\u00f1os Despu\u00e9s de su impactante y disruptiva entrada al Teatro Coliseo, y luego de obtener numerosas estatuillas en los\u00a0Premios Gardel,\u00a0Ca7riel &amp; Paco [&hellip;]","og_url":"https:\/\/radioclanfm.com\/clanespectaculos\/entre-besos-abrazos-y-gritos-ca7riel-paco-amoroso-festejaron-el-gardel-de-oro-siempre-fuimos-amigos-y-apostamos-a-esto\/","og_site_name":"CLAN ESPECTACULOS","article_publisher":"https:\/\/www.facebook.com\/clanespectaculos\/","article_published_time":"2025-06-20T02:41:53+00:00","og_image":[{"width":900,"height":450,"url":"https:\/\/radioclanfm.com\/clanespectaculos\/wp-content\/uploads\/sites\/2\/2025\/06\/yqh0CRiw.jpg","type":"image\/jpeg"}],"author":"E-GRUPOCLAN","twitter_card":"summary_large_image","twitter_creator":"@clanespectok","twitter_site":"@clanespectok","twitter_misc":{"Escrito por":"E-GRUPOCLAN","Tiempo de lectura":"4 minutos"},"schema":{"@context":"https:\/\/schema.org","@graph":[{"@type":"Article","@id":"https:\/\/radioclanfm.com\/clanespectaculos\/entre-besos-abrazos-y-gritos-ca7riel-paco-amoroso-festejaron-el-gardel-de-oro-siempre-fuimos-amigos-y-apostamos-a-esto\/#article","isPartOf":{"@id":"https:\/\/radioclanfm.com\/clanespectaculos\/entre-besos-abrazos-y-gritos-ca7riel-paco-amoroso-festejaron-el-gardel-de-oro-siempre-fuimos-amigos-y-apostamos-a-esto\/"},"author":{"name":"E-GRUPOCLAN","@id":"https:\/\/radioclanfm.com\/clanespectaculos\/#\/schema\/person\/9734813083303230f3ad84d99171b20c"},"headline":"Entre besos, abrazos y gritos, Ca7riel &#038; Paco Amoroso festejaron el Gardel de Oro: \u201cSiempre fuimos amigos y apostamos a esto\u201d","datePublished":"2025-06-20T02:41:53+00:00","mainEntityOfPage":{"@id":"https:\/\/radioclanfm.com\/clanespectaculos\/entre-besos-abrazos-y-gritos-ca7riel-paco-amoroso-festejaron-el-gardel-de-oro-siempre-fuimos-amigos-y-apostamos-a-esto\/"},"wordCount":908,"commentCount":0,"publisher":{"@id":"https:\/\/radioclanfm.com\/clanespectaculos\/#organization"},"image":{"@id":"https:\/\/radioclanfm.com\/clanespectaculos\/entre-besos-abrazos-y-gritos-ca7riel-paco-amoroso-festejaron-el-gardel-de-oro-siempre-fuimos-amigos-y-apostamos-a-esto\/#primaryimage"},"thumbnailUrl":"https:\/\/radioclanfm.com\/clanespectaculos\/wp-content\/uploads\/sites\/2\/2025\/06\/yqh0CRiw.jpg","articleSection":["Espectaculos"],"inLanguage":"es-AR","potentialAction":[{"@type":"CommentAction","name":"Comment","target":["https:\/\/radioclanfm.com\/clanespectaculos\/entre-besos-abrazos-y-gritos-ca7riel-paco-amoroso-festejaron-el-gardel-de-oro-siempre-fuimos-amigos-y-apostamos-a-esto\/#respond"]}]},{"@type":"WebPage","@id":"https:\/\/radioclanfm.com\/clanespectaculos\/entre-besos-abrazos-y-gritos-ca7riel-paco-amoroso-festejaron-el-gardel-de-oro-siempre-fuimos-amigos-y-apostamos-a-esto\/","url":"https:\/\/radioclanfm.com\/clanespectaculos\/entre-besos-abrazos-y-gritos-ca7riel-paco-amoroso-festejaron-el-gardel-de-oro-siempre-fuimos-amigos-y-apostamos-a-esto\/","name":"Entre besos, abrazos y gritos, Ca7riel & Paco Amoroso festejaron el Gardel de Oro: \u201cSiempre fuimos amigos y apostamos a esto\u201d - CLAN ESPECTACULOS","isPartOf":{"@id":"https:\/\/radioclanfm.com\/clanespectaculos\/#website"},"primaryImageOfPage":{"@id":"https:\/\/radioclanfm.com\/clanespectaculos\/entre-besos-abrazos-y-gritos-ca7riel-paco-amoroso-festejaron-el-gardel-de-oro-siempre-fuimos-amigos-y-apostamos-a-esto\/#primaryimage"},"image":{"@id":"https:\/\/radioclanfm.com\/clanespectaculos\/entre-besos-abrazos-y-gritos-ca7riel-paco-amoroso-festejaron-el-gardel-de-oro-siempre-fuimos-amigos-y-apostamos-a-esto\/#primaryimage"},"thumbnailUrl":"https:\/\/radioclanfm.com\/clanespectaculos\/wp-content\/uploads\/sites\/2\/2025\/06\/yqh0CRiw.jpg","datePublished":"2025-06-20T02:41:53+00:00","breadcrumb":{"@id":"https:\/\/radioclanfm.com\/clanespectaculos\/entre-besos-abrazos-y-gritos-ca7riel-paco-amoroso-festejaron-el-gardel-de-oro-siempre-fuimos-amigos-y-apostamos-a-esto\/#breadcrumb"},"inLanguage":"es-AR","potentialAction":[{"@type":"ReadAction","target":["https:\/\/radioclanfm.com\/clanespectaculos\/entre-besos-abrazos-y-gritos-ca7riel-paco-amoroso-festejaron-el-gardel-de-oro-siempre-fuimos-amigos-y-apostamos-a-esto\/"]}]},{"@type":"ImageObject","inLanguage":"es-AR","@id":"https:\/\/radioclanfm.com\/clanespectaculos\/entre-besos-abrazos-y-gritos-ca7riel-paco-amoroso-festejaron-el-gardel-de-oro-siempre-fuimos-amigos-y-apostamos-a-esto\/#primaryimage","url":"https:\/\/radioclanfm.com\/clanespectaculos\/wp-content\/uploads\/sites\/2\/2025\/06\/yqh0CRiw.jpg","contentUrl":"https:\/\/radioclanfm.com\/clanespectaculos\/wp-content\/uploads\/sites\/2\/2025\/06\/yqh0CRiw.jpg","width":900,"height":450},{"@type":"BreadcrumbList","@id":"https:\/\/radioclanfm.com\/clanespectaculos\/entre-besos-abrazos-y-gritos-ca7riel-paco-amoroso-festejaron-el-gardel-de-oro-siempre-fuimos-amigos-y-apostamos-a-esto\/#breadcrumb","itemListElement":[{"@type":"ListItem","position":1,"name":"Inicio","item":"https:\/\/radioclanfm.com\/clanespectaculos\/"},{"@type":"ListItem","position":2,"name":"Entre besos, abrazos y gritos, Ca7riel &#038; Paco Amoroso festejaron el Gardel de Oro: \u201cSiempre fuimos amigos y apostamos a esto\u201d"}]},{"@type":"WebSite","@id":"https:\/\/radioclanfm.com\/clanespectaculos\/#website","url":"https:\/\/radioclanfm.com\/clanespectaculos\/","name":"CLAN ESPECTACULOS","description":"","publisher":{"@id":"https:\/\/radioclanfm.com\/clanespectaculos\/#organization"},"potentialAction":[{"@type":"SearchAction","target":{"@type":"EntryPoint","urlTemplate":"https:\/\/radioclanfm.com\/clanespectaculos\/?s={search_term_string}"},"query-input":{"@type":"PropertyValueSpecification","valueRequired":true,"valueName":"search_term_string"}}],"inLanguage":"es-AR"},{"@type":"Organization","@id":"https:\/\/radioclanfm.com\/clanespectaculos\/#organization","name":"CLAN ESPECTACULOS","url":"https:\/\/radioclanfm.com\/clanespectaculos\/","logo":{"@type":"ImageObject","inLanguage":"es-AR","@id":"https:\/\/radioclanfm.com\/clanespectaculos\/#\/schema\/logo\/image\/","url":"https:\/\/radioclanfm.com\/clanespectaculos\/wp-content\/uploads\/sites\/2\/2026\/04\/ChatGPT-Image-23-mar-2026-10_09_00.png","contentUrl":"https:\/\/radioclanfm.com\/clanespectaculos\/wp-content\/uploads\/sites\/2\/2026\/04\/ChatGPT-Image-23-mar-2026-10_09_00.png","width":1024,"height":1024,"caption":"CLAN ESPECTACULOS"},"image":{"@id":"https:\/\/radioclanfm.com\/clanespectaculos\/#\/schema\/logo\/image\/"},"sameAs":["https:\/\/www.facebook.com\/clanespectaculos\/","https:\/\/x.com\/clanespectok"]},{"@type":"Person","@id":"https:\/\/radioclanfm.com\/clanespectaculos\/#\/schema\/person\/9734813083303230f3ad84d99171b20c","name":"E-GRUPOCLAN","image":{"@type":"ImageObject","inLanguage":"es-AR","@id":"https:\/\/secure.gravatar.com\/avatar\/af6e19837c3d6a212034a48c7b3818d2ac1826f6025df0155da5a186ad321d79?s=96&d=mm&r=g","url":"https:\/\/secure.gravatar.com\/avatar\/af6e19837c3d6a212034a48c7b3818d2ac1826f6025df0155da5a186ad321d79?s=96&d=mm&r=g","contentUrl":"https:\/\/secure.gravatar.com\/avatar\/af6e19837c3d6a212034a48c7b3818d2ac1826f6025df0155da5a186ad321d79?s=96&d=mm&r=g","caption":"E-GRUPOCLAN"},"sameAs":["https:\/\/radioclanfm.com"],"url":"https:\/\/radioclanfm.com\/clanespectaculos\/author\/admin\/"}]}},"_links":{"self":[{"href":"https:\/\/radioclanfm.com\/clanespectaculos\/wp-json\/wp\/v2\/posts\/2069","targetHints":{"allow":["GET"]}}],"collection":[{"href":"https:\/\/radioclanfm.com\/clanespectaculos\/wp-json\/wp\/v2\/posts"}],"about":[{"href":"https:\/\/radioclanfm.com\/clanespectaculos\/wp-json\/wp\/v2\/types\/post"}],"author":[{"embeddable":true,"href":"https:\/\/radioclanfm.com\/clanespectaculos\/wp-json\/wp\/v2\/users\/1"}],"replies":[{"embeddable":true,"href":"https:\/\/radioclanfm.com\/clanespectaculos\/wp-json\/wp\/v2\/comments?post=2069"}],"version-history":[{"count":1,"href":"https:\/\/radioclanfm.com\/clanespectaculos\/wp-json\/wp\/v2\/posts\/2069\/revisions"}],"predecessor-version":[{"id":2073,"href":"https:\/\/radioclanfm.com\/clanespectaculos\/wp-json\/wp\/v2\/posts\/2069\/revisions\/2073"}],"wp:featuredmedia":[{"embeddable":true,"href":"https:\/\/radioclanfm.com\/clanespectaculos\/wp-json\/wp\/v2\/media\/2072"}],"wp:attachment":[{"href":"https:\/\/radioclanfm.com\/clanespectaculos\/wp-json\/wp\/v2\/media?parent=2069"}],"wp:term":[{"taxonomy":"category","embeddable":true,"href":"https:\/\/radioclanfm.com\/clanespectaculos\/wp-json\/wp\/v2\/categories?post=2069"},{"taxonomy":"post_tag","embeddable":true,"href":"https:\/\/radioclanfm.com\/clanespectaculos\/wp-json\/wp\/v2\/tags?post=2069"}],"curies":[{"name":"wp","href":"https:\/\/api.w.org\/{rel}","templated":true}]}}