{"id":2059,"date":"2025-06-19T23:39:22","date_gmt":"2025-06-20T02:39:22","guid":{"rendered":"https:\/\/radioclanfm.com\/clanespectaculos\/?p=2059"},"modified":"2025-06-19T23:39:22","modified_gmt":"2025-06-20T02:39:22","slug":"la-tarde-de-equitacion-de-cande-tinelli-y-su-mama-soledad-aquino-volvio-mi-viejita","status":"publish","type":"post","link":"https:\/\/radioclanfm.com\/clanespectaculos\/la-tarde-de-equitacion-de-cande-tinelli-y-su-mama-soledad-aquino-volvio-mi-viejita\/","title":{"rendered":"La tarde de equitaci\u00f3n de Cande Tinelli y su mam\u00e1, Soledad Aquino: \u201cVolvi\u00f3 mi viejita\u201d"},"content":{"rendered":"<p>Madre e hija disfrutaron de una jornada especial en la naturaleza, marcada por la conexi\u00f3n con una yegua y momentos llenos de afecto y espontaneidad<\/p>\n<p class=\"paragraph\" data-mrf-recirculation=\"Links inline\"><i><b>Cande Tinelli<\/b><\/i>\u00a0comparti\u00f3 una serie de im\u00e1genes de una jornada a puro campo y emoci\u00f3n, en la que estuvo acompa\u00f1ada por\u00a0<b>su mam\u00e1,\u00a0<\/b><i><b>Soledad Aquino<\/b><\/i>, y una yegua a la que ella misma llam\u00f3 \u201cmi viejita\u201d en sus redes. La tarde de equitaci\u00f3n, lejos del ruido urbano y de los compromisos laborales, mostr\u00f3 a la influencer y cantante en un entorno \u00edntimo, rodeada de naturaleza, afecto y recuerdos personales.<\/p>\n<div class=\"news-module\" data-mrf-recirculation=\"IL_Ct0zZTd2RqSjHGMXsLzz7w\" data-testid=\"text-html\" data-mrf-experience=\"IL_Ct0zZTd2RqSjHGMXsLzz7w\">\n<div class=\"recommended-card__image-container\"><\/div>\n<\/div>\n<p class=\"paragraph\" data-mrf-recirculation=\"Links inline\">En una de las primeras fotos que public\u00f3 en sus historias,\u00a0<b>Cande aparece agachada dentro del establo<\/b>, con una expresi\u00f3n de ternura mientras sujeta del hocico a la yegua, que asoma entre los fardos de pasto. \u201cVolvi\u00f3 mi viejita\u201d, escribi\u00f3 sobre la imagen, en lo que deja entrever que el reencuentro con el animal tuvo una carga emocional fuerte. En otra foto tomada en el mismo lugar, la yegua roza su hocico contra el rostro de Cande, mientras ella cierra los ojos. Un coraz\u00f3n rosa acompa\u00f1a la escena, subrayando la conexi\u00f3n entre ambas.<\/p>\n<div class=\"visual__image\"><picture><source srcset=\"https:\/\/www.infobae.com\/resizer\/v2\/RPFLV75T2NHNHBGUQXFJFDS7ZM.jpg?auth=6283fa937e107cde1da96beff776835f58605a47b2d20244dacf1cff0f2f973f&amp;smart=true&amp;width=992&amp;height=1764&amp;quality=85\" media=\"(min-width: 1000px)\" \/><source srcset=\"https:\/\/www.infobae.com\/resizer\/v2\/RPFLV75T2NHNHBGUQXFJFDS7ZM.jpg?auth=6283fa937e107cde1da96beff776835f58605a47b2d20244dacf1cff0f2f973f&amp;smart=true&amp;width=768&amp;height=1365&amp;quality=85\" media=\"(min-width: 768px)\" \/><source srcset=\"https:\/\/www.infobae.com\/resizer\/v2\/RPFLV75T2NHNHBGUQXFJFDS7ZM.jpg?auth=6283fa937e107cde1da96beff776835f58605a47b2d20244dacf1cff0f2f973f&amp;smart=true&amp;width=577&amp;height=1026&amp;quality=85\" media=\"(min-width: 580px)\" \/><source srcset=\"https:\/\/www.infobae.com\/resizer\/v2\/RPFLV75T2NHNHBGUQXFJFDS7ZM.jpg?auth=6283fa937e107cde1da96beff776835f58605a47b2d20244dacf1cff0f2f973f&amp;smart=true&amp;width=420&amp;height=747&amp;quality=85\" media=\"(min-width: 350px)\" \/><source srcset=\"https:\/\/www.infobae.com\/resizer\/v2\/RPFLV75T2NHNHBGUQXFJFDS7ZM.jpg?auth=6283fa937e107cde1da96beff776835f58605a47b2d20244dacf1cff0f2f973f&amp;smart=true&amp;width=350&amp;height=622&amp;quality=85\" media=\"(min-width: 80px)\" \/><img loading=\"lazy\" decoding=\"async\" class=\"global-image\" src=\"https:\/\/www.infobae.com\/resizer\/v2\/RPFLV75T2NHNHBGUQXFJFDS7ZM.jpg?auth=6283fa937e107cde1da96beff776835f58605a47b2d20244dacf1cff0f2f973f&amp;smart=true&amp;width=350&amp;height=622&amp;quality=85\" alt=\"Cande Tinelli expres\u00f3 su emoci\u00f3n\" width=\"1920\" height=\"3413\" \/><\/picture>Cande Tinelli expres\u00f3 su emoci\u00f3n al reencontrarse con su yegua durante una jornada familiar en el campo<\/div>\n<div class=\"visual__image\"><picture><source srcset=\"https:\/\/www.infobae.com\/resizer\/v2\/2NOJ6WV4Q5D4ZBIHITBRX67R24.jpg?auth=f05f511b5228136f0657841610346405e40a53d1c9303f37739daab8963c6970&amp;smart=true&amp;width=992&amp;height=1764&amp;quality=85\" media=\"(min-width: 1000px)\" \/><source srcset=\"https:\/\/www.infobae.com\/resizer\/v2\/2NOJ6WV4Q5D4ZBIHITBRX67R24.jpg?auth=f05f511b5228136f0657841610346405e40a53d1c9303f37739daab8963c6970&amp;smart=true&amp;width=768&amp;height=1365&amp;quality=85\" media=\"(min-width: 768px)\" \/><source srcset=\"https:\/\/www.infobae.com\/resizer\/v2\/2NOJ6WV4Q5D4ZBIHITBRX67R24.jpg?auth=f05f511b5228136f0657841610346405e40a53d1c9303f37739daab8963c6970&amp;smart=true&amp;width=577&amp;height=1026&amp;quality=85\" media=\"(min-width: 580px)\" \/><source srcset=\"https:\/\/www.infobae.com\/resizer\/v2\/2NOJ6WV4Q5D4ZBIHITBRX67R24.jpg?auth=f05f511b5228136f0657841610346405e40a53d1c9303f37739daab8963c6970&amp;smart=true&amp;width=420&amp;height=747&amp;quality=85\" media=\"(min-width: 350px)\" \/><source srcset=\"https:\/\/www.infobae.com\/resizer\/v2\/2NOJ6WV4Q5D4ZBIHITBRX67R24.jpg?auth=f05f511b5228136f0657841610346405e40a53d1c9303f37739daab8963c6970&amp;smart=true&amp;width=350&amp;height=622&amp;quality=85\" media=\"(min-width: 80px)\" \/><img loading=\"lazy\" decoding=\"async\" class=\"global-image\" src=\"https:\/\/www.infobae.com\/resizer\/v2\/2NOJ6WV4Q5D4ZBIHITBRX67R24.jpg?auth=f05f511b5228136f0657841610346405e40a53d1c9303f37739daab8963c6970&amp;smart=true&amp;width=350&amp;height=622&amp;quality=85\" alt=\"Im\u00e1genes tiernas y espont\u00e1neas revelaron\" width=\"1920\" height=\"3413\" \/><\/picture>Im\u00e1genes tiernas y espont\u00e1neas revelaron el fuerte lazo entre Cande Tinelli y su yegua en el establo<\/div>\n<div class=\"inline ad-wrapper\">\n<div class=\"dfpAd ad-inline\"><\/div>\n<\/div>\n<p class=\"paragraph\" data-mrf-recirculation=\"Links inline\">La segunda parte de la jornada tuvo como protagonista a Soledad Aquino, con quien Cande comparti\u00f3 dos postales al aire libre. Ambas est\u00e1n\u00a0<b>abrazadas al animal<\/b>, con un muro de fondo y los \u00e1rboles filtrando la luz del sol. Mientras Cande visti\u00f3 calzas bord\u00f3, botas de montar, campera inflable negra y bufanda gris estampada, Soledad eligi\u00f3 un conjunto total black con borcegos, sweater amplio y gafas oscuras.\u00a0<b>\u201cQu\u00e9 d\u00eda m\u00e1s especial. Te amo, mam\u00e1\u201d<\/b>, escribi\u00f3 Lel\u00e9, sumando una menci\u00f3n a la cuenta de su madre.<\/p>\n<div class=\"news-module\" data-mrf-recirculation=\"IL_RjJ8XQ94SCCdND4VX9YvyQ\" data-testid=\"text-html\" data-mrf-experience=\"IL_RjJ8XQ94SCCdND4VX9YvyQ\">\n<div class=\"recommended-card__image-container\"><\/div>\n<\/div>\n<p class=\"paragraph\" data-mrf-recirculation=\"Links inline\">En otra de las fotos, Cande hace el gesto de la paz con los dedos, con los ojos entrecerrados por el sol, mientras su madre sujeta la cuerda de la yegua con una sonrisa relajada. La escena tiene la frescura de un momento sin artificios, espont\u00e1neo, que muestra una relaci\u00f3n consolidada.<\/p>\n<div class=\"visual__image\"><picture><source srcset=\"https:\/\/www.infobae.com\/resizer\/v2\/RWMRIXFXV5HJFH6EVM4SUE7X64.jpg?auth=395806436661753da3212dc7546390887b38539e433fcbd0a65f080852f0d39d&amp;smart=true&amp;width=992&amp;height=1764&amp;quality=85\" media=\"(min-width: 1000px)\" \/><source srcset=\"https:\/\/www.infobae.com\/resizer\/v2\/RWMRIXFXV5HJFH6EVM4SUE7X64.jpg?auth=395806436661753da3212dc7546390887b38539e433fcbd0a65f080852f0d39d&amp;smart=true&amp;width=768&amp;height=1365&amp;quality=85\" media=\"(min-width: 768px)\" \/><source srcset=\"https:\/\/www.infobae.com\/resizer\/v2\/RWMRIXFXV5HJFH6EVM4SUE7X64.jpg?auth=395806436661753da3212dc7546390887b38539e433fcbd0a65f080852f0d39d&amp;smart=true&amp;width=577&amp;height=1026&amp;quality=85\" media=\"(min-width: 580px)\" \/><source srcset=\"https:\/\/www.infobae.com\/resizer\/v2\/RWMRIXFXV5HJFH6EVM4SUE7X64.jpg?auth=395806436661753da3212dc7546390887b38539e433fcbd0a65f080852f0d39d&amp;smart=true&amp;width=420&amp;height=747&amp;quality=85\" media=\"(min-width: 350px)\" \/><source srcset=\"https:\/\/www.infobae.com\/resizer\/v2\/RWMRIXFXV5HJFH6EVM4SUE7X64.jpg?auth=395806436661753da3212dc7546390887b38539e433fcbd0a65f080852f0d39d&amp;smart=true&amp;width=350&amp;height=622&amp;quality=85\" media=\"(min-width: 80px)\" \/><img loading=\"lazy\" decoding=\"async\" class=\"global-image\" src=\"https:\/\/www.infobae.com\/resizer\/v2\/RWMRIXFXV5HJFH6EVM4SUE7X64.jpg?auth=395806436661753da3212dc7546390887b38539e433fcbd0a65f080852f0d39d&amp;smart=true&amp;width=350&amp;height=622&amp;quality=85\" alt=\"Cande Tinelli y su mam\u00e1\" width=\"1920\" height=\"3413\" \/><\/picture>Cande Tinelli y su mam\u00e1 compartieron momentos \u00fanicos abrazadas al animal bajo la luz del sol<\/div>\n<div class=\"inline_2_DSK ad-wrapper ad-desktop\">\n<div class=\"dfpAd ad-inline\">\n<div id=\"infobae\/teleshow\/nota\/inline_2_DSK\" class=\"infobae\/teleshow\/nota\/inline_2_DSK arcad\" data-google-query-id=\"CJSysJb8_o0DFSoPuQYdU9QfSg\">\n<div id=\"google_ads_iframe_\/1058609\/infobae\/teleshow\/nota\/inline_2_DSK_0__container__\"><\/div>\n<\/div>\n<\/div>\n<\/div>\n<p class=\"paragraph\" data-mrf-recirculation=\"Links inline\">El v\u00ednculo de Cande no es solo con su madre, sino que tambi\u00e9n tiene una excelente relaci\u00f3n con su pap\u00e1,\u00a0<i><b>Marcelo Tinelli<\/b><\/i>. De hecho, hace pocas semanas mostraron un divertido ida y vuelta en redes sociales, tambi\u00e9n con un animal de por medio.<\/p>\n<div class=\"news-module\" data-mrf-recirculation=\"IL_wPVu_IE4S76a5Gsl0lX8mA\" data-testid=\"text-html\" data-mrf-experience=\"IL_wPVu_IE4S76a5Gsl0lX8mA\">\n<div class=\"recommended-card__image-container\"><\/div>\n<\/div>\n<p class=\"paragraph\" data-mrf-recirculation=\"Links inline\">Todo surgi\u00f3 a partir de un video que Marcelo public\u00f3 mostrando a su perro Bruno descansando pl\u00e1cidamente sobre la mesa del comedor, una costumbre que despierta opiniones encontradas en el hogar. El conductor acompa\u00f1\u00f3 las im\u00e1genes con un comentario que busc\u00f3 generar complicidad no solo con su audiencia, sino tambi\u00e9n con su hija: \u201c<b>Bruno arriba de la mesa es lo m\u00e1s. En mi casa, Cande no est\u00e1 muy de acuerdo. Dice que no le pongo l\u00edmites. \u00bfUstedes qu\u00e9 piensan?<\/b>\u201d, pregunt\u00f3, abriendo el di\u00e1logo a sus seguidores a trav\u00e9s de una encuesta donde pod\u00edan elegir si el gesto era tierno o, por el contrario, una falta total de higiene.<\/p>\n<p class=\"paragraph\" data-mrf-recirculation=\"Links inline\">En el video que subi\u00f3, el ic\u00f3nico conductor no ocult\u00f3 su simpat\u00eda por el h\u00e1bito del perro y respald\u00f3 su actitud diciendo: \u201c<b>Mi negro est\u00e1 arriba de la mesa, a m\u00ed me encanta y yo lo banco. Porque est\u00e1 fresquito y descansa. Ac\u00e1 dicen que no te pongo ning\u00fan l\u00edmite. Mi hija Cande est\u00e1 enojad\u00edsima conmigo\u2026 Para m\u00ed est\u00e1 bien que est\u00e9s ah\u00ed, mi amor<\/b>\u201d.<\/p>\n<div class=\"jwplayer-ctn\">\n<div>\n<div id=\"43WA5TLA7RAMJB2LTGAPT2CIA4-custom_embed11\" class=\"jwplayer jw-reset jw-state-idle jw-stretch-uniform jw-flag-aspect-mode jw-breakpoint-5 jw-floating-dismissible jw-keep-thumbnail jw-flag-user-inactive jw-flag-cast-available\" tabindex=\"0\" role=\"application\" aria-label=\"Video Player - El divertido ida y vuelta entre Candelaria y Marcelo Tinelli por la mascota familiar\" aria-describedby=\"jw-43WA5TLA7RAMJB2LTGAPT2CIA4-custom_embed11-shortcuts-tooltip-explanation\" data-compass-listening=\"true\">\n<div class=\"afs_ads ad-placement\"><\/div>\n<\/div>\n<\/div>\n<p>El mast\u00edn tibetano Bruno gener\u00f3 un divertido cruce entre Marcelo y Cande por sus costumbres peculiares<\/p><\/div>\n<p class=\"paragraph\" data-mrf-recirculation=\"Links inline\">La reacci\u00f3n de Cande no tard\u00f3 en llegar, reposte\u00f3 el video de su pap\u00e1 y sum\u00f3 un tono filoso y divertido al intercambio. La influencer respondi\u00f3 a trav\u00e9s de las redes sociales con un mensaje cargado de sinceridad e iron\u00eda: \u201c<b>Uyyyy, es que no cont\u00e1s el detalle del tufo que larga la tr\u00e1quea esa que come!! Vomito<\/b>\u201d, escribi\u00f3, poniendo el foco en el costado menos simp\u00e1tico de la situaci\u00f3n. Para ella, la discusi\u00f3n no giraba solo en torno al lugar de descanso de Bruno sino tambi\u00e9n al fuerte olor que deja despu\u00e9s de sus h\u00e1bitos alimenticios.<\/p>\n<p class=\"paragraph\" data-mrf-recirculation=\"Links inline\">Lejos de decirle al conductor del\u00a0<i>Bailando<\/i>\u00a0que hacer con el perro, le pidi\u00f3 que no dej\u00e9 los juguetes arriba: \u201c<b>\u00c9l que duerma donde quiera, es el REY, pero la TR\u00c1QUEA NOOO<\/b>\u201d, haciendo expl\u00edcita su postura y dejando en claro que, aunque comprende el cari\u00f1o de su padre por el perro, hay l\u00edmites en la convivencia.<\/p>\n<p class=\"paragraph\" data-mrf-recirculation=\"Links inline\">La joven subi\u00f3 un segundo video en sus redes sociales, all\u00ed mostr\u00f3 al mast\u00edn tibetano durmiendo tranquilamente arriba de la mesa de m\u00e1rmol y agreg\u00f3: \u201cLo que pap\u00e1 no cuenta es que eso es una tr\u00e1quea y no entienden en olor que tienen. No s\u00e9 puede comer ac\u00e1, no se puede hacer nada, \u00e9l est\u00e1 b\u00e1rbaro, me parece b\u00e1rbaro, pero esto no\u201d.<\/p>\n<div class=\"second-saved-buttons\">\n<div class=\"body-share-note\"><\/div>\n<\/div>\n","protected":false},"excerpt":{"rendered":"<p>Madre e hija disfrutaron de una jornada especial en la naturaleza, marcada por la conexi\u00f3n con una yegua y momentos llenos de afecto y espontaneidad Cande Tinelli\u00a0comparti\u00f3 una serie de im\u00e1genes de una jornada a puro campo y emoci\u00f3n, en la que estuvo acompa\u00f1ada por\u00a0su mam\u00e1,\u00a0Soledad Aquino, y una yegua a la que ella misma [&hellip;]<\/p>\n","protected":false},"author":1,"featured_media":2062,"comment_status":"open","ping_status":"open","sticky":false,"template":"","format":"standard","meta":{"rop_custom_images_group":[],"rop_custom_messages_group":[],"rop_publish_now":"initial","rop_publish_now_accounts":[],"rop_publish_now_history":[],"rop_publish_now_status":"pending","footnotes":"","jetpack_publicize_message":"","jetpack_publicize_feature_enabled":true,"jetpack_social_post_already_shared":true,"jetpack_social_options":{"image_generator_settings":{"template":"highway","enabled":false},"version":2}},"categories":[12],"tags":[],"class_list":{"0":"post-2059","1":"post","2":"type-post","3":"status-publish","4":"format-standard","5":"has-post-thumbnail","7":"category-espectaculos"},"jetpack_publicize_connections":[],"yoast_head":"<!-- This site is optimized with the Yoast SEO plugin v27.3 - https:\/\/yoast.com\/product\/yoast-seo-wordpress\/ -->\n<title>La tarde de equitaci\u00f3n de Cande Tinelli y su mam\u00e1, Soledad Aquino: \u201cVolvi\u00f3 mi viejita\u201d - CLAN ESPECTACULOS<\/title>\n<meta name=\"robots\" content=\"index, follow, max-snippet:-1, max-image-preview:large, max-video-preview:-1\" \/>\n<link rel=\"canonical\" href=\"https:\/\/radioclanfm.com\/clanespectaculos\/la-tarde-de-equitacion-de-cande-tinelli-y-su-mama-soledad-aquino-volvio-mi-viejita\/\" \/>\n<meta property=\"og:locale\" content=\"es_ES\" \/>\n<meta property=\"og:type\" content=\"article\" \/>\n<meta property=\"og:title\" content=\"La tarde de equitaci\u00f3n de Cande Tinelli y su mam\u00e1, Soledad Aquino: \u201cVolvi\u00f3 mi viejita\u201d - CLAN ESPECTACULOS\" \/>\n<meta property=\"og:description\" content=\"Madre e hija disfrutaron de una jornada especial en la naturaleza, marcada por la conexi\u00f3n con una yegua y momentos llenos de afecto y espontaneidad Cande Tinelli\u00a0comparti\u00f3 una serie de im\u00e1genes de una jornada a puro campo y emoci\u00f3n, en la que estuvo acompa\u00f1ada por\u00a0su mam\u00e1,\u00a0Soledad Aquino, y una yegua a la que ella misma [&hellip;]\" \/>\n<meta property=\"og:url\" content=\"https:\/\/radioclanfm.com\/clanespectaculos\/la-tarde-de-equitacion-de-cande-tinelli-y-su-mama-soledad-aquino-volvio-mi-viejita\/\" \/>\n<meta property=\"og:site_name\" content=\"CLAN ESPECTACULOS\" \/>\n<meta property=\"article:publisher\" content=\"https:\/\/www.facebook.com\/clanespectaculos\/\" \/>\n<meta property=\"article:published_time\" content=\"2025-06-20T02:39:22+00:00\" \/>\n<meta property=\"og:image\" content=\"https:\/\/radioclanfm.com\/clanespectaculos\/wp-content\/uploads\/sites\/2\/2025\/06\/usqANRm3.jpg\" \/>\n\t<meta property=\"og:image:width\" content=\"900\" \/>\n\t<meta property=\"og:image:height\" content=\"450\" \/>\n\t<meta property=\"og:image:type\" content=\"image\/jpeg\" \/>\n<meta name=\"author\" content=\"E-GRUPOCLAN\" \/>\n<meta name=\"twitter:card\" content=\"summary_large_image\" \/>\n<meta name=\"twitter:creator\" content=\"@clanespectok\" \/>\n<meta name=\"twitter:site\" content=\"@clanespectok\" \/>\n<meta name=\"twitter:label1\" content=\"Escrito por\" \/>\n\t<meta name=\"twitter:data1\" content=\"E-GRUPOCLAN\" \/>\n\t<meta name=\"twitter:label2\" content=\"Tiempo de lectura\" \/>\n\t<meta name=\"twitter:data2\" content=\"4 minutos\" \/>\n<script type=\"application\/ld+json\" class=\"yoast-schema-graph\">{\"@context\":\"https:\\\/\\\/schema.org\",\"@graph\":[{\"@type\":\"Article\",\"@id\":\"https:\\\/\\\/radioclanfm.com\\\/clanespectaculos\\\/la-tarde-de-equitacion-de-cande-tinelli-y-su-mama-soledad-aquino-volvio-mi-viejita\\\/#article\",\"isPartOf\":{\"@id\":\"https:\\\/\\\/radioclanfm.com\\\/clanespectaculos\\\/la-tarde-de-equitacion-de-cande-tinelli-y-su-mama-soledad-aquino-volvio-mi-viejita\\\/\"},\"author\":{\"name\":\"E-GRUPOCLAN\",\"@id\":\"https:\\\/\\\/radioclanfm.com\\\/clanespectaculos\\\/#\\\/schema\\\/person\\\/9734813083303230f3ad84d99171b20c\"},\"headline\":\"La tarde de equitaci\u00f3n de Cande Tinelli y su mam\u00e1, Soledad Aquino: \u201cVolvi\u00f3 mi viejita\u201d\",\"datePublished\":\"2025-06-20T02:39:22+00:00\",\"mainEntityOfPage\":{\"@id\":\"https:\\\/\\\/radioclanfm.com\\\/clanespectaculos\\\/la-tarde-de-equitacion-de-cande-tinelli-y-su-mama-soledad-aquino-volvio-mi-viejita\\\/\"},\"wordCount\":893,\"commentCount\":0,\"publisher\":{\"@id\":\"https:\\\/\\\/radioclanfm.com\\\/clanespectaculos\\\/#organization\"},\"image\":{\"@id\":\"https:\\\/\\\/radioclanfm.com\\\/clanespectaculos\\\/la-tarde-de-equitacion-de-cande-tinelli-y-su-mama-soledad-aquino-volvio-mi-viejita\\\/#primaryimage\"},\"thumbnailUrl\":\"https:\\\/\\\/radioclanfm.com\\\/clanespectaculos\\\/wp-content\\\/uploads\\\/sites\\\/2\\\/2025\\\/06\\\/usqANRm3.jpg\",\"articleSection\":[\"Espectaculos\"],\"inLanguage\":\"es-AR\",\"potentialAction\":[{\"@type\":\"CommentAction\",\"name\":\"Comment\",\"target\":[\"https:\\\/\\\/radioclanfm.com\\\/clanespectaculos\\\/la-tarde-de-equitacion-de-cande-tinelli-y-su-mama-soledad-aquino-volvio-mi-viejita\\\/#respond\"]}]},{\"@type\":\"WebPage\",\"@id\":\"https:\\\/\\\/radioclanfm.com\\\/clanespectaculos\\\/la-tarde-de-equitacion-de-cande-tinelli-y-su-mama-soledad-aquino-volvio-mi-viejita\\\/\",\"url\":\"https:\\\/\\\/radioclanfm.com\\\/clanespectaculos\\\/la-tarde-de-equitacion-de-cande-tinelli-y-su-mama-soledad-aquino-volvio-mi-viejita\\\/\",\"name\":\"La tarde de equitaci\u00f3n de Cande Tinelli y su mam\u00e1, Soledad Aquino: \u201cVolvi\u00f3 mi viejita\u201d - CLAN ESPECTACULOS\",\"isPartOf\":{\"@id\":\"https:\\\/\\\/radioclanfm.com\\\/clanespectaculos\\\/#website\"},\"primaryImageOfPage\":{\"@id\":\"https:\\\/\\\/radioclanfm.com\\\/clanespectaculos\\\/la-tarde-de-equitacion-de-cande-tinelli-y-su-mama-soledad-aquino-volvio-mi-viejita\\\/#primaryimage\"},\"image\":{\"@id\":\"https:\\\/\\\/radioclanfm.com\\\/clanespectaculos\\\/la-tarde-de-equitacion-de-cande-tinelli-y-su-mama-soledad-aquino-volvio-mi-viejita\\\/#primaryimage\"},\"thumbnailUrl\":\"https:\\\/\\\/radioclanfm.com\\\/clanespectaculos\\\/wp-content\\\/uploads\\\/sites\\\/2\\\/2025\\\/06\\\/usqANRm3.jpg\",\"datePublished\":\"2025-06-20T02:39:22+00:00\",\"breadcrumb\":{\"@id\":\"https:\\\/\\\/radioclanfm.com\\\/clanespectaculos\\\/la-tarde-de-equitacion-de-cande-tinelli-y-su-mama-soledad-aquino-volvio-mi-viejita\\\/#breadcrumb\"},\"inLanguage\":\"es-AR\",\"potentialAction\":[{\"@type\":\"ReadAction\",\"target\":[\"https:\\\/\\\/radioclanfm.com\\\/clanespectaculos\\\/la-tarde-de-equitacion-de-cande-tinelli-y-su-mama-soledad-aquino-volvio-mi-viejita\\\/\"]}]},{\"@type\":\"ImageObject\",\"inLanguage\":\"es-AR\",\"@id\":\"https:\\\/\\\/radioclanfm.com\\\/clanespectaculos\\\/la-tarde-de-equitacion-de-cande-tinelli-y-su-mama-soledad-aquino-volvio-mi-viejita\\\/#primaryimage\",\"url\":\"https:\\\/\\\/radioclanfm.com\\\/clanespectaculos\\\/wp-content\\\/uploads\\\/sites\\\/2\\\/2025\\\/06\\\/usqANRm3.jpg\",\"contentUrl\":\"https:\\\/\\\/radioclanfm.com\\\/clanespectaculos\\\/wp-content\\\/uploads\\\/sites\\\/2\\\/2025\\\/06\\\/usqANRm3.jpg\",\"width\":900,\"height\":450},{\"@type\":\"BreadcrumbList\",\"@id\":\"https:\\\/\\\/radioclanfm.com\\\/clanespectaculos\\\/la-tarde-de-equitacion-de-cande-tinelli-y-su-mama-soledad-aquino-volvio-mi-viejita\\\/#breadcrumb\",\"itemListElement\":[{\"@type\":\"ListItem\",\"position\":1,\"name\":\"Inicio\",\"item\":\"https:\\\/\\\/radioclanfm.com\\\/clanespectaculos\\\/\"},{\"@type\":\"ListItem\",\"position\":2,\"name\":\"La tarde de equitaci\u00f3n de Cande Tinelli y su mam\u00e1, Soledad Aquino: \u201cVolvi\u00f3 mi viejita\u201d\"}]},{\"@type\":\"WebSite\",\"@id\":\"https:\\\/\\\/radioclanfm.com\\\/clanespectaculos\\\/#website\",\"url\":\"https:\\\/\\\/radioclanfm.com\\\/clanespectaculos\\\/\",\"name\":\"CLAN ESPECTACULOS\",\"description\":\"\",\"publisher\":{\"@id\":\"https:\\\/\\\/radioclanfm.com\\\/clanespectaculos\\\/#organization\"},\"potentialAction\":[{\"@type\":\"SearchAction\",\"target\":{\"@type\":\"EntryPoint\",\"urlTemplate\":\"https:\\\/\\\/radioclanfm.com\\\/clanespectaculos\\\/?s={search_term_string}\"},\"query-input\":{\"@type\":\"PropertyValueSpecification\",\"valueRequired\":true,\"valueName\":\"search_term_string\"}}],\"inLanguage\":\"es-AR\"},{\"@type\":\"Organization\",\"@id\":\"https:\\\/\\\/radioclanfm.com\\\/clanespectaculos\\\/#organization\",\"name\":\"CLAN ESPECTACULOS\",\"url\":\"https:\\\/\\\/radioclanfm.com\\\/clanespectaculos\\\/\",\"logo\":{\"@type\":\"ImageObject\",\"inLanguage\":\"es-AR\",\"@id\":\"https:\\\/\\\/radioclanfm.com\\\/clanespectaculos\\\/#\\\/schema\\\/logo\\\/image\\\/\",\"url\":\"https:\\\/\\\/radioclanfm.com\\\/clanespectaculos\\\/wp-content\\\/uploads\\\/sites\\\/2\\\/2026\\\/04\\\/ChatGPT-Image-23-mar-2026-10_09_00.png\",\"contentUrl\":\"https:\\\/\\\/radioclanfm.com\\\/clanespectaculos\\\/wp-content\\\/uploads\\\/sites\\\/2\\\/2026\\\/04\\\/ChatGPT-Image-23-mar-2026-10_09_00.png\",\"width\":1024,\"height\":1024,\"caption\":\"CLAN ESPECTACULOS\"},\"image\":{\"@id\":\"https:\\\/\\\/radioclanfm.com\\\/clanespectaculos\\\/#\\\/schema\\\/logo\\\/image\\\/\"},\"sameAs\":[\"https:\\\/\\\/www.facebook.com\\\/clanespectaculos\\\/\",\"https:\\\/\\\/x.com\\\/clanespectok\"]},{\"@type\":\"Person\",\"@id\":\"https:\\\/\\\/radioclanfm.com\\\/clanespectaculos\\\/#\\\/schema\\\/person\\\/9734813083303230f3ad84d99171b20c\",\"name\":\"E-GRUPOCLAN\",\"image\":{\"@type\":\"ImageObject\",\"inLanguage\":\"es-AR\",\"@id\":\"https:\\\/\\\/secure.gravatar.com\\\/avatar\\\/af6e19837c3d6a212034a48c7b3818d2ac1826f6025df0155da5a186ad321d79?s=96&d=mm&r=g\",\"url\":\"https:\\\/\\\/secure.gravatar.com\\\/avatar\\\/af6e19837c3d6a212034a48c7b3818d2ac1826f6025df0155da5a186ad321d79?s=96&d=mm&r=g\",\"contentUrl\":\"https:\\\/\\\/secure.gravatar.com\\\/avatar\\\/af6e19837c3d6a212034a48c7b3818d2ac1826f6025df0155da5a186ad321d79?s=96&d=mm&r=g\",\"caption\":\"E-GRUPOCLAN\"},\"sameAs\":[\"https:\\\/\\\/radioclanfm.com\"],\"url\":\"https:\\\/\\\/radioclanfm.com\\\/clanespectaculos\\\/author\\\/admin\\\/\"}]}<\/script>\n<!-- \/ Yoast SEO plugin. -->","yoast_head_json":{"title":"La tarde de equitaci\u00f3n de Cande Tinelli y su mam\u00e1, Soledad Aquino: \u201cVolvi\u00f3 mi viejita\u201d - CLAN ESPECTACULOS","robots":{"index":"index","follow":"follow","max-snippet":"max-snippet:-1","max-image-preview":"max-image-preview:large","max-video-preview":"max-video-preview:-1"},"canonical":"https:\/\/radioclanfm.com\/clanespectaculos\/la-tarde-de-equitacion-de-cande-tinelli-y-su-mama-soledad-aquino-volvio-mi-viejita\/","og_locale":"es_ES","og_type":"article","og_title":"La tarde de equitaci\u00f3n de Cande Tinelli y su mam\u00e1, Soledad Aquino: \u201cVolvi\u00f3 mi viejita\u201d - CLAN ESPECTACULOS","og_description":"Madre e hija disfrutaron de una jornada especial en la naturaleza, marcada por la conexi\u00f3n con una yegua y momentos llenos de afecto y espontaneidad Cande Tinelli\u00a0comparti\u00f3 una serie de im\u00e1genes de una jornada a puro campo y emoci\u00f3n, en la que estuvo acompa\u00f1ada por\u00a0su mam\u00e1,\u00a0Soledad Aquino, y una yegua a la que ella misma [&hellip;]","og_url":"https:\/\/radioclanfm.com\/clanespectaculos\/la-tarde-de-equitacion-de-cande-tinelli-y-su-mama-soledad-aquino-volvio-mi-viejita\/","og_site_name":"CLAN ESPECTACULOS","article_publisher":"https:\/\/www.facebook.com\/clanespectaculos\/","article_published_time":"2025-06-20T02:39:22+00:00","og_image":[{"width":900,"height":450,"url":"https:\/\/radioclanfm.com\/clanespectaculos\/wp-content\/uploads\/sites\/2\/2025\/06\/usqANRm3.jpg","type":"image\/jpeg"}],"author":"E-GRUPOCLAN","twitter_card":"summary_large_image","twitter_creator":"@clanespectok","twitter_site":"@clanespectok","twitter_misc":{"Escrito por":"E-GRUPOCLAN","Tiempo de lectura":"4 minutos"},"schema":{"@context":"https:\/\/schema.org","@graph":[{"@type":"Article","@id":"https:\/\/radioclanfm.com\/clanespectaculos\/la-tarde-de-equitacion-de-cande-tinelli-y-su-mama-soledad-aquino-volvio-mi-viejita\/#article","isPartOf":{"@id":"https:\/\/radioclanfm.com\/clanespectaculos\/la-tarde-de-equitacion-de-cande-tinelli-y-su-mama-soledad-aquino-volvio-mi-viejita\/"},"author":{"name":"E-GRUPOCLAN","@id":"https:\/\/radioclanfm.com\/clanespectaculos\/#\/schema\/person\/9734813083303230f3ad84d99171b20c"},"headline":"La tarde de equitaci\u00f3n de Cande Tinelli y su mam\u00e1, Soledad Aquino: \u201cVolvi\u00f3 mi viejita\u201d","datePublished":"2025-06-20T02:39:22+00:00","mainEntityOfPage":{"@id":"https:\/\/radioclanfm.com\/clanespectaculos\/la-tarde-de-equitacion-de-cande-tinelli-y-su-mama-soledad-aquino-volvio-mi-viejita\/"},"wordCount":893,"commentCount":0,"publisher":{"@id":"https:\/\/radioclanfm.com\/clanespectaculos\/#organization"},"image":{"@id":"https:\/\/radioclanfm.com\/clanespectaculos\/la-tarde-de-equitacion-de-cande-tinelli-y-su-mama-soledad-aquino-volvio-mi-viejita\/#primaryimage"},"thumbnailUrl":"https:\/\/radioclanfm.com\/clanespectaculos\/wp-content\/uploads\/sites\/2\/2025\/06\/usqANRm3.jpg","articleSection":["Espectaculos"],"inLanguage":"es-AR","potentialAction":[{"@type":"CommentAction","name":"Comment","target":["https:\/\/radioclanfm.com\/clanespectaculos\/la-tarde-de-equitacion-de-cande-tinelli-y-su-mama-soledad-aquino-volvio-mi-viejita\/#respond"]}]},{"@type":"WebPage","@id":"https:\/\/radioclanfm.com\/clanespectaculos\/la-tarde-de-equitacion-de-cande-tinelli-y-su-mama-soledad-aquino-volvio-mi-viejita\/","url":"https:\/\/radioclanfm.com\/clanespectaculos\/la-tarde-de-equitacion-de-cande-tinelli-y-su-mama-soledad-aquino-volvio-mi-viejita\/","name":"La tarde de equitaci\u00f3n de Cande Tinelli y su mam\u00e1, Soledad Aquino: \u201cVolvi\u00f3 mi viejita\u201d - CLAN ESPECTACULOS","isPartOf":{"@id":"https:\/\/radioclanfm.com\/clanespectaculos\/#website"},"primaryImageOfPage":{"@id":"https:\/\/radioclanfm.com\/clanespectaculos\/la-tarde-de-equitacion-de-cande-tinelli-y-su-mama-soledad-aquino-volvio-mi-viejita\/#primaryimage"},"image":{"@id":"https:\/\/radioclanfm.com\/clanespectaculos\/la-tarde-de-equitacion-de-cande-tinelli-y-su-mama-soledad-aquino-volvio-mi-viejita\/#primaryimage"},"thumbnailUrl":"https:\/\/radioclanfm.com\/clanespectaculos\/wp-content\/uploads\/sites\/2\/2025\/06\/usqANRm3.jpg","datePublished":"2025-06-20T02:39:22+00:00","breadcrumb":{"@id":"https:\/\/radioclanfm.com\/clanespectaculos\/la-tarde-de-equitacion-de-cande-tinelli-y-su-mama-soledad-aquino-volvio-mi-viejita\/#breadcrumb"},"inLanguage":"es-AR","potentialAction":[{"@type":"ReadAction","target":["https:\/\/radioclanfm.com\/clanespectaculos\/la-tarde-de-equitacion-de-cande-tinelli-y-su-mama-soledad-aquino-volvio-mi-viejita\/"]}]},{"@type":"ImageObject","inLanguage":"es-AR","@id":"https:\/\/radioclanfm.com\/clanespectaculos\/la-tarde-de-equitacion-de-cande-tinelli-y-su-mama-soledad-aquino-volvio-mi-viejita\/#primaryimage","url":"https:\/\/radioclanfm.com\/clanespectaculos\/wp-content\/uploads\/sites\/2\/2025\/06\/usqANRm3.jpg","contentUrl":"https:\/\/radioclanfm.com\/clanespectaculos\/wp-content\/uploads\/sites\/2\/2025\/06\/usqANRm3.jpg","width":900,"height":450},{"@type":"BreadcrumbList","@id":"https:\/\/radioclanfm.com\/clanespectaculos\/la-tarde-de-equitacion-de-cande-tinelli-y-su-mama-soledad-aquino-volvio-mi-viejita\/#breadcrumb","itemListElement":[{"@type":"ListItem","position":1,"name":"Inicio","item":"https:\/\/radioclanfm.com\/clanespectaculos\/"},{"@type":"ListItem","position":2,"name":"La tarde de equitaci\u00f3n de Cande Tinelli y su mam\u00e1, Soledad Aquino: \u201cVolvi\u00f3 mi viejita\u201d"}]},{"@type":"WebSite","@id":"https:\/\/radioclanfm.com\/clanespectaculos\/#website","url":"https:\/\/radioclanfm.com\/clanespectaculos\/","name":"CLAN ESPECTACULOS","description":"","publisher":{"@id":"https:\/\/radioclanfm.com\/clanespectaculos\/#organization"},"potentialAction":[{"@type":"SearchAction","target":{"@type":"EntryPoint","urlTemplate":"https:\/\/radioclanfm.com\/clanespectaculos\/?s={search_term_string}"},"query-input":{"@type":"PropertyValueSpecification","valueRequired":true,"valueName":"search_term_string"}}],"inLanguage":"es-AR"},{"@type":"Organization","@id":"https:\/\/radioclanfm.com\/clanespectaculos\/#organization","name":"CLAN ESPECTACULOS","url":"https:\/\/radioclanfm.com\/clanespectaculos\/","logo":{"@type":"ImageObject","inLanguage":"es-AR","@id":"https:\/\/radioclanfm.com\/clanespectaculos\/#\/schema\/logo\/image\/","url":"https:\/\/radioclanfm.com\/clanespectaculos\/wp-content\/uploads\/sites\/2\/2026\/04\/ChatGPT-Image-23-mar-2026-10_09_00.png","contentUrl":"https:\/\/radioclanfm.com\/clanespectaculos\/wp-content\/uploads\/sites\/2\/2026\/04\/ChatGPT-Image-23-mar-2026-10_09_00.png","width":1024,"height":1024,"caption":"CLAN ESPECTACULOS"},"image":{"@id":"https:\/\/radioclanfm.com\/clanespectaculos\/#\/schema\/logo\/image\/"},"sameAs":["https:\/\/www.facebook.com\/clanespectaculos\/","https:\/\/x.com\/clanespectok"]},{"@type":"Person","@id":"https:\/\/radioclanfm.com\/clanespectaculos\/#\/schema\/person\/9734813083303230f3ad84d99171b20c","name":"E-GRUPOCLAN","image":{"@type":"ImageObject","inLanguage":"es-AR","@id":"https:\/\/secure.gravatar.com\/avatar\/af6e19837c3d6a212034a48c7b3818d2ac1826f6025df0155da5a186ad321d79?s=96&d=mm&r=g","url":"https:\/\/secure.gravatar.com\/avatar\/af6e19837c3d6a212034a48c7b3818d2ac1826f6025df0155da5a186ad321d79?s=96&d=mm&r=g","contentUrl":"https:\/\/secure.gravatar.com\/avatar\/af6e19837c3d6a212034a48c7b3818d2ac1826f6025df0155da5a186ad321d79?s=96&d=mm&r=g","caption":"E-GRUPOCLAN"},"sameAs":["https:\/\/radioclanfm.com"],"url":"https:\/\/radioclanfm.com\/clanespectaculos\/author\/admin\/"}]}},"_links":{"self":[{"href":"https:\/\/radioclanfm.com\/clanespectaculos\/wp-json\/wp\/v2\/posts\/2059","targetHints":{"allow":["GET"]}}],"collection":[{"href":"https:\/\/radioclanfm.com\/clanespectaculos\/wp-json\/wp\/v2\/posts"}],"about":[{"href":"https:\/\/radioclanfm.com\/clanespectaculos\/wp-json\/wp\/v2\/types\/post"}],"author":[{"embeddable":true,"href":"https:\/\/radioclanfm.com\/clanespectaculos\/wp-json\/wp\/v2\/users\/1"}],"replies":[{"embeddable":true,"href":"https:\/\/radioclanfm.com\/clanespectaculos\/wp-json\/wp\/v2\/comments?post=2059"}],"version-history":[{"count":1,"href":"https:\/\/radioclanfm.com\/clanespectaculos\/wp-json\/wp\/v2\/posts\/2059\/revisions"}],"predecessor-version":[{"id":2063,"href":"https:\/\/radioclanfm.com\/clanespectaculos\/wp-json\/wp\/v2\/posts\/2059\/revisions\/2063"}],"wp:featuredmedia":[{"embeddable":true,"href":"https:\/\/radioclanfm.com\/clanespectaculos\/wp-json\/wp\/v2\/media\/2062"}],"wp:attachment":[{"href":"https:\/\/radioclanfm.com\/clanespectaculos\/wp-json\/wp\/v2\/media?parent=2059"}],"wp:term":[{"taxonomy":"category","embeddable":true,"href":"https:\/\/radioclanfm.com\/clanespectaculos\/wp-json\/wp\/v2\/categories?post=2059"},{"taxonomy":"post_tag","embeddable":true,"href":"https:\/\/radioclanfm.com\/clanespectaculos\/wp-json\/wp\/v2\/tags?post=2059"}],"curies":[{"name":"wp","href":"https:\/\/api.w.org\/{rel}","templated":true}]}}