{"id":2049,"date":"2025-06-19T23:35:53","date_gmt":"2025-06-20T02:35:53","guid":{"rendered":"https:\/\/radioclanfm.com\/clanespectaculos\/?p=2049"},"modified":"2025-06-19T23:35:53","modified_gmt":"2025-06-20T02:35:53","slug":"la-tora-villar-presento-a-su-novio-durante-un-movil-desde-el-mundial-de-clubes-beso-en-vivo-y-mucha-complicidad","status":"publish","type":"post","link":"https:\/\/radioclanfm.com\/clanespectaculos\/la-tora-villar-presento-a-su-novio-durante-un-movil-desde-el-mundial-de-clubes-beso-en-vivo-y-mucha-complicidad\/","title":{"rendered":"La Tora Villar present\u00f3 a su novio durante un m\u00f3vil desde el Mundial de Clubes: beso en vivo y mucha complicidad"},"content":{"rendered":"<p>La pareja mostr\u00f3 todo su amor desde Miami, donde la ex Gran Hermano trabaja en la cobertura del evento. El origen del romance y el v\u00ednculo que formaron m\u00e1s all\u00e1 de la pantalla<\/p>\n<p class=\"paragraph\" data-mrf-recirculation=\"Links inline\">En mayo,<b>\u00a0Lucila La Tora Villar\u00a0<\/b><b>apost\u00f3 por dejar las especulaciones atr\u00e1s y blanque\u00f3 oficialmente su noviazgo con Maximiliano Appap<\/b>, conocido art\u00edsticamente como\u00a0<b>Maxi Kilates<\/b>, el l\u00edder de la banda de cumbia\u00a0<b>18 Kilates<\/b>. La confirmaci\u00f3n no necesit\u00f3 m\u00e1s que una historia de Instagram: una publicaci\u00f3n precisa y contundente que sell\u00f3 semanas de rumores y dej\u00f3 claro que la exparticipante de<i><b>\u00a0Gran Hermano 2022\u00a0<\/b><\/i>(Telefe) no tiene reparos en mostrar su faceta m\u00e1s personal ni esconder los detalles de su vida amorosa. A partir de ese momento, la influencer se mostr\u00f3 cada vez m\u00e1s cerca del m\u00fasico y, ya instalados como pareja,\u00a0<b>vivieron recientemente un momento cargado de ternura en medio de la cobertura del\u00a0<\/b><b>Mundial de Clubes<\/b><b>\u00a0en Miami, Estados Unidos<\/b>.<\/p>\n<div class=\"news-module\" data-mrf-recirculation=\"IL_Ct0zZTd2RqSjHGMXsLzz7w\" data-testid=\"text-html\" data-mrf-experience=\"IL_Ct0zZTd2RqSjHGMXsLzz7w\">\n<div class=\"recommended-card__image-container\"><\/div>\n<\/div>\n<p class=\"paragraph\" data-mrf-recirculation=\"Links inline\">Durante el m\u00f3vil transmitido desde tierras norteamericanas, La Tora no dud\u00f3 en involucrar a su pareja ante c\u00e1mara y compartir esa cotidianidad ante el equipo de\u00a0<i><b>A la Barbarossa<\/b><\/i>\u00a0(Telefe). \u201c<b>Vine con alguien. Lo voy a presentar a la t\u00eda\u00a0<\/b><i><b>Geo<\/b><\/i>\u201d, anunci\u00f3 con humor, anticipando la aparici\u00f3n de Maxi, quien ingres\u00f3 a cuadro con un look relajado y r\u00e1pidamente se llev\u00f3 el centro de las bromas de la conductora. \u201c<b>\u00a1Qu\u00e9 termos tiene!<\/b>\u201d, brome\u00f3 con picard\u00eda, se\u00f1alando los brazos de su novio y, despu\u00e9s, sum\u00f3 un elogio directo: \u201cEs muy lindo\u201d.<\/p>\n<div class=\"inline ad-wrapper\">\n<div class=\"dfpAd ad-inline\">\n<div id=\"infobae\/teleshow\/nota\/inline\" class=\"infobae\/teleshow\/nota\/inline arcad\" data-google-query-id=\"CPXW4aT7_o0DFdFMuAQdAd0eVA\">\n<div id=\"google_ads_iframe_\/1058609\/infobae\/teleshow\/nota\/inline_0__container__\"><\/div>\n<\/div>\n<\/div>\n<\/div>\n<p class=\"paragraph\" data-mrf-recirculation=\"Links inline\">La complicidad de la pareja no tard\u00f3 en aflorar durante la charla, especialmente cuando\u00a0<b>Georgina Barbarossa<\/b>, desde el piso, quiso saber c\u00f3mo hab\u00eda comenzado el v\u00ednculo. Villar relat\u00f3 sin vueltas: \u201c<b>Nos conocimos en un stream donde est\u00e1bamos haciendo notas. Y ese mismo d\u00eda&#8230; flechazo<\/b>\u201d. La revelaci\u00f3n fue acompa\u00f1ada por la mirada atenta de Maxi, que tambi\u00e9n sum\u00f3 su propia experiencia en el viaje: \u201c<b>Para no perder la costumbre, estamos tomando unos matecitos con 30 grados de calor, aprovechando para disfrutar del Mundial de Clubes y tambi\u00e9n acompa\u00f1ando<\/b>\u201d. La relaci\u00f3n, que naci\u00f3 delante de c\u00e1maras en pleno auge de plataformas digitales, hoy se manifiesta sin secretos ni reservas frente al p\u00fablico.<\/p>\n<div class=\"news-module\" data-mrf-recirculation=\"IL_RjJ8XQ94SCCdND4VX9YvyQ\" data-testid=\"text-html\" data-mrf-experience=\"IL_RjJ8XQ94SCCdND4VX9YvyQ\">\n<div class=\"recommended-card__image-container\"><\/div>\n<\/div>\n<div class=\"visual__image\"><picture><source srcset=\"https:\/\/www.infobae.com\/resizer\/v2\/F6AR776HYVD7XBNIIYXAYF4PGY.jpg?auth=4a0b085b7ec2de35954f0879b479173dab65ea98559c1a830eab6bc1bf768923&amp;smart=true&amp;width=992&amp;height=558&amp;quality=85\" media=\"(min-width: 1000px)\" \/><source srcset=\"https:\/\/www.infobae.com\/resizer\/v2\/F6AR776HYVD7XBNIIYXAYF4PGY.jpg?auth=4a0b085b7ec2de35954f0879b479173dab65ea98559c1a830eab6bc1bf768923&amp;smart=true&amp;width=768&amp;height=432&amp;quality=85\" media=\"(min-width: 768px)\" \/><source srcset=\"https:\/\/www.infobae.com\/resizer\/v2\/F6AR776HYVD7XBNIIYXAYF4PGY.jpg?auth=4a0b085b7ec2de35954f0879b479173dab65ea98559c1a830eab6bc1bf768923&amp;smart=true&amp;width=577&amp;height=325&amp;quality=85\" media=\"(min-width: 580px)\" \/><source srcset=\"https:\/\/www.infobae.com\/resizer\/v2\/F6AR776HYVD7XBNIIYXAYF4PGY.jpg?auth=4a0b085b7ec2de35954f0879b479173dab65ea98559c1a830eab6bc1bf768923&amp;smart=true&amp;width=420&amp;height=236&amp;quality=85\" media=\"(min-width: 350px)\" \/><source srcset=\"https:\/\/www.infobae.com\/resizer\/v2\/F6AR776HYVD7XBNIIYXAYF4PGY.jpg?auth=4a0b085b7ec2de35954f0879b479173dab65ea98559c1a830eab6bc1bf768923&amp;smart=true&amp;width=350&amp;height=197&amp;quality=85\" media=\"(min-width: 80px)\" \/><img loading=\"lazy\" decoding=\"async\" class=\"global-image\" src=\"https:\/\/www.infobae.com\/resizer\/v2\/F6AR776HYVD7XBNIIYXAYF4PGY.jpg?auth=4a0b085b7ec2de35954f0879b479173dab65ea98559c1a830eab6bc1bf768923&amp;smart=true&amp;width=350&amp;height=197&amp;quality=85\" alt=\"La pareja protagoniz\u00f3 un tierno\" width=\"1920\" height=\"1080\" \/><\/picture>La pareja protagoniz\u00f3 un tierno momento en medio de la cobertura del Mundial de Clubes<\/div>\n<p class=\"paragraph\" data-mrf-recirculation=\"Links inline\">Consultado sobre las razones de su enamoramiento, Kilates se mostr\u00f3 sincero: \u201c<b>Su sencillez, su personalidad. Me sorprende d\u00eda a d\u00eda, y sobre todo, valoro los peque\u00f1os detalles que hacen a la persona. Cuando puedo, trato de acompa\u00f1arla y acompa\u00f1arnos mutuamente en lo que hace cada uno<\/b>\u201d. Las palabras del referente de la cumbia dejaron a la vista la qu\u00edmica y la b\u00fasqueda mutua de apoyo, factores que parecen consolidar su presente amoroso.<\/p>\n<div class=\"inline_2_DSK ad-wrapper ad-desktop\">\n<div class=\"dfpAd ad-inline\"><\/div>\n<\/div>\n<p class=\"paragraph\" data-mrf-recirculation=\"Links inline\">El romance no surgi\u00f3 de la nada. El primer indicio concreto sobre el acercamiento entre Villar y Appap\u00a0fue revelado en el programa\u00a0<i>El Ej\u00e9rcito de la Ma\u00f1ana<\/i>\u00a0(Bondi Live), conducido por\u00a0<b>Pepe Ochoa<\/b>\u00a0y\u00a0<b>Fefe Bongiorno<\/b>. Desde ese espacio, Ochoa aport\u00f3 la cronolog\u00eda precisa: \u201cEsto arranc\u00f3 as\u00ed:<b>\u00a0ella lo invit\u00f3 a \u00e9l a su streaming. Ah\u00ed se conocen, hace dos meses y medio o tres meses<\/b>\u201d, detall\u00f3 el panelista, aportando as\u00ed contexto a una historia que hab\u00eda estado circulando en el mundo del espect\u00e1culo, pero sin confirmaciones oficiales hasta que, semanas m\u00e1s tarde,\u00a0se viraliz\u00f3 un \u00edntimo video entre ambos.<\/p>\n<div class=\"news-module\" data-mrf-recirculation=\"IL_wPVu_IE4S76a5Gsl0lX8mA\" data-testid=\"text-html\" data-mrf-experience=\"IL_wPVu_IE4S76a5Gsl0lX8mA\"><\/div>\n<div class=\"jwplayer-ctn\"><\/div>\n<p class=\"paragraph\" data-mrf-recirculation=\"Links inline\">El mismo Ochoa sum\u00f3 detalles sobre c\u00f3mo se dio el inicio del v\u00ednculo: \u201cDespu\u00e9s de eso,\u00a0<b>\u00e9l le manda un mensajito a ella y empiezan a hablar. A la semana \u00e9l la invita a salir a ella y desde ese momento no se separaron m\u00e1s<\/b>\u201d. Desde entonces, los encuentros entre la conductora y el cantante se volvieron pr\u00e1cticamente una rutina diaria.<\/p>\n<p class=\"paragraph\" data-mrf-recirculation=\"Links inline\">La informaci\u00f3n fue tomada, como indic\u00f3 el propio panelista, directamente de una fuente de primera mano, aunque al principio Villar prefiri\u00f3 el perfil bajo. \u201c<b>Le pregunt\u00e9 a ella y se hizo ol\u00edmpicamente la boluda, pero yo lo confirm\u00e9 por otro lado<\/b>\u201d, sostuvo Ochoa. El panel tambi\u00e9n remarc\u00f3 la seriedad de la pareja y el hecho de que compartir tiempo juntos se volvi\u00f3 parte fundamental de su rutina: \u201cSe ha ido afianzando pr\u00e1cticamente todo el tiempo, ya que se ven casi todos los d\u00edas\u201d.<\/p>\n<p class=\"paragraph\" data-mrf-recirculation=\"Links inline\">A poco tiempo de hacer p\u00fablico el romance, y con cada uno consolidado en sus carreras,\u00a0<b>La Tora y Maxi viven la relaci\u00f3n sin misterios y con la frescura de quienes encuentran en la compa\u00f1\u00eda mutua un motor para el d\u00eda a d\u00eda<\/b>. Mientras los medios y las redes suman nuevos cap\u00edtulos a la cr\u00f3nica, la pareja elige naturalizar su v\u00ednculo con autenticidad y espontaneidad desde el primer d\u00eda, demostrando que esta vez el romance no tiene dobles lecturas, solo hechos a la vista de todos.<\/p>\n<div class=\"second-saved-buttons\">\n<div class=\"body-share-note\"><\/div>\n<\/div>\n","protected":false},"excerpt":{"rendered":"<p>La pareja mostr\u00f3 todo su amor desde Miami, donde la ex Gran Hermano trabaja en la cobertura del evento. El origen del romance y el v\u00ednculo que formaron m\u00e1s all\u00e1 de la pantalla En mayo,\u00a0Lucila La Tora Villar\u00a0apost\u00f3 por dejar las especulaciones atr\u00e1s y blanque\u00f3 oficialmente su noviazgo con Maximiliano Appap, conocido art\u00edsticamente como\u00a0Maxi Kilates, [&hellip;]<\/p>\n","protected":false},"author":1,"featured_media":2052,"comment_status":"open","ping_status":"open","sticky":false,"template":"","format":"standard","meta":{"rop_custom_images_group":[],"rop_custom_messages_group":[],"rop_publish_now":"initial","rop_publish_now_accounts":[],"rop_publish_now_history":[],"rop_publish_now_status":"pending","footnotes":"","jetpack_publicize_message":"","jetpack_publicize_feature_enabled":true,"jetpack_social_post_already_shared":true,"jetpack_social_options":{"image_generator_settings":{"template":"highway","enabled":false},"version":2}},"categories":[12],"tags":[],"class_list":{"0":"post-2049","1":"post","2":"type-post","3":"status-publish","4":"format-standard","5":"has-post-thumbnail","7":"category-espectaculos"},"jetpack_publicize_connections":[],"yoast_head":"<!-- This site is optimized with the Yoast SEO plugin v27.3 - https:\/\/yoast.com\/product\/yoast-seo-wordpress\/ -->\n<title>La Tora Villar present\u00f3 a su novio durante un m\u00f3vil desde el Mundial de Clubes: beso en vivo y mucha complicidad - CLAN ESPECTACULOS<\/title>\n<meta name=\"robots\" content=\"index, follow, max-snippet:-1, max-image-preview:large, max-video-preview:-1\" \/>\n<link rel=\"canonical\" href=\"https:\/\/radioclanfm.com\/clanespectaculos\/la-tora-villar-presento-a-su-novio-durante-un-movil-desde-el-mundial-de-clubes-beso-en-vivo-y-mucha-complicidad\/\" \/>\n<meta property=\"og:locale\" content=\"es_ES\" \/>\n<meta property=\"og:type\" content=\"article\" \/>\n<meta property=\"og:title\" content=\"La Tora Villar present\u00f3 a su novio durante un m\u00f3vil desde el Mundial de Clubes: beso en vivo y mucha complicidad - CLAN ESPECTACULOS\" \/>\n<meta property=\"og:description\" content=\"La pareja mostr\u00f3 todo su amor desde Miami, donde la ex Gran Hermano trabaja en la cobertura del evento. El origen del romance y el v\u00ednculo que formaron m\u00e1s all\u00e1 de la pantalla En mayo,\u00a0Lucila La Tora Villar\u00a0apost\u00f3 por dejar las especulaciones atr\u00e1s y blanque\u00f3 oficialmente su noviazgo con Maximiliano Appap, conocido art\u00edsticamente como\u00a0Maxi Kilates, [&hellip;]\" \/>\n<meta property=\"og:url\" content=\"https:\/\/radioclanfm.com\/clanespectaculos\/la-tora-villar-presento-a-su-novio-durante-un-movil-desde-el-mundial-de-clubes-beso-en-vivo-y-mucha-complicidad\/\" \/>\n<meta property=\"og:site_name\" content=\"CLAN ESPECTACULOS\" \/>\n<meta property=\"article:publisher\" content=\"https:\/\/www.facebook.com\/clanespectaculos\/\" \/>\n<meta property=\"article:published_time\" content=\"2025-06-20T02:35:53+00:00\" \/>\n<meta property=\"og:image\" content=\"https:\/\/radioclanfm.com\/clanespectaculos\/wp-content\/uploads\/sites\/2\/2025\/06\/XdOfalQv.jpg\" \/>\n\t<meta property=\"og:image:width\" content=\"900\" \/>\n\t<meta property=\"og:image:height\" content=\"450\" \/>\n\t<meta property=\"og:image:type\" content=\"image\/jpeg\" \/>\n<meta name=\"author\" content=\"E-GRUPOCLAN\" \/>\n<meta name=\"twitter:card\" content=\"summary_large_image\" \/>\n<meta name=\"twitter:creator\" content=\"@clanespectok\" \/>\n<meta name=\"twitter:site\" content=\"@clanespectok\" \/>\n<meta name=\"twitter:label1\" content=\"Escrito por\" \/>\n\t<meta name=\"twitter:data1\" content=\"E-GRUPOCLAN\" \/>\n\t<meta name=\"twitter:label2\" content=\"Tiempo de lectura\" \/>\n\t<meta name=\"twitter:data2\" content=\"4 minutos\" \/>\n<script type=\"application\/ld+json\" class=\"yoast-schema-graph\">{\"@context\":\"https:\\\/\\\/schema.org\",\"@graph\":[{\"@type\":\"Article\",\"@id\":\"https:\\\/\\\/radioclanfm.com\\\/clanespectaculos\\\/la-tora-villar-presento-a-su-novio-durante-un-movil-desde-el-mundial-de-clubes-beso-en-vivo-y-mucha-complicidad\\\/#article\",\"isPartOf\":{\"@id\":\"https:\\\/\\\/radioclanfm.com\\\/clanespectaculos\\\/la-tora-villar-presento-a-su-novio-durante-un-movil-desde-el-mundial-de-clubes-beso-en-vivo-y-mucha-complicidad\\\/\"},\"author\":{\"name\":\"E-GRUPOCLAN\",\"@id\":\"https:\\\/\\\/radioclanfm.com\\\/clanespectaculos\\\/#\\\/schema\\\/person\\\/9734813083303230f3ad84d99171b20c\"},\"headline\":\"La Tora Villar present\u00f3 a su novio durante un m\u00f3vil desde el Mundial de Clubes: beso en vivo y mucha complicidad\",\"datePublished\":\"2025-06-20T02:35:53+00:00\",\"mainEntityOfPage\":{\"@id\":\"https:\\\/\\\/radioclanfm.com\\\/clanespectaculos\\\/la-tora-villar-presento-a-su-novio-durante-un-movil-desde-el-mundial-de-clubes-beso-en-vivo-y-mucha-complicidad\\\/\"},\"wordCount\":856,\"commentCount\":0,\"publisher\":{\"@id\":\"https:\\\/\\\/radioclanfm.com\\\/clanespectaculos\\\/#organization\"},\"image\":{\"@id\":\"https:\\\/\\\/radioclanfm.com\\\/clanespectaculos\\\/la-tora-villar-presento-a-su-novio-durante-un-movil-desde-el-mundial-de-clubes-beso-en-vivo-y-mucha-complicidad\\\/#primaryimage\"},\"thumbnailUrl\":\"https:\\\/\\\/radioclanfm.com\\\/clanespectaculos\\\/wp-content\\\/uploads\\\/sites\\\/2\\\/2025\\\/06\\\/XdOfalQv.jpg\",\"articleSection\":[\"Espectaculos\"],\"inLanguage\":\"es-AR\",\"potentialAction\":[{\"@type\":\"CommentAction\",\"name\":\"Comment\",\"target\":[\"https:\\\/\\\/radioclanfm.com\\\/clanespectaculos\\\/la-tora-villar-presento-a-su-novio-durante-un-movil-desde-el-mundial-de-clubes-beso-en-vivo-y-mucha-complicidad\\\/#respond\"]}]},{\"@type\":\"WebPage\",\"@id\":\"https:\\\/\\\/radioclanfm.com\\\/clanespectaculos\\\/la-tora-villar-presento-a-su-novio-durante-un-movil-desde-el-mundial-de-clubes-beso-en-vivo-y-mucha-complicidad\\\/\",\"url\":\"https:\\\/\\\/radioclanfm.com\\\/clanespectaculos\\\/la-tora-villar-presento-a-su-novio-durante-un-movil-desde-el-mundial-de-clubes-beso-en-vivo-y-mucha-complicidad\\\/\",\"name\":\"La Tora Villar present\u00f3 a su novio durante un m\u00f3vil desde el Mundial de Clubes: beso en vivo y mucha complicidad - CLAN ESPECTACULOS\",\"isPartOf\":{\"@id\":\"https:\\\/\\\/radioclanfm.com\\\/clanespectaculos\\\/#website\"},\"primaryImageOfPage\":{\"@id\":\"https:\\\/\\\/radioclanfm.com\\\/clanespectaculos\\\/la-tora-villar-presento-a-su-novio-durante-un-movil-desde-el-mundial-de-clubes-beso-en-vivo-y-mucha-complicidad\\\/#primaryimage\"},\"image\":{\"@id\":\"https:\\\/\\\/radioclanfm.com\\\/clanespectaculos\\\/la-tora-villar-presento-a-su-novio-durante-un-movil-desde-el-mundial-de-clubes-beso-en-vivo-y-mucha-complicidad\\\/#primaryimage\"},\"thumbnailUrl\":\"https:\\\/\\\/radioclanfm.com\\\/clanespectaculos\\\/wp-content\\\/uploads\\\/sites\\\/2\\\/2025\\\/06\\\/XdOfalQv.jpg\",\"datePublished\":\"2025-06-20T02:35:53+00:00\",\"breadcrumb\":{\"@id\":\"https:\\\/\\\/radioclanfm.com\\\/clanespectaculos\\\/la-tora-villar-presento-a-su-novio-durante-un-movil-desde-el-mundial-de-clubes-beso-en-vivo-y-mucha-complicidad\\\/#breadcrumb\"},\"inLanguage\":\"es-AR\",\"potentialAction\":[{\"@type\":\"ReadAction\",\"target\":[\"https:\\\/\\\/radioclanfm.com\\\/clanespectaculos\\\/la-tora-villar-presento-a-su-novio-durante-un-movil-desde-el-mundial-de-clubes-beso-en-vivo-y-mucha-complicidad\\\/\"]}]},{\"@type\":\"ImageObject\",\"inLanguage\":\"es-AR\",\"@id\":\"https:\\\/\\\/radioclanfm.com\\\/clanespectaculos\\\/la-tora-villar-presento-a-su-novio-durante-un-movil-desde-el-mundial-de-clubes-beso-en-vivo-y-mucha-complicidad\\\/#primaryimage\",\"url\":\"https:\\\/\\\/radioclanfm.com\\\/clanespectaculos\\\/wp-content\\\/uploads\\\/sites\\\/2\\\/2025\\\/06\\\/XdOfalQv.jpg\",\"contentUrl\":\"https:\\\/\\\/radioclanfm.com\\\/clanespectaculos\\\/wp-content\\\/uploads\\\/sites\\\/2\\\/2025\\\/06\\\/XdOfalQv.jpg\",\"width\":900,\"height\":450},{\"@type\":\"BreadcrumbList\",\"@id\":\"https:\\\/\\\/radioclanfm.com\\\/clanespectaculos\\\/la-tora-villar-presento-a-su-novio-durante-un-movil-desde-el-mundial-de-clubes-beso-en-vivo-y-mucha-complicidad\\\/#breadcrumb\",\"itemListElement\":[{\"@type\":\"ListItem\",\"position\":1,\"name\":\"Inicio\",\"item\":\"https:\\\/\\\/radioclanfm.com\\\/clanespectaculos\\\/\"},{\"@type\":\"ListItem\",\"position\":2,\"name\":\"La Tora Villar present\u00f3 a su novio durante un m\u00f3vil desde el Mundial de Clubes: beso en vivo y mucha complicidad\"}]},{\"@type\":\"WebSite\",\"@id\":\"https:\\\/\\\/radioclanfm.com\\\/clanespectaculos\\\/#website\",\"url\":\"https:\\\/\\\/radioclanfm.com\\\/clanespectaculos\\\/\",\"name\":\"CLAN ESPECTACULOS\",\"description\":\"\",\"publisher\":{\"@id\":\"https:\\\/\\\/radioclanfm.com\\\/clanespectaculos\\\/#organization\"},\"potentialAction\":[{\"@type\":\"SearchAction\",\"target\":{\"@type\":\"EntryPoint\",\"urlTemplate\":\"https:\\\/\\\/radioclanfm.com\\\/clanespectaculos\\\/?s={search_term_string}\"},\"query-input\":{\"@type\":\"PropertyValueSpecification\",\"valueRequired\":true,\"valueName\":\"search_term_string\"}}],\"inLanguage\":\"es-AR\"},{\"@type\":\"Organization\",\"@id\":\"https:\\\/\\\/radioclanfm.com\\\/clanespectaculos\\\/#organization\",\"name\":\"CLAN ESPECTACULOS\",\"url\":\"https:\\\/\\\/radioclanfm.com\\\/clanespectaculos\\\/\",\"logo\":{\"@type\":\"ImageObject\",\"inLanguage\":\"es-AR\",\"@id\":\"https:\\\/\\\/radioclanfm.com\\\/clanespectaculos\\\/#\\\/schema\\\/logo\\\/image\\\/\",\"url\":\"https:\\\/\\\/radioclanfm.com\\\/clanespectaculos\\\/wp-content\\\/uploads\\\/sites\\\/2\\\/2026\\\/04\\\/ChatGPT-Image-23-mar-2026-10_09_00.png\",\"contentUrl\":\"https:\\\/\\\/radioclanfm.com\\\/clanespectaculos\\\/wp-content\\\/uploads\\\/sites\\\/2\\\/2026\\\/04\\\/ChatGPT-Image-23-mar-2026-10_09_00.png\",\"width\":1024,\"height\":1024,\"caption\":\"CLAN ESPECTACULOS\"},\"image\":{\"@id\":\"https:\\\/\\\/radioclanfm.com\\\/clanespectaculos\\\/#\\\/schema\\\/logo\\\/image\\\/\"},\"sameAs\":[\"https:\\\/\\\/www.facebook.com\\\/clanespectaculos\\\/\",\"https:\\\/\\\/x.com\\\/clanespectok\"]},{\"@type\":\"Person\",\"@id\":\"https:\\\/\\\/radioclanfm.com\\\/clanespectaculos\\\/#\\\/schema\\\/person\\\/9734813083303230f3ad84d99171b20c\",\"name\":\"E-GRUPOCLAN\",\"image\":{\"@type\":\"ImageObject\",\"inLanguage\":\"es-AR\",\"@id\":\"https:\\\/\\\/secure.gravatar.com\\\/avatar\\\/af6e19837c3d6a212034a48c7b3818d2ac1826f6025df0155da5a186ad321d79?s=96&d=mm&r=g\",\"url\":\"https:\\\/\\\/secure.gravatar.com\\\/avatar\\\/af6e19837c3d6a212034a48c7b3818d2ac1826f6025df0155da5a186ad321d79?s=96&d=mm&r=g\",\"contentUrl\":\"https:\\\/\\\/secure.gravatar.com\\\/avatar\\\/af6e19837c3d6a212034a48c7b3818d2ac1826f6025df0155da5a186ad321d79?s=96&d=mm&r=g\",\"caption\":\"E-GRUPOCLAN\"},\"sameAs\":[\"https:\\\/\\\/radioclanfm.com\"],\"url\":\"https:\\\/\\\/radioclanfm.com\\\/clanespectaculos\\\/author\\\/admin\\\/\"}]}<\/script>\n<!-- \/ Yoast SEO plugin. -->","yoast_head_json":{"title":"La Tora Villar present\u00f3 a su novio durante un m\u00f3vil desde el Mundial de Clubes: beso en vivo y mucha complicidad - CLAN ESPECTACULOS","robots":{"index":"index","follow":"follow","max-snippet":"max-snippet:-1","max-image-preview":"max-image-preview:large","max-video-preview":"max-video-preview:-1"},"canonical":"https:\/\/radioclanfm.com\/clanespectaculos\/la-tora-villar-presento-a-su-novio-durante-un-movil-desde-el-mundial-de-clubes-beso-en-vivo-y-mucha-complicidad\/","og_locale":"es_ES","og_type":"article","og_title":"La Tora Villar present\u00f3 a su novio durante un m\u00f3vil desde el Mundial de Clubes: beso en vivo y mucha complicidad - CLAN ESPECTACULOS","og_description":"La pareja mostr\u00f3 todo su amor desde Miami, donde la ex Gran Hermano trabaja en la cobertura del evento. El origen del romance y el v\u00ednculo que formaron m\u00e1s all\u00e1 de la pantalla En mayo,\u00a0Lucila La Tora Villar\u00a0apost\u00f3 por dejar las especulaciones atr\u00e1s y blanque\u00f3 oficialmente su noviazgo con Maximiliano Appap, conocido art\u00edsticamente como\u00a0Maxi Kilates, [&hellip;]","og_url":"https:\/\/radioclanfm.com\/clanespectaculos\/la-tora-villar-presento-a-su-novio-durante-un-movil-desde-el-mundial-de-clubes-beso-en-vivo-y-mucha-complicidad\/","og_site_name":"CLAN ESPECTACULOS","article_publisher":"https:\/\/www.facebook.com\/clanespectaculos\/","article_published_time":"2025-06-20T02:35:53+00:00","og_image":[{"width":900,"height":450,"url":"https:\/\/radioclanfm.com\/clanespectaculos\/wp-content\/uploads\/sites\/2\/2025\/06\/XdOfalQv.jpg","type":"image\/jpeg"}],"author":"E-GRUPOCLAN","twitter_card":"summary_large_image","twitter_creator":"@clanespectok","twitter_site":"@clanespectok","twitter_misc":{"Escrito por":"E-GRUPOCLAN","Tiempo de lectura":"4 minutos"},"schema":{"@context":"https:\/\/schema.org","@graph":[{"@type":"Article","@id":"https:\/\/radioclanfm.com\/clanespectaculos\/la-tora-villar-presento-a-su-novio-durante-un-movil-desde-el-mundial-de-clubes-beso-en-vivo-y-mucha-complicidad\/#article","isPartOf":{"@id":"https:\/\/radioclanfm.com\/clanespectaculos\/la-tora-villar-presento-a-su-novio-durante-un-movil-desde-el-mundial-de-clubes-beso-en-vivo-y-mucha-complicidad\/"},"author":{"name":"E-GRUPOCLAN","@id":"https:\/\/radioclanfm.com\/clanespectaculos\/#\/schema\/person\/9734813083303230f3ad84d99171b20c"},"headline":"La Tora Villar present\u00f3 a su novio durante un m\u00f3vil desde el Mundial de Clubes: beso en vivo y mucha complicidad","datePublished":"2025-06-20T02:35:53+00:00","mainEntityOfPage":{"@id":"https:\/\/radioclanfm.com\/clanespectaculos\/la-tora-villar-presento-a-su-novio-durante-un-movil-desde-el-mundial-de-clubes-beso-en-vivo-y-mucha-complicidad\/"},"wordCount":856,"commentCount":0,"publisher":{"@id":"https:\/\/radioclanfm.com\/clanespectaculos\/#organization"},"image":{"@id":"https:\/\/radioclanfm.com\/clanespectaculos\/la-tora-villar-presento-a-su-novio-durante-un-movil-desde-el-mundial-de-clubes-beso-en-vivo-y-mucha-complicidad\/#primaryimage"},"thumbnailUrl":"https:\/\/radioclanfm.com\/clanespectaculos\/wp-content\/uploads\/sites\/2\/2025\/06\/XdOfalQv.jpg","articleSection":["Espectaculos"],"inLanguage":"es-AR","potentialAction":[{"@type":"CommentAction","name":"Comment","target":["https:\/\/radioclanfm.com\/clanespectaculos\/la-tora-villar-presento-a-su-novio-durante-un-movil-desde-el-mundial-de-clubes-beso-en-vivo-y-mucha-complicidad\/#respond"]}]},{"@type":"WebPage","@id":"https:\/\/radioclanfm.com\/clanespectaculos\/la-tora-villar-presento-a-su-novio-durante-un-movil-desde-el-mundial-de-clubes-beso-en-vivo-y-mucha-complicidad\/","url":"https:\/\/radioclanfm.com\/clanespectaculos\/la-tora-villar-presento-a-su-novio-durante-un-movil-desde-el-mundial-de-clubes-beso-en-vivo-y-mucha-complicidad\/","name":"La Tora Villar present\u00f3 a su novio durante un m\u00f3vil desde el Mundial de Clubes: beso en vivo y mucha complicidad - CLAN ESPECTACULOS","isPartOf":{"@id":"https:\/\/radioclanfm.com\/clanespectaculos\/#website"},"primaryImageOfPage":{"@id":"https:\/\/radioclanfm.com\/clanespectaculos\/la-tora-villar-presento-a-su-novio-durante-un-movil-desde-el-mundial-de-clubes-beso-en-vivo-y-mucha-complicidad\/#primaryimage"},"image":{"@id":"https:\/\/radioclanfm.com\/clanespectaculos\/la-tora-villar-presento-a-su-novio-durante-un-movil-desde-el-mundial-de-clubes-beso-en-vivo-y-mucha-complicidad\/#primaryimage"},"thumbnailUrl":"https:\/\/radioclanfm.com\/clanespectaculos\/wp-content\/uploads\/sites\/2\/2025\/06\/XdOfalQv.jpg","datePublished":"2025-06-20T02:35:53+00:00","breadcrumb":{"@id":"https:\/\/radioclanfm.com\/clanespectaculos\/la-tora-villar-presento-a-su-novio-durante-un-movil-desde-el-mundial-de-clubes-beso-en-vivo-y-mucha-complicidad\/#breadcrumb"},"inLanguage":"es-AR","potentialAction":[{"@type":"ReadAction","target":["https:\/\/radioclanfm.com\/clanespectaculos\/la-tora-villar-presento-a-su-novio-durante-un-movil-desde-el-mundial-de-clubes-beso-en-vivo-y-mucha-complicidad\/"]}]},{"@type":"ImageObject","inLanguage":"es-AR","@id":"https:\/\/radioclanfm.com\/clanespectaculos\/la-tora-villar-presento-a-su-novio-durante-un-movil-desde-el-mundial-de-clubes-beso-en-vivo-y-mucha-complicidad\/#primaryimage","url":"https:\/\/radioclanfm.com\/clanespectaculos\/wp-content\/uploads\/sites\/2\/2025\/06\/XdOfalQv.jpg","contentUrl":"https:\/\/radioclanfm.com\/clanespectaculos\/wp-content\/uploads\/sites\/2\/2025\/06\/XdOfalQv.jpg","width":900,"height":450},{"@type":"BreadcrumbList","@id":"https:\/\/radioclanfm.com\/clanespectaculos\/la-tora-villar-presento-a-su-novio-durante-un-movil-desde-el-mundial-de-clubes-beso-en-vivo-y-mucha-complicidad\/#breadcrumb","itemListElement":[{"@type":"ListItem","position":1,"name":"Inicio","item":"https:\/\/radioclanfm.com\/clanespectaculos\/"},{"@type":"ListItem","position":2,"name":"La Tora Villar present\u00f3 a su novio durante un m\u00f3vil desde el Mundial de Clubes: beso en vivo y mucha complicidad"}]},{"@type":"WebSite","@id":"https:\/\/radioclanfm.com\/clanespectaculos\/#website","url":"https:\/\/radioclanfm.com\/clanespectaculos\/","name":"CLAN ESPECTACULOS","description":"","publisher":{"@id":"https:\/\/radioclanfm.com\/clanespectaculos\/#organization"},"potentialAction":[{"@type":"SearchAction","target":{"@type":"EntryPoint","urlTemplate":"https:\/\/radioclanfm.com\/clanespectaculos\/?s={search_term_string}"},"query-input":{"@type":"PropertyValueSpecification","valueRequired":true,"valueName":"search_term_string"}}],"inLanguage":"es-AR"},{"@type":"Organization","@id":"https:\/\/radioclanfm.com\/clanespectaculos\/#organization","name":"CLAN ESPECTACULOS","url":"https:\/\/radioclanfm.com\/clanespectaculos\/","logo":{"@type":"ImageObject","inLanguage":"es-AR","@id":"https:\/\/radioclanfm.com\/clanespectaculos\/#\/schema\/logo\/image\/","url":"https:\/\/radioclanfm.com\/clanespectaculos\/wp-content\/uploads\/sites\/2\/2026\/04\/ChatGPT-Image-23-mar-2026-10_09_00.png","contentUrl":"https:\/\/radioclanfm.com\/clanespectaculos\/wp-content\/uploads\/sites\/2\/2026\/04\/ChatGPT-Image-23-mar-2026-10_09_00.png","width":1024,"height":1024,"caption":"CLAN ESPECTACULOS"},"image":{"@id":"https:\/\/radioclanfm.com\/clanespectaculos\/#\/schema\/logo\/image\/"},"sameAs":["https:\/\/www.facebook.com\/clanespectaculos\/","https:\/\/x.com\/clanespectok"]},{"@type":"Person","@id":"https:\/\/radioclanfm.com\/clanespectaculos\/#\/schema\/person\/9734813083303230f3ad84d99171b20c","name":"E-GRUPOCLAN","image":{"@type":"ImageObject","inLanguage":"es-AR","@id":"https:\/\/secure.gravatar.com\/avatar\/af6e19837c3d6a212034a48c7b3818d2ac1826f6025df0155da5a186ad321d79?s=96&d=mm&r=g","url":"https:\/\/secure.gravatar.com\/avatar\/af6e19837c3d6a212034a48c7b3818d2ac1826f6025df0155da5a186ad321d79?s=96&d=mm&r=g","contentUrl":"https:\/\/secure.gravatar.com\/avatar\/af6e19837c3d6a212034a48c7b3818d2ac1826f6025df0155da5a186ad321d79?s=96&d=mm&r=g","caption":"E-GRUPOCLAN"},"sameAs":["https:\/\/radioclanfm.com"],"url":"https:\/\/radioclanfm.com\/clanespectaculos\/author\/admin\/"}]}},"_links":{"self":[{"href":"https:\/\/radioclanfm.com\/clanespectaculos\/wp-json\/wp\/v2\/posts\/2049","targetHints":{"allow":["GET"]}}],"collection":[{"href":"https:\/\/radioclanfm.com\/clanespectaculos\/wp-json\/wp\/v2\/posts"}],"about":[{"href":"https:\/\/radioclanfm.com\/clanespectaculos\/wp-json\/wp\/v2\/types\/post"}],"author":[{"embeddable":true,"href":"https:\/\/radioclanfm.com\/clanespectaculos\/wp-json\/wp\/v2\/users\/1"}],"replies":[{"embeddable":true,"href":"https:\/\/radioclanfm.com\/clanespectaculos\/wp-json\/wp\/v2\/comments?post=2049"}],"version-history":[{"count":1,"href":"https:\/\/radioclanfm.com\/clanespectaculos\/wp-json\/wp\/v2\/posts\/2049\/revisions"}],"predecessor-version":[{"id":2053,"href":"https:\/\/radioclanfm.com\/clanespectaculos\/wp-json\/wp\/v2\/posts\/2049\/revisions\/2053"}],"wp:featuredmedia":[{"embeddable":true,"href":"https:\/\/radioclanfm.com\/clanespectaculos\/wp-json\/wp\/v2\/media\/2052"}],"wp:attachment":[{"href":"https:\/\/radioclanfm.com\/clanespectaculos\/wp-json\/wp\/v2\/media?parent=2049"}],"wp:term":[{"taxonomy":"category","embeddable":true,"href":"https:\/\/radioclanfm.com\/clanespectaculos\/wp-json\/wp\/v2\/categories?post=2049"},{"taxonomy":"post_tag","embeddable":true,"href":"https:\/\/radioclanfm.com\/clanespectaculos\/wp-json\/wp\/v2\/tags?post=2049"}],"curies":[{"name":"wp","href":"https:\/\/api.w.org\/{rel}","templated":true}]}}