{"id":2044,"date":"2025-06-19T23:34:21","date_gmt":"2025-06-20T02:34:21","guid":{"rendered":"https:\/\/radioclanfm.com\/clanespectaculos\/?p=2044"},"modified":"2025-06-19T23:34:21","modified_gmt":"2025-06-20T02:34:21","slug":"el-misterioso-silencio-de-la-china-suarez-en-redes-problemas-en-la-casa-de-los-suenos-con-mauro-icardi","status":"publish","type":"post","link":"https:\/\/radioclanfm.com\/clanespectaculos\/el-misterioso-silencio-de-la-china-suarez-en-redes-problemas-en-la-casa-de-los-suenos-con-mauro-icardi\/","title":{"rendered":"El misterioso silencio de la China Su\u00e1rez en redes: \u00bfproblemas en la casa de los sue\u00f1os con Mauro Icardi?"},"content":{"rendered":"<p>Hace m\u00e1s de 10 d\u00edas que la actriz no usa sus cuentas personales para comunicarse con sus seguidores. Rumores de pedidos especiales del futbolista en medio del conflicto judicial con Wanda Nara<\/p>\n<p class=\"paragraph\" data-mrf-recirculation=\"Links inline\">Desde que la\u00a0<b>China Su\u00e1rez<\/b>\u00a0y\u00a0<b>Mauro Icardi<\/b>\u00a0tomaron la decisi\u00f3n de blanquear su relaci\u00f3n a principios del mes de enero, la exposici\u00f3n a la que estaban sometidos aument\u00f3 exponencialmente. Sin embargo, esto no fue un problema para ninguno de los dos hasta que la situaci\u00f3n con Wanda Nara escal\u00f3 de tal manera que\u00a0la opini\u00f3n p\u00fablica comenz\u00f3 a afectarlos.<\/p>\n<div class=\"news-module\" data-mrf-recirculation=\"IL_Ct0zZTd2RqSjHGMXsLzz7w\" data-testid=\"text-html\" data-mrf-experience=\"IL_Ct0zZTd2RqSjHGMXsLzz7w\">\n<div class=\"recommended-card__image-container\"><\/div>\n<\/div>\n<p class=\"paragraph\" data-mrf-recirculation=\"Links inline\">Desde\u00a0la merienda que se llev\u00f3 a cabo el viernes 6 de junio, cuando Icardi concurri\u00f3 al Chateau Libertador con la China Su\u00e1rez en el autom\u00f3vil y se desat\u00f3 una nueva disputa por las ni\u00f1as que tiene en com\u00fan con Wanda, el silencio en las redes sociales de la actriz habla en vol\u00famenes.<\/p>\n<div class=\"inline ad-wrapper\">\n<div class=\"dfpAd ad-inline\">\n<div id=\"infobae\/teleshow\/nota\/inline\" class=\"infobae\/teleshow\/nota\/inline arcad\" data-google-query-id=\"CPnDjP_6_o0DFceEYQYdEdo6JA\">\n<div id=\"google_ads_iframe_\/1058609\/infobae\/teleshow\/nota\/inline_0__container__\"><\/div>\n<\/div>\n<\/div>\n<\/div>\n<p class=\"paragraph\" data-mrf-recirculation=\"Links inline\">Durante ese tiempo, Eugenia solo subi\u00f3 un posteo una \u00fanica vez tras recibir amenazas en las redes sociales, pero luego de que hizo p\u00fablico este hecho fue su abogado, Agust\u00edn Rodr\u00edguez, el encargado de hacer de vocero de la actriz.<\/p>\n<div class=\"news-module\" data-mrf-recirculation=\"IL_RjJ8XQ94SCCdND4VX9YvyQ\" data-testid=\"text-html\" data-mrf-experience=\"IL_RjJ8XQ94SCCdND4VX9YvyQ\">\n<div class=\"recommended-card__image-container\"><\/div>\n<\/div>\n<p class=\"paragraph\" data-mrf-recirculation=\"Links inline\"><b>Hace casi dos semanas que no comparte historias, ni posteos ni reels\u00a0<\/b>cuando generalmente sub\u00eda contenido todas las ma\u00f1anas, camino al colegio de los ni\u00f1os, durante sus almuerzos o debido a la promoci\u00f3n de alguno de sus trabajos. Tambi\u00e9n llenaba su\u00a0<i>feed\u00a0<\/i>y sus historias de fotos rom\u00e1nticas con el deportista. Por su parte, el delantero del Galatasaray tampoco comparte demasiado contenido de su vida por estos d\u00edas. Lo \u00faltimo que mostr\u00f3 fue\u00a0la escapada que hizo la pareja a Uruguay el fin de semana del D\u00eda del Padre. En esa ocasi\u00f3n, la China y Mauro visitaron\u00a0la casa de Natalia Antol\u00edn, amiga de la actriz, que es uno de los sitios de refugio de la China, ya que all\u00ed estuvo cuando se reconcili\u00f3 con Benjam\u00edn Vicu\u00f1a y donde bautizaron a su hija\u00a0<b>Magnolia<\/b>.<\/p>\n<div class=\"visual__image\"><picture><source srcset=\"https:\/\/www.infobae.com\/resizer\/v2\/OCJDRW252NFU3EYMZ4YRMS6IIU.jpg?auth=9b28f5f13a37ec5c8f8ba00eb60be866b64c89a4ebc5d45a5596fd75d0929cb0&amp;smart=true&amp;width=992&amp;height=992&amp;quality=85\" media=\"(min-width: 1000px)\" \/><source srcset=\"https:\/\/www.infobae.com\/resizer\/v2\/OCJDRW252NFU3EYMZ4YRMS6IIU.jpg?auth=9b28f5f13a37ec5c8f8ba00eb60be866b64c89a4ebc5d45a5596fd75d0929cb0&amp;smart=true&amp;width=768&amp;height=768&amp;quality=85\" media=\"(min-width: 768px)\" \/><source srcset=\"https:\/\/www.infobae.com\/resizer\/v2\/OCJDRW252NFU3EYMZ4YRMS6IIU.jpg?auth=9b28f5f13a37ec5c8f8ba00eb60be866b64c89a4ebc5d45a5596fd75d0929cb0&amp;smart=true&amp;width=577&amp;height=577&amp;quality=85\" media=\"(min-width: 580px)\" \/><source srcset=\"https:\/\/www.infobae.com\/resizer\/v2\/OCJDRW252NFU3EYMZ4YRMS6IIU.jpg?auth=9b28f5f13a37ec5c8f8ba00eb60be866b64c89a4ebc5d45a5596fd75d0929cb0&amp;smart=true&amp;width=420&amp;height=420&amp;quality=85\" media=\"(min-width: 350px)\" \/><source srcset=\"https:\/\/www.infobae.com\/resizer\/v2\/OCJDRW252NFU3EYMZ4YRMS6IIU.jpg?auth=9b28f5f13a37ec5c8f8ba00eb60be866b64c89a4ebc5d45a5596fd75d0929cb0&amp;smart=true&amp;width=350&amp;height=350&amp;quality=85\" media=\"(min-width: 80px)\" \/><img loading=\"lazy\" decoding=\"async\" class=\"global-image\" src=\"https:\/\/www.infobae.com\/resizer\/v2\/OCJDRW252NFU3EYMZ4YRMS6IIU.jpg?auth=9b28f5f13a37ec5c8f8ba00eb60be866b64c89a4ebc5d45a5596fd75d0929cb0&amp;smart=true&amp;width=350&amp;height=350&amp;quality=85\" alt=\"Icardi fue el \u00fanico que\" width=\"1080\" height=\"1080\" \/><\/picture>Icardi fue el \u00fanico que hacer algunos posteos en las redes sociales (Foto: Instagram)<\/div>\n<div class=\"inline_2_DSK ad-wrapper ad-desktop\">\n<div class=\"dfpAd ad-inline\">\n<div id=\"infobae\/teleshow\/nota\/inline_2_DSK\" class=\"infobae\/teleshow\/nota\/inline_2_DSK arcad\" data-google-query-id=\"CL_azIH7_o0DFZODYQYdX9MEIw\">\n<div id=\"google_ads_iframe_\/1058609\/infobae\/teleshow\/nota\/inline_2_DSK_0__container__\"><\/div>\n<\/div>\n<\/div>\n<\/div>\n<p class=\"paragraph\" data-mrf-recirculation=\"Links inline\">En las \u00faltimas horas, trascendi\u00f3 que Icardi le habr\u00eda pedido a su novia que ponga en segundo plano a su c\u00edrculo \u00edntimo, compuesto por su amiga de toda la vida y representante Carolina Nolte y por\u00a0<b>Juanma Cativa<\/b>, el peluquero que trabaja para ella. Cabe recordar que en los distintos viajes que hicieron al exterior fueron acompa\u00f1ados por varios de los amigos de Eugenia, por lo que esto podr\u00eda haber generado cierto malestar en el para\u00edso, como Marcelo\u00a0<i>Mancha<\/i>\u00a0Latorre.<\/p>\n<div class=\"news-module\" data-mrf-recirculation=\"IL_wPVu_IE4S76a5Gsl0lX8mA\" data-testid=\"text-html\" data-mrf-experience=\"IL_wPVu_IE4S76a5Gsl0lX8mA\">\n<div class=\"recommended-card__image-container\"><\/div>\n<\/div>\n<p class=\"paragraph\" data-mrf-recirculation=\"Links inline\">En\u00a0<i>A la tarde\u00a0<\/i>(Am\u00e9rica TV) deslizaron que Mauro quer\u00eda tener m\u00e1s intimidad. \u201c<b>La China Su\u00e1rez es una persona muy amigable, que tiene mucho entorno\u00a0<\/b>o ten\u00eda. Y de alguna manera ese entorno, que la acompa\u00f1aba a sol y a sombra, al parecer al d\u00eda de hoy uno lo busca y no lo encuentra\u201d, comenz\u00f3 diciendo Cora Debarbieri.<\/p>\n<p class=\"paragraph\" data-mrf-recirculation=\"Links inline\">\u201cAl parecer, Mauro Icardi le habr\u00eda expresado a la China Su\u00e1rez algunas incomodidades ante ciertas personas de su entorno m\u00e1s \u00edntimo\u201d, sostuvo la panelista y asegur\u00f3 que Cativa y Nolte no est\u00e1n m\u00e1s presentes en la vida diaria de la actriz de\u00a0<i>Casi \u00c1ngeles<\/i>. M\u00e1s all\u00e1 de que no se vean en las fotos, el peluquero de Su\u00e1rez se encuentra acompa\u00f1ando a Emilia Mernes en su gira por Europa, por lo que est\u00e1 a un oc\u00e9ano de distancia. Tampoco es menor recordar que la \u00faltima vez que estuvieron todos juntos fue en\u00a0el gran festejo de Pascua que organiz\u00f3 la pareja en la casa de los sue\u00f1os\u00a0de Nordelta.<\/p>\n<p class=\"paragraph\" data-mrf-recirculation=\"Links inline\">\u201c<b>Mauro Icardi quiz\u00e1s le expres\u00f3 a la China Su\u00e1rez ganas de tener un poco m\u00e1s de intimidad<\/b>, de tener momentos m\u00e1s de ellos dos solos, donde no participen tantos\u201d, coment\u00f3. \u201cEl problema es que con el resto de sus parejas esto no ocurr\u00eda porque ella segu\u00eda siendo la China Su\u00e1rez, no le pon\u00edan ni le impon\u00edan condiciones. En esta oportunidad, al parecer\u00a0<b>estar\u00eda aceptando cosas que quiz\u00e1s en su momento no aceptaba<\/b>\u201d, reflexion\u00f3 la panelista.<\/p>\n<div class=\"second-saved-buttons\">\n<div class=\"body-share-note\"><\/div>\n<\/div>\n","protected":false},"excerpt":{"rendered":"<p>Hace m\u00e1s de 10 d\u00edas que la actriz no usa sus cuentas personales para comunicarse con sus seguidores. Rumores de pedidos especiales del futbolista en medio del conflicto judicial con Wanda Nara Desde que la\u00a0China Su\u00e1rez\u00a0y\u00a0Mauro Icardi\u00a0tomaron la decisi\u00f3n de blanquear su relaci\u00f3n a principios del mes de enero, la exposici\u00f3n a la que estaban [&hellip;]<\/p>\n","protected":false},"author":1,"featured_media":2047,"comment_status":"open","ping_status":"open","sticky":false,"template":"","format":"standard","meta":{"rop_custom_images_group":[],"rop_custom_messages_group":[],"rop_publish_now":"initial","rop_publish_now_accounts":[],"rop_publish_now_history":[],"rop_publish_now_status":"pending","footnotes":"","jetpack_publicize_message":"","jetpack_publicize_feature_enabled":true,"jetpack_social_post_already_shared":true,"jetpack_social_options":{"image_generator_settings":{"template":"highway","enabled":false},"version":2}},"categories":[12],"tags":[],"class_list":{"0":"post-2044","1":"post","2":"type-post","3":"status-publish","4":"format-standard","5":"has-post-thumbnail","7":"category-espectaculos"},"jetpack_publicize_connections":[],"yoast_head":"<!-- This site is optimized with the Yoast SEO plugin v27.3 - https:\/\/yoast.com\/product\/yoast-seo-wordpress\/ -->\n<title>El misterioso silencio de la China Su\u00e1rez en redes: \u00bfproblemas en la casa de los sue\u00f1os con Mauro Icardi? - CLAN ESPECTACULOS<\/title>\n<meta name=\"robots\" content=\"index, follow, max-snippet:-1, max-image-preview:large, max-video-preview:-1\" \/>\n<link rel=\"canonical\" href=\"https:\/\/radioclanfm.com\/clanespectaculos\/el-misterioso-silencio-de-la-china-suarez-en-redes-problemas-en-la-casa-de-los-suenos-con-mauro-icardi\/\" \/>\n<meta property=\"og:locale\" content=\"es_ES\" \/>\n<meta property=\"og:type\" content=\"article\" \/>\n<meta property=\"og:title\" content=\"El misterioso silencio de la China Su\u00e1rez en redes: \u00bfproblemas en la casa de los sue\u00f1os con Mauro Icardi? - CLAN ESPECTACULOS\" \/>\n<meta property=\"og:description\" content=\"Hace m\u00e1s de 10 d\u00edas que la actriz no usa sus cuentas personales para comunicarse con sus seguidores. Rumores de pedidos especiales del futbolista en medio del conflicto judicial con Wanda Nara Desde que la\u00a0China Su\u00e1rez\u00a0y\u00a0Mauro Icardi\u00a0tomaron la decisi\u00f3n de blanquear su relaci\u00f3n a principios del mes de enero, la exposici\u00f3n a la que estaban [&hellip;]\" \/>\n<meta property=\"og:url\" content=\"https:\/\/radioclanfm.com\/clanespectaculos\/el-misterioso-silencio-de-la-china-suarez-en-redes-problemas-en-la-casa-de-los-suenos-con-mauro-icardi\/\" \/>\n<meta property=\"og:site_name\" content=\"CLAN ESPECTACULOS\" \/>\n<meta property=\"article:publisher\" content=\"https:\/\/www.facebook.com\/clanespectaculos\/\" \/>\n<meta property=\"article:published_time\" content=\"2025-06-20T02:34:21+00:00\" \/>\n<meta property=\"og:image\" content=\"https:\/\/radioclanfm.com\/clanespectaculos\/wp-content\/uploads\/sites\/2\/2025\/06\/AuaYME3w.jpg\" \/>\n\t<meta property=\"og:image:width\" content=\"900\" \/>\n\t<meta property=\"og:image:height\" content=\"450\" \/>\n\t<meta property=\"og:image:type\" content=\"image\/jpeg\" \/>\n<meta name=\"author\" content=\"E-GRUPOCLAN\" \/>\n<meta name=\"twitter:card\" content=\"summary_large_image\" \/>\n<meta name=\"twitter:creator\" content=\"@clanespectok\" \/>\n<meta name=\"twitter:site\" content=\"@clanespectok\" \/>\n<meta name=\"twitter:label1\" content=\"Escrito por\" \/>\n\t<meta name=\"twitter:data1\" content=\"E-GRUPOCLAN\" \/>\n\t<meta name=\"twitter:label2\" content=\"Tiempo de lectura\" \/>\n\t<meta name=\"twitter:data2\" content=\"4 minutos\" \/>\n<script type=\"application\/ld+json\" class=\"yoast-schema-graph\">{\"@context\":\"https:\\\/\\\/schema.org\",\"@graph\":[{\"@type\":\"Article\",\"@id\":\"https:\\\/\\\/radioclanfm.com\\\/clanespectaculos\\\/el-misterioso-silencio-de-la-china-suarez-en-redes-problemas-en-la-casa-de-los-suenos-con-mauro-icardi\\\/#article\",\"isPartOf\":{\"@id\":\"https:\\\/\\\/radioclanfm.com\\\/clanespectaculos\\\/el-misterioso-silencio-de-la-china-suarez-en-redes-problemas-en-la-casa-de-los-suenos-con-mauro-icardi\\\/\"},\"author\":{\"name\":\"E-GRUPOCLAN\",\"@id\":\"https:\\\/\\\/radioclanfm.com\\\/clanespectaculos\\\/#\\\/schema\\\/person\\\/9734813083303230f3ad84d99171b20c\"},\"headline\":\"El misterioso silencio de la China Su\u00e1rez en redes: \u00bfproblemas en la casa de los sue\u00f1os con Mauro Icardi?\",\"datePublished\":\"2025-06-20T02:34:21+00:00\",\"mainEntityOfPage\":{\"@id\":\"https:\\\/\\\/radioclanfm.com\\\/clanespectaculos\\\/el-misterioso-silencio-de-la-china-suarez-en-redes-problemas-en-la-casa-de-los-suenos-con-mauro-icardi\\\/\"},\"wordCount\":736,\"commentCount\":0,\"publisher\":{\"@id\":\"https:\\\/\\\/radioclanfm.com\\\/clanespectaculos\\\/#organization\"},\"image\":{\"@id\":\"https:\\\/\\\/radioclanfm.com\\\/clanespectaculos\\\/el-misterioso-silencio-de-la-china-suarez-en-redes-problemas-en-la-casa-de-los-suenos-con-mauro-icardi\\\/#primaryimage\"},\"thumbnailUrl\":\"https:\\\/\\\/radioclanfm.com\\\/clanespectaculos\\\/wp-content\\\/uploads\\\/sites\\\/2\\\/2025\\\/06\\\/AuaYME3w.jpg\",\"articleSection\":[\"Espectaculos\"],\"inLanguage\":\"es-AR\",\"potentialAction\":[{\"@type\":\"CommentAction\",\"name\":\"Comment\",\"target\":[\"https:\\\/\\\/radioclanfm.com\\\/clanespectaculos\\\/el-misterioso-silencio-de-la-china-suarez-en-redes-problemas-en-la-casa-de-los-suenos-con-mauro-icardi\\\/#respond\"]}]},{\"@type\":\"WebPage\",\"@id\":\"https:\\\/\\\/radioclanfm.com\\\/clanespectaculos\\\/el-misterioso-silencio-de-la-china-suarez-en-redes-problemas-en-la-casa-de-los-suenos-con-mauro-icardi\\\/\",\"url\":\"https:\\\/\\\/radioclanfm.com\\\/clanespectaculos\\\/el-misterioso-silencio-de-la-china-suarez-en-redes-problemas-en-la-casa-de-los-suenos-con-mauro-icardi\\\/\",\"name\":\"El misterioso silencio de la China Su\u00e1rez en redes: \u00bfproblemas en la casa de los sue\u00f1os con Mauro Icardi? - CLAN ESPECTACULOS\",\"isPartOf\":{\"@id\":\"https:\\\/\\\/radioclanfm.com\\\/clanespectaculos\\\/#website\"},\"primaryImageOfPage\":{\"@id\":\"https:\\\/\\\/radioclanfm.com\\\/clanespectaculos\\\/el-misterioso-silencio-de-la-china-suarez-en-redes-problemas-en-la-casa-de-los-suenos-con-mauro-icardi\\\/#primaryimage\"},\"image\":{\"@id\":\"https:\\\/\\\/radioclanfm.com\\\/clanespectaculos\\\/el-misterioso-silencio-de-la-china-suarez-en-redes-problemas-en-la-casa-de-los-suenos-con-mauro-icardi\\\/#primaryimage\"},\"thumbnailUrl\":\"https:\\\/\\\/radioclanfm.com\\\/clanespectaculos\\\/wp-content\\\/uploads\\\/sites\\\/2\\\/2025\\\/06\\\/AuaYME3w.jpg\",\"datePublished\":\"2025-06-20T02:34:21+00:00\",\"breadcrumb\":{\"@id\":\"https:\\\/\\\/radioclanfm.com\\\/clanespectaculos\\\/el-misterioso-silencio-de-la-china-suarez-en-redes-problemas-en-la-casa-de-los-suenos-con-mauro-icardi\\\/#breadcrumb\"},\"inLanguage\":\"es-AR\",\"potentialAction\":[{\"@type\":\"ReadAction\",\"target\":[\"https:\\\/\\\/radioclanfm.com\\\/clanespectaculos\\\/el-misterioso-silencio-de-la-china-suarez-en-redes-problemas-en-la-casa-de-los-suenos-con-mauro-icardi\\\/\"]}]},{\"@type\":\"ImageObject\",\"inLanguage\":\"es-AR\",\"@id\":\"https:\\\/\\\/radioclanfm.com\\\/clanespectaculos\\\/el-misterioso-silencio-de-la-china-suarez-en-redes-problemas-en-la-casa-de-los-suenos-con-mauro-icardi\\\/#primaryimage\",\"url\":\"https:\\\/\\\/radioclanfm.com\\\/clanespectaculos\\\/wp-content\\\/uploads\\\/sites\\\/2\\\/2025\\\/06\\\/AuaYME3w.jpg\",\"contentUrl\":\"https:\\\/\\\/radioclanfm.com\\\/clanespectaculos\\\/wp-content\\\/uploads\\\/sites\\\/2\\\/2025\\\/06\\\/AuaYME3w.jpg\",\"width\":900,\"height\":450},{\"@type\":\"BreadcrumbList\",\"@id\":\"https:\\\/\\\/radioclanfm.com\\\/clanespectaculos\\\/el-misterioso-silencio-de-la-china-suarez-en-redes-problemas-en-la-casa-de-los-suenos-con-mauro-icardi\\\/#breadcrumb\",\"itemListElement\":[{\"@type\":\"ListItem\",\"position\":1,\"name\":\"Inicio\",\"item\":\"https:\\\/\\\/radioclanfm.com\\\/clanespectaculos\\\/\"},{\"@type\":\"ListItem\",\"position\":2,\"name\":\"El misterioso silencio de la China Su\u00e1rez en redes: \u00bfproblemas en la casa de los sue\u00f1os con Mauro Icardi?\"}]},{\"@type\":\"WebSite\",\"@id\":\"https:\\\/\\\/radioclanfm.com\\\/clanespectaculos\\\/#website\",\"url\":\"https:\\\/\\\/radioclanfm.com\\\/clanespectaculos\\\/\",\"name\":\"CLAN ESPECTACULOS\",\"description\":\"\",\"publisher\":{\"@id\":\"https:\\\/\\\/radioclanfm.com\\\/clanespectaculos\\\/#organization\"},\"potentialAction\":[{\"@type\":\"SearchAction\",\"target\":{\"@type\":\"EntryPoint\",\"urlTemplate\":\"https:\\\/\\\/radioclanfm.com\\\/clanespectaculos\\\/?s={search_term_string}\"},\"query-input\":{\"@type\":\"PropertyValueSpecification\",\"valueRequired\":true,\"valueName\":\"search_term_string\"}}],\"inLanguage\":\"es-AR\"},{\"@type\":\"Organization\",\"@id\":\"https:\\\/\\\/radioclanfm.com\\\/clanespectaculos\\\/#organization\",\"name\":\"CLAN ESPECTACULOS\",\"url\":\"https:\\\/\\\/radioclanfm.com\\\/clanespectaculos\\\/\",\"logo\":{\"@type\":\"ImageObject\",\"inLanguage\":\"es-AR\",\"@id\":\"https:\\\/\\\/radioclanfm.com\\\/clanespectaculos\\\/#\\\/schema\\\/logo\\\/image\\\/\",\"url\":\"https:\\\/\\\/radioclanfm.com\\\/clanespectaculos\\\/wp-content\\\/uploads\\\/sites\\\/2\\\/2026\\\/04\\\/ChatGPT-Image-23-mar-2026-10_09_00.png\",\"contentUrl\":\"https:\\\/\\\/radioclanfm.com\\\/clanespectaculos\\\/wp-content\\\/uploads\\\/sites\\\/2\\\/2026\\\/04\\\/ChatGPT-Image-23-mar-2026-10_09_00.png\",\"width\":1024,\"height\":1024,\"caption\":\"CLAN ESPECTACULOS\"},\"image\":{\"@id\":\"https:\\\/\\\/radioclanfm.com\\\/clanespectaculos\\\/#\\\/schema\\\/logo\\\/image\\\/\"},\"sameAs\":[\"https:\\\/\\\/www.facebook.com\\\/clanespectaculos\\\/\",\"https:\\\/\\\/x.com\\\/clanespectok\"]},{\"@type\":\"Person\",\"@id\":\"https:\\\/\\\/radioclanfm.com\\\/clanespectaculos\\\/#\\\/schema\\\/person\\\/9734813083303230f3ad84d99171b20c\",\"name\":\"E-GRUPOCLAN\",\"image\":{\"@type\":\"ImageObject\",\"inLanguage\":\"es-AR\",\"@id\":\"https:\\\/\\\/secure.gravatar.com\\\/avatar\\\/af6e19837c3d6a212034a48c7b3818d2ac1826f6025df0155da5a186ad321d79?s=96&d=mm&r=g\",\"url\":\"https:\\\/\\\/secure.gravatar.com\\\/avatar\\\/af6e19837c3d6a212034a48c7b3818d2ac1826f6025df0155da5a186ad321d79?s=96&d=mm&r=g\",\"contentUrl\":\"https:\\\/\\\/secure.gravatar.com\\\/avatar\\\/af6e19837c3d6a212034a48c7b3818d2ac1826f6025df0155da5a186ad321d79?s=96&d=mm&r=g\",\"caption\":\"E-GRUPOCLAN\"},\"sameAs\":[\"https:\\\/\\\/radioclanfm.com\"],\"url\":\"https:\\\/\\\/radioclanfm.com\\\/clanespectaculos\\\/author\\\/admin\\\/\"}]}<\/script>\n<!-- \/ Yoast SEO plugin. -->","yoast_head_json":{"title":"El misterioso silencio de la China Su\u00e1rez en redes: \u00bfproblemas en la casa de los sue\u00f1os con Mauro Icardi? - CLAN ESPECTACULOS","robots":{"index":"index","follow":"follow","max-snippet":"max-snippet:-1","max-image-preview":"max-image-preview:large","max-video-preview":"max-video-preview:-1"},"canonical":"https:\/\/radioclanfm.com\/clanespectaculos\/el-misterioso-silencio-de-la-china-suarez-en-redes-problemas-en-la-casa-de-los-suenos-con-mauro-icardi\/","og_locale":"es_ES","og_type":"article","og_title":"El misterioso silencio de la China Su\u00e1rez en redes: \u00bfproblemas en la casa de los sue\u00f1os con Mauro Icardi? - CLAN ESPECTACULOS","og_description":"Hace m\u00e1s de 10 d\u00edas que la actriz no usa sus cuentas personales para comunicarse con sus seguidores. Rumores de pedidos especiales del futbolista en medio del conflicto judicial con Wanda Nara Desde que la\u00a0China Su\u00e1rez\u00a0y\u00a0Mauro Icardi\u00a0tomaron la decisi\u00f3n de blanquear su relaci\u00f3n a principios del mes de enero, la exposici\u00f3n a la que estaban [&hellip;]","og_url":"https:\/\/radioclanfm.com\/clanespectaculos\/el-misterioso-silencio-de-la-china-suarez-en-redes-problemas-en-la-casa-de-los-suenos-con-mauro-icardi\/","og_site_name":"CLAN ESPECTACULOS","article_publisher":"https:\/\/www.facebook.com\/clanespectaculos\/","article_published_time":"2025-06-20T02:34:21+00:00","og_image":[{"width":900,"height":450,"url":"https:\/\/radioclanfm.com\/clanespectaculos\/wp-content\/uploads\/sites\/2\/2025\/06\/AuaYME3w.jpg","type":"image\/jpeg"}],"author":"E-GRUPOCLAN","twitter_card":"summary_large_image","twitter_creator":"@clanespectok","twitter_site":"@clanespectok","twitter_misc":{"Escrito por":"E-GRUPOCLAN","Tiempo de lectura":"4 minutos"},"schema":{"@context":"https:\/\/schema.org","@graph":[{"@type":"Article","@id":"https:\/\/radioclanfm.com\/clanespectaculos\/el-misterioso-silencio-de-la-china-suarez-en-redes-problemas-en-la-casa-de-los-suenos-con-mauro-icardi\/#article","isPartOf":{"@id":"https:\/\/radioclanfm.com\/clanespectaculos\/el-misterioso-silencio-de-la-china-suarez-en-redes-problemas-en-la-casa-de-los-suenos-con-mauro-icardi\/"},"author":{"name":"E-GRUPOCLAN","@id":"https:\/\/radioclanfm.com\/clanespectaculos\/#\/schema\/person\/9734813083303230f3ad84d99171b20c"},"headline":"El misterioso silencio de la China Su\u00e1rez en redes: \u00bfproblemas en la casa de los sue\u00f1os con Mauro Icardi?","datePublished":"2025-06-20T02:34:21+00:00","mainEntityOfPage":{"@id":"https:\/\/radioclanfm.com\/clanespectaculos\/el-misterioso-silencio-de-la-china-suarez-en-redes-problemas-en-la-casa-de-los-suenos-con-mauro-icardi\/"},"wordCount":736,"commentCount":0,"publisher":{"@id":"https:\/\/radioclanfm.com\/clanespectaculos\/#organization"},"image":{"@id":"https:\/\/radioclanfm.com\/clanespectaculos\/el-misterioso-silencio-de-la-china-suarez-en-redes-problemas-en-la-casa-de-los-suenos-con-mauro-icardi\/#primaryimage"},"thumbnailUrl":"https:\/\/radioclanfm.com\/clanespectaculos\/wp-content\/uploads\/sites\/2\/2025\/06\/AuaYME3w.jpg","articleSection":["Espectaculos"],"inLanguage":"es-AR","potentialAction":[{"@type":"CommentAction","name":"Comment","target":["https:\/\/radioclanfm.com\/clanespectaculos\/el-misterioso-silencio-de-la-china-suarez-en-redes-problemas-en-la-casa-de-los-suenos-con-mauro-icardi\/#respond"]}]},{"@type":"WebPage","@id":"https:\/\/radioclanfm.com\/clanespectaculos\/el-misterioso-silencio-de-la-china-suarez-en-redes-problemas-en-la-casa-de-los-suenos-con-mauro-icardi\/","url":"https:\/\/radioclanfm.com\/clanespectaculos\/el-misterioso-silencio-de-la-china-suarez-en-redes-problemas-en-la-casa-de-los-suenos-con-mauro-icardi\/","name":"El misterioso silencio de la China Su\u00e1rez en redes: \u00bfproblemas en la casa de los sue\u00f1os con Mauro Icardi? - CLAN ESPECTACULOS","isPartOf":{"@id":"https:\/\/radioclanfm.com\/clanespectaculos\/#website"},"primaryImageOfPage":{"@id":"https:\/\/radioclanfm.com\/clanespectaculos\/el-misterioso-silencio-de-la-china-suarez-en-redes-problemas-en-la-casa-de-los-suenos-con-mauro-icardi\/#primaryimage"},"image":{"@id":"https:\/\/radioclanfm.com\/clanespectaculos\/el-misterioso-silencio-de-la-china-suarez-en-redes-problemas-en-la-casa-de-los-suenos-con-mauro-icardi\/#primaryimage"},"thumbnailUrl":"https:\/\/radioclanfm.com\/clanespectaculos\/wp-content\/uploads\/sites\/2\/2025\/06\/AuaYME3w.jpg","datePublished":"2025-06-20T02:34:21+00:00","breadcrumb":{"@id":"https:\/\/radioclanfm.com\/clanespectaculos\/el-misterioso-silencio-de-la-china-suarez-en-redes-problemas-en-la-casa-de-los-suenos-con-mauro-icardi\/#breadcrumb"},"inLanguage":"es-AR","potentialAction":[{"@type":"ReadAction","target":["https:\/\/radioclanfm.com\/clanespectaculos\/el-misterioso-silencio-de-la-china-suarez-en-redes-problemas-en-la-casa-de-los-suenos-con-mauro-icardi\/"]}]},{"@type":"ImageObject","inLanguage":"es-AR","@id":"https:\/\/radioclanfm.com\/clanespectaculos\/el-misterioso-silencio-de-la-china-suarez-en-redes-problemas-en-la-casa-de-los-suenos-con-mauro-icardi\/#primaryimage","url":"https:\/\/radioclanfm.com\/clanespectaculos\/wp-content\/uploads\/sites\/2\/2025\/06\/AuaYME3w.jpg","contentUrl":"https:\/\/radioclanfm.com\/clanespectaculos\/wp-content\/uploads\/sites\/2\/2025\/06\/AuaYME3w.jpg","width":900,"height":450},{"@type":"BreadcrumbList","@id":"https:\/\/radioclanfm.com\/clanespectaculos\/el-misterioso-silencio-de-la-china-suarez-en-redes-problemas-en-la-casa-de-los-suenos-con-mauro-icardi\/#breadcrumb","itemListElement":[{"@type":"ListItem","position":1,"name":"Inicio","item":"https:\/\/radioclanfm.com\/clanespectaculos\/"},{"@type":"ListItem","position":2,"name":"El misterioso silencio de la China Su\u00e1rez en redes: \u00bfproblemas en la casa de los sue\u00f1os con Mauro Icardi?"}]},{"@type":"WebSite","@id":"https:\/\/radioclanfm.com\/clanespectaculos\/#website","url":"https:\/\/radioclanfm.com\/clanespectaculos\/","name":"CLAN ESPECTACULOS","description":"","publisher":{"@id":"https:\/\/radioclanfm.com\/clanespectaculos\/#organization"},"potentialAction":[{"@type":"SearchAction","target":{"@type":"EntryPoint","urlTemplate":"https:\/\/radioclanfm.com\/clanespectaculos\/?s={search_term_string}"},"query-input":{"@type":"PropertyValueSpecification","valueRequired":true,"valueName":"search_term_string"}}],"inLanguage":"es-AR"},{"@type":"Organization","@id":"https:\/\/radioclanfm.com\/clanespectaculos\/#organization","name":"CLAN ESPECTACULOS","url":"https:\/\/radioclanfm.com\/clanespectaculos\/","logo":{"@type":"ImageObject","inLanguage":"es-AR","@id":"https:\/\/radioclanfm.com\/clanespectaculos\/#\/schema\/logo\/image\/","url":"https:\/\/radioclanfm.com\/clanespectaculos\/wp-content\/uploads\/sites\/2\/2026\/04\/ChatGPT-Image-23-mar-2026-10_09_00.png","contentUrl":"https:\/\/radioclanfm.com\/clanespectaculos\/wp-content\/uploads\/sites\/2\/2026\/04\/ChatGPT-Image-23-mar-2026-10_09_00.png","width":1024,"height":1024,"caption":"CLAN ESPECTACULOS"},"image":{"@id":"https:\/\/radioclanfm.com\/clanespectaculos\/#\/schema\/logo\/image\/"},"sameAs":["https:\/\/www.facebook.com\/clanespectaculos\/","https:\/\/x.com\/clanespectok"]},{"@type":"Person","@id":"https:\/\/radioclanfm.com\/clanespectaculos\/#\/schema\/person\/9734813083303230f3ad84d99171b20c","name":"E-GRUPOCLAN","image":{"@type":"ImageObject","inLanguage":"es-AR","@id":"https:\/\/secure.gravatar.com\/avatar\/af6e19837c3d6a212034a48c7b3818d2ac1826f6025df0155da5a186ad321d79?s=96&d=mm&r=g","url":"https:\/\/secure.gravatar.com\/avatar\/af6e19837c3d6a212034a48c7b3818d2ac1826f6025df0155da5a186ad321d79?s=96&d=mm&r=g","contentUrl":"https:\/\/secure.gravatar.com\/avatar\/af6e19837c3d6a212034a48c7b3818d2ac1826f6025df0155da5a186ad321d79?s=96&d=mm&r=g","caption":"E-GRUPOCLAN"},"sameAs":["https:\/\/radioclanfm.com"],"url":"https:\/\/radioclanfm.com\/clanespectaculos\/author\/admin\/"}]}},"_links":{"self":[{"href":"https:\/\/radioclanfm.com\/clanespectaculos\/wp-json\/wp\/v2\/posts\/2044","targetHints":{"allow":["GET"]}}],"collection":[{"href":"https:\/\/radioclanfm.com\/clanespectaculos\/wp-json\/wp\/v2\/posts"}],"about":[{"href":"https:\/\/radioclanfm.com\/clanespectaculos\/wp-json\/wp\/v2\/types\/post"}],"author":[{"embeddable":true,"href":"https:\/\/radioclanfm.com\/clanespectaculos\/wp-json\/wp\/v2\/users\/1"}],"replies":[{"embeddable":true,"href":"https:\/\/radioclanfm.com\/clanespectaculos\/wp-json\/wp\/v2\/comments?post=2044"}],"version-history":[{"count":1,"href":"https:\/\/radioclanfm.com\/clanespectaculos\/wp-json\/wp\/v2\/posts\/2044\/revisions"}],"predecessor-version":[{"id":2048,"href":"https:\/\/radioclanfm.com\/clanespectaculos\/wp-json\/wp\/v2\/posts\/2044\/revisions\/2048"}],"wp:featuredmedia":[{"embeddable":true,"href":"https:\/\/radioclanfm.com\/clanespectaculos\/wp-json\/wp\/v2\/media\/2047"}],"wp:attachment":[{"href":"https:\/\/radioclanfm.com\/clanespectaculos\/wp-json\/wp\/v2\/media?parent=2044"}],"wp:term":[{"taxonomy":"category","embeddable":true,"href":"https:\/\/radioclanfm.com\/clanespectaculos\/wp-json\/wp\/v2\/categories?post=2044"},{"taxonomy":"post_tag","embeddable":true,"href":"https:\/\/radioclanfm.com\/clanespectaculos\/wp-json\/wp\/v2\/tags?post=2044"}],"curies":[{"name":"wp","href":"https:\/\/api.w.org\/{rel}","templated":true}]}}