{"id":20320,"date":"2026-09-05T21:21:55","date_gmt":"2026-09-06T00:21:55","guid":{"rendered":"https:\/\/radioclanfm.com\/clanespectaculos\/?p=20320"},"modified":"2026-09-05T21:21:55","modified_gmt":"2026-09-06T00:21:55","slug":"dieron-a-conocer-como-fue-el-incomodo-momento-en-el-que-tini-stoessel-se-sento-a-negociar-con-su-papa-alejandro","status":"publish","type":"post","link":"https:\/\/radioclanfm.com\/clanespectaculos\/dieron-a-conocer-como-fue-el-incomodo-momento-en-el-que-tini-stoessel-se-sento-a-negociar-con-su-papa-alejandro\/","title":{"rendered":"Dieron a conocer c\u00f3mo fue el inc\u00f3modo momento en el que Tini Stoessel se sent\u00f3 a negociar con su pap\u00e1 Alejandro"},"content":{"rendered":"<p>Yanina Latorre dio detalles de las charlas que tuvieron la cantante y el productor, con una abogada de por medio.<\/p>\n<div class=\"col-content\"><main class=\"col-content\"><\/p>\n<div class=\"default-article-color article__body article__article\">\n<p class=\"paragraph font__body-regular\"><b>Tini Stoessel<\/b>\u00a0atraviesa un momento de tensi\u00f3n familiar con sus padres,\u00a0<b>Alejandro Stoessel y Mariana Muzlera<\/b>, a ra\u00edz de la decisi\u00f3n de la cantante de dejar de trabajar profesionalmente con su pap\u00e1. En medio de las negociaciones por la divisi\u00f3n de bienes y sociedades, Yanina Latorre revel\u00f3 detalles de\u00a0<b>una reuni\u00f3n<\/b>\u00a0que, seg\u00fan cont\u00f3, habr\u00eda marcado un antes y\u00a0<b>un despu\u00e9s en el v\u00ednculo entre padre e hija.<\/b><\/p>\n<div class=\"teads-adCall\"><\/div>\n<div id=\"ad-slot-infeed\" class=\"infeed-container\" data-google-query-id=\"CO-50dzX2JYDFRJC3QId7qMQkw\">\n<div id=\"google_ads_iframe_\/113951150\/tn-arc\/nota\/infeed_0__container__\"><iframe id=\"google_ads_iframe_\/113951150\/tn-arc\/nota\/infeed_0\" tabindex=\"0\" title=\"Contenido de anuncios de terceros\" name=\"google_ads_iframe_\/113951150\/tn-arc\/nota\/infeed_0\" width=\"1\" height=\"1\" frameborder=\"0\" marginwidth=\"0\" marginheight=\"0\" scrolling=\"no\" aria-label=\"Anuncio\" data-google-container-id=\"9\" data-load-complete=\"true\" data-mce-fragment=\"1\"><\/iframe><\/div>\n<\/div>\n<p class=\"paragraph font__body-regular\">Al aire de\u00a0<i>S\u00e1lvese quien pueda (Am\u00e9rica)<\/i>, la conductora asegur\u00f3 que\u00a0<b>la artista se encuentra actualmente \u201csupercontenta\u201d con su presente profesional<\/b>, enfocada en sus ensayos y proyectos. Sin embargo, explic\u00f3 que\u00a0<b>todav\u00eda no habr\u00eda un acuerdo definitivo con Alejandro.<\/b><\/p>\n<div class=\"marfeel-readmore-slot\"><\/div>\n<p class=\"paragraph font__body-regular\">Seg\u00fan relat\u00f3 la esposa de Diego Latorre, todo comenz\u00f3 cuando Tini le comunic\u00f3 a su pap\u00e1 que no quer\u00eda continuar trabajando con \u00e9l. \u201c<b>Ella arranca creyendo en la buena voluntad del padre<\/b>\u201d, explic\u00f3 la periodista.<\/p>\n<figure class=\"\" data-testid=\"figure-testid\">\n<div class=\"aspect_ratio__container\"><picture class=\"responsive-image\"><source srcset=\"https:\/\/tn.com.ar\/resizer\/v2\/tini-stoessel-ya-no-habla-con-su-papa-foto-instagramtinistoessel-JCQXSY6GPJBWDDZV4UOK3IONCE.jpg?auth=d12906f19f7b6b915e877ddabd18e145e424559b778ddb29f6babbfa1d3d1e44&amp;width=767\" media=\"(max-width: 728px)\" \/><source srcset=\"https:\/\/tn.com.ar\/resizer\/v2\/tini-stoessel-ya-no-habla-con-su-papa-foto-instagramtinistoessel-JCQXSY6GPJBWDDZV4UOK3IONCE.jpg?auth=d12906f19f7b6b915e877ddabd18e145e424559b778ddb29f6babbfa1d3d1e44&amp;width=1023\" media=\"(max-width: 1023px)\" \/><source srcset=\"https:\/\/tn.com.ar\/resizer\/v2\/tini-stoessel-ya-no-habla-con-su-papa-foto-instagramtinistoessel-JCQXSY6GPJBWDDZV4UOK3IONCE.jpg?auth=d12906f19f7b6b915e877ddabd18e145e424559b778ddb29f6babbfa1d3d1e44&amp;width=1440\" \/><img loading=\"lazy\" decoding=\"async\" class=\"image content-image image_placeholder\" src=\"https:\/\/tn.com.ar\/resizer\/v2\/tini-stoessel-ya-no-habla-con-su-papa-foto-instagramtinistoessel-JCQXSY6GPJBWDDZV4UOK3IONCE.jpg?auth=d12906f19f7b6b915e877ddabd18e145e424559b778ddb29f6babbfa1d3d1e44&amp;width=767\" alt=\"Tini Stoessel ya no habla con su pap\u00e1 (Foto: Instagram\/tinistoessel)\" width=\"767\" height=\"430\" data-testid=\"loading-testid\" \/><\/picture><\/div><figcaption class=\"caption_image\" data-testid=\"figcaption-testid\">\n<div class=\"image_caption \">Tini Stoessel ya no habla con su pap\u00e1 (Foto: Instagram\/tinistoessel)<\/div>\n<\/figcaption><\/figure>\n<p class=\"paragraph font__body-regular\">En ese momento, siempre de acuerdo con el relato de Latorre, Alejandro habr\u00eda manifestado que tampoco quer\u00eda seguir trabajando con su hija. El conflicto habr\u00eda surgido cuando la ex\u00a0<i>Violetta<\/i>\u00a0plante\u00f3\u00a0<b>c\u00f3mo continuar\u00edan administrando las cuestiones econ\u00f3micas vinculadas a su carrera.<\/b><\/p>\n<p class=\"paragraph font__body-regular\">\u201cCuando ella le dice: \u2018Bueno, a partir de ahora, \u00bfc\u00f3mo hacemos? \u00bfC\u00f3mo pago los sueldos? \u00bfC\u00f3mo le pago a los bailarines?\u2019\u201d, relat\u00f3 Yanina. Seg\u00fan su versi\u00f3n, Stoessel le habr\u00eda respondido que\u00a0<b>la empresa continuar\u00eda manejando la parte financiera.<\/b><\/p>\n<p class=\"paragraph font__body-regular\">No obstante, Tini habr\u00eda insistido en que quer\u00eda separar los negocios y comenzar a\u00a0<b>manejar sus asuntos de manera independiente.<\/b>\u00a0A partir de entonces, la situaci\u00f3n se habr\u00eda vuelto m\u00e1s tensa.<\/p>\n<figure class=\"\" data-testid=\"figure-testid\">\n<div class=\"aspect_ratio__container\"><picture class=\"responsive-image\"><source srcset=\"https:\/\/tn.com.ar\/resizer\/v2\/en-su-ultimo-concierto-tini-stoessel-saco-de-la-setlist-la-cancion-dedicada-a-su-padre-foto-xmstoesselbr-GWEX4DLP5RAZ3GSPYUAPKMSOUY.jpeg?auth=f5d52b05f09ba1a75407ccc84478d4791136085b85f54015306051ed95e89d56&amp;width=767\" media=\"(max-width: 728px)\" \/><source srcset=\"https:\/\/tn.com.ar\/resizer\/v2\/en-su-ultimo-concierto-tini-stoessel-saco-de-la-setlist-la-cancion-dedicada-a-su-padre-foto-xmstoesselbr-GWEX4DLP5RAZ3GSPYUAPKMSOUY.jpeg?auth=f5d52b05f09ba1a75407ccc84478d4791136085b85f54015306051ed95e89d56&amp;width=1023\" media=\"(max-width: 1023px)\" \/><source srcset=\"https:\/\/tn.com.ar\/resizer\/v2\/en-su-ultimo-concierto-tini-stoessel-saco-de-la-setlist-la-cancion-dedicada-a-su-padre-foto-xmstoesselbr-GWEX4DLP5RAZ3GSPYUAPKMSOUY.jpeg?auth=f5d52b05f09ba1a75407ccc84478d4791136085b85f54015306051ed95e89d56&amp;width=1440\" \/><img loading=\"lazy\" decoding=\"async\" class=\"image content-image image_placeholder\" src=\"https:\/\/tn.com.ar\/resizer\/v2\/en-su-ultimo-concierto-tini-stoessel-saco-de-la-setlist-la-cancion-dedicada-a-su-padre-foto-xmstoesselbr-GWEX4DLP5RAZ3GSPYUAPKMSOUY.jpeg?auth=f5d52b05f09ba1a75407ccc84478d4791136085b85f54015306051ed95e89d56&amp;width=767\" alt=\"En su \u00faltimo concierto, Tini Stoessel sac\u00f3 de la setlist la canci\u00f3n dedicada a su padre (Foto: X\/@MStoesselBR)\" width=\"767\" height=\"1102\" data-testid=\"loading-testid\" \/><\/picture><\/div><figcaption class=\"caption_image\" data-testid=\"figcaption-testid\">\n<div class=\"image_caption \">En su \u00faltimo concierto, Tini Stoessel sac\u00f3 de la setlist la canci\u00f3n dedicada a su padre (Foto: X\/@MStoesselBR)<\/div>\n<\/figcaption><\/figure>\n<p class=\"paragraph font__body-regular\">Uno de los momentos m\u00e1s fuertes del relato de Yanina Latorre fue la reuni\u00f3n que Tini habr\u00eda mantenido con su padre y un abogado para negociar la divisi\u00f3n del patrimonio.<\/p>\n<p class=\"paragraph font__body-regular\">La periodista sostuvo que la cantante\u00a0<b>acudi\u00f3 confiando en que se trataba de una conversaci\u00f3n entre padre<\/b>\u00a0e hija y que, por ese motivo, habr\u00eda ido sola.<\/p>\n<p class=\"paragraph font__body-regular\">\u201c<b>Ella confiando en su pap\u00e1, porque es tu pap\u00e1, va sola<\/b>\u201d, relat\u00f3 la conductora, haciendo referencia a que La Triple T\u00a0<b>no fue acompa\u00f1ada de un abogado<\/b>. Sin embargo, la situaci\u00f3n termin\u00f3 siendo muy diferente a la que Tini esperaba. \u201cEl dolor de ella es:<b>\u00a0se sent\u00f3 con el pap\u00e1 a hablar de negocios como si ella fuera una empleada del padre, o una representada del padre<\/b>, y no la hija\u201d, asegur\u00f3 sobre la decepci\u00f3n que se habr\u00eda llevado Martina.<\/p>\n<figure class=\"\" data-testid=\"figure-testid\">\n<div class=\"aspect_ratio__container\"><picture class=\"responsive-image\"><source srcset=\"https:\/\/tn.com.ar\/resizer\/v2\/alejandro-stoessel-y-tini-stoessel-estan-distanciados-foto-instagramtinistoessel-GSNLIIACCRAMPOJJLJBGGCRT5I.jpg?auth=3c23796a917e259eb90bec255fb60e8b07626bbde01e05709d9d4ad635e7ba85&amp;width=767\" media=\"(max-width: 728px)\" \/><source srcset=\"https:\/\/tn.com.ar\/resizer\/v2\/alejandro-stoessel-y-tini-stoessel-estan-distanciados-foto-instagramtinistoessel-GSNLIIACCRAMPOJJLJBGGCRT5I.jpg?auth=3c23796a917e259eb90bec255fb60e8b07626bbde01e05709d9d4ad635e7ba85&amp;width=1023\" media=\"(max-width: 1023px)\" \/><source srcset=\"https:\/\/tn.com.ar\/resizer\/v2\/alejandro-stoessel-y-tini-stoessel-estan-distanciados-foto-instagramtinistoessel-GSNLIIACCRAMPOJJLJBGGCRT5I.jpg?auth=3c23796a917e259eb90bec255fb60e8b07626bbde01e05709d9d4ad635e7ba85&amp;width=1440\" \/><img loading=\"lazy\" decoding=\"async\" class=\"image content-image image_placeholder\" src=\"https:\/\/tn.com.ar\/resizer\/v2\/alejandro-stoessel-y-tini-stoessel-estan-distanciados-foto-instagramtinistoessel-GSNLIIACCRAMPOJJLJBGGCRT5I.jpg?auth=3c23796a917e259eb90bec255fb60e8b07626bbde01e05709d9d4ad635e7ba85&amp;width=767\" alt=\"Alejandro Stoessel y Tini Stoessel est\u00e1n distanciados (Foto: Instagram\/tinistoessel)\" width=\"767\" height=\"432\" data-testid=\"loading-testid\" \/><\/picture><\/div><figcaption class=\"caption_image\" data-testid=\"figcaption-testid\">\n<div class=\"image_caption \">Alejandro Stoessel y Tini Stoessel est\u00e1n distanciados (Foto: Instagram\/tinistoessel)<\/div>\n<\/figcaption><\/figure>\n<p class=\"paragraph font__body-regular\">\u201c<b>De todo eso, \u00e9l quiere el 50%. Ella se queda, le dice que no, se queda helada<\/b>\u201d, cont\u00f3 Yanina.<\/p>\n<p class=\"paragraph font__body-regular\">La conductora tambi\u00e9n se\u00f1al\u00f3 que Tini habr\u00eda querido posteriormente contar con un testigo para una nueva conversaci\u00f3n y que su hermano habr\u00eda estado presente en alguna de las instancias.<\/p>\n<\/div>\n<p><\/main><\/div>\n<aside class=\"col-right-rail right-rail\">\n<div id=\"parent-ad-slot-caja\" class=\"ad-container caja_ad \">\n<div class=\"ad-content\">\n<div id=\"ad-slot-caja\" class=\"ad-slot-caja ad-slot\" data-adtype=\"caja\" data-is_original=\"1\" data-lazyload=\"1\" data-google-query-id=\"CLKKsNzX2JYDFY8cHgAdgTgT1A\"><\/div>\n<\/div>\n<\/div>\n<\/aside>\n","protected":false},"excerpt":{"rendered":"<p>Yanina Latorre dio detalles de las charlas que tuvieron la cantante y el productor, con una abogada de por medio. Tini Stoessel\u00a0atraviesa un momento de tensi\u00f3n familiar con sus padres,\u00a0Alejandro Stoessel y Mariana Muzlera, a ra\u00edz de la decisi\u00f3n de la cantante de dejar de trabajar profesionalmente con su pap\u00e1. En medio de las negociaciones [&hellip;]<\/p>\n","protected":false},"author":1,"featured_media":20321,"comment_status":"open","ping_status":"open","sticky":false,"template":"","format":"standard","meta":{"rop_custom_images_group":[],"rop_custom_messages_group":[],"rop_publish_now":"initial","rop_publish_now_accounts":[],"rop_publish_now_history":[],"rop_publish_now_status":"pending","footnotes":"","jetpack_publicize_message":"","jetpack_publicize_feature_enabled":true,"jetpack_social_post_already_shared":true,"jetpack_social_options":{"image_generator_settings":{"template":"highway","enabled":false},"version":2}},"categories":[12],"tags":[],"class_list":["post-20320","post","type-post","status-publish","format-standard","has-post-thumbnail","category-espectaculos"],"jetpack_publicize_connections":[],"yoast_head":"<!-- This site is optimized with the Yoast SEO plugin v28.2 - https:\/\/yoast.com\/product\/yoast-seo-wordpress\/ -->\n<title>Dieron a conocer c\u00f3mo fue el inc\u00f3modo momento en el que Tini Stoessel se sent\u00f3 a negociar con su pap\u00e1 Alejandro - CLAN ESPECTACULOS<\/title>\n<meta name=\"robots\" content=\"index, follow, max-snippet:-1, max-image-preview:large, max-video-preview:-1\" \/>\n<link rel=\"canonical\" href=\"https:\/\/radioclanfm.com\/clanespectaculos\/dieron-a-conocer-como-fue-el-incomodo-momento-en-el-que-tini-stoessel-se-sento-a-negociar-con-su-papa-alejandro\/\" \/>\n<meta property=\"og:locale\" content=\"es_ES\" \/>\n<meta property=\"og:type\" content=\"article\" \/>\n<meta property=\"og:title\" content=\"Dieron a conocer c\u00f3mo fue el inc\u00f3modo momento en el que Tini Stoessel se sent\u00f3 a negociar con su pap\u00e1 Alejandro - CLAN ESPECTACULOS\" \/>\n<meta property=\"og:description\" content=\"Yanina Latorre dio detalles de las charlas que tuvieron la cantante y el productor, con una abogada de por medio. Tini Stoessel\u00a0atraviesa un momento de tensi\u00f3n familiar con sus padres,\u00a0Alejandro Stoessel y Mariana Muzlera, a ra\u00edz de la decisi\u00f3n de la cantante de dejar de trabajar profesionalmente con su pap\u00e1. En medio de las negociaciones [&hellip;]\" \/>\n<meta property=\"og:url\" content=\"https:\/\/radioclanfm.com\/clanespectaculos\/dieron-a-conocer-como-fue-el-incomodo-momento-en-el-que-tini-stoessel-se-sento-a-negociar-con-su-papa-alejandro\/\" \/>\n<meta property=\"og:site_name\" content=\"CLAN ESPECTACULOS\" \/>\n<meta property=\"article:publisher\" content=\"https:\/\/www.facebook.com\/clanespectaculos\/\" \/>\n<meta property=\"article:published_time\" content=\"2026-09-06T00:21:55+00:00\" \/>\n<meta property=\"og:image\" content=\"https:\/\/radioclanfm.com\/clanespectaculos\/wp-content\/uploads\/sites\/2\/2026\/09\/CeIWKpCZ.jpg\" \/>\n\t<meta property=\"og:image:width\" content=\"900\" \/>\n\t<meta property=\"og:image:height\" content=\"504\" \/>\n\t<meta property=\"og:image:type\" content=\"image\/jpeg\" \/>\n<meta name=\"author\" content=\"E-GRUPOCLAN\" \/>\n<meta name=\"twitter:card\" content=\"summary_large_image\" \/>\n<meta name=\"twitter:creator\" content=\"@clanespectok\" \/>\n<meta name=\"twitter:site\" content=\"@clanespectok\" \/>\n<meta name=\"twitter:label1\" content=\"Escrito por\" \/>\n\t<meta name=\"twitter:data1\" content=\"E-GRUPOCLAN\" \/>\n\t<meta name=\"twitter:label2\" content=\"Tiempo de lectura\" \/>\n\t<meta name=\"twitter:data2\" content=\"4 minutos\" \/>\n<script type=\"application\/ld+json\" class=\"yoast-schema-graph\">{\"@context\":\"https:\\\/\\\/schema.org\",\"@graph\":[{\"@type\":\"Article\",\"@id\":\"https:\\\/\\\/radioclanfm.com\\\/clanespectaculos\\\/dieron-a-conocer-como-fue-el-incomodo-momento-en-el-que-tini-stoessel-se-sento-a-negociar-con-su-papa-alejandro\\\/#article\",\"isPartOf\":{\"@id\":\"https:\\\/\\\/radioclanfm.com\\\/clanespectaculos\\\/dieron-a-conocer-como-fue-el-incomodo-momento-en-el-que-tini-stoessel-se-sento-a-negociar-con-su-papa-alejandro\\\/\"},\"author\":{\"name\":\"E-GRUPOCLAN\",\"@id\":\"https:\\\/\\\/radioclanfm.com\\\/clanespectaculos\\\/#\\\/schema\\\/person\\\/9734813083303230f3ad84d99171b20c\"},\"headline\":\"Dieron a conocer c\u00f3mo fue el inc\u00f3modo momento en el que Tini Stoessel se sent\u00f3 a negociar con su pap\u00e1 Alejandro\",\"datePublished\":\"2026-09-06T00:21:55+00:00\",\"mainEntityOfPage\":{\"@id\":\"https:\\\/\\\/radioclanfm.com\\\/clanespectaculos\\\/dieron-a-conocer-como-fue-el-incomodo-momento-en-el-que-tini-stoessel-se-sento-a-negociar-con-su-papa-alejandro\\\/\"},\"wordCount\":569,\"commentCount\":0,\"publisher\":{\"@id\":\"https:\\\/\\\/radioclanfm.com\\\/clanespectaculos\\\/#organization\"},\"image\":{\"@id\":\"https:\\\/\\\/radioclanfm.com\\\/clanespectaculos\\\/dieron-a-conocer-como-fue-el-incomodo-momento-en-el-que-tini-stoessel-se-sento-a-negociar-con-su-papa-alejandro\\\/#primaryimage\"},\"thumbnailUrl\":\"https:\\\/\\\/radioclanfm.com\\\/clanespectaculos\\\/wp-content\\\/uploads\\\/sites\\\/2\\\/2026\\\/09\\\/CeIWKpCZ.jpg\",\"articleSection\":[\"Espectaculos\"],\"inLanguage\":\"es-AR\",\"potentialAction\":[{\"@type\":\"CommentAction\",\"name\":\"Comment\",\"target\":[\"https:\\\/\\\/radioclanfm.com\\\/clanespectaculos\\\/dieron-a-conocer-como-fue-el-incomodo-momento-en-el-que-tini-stoessel-se-sento-a-negociar-con-su-papa-alejandro\\\/#respond\"]}]},{\"@type\":\"WebPage\",\"@id\":\"https:\\\/\\\/radioclanfm.com\\\/clanespectaculos\\\/dieron-a-conocer-como-fue-el-incomodo-momento-en-el-que-tini-stoessel-se-sento-a-negociar-con-su-papa-alejandro\\\/\",\"url\":\"https:\\\/\\\/radioclanfm.com\\\/clanespectaculos\\\/dieron-a-conocer-como-fue-el-incomodo-momento-en-el-que-tini-stoessel-se-sento-a-negociar-con-su-papa-alejandro\\\/\",\"name\":\"Dieron a conocer c\u00f3mo fue el inc\u00f3modo momento en el que Tini Stoessel se sent\u00f3 a negociar con su pap\u00e1 Alejandro - CLAN ESPECTACULOS\",\"isPartOf\":{\"@id\":\"https:\\\/\\\/radioclanfm.com\\\/clanespectaculos\\\/#website\"},\"primaryImageOfPage\":{\"@id\":\"https:\\\/\\\/radioclanfm.com\\\/clanespectaculos\\\/dieron-a-conocer-como-fue-el-incomodo-momento-en-el-que-tini-stoessel-se-sento-a-negociar-con-su-papa-alejandro\\\/#primaryimage\"},\"image\":{\"@id\":\"https:\\\/\\\/radioclanfm.com\\\/clanespectaculos\\\/dieron-a-conocer-como-fue-el-incomodo-momento-en-el-que-tini-stoessel-se-sento-a-negociar-con-su-papa-alejandro\\\/#primaryimage\"},\"thumbnailUrl\":\"https:\\\/\\\/radioclanfm.com\\\/clanespectaculos\\\/wp-content\\\/uploads\\\/sites\\\/2\\\/2026\\\/09\\\/CeIWKpCZ.jpg\",\"datePublished\":\"2026-09-06T00:21:55+00:00\",\"breadcrumb\":{\"@id\":\"https:\\\/\\\/radioclanfm.com\\\/clanespectaculos\\\/dieron-a-conocer-como-fue-el-incomodo-momento-en-el-que-tini-stoessel-se-sento-a-negociar-con-su-papa-alejandro\\\/#breadcrumb\"},\"inLanguage\":\"es-AR\",\"potentialAction\":[{\"@type\":\"ReadAction\",\"target\":[\"https:\\\/\\\/radioclanfm.com\\\/clanespectaculos\\\/dieron-a-conocer-como-fue-el-incomodo-momento-en-el-que-tini-stoessel-se-sento-a-negociar-con-su-papa-alejandro\\\/\"]}]},{\"@type\":\"ImageObject\",\"inLanguage\":\"es-AR\",\"@id\":\"https:\\\/\\\/radioclanfm.com\\\/clanespectaculos\\\/dieron-a-conocer-como-fue-el-incomodo-momento-en-el-que-tini-stoessel-se-sento-a-negociar-con-su-papa-alejandro\\\/#primaryimage\",\"url\":\"https:\\\/\\\/radioclanfm.com\\\/clanespectaculos\\\/wp-content\\\/uploads\\\/sites\\\/2\\\/2026\\\/09\\\/CeIWKpCZ.jpg\",\"contentUrl\":\"https:\\\/\\\/radioclanfm.com\\\/clanespectaculos\\\/wp-content\\\/uploads\\\/sites\\\/2\\\/2026\\\/09\\\/CeIWKpCZ.jpg\",\"width\":900,\"height\":504},{\"@type\":\"BreadcrumbList\",\"@id\":\"https:\\\/\\\/radioclanfm.com\\\/clanespectaculos\\\/dieron-a-conocer-como-fue-el-incomodo-momento-en-el-que-tini-stoessel-se-sento-a-negociar-con-su-papa-alejandro\\\/#breadcrumb\",\"itemListElement\":[{\"@type\":\"ListItem\",\"position\":1,\"name\":\"Inicio\",\"item\":\"https:\\\/\\\/radioclanfm.com\\\/clanespectaculos\\\/\"},{\"@type\":\"ListItem\",\"position\":2,\"name\":\"Dieron a conocer c\u00f3mo fue el inc\u00f3modo momento en el que Tini Stoessel se sent\u00f3 a negociar con su pap\u00e1 Alejandro\"}]},{\"@type\":\"WebSite\",\"@id\":\"https:\\\/\\\/radioclanfm.com\\\/clanespectaculos\\\/#website\",\"url\":\"https:\\\/\\\/radioclanfm.com\\\/clanespectaculos\\\/\",\"name\":\"CLAN ESPECTACULOS\",\"description\":\"\",\"publisher\":{\"@id\":\"https:\\\/\\\/radioclanfm.com\\\/clanespectaculos\\\/#organization\"},\"potentialAction\":[{\"@type\":\"SearchAction\",\"target\":{\"@type\":\"EntryPoint\",\"urlTemplate\":\"https:\\\/\\\/radioclanfm.com\\\/clanespectaculos\\\/?s={search_term_string}\"},\"query-input\":{\"@type\":\"PropertyValueSpecification\",\"valueRequired\":true,\"valueName\":\"search_term_string\"}}],\"inLanguage\":\"es-AR\"},{\"@type\":\"Organization\",\"@id\":\"https:\\\/\\\/radioclanfm.com\\\/clanespectaculos\\\/#organization\",\"name\":\"CLAN ESPECTACULOS\",\"url\":\"https:\\\/\\\/radioclanfm.com\\\/clanespectaculos\\\/\",\"logo\":{\"@type\":\"ImageObject\",\"inLanguage\":\"es-AR\",\"@id\":\"https:\\\/\\\/radioclanfm.com\\\/clanespectaculos\\\/#\\\/schema\\\/logo\\\/image\\\/\",\"url\":\"https:\\\/\\\/radioclanfm.com\\\/clanespectaculos\\\/wp-content\\\/uploads\\\/sites\\\/2\\\/2026\\\/04\\\/ChatGPT-Image-23-mar-2026-10_09_00.png\",\"contentUrl\":\"https:\\\/\\\/radioclanfm.com\\\/clanespectaculos\\\/wp-content\\\/uploads\\\/sites\\\/2\\\/2026\\\/04\\\/ChatGPT-Image-23-mar-2026-10_09_00.png\",\"width\":1024,\"height\":1024,\"caption\":\"CLAN ESPECTACULOS\"},\"image\":{\"@id\":\"https:\\\/\\\/radioclanfm.com\\\/clanespectaculos\\\/#\\\/schema\\\/logo\\\/image\\\/\"},\"sameAs\":[\"https:\\\/\\\/www.facebook.com\\\/clanespectaculos\\\/\",\"https:\\\/\\\/x.com\\\/clanespectok\"]},{\"@type\":\"Person\",\"@id\":\"https:\\\/\\\/radioclanfm.com\\\/clanespectaculos\\\/#\\\/schema\\\/person\\\/9734813083303230f3ad84d99171b20c\",\"name\":\"E-GRUPOCLAN\",\"image\":{\"@type\":\"ImageObject\",\"inLanguage\":\"es-AR\",\"@id\":\"https:\\\/\\\/secure.gravatar.com\\\/avatar\\\/af6e19837c3d6a212034a48c7b3818d2ac1826f6025df0155da5a186ad321d79?s=96&d=mm&r=g\",\"url\":\"https:\\\/\\\/secure.gravatar.com\\\/avatar\\\/af6e19837c3d6a212034a48c7b3818d2ac1826f6025df0155da5a186ad321d79?s=96&d=mm&r=g\",\"contentUrl\":\"https:\\\/\\\/secure.gravatar.com\\\/avatar\\\/af6e19837c3d6a212034a48c7b3818d2ac1826f6025df0155da5a186ad321d79?s=96&d=mm&r=g\",\"caption\":\"E-GRUPOCLAN\"},\"sameAs\":[\"https:\\\/\\\/radioclanfm.com\"],\"url\":\"https:\\\/\\\/radioclanfm.com\\\/clanespectaculos\\\/author\\\/admin\\\/\"}]}<\/script>\n<!-- \/ Yoast SEO plugin. -->","yoast_head_json":{"title":"Dieron a conocer c\u00f3mo fue el inc\u00f3modo momento en el que Tini Stoessel se sent\u00f3 a negociar con su pap\u00e1 Alejandro - CLAN ESPECTACULOS","robots":{"index":"index","follow":"follow","max-snippet":"max-snippet:-1","max-image-preview":"max-image-preview:large","max-video-preview":"max-video-preview:-1"},"canonical":"https:\/\/radioclanfm.com\/clanespectaculos\/dieron-a-conocer-como-fue-el-incomodo-momento-en-el-que-tini-stoessel-se-sento-a-negociar-con-su-papa-alejandro\/","og_locale":"es_ES","og_type":"article","og_title":"Dieron a conocer c\u00f3mo fue el inc\u00f3modo momento en el que Tini Stoessel se sent\u00f3 a negociar con su pap\u00e1 Alejandro - CLAN ESPECTACULOS","og_description":"Yanina Latorre dio detalles de las charlas que tuvieron la cantante y el productor, con una abogada de por medio. Tini Stoessel\u00a0atraviesa un momento de tensi\u00f3n familiar con sus padres,\u00a0Alejandro Stoessel y Mariana Muzlera, a ra\u00edz de la decisi\u00f3n de la cantante de dejar de trabajar profesionalmente con su pap\u00e1. En medio de las negociaciones [&hellip;]","og_url":"https:\/\/radioclanfm.com\/clanespectaculos\/dieron-a-conocer-como-fue-el-incomodo-momento-en-el-que-tini-stoessel-se-sento-a-negociar-con-su-papa-alejandro\/","og_site_name":"CLAN ESPECTACULOS","article_publisher":"https:\/\/www.facebook.com\/clanespectaculos\/","article_published_time":"2026-09-06T00:21:55+00:00","og_image":[{"width":900,"height":504,"url":"https:\/\/radioclanfm.com\/clanespectaculos\/wp-content\/uploads\/sites\/2\/2026\/09\/CeIWKpCZ.jpg","type":"image\/jpeg"}],"author":"E-GRUPOCLAN","twitter_card":"summary_large_image","twitter_creator":"@clanespectok","twitter_site":"@clanespectok","twitter_misc":{"Escrito por":"E-GRUPOCLAN","Tiempo de lectura":"4 minutos"},"schema":{"@context":"https:\/\/schema.org","@graph":[{"@type":"Article","@id":"https:\/\/radioclanfm.com\/clanespectaculos\/dieron-a-conocer-como-fue-el-incomodo-momento-en-el-que-tini-stoessel-se-sento-a-negociar-con-su-papa-alejandro\/#article","isPartOf":{"@id":"https:\/\/radioclanfm.com\/clanespectaculos\/dieron-a-conocer-como-fue-el-incomodo-momento-en-el-que-tini-stoessel-se-sento-a-negociar-con-su-papa-alejandro\/"},"author":{"name":"E-GRUPOCLAN","@id":"https:\/\/radioclanfm.com\/clanespectaculos\/#\/schema\/person\/9734813083303230f3ad84d99171b20c"},"headline":"Dieron a conocer c\u00f3mo fue el inc\u00f3modo momento en el que Tini Stoessel se sent\u00f3 a negociar con su pap\u00e1 Alejandro","datePublished":"2026-09-06T00:21:55+00:00","mainEntityOfPage":{"@id":"https:\/\/radioclanfm.com\/clanespectaculos\/dieron-a-conocer-como-fue-el-incomodo-momento-en-el-que-tini-stoessel-se-sento-a-negociar-con-su-papa-alejandro\/"},"wordCount":569,"commentCount":0,"publisher":{"@id":"https:\/\/radioclanfm.com\/clanespectaculos\/#organization"},"image":{"@id":"https:\/\/radioclanfm.com\/clanespectaculos\/dieron-a-conocer-como-fue-el-incomodo-momento-en-el-que-tini-stoessel-se-sento-a-negociar-con-su-papa-alejandro\/#primaryimage"},"thumbnailUrl":"https:\/\/radioclanfm.com\/clanespectaculos\/wp-content\/uploads\/sites\/2\/2026\/09\/CeIWKpCZ.jpg","articleSection":["Espectaculos"],"inLanguage":"es-AR","potentialAction":[{"@type":"CommentAction","name":"Comment","target":["https:\/\/radioclanfm.com\/clanespectaculos\/dieron-a-conocer-como-fue-el-incomodo-momento-en-el-que-tini-stoessel-se-sento-a-negociar-con-su-papa-alejandro\/#respond"]}]},{"@type":"WebPage","@id":"https:\/\/radioclanfm.com\/clanespectaculos\/dieron-a-conocer-como-fue-el-incomodo-momento-en-el-que-tini-stoessel-se-sento-a-negociar-con-su-papa-alejandro\/","url":"https:\/\/radioclanfm.com\/clanespectaculos\/dieron-a-conocer-como-fue-el-incomodo-momento-en-el-que-tini-stoessel-se-sento-a-negociar-con-su-papa-alejandro\/","name":"Dieron a conocer c\u00f3mo fue el inc\u00f3modo momento en el que Tini Stoessel se sent\u00f3 a negociar con su pap\u00e1 Alejandro - CLAN ESPECTACULOS","isPartOf":{"@id":"https:\/\/radioclanfm.com\/clanespectaculos\/#website"},"primaryImageOfPage":{"@id":"https:\/\/radioclanfm.com\/clanespectaculos\/dieron-a-conocer-como-fue-el-incomodo-momento-en-el-que-tini-stoessel-se-sento-a-negociar-con-su-papa-alejandro\/#primaryimage"},"image":{"@id":"https:\/\/radioclanfm.com\/clanespectaculos\/dieron-a-conocer-como-fue-el-incomodo-momento-en-el-que-tini-stoessel-se-sento-a-negociar-con-su-papa-alejandro\/#primaryimage"},"thumbnailUrl":"https:\/\/radioclanfm.com\/clanespectaculos\/wp-content\/uploads\/sites\/2\/2026\/09\/CeIWKpCZ.jpg","datePublished":"2026-09-06T00:21:55+00:00","breadcrumb":{"@id":"https:\/\/radioclanfm.com\/clanespectaculos\/dieron-a-conocer-como-fue-el-incomodo-momento-en-el-que-tini-stoessel-se-sento-a-negociar-con-su-papa-alejandro\/#breadcrumb"},"inLanguage":"es-AR","potentialAction":[{"@type":"ReadAction","target":["https:\/\/radioclanfm.com\/clanespectaculos\/dieron-a-conocer-como-fue-el-incomodo-momento-en-el-que-tini-stoessel-se-sento-a-negociar-con-su-papa-alejandro\/"]}]},{"@type":"ImageObject","inLanguage":"es-AR","@id":"https:\/\/radioclanfm.com\/clanespectaculos\/dieron-a-conocer-como-fue-el-incomodo-momento-en-el-que-tini-stoessel-se-sento-a-negociar-con-su-papa-alejandro\/#primaryimage","url":"https:\/\/radioclanfm.com\/clanespectaculos\/wp-content\/uploads\/sites\/2\/2026\/09\/CeIWKpCZ.jpg","contentUrl":"https:\/\/radioclanfm.com\/clanespectaculos\/wp-content\/uploads\/sites\/2\/2026\/09\/CeIWKpCZ.jpg","width":900,"height":504},{"@type":"BreadcrumbList","@id":"https:\/\/radioclanfm.com\/clanespectaculos\/dieron-a-conocer-como-fue-el-incomodo-momento-en-el-que-tini-stoessel-se-sento-a-negociar-con-su-papa-alejandro\/#breadcrumb","itemListElement":[{"@type":"ListItem","position":1,"name":"Inicio","item":"https:\/\/radioclanfm.com\/clanespectaculos\/"},{"@type":"ListItem","position":2,"name":"Dieron a conocer c\u00f3mo fue el inc\u00f3modo momento en el que Tini Stoessel se sent\u00f3 a negociar con su pap\u00e1 Alejandro"}]},{"@type":"WebSite","@id":"https:\/\/radioclanfm.com\/clanespectaculos\/#website","url":"https:\/\/radioclanfm.com\/clanespectaculos\/","name":"CLAN ESPECTACULOS","description":"","publisher":{"@id":"https:\/\/radioclanfm.com\/clanespectaculos\/#organization"},"potentialAction":[{"@type":"SearchAction","target":{"@type":"EntryPoint","urlTemplate":"https:\/\/radioclanfm.com\/clanespectaculos\/?s={search_term_string}"},"query-input":{"@type":"PropertyValueSpecification","valueRequired":true,"valueName":"search_term_string"}}],"inLanguage":"es-AR"},{"@type":"Organization","@id":"https:\/\/radioclanfm.com\/clanespectaculos\/#organization","name":"CLAN ESPECTACULOS","url":"https:\/\/radioclanfm.com\/clanespectaculos\/","logo":{"@type":"ImageObject","inLanguage":"es-AR","@id":"https:\/\/radioclanfm.com\/clanespectaculos\/#\/schema\/logo\/image\/","url":"https:\/\/radioclanfm.com\/clanespectaculos\/wp-content\/uploads\/sites\/2\/2026\/04\/ChatGPT-Image-23-mar-2026-10_09_00.png","contentUrl":"https:\/\/radioclanfm.com\/clanespectaculos\/wp-content\/uploads\/sites\/2\/2026\/04\/ChatGPT-Image-23-mar-2026-10_09_00.png","width":1024,"height":1024,"caption":"CLAN ESPECTACULOS"},"image":{"@id":"https:\/\/radioclanfm.com\/clanespectaculos\/#\/schema\/logo\/image\/"},"sameAs":["https:\/\/www.facebook.com\/clanespectaculos\/","https:\/\/x.com\/clanespectok"]},{"@type":"Person","@id":"https:\/\/radioclanfm.com\/clanespectaculos\/#\/schema\/person\/9734813083303230f3ad84d99171b20c","name":"E-GRUPOCLAN","image":{"@type":"ImageObject","inLanguage":"es-AR","@id":"https:\/\/secure.gravatar.com\/avatar\/af6e19837c3d6a212034a48c7b3818d2ac1826f6025df0155da5a186ad321d79?s=96&d=mm&r=g","url":"https:\/\/secure.gravatar.com\/avatar\/af6e19837c3d6a212034a48c7b3818d2ac1826f6025df0155da5a186ad321d79?s=96&d=mm&r=g","contentUrl":"https:\/\/secure.gravatar.com\/avatar\/af6e19837c3d6a212034a48c7b3818d2ac1826f6025df0155da5a186ad321d79?s=96&d=mm&r=g","caption":"E-GRUPOCLAN"},"sameAs":["https:\/\/radioclanfm.com"],"url":"https:\/\/radioclanfm.com\/clanespectaculos\/author\/admin\/"}]}},"_links":{"self":[{"href":"https:\/\/radioclanfm.com\/clanespectaculos\/wp-json\/wp\/v2\/posts\/20320","targetHints":{"allow":["GET"]}}],"collection":[{"href":"https:\/\/radioclanfm.com\/clanespectaculos\/wp-json\/wp\/v2\/posts"}],"about":[{"href":"https:\/\/radioclanfm.com\/clanespectaculos\/wp-json\/wp\/v2\/types\/post"}],"author":[{"embeddable":true,"href":"https:\/\/radioclanfm.com\/clanespectaculos\/wp-json\/wp\/v2\/users\/1"}],"replies":[{"embeddable":true,"href":"https:\/\/radioclanfm.com\/clanespectaculos\/wp-json\/wp\/v2\/comments?post=20320"}],"version-history":[{"count":1,"href":"https:\/\/radioclanfm.com\/clanespectaculos\/wp-json\/wp\/v2\/posts\/20320\/revisions"}],"predecessor-version":[{"id":20322,"href":"https:\/\/radioclanfm.com\/clanespectaculos\/wp-json\/wp\/v2\/posts\/20320\/revisions\/20322"}],"wp:featuredmedia":[{"embeddable":true,"href":"https:\/\/radioclanfm.com\/clanespectaculos\/wp-json\/wp\/v2\/media\/20321"}],"wp:attachment":[{"href":"https:\/\/radioclanfm.com\/clanespectaculos\/wp-json\/wp\/v2\/media?parent=20320"}],"wp:term":[{"taxonomy":"category","embeddable":true,"href":"https:\/\/radioclanfm.com\/clanespectaculos\/wp-json\/wp\/v2\/categories?post=20320"},{"taxonomy":"post_tag","embeddable":true,"href":"https:\/\/radioclanfm.com\/clanespectaculos\/wp-json\/wp\/v2\/tags?post=20320"}],"curies":[{"name":"wp","href":"https:\/\/api.w.org\/{rel}","templated":true}]}}