{"id":20317,"date":"2026-09-05T21:20:27","date_gmt":"2026-09-06T00:20:27","guid":{"rendered":"https:\/\/radioclanfm.com\/clanespectaculos\/?p=20317"},"modified":"2026-09-05T21:20:27","modified_gmt":"2026-09-06T00:20:27","slug":"un-influencer-revelo-que-fue-abusado-desde-los-siete-anos-por-la-pareja-de-su-abuela-sentia-que-no-valia-nada","status":"publish","type":"post","link":"https:\/\/radioclanfm.com\/clanespectaculos\/un-influencer-revelo-que-fue-abusado-desde-los-siete-anos-por-la-pareja-de-su-abuela-sentia-que-no-valia-nada\/","title":{"rendered":"Un influencer revel\u00f3 que fue abusado desde los siete a\u00f1os por la pareja de su abuela: \u201cSent\u00eda que no val\u00eda nada\u201d"},"content":{"rendered":"<p>Facundo Guarino, mejor conocido en las redes como Guari, abri\u00f3 su coraz\u00f3n y record\u00f3 el momento m\u00e1s dif\u00edcil de su vida.<\/p>\n<div class=\"col-content\"><main class=\"col-content\"><\/p>\n<div class=\"default-article-color article__body article__article\">\n<p class=\"paragraph font__body-regular\">El influencer\u00a0<b>Facundo Guarino<\/b>, mejor conocido como\u00a0<b>Guari\u00a0<\/b>en las redes sociales, estuvo como invitado en\u00a0<i>La Sesi\u00f3n<\/i>, el ciclo de entrevistas que tiene la psic\u00f3loga Sof\u00eda Calvo en<i>\u00a0Hispa (YouTube)<\/i>. All\u00ed, el creador de contenido abri\u00f3 su coraz\u00f3n y\u00a0<b>record\u00f3 el abuso que sufri\u00f3 a los siete a\u00f1os por parte de la pareja de su abuela.<\/b><\/p>\n<div class=\"teads-adCall\"><\/div>\n<div id=\"ad-slot-infeed\" class=\"infeed-container\" data-google-query-id=\"CJbf8K_X2JYDFTi7lQIdFpMR6g\">\n<div id=\"google_ads_iframe_\/113951150\/tn-arc\/nota\/infeed_0__container__\"><iframe id=\"google_ads_iframe_\/113951150\/tn-arc\/nota\/infeed_0\" tabindex=\"0\" title=\"Contenido de anuncios de terceros\" name=\"google_ads_iframe_\/113951150\/tn-arc\/nota\/infeed_0\" width=\"1\" height=\"1\" frameborder=\"0\" marginwidth=\"0\" marginheight=\"0\" scrolling=\"no\" aria-label=\"Anuncio\" data-google-container-id=\"9\" data-load-complete=\"true\" data-mce-fragment=\"1\"><\/iframe><\/div>\n<\/div>\n<p class=\"paragraph font__body-regular\">Desde chico, el amigo de la influencer Albere vivi\u00f3 una infancia marcada por la alegr\u00eda y la madurez precoz, pero tambi\u00e9n por un secreto devastador:\u00a0<b>fue v\u00edctima de abuso sexual por parte de la pareja de su abuela, un hombre muy querido en el entorno familiar<\/b>.<\/p>\n<div class=\"marfeel-readmore-slot\"><\/div>\n<p class=\"paragraph font__body-regular\">El abuso comenz\u00f3 cuando ten\u00eda apenas siete a\u00f1os y\u00a0<b>se extendi\u00f3 durante cinco a\u00f1os<\/b>. Guari record\u00f3 que, en un principio, no entend\u00eda lo que suced\u00eda ni pod\u00eda identificarlo como algo malo. \u201c<b>No ten\u00eda noci\u00f3n de absolutamente nada. No hay posibilidad que un ni\u00f1o entienda<\/b>\u201d, explic\u00f3. La manipulaci\u00f3n y el silencio se impusieron: \u201cSent\u00eda que no pod\u00eda hablar con nadie.\u00a0<b>Yo me echaba la culpa a m\u00ed<\/b>\u201d.<\/p>\n<figure class=\"\" data-testid=\"figure-testid\">\n<div class=\"aspect_ratio__container\"><picture class=\"responsive-image\"><source srcset=\"https:\/\/tn.com.ar\/resizer\/v2\/facundo-guarino-tiene-mas-de-un-millon-de-seguidores-foto-captura-youtube-HOSTHAUOHJGNJLBIETW6YSYBQM.png?auth=c9483cafa3204dca9f299c0c9b1a8712ca629b34966e904955ba5938a7a1e33b&amp;width=767\" media=\"(max-width: 728px)\" \/><source srcset=\"https:\/\/tn.com.ar\/resizer\/v2\/facundo-guarino-tiene-mas-de-un-millon-de-seguidores-foto-captura-youtube-HOSTHAUOHJGNJLBIETW6YSYBQM.png?auth=c9483cafa3204dca9f299c0c9b1a8712ca629b34966e904955ba5938a7a1e33b&amp;width=1023\" media=\"(max-width: 1023px)\" \/><source srcset=\"https:\/\/tn.com.ar\/resizer\/v2\/facundo-guarino-tiene-mas-de-un-millon-de-seguidores-foto-captura-youtube-HOSTHAUOHJGNJLBIETW6YSYBQM.png?auth=c9483cafa3204dca9f299c0c9b1a8712ca629b34966e904955ba5938a7a1e33b&amp;width=1440\" \/><img loading=\"lazy\" decoding=\"async\" class=\"image content-image image_placeholder\" src=\"https:\/\/tn.com.ar\/resizer\/v2\/facundo-guarino-tiene-mas-de-un-millon-de-seguidores-foto-captura-youtube-HOSTHAUOHJGNJLBIETW6YSYBQM.png?auth=c9483cafa3204dca9f299c0c9b1a8712ca629b34966e904955ba5938a7a1e33b&amp;width=767\" alt=\"Facundo Guarino tiene m\u00e1s de un mill\u00f3n de seguidores (Foto: captura YouTube)\" width=\"767\" height=\"499\" data-testid=\"loading-testid\" \/><\/picture><\/div><figcaption class=\"caption_image\" data-testid=\"figcaption-testid\">\n<div class=\"image_caption \">Facundo Guarino tiene m\u00e1s de un mill\u00f3n de seguidores (Foto: captura YouTube)<\/div>\n<\/figcaption><\/figure>\n<p class=\"paragraph font__body-regular\">Facundo creci\u00f3 en una familia que intent\u00f3 protegerlo y mantener su inocencia. Su mam\u00e1, a quien consideraba su mejor amiga, siempre busc\u00f3 que tuviera una infancia feliz, lejos de los problemas de los adultos. Sin embargo, esa protecci\u00f3n no pudo evitar que el abuso ocurriera.<\/p>\n<p class=\"paragraph font__body-regular\"><b>El agresor<\/b>, la pareja de su abuela,\u00a0<b>era visto como un abuelo sustituto y ten\u00eda la confianza de todos<\/b>. \u201cTodo el mundo lo quer\u00eda.\u00a0<b>Era una persona que te compraba, que ayudaba a mi abuela y a la familia<\/b>\u201d, relat\u00f3 el entrevista. Esa imagen p\u00fablica dificult\u00f3 a\u00fan m\u00e1s que pudiera contar lo que le pasaba.<\/p>\n<p class=\"paragraph font__body-regular\">El miedo a no ser cre\u00eddo y la culpa lo paralizaron durante a\u00f1os. \u201c<b>Yo sent\u00eda que la culpa era m\u00eda, que esto estaba pasando porque yo lo estaba permitiendo<\/b>\u201d, explic\u00f3. La manipulaci\u00f3n del abusador inclu\u00eda amenazas sobre lo que podr\u00eda pasar si hablaba: \u201c<b>Me dec\u00eda que si le contaba a mi abuela o a mi mam\u00e1, ellas iban a sufrir<\/b>\u201d.<\/p>\n<figure class=\"\" data-testid=\"figure-testid\">\n<div class=\"aspect_ratio__container\"><picture class=\"responsive-image\"><source srcset=\"https:\/\/tn.com.ar\/resizer\/v2\/facundo-guarino-fue-abusado-a-los-7-anos-foto-instagramfacuguarino-HYT2OLQGBJE5VIQDDMC2AHLNNU.jpg?auth=2fe4fe7a155e94fdd2a0ec974c9ddb9cac8fb6f1eab941df1d1c745943eeebe3&amp;width=767\" media=\"(max-width: 728px)\" \/><source srcset=\"https:\/\/tn.com.ar\/resizer\/v2\/facundo-guarino-fue-abusado-a-los-7-anos-foto-instagramfacuguarino-HYT2OLQGBJE5VIQDDMC2AHLNNU.jpg?auth=2fe4fe7a155e94fdd2a0ec974c9ddb9cac8fb6f1eab941df1d1c745943eeebe3&amp;width=1023\" media=\"(max-width: 1023px)\" \/><source srcset=\"https:\/\/tn.com.ar\/resizer\/v2\/facundo-guarino-fue-abusado-a-los-7-anos-foto-instagramfacuguarino-HYT2OLQGBJE5VIQDDMC2AHLNNU.jpg?auth=2fe4fe7a155e94fdd2a0ec974c9ddb9cac8fb6f1eab941df1d1c745943eeebe3&amp;width=1440\" \/><img loading=\"lazy\" decoding=\"async\" class=\"image content-image image_placeholder\" src=\"https:\/\/tn.com.ar\/resizer\/v2\/facundo-guarino-fue-abusado-a-los-7-anos-foto-instagramfacuguarino-HYT2OLQGBJE5VIQDDMC2AHLNNU.jpg?auth=2fe4fe7a155e94fdd2a0ec974c9ddb9cac8fb6f1eab941df1d1c745943eeebe3&amp;width=767\" alt=\"Facundo Guarino fue abusado a los 7 a\u00f1os (Foto: Instagram\/facuguarino_)\" width=\"767\" height=\"1023\" data-testid=\"loading-testid\" \/><\/picture><\/div><figcaption class=\"caption_image\" data-testid=\"figcaption-testid\">\n<div class=\"image_caption \">Facundo Guarino fue abusado a los 7 a\u00f1os (Foto: Instagram\/facuguarino_)<\/div>\n<\/figcaption><\/figure>\n<p class=\"paragraph font__body-regular\">El trauma se profundiz\u00f3 en la adolescencia, cuando Guari empez\u00f3 a entender lo que hab\u00eda vivido. \u201c<b>Me sent\u00eda sucio, sent\u00eda que no val\u00eda nada<\/b>\u201d, record\u00f3. El despertar de su sexualidad reactiv\u00f3 el dolor y la confusi\u00f3n, y el bullying en el colegio agrav\u00f3 su aislamiento.<\/p>\n<p class=\"paragraph font__body-regular\">Durante mucho tiempo, Facu solo pudo hablar de lo que le hab\u00eda pasado con su mejor amiga, Alma (Albere), quien lo ayud\u00f3 a entender que no era culpable. \u201c<b>Fue la primera persona en incentivarme a hablarlo<\/b>\u201d, cont\u00f3. Poco a poco, pudo compartir su historia con otras personas cercanas y, finalmente, con su familia.<\/p>\n<p class=\"paragraph font__body-regular\">La revelaci\u00f3n fue un proceso doloroso. Facundo tem\u00eda el impacto que tendr\u00eda en su mam\u00e1 y su abuela, y sent\u00eda que pod\u00eda arruinarles la vida. Sin embargo, cuando finalmente se anim\u00f3 a contar lo sucedido,<b>\u00a0su familia lo apoy\u00f3 y el abusador fue expulsado del entorno<\/b>.<\/p>\n<h2 class=\"font--primary font__display\">La denuncia de Facundo Guarino a su abusador<\/h2>\n<p class=\"paragraph font__body-regular\">Guarino decidi\u00f3\u00a0<b>denunciar a su abusador en 2025<\/b>, despu\u00e9s de enterarse de que\u00a0<b>tambi\u00e9n hab\u00eda abusado de otras ni\u00f1as de la familia<\/b>. El hombre\u00a0<b>fue detenido durante cuatro meses, pero qued\u00f3 en libertad<\/b>\u00a0luego de que la denuncia de otra v\u00edctima fuera retirada. \u201cMi causa qued\u00f3 en la nada. La Justicia se mueve muy lento\u201d, lament\u00f3 Facu, que tambi\u00e9n sufri\u00f3 la estafa de un abogado y la falta de acompa\u00f1amiento legal.<\/p>\n<figure class=\"\" data-testid=\"figure-testid\">\n<div class=\"aspect_ratio__container\"><picture class=\"responsive-image\"><source srcset=\"https:\/\/tn.com.ar\/resizer\/v2\/guari-con-su-mejor-amiga-alma-a-quien-le-conto-que-lo-habian-abusado-foto-captura-instagramguari-XMS5K4ESIZE2BKRM3G4CXT3AHI.png?auth=3b494a973e19ea25cd47c4d8eba7a9cfc49ef8c7dcfb5e8d0b4ae71a103ff135&amp;width=767\" media=\"(max-width: 728px)\" \/><source srcset=\"https:\/\/tn.com.ar\/resizer\/v2\/guari-con-su-mejor-amiga-alma-a-quien-le-conto-que-lo-habian-abusado-foto-captura-instagramguari-XMS5K4ESIZE2BKRM3G4CXT3AHI.png?auth=3b494a973e19ea25cd47c4d8eba7a9cfc49ef8c7dcfb5e8d0b4ae71a103ff135&amp;width=1023\" media=\"(max-width: 1023px)\" \/><source srcset=\"https:\/\/tn.com.ar\/resizer\/v2\/guari-con-su-mejor-amiga-alma-a-quien-le-conto-que-lo-habian-abusado-foto-captura-instagramguari-XMS5K4ESIZE2BKRM3G4CXT3AHI.png?auth=3b494a973e19ea25cd47c4d8eba7a9cfc49ef8c7dcfb5e8d0b4ae71a103ff135&amp;width=1440\" \/><img loading=\"lazy\" decoding=\"async\" class=\"image content-image image_placeholder\" src=\"https:\/\/tn.com.ar\/resizer\/v2\/guari-con-su-mejor-amiga-alma-a-quien-le-conto-que-lo-habian-abusado-foto-captura-instagramguari-XMS5K4ESIZE2BKRM3G4CXT3AHI.png?auth=3b494a973e19ea25cd47c4d8eba7a9cfc49ef8c7dcfb5e8d0b4ae71a103ff135&amp;width=767\" alt=\"Guari con su mejor amiga, Alma, a quien le cont\u00f3 que lo hab\u00edan abusado (Foto: captura Instagram\/guari_)\" width=\"767\" height=\"818\" data-testid=\"loading-testid\" \/><\/picture><\/div><figcaption class=\"caption_image\" data-testid=\"figcaption-testid\">\n<div class=\"image_caption \">Guari con su mejor amiga, Alma, a quien le cont\u00f3 que lo hab\u00edan abusado (Foto: captura Instagram\/guari_)<\/div>\n<\/figcaption><\/figure>\n<p class=\"paragraph font__body-regular\">Ante la falta de respuestas judiciales, el influencer opt\u00f3 por hacer p\u00fablica su historia en redes sociales. El video que comparti\u00f3 tuvo millones de visualizaciones y recibi\u00f3 mensajes de apoyo de personas que conoc\u00edan al abusador y de otras v\u00edctimas que se sintieron identificadas. \u201c<b>Sent\u00ed que no pod\u00eda permitirme que esta persona camine tranquila por la calle como si no hubiese hecho nada<\/b>\u201d, explic\u00f3.<\/p>\n<p class=\"paragraph font__body-regular\">El proceso de hablar y buscar justicia no estuvo exento de consecuencias emocionales.<b>\u00a0Facu fue diagnosticado con depresi\u00f3n, bipolaridad y ansiedad<\/b>, y atraves\u00f3 momentos muy dif\u00edciles junto a su mam\u00e1. Sin embargo, el apoyo de sus amigas y el poder poner en palabras lo vivido le permitieron empezar a sanar.<\/p>\n<h2 class=\"font--primary font__display\">El v\u00ednculo con la familia y el desaf\u00edo de superar la culpa<\/h2>\n<p class=\"paragraph font__body-regular\">La relaci\u00f3n con su abuela, quien tambi\u00e9n sufri\u00f3 el impacto de la revelaci\u00f3n, fue compleja. Facu cont\u00f3 que le cost\u00f3 mucho volver a verla y que la culpa sigui\u00f3 presente, tanto en \u00e9l como en ella. \u201c<b>Ella me abraz\u00f3 y me dijo \u2018yo te entiendo, te creo<\/b>\u2019, pero tambi\u00e9n me pregunt\u00f3 por qu\u00e9 no se lo cont\u00e9 antes\u201d, relat\u00f3.<\/p>\n<\/div>\n<p><\/main><\/div>\n<aside class=\"col-right-rail right-rail\">\n<div id=\"parent-ad-slot-caja\" class=\"ad-container caja_ad \">\n<div class=\"ad-content\">\n<div id=\"ad-slot-caja\" class=\"ad-slot-caja ad-slot\" data-adtype=\"caja\" data-is_original=\"1\" data-lazyload=\"1\" data-google-query-id=\"CNqY8K_X2JYDFd0BHgAdHNwXRw\"><\/div>\n<\/div>\n<\/div>\n<\/aside>\n","protected":false},"excerpt":{"rendered":"<p>Facundo Guarino, mejor conocido en las redes como Guari, abri\u00f3 su coraz\u00f3n y record\u00f3 el momento m\u00e1s dif\u00edcil de su vida. El influencer\u00a0Facundo Guarino, mejor conocido como\u00a0Guari\u00a0en las redes sociales, estuvo como invitado en\u00a0La Sesi\u00f3n, el ciclo de entrevistas que tiene la psic\u00f3loga Sof\u00eda Calvo en\u00a0Hispa (YouTube). All\u00ed, el creador de contenido abri\u00f3 su coraz\u00f3n [&hellip;]<\/p>\n","protected":false},"author":1,"featured_media":20318,"comment_status":"open","ping_status":"open","sticky":false,"template":"","format":"standard","meta":{"rop_custom_images_group":[],"rop_custom_messages_group":[],"rop_publish_now":"initial","rop_publish_now_accounts":[],"rop_publish_now_history":[],"rop_publish_now_status":"pending","footnotes":"","jetpack_publicize_message":"","jetpack_publicize_feature_enabled":true,"jetpack_social_post_already_shared":true,"jetpack_social_options":{"image_generator_settings":{"template":"highway","enabled":false},"version":2}},"categories":[12],"tags":[],"class_list":["post-20317","post","type-post","status-publish","format-standard","has-post-thumbnail","category-espectaculos"],"jetpack_publicize_connections":[],"yoast_head":"<!-- This site is optimized with the Yoast SEO plugin v28.2 - https:\/\/yoast.com\/product\/yoast-seo-wordpress\/ -->\n<title>Un influencer revel\u00f3 que fue abusado desde los siete a\u00f1os por la pareja de su abuela: \u201cSent\u00eda que no val\u00eda nada\u201d - CLAN ESPECTACULOS<\/title>\n<meta name=\"robots\" content=\"index, follow, max-snippet:-1, max-image-preview:large, max-video-preview:-1\" \/>\n<link rel=\"canonical\" href=\"https:\/\/radioclanfm.com\/clanespectaculos\/un-influencer-revelo-que-fue-abusado-desde-los-siete-anos-por-la-pareja-de-su-abuela-sentia-que-no-valia-nada\/\" \/>\n<meta property=\"og:locale\" content=\"es_ES\" \/>\n<meta property=\"og:type\" content=\"article\" \/>\n<meta property=\"og:title\" content=\"Un influencer revel\u00f3 que fue abusado desde los siete a\u00f1os por la pareja de su abuela: \u201cSent\u00eda que no val\u00eda nada\u201d - CLAN ESPECTACULOS\" \/>\n<meta property=\"og:description\" content=\"Facundo Guarino, mejor conocido en las redes como Guari, abri\u00f3 su coraz\u00f3n y record\u00f3 el momento m\u00e1s dif\u00edcil de su vida. El influencer\u00a0Facundo Guarino, mejor conocido como\u00a0Guari\u00a0en las redes sociales, estuvo como invitado en\u00a0La Sesi\u00f3n, el ciclo de entrevistas que tiene la psic\u00f3loga Sof\u00eda Calvo en\u00a0Hispa (YouTube). All\u00ed, el creador de contenido abri\u00f3 su coraz\u00f3n [&hellip;]\" \/>\n<meta property=\"og:url\" content=\"https:\/\/radioclanfm.com\/clanespectaculos\/un-influencer-revelo-que-fue-abusado-desde-los-siete-anos-por-la-pareja-de-su-abuela-sentia-que-no-valia-nada\/\" \/>\n<meta property=\"og:site_name\" content=\"CLAN ESPECTACULOS\" \/>\n<meta property=\"article:publisher\" content=\"https:\/\/www.facebook.com\/clanespectaculos\/\" \/>\n<meta property=\"article:published_time\" content=\"2026-09-06T00:20:27+00:00\" \/>\n<meta property=\"og:image\" content=\"https:\/\/radioclanfm.com\/clanespectaculos\/wp-content\/uploads\/sites\/2\/2026\/09\/HZt7qWhB.jpg\" \/>\n\t<meta property=\"og:image:width\" content=\"900\" \/>\n\t<meta property=\"og:image:height\" content=\"504\" \/>\n\t<meta property=\"og:image:type\" content=\"image\/jpeg\" \/>\n<meta name=\"author\" content=\"E-GRUPOCLAN\" \/>\n<meta name=\"twitter:card\" content=\"summary_large_image\" \/>\n<meta name=\"twitter:creator\" content=\"@clanespectok\" \/>\n<meta name=\"twitter:site\" content=\"@clanespectok\" \/>\n<meta name=\"twitter:label1\" content=\"Escrito por\" \/>\n\t<meta name=\"twitter:data1\" content=\"E-GRUPOCLAN\" \/>\n\t<meta name=\"twitter:label2\" content=\"Tiempo de lectura\" \/>\n\t<meta name=\"twitter:data2\" content=\"5 minutos\" \/>\n<script type=\"application\/ld+json\" class=\"yoast-schema-graph\">{\"@context\":\"https:\\\/\\\/schema.org\",\"@graph\":[{\"@type\":\"Article\",\"@id\":\"https:\\\/\\\/radioclanfm.com\\\/clanespectaculos\\\/un-influencer-revelo-que-fue-abusado-desde-los-siete-anos-por-la-pareja-de-su-abuela-sentia-que-no-valia-nada\\\/#article\",\"isPartOf\":{\"@id\":\"https:\\\/\\\/radioclanfm.com\\\/clanespectaculos\\\/un-influencer-revelo-que-fue-abusado-desde-los-siete-anos-por-la-pareja-de-su-abuela-sentia-que-no-valia-nada\\\/\"},\"author\":{\"name\":\"E-GRUPOCLAN\",\"@id\":\"https:\\\/\\\/radioclanfm.com\\\/clanespectaculos\\\/#\\\/schema\\\/person\\\/9734813083303230f3ad84d99171b20c\"},\"headline\":\"Un influencer revel\u00f3 que fue abusado desde los siete a\u00f1os por la pareja de su abuela: \u201cSent\u00eda que no val\u00eda nada\u201d\",\"datePublished\":\"2026-09-06T00:20:27+00:00\",\"mainEntityOfPage\":{\"@id\":\"https:\\\/\\\/radioclanfm.com\\\/clanespectaculos\\\/un-influencer-revelo-que-fue-abusado-desde-los-siete-anos-por-la-pareja-de-su-abuela-sentia-que-no-valia-nada\\\/\"},\"wordCount\":892,\"commentCount\":0,\"publisher\":{\"@id\":\"https:\\\/\\\/radioclanfm.com\\\/clanespectaculos\\\/#organization\"},\"image\":{\"@id\":\"https:\\\/\\\/radioclanfm.com\\\/clanespectaculos\\\/un-influencer-revelo-que-fue-abusado-desde-los-siete-anos-por-la-pareja-de-su-abuela-sentia-que-no-valia-nada\\\/#primaryimage\"},\"thumbnailUrl\":\"https:\\\/\\\/radioclanfm.com\\\/clanespectaculos\\\/wp-content\\\/uploads\\\/sites\\\/2\\\/2026\\\/09\\\/HZt7qWhB.jpg\",\"articleSection\":[\"Espectaculos\"],\"inLanguage\":\"es-AR\",\"potentialAction\":[{\"@type\":\"CommentAction\",\"name\":\"Comment\",\"target\":[\"https:\\\/\\\/radioclanfm.com\\\/clanespectaculos\\\/un-influencer-revelo-que-fue-abusado-desde-los-siete-anos-por-la-pareja-de-su-abuela-sentia-que-no-valia-nada\\\/#respond\"]}]},{\"@type\":\"WebPage\",\"@id\":\"https:\\\/\\\/radioclanfm.com\\\/clanespectaculos\\\/un-influencer-revelo-que-fue-abusado-desde-los-siete-anos-por-la-pareja-de-su-abuela-sentia-que-no-valia-nada\\\/\",\"url\":\"https:\\\/\\\/radioclanfm.com\\\/clanespectaculos\\\/un-influencer-revelo-que-fue-abusado-desde-los-siete-anos-por-la-pareja-de-su-abuela-sentia-que-no-valia-nada\\\/\",\"name\":\"Un influencer revel\u00f3 que fue abusado desde los siete a\u00f1os por la pareja de su abuela: \u201cSent\u00eda que no val\u00eda nada\u201d - CLAN ESPECTACULOS\",\"isPartOf\":{\"@id\":\"https:\\\/\\\/radioclanfm.com\\\/clanespectaculos\\\/#website\"},\"primaryImageOfPage\":{\"@id\":\"https:\\\/\\\/radioclanfm.com\\\/clanespectaculos\\\/un-influencer-revelo-que-fue-abusado-desde-los-siete-anos-por-la-pareja-de-su-abuela-sentia-que-no-valia-nada\\\/#primaryimage\"},\"image\":{\"@id\":\"https:\\\/\\\/radioclanfm.com\\\/clanespectaculos\\\/un-influencer-revelo-que-fue-abusado-desde-los-siete-anos-por-la-pareja-de-su-abuela-sentia-que-no-valia-nada\\\/#primaryimage\"},\"thumbnailUrl\":\"https:\\\/\\\/radioclanfm.com\\\/clanespectaculos\\\/wp-content\\\/uploads\\\/sites\\\/2\\\/2026\\\/09\\\/HZt7qWhB.jpg\",\"datePublished\":\"2026-09-06T00:20:27+00:00\",\"breadcrumb\":{\"@id\":\"https:\\\/\\\/radioclanfm.com\\\/clanespectaculos\\\/un-influencer-revelo-que-fue-abusado-desde-los-siete-anos-por-la-pareja-de-su-abuela-sentia-que-no-valia-nada\\\/#breadcrumb\"},\"inLanguage\":\"es-AR\",\"potentialAction\":[{\"@type\":\"ReadAction\",\"target\":[\"https:\\\/\\\/radioclanfm.com\\\/clanespectaculos\\\/un-influencer-revelo-que-fue-abusado-desde-los-siete-anos-por-la-pareja-de-su-abuela-sentia-que-no-valia-nada\\\/\"]}]},{\"@type\":\"ImageObject\",\"inLanguage\":\"es-AR\",\"@id\":\"https:\\\/\\\/radioclanfm.com\\\/clanespectaculos\\\/un-influencer-revelo-que-fue-abusado-desde-los-siete-anos-por-la-pareja-de-su-abuela-sentia-que-no-valia-nada\\\/#primaryimage\",\"url\":\"https:\\\/\\\/radioclanfm.com\\\/clanespectaculos\\\/wp-content\\\/uploads\\\/sites\\\/2\\\/2026\\\/09\\\/HZt7qWhB.jpg\",\"contentUrl\":\"https:\\\/\\\/radioclanfm.com\\\/clanespectaculos\\\/wp-content\\\/uploads\\\/sites\\\/2\\\/2026\\\/09\\\/HZt7qWhB.jpg\",\"width\":900,\"height\":504},{\"@type\":\"BreadcrumbList\",\"@id\":\"https:\\\/\\\/radioclanfm.com\\\/clanespectaculos\\\/un-influencer-revelo-que-fue-abusado-desde-los-siete-anos-por-la-pareja-de-su-abuela-sentia-que-no-valia-nada\\\/#breadcrumb\",\"itemListElement\":[{\"@type\":\"ListItem\",\"position\":1,\"name\":\"Inicio\",\"item\":\"https:\\\/\\\/radioclanfm.com\\\/clanespectaculos\\\/\"},{\"@type\":\"ListItem\",\"position\":2,\"name\":\"Un influencer revel\u00f3 que fue abusado desde los siete a\u00f1os por la pareja de su abuela: \u201cSent\u00eda que no val\u00eda nada\u201d\"}]},{\"@type\":\"WebSite\",\"@id\":\"https:\\\/\\\/radioclanfm.com\\\/clanespectaculos\\\/#website\",\"url\":\"https:\\\/\\\/radioclanfm.com\\\/clanespectaculos\\\/\",\"name\":\"CLAN ESPECTACULOS\",\"description\":\"\",\"publisher\":{\"@id\":\"https:\\\/\\\/radioclanfm.com\\\/clanespectaculos\\\/#organization\"},\"potentialAction\":[{\"@type\":\"SearchAction\",\"target\":{\"@type\":\"EntryPoint\",\"urlTemplate\":\"https:\\\/\\\/radioclanfm.com\\\/clanespectaculos\\\/?s={search_term_string}\"},\"query-input\":{\"@type\":\"PropertyValueSpecification\",\"valueRequired\":true,\"valueName\":\"search_term_string\"}}],\"inLanguage\":\"es-AR\"},{\"@type\":\"Organization\",\"@id\":\"https:\\\/\\\/radioclanfm.com\\\/clanespectaculos\\\/#organization\",\"name\":\"CLAN ESPECTACULOS\",\"url\":\"https:\\\/\\\/radioclanfm.com\\\/clanespectaculos\\\/\",\"logo\":{\"@type\":\"ImageObject\",\"inLanguage\":\"es-AR\",\"@id\":\"https:\\\/\\\/radioclanfm.com\\\/clanespectaculos\\\/#\\\/schema\\\/logo\\\/image\\\/\",\"url\":\"https:\\\/\\\/radioclanfm.com\\\/clanespectaculos\\\/wp-content\\\/uploads\\\/sites\\\/2\\\/2026\\\/04\\\/ChatGPT-Image-23-mar-2026-10_09_00.png\",\"contentUrl\":\"https:\\\/\\\/radioclanfm.com\\\/clanespectaculos\\\/wp-content\\\/uploads\\\/sites\\\/2\\\/2026\\\/04\\\/ChatGPT-Image-23-mar-2026-10_09_00.png\",\"width\":1024,\"height\":1024,\"caption\":\"CLAN ESPECTACULOS\"},\"image\":{\"@id\":\"https:\\\/\\\/radioclanfm.com\\\/clanespectaculos\\\/#\\\/schema\\\/logo\\\/image\\\/\"},\"sameAs\":[\"https:\\\/\\\/www.facebook.com\\\/clanespectaculos\\\/\",\"https:\\\/\\\/x.com\\\/clanespectok\"]},{\"@type\":\"Person\",\"@id\":\"https:\\\/\\\/radioclanfm.com\\\/clanespectaculos\\\/#\\\/schema\\\/person\\\/9734813083303230f3ad84d99171b20c\",\"name\":\"E-GRUPOCLAN\",\"image\":{\"@type\":\"ImageObject\",\"inLanguage\":\"es-AR\",\"@id\":\"https:\\\/\\\/secure.gravatar.com\\\/avatar\\\/af6e19837c3d6a212034a48c7b3818d2ac1826f6025df0155da5a186ad321d79?s=96&d=mm&r=g\",\"url\":\"https:\\\/\\\/secure.gravatar.com\\\/avatar\\\/af6e19837c3d6a212034a48c7b3818d2ac1826f6025df0155da5a186ad321d79?s=96&d=mm&r=g\",\"contentUrl\":\"https:\\\/\\\/secure.gravatar.com\\\/avatar\\\/af6e19837c3d6a212034a48c7b3818d2ac1826f6025df0155da5a186ad321d79?s=96&d=mm&r=g\",\"caption\":\"E-GRUPOCLAN\"},\"sameAs\":[\"https:\\\/\\\/radioclanfm.com\"],\"url\":\"https:\\\/\\\/radioclanfm.com\\\/clanespectaculos\\\/author\\\/admin\\\/\"}]}<\/script>\n<!-- \/ Yoast SEO plugin. -->","yoast_head_json":{"title":"Un influencer revel\u00f3 que fue abusado desde los siete a\u00f1os por la pareja de su abuela: \u201cSent\u00eda que no val\u00eda nada\u201d - CLAN ESPECTACULOS","robots":{"index":"index","follow":"follow","max-snippet":"max-snippet:-1","max-image-preview":"max-image-preview:large","max-video-preview":"max-video-preview:-1"},"canonical":"https:\/\/radioclanfm.com\/clanespectaculos\/un-influencer-revelo-que-fue-abusado-desde-los-siete-anos-por-la-pareja-de-su-abuela-sentia-que-no-valia-nada\/","og_locale":"es_ES","og_type":"article","og_title":"Un influencer revel\u00f3 que fue abusado desde los siete a\u00f1os por la pareja de su abuela: \u201cSent\u00eda que no val\u00eda nada\u201d - CLAN ESPECTACULOS","og_description":"Facundo Guarino, mejor conocido en las redes como Guari, abri\u00f3 su coraz\u00f3n y record\u00f3 el momento m\u00e1s dif\u00edcil de su vida. El influencer\u00a0Facundo Guarino, mejor conocido como\u00a0Guari\u00a0en las redes sociales, estuvo como invitado en\u00a0La Sesi\u00f3n, el ciclo de entrevistas que tiene la psic\u00f3loga Sof\u00eda Calvo en\u00a0Hispa (YouTube). All\u00ed, el creador de contenido abri\u00f3 su coraz\u00f3n [&hellip;]","og_url":"https:\/\/radioclanfm.com\/clanespectaculos\/un-influencer-revelo-que-fue-abusado-desde-los-siete-anos-por-la-pareja-de-su-abuela-sentia-que-no-valia-nada\/","og_site_name":"CLAN ESPECTACULOS","article_publisher":"https:\/\/www.facebook.com\/clanespectaculos\/","article_published_time":"2026-09-06T00:20:27+00:00","og_image":[{"width":900,"height":504,"url":"https:\/\/radioclanfm.com\/clanespectaculos\/wp-content\/uploads\/sites\/2\/2026\/09\/HZt7qWhB.jpg","type":"image\/jpeg"}],"author":"E-GRUPOCLAN","twitter_card":"summary_large_image","twitter_creator":"@clanespectok","twitter_site":"@clanespectok","twitter_misc":{"Escrito por":"E-GRUPOCLAN","Tiempo de lectura":"5 minutos"},"schema":{"@context":"https:\/\/schema.org","@graph":[{"@type":"Article","@id":"https:\/\/radioclanfm.com\/clanespectaculos\/un-influencer-revelo-que-fue-abusado-desde-los-siete-anos-por-la-pareja-de-su-abuela-sentia-que-no-valia-nada\/#article","isPartOf":{"@id":"https:\/\/radioclanfm.com\/clanespectaculos\/un-influencer-revelo-que-fue-abusado-desde-los-siete-anos-por-la-pareja-de-su-abuela-sentia-que-no-valia-nada\/"},"author":{"name":"E-GRUPOCLAN","@id":"https:\/\/radioclanfm.com\/clanespectaculos\/#\/schema\/person\/9734813083303230f3ad84d99171b20c"},"headline":"Un influencer revel\u00f3 que fue abusado desde los siete a\u00f1os por la pareja de su abuela: \u201cSent\u00eda que no val\u00eda nada\u201d","datePublished":"2026-09-06T00:20:27+00:00","mainEntityOfPage":{"@id":"https:\/\/radioclanfm.com\/clanespectaculos\/un-influencer-revelo-que-fue-abusado-desde-los-siete-anos-por-la-pareja-de-su-abuela-sentia-que-no-valia-nada\/"},"wordCount":892,"commentCount":0,"publisher":{"@id":"https:\/\/radioclanfm.com\/clanespectaculos\/#organization"},"image":{"@id":"https:\/\/radioclanfm.com\/clanespectaculos\/un-influencer-revelo-que-fue-abusado-desde-los-siete-anos-por-la-pareja-de-su-abuela-sentia-que-no-valia-nada\/#primaryimage"},"thumbnailUrl":"https:\/\/radioclanfm.com\/clanespectaculos\/wp-content\/uploads\/sites\/2\/2026\/09\/HZt7qWhB.jpg","articleSection":["Espectaculos"],"inLanguage":"es-AR","potentialAction":[{"@type":"CommentAction","name":"Comment","target":["https:\/\/radioclanfm.com\/clanespectaculos\/un-influencer-revelo-que-fue-abusado-desde-los-siete-anos-por-la-pareja-de-su-abuela-sentia-que-no-valia-nada\/#respond"]}]},{"@type":"WebPage","@id":"https:\/\/radioclanfm.com\/clanespectaculos\/un-influencer-revelo-que-fue-abusado-desde-los-siete-anos-por-la-pareja-de-su-abuela-sentia-que-no-valia-nada\/","url":"https:\/\/radioclanfm.com\/clanespectaculos\/un-influencer-revelo-que-fue-abusado-desde-los-siete-anos-por-la-pareja-de-su-abuela-sentia-que-no-valia-nada\/","name":"Un influencer revel\u00f3 que fue abusado desde los siete a\u00f1os por la pareja de su abuela: \u201cSent\u00eda que no val\u00eda nada\u201d - CLAN ESPECTACULOS","isPartOf":{"@id":"https:\/\/radioclanfm.com\/clanespectaculos\/#website"},"primaryImageOfPage":{"@id":"https:\/\/radioclanfm.com\/clanespectaculos\/un-influencer-revelo-que-fue-abusado-desde-los-siete-anos-por-la-pareja-de-su-abuela-sentia-que-no-valia-nada\/#primaryimage"},"image":{"@id":"https:\/\/radioclanfm.com\/clanespectaculos\/un-influencer-revelo-que-fue-abusado-desde-los-siete-anos-por-la-pareja-de-su-abuela-sentia-que-no-valia-nada\/#primaryimage"},"thumbnailUrl":"https:\/\/radioclanfm.com\/clanespectaculos\/wp-content\/uploads\/sites\/2\/2026\/09\/HZt7qWhB.jpg","datePublished":"2026-09-06T00:20:27+00:00","breadcrumb":{"@id":"https:\/\/radioclanfm.com\/clanespectaculos\/un-influencer-revelo-que-fue-abusado-desde-los-siete-anos-por-la-pareja-de-su-abuela-sentia-que-no-valia-nada\/#breadcrumb"},"inLanguage":"es-AR","potentialAction":[{"@type":"ReadAction","target":["https:\/\/radioclanfm.com\/clanespectaculos\/un-influencer-revelo-que-fue-abusado-desde-los-siete-anos-por-la-pareja-de-su-abuela-sentia-que-no-valia-nada\/"]}]},{"@type":"ImageObject","inLanguage":"es-AR","@id":"https:\/\/radioclanfm.com\/clanespectaculos\/un-influencer-revelo-que-fue-abusado-desde-los-siete-anos-por-la-pareja-de-su-abuela-sentia-que-no-valia-nada\/#primaryimage","url":"https:\/\/radioclanfm.com\/clanespectaculos\/wp-content\/uploads\/sites\/2\/2026\/09\/HZt7qWhB.jpg","contentUrl":"https:\/\/radioclanfm.com\/clanespectaculos\/wp-content\/uploads\/sites\/2\/2026\/09\/HZt7qWhB.jpg","width":900,"height":504},{"@type":"BreadcrumbList","@id":"https:\/\/radioclanfm.com\/clanespectaculos\/un-influencer-revelo-que-fue-abusado-desde-los-siete-anos-por-la-pareja-de-su-abuela-sentia-que-no-valia-nada\/#breadcrumb","itemListElement":[{"@type":"ListItem","position":1,"name":"Inicio","item":"https:\/\/radioclanfm.com\/clanespectaculos\/"},{"@type":"ListItem","position":2,"name":"Un influencer revel\u00f3 que fue abusado desde los siete a\u00f1os por la pareja de su abuela: \u201cSent\u00eda que no val\u00eda nada\u201d"}]},{"@type":"WebSite","@id":"https:\/\/radioclanfm.com\/clanespectaculos\/#website","url":"https:\/\/radioclanfm.com\/clanespectaculos\/","name":"CLAN ESPECTACULOS","description":"","publisher":{"@id":"https:\/\/radioclanfm.com\/clanespectaculos\/#organization"},"potentialAction":[{"@type":"SearchAction","target":{"@type":"EntryPoint","urlTemplate":"https:\/\/radioclanfm.com\/clanespectaculos\/?s={search_term_string}"},"query-input":{"@type":"PropertyValueSpecification","valueRequired":true,"valueName":"search_term_string"}}],"inLanguage":"es-AR"},{"@type":"Organization","@id":"https:\/\/radioclanfm.com\/clanespectaculos\/#organization","name":"CLAN ESPECTACULOS","url":"https:\/\/radioclanfm.com\/clanespectaculos\/","logo":{"@type":"ImageObject","inLanguage":"es-AR","@id":"https:\/\/radioclanfm.com\/clanespectaculos\/#\/schema\/logo\/image\/","url":"https:\/\/radioclanfm.com\/clanespectaculos\/wp-content\/uploads\/sites\/2\/2026\/04\/ChatGPT-Image-23-mar-2026-10_09_00.png","contentUrl":"https:\/\/radioclanfm.com\/clanespectaculos\/wp-content\/uploads\/sites\/2\/2026\/04\/ChatGPT-Image-23-mar-2026-10_09_00.png","width":1024,"height":1024,"caption":"CLAN ESPECTACULOS"},"image":{"@id":"https:\/\/radioclanfm.com\/clanespectaculos\/#\/schema\/logo\/image\/"},"sameAs":["https:\/\/www.facebook.com\/clanespectaculos\/","https:\/\/x.com\/clanespectok"]},{"@type":"Person","@id":"https:\/\/radioclanfm.com\/clanespectaculos\/#\/schema\/person\/9734813083303230f3ad84d99171b20c","name":"E-GRUPOCLAN","image":{"@type":"ImageObject","inLanguage":"es-AR","@id":"https:\/\/secure.gravatar.com\/avatar\/af6e19837c3d6a212034a48c7b3818d2ac1826f6025df0155da5a186ad321d79?s=96&d=mm&r=g","url":"https:\/\/secure.gravatar.com\/avatar\/af6e19837c3d6a212034a48c7b3818d2ac1826f6025df0155da5a186ad321d79?s=96&d=mm&r=g","contentUrl":"https:\/\/secure.gravatar.com\/avatar\/af6e19837c3d6a212034a48c7b3818d2ac1826f6025df0155da5a186ad321d79?s=96&d=mm&r=g","caption":"E-GRUPOCLAN"},"sameAs":["https:\/\/radioclanfm.com"],"url":"https:\/\/radioclanfm.com\/clanespectaculos\/author\/admin\/"}]}},"_links":{"self":[{"href":"https:\/\/radioclanfm.com\/clanespectaculos\/wp-json\/wp\/v2\/posts\/20317","targetHints":{"allow":["GET"]}}],"collection":[{"href":"https:\/\/radioclanfm.com\/clanespectaculos\/wp-json\/wp\/v2\/posts"}],"about":[{"href":"https:\/\/radioclanfm.com\/clanespectaculos\/wp-json\/wp\/v2\/types\/post"}],"author":[{"embeddable":true,"href":"https:\/\/radioclanfm.com\/clanespectaculos\/wp-json\/wp\/v2\/users\/1"}],"replies":[{"embeddable":true,"href":"https:\/\/radioclanfm.com\/clanespectaculos\/wp-json\/wp\/v2\/comments?post=20317"}],"version-history":[{"count":1,"href":"https:\/\/radioclanfm.com\/clanespectaculos\/wp-json\/wp\/v2\/posts\/20317\/revisions"}],"predecessor-version":[{"id":20319,"href":"https:\/\/radioclanfm.com\/clanespectaculos\/wp-json\/wp\/v2\/posts\/20317\/revisions\/20319"}],"wp:featuredmedia":[{"embeddable":true,"href":"https:\/\/radioclanfm.com\/clanespectaculos\/wp-json\/wp\/v2\/media\/20318"}],"wp:attachment":[{"href":"https:\/\/radioclanfm.com\/clanespectaculos\/wp-json\/wp\/v2\/media?parent=20317"}],"wp:term":[{"taxonomy":"category","embeddable":true,"href":"https:\/\/radioclanfm.com\/clanespectaculos\/wp-json\/wp\/v2\/categories?post=20317"},{"taxonomy":"post_tag","embeddable":true,"href":"https:\/\/radioclanfm.com\/clanespectaculos\/wp-json\/wp\/v2\/tags?post=20317"}],"curies":[{"name":"wp","href":"https:\/\/api.w.org\/{rel}","templated":true}]}}