{"id":20314,"date":"2026-09-05T21:19:16","date_gmt":"2026-09-06T00:19:16","guid":{"rendered":"https:\/\/radioclanfm.com\/clanespectaculos\/?p=20314"},"modified":"2026-09-05T21:19:16","modified_gmt":"2026-09-06T00:19:16","slug":"murio-a-los-47-anos-cristian-belec-recordado-actor-de-100-dias-para-enamorarse","status":"publish","type":"post","link":"https:\/\/radioclanfm.com\/clanespectaculos\/murio-a-los-47-anos-cristian-belec-recordado-actor-de-100-dias-para-enamorarse\/","title":{"rendered":"Muri\u00f3 a los 47 a\u00f1os Cristian Belec, recordado actor de \u201c100 d\u00edas para enamorarse\u201d"},"content":{"rendered":"<p>La noticia fue confirmada por la Asociaci\u00f3n Argentina de Actores y Actrices. Fue el doble de riesgo de Michael Fassbender en la pel\u00edcula \u201cX-Men: Primera Generaci\u00f3n\u201d.<\/p>\n<div class=\"col-content\"><main class=\"col-content\"><\/p>\n<div class=\"default-article-color article__body article__article\">\n<p class=\"paragraph font__body-regular\"><b>Cristian Belec<\/b>, actor y modelo con una amplia carrera en cine, televisi\u00f3n y publicidad, muri\u00f3 este s\u00e1bado a los 47 a\u00f1os. La noticia fue confirmada en la madrugada por la\u00a0<b>Asociaci\u00f3n Argentina de Actores y Actrices<\/b>, que lo ten\u00eda entre sus afiliados desde 2016. Hasta el momento, no trascendieron las causas de su fallecimiento.<\/p>\n<div class=\"teads-adCall\"><\/div>\n<div id=\"ad-slot-infeed\" class=\"infeed-container\" data-google-query-id=\"CLHuyY3X2JYDFV82uQYdIe8VYw\">\n<div id=\"google_ads_iframe_\/113951150\/tn-arc\/nota\/infeed_0__container__\"><iframe id=\"google_ads_iframe_\/113951150\/tn-arc\/nota\/infeed_0\" tabindex=\"0\" title=\"Contenido de anuncios de terceros\" name=\"google_ads_iframe_\/113951150\/tn-arc\/nota\/infeed_0\" width=\"1\" height=\"1\" frameborder=\"0\" marginwidth=\"0\" marginheight=\"0\" scrolling=\"no\" aria-label=\"Anuncio\" data-google-container-id=\"9\" data-load-complete=\"true\" data-mce-fragment=\"1\"><\/iframe><\/div>\n<\/div>\n<p class=\"paragraph font__body-regular\">El artista, nacido el 8 de abril de 1979 bajo el nombre completo de\u00a0<b>Carlos Cristian Belec<\/b>, se destac\u00f3 por su versatilidad y participaci\u00f3n en distintos formatos: desde\u00a0<b>campa\u00f1as publicitarias y videoclips hasta producciones de moda y ficci\u00f3n televisiva.<\/b><\/p>\n<div class=\"marfeel-readmore-slot\"><\/div>\n<p class=\"paragraph font__body-regular\">Uno de sus trabajos m\u00e1s recordados fue en la serie\u00a0<b>100 d\u00edas para enamorarse<\/b>, emitida por\u00a0<i>Telefe<\/i>\u00a0en 2018 y creada por Sebasti\u00e1n Ortega, donde comparti\u00f3 elenco con\u00a0<b>Carla Peterson, Juan Minuj\u00edn, Nancy Dupl\u00e1a y Luciano Castro<\/b>.<\/p>\n<figure class=\"\" data-testid=\"figure-testid\">\n<div class=\"aspect_ratio__container\"><picture class=\"responsive-image\"><source srcset=\"https:\/\/tn.com.ar\/resizer\/v2\/cristian-belec-murio-a-los-47-anos-foto-instagramcristianbelec-PBMJLNU5YZCTNCR76Y5VUL6WEQ.png?auth=721744283e6a5bf97181a7eb3acf7e07440f9b89774f87428b250be319ff12fb&amp;width=767\" media=\"(max-width: 728px)\" \/><source srcset=\"https:\/\/tn.com.ar\/resizer\/v2\/cristian-belec-murio-a-los-47-anos-foto-instagramcristianbelec-PBMJLNU5YZCTNCR76Y5VUL6WEQ.png?auth=721744283e6a5bf97181a7eb3acf7e07440f9b89774f87428b250be319ff12fb&amp;width=1023\" media=\"(max-width: 1023px)\" \/><source srcset=\"https:\/\/tn.com.ar\/resizer\/v2\/cristian-belec-murio-a-los-47-anos-foto-instagramcristianbelec-PBMJLNU5YZCTNCR76Y5VUL6WEQ.png?auth=721744283e6a5bf97181a7eb3acf7e07440f9b89774f87428b250be319ff12fb&amp;width=1440\" \/><img loading=\"lazy\" decoding=\"async\" class=\"image content-image image_placeholder\" src=\"https:\/\/tn.com.ar\/resizer\/v2\/cristian-belec-murio-a-los-47-anos-foto-instagramcristianbelec-PBMJLNU5YZCTNCR76Y5VUL6WEQ.png?auth=721744283e6a5bf97181a7eb3acf7e07440f9b89774f87428b250be319ff12fb&amp;width=767\" alt=\"Cristian Belec muri\u00f3 a los 47 a\u00f1os (Foto: Instagram\/cristianbelec)\" width=\"767\" height=\"987\" data-testid=\"loading-testid\" \/><\/picture><\/div><figcaption class=\"caption_image\" data-testid=\"figcaption-testid\">\n<div class=\"image_caption \">Cristian Belec muri\u00f3 a los 47 a\u00f1os (Foto: Instagram\/cristianbelec)<\/div>\n<\/figcaption><\/figure>\n<p class=\"paragraph font__body-regular\">Belec tambi\u00e9n dej\u00f3 su huella en videoclips como\u00a0<i>El buen bailar\u00edn<\/i>\u00a0(Sindicato Mono),\u00a0<i>P\u00e1nico<\/i>\u00a0(Starpunks) y\u00a0<i>Tu luz en m\u00ed\u00a0<\/i>(Corto Plazo), adem\u00e1s de participar en el cortometraje\u00a0<i>La visita<\/i>.<\/p>\n<p class=\"paragraph font__body-regular\">En el \u00e1mbito de la moda y la publicidad, trabaj\u00f3 en campa\u00f1as para marcas de gaseosas, supermercados, indumentaria, vinos y l\u00e1cteos, tanto en el pa\u00eds como en el exterior.\u00a0<b>Su perfil multifac\u00e9tico lo llev\u00f3 a ser parte de producciones fotogr\u00e1ficas y editoriales de renombre<\/b>.<\/p>\n<h2 class=\"font--primary font__display\">El paso de Cristian Belec por Hollywood como doble de Michael Fassbender<\/h2>\n<p class=\"paragraph font__body-regular\">A pesar de mantener un perfil bajo, Belec sorprendi\u00f3 al revelar en 2013, durante una entrevista en el programa\u00a0<i>El show creativo<\/i>\u00a0(Canal 9), que fue elegido por los estudios\u00a0<b>21st Century Fox<\/b>\u00a0<b>como doble de cuerpo de Michael Fassbender<\/b>\u00a0en la pel\u00edcula\u00a0<i>X-Men: Primera Generaci\u00f3n<\/i>\u00a0(2011).<\/p>\n<figure class=\"\" data-testid=\"figure-testid\">\n<div class=\"aspect_ratio__container\"><picture class=\"responsive-image\"><source srcset=\"https:\/\/tn.com.ar\/resizer\/v2\/cristian-belec-fue-doble-de-riesgo-de-michael-fassbender-foto-instagramcristianbelec-QWJJYVAVAVGTXLWNICYZXPH6VY.png?auth=a937871753f3614acf46f6d4a9838f981f51aed862211593fdc3a0d9628f5ca5&amp;width=767\" media=\"(max-width: 728px)\" \/><source srcset=\"https:\/\/tn.com.ar\/resizer\/v2\/cristian-belec-fue-doble-de-riesgo-de-michael-fassbender-foto-instagramcristianbelec-QWJJYVAVAVGTXLWNICYZXPH6VY.png?auth=a937871753f3614acf46f6d4a9838f981f51aed862211593fdc3a0d9628f5ca5&amp;width=1023\" media=\"(max-width: 1023px)\" \/><source srcset=\"https:\/\/tn.com.ar\/resizer\/v2\/cristian-belec-fue-doble-de-riesgo-de-michael-fassbender-foto-instagramcristianbelec-QWJJYVAVAVGTXLWNICYZXPH6VY.png?auth=a937871753f3614acf46f6d4a9838f981f51aed862211593fdc3a0d9628f5ca5&amp;width=1440\" \/><img loading=\"lazy\" decoding=\"async\" class=\"image content-image image_placeholder\" src=\"https:\/\/tn.com.ar\/resizer\/v2\/cristian-belec-fue-doble-de-riesgo-de-michael-fassbender-foto-instagramcristianbelec-QWJJYVAVAVGTXLWNICYZXPH6VY.png?auth=a937871753f3614acf46f6d4a9838f981f51aed862211593fdc3a0d9628f5ca5&amp;width=767\" alt=\"Cristian Belec fue doble de riesgo de Michael Fassbender (Foto: Instagram\/cristianbelec)\" width=\"767\" height=\"760\" data-testid=\"loading-testid\" \/><\/picture><\/div><figcaption class=\"caption_image\" data-testid=\"figcaption-testid\">\n<div class=\"image_caption \">Cristian Belec fue doble de riesgo de Michael Fassbender (Foto: Instagram\/cristianbelec)<\/div>\n<\/figcaption><\/figure>\n<p class=\"paragraph font__body-regular\">El actor alem\u00e1n interpret\u00f3 a\u00a0<b>Erik Lehnsherr (Magneto)<\/b>, y una de las escenas m\u00e1s comentadas se film\u00f3 en\u00a0<b>Bariloche<\/b>, aunque en la pel\u00edcula se la identific\u00f3 err\u00f3neamente como \u201cVilla Gesell\u201d. \u201cEstuvo muy lindo, soy un privilegiado por haber trabajado ah\u00ed.\u00a0<b>Fue una linda toma<\/b>, la hicimos en Bariloche, a pesar de que en los subt\u00edtulos de la pel\u00edcula dec\u00eda \u2018Villa Gesell\u2019\u201d, record\u00f3 Belec con humor.<\/p>\n<p class=\"paragraph font__body-regular\"><b>El artista cont\u00f3 que lleg\u00f3 al proyecto tras presentarse a un casting convocado por Fox en Argentina<\/b>, sin saber inicialmente para qu\u00e9 pel\u00edcula era ni qui\u00e9n era Fassbender. \u201cEl casting era por la fisonom\u00eda del actor. Yo voy sin saber de qu\u00e9 pel\u00edcula se trataba y me llaman para decirme que hab\u00eda 90% de posibilidades de que hab\u00eda quedado\u201d, relat\u00f3. Al enterarse de que ser\u00eda parte de\u00a0<i>X-Men<\/i>, revel\u00f3:\u00a0<b>\u201cMe qued\u00e9 en shock\u201d<\/b>.<\/p>\n<\/div>\n<p><\/main><\/div>\n<aside class=\"col-right-rail right-rail\">\n<div id=\"parent-ad-slot-caja\" class=\"ad-container caja_ad \">\n<div class=\"ad-content\">\n<div id=\"ad-slot-caja\" class=\"ad-slot-caja ad-slot\" data-adtype=\"caja\" data-is_original=\"1\" data-lazyload=\"1\" data-google-query-id=\"CKv_yY3X2JYDFRUNHgAdFqEs0g\"><\/div>\n<\/div>\n<\/div>\n<\/aside>\n","protected":false},"excerpt":{"rendered":"<p>La noticia fue confirmada por la Asociaci\u00f3n Argentina de Actores y Actrices. Fue el doble de riesgo de Michael Fassbender en la pel\u00edcula \u201cX-Men: Primera Generaci\u00f3n\u201d. Cristian Belec, actor y modelo con una amplia carrera en cine, televisi\u00f3n y publicidad, muri\u00f3 este s\u00e1bado a los 47 a\u00f1os. La noticia fue confirmada en la madrugada por [&hellip;]<\/p>\n","protected":false},"author":1,"featured_media":20315,"comment_status":"open","ping_status":"open","sticky":false,"template":"","format":"standard","meta":{"rop_custom_images_group":[],"rop_custom_messages_group":[],"rop_publish_now":"initial","rop_publish_now_accounts":[],"rop_publish_now_history":[],"rop_publish_now_status":"pending","footnotes":"","jetpack_publicize_message":"","jetpack_publicize_feature_enabled":true,"jetpack_social_post_already_shared":true,"jetpack_social_options":{"image_generator_settings":{"template":"highway","enabled":false},"version":2}},"categories":[13],"tags":[],"class_list":["post-20314","post","type-post","status-publish","format-standard","has-post-thumbnail","category-hollywood"],"jetpack_publicize_connections":[],"yoast_head":"<!-- This site is optimized with the Yoast SEO plugin v28.2 - https:\/\/yoast.com\/product\/yoast-seo-wordpress\/ -->\n<title>Muri\u00f3 a los 47 a\u00f1os Cristian Belec, recordado actor de \u201c100 d\u00edas para enamorarse\u201d - CLAN ESPECTACULOS<\/title>\n<meta name=\"robots\" content=\"index, follow, max-snippet:-1, max-image-preview:large, max-video-preview:-1\" \/>\n<link rel=\"canonical\" href=\"https:\/\/radioclanfm.com\/clanespectaculos\/murio-a-los-47-anos-cristian-belec-recordado-actor-de-100-dias-para-enamorarse\/\" \/>\n<meta property=\"og:locale\" content=\"es_ES\" \/>\n<meta property=\"og:type\" content=\"article\" \/>\n<meta property=\"og:title\" content=\"Muri\u00f3 a los 47 a\u00f1os Cristian Belec, recordado actor de \u201c100 d\u00edas para enamorarse\u201d - CLAN ESPECTACULOS\" \/>\n<meta property=\"og:description\" content=\"La noticia fue confirmada por la Asociaci\u00f3n Argentina de Actores y Actrices. Fue el doble de riesgo de Michael Fassbender en la pel\u00edcula \u201cX-Men: Primera Generaci\u00f3n\u201d. Cristian Belec, actor y modelo con una amplia carrera en cine, televisi\u00f3n y publicidad, muri\u00f3 este s\u00e1bado a los 47 a\u00f1os. La noticia fue confirmada en la madrugada por [&hellip;]\" \/>\n<meta property=\"og:url\" content=\"https:\/\/radioclanfm.com\/clanespectaculos\/murio-a-los-47-anos-cristian-belec-recordado-actor-de-100-dias-para-enamorarse\/\" \/>\n<meta property=\"og:site_name\" content=\"CLAN ESPECTACULOS\" \/>\n<meta property=\"article:publisher\" content=\"https:\/\/www.facebook.com\/clanespectaculos\/\" \/>\n<meta property=\"article:published_time\" content=\"2026-09-06T00:19:16+00:00\" \/>\n<meta property=\"og:image\" content=\"https:\/\/radioclanfm.com\/clanespectaculos\/wp-content\/uploads\/sites\/2\/2026\/09\/bnIz3QzT.jpg\" \/>\n\t<meta property=\"og:image:width\" content=\"900\" \/>\n\t<meta property=\"og:image:height\" content=\"504\" \/>\n\t<meta property=\"og:image:type\" content=\"image\/jpeg\" \/>\n<meta name=\"author\" content=\"E-GRUPOCLAN\" \/>\n<meta name=\"twitter:card\" content=\"summary_large_image\" \/>\n<meta name=\"twitter:creator\" content=\"@clanespectok\" \/>\n<meta name=\"twitter:site\" content=\"@clanespectok\" \/>\n<meta name=\"twitter:label1\" content=\"Escrito por\" \/>\n\t<meta name=\"twitter:data1\" content=\"E-GRUPOCLAN\" \/>\n\t<meta name=\"twitter:label2\" content=\"Tiempo de lectura\" \/>\n\t<meta name=\"twitter:data2\" content=\"3 minutos\" \/>\n<script type=\"application\/ld+json\" class=\"yoast-schema-graph\">{\"@context\":\"https:\\\/\\\/schema.org\",\"@graph\":[{\"@type\":\"Article\",\"@id\":\"https:\\\/\\\/radioclanfm.com\\\/clanespectaculos\\\/murio-a-los-47-anos-cristian-belec-recordado-actor-de-100-dias-para-enamorarse\\\/#article\",\"isPartOf\":{\"@id\":\"https:\\\/\\\/radioclanfm.com\\\/clanespectaculos\\\/murio-a-los-47-anos-cristian-belec-recordado-actor-de-100-dias-para-enamorarse\\\/\"},\"author\":{\"name\":\"E-GRUPOCLAN\",\"@id\":\"https:\\\/\\\/radioclanfm.com\\\/clanespectaculos\\\/#\\\/schema\\\/person\\\/9734813083303230f3ad84d99171b20c\"},\"headline\":\"Muri\u00f3 a los 47 a\u00f1os Cristian Belec, recordado actor de \u201c100 d\u00edas para enamorarse\u201d\",\"datePublished\":\"2026-09-06T00:19:16+00:00\",\"mainEntityOfPage\":{\"@id\":\"https:\\\/\\\/radioclanfm.com\\\/clanespectaculos\\\/murio-a-los-47-anos-cristian-belec-recordado-actor-de-100-dias-para-enamorarse\\\/\"},\"wordCount\":494,\"commentCount\":0,\"publisher\":{\"@id\":\"https:\\\/\\\/radioclanfm.com\\\/clanespectaculos\\\/#organization\"},\"image\":{\"@id\":\"https:\\\/\\\/radioclanfm.com\\\/clanespectaculos\\\/murio-a-los-47-anos-cristian-belec-recordado-actor-de-100-dias-para-enamorarse\\\/#primaryimage\"},\"thumbnailUrl\":\"https:\\\/\\\/radioclanfm.com\\\/clanespectaculos\\\/wp-content\\\/uploads\\\/sites\\\/2\\\/2026\\\/09\\\/bnIz3QzT.jpg\",\"articleSection\":[\"Hollywood\"],\"inLanguage\":\"es-AR\",\"potentialAction\":[{\"@type\":\"CommentAction\",\"name\":\"Comment\",\"target\":[\"https:\\\/\\\/radioclanfm.com\\\/clanespectaculos\\\/murio-a-los-47-anos-cristian-belec-recordado-actor-de-100-dias-para-enamorarse\\\/#respond\"]}]},{\"@type\":\"WebPage\",\"@id\":\"https:\\\/\\\/radioclanfm.com\\\/clanespectaculos\\\/murio-a-los-47-anos-cristian-belec-recordado-actor-de-100-dias-para-enamorarse\\\/\",\"url\":\"https:\\\/\\\/radioclanfm.com\\\/clanespectaculos\\\/murio-a-los-47-anos-cristian-belec-recordado-actor-de-100-dias-para-enamorarse\\\/\",\"name\":\"Muri\u00f3 a los 47 a\u00f1os Cristian Belec, recordado actor de \u201c100 d\u00edas para enamorarse\u201d - CLAN ESPECTACULOS\",\"isPartOf\":{\"@id\":\"https:\\\/\\\/radioclanfm.com\\\/clanespectaculos\\\/#website\"},\"primaryImageOfPage\":{\"@id\":\"https:\\\/\\\/radioclanfm.com\\\/clanespectaculos\\\/murio-a-los-47-anos-cristian-belec-recordado-actor-de-100-dias-para-enamorarse\\\/#primaryimage\"},\"image\":{\"@id\":\"https:\\\/\\\/radioclanfm.com\\\/clanespectaculos\\\/murio-a-los-47-anos-cristian-belec-recordado-actor-de-100-dias-para-enamorarse\\\/#primaryimage\"},\"thumbnailUrl\":\"https:\\\/\\\/radioclanfm.com\\\/clanespectaculos\\\/wp-content\\\/uploads\\\/sites\\\/2\\\/2026\\\/09\\\/bnIz3QzT.jpg\",\"datePublished\":\"2026-09-06T00:19:16+00:00\",\"breadcrumb\":{\"@id\":\"https:\\\/\\\/radioclanfm.com\\\/clanespectaculos\\\/murio-a-los-47-anos-cristian-belec-recordado-actor-de-100-dias-para-enamorarse\\\/#breadcrumb\"},\"inLanguage\":\"es-AR\",\"potentialAction\":[{\"@type\":\"ReadAction\",\"target\":[\"https:\\\/\\\/radioclanfm.com\\\/clanespectaculos\\\/murio-a-los-47-anos-cristian-belec-recordado-actor-de-100-dias-para-enamorarse\\\/\"]}]},{\"@type\":\"ImageObject\",\"inLanguage\":\"es-AR\",\"@id\":\"https:\\\/\\\/radioclanfm.com\\\/clanespectaculos\\\/murio-a-los-47-anos-cristian-belec-recordado-actor-de-100-dias-para-enamorarse\\\/#primaryimage\",\"url\":\"https:\\\/\\\/radioclanfm.com\\\/clanespectaculos\\\/wp-content\\\/uploads\\\/sites\\\/2\\\/2026\\\/09\\\/bnIz3QzT.jpg\",\"contentUrl\":\"https:\\\/\\\/radioclanfm.com\\\/clanespectaculos\\\/wp-content\\\/uploads\\\/sites\\\/2\\\/2026\\\/09\\\/bnIz3QzT.jpg\",\"width\":900,\"height\":504},{\"@type\":\"BreadcrumbList\",\"@id\":\"https:\\\/\\\/radioclanfm.com\\\/clanespectaculos\\\/murio-a-los-47-anos-cristian-belec-recordado-actor-de-100-dias-para-enamorarse\\\/#breadcrumb\",\"itemListElement\":[{\"@type\":\"ListItem\",\"position\":1,\"name\":\"Inicio\",\"item\":\"https:\\\/\\\/radioclanfm.com\\\/clanespectaculos\\\/\"},{\"@type\":\"ListItem\",\"position\":2,\"name\":\"Muri\u00f3 a los 47 a\u00f1os Cristian Belec, recordado actor de \u201c100 d\u00edas para enamorarse\u201d\"}]},{\"@type\":\"WebSite\",\"@id\":\"https:\\\/\\\/radioclanfm.com\\\/clanespectaculos\\\/#website\",\"url\":\"https:\\\/\\\/radioclanfm.com\\\/clanespectaculos\\\/\",\"name\":\"CLAN ESPECTACULOS\",\"description\":\"\",\"publisher\":{\"@id\":\"https:\\\/\\\/radioclanfm.com\\\/clanespectaculos\\\/#organization\"},\"potentialAction\":[{\"@type\":\"SearchAction\",\"target\":{\"@type\":\"EntryPoint\",\"urlTemplate\":\"https:\\\/\\\/radioclanfm.com\\\/clanespectaculos\\\/?s={search_term_string}\"},\"query-input\":{\"@type\":\"PropertyValueSpecification\",\"valueRequired\":true,\"valueName\":\"search_term_string\"}}],\"inLanguage\":\"es-AR\"},{\"@type\":\"Organization\",\"@id\":\"https:\\\/\\\/radioclanfm.com\\\/clanespectaculos\\\/#organization\",\"name\":\"CLAN ESPECTACULOS\",\"url\":\"https:\\\/\\\/radioclanfm.com\\\/clanespectaculos\\\/\",\"logo\":{\"@type\":\"ImageObject\",\"inLanguage\":\"es-AR\",\"@id\":\"https:\\\/\\\/radioclanfm.com\\\/clanespectaculos\\\/#\\\/schema\\\/logo\\\/image\\\/\",\"url\":\"https:\\\/\\\/radioclanfm.com\\\/clanespectaculos\\\/wp-content\\\/uploads\\\/sites\\\/2\\\/2026\\\/04\\\/ChatGPT-Image-23-mar-2026-10_09_00.png\",\"contentUrl\":\"https:\\\/\\\/radioclanfm.com\\\/clanespectaculos\\\/wp-content\\\/uploads\\\/sites\\\/2\\\/2026\\\/04\\\/ChatGPT-Image-23-mar-2026-10_09_00.png\",\"width\":1024,\"height\":1024,\"caption\":\"CLAN ESPECTACULOS\"},\"image\":{\"@id\":\"https:\\\/\\\/radioclanfm.com\\\/clanespectaculos\\\/#\\\/schema\\\/logo\\\/image\\\/\"},\"sameAs\":[\"https:\\\/\\\/www.facebook.com\\\/clanespectaculos\\\/\",\"https:\\\/\\\/x.com\\\/clanespectok\"]},{\"@type\":\"Person\",\"@id\":\"https:\\\/\\\/radioclanfm.com\\\/clanespectaculos\\\/#\\\/schema\\\/person\\\/9734813083303230f3ad84d99171b20c\",\"name\":\"E-GRUPOCLAN\",\"image\":{\"@type\":\"ImageObject\",\"inLanguage\":\"es-AR\",\"@id\":\"https:\\\/\\\/secure.gravatar.com\\\/avatar\\\/af6e19837c3d6a212034a48c7b3818d2ac1826f6025df0155da5a186ad321d79?s=96&d=mm&r=g\",\"url\":\"https:\\\/\\\/secure.gravatar.com\\\/avatar\\\/af6e19837c3d6a212034a48c7b3818d2ac1826f6025df0155da5a186ad321d79?s=96&d=mm&r=g\",\"contentUrl\":\"https:\\\/\\\/secure.gravatar.com\\\/avatar\\\/af6e19837c3d6a212034a48c7b3818d2ac1826f6025df0155da5a186ad321d79?s=96&d=mm&r=g\",\"caption\":\"E-GRUPOCLAN\"},\"sameAs\":[\"https:\\\/\\\/radioclanfm.com\"],\"url\":\"https:\\\/\\\/radioclanfm.com\\\/clanespectaculos\\\/author\\\/admin\\\/\"}]}<\/script>\n<!-- \/ Yoast SEO plugin. -->","yoast_head_json":{"title":"Muri\u00f3 a los 47 a\u00f1os Cristian Belec, recordado actor de \u201c100 d\u00edas para enamorarse\u201d - CLAN ESPECTACULOS","robots":{"index":"index","follow":"follow","max-snippet":"max-snippet:-1","max-image-preview":"max-image-preview:large","max-video-preview":"max-video-preview:-1"},"canonical":"https:\/\/radioclanfm.com\/clanespectaculos\/murio-a-los-47-anos-cristian-belec-recordado-actor-de-100-dias-para-enamorarse\/","og_locale":"es_ES","og_type":"article","og_title":"Muri\u00f3 a los 47 a\u00f1os Cristian Belec, recordado actor de \u201c100 d\u00edas para enamorarse\u201d - CLAN ESPECTACULOS","og_description":"La noticia fue confirmada por la Asociaci\u00f3n Argentina de Actores y Actrices. Fue el doble de riesgo de Michael Fassbender en la pel\u00edcula \u201cX-Men: Primera Generaci\u00f3n\u201d. Cristian Belec, actor y modelo con una amplia carrera en cine, televisi\u00f3n y publicidad, muri\u00f3 este s\u00e1bado a los 47 a\u00f1os. La noticia fue confirmada en la madrugada por [&hellip;]","og_url":"https:\/\/radioclanfm.com\/clanespectaculos\/murio-a-los-47-anos-cristian-belec-recordado-actor-de-100-dias-para-enamorarse\/","og_site_name":"CLAN ESPECTACULOS","article_publisher":"https:\/\/www.facebook.com\/clanespectaculos\/","article_published_time":"2026-09-06T00:19:16+00:00","og_image":[{"width":900,"height":504,"url":"https:\/\/radioclanfm.com\/clanespectaculos\/wp-content\/uploads\/sites\/2\/2026\/09\/bnIz3QzT.jpg","type":"image\/jpeg"}],"author":"E-GRUPOCLAN","twitter_card":"summary_large_image","twitter_creator":"@clanespectok","twitter_site":"@clanespectok","twitter_misc":{"Escrito por":"E-GRUPOCLAN","Tiempo de lectura":"3 minutos"},"schema":{"@context":"https:\/\/schema.org","@graph":[{"@type":"Article","@id":"https:\/\/radioclanfm.com\/clanespectaculos\/murio-a-los-47-anos-cristian-belec-recordado-actor-de-100-dias-para-enamorarse\/#article","isPartOf":{"@id":"https:\/\/radioclanfm.com\/clanespectaculos\/murio-a-los-47-anos-cristian-belec-recordado-actor-de-100-dias-para-enamorarse\/"},"author":{"name":"E-GRUPOCLAN","@id":"https:\/\/radioclanfm.com\/clanespectaculos\/#\/schema\/person\/9734813083303230f3ad84d99171b20c"},"headline":"Muri\u00f3 a los 47 a\u00f1os Cristian Belec, recordado actor de \u201c100 d\u00edas para enamorarse\u201d","datePublished":"2026-09-06T00:19:16+00:00","mainEntityOfPage":{"@id":"https:\/\/radioclanfm.com\/clanespectaculos\/murio-a-los-47-anos-cristian-belec-recordado-actor-de-100-dias-para-enamorarse\/"},"wordCount":494,"commentCount":0,"publisher":{"@id":"https:\/\/radioclanfm.com\/clanespectaculos\/#organization"},"image":{"@id":"https:\/\/radioclanfm.com\/clanespectaculos\/murio-a-los-47-anos-cristian-belec-recordado-actor-de-100-dias-para-enamorarse\/#primaryimage"},"thumbnailUrl":"https:\/\/radioclanfm.com\/clanespectaculos\/wp-content\/uploads\/sites\/2\/2026\/09\/bnIz3QzT.jpg","articleSection":["Hollywood"],"inLanguage":"es-AR","potentialAction":[{"@type":"CommentAction","name":"Comment","target":["https:\/\/radioclanfm.com\/clanespectaculos\/murio-a-los-47-anos-cristian-belec-recordado-actor-de-100-dias-para-enamorarse\/#respond"]}]},{"@type":"WebPage","@id":"https:\/\/radioclanfm.com\/clanespectaculos\/murio-a-los-47-anos-cristian-belec-recordado-actor-de-100-dias-para-enamorarse\/","url":"https:\/\/radioclanfm.com\/clanespectaculos\/murio-a-los-47-anos-cristian-belec-recordado-actor-de-100-dias-para-enamorarse\/","name":"Muri\u00f3 a los 47 a\u00f1os Cristian Belec, recordado actor de \u201c100 d\u00edas para enamorarse\u201d - CLAN ESPECTACULOS","isPartOf":{"@id":"https:\/\/radioclanfm.com\/clanespectaculos\/#website"},"primaryImageOfPage":{"@id":"https:\/\/radioclanfm.com\/clanespectaculos\/murio-a-los-47-anos-cristian-belec-recordado-actor-de-100-dias-para-enamorarse\/#primaryimage"},"image":{"@id":"https:\/\/radioclanfm.com\/clanespectaculos\/murio-a-los-47-anos-cristian-belec-recordado-actor-de-100-dias-para-enamorarse\/#primaryimage"},"thumbnailUrl":"https:\/\/radioclanfm.com\/clanespectaculos\/wp-content\/uploads\/sites\/2\/2026\/09\/bnIz3QzT.jpg","datePublished":"2026-09-06T00:19:16+00:00","breadcrumb":{"@id":"https:\/\/radioclanfm.com\/clanespectaculos\/murio-a-los-47-anos-cristian-belec-recordado-actor-de-100-dias-para-enamorarse\/#breadcrumb"},"inLanguage":"es-AR","potentialAction":[{"@type":"ReadAction","target":["https:\/\/radioclanfm.com\/clanespectaculos\/murio-a-los-47-anos-cristian-belec-recordado-actor-de-100-dias-para-enamorarse\/"]}]},{"@type":"ImageObject","inLanguage":"es-AR","@id":"https:\/\/radioclanfm.com\/clanespectaculos\/murio-a-los-47-anos-cristian-belec-recordado-actor-de-100-dias-para-enamorarse\/#primaryimage","url":"https:\/\/radioclanfm.com\/clanespectaculos\/wp-content\/uploads\/sites\/2\/2026\/09\/bnIz3QzT.jpg","contentUrl":"https:\/\/radioclanfm.com\/clanespectaculos\/wp-content\/uploads\/sites\/2\/2026\/09\/bnIz3QzT.jpg","width":900,"height":504},{"@type":"BreadcrumbList","@id":"https:\/\/radioclanfm.com\/clanespectaculos\/murio-a-los-47-anos-cristian-belec-recordado-actor-de-100-dias-para-enamorarse\/#breadcrumb","itemListElement":[{"@type":"ListItem","position":1,"name":"Inicio","item":"https:\/\/radioclanfm.com\/clanespectaculos\/"},{"@type":"ListItem","position":2,"name":"Muri\u00f3 a los 47 a\u00f1os Cristian Belec, recordado actor de \u201c100 d\u00edas para enamorarse\u201d"}]},{"@type":"WebSite","@id":"https:\/\/radioclanfm.com\/clanespectaculos\/#website","url":"https:\/\/radioclanfm.com\/clanespectaculos\/","name":"CLAN ESPECTACULOS","description":"","publisher":{"@id":"https:\/\/radioclanfm.com\/clanespectaculos\/#organization"},"potentialAction":[{"@type":"SearchAction","target":{"@type":"EntryPoint","urlTemplate":"https:\/\/radioclanfm.com\/clanespectaculos\/?s={search_term_string}"},"query-input":{"@type":"PropertyValueSpecification","valueRequired":true,"valueName":"search_term_string"}}],"inLanguage":"es-AR"},{"@type":"Organization","@id":"https:\/\/radioclanfm.com\/clanespectaculos\/#organization","name":"CLAN ESPECTACULOS","url":"https:\/\/radioclanfm.com\/clanespectaculos\/","logo":{"@type":"ImageObject","inLanguage":"es-AR","@id":"https:\/\/radioclanfm.com\/clanespectaculos\/#\/schema\/logo\/image\/","url":"https:\/\/radioclanfm.com\/clanespectaculos\/wp-content\/uploads\/sites\/2\/2026\/04\/ChatGPT-Image-23-mar-2026-10_09_00.png","contentUrl":"https:\/\/radioclanfm.com\/clanespectaculos\/wp-content\/uploads\/sites\/2\/2026\/04\/ChatGPT-Image-23-mar-2026-10_09_00.png","width":1024,"height":1024,"caption":"CLAN ESPECTACULOS"},"image":{"@id":"https:\/\/radioclanfm.com\/clanespectaculos\/#\/schema\/logo\/image\/"},"sameAs":["https:\/\/www.facebook.com\/clanespectaculos\/","https:\/\/x.com\/clanespectok"]},{"@type":"Person","@id":"https:\/\/radioclanfm.com\/clanespectaculos\/#\/schema\/person\/9734813083303230f3ad84d99171b20c","name":"E-GRUPOCLAN","image":{"@type":"ImageObject","inLanguage":"es-AR","@id":"https:\/\/secure.gravatar.com\/avatar\/af6e19837c3d6a212034a48c7b3818d2ac1826f6025df0155da5a186ad321d79?s=96&d=mm&r=g","url":"https:\/\/secure.gravatar.com\/avatar\/af6e19837c3d6a212034a48c7b3818d2ac1826f6025df0155da5a186ad321d79?s=96&d=mm&r=g","contentUrl":"https:\/\/secure.gravatar.com\/avatar\/af6e19837c3d6a212034a48c7b3818d2ac1826f6025df0155da5a186ad321d79?s=96&d=mm&r=g","caption":"E-GRUPOCLAN"},"sameAs":["https:\/\/radioclanfm.com"],"url":"https:\/\/radioclanfm.com\/clanespectaculos\/author\/admin\/"}]}},"_links":{"self":[{"href":"https:\/\/radioclanfm.com\/clanespectaculos\/wp-json\/wp\/v2\/posts\/20314","targetHints":{"allow":["GET"]}}],"collection":[{"href":"https:\/\/radioclanfm.com\/clanespectaculos\/wp-json\/wp\/v2\/posts"}],"about":[{"href":"https:\/\/radioclanfm.com\/clanespectaculos\/wp-json\/wp\/v2\/types\/post"}],"author":[{"embeddable":true,"href":"https:\/\/radioclanfm.com\/clanespectaculos\/wp-json\/wp\/v2\/users\/1"}],"replies":[{"embeddable":true,"href":"https:\/\/radioclanfm.com\/clanespectaculos\/wp-json\/wp\/v2\/comments?post=20314"}],"version-history":[{"count":1,"href":"https:\/\/radioclanfm.com\/clanespectaculos\/wp-json\/wp\/v2\/posts\/20314\/revisions"}],"predecessor-version":[{"id":20316,"href":"https:\/\/radioclanfm.com\/clanespectaculos\/wp-json\/wp\/v2\/posts\/20314\/revisions\/20316"}],"wp:featuredmedia":[{"embeddable":true,"href":"https:\/\/radioclanfm.com\/clanespectaculos\/wp-json\/wp\/v2\/media\/20315"}],"wp:attachment":[{"href":"https:\/\/radioclanfm.com\/clanespectaculos\/wp-json\/wp\/v2\/media?parent=20314"}],"wp:term":[{"taxonomy":"category","embeddable":true,"href":"https:\/\/radioclanfm.com\/clanespectaculos\/wp-json\/wp\/v2\/categories?post=20314"},{"taxonomy":"post_tag","embeddable":true,"href":"https:\/\/radioclanfm.com\/clanespectaculos\/wp-json\/wp\/v2\/tags?post=20314"}],"curies":[{"name":"wp","href":"https:\/\/api.w.org\/{rel}","templated":true}]}}