{"id":20308,"date":"2026-09-05T21:16:50","date_gmt":"2026-09-06T00:16:50","guid":{"rendered":"https:\/\/radioclanfm.com\/clanespectaculos\/?p=20308"},"modified":"2026-09-05T21:16:50","modified_gmt":"2026-09-06T00:16:50","slug":"tamara-paganini-predijo-quien-ganara-gran-hermano-2026%e2%80%b3","status":"publish","type":"post","link":"https:\/\/radioclanfm.com\/clanespectaculos\/tamara-paganini-predijo-quien-ganara-gran-hermano-2026%e2%80%b3\/","title":{"rendered":"Tamara Paganini predijo qui\u00e9n ganar\u00e1 \u201cGran Hermano 2026\u2033"},"content":{"rendered":"<p>La exparticipante del reality habl\u00f3 sobre los competidores actuales que, seg\u00fan ella, llegar\u00e1n a la definici\u00f3n del certamen.<\/p>\n<div class=\"col-content\"><main class=\"col-content\"><\/p>\n<div class=\"default-article-color article__body article__article\">\n<p class=\"paragraph font__body-regular\"><b>Tamara Paganini<\/b>, una de las participantes m\u00e1s recordadas de la primera edici\u00f3n de\u00a0<i>Gran Hermano<\/i>\u00a0Argentina, habl\u00f3 sobre la actual temporada del reality al aire de\u00a0<i>Agarrate Catalina (La Once Diez)<\/i>\u00a0y se anim\u00f3 a hacer una\u00a0<b>predicci\u00f3n sobre qui\u00e9nes podr\u00edan llegar a la gran final<\/b>.<\/p>\n<div class=\"teads-adCall\"><\/div>\n<div id=\"ad-slot-infeed\" class=\"infeed-container\" data-google-query-id=\"CLian8bW2JYDFVVQuAQdOg03-Q\">\n<div id=\"google_ads_iframe_\/113951150\/tn-arc\/nota\/infeed_0__container__\"><iframe id=\"google_ads_iframe_\/113951150\/tn-arc\/nota\/infeed_0\" tabindex=\"0\" title=\"Contenido de anuncios de terceros\" name=\"google_ads_iframe_\/113951150\/tn-arc\/nota\/infeed_0\" width=\"1\" height=\"1\" frameborder=\"0\" marginwidth=\"0\" marginheight=\"0\" scrolling=\"no\" aria-label=\"Anuncio\" data-google-container-id=\"9\" data-load-complete=\"true\" data-mce-fragment=\"1\"><\/iframe><\/div>\n<\/div>\n<p class=\"paragraph font__body-regular\">Sin vueltas, eligi\u00f3 a dos jugadores y revel\u00f3 qui\u00e9n cree que finalmente se consagrar\u00e1 ganador.<\/p>\n<div class=\"marfeel-readmore-slot\"><\/div>\n<p class=\"paragraph font__body-regular\"><b>\u201cCreo que el duelo final de\u00a0<\/b><i><b>Gran Hermano<\/b><\/i><b>\u00a0ser\u00e1 entre Yipio y Sol\u201d<\/b>, asegur\u00f3 Tamara. En ese sentido, explic\u00f3 qu\u00e9 lugar ocupa cada una de las participantes dentro de la din\u00e1mica del reality: \u201cEn toda novela debe haber un villano y ella es eso.\u00a0<b>Pero al villano se lo vence y gana Yipio<\/b>\u201d.<\/p>\n<p class=\"paragraph font__body-regular\">De esta manera, Paganini dej\u00f3 en claro que<b>\u00a0imagina una definici\u00f3n entre ambas participantes<\/b>, aunque considera que Yipio tendr\u00eda m\u00e1s posibilidades de quedarse con el premio.<\/p>\n<figure class=\"\" data-testid=\"figure-testid\">\n<div class=\"aspect_ratio__container\"><picture class=\"responsive-image\"><source srcset=\"https:\/\/tn.com.ar\/resizer\/v2\/para-tamara-paganini-yipio-y-sol-seran-las-finalistas-de-gran-hermano-2026-foto-captura-telefe-G73GJCSEXZDTDKF3GLTOJNNB4M.JPG?auth=02298700b76c660a998d4ec7e119d64937671af67ed3142df2fa6157b7da92df&amp;width=767\" media=\"(max-width: 728px)\" \/><source srcset=\"https:\/\/tn.com.ar\/resizer\/v2\/para-tamara-paganini-yipio-y-sol-seran-las-finalistas-de-gran-hermano-2026-foto-captura-telefe-G73GJCSEXZDTDKF3GLTOJNNB4M.JPG?auth=02298700b76c660a998d4ec7e119d64937671af67ed3142df2fa6157b7da92df&amp;width=1023\" media=\"(max-width: 1023px)\" \/><source srcset=\"https:\/\/tn.com.ar\/resizer\/v2\/para-tamara-paganini-yipio-y-sol-seran-las-finalistas-de-gran-hermano-2026-foto-captura-telefe-G73GJCSEXZDTDKF3GLTOJNNB4M.JPG?auth=02298700b76c660a998d4ec7e119d64937671af67ed3142df2fa6157b7da92df&amp;width=1440\" \/><img loading=\"lazy\" decoding=\"async\" class=\"image content-image image_placeholder\" src=\"https:\/\/tn.com.ar\/resizer\/v2\/para-tamara-paganini-yipio-y-sol-seran-las-finalistas-de-gran-hermano-2026-foto-captura-telefe-G73GJCSEXZDTDKF3GLTOJNNB4M.JPG?auth=02298700b76c660a998d4ec7e119d64937671af67ed3142df2fa6157b7da92df&amp;width=767\" alt=\"Para Tamara Paganini, Yipio y Sol ser\u00e1n las finalistas de &quot;Gran Hermano 2026&quot; (Foto: Captura Telefe)\" width=\"767\" height=\"423\" data-testid=\"loading-testid\" \/><\/picture><\/div><figcaption class=\"caption_image\" data-testid=\"figcaption-testid\">\n<div class=\"image_caption \">Para Tamara Paganini, Yipio y Sol ser\u00e1n las finalistas de &#8220;Gran Hermano 2026&#8221; (Foto: Captura Telefe)<\/div>\n<\/figcaption><\/figure>\n<h2 class=\"font--primary font__display\">Tamara Paganini record\u00f3 su experiencia en \u201cGran Hermano\u201d<\/h2>\n<p class=\"paragraph font__body-regular\">Durante la charla con Catalina Dlugi, Tamara tambi\u00e9n<b>\u00a0se refiri\u00f3 a las consecuencias que tuvo para ella haber ingresado al reality<\/b>\u00a0y cuestion\u00f3 la evaluaci\u00f3n psicol\u00f3gica que le permiti\u00f3 formar parte de aquella primera edici\u00f3n.<\/p>\n<p class=\"paragraph font__body-regular\">\u201c<b>Le sigo haciendo juicio a la psic\u00f3loga que me admiti\u00f3 en\u00a0<\/b><i><b>Gran Hermano<\/b><\/i><b>\u00a0<\/b>la primera vez. Estaba claro que yo no era ni un poquito apta para entrar\u201d, sostuvo.<\/p>\n<p class=\"paragraph font__body-regular\">Paganini explic\u00f3 que la exposici\u00f3n que tuvo despu\u00e9s del programa fue dif\u00edcil de manejar y que, pese a haberse convertido en una figura conocida,\u00a0<b>atraves\u00f3 una complicada situaci\u00f3n econ\u00f3mica<\/b>.<\/p>\n<p class=\"paragraph font__body-regular\">\u201cAl salir no supe manejarme.<b>\u00a0Era famosa pero no ten\u00eda un mango\u00a0<\/b>y ten\u00eda que viajar en colectivo. Pasaron ocho a\u00f1os hasta que pude hacer un viaje completo\u201d, record\u00f3.<\/p>\n<p class=\"paragraph font__body-regular\">La medi\u00e1tica tambi\u00e9n cont\u00f3 que<b>\u00a0la popularidad tuvo un costado especialmente hostil<\/b>\u00a0y relat\u00f3 situaciones de acoso que sufri\u00f3 en la v\u00eda p\u00fablica.<\/p>\n<figure class=\"\" data-testid=\"figure-testid\">\n<div class=\"aspect_ratio__container\"><picture class=\"responsive-image\"><source srcset=\"https:\/\/tn.com.ar\/resizer\/v2\/tamara-paganini-en-sus-tiempos-de-gran-hermano-2001-foto-captura-telefe-LXPZX6IHNVCSZGSBUFKOPAFPAY.jpg?auth=e4de2781a609ecc501b5fbec69e2a2e5c4b43cb7d1c81b11af3ab65ceb106eba&amp;width=767\" media=\"(max-width: 728px)\" \/><source srcset=\"https:\/\/tn.com.ar\/resizer\/v2\/tamara-paganini-en-sus-tiempos-de-gran-hermano-2001-foto-captura-telefe-LXPZX6IHNVCSZGSBUFKOPAFPAY.jpg?auth=e4de2781a609ecc501b5fbec69e2a2e5c4b43cb7d1c81b11af3ab65ceb106eba&amp;width=1023\" media=\"(max-width: 1023px)\" \/><source srcset=\"https:\/\/tn.com.ar\/resizer\/v2\/tamara-paganini-en-sus-tiempos-de-gran-hermano-2001-foto-captura-telefe-LXPZX6IHNVCSZGSBUFKOPAFPAY.jpg?auth=e4de2781a609ecc501b5fbec69e2a2e5c4b43cb7d1c81b11af3ab65ceb106eba&amp;width=1440\" \/><img loading=\"lazy\" decoding=\"async\" class=\"image content-image image_placeholder\" src=\"https:\/\/tn.com.ar\/resizer\/v2\/tamara-paganini-en-sus-tiempos-de-gran-hermano-2001-foto-captura-telefe-LXPZX6IHNVCSZGSBUFKOPAFPAY.jpg?auth=e4de2781a609ecc501b5fbec69e2a2e5c4b43cb7d1c81b11af3ab65ceb106eba&amp;width=767\" alt=\"Tamara Paganini, en sus tiempos de &quot;Gran Hermano 2001&quot; (Foto: Captura Telefe)\" width=\"767\" height=\"431\" data-testid=\"loading-testid\" \/><\/picture><\/div><figcaption class=\"caption_image\" data-testid=\"figcaption-testid\">\n<div class=\"image_caption \">Tamara Paganini, en sus tiempos de &#8220;Gran Hermano 2001&#8221; (Foto: Captura Telefe)<\/div>\n<\/figcaption><\/figure>\n<p class=\"paragraph font__body-regular\">\u201c<b>Me escup\u00edan, me insultaban. Me gritaban pu&#8230;\u00a0<\/b>Me tocaban\u201d, record\u00f3. Adem\u00e1s, relat\u00f3 el d\u00eda que una mujer le arranc\u00f3 un mech\u00f3n de pelo y lo besaba.<\/p>\n<h2 class=\"font--primary font__display\">La salud mental y los a\u00f1os m\u00e1s dif\u00edciles de Tamara Paganini<\/h2>\n<p class=\"paragraph font__body-regular\">Paganini tambi\u00e9n habl\u00f3 sobre\u00a0<b>el proceso personal que atraves\u00f3 durante los a\u00f1os posteriores a su paso por el reality<\/b>. Seg\u00fan relat\u00f3, reci\u00e9n a los 38 a\u00f1os encontr\u00f3 un profesional con quien pudo sentirse acompa\u00f1ada.<\/p>\n<p class=\"paragraph font__body-regular\">\u201cReci\u00e9n a mis 38 a\u00f1os encontr\u00e9 un psic\u00f3logo bueno. Antes iba a servicios gratuitos y no me serv\u00eda.\u00a0<b>Viv\u00eda pele\u00e1ndome. Me emborrachaba<\/b>\u201d, confes\u00f3.<\/p>\n<p class=\"paragraph font__body-regular\">Al recordar aquella etapa, la ex\u00a0<i>Gran Hermano<\/i><b>\u00a0reconoci\u00f3 que atraves\u00f3 momentos de mucha angustia<\/b>. \u201cNo s\u00e9 c\u00f3mo estoy viva. Muchas veces tuve pensamientos muy oscuros\u201d, expres\u00f3.<\/p>\n<h2 class=\"font--primary font__display\">El dolor que comparti\u00f3 con su pareja<\/h2>\n<p class=\"paragraph font__body-regular\">Por \u00faltimo, Tamara Paganini se refiri\u00f3 a un episodio muy doloroso de su vida personal y\u00a0<b>habl\u00f3 del v\u00ednculo que mantiene con Sebasti\u00e1n, su pareja.<\/b><\/p>\n<p class=\"paragraph font__body-regular\">\u201cMuy poca gente sabe que Sebasti\u00e1n, mi pareja, es el padre de nuestros mellizos que murieron\u201d, cont\u00f3.<\/p>\n<figure class=\"\" data-testid=\"figure-testid\">\n<div class=\"aspect_ratio__container\"><picture class=\"responsive-image\"><source srcset=\"https:\/\/tn.com.ar\/resizer\/v2\/tamara-paganini-junto-a-su-pareja-sebastian-foto-instagram-tamarapaganini-MCCLCPPGIRAOZLZCOM7IVZDGUA.JPG?auth=f028bd0f3c08d0093b88b4dad006ef4196db49515afa254df8f24fd6bb8c1e61&amp;width=767\" media=\"(max-width: 728px)\" \/><source srcset=\"https:\/\/tn.com.ar\/resizer\/v2\/tamara-paganini-junto-a-su-pareja-sebastian-foto-instagram-tamarapaganini-MCCLCPPGIRAOZLZCOM7IVZDGUA.JPG?auth=f028bd0f3c08d0093b88b4dad006ef4196db49515afa254df8f24fd6bb8c1e61&amp;width=1023\" media=\"(max-width: 1023px)\" \/><source srcset=\"https:\/\/tn.com.ar\/resizer\/v2\/tamara-paganini-junto-a-su-pareja-sebastian-foto-instagram-tamarapaganini-MCCLCPPGIRAOZLZCOM7IVZDGUA.JPG?auth=f028bd0f3c08d0093b88b4dad006ef4196db49515afa254df8f24fd6bb8c1e61&amp;width=1440\" \/><img loading=\"lazy\" decoding=\"async\" class=\"image content-image image_placeholder\" src=\"https:\/\/tn.com.ar\/resizer\/v2\/tamara-paganini-junto-a-su-pareja-sebastian-foto-instagram-tamarapaganini-MCCLCPPGIRAOZLZCOM7IVZDGUA.JPG?auth=f028bd0f3c08d0093b88b4dad006ef4196db49515afa254df8f24fd6bb8c1e61&amp;width=767\" alt=\"Tamara Paganini junto a su pareja, Sebasti\u00e1n (Foto: Instagram \/ tamarapaganini)\" width=\"767\" height=\"430\" data-testid=\"loading-testid\" \/><\/picture><\/div><figcaption class=\"caption_image\" data-testid=\"figcaption-testid\">\n<div class=\"image_caption \">Tamara Paganini junto a su pareja, Sebasti\u00e1n (Foto: Instagram \/ tamarapaganini)<\/div>\n<\/figcaption><\/figure>\n<p class=\"paragraph font__body-regular\">La medi\u00e1tica explic\u00f3 que<b>\u00a0aquella p\u00e9rdida fue devastadora<\/b>, pero que tambi\u00e9n termin\u00f3 fortaleciendo el v\u00ednculo entre ambos. \u201cFue horrible pero el dolor nos uni\u00f3 para toda la vida. Aunque alguna vez se enamore de otra, \u00e9l es parte de mi coraz\u00f3n\u201d, sostuvo.<\/p>\n<p class=\"paragraph font__body-regular\"><b>\u201cNo s\u00e9 c\u00f3mo superamos ese dolor\u201d<\/b>, concluy\u00f3 al recordar uno de los momentos m\u00e1s dif\u00edciles que atraves\u00f3 junto a su pareja.<\/p>\n<\/div>\n<p><\/main><\/div>\n<aside class=\"col-right-rail right-rail\">\n<div id=\"parent-ad-slot-caja\" class=\"ad-container caja_ad \">\n<div class=\"ad-content\">\n<div id=\"ad-slot-caja\" class=\"ad-slot-caja ad-slot\" data-adtype=\"caja\" data-is_original=\"1\" data-lazyload=\"1\" data-google-query-id=\"CNCKnsbW2JYDFV2tlQId7nowfQ\"><\/div>\n<\/div>\n<\/div>\n<\/aside>\n","protected":false},"excerpt":{"rendered":"<p>La exparticipante del reality habl\u00f3 sobre los competidores actuales que, seg\u00fan ella, llegar\u00e1n a la definici\u00f3n del certamen. Tamara Paganini, una de las participantes m\u00e1s recordadas de la primera edici\u00f3n de\u00a0Gran Hermano\u00a0Argentina, habl\u00f3 sobre la actual temporada del reality al aire de\u00a0Agarrate Catalina (La Once Diez)\u00a0y se anim\u00f3 a hacer una\u00a0predicci\u00f3n sobre qui\u00e9nes podr\u00edan llegar [&hellip;]<\/p>\n","protected":false},"author":1,"featured_media":20309,"comment_status":"open","ping_status":"open","sticky":false,"template":"","format":"standard","meta":{"rop_custom_images_group":[],"rop_custom_messages_group":[],"rop_publish_now":"initial","rop_publish_now_accounts":[],"rop_publish_now_history":[],"rop_publish_now_status":"pending","footnotes":"","jetpack_publicize_message":"","jetpack_publicize_feature_enabled":true,"jetpack_social_post_already_shared":true,"jetpack_social_options":{"image_generator_settings":{"template":"highway","enabled":false},"version":2}},"categories":[12],"tags":[],"class_list":["post-20308","post","type-post","status-publish","format-standard","has-post-thumbnail","category-espectaculos"],"jetpack_publicize_connections":[],"yoast_head":"<!-- This site is optimized with the Yoast SEO plugin v28.2 - https:\/\/yoast.com\/product\/yoast-seo-wordpress\/ -->\n<title>Tamara Paganini predijo qui\u00e9n ganar\u00e1 \u201cGran Hermano 2026\u2033 - CLAN ESPECTACULOS<\/title>\n<meta name=\"robots\" content=\"index, follow, max-snippet:-1, max-image-preview:large, max-video-preview:-1\" \/>\n<link rel=\"canonical\" href=\"https:\/\/radioclanfm.com\/clanespectaculos\/tamara-paganini-predijo-quien-ganara-gran-hermano-2026\u2033\/\" \/>\n<meta property=\"og:locale\" content=\"es_ES\" \/>\n<meta property=\"og:type\" content=\"article\" \/>\n<meta property=\"og:title\" content=\"Tamara Paganini predijo qui\u00e9n ganar\u00e1 \u201cGran Hermano 2026\u2033 - CLAN ESPECTACULOS\" \/>\n<meta property=\"og:description\" content=\"La exparticipante del reality habl\u00f3 sobre los competidores actuales que, seg\u00fan ella, llegar\u00e1n a la definici\u00f3n del certamen. Tamara Paganini, una de las participantes m\u00e1s recordadas de la primera edici\u00f3n de\u00a0Gran Hermano\u00a0Argentina, habl\u00f3 sobre la actual temporada del reality al aire de\u00a0Agarrate Catalina (La Once Diez)\u00a0y se anim\u00f3 a hacer una\u00a0predicci\u00f3n sobre qui\u00e9nes podr\u00edan llegar [&hellip;]\" \/>\n<meta property=\"og:url\" content=\"https:\/\/radioclanfm.com\/clanespectaculos\/tamara-paganini-predijo-quien-ganara-gran-hermano-2026\u2033\/\" \/>\n<meta property=\"og:site_name\" content=\"CLAN ESPECTACULOS\" \/>\n<meta property=\"article:publisher\" content=\"https:\/\/www.facebook.com\/clanespectaculos\/\" \/>\n<meta property=\"article:published_time\" content=\"2026-09-06T00:16:50+00:00\" \/>\n<meta property=\"og:image\" content=\"https:\/\/radioclanfm.com\/clanespectaculos\/wp-content\/uploads\/sites\/2\/2026\/09\/l8KowfZw.jpg\" \/>\n\t<meta property=\"og:image:width\" content=\"900\" \/>\n\t<meta property=\"og:image:height\" content=\"504\" \/>\n\t<meta property=\"og:image:type\" content=\"image\/jpeg\" \/>\n<meta name=\"author\" content=\"E-GRUPOCLAN\" \/>\n<meta name=\"twitter:card\" content=\"summary_large_image\" \/>\n<meta name=\"twitter:creator\" content=\"@clanespectok\" \/>\n<meta name=\"twitter:site\" content=\"@clanespectok\" \/>\n<meta name=\"twitter:label1\" content=\"Escrito por\" \/>\n\t<meta name=\"twitter:data1\" content=\"E-GRUPOCLAN\" \/>\n\t<meta name=\"twitter:label2\" content=\"Tiempo de lectura\" \/>\n\t<meta name=\"twitter:data2\" content=\"4 minutos\" \/>\n<script type=\"application\/ld+json\" class=\"yoast-schema-graph\">{\"@context\":\"https:\\\/\\\/schema.org\",\"@graph\":[{\"@type\":\"Article\",\"@id\":\"https:\\\/\\\/radioclanfm.com\\\/clanespectaculos\\\/tamara-paganini-predijo-quien-ganara-gran-hermano-2026%e2%80%b3\\\/#article\",\"isPartOf\":{\"@id\":\"https:\\\/\\\/radioclanfm.com\\\/clanespectaculos\\\/tamara-paganini-predijo-quien-ganara-gran-hermano-2026%e2%80%b3\\\/\"},\"author\":{\"name\":\"E-GRUPOCLAN\",\"@id\":\"https:\\\/\\\/radioclanfm.com\\\/clanespectaculos\\\/#\\\/schema\\\/person\\\/9734813083303230f3ad84d99171b20c\"},\"headline\":\"Tamara Paganini predijo qui\u00e9n ganar\u00e1 \u201cGran Hermano 2026\u2033\",\"datePublished\":\"2026-09-06T00:16:50+00:00\",\"mainEntityOfPage\":{\"@id\":\"https:\\\/\\\/radioclanfm.com\\\/clanespectaculos\\\/tamara-paganini-predijo-quien-ganara-gran-hermano-2026%e2%80%b3\\\/\"},\"wordCount\":649,\"commentCount\":0,\"publisher\":{\"@id\":\"https:\\\/\\\/radioclanfm.com\\\/clanespectaculos\\\/#organization\"},\"image\":{\"@id\":\"https:\\\/\\\/radioclanfm.com\\\/clanespectaculos\\\/tamara-paganini-predijo-quien-ganara-gran-hermano-2026%e2%80%b3\\\/#primaryimage\"},\"thumbnailUrl\":\"https:\\\/\\\/radioclanfm.com\\\/clanespectaculos\\\/wp-content\\\/uploads\\\/sites\\\/2\\\/2026\\\/09\\\/l8KowfZw.jpg\",\"articleSection\":[\"Espectaculos\"],\"inLanguage\":\"es-AR\",\"potentialAction\":[{\"@type\":\"CommentAction\",\"name\":\"Comment\",\"target\":[\"https:\\\/\\\/radioclanfm.com\\\/clanespectaculos\\\/tamara-paganini-predijo-quien-ganara-gran-hermano-2026%e2%80%b3\\\/#respond\"]}]},{\"@type\":\"WebPage\",\"@id\":\"https:\\\/\\\/radioclanfm.com\\\/clanespectaculos\\\/tamara-paganini-predijo-quien-ganara-gran-hermano-2026%e2%80%b3\\\/\",\"url\":\"https:\\\/\\\/radioclanfm.com\\\/clanespectaculos\\\/tamara-paganini-predijo-quien-ganara-gran-hermano-2026%e2%80%b3\\\/\",\"name\":\"Tamara Paganini predijo qui\u00e9n ganar\u00e1 \u201cGran Hermano 2026\u2033 - CLAN ESPECTACULOS\",\"isPartOf\":{\"@id\":\"https:\\\/\\\/radioclanfm.com\\\/clanespectaculos\\\/#website\"},\"primaryImageOfPage\":{\"@id\":\"https:\\\/\\\/radioclanfm.com\\\/clanespectaculos\\\/tamara-paganini-predijo-quien-ganara-gran-hermano-2026%e2%80%b3\\\/#primaryimage\"},\"image\":{\"@id\":\"https:\\\/\\\/radioclanfm.com\\\/clanespectaculos\\\/tamara-paganini-predijo-quien-ganara-gran-hermano-2026%e2%80%b3\\\/#primaryimage\"},\"thumbnailUrl\":\"https:\\\/\\\/radioclanfm.com\\\/clanespectaculos\\\/wp-content\\\/uploads\\\/sites\\\/2\\\/2026\\\/09\\\/l8KowfZw.jpg\",\"datePublished\":\"2026-09-06T00:16:50+00:00\",\"breadcrumb\":{\"@id\":\"https:\\\/\\\/radioclanfm.com\\\/clanespectaculos\\\/tamara-paganini-predijo-quien-ganara-gran-hermano-2026%e2%80%b3\\\/#breadcrumb\"},\"inLanguage\":\"es-AR\",\"potentialAction\":[{\"@type\":\"ReadAction\",\"target\":[\"https:\\\/\\\/radioclanfm.com\\\/clanespectaculos\\\/tamara-paganini-predijo-quien-ganara-gran-hermano-2026%e2%80%b3\\\/\"]}]},{\"@type\":\"ImageObject\",\"inLanguage\":\"es-AR\",\"@id\":\"https:\\\/\\\/radioclanfm.com\\\/clanespectaculos\\\/tamara-paganini-predijo-quien-ganara-gran-hermano-2026%e2%80%b3\\\/#primaryimage\",\"url\":\"https:\\\/\\\/radioclanfm.com\\\/clanespectaculos\\\/wp-content\\\/uploads\\\/sites\\\/2\\\/2026\\\/09\\\/l8KowfZw.jpg\",\"contentUrl\":\"https:\\\/\\\/radioclanfm.com\\\/clanespectaculos\\\/wp-content\\\/uploads\\\/sites\\\/2\\\/2026\\\/09\\\/l8KowfZw.jpg\",\"width\":900,\"height\":504},{\"@type\":\"BreadcrumbList\",\"@id\":\"https:\\\/\\\/radioclanfm.com\\\/clanespectaculos\\\/tamara-paganini-predijo-quien-ganara-gran-hermano-2026%e2%80%b3\\\/#breadcrumb\",\"itemListElement\":[{\"@type\":\"ListItem\",\"position\":1,\"name\":\"Inicio\",\"item\":\"https:\\\/\\\/radioclanfm.com\\\/clanespectaculos\\\/\"},{\"@type\":\"ListItem\",\"position\":2,\"name\":\"Tamara Paganini predijo qui\u00e9n ganar\u00e1 \u201cGran Hermano 2026\u2033\"}]},{\"@type\":\"WebSite\",\"@id\":\"https:\\\/\\\/radioclanfm.com\\\/clanespectaculos\\\/#website\",\"url\":\"https:\\\/\\\/radioclanfm.com\\\/clanespectaculos\\\/\",\"name\":\"CLAN ESPECTACULOS\",\"description\":\"\",\"publisher\":{\"@id\":\"https:\\\/\\\/radioclanfm.com\\\/clanespectaculos\\\/#organization\"},\"potentialAction\":[{\"@type\":\"SearchAction\",\"target\":{\"@type\":\"EntryPoint\",\"urlTemplate\":\"https:\\\/\\\/radioclanfm.com\\\/clanespectaculos\\\/?s={search_term_string}\"},\"query-input\":{\"@type\":\"PropertyValueSpecification\",\"valueRequired\":true,\"valueName\":\"search_term_string\"}}],\"inLanguage\":\"es-AR\"},{\"@type\":\"Organization\",\"@id\":\"https:\\\/\\\/radioclanfm.com\\\/clanespectaculos\\\/#organization\",\"name\":\"CLAN ESPECTACULOS\",\"url\":\"https:\\\/\\\/radioclanfm.com\\\/clanespectaculos\\\/\",\"logo\":{\"@type\":\"ImageObject\",\"inLanguage\":\"es-AR\",\"@id\":\"https:\\\/\\\/radioclanfm.com\\\/clanespectaculos\\\/#\\\/schema\\\/logo\\\/image\\\/\",\"url\":\"https:\\\/\\\/radioclanfm.com\\\/clanespectaculos\\\/wp-content\\\/uploads\\\/sites\\\/2\\\/2026\\\/04\\\/ChatGPT-Image-23-mar-2026-10_09_00.png\",\"contentUrl\":\"https:\\\/\\\/radioclanfm.com\\\/clanespectaculos\\\/wp-content\\\/uploads\\\/sites\\\/2\\\/2026\\\/04\\\/ChatGPT-Image-23-mar-2026-10_09_00.png\",\"width\":1024,\"height\":1024,\"caption\":\"CLAN ESPECTACULOS\"},\"image\":{\"@id\":\"https:\\\/\\\/radioclanfm.com\\\/clanespectaculos\\\/#\\\/schema\\\/logo\\\/image\\\/\"},\"sameAs\":[\"https:\\\/\\\/www.facebook.com\\\/clanespectaculos\\\/\",\"https:\\\/\\\/x.com\\\/clanespectok\"]},{\"@type\":\"Person\",\"@id\":\"https:\\\/\\\/radioclanfm.com\\\/clanespectaculos\\\/#\\\/schema\\\/person\\\/9734813083303230f3ad84d99171b20c\",\"name\":\"E-GRUPOCLAN\",\"image\":{\"@type\":\"ImageObject\",\"inLanguage\":\"es-AR\",\"@id\":\"https:\\\/\\\/secure.gravatar.com\\\/avatar\\\/af6e19837c3d6a212034a48c7b3818d2ac1826f6025df0155da5a186ad321d79?s=96&d=mm&r=g\",\"url\":\"https:\\\/\\\/secure.gravatar.com\\\/avatar\\\/af6e19837c3d6a212034a48c7b3818d2ac1826f6025df0155da5a186ad321d79?s=96&d=mm&r=g\",\"contentUrl\":\"https:\\\/\\\/secure.gravatar.com\\\/avatar\\\/af6e19837c3d6a212034a48c7b3818d2ac1826f6025df0155da5a186ad321d79?s=96&d=mm&r=g\",\"caption\":\"E-GRUPOCLAN\"},\"sameAs\":[\"https:\\\/\\\/radioclanfm.com\"],\"url\":\"https:\\\/\\\/radioclanfm.com\\\/clanespectaculos\\\/author\\\/admin\\\/\"}]}<\/script>\n<!-- \/ Yoast SEO plugin. -->","yoast_head_json":{"title":"Tamara Paganini predijo qui\u00e9n ganar\u00e1 \u201cGran Hermano 2026\u2033 - CLAN ESPECTACULOS","robots":{"index":"index","follow":"follow","max-snippet":"max-snippet:-1","max-image-preview":"max-image-preview:large","max-video-preview":"max-video-preview:-1"},"canonical":"https:\/\/radioclanfm.com\/clanespectaculos\/tamara-paganini-predijo-quien-ganara-gran-hermano-2026\u2033\/","og_locale":"es_ES","og_type":"article","og_title":"Tamara Paganini predijo qui\u00e9n ganar\u00e1 \u201cGran Hermano 2026\u2033 - CLAN ESPECTACULOS","og_description":"La exparticipante del reality habl\u00f3 sobre los competidores actuales que, seg\u00fan ella, llegar\u00e1n a la definici\u00f3n del certamen. Tamara Paganini, una de las participantes m\u00e1s recordadas de la primera edici\u00f3n de\u00a0Gran Hermano\u00a0Argentina, habl\u00f3 sobre la actual temporada del reality al aire de\u00a0Agarrate Catalina (La Once Diez)\u00a0y se anim\u00f3 a hacer una\u00a0predicci\u00f3n sobre qui\u00e9nes podr\u00edan llegar [&hellip;]","og_url":"https:\/\/radioclanfm.com\/clanespectaculos\/tamara-paganini-predijo-quien-ganara-gran-hermano-2026\u2033\/","og_site_name":"CLAN ESPECTACULOS","article_publisher":"https:\/\/www.facebook.com\/clanespectaculos\/","article_published_time":"2026-09-06T00:16:50+00:00","og_image":[{"width":900,"height":504,"url":"https:\/\/radioclanfm.com\/clanespectaculos\/wp-content\/uploads\/sites\/2\/2026\/09\/l8KowfZw.jpg","type":"image\/jpeg"}],"author":"E-GRUPOCLAN","twitter_card":"summary_large_image","twitter_creator":"@clanespectok","twitter_site":"@clanespectok","twitter_misc":{"Escrito por":"E-GRUPOCLAN","Tiempo de lectura":"4 minutos"},"schema":{"@context":"https:\/\/schema.org","@graph":[{"@type":"Article","@id":"https:\/\/radioclanfm.com\/clanespectaculos\/tamara-paganini-predijo-quien-ganara-gran-hermano-2026%e2%80%b3\/#article","isPartOf":{"@id":"https:\/\/radioclanfm.com\/clanespectaculos\/tamara-paganini-predijo-quien-ganara-gran-hermano-2026%e2%80%b3\/"},"author":{"name":"E-GRUPOCLAN","@id":"https:\/\/radioclanfm.com\/clanespectaculos\/#\/schema\/person\/9734813083303230f3ad84d99171b20c"},"headline":"Tamara Paganini predijo qui\u00e9n ganar\u00e1 \u201cGran Hermano 2026\u2033","datePublished":"2026-09-06T00:16:50+00:00","mainEntityOfPage":{"@id":"https:\/\/radioclanfm.com\/clanespectaculos\/tamara-paganini-predijo-quien-ganara-gran-hermano-2026%e2%80%b3\/"},"wordCount":649,"commentCount":0,"publisher":{"@id":"https:\/\/radioclanfm.com\/clanespectaculos\/#organization"},"image":{"@id":"https:\/\/radioclanfm.com\/clanespectaculos\/tamara-paganini-predijo-quien-ganara-gran-hermano-2026%e2%80%b3\/#primaryimage"},"thumbnailUrl":"https:\/\/radioclanfm.com\/clanespectaculos\/wp-content\/uploads\/sites\/2\/2026\/09\/l8KowfZw.jpg","articleSection":["Espectaculos"],"inLanguage":"es-AR","potentialAction":[{"@type":"CommentAction","name":"Comment","target":["https:\/\/radioclanfm.com\/clanespectaculos\/tamara-paganini-predijo-quien-ganara-gran-hermano-2026%e2%80%b3\/#respond"]}]},{"@type":"WebPage","@id":"https:\/\/radioclanfm.com\/clanespectaculos\/tamara-paganini-predijo-quien-ganara-gran-hermano-2026%e2%80%b3\/","url":"https:\/\/radioclanfm.com\/clanespectaculos\/tamara-paganini-predijo-quien-ganara-gran-hermano-2026%e2%80%b3\/","name":"Tamara Paganini predijo qui\u00e9n ganar\u00e1 \u201cGran Hermano 2026\u2033 - CLAN ESPECTACULOS","isPartOf":{"@id":"https:\/\/radioclanfm.com\/clanespectaculos\/#website"},"primaryImageOfPage":{"@id":"https:\/\/radioclanfm.com\/clanespectaculos\/tamara-paganini-predijo-quien-ganara-gran-hermano-2026%e2%80%b3\/#primaryimage"},"image":{"@id":"https:\/\/radioclanfm.com\/clanespectaculos\/tamara-paganini-predijo-quien-ganara-gran-hermano-2026%e2%80%b3\/#primaryimage"},"thumbnailUrl":"https:\/\/radioclanfm.com\/clanespectaculos\/wp-content\/uploads\/sites\/2\/2026\/09\/l8KowfZw.jpg","datePublished":"2026-09-06T00:16:50+00:00","breadcrumb":{"@id":"https:\/\/radioclanfm.com\/clanespectaculos\/tamara-paganini-predijo-quien-ganara-gran-hermano-2026%e2%80%b3\/#breadcrumb"},"inLanguage":"es-AR","potentialAction":[{"@type":"ReadAction","target":["https:\/\/radioclanfm.com\/clanespectaculos\/tamara-paganini-predijo-quien-ganara-gran-hermano-2026%e2%80%b3\/"]}]},{"@type":"ImageObject","inLanguage":"es-AR","@id":"https:\/\/radioclanfm.com\/clanespectaculos\/tamara-paganini-predijo-quien-ganara-gran-hermano-2026%e2%80%b3\/#primaryimage","url":"https:\/\/radioclanfm.com\/clanespectaculos\/wp-content\/uploads\/sites\/2\/2026\/09\/l8KowfZw.jpg","contentUrl":"https:\/\/radioclanfm.com\/clanespectaculos\/wp-content\/uploads\/sites\/2\/2026\/09\/l8KowfZw.jpg","width":900,"height":504},{"@type":"BreadcrumbList","@id":"https:\/\/radioclanfm.com\/clanespectaculos\/tamara-paganini-predijo-quien-ganara-gran-hermano-2026%e2%80%b3\/#breadcrumb","itemListElement":[{"@type":"ListItem","position":1,"name":"Inicio","item":"https:\/\/radioclanfm.com\/clanespectaculos\/"},{"@type":"ListItem","position":2,"name":"Tamara Paganini predijo qui\u00e9n ganar\u00e1 \u201cGran Hermano 2026\u2033"}]},{"@type":"WebSite","@id":"https:\/\/radioclanfm.com\/clanespectaculos\/#website","url":"https:\/\/radioclanfm.com\/clanespectaculos\/","name":"CLAN ESPECTACULOS","description":"","publisher":{"@id":"https:\/\/radioclanfm.com\/clanespectaculos\/#organization"},"potentialAction":[{"@type":"SearchAction","target":{"@type":"EntryPoint","urlTemplate":"https:\/\/radioclanfm.com\/clanespectaculos\/?s={search_term_string}"},"query-input":{"@type":"PropertyValueSpecification","valueRequired":true,"valueName":"search_term_string"}}],"inLanguage":"es-AR"},{"@type":"Organization","@id":"https:\/\/radioclanfm.com\/clanespectaculos\/#organization","name":"CLAN ESPECTACULOS","url":"https:\/\/radioclanfm.com\/clanespectaculos\/","logo":{"@type":"ImageObject","inLanguage":"es-AR","@id":"https:\/\/radioclanfm.com\/clanespectaculos\/#\/schema\/logo\/image\/","url":"https:\/\/radioclanfm.com\/clanespectaculos\/wp-content\/uploads\/sites\/2\/2026\/04\/ChatGPT-Image-23-mar-2026-10_09_00.png","contentUrl":"https:\/\/radioclanfm.com\/clanespectaculos\/wp-content\/uploads\/sites\/2\/2026\/04\/ChatGPT-Image-23-mar-2026-10_09_00.png","width":1024,"height":1024,"caption":"CLAN ESPECTACULOS"},"image":{"@id":"https:\/\/radioclanfm.com\/clanespectaculos\/#\/schema\/logo\/image\/"},"sameAs":["https:\/\/www.facebook.com\/clanespectaculos\/","https:\/\/x.com\/clanespectok"]},{"@type":"Person","@id":"https:\/\/radioclanfm.com\/clanespectaculos\/#\/schema\/person\/9734813083303230f3ad84d99171b20c","name":"E-GRUPOCLAN","image":{"@type":"ImageObject","inLanguage":"es-AR","@id":"https:\/\/secure.gravatar.com\/avatar\/af6e19837c3d6a212034a48c7b3818d2ac1826f6025df0155da5a186ad321d79?s=96&d=mm&r=g","url":"https:\/\/secure.gravatar.com\/avatar\/af6e19837c3d6a212034a48c7b3818d2ac1826f6025df0155da5a186ad321d79?s=96&d=mm&r=g","contentUrl":"https:\/\/secure.gravatar.com\/avatar\/af6e19837c3d6a212034a48c7b3818d2ac1826f6025df0155da5a186ad321d79?s=96&d=mm&r=g","caption":"E-GRUPOCLAN"},"sameAs":["https:\/\/radioclanfm.com"],"url":"https:\/\/radioclanfm.com\/clanespectaculos\/author\/admin\/"}]}},"_links":{"self":[{"href":"https:\/\/radioclanfm.com\/clanespectaculos\/wp-json\/wp\/v2\/posts\/20308","targetHints":{"allow":["GET"]}}],"collection":[{"href":"https:\/\/radioclanfm.com\/clanespectaculos\/wp-json\/wp\/v2\/posts"}],"about":[{"href":"https:\/\/radioclanfm.com\/clanespectaculos\/wp-json\/wp\/v2\/types\/post"}],"author":[{"embeddable":true,"href":"https:\/\/radioclanfm.com\/clanespectaculos\/wp-json\/wp\/v2\/users\/1"}],"replies":[{"embeddable":true,"href":"https:\/\/radioclanfm.com\/clanespectaculos\/wp-json\/wp\/v2\/comments?post=20308"}],"version-history":[{"count":1,"href":"https:\/\/radioclanfm.com\/clanespectaculos\/wp-json\/wp\/v2\/posts\/20308\/revisions"}],"predecessor-version":[{"id":20310,"href":"https:\/\/radioclanfm.com\/clanespectaculos\/wp-json\/wp\/v2\/posts\/20308\/revisions\/20310"}],"wp:featuredmedia":[{"embeddable":true,"href":"https:\/\/radioclanfm.com\/clanespectaculos\/wp-json\/wp\/v2\/media\/20309"}],"wp:attachment":[{"href":"https:\/\/radioclanfm.com\/clanespectaculos\/wp-json\/wp\/v2\/media?parent=20308"}],"wp:term":[{"taxonomy":"category","embeddable":true,"href":"https:\/\/radioclanfm.com\/clanespectaculos\/wp-json\/wp\/v2\/categories?post=20308"},{"taxonomy":"post_tag","embeddable":true,"href":"https:\/\/radioclanfm.com\/clanespectaculos\/wp-json\/wp\/v2\/tags?post=20308"}],"curies":[{"name":"wp","href":"https:\/\/api.w.org\/{rel}","templated":true}]}}