{"id":20277,"date":"2026-09-05T21:02:51","date_gmt":"2026-09-06T00:02:51","guid":{"rendered":"https:\/\/radioclanfm.com\/clanespectaculos\/?p=20277"},"modified":"2026-09-05T21:02:51","modified_gmt":"2026-09-06T00:02:51","slug":"dos-hermanas-crearon-una-marca-de-ropa-con-simbolos-argentinos-y-su-buzo-por-la-despedida-de-messi-de-la-seleccion-es-furor","status":"publish","type":"post","link":"https:\/\/radioclanfm.com\/clanespectaculos\/dos-hermanas-crearon-una-marca-de-ropa-con-simbolos-argentinos-y-su-buzo-por-la-despedida-de-messi-de-la-seleccion-es-furor\/","title":{"rendered":"Dos hermanas crearon una marca de ropa con s\u00edmbolos argentinos y su buzo por la despedida de Messi de la Selecci\u00f3n es furor"},"content":{"rendered":"<p>Laura y Luciana de Porque Si&#8230; Che hicieron un modelo que en la espalda dice \u201cYo lo v\u00ed jugar\u201d y lleva una cabra estampada.<\/p>\n<p class=\"paragraph font__body-regular\">M\u00e1s que\u00a0<b>hermanas\u00a0<\/b>son amigas, pero tambi\u00e9n socias. La historia de\u00a0<b>Porque Si&#8230; Che, el emprendimiento de Laura y Luciana,\u00a0<\/b>empez\u00f3 hace diez a\u00f1os, cuando Luciana (la mayor) comenz\u00f3 a<b>\u00a0intervenir camperas con estampas en la espalda y hoy las prendas de la Selecci\u00f3n Argentina\u00a0<\/b>son la estrella.<\/p>\n<div class=\"st-inarticle-slot\">\n<div id=\"standard_1\" class=\"st-placement inArticle standard_1\">\n<div class=\"st-adunit st-adunit-tagged st-adunit-inarticle st-reset st-show goku\" data-testid=\"adunit\">\n<div class=\"st-adunit-ad st-reset\" data-testid=\"adunit-ad\">\n<div class=\"st-display-render st-reset open st-controls\" data-testid=\"controls\">\n<div class=\"st-canvas st-reset horizontal-static\" data-testid=\"canvas\"><\/div>\n<\/div>\n<\/div>\n<\/div>\n<\/div>\n<\/div>\n<div id=\"ad-slot-infeed\" class=\"infeed-container\" data-google-query-id=\"CKuB_LLT2JYDFZ0kHgAdcw8IhA\">\n<div id=\"google_ads_iframe_\/113951150\/tn-arc\/nota\/infeed_0__container__\"><\/div>\n<\/div>\n<figure class=\"\" data-testid=\"figure-testid\">\n<div class=\"aspect_ratio__container\"><picture class=\"responsive-image\"><source srcset=\"https:\/\/tn.com.ar\/resizer\/v2\/el-nuevo-buzo-inspirado-en-messi-se-volvio-la-prenda-estrella-foto-gentileza-porque-si-che-AAJS3V4QUBFL3LUY35S7OLE3HQ.jpeg?auth=5074f483b7961c3be7ce1d5490171faf7c98ff79eddda50bdac131f6a7dc5a63&amp;width=767\" media=\"(max-width: 728px)\" \/><source srcset=\"https:\/\/tn.com.ar\/resizer\/v2\/el-nuevo-buzo-inspirado-en-messi-se-volvio-la-prenda-estrella-foto-gentileza-porque-si-che-AAJS3V4QUBFL3LUY35S7OLE3HQ.jpeg?auth=5074f483b7961c3be7ce1d5490171faf7c98ff79eddda50bdac131f6a7dc5a63&amp;width=1023\" media=\"(max-width: 1023px)\" \/><source srcset=\"https:\/\/tn.com.ar\/resizer\/v2\/el-nuevo-buzo-inspirado-en-messi-se-volvio-la-prenda-estrella-foto-gentileza-porque-si-che-AAJS3V4QUBFL3LUY35S7OLE3HQ.jpeg?auth=5074f483b7961c3be7ce1d5490171faf7c98ff79eddda50bdac131f6a7dc5a63&amp;width=1440\" \/><img loading=\"lazy\" decoding=\"async\" class=\"image content-image image_placeholder\" src=\"https:\/\/tn.com.ar\/resizer\/v2\/el-nuevo-buzo-inspirado-en-messi-se-volvio-la-prenda-estrella-foto-gentileza-porque-si-che-AAJS3V4QUBFL3LUY35S7OLE3HQ.jpeg?auth=5074f483b7961c3be7ce1d5490171faf7c98ff79eddda50bdac131f6a7dc5a63&amp;width=767\" alt=\"El nuevo buzo inspirado en Messi se volvi\u00f3 la prenda estrella. (Foto: Gentileza Porque si... Che)\" width=\"767\" height=\"1364\" data-testid=\"loading-testid\" \/><\/picture><\/div><figcaption class=\"caption_image\" data-testid=\"figcaption-testid\">\n<div class=\"image_caption \">El nuevo buzo inspirado en Messi se volvi\u00f3 la prenda estrella. (Foto: Gentileza Porque si&#8230; Che)<\/div>\n<\/figcaption><\/figure>\n<h2 class=\"font--primary font__display\">El comienzo de Porque Si&#8230; Che<\/h2>\n<p class=\"paragraph font__body-regular\">Lo que era una iniciativa ligada a una afici\u00f3n personal fue encontrando su lugar cuando\u00a0<b>descubrieron el universo de las alas<\/b>\u00a0como dise\u00f1o insignia de sus piezas y se enamoraron del nicho.<\/p>\n<div class=\"marfeel-readmore-slot\"><\/div>\n<figure class=\"\" data-testid=\"figure-testid\">\n<div class=\"aspect_ratio__container\"><picture class=\"responsive-image\"><source srcset=\"https:\/\/tn.com.ar\/resizer\/v2\/las-alas-se-convirtieron-en-la-insignia-y-motor-de-la-marca-foto-gentileza-porque-si-che-QSKCRTITWBAFXPI6NLS7NPF3WQ.jpeg?auth=8d29cfbdbfa114ad055f177159f50ea6ba092bc815076ec4321ac4c18d3fe484&amp;width=767\" media=\"(max-width: 728px)\" \/><source srcset=\"https:\/\/tn.com.ar\/resizer\/v2\/las-alas-se-convirtieron-en-la-insignia-y-motor-de-la-marca-foto-gentileza-porque-si-che-QSKCRTITWBAFXPI6NLS7NPF3WQ.jpeg?auth=8d29cfbdbfa114ad055f177159f50ea6ba092bc815076ec4321ac4c18d3fe484&amp;width=1023\" media=\"(max-width: 1023px)\" \/><source srcset=\"https:\/\/tn.com.ar\/resizer\/v2\/las-alas-se-convirtieron-en-la-insignia-y-motor-de-la-marca-foto-gentileza-porque-si-che-QSKCRTITWBAFXPI6NLS7NPF3WQ.jpeg?auth=8d29cfbdbfa114ad055f177159f50ea6ba092bc815076ec4321ac4c18d3fe484&amp;width=1440\" \/><img loading=\"lazy\" decoding=\"async\" class=\"image content-image image_placeholder\" src=\"https:\/\/tn.com.ar\/resizer\/v2\/las-alas-se-convirtieron-en-la-insignia-y-motor-de-la-marca-foto-gentileza-porque-si-che-QSKCRTITWBAFXPI6NLS7NPF3WQ.jpeg?auth=8d29cfbdbfa114ad055f177159f50ea6ba092bc815076ec4321ac4c18d3fe484&amp;width=767\" alt=\"Las alas se convirtieron en la insignia y motor de la marca. (Foto: Gentileza Porque si... Che)\" width=\"767\" height=\"1365\" data-testid=\"loading-testid\" \/><\/picture><\/div><figcaption class=\"caption_image\" data-testid=\"figcaption-testid\">\n<div class=\"image_caption \">Las alas se convirtieron en la insignia y motor de la marca. (Foto: Gentileza Porque si&#8230; Che)<\/div>\n<\/figcaption><\/figure>\n<p class=\"paragraph font__body-regular\">En 2016 arrancaron\u00a0<b>estampando con una plancha de ropa.\u00a0<\/b>Durante unas vacaciones, Luciana le pidi\u00f3 a su hermana que la reemplazara y la din\u00e1mica entre ambas termin\u00f3 cambiando el rumbo del proyecto.<b>\u00a0\u201cElla es muy buena en la atenci\u00f3n al p\u00fablico, con los n\u00fameros y es mucho m\u00e1s valiente al momento de invertir\u201d, cuentan.<\/b>\u00a0As\u00ed lleg\u00f3 la primera gran inversi\u00f3n:\u00a0<b>una estampadora profesional.<\/b><\/p>\n<figure class=\"\" data-testid=\"figure-testid\">\n<div class=\"aspect_ratio__container\"><picture class=\"responsive-image\"><source srcset=\"https:\/\/tn.com.ar\/resizer\/v2\/la-estampadora-profesional-la-primera-gran-inversion-de-las-hermanas-foto-gentileza-porque-si-che-JYN7Y6NLN5DK3AK6FDPBOXU6IA.jpeg?auth=323409cf47875a454105d1459e1d11a257c87bde82831bfb0875d47ea4fd4edb&amp;width=767\" media=\"(max-width: 728px)\" \/><source srcset=\"https:\/\/tn.com.ar\/resizer\/v2\/la-estampadora-profesional-la-primera-gran-inversion-de-las-hermanas-foto-gentileza-porque-si-che-JYN7Y6NLN5DK3AK6FDPBOXU6IA.jpeg?auth=323409cf47875a454105d1459e1d11a257c87bde82831bfb0875d47ea4fd4edb&amp;width=1023\" media=\"(max-width: 1023px)\" \/><source srcset=\"https:\/\/tn.com.ar\/resizer\/v2\/la-estampadora-profesional-la-primera-gran-inversion-de-las-hermanas-foto-gentileza-porque-si-che-JYN7Y6NLN5DK3AK6FDPBOXU6IA.jpeg?auth=323409cf47875a454105d1459e1d11a257c87bde82831bfb0875d47ea4fd4edb&amp;width=1440\" \/><img loading=\"lazy\" decoding=\"async\" class=\"image content-image image_placeholder\" src=\"https:\/\/tn.com.ar\/resizer\/v2\/la-estampadora-profesional-la-primera-gran-inversion-de-las-hermanas-foto-gentileza-porque-si-che-JYN7Y6NLN5DK3AK6FDPBOXU6IA.jpeg?auth=323409cf47875a454105d1459e1d11a257c87bde82831bfb0875d47ea4fd4edb&amp;width=767\" alt=\"La estampadora profesional, la primera gran inversi\u00f3n de las hermanas. (Foto: Gentileza Porque si... Che)\" width=\"767\" height=\"1364\" data-testid=\"loading-testid\" \/><\/picture><\/div><figcaption class=\"caption_image\" data-testid=\"figcaption-testid\">\n<div class=\"image_caption \">La estampadora profesional, la primera gran inversi\u00f3n de las hermanas. (Foto: Gentileza Porque si&#8230; Che)<\/div>\n<\/figcaption><\/figure>\n<p class=\"paragraph font__body-regular\">A partir de entonces comenzaron a trabajar junto a una costurera que llevaba los dise\u00f1os a la realidad. \u201cNo exist\u00eda la IA, era prueba y error\u201d, recuerdan. El crecimiento lleg\u00f3 acompa\u00f1ado de<b>\u00a0contactos de\u00a0<\/b><i><b>influencers<\/b><\/i><i>,<\/i><i><b>\u00a0<\/b><\/i>y durante la pandemia, la marca lleg\u00f3 a tener siete personas trabajando.<\/p>\n<h2 class=\"font--primary font__display\">Cambio de rumbo y piezas argentinas<\/h2>\n<p class=\"paragraph font__body-regular\">Pero el escenario cambi\u00f3. Con la apertura de las importaciones y la ca\u00edda del consumo, desde hace aproximadamente dos a\u00f1os y medio Laura y Luciana quedaron nuevamente solas al frente del emprendimiento.<b>\u00a0En un contexto de pocas ventas, decidieron buscar una alternativa que les permitiera sostener el proyecto.<\/b><\/p>\n<figure class=\"\" data-testid=\"figure-testid\">\n<div class=\"aspect_ratio__container\"><picture class=\"responsive-image\"><source srcset=\"https:\/\/tn.com.ar\/resizer\/v2\/en-un-contexto-dificil-laura-y-luciana-buscaron-la-forma-de-sacar-a-flote-el-emprendimiento-foto-gentileza-porque-si-che-DKNLQ42IY5BXBKAC52NV67AE6U.jpeg?auth=df7e5f24845692bf77b87813df255c90ea02e703a3f6a382edab9b92a896a7b6&amp;width=767\" media=\"(max-width: 728px)\" \/><source srcset=\"https:\/\/tn.com.ar\/resizer\/v2\/en-un-contexto-dificil-laura-y-luciana-buscaron-la-forma-de-sacar-a-flote-el-emprendimiento-foto-gentileza-porque-si-che-DKNLQ42IY5BXBKAC52NV67AE6U.jpeg?auth=df7e5f24845692bf77b87813df255c90ea02e703a3f6a382edab9b92a896a7b6&amp;width=1023\" media=\"(max-width: 1023px)\" \/><source srcset=\"https:\/\/tn.com.ar\/resizer\/v2\/en-un-contexto-dificil-laura-y-luciana-buscaron-la-forma-de-sacar-a-flote-el-emprendimiento-foto-gentileza-porque-si-che-DKNLQ42IY5BXBKAC52NV67AE6U.jpeg?auth=df7e5f24845692bf77b87813df255c90ea02e703a3f6a382edab9b92a896a7b6&amp;width=1440\" \/><img loading=\"lazy\" decoding=\"async\" class=\"image content-image image_placeholder\" src=\"https:\/\/tn.com.ar\/resizer\/v2\/en-un-contexto-dificil-laura-y-luciana-buscaron-la-forma-de-sacar-a-flote-el-emprendimiento-foto-gentileza-porque-si-che-DKNLQ42IY5BXBKAC52NV67AE6U.jpeg?auth=df7e5f24845692bf77b87813df255c90ea02e703a3f6a382edab9b92a896a7b6&amp;width=767\" alt=\"En un contexto dif\u00edcil, Laura y Luciana buscaron la forma de sacar a flote el emprendimiento, (Foto: Gentileza Porque si... Che)\" width=\"767\" height=\"638\" data-testid=\"loading-testid\" \/><\/picture><\/div><figcaption class=\"caption_image\" data-testid=\"figcaption-testid\">\n<div class=\"image_caption \">En un contexto dif\u00edcil, Laura y Luciana buscaron la forma de sacar a flote el emprendimiento, (Foto: Gentileza Porque si&#8230; Che)<\/div>\n<\/figcaption><\/figure>\n<p class=\"paragraph font__body-regular\">En agosto de 2025 lanzaron\u00a0<b>\u201cEl Grito Sagrado\u201d<\/b>, una propuesta con\u00a0<b>precios m\u00e1s accesibles y pensada tambi\u00e9n de cara al Mundial.<\/b>\u00a0La respuesta fue positiva: seg\u00fan cuentan,\u00a0<b>el 90% de las ventas correspondi\u00f3 a prendas relacionadas con Argentina y el 10% restante a los productos habituales de Porque Si&#8230; Che.<\/b><\/p>\n<figure class=\"\" data-testid=\"figure-testid\">\n<div class=\"aspect_ratio__container\"><picture class=\"responsive-image\"><source srcset=\"https:\/\/tn.com.ar\/resizer\/v2\/la-propuesta-pensada-de-cara-al-mundial-que-fue-un-exito-para-la-marca-foto-gentileza-porque-si-che-RTRC7BJX3NBHLBY7KIIGKWWMNM.jpeg?auth=51ec579f6327b444f3760b4c4ef64115f51c080475dc5e05747e2402396d5777&amp;width=767\" media=\"(max-width: 728px)\" \/><source srcset=\"https:\/\/tn.com.ar\/resizer\/v2\/la-propuesta-pensada-de-cara-al-mundial-que-fue-un-exito-para-la-marca-foto-gentileza-porque-si-che-RTRC7BJX3NBHLBY7KIIGKWWMNM.jpeg?auth=51ec579f6327b444f3760b4c4ef64115f51c080475dc5e05747e2402396d5777&amp;width=1023\" media=\"(max-width: 1023px)\" \/><source srcset=\"https:\/\/tn.com.ar\/resizer\/v2\/la-propuesta-pensada-de-cara-al-mundial-que-fue-un-exito-para-la-marca-foto-gentileza-porque-si-che-RTRC7BJX3NBHLBY7KIIGKWWMNM.jpeg?auth=51ec579f6327b444f3760b4c4ef64115f51c080475dc5e05747e2402396d5777&amp;width=1440\" \/><img loading=\"lazy\" decoding=\"async\" class=\"image content-image image_placeholder\" src=\"https:\/\/tn.com.ar\/resizer\/v2\/la-propuesta-pensada-de-cara-al-mundial-que-fue-un-exito-para-la-marca-foto-gentileza-porque-si-che-RTRC7BJX3NBHLBY7KIIGKWWMNM.jpeg?auth=51ec579f6327b444f3760b4c4ef64115f51c080475dc5e05747e2402396d5777&amp;width=767\" alt=\"La propuesta pensada de cara al Mundial que fue un \u00e9xito para la marca. (Foto: Gentileza Porque si... Che)\" width=\"767\" height=\"1364\" data-testid=\"loading-testid\" \/><\/picture><\/div><figcaption class=\"caption_image\" data-testid=\"figcaption-testid\">\n<div class=\"image_caption \">La propuesta pensada de cara al Mundial que fue un \u00e9xito para la marca. (Foto: Gentileza Porque si&#8230; Che)<\/div>\n<\/figcaption><\/figure>\n<p class=\"paragraph font__body-regular\">Este fen\u00f3meno se vio exacerbado por la reciente noticia del\u00a0<b>retiro de Lionel Messi de la Selecci\u00f3n Argentina.<\/b>\u00a0Las hermanas crearon un\u00a0<b>buzo con la frase \u201cYo lo vi jugar\u201d\u00a0<\/b>en la espalda y una cabra estampada que en los \u00faltimos d\u00edas se volvi\u00f3 furor.<\/p>\n<figure class=\"\" data-testid=\"figure-testid\">\n<div class=\"aspect_ratio__container\"><picture class=\"responsive-image\"><source srcset=\"https:\/\/tn.com.ar\/resizer\/v2\/tambien-hacen-remeras-con-el-diseno-de-la-cabra-foto-gentileza-porque-si-che-DGBDHWE3B5GX3IVSAVTYUNYKDI.jpeg?auth=37dcb0b75ac022674bdbcb8ba0b8f0d89e7212434da8347516a3cf9478b56db6&amp;width=767\" media=\"(max-width: 728px)\" \/><source srcset=\"https:\/\/tn.com.ar\/resizer\/v2\/tambien-hacen-remeras-con-el-diseno-de-la-cabra-foto-gentileza-porque-si-che-DGBDHWE3B5GX3IVSAVTYUNYKDI.jpeg?auth=37dcb0b75ac022674bdbcb8ba0b8f0d89e7212434da8347516a3cf9478b56db6&amp;width=1023\" media=\"(max-width: 1023px)\" \/><source srcset=\"https:\/\/tn.com.ar\/resizer\/v2\/tambien-hacen-remeras-con-el-diseno-de-la-cabra-foto-gentileza-porque-si-che-DGBDHWE3B5GX3IVSAVTYUNYKDI.jpeg?auth=37dcb0b75ac022674bdbcb8ba0b8f0d89e7212434da8347516a3cf9478b56db6&amp;width=1440\" \/><img loading=\"lazy\" decoding=\"async\" class=\"image content-image image_placeholder\" src=\"https:\/\/tn.com.ar\/resizer\/v2\/tambien-hacen-remeras-con-el-diseno-de-la-cabra-foto-gentileza-porque-si-che-DGBDHWE3B5GX3IVSAVTYUNYKDI.jpeg?auth=37dcb0b75ac022674bdbcb8ba0b8f0d89e7212434da8347516a3cf9478b56db6&amp;width=767\" alt=\"Tambi\u00e9n hacen remeras con el dise\u00f1o de la cabra. (Foto: Gentileza Porque si... Che)\" width=\"767\" height=\"1364\" data-testid=\"loading-testid\" \/><\/picture><\/div><figcaption class=\"caption_image\" data-testid=\"figcaption-testid\">\n<div class=\"image_caption \">Tambi\u00e9n hacen remeras con el dise\u00f1o de la cabra. (Foto: Gentileza Porque si&#8230; Che)<\/div>\n<\/figcaption><\/figure>\n<p class=\"paragraph font__body-regular\"><b>\u201cEl buzo lo pensamos justamente pensando que era el ultimo mundial de \u00e9l&#8230;. siendo conscientes de el privilegio de haber sido parte de esta Leyenda<\/b>. Ahora los m\u00e1s de 30\u00a0<b>nos piden uno que diga \u201cYo los vi jugar\u201d<\/b>, y obvio ya est\u00e1 en marcha&#8221;, dicen en referencia a un modelo que hace alusi\u00f3n\u00a0<b>tanto a Messi como a Maradona.<\/b><\/p>\n<figure class=\"\" data-testid=\"figure-testid\">\n<div class=\"aspect_ratio__container\"><picture class=\"responsive-image\"><source srcset=\"https:\/\/tn.com.ar\/resizer\/v2\/yo-lo-vi-jugar-el-buzo-que-homenajea-a-lionel-messi-foto-gentileza-porque-si-che-VM35VKJNDRGCVGVMMMU2NUJM6I.jpg?auth=2da34c96ba1d82a55256ace4d5afac56a1dc4f661ccee9cf117360507123faa8&amp;width=767\" media=\"(max-width: 728px)\" \/><source srcset=\"https:\/\/tn.com.ar\/resizer\/v2\/yo-lo-vi-jugar-el-buzo-que-homenajea-a-lionel-messi-foto-gentileza-porque-si-che-VM35VKJNDRGCVGVMMMU2NUJM6I.jpg?auth=2da34c96ba1d82a55256ace4d5afac56a1dc4f661ccee9cf117360507123faa8&amp;width=1023\" media=\"(max-width: 1023px)\" \/><source srcset=\"https:\/\/tn.com.ar\/resizer\/v2\/yo-lo-vi-jugar-el-buzo-que-homenajea-a-lionel-messi-foto-gentileza-porque-si-che-VM35VKJNDRGCVGVMMMU2NUJM6I.jpg?auth=2da34c96ba1d82a55256ace4d5afac56a1dc4f661ccee9cf117360507123faa8&amp;width=1440\" \/><img loading=\"lazy\" decoding=\"async\" class=\"image content-image image_placeholder\" src=\"https:\/\/tn.com.ar\/resizer\/v2\/yo-lo-vi-jugar-el-buzo-que-homenajea-a-lionel-messi-foto-gentileza-porque-si-che-VM35VKJNDRGCVGVMMMU2NUJM6I.jpg?auth=2da34c96ba1d82a55256ace4d5afac56a1dc4f661ccee9cf117360507123faa8&amp;width=767\" alt=\"&quot;Yo lo vi jugar&quot;, el buzo que homenajea a Lionel Messi. (Foto: Gentileza Porque si... Che)\" width=\"767\" height=\"1364\" data-testid=\"loading-testid\" \/><\/picture><\/div><figcaption class=\"caption_image\" data-testid=\"figcaption-testid\">\n<div class=\"image_caption \">&#8220;Yo lo vi jugar&#8221;, el buzo que homenajea a Lionel Messi. (Foto: Gentileza Porque si&#8230; Che)<\/div>\n<\/figcaption><\/figure>\n<h2 class=\"font--primary font__display\">Hermanas y socias que se complementan<\/h2>\n<p class=\"paragraph font__body-regular\">La identidad de la marca se construye tambi\u00e9n a partir de aquello que las hermanas buscan evitar.\u00a0<b>\u201cSiempre intentamos diferenciarnos de los dise\u00f1os que ya se ve\u00edan por todos lados\u201d<\/b>, explican. Para lograrlo, trabajan con insumos de industria nacional,\u00a0<b>buscan proveedores que puedan abastecerlas durante todo el a\u00f1o y prestan especial atenci\u00f3n a los talles.<\/b><\/p>\n<figure class=\"\" data-testid=\"figure-testid\">\n<div class=\"aspect_ratio__container\"><picture class=\"responsive-image\"><source srcset=\"https:\/\/tn.com.ar\/resizer\/v2\/ademas-de-chaquetas-la-marca-ofrece-buzos-y-accesorios-foto-gentileza-porque-si-che-FNDAAMZR6BHMRP25GTM3L4PN6Q.jpeg?auth=dad98f87a07811de672c4b83712c2b45e6df2920c7cde43fadfdd20ce1dbda73&amp;width=767\" media=\"(max-width: 728px)\" \/><source srcset=\"https:\/\/tn.com.ar\/resizer\/v2\/ademas-de-chaquetas-la-marca-ofrece-buzos-y-accesorios-foto-gentileza-porque-si-che-FNDAAMZR6BHMRP25GTM3L4PN6Q.jpeg?auth=dad98f87a07811de672c4b83712c2b45e6df2920c7cde43fadfdd20ce1dbda73&amp;width=1023\" media=\"(max-width: 1023px)\" \/><source srcset=\"https:\/\/tn.com.ar\/resizer\/v2\/ademas-de-chaquetas-la-marca-ofrece-buzos-y-accesorios-foto-gentileza-porque-si-che-FNDAAMZR6BHMRP25GTM3L4PN6Q.jpeg?auth=dad98f87a07811de672c4b83712c2b45e6df2920c7cde43fadfdd20ce1dbda73&amp;width=1440\" \/><img loading=\"lazy\" decoding=\"async\" class=\"image content-image image_placeholder\" src=\"https:\/\/tn.com.ar\/resizer\/v2\/ademas-de-chaquetas-la-marca-ofrece-buzos-y-accesorios-foto-gentileza-porque-si-che-FNDAAMZR6BHMRP25GTM3L4PN6Q.jpeg?auth=dad98f87a07811de672c4b83712c2b45e6df2920c7cde43fadfdd20ce1dbda73&amp;width=767\" alt=\"Adem\u00e1s de chaquetas, la marca ofrece buzos y accesorios. (Foto: Gentileza Porque si... Che)\" width=\"767\" height=\"1364\" data-testid=\"loading-testid\" \/><\/picture><\/div><figcaption class=\"caption_image\" data-testid=\"figcaption-testid\">\n<div class=\"image_caption \">Adem\u00e1s de chaquetas, la marca ofrece buzos y accesorios. (Foto: Gentileza Porque si&#8230; Che)<\/div>\n<\/figcaption><\/figure>\n<p class=\"paragraph font__body-regular\">Aunque Luciana es mec\u00e1nica dental y Laura profesora de yoga, las dos se complementan en el proceso creativo, que comienza con Luciana,<b>\u00a0que suele pensar las ideas nuevas y los dise\u00f1os.<\/b>\u00a0Laura, en tanto, se ocupa especialmente de<b>\u00a0la atenci\u00f3n al p\u00fablico, la administraci\u00f3n y los proveedores.<\/b><\/p>\n<figure class=\"\" data-testid=\"figure-testid\">\n<div class=\"aspect_ratio__container\"><picture class=\"responsive-image\"><source srcset=\"https:\/\/tn.com.ar\/resizer\/v2\/la-coleccion-inspirada-en-el-mundial-cambio-el-rumbo-de-la-marca-porquesicheoficial-ZCFNMFRJDZGPDEZK2E3CX7NDZ4.png?auth=b8b57e7be5bc0cdef310d7daf9d1f8661f3b785e4cef4446f773afd7bdc2289d&amp;width=767\" media=\"(max-width: 728px)\" \/><source srcset=\"https:\/\/tn.com.ar\/resizer\/v2\/la-coleccion-inspirada-en-el-mundial-cambio-el-rumbo-de-la-marca-porquesicheoficial-ZCFNMFRJDZGPDEZK2E3CX7NDZ4.png?auth=b8b57e7be5bc0cdef310d7daf9d1f8661f3b785e4cef4446f773afd7bdc2289d&amp;width=1023\" media=\"(max-width: 1023px)\" \/><source srcset=\"https:\/\/tn.com.ar\/resizer\/v2\/la-coleccion-inspirada-en-el-mundial-cambio-el-rumbo-de-la-marca-porquesicheoficial-ZCFNMFRJDZGPDEZK2E3CX7NDZ4.png?auth=b8b57e7be5bc0cdef310d7daf9d1f8661f3b785e4cef4446f773afd7bdc2289d&amp;width=1440\" \/><img loading=\"lazy\" decoding=\"async\" class=\"image content-image image_placeholder\" src=\"https:\/\/tn.com.ar\/resizer\/v2\/la-coleccion-inspirada-en-el-mundial-cambio-el-rumbo-de-la-marca-porquesicheoficial-ZCFNMFRJDZGPDEZK2E3CX7NDZ4.png?auth=b8b57e7be5bc0cdef310d7daf9d1f8661f3b785e4cef4446f773afd7bdc2289d&amp;width=767\" alt=\"La colecci\u00f3n inspirada en el Mundial cambi\u00f3 el rumbo de la marca. (@porquesicheoficial)\" width=\"767\" height=\"746\" data-testid=\"loading-testid\" \/><\/picture><\/div><figcaption class=\"caption_image\" data-testid=\"figcaption-testid\">\n<div class=\"image_caption \">La colecci\u00f3n inspirada en el Mundial cambi\u00f3 el rumbo de la marca. (@porquesicheoficial)<\/div>\n<\/figcaption><\/figure>\n<p class=\"paragraph font__body-regular\">M\u00e1s all\u00e1 de los roles, aseguran que una de las claves est\u00e1 en el v\u00ednculo que tienen.\u00a0<b>\u201cPrimero somos amigas m\u00e1s que hermanas\u201d, dicen.<\/b>\u00a0Y esa complicidad tambi\u00e9n aparece en cada etapa de producci\u00f3n:\u00a0<b>prueban las prendas, hacen muestras, las usan, las lavan y reci\u00e9n despu\u00e9s las ofrecen.<\/b><\/p>\n<figure class=\"\" data-testid=\"figure-testid\">\n<div class=\"aspect_ratio__container\"><picture class=\"responsive-image\"><source srcset=\"https:\/\/tn.com.ar\/resizer\/v2\/las-prendas-argentinas-se-convirtieron-en-la-estrella-de-la-marca-porquesicheoficial-XTWVHXRK2BHWFKO6O5DQDQW7IU.jpg?auth=07a95a555c633e0052aa1371068697e29cc2224655f9709c7a081a8e69965ff0&amp;width=767\" media=\"(max-width: 728px)\" \/><source srcset=\"https:\/\/tn.com.ar\/resizer\/v2\/las-prendas-argentinas-se-convirtieron-en-la-estrella-de-la-marca-porquesicheoficial-XTWVHXRK2BHWFKO6O5DQDQW7IU.jpg?auth=07a95a555c633e0052aa1371068697e29cc2224655f9709c7a081a8e69965ff0&amp;width=1023\" media=\"(max-width: 1023px)\" \/><source srcset=\"https:\/\/tn.com.ar\/resizer\/v2\/las-prendas-argentinas-se-convirtieron-en-la-estrella-de-la-marca-porquesicheoficial-XTWVHXRK2BHWFKO6O5DQDQW7IU.jpg?auth=07a95a555c633e0052aa1371068697e29cc2224655f9709c7a081a8e69965ff0&amp;width=1440\" \/><img loading=\"lazy\" decoding=\"async\" class=\"image content-image image_placeholder\" src=\"https:\/\/tn.com.ar\/resizer\/v2\/las-prendas-argentinas-se-convirtieron-en-la-estrella-de-la-marca-porquesicheoficial-XTWVHXRK2BHWFKO6O5DQDQW7IU.jpg?auth=07a95a555c633e0052aa1371068697e29cc2224655f9709c7a081a8e69965ff0&amp;width=767\" alt=\"Las prendas argentinas se convirtieron en la estrella de la marca. (@porquesicheoficial)\" width=\"767\" height=\"1364\" data-testid=\"loading-testid\" \/><\/picture><\/div><figcaption class=\"caption_image\" data-testid=\"figcaption-testid\">\n<div class=\"image_caption \">Las prendas argentinas se convirtieron en la estrella de la marca. (@porquesicheoficial)<\/div>\n<\/figcaption><\/figure>\n<p class=\"paragraph font__body-regular\">El objetivo es mantener tres pilares:\u00a0<b>\u201cbuena experiencia, dise\u00f1os que NO se encuentren en otros lados y calidad\u201d.<\/b>\u00a0En un contexto que reconocen como dif\u00edcil, todav\u00eda se permiten proyectar. Sue\u00f1an con abrir un local y llevar sus prendas a los argentinos que viven alrededor del mundo, tengan o no la nacionalidad. Porque, como dicen ellas,\u00a0<b>\u201cel argentino nace donde quiere\u201d<\/b><\/p>\n","protected":false},"excerpt":{"rendered":"<p>Laura y Luciana de Porque Si&#8230; Che hicieron un modelo que en la espalda dice \u201cYo lo v\u00ed jugar\u201d y lleva una cabra estampada. M\u00e1s que\u00a0hermanas\u00a0son amigas, pero tambi\u00e9n socias. La historia de\u00a0Porque Si&#8230; Che, el emprendimiento de Laura y Luciana,\u00a0empez\u00f3 hace diez a\u00f1os, cuando Luciana (la mayor) comenz\u00f3 a\u00a0intervenir camperas con estampas en la [&hellip;]<\/p>\n","protected":false},"author":1,"featured_media":20278,"comment_status":"open","ping_status":"open","sticky":false,"template":"","format":"standard","meta":{"rop_custom_images_group":[],"rop_custom_messages_group":[],"rop_publish_now":"initial","rop_publish_now_accounts":[],"rop_publish_now_history":[],"rop_publish_now_status":"pending","footnotes":"","jetpack_publicize_message":"","jetpack_publicize_feature_enabled":true,"jetpack_social_post_already_shared":true,"jetpack_social_options":{"image_generator_settings":{"template":"highway","enabled":false},"version":2}},"categories":[15],"tags":[],"class_list":["post-20277","post","type-post","status-publish","format-standard","has-post-thumbnail","category-moda"],"jetpack_publicize_connections":[],"yoast_head":"<!-- This site is optimized with the Yoast SEO plugin v28.2 - https:\/\/yoast.com\/product\/yoast-seo-wordpress\/ -->\n<title>Dos hermanas crearon una marca de ropa con s\u00edmbolos argentinos y su buzo por la despedida de Messi de la Selecci\u00f3n es furor - CLAN ESPECTACULOS<\/title>\n<meta name=\"robots\" content=\"index, follow, max-snippet:-1, max-image-preview:large, max-video-preview:-1\" \/>\n<link rel=\"canonical\" href=\"https:\/\/radioclanfm.com\/clanespectaculos\/dos-hermanas-crearon-una-marca-de-ropa-con-simbolos-argentinos-y-su-buzo-por-la-despedida-de-messi-de-la-seleccion-es-furor\/\" \/>\n<meta property=\"og:locale\" content=\"es_ES\" \/>\n<meta property=\"og:type\" content=\"article\" \/>\n<meta property=\"og:title\" content=\"Dos hermanas crearon una marca de ropa con s\u00edmbolos argentinos y su buzo por la despedida de Messi de la Selecci\u00f3n es furor - CLAN ESPECTACULOS\" \/>\n<meta property=\"og:description\" content=\"Laura y Luciana de Porque Si&#8230; Che hicieron un modelo que en la espalda dice \u201cYo lo v\u00ed jugar\u201d y lleva una cabra estampada. M\u00e1s que\u00a0hermanas\u00a0son amigas, pero tambi\u00e9n socias. La historia de\u00a0Porque Si&#8230; Che, el emprendimiento de Laura y Luciana,\u00a0empez\u00f3 hace diez a\u00f1os, cuando Luciana (la mayor) comenz\u00f3 a\u00a0intervenir camperas con estampas en la [&hellip;]\" \/>\n<meta property=\"og:url\" content=\"https:\/\/radioclanfm.com\/clanespectaculos\/dos-hermanas-crearon-una-marca-de-ropa-con-simbolos-argentinos-y-su-buzo-por-la-despedida-de-messi-de-la-seleccion-es-furor\/\" \/>\n<meta property=\"og:site_name\" content=\"CLAN ESPECTACULOS\" \/>\n<meta property=\"article:publisher\" content=\"https:\/\/www.facebook.com\/clanespectaculos\/\" \/>\n<meta property=\"article:published_time\" content=\"2026-09-06T00:02:51+00:00\" \/>\n<meta property=\"og:image\" content=\"https:\/\/radioclanfm.com\/clanespectaculos\/wp-content\/uploads\/sites\/2\/2026\/09\/vZhcBO73.jpg\" \/>\n\t<meta property=\"og:image:width\" content=\"900\" \/>\n\t<meta property=\"og:image:height\" content=\"507\" \/>\n\t<meta property=\"og:image:type\" content=\"image\/jpeg\" \/>\n<meta name=\"author\" content=\"E-GRUPOCLAN\" \/>\n<meta name=\"twitter:card\" content=\"summary_large_image\" \/>\n<meta name=\"twitter:creator\" content=\"@clanespectok\" \/>\n<meta name=\"twitter:site\" content=\"@clanespectok\" \/>\n<meta name=\"twitter:label1\" content=\"Escrito por\" \/>\n\t<meta name=\"twitter:data1\" content=\"E-GRUPOCLAN\" \/>\n\t<meta name=\"twitter:label2\" content=\"Tiempo de lectura\" \/>\n\t<meta name=\"twitter:data2\" content=\"6 minutos\" \/>\n<script type=\"application\/ld+json\" class=\"yoast-schema-graph\">{\"@context\":\"https:\\\/\\\/schema.org\",\"@graph\":[{\"@type\":\"Article\",\"@id\":\"https:\\\/\\\/radioclanfm.com\\\/clanespectaculos\\\/dos-hermanas-crearon-una-marca-de-ropa-con-simbolos-argentinos-y-su-buzo-por-la-despedida-de-messi-de-la-seleccion-es-furor\\\/#article\",\"isPartOf\":{\"@id\":\"https:\\\/\\\/radioclanfm.com\\\/clanespectaculos\\\/dos-hermanas-crearon-una-marca-de-ropa-con-simbolos-argentinos-y-su-buzo-por-la-despedida-de-messi-de-la-seleccion-es-furor\\\/\"},\"author\":{\"name\":\"E-GRUPOCLAN\",\"@id\":\"https:\\\/\\\/radioclanfm.com\\\/clanespectaculos\\\/#\\\/schema\\\/person\\\/9734813083303230f3ad84d99171b20c\"},\"headline\":\"Dos hermanas crearon una marca de ropa con s\u00edmbolos argentinos y su buzo por la despedida de Messi de la Selecci\u00f3n es furor\",\"datePublished\":\"2026-09-06T00:02:51+00:00\",\"mainEntityOfPage\":{\"@id\":\"https:\\\/\\\/radioclanfm.com\\\/clanespectaculos\\\/dos-hermanas-crearon-una-marca-de-ropa-con-simbolos-argentinos-y-su-buzo-por-la-despedida-de-messi-de-la-seleccion-es-furor\\\/\"},\"wordCount\":874,\"commentCount\":0,\"publisher\":{\"@id\":\"https:\\\/\\\/radioclanfm.com\\\/clanespectaculos\\\/#organization\"},\"image\":{\"@id\":\"https:\\\/\\\/radioclanfm.com\\\/clanespectaculos\\\/dos-hermanas-crearon-una-marca-de-ropa-con-simbolos-argentinos-y-su-buzo-por-la-despedida-de-messi-de-la-seleccion-es-furor\\\/#primaryimage\"},\"thumbnailUrl\":\"https:\\\/\\\/radioclanfm.com\\\/clanespectaculos\\\/wp-content\\\/uploads\\\/sites\\\/2\\\/2026\\\/09\\\/vZhcBO73.jpg\",\"articleSection\":[\"MODA\"],\"inLanguage\":\"es-AR\",\"potentialAction\":[{\"@type\":\"CommentAction\",\"name\":\"Comment\",\"target\":[\"https:\\\/\\\/radioclanfm.com\\\/clanespectaculos\\\/dos-hermanas-crearon-una-marca-de-ropa-con-simbolos-argentinos-y-su-buzo-por-la-despedida-de-messi-de-la-seleccion-es-furor\\\/#respond\"]}]},{\"@type\":\"WebPage\",\"@id\":\"https:\\\/\\\/radioclanfm.com\\\/clanespectaculos\\\/dos-hermanas-crearon-una-marca-de-ropa-con-simbolos-argentinos-y-su-buzo-por-la-despedida-de-messi-de-la-seleccion-es-furor\\\/\",\"url\":\"https:\\\/\\\/radioclanfm.com\\\/clanespectaculos\\\/dos-hermanas-crearon-una-marca-de-ropa-con-simbolos-argentinos-y-su-buzo-por-la-despedida-de-messi-de-la-seleccion-es-furor\\\/\",\"name\":\"Dos hermanas crearon una marca de ropa con s\u00edmbolos argentinos y su buzo por la despedida de Messi de la Selecci\u00f3n es furor - CLAN ESPECTACULOS\",\"isPartOf\":{\"@id\":\"https:\\\/\\\/radioclanfm.com\\\/clanespectaculos\\\/#website\"},\"primaryImageOfPage\":{\"@id\":\"https:\\\/\\\/radioclanfm.com\\\/clanespectaculos\\\/dos-hermanas-crearon-una-marca-de-ropa-con-simbolos-argentinos-y-su-buzo-por-la-despedida-de-messi-de-la-seleccion-es-furor\\\/#primaryimage\"},\"image\":{\"@id\":\"https:\\\/\\\/radioclanfm.com\\\/clanespectaculos\\\/dos-hermanas-crearon-una-marca-de-ropa-con-simbolos-argentinos-y-su-buzo-por-la-despedida-de-messi-de-la-seleccion-es-furor\\\/#primaryimage\"},\"thumbnailUrl\":\"https:\\\/\\\/radioclanfm.com\\\/clanespectaculos\\\/wp-content\\\/uploads\\\/sites\\\/2\\\/2026\\\/09\\\/vZhcBO73.jpg\",\"datePublished\":\"2026-09-06T00:02:51+00:00\",\"breadcrumb\":{\"@id\":\"https:\\\/\\\/radioclanfm.com\\\/clanespectaculos\\\/dos-hermanas-crearon-una-marca-de-ropa-con-simbolos-argentinos-y-su-buzo-por-la-despedida-de-messi-de-la-seleccion-es-furor\\\/#breadcrumb\"},\"inLanguage\":\"es-AR\",\"potentialAction\":[{\"@type\":\"ReadAction\",\"target\":[\"https:\\\/\\\/radioclanfm.com\\\/clanespectaculos\\\/dos-hermanas-crearon-una-marca-de-ropa-con-simbolos-argentinos-y-su-buzo-por-la-despedida-de-messi-de-la-seleccion-es-furor\\\/\"]}]},{\"@type\":\"ImageObject\",\"inLanguage\":\"es-AR\",\"@id\":\"https:\\\/\\\/radioclanfm.com\\\/clanespectaculos\\\/dos-hermanas-crearon-una-marca-de-ropa-con-simbolos-argentinos-y-su-buzo-por-la-despedida-de-messi-de-la-seleccion-es-furor\\\/#primaryimage\",\"url\":\"https:\\\/\\\/radioclanfm.com\\\/clanespectaculos\\\/wp-content\\\/uploads\\\/sites\\\/2\\\/2026\\\/09\\\/vZhcBO73.jpg\",\"contentUrl\":\"https:\\\/\\\/radioclanfm.com\\\/clanespectaculos\\\/wp-content\\\/uploads\\\/sites\\\/2\\\/2026\\\/09\\\/vZhcBO73.jpg\",\"width\":900,\"height\":507},{\"@type\":\"BreadcrumbList\",\"@id\":\"https:\\\/\\\/radioclanfm.com\\\/clanespectaculos\\\/dos-hermanas-crearon-una-marca-de-ropa-con-simbolos-argentinos-y-su-buzo-por-la-despedida-de-messi-de-la-seleccion-es-furor\\\/#breadcrumb\",\"itemListElement\":[{\"@type\":\"ListItem\",\"position\":1,\"name\":\"Inicio\",\"item\":\"https:\\\/\\\/radioclanfm.com\\\/clanespectaculos\\\/\"},{\"@type\":\"ListItem\",\"position\":2,\"name\":\"Dos hermanas crearon una marca de ropa con s\u00edmbolos argentinos y su buzo por la despedida de Messi de la Selecci\u00f3n es furor\"}]},{\"@type\":\"WebSite\",\"@id\":\"https:\\\/\\\/radioclanfm.com\\\/clanespectaculos\\\/#website\",\"url\":\"https:\\\/\\\/radioclanfm.com\\\/clanespectaculos\\\/\",\"name\":\"CLAN ESPECTACULOS\",\"description\":\"\",\"publisher\":{\"@id\":\"https:\\\/\\\/radioclanfm.com\\\/clanespectaculos\\\/#organization\"},\"potentialAction\":[{\"@type\":\"SearchAction\",\"target\":{\"@type\":\"EntryPoint\",\"urlTemplate\":\"https:\\\/\\\/radioclanfm.com\\\/clanespectaculos\\\/?s={search_term_string}\"},\"query-input\":{\"@type\":\"PropertyValueSpecification\",\"valueRequired\":true,\"valueName\":\"search_term_string\"}}],\"inLanguage\":\"es-AR\"},{\"@type\":\"Organization\",\"@id\":\"https:\\\/\\\/radioclanfm.com\\\/clanespectaculos\\\/#organization\",\"name\":\"CLAN ESPECTACULOS\",\"url\":\"https:\\\/\\\/radioclanfm.com\\\/clanespectaculos\\\/\",\"logo\":{\"@type\":\"ImageObject\",\"inLanguage\":\"es-AR\",\"@id\":\"https:\\\/\\\/radioclanfm.com\\\/clanespectaculos\\\/#\\\/schema\\\/logo\\\/image\\\/\",\"url\":\"https:\\\/\\\/radioclanfm.com\\\/clanespectaculos\\\/wp-content\\\/uploads\\\/sites\\\/2\\\/2026\\\/04\\\/ChatGPT-Image-23-mar-2026-10_09_00.png\",\"contentUrl\":\"https:\\\/\\\/radioclanfm.com\\\/clanespectaculos\\\/wp-content\\\/uploads\\\/sites\\\/2\\\/2026\\\/04\\\/ChatGPT-Image-23-mar-2026-10_09_00.png\",\"width\":1024,\"height\":1024,\"caption\":\"CLAN ESPECTACULOS\"},\"image\":{\"@id\":\"https:\\\/\\\/radioclanfm.com\\\/clanespectaculos\\\/#\\\/schema\\\/logo\\\/image\\\/\"},\"sameAs\":[\"https:\\\/\\\/www.facebook.com\\\/clanespectaculos\\\/\",\"https:\\\/\\\/x.com\\\/clanespectok\"]},{\"@type\":\"Person\",\"@id\":\"https:\\\/\\\/radioclanfm.com\\\/clanespectaculos\\\/#\\\/schema\\\/person\\\/9734813083303230f3ad84d99171b20c\",\"name\":\"E-GRUPOCLAN\",\"image\":{\"@type\":\"ImageObject\",\"inLanguage\":\"es-AR\",\"@id\":\"https:\\\/\\\/secure.gravatar.com\\\/avatar\\\/af6e19837c3d6a212034a48c7b3818d2ac1826f6025df0155da5a186ad321d79?s=96&d=mm&r=g\",\"url\":\"https:\\\/\\\/secure.gravatar.com\\\/avatar\\\/af6e19837c3d6a212034a48c7b3818d2ac1826f6025df0155da5a186ad321d79?s=96&d=mm&r=g\",\"contentUrl\":\"https:\\\/\\\/secure.gravatar.com\\\/avatar\\\/af6e19837c3d6a212034a48c7b3818d2ac1826f6025df0155da5a186ad321d79?s=96&d=mm&r=g\",\"caption\":\"E-GRUPOCLAN\"},\"sameAs\":[\"https:\\\/\\\/radioclanfm.com\"],\"url\":\"https:\\\/\\\/radioclanfm.com\\\/clanespectaculos\\\/author\\\/admin\\\/\"}]}<\/script>\n<!-- \/ Yoast SEO plugin. -->","yoast_head_json":{"title":"Dos hermanas crearon una marca de ropa con s\u00edmbolos argentinos y su buzo por la despedida de Messi de la Selecci\u00f3n es furor - CLAN ESPECTACULOS","robots":{"index":"index","follow":"follow","max-snippet":"max-snippet:-1","max-image-preview":"max-image-preview:large","max-video-preview":"max-video-preview:-1"},"canonical":"https:\/\/radioclanfm.com\/clanespectaculos\/dos-hermanas-crearon-una-marca-de-ropa-con-simbolos-argentinos-y-su-buzo-por-la-despedida-de-messi-de-la-seleccion-es-furor\/","og_locale":"es_ES","og_type":"article","og_title":"Dos hermanas crearon una marca de ropa con s\u00edmbolos argentinos y su buzo por la despedida de Messi de la Selecci\u00f3n es furor - CLAN ESPECTACULOS","og_description":"Laura y Luciana de Porque Si&#8230; Che hicieron un modelo que en la espalda dice \u201cYo lo v\u00ed jugar\u201d y lleva una cabra estampada. M\u00e1s que\u00a0hermanas\u00a0son amigas, pero tambi\u00e9n socias. La historia de\u00a0Porque Si&#8230; Che, el emprendimiento de Laura y Luciana,\u00a0empez\u00f3 hace diez a\u00f1os, cuando Luciana (la mayor) comenz\u00f3 a\u00a0intervenir camperas con estampas en la [&hellip;]","og_url":"https:\/\/radioclanfm.com\/clanespectaculos\/dos-hermanas-crearon-una-marca-de-ropa-con-simbolos-argentinos-y-su-buzo-por-la-despedida-de-messi-de-la-seleccion-es-furor\/","og_site_name":"CLAN ESPECTACULOS","article_publisher":"https:\/\/www.facebook.com\/clanespectaculos\/","article_published_time":"2026-09-06T00:02:51+00:00","og_image":[{"width":900,"height":507,"url":"https:\/\/radioclanfm.com\/clanespectaculos\/wp-content\/uploads\/sites\/2\/2026\/09\/vZhcBO73.jpg","type":"image\/jpeg"}],"author":"E-GRUPOCLAN","twitter_card":"summary_large_image","twitter_creator":"@clanespectok","twitter_site":"@clanespectok","twitter_misc":{"Escrito por":"E-GRUPOCLAN","Tiempo de lectura":"6 minutos"},"schema":{"@context":"https:\/\/schema.org","@graph":[{"@type":"Article","@id":"https:\/\/radioclanfm.com\/clanespectaculos\/dos-hermanas-crearon-una-marca-de-ropa-con-simbolos-argentinos-y-su-buzo-por-la-despedida-de-messi-de-la-seleccion-es-furor\/#article","isPartOf":{"@id":"https:\/\/radioclanfm.com\/clanespectaculos\/dos-hermanas-crearon-una-marca-de-ropa-con-simbolos-argentinos-y-su-buzo-por-la-despedida-de-messi-de-la-seleccion-es-furor\/"},"author":{"name":"E-GRUPOCLAN","@id":"https:\/\/radioclanfm.com\/clanespectaculos\/#\/schema\/person\/9734813083303230f3ad84d99171b20c"},"headline":"Dos hermanas crearon una marca de ropa con s\u00edmbolos argentinos y su buzo por la despedida de Messi de la Selecci\u00f3n es furor","datePublished":"2026-09-06T00:02:51+00:00","mainEntityOfPage":{"@id":"https:\/\/radioclanfm.com\/clanespectaculos\/dos-hermanas-crearon-una-marca-de-ropa-con-simbolos-argentinos-y-su-buzo-por-la-despedida-de-messi-de-la-seleccion-es-furor\/"},"wordCount":874,"commentCount":0,"publisher":{"@id":"https:\/\/radioclanfm.com\/clanespectaculos\/#organization"},"image":{"@id":"https:\/\/radioclanfm.com\/clanespectaculos\/dos-hermanas-crearon-una-marca-de-ropa-con-simbolos-argentinos-y-su-buzo-por-la-despedida-de-messi-de-la-seleccion-es-furor\/#primaryimage"},"thumbnailUrl":"https:\/\/radioclanfm.com\/clanespectaculos\/wp-content\/uploads\/sites\/2\/2026\/09\/vZhcBO73.jpg","articleSection":["MODA"],"inLanguage":"es-AR","potentialAction":[{"@type":"CommentAction","name":"Comment","target":["https:\/\/radioclanfm.com\/clanespectaculos\/dos-hermanas-crearon-una-marca-de-ropa-con-simbolos-argentinos-y-su-buzo-por-la-despedida-de-messi-de-la-seleccion-es-furor\/#respond"]}]},{"@type":"WebPage","@id":"https:\/\/radioclanfm.com\/clanespectaculos\/dos-hermanas-crearon-una-marca-de-ropa-con-simbolos-argentinos-y-su-buzo-por-la-despedida-de-messi-de-la-seleccion-es-furor\/","url":"https:\/\/radioclanfm.com\/clanespectaculos\/dos-hermanas-crearon-una-marca-de-ropa-con-simbolos-argentinos-y-su-buzo-por-la-despedida-de-messi-de-la-seleccion-es-furor\/","name":"Dos hermanas crearon una marca de ropa con s\u00edmbolos argentinos y su buzo por la despedida de Messi de la Selecci\u00f3n es furor - CLAN ESPECTACULOS","isPartOf":{"@id":"https:\/\/radioclanfm.com\/clanespectaculos\/#website"},"primaryImageOfPage":{"@id":"https:\/\/radioclanfm.com\/clanespectaculos\/dos-hermanas-crearon-una-marca-de-ropa-con-simbolos-argentinos-y-su-buzo-por-la-despedida-de-messi-de-la-seleccion-es-furor\/#primaryimage"},"image":{"@id":"https:\/\/radioclanfm.com\/clanespectaculos\/dos-hermanas-crearon-una-marca-de-ropa-con-simbolos-argentinos-y-su-buzo-por-la-despedida-de-messi-de-la-seleccion-es-furor\/#primaryimage"},"thumbnailUrl":"https:\/\/radioclanfm.com\/clanespectaculos\/wp-content\/uploads\/sites\/2\/2026\/09\/vZhcBO73.jpg","datePublished":"2026-09-06T00:02:51+00:00","breadcrumb":{"@id":"https:\/\/radioclanfm.com\/clanespectaculos\/dos-hermanas-crearon-una-marca-de-ropa-con-simbolos-argentinos-y-su-buzo-por-la-despedida-de-messi-de-la-seleccion-es-furor\/#breadcrumb"},"inLanguage":"es-AR","potentialAction":[{"@type":"ReadAction","target":["https:\/\/radioclanfm.com\/clanespectaculos\/dos-hermanas-crearon-una-marca-de-ropa-con-simbolos-argentinos-y-su-buzo-por-la-despedida-de-messi-de-la-seleccion-es-furor\/"]}]},{"@type":"ImageObject","inLanguage":"es-AR","@id":"https:\/\/radioclanfm.com\/clanespectaculos\/dos-hermanas-crearon-una-marca-de-ropa-con-simbolos-argentinos-y-su-buzo-por-la-despedida-de-messi-de-la-seleccion-es-furor\/#primaryimage","url":"https:\/\/radioclanfm.com\/clanespectaculos\/wp-content\/uploads\/sites\/2\/2026\/09\/vZhcBO73.jpg","contentUrl":"https:\/\/radioclanfm.com\/clanespectaculos\/wp-content\/uploads\/sites\/2\/2026\/09\/vZhcBO73.jpg","width":900,"height":507},{"@type":"BreadcrumbList","@id":"https:\/\/radioclanfm.com\/clanespectaculos\/dos-hermanas-crearon-una-marca-de-ropa-con-simbolos-argentinos-y-su-buzo-por-la-despedida-de-messi-de-la-seleccion-es-furor\/#breadcrumb","itemListElement":[{"@type":"ListItem","position":1,"name":"Inicio","item":"https:\/\/radioclanfm.com\/clanespectaculos\/"},{"@type":"ListItem","position":2,"name":"Dos hermanas crearon una marca de ropa con s\u00edmbolos argentinos y su buzo por la despedida de Messi de la Selecci\u00f3n es furor"}]},{"@type":"WebSite","@id":"https:\/\/radioclanfm.com\/clanespectaculos\/#website","url":"https:\/\/radioclanfm.com\/clanespectaculos\/","name":"CLAN ESPECTACULOS","description":"","publisher":{"@id":"https:\/\/radioclanfm.com\/clanespectaculos\/#organization"},"potentialAction":[{"@type":"SearchAction","target":{"@type":"EntryPoint","urlTemplate":"https:\/\/radioclanfm.com\/clanespectaculos\/?s={search_term_string}"},"query-input":{"@type":"PropertyValueSpecification","valueRequired":true,"valueName":"search_term_string"}}],"inLanguage":"es-AR"},{"@type":"Organization","@id":"https:\/\/radioclanfm.com\/clanespectaculos\/#organization","name":"CLAN ESPECTACULOS","url":"https:\/\/radioclanfm.com\/clanespectaculos\/","logo":{"@type":"ImageObject","inLanguage":"es-AR","@id":"https:\/\/radioclanfm.com\/clanespectaculos\/#\/schema\/logo\/image\/","url":"https:\/\/radioclanfm.com\/clanespectaculos\/wp-content\/uploads\/sites\/2\/2026\/04\/ChatGPT-Image-23-mar-2026-10_09_00.png","contentUrl":"https:\/\/radioclanfm.com\/clanespectaculos\/wp-content\/uploads\/sites\/2\/2026\/04\/ChatGPT-Image-23-mar-2026-10_09_00.png","width":1024,"height":1024,"caption":"CLAN ESPECTACULOS"},"image":{"@id":"https:\/\/radioclanfm.com\/clanespectaculos\/#\/schema\/logo\/image\/"},"sameAs":["https:\/\/www.facebook.com\/clanespectaculos\/","https:\/\/x.com\/clanespectok"]},{"@type":"Person","@id":"https:\/\/radioclanfm.com\/clanespectaculos\/#\/schema\/person\/9734813083303230f3ad84d99171b20c","name":"E-GRUPOCLAN","image":{"@type":"ImageObject","inLanguage":"es-AR","@id":"https:\/\/secure.gravatar.com\/avatar\/af6e19837c3d6a212034a48c7b3818d2ac1826f6025df0155da5a186ad321d79?s=96&d=mm&r=g","url":"https:\/\/secure.gravatar.com\/avatar\/af6e19837c3d6a212034a48c7b3818d2ac1826f6025df0155da5a186ad321d79?s=96&d=mm&r=g","contentUrl":"https:\/\/secure.gravatar.com\/avatar\/af6e19837c3d6a212034a48c7b3818d2ac1826f6025df0155da5a186ad321d79?s=96&d=mm&r=g","caption":"E-GRUPOCLAN"},"sameAs":["https:\/\/radioclanfm.com"],"url":"https:\/\/radioclanfm.com\/clanespectaculos\/author\/admin\/"}]}},"_links":{"self":[{"href":"https:\/\/radioclanfm.com\/clanespectaculos\/wp-json\/wp\/v2\/posts\/20277","targetHints":{"allow":["GET"]}}],"collection":[{"href":"https:\/\/radioclanfm.com\/clanespectaculos\/wp-json\/wp\/v2\/posts"}],"about":[{"href":"https:\/\/radioclanfm.com\/clanespectaculos\/wp-json\/wp\/v2\/types\/post"}],"author":[{"embeddable":true,"href":"https:\/\/radioclanfm.com\/clanespectaculos\/wp-json\/wp\/v2\/users\/1"}],"replies":[{"embeddable":true,"href":"https:\/\/radioclanfm.com\/clanespectaculos\/wp-json\/wp\/v2\/comments?post=20277"}],"version-history":[{"count":1,"href":"https:\/\/radioclanfm.com\/clanespectaculos\/wp-json\/wp\/v2\/posts\/20277\/revisions"}],"predecessor-version":[{"id":20279,"href":"https:\/\/radioclanfm.com\/clanespectaculos\/wp-json\/wp\/v2\/posts\/20277\/revisions\/20279"}],"wp:featuredmedia":[{"embeddable":true,"href":"https:\/\/radioclanfm.com\/clanespectaculos\/wp-json\/wp\/v2\/media\/20278"}],"wp:attachment":[{"href":"https:\/\/radioclanfm.com\/clanespectaculos\/wp-json\/wp\/v2\/media?parent=20277"}],"wp:term":[{"taxonomy":"category","embeddable":true,"href":"https:\/\/radioclanfm.com\/clanespectaculos\/wp-json\/wp\/v2\/categories?post=20277"},{"taxonomy":"post_tag","embeddable":true,"href":"https:\/\/radioclanfm.com\/clanespectaculos\/wp-json\/wp\/v2\/tags?post=20277"}],"curies":[{"name":"wp","href":"https:\/\/api.w.org\/{rel}","templated":true}]}}