{"id":20274,"date":"2026-09-05T21:01:32","date_gmt":"2026-09-06T00:01:32","guid":{"rendered":"https:\/\/radioclanfm.com\/clanespectaculos\/?p=20274"},"modified":"2026-09-05T21:01:32","modified_gmt":"2026-09-06T00:01:32","slug":"el-vestido-periodico-de-dior-que-uso-sarah-jessica-parker-esta-de-regreso-y-rosalia-se-sumo-a-la-tendencia","status":"publish","type":"post","link":"https:\/\/radioclanfm.com\/clanespectaculos\/el-vestido-periodico-de-dior-que-uso-sarah-jessica-parker-esta-de-regreso-y-rosalia-se-sumo-a-la-tendencia\/","title":{"rendered":"El vestido peri\u00f3dico de Dior que us\u00f3 Sarah Jessica Parker est\u00e1 de regreso y Rosal\u00eda se sum\u00f3 a la tendencia"},"content":{"rendered":"<p>Jenna Ortega fue otra de las famosas que llev\u00f3 este look a la alfombra roja en el 2025.<\/p>\n<p class=\"paragraph font__body-regular\">El\u00a0<b>estampado que imita las p\u00e1ginas de un diario<\/b>, convertido en una de las im\u00e1genes m\u00e1s reconocibles de la moda de los 2000 gracias a\u00a0<b>Galliano<\/b><b>\u00a0para Dior<\/b>\u00a0y a Carrie Bradshaw en\u00a0<i>Sex and the City<\/i>, reaparece en pasarelas y colecciones para confirmar\u00a0<b>el regreso de uno de los grandes iconos del cambio de milenio<\/b>.<\/p>\n<div class=\"st-inarticle-slot\">\n<div id=\"standard_1\" class=\"st-placement inArticle standard_1\">\n<div class=\"st-adunit st-adunit-tagged st-adunit-inarticle st-reset st-show goku\" data-testid=\"adunit\">\n<div class=\"st-adunit-ad st-reset\" data-testid=\"adunit-ad\">\n<div class=\"st-display-render st-reset open st-controls\" data-testid=\"controls\">\n<div class=\"st-canvas st-reset horizontal-static\" data-testid=\"canvas\">\n<div class=\"st-reset video-container\" data-testid=\"video-container\">\n<div><\/div>\n<div><\/div>\n<\/div>\n<\/div>\n<\/div>\n<\/div>\n<\/div>\n<\/div>\n<\/div>\n<div id=\"ad-slot-infeed\" class=\"infeed-container\" data-google-query-id=\"CP7pz5DT2JYDFQ6EYQYdDd8Y5w\">\n<div id=\"google_ads_iframe_\/113951150\/tn-arc\/nota\/infeed_0__container__\"><iframe id=\"google_ads_iframe_\/113951150\/tn-arc\/nota\/infeed_0\" tabindex=\"0\" title=\"Contenido de anuncios de terceros\" name=\"google_ads_iframe_\/113951150\/tn-arc\/nota\/infeed_0\" width=\"1\" height=\"1\" frameborder=\"0\" marginwidth=\"0\" marginheight=\"0\" scrolling=\"no\" aria-label=\"Anuncio\" data-google-container-id=\"9\" data-load-complete=\"true\" data-mce-fragment=\"1\"><\/iframe><\/div>\n<\/div>\n<p class=\"paragraph font__body-regular\">Aunque muchos lo identifican con el c\u00e9lebre vestido de Galliano para la colecci\u00f3n oto\u00f1o-invierno 2000 de Dior, la historia del\u00a0<b>newspaper print<\/b>\u00a0comenz\u00f3 mucho antes: en 1935,\u00a0<b>Elsa Schiaparelli convirti\u00f3 recortes de prensa en un estampado de algunas prendas<\/b>, inspirada por las pescadoras danesas que utilizaban peri\u00f3dicos para protegerse del fr\u00edo.<\/p>\n<div class=\"marfeel-readmore-slot\"><\/div>\n<p class=\"paragraph font__body-regular\">Aquella propuesta, tan ir\u00f3nica como vanguardista, inaugur\u00f3 una\u00a0<b>relaci\u00f3n entre la moda y la prensa<\/b>\u00a0que decenios despu\u00e9s recuperar\u00eda Galliano con su propio peri\u00f3dico ficticio, The Christian Dior Daily.<\/p>\n<figure class=\"\" data-testid=\"figure-testid\">\n<div class=\"aspect_ratio__container\"><picture class=\"responsive-image\"><source srcset=\"https:\/\/tn.com.ar\/resizer\/v2\/el-rarisimo-vestido-estampado-de-periodico-de-john-galliano-fue-inmortalizado-por-carrie-bradshaw-en-sex-and-the-city-captura-hbo-NALHDDULZVFM7JPQA7MBO4XDKM.jpg?auth=da58d9ae47f51e90bf0a5c08465407e2d4f6071743fcc0bfc27bbcc8fe9e66c4&amp;width=767\" media=\"(max-width: 728px)\" \/><source srcset=\"https:\/\/tn.com.ar\/resizer\/v2\/el-rarisimo-vestido-estampado-de-periodico-de-john-galliano-fue-inmortalizado-por-carrie-bradshaw-en-sex-and-the-city-captura-hbo-NALHDDULZVFM7JPQA7MBO4XDKM.jpg?auth=da58d9ae47f51e90bf0a5c08465407e2d4f6071743fcc0bfc27bbcc8fe9e66c4&amp;width=1023\" media=\"(max-width: 1023px)\" \/><source srcset=\"https:\/\/tn.com.ar\/resizer\/v2\/el-rarisimo-vestido-estampado-de-periodico-de-john-galliano-fue-inmortalizado-por-carrie-bradshaw-en-sex-and-the-city-captura-hbo-NALHDDULZVFM7JPQA7MBO4XDKM.jpg?auth=da58d9ae47f51e90bf0a5c08465407e2d4f6071743fcc0bfc27bbcc8fe9e66c4&amp;width=1440\" \/><img loading=\"lazy\" decoding=\"async\" class=\"image content-image image_placeholder\" src=\"https:\/\/tn.com.ar\/resizer\/v2\/el-rarisimo-vestido-estampado-de-periodico-de-john-galliano-fue-inmortalizado-por-carrie-bradshaw-en-sex-and-the-city-captura-hbo-NALHDDULZVFM7JPQA7MBO4XDKM.jpg?auth=da58d9ae47f51e90bf0a5c08465407e2d4f6071743fcc0bfc27bbcc8fe9e66c4&amp;width=767\" alt=\"El rar\u00edsimo vestido estampado de peri\u00f3dico de John Galliano fue inmortalizado por Carrie Bradshaw en Sex and the City (Captura HBO)\" width=\"767\" height=\"1152\" data-testid=\"loading-testid\" \/><\/picture><\/div><figcaption class=\"caption_image\" data-testid=\"figcaption-testid\">\n<div class=\"image_caption \">El rar\u00edsimo vestido estampado de peri\u00f3dico de John Galliano fue inmortalizado por Carrie Bradshaw en Sex and the City (Captura HBO)<\/div>\n<\/figcaption><\/figure>\n<p class=\"paragraph font__body-regular\">El dise\u00f1o alcanz\u00f3 definitivamente la categor\u00eda de pieza de culto cuando Sarah Jessica Parker apareci\u00f3 luci\u00e9ndolo con su personaje de Carrie Bradshaw en la tercera temporada de \u2018Sex and the City\u2019.<\/p>\n<p class=\"paragraph font__body-regular\">La escena, caminando por las calles de Manhattan con el vestido ce\u00f1ido y un bolso<b>\u00a0Baguette de Fendi<\/b>, convirti\u00f3 aquella prenda en uno de los estilismos m\u00e1s recordados de la historia de la televisi\u00f3n y en s\u00edmbolo de la moda de los primeros a\u00f1os del siglo XXI.<\/p>\n<figure class=\"\" data-testid=\"figure-testid\">\n<div class=\"aspect_ratio__container\"><picture class=\"responsive-image\"><source srcset=\"https:\/\/tn.com.ar\/resizer\/v2\/el-personaje-de-sarah-jessica-parker-dejo-varios-estilismos-para-el-recuerdo-captura-hbo-DW4BIW3AFNDHNFRLA72KHKM5VA.jpg?auth=c7daa086d64ee9b8a1503817a4cfff7bd87d9de20582bf5e44eb98afc66388db&amp;width=767\" media=\"(max-width: 728px)\" \/><source srcset=\"https:\/\/tn.com.ar\/resizer\/v2\/el-personaje-de-sarah-jessica-parker-dejo-varios-estilismos-para-el-recuerdo-captura-hbo-DW4BIW3AFNDHNFRLA72KHKM5VA.jpg?auth=c7daa086d64ee9b8a1503817a4cfff7bd87d9de20582bf5e44eb98afc66388db&amp;width=1023\" media=\"(max-width: 1023px)\" \/><source srcset=\"https:\/\/tn.com.ar\/resizer\/v2\/el-personaje-de-sarah-jessica-parker-dejo-varios-estilismos-para-el-recuerdo-captura-hbo-DW4BIW3AFNDHNFRLA72KHKM5VA.jpg?auth=c7daa086d64ee9b8a1503817a4cfff7bd87d9de20582bf5e44eb98afc66388db&amp;width=1440\" \/><img loading=\"lazy\" decoding=\"async\" class=\"image content-image image_placeholder\" src=\"https:\/\/tn.com.ar\/resizer\/v2\/el-personaje-de-sarah-jessica-parker-dejo-varios-estilismos-para-el-recuerdo-captura-hbo-DW4BIW3AFNDHNFRLA72KHKM5VA.jpg?auth=c7daa086d64ee9b8a1503817a4cfff7bd87d9de20582bf5e44eb98afc66388db&amp;width=767\" alt=\"EL personaje de Sarah Jessica Parker dej\u00f3 varios estilismos para el recuerdo (Captura HBO)\" width=\"767\" height=\"1005\" data-testid=\"loading-testid\" \/><\/picture><\/div><figcaption class=\"caption_image\" data-testid=\"figcaption-testid\">\n<div class=\"image_caption \">EL personaje de Sarah Jessica Parker dej\u00f3 varios estilismos para el recuerdo (Captura HBO)<\/div>\n<\/figcaption><\/figure>\n<p class=\"paragraph font__body-regular\">Veinticinco a\u00f1os despu\u00e9s, el estampado vuelve a captar la atenci\u00f3n de la industria.<\/p>\n<figure class=\"\" data-testid=\"figure-testid\">\n<div class=\"aspect_ratio__container\"><picture class=\"responsive-image\"><source srcset=\"https:\/\/tn.com.ar\/resizer\/v2\/el-estampado-de-diario-de-galliano-para-dior-en-los-2000-foto-pierre-verdy-afp-T6FN3Y6CLRGRRIMHWXQX4F56CY.jpg?auth=d280a4d83d9c1850607c7dd35a9f5f51e2840f4ef809a0ea54d836dec0e29213&amp;width=767\" media=\"(max-width: 728px)\" \/><source srcset=\"https:\/\/tn.com.ar\/resizer\/v2\/el-estampado-de-diario-de-galliano-para-dior-en-los-2000-foto-pierre-verdy-afp-T6FN3Y6CLRGRRIMHWXQX4F56CY.jpg?auth=d280a4d83d9c1850607c7dd35a9f5f51e2840f4ef809a0ea54d836dec0e29213&amp;width=1023\" media=\"(max-width: 1023px)\" \/><source srcset=\"https:\/\/tn.com.ar\/resizer\/v2\/el-estampado-de-diario-de-galliano-para-dior-en-los-2000-foto-pierre-verdy-afp-T6FN3Y6CLRGRRIMHWXQX4F56CY.jpg?auth=d280a4d83d9c1850607c7dd35a9f5f51e2840f4ef809a0ea54d836dec0e29213&amp;width=1440\" \/><img loading=\"lazy\" decoding=\"async\" class=\"image content-image image_placeholder\" src=\"https:\/\/tn.com.ar\/resizer\/v2\/el-estampado-de-diario-de-galliano-para-dior-en-los-2000-foto-pierre-verdy-afp-T6FN3Y6CLRGRRIMHWXQX4F56CY.jpg?auth=d280a4d83d9c1850607c7dd35a9f5f51e2840f4ef809a0ea54d836dec0e29213&amp;width=767\" alt=\"El estampado de diario de Galliano para Dior en los 2000. (Foto: PIERRE VERDY \/ AFP)\" width=\"767\" height=\"1098\" data-testid=\"loading-testid\" \/><\/picture><\/div><figcaption class=\"caption_image\" data-testid=\"figcaption-testid\">\n<div class=\"image_caption \">El estampado de diario de Galliano para Dior en los 2000. (Foto: PIERRE VERDY \/ AFP)<\/div>\n<\/figcaption><\/figure>\n<p class=\"paragraph font__body-regular\"><b>Chanel y Dior<\/b>\u00a0lo han reinterpretado recientemente sobre la pasarela y celebridades como\u00a0<b>Jenna Ortega<\/b>\u00a0han recuperado el\u00a0<b>ic\u00f3nico vestido de Galliano<\/b>, confirmando el renovado inter\u00e9s por la est\u00e9tica de los a\u00f1os 2000 y por las piezas de archivo.<\/p>\n<figure class=\"\" data-testid=\"figure-testid\">\n<div class=\"aspect_ratio__container\"><picture class=\"responsive-image\"><source srcset=\"https:\/\/tn.com.ar\/resizer\/v2\/jenna-ortega-con-vestido-periodico-dior-en-la-alfombra-roja-a-fines-del-2025-foto-by-jamie-mccarthy-getty-images-north-america-getty-images-via-afp-JUQ3N4FE5RBXLLZVXCYLI7TUIQ.jpg?auth=49b554ac83afe1342cc3b29e7d1e1dc3bd6e29d0e73b9bc1ad957bbf2dc618cd&amp;width=767\" media=\"(max-width: 728px)\" \/><source srcset=\"https:\/\/tn.com.ar\/resizer\/v2\/jenna-ortega-con-vestido-periodico-dior-en-la-alfombra-roja-a-fines-del-2025-foto-by-jamie-mccarthy-getty-images-north-america-getty-images-via-afp-JUQ3N4FE5RBXLLZVXCYLI7TUIQ.jpg?auth=49b554ac83afe1342cc3b29e7d1e1dc3bd6e29d0e73b9bc1ad957bbf2dc618cd&amp;width=1023\" media=\"(max-width: 1023px)\" \/><source srcset=\"https:\/\/tn.com.ar\/resizer\/v2\/jenna-ortega-con-vestido-periodico-dior-en-la-alfombra-roja-a-fines-del-2025-foto-by-jamie-mccarthy-getty-images-north-america-getty-images-via-afp-JUQ3N4FE5RBXLLZVXCYLI7TUIQ.jpg?auth=49b554ac83afe1342cc3b29e7d1e1dc3bd6e29d0e73b9bc1ad957bbf2dc618cd&amp;width=1440\" \/><img loading=\"lazy\" decoding=\"async\" class=\"image content-image image_placeholder\" src=\"https:\/\/tn.com.ar\/resizer\/v2\/jenna-ortega-con-vestido-periodico-dior-en-la-alfombra-roja-a-fines-del-2025-foto-by-jamie-mccarthy-getty-images-north-america-getty-images-via-afp-JUQ3N4FE5RBXLLZVXCYLI7TUIQ.jpg?auth=49b554ac83afe1342cc3b29e7d1e1dc3bd6e29d0e73b9bc1ad957bbf2dc618cd&amp;width=767\" alt=\"Jenna Ortega con vestido peri\u00f3dico Dior en la alfombra roja a fines del 2025. (Foto: by Jamie McCarthy \/ GETTY IMAGES NORTH AMERICA \/ Getty Images via AFP)\" width=\"767\" height=\"1016\" data-testid=\"loading-testid\" \/><\/picture><\/div><figcaption class=\"caption_image\" data-testid=\"figcaption-testid\">\n<div class=\"image_caption \">Jenna Ortega con vestido peri\u00f3dico Dior en la alfombra roja a fines del 2025. (Foto: by Jamie McCarthy \/ GETTY IMAGES NORTH AMERICA \/ Getty Images via AFP)<\/div>\n<\/figcaption><\/figure>\n<p class=\"paragraph font__body-regular\">Otra de las firmas que ha mantenido este estampado entre sus dise\u00f1os es la\u00a0<b>espa\u00f1ola Desigual<\/b>, reconocida por sus creaciones de aire irreverente y divertido, que apuesta por \u00e9l en vestidos, pero tambi\u00e9n en faldas, tops y pantalones combinables entre s\u00ed.<\/p>\n<p class=\"paragraph font__body-regular\">\u201cEs verdad que muchas tendencias de los 2000 est\u00e1n viviendo un regreso, pero creemos que\u00a0<b>el \u00e9xito del newspaper print va un poco m\u00e1s all\u00e1<\/b>: hoy vemos un inter\u00e9s cada vez mayor por\u00a0<b>prendas con car\u00e1cter<\/b>, que tengan una historia detr\u00e1s y que se salgan de lo convencional\u201d, explican fuentes de Desigual .<\/p>\n<figure class=\"\" data-testid=\"figure-testid\">\n<div class=\"aspect_ratio__container\"><picture class=\"responsive-image\"><source srcset=\"https:\/\/tn.com.ar\/resizer\/v2\/camisa-con-estampa-de-periodico-foto-efe-IHK7WSDAYZATFNOYCWJHMHOIQY.jpeg?auth=9c16748b146cef78e334386b0ffdb487a1df426316aaa25150b5ebbf7316fcd6&amp;width=767\" media=\"(max-width: 728px)\" \/><source srcset=\"https:\/\/tn.com.ar\/resizer\/v2\/camisa-con-estampa-de-periodico-foto-efe-IHK7WSDAYZATFNOYCWJHMHOIQY.jpeg?auth=9c16748b146cef78e334386b0ffdb487a1df426316aaa25150b5ebbf7316fcd6&amp;width=1023\" media=\"(max-width: 1023px)\" \/><source srcset=\"https:\/\/tn.com.ar\/resizer\/v2\/camisa-con-estampa-de-periodico-foto-efe-IHK7WSDAYZATFNOYCWJHMHOIQY.jpeg?auth=9c16748b146cef78e334386b0ffdb487a1df426316aaa25150b5ebbf7316fcd6&amp;width=1440\" \/><img loading=\"lazy\" decoding=\"async\" class=\"image content-image image_placeholder\" src=\"https:\/\/tn.com.ar\/resizer\/v2\/camisa-con-estampa-de-periodico-foto-efe-IHK7WSDAYZATFNOYCWJHMHOIQY.jpeg?auth=9c16748b146cef78e334386b0ffdb487a1df426316aaa25150b5ebbf7316fcd6&amp;width=767\" alt=\"Camisa con estampa de peri\u00f3dico. (Foto: EFE)\" width=\"767\" height=\"1150\" data-testid=\"loading-testid\" \/><\/picture><\/div><figcaption class=\"caption_image\" data-testid=\"figcaption-testid\">\n<div class=\"image_caption \">Camisa con estampa de peri\u00f3dico. (Foto: EFE)<\/div>\n<\/figcaption><\/figure>\n<p class=\"paragraph font__body-regular\">La marca asegura que siempre ha sentido predilecci\u00f3n por \u201clos\u00a0<b>estampados que cuentan algo<\/b>, que generan conversaci\u00f3n y que hacen que una prenda tenga vida propia\u201d.<\/p>\n<p class=\"paragraph font__body-regular\">\u201cPara nosotros, el estampado de peri\u00f3dico nunca ha sido una tendencia puntual; es uno de esos c\u00f3digos que forman parte de la identidad de Desigual desde hace a\u00f1os y que refleja muy bien nuestra forma de entender la moda:\u00a0<b>creativa, expresiva y con personalidad<\/b>\u201d, explican las fuentes.<\/p>\n<figure class=\"\" data-testid=\"figure-testid\">\n<div class=\"aspect_ratio__container\"><picture class=\"responsive-image\"><source srcset=\"https:\/\/tn.com.ar\/resizer\/v2\/rosalia-con-el-vestido-periodico-de-desigual-foto-desigual-L7MJ6WC27FBWHJTYCBUIJRZPUY.jpeg?auth=1534af74424a706656578befd8d7a3e329f724ce02d313b2dce99ce42559fb79&amp;width=767\" media=\"(max-width: 728px)\" \/><source srcset=\"https:\/\/tn.com.ar\/resizer\/v2\/rosalia-con-el-vestido-periodico-de-desigual-foto-desigual-L7MJ6WC27FBWHJTYCBUIJRZPUY.jpeg?auth=1534af74424a706656578befd8d7a3e329f724ce02d313b2dce99ce42559fb79&amp;width=1023\" media=\"(max-width: 1023px)\" \/><source srcset=\"https:\/\/tn.com.ar\/resizer\/v2\/rosalia-con-el-vestido-periodico-de-desigual-foto-desigual-L7MJ6WC27FBWHJTYCBUIJRZPUY.jpeg?auth=1534af74424a706656578befd8d7a3e329f724ce02d313b2dce99ce42559fb79&amp;width=1440\" \/><img loading=\"lazy\" decoding=\"async\" class=\"image content-image image_placeholder\" src=\"https:\/\/tn.com.ar\/resizer\/v2\/rosalia-con-el-vestido-periodico-de-desigual-foto-desigual-L7MJ6WC27FBWHJTYCBUIJRZPUY.jpeg?auth=1534af74424a706656578befd8d7a3e329f724ce02d313b2dce99ce42559fb79&amp;width=767\" alt=\"Rosal\u00eda con el vestido peri\u00f3dico de Desigual. (Foto: @desigual)\" width=\"767\" height=\"937\" data-testid=\"loading-testid\" \/><\/picture><\/div><figcaption class=\"caption_image\" data-testid=\"figcaption-testid\">\n<div class=\"image_caption \">Rosal\u00eda con el vestido peri\u00f3dico de Desigual. (Foto: @desigual)<\/div>\n<\/figcaption><\/figure>\n<p class=\"paragraph font__body-regular\">El dato m\u00e1s interesante es que\u00a0<b>Rosalia ha usado ese vestido\u00a0<\/b>y la marca comparti\u00f3 la foto de la cantante con el modelito en sus redes sociales.<\/p>\n<h2 class=\"font--primary font__display\">Regreso al cambio de milenio<\/h2>\n<p class=\"paragraph font__body-regular\">Los expertos sit\u00faan este regreso dentro del<b>\u00a0resurgir de la est\u00e9tica Y2K<\/b>, que ha devuelto a la actualidad prendas, siluetas y accesorios caracter\u00edsticos del cambio de milenio. Sin embargo, Desigual considera que el atractivo del dise\u00f1o trasciende la nostalgia.<\/p>\n<p class=\"paragraph font__body-regular\">Lejos de quedar reservado para quienes vivieron la fiebre de la serie televisiva citada,\u00a0<b>el estampado tambi\u00e9n seduce a nuevas generaciones que descubren por primera vez aquel imaginario.<\/b><\/p>\n<figure class=\"\" data-testid=\"figure-testid\">\n<div class=\"aspect_ratio__container\"><picture class=\"responsive-image\"><source srcset=\"https:\/\/tn.com.ar\/resizer\/v2\/el-look-periodico-en-la-coleccion-de-desigual-foto-desigual-AW26PND7AZGE7KWK7WTUNYNRXU.jpeg?auth=9395a5f4e7e5ccc5bb45f9079ae96de8feba3e66360153c5d98a41c8a6965487&amp;width=767\" media=\"(max-width: 728px)\" \/><source srcset=\"https:\/\/tn.com.ar\/resizer\/v2\/el-look-periodico-en-la-coleccion-de-desigual-foto-desigual-AW26PND7AZGE7KWK7WTUNYNRXU.jpeg?auth=9395a5f4e7e5ccc5bb45f9079ae96de8feba3e66360153c5d98a41c8a6965487&amp;width=1023\" media=\"(max-width: 1023px)\" \/><source srcset=\"https:\/\/tn.com.ar\/resizer\/v2\/el-look-periodico-en-la-coleccion-de-desigual-foto-desigual-AW26PND7AZGE7KWK7WTUNYNRXU.jpeg?auth=9395a5f4e7e5ccc5bb45f9079ae96de8feba3e66360153c5d98a41c8a6965487&amp;width=1440\" \/><img loading=\"lazy\" decoding=\"async\" class=\"image content-image image_placeholder\" src=\"https:\/\/tn.com.ar\/resizer\/v2\/el-look-periodico-en-la-coleccion-de-desigual-foto-desigual-AW26PND7AZGE7KWK7WTUNYNRXU.jpeg?auth=9395a5f4e7e5ccc5bb45f9079ae96de8feba3e66360153c5d98a41c8a6965487&amp;width=767\" alt=\"El look peri\u00f3dico en la colecci\u00f3n de Desigual. (Foto: @desigual)\" width=\"767\" height=\"947\" data-testid=\"loading-testid\" \/><\/picture><\/div><figcaption class=\"caption_image\" data-testid=\"figcaption-testid\">\n<div class=\"image_caption \">El look peri\u00f3dico en la colecci\u00f3n de Desigual. (Foto: @desigual)<\/div>\n<\/figcaption><\/figure>\n<p class=\"paragraph font__body-regular\">\u201cCreemos que precisamente ah\u00ed est\u00e1 la gracia de este estampado:\u00a0<b>cada persona puede hacerlo suyo<\/b>. Hay quien prefiere convertirlo en el protagonista con un vestido o una camisa, y quien opta por introducirlo en peque\u00f1os detalles o combinarlo con prendas m\u00e1s b\u00e1sicas\u201d, detalla Desigual.<\/p>\n<p class=\"paragraph font__body-regular\">La firma espa\u00f1ola rechaza, adem\u00e1s, que se trate de un dise\u00f1o asociado \u00fanicamente a la nostalgia. \u201cNo creemos que sea un estampado pensado solo para quienes vivieron los a\u00f1os 2000.\u00a0<b>Las nuevas generaciones lo est\u00e1n descubriendo desde una perspectiva completamente diferente<\/b>\u00a0y lo incorporan con mucha naturalidad\u201d.<\/p>\n<p class=\"paragraph font__body-regular\">Quiz\u00e1 ah\u00ed resida el secreto de una tendencia que, casi un siglo despu\u00e9s de que Schiaparelli imprimiera por primera vez titulares sobre un tejido y veinticinco a\u00f1os despu\u00e9s de que Carrie Bradshaw la inmortalizara en televisi\u00f3n, vuelve a demostrar que\u00a0<b>algunas noticias nunca dejan de ser actualidad.<\/b><\/p>\n","protected":false},"excerpt":{"rendered":"<p>Jenna Ortega fue otra de las famosas que llev\u00f3 este look a la alfombra roja en el 2025. El\u00a0estampado que imita las p\u00e1ginas de un diario, convertido en una de las im\u00e1genes m\u00e1s reconocibles de la moda de los 2000 gracias a\u00a0Galliano\u00a0para Dior\u00a0y a Carrie Bradshaw en\u00a0Sex and the City, reaparece en pasarelas y colecciones [&hellip;]<\/p>\n","protected":false},"author":1,"featured_media":20275,"comment_status":"open","ping_status":"open","sticky":false,"template":"","format":"standard","meta":{"rop_custom_images_group":[],"rop_custom_messages_group":[],"rop_publish_now":"initial","rop_publish_now_accounts":[],"rop_publish_now_history":[],"rop_publish_now_status":"pending","footnotes":"","jetpack_publicize_message":"","jetpack_publicize_feature_enabled":true,"jetpack_social_post_already_shared":true,"jetpack_social_options":{"image_generator_settings":{"template":"highway","enabled":false},"version":2}},"categories":[15],"tags":[],"class_list":["post-20274","post","type-post","status-publish","format-standard","has-post-thumbnail","category-moda"],"jetpack_publicize_connections":[],"yoast_head":"<!-- This site is optimized with the Yoast SEO plugin v28.2 - https:\/\/yoast.com\/product\/yoast-seo-wordpress\/ -->\n<title>El vestido peri\u00f3dico de Dior que us\u00f3 Sarah Jessica Parker est\u00e1 de regreso y Rosal\u00eda se sum\u00f3 a la tendencia - CLAN ESPECTACULOS<\/title>\n<meta name=\"robots\" content=\"index, follow, max-snippet:-1, max-image-preview:large, max-video-preview:-1\" \/>\n<link rel=\"canonical\" href=\"https:\/\/radioclanfm.com\/clanespectaculos\/el-vestido-periodico-de-dior-que-uso-sarah-jessica-parker-esta-de-regreso-y-rosalia-se-sumo-a-la-tendencia\/\" \/>\n<meta property=\"og:locale\" content=\"es_ES\" \/>\n<meta property=\"og:type\" content=\"article\" \/>\n<meta property=\"og:title\" content=\"El vestido peri\u00f3dico de Dior que us\u00f3 Sarah Jessica Parker est\u00e1 de regreso y Rosal\u00eda se sum\u00f3 a la tendencia - CLAN ESPECTACULOS\" \/>\n<meta property=\"og:description\" content=\"Jenna Ortega fue otra de las famosas que llev\u00f3 este look a la alfombra roja en el 2025. El\u00a0estampado que imita las p\u00e1ginas de un diario, convertido en una de las im\u00e1genes m\u00e1s reconocibles de la moda de los 2000 gracias a\u00a0Galliano\u00a0para Dior\u00a0y a Carrie Bradshaw en\u00a0Sex and the City, reaparece en pasarelas y colecciones [&hellip;]\" \/>\n<meta property=\"og:url\" content=\"https:\/\/radioclanfm.com\/clanespectaculos\/el-vestido-periodico-de-dior-que-uso-sarah-jessica-parker-esta-de-regreso-y-rosalia-se-sumo-a-la-tendencia\/\" \/>\n<meta property=\"og:site_name\" content=\"CLAN ESPECTACULOS\" \/>\n<meta property=\"article:publisher\" content=\"https:\/\/www.facebook.com\/clanespectaculos\/\" \/>\n<meta property=\"article:published_time\" content=\"2026-09-06T00:01:32+00:00\" \/>\n<meta property=\"og:image\" content=\"https:\/\/radioclanfm.com\/clanespectaculos\/wp-content\/uploads\/sites\/2\/2026\/09\/H1UZWdnk.jpg\" \/>\n\t<meta property=\"og:image:width\" content=\"900\" \/>\n\t<meta property=\"og:image:height\" content=\"506\" \/>\n\t<meta property=\"og:image:type\" content=\"image\/jpeg\" \/>\n<meta name=\"author\" content=\"E-GRUPOCLAN\" \/>\n<meta name=\"twitter:card\" content=\"summary_large_image\" \/>\n<meta name=\"twitter:creator\" content=\"@clanespectok\" \/>\n<meta name=\"twitter:site\" content=\"@clanespectok\" \/>\n<meta name=\"twitter:label1\" content=\"Escrito por\" \/>\n\t<meta name=\"twitter:data1\" content=\"E-GRUPOCLAN\" \/>\n\t<meta name=\"twitter:label2\" content=\"Tiempo de lectura\" \/>\n\t<meta name=\"twitter:data2\" content=\"6 minutos\" \/>\n<script type=\"application\/ld+json\" class=\"yoast-schema-graph\">{\"@context\":\"https:\\\/\\\/schema.org\",\"@graph\":[{\"@type\":\"Article\",\"@id\":\"https:\\\/\\\/radioclanfm.com\\\/clanespectaculos\\\/el-vestido-periodico-de-dior-que-uso-sarah-jessica-parker-esta-de-regreso-y-rosalia-se-sumo-a-la-tendencia\\\/#article\",\"isPartOf\":{\"@id\":\"https:\\\/\\\/radioclanfm.com\\\/clanespectaculos\\\/el-vestido-periodico-de-dior-que-uso-sarah-jessica-parker-esta-de-regreso-y-rosalia-se-sumo-a-la-tendencia\\\/\"},\"author\":{\"name\":\"E-GRUPOCLAN\",\"@id\":\"https:\\\/\\\/radioclanfm.com\\\/clanespectaculos\\\/#\\\/schema\\\/person\\\/9734813083303230f3ad84d99171b20c\"},\"headline\":\"El vestido peri\u00f3dico de Dior que us\u00f3 Sarah Jessica Parker est\u00e1 de regreso y Rosal\u00eda se sum\u00f3 a la tendencia\",\"datePublished\":\"2026-09-06T00:01:32+00:00\",\"mainEntityOfPage\":{\"@id\":\"https:\\\/\\\/radioclanfm.com\\\/clanespectaculos\\\/el-vestido-periodico-de-dior-que-uso-sarah-jessica-parker-esta-de-regreso-y-rosalia-se-sumo-a-la-tendencia\\\/\"},\"wordCount\":870,\"commentCount\":0,\"publisher\":{\"@id\":\"https:\\\/\\\/radioclanfm.com\\\/clanespectaculos\\\/#organization\"},\"image\":{\"@id\":\"https:\\\/\\\/radioclanfm.com\\\/clanespectaculos\\\/el-vestido-periodico-de-dior-que-uso-sarah-jessica-parker-esta-de-regreso-y-rosalia-se-sumo-a-la-tendencia\\\/#primaryimage\"},\"thumbnailUrl\":\"https:\\\/\\\/radioclanfm.com\\\/clanespectaculos\\\/wp-content\\\/uploads\\\/sites\\\/2\\\/2026\\\/09\\\/H1UZWdnk.jpg\",\"articleSection\":[\"MODA\"],\"inLanguage\":\"es-AR\",\"potentialAction\":[{\"@type\":\"CommentAction\",\"name\":\"Comment\",\"target\":[\"https:\\\/\\\/radioclanfm.com\\\/clanespectaculos\\\/el-vestido-periodico-de-dior-que-uso-sarah-jessica-parker-esta-de-regreso-y-rosalia-se-sumo-a-la-tendencia\\\/#respond\"]}]},{\"@type\":\"WebPage\",\"@id\":\"https:\\\/\\\/radioclanfm.com\\\/clanespectaculos\\\/el-vestido-periodico-de-dior-que-uso-sarah-jessica-parker-esta-de-regreso-y-rosalia-se-sumo-a-la-tendencia\\\/\",\"url\":\"https:\\\/\\\/radioclanfm.com\\\/clanespectaculos\\\/el-vestido-periodico-de-dior-que-uso-sarah-jessica-parker-esta-de-regreso-y-rosalia-se-sumo-a-la-tendencia\\\/\",\"name\":\"El vestido peri\u00f3dico de Dior que us\u00f3 Sarah Jessica Parker est\u00e1 de regreso y Rosal\u00eda se sum\u00f3 a la tendencia - CLAN ESPECTACULOS\",\"isPartOf\":{\"@id\":\"https:\\\/\\\/radioclanfm.com\\\/clanespectaculos\\\/#website\"},\"primaryImageOfPage\":{\"@id\":\"https:\\\/\\\/radioclanfm.com\\\/clanespectaculos\\\/el-vestido-periodico-de-dior-que-uso-sarah-jessica-parker-esta-de-regreso-y-rosalia-se-sumo-a-la-tendencia\\\/#primaryimage\"},\"image\":{\"@id\":\"https:\\\/\\\/radioclanfm.com\\\/clanespectaculos\\\/el-vestido-periodico-de-dior-que-uso-sarah-jessica-parker-esta-de-regreso-y-rosalia-se-sumo-a-la-tendencia\\\/#primaryimage\"},\"thumbnailUrl\":\"https:\\\/\\\/radioclanfm.com\\\/clanespectaculos\\\/wp-content\\\/uploads\\\/sites\\\/2\\\/2026\\\/09\\\/H1UZWdnk.jpg\",\"datePublished\":\"2026-09-06T00:01:32+00:00\",\"breadcrumb\":{\"@id\":\"https:\\\/\\\/radioclanfm.com\\\/clanespectaculos\\\/el-vestido-periodico-de-dior-que-uso-sarah-jessica-parker-esta-de-regreso-y-rosalia-se-sumo-a-la-tendencia\\\/#breadcrumb\"},\"inLanguage\":\"es-AR\",\"potentialAction\":[{\"@type\":\"ReadAction\",\"target\":[\"https:\\\/\\\/radioclanfm.com\\\/clanespectaculos\\\/el-vestido-periodico-de-dior-que-uso-sarah-jessica-parker-esta-de-regreso-y-rosalia-se-sumo-a-la-tendencia\\\/\"]}]},{\"@type\":\"ImageObject\",\"inLanguage\":\"es-AR\",\"@id\":\"https:\\\/\\\/radioclanfm.com\\\/clanespectaculos\\\/el-vestido-periodico-de-dior-que-uso-sarah-jessica-parker-esta-de-regreso-y-rosalia-se-sumo-a-la-tendencia\\\/#primaryimage\",\"url\":\"https:\\\/\\\/radioclanfm.com\\\/clanespectaculos\\\/wp-content\\\/uploads\\\/sites\\\/2\\\/2026\\\/09\\\/H1UZWdnk.jpg\",\"contentUrl\":\"https:\\\/\\\/radioclanfm.com\\\/clanespectaculos\\\/wp-content\\\/uploads\\\/sites\\\/2\\\/2026\\\/09\\\/H1UZWdnk.jpg\",\"width\":900,\"height\":506},{\"@type\":\"BreadcrumbList\",\"@id\":\"https:\\\/\\\/radioclanfm.com\\\/clanespectaculos\\\/el-vestido-periodico-de-dior-que-uso-sarah-jessica-parker-esta-de-regreso-y-rosalia-se-sumo-a-la-tendencia\\\/#breadcrumb\",\"itemListElement\":[{\"@type\":\"ListItem\",\"position\":1,\"name\":\"Inicio\",\"item\":\"https:\\\/\\\/radioclanfm.com\\\/clanespectaculos\\\/\"},{\"@type\":\"ListItem\",\"position\":2,\"name\":\"El vestido peri\u00f3dico de Dior que us\u00f3 Sarah Jessica Parker est\u00e1 de regreso y Rosal\u00eda se sum\u00f3 a la tendencia\"}]},{\"@type\":\"WebSite\",\"@id\":\"https:\\\/\\\/radioclanfm.com\\\/clanespectaculos\\\/#website\",\"url\":\"https:\\\/\\\/radioclanfm.com\\\/clanespectaculos\\\/\",\"name\":\"CLAN ESPECTACULOS\",\"description\":\"\",\"publisher\":{\"@id\":\"https:\\\/\\\/radioclanfm.com\\\/clanespectaculos\\\/#organization\"},\"potentialAction\":[{\"@type\":\"SearchAction\",\"target\":{\"@type\":\"EntryPoint\",\"urlTemplate\":\"https:\\\/\\\/radioclanfm.com\\\/clanespectaculos\\\/?s={search_term_string}\"},\"query-input\":{\"@type\":\"PropertyValueSpecification\",\"valueRequired\":true,\"valueName\":\"search_term_string\"}}],\"inLanguage\":\"es-AR\"},{\"@type\":\"Organization\",\"@id\":\"https:\\\/\\\/radioclanfm.com\\\/clanespectaculos\\\/#organization\",\"name\":\"CLAN ESPECTACULOS\",\"url\":\"https:\\\/\\\/radioclanfm.com\\\/clanespectaculos\\\/\",\"logo\":{\"@type\":\"ImageObject\",\"inLanguage\":\"es-AR\",\"@id\":\"https:\\\/\\\/radioclanfm.com\\\/clanespectaculos\\\/#\\\/schema\\\/logo\\\/image\\\/\",\"url\":\"https:\\\/\\\/radioclanfm.com\\\/clanespectaculos\\\/wp-content\\\/uploads\\\/sites\\\/2\\\/2026\\\/04\\\/ChatGPT-Image-23-mar-2026-10_09_00.png\",\"contentUrl\":\"https:\\\/\\\/radioclanfm.com\\\/clanespectaculos\\\/wp-content\\\/uploads\\\/sites\\\/2\\\/2026\\\/04\\\/ChatGPT-Image-23-mar-2026-10_09_00.png\",\"width\":1024,\"height\":1024,\"caption\":\"CLAN ESPECTACULOS\"},\"image\":{\"@id\":\"https:\\\/\\\/radioclanfm.com\\\/clanespectaculos\\\/#\\\/schema\\\/logo\\\/image\\\/\"},\"sameAs\":[\"https:\\\/\\\/www.facebook.com\\\/clanespectaculos\\\/\",\"https:\\\/\\\/x.com\\\/clanespectok\"]},{\"@type\":\"Person\",\"@id\":\"https:\\\/\\\/radioclanfm.com\\\/clanespectaculos\\\/#\\\/schema\\\/person\\\/9734813083303230f3ad84d99171b20c\",\"name\":\"E-GRUPOCLAN\",\"image\":{\"@type\":\"ImageObject\",\"inLanguage\":\"es-AR\",\"@id\":\"https:\\\/\\\/secure.gravatar.com\\\/avatar\\\/af6e19837c3d6a212034a48c7b3818d2ac1826f6025df0155da5a186ad321d79?s=96&d=mm&r=g\",\"url\":\"https:\\\/\\\/secure.gravatar.com\\\/avatar\\\/af6e19837c3d6a212034a48c7b3818d2ac1826f6025df0155da5a186ad321d79?s=96&d=mm&r=g\",\"contentUrl\":\"https:\\\/\\\/secure.gravatar.com\\\/avatar\\\/af6e19837c3d6a212034a48c7b3818d2ac1826f6025df0155da5a186ad321d79?s=96&d=mm&r=g\",\"caption\":\"E-GRUPOCLAN\"},\"sameAs\":[\"https:\\\/\\\/radioclanfm.com\"],\"url\":\"https:\\\/\\\/radioclanfm.com\\\/clanespectaculos\\\/author\\\/admin\\\/\"}]}<\/script>\n<!-- \/ Yoast SEO plugin. -->","yoast_head_json":{"title":"El vestido peri\u00f3dico de Dior que us\u00f3 Sarah Jessica Parker est\u00e1 de regreso y Rosal\u00eda se sum\u00f3 a la tendencia - CLAN ESPECTACULOS","robots":{"index":"index","follow":"follow","max-snippet":"max-snippet:-1","max-image-preview":"max-image-preview:large","max-video-preview":"max-video-preview:-1"},"canonical":"https:\/\/radioclanfm.com\/clanespectaculos\/el-vestido-periodico-de-dior-que-uso-sarah-jessica-parker-esta-de-regreso-y-rosalia-se-sumo-a-la-tendencia\/","og_locale":"es_ES","og_type":"article","og_title":"El vestido peri\u00f3dico de Dior que us\u00f3 Sarah Jessica Parker est\u00e1 de regreso y Rosal\u00eda se sum\u00f3 a la tendencia - CLAN ESPECTACULOS","og_description":"Jenna Ortega fue otra de las famosas que llev\u00f3 este look a la alfombra roja en el 2025. El\u00a0estampado que imita las p\u00e1ginas de un diario, convertido en una de las im\u00e1genes m\u00e1s reconocibles de la moda de los 2000 gracias a\u00a0Galliano\u00a0para Dior\u00a0y a Carrie Bradshaw en\u00a0Sex and the City, reaparece en pasarelas y colecciones [&hellip;]","og_url":"https:\/\/radioclanfm.com\/clanespectaculos\/el-vestido-periodico-de-dior-que-uso-sarah-jessica-parker-esta-de-regreso-y-rosalia-se-sumo-a-la-tendencia\/","og_site_name":"CLAN ESPECTACULOS","article_publisher":"https:\/\/www.facebook.com\/clanespectaculos\/","article_published_time":"2026-09-06T00:01:32+00:00","og_image":[{"width":900,"height":506,"url":"https:\/\/radioclanfm.com\/clanespectaculos\/wp-content\/uploads\/sites\/2\/2026\/09\/H1UZWdnk.jpg","type":"image\/jpeg"}],"author":"E-GRUPOCLAN","twitter_card":"summary_large_image","twitter_creator":"@clanespectok","twitter_site":"@clanespectok","twitter_misc":{"Escrito por":"E-GRUPOCLAN","Tiempo de lectura":"6 minutos"},"schema":{"@context":"https:\/\/schema.org","@graph":[{"@type":"Article","@id":"https:\/\/radioclanfm.com\/clanespectaculos\/el-vestido-periodico-de-dior-que-uso-sarah-jessica-parker-esta-de-regreso-y-rosalia-se-sumo-a-la-tendencia\/#article","isPartOf":{"@id":"https:\/\/radioclanfm.com\/clanespectaculos\/el-vestido-periodico-de-dior-que-uso-sarah-jessica-parker-esta-de-regreso-y-rosalia-se-sumo-a-la-tendencia\/"},"author":{"name":"E-GRUPOCLAN","@id":"https:\/\/radioclanfm.com\/clanespectaculos\/#\/schema\/person\/9734813083303230f3ad84d99171b20c"},"headline":"El vestido peri\u00f3dico de Dior que us\u00f3 Sarah Jessica Parker est\u00e1 de regreso y Rosal\u00eda se sum\u00f3 a la tendencia","datePublished":"2026-09-06T00:01:32+00:00","mainEntityOfPage":{"@id":"https:\/\/radioclanfm.com\/clanespectaculos\/el-vestido-periodico-de-dior-que-uso-sarah-jessica-parker-esta-de-regreso-y-rosalia-se-sumo-a-la-tendencia\/"},"wordCount":870,"commentCount":0,"publisher":{"@id":"https:\/\/radioclanfm.com\/clanespectaculos\/#organization"},"image":{"@id":"https:\/\/radioclanfm.com\/clanespectaculos\/el-vestido-periodico-de-dior-que-uso-sarah-jessica-parker-esta-de-regreso-y-rosalia-se-sumo-a-la-tendencia\/#primaryimage"},"thumbnailUrl":"https:\/\/radioclanfm.com\/clanespectaculos\/wp-content\/uploads\/sites\/2\/2026\/09\/H1UZWdnk.jpg","articleSection":["MODA"],"inLanguage":"es-AR","potentialAction":[{"@type":"CommentAction","name":"Comment","target":["https:\/\/radioclanfm.com\/clanespectaculos\/el-vestido-periodico-de-dior-que-uso-sarah-jessica-parker-esta-de-regreso-y-rosalia-se-sumo-a-la-tendencia\/#respond"]}]},{"@type":"WebPage","@id":"https:\/\/radioclanfm.com\/clanespectaculos\/el-vestido-periodico-de-dior-que-uso-sarah-jessica-parker-esta-de-regreso-y-rosalia-se-sumo-a-la-tendencia\/","url":"https:\/\/radioclanfm.com\/clanespectaculos\/el-vestido-periodico-de-dior-que-uso-sarah-jessica-parker-esta-de-regreso-y-rosalia-se-sumo-a-la-tendencia\/","name":"El vestido peri\u00f3dico de Dior que us\u00f3 Sarah Jessica Parker est\u00e1 de regreso y Rosal\u00eda se sum\u00f3 a la tendencia - CLAN ESPECTACULOS","isPartOf":{"@id":"https:\/\/radioclanfm.com\/clanespectaculos\/#website"},"primaryImageOfPage":{"@id":"https:\/\/radioclanfm.com\/clanespectaculos\/el-vestido-periodico-de-dior-que-uso-sarah-jessica-parker-esta-de-regreso-y-rosalia-se-sumo-a-la-tendencia\/#primaryimage"},"image":{"@id":"https:\/\/radioclanfm.com\/clanespectaculos\/el-vestido-periodico-de-dior-que-uso-sarah-jessica-parker-esta-de-regreso-y-rosalia-se-sumo-a-la-tendencia\/#primaryimage"},"thumbnailUrl":"https:\/\/radioclanfm.com\/clanespectaculos\/wp-content\/uploads\/sites\/2\/2026\/09\/H1UZWdnk.jpg","datePublished":"2026-09-06T00:01:32+00:00","breadcrumb":{"@id":"https:\/\/radioclanfm.com\/clanespectaculos\/el-vestido-periodico-de-dior-que-uso-sarah-jessica-parker-esta-de-regreso-y-rosalia-se-sumo-a-la-tendencia\/#breadcrumb"},"inLanguage":"es-AR","potentialAction":[{"@type":"ReadAction","target":["https:\/\/radioclanfm.com\/clanespectaculos\/el-vestido-periodico-de-dior-que-uso-sarah-jessica-parker-esta-de-regreso-y-rosalia-se-sumo-a-la-tendencia\/"]}]},{"@type":"ImageObject","inLanguage":"es-AR","@id":"https:\/\/radioclanfm.com\/clanespectaculos\/el-vestido-periodico-de-dior-que-uso-sarah-jessica-parker-esta-de-regreso-y-rosalia-se-sumo-a-la-tendencia\/#primaryimage","url":"https:\/\/radioclanfm.com\/clanespectaculos\/wp-content\/uploads\/sites\/2\/2026\/09\/H1UZWdnk.jpg","contentUrl":"https:\/\/radioclanfm.com\/clanespectaculos\/wp-content\/uploads\/sites\/2\/2026\/09\/H1UZWdnk.jpg","width":900,"height":506},{"@type":"BreadcrumbList","@id":"https:\/\/radioclanfm.com\/clanespectaculos\/el-vestido-periodico-de-dior-que-uso-sarah-jessica-parker-esta-de-regreso-y-rosalia-se-sumo-a-la-tendencia\/#breadcrumb","itemListElement":[{"@type":"ListItem","position":1,"name":"Inicio","item":"https:\/\/radioclanfm.com\/clanespectaculos\/"},{"@type":"ListItem","position":2,"name":"El vestido peri\u00f3dico de Dior que us\u00f3 Sarah Jessica Parker est\u00e1 de regreso y Rosal\u00eda se sum\u00f3 a la tendencia"}]},{"@type":"WebSite","@id":"https:\/\/radioclanfm.com\/clanespectaculos\/#website","url":"https:\/\/radioclanfm.com\/clanespectaculos\/","name":"CLAN ESPECTACULOS","description":"","publisher":{"@id":"https:\/\/radioclanfm.com\/clanespectaculos\/#organization"},"potentialAction":[{"@type":"SearchAction","target":{"@type":"EntryPoint","urlTemplate":"https:\/\/radioclanfm.com\/clanespectaculos\/?s={search_term_string}"},"query-input":{"@type":"PropertyValueSpecification","valueRequired":true,"valueName":"search_term_string"}}],"inLanguage":"es-AR"},{"@type":"Organization","@id":"https:\/\/radioclanfm.com\/clanespectaculos\/#organization","name":"CLAN ESPECTACULOS","url":"https:\/\/radioclanfm.com\/clanespectaculos\/","logo":{"@type":"ImageObject","inLanguage":"es-AR","@id":"https:\/\/radioclanfm.com\/clanespectaculos\/#\/schema\/logo\/image\/","url":"https:\/\/radioclanfm.com\/clanespectaculos\/wp-content\/uploads\/sites\/2\/2026\/04\/ChatGPT-Image-23-mar-2026-10_09_00.png","contentUrl":"https:\/\/radioclanfm.com\/clanespectaculos\/wp-content\/uploads\/sites\/2\/2026\/04\/ChatGPT-Image-23-mar-2026-10_09_00.png","width":1024,"height":1024,"caption":"CLAN ESPECTACULOS"},"image":{"@id":"https:\/\/radioclanfm.com\/clanespectaculos\/#\/schema\/logo\/image\/"},"sameAs":["https:\/\/www.facebook.com\/clanespectaculos\/","https:\/\/x.com\/clanespectok"]},{"@type":"Person","@id":"https:\/\/radioclanfm.com\/clanespectaculos\/#\/schema\/person\/9734813083303230f3ad84d99171b20c","name":"E-GRUPOCLAN","image":{"@type":"ImageObject","inLanguage":"es-AR","@id":"https:\/\/secure.gravatar.com\/avatar\/af6e19837c3d6a212034a48c7b3818d2ac1826f6025df0155da5a186ad321d79?s=96&d=mm&r=g","url":"https:\/\/secure.gravatar.com\/avatar\/af6e19837c3d6a212034a48c7b3818d2ac1826f6025df0155da5a186ad321d79?s=96&d=mm&r=g","contentUrl":"https:\/\/secure.gravatar.com\/avatar\/af6e19837c3d6a212034a48c7b3818d2ac1826f6025df0155da5a186ad321d79?s=96&d=mm&r=g","caption":"E-GRUPOCLAN"},"sameAs":["https:\/\/radioclanfm.com"],"url":"https:\/\/radioclanfm.com\/clanespectaculos\/author\/admin\/"}]}},"_links":{"self":[{"href":"https:\/\/radioclanfm.com\/clanespectaculos\/wp-json\/wp\/v2\/posts\/20274","targetHints":{"allow":["GET"]}}],"collection":[{"href":"https:\/\/radioclanfm.com\/clanespectaculos\/wp-json\/wp\/v2\/posts"}],"about":[{"href":"https:\/\/radioclanfm.com\/clanespectaculos\/wp-json\/wp\/v2\/types\/post"}],"author":[{"embeddable":true,"href":"https:\/\/radioclanfm.com\/clanespectaculos\/wp-json\/wp\/v2\/users\/1"}],"replies":[{"embeddable":true,"href":"https:\/\/radioclanfm.com\/clanespectaculos\/wp-json\/wp\/v2\/comments?post=20274"}],"version-history":[{"count":1,"href":"https:\/\/radioclanfm.com\/clanespectaculos\/wp-json\/wp\/v2\/posts\/20274\/revisions"}],"predecessor-version":[{"id":20276,"href":"https:\/\/radioclanfm.com\/clanespectaculos\/wp-json\/wp\/v2\/posts\/20274\/revisions\/20276"}],"wp:featuredmedia":[{"embeddable":true,"href":"https:\/\/radioclanfm.com\/clanespectaculos\/wp-json\/wp\/v2\/media\/20275"}],"wp:attachment":[{"href":"https:\/\/radioclanfm.com\/clanespectaculos\/wp-json\/wp\/v2\/media?parent=20274"}],"wp:term":[{"taxonomy":"category","embeddable":true,"href":"https:\/\/radioclanfm.com\/clanespectaculos\/wp-json\/wp\/v2\/categories?post=20274"},{"taxonomy":"post_tag","embeddable":true,"href":"https:\/\/radioclanfm.com\/clanespectaculos\/wp-json\/wp\/v2\/tags?post=20274"}],"curies":[{"name":"wp","href":"https:\/\/api.w.org\/{rel}","templated":true}]}}