{"id":20271,"date":"2026-09-05T21:00:23","date_gmt":"2026-09-06T00:00:23","guid":{"rendered":"https:\/\/radioclanfm.com\/clanespectaculos\/?p=20271"},"modified":"2026-09-05T21:00:23","modified_gmt":"2026-09-06T00:00:23","slug":"j-balvin-debuto-como-embajador-de-armani-y-sorprendio-con-su-look-en-el-festival-de-venecia","status":"publish","type":"post","link":"https:\/\/radioclanfm.com\/clanespectaculos\/j-balvin-debuto-como-embajador-de-armani-y-sorprendio-con-su-look-en-el-festival-de-venecia\/","title":{"rendered":"J Balvin debut\u00f3 como embajador de Armani y sorprendi\u00f3 con su look en el Festival de Venecia"},"content":{"rendered":"<p>Con el pelo platinado y un aro de brillante, pos\u00f3 con el frasco de perfume en primer plano.<\/p>\n<p class=\"paragraph font__body-regular\">Apenas un mes despu\u00e9s de presentar su colecci\u00f3n inspirada en la artesan\u00eda colombiana en Medell\u00edn,\u00a0<b>J Balvin\u00a0<\/b>da otro gran paso en el mundo de la moda y la belleza: es el nuevo embajador de\u00a0<b>Armani Beauty.<\/b><\/p>\n<div id=\"standard_1\" class=\"st-placement standard_1 inArticle\">\n<div class=\"st-adunit-inarticle st-inarticle-slot\">\n<div class=\"st-adunit st-adunit-tagged st-reset st-show\">\n<div class=\"st-adunit-ad st-reset\"><\/div>\n<\/div>\n<\/div>\n<\/div>\n<p class=\"paragraph font__body-regular\">As\u00ed, el cantante (que tambi\u00e9n fue noticia por su paso por la alfombra roja del Festival de Venecia) se une a otras figuras internacionales (entre ellos\u00a0<b>la estrella de\u00a0<\/b><i><b>Bridgerton,\u00a0<\/b><\/i><b>Jonathan Bailey<\/b>, y\u00a0<a title=\"https:\/\/tn.com.ar\/estilo\/celebridades\/2025\/12\/12\/leandro-paredes-campeon-del-mundo-y-modelo-top-las-primeras-imagenes-de-una-campana-de-lujo-para-armani\/\" href=\"https:\/\/tn.com.ar\/estilo\/celebridades\/2025\/12\/12\/leandro-paredes-campeon-del-mundo-y-modelo-top-las-primeras-imagenes-de-una-campana-de-lujo-para-armani\/\" target=\"_self\" rel=\"\"><b>Leandro Paredes<\/b><\/a>\u00a0en Argentina), como cara de una de las fragancias de la l\u00ednea de belleza de la casa de lujo italiana.<\/p>\n<div class=\"marfeel-readmore-slot\"><\/div>\n<figure class=\"\" data-testid=\"figure-testid\">\n<div class=\"aspect_ratio__container\"><picture class=\"responsive-image\"><source srcset=\"https:\/\/tn.com.ar\/resizer\/v2\/j-balvin-nuevo-embajador-de-armani-foto-armanibeauty-VEHNF2YEGVHQ3DF4Z24WRYA6XQ.jpg?auth=6eee61358501914ff3815d60bbf1fb594c2ba7da2437d9249ca246f079dee114&amp;width=767\" media=\"(max-width: 728px)\" \/><source srcset=\"https:\/\/tn.com.ar\/resizer\/v2\/j-balvin-nuevo-embajador-de-armani-foto-armanibeauty-VEHNF2YEGVHQ3DF4Z24WRYA6XQ.jpg?auth=6eee61358501914ff3815d60bbf1fb594c2ba7da2437d9249ca246f079dee114&amp;width=1023\" media=\"(max-width: 1023px)\" \/><source srcset=\"https:\/\/tn.com.ar\/resizer\/v2\/j-balvin-nuevo-embajador-de-armani-foto-armanibeauty-VEHNF2YEGVHQ3DF4Z24WRYA6XQ.jpg?auth=6eee61358501914ff3815d60bbf1fb594c2ba7da2437d9249ca246f079dee114&amp;width=1440\" \/><img loading=\"lazy\" decoding=\"async\" class=\"image content-image image_placeholder\" src=\"https:\/\/tn.com.ar\/resizer\/v2\/j-balvin-nuevo-embajador-de-armani-foto-armanibeauty-VEHNF2YEGVHQ3DF4Z24WRYA6XQ.jpg?auth=6eee61358501914ff3815d60bbf1fb594c2ba7da2437d9249ca246f079dee114&amp;width=767\" alt=\"J Balvin, nuevo embajador de Armani. (Foto: @armanibeauty)\" width=\"767\" height=\"1023\" data-testid=\"loading-testid\" \/><\/picture><\/div><figcaption class=\"caption_image\" data-testid=\"figcaption-testid\">\n<div class=\"image_caption \">J Balvin, nuevo embajador de Armani. (Foto: @armanibeauty)<\/div>\n<\/figcaption><\/figure>\n<p class=\"paragraph font__body-regular\">El artista colombiano se fotografi\u00f3 con la fragancia\u00a0<i><b>I will<\/b><\/i>, que m\u00e1s que una frase representa un concepto.<b>\u00a0\u201cEs creer en la visi\u00f3n antes de que nadie m\u00e1s la vea. Esta fragancia, este mensaje, representa de d\u00f3nde vengo, todo lo que he vivido y ese fuego que quiero que otros sientan\u201d<\/b>, dijo el int\u00e9rprete de R\u00edo.<\/p>\n<p class=\"paragraph font__body-regular\">En primer plano, vestido de negro y con el pelo corto decolorado en un tono rubio platinado, el artista pos\u00f3 con los ojos cerrados y el frasco de perfume tap\u00e1ndole parte de la cara.\u00a0<b>\u201cTodo lo que so\u00f1\u00e9 y se hizo realidad, empez\u00f3 con una cosa: creer. \u00bfY despu\u00e9s? La disciplina de hacerlo realidad&#8221;,<\/b>\u00a0agreg\u00f3.<\/p>\n<h2 class=\"font--primary font__display\">J Balvin en la alfombra roja de Venecia<\/h2>\n<p class=\"paragraph font__body-regular\"><b>J Balvin<\/b>\u00a0tambi\u00e9n fue noticia hace algunos d\u00edas cuando apareci\u00f3 en la\u00a0<b>gala apertura del Festival de Venecia<\/b>, en Italia con un traje estampado estilo pijama que fue centro de miradas.<\/p>\n<figure class=\"\" data-testid=\"figure-testid\">\n<div class=\"aspect_ratio__container\"><picture class=\"responsive-image\"><source srcset=\"https:\/\/tn.com.ar\/resizer\/v2\/j-balvin-asistio-al-festival-de-cine-en-venecia-foto-ap-5A7DBWYS3NEEPIPKR7UK35VA2Y.jfif?auth=df7d46481633a020e74dcc5affb256917755274979c2f36588710f56153e30f7&amp;width=767\" media=\"(max-width: 728px)\" \/><source srcset=\"https:\/\/tn.com.ar\/resizer\/v2\/j-balvin-asistio-al-festival-de-cine-en-venecia-foto-ap-5A7DBWYS3NEEPIPKR7UK35VA2Y.jfif?auth=df7d46481633a020e74dcc5affb256917755274979c2f36588710f56153e30f7&amp;width=1023\" media=\"(max-width: 1023px)\" \/><source srcset=\"https:\/\/tn.com.ar\/resizer\/v2\/j-balvin-asistio-al-festival-de-cine-en-venecia-foto-ap-5A7DBWYS3NEEPIPKR7UK35VA2Y.jfif?auth=df7d46481633a020e74dcc5affb256917755274979c2f36588710f56153e30f7&amp;width=1440\" \/><img loading=\"lazy\" decoding=\"async\" class=\"image content-image image_placeholder\" src=\"https:\/\/tn.com.ar\/resizer\/v2\/j-balvin-asistio-al-festival-de-cine-en-venecia-foto-ap-5A7DBWYS3NEEPIPKR7UK35VA2Y.jfif?auth=df7d46481633a020e74dcc5affb256917755274979c2f36588710f56153e30f7&amp;width=767\" alt=\"J Balvin asisti\u00f3 al Festival de Cine en Venecia  (Foto: AP)\" width=\"767\" height=\"1151\" data-testid=\"loading-testid\" \/><\/picture><\/div><figcaption class=\"caption_image\" data-testid=\"figcaption-testid\">\n<div class=\"image_caption \">J Balvin asisti\u00f3 al Festival de Cine en Venecia (Foto: AP)<\/div>\n<\/figcaption><\/figure>\n<h2 class=\"font--primary font__display\">J Balvin: de la m\u00fasica a la moda<\/h2>\n<p class=\"paragraph font__body-regular\">\u201cCuando<b>\u00a0J Balvin<\/b>\u00a0dise\u00f1a una colecci\u00f3n esto pasa&#8230;\u201d, escribi\u00f3 el artista al acompa\u00f1ar varios videos del desfile inaugural de la principal feria de moda de Colombia que se realiz\u00f3 en Medell\u00edn el pasado julio.<\/p>\n<p class=\"paragraph font__body-regular\">El m\u00fasico subi\u00f3 a la pasarela una colecci\u00f3n inspirada en el viaje del arriero antioque\u00f1o hacia la ciudad, con una propuesta inspirada en la\u00a0<b>artesan\u00eda<\/b>\u00a0y la identidad colombiana.<\/p>\n<figure class=\"\" data-testid=\"figure-testid\">\n<div class=\"aspect_ratio__container\"><picture class=\"responsive-image\"><source srcset=\"https:\/\/tn.com.ar\/resizer\/v2\/j-balvin-al-finalizar-su-desfile-en-colombiamoda-foto-efe-LUA5UHJVHZDYXJGUCXVGKYXQ5I.jpeg?auth=3f0990225210ae158aac370fb895511c788f64604c60cce7e2839419be4ca64b&amp;width=767\" media=\"(max-width: 728px)\" \/><source srcset=\"https:\/\/tn.com.ar\/resizer\/v2\/j-balvin-al-finalizar-su-desfile-en-colombiamoda-foto-efe-LUA5UHJVHZDYXJGUCXVGKYXQ5I.jpeg?auth=3f0990225210ae158aac370fb895511c788f64604c60cce7e2839419be4ca64b&amp;width=1023\" media=\"(max-width: 1023px)\" \/><source srcset=\"https:\/\/tn.com.ar\/resizer\/v2\/j-balvin-al-finalizar-su-desfile-en-colombiamoda-foto-efe-LUA5UHJVHZDYXJGUCXVGKYXQ5I.jpeg?auth=3f0990225210ae158aac370fb895511c788f64604c60cce7e2839419be4ca64b&amp;width=1440\" \/><img loading=\"lazy\" decoding=\"async\" class=\"image content-image image_placeholder\" src=\"https:\/\/tn.com.ar\/resizer\/v2\/j-balvin-al-finalizar-su-desfile-en-colombiamoda-foto-efe-LUA5UHJVHZDYXJGUCXVGKYXQ5I.jpeg?auth=3f0990225210ae158aac370fb895511c788f64604c60cce7e2839419be4ca64b&amp;width=767\" alt=\"J Balvin al finalizar su desfile en Colombiamoda. (Foto: EFE)\" width=\"767\" height=\"511\" data-testid=\"loading-testid\" \/><\/picture><\/div><figcaption class=\"caption_image\" data-testid=\"figcaption-testid\">\n<div class=\"image_caption \">J Balvin al finalizar su desfile en Colombiamoda. (Foto: EFE)<\/div>\n<\/figcaption><\/figure>\n<p class=\"paragraph font__body-regular\">Los\u00a0<b>modelos lucieron prendas de siluetas amplias<\/b>, predominio del cuero, bolsos de gran formato, tejidos y accesorios inspirados en la\u00a0<b>tradici\u00f3n artesanal<\/b>\u00a0del pa\u00eds, reinterpretados bajo una est\u00e9tica urbana y contempor\u00e1nea.<\/p>\n<figure class=\"\" data-testid=\"figure-testid\">\n<div class=\"aspect_ratio__container\"><picture class=\"responsive-image\"><source srcset=\"https:\/\/tn.com.ar\/resizer\/v2\/lo-nuevo-de-j-balvin-foto-efe-CNNN3KO34ZDMLKY3SVVV2GAMMQ.jpeg?auth=a9f1faadebff3fa7fbb26288d15768510caf289c96452de9546da71b88db8531&amp;width=767\" media=\"(max-width: 728px)\" \/><source srcset=\"https:\/\/tn.com.ar\/resizer\/v2\/lo-nuevo-de-j-balvin-foto-efe-CNNN3KO34ZDMLKY3SVVV2GAMMQ.jpeg?auth=a9f1faadebff3fa7fbb26288d15768510caf289c96452de9546da71b88db8531&amp;width=1023\" media=\"(max-width: 1023px)\" \/><source srcset=\"https:\/\/tn.com.ar\/resizer\/v2\/lo-nuevo-de-j-balvin-foto-efe-CNNN3KO34ZDMLKY3SVVV2GAMMQ.jpeg?auth=a9f1faadebff3fa7fbb26288d15768510caf289c96452de9546da71b88db8531&amp;width=1440\" \/><img loading=\"lazy\" decoding=\"async\" class=\"image content-image image_placeholder\" src=\"https:\/\/tn.com.ar\/resizer\/v2\/lo-nuevo-de-j-balvin-foto-efe-CNNN3KO34ZDMLKY3SVVV2GAMMQ.jpeg?auth=a9f1faadebff3fa7fbb26288d15768510caf289c96452de9546da71b88db8531&amp;width=767\" alt=\"Lo nuevo de J Balvin. (Foto: EFE)\" width=\"767\" height=\"511\" data-testid=\"loading-testid\" \/><\/picture><\/div><figcaption class=\"caption_image\" data-testid=\"figcaption-testid\">\n<div class=\"image_caption \">Lo nuevo de J Balvin. (Foto: EFE)<\/div>\n<\/figcaption><\/figure>\n<p class=\"paragraph font__body-regular\">La pasarela abri\u00f3 el\u00a0<b>Opening Weekend<\/b>, el nuevo formato con el que Colombiamoda dio inicio a una semana de desfiles, negocios y actividades acad\u00e9micas, con una apuesta que busca\u00a0<b>estrechar los v\u00ednculos entre la moda, la m\u00fasica y las industrias creativas<\/b>.<\/p>\n<p class=\"paragraph font__body-regular\">Durante cerca de media hora, decenas de modelos recorrieron la pasarela con una colecci\u00f3n dominada por\u00a0<b>tonos tierra, negro y azul<\/b>, acompa\u00f1ados de guantes, gafas oscuras y accesorios de gran formato, en una puesta en escena que tom\u00f3 como referencia distintos elementos de la\u00a0<b>identidad cultural colombiana<\/b>.<\/p>\n<figure class=\"\" data-testid=\"figure-testid\">\n<div class=\"aspect_ratio__container\"><picture class=\"responsive-image\"><source srcset=\"https:\/\/tn.com.ar\/resizer\/v2\/siluetas-oversize-en-la-coleccion-de-j-balvin-foto-efe-2KP2ZE24N5AINEMFDRH7LDS26Y.jpeg?auth=c34423496ca9be6e818335a64f59bc7dd8eef1248967bb7f96c0a87977524a65&amp;width=767\" media=\"(max-width: 728px)\" \/><source srcset=\"https:\/\/tn.com.ar\/resizer\/v2\/siluetas-oversize-en-la-coleccion-de-j-balvin-foto-efe-2KP2ZE24N5AINEMFDRH7LDS26Y.jpeg?auth=c34423496ca9be6e818335a64f59bc7dd8eef1248967bb7f96c0a87977524a65&amp;width=1023\" media=\"(max-width: 1023px)\" \/><source srcset=\"https:\/\/tn.com.ar\/resizer\/v2\/siluetas-oversize-en-la-coleccion-de-j-balvin-foto-efe-2KP2ZE24N5AINEMFDRH7LDS26Y.jpeg?auth=c34423496ca9be6e818335a64f59bc7dd8eef1248967bb7f96c0a87977524a65&amp;width=1440\" \/><img loading=\"lazy\" decoding=\"async\" class=\"image content-image image_placeholder\" src=\"https:\/\/tn.com.ar\/resizer\/v2\/siluetas-oversize-en-la-coleccion-de-j-balvin-foto-efe-2KP2ZE24N5AINEMFDRH7LDS26Y.jpeg?auth=c34423496ca9be6e818335a64f59bc7dd8eef1248967bb7f96c0a87977524a65&amp;width=767\" alt=\"Siluetas oversize en la colecci\u00f3n de J Balvin. (Foto: EFE)\" width=\"767\" height=\"1151\" data-testid=\"loading-testid\" \/><\/picture><\/div><figcaption class=\"caption_image\" data-testid=\"figcaption-testid\">\n<div class=\"image_caption \">Siluetas oversize en la colecci\u00f3n de J Balvin. (Foto: EFE)<\/div>\n<\/figcaption><\/figure>\n<p class=\"paragraph font__body-regular\">Aunque la presencia de J Balvin era uno de los principales atractivos de la inauguraci\u00f3n, el artista apareci\u00f3 \u00fanicamente al\u00a0<b>cierre del desfile<\/b>\u00a0para saludar al p\u00fablico junto al equipo creativo de la colecci\u00f3n.<\/p>\n<figure class=\"\" data-testid=\"figure-testid\">\n<div class=\"aspect_ratio__container\"><picture class=\"responsive-image\"><source srcset=\"https:\/\/tn.com.ar\/resizer\/v2\/el-cuero-protagonista-en-la-coleccion-de-j-balvin-foto-efe-4OHV6V6IE5DUHIBM7UFAOO4H6U.jpeg?auth=ecfee5bd799554f05c9217008d143f6896d50c86ad13839375bec6440f6a83fb&amp;width=767\" media=\"(max-width: 728px)\" \/><source srcset=\"https:\/\/tn.com.ar\/resizer\/v2\/el-cuero-protagonista-en-la-coleccion-de-j-balvin-foto-efe-4OHV6V6IE5DUHIBM7UFAOO4H6U.jpeg?auth=ecfee5bd799554f05c9217008d143f6896d50c86ad13839375bec6440f6a83fb&amp;width=1023\" media=\"(max-width: 1023px)\" \/><source srcset=\"https:\/\/tn.com.ar\/resizer\/v2\/el-cuero-protagonista-en-la-coleccion-de-j-balvin-foto-efe-4OHV6V6IE5DUHIBM7UFAOO4H6U.jpeg?auth=ecfee5bd799554f05c9217008d143f6896d50c86ad13839375bec6440f6a83fb&amp;width=1440\" \/><img loading=\"lazy\" decoding=\"async\" class=\"image content-image image_placeholder\" src=\"https:\/\/tn.com.ar\/resizer\/v2\/el-cuero-protagonista-en-la-coleccion-de-j-balvin-foto-efe-4OHV6V6IE5DUHIBM7UFAOO4H6U.jpeg?auth=ecfee5bd799554f05c9217008d143f6896d50c86ad13839375bec6440f6a83fb&amp;width=767\" alt=\"El cuero, protagonista en la colecci\u00f3n de J Balvin. (Foto: EFE)\" width=\"767\" height=\"511\" data-testid=\"loading-testid\" \/><\/picture><\/div><figcaption class=\"caption_image\" data-testid=\"figcaption-testid\">\n<div class=\"image_caption \">El cuero, protagonista en la colecci\u00f3n de J Balvin. (Foto: EFE)<\/div>\n<\/figcaption><\/figure>\n","protected":false},"excerpt":{"rendered":"<p>Con el pelo platinado y un aro de brillante, pos\u00f3 con el frasco de perfume en primer plano. Apenas un mes despu\u00e9s de presentar su colecci\u00f3n inspirada en la artesan\u00eda colombiana en Medell\u00edn,\u00a0J Balvin\u00a0da otro gran paso en el mundo de la moda y la belleza: es el nuevo embajador de\u00a0Armani Beauty. As\u00ed, el cantante [&hellip;]<\/p>\n","protected":false},"author":1,"featured_media":20272,"comment_status":"open","ping_status":"open","sticky":false,"template":"","format":"standard","meta":{"rop_custom_images_group":[],"rop_custom_messages_group":[],"rop_publish_now":"initial","rop_publish_now_accounts":[],"rop_publish_now_history":[],"rop_publish_now_status":"pending","footnotes":"","jetpack_publicize_message":"","jetpack_publicize_feature_enabled":true,"jetpack_social_post_already_shared":true,"jetpack_social_options":{"image_generator_settings":{"template":"highway","enabled":false},"version":2}},"categories":[15],"tags":[],"class_list":["post-20271","post","type-post","status-publish","format-standard","has-post-thumbnail","category-moda"],"jetpack_publicize_connections":[],"yoast_head":"<!-- This site is optimized with the Yoast SEO plugin v28.2 - https:\/\/yoast.com\/product\/yoast-seo-wordpress\/ -->\n<title>J Balvin debut\u00f3 como embajador de Armani y sorprendi\u00f3 con su look en el Festival de Venecia - CLAN ESPECTACULOS<\/title>\n<meta name=\"robots\" content=\"index, follow, max-snippet:-1, max-image-preview:large, max-video-preview:-1\" \/>\n<link rel=\"canonical\" href=\"https:\/\/radioclanfm.com\/clanespectaculos\/j-balvin-debuto-como-embajador-de-armani-y-sorprendio-con-su-look-en-el-festival-de-venecia\/\" \/>\n<meta property=\"og:locale\" content=\"es_ES\" \/>\n<meta property=\"og:type\" content=\"article\" \/>\n<meta property=\"og:title\" content=\"J Balvin debut\u00f3 como embajador de Armani y sorprendi\u00f3 con su look en el Festival de Venecia - CLAN ESPECTACULOS\" \/>\n<meta property=\"og:description\" content=\"Con el pelo platinado y un aro de brillante, pos\u00f3 con el frasco de perfume en primer plano. Apenas un mes despu\u00e9s de presentar su colecci\u00f3n inspirada en la artesan\u00eda colombiana en Medell\u00edn,\u00a0J Balvin\u00a0da otro gran paso en el mundo de la moda y la belleza: es el nuevo embajador de\u00a0Armani Beauty. As\u00ed, el cantante [&hellip;]\" \/>\n<meta property=\"og:url\" content=\"https:\/\/radioclanfm.com\/clanespectaculos\/j-balvin-debuto-como-embajador-de-armani-y-sorprendio-con-su-look-en-el-festival-de-venecia\/\" \/>\n<meta property=\"og:site_name\" content=\"CLAN ESPECTACULOS\" \/>\n<meta property=\"article:publisher\" content=\"https:\/\/www.facebook.com\/clanespectaculos\/\" \/>\n<meta property=\"article:published_time\" content=\"2026-09-06T00:00:23+00:00\" \/>\n<meta property=\"og:image\" content=\"https:\/\/radioclanfm.com\/clanespectaculos\/wp-content\/uploads\/sites\/2\/2026\/09\/EzYtXCOg.jpg\" \/>\n\t<meta property=\"og:image:width\" content=\"900\" \/>\n\t<meta property=\"og:image:height\" content=\"600\" \/>\n\t<meta property=\"og:image:type\" content=\"image\/jpeg\" \/>\n<meta name=\"author\" content=\"E-GRUPOCLAN\" \/>\n<meta name=\"twitter:card\" content=\"summary_large_image\" \/>\n<meta name=\"twitter:creator\" content=\"@clanespectok\" \/>\n<meta name=\"twitter:site\" content=\"@clanespectok\" \/>\n<meta name=\"twitter:label1\" content=\"Escrito por\" \/>\n\t<meta name=\"twitter:data1\" content=\"E-GRUPOCLAN\" \/>\n\t<meta name=\"twitter:label2\" content=\"Tiempo de lectura\" \/>\n\t<meta name=\"twitter:data2\" content=\"4 minutos\" \/>\n<script type=\"application\/ld+json\" class=\"yoast-schema-graph\">{\"@context\":\"https:\\\/\\\/schema.org\",\"@graph\":[{\"@type\":\"Article\",\"@id\":\"https:\\\/\\\/radioclanfm.com\\\/clanespectaculos\\\/j-balvin-debuto-como-embajador-de-armani-y-sorprendio-con-su-look-en-el-festival-de-venecia\\\/#article\",\"isPartOf\":{\"@id\":\"https:\\\/\\\/radioclanfm.com\\\/clanespectaculos\\\/j-balvin-debuto-como-embajador-de-armani-y-sorprendio-con-su-look-en-el-festival-de-venecia\\\/\"},\"author\":{\"name\":\"E-GRUPOCLAN\",\"@id\":\"https:\\\/\\\/radioclanfm.com\\\/clanespectaculos\\\/#\\\/schema\\\/person\\\/9734813083303230f3ad84d99171b20c\"},\"headline\":\"J Balvin debut\u00f3 como embajador de Armani y sorprendi\u00f3 con su look en el Festival de Venecia\",\"datePublished\":\"2026-09-06T00:00:23+00:00\",\"mainEntityOfPage\":{\"@id\":\"https:\\\/\\\/radioclanfm.com\\\/clanespectaculos\\\/j-balvin-debuto-como-embajador-de-armani-y-sorprendio-con-su-look-en-el-festival-de-venecia\\\/\"},\"wordCount\":597,\"commentCount\":0,\"publisher\":{\"@id\":\"https:\\\/\\\/radioclanfm.com\\\/clanespectaculos\\\/#organization\"},\"image\":{\"@id\":\"https:\\\/\\\/radioclanfm.com\\\/clanespectaculos\\\/j-balvin-debuto-como-embajador-de-armani-y-sorprendio-con-su-look-en-el-festival-de-venecia\\\/#primaryimage\"},\"thumbnailUrl\":\"https:\\\/\\\/radioclanfm.com\\\/clanespectaculos\\\/wp-content\\\/uploads\\\/sites\\\/2\\\/2026\\\/09\\\/EzYtXCOg.jpg\",\"articleSection\":[\"MODA\"],\"inLanguage\":\"es-AR\",\"potentialAction\":[{\"@type\":\"CommentAction\",\"name\":\"Comment\",\"target\":[\"https:\\\/\\\/radioclanfm.com\\\/clanespectaculos\\\/j-balvin-debuto-como-embajador-de-armani-y-sorprendio-con-su-look-en-el-festival-de-venecia\\\/#respond\"]}]},{\"@type\":\"WebPage\",\"@id\":\"https:\\\/\\\/radioclanfm.com\\\/clanespectaculos\\\/j-balvin-debuto-como-embajador-de-armani-y-sorprendio-con-su-look-en-el-festival-de-venecia\\\/\",\"url\":\"https:\\\/\\\/radioclanfm.com\\\/clanespectaculos\\\/j-balvin-debuto-como-embajador-de-armani-y-sorprendio-con-su-look-en-el-festival-de-venecia\\\/\",\"name\":\"J Balvin debut\u00f3 como embajador de Armani y sorprendi\u00f3 con su look en el Festival de Venecia - CLAN ESPECTACULOS\",\"isPartOf\":{\"@id\":\"https:\\\/\\\/radioclanfm.com\\\/clanespectaculos\\\/#website\"},\"primaryImageOfPage\":{\"@id\":\"https:\\\/\\\/radioclanfm.com\\\/clanespectaculos\\\/j-balvin-debuto-como-embajador-de-armani-y-sorprendio-con-su-look-en-el-festival-de-venecia\\\/#primaryimage\"},\"image\":{\"@id\":\"https:\\\/\\\/radioclanfm.com\\\/clanespectaculos\\\/j-balvin-debuto-como-embajador-de-armani-y-sorprendio-con-su-look-en-el-festival-de-venecia\\\/#primaryimage\"},\"thumbnailUrl\":\"https:\\\/\\\/radioclanfm.com\\\/clanespectaculos\\\/wp-content\\\/uploads\\\/sites\\\/2\\\/2026\\\/09\\\/EzYtXCOg.jpg\",\"datePublished\":\"2026-09-06T00:00:23+00:00\",\"breadcrumb\":{\"@id\":\"https:\\\/\\\/radioclanfm.com\\\/clanespectaculos\\\/j-balvin-debuto-como-embajador-de-armani-y-sorprendio-con-su-look-en-el-festival-de-venecia\\\/#breadcrumb\"},\"inLanguage\":\"es-AR\",\"potentialAction\":[{\"@type\":\"ReadAction\",\"target\":[\"https:\\\/\\\/radioclanfm.com\\\/clanespectaculos\\\/j-balvin-debuto-como-embajador-de-armani-y-sorprendio-con-su-look-en-el-festival-de-venecia\\\/\"]}]},{\"@type\":\"ImageObject\",\"inLanguage\":\"es-AR\",\"@id\":\"https:\\\/\\\/radioclanfm.com\\\/clanespectaculos\\\/j-balvin-debuto-como-embajador-de-armani-y-sorprendio-con-su-look-en-el-festival-de-venecia\\\/#primaryimage\",\"url\":\"https:\\\/\\\/radioclanfm.com\\\/clanespectaculos\\\/wp-content\\\/uploads\\\/sites\\\/2\\\/2026\\\/09\\\/EzYtXCOg.jpg\",\"contentUrl\":\"https:\\\/\\\/radioclanfm.com\\\/clanespectaculos\\\/wp-content\\\/uploads\\\/sites\\\/2\\\/2026\\\/09\\\/EzYtXCOg.jpg\",\"width\":900,\"height\":600},{\"@type\":\"BreadcrumbList\",\"@id\":\"https:\\\/\\\/radioclanfm.com\\\/clanespectaculos\\\/j-balvin-debuto-como-embajador-de-armani-y-sorprendio-con-su-look-en-el-festival-de-venecia\\\/#breadcrumb\",\"itemListElement\":[{\"@type\":\"ListItem\",\"position\":1,\"name\":\"Inicio\",\"item\":\"https:\\\/\\\/radioclanfm.com\\\/clanespectaculos\\\/\"},{\"@type\":\"ListItem\",\"position\":2,\"name\":\"J Balvin debut\u00f3 como embajador de Armani y sorprendi\u00f3 con su look en el Festival de Venecia\"}]},{\"@type\":\"WebSite\",\"@id\":\"https:\\\/\\\/radioclanfm.com\\\/clanespectaculos\\\/#website\",\"url\":\"https:\\\/\\\/radioclanfm.com\\\/clanespectaculos\\\/\",\"name\":\"CLAN ESPECTACULOS\",\"description\":\"\",\"publisher\":{\"@id\":\"https:\\\/\\\/radioclanfm.com\\\/clanespectaculos\\\/#organization\"},\"potentialAction\":[{\"@type\":\"SearchAction\",\"target\":{\"@type\":\"EntryPoint\",\"urlTemplate\":\"https:\\\/\\\/radioclanfm.com\\\/clanespectaculos\\\/?s={search_term_string}\"},\"query-input\":{\"@type\":\"PropertyValueSpecification\",\"valueRequired\":true,\"valueName\":\"search_term_string\"}}],\"inLanguage\":\"es-AR\"},{\"@type\":\"Organization\",\"@id\":\"https:\\\/\\\/radioclanfm.com\\\/clanespectaculos\\\/#organization\",\"name\":\"CLAN ESPECTACULOS\",\"url\":\"https:\\\/\\\/radioclanfm.com\\\/clanespectaculos\\\/\",\"logo\":{\"@type\":\"ImageObject\",\"inLanguage\":\"es-AR\",\"@id\":\"https:\\\/\\\/radioclanfm.com\\\/clanespectaculos\\\/#\\\/schema\\\/logo\\\/image\\\/\",\"url\":\"https:\\\/\\\/radioclanfm.com\\\/clanespectaculos\\\/wp-content\\\/uploads\\\/sites\\\/2\\\/2026\\\/04\\\/ChatGPT-Image-23-mar-2026-10_09_00.png\",\"contentUrl\":\"https:\\\/\\\/radioclanfm.com\\\/clanespectaculos\\\/wp-content\\\/uploads\\\/sites\\\/2\\\/2026\\\/04\\\/ChatGPT-Image-23-mar-2026-10_09_00.png\",\"width\":1024,\"height\":1024,\"caption\":\"CLAN ESPECTACULOS\"},\"image\":{\"@id\":\"https:\\\/\\\/radioclanfm.com\\\/clanespectaculos\\\/#\\\/schema\\\/logo\\\/image\\\/\"},\"sameAs\":[\"https:\\\/\\\/www.facebook.com\\\/clanespectaculos\\\/\",\"https:\\\/\\\/x.com\\\/clanespectok\"]},{\"@type\":\"Person\",\"@id\":\"https:\\\/\\\/radioclanfm.com\\\/clanespectaculos\\\/#\\\/schema\\\/person\\\/9734813083303230f3ad84d99171b20c\",\"name\":\"E-GRUPOCLAN\",\"image\":{\"@type\":\"ImageObject\",\"inLanguage\":\"es-AR\",\"@id\":\"https:\\\/\\\/secure.gravatar.com\\\/avatar\\\/af6e19837c3d6a212034a48c7b3818d2ac1826f6025df0155da5a186ad321d79?s=96&d=mm&r=g\",\"url\":\"https:\\\/\\\/secure.gravatar.com\\\/avatar\\\/af6e19837c3d6a212034a48c7b3818d2ac1826f6025df0155da5a186ad321d79?s=96&d=mm&r=g\",\"contentUrl\":\"https:\\\/\\\/secure.gravatar.com\\\/avatar\\\/af6e19837c3d6a212034a48c7b3818d2ac1826f6025df0155da5a186ad321d79?s=96&d=mm&r=g\",\"caption\":\"E-GRUPOCLAN\"},\"sameAs\":[\"https:\\\/\\\/radioclanfm.com\"],\"url\":\"https:\\\/\\\/radioclanfm.com\\\/clanespectaculos\\\/author\\\/admin\\\/\"}]}<\/script>\n<!-- \/ Yoast SEO plugin. -->","yoast_head_json":{"title":"J Balvin debut\u00f3 como embajador de Armani y sorprendi\u00f3 con su look en el Festival de Venecia - CLAN ESPECTACULOS","robots":{"index":"index","follow":"follow","max-snippet":"max-snippet:-1","max-image-preview":"max-image-preview:large","max-video-preview":"max-video-preview:-1"},"canonical":"https:\/\/radioclanfm.com\/clanespectaculos\/j-balvin-debuto-como-embajador-de-armani-y-sorprendio-con-su-look-en-el-festival-de-venecia\/","og_locale":"es_ES","og_type":"article","og_title":"J Balvin debut\u00f3 como embajador de Armani y sorprendi\u00f3 con su look en el Festival de Venecia - CLAN ESPECTACULOS","og_description":"Con el pelo platinado y un aro de brillante, pos\u00f3 con el frasco de perfume en primer plano. Apenas un mes despu\u00e9s de presentar su colecci\u00f3n inspirada en la artesan\u00eda colombiana en Medell\u00edn,\u00a0J Balvin\u00a0da otro gran paso en el mundo de la moda y la belleza: es el nuevo embajador de\u00a0Armani Beauty. As\u00ed, el cantante [&hellip;]","og_url":"https:\/\/radioclanfm.com\/clanespectaculos\/j-balvin-debuto-como-embajador-de-armani-y-sorprendio-con-su-look-en-el-festival-de-venecia\/","og_site_name":"CLAN ESPECTACULOS","article_publisher":"https:\/\/www.facebook.com\/clanespectaculos\/","article_published_time":"2026-09-06T00:00:23+00:00","og_image":[{"width":900,"height":600,"url":"https:\/\/radioclanfm.com\/clanespectaculos\/wp-content\/uploads\/sites\/2\/2026\/09\/EzYtXCOg.jpg","type":"image\/jpeg"}],"author":"E-GRUPOCLAN","twitter_card":"summary_large_image","twitter_creator":"@clanespectok","twitter_site":"@clanespectok","twitter_misc":{"Escrito por":"E-GRUPOCLAN","Tiempo de lectura":"4 minutos"},"schema":{"@context":"https:\/\/schema.org","@graph":[{"@type":"Article","@id":"https:\/\/radioclanfm.com\/clanespectaculos\/j-balvin-debuto-como-embajador-de-armani-y-sorprendio-con-su-look-en-el-festival-de-venecia\/#article","isPartOf":{"@id":"https:\/\/radioclanfm.com\/clanespectaculos\/j-balvin-debuto-como-embajador-de-armani-y-sorprendio-con-su-look-en-el-festival-de-venecia\/"},"author":{"name":"E-GRUPOCLAN","@id":"https:\/\/radioclanfm.com\/clanespectaculos\/#\/schema\/person\/9734813083303230f3ad84d99171b20c"},"headline":"J Balvin debut\u00f3 como embajador de Armani y sorprendi\u00f3 con su look en el Festival de Venecia","datePublished":"2026-09-06T00:00:23+00:00","mainEntityOfPage":{"@id":"https:\/\/radioclanfm.com\/clanespectaculos\/j-balvin-debuto-como-embajador-de-armani-y-sorprendio-con-su-look-en-el-festival-de-venecia\/"},"wordCount":597,"commentCount":0,"publisher":{"@id":"https:\/\/radioclanfm.com\/clanespectaculos\/#organization"},"image":{"@id":"https:\/\/radioclanfm.com\/clanespectaculos\/j-balvin-debuto-como-embajador-de-armani-y-sorprendio-con-su-look-en-el-festival-de-venecia\/#primaryimage"},"thumbnailUrl":"https:\/\/radioclanfm.com\/clanespectaculos\/wp-content\/uploads\/sites\/2\/2026\/09\/EzYtXCOg.jpg","articleSection":["MODA"],"inLanguage":"es-AR","potentialAction":[{"@type":"CommentAction","name":"Comment","target":["https:\/\/radioclanfm.com\/clanespectaculos\/j-balvin-debuto-como-embajador-de-armani-y-sorprendio-con-su-look-en-el-festival-de-venecia\/#respond"]}]},{"@type":"WebPage","@id":"https:\/\/radioclanfm.com\/clanespectaculos\/j-balvin-debuto-como-embajador-de-armani-y-sorprendio-con-su-look-en-el-festival-de-venecia\/","url":"https:\/\/radioclanfm.com\/clanespectaculos\/j-balvin-debuto-como-embajador-de-armani-y-sorprendio-con-su-look-en-el-festival-de-venecia\/","name":"J Balvin debut\u00f3 como embajador de Armani y sorprendi\u00f3 con su look en el Festival de Venecia - CLAN ESPECTACULOS","isPartOf":{"@id":"https:\/\/radioclanfm.com\/clanespectaculos\/#website"},"primaryImageOfPage":{"@id":"https:\/\/radioclanfm.com\/clanespectaculos\/j-balvin-debuto-como-embajador-de-armani-y-sorprendio-con-su-look-en-el-festival-de-venecia\/#primaryimage"},"image":{"@id":"https:\/\/radioclanfm.com\/clanespectaculos\/j-balvin-debuto-como-embajador-de-armani-y-sorprendio-con-su-look-en-el-festival-de-venecia\/#primaryimage"},"thumbnailUrl":"https:\/\/radioclanfm.com\/clanespectaculos\/wp-content\/uploads\/sites\/2\/2026\/09\/EzYtXCOg.jpg","datePublished":"2026-09-06T00:00:23+00:00","breadcrumb":{"@id":"https:\/\/radioclanfm.com\/clanespectaculos\/j-balvin-debuto-como-embajador-de-armani-y-sorprendio-con-su-look-en-el-festival-de-venecia\/#breadcrumb"},"inLanguage":"es-AR","potentialAction":[{"@type":"ReadAction","target":["https:\/\/radioclanfm.com\/clanespectaculos\/j-balvin-debuto-como-embajador-de-armani-y-sorprendio-con-su-look-en-el-festival-de-venecia\/"]}]},{"@type":"ImageObject","inLanguage":"es-AR","@id":"https:\/\/radioclanfm.com\/clanespectaculos\/j-balvin-debuto-como-embajador-de-armani-y-sorprendio-con-su-look-en-el-festival-de-venecia\/#primaryimage","url":"https:\/\/radioclanfm.com\/clanespectaculos\/wp-content\/uploads\/sites\/2\/2026\/09\/EzYtXCOg.jpg","contentUrl":"https:\/\/radioclanfm.com\/clanespectaculos\/wp-content\/uploads\/sites\/2\/2026\/09\/EzYtXCOg.jpg","width":900,"height":600},{"@type":"BreadcrumbList","@id":"https:\/\/radioclanfm.com\/clanespectaculos\/j-balvin-debuto-como-embajador-de-armani-y-sorprendio-con-su-look-en-el-festival-de-venecia\/#breadcrumb","itemListElement":[{"@type":"ListItem","position":1,"name":"Inicio","item":"https:\/\/radioclanfm.com\/clanespectaculos\/"},{"@type":"ListItem","position":2,"name":"J Balvin debut\u00f3 como embajador de Armani y sorprendi\u00f3 con su look en el Festival de Venecia"}]},{"@type":"WebSite","@id":"https:\/\/radioclanfm.com\/clanespectaculos\/#website","url":"https:\/\/radioclanfm.com\/clanespectaculos\/","name":"CLAN ESPECTACULOS","description":"","publisher":{"@id":"https:\/\/radioclanfm.com\/clanespectaculos\/#organization"},"potentialAction":[{"@type":"SearchAction","target":{"@type":"EntryPoint","urlTemplate":"https:\/\/radioclanfm.com\/clanespectaculos\/?s={search_term_string}"},"query-input":{"@type":"PropertyValueSpecification","valueRequired":true,"valueName":"search_term_string"}}],"inLanguage":"es-AR"},{"@type":"Organization","@id":"https:\/\/radioclanfm.com\/clanespectaculos\/#organization","name":"CLAN ESPECTACULOS","url":"https:\/\/radioclanfm.com\/clanespectaculos\/","logo":{"@type":"ImageObject","inLanguage":"es-AR","@id":"https:\/\/radioclanfm.com\/clanespectaculos\/#\/schema\/logo\/image\/","url":"https:\/\/radioclanfm.com\/clanespectaculos\/wp-content\/uploads\/sites\/2\/2026\/04\/ChatGPT-Image-23-mar-2026-10_09_00.png","contentUrl":"https:\/\/radioclanfm.com\/clanespectaculos\/wp-content\/uploads\/sites\/2\/2026\/04\/ChatGPT-Image-23-mar-2026-10_09_00.png","width":1024,"height":1024,"caption":"CLAN ESPECTACULOS"},"image":{"@id":"https:\/\/radioclanfm.com\/clanespectaculos\/#\/schema\/logo\/image\/"},"sameAs":["https:\/\/www.facebook.com\/clanespectaculos\/","https:\/\/x.com\/clanespectok"]},{"@type":"Person","@id":"https:\/\/radioclanfm.com\/clanespectaculos\/#\/schema\/person\/9734813083303230f3ad84d99171b20c","name":"E-GRUPOCLAN","image":{"@type":"ImageObject","inLanguage":"es-AR","@id":"https:\/\/secure.gravatar.com\/avatar\/af6e19837c3d6a212034a48c7b3818d2ac1826f6025df0155da5a186ad321d79?s=96&d=mm&r=g","url":"https:\/\/secure.gravatar.com\/avatar\/af6e19837c3d6a212034a48c7b3818d2ac1826f6025df0155da5a186ad321d79?s=96&d=mm&r=g","contentUrl":"https:\/\/secure.gravatar.com\/avatar\/af6e19837c3d6a212034a48c7b3818d2ac1826f6025df0155da5a186ad321d79?s=96&d=mm&r=g","caption":"E-GRUPOCLAN"},"sameAs":["https:\/\/radioclanfm.com"],"url":"https:\/\/radioclanfm.com\/clanespectaculos\/author\/admin\/"}]}},"_links":{"self":[{"href":"https:\/\/radioclanfm.com\/clanespectaculos\/wp-json\/wp\/v2\/posts\/20271","targetHints":{"allow":["GET"]}}],"collection":[{"href":"https:\/\/radioclanfm.com\/clanespectaculos\/wp-json\/wp\/v2\/posts"}],"about":[{"href":"https:\/\/radioclanfm.com\/clanespectaculos\/wp-json\/wp\/v2\/types\/post"}],"author":[{"embeddable":true,"href":"https:\/\/radioclanfm.com\/clanespectaculos\/wp-json\/wp\/v2\/users\/1"}],"replies":[{"embeddable":true,"href":"https:\/\/radioclanfm.com\/clanespectaculos\/wp-json\/wp\/v2\/comments?post=20271"}],"version-history":[{"count":1,"href":"https:\/\/radioclanfm.com\/clanespectaculos\/wp-json\/wp\/v2\/posts\/20271\/revisions"}],"predecessor-version":[{"id":20273,"href":"https:\/\/radioclanfm.com\/clanespectaculos\/wp-json\/wp\/v2\/posts\/20271\/revisions\/20273"}],"wp:featuredmedia":[{"embeddable":true,"href":"https:\/\/radioclanfm.com\/clanespectaculos\/wp-json\/wp\/v2\/media\/20272"}],"wp:attachment":[{"href":"https:\/\/radioclanfm.com\/clanespectaculos\/wp-json\/wp\/v2\/media?parent=20271"}],"wp:term":[{"taxonomy":"category","embeddable":true,"href":"https:\/\/radioclanfm.com\/clanespectaculos\/wp-json\/wp\/v2\/categories?post=20271"},{"taxonomy":"post_tag","embeddable":true,"href":"https:\/\/radioclanfm.com\/clanespectaculos\/wp-json\/wp\/v2\/tags?post=20271"}],"curies":[{"name":"wp","href":"https:\/\/api.w.org\/{rel}","templated":true}]}}