{"id":20268,"date":"2026-09-05T20:58:28","date_gmt":"2026-09-05T23:58:28","guid":{"rendered":"https:\/\/radioclanfm.com\/clanespectaculos\/?p=20268"},"modified":"2026-09-05T20:58:28","modified_gmt":"2026-09-05T23:58:28","slug":"de-las-fragancias-de-autor-a-la-neurociencia-las-tendencias-que-estan-cambiando-la-forma-de-perfumarse","status":"publish","type":"post","link":"https:\/\/radioclanfm.com\/clanespectaculos\/de-las-fragancias-de-autor-a-la-neurociencia-las-tendencias-que-estan-cambiando-la-forma-de-perfumarse\/","title":{"rendered":"De las fragancias de autor a la neurociencia: las tendencias que est\u00e1n cambiando la forma de perfumarse"},"content":{"rendered":"<p>De los aromas gourmand al \u201cguardarropa olfativo\u201d, la perfumer\u00eda explora nuevas formas de conectar con la identidad, los recuerdos y las emociones.<\/p>\n<div class=\"col-content\"><main class=\"col-content\"><\/p>\n<div class=\"default-article-color article__body article__article\">\n<p class=\"paragraph font__body-regular\">Durante d\u00e9cadas, encontrar un perfume implicaba encontrar \u201cel\u201d perfume:\u00a0una fragancia\u00a0que se convert\u00eda en firma personal y pod\u00eda acompa\u00f1ar durante a\u00f1os. Esa l\u00f3gica est\u00e1 cambiando. Hoy, el mundo de las fragancias explora nuevas formas de relacionarse con el olfato:\u00a0<b>perfumes para distintos estados de \u00e1nimo, aromas inspirados en comidas y bebidas, combinaciones personalizadas<\/b>\u00a0y hasta investigaciones sobre c\u00f3mo determinadas composiciones pueden influir en\u00a0<b>las emociones.<\/b><\/p>\n<div class=\"st-inarticle-slot\">\n<div id=\"standard_1\" class=\"st-placement inArticle standard_1\">\n<div class=\"st-adunit st-adunit-tagged st-adunit-inarticle st-reset st-show goku\" data-testid=\"adunit\">\n<div class=\"st-adunit-ad st-reset\" data-testid=\"adunit-ad\">\n<div class=\"st-display-render st-reset open st-controls\" data-testid=\"controls\">\n<div class=\"st-canvas st-reset horizontal-static\" data-testid=\"canvas\">\n<div class=\"st-reset video-container\" data-testid=\"video-container\">\n<div>\n<div><\/div>\n<\/div>\n<\/div>\n<\/div>\n<\/div>\n<\/div>\n<\/div>\n<\/div>\n<\/div>\n<p class=\"paragraph font__body-regular\">La transformaci\u00f3n no pasa solamente por la cantidad de lanzamientos. Tambi\u00e9n cambi\u00f3 la pregunta que se hacen los consumidores. Ya no se trata \u00fanicamente de\u00a0<b>\u201c\u00bfa qu\u00e9 quiero oler?\u201d<\/b>, sino tambi\u00e9n de\u00a0<b>\u201c\u00bfc\u00f3mo quiero sentirme?\u201d o \u201c\u00bfqu\u00e9 quiero transmitir?\u201d<\/b>.<\/p>\n<div class=\"marfeel-readmore-slot\"><\/div>\n<p class=\"paragraph font__body-regular\">En ese escenario aparecen varias tendencias que atraviesan tanto la perfumer\u00eda masiva como las propuestas de lujo y de autor.<\/p>\n<h2 class=\"font--primary font__display\">Del perfume \u00fanico al guardarropa olfativo<\/h2>\n<p class=\"paragraph font__body-regular\">Una de las expresiones m\u00e1s claras de este cambio es el\u00a0<i><b>fragrance wardrobe<\/b><\/i><b>\u00a0o guardarropa de fragancias<\/b>: una colecci\u00f3n de perfumes para diferentes momentos, ocasiones, estaciones o estados de \u00e1nimo.<\/p>\n<figure class=\"\" data-testid=\"figure-testid\">\n<div class=\"aspect_ratio__container\"><picture class=\"responsive-image\"><source srcset=\"https:\/\/tn.com.ar\/resizer\/v2\/las-fragancias-se-diversifican-y-acompanan-distintos-momentos-estilos-y-estados-de-animo-foto-adobe-stock-RTJULV7CPNCZDONHTMNA7KCWCQ.jpg?auth=4b9d1fb8c11b33f53947290893cab92e35d87cefadfa9379de99b2b8915a1857&amp;width=767\" media=\"(max-width: 728px)\" \/><source srcset=\"https:\/\/tn.com.ar\/resizer\/v2\/las-fragancias-se-diversifican-y-acompanan-distintos-momentos-estilos-y-estados-de-animo-foto-adobe-stock-RTJULV7CPNCZDONHTMNA7KCWCQ.jpg?auth=4b9d1fb8c11b33f53947290893cab92e35d87cefadfa9379de99b2b8915a1857&amp;width=1023\" media=\"(max-width: 1023px)\" \/><source srcset=\"https:\/\/tn.com.ar\/resizer\/v2\/las-fragancias-se-diversifican-y-acompanan-distintos-momentos-estilos-y-estados-de-animo-foto-adobe-stock-RTJULV7CPNCZDONHTMNA7KCWCQ.jpg?auth=4b9d1fb8c11b33f53947290893cab92e35d87cefadfa9379de99b2b8915a1857&amp;width=1440\" \/><img loading=\"lazy\" decoding=\"async\" class=\"image content-image image_placeholder\" src=\"https:\/\/tn.com.ar\/resizer\/v2\/las-fragancias-se-diversifican-y-acompanan-distintos-momentos-estilos-y-estados-de-animo-foto-adobe-stock-RTJULV7CPNCZDONHTMNA7KCWCQ.jpg?auth=4b9d1fb8c11b33f53947290893cab92e35d87cefadfa9379de99b2b8915a1857&amp;width=767\" alt=\"Las fragancias se diversifican y acompa\u00f1an distintos momentos, estilos y estados de \u00e1nimo (Foto: Adobe Stock)\" width=\"767\" height=\"511\" data-testid=\"loading-testid\" \/><\/picture><\/div><figcaption class=\"caption_image\" data-testid=\"figcaption-testid\">\n<div class=\"image_caption \">Las fragancias se diversifican y acompa\u00f1an distintos momentos, estilos y estados de \u00e1nimo (Foto: Adobe Stock)<\/div>\n<\/figcaption><\/figure>\n<p class=\"paragraph font__body-regular\">La idea fue destacada entre las tendencias de perfumer\u00eda de 2026 y plantea una relaci\u00f3n m\u00e1s flexible con el perfume. En lugar de buscar una \u00fanica fragancia que represente a una persona para siempre, se construye un repertorio que acompa\u00f1a\u00a0<b>diferentes versiones de uno mismo.<\/b><\/p>\n<p class=\"paragraph font__body-regular\">El concepto aparece, por ejemplo, en la propuesta de Paula Cahen D\u2019Anvers, que organiza su\u00a0<b>universo de fragancias alrededor de distintas situaciones y emociones<\/b>: desde una opci\u00f3n cotidiana y luminosa hasta composiciones m\u00e1s profundas para momentos \u00edntimos.<\/p>\n<p class=\"paragraph font__body-regular\">El<b>\u00a0<\/b><i><b>layering<\/b><\/i><b>\u00a0<\/b>lleva esa personalizaci\u00f3n todav\u00eda m\u00e1s lejos. Consiste en\u00a0<b>superponer fragancias<\/b>\u00a0para crear una combinaci\u00f3n propia y modificar el resultado final. La pr\u00e1ctica tiene una larga tradici\u00f3n en la perfumer\u00eda de Medio Oriente y gan\u00f3 popularidad junto con el crecimiento internacional de las fragancias de inspiraci\u00f3n \u00e1rabe.<\/p>\n<p class=\"paragraph font__body-regular\">En Argentina, ese fen\u00f3meno tambi\u00e9n se refleja en el inter\u00e9s creciente por perfumes intensos, especiados y de alta fijaci\u00f3n. Las propuestas inspiradas en Medio Oriente ponen en primer plano<b>\u00a0ingredientes como el azafr\u00e1n, el oud y la mirra<\/b>\u00a0y recuperan una est\u00e9tica de mayor intensidad y permanencia.<\/p>\n<p class=\"paragraph font__body-regular\">As\u00ed, el perfume empieza a funcionar menos como una firma inalterable y m\u00e1s como parte de un\u00a0<b>guardarropa personal<\/b>.<\/p>\n<h2 class=\"font--primary font__display\">El perfume entra en la cafeter\u00eda<\/h2>\n<p class=\"paragraph font__body-regular\">Mientras crece la libertad para elegir c\u00f3mo perfumarse, otra tendencia se vuelve cada vez m\u00e1s visible: el<b>\u00a0avance de las fragancias\u00a0<\/b><i><b>gourmand<\/b><\/i><b>.<\/b><\/p>\n<p class=\"paragraph font__body-regular\">Pero ya no se trata solamente de vainilla y caramelo. El lenguaje de la gastronom\u00eda se ampli\u00f3 y ahora incluye\u00a0<b>caf\u00e9, pistacho, matcha, pralin\u00e9, leche, miel, avellana, malvavisco\u00a0<\/b>y hasta referencias a helados y bebidas.<\/p>\n<p class=\"paragraph font__body-regular\">DKNY llev\u00f3 esta tendencia directamente a su colecci\u00f3n Be Delicious Latte, inspirada en la cultura del caf\u00e9 de Nueva York, con versiones de\u00a0<b>pistacho, matcha y vainilla<\/b>. Moschino, por su parte, construy\u00f3 Toy 2 Gummy alrededor de un imaginario de<b>\u00a0golosinas<\/b>, con notas de avellana, pralin\u00e9, leche cremosa y vainilla.<\/p>\n<figure class=\"\" data-testid=\"figure-testid\">\n<div class=\"aspect_ratio__container\"><picture class=\"responsive-image\"><source srcset=\"https:\/\/tn.com.ar\/resizer\/v2\/las-notas-gourmand-ganan-protagonismo-y-llevan-al-perfume-aromas-asociados-a-la-gastronomia-foto-dkny-TM62MHJPHREJJPHV5QBG7FRPNA.jpg?auth=b7283663e3530162349664f39142441f466f16a3312dacad2cb0f306faf3f921&amp;width=767\" media=\"(max-width: 728px)\" \/><source srcset=\"https:\/\/tn.com.ar\/resizer\/v2\/las-notas-gourmand-ganan-protagonismo-y-llevan-al-perfume-aromas-asociados-a-la-gastronomia-foto-dkny-TM62MHJPHREJJPHV5QBG7FRPNA.jpg?auth=b7283663e3530162349664f39142441f466f16a3312dacad2cb0f306faf3f921&amp;width=1023\" media=\"(max-width: 1023px)\" \/><source srcset=\"https:\/\/tn.com.ar\/resizer\/v2\/las-notas-gourmand-ganan-protagonismo-y-llevan-al-perfume-aromas-asociados-a-la-gastronomia-foto-dkny-TM62MHJPHREJJPHV5QBG7FRPNA.jpg?auth=b7283663e3530162349664f39142441f466f16a3312dacad2cb0f306faf3f921&amp;width=1440\" \/><img loading=\"lazy\" decoding=\"async\" class=\"image content-image image_placeholder\" src=\"https:\/\/tn.com.ar\/resizer\/v2\/las-notas-gourmand-ganan-protagonismo-y-llevan-al-perfume-aromas-asociados-a-la-gastronomia-foto-dkny-TM62MHJPHREJJPHV5QBG7FRPNA.jpg?auth=b7283663e3530162349664f39142441f466f16a3312dacad2cb0f306faf3f921&amp;width=767\" alt=\"Las notas gourmand ganan protagonismo y llevan al perfume aromas asociados a la gastronom\u00eda (Foto: DKNY)\" width=\"767\" height=\"767\" data-testid=\"loading-testid\" \/><\/picture><\/div><figcaption class=\"caption_image\" data-testid=\"figcaption-testid\">\n<div class=\"image_caption \">Las notas gourmand ganan protagonismo y llevan al perfume aromas asociados a la gastronom\u00eda (Foto: DKNY)<\/div>\n<\/figcaption><\/figure>\n<p class=\"paragraph font__body-regular\">Otros lanzamientos muestran que esta tendencia no se limita a los perfumes expl\u00edcitamente dulces. En la nueva fragancia de Zadig&amp;Voltaire, por ejemplo, la vainilla se combina con s\u00e9samo blanco y negro, jengibre, azahar y s\u00e1ndalo. En Aura, de Paula Cahen D\u2019Anvers, aparece junto con miel, leche, heliotropo, \u00e1mbar y patchouli.<\/p>\n<p class=\"paragraph font__body-regular\">La consecuencia es que \u201cgourmand\u201d ya no significa necesariamente \u201coler como un postre\u201d. El concepto se ampli\u00f3 hacia\u00a0<b>texturas y sensaciones<\/b>: cremosidad, calidez, suavidad, confort y sensualidad.<\/p>\n<p class=\"paragraph font__body-regular\">La\u00a0<b>vainilla<\/b>\u00a0funciona como uno de los grandes hilos conductores. Tambi\u00e9n aparece en los nuevos lanzamientos de Dolce&amp;Gabbana y Versace, combinada respectivamente con flores y frutas, y con malvavisco y almizcle. Issey Miyake, en tanto, suma pistacho y s\u00e1ndalo cremoso a una composici\u00f3n luminosa.<\/p>\n<p class=\"paragraph font__body-regular\">El resultado es una perfumer\u00eda que toma cada vez m\u00e1s elementos de la\u00a0<b>gastronom\u00eda<\/b>, pero los transforma en algo m\u00e1s complejo que una simple reproducci\u00f3n de un alimento.<\/p>\n<h2 class=\"font--primary font__display\">\u00bfPuede un perfume hacernos sentir mejor?<\/h2>\n<p class=\"paragraph font__body-regular\">El movimiento m\u00e1s llamativo ocurre en otro terreno: el perfume empieza a presentarse como una<b>\u00a0herramienta vinculada con las emociones.<\/b><\/p>\n<p class=\"paragraph font__body-regular\">Natura reformul\u00f3 su l\u00ednea Humor alrededor de tres conceptos:<b>\u00a0energ\u00eda, confianza y optimismo.\u00a0<\/b>Las asociaciones fueron evaluadas mediante pruebas sensoriales con m\u00e1s de 150 personas.<\/p>\n<p class=\"paragraph font__body-regular\">La alta perfumer\u00eda tambi\u00e9n est\u00e1 explorando esta v\u00eda. La colecci\u00f3n Supercharged de INITIO fue desarrollada alrededor de investigaciones sobre la<b>\u00a0relaci\u00f3n entre olfato y emociones\u00a0<\/b>y utiliza herramientas destinadas a estudiar las respuestas frente a determinadas composiciones.<\/p>\n<p class=\"paragraph font__body-regular\">La afirmaci\u00f3n necesita, sin embargo, una precisi\u00f3n:\u00a0<b>un perfume no funciona como un bot\u00f3n universal de la felicidad<\/b>. Que una fragancia sea desarrollada para acompa\u00f1ar una emoci\u00f3n determinada no significa que vaya a producir exactamente la misma respuesta en todas las personas.<\/p>\n<p class=\"paragraph font__body-regular\">Lo que s\u00ed est\u00e1 ampliamente estudiado es la relaci\u00f3n entre\u00a0<b>olfato, memoria y emociones.<\/b><\/p>\n<p class=\"paragraph font__body-regular\">El sistema olfativo mantiene conexiones particularmente estrechas con estructuras cerebrales relacionadas con la memoria y el procesamiento emocional, como la am\u00edgdala y el hipocampo. Por eso un olor puede desencadenar\u00a0<b>recuerdos autobiogr\u00e1ficos especialmente v\u00edvidos y cargados de emoci\u00f3n.<\/b><\/p>\n<p class=\"paragraph font__body-regular\">La experiencia tambi\u00e9n depende de la historia individual: el olor de una determinada vainilla puede resultar reconfortante para una persona y completamente indiferente para otra. Las<b>\u00a0asociaciones que construimos a lo largo de la vida\u00a0<\/b>tienen un papel central.<\/p>\n<p class=\"paragraph font__body-regular\">La industria est\u00e1 intentando aprovechar justamente ese v\u00ednculo. La nueva pregunta no es solamente c\u00f3mo crear un perfume agradable, sino\u00a0<b>qu\u00e9 experiencia puede construir alrededor de \u00e9l<\/b>.<\/p>\n<h2 class=\"font--primary font__display\">La neurociencia entra en el laboratorio<\/h2>\n<p class=\"paragraph font__body-regular\">Esta b\u00fasqueda tambi\u00e9n modifica la manera en que se desarrollan las fragancias.<\/p>\n<p class=\"paragraph font__body-regular\">El caso de INITIO es especialmente ilustrativo porque su propuesta incorpora investigaciones sobre las<b>\u00a0respuestas emocionales<\/b>\u00a0frente a composiciones completas y utiliza herramientas como electroencefalograf\u00eda, mediciones fisiol\u00f3gicas y an\u00e1lisis de respuestas conductuales.<\/p>\n<figure class=\"\" data-testid=\"figure-testid\">\n<div class=\"aspect_ratio__container\"><picture class=\"responsive-image\"><source srcset=\"https:\/\/tn.com.ar\/resizer\/v2\/la-relacion-entre-olfato-memoria-y-emociones-despierta-el-interes-de-la-industria-de-la-perfumeria-foto-adobe-stock-AHCUXVHTMVH2FJTBJ6TNGGNLUU.jpg?auth=df94e81c4657af5c2c6be12c0e9a71dee787778edadf60dc2fbe3ee8952c2fcd&amp;width=767\" media=\"(max-width: 728px)\" \/><source srcset=\"https:\/\/tn.com.ar\/resizer\/v2\/la-relacion-entre-olfato-memoria-y-emociones-despierta-el-interes-de-la-industria-de-la-perfumeria-foto-adobe-stock-AHCUXVHTMVH2FJTBJ6TNGGNLUU.jpg?auth=df94e81c4657af5c2c6be12c0e9a71dee787778edadf60dc2fbe3ee8952c2fcd&amp;width=1023\" media=\"(max-width: 1023px)\" \/><source srcset=\"https:\/\/tn.com.ar\/resizer\/v2\/la-relacion-entre-olfato-memoria-y-emociones-despierta-el-interes-de-la-industria-de-la-perfumeria-foto-adobe-stock-AHCUXVHTMVH2FJTBJ6TNGGNLUU.jpg?auth=df94e81c4657af5c2c6be12c0e9a71dee787778edadf60dc2fbe3ee8952c2fcd&amp;width=1440\" \/><img loading=\"lazy\" decoding=\"async\" class=\"image content-image image_placeholder\" src=\"https:\/\/tn.com.ar\/resizer\/v2\/la-relacion-entre-olfato-memoria-y-emociones-despierta-el-interes-de-la-industria-de-la-perfumeria-foto-adobe-stock-AHCUXVHTMVH2FJTBJ6TNGGNLUU.jpg?auth=df94e81c4657af5c2c6be12c0e9a71dee787778edadf60dc2fbe3ee8952c2fcd&amp;width=767\" alt=\"La relaci\u00f3n entre olfato, memoria y emociones despierta el inter\u00e9s de la industria de la perfumer\u00eda (Foto: Adobe Stock)\" width=\"767\" height=\"432\" data-testid=\"loading-testid\" \/><\/picture><\/div><figcaption class=\"caption_image\" data-testid=\"figcaption-testid\">\n<div class=\"image_caption \">La relaci\u00f3n entre olfato, memoria y emociones despierta el inter\u00e9s de la industria de la perfumer\u00eda (Foto: Adobe Stock)<\/div>\n<\/figcaption><\/figure>\n<p class=\"paragraph font__body-regular\">Esto no significa que la perfumer\u00eda haya encontrado una f\u00f3rmula cient\u00edfica para fabricar emociones a voluntad. S\u00ed muestra, en cambio, hacia d\u00f3nde apunta una parte de la industria: combinar el conocimiento tradicional del perfumista con<b>\u00a0herramientas provenientes de la neurociencia y la investigaci\u00f3n sensorial.<\/b><\/p>\n<p class=\"paragraph font__body-regular\">El objetivo es entender mejor algo que los consumidores ya experimentan de manera intuitiva: que\u00a0<b>un perfume puede cambiar la percepci\u00f3n de un momento,<\/b>\u00a0activar un recuerdo o modificar la manera en que sentimos nuestra propia presencia.<\/p>\n<h2 class=\"font--primary font__display\">Ingredientes conocidos, tecnolog\u00edas nuevas<\/h2>\n<p class=\"paragraph font__body-regular\">La innovaci\u00f3n no est\u00e1 solamente en las notas. Tambi\u00e9n aparece en la manera de\u00a0<b>recuperar, extraer y trabajar materias primas<\/b>\u00a0tradicionales.<\/p>\n<p class=\"paragraph font__body-regular\">El nuevo L\u2019Heure Bleue Eau de Parfum de Guerlain es un buen ejemplo. La fragancia retoma una creaci\u00f3n originalmente concebida por Jacques Guerlain en 1912 y conserva dos de sus ingredientes emblem\u00e1ticos,<b>\u00a0el iris y la vainilla<\/b>, pero incorpora una nueva materia prima:<b>\u00a0una tintura de iris<\/b>\u00a0desarrollada especialmente para la Maison.<\/p>\n<p class=\"paragraph font__body-regular\">El desarrollo llev\u00f3\u00a0<b>tres a\u00f1os de trabajo<\/b>\u00a0junto con los equipos de la planta de Guerlain en Orphin, Francia, con el objetivo de capturar la flor en una expresi\u00f3n diferente. El resultado combina un acorde oz\u00f3nico, fresco y et\u00e9reo, con la textura aterciopelada del iris y la calidez de la vainilla.<\/p>\n<p class=\"paragraph font__body-regular\">El caso muestra otra de las b\u00fasquedas que atraviesan hoy a la perfumer\u00eda:\u00a0<b>mirar hacia atr\u00e1s para innovar hacia adelante<\/b>. En lugar de abandonar las materias primas y las f\u00f3rmulas que construyeron la historia de una Maison, la industria busca nuevas maneras de interpretarlas.<\/p>\n<p class=\"paragraph font__body-regular\">Algo similar sucede con otros\u00a0lanzamientos.Kenzo\u00a0, por ejemplo, desarroll\u00f3 L\u2019Eau Ambr\u00e9e utilizando una tecnolog\u00eda de extracci\u00f3n que aprovecha el agua presente en las c\u00e9lulas de la materia vegetal y\u00a0<b>evita la utilizaci\u00f3n de solventes<\/b>. La marca presenta adem\u00e1s una f\u00f3rmula con 90% de ingredientes de origen natural, alcohol procedente de remolacha y un frasco que incorpora vidrio reciclado.<\/p>\n<p class=\"paragraph font__body-regular\">En Zadig&amp;Voltaire, la f\u00f3rmula de ZADIG se presenta como vegana y con un\u00a0<b>89% de ingredientes de origen natural<\/b>, mientras que la marca destaca el uso de extracci\u00f3n con CO\u2082 para determinados ingredientes.<\/p>\n<figure class=\"\" data-testid=\"figure-testid\">\n<div class=\"aspect_ratio__container\"><picture class=\"responsive-image\"><source srcset=\"https:\/\/tn.com.ar\/resizer\/v2\/de-las-fragancias-de-autor-a-la-neurociencia-las-tendencias-que-estan-cambiando-la-forma-de-perfumarse-ESFAEN7QQJCLDLZFRONTYVTCQ4.jpg?auth=328b51403207890147194dd2f64b5c177f30fafb7de0df068811bf5448b5e304&amp;width=767\" media=\"(max-width: 728px)\" \/><source srcset=\"https:\/\/tn.com.ar\/resizer\/v2\/de-las-fragancias-de-autor-a-la-neurociencia-las-tendencias-que-estan-cambiando-la-forma-de-perfumarse-ESFAEN7QQJCLDLZFRONTYVTCQ4.jpg?auth=328b51403207890147194dd2f64b5c177f30fafb7de0df068811bf5448b5e304&amp;width=1023\" media=\"(max-width: 1023px)\" \/><source srcset=\"https:\/\/tn.com.ar\/resizer\/v2\/de-las-fragancias-de-autor-a-la-neurociencia-las-tendencias-que-estan-cambiando-la-forma-de-perfumarse-ESFAEN7QQJCLDLZFRONTYVTCQ4.jpg?auth=328b51403207890147194dd2f64b5c177f30fafb7de0df068811bf5448b5e304&amp;width=1440\" \/><img loading=\"lazy\" decoding=\"async\" class=\"image content-image image_placeholder\" src=\"https:\/\/tn.com.ar\/resizer\/v2\/de-las-fragancias-de-autor-a-la-neurociencia-las-tendencias-que-estan-cambiando-la-forma-de-perfumarse-ESFAEN7QQJCLDLZFRONTYVTCQ4.jpg?auth=328b51403207890147194dd2f64b5c177f30fafb7de0df068811bf5448b5e304&amp;width=767\" alt=\"De las fragancias de autor a la neurociencia: las tendencias que est\u00e1n cambiando la forma de perfumarse\" width=\"767\" height=\"431\" data-testid=\"loading-testid\" \/><\/picture><\/div><figcaption class=\"caption_image featured_image\" data-testid=\"figcaption-testid\">\n<div class=\"image_caption \"><\/div>\n<\/figcaption><\/figure>\n<p class=\"paragraph font__body-regular\">As\u00ed, la innovaci\u00f3n convive con una reivindicaci\u00f3n de las materias primas y del\u00a0<i>savoir-faire<\/i>:\u00a0<b>la perfumer\u00eda contempor\u00e1nea no necesariamente busca inventar nuevos ingredientes, sino encontrar nuevas formas de hacerlos hablar<\/b>.<\/p>\n<p class=\"paragraph font__body-regular\">Estos desarrollos muestran otro cambio de la industria: la sustentabilidad empieza a involucrar\u00a0<b>la materia prima, la extracci\u00f3n, la f\u00f3rmula y el envase<\/b>, y no solamente el discurso que acompa\u00f1a al producto.<\/p>\n<p class=\"paragraph font__body-regular\">En paralelo, el\u00a0<b>auge de la perfumer\u00eda \u00e1rabe<\/b>\u00a0pone en valor ingredientes tradicionales y de gran intensidad, como el azafr\u00e1n y el oud, mientras propuestas como Natura Essencial Safran buscan combinarlos con materias primas provenientes de la biodiversidad amaz\u00f3nica.<\/p>\n<p class=\"paragraph font__body-regular\">La innovaci\u00f3n, entonces, ocurre en dos direcciones: recuperar saberes e ingredientes tradicionales y, al mismo tiempo,\u00a0<b>aplicar nuevas tecnolog\u00edas\u00a0<\/b>para transformarlos.<\/p>\n<h2 class=\"font--primary font__display\">Cuando el perfume se convierte en moda, m\u00fasica y memoria<\/h2>\n<p class=\"paragraph font__body-regular\">El perfume tambi\u00e9n dej\u00f3 de vivir exclusivamente dentro de la perfumer\u00eda.<\/p>\n<p class=\"paragraph font__body-regular\">Las marcas buscan construir\u00a0<b>universos completos<\/b>\u00a0alrededor de una fragancia. Moda, m\u00fasica, dise\u00f1o, gastronom\u00eda y nostalgia forman parte de ese nuevo lenguaje.<\/p>\n<p class=\"paragraph font__body-regular\">Zadig&amp;Voltaire presenta ZADIG como una extensi\u00f3n de su\u00a0<b>identidad de moda<\/b>, mientras que Xerjoff trabaj\u00f3 junto a\u00a0<b>Duran Duran\u00a0<\/b>para crear una colecci\u00f3n que conecta perfumer\u00eda de lujo y m\u00fasica.<\/p>\n<p class=\"paragraph font__body-regular\">Avon, por otro lado, recupera referencias de su propia historia con una colecci\u00f3n inspirada en\u00a0<b>fragancias ic\u00f3nicas<\/b>\u00a0de la marca. Moschino apela a los colores pop, las golosinas y\u00a0<b>el imaginario de la infancia<\/b>.<\/p>\n<figure class=\"\" data-testid=\"figure-testid\">\n<div class=\"aspect_ratio__container\"><picture class=\"responsive-image\"><source srcset=\"https:\/\/tn.com.ar\/resizer\/v2\/el-diseno-de-los-frascos-tambien-se-transforma-y-convierte-a-las-fragancias-en-objetos-de-deseo-y-coleccion-foto-moschino-IN4POGPG65BH7KYRJCCW2LGZFE.jpg?auth=332a2290a456f3640a4668c678a48adbc6d6864feb61070194fc497ad76add13&amp;width=767\" media=\"(max-width: 728px)\" \/><source srcset=\"https:\/\/tn.com.ar\/resizer\/v2\/el-diseno-de-los-frascos-tambien-se-transforma-y-convierte-a-las-fragancias-en-objetos-de-deseo-y-coleccion-foto-moschino-IN4POGPG65BH7KYRJCCW2LGZFE.jpg?auth=332a2290a456f3640a4668c678a48adbc6d6864feb61070194fc497ad76add13&amp;width=1023\" media=\"(max-width: 1023px)\" \/><source srcset=\"https:\/\/tn.com.ar\/resizer\/v2\/el-diseno-de-los-frascos-tambien-se-transforma-y-convierte-a-las-fragancias-en-objetos-de-deseo-y-coleccion-foto-moschino-IN4POGPG65BH7KYRJCCW2LGZFE.jpg?auth=332a2290a456f3640a4668c678a48adbc6d6864feb61070194fc497ad76add13&amp;width=1440\" \/><img loading=\"lazy\" decoding=\"async\" class=\"image content-image image_placeholder\" src=\"https:\/\/tn.com.ar\/resizer\/v2\/el-diseno-de-los-frascos-tambien-se-transforma-y-convierte-a-las-fragancias-en-objetos-de-deseo-y-coleccion-foto-moschino-IN4POGPG65BH7KYRJCCW2LGZFE.jpg?auth=332a2290a456f3640a4668c678a48adbc6d6864feb61070194fc497ad76add13&amp;width=767\" alt=\"El dise\u00f1o de los frascos tambi\u00e9n se transforma y convierte a las fragancias en objetos de deseo y colecci\u00f3n (foto: Moschino)\" width=\"767\" height=\"767\" data-testid=\"loading-testid\" \/><\/picture><\/div><figcaption class=\"caption_image\" data-testid=\"figcaption-testid\">\n<div class=\"image_caption \">El dise\u00f1o de los frascos tambi\u00e9n se transforma y convierte a las fragancias en objetos de deseo y colecci\u00f3n (foto: Moschino)<\/div>\n<\/figcaption><\/figure>\n<p class=\"paragraph font__body-regular\">En todos los casos, el frasco, la campa\u00f1a, las notas y la historia forman parte de una misma experiencia.<\/p>\n<h2 class=\"font--primary font__display\">Ya no es \u201cel perfume\u201d: son muchas versiones de uno mismo<\/h2>\n<p class=\"paragraph font__body-regular\">Todas estas tendencias parecen apuntar hacia el mismo lugar.<\/p>\n<p class=\"paragraph font__body-regular\">El perfume se est\u00e1 volviendo\u00a0<b>m\u00e1s flexible, m\u00e1s experimental y m\u00e1s ligado a la identidad<\/b>. Puede elegirse para una ocasi\u00f3n, combinarse con otro, asociarse a un estado de \u00e1nimo, evocar un recuerdo o simplemente convertirse en una fuente de placer sensorial.<\/p>\n<p class=\"paragraph font__body-regular\">El<b>\u00a0<\/b><i><b>fragrance wardrobe<\/b><\/i>\u00a0resume bien ese cambio: una persona puede tener un perfume para todos los d\u00edas, otro para salir de noche, uno fresco para el verano, uno gourmand para buscar confort y otro que simplemente le gusta porque representa una determinada versi\u00f3n de s\u00ed misma.<\/p>\n<p class=\"paragraph font__body-regular\">Por eso, quiz\u00e1s el gran cambio de la perfumer\u00eda contempor\u00e1nea no sea que aparezcan nuevos ingredientes o m\u00e1s lanzamientos. Es que el perfume dej\u00f3 de ser necesariamente una firma \u00fanica para convertirse en<b>\u00a0una forma de expresi\u00f3n que puede cambiar con nosotros<\/b>.<\/p>\n<\/div>\n<p><\/main><\/div>\n<aside class=\"col-right-rail right-rail\">\n<div id=\"parent-ad-slot-caja\" class=\"ad-container caja_ad \">\n<div class=\"ad-content\">\n<div id=\"ad-slot-caja\" class=\"ad-slot-caja ad-slot\" data-adtype=\"caja\" data-is_original=\"1\" data-lazyload=\"1\" data-google-query-id=\"CMzsk7DS2JYDFUY3uQYdvCwGgQ\"><\/div>\n<\/div>\n<\/div>\n<\/aside>\n","protected":false},"excerpt":{"rendered":"<p>De los aromas gourmand al \u201cguardarropa olfativo\u201d, la perfumer\u00eda explora nuevas formas de conectar con la identidad, los recuerdos y las emociones. Durante d\u00e9cadas, encontrar un perfume implicaba encontrar \u201cel\u201d perfume:\u00a0una fragancia\u00a0que se convert\u00eda en firma personal y pod\u00eda acompa\u00f1ar durante a\u00f1os. Esa l\u00f3gica est\u00e1 cambiando. Hoy, el mundo de las fragancias explora nuevas formas [&hellip;]<\/p>\n","protected":false},"author":1,"featured_media":20269,"comment_status":"open","ping_status":"open","sticky":false,"template":"","format":"standard","meta":{"rop_custom_images_group":[],"rop_custom_messages_group":[],"rop_publish_now":"initial","rop_publish_now_accounts":[],"rop_publish_now_history":[],"rop_publish_now_status":"pending","footnotes":"","jetpack_publicize_message":"","jetpack_publicize_feature_enabled":true,"jetpack_social_post_already_shared":true,"jetpack_social_options":{"image_generator_settings":{"template":"highway","enabled":false},"version":2}},"categories":[16],"tags":[],"class_list":["post-20268","post","type-post","status-publish","format-standard","has-post-thumbnail","category-tendencias"],"jetpack_publicize_connections":[],"yoast_head":"<!-- This site is optimized with the Yoast SEO plugin v28.2 - https:\/\/yoast.com\/product\/yoast-seo-wordpress\/ -->\n<title>De las fragancias de autor a la neurociencia: las tendencias que est\u00e1n cambiando la forma de perfumarse - CLAN ESPECTACULOS<\/title>\n<meta name=\"robots\" content=\"index, follow, max-snippet:-1, max-image-preview:large, max-video-preview:-1\" \/>\n<link rel=\"canonical\" href=\"https:\/\/radioclanfm.com\/clanespectaculos\/de-las-fragancias-de-autor-a-la-neurociencia-las-tendencias-que-estan-cambiando-la-forma-de-perfumarse\/\" \/>\n<meta property=\"og:locale\" content=\"es_ES\" \/>\n<meta property=\"og:type\" content=\"article\" \/>\n<meta property=\"og:title\" content=\"De las fragancias de autor a la neurociencia: las tendencias que est\u00e1n cambiando la forma de perfumarse - CLAN ESPECTACULOS\" \/>\n<meta property=\"og:description\" content=\"De los aromas gourmand al \u201cguardarropa olfativo\u201d, la perfumer\u00eda explora nuevas formas de conectar con la identidad, los recuerdos y las emociones. Durante d\u00e9cadas, encontrar un perfume implicaba encontrar \u201cel\u201d perfume:\u00a0una fragancia\u00a0que se convert\u00eda en firma personal y pod\u00eda acompa\u00f1ar durante a\u00f1os. Esa l\u00f3gica est\u00e1 cambiando. Hoy, el mundo de las fragancias explora nuevas formas [&hellip;]\" \/>\n<meta property=\"og:url\" content=\"https:\/\/radioclanfm.com\/clanespectaculos\/de-las-fragancias-de-autor-a-la-neurociencia-las-tendencias-que-estan-cambiando-la-forma-de-perfumarse\/\" \/>\n<meta property=\"og:site_name\" content=\"CLAN ESPECTACULOS\" \/>\n<meta property=\"article:publisher\" content=\"https:\/\/www.facebook.com\/clanespectaculos\/\" \/>\n<meta property=\"article:published_time\" content=\"2026-09-05T23:58:28+00:00\" \/>\n<meta property=\"og:image\" content=\"https:\/\/radioclanfm.com\/clanespectaculos\/wp-content\/uploads\/sites\/2\/2026\/09\/Fs49MMhm.jpg\" \/>\n\t<meta property=\"og:image:width\" content=\"900\" \/>\n\t<meta property=\"og:image:height\" content=\"600\" \/>\n\t<meta property=\"og:image:type\" content=\"image\/jpeg\" \/>\n<meta name=\"author\" content=\"E-GRUPOCLAN\" \/>\n<meta name=\"twitter:card\" content=\"summary_large_image\" \/>\n<meta name=\"twitter:creator\" content=\"@clanespectok\" \/>\n<meta name=\"twitter:site\" content=\"@clanespectok\" \/>\n<meta name=\"twitter:label1\" content=\"Escrito por\" \/>\n\t<meta name=\"twitter:data1\" content=\"E-GRUPOCLAN\" \/>\n\t<meta name=\"twitter:label2\" content=\"Tiempo de lectura\" \/>\n\t<meta name=\"twitter:data2\" content=\"10 minutos\" \/>\n<script type=\"application\/ld+json\" class=\"yoast-schema-graph\">{\"@context\":\"https:\\\/\\\/schema.org\",\"@graph\":[{\"@type\":\"Article\",\"@id\":\"https:\\\/\\\/radioclanfm.com\\\/clanespectaculos\\\/de-las-fragancias-de-autor-a-la-neurociencia-las-tendencias-que-estan-cambiando-la-forma-de-perfumarse\\\/#article\",\"isPartOf\":{\"@id\":\"https:\\\/\\\/radioclanfm.com\\\/clanespectaculos\\\/de-las-fragancias-de-autor-a-la-neurociencia-las-tendencias-que-estan-cambiando-la-forma-de-perfumarse\\\/\"},\"author\":{\"name\":\"E-GRUPOCLAN\",\"@id\":\"https:\\\/\\\/radioclanfm.com\\\/clanespectaculos\\\/#\\\/schema\\\/person\\\/9734813083303230f3ad84d99171b20c\"},\"headline\":\"De las fragancias de autor a la neurociencia: las tendencias que est\u00e1n cambiando la forma de perfumarse\",\"datePublished\":\"2026-09-05T23:58:28+00:00\",\"mainEntityOfPage\":{\"@id\":\"https:\\\/\\\/radioclanfm.com\\\/clanespectaculos\\\/de-las-fragancias-de-autor-a-la-neurociencia-las-tendencias-que-estan-cambiando-la-forma-de-perfumarse\\\/\"},\"wordCount\":1928,\"commentCount\":0,\"publisher\":{\"@id\":\"https:\\\/\\\/radioclanfm.com\\\/clanespectaculos\\\/#organization\"},\"image\":{\"@id\":\"https:\\\/\\\/radioclanfm.com\\\/clanespectaculos\\\/de-las-fragancias-de-autor-a-la-neurociencia-las-tendencias-que-estan-cambiando-la-forma-de-perfumarse\\\/#primaryimage\"},\"thumbnailUrl\":\"https:\\\/\\\/radioclanfm.com\\\/clanespectaculos\\\/wp-content\\\/uploads\\\/sites\\\/2\\\/2026\\\/09\\\/Fs49MMhm.jpg\",\"articleSection\":[\"TENDENCIAS\"],\"inLanguage\":\"es-AR\",\"potentialAction\":[{\"@type\":\"CommentAction\",\"name\":\"Comment\",\"target\":[\"https:\\\/\\\/radioclanfm.com\\\/clanespectaculos\\\/de-las-fragancias-de-autor-a-la-neurociencia-las-tendencias-que-estan-cambiando-la-forma-de-perfumarse\\\/#respond\"]}]},{\"@type\":\"WebPage\",\"@id\":\"https:\\\/\\\/radioclanfm.com\\\/clanespectaculos\\\/de-las-fragancias-de-autor-a-la-neurociencia-las-tendencias-que-estan-cambiando-la-forma-de-perfumarse\\\/\",\"url\":\"https:\\\/\\\/radioclanfm.com\\\/clanespectaculos\\\/de-las-fragancias-de-autor-a-la-neurociencia-las-tendencias-que-estan-cambiando-la-forma-de-perfumarse\\\/\",\"name\":\"De las fragancias de autor a la neurociencia: las tendencias que est\u00e1n cambiando la forma de perfumarse - CLAN ESPECTACULOS\",\"isPartOf\":{\"@id\":\"https:\\\/\\\/radioclanfm.com\\\/clanespectaculos\\\/#website\"},\"primaryImageOfPage\":{\"@id\":\"https:\\\/\\\/radioclanfm.com\\\/clanespectaculos\\\/de-las-fragancias-de-autor-a-la-neurociencia-las-tendencias-que-estan-cambiando-la-forma-de-perfumarse\\\/#primaryimage\"},\"image\":{\"@id\":\"https:\\\/\\\/radioclanfm.com\\\/clanespectaculos\\\/de-las-fragancias-de-autor-a-la-neurociencia-las-tendencias-que-estan-cambiando-la-forma-de-perfumarse\\\/#primaryimage\"},\"thumbnailUrl\":\"https:\\\/\\\/radioclanfm.com\\\/clanespectaculos\\\/wp-content\\\/uploads\\\/sites\\\/2\\\/2026\\\/09\\\/Fs49MMhm.jpg\",\"datePublished\":\"2026-09-05T23:58:28+00:00\",\"breadcrumb\":{\"@id\":\"https:\\\/\\\/radioclanfm.com\\\/clanespectaculos\\\/de-las-fragancias-de-autor-a-la-neurociencia-las-tendencias-que-estan-cambiando-la-forma-de-perfumarse\\\/#breadcrumb\"},\"inLanguage\":\"es-AR\",\"potentialAction\":[{\"@type\":\"ReadAction\",\"target\":[\"https:\\\/\\\/radioclanfm.com\\\/clanespectaculos\\\/de-las-fragancias-de-autor-a-la-neurociencia-las-tendencias-que-estan-cambiando-la-forma-de-perfumarse\\\/\"]}]},{\"@type\":\"ImageObject\",\"inLanguage\":\"es-AR\",\"@id\":\"https:\\\/\\\/radioclanfm.com\\\/clanespectaculos\\\/de-las-fragancias-de-autor-a-la-neurociencia-las-tendencias-que-estan-cambiando-la-forma-de-perfumarse\\\/#primaryimage\",\"url\":\"https:\\\/\\\/radioclanfm.com\\\/clanespectaculos\\\/wp-content\\\/uploads\\\/sites\\\/2\\\/2026\\\/09\\\/Fs49MMhm.jpg\",\"contentUrl\":\"https:\\\/\\\/radioclanfm.com\\\/clanespectaculos\\\/wp-content\\\/uploads\\\/sites\\\/2\\\/2026\\\/09\\\/Fs49MMhm.jpg\",\"width\":900,\"height\":600},{\"@type\":\"BreadcrumbList\",\"@id\":\"https:\\\/\\\/radioclanfm.com\\\/clanespectaculos\\\/de-las-fragancias-de-autor-a-la-neurociencia-las-tendencias-que-estan-cambiando-la-forma-de-perfumarse\\\/#breadcrumb\",\"itemListElement\":[{\"@type\":\"ListItem\",\"position\":1,\"name\":\"Inicio\",\"item\":\"https:\\\/\\\/radioclanfm.com\\\/clanespectaculos\\\/\"},{\"@type\":\"ListItem\",\"position\":2,\"name\":\"De las fragancias de autor a la neurociencia: las tendencias que est\u00e1n cambiando la forma de perfumarse\"}]},{\"@type\":\"WebSite\",\"@id\":\"https:\\\/\\\/radioclanfm.com\\\/clanespectaculos\\\/#website\",\"url\":\"https:\\\/\\\/radioclanfm.com\\\/clanespectaculos\\\/\",\"name\":\"CLAN ESPECTACULOS\",\"description\":\"\",\"publisher\":{\"@id\":\"https:\\\/\\\/radioclanfm.com\\\/clanespectaculos\\\/#organization\"},\"potentialAction\":[{\"@type\":\"SearchAction\",\"target\":{\"@type\":\"EntryPoint\",\"urlTemplate\":\"https:\\\/\\\/radioclanfm.com\\\/clanespectaculos\\\/?s={search_term_string}\"},\"query-input\":{\"@type\":\"PropertyValueSpecification\",\"valueRequired\":true,\"valueName\":\"search_term_string\"}}],\"inLanguage\":\"es-AR\"},{\"@type\":\"Organization\",\"@id\":\"https:\\\/\\\/radioclanfm.com\\\/clanespectaculos\\\/#organization\",\"name\":\"CLAN ESPECTACULOS\",\"url\":\"https:\\\/\\\/radioclanfm.com\\\/clanespectaculos\\\/\",\"logo\":{\"@type\":\"ImageObject\",\"inLanguage\":\"es-AR\",\"@id\":\"https:\\\/\\\/radioclanfm.com\\\/clanespectaculos\\\/#\\\/schema\\\/logo\\\/image\\\/\",\"url\":\"https:\\\/\\\/radioclanfm.com\\\/clanespectaculos\\\/wp-content\\\/uploads\\\/sites\\\/2\\\/2026\\\/04\\\/ChatGPT-Image-23-mar-2026-10_09_00.png\",\"contentUrl\":\"https:\\\/\\\/radioclanfm.com\\\/clanespectaculos\\\/wp-content\\\/uploads\\\/sites\\\/2\\\/2026\\\/04\\\/ChatGPT-Image-23-mar-2026-10_09_00.png\",\"width\":1024,\"height\":1024,\"caption\":\"CLAN ESPECTACULOS\"},\"image\":{\"@id\":\"https:\\\/\\\/radioclanfm.com\\\/clanespectaculos\\\/#\\\/schema\\\/logo\\\/image\\\/\"},\"sameAs\":[\"https:\\\/\\\/www.facebook.com\\\/clanespectaculos\\\/\",\"https:\\\/\\\/x.com\\\/clanespectok\"]},{\"@type\":\"Person\",\"@id\":\"https:\\\/\\\/radioclanfm.com\\\/clanespectaculos\\\/#\\\/schema\\\/person\\\/9734813083303230f3ad84d99171b20c\",\"name\":\"E-GRUPOCLAN\",\"image\":{\"@type\":\"ImageObject\",\"inLanguage\":\"es-AR\",\"@id\":\"https:\\\/\\\/secure.gravatar.com\\\/avatar\\\/af6e19837c3d6a212034a48c7b3818d2ac1826f6025df0155da5a186ad321d79?s=96&d=mm&r=g\",\"url\":\"https:\\\/\\\/secure.gravatar.com\\\/avatar\\\/af6e19837c3d6a212034a48c7b3818d2ac1826f6025df0155da5a186ad321d79?s=96&d=mm&r=g\",\"contentUrl\":\"https:\\\/\\\/secure.gravatar.com\\\/avatar\\\/af6e19837c3d6a212034a48c7b3818d2ac1826f6025df0155da5a186ad321d79?s=96&d=mm&r=g\",\"caption\":\"E-GRUPOCLAN\"},\"sameAs\":[\"https:\\\/\\\/radioclanfm.com\"],\"url\":\"https:\\\/\\\/radioclanfm.com\\\/clanespectaculos\\\/author\\\/admin\\\/\"}]}<\/script>\n<!-- \/ Yoast SEO plugin. -->","yoast_head_json":{"title":"De las fragancias de autor a la neurociencia: las tendencias que est\u00e1n cambiando la forma de perfumarse - CLAN ESPECTACULOS","robots":{"index":"index","follow":"follow","max-snippet":"max-snippet:-1","max-image-preview":"max-image-preview:large","max-video-preview":"max-video-preview:-1"},"canonical":"https:\/\/radioclanfm.com\/clanespectaculos\/de-las-fragancias-de-autor-a-la-neurociencia-las-tendencias-que-estan-cambiando-la-forma-de-perfumarse\/","og_locale":"es_ES","og_type":"article","og_title":"De las fragancias de autor a la neurociencia: las tendencias que est\u00e1n cambiando la forma de perfumarse - CLAN ESPECTACULOS","og_description":"De los aromas gourmand al \u201cguardarropa olfativo\u201d, la perfumer\u00eda explora nuevas formas de conectar con la identidad, los recuerdos y las emociones. Durante d\u00e9cadas, encontrar un perfume implicaba encontrar \u201cel\u201d perfume:\u00a0una fragancia\u00a0que se convert\u00eda en firma personal y pod\u00eda acompa\u00f1ar durante a\u00f1os. Esa l\u00f3gica est\u00e1 cambiando. Hoy, el mundo de las fragancias explora nuevas formas [&hellip;]","og_url":"https:\/\/radioclanfm.com\/clanespectaculos\/de-las-fragancias-de-autor-a-la-neurociencia-las-tendencias-que-estan-cambiando-la-forma-de-perfumarse\/","og_site_name":"CLAN ESPECTACULOS","article_publisher":"https:\/\/www.facebook.com\/clanespectaculos\/","article_published_time":"2026-09-05T23:58:28+00:00","og_image":[{"width":900,"height":600,"url":"https:\/\/radioclanfm.com\/clanespectaculos\/wp-content\/uploads\/sites\/2\/2026\/09\/Fs49MMhm.jpg","type":"image\/jpeg"}],"author":"E-GRUPOCLAN","twitter_card":"summary_large_image","twitter_creator":"@clanespectok","twitter_site":"@clanespectok","twitter_misc":{"Escrito por":"E-GRUPOCLAN","Tiempo de lectura":"10 minutos"},"schema":{"@context":"https:\/\/schema.org","@graph":[{"@type":"Article","@id":"https:\/\/radioclanfm.com\/clanespectaculos\/de-las-fragancias-de-autor-a-la-neurociencia-las-tendencias-que-estan-cambiando-la-forma-de-perfumarse\/#article","isPartOf":{"@id":"https:\/\/radioclanfm.com\/clanespectaculos\/de-las-fragancias-de-autor-a-la-neurociencia-las-tendencias-que-estan-cambiando-la-forma-de-perfumarse\/"},"author":{"name":"E-GRUPOCLAN","@id":"https:\/\/radioclanfm.com\/clanespectaculos\/#\/schema\/person\/9734813083303230f3ad84d99171b20c"},"headline":"De las fragancias de autor a la neurociencia: las tendencias que est\u00e1n cambiando la forma de perfumarse","datePublished":"2026-09-05T23:58:28+00:00","mainEntityOfPage":{"@id":"https:\/\/radioclanfm.com\/clanespectaculos\/de-las-fragancias-de-autor-a-la-neurociencia-las-tendencias-que-estan-cambiando-la-forma-de-perfumarse\/"},"wordCount":1928,"commentCount":0,"publisher":{"@id":"https:\/\/radioclanfm.com\/clanespectaculos\/#organization"},"image":{"@id":"https:\/\/radioclanfm.com\/clanespectaculos\/de-las-fragancias-de-autor-a-la-neurociencia-las-tendencias-que-estan-cambiando-la-forma-de-perfumarse\/#primaryimage"},"thumbnailUrl":"https:\/\/radioclanfm.com\/clanespectaculos\/wp-content\/uploads\/sites\/2\/2026\/09\/Fs49MMhm.jpg","articleSection":["TENDENCIAS"],"inLanguage":"es-AR","potentialAction":[{"@type":"CommentAction","name":"Comment","target":["https:\/\/radioclanfm.com\/clanespectaculos\/de-las-fragancias-de-autor-a-la-neurociencia-las-tendencias-que-estan-cambiando-la-forma-de-perfumarse\/#respond"]}]},{"@type":"WebPage","@id":"https:\/\/radioclanfm.com\/clanespectaculos\/de-las-fragancias-de-autor-a-la-neurociencia-las-tendencias-que-estan-cambiando-la-forma-de-perfumarse\/","url":"https:\/\/radioclanfm.com\/clanespectaculos\/de-las-fragancias-de-autor-a-la-neurociencia-las-tendencias-que-estan-cambiando-la-forma-de-perfumarse\/","name":"De las fragancias de autor a la neurociencia: las tendencias que est\u00e1n cambiando la forma de perfumarse - CLAN ESPECTACULOS","isPartOf":{"@id":"https:\/\/radioclanfm.com\/clanespectaculos\/#website"},"primaryImageOfPage":{"@id":"https:\/\/radioclanfm.com\/clanespectaculos\/de-las-fragancias-de-autor-a-la-neurociencia-las-tendencias-que-estan-cambiando-la-forma-de-perfumarse\/#primaryimage"},"image":{"@id":"https:\/\/radioclanfm.com\/clanespectaculos\/de-las-fragancias-de-autor-a-la-neurociencia-las-tendencias-que-estan-cambiando-la-forma-de-perfumarse\/#primaryimage"},"thumbnailUrl":"https:\/\/radioclanfm.com\/clanespectaculos\/wp-content\/uploads\/sites\/2\/2026\/09\/Fs49MMhm.jpg","datePublished":"2026-09-05T23:58:28+00:00","breadcrumb":{"@id":"https:\/\/radioclanfm.com\/clanespectaculos\/de-las-fragancias-de-autor-a-la-neurociencia-las-tendencias-que-estan-cambiando-la-forma-de-perfumarse\/#breadcrumb"},"inLanguage":"es-AR","potentialAction":[{"@type":"ReadAction","target":["https:\/\/radioclanfm.com\/clanespectaculos\/de-las-fragancias-de-autor-a-la-neurociencia-las-tendencias-que-estan-cambiando-la-forma-de-perfumarse\/"]}]},{"@type":"ImageObject","inLanguage":"es-AR","@id":"https:\/\/radioclanfm.com\/clanespectaculos\/de-las-fragancias-de-autor-a-la-neurociencia-las-tendencias-que-estan-cambiando-la-forma-de-perfumarse\/#primaryimage","url":"https:\/\/radioclanfm.com\/clanespectaculos\/wp-content\/uploads\/sites\/2\/2026\/09\/Fs49MMhm.jpg","contentUrl":"https:\/\/radioclanfm.com\/clanespectaculos\/wp-content\/uploads\/sites\/2\/2026\/09\/Fs49MMhm.jpg","width":900,"height":600},{"@type":"BreadcrumbList","@id":"https:\/\/radioclanfm.com\/clanespectaculos\/de-las-fragancias-de-autor-a-la-neurociencia-las-tendencias-que-estan-cambiando-la-forma-de-perfumarse\/#breadcrumb","itemListElement":[{"@type":"ListItem","position":1,"name":"Inicio","item":"https:\/\/radioclanfm.com\/clanespectaculos\/"},{"@type":"ListItem","position":2,"name":"De las fragancias de autor a la neurociencia: las tendencias que est\u00e1n cambiando la forma de perfumarse"}]},{"@type":"WebSite","@id":"https:\/\/radioclanfm.com\/clanespectaculos\/#website","url":"https:\/\/radioclanfm.com\/clanespectaculos\/","name":"CLAN ESPECTACULOS","description":"","publisher":{"@id":"https:\/\/radioclanfm.com\/clanespectaculos\/#organization"},"potentialAction":[{"@type":"SearchAction","target":{"@type":"EntryPoint","urlTemplate":"https:\/\/radioclanfm.com\/clanespectaculos\/?s={search_term_string}"},"query-input":{"@type":"PropertyValueSpecification","valueRequired":true,"valueName":"search_term_string"}}],"inLanguage":"es-AR"},{"@type":"Organization","@id":"https:\/\/radioclanfm.com\/clanespectaculos\/#organization","name":"CLAN ESPECTACULOS","url":"https:\/\/radioclanfm.com\/clanespectaculos\/","logo":{"@type":"ImageObject","inLanguage":"es-AR","@id":"https:\/\/radioclanfm.com\/clanespectaculos\/#\/schema\/logo\/image\/","url":"https:\/\/radioclanfm.com\/clanespectaculos\/wp-content\/uploads\/sites\/2\/2026\/04\/ChatGPT-Image-23-mar-2026-10_09_00.png","contentUrl":"https:\/\/radioclanfm.com\/clanespectaculos\/wp-content\/uploads\/sites\/2\/2026\/04\/ChatGPT-Image-23-mar-2026-10_09_00.png","width":1024,"height":1024,"caption":"CLAN ESPECTACULOS"},"image":{"@id":"https:\/\/radioclanfm.com\/clanespectaculos\/#\/schema\/logo\/image\/"},"sameAs":["https:\/\/www.facebook.com\/clanespectaculos\/","https:\/\/x.com\/clanespectok"]},{"@type":"Person","@id":"https:\/\/radioclanfm.com\/clanespectaculos\/#\/schema\/person\/9734813083303230f3ad84d99171b20c","name":"E-GRUPOCLAN","image":{"@type":"ImageObject","inLanguage":"es-AR","@id":"https:\/\/secure.gravatar.com\/avatar\/af6e19837c3d6a212034a48c7b3818d2ac1826f6025df0155da5a186ad321d79?s=96&d=mm&r=g","url":"https:\/\/secure.gravatar.com\/avatar\/af6e19837c3d6a212034a48c7b3818d2ac1826f6025df0155da5a186ad321d79?s=96&d=mm&r=g","contentUrl":"https:\/\/secure.gravatar.com\/avatar\/af6e19837c3d6a212034a48c7b3818d2ac1826f6025df0155da5a186ad321d79?s=96&d=mm&r=g","caption":"E-GRUPOCLAN"},"sameAs":["https:\/\/radioclanfm.com"],"url":"https:\/\/radioclanfm.com\/clanespectaculos\/author\/admin\/"}]}},"_links":{"self":[{"href":"https:\/\/radioclanfm.com\/clanespectaculos\/wp-json\/wp\/v2\/posts\/20268","targetHints":{"allow":["GET"]}}],"collection":[{"href":"https:\/\/radioclanfm.com\/clanespectaculos\/wp-json\/wp\/v2\/posts"}],"about":[{"href":"https:\/\/radioclanfm.com\/clanespectaculos\/wp-json\/wp\/v2\/types\/post"}],"author":[{"embeddable":true,"href":"https:\/\/radioclanfm.com\/clanespectaculos\/wp-json\/wp\/v2\/users\/1"}],"replies":[{"embeddable":true,"href":"https:\/\/radioclanfm.com\/clanespectaculos\/wp-json\/wp\/v2\/comments?post=20268"}],"version-history":[{"count":1,"href":"https:\/\/radioclanfm.com\/clanespectaculos\/wp-json\/wp\/v2\/posts\/20268\/revisions"}],"predecessor-version":[{"id":20270,"href":"https:\/\/radioclanfm.com\/clanespectaculos\/wp-json\/wp\/v2\/posts\/20268\/revisions\/20270"}],"wp:featuredmedia":[{"embeddable":true,"href":"https:\/\/radioclanfm.com\/clanespectaculos\/wp-json\/wp\/v2\/media\/20269"}],"wp:attachment":[{"href":"https:\/\/radioclanfm.com\/clanespectaculos\/wp-json\/wp\/v2\/media?parent=20268"}],"wp:term":[{"taxonomy":"category","embeddable":true,"href":"https:\/\/radioclanfm.com\/clanespectaculos\/wp-json\/wp\/v2\/categories?post=20268"},{"taxonomy":"post_tag","embeddable":true,"href":"https:\/\/radioclanfm.com\/clanespectaculos\/wp-json\/wp\/v2\/tags?post=20268"}],"curies":[{"name":"wp","href":"https:\/\/api.w.org\/{rel}","templated":true}]}}