{"id":20265,"date":"2026-09-05T20:56:58","date_gmt":"2026-09-05T23:56:58","guid":{"rendered":"https:\/\/radioclanfm.com\/clanespectaculos\/?p=20265"},"modified":"2026-09-05T20:56:58","modified_gmt":"2026-09-05T23:56:58","slug":"marta-fort-llevo-la-version-mas-jugada-del-abrigo-de-piel-underboob-y-mangas-xxl","status":"publish","type":"post","link":"https:\/\/radioclanfm.com\/clanespectaculos\/marta-fort-llevo-la-version-mas-jugada-del-abrigo-de-piel-underboob-y-mangas-xxl\/","title":{"rendered":"Marta Fort llev\u00f3 la versi\u00f3n m\u00e1s jugada del abrigo de piel: underboob y mangas XXL"},"content":{"rendered":"<p class=\"paragraph font__body-regular\">Cada vez m\u00e1s presente en la escena medi\u00e1tica,\u00a0<b>Marta Fort<\/b>\u00a0delsumbra con todos los looks que usa en eventos o apariciones en programas. Due\u00f1a de un estilo audaz y maximalista, ahora combin\u00f3 los<b>\u00a0fetiches de la temporada en su versi\u00f3n m\u00e1s extrema.<\/b><\/p>\n<div class=\"st-inarticle-slot\">\n<div id=\"standard_1\" class=\"st-placement inArticle standard_1\">\n<div class=\"st-adunit st-adunit-tagged st-adunit-inarticle st-reset st-show goku\" data-testid=\"adunit\">\n<div class=\"st-adunit-ad st-reset\" data-testid=\"adunit-ad\">\n<div class=\"st-display-render st-reset open st-controls\" data-testid=\"controls\">\n<div class=\"st-canvas st-reset horizontal-static\" data-testid=\"canvas\"><\/div>\n<\/div>\n<\/div>\n<\/div>\n<\/div>\n<\/div>\n<div id=\"ad-slot-infeed\" class=\"infeed-container\" data-google-query-id=\"COa12ofS2JYDFV82uQYd93AG4A\">\n<div id=\"google_ads_iframe_\/113951150\/tn-arc\/nota\/infeed_0__container__\"><iframe id=\"google_ads_iframe_\/113951150\/tn-arc\/nota\/infeed_0\" tabindex=\"0\" title=\"Contenido de anuncios de terceros\" name=\"google_ads_iframe_\/113951150\/tn-arc\/nota\/infeed_0\" width=\"1\" height=\"1\" frameborder=\"0\" marginwidth=\"0\" marginheight=\"0\" scrolling=\"no\" aria-label=\"Anuncio\" data-google-container-id=\"9\" data-load-complete=\"true\" data-mce-fragment=\"1\"><\/iframe><\/div>\n<\/div>\n<p class=\"paragraph font__body-regular\">La heredera de \u201cEl Comandante\u201d llev\u00f3 un\u00a0<b>abrigo de piel<\/b>, infaltable del vestidor de su pap\u00e1 y tambi\u00e9n protagonista de este invierno. Eligi\u00f3 un modelo<b>\u00a0voluminoso y corto en color bord\u00f3<\/b>, que no solo dej\u00f3 el vientre a la vista sino que gener\u00f3 efecto\u00a0<i><b>underboob<\/b><\/i>.<\/p>\n<div class=\"marfeel-readmore-slot\"><\/div>\n<figure class=\"\" data-testid=\"figure-testid\">\n<div class=\"aspect_ratio__container\"><picture class=\"responsive-image\"><source srcset=\"https:\/\/tn.com.ar\/resizer\/v2\/marta-fort-con-abrigo-de-piel-y-jean-estampado-foto-instagrammartacfort-7Y6TRP6OQJERXPK2IMJ2BSB5RY.png?auth=4e1869803cf05fa13bde3956966bd89ed3d56321047516efca010051f40827f1&amp;width=767\" media=\"(max-width: 728px)\" \/><source srcset=\"https:\/\/tn.com.ar\/resizer\/v2\/marta-fort-con-abrigo-de-piel-y-jean-estampado-foto-instagrammartacfort-7Y6TRP6OQJERXPK2IMJ2BSB5RY.png?auth=4e1869803cf05fa13bde3956966bd89ed3d56321047516efca010051f40827f1&amp;width=1023\" media=\"(max-width: 1023px)\" \/><source srcset=\"https:\/\/tn.com.ar\/resizer\/v2\/marta-fort-con-abrigo-de-piel-y-jean-estampado-foto-instagrammartacfort-7Y6TRP6OQJERXPK2IMJ2BSB5RY.png?auth=4e1869803cf05fa13bde3956966bd89ed3d56321047516efca010051f40827f1&amp;width=1440\" \/><img loading=\"lazy\" decoding=\"async\" class=\"image content-image image_placeholder\" src=\"https:\/\/tn.com.ar\/resizer\/v2\/marta-fort-con-abrigo-de-piel-y-jean-estampado-foto-instagrammartacfort-7Y6TRP6OQJERXPK2IMJ2BSB5RY.png?auth=4e1869803cf05fa13bde3956966bd89ed3d56321047516efca010051f40827f1&amp;width=767\" alt=\"Marta Fort con abrigo de piel y jean estampado. (Foto: Instagram\/@martacfort)\" width=\"767\" height=\"1027\" data-testid=\"loading-testid\" \/><\/picture><\/div><figcaption class=\"caption_image\" data-testid=\"figcaption-testid\">\n<div class=\"image_caption \">Marta Fort con abrigo de piel y jean estampado. (Foto: Instagram\/@martacfort)<\/div>\n<\/figcaption><\/figure>\n<p class=\"paragraph font__body-regular\">Combin\u00f3 la prenda protagonista del vestuario con un\u00a0<b>jean ajustado de tiro bajo<\/b>, con\u00a0<b>estampado de cruces g\u00f3ticas y efecto gastado.<\/b>\u00a0Las piezas est\u00e1n firmadas por\u00a0<b>Delfos<\/b>, una de las marcas que form\u00f3 parte de la \u00faltima edici\u00f3n de\u00a0BAFWEEK.<\/p>\n<figure class=\"\" data-testid=\"figure-testid\">\n<div class=\"aspect_ratio__container\"><picture class=\"responsive-image\"><source srcset=\"https:\/\/tn.com.ar\/resizer\/v2\/marta-fort-en-abrigo-de-piel-underboob-foto-instagrammartacfort-ENVNFGQ3PVGPXAPMSAPLJYRNC4.jpeg?auth=3985ec0640b2007da03f98c8647979fa3dbd3c7be2e27cce1f4c782853c0cb3b&amp;width=767\" media=\"(max-width: 728px)\" \/><source srcset=\"https:\/\/tn.com.ar\/resizer\/v2\/marta-fort-en-abrigo-de-piel-underboob-foto-instagrammartacfort-ENVNFGQ3PVGPXAPMSAPLJYRNC4.jpeg?auth=3985ec0640b2007da03f98c8647979fa3dbd3c7be2e27cce1f4c782853c0cb3b&amp;width=1023\" media=\"(max-width: 1023px)\" \/><source srcset=\"https:\/\/tn.com.ar\/resizer\/v2\/marta-fort-en-abrigo-de-piel-underboob-foto-instagrammartacfort-ENVNFGQ3PVGPXAPMSAPLJYRNC4.jpeg?auth=3985ec0640b2007da03f98c8647979fa3dbd3c7be2e27cce1f4c782853c0cb3b&amp;width=1440\" \/><img loading=\"lazy\" decoding=\"async\" class=\"image content-image image_placeholder\" src=\"https:\/\/tn.com.ar\/resizer\/v2\/marta-fort-en-abrigo-de-piel-underboob-foto-instagrammartacfort-ENVNFGQ3PVGPXAPMSAPLJYRNC4.jpeg?auth=3985ec0640b2007da03f98c8647979fa3dbd3c7be2e27cce1f4c782853c0cb3b&amp;width=767\" alt=\"Marta Fort en abrigo de piel underboob. (Foto: Instagram\/@martacfort)\" width=\"767\" height=\"1156\" data-testid=\"loading-testid\" \/><\/picture><\/div><figcaption class=\"caption_image\" data-testid=\"figcaption-testid\">\n<div class=\"image_caption \">Marta Fort en abrigo de piel underboob. (Foto: Instagram\/@martacfort)<\/div>\n<\/figcaption><\/figure>\n<p class=\"paragraph font__body-regular\">Tambi\u00e9n dej\u00f3 ver en detalle el beauty look, con su impronta\u00a0<i>glam\u00a0<\/i>caracter\u00edstica: maquillaje con sombras\u00a0<i><b>smokey eyes<\/b><\/i>, delineado\u00a0<i>cat eye<\/i>, rubor, contorno, iluminador y labial\u00a0<i>nude\u00a0<\/i>por Lautaro Eros Ferrante y\u00a0<b>peinado recogido tirante con mechones sueltos con ondas\u00a0<\/b>por Cristian Rey.<\/p>\n<figure class=\"\" data-testid=\"figure-testid\">\n<div class=\"aspect_ratio__container\"><picture class=\"responsive-image\"><source srcset=\"https:\/\/tn.com.ar\/resizer\/v2\/marta-fort-mostro-un-look-de-alto-impacto-foto-instagrammartacfort-HKTZT7DESNBTJG2J67E4HCDV2I.jpeg?auth=cf725e1dcc468f12bef6f4a6f466d4ea70bf365a8b6d36de09de402a52c13d1e&amp;width=767\" media=\"(max-width: 728px)\" \/><source srcset=\"https:\/\/tn.com.ar\/resizer\/v2\/marta-fort-mostro-un-look-de-alto-impacto-foto-instagrammartacfort-HKTZT7DESNBTJG2J67E4HCDV2I.jpeg?auth=cf725e1dcc468f12bef6f4a6f466d4ea70bf365a8b6d36de09de402a52c13d1e&amp;width=1023\" media=\"(max-width: 1023px)\" \/><source srcset=\"https:\/\/tn.com.ar\/resizer\/v2\/marta-fort-mostro-un-look-de-alto-impacto-foto-instagrammartacfort-HKTZT7DESNBTJG2J67E4HCDV2I.jpeg?auth=cf725e1dcc468f12bef6f4a6f466d4ea70bf365a8b6d36de09de402a52c13d1e&amp;width=1440\" \/><img loading=\"lazy\" decoding=\"async\" class=\"image content-image image_placeholder\" src=\"https:\/\/tn.com.ar\/resizer\/v2\/marta-fort-mostro-un-look-de-alto-impacto-foto-instagrammartacfort-HKTZT7DESNBTJG2J67E4HCDV2I.jpeg?auth=cf725e1dcc468f12bef6f4a6f466d4ea70bf365a8b6d36de09de402a52c13d1e&amp;width=767\" alt=\"Marta Fort mostr\u00f3 un look de alto impacto. (Foto: Instagram\/@martacfort)\" width=\"767\" height=\"1013\" data-testid=\"loading-testid\" \/><\/picture><\/div><figcaption class=\"caption_image\" data-testid=\"figcaption-testid\">\n<div class=\"image_caption \">Marta Fort mostr\u00f3 un look de alto impacto. (Foto: Instagram\/@martacfort)<\/div>\n<\/figcaption><\/figure>\n<p class=\"paragraph font__body-regular\"><b>\u201cArmando looks para los pr\u00f3ximos programas\u201d<\/b>, escribi\u00f3 la\u00a0<i>influencer\u00a0<\/i>sobre una de las fotos que comparti\u00f3 en redes y etiquet\u00f3 a su estilista, Florencia Baragiani.<\/p>\n<h2 class=\"font--primary font__display\">Marta Fort, del cut out al minivestido de vinilo<\/h2>\n<p class=\"paragraph font__body-regular\">En cada aparici\u00f3n p\u00fablica, Marta Fort despliega su estilo maximalista y\u00a0<i>glam<\/i>. Recientemente, para una gala, apost\u00f3 por un\u00a0<b>vestido negro al cuerpo, de escote asim\u00e9trico con una sola manga manga larga y una gran abertura en la zona del vientre<\/b>, firmado por\u00a0<b>Pucheta &#8211; Paz.<\/b><\/p>\n<figure class=\"\" data-testid=\"figure-testid\">\n<div class=\"aspect_ratio__container\"><picture class=\"responsive-image\"><source srcset=\"https:\/\/tn.com.ar\/resizer\/v2\/marta-fort-llevo-un-jugado-vestido-de-pucheta-paz-foto-movilpress-CVSEXEKROBFFLAJKBPRNL3BXEM.jpeg?auth=f91c4082088231e8904ee97b72078c5a34a21355801d9bdaf1e1cabfad7b87b1&amp;width=767\" media=\"(max-width: 728px)\" \/><source srcset=\"https:\/\/tn.com.ar\/resizer\/v2\/marta-fort-llevo-un-jugado-vestido-de-pucheta-paz-foto-movilpress-CVSEXEKROBFFLAJKBPRNL3BXEM.jpeg?auth=f91c4082088231e8904ee97b72078c5a34a21355801d9bdaf1e1cabfad7b87b1&amp;width=1023\" media=\"(max-width: 1023px)\" \/><source srcset=\"https:\/\/tn.com.ar\/resizer\/v2\/marta-fort-llevo-un-jugado-vestido-de-pucheta-paz-foto-movilpress-CVSEXEKROBFFLAJKBPRNL3BXEM.jpeg?auth=f91c4082088231e8904ee97b72078c5a34a21355801d9bdaf1e1cabfad7b87b1&amp;width=1440\" \/><img loading=\"lazy\" decoding=\"async\" class=\"image content-image image_placeholder\" src=\"https:\/\/tn.com.ar\/resizer\/v2\/marta-fort-llevo-un-jugado-vestido-de-pucheta-paz-foto-movilpress-CVSEXEKROBFFLAJKBPRNL3BXEM.jpeg?auth=f91c4082088231e8904ee97b72078c5a34a21355801d9bdaf1e1cabfad7b87b1&amp;width=767\" alt=\"Marta Fort llev\u00f3 un jugado vestido de Pucheta - Paz. (Foto: Movilpress)\" width=\"767\" height=\"1151\" data-testid=\"loading-testid\" \/><\/picture><\/div><figcaption class=\"caption_image\" data-testid=\"figcaption-testid\">\n<div class=\"image_caption \">Marta Fort llev\u00f3 un jugado vestido de Pucheta &#8211; Paz. (Foto: Movilpress)<\/div>\n<\/figcaption><\/figure>\n<p class=\"paragraph font__body-regular\">Acompa\u00f1\u00f3 con un<i>\u00a0beauty look<\/i>\u00a0jugado y rockero:\u00a0<b>peinado con jopo voluminoso<\/b>\u00a0y maquillaje con\u00a0<b>delineado superior e inferior, rubor intenso y labios nude<\/b>, en manos del mismo equipo de estilistas que siempre la acompa\u00f1an.<\/p>\n<p class=\"paragraph font__body-regular\">Para el evento de presentaci\u00f3n de la serie de Moria Cas\u00e1n, la\u00a0<i>influencer\u00a0<\/i>deslumbr\u00f3 con un<b>\u00a0vestido estilo corset<\/b>, confeccionado en\u00a0<b>vinilo negro<\/b>\u00a0de acabado brillante. El dise\u00f1o ajustado al cuerpo tiene\u00a0<b>paneles laterales de encaje floral\u00a0<\/b>trasl\u00facido, otro gui\u00f1o\u00a0<b>lencero<\/b>, y\u00a0<b>escote coraz\u00f3n pronunciado<\/b>.<\/p>\n<figure class=\"\" data-testid=\"figure-testid\">\n<div class=\"aspect_ratio__container\"><picture class=\"responsive-image\"><source srcset=\"https:\/\/tn.com.ar\/resizer\/v2\/marta-fort-deslumbro-como-presentadora-de-la-serie-moria-con-un-vestido-vinilo-sensual-foto-movilpress-RB3335XI2FDTTOPZRYH5QQUCQM.jpeg?auth=e2e6868f4344e290ba944ad0759ef3fe7fddb9564222580ebabfce10b969f5d6&amp;width=767\" media=\"(max-width: 728px)\" \/><source srcset=\"https:\/\/tn.com.ar\/resizer\/v2\/marta-fort-deslumbro-como-presentadora-de-la-serie-moria-con-un-vestido-vinilo-sensual-foto-movilpress-RB3335XI2FDTTOPZRYH5QQUCQM.jpeg?auth=e2e6868f4344e290ba944ad0759ef3fe7fddb9564222580ebabfce10b969f5d6&amp;width=1023\" media=\"(max-width: 1023px)\" \/><source srcset=\"https:\/\/tn.com.ar\/resizer\/v2\/marta-fort-deslumbro-como-presentadora-de-la-serie-moria-con-un-vestido-vinilo-sensual-foto-movilpress-RB3335XI2FDTTOPZRYH5QQUCQM.jpeg?auth=e2e6868f4344e290ba944ad0759ef3fe7fddb9564222580ebabfce10b969f5d6&amp;width=1440\" \/><img loading=\"lazy\" decoding=\"async\" class=\"image content-image image_placeholder\" src=\"https:\/\/tn.com.ar\/resizer\/v2\/marta-fort-deslumbro-como-presentadora-de-la-serie-moria-con-un-vestido-vinilo-sensual-foto-movilpress-RB3335XI2FDTTOPZRYH5QQUCQM.jpeg?auth=e2e6868f4344e290ba944ad0759ef3fe7fddb9564222580ebabfce10b969f5d6&amp;width=767\" alt=\"Marta Fort deslumbr\u00f3 como presentadora de la serie Moria, con un vestido vinilo sensual (Foto: Movilpress)\" width=\"767\" height=\"1151\" data-testid=\"loading-testid\" \/><\/picture><\/div><figcaption class=\"caption_image\" data-testid=\"figcaption-testid\">\n<div class=\"image_caption \">Marta Fort deslumbr\u00f3 como presentadora de la serie Moria, con un vestido vinilo sensual (Foto: Movilpress)<\/div>\n<\/figcaption><\/figure>\n<p class=\"paragraph font__body-regular\">Complement\u00f3 con\u00a0<b>botas texanas negras\u00a0<\/b>y un abrigo protagonista que es furor este invierno:\u00a0<b>tapado\u00a0<\/b><i><b>fuzzy\u00a0<\/b><\/i><b>extremo de efecto piel de zorro<\/b>, de estilo maximalista,\u00a0<b>firmado por la marca Breeders<\/b>.<\/p>\n<figure class=\"\" data-testid=\"figure-testid\">\n<div class=\"aspect_ratio__container\"><picture class=\"responsive-image\"><source srcset=\"https:\/\/tn.com.ar\/resizer\/v2\/marta-fort-deslumbro-como-presentadora-de-la-serie-moria-con-un-vestido-vinilo-sensual-foto-martacfort-UXOCHSRIJJCNJFNPJX7YZKWR5U.jpg?auth=b7df42b91b5ca2fc9736a5954ac30538ae26c1604bea716ce7088ea72d4bdd72&amp;width=767\" media=\"(max-width: 728px)\" \/><source srcset=\"https:\/\/tn.com.ar\/resizer\/v2\/marta-fort-deslumbro-como-presentadora-de-la-serie-moria-con-un-vestido-vinilo-sensual-foto-martacfort-UXOCHSRIJJCNJFNPJX7YZKWR5U.jpg?auth=b7df42b91b5ca2fc9736a5954ac30538ae26c1604bea716ce7088ea72d4bdd72&amp;width=1023\" media=\"(max-width: 1023px)\" \/><source srcset=\"https:\/\/tn.com.ar\/resizer\/v2\/marta-fort-deslumbro-como-presentadora-de-la-serie-moria-con-un-vestido-vinilo-sensual-foto-martacfort-UXOCHSRIJJCNJFNPJX7YZKWR5U.jpg?auth=b7df42b91b5ca2fc9736a5954ac30538ae26c1604bea716ce7088ea72d4bdd72&amp;width=1440\" \/><img loading=\"lazy\" decoding=\"async\" class=\"image content-image image_placeholder\" src=\"https:\/\/tn.com.ar\/resizer\/v2\/marta-fort-deslumbro-como-presentadora-de-la-serie-moria-con-un-vestido-vinilo-sensual-foto-martacfort-UXOCHSRIJJCNJFNPJX7YZKWR5U.jpg?auth=b7df42b91b5ca2fc9736a5954ac30538ae26c1604bea716ce7088ea72d4bdd72&amp;width=767\" alt=\"Marta Fort deslumbr\u00f3 como presentadora de la serie Moria, con un vestido vinilo sensual (Foto: @martacfort)\" width=\"767\" height=\"1023\" data-testid=\"loading-testid\" \/><\/picture><\/div><figcaption class=\"caption_image\" data-testid=\"figcaption-testid\">\n<div class=\"image_caption \">Marta Fort deslumbr\u00f3 como presentadora de la serie Moria, con un vestido vinilo sensual (Foto: @martacfort)<\/div>\n<\/figcaption><\/figure>\n<p class=\"paragraph font__body-regular\">El estilismo incluy\u00f3<b>\u00a0accesorios de Luna Garz\u00f3n<\/b>\u00a0que potenciaron la impronta de la vestimenta: una\u00a0<b>gargantilla ancha de\u00a0<\/b><i><b>strass<\/b><\/i><i>\u00a0<\/i>y\u00a0<b>cristales plateados\u00a0<\/b>dispuesta en un\u00a0<b>patr\u00f3n de red geom\u00e9trica<\/b>, acompa\u00f1ada por una\u00a0<b>cadena fina<\/b>\u00a0con un dije de gota.<\/p>\n<figure class=\"\" data-testid=\"figure-testid\">\n<div class=\"aspect_ratio__container\"><picture class=\"responsive-image\"><source srcset=\"https:\/\/tn.com.ar\/resizer\/v2\/marta-fort-deslumbro-como-presentadora-de-la-serie-moria-con-un-vestido-vinilo-sensual-foto-martacfort-BODECANJP5AIHDUGQI3WPLJYEU.jpg?auth=93a8823bda9ace07eb3f4a7f55b555a2c793d3b2dc3585de562e12ccb0505e9b&amp;width=767\" media=\"(max-width: 728px)\" \/><source srcset=\"https:\/\/tn.com.ar\/resizer\/v2\/marta-fort-deslumbro-como-presentadora-de-la-serie-moria-con-un-vestido-vinilo-sensual-foto-martacfort-BODECANJP5AIHDUGQI3WPLJYEU.jpg?auth=93a8823bda9ace07eb3f4a7f55b555a2c793d3b2dc3585de562e12ccb0505e9b&amp;width=1023\" media=\"(max-width: 1023px)\" \/><source srcset=\"https:\/\/tn.com.ar\/resizer\/v2\/marta-fort-deslumbro-como-presentadora-de-la-serie-moria-con-un-vestido-vinilo-sensual-foto-martacfort-BODECANJP5AIHDUGQI3WPLJYEU.jpg?auth=93a8823bda9ace07eb3f4a7f55b555a2c793d3b2dc3585de562e12ccb0505e9b&amp;width=1440\" \/><img loading=\"lazy\" decoding=\"async\" class=\"image content-image image_placeholder\" src=\"https:\/\/tn.com.ar\/resizer\/v2\/marta-fort-deslumbro-como-presentadora-de-la-serie-moria-con-un-vestido-vinilo-sensual-foto-martacfort-BODECANJP5AIHDUGQI3WPLJYEU.jpg?auth=93a8823bda9ace07eb3f4a7f55b555a2c793d3b2dc3585de562e12ccb0505e9b&amp;width=767\" alt=\"Marta Fort deslumbr\u00f3 como presentadora de la serie Moria, con un vestido vinilo sensual (Foto: @martacfort)\" width=\"767\" height=\"1023\" data-testid=\"loading-testid\" \/><\/picture><\/div><figcaption class=\"caption_image\" data-testid=\"figcaption-testid\">\n<div class=\"image_caption \">Marta Fort deslumbr\u00f3 como presentadora de la serie Moria, con un vestido vinilo sensual (Foto: @martacfort)<\/div>\n<\/figcaption><\/figure>\n<p class=\"paragraph font__body-regular\">El<b>\u00a0maquillaje<\/b>, a cargo de\u00a0<b>Oscar Silveira,\u00a0<\/b>complement\u00f3 la est\u00e9tica nocturna con<b>\u00a0sombreado ahumado<\/b>\u00a0intenso en los ojos,\u00a0<b>delineado negro<\/b>\u00a0definido,\u00a0<b>pesta\u00f1as con volumen\u00a0<\/b>y\u00a0<b>sombreado metalizado en el lagrimal<\/b>.<\/p>\n<figure class=\"\" data-testid=\"figure-testid\">\n<div class=\"aspect_ratio__container\"><picture class=\"responsive-image\"><source srcset=\"https:\/\/tn.com.ar\/resizer\/v2\/marta-fort-deslumbro-como-presentadora-de-la-serie-moria-con-un-vestido-vinilo-sensual-foto-martacfort-27FAEE3XB5AYDJN766MUXFMEQQ.jpg?auth=489554fab9f0e56631b5c45d62327ef9fa2c9704a2cb280324ecdbb8b993ef20&amp;width=767\" media=\"(max-width: 728px)\" \/><source srcset=\"https:\/\/tn.com.ar\/resizer\/v2\/marta-fort-deslumbro-como-presentadora-de-la-serie-moria-con-un-vestido-vinilo-sensual-foto-martacfort-27FAEE3XB5AYDJN766MUXFMEQQ.jpg?auth=489554fab9f0e56631b5c45d62327ef9fa2c9704a2cb280324ecdbb8b993ef20&amp;width=1023\" media=\"(max-width: 1023px)\" \/><source srcset=\"https:\/\/tn.com.ar\/resizer\/v2\/marta-fort-deslumbro-como-presentadora-de-la-serie-moria-con-un-vestido-vinilo-sensual-foto-martacfort-27FAEE3XB5AYDJN766MUXFMEQQ.jpg?auth=489554fab9f0e56631b5c45d62327ef9fa2c9704a2cb280324ecdbb8b993ef20&amp;width=1440\" \/><img loading=\"lazy\" decoding=\"async\" class=\"image content-image image_placeholder\" src=\"https:\/\/tn.com.ar\/resizer\/v2\/marta-fort-deslumbro-como-presentadora-de-la-serie-moria-con-un-vestido-vinilo-sensual-foto-martacfort-27FAEE3XB5AYDJN766MUXFMEQQ.jpg?auth=489554fab9f0e56631b5c45d62327ef9fa2c9704a2cb280324ecdbb8b993ef20&amp;width=767\" alt=\"Marta Fort deslumbr\u00f3 como presentadora de la serie Moria, con un vestido vinilo sensual (Foto: @martacfort)\" width=\"767\" height=\"1023\" data-testid=\"loading-testid\" \/><\/picture><\/div><figcaption class=\"caption_image\" data-testid=\"figcaption-testid\">\n<div class=\"image_caption \">Marta Fort deslumbr\u00f3 como presentadora de la serie Moria, con un vestido vinilo sensual (Foto: @martacfort)<\/div>\n<\/figcaption><\/figure>\n<p class=\"paragraph font__body-regular\">En cuanto al peinado,<b>\u00a0<\/b>el estilista\u00a0<b>Cristian Rey<\/b>\u00a0opt\u00f3 por<b>\u00a0el pelo suelto<\/b>, con\u00a0<b>ondas desarmadas<\/b>\u00a0hacia los costados y\u00a0<b>flequillo lateral voluminoso\u00a0<\/b>que enmarc\u00f3 el rostro.<\/p>\n","protected":false},"excerpt":{"rendered":"<p>Cada vez m\u00e1s presente en la escena medi\u00e1tica,\u00a0Marta Fort\u00a0delsumbra con todos los looks que usa en eventos o apariciones en programas. Due\u00f1a de un estilo audaz y maximalista, ahora combin\u00f3 los\u00a0fetiches de la temporada en su versi\u00f3n m\u00e1s extrema. La heredera de \u201cEl Comandante\u201d llev\u00f3 un\u00a0abrigo de piel, infaltable del vestidor de su pap\u00e1 y [&hellip;]<\/p>\n","protected":false},"author":1,"featured_media":20266,"comment_status":"open","ping_status":"open","sticky":false,"template":"","format":"standard","meta":{"rop_custom_images_group":[],"rop_custom_messages_group":[],"rop_publish_now":"initial","rop_publish_now_accounts":[],"rop_publish_now_history":[],"rop_publish_now_status":"pending","footnotes":"","jetpack_publicize_message":"","jetpack_publicize_feature_enabled":true,"jetpack_social_post_already_shared":true,"jetpack_social_options":{"image_generator_settings":{"template":"highway","enabled":false},"version":2}},"categories":[15],"tags":[],"class_list":["post-20265","post","type-post","status-publish","format-standard","has-post-thumbnail","category-moda"],"jetpack_publicize_connections":[],"yoast_head":"<!-- This site is optimized with the Yoast SEO plugin v28.2 - https:\/\/yoast.com\/product\/yoast-seo-wordpress\/ -->\n<title>Marta Fort llev\u00f3 la versi\u00f3n m\u00e1s jugada del abrigo de piel: underboob y mangas XXL - CLAN ESPECTACULOS<\/title>\n<meta name=\"robots\" content=\"index, follow, max-snippet:-1, max-image-preview:large, max-video-preview:-1\" \/>\n<link rel=\"canonical\" href=\"https:\/\/radioclanfm.com\/clanespectaculos\/marta-fort-llevo-la-version-mas-jugada-del-abrigo-de-piel-underboob-y-mangas-xxl\/\" \/>\n<meta property=\"og:locale\" content=\"es_ES\" \/>\n<meta property=\"og:type\" content=\"article\" \/>\n<meta property=\"og:title\" content=\"Marta Fort llev\u00f3 la versi\u00f3n m\u00e1s jugada del abrigo de piel: underboob y mangas XXL - CLAN ESPECTACULOS\" \/>\n<meta property=\"og:description\" content=\"Cada vez m\u00e1s presente en la escena medi\u00e1tica,\u00a0Marta Fort\u00a0delsumbra con todos los looks que usa en eventos o apariciones en programas. Due\u00f1a de un estilo audaz y maximalista, ahora combin\u00f3 los\u00a0fetiches de la temporada en su versi\u00f3n m\u00e1s extrema. La heredera de \u201cEl Comandante\u201d llev\u00f3 un\u00a0abrigo de piel, infaltable del vestidor de su pap\u00e1 y [&hellip;]\" \/>\n<meta property=\"og:url\" content=\"https:\/\/radioclanfm.com\/clanespectaculos\/marta-fort-llevo-la-version-mas-jugada-del-abrigo-de-piel-underboob-y-mangas-xxl\/\" \/>\n<meta property=\"og:site_name\" content=\"CLAN ESPECTACULOS\" \/>\n<meta property=\"article:publisher\" content=\"https:\/\/www.facebook.com\/clanespectaculos\/\" \/>\n<meta property=\"article:published_time\" content=\"2026-09-05T23:56:58+00:00\" \/>\n<meta property=\"og:image\" content=\"https:\/\/radioclanfm.com\/clanespectaculos\/wp-content\/uploads\/sites\/2\/2026\/09\/Du_BqwAo.jpg\" \/>\n\t<meta property=\"og:image:width\" content=\"900\" \/>\n\t<meta property=\"og:image:height\" content=\"507\" \/>\n\t<meta property=\"og:image:type\" content=\"image\/jpeg\" \/>\n<meta name=\"author\" content=\"E-GRUPOCLAN\" \/>\n<meta name=\"twitter:card\" content=\"summary_large_image\" \/>\n<meta name=\"twitter:creator\" content=\"@clanespectok\" \/>\n<meta name=\"twitter:site\" content=\"@clanespectok\" \/>\n<meta name=\"twitter:label1\" content=\"Escrito por\" \/>\n\t<meta name=\"twitter:data1\" content=\"E-GRUPOCLAN\" \/>\n\t<meta name=\"twitter:label2\" content=\"Tiempo de lectura\" \/>\n\t<meta name=\"twitter:data2\" content=\"5 minutos\" \/>\n<script type=\"application\/ld+json\" class=\"yoast-schema-graph\">{\"@context\":\"https:\\\/\\\/schema.org\",\"@graph\":[{\"@type\":\"Article\",\"@id\":\"https:\\\/\\\/radioclanfm.com\\\/clanespectaculos\\\/marta-fort-llevo-la-version-mas-jugada-del-abrigo-de-piel-underboob-y-mangas-xxl\\\/#article\",\"isPartOf\":{\"@id\":\"https:\\\/\\\/radioclanfm.com\\\/clanespectaculos\\\/marta-fort-llevo-la-version-mas-jugada-del-abrigo-de-piel-underboob-y-mangas-xxl\\\/\"},\"author\":{\"name\":\"E-GRUPOCLAN\",\"@id\":\"https:\\\/\\\/radioclanfm.com\\\/clanespectaculos\\\/#\\\/schema\\\/person\\\/9734813083303230f3ad84d99171b20c\"},\"headline\":\"Marta Fort llev\u00f3 la versi\u00f3n m\u00e1s jugada del abrigo de piel: underboob y mangas XXL\",\"datePublished\":\"2026-09-05T23:56:58+00:00\",\"mainEntityOfPage\":{\"@id\":\"https:\\\/\\\/radioclanfm.com\\\/clanespectaculos\\\/marta-fort-llevo-la-version-mas-jugada-del-abrigo-de-piel-underboob-y-mangas-xxl\\\/\"},\"wordCount\":610,\"commentCount\":0,\"publisher\":{\"@id\":\"https:\\\/\\\/radioclanfm.com\\\/clanespectaculos\\\/#organization\"},\"image\":{\"@id\":\"https:\\\/\\\/radioclanfm.com\\\/clanespectaculos\\\/marta-fort-llevo-la-version-mas-jugada-del-abrigo-de-piel-underboob-y-mangas-xxl\\\/#primaryimage\"},\"thumbnailUrl\":\"https:\\\/\\\/radioclanfm.com\\\/clanespectaculos\\\/wp-content\\\/uploads\\\/sites\\\/2\\\/2026\\\/09\\\/Du_BqwAo.jpg\",\"articleSection\":[\"MODA\"],\"inLanguage\":\"es-AR\",\"potentialAction\":[{\"@type\":\"CommentAction\",\"name\":\"Comment\",\"target\":[\"https:\\\/\\\/radioclanfm.com\\\/clanespectaculos\\\/marta-fort-llevo-la-version-mas-jugada-del-abrigo-de-piel-underboob-y-mangas-xxl\\\/#respond\"]}]},{\"@type\":\"WebPage\",\"@id\":\"https:\\\/\\\/radioclanfm.com\\\/clanespectaculos\\\/marta-fort-llevo-la-version-mas-jugada-del-abrigo-de-piel-underboob-y-mangas-xxl\\\/\",\"url\":\"https:\\\/\\\/radioclanfm.com\\\/clanespectaculos\\\/marta-fort-llevo-la-version-mas-jugada-del-abrigo-de-piel-underboob-y-mangas-xxl\\\/\",\"name\":\"Marta Fort llev\u00f3 la versi\u00f3n m\u00e1s jugada del abrigo de piel: underboob y mangas XXL - CLAN ESPECTACULOS\",\"isPartOf\":{\"@id\":\"https:\\\/\\\/radioclanfm.com\\\/clanespectaculos\\\/#website\"},\"primaryImageOfPage\":{\"@id\":\"https:\\\/\\\/radioclanfm.com\\\/clanespectaculos\\\/marta-fort-llevo-la-version-mas-jugada-del-abrigo-de-piel-underboob-y-mangas-xxl\\\/#primaryimage\"},\"image\":{\"@id\":\"https:\\\/\\\/radioclanfm.com\\\/clanespectaculos\\\/marta-fort-llevo-la-version-mas-jugada-del-abrigo-de-piel-underboob-y-mangas-xxl\\\/#primaryimage\"},\"thumbnailUrl\":\"https:\\\/\\\/radioclanfm.com\\\/clanespectaculos\\\/wp-content\\\/uploads\\\/sites\\\/2\\\/2026\\\/09\\\/Du_BqwAo.jpg\",\"datePublished\":\"2026-09-05T23:56:58+00:00\",\"breadcrumb\":{\"@id\":\"https:\\\/\\\/radioclanfm.com\\\/clanespectaculos\\\/marta-fort-llevo-la-version-mas-jugada-del-abrigo-de-piel-underboob-y-mangas-xxl\\\/#breadcrumb\"},\"inLanguage\":\"es-AR\",\"potentialAction\":[{\"@type\":\"ReadAction\",\"target\":[\"https:\\\/\\\/radioclanfm.com\\\/clanespectaculos\\\/marta-fort-llevo-la-version-mas-jugada-del-abrigo-de-piel-underboob-y-mangas-xxl\\\/\"]}]},{\"@type\":\"ImageObject\",\"inLanguage\":\"es-AR\",\"@id\":\"https:\\\/\\\/radioclanfm.com\\\/clanespectaculos\\\/marta-fort-llevo-la-version-mas-jugada-del-abrigo-de-piel-underboob-y-mangas-xxl\\\/#primaryimage\",\"url\":\"https:\\\/\\\/radioclanfm.com\\\/clanespectaculos\\\/wp-content\\\/uploads\\\/sites\\\/2\\\/2026\\\/09\\\/Du_BqwAo.jpg\",\"contentUrl\":\"https:\\\/\\\/radioclanfm.com\\\/clanespectaculos\\\/wp-content\\\/uploads\\\/sites\\\/2\\\/2026\\\/09\\\/Du_BqwAo.jpg\",\"width\":900,\"height\":507},{\"@type\":\"BreadcrumbList\",\"@id\":\"https:\\\/\\\/radioclanfm.com\\\/clanespectaculos\\\/marta-fort-llevo-la-version-mas-jugada-del-abrigo-de-piel-underboob-y-mangas-xxl\\\/#breadcrumb\",\"itemListElement\":[{\"@type\":\"ListItem\",\"position\":1,\"name\":\"Inicio\",\"item\":\"https:\\\/\\\/radioclanfm.com\\\/clanespectaculos\\\/\"},{\"@type\":\"ListItem\",\"position\":2,\"name\":\"Marta Fort llev\u00f3 la versi\u00f3n m\u00e1s jugada del abrigo de piel: underboob y mangas XXL\"}]},{\"@type\":\"WebSite\",\"@id\":\"https:\\\/\\\/radioclanfm.com\\\/clanespectaculos\\\/#website\",\"url\":\"https:\\\/\\\/radioclanfm.com\\\/clanespectaculos\\\/\",\"name\":\"CLAN ESPECTACULOS\",\"description\":\"\",\"publisher\":{\"@id\":\"https:\\\/\\\/radioclanfm.com\\\/clanespectaculos\\\/#organization\"},\"potentialAction\":[{\"@type\":\"SearchAction\",\"target\":{\"@type\":\"EntryPoint\",\"urlTemplate\":\"https:\\\/\\\/radioclanfm.com\\\/clanespectaculos\\\/?s={search_term_string}\"},\"query-input\":{\"@type\":\"PropertyValueSpecification\",\"valueRequired\":true,\"valueName\":\"search_term_string\"}}],\"inLanguage\":\"es-AR\"},{\"@type\":\"Organization\",\"@id\":\"https:\\\/\\\/radioclanfm.com\\\/clanespectaculos\\\/#organization\",\"name\":\"CLAN ESPECTACULOS\",\"url\":\"https:\\\/\\\/radioclanfm.com\\\/clanespectaculos\\\/\",\"logo\":{\"@type\":\"ImageObject\",\"inLanguage\":\"es-AR\",\"@id\":\"https:\\\/\\\/radioclanfm.com\\\/clanespectaculos\\\/#\\\/schema\\\/logo\\\/image\\\/\",\"url\":\"https:\\\/\\\/radioclanfm.com\\\/clanespectaculos\\\/wp-content\\\/uploads\\\/sites\\\/2\\\/2026\\\/04\\\/ChatGPT-Image-23-mar-2026-10_09_00.png\",\"contentUrl\":\"https:\\\/\\\/radioclanfm.com\\\/clanespectaculos\\\/wp-content\\\/uploads\\\/sites\\\/2\\\/2026\\\/04\\\/ChatGPT-Image-23-mar-2026-10_09_00.png\",\"width\":1024,\"height\":1024,\"caption\":\"CLAN ESPECTACULOS\"},\"image\":{\"@id\":\"https:\\\/\\\/radioclanfm.com\\\/clanespectaculos\\\/#\\\/schema\\\/logo\\\/image\\\/\"},\"sameAs\":[\"https:\\\/\\\/www.facebook.com\\\/clanespectaculos\\\/\",\"https:\\\/\\\/x.com\\\/clanespectok\"]},{\"@type\":\"Person\",\"@id\":\"https:\\\/\\\/radioclanfm.com\\\/clanespectaculos\\\/#\\\/schema\\\/person\\\/9734813083303230f3ad84d99171b20c\",\"name\":\"E-GRUPOCLAN\",\"image\":{\"@type\":\"ImageObject\",\"inLanguage\":\"es-AR\",\"@id\":\"https:\\\/\\\/secure.gravatar.com\\\/avatar\\\/af6e19837c3d6a212034a48c7b3818d2ac1826f6025df0155da5a186ad321d79?s=96&d=mm&r=g\",\"url\":\"https:\\\/\\\/secure.gravatar.com\\\/avatar\\\/af6e19837c3d6a212034a48c7b3818d2ac1826f6025df0155da5a186ad321d79?s=96&d=mm&r=g\",\"contentUrl\":\"https:\\\/\\\/secure.gravatar.com\\\/avatar\\\/af6e19837c3d6a212034a48c7b3818d2ac1826f6025df0155da5a186ad321d79?s=96&d=mm&r=g\",\"caption\":\"E-GRUPOCLAN\"},\"sameAs\":[\"https:\\\/\\\/radioclanfm.com\"],\"url\":\"https:\\\/\\\/radioclanfm.com\\\/clanespectaculos\\\/author\\\/admin\\\/\"}]}<\/script>\n<!-- \/ Yoast SEO plugin. -->","yoast_head_json":{"title":"Marta Fort llev\u00f3 la versi\u00f3n m\u00e1s jugada del abrigo de piel: underboob y mangas XXL - CLAN ESPECTACULOS","robots":{"index":"index","follow":"follow","max-snippet":"max-snippet:-1","max-image-preview":"max-image-preview:large","max-video-preview":"max-video-preview:-1"},"canonical":"https:\/\/radioclanfm.com\/clanespectaculos\/marta-fort-llevo-la-version-mas-jugada-del-abrigo-de-piel-underboob-y-mangas-xxl\/","og_locale":"es_ES","og_type":"article","og_title":"Marta Fort llev\u00f3 la versi\u00f3n m\u00e1s jugada del abrigo de piel: underboob y mangas XXL - CLAN ESPECTACULOS","og_description":"Cada vez m\u00e1s presente en la escena medi\u00e1tica,\u00a0Marta Fort\u00a0delsumbra con todos los looks que usa en eventos o apariciones en programas. Due\u00f1a de un estilo audaz y maximalista, ahora combin\u00f3 los\u00a0fetiches de la temporada en su versi\u00f3n m\u00e1s extrema. La heredera de \u201cEl Comandante\u201d llev\u00f3 un\u00a0abrigo de piel, infaltable del vestidor de su pap\u00e1 y [&hellip;]","og_url":"https:\/\/radioclanfm.com\/clanespectaculos\/marta-fort-llevo-la-version-mas-jugada-del-abrigo-de-piel-underboob-y-mangas-xxl\/","og_site_name":"CLAN ESPECTACULOS","article_publisher":"https:\/\/www.facebook.com\/clanespectaculos\/","article_published_time":"2026-09-05T23:56:58+00:00","og_image":[{"width":900,"height":507,"url":"https:\/\/radioclanfm.com\/clanespectaculos\/wp-content\/uploads\/sites\/2\/2026\/09\/Du_BqwAo.jpg","type":"image\/jpeg"}],"author":"E-GRUPOCLAN","twitter_card":"summary_large_image","twitter_creator":"@clanespectok","twitter_site":"@clanespectok","twitter_misc":{"Escrito por":"E-GRUPOCLAN","Tiempo de lectura":"5 minutos"},"schema":{"@context":"https:\/\/schema.org","@graph":[{"@type":"Article","@id":"https:\/\/radioclanfm.com\/clanespectaculos\/marta-fort-llevo-la-version-mas-jugada-del-abrigo-de-piel-underboob-y-mangas-xxl\/#article","isPartOf":{"@id":"https:\/\/radioclanfm.com\/clanespectaculos\/marta-fort-llevo-la-version-mas-jugada-del-abrigo-de-piel-underboob-y-mangas-xxl\/"},"author":{"name":"E-GRUPOCLAN","@id":"https:\/\/radioclanfm.com\/clanespectaculos\/#\/schema\/person\/9734813083303230f3ad84d99171b20c"},"headline":"Marta Fort llev\u00f3 la versi\u00f3n m\u00e1s jugada del abrigo de piel: underboob y mangas XXL","datePublished":"2026-09-05T23:56:58+00:00","mainEntityOfPage":{"@id":"https:\/\/radioclanfm.com\/clanespectaculos\/marta-fort-llevo-la-version-mas-jugada-del-abrigo-de-piel-underboob-y-mangas-xxl\/"},"wordCount":610,"commentCount":0,"publisher":{"@id":"https:\/\/radioclanfm.com\/clanespectaculos\/#organization"},"image":{"@id":"https:\/\/radioclanfm.com\/clanespectaculos\/marta-fort-llevo-la-version-mas-jugada-del-abrigo-de-piel-underboob-y-mangas-xxl\/#primaryimage"},"thumbnailUrl":"https:\/\/radioclanfm.com\/clanespectaculos\/wp-content\/uploads\/sites\/2\/2026\/09\/Du_BqwAo.jpg","articleSection":["MODA"],"inLanguage":"es-AR","potentialAction":[{"@type":"CommentAction","name":"Comment","target":["https:\/\/radioclanfm.com\/clanespectaculos\/marta-fort-llevo-la-version-mas-jugada-del-abrigo-de-piel-underboob-y-mangas-xxl\/#respond"]}]},{"@type":"WebPage","@id":"https:\/\/radioclanfm.com\/clanespectaculos\/marta-fort-llevo-la-version-mas-jugada-del-abrigo-de-piel-underboob-y-mangas-xxl\/","url":"https:\/\/radioclanfm.com\/clanespectaculos\/marta-fort-llevo-la-version-mas-jugada-del-abrigo-de-piel-underboob-y-mangas-xxl\/","name":"Marta Fort llev\u00f3 la versi\u00f3n m\u00e1s jugada del abrigo de piel: underboob y mangas XXL - CLAN ESPECTACULOS","isPartOf":{"@id":"https:\/\/radioclanfm.com\/clanespectaculos\/#website"},"primaryImageOfPage":{"@id":"https:\/\/radioclanfm.com\/clanespectaculos\/marta-fort-llevo-la-version-mas-jugada-del-abrigo-de-piel-underboob-y-mangas-xxl\/#primaryimage"},"image":{"@id":"https:\/\/radioclanfm.com\/clanespectaculos\/marta-fort-llevo-la-version-mas-jugada-del-abrigo-de-piel-underboob-y-mangas-xxl\/#primaryimage"},"thumbnailUrl":"https:\/\/radioclanfm.com\/clanespectaculos\/wp-content\/uploads\/sites\/2\/2026\/09\/Du_BqwAo.jpg","datePublished":"2026-09-05T23:56:58+00:00","breadcrumb":{"@id":"https:\/\/radioclanfm.com\/clanespectaculos\/marta-fort-llevo-la-version-mas-jugada-del-abrigo-de-piel-underboob-y-mangas-xxl\/#breadcrumb"},"inLanguage":"es-AR","potentialAction":[{"@type":"ReadAction","target":["https:\/\/radioclanfm.com\/clanespectaculos\/marta-fort-llevo-la-version-mas-jugada-del-abrigo-de-piel-underboob-y-mangas-xxl\/"]}]},{"@type":"ImageObject","inLanguage":"es-AR","@id":"https:\/\/radioclanfm.com\/clanespectaculos\/marta-fort-llevo-la-version-mas-jugada-del-abrigo-de-piel-underboob-y-mangas-xxl\/#primaryimage","url":"https:\/\/radioclanfm.com\/clanespectaculos\/wp-content\/uploads\/sites\/2\/2026\/09\/Du_BqwAo.jpg","contentUrl":"https:\/\/radioclanfm.com\/clanespectaculos\/wp-content\/uploads\/sites\/2\/2026\/09\/Du_BqwAo.jpg","width":900,"height":507},{"@type":"BreadcrumbList","@id":"https:\/\/radioclanfm.com\/clanespectaculos\/marta-fort-llevo-la-version-mas-jugada-del-abrigo-de-piel-underboob-y-mangas-xxl\/#breadcrumb","itemListElement":[{"@type":"ListItem","position":1,"name":"Inicio","item":"https:\/\/radioclanfm.com\/clanespectaculos\/"},{"@type":"ListItem","position":2,"name":"Marta Fort llev\u00f3 la versi\u00f3n m\u00e1s jugada del abrigo de piel: underboob y mangas XXL"}]},{"@type":"WebSite","@id":"https:\/\/radioclanfm.com\/clanespectaculos\/#website","url":"https:\/\/radioclanfm.com\/clanespectaculos\/","name":"CLAN ESPECTACULOS","description":"","publisher":{"@id":"https:\/\/radioclanfm.com\/clanespectaculos\/#organization"},"potentialAction":[{"@type":"SearchAction","target":{"@type":"EntryPoint","urlTemplate":"https:\/\/radioclanfm.com\/clanespectaculos\/?s={search_term_string}"},"query-input":{"@type":"PropertyValueSpecification","valueRequired":true,"valueName":"search_term_string"}}],"inLanguage":"es-AR"},{"@type":"Organization","@id":"https:\/\/radioclanfm.com\/clanespectaculos\/#organization","name":"CLAN ESPECTACULOS","url":"https:\/\/radioclanfm.com\/clanespectaculos\/","logo":{"@type":"ImageObject","inLanguage":"es-AR","@id":"https:\/\/radioclanfm.com\/clanespectaculos\/#\/schema\/logo\/image\/","url":"https:\/\/radioclanfm.com\/clanespectaculos\/wp-content\/uploads\/sites\/2\/2026\/04\/ChatGPT-Image-23-mar-2026-10_09_00.png","contentUrl":"https:\/\/radioclanfm.com\/clanespectaculos\/wp-content\/uploads\/sites\/2\/2026\/04\/ChatGPT-Image-23-mar-2026-10_09_00.png","width":1024,"height":1024,"caption":"CLAN ESPECTACULOS"},"image":{"@id":"https:\/\/radioclanfm.com\/clanespectaculos\/#\/schema\/logo\/image\/"},"sameAs":["https:\/\/www.facebook.com\/clanespectaculos\/","https:\/\/x.com\/clanespectok"]},{"@type":"Person","@id":"https:\/\/radioclanfm.com\/clanespectaculos\/#\/schema\/person\/9734813083303230f3ad84d99171b20c","name":"E-GRUPOCLAN","image":{"@type":"ImageObject","inLanguage":"es-AR","@id":"https:\/\/secure.gravatar.com\/avatar\/af6e19837c3d6a212034a48c7b3818d2ac1826f6025df0155da5a186ad321d79?s=96&d=mm&r=g","url":"https:\/\/secure.gravatar.com\/avatar\/af6e19837c3d6a212034a48c7b3818d2ac1826f6025df0155da5a186ad321d79?s=96&d=mm&r=g","contentUrl":"https:\/\/secure.gravatar.com\/avatar\/af6e19837c3d6a212034a48c7b3818d2ac1826f6025df0155da5a186ad321d79?s=96&d=mm&r=g","caption":"E-GRUPOCLAN"},"sameAs":["https:\/\/radioclanfm.com"],"url":"https:\/\/radioclanfm.com\/clanespectaculos\/author\/admin\/"}]}},"_links":{"self":[{"href":"https:\/\/radioclanfm.com\/clanespectaculos\/wp-json\/wp\/v2\/posts\/20265","targetHints":{"allow":["GET"]}}],"collection":[{"href":"https:\/\/radioclanfm.com\/clanespectaculos\/wp-json\/wp\/v2\/posts"}],"about":[{"href":"https:\/\/radioclanfm.com\/clanespectaculos\/wp-json\/wp\/v2\/types\/post"}],"author":[{"embeddable":true,"href":"https:\/\/radioclanfm.com\/clanespectaculos\/wp-json\/wp\/v2\/users\/1"}],"replies":[{"embeddable":true,"href":"https:\/\/radioclanfm.com\/clanespectaculos\/wp-json\/wp\/v2\/comments?post=20265"}],"version-history":[{"count":1,"href":"https:\/\/radioclanfm.com\/clanespectaculos\/wp-json\/wp\/v2\/posts\/20265\/revisions"}],"predecessor-version":[{"id":20267,"href":"https:\/\/radioclanfm.com\/clanespectaculos\/wp-json\/wp\/v2\/posts\/20265\/revisions\/20267"}],"wp:featuredmedia":[{"embeddable":true,"href":"https:\/\/radioclanfm.com\/clanespectaculos\/wp-json\/wp\/v2\/media\/20266"}],"wp:attachment":[{"href":"https:\/\/radioclanfm.com\/clanespectaculos\/wp-json\/wp\/v2\/media?parent=20265"}],"wp:term":[{"taxonomy":"category","embeddable":true,"href":"https:\/\/radioclanfm.com\/clanespectaculos\/wp-json\/wp\/v2\/categories?post=20265"},{"taxonomy":"post_tag","embeddable":true,"href":"https:\/\/radioclanfm.com\/clanespectaculos\/wp-json\/wp\/v2\/tags?post=20265"}],"curies":[{"name":"wp","href":"https:\/\/api.w.org\/{rel}","templated":true}]}}