{"id":20262,"date":"2026-09-05T20:55:07","date_gmt":"2026-09-05T23:55:07","guid":{"rendered":"https:\/\/radioclanfm.com\/clanespectaculos\/?p=20262"},"modified":"2026-09-05T20:55:07","modified_gmt":"2026-09-05T23:55:07","slug":"corset-cavado-y-lenceria-a-la-vista-morena-echarri-sorprendio-con-su-look-mas-audaz","status":"publish","type":"post","link":"https:\/\/radioclanfm.com\/clanespectaculos\/corset-cavado-y-lenceria-a-la-vista-morena-echarri-sorprendio-con-su-look-mas-audaz\/","title":{"rendered":"Corset cavado y lencer\u00eda a la vista: Morena Echarri sorprendi\u00f3 con su look m\u00e1s audaz"},"content":{"rendered":"<p>La hija de Pablo Echarry y Nancy Dupla\u00e1 despliega su faceta fashionista.<\/p>\n<p class=\"paragraph font__body-regular\">A pesar de llevar un nombre que la hace famosa,\u00a0<b>Morena Echarri<\/b>\u00a0empez\u00f3 a crear su propio camino en el medio el a\u00f1o pasado, cuando hizo su primera campa\u00f1a de moda junto a su mam\u00e1,\u00a0<b>Nancy Dupl\u00e1a<\/b>. Ahora, la hija de la actriz y\u00a0<b>Pablo Echarri<\/b>\u00a0explora su faceta fashionista en Instagram y marca tendencia en el d\u00eda a d\u00eda.<\/p>\n<div class=\"st-inarticle-slot\">\n<div id=\"standard_1\" class=\"st-placement inArticle standard_1\">\n<div class=\"st-adunit st-adunit-tagged st-adunit-inarticle st-reset st-show goku\" data-testid=\"adunit\">\n<div class=\"st-adunit-ad st-reset\" data-testid=\"adunit-ad\">\n<div class=\"st-display-render st-reset open st-controls\" data-testid=\"controls\">\n<div class=\"st-canvas st-reset horizontal-static\" data-testid=\"canvas\"><\/div>\n<\/div>\n<\/div>\n<\/div>\n<\/div>\n<\/div>\n<div id=\"ad-slot-infeed\" class=\"infeed-container\" data-google-query-id=\"CJOz4NLR2JYDFSRnuAQddYAGGg\">\n<div id=\"google_ads_iframe_\/113951150\/tn-arc\/nota\/infeed_0__container__\"><iframe id=\"google_ads_iframe_\/113951150\/tn-arc\/nota\/infeed_0\" tabindex=\"0\" title=\"Contenido de anuncios de terceros\" name=\"google_ads_iframe_\/113951150\/tn-arc\/nota\/infeed_0\" width=\"1\" height=\"1\" frameborder=\"0\" marginwidth=\"0\" marginheight=\"0\" scrolling=\"no\" aria-label=\"Anuncio\" data-google-container-id=\"9\" data-load-complete=\"true\" data-mce-fragment=\"1\"><\/iframe><\/div>\n<\/div>\n<p class=\"paragraph font__body-regular\">\u00bfSu apuesta m\u00e1s reciente? La\u00a0<i>it girl<\/i>\u00a0de 23 a\u00f1os, estudiante de dise\u00f1o de indumentaria, mostr\u00f3 uno de los \u00edtems infaltables para una salida nocturna:\u00a0<b>corset negro.<\/b>\u00a0Fiel a su estilo canchero y con una cuota rebelde, eligi\u00f3 un\u00a0<b>modelo deshilachado con costuras a la vista y terminaci\u00f3n irregular.<\/b><\/p>\n<div class=\"marfeel-readmore-slot\"><\/div>\n<figure class=\"\" data-testid=\"figure-testid\">\n<div class=\"aspect_ratio__container\"><picture class=\"responsive-image\"><source srcset=\"https:\/\/tn.com.ar\/resizer\/v2\/morena-echarrisorprendio-con-su-eleccion-de-corset-foto-instagrammomiecharri-T45VPP5RYVFU5JTBTHPHSQ2NEE.jpg?auth=b431fa6b755c06967756a29ee36d9eca098d73d2567bdb8ea24a33b9f69df54b&amp;width=767\" media=\"(max-width: 728px)\" \/><source srcset=\"https:\/\/tn.com.ar\/resizer\/v2\/morena-echarrisorprendio-con-su-eleccion-de-corset-foto-instagrammomiecharri-T45VPP5RYVFU5JTBTHPHSQ2NEE.jpg?auth=b431fa6b755c06967756a29ee36d9eca098d73d2567bdb8ea24a33b9f69df54b&amp;width=1023\" media=\"(max-width: 1023px)\" \/><source srcset=\"https:\/\/tn.com.ar\/resizer\/v2\/morena-echarrisorprendio-con-su-eleccion-de-corset-foto-instagrammomiecharri-T45VPP5RYVFU5JTBTHPHSQ2NEE.jpg?auth=b431fa6b755c06967756a29ee36d9eca098d73d2567bdb8ea24a33b9f69df54b&amp;width=1440\" \/><img loading=\"lazy\" decoding=\"async\" class=\"image content-image image_placeholder\" src=\"https:\/\/tn.com.ar\/resizer\/v2\/morena-echarrisorprendio-con-su-eleccion-de-corset-foto-instagrammomiecharri-T45VPP5RYVFU5JTBTHPHSQ2NEE.jpg?auth=b431fa6b755c06967756a29ee36d9eca098d73d2567bdb8ea24a33b9f69df54b&amp;width=767\" alt=\"Morena Echarrisorprendi\u00f3 con su elecci\u00f3n de corset. (Foto: Instagram\/@momiecharri)\" width=\"767\" height=\"1023\" data-testid=\"loading-testid\" \/><\/picture><\/div><figcaption class=\"caption_image\" data-testid=\"figcaption-testid\">\n<div class=\"image_caption \">Morena Echarrisorprendi\u00f3 con su elecci\u00f3n de corset. (Foto: Instagram\/@momiecharri)<\/div>\n<\/figcaption><\/figure>\n<p class=\"paragraph font__body-regular\">En una de las fotos que comparti\u00f3 en Instagram, pos\u00f3 de espaldas para dejar a la vista la parte de atr\u00e1s del modelo,<b>\u00a0abierta y con lazos cruzados.\u00a0<\/b>Aunque no mostr\u00f3 si lo combin\u00f3 con pantal\u00f3n o falda, dej\u00f3 ver la parte superior de la\u00a0<b>lencer\u00eda de encaje floral azul que us\u00f3 debajo<\/b>, otro detalle que es tendencia.<\/p>\n<figure class=\"\" data-testid=\"figure-testid\">\n<div class=\"aspect_ratio__container\"><picture class=\"responsive-image\"><source srcset=\"https:\/\/tn.com.ar\/resizer\/v2\/morena-echarri-con-corset-abierto-con-lazos-foto-instagrammomiecharri-YCRJOGAAMVGZ7L5OK3MIZLLTBM.jpg?auth=25e237f8c1b815e61674228117732f2138935662c7ad1abe7ae935cb1444190e&amp;width=767\" media=\"(max-width: 728px)\" \/><source srcset=\"https:\/\/tn.com.ar\/resizer\/v2\/morena-echarri-con-corset-abierto-con-lazos-foto-instagrammomiecharri-YCRJOGAAMVGZ7L5OK3MIZLLTBM.jpg?auth=25e237f8c1b815e61674228117732f2138935662c7ad1abe7ae935cb1444190e&amp;width=1023\" media=\"(max-width: 1023px)\" \/><source srcset=\"https:\/\/tn.com.ar\/resizer\/v2\/morena-echarri-con-corset-abierto-con-lazos-foto-instagrammomiecharri-YCRJOGAAMVGZ7L5OK3MIZLLTBM.jpg?auth=25e237f8c1b815e61674228117732f2138935662c7ad1abe7ae935cb1444190e&amp;width=1440\" \/><img loading=\"lazy\" decoding=\"async\" class=\"image content-image image_placeholder\" src=\"https:\/\/tn.com.ar\/resizer\/v2\/morena-echarri-con-corset-abierto-con-lazos-foto-instagrammomiecharri-YCRJOGAAMVGZ7L5OK3MIZLLTBM.jpg?auth=25e237f8c1b815e61674228117732f2138935662c7ad1abe7ae935cb1444190e&amp;width=767\" alt=\"Morena Echarri con corset abierto con lazos. (Foto: Instagram\/@momiecharri)\" width=\"767\" height=\"1023\" data-testid=\"loading-testid\" \/><\/picture><\/div><figcaption class=\"caption_image\" data-testid=\"figcaption-testid\">\n<div class=\"image_caption \">Morena Echarri con corset abierto con lazos. (Foto: Instagram\/@momiecharri)<\/div>\n<\/figcaption><\/figure>\n<p class=\"paragraph font__body-regular\">Coron\u00f3 el estilismo con aros\u00a0<b>colgantes en forma de cruz<\/b>\u00a0y un\u00a0<i>beauty\u00a0<\/i>look relajado:\u00a0<b>pelo suelto con ondas naturales y maquillaje sobrio con pesta\u00f1as arqueadas.<\/b><\/p>\n<figure class=\"\" data-testid=\"figure-testid\">\n<div class=\"aspect_ratio__container\"><picture class=\"responsive-image\"><source srcset=\"https:\/\/tn.com.ar\/resizer\/v2\/morena-echarri-con-corset-deshilachado-y-lenceria-de-encaje-a-la-vista-foto-instagrammomiecharri-7766X23DQZELXCEXS2CWKFCFM4.jpg?auth=f4467954abc0bd97d9a181c333d90ab52aa435a31d65552d0552482d46f29f17&amp;width=767\" media=\"(max-width: 728px)\" \/><source srcset=\"https:\/\/tn.com.ar\/resizer\/v2\/morena-echarri-con-corset-deshilachado-y-lenceria-de-encaje-a-la-vista-foto-instagrammomiecharri-7766X23DQZELXCEXS2CWKFCFM4.jpg?auth=f4467954abc0bd97d9a181c333d90ab52aa435a31d65552d0552482d46f29f17&amp;width=1023\" media=\"(max-width: 1023px)\" \/><source srcset=\"https:\/\/tn.com.ar\/resizer\/v2\/morena-echarri-con-corset-deshilachado-y-lenceria-de-encaje-a-la-vista-foto-instagrammomiecharri-7766X23DQZELXCEXS2CWKFCFM4.jpg?auth=f4467954abc0bd97d9a181c333d90ab52aa435a31d65552d0552482d46f29f17&amp;width=1440\" \/><img loading=\"lazy\" decoding=\"async\" class=\"image content-image image_placeholder\" src=\"https:\/\/tn.com.ar\/resizer\/v2\/morena-echarri-con-corset-deshilachado-y-lenceria-de-encaje-a-la-vista-foto-instagrammomiecharri-7766X23DQZELXCEXS2CWKFCFM4.jpg?auth=f4467954abc0bd97d9a181c333d90ab52aa435a31d65552d0552482d46f29f17&amp;width=767\" alt=\"Morena Echarri con corset deshilachado y lencer\u00eda de encaje a la vista. (Foto: Instagram\/@momiecharri)\" width=\"767\" height=\"575\" data-testid=\"loading-testid\" \/><\/picture><\/div><figcaption class=\"caption_image\" data-testid=\"figcaption-testid\">\n<div class=\"image_caption \">Morena Echarri con corset deshilachado y lencer\u00eda de encaje a la vista. (Foto: Instagram\/@momiecharri)<\/div>\n<\/figcaption><\/figure>\n<h2 class=\"font--primary font__display\">Morena Echarri en culotte y peluca azul<\/h2>\n<p class=\"paragraph font__body-regular\">Recientemente, Morena Echarri sorprendi\u00f3 con una producci\u00f3n de fotos de alto impacto est\u00e9tico, impronta urbana y marcada personalidad. Al frente de su propia marca de ropa, Hetaira,<b>\u00a0despleg\u00f3 un estilismo con gui\u00f1os al g\u00e9nero de acci\u00f3n y al c\u00f3mic.<\/b><\/p>\n<figure class=\"\" data-testid=\"figure-testid\">\n<div class=\"aspect_ratio__container\"><picture class=\"responsive-image\"><source srcset=\"https:\/\/tn.com.ar\/resizer\/v2\/morena-echarri-mostro-en-sus-redes-su-lado-fashionista-con-una-produccion-de-moda-estilo-pop-fotomomiecharrijotajotaph-3Y5O2BFOSZDUHMYPHUOSNDMCCE.jpg?auth=01dd954b4aafec628d68b69e68b484e422d4caec1315e471512b1484409239b4&amp;width=767\" media=\"(max-width: 728px)\" \/><source srcset=\"https:\/\/tn.com.ar\/resizer\/v2\/morena-echarri-mostro-en-sus-redes-su-lado-fashionista-con-una-produccion-de-moda-estilo-pop-fotomomiecharrijotajotaph-3Y5O2BFOSZDUHMYPHUOSNDMCCE.jpg?auth=01dd954b4aafec628d68b69e68b484e422d4caec1315e471512b1484409239b4&amp;width=1023\" media=\"(max-width: 1023px)\" \/><source srcset=\"https:\/\/tn.com.ar\/resizer\/v2\/morena-echarri-mostro-en-sus-redes-su-lado-fashionista-con-una-produccion-de-moda-estilo-pop-fotomomiecharrijotajotaph-3Y5O2BFOSZDUHMYPHUOSNDMCCE.jpg?auth=01dd954b4aafec628d68b69e68b484e422d4caec1315e471512b1484409239b4&amp;width=1440\" \/><img loading=\"lazy\" decoding=\"async\" class=\"image content-image image_placeholder\" src=\"https:\/\/tn.com.ar\/resizer\/v2\/morena-echarri-mostro-en-sus-redes-su-lado-fashionista-con-una-produccion-de-moda-estilo-pop-fotomomiecharrijotajotaph-3Y5O2BFOSZDUHMYPHUOSNDMCCE.jpg?auth=01dd954b4aafec628d68b69e68b484e422d4caec1315e471512b1484409239b4&amp;width=767\" alt=\"Morena Echarri mostr\u00f3 en sus redes su lado fashionista, con una producci\u00f3n de moda estilo pop Foto:@momiecharri\/@jotajotaph\" width=\"767\" height=\"1023\" data-testid=\"loading-testid\" \/><\/picture><\/div><figcaption class=\"caption_image\" data-testid=\"figcaption-testid\">\n<div class=\"image_caption \">Morena Echarri mostr\u00f3 en sus redes su lado fashionista, con una producci\u00f3n de moda estilo pop Foto:@momiecharri\/@jotajotaph<\/div>\n<\/figcaption><\/figure>\n<p class=\"paragraph font__body-regular\">Combin\u00f3 una\u00a0<b>musculosa corta\u00a0<\/b>con escote en V y breteles anchos de color celeste claro con volado en el ruedo con un\u00a0<b>culotte<\/b>\u00a0de algod\u00f3n en tono azul gris\u00e1ceo con el\u00e1stico visible y la inscripci\u00f3n consecutiva de la palabra \u201clove\u201d.<\/p>\n<figure class=\"\" data-testid=\"figure-testid\">\n<div class=\"aspect_ratio__container\"><picture class=\"responsive-image\"><source srcset=\"https:\/\/tn.com.ar\/resizer\/v2\/morena-echarri-mostro-en-sus-redes-su-lado-fashionista-con-una-produccion-de-moda-estilo-pop-fotomomiecharrijotajotaph-J3MPW35JD5B5PIRHXRBOYXNKLA.jpg?auth=8280071a859fbf7136435a7c362384bd977df79a8a12ede2d4b0d6ec95eb2a92&amp;width=767\" media=\"(max-width: 728px)\" \/><source srcset=\"https:\/\/tn.com.ar\/resizer\/v2\/morena-echarri-mostro-en-sus-redes-su-lado-fashionista-con-una-produccion-de-moda-estilo-pop-fotomomiecharrijotajotaph-J3MPW35JD5B5PIRHXRBOYXNKLA.jpg?auth=8280071a859fbf7136435a7c362384bd977df79a8a12ede2d4b0d6ec95eb2a92&amp;width=1023\" media=\"(max-width: 1023px)\" \/><source srcset=\"https:\/\/tn.com.ar\/resizer\/v2\/morena-echarri-mostro-en-sus-redes-su-lado-fashionista-con-una-produccion-de-moda-estilo-pop-fotomomiecharrijotajotaph-J3MPW35JD5B5PIRHXRBOYXNKLA.jpg?auth=8280071a859fbf7136435a7c362384bd977df79a8a12ede2d4b0d6ec95eb2a92&amp;width=1440\" \/><img loading=\"lazy\" decoding=\"async\" class=\"image content-image image_placeholder\" src=\"https:\/\/tn.com.ar\/resizer\/v2\/morena-echarri-mostro-en-sus-redes-su-lado-fashionista-con-una-produccion-de-moda-estilo-pop-fotomomiecharrijotajotaph-J3MPW35JD5B5PIRHXRBOYXNKLA.jpg?auth=8280071a859fbf7136435a7c362384bd977df79a8a12ede2d4b0d6ec95eb2a92&amp;width=767\" alt=\"Morena Echarri mostr\u00f3 en sus redes su lado fashionista, con una producci\u00f3n de moda estilo pop Foto:@momiecharri\/@jotajotaph\" width=\"767\" height=\"1023\" data-testid=\"loading-testid\" \/><\/picture><\/div><figcaption class=\"caption_image\" data-testid=\"figcaption-testid\">\n<div class=\"image_caption \">Morena Echarri mostr\u00f3 en sus redes su lado fashionista, con una producci\u00f3n de moda estilo pop Foto:@momiecharri\/@jotajotaph<\/div>\n<\/figcaption><\/figure>\n<p class=\"paragraph font__body-regular\">Anita Galvano -la modelo que la acompa\u00f1\u00f3 en la producci\u00f3n de moda- luci\u00f3 una<b>\u00a0peluca de color\u00a0<\/b>violeta intenso con corte carr\u00e9 y flequillo recto,\u00a0<b>musculosa cl\u00e1sica<\/b>\u00a0de breteles finos en tono rosa pastel y\u00a0<b>minishort\u00a0<\/b>negro.<\/p>\n<figure class=\"\" data-testid=\"figure-testid\">\n<div class=\"aspect_ratio__container\"><picture class=\"responsive-image\"><source srcset=\"https:\/\/tn.com.ar\/resizer\/v2\/morena-echarri-mostro-en-sus-redes-su-dado-fashionista-con-una-produccion-de-moda-estilo-pop-fotomomiecharrijotajotaph-JSCRNAWONZFSFPRN5RLSAA6B6A.jpg?auth=a3ae86ac02422575d1052bd0a30cb9083de3c98accd94d497a9f523cffdcc5ec&amp;width=767\" media=\"(max-width: 728px)\" \/><source srcset=\"https:\/\/tn.com.ar\/resizer\/v2\/morena-echarri-mostro-en-sus-redes-su-dado-fashionista-con-una-produccion-de-moda-estilo-pop-fotomomiecharrijotajotaph-JSCRNAWONZFSFPRN5RLSAA6B6A.jpg?auth=a3ae86ac02422575d1052bd0a30cb9083de3c98accd94d497a9f523cffdcc5ec&amp;width=1023\" media=\"(max-width: 1023px)\" \/><source srcset=\"https:\/\/tn.com.ar\/resizer\/v2\/morena-echarri-mostro-en-sus-redes-su-dado-fashionista-con-una-produccion-de-moda-estilo-pop-fotomomiecharrijotajotaph-JSCRNAWONZFSFPRN5RLSAA6B6A.jpg?auth=a3ae86ac02422575d1052bd0a30cb9083de3c98accd94d497a9f523cffdcc5ec&amp;width=1440\" \/><img loading=\"lazy\" decoding=\"async\" class=\"image content-image image_placeholder\" src=\"https:\/\/tn.com.ar\/resizer\/v2\/morena-echarri-mostro-en-sus-redes-su-dado-fashionista-con-una-produccion-de-moda-estilo-pop-fotomomiecharrijotajotaph-JSCRNAWONZFSFPRN5RLSAA6B6A.jpg?auth=a3ae86ac02422575d1052bd0a30cb9083de3c98accd94d497a9f523cffdcc5ec&amp;width=767\" alt=\"Morena Echarri mostr\u00f3 en sus redes su dado fashionista, con una producci\u00f3n de moda estilo pop Foto:@momiecharri\/@jotajotaph\" width=\"767\" height=\"1023\" data-testid=\"loading-testid\" \/><\/picture><\/div><figcaption class=\"caption_image\" data-testid=\"figcaption-testid\">\n<div class=\"image_caption \">Morena Echarri mostr\u00f3 en sus redes su dado fashionista, con una producci\u00f3n de moda estilo pop Foto:@momiecharri\/@jotajotaph<\/div>\n<\/figcaption><\/figure>\n<p class=\"paragraph font__body-regular\">\u00bfEl\u00a0<i>beauty look<\/i>? Morena Echarri llev\u00f3 una\u00a0<b>peluca extensa\u00a0<\/b>azul el\u00e9ctrico vibrante con peinado lacio y raya al medio. El maquillaje destac\u00f3 por\u00a0<b>sombra de ojos celeste\u00a0<\/b>metalizada, delineado negro sutil y\u00a0<b>labios en tono\u00a0<\/b><i><b>nude\u00a0<\/b><\/i>con terminaci\u00f3n brillante.<\/p>\n<figure class=\"\" data-testid=\"figure-testid\">\n<div class=\"aspect_ratio__container\"><picture class=\"responsive-image\"><source srcset=\"https:\/\/tn.com.ar\/resizer\/v2\/morena-echarri-mostro-en-sus-redes-su-dado-fashionista-con-una-produccion-de-moda-estilo-pop-fotomomiecharrijotajotaph-6QKEN32G4ZH2ZIKEZA3LXHCCFY.jpg?auth=55012572bc5c8120e0b6138bffd619d2e9dd812d250a615753b61991581d7768&amp;width=767\" media=\"(max-width: 728px)\" \/><source srcset=\"https:\/\/tn.com.ar\/resizer\/v2\/morena-echarri-mostro-en-sus-redes-su-dado-fashionista-con-una-produccion-de-moda-estilo-pop-fotomomiecharrijotajotaph-6QKEN32G4ZH2ZIKEZA3LXHCCFY.jpg?auth=55012572bc5c8120e0b6138bffd619d2e9dd812d250a615753b61991581d7768&amp;width=1023\" media=\"(max-width: 1023px)\" \/><source srcset=\"https:\/\/tn.com.ar\/resizer\/v2\/morena-echarri-mostro-en-sus-redes-su-dado-fashionista-con-una-produccion-de-moda-estilo-pop-fotomomiecharrijotajotaph-6QKEN32G4ZH2ZIKEZA3LXHCCFY.jpg?auth=55012572bc5c8120e0b6138bffd619d2e9dd812d250a615753b61991581d7768&amp;width=1440\" \/><img loading=\"lazy\" decoding=\"async\" class=\"image content-image image_placeholder\" src=\"https:\/\/tn.com.ar\/resizer\/v2\/morena-echarri-mostro-en-sus-redes-su-dado-fashionista-con-una-produccion-de-moda-estilo-pop-fotomomiecharrijotajotaph-6QKEN32G4ZH2ZIKEZA3LXHCCFY.jpg?auth=55012572bc5c8120e0b6138bffd619d2e9dd812d250a615753b61991581d7768&amp;width=767\" alt=\"Morena Echarri mostr\u00f3 en sus redes su dado fashionista, con una producci\u00f3n de moda estilo pop Foto:@momiecharri\/@jotajotaph\" width=\"767\" height=\"1023\" data-testid=\"loading-testid\" \/><\/picture><\/div><figcaption class=\"caption_image\" data-testid=\"figcaption-testid\">\n<div class=\"image_caption \">Morena Echarri mostr\u00f3 en sus redes su dado fashionista, con una producci\u00f3n de moda estilo pop Foto:@momiecharri\/@jotajotaph<\/div>\n<\/figcaption><\/figure>\n<p class=\"paragraph font__body-regular\">El estilismo estuvo a cargo de Irinna Nadin y Valentina Cerri, quienes definieron las prendas de la producci\u00f3n, con maquillaje de Micaela Serafini.<\/p>\n","protected":false},"excerpt":{"rendered":"<p>La hija de Pablo Echarry y Nancy Dupla\u00e1 despliega su faceta fashionista. A pesar de llevar un nombre que la hace famosa,\u00a0Morena Echarri\u00a0empez\u00f3 a crear su propio camino en el medio el a\u00f1o pasado, cuando hizo su primera campa\u00f1a de moda junto a su mam\u00e1,\u00a0Nancy Dupl\u00e1a. Ahora, la hija de la actriz y\u00a0Pablo Echarri\u00a0explora su [&hellip;]<\/p>\n","protected":false},"author":1,"featured_media":20263,"comment_status":"open","ping_status":"open","sticky":false,"template":"","format":"standard","meta":{"rop_custom_images_group":[],"rop_custom_messages_group":[],"rop_publish_now":"initial","rop_publish_now_accounts":[],"rop_publish_now_history":[],"rop_publish_now_status":"pending","footnotes":"","jetpack_publicize_message":"","jetpack_publicize_feature_enabled":true,"jetpack_social_post_already_shared":true,"jetpack_social_options":{"image_generator_settings":{"template":"highway","enabled":false},"version":2}},"categories":[15],"tags":[],"class_list":["post-20262","post","type-post","status-publish","format-standard","has-post-thumbnail","category-moda"],"jetpack_publicize_connections":[],"yoast_head":"<!-- This site is optimized with the Yoast SEO plugin v28.2 - https:\/\/yoast.com\/product\/yoast-seo-wordpress\/ -->\n<title>Corset cavado y lencer\u00eda a la vista: Morena Echarri sorprendi\u00f3 con su look m\u00e1s audaz - CLAN ESPECTACULOS<\/title>\n<meta name=\"robots\" content=\"index, follow, max-snippet:-1, max-image-preview:large, max-video-preview:-1\" \/>\n<link rel=\"canonical\" href=\"https:\/\/radioclanfm.com\/clanespectaculos\/corset-cavado-y-lenceria-a-la-vista-morena-echarri-sorprendio-con-su-look-mas-audaz\/\" \/>\n<meta property=\"og:locale\" content=\"es_ES\" \/>\n<meta property=\"og:type\" content=\"article\" \/>\n<meta property=\"og:title\" content=\"Corset cavado y lencer\u00eda a la vista: Morena Echarri sorprendi\u00f3 con su look m\u00e1s audaz - CLAN ESPECTACULOS\" \/>\n<meta property=\"og:description\" content=\"La hija de Pablo Echarry y Nancy Dupla\u00e1 despliega su faceta fashionista. A pesar de llevar un nombre que la hace famosa,\u00a0Morena Echarri\u00a0empez\u00f3 a crear su propio camino en el medio el a\u00f1o pasado, cuando hizo su primera campa\u00f1a de moda junto a su mam\u00e1,\u00a0Nancy Dupl\u00e1a. Ahora, la hija de la actriz y\u00a0Pablo Echarri\u00a0explora su [&hellip;]\" \/>\n<meta property=\"og:url\" content=\"https:\/\/radioclanfm.com\/clanespectaculos\/corset-cavado-y-lenceria-a-la-vista-morena-echarri-sorprendio-con-su-look-mas-audaz\/\" \/>\n<meta property=\"og:site_name\" content=\"CLAN ESPECTACULOS\" \/>\n<meta property=\"article:publisher\" content=\"https:\/\/www.facebook.com\/clanespectaculos\/\" \/>\n<meta property=\"article:published_time\" content=\"2026-09-05T23:55:07+00:00\" \/>\n<meta property=\"og:image\" content=\"https:\/\/radioclanfm.com\/clanespectaculos\/wp-content\/uploads\/sites\/2\/2026\/09\/Yto7KqKA.jpg\" \/>\n\t<meta property=\"og:image:width\" content=\"900\" \/>\n\t<meta property=\"og:image:height\" content=\"507\" \/>\n\t<meta property=\"og:image:type\" content=\"image\/jpeg\" \/>\n<meta name=\"author\" content=\"E-GRUPOCLAN\" \/>\n<meta name=\"twitter:card\" content=\"summary_large_image\" \/>\n<meta name=\"twitter:creator\" content=\"@clanespectok\" \/>\n<meta name=\"twitter:site\" content=\"@clanespectok\" \/>\n<meta name=\"twitter:label1\" content=\"Escrito por\" \/>\n\t<meta name=\"twitter:data1\" content=\"E-GRUPOCLAN\" \/>\n\t<meta name=\"twitter:label2\" content=\"Tiempo de lectura\" \/>\n\t<meta name=\"twitter:data2\" content=\"4 minutos\" \/>\n<script type=\"application\/ld+json\" class=\"yoast-schema-graph\">{\"@context\":\"https:\\\/\\\/schema.org\",\"@graph\":[{\"@type\":\"Article\",\"@id\":\"https:\\\/\\\/radioclanfm.com\\\/clanespectaculos\\\/corset-cavado-y-lenceria-a-la-vista-morena-echarri-sorprendio-con-su-look-mas-audaz\\\/#article\",\"isPartOf\":{\"@id\":\"https:\\\/\\\/radioclanfm.com\\\/clanespectaculos\\\/corset-cavado-y-lenceria-a-la-vista-morena-echarri-sorprendio-con-su-look-mas-audaz\\\/\"},\"author\":{\"name\":\"E-GRUPOCLAN\",\"@id\":\"https:\\\/\\\/radioclanfm.com\\\/clanespectaculos\\\/#\\\/schema\\\/person\\\/9734813083303230f3ad84d99171b20c\"},\"headline\":\"Corset cavado y lencer\u00eda a la vista: Morena Echarri sorprendi\u00f3 con su look m\u00e1s audaz\",\"datePublished\":\"2026-09-05T23:55:07+00:00\",\"mainEntityOfPage\":{\"@id\":\"https:\\\/\\\/radioclanfm.com\\\/clanespectaculos\\\/corset-cavado-y-lenceria-a-la-vista-morena-echarri-sorprendio-con-su-look-mas-audaz\\\/\"},\"wordCount\":551,\"commentCount\":0,\"publisher\":{\"@id\":\"https:\\\/\\\/radioclanfm.com\\\/clanespectaculos\\\/#organization\"},\"image\":{\"@id\":\"https:\\\/\\\/radioclanfm.com\\\/clanespectaculos\\\/corset-cavado-y-lenceria-a-la-vista-morena-echarri-sorprendio-con-su-look-mas-audaz\\\/#primaryimage\"},\"thumbnailUrl\":\"https:\\\/\\\/radioclanfm.com\\\/clanespectaculos\\\/wp-content\\\/uploads\\\/sites\\\/2\\\/2026\\\/09\\\/Yto7KqKA.jpg\",\"articleSection\":[\"MODA\"],\"inLanguage\":\"es-AR\",\"potentialAction\":[{\"@type\":\"CommentAction\",\"name\":\"Comment\",\"target\":[\"https:\\\/\\\/radioclanfm.com\\\/clanespectaculos\\\/corset-cavado-y-lenceria-a-la-vista-morena-echarri-sorprendio-con-su-look-mas-audaz\\\/#respond\"]}]},{\"@type\":\"WebPage\",\"@id\":\"https:\\\/\\\/radioclanfm.com\\\/clanespectaculos\\\/corset-cavado-y-lenceria-a-la-vista-morena-echarri-sorprendio-con-su-look-mas-audaz\\\/\",\"url\":\"https:\\\/\\\/radioclanfm.com\\\/clanespectaculos\\\/corset-cavado-y-lenceria-a-la-vista-morena-echarri-sorprendio-con-su-look-mas-audaz\\\/\",\"name\":\"Corset cavado y lencer\u00eda a la vista: Morena Echarri sorprendi\u00f3 con su look m\u00e1s audaz - CLAN ESPECTACULOS\",\"isPartOf\":{\"@id\":\"https:\\\/\\\/radioclanfm.com\\\/clanespectaculos\\\/#website\"},\"primaryImageOfPage\":{\"@id\":\"https:\\\/\\\/radioclanfm.com\\\/clanespectaculos\\\/corset-cavado-y-lenceria-a-la-vista-morena-echarri-sorprendio-con-su-look-mas-audaz\\\/#primaryimage\"},\"image\":{\"@id\":\"https:\\\/\\\/radioclanfm.com\\\/clanespectaculos\\\/corset-cavado-y-lenceria-a-la-vista-morena-echarri-sorprendio-con-su-look-mas-audaz\\\/#primaryimage\"},\"thumbnailUrl\":\"https:\\\/\\\/radioclanfm.com\\\/clanespectaculos\\\/wp-content\\\/uploads\\\/sites\\\/2\\\/2026\\\/09\\\/Yto7KqKA.jpg\",\"datePublished\":\"2026-09-05T23:55:07+00:00\",\"breadcrumb\":{\"@id\":\"https:\\\/\\\/radioclanfm.com\\\/clanespectaculos\\\/corset-cavado-y-lenceria-a-la-vista-morena-echarri-sorprendio-con-su-look-mas-audaz\\\/#breadcrumb\"},\"inLanguage\":\"es-AR\",\"potentialAction\":[{\"@type\":\"ReadAction\",\"target\":[\"https:\\\/\\\/radioclanfm.com\\\/clanespectaculos\\\/corset-cavado-y-lenceria-a-la-vista-morena-echarri-sorprendio-con-su-look-mas-audaz\\\/\"]}]},{\"@type\":\"ImageObject\",\"inLanguage\":\"es-AR\",\"@id\":\"https:\\\/\\\/radioclanfm.com\\\/clanespectaculos\\\/corset-cavado-y-lenceria-a-la-vista-morena-echarri-sorprendio-con-su-look-mas-audaz\\\/#primaryimage\",\"url\":\"https:\\\/\\\/radioclanfm.com\\\/clanespectaculos\\\/wp-content\\\/uploads\\\/sites\\\/2\\\/2026\\\/09\\\/Yto7KqKA.jpg\",\"contentUrl\":\"https:\\\/\\\/radioclanfm.com\\\/clanespectaculos\\\/wp-content\\\/uploads\\\/sites\\\/2\\\/2026\\\/09\\\/Yto7KqKA.jpg\",\"width\":900,\"height\":507},{\"@type\":\"BreadcrumbList\",\"@id\":\"https:\\\/\\\/radioclanfm.com\\\/clanespectaculos\\\/corset-cavado-y-lenceria-a-la-vista-morena-echarri-sorprendio-con-su-look-mas-audaz\\\/#breadcrumb\",\"itemListElement\":[{\"@type\":\"ListItem\",\"position\":1,\"name\":\"Inicio\",\"item\":\"https:\\\/\\\/radioclanfm.com\\\/clanespectaculos\\\/\"},{\"@type\":\"ListItem\",\"position\":2,\"name\":\"Corset cavado y lencer\u00eda a la vista: Morena Echarri sorprendi\u00f3 con su look m\u00e1s audaz\"}]},{\"@type\":\"WebSite\",\"@id\":\"https:\\\/\\\/radioclanfm.com\\\/clanespectaculos\\\/#website\",\"url\":\"https:\\\/\\\/radioclanfm.com\\\/clanespectaculos\\\/\",\"name\":\"CLAN ESPECTACULOS\",\"description\":\"\",\"publisher\":{\"@id\":\"https:\\\/\\\/radioclanfm.com\\\/clanespectaculos\\\/#organization\"},\"potentialAction\":[{\"@type\":\"SearchAction\",\"target\":{\"@type\":\"EntryPoint\",\"urlTemplate\":\"https:\\\/\\\/radioclanfm.com\\\/clanespectaculos\\\/?s={search_term_string}\"},\"query-input\":{\"@type\":\"PropertyValueSpecification\",\"valueRequired\":true,\"valueName\":\"search_term_string\"}}],\"inLanguage\":\"es-AR\"},{\"@type\":\"Organization\",\"@id\":\"https:\\\/\\\/radioclanfm.com\\\/clanespectaculos\\\/#organization\",\"name\":\"CLAN ESPECTACULOS\",\"url\":\"https:\\\/\\\/radioclanfm.com\\\/clanespectaculos\\\/\",\"logo\":{\"@type\":\"ImageObject\",\"inLanguage\":\"es-AR\",\"@id\":\"https:\\\/\\\/radioclanfm.com\\\/clanespectaculos\\\/#\\\/schema\\\/logo\\\/image\\\/\",\"url\":\"https:\\\/\\\/radioclanfm.com\\\/clanespectaculos\\\/wp-content\\\/uploads\\\/sites\\\/2\\\/2026\\\/04\\\/ChatGPT-Image-23-mar-2026-10_09_00.png\",\"contentUrl\":\"https:\\\/\\\/radioclanfm.com\\\/clanespectaculos\\\/wp-content\\\/uploads\\\/sites\\\/2\\\/2026\\\/04\\\/ChatGPT-Image-23-mar-2026-10_09_00.png\",\"width\":1024,\"height\":1024,\"caption\":\"CLAN ESPECTACULOS\"},\"image\":{\"@id\":\"https:\\\/\\\/radioclanfm.com\\\/clanespectaculos\\\/#\\\/schema\\\/logo\\\/image\\\/\"},\"sameAs\":[\"https:\\\/\\\/www.facebook.com\\\/clanespectaculos\\\/\",\"https:\\\/\\\/x.com\\\/clanespectok\"]},{\"@type\":\"Person\",\"@id\":\"https:\\\/\\\/radioclanfm.com\\\/clanespectaculos\\\/#\\\/schema\\\/person\\\/9734813083303230f3ad84d99171b20c\",\"name\":\"E-GRUPOCLAN\",\"image\":{\"@type\":\"ImageObject\",\"inLanguage\":\"es-AR\",\"@id\":\"https:\\\/\\\/secure.gravatar.com\\\/avatar\\\/af6e19837c3d6a212034a48c7b3818d2ac1826f6025df0155da5a186ad321d79?s=96&d=mm&r=g\",\"url\":\"https:\\\/\\\/secure.gravatar.com\\\/avatar\\\/af6e19837c3d6a212034a48c7b3818d2ac1826f6025df0155da5a186ad321d79?s=96&d=mm&r=g\",\"contentUrl\":\"https:\\\/\\\/secure.gravatar.com\\\/avatar\\\/af6e19837c3d6a212034a48c7b3818d2ac1826f6025df0155da5a186ad321d79?s=96&d=mm&r=g\",\"caption\":\"E-GRUPOCLAN\"},\"sameAs\":[\"https:\\\/\\\/radioclanfm.com\"],\"url\":\"https:\\\/\\\/radioclanfm.com\\\/clanespectaculos\\\/author\\\/admin\\\/\"}]}<\/script>\n<!-- \/ Yoast SEO plugin. -->","yoast_head_json":{"title":"Corset cavado y lencer\u00eda a la vista: Morena Echarri sorprendi\u00f3 con su look m\u00e1s audaz - CLAN ESPECTACULOS","robots":{"index":"index","follow":"follow","max-snippet":"max-snippet:-1","max-image-preview":"max-image-preview:large","max-video-preview":"max-video-preview:-1"},"canonical":"https:\/\/radioclanfm.com\/clanespectaculos\/corset-cavado-y-lenceria-a-la-vista-morena-echarri-sorprendio-con-su-look-mas-audaz\/","og_locale":"es_ES","og_type":"article","og_title":"Corset cavado y lencer\u00eda a la vista: Morena Echarri sorprendi\u00f3 con su look m\u00e1s audaz - CLAN ESPECTACULOS","og_description":"La hija de Pablo Echarry y Nancy Dupla\u00e1 despliega su faceta fashionista. A pesar de llevar un nombre que la hace famosa,\u00a0Morena Echarri\u00a0empez\u00f3 a crear su propio camino en el medio el a\u00f1o pasado, cuando hizo su primera campa\u00f1a de moda junto a su mam\u00e1,\u00a0Nancy Dupl\u00e1a. Ahora, la hija de la actriz y\u00a0Pablo Echarri\u00a0explora su [&hellip;]","og_url":"https:\/\/radioclanfm.com\/clanespectaculos\/corset-cavado-y-lenceria-a-la-vista-morena-echarri-sorprendio-con-su-look-mas-audaz\/","og_site_name":"CLAN ESPECTACULOS","article_publisher":"https:\/\/www.facebook.com\/clanespectaculos\/","article_published_time":"2026-09-05T23:55:07+00:00","og_image":[{"width":900,"height":507,"url":"https:\/\/radioclanfm.com\/clanespectaculos\/wp-content\/uploads\/sites\/2\/2026\/09\/Yto7KqKA.jpg","type":"image\/jpeg"}],"author":"E-GRUPOCLAN","twitter_card":"summary_large_image","twitter_creator":"@clanespectok","twitter_site":"@clanespectok","twitter_misc":{"Escrito por":"E-GRUPOCLAN","Tiempo de lectura":"4 minutos"},"schema":{"@context":"https:\/\/schema.org","@graph":[{"@type":"Article","@id":"https:\/\/radioclanfm.com\/clanespectaculos\/corset-cavado-y-lenceria-a-la-vista-morena-echarri-sorprendio-con-su-look-mas-audaz\/#article","isPartOf":{"@id":"https:\/\/radioclanfm.com\/clanespectaculos\/corset-cavado-y-lenceria-a-la-vista-morena-echarri-sorprendio-con-su-look-mas-audaz\/"},"author":{"name":"E-GRUPOCLAN","@id":"https:\/\/radioclanfm.com\/clanespectaculos\/#\/schema\/person\/9734813083303230f3ad84d99171b20c"},"headline":"Corset cavado y lencer\u00eda a la vista: Morena Echarri sorprendi\u00f3 con su look m\u00e1s audaz","datePublished":"2026-09-05T23:55:07+00:00","mainEntityOfPage":{"@id":"https:\/\/radioclanfm.com\/clanespectaculos\/corset-cavado-y-lenceria-a-la-vista-morena-echarri-sorprendio-con-su-look-mas-audaz\/"},"wordCount":551,"commentCount":0,"publisher":{"@id":"https:\/\/radioclanfm.com\/clanespectaculos\/#organization"},"image":{"@id":"https:\/\/radioclanfm.com\/clanespectaculos\/corset-cavado-y-lenceria-a-la-vista-morena-echarri-sorprendio-con-su-look-mas-audaz\/#primaryimage"},"thumbnailUrl":"https:\/\/radioclanfm.com\/clanespectaculos\/wp-content\/uploads\/sites\/2\/2026\/09\/Yto7KqKA.jpg","articleSection":["MODA"],"inLanguage":"es-AR","potentialAction":[{"@type":"CommentAction","name":"Comment","target":["https:\/\/radioclanfm.com\/clanespectaculos\/corset-cavado-y-lenceria-a-la-vista-morena-echarri-sorprendio-con-su-look-mas-audaz\/#respond"]}]},{"@type":"WebPage","@id":"https:\/\/radioclanfm.com\/clanespectaculos\/corset-cavado-y-lenceria-a-la-vista-morena-echarri-sorprendio-con-su-look-mas-audaz\/","url":"https:\/\/radioclanfm.com\/clanespectaculos\/corset-cavado-y-lenceria-a-la-vista-morena-echarri-sorprendio-con-su-look-mas-audaz\/","name":"Corset cavado y lencer\u00eda a la vista: Morena Echarri sorprendi\u00f3 con su look m\u00e1s audaz - CLAN ESPECTACULOS","isPartOf":{"@id":"https:\/\/radioclanfm.com\/clanespectaculos\/#website"},"primaryImageOfPage":{"@id":"https:\/\/radioclanfm.com\/clanespectaculos\/corset-cavado-y-lenceria-a-la-vista-morena-echarri-sorprendio-con-su-look-mas-audaz\/#primaryimage"},"image":{"@id":"https:\/\/radioclanfm.com\/clanespectaculos\/corset-cavado-y-lenceria-a-la-vista-morena-echarri-sorprendio-con-su-look-mas-audaz\/#primaryimage"},"thumbnailUrl":"https:\/\/radioclanfm.com\/clanespectaculos\/wp-content\/uploads\/sites\/2\/2026\/09\/Yto7KqKA.jpg","datePublished":"2026-09-05T23:55:07+00:00","breadcrumb":{"@id":"https:\/\/radioclanfm.com\/clanespectaculos\/corset-cavado-y-lenceria-a-la-vista-morena-echarri-sorprendio-con-su-look-mas-audaz\/#breadcrumb"},"inLanguage":"es-AR","potentialAction":[{"@type":"ReadAction","target":["https:\/\/radioclanfm.com\/clanespectaculos\/corset-cavado-y-lenceria-a-la-vista-morena-echarri-sorprendio-con-su-look-mas-audaz\/"]}]},{"@type":"ImageObject","inLanguage":"es-AR","@id":"https:\/\/radioclanfm.com\/clanespectaculos\/corset-cavado-y-lenceria-a-la-vista-morena-echarri-sorprendio-con-su-look-mas-audaz\/#primaryimage","url":"https:\/\/radioclanfm.com\/clanespectaculos\/wp-content\/uploads\/sites\/2\/2026\/09\/Yto7KqKA.jpg","contentUrl":"https:\/\/radioclanfm.com\/clanespectaculos\/wp-content\/uploads\/sites\/2\/2026\/09\/Yto7KqKA.jpg","width":900,"height":507},{"@type":"BreadcrumbList","@id":"https:\/\/radioclanfm.com\/clanespectaculos\/corset-cavado-y-lenceria-a-la-vista-morena-echarri-sorprendio-con-su-look-mas-audaz\/#breadcrumb","itemListElement":[{"@type":"ListItem","position":1,"name":"Inicio","item":"https:\/\/radioclanfm.com\/clanespectaculos\/"},{"@type":"ListItem","position":2,"name":"Corset cavado y lencer\u00eda a la vista: Morena Echarri sorprendi\u00f3 con su look m\u00e1s audaz"}]},{"@type":"WebSite","@id":"https:\/\/radioclanfm.com\/clanespectaculos\/#website","url":"https:\/\/radioclanfm.com\/clanespectaculos\/","name":"CLAN ESPECTACULOS","description":"","publisher":{"@id":"https:\/\/radioclanfm.com\/clanespectaculos\/#organization"},"potentialAction":[{"@type":"SearchAction","target":{"@type":"EntryPoint","urlTemplate":"https:\/\/radioclanfm.com\/clanespectaculos\/?s={search_term_string}"},"query-input":{"@type":"PropertyValueSpecification","valueRequired":true,"valueName":"search_term_string"}}],"inLanguage":"es-AR"},{"@type":"Organization","@id":"https:\/\/radioclanfm.com\/clanespectaculos\/#organization","name":"CLAN ESPECTACULOS","url":"https:\/\/radioclanfm.com\/clanespectaculos\/","logo":{"@type":"ImageObject","inLanguage":"es-AR","@id":"https:\/\/radioclanfm.com\/clanespectaculos\/#\/schema\/logo\/image\/","url":"https:\/\/radioclanfm.com\/clanespectaculos\/wp-content\/uploads\/sites\/2\/2026\/04\/ChatGPT-Image-23-mar-2026-10_09_00.png","contentUrl":"https:\/\/radioclanfm.com\/clanespectaculos\/wp-content\/uploads\/sites\/2\/2026\/04\/ChatGPT-Image-23-mar-2026-10_09_00.png","width":1024,"height":1024,"caption":"CLAN ESPECTACULOS"},"image":{"@id":"https:\/\/radioclanfm.com\/clanespectaculos\/#\/schema\/logo\/image\/"},"sameAs":["https:\/\/www.facebook.com\/clanespectaculos\/","https:\/\/x.com\/clanespectok"]},{"@type":"Person","@id":"https:\/\/radioclanfm.com\/clanespectaculos\/#\/schema\/person\/9734813083303230f3ad84d99171b20c","name":"E-GRUPOCLAN","image":{"@type":"ImageObject","inLanguage":"es-AR","@id":"https:\/\/secure.gravatar.com\/avatar\/af6e19837c3d6a212034a48c7b3818d2ac1826f6025df0155da5a186ad321d79?s=96&d=mm&r=g","url":"https:\/\/secure.gravatar.com\/avatar\/af6e19837c3d6a212034a48c7b3818d2ac1826f6025df0155da5a186ad321d79?s=96&d=mm&r=g","contentUrl":"https:\/\/secure.gravatar.com\/avatar\/af6e19837c3d6a212034a48c7b3818d2ac1826f6025df0155da5a186ad321d79?s=96&d=mm&r=g","caption":"E-GRUPOCLAN"},"sameAs":["https:\/\/radioclanfm.com"],"url":"https:\/\/radioclanfm.com\/clanespectaculos\/author\/admin\/"}]}},"_links":{"self":[{"href":"https:\/\/radioclanfm.com\/clanespectaculos\/wp-json\/wp\/v2\/posts\/20262","targetHints":{"allow":["GET"]}}],"collection":[{"href":"https:\/\/radioclanfm.com\/clanespectaculos\/wp-json\/wp\/v2\/posts"}],"about":[{"href":"https:\/\/radioclanfm.com\/clanespectaculos\/wp-json\/wp\/v2\/types\/post"}],"author":[{"embeddable":true,"href":"https:\/\/radioclanfm.com\/clanespectaculos\/wp-json\/wp\/v2\/users\/1"}],"replies":[{"embeddable":true,"href":"https:\/\/radioclanfm.com\/clanespectaculos\/wp-json\/wp\/v2\/comments?post=20262"}],"version-history":[{"count":1,"href":"https:\/\/radioclanfm.com\/clanespectaculos\/wp-json\/wp\/v2\/posts\/20262\/revisions"}],"predecessor-version":[{"id":20264,"href":"https:\/\/radioclanfm.com\/clanespectaculos\/wp-json\/wp\/v2\/posts\/20262\/revisions\/20264"}],"wp:featuredmedia":[{"embeddable":true,"href":"https:\/\/radioclanfm.com\/clanespectaculos\/wp-json\/wp\/v2\/media\/20263"}],"wp:attachment":[{"href":"https:\/\/radioclanfm.com\/clanespectaculos\/wp-json\/wp\/v2\/media?parent=20262"}],"wp:term":[{"taxonomy":"category","embeddable":true,"href":"https:\/\/radioclanfm.com\/clanespectaculos\/wp-json\/wp\/v2\/categories?post=20262"},{"taxonomy":"post_tag","embeddable":true,"href":"https:\/\/radioclanfm.com\/clanespectaculos\/wp-json\/wp\/v2\/tags?post=20262"}],"curies":[{"name":"wp","href":"https:\/\/api.w.org\/{rel}","templated":true}]}}