{"id":20234,"date":"2026-09-04T08:47:29","date_gmt":"2026-09-04T11:47:29","guid":{"rendered":"https:\/\/radioclanfm.com\/clanespectaculos\/?p=20234"},"modified":"2026-09-04T08:47:49","modified_gmt":"2026-09-04T11:47:49","slug":"ni-negro-ni-disenos-con-flores-los-colores-para-las-unas-que-seran-tendencia-en-la-primavera-2026","status":"publish","type":"post","link":"https:\/\/radioclanfm.com\/clanespectaculos\/ni-negro-ni-disenos-con-flores-los-colores-para-las-unas-que-seran-tendencia-en-la-primavera-2026\/","title":{"rendered":"Ni negro ni dise\u00f1os con flores: los colores para las u\u00f1as que ser\u00e1n tendencia en la primavera 2026"},"content":{"rendered":"<p>Conoc\u00e9 cu\u00e1les son las alternativas que prometen marcar la moda de la manicura durante septiembre, octubre, noviembre y diciembre.<\/p>\n<div class=\"col-content\">\n<p>&nbsp;<\/p>\n<div class=\"default-article-color article__body article__article\">\n<p class=\"paragraph font__body-regular\">A pocos d\u00edas de la llegada de la\u00a0<b>primavera<\/b>, comienzan a aparecer las nuevas tendencias de belleza para la temporada. En estos meses, las u\u00f1as suelen ganar protagonismo y se convierten en otro elemento para completar los distintos looks.<\/p>\n<div class=\"st-inarticle-slot\">\n<div id=\"standard_1\" class=\"st-placement inArticle standard_1\">\n<div class=\"st-adunit st-adunit-tagged st-adunit-inarticle st-reset st-show goku\" data-testid=\"adunit\">\n<div class=\"st-adunit-ad st-reset\" data-testid=\"adunit-ad\">\n<div class=\"st-display-render st-reset open st-controls\" data-testid=\"controls\">\n<div class=\"st-canvas st-reset horizontal-static\" data-testid=\"canvas\">\n<div class=\"st-reset video-container\" data-testid=\"video-container\">\n<div>\n<div><\/div>\n<\/div>\n<div><\/div>\n<\/div>\n<\/div>\n<\/div>\n<\/div>\n<\/div>\n<\/div>\n<\/div>\n<p class=\"paragraph font__body-regular\">Para la primavera 2026, las propuestas de manicura combinan\u00a0<b>tonos naturales y discretos<\/b>\u00a0con colores m\u00e1s intensos. La idea es encontrar alternativas que puedan adaptarse tanto a estilos minimalistas como a quienes buscan una opci\u00f3n m\u00e1s llamativa.<\/p>\n<div class=\"marfeel-readmore-slot\"><\/div>\n<p class=\"paragraph font__body-regular\">Entre las propuestas que aparecen con fuerza se destacan los\u00a0<b>tonos vino y granate<\/b>, los\u00a0<b>nude y beige<\/b>, los\u00a0<b>colores pastel<\/b>\u00a0y las distintas versiones de la\u00a0<b>manicura francesa<\/b>.<\/p>\n<h2 class=\"font--primary font__display\">Los colores que ser\u00e1n tendencia en las u\u00f1as durante la primavera 2026<\/h2>\n<p class=\"paragraph font__body-regular\">Estas son algunas de las opciones que pueden convertirse en protagonistas de la temporada y que permiten renovar la manicura sin necesidad de recurrir a dise\u00f1os demasiado recargados.<\/p>\n<h3 class=\"font--primary font__display\">Vino y granate oscuro<\/h3>\n<p class=\"paragraph font__body-regular\">Los tonos\u00a0<b>vino y granate<\/b>\u00a0aparecen como una alternativa elegante para quienes prefieren colores intensos. El resultado es una manicura sofisticada que puede combinarse con prendas neutras, estampados y colores claros.<\/p>\n<p class=\"paragraph font__body-regular\">Tambi\u00e9n vuelve a destacarse el\u00a0<i><b>Rouge Noir<\/b><\/i>, una tonalidad profunda que combina\u00a0<b>rojo oscuro y negro<\/b>. Es una opci\u00f3n para quienes buscan alejarse de los tradicionales colores pastel sin dejar de lado un estilo elegante.<\/p>\n<p class=\"paragraph font__body-regular\">Estos tonos pueden llevarse con\u00a0<b>u\u00f1as cortas<\/b>\u00a0para conseguir un resultado m\u00e1s sobrio, con acabado brillante para potenciar la intensidad del color o con peque\u00f1os detalles dorados y plateados para ocasiones especiales.<\/p>\n<figure class=\"\" data-testid=\"figure-testid\">\n<div class=\"aspect_ratio__container\"><picture class=\"responsive-image\"><source srcset=\"https:\/\/tn.com.ar\/resizer\/v2\/el-rouge-noir-aparece-como-una-de-las-opciones-que-promete-marcar-tendencia-en-la-primavera-imagen-ilustrativa-generada-con-ia-PBASPJPM2VGQLMACADQQG5PFOI.jpg?auth=7e45c7ebdcaf2924ea0888be06aba6b66b493e1f02f7728ec99aac7b45383510&amp;width=767\" media=\"(max-width: 728px)\" \/><source srcset=\"https:\/\/tn.com.ar\/resizer\/v2\/el-rouge-noir-aparece-como-una-de-las-opciones-que-promete-marcar-tendencia-en-la-primavera-imagen-ilustrativa-generada-con-ia-PBASPJPM2VGQLMACADQQG5PFOI.jpg?auth=7e45c7ebdcaf2924ea0888be06aba6b66b493e1f02f7728ec99aac7b45383510&amp;width=1023\" media=\"(max-width: 1023px)\" \/><source srcset=\"https:\/\/tn.com.ar\/resizer\/v2\/el-rouge-noir-aparece-como-una-de-las-opciones-que-promete-marcar-tendencia-en-la-primavera-imagen-ilustrativa-generada-con-ia-PBASPJPM2VGQLMACADQQG5PFOI.jpg?auth=7e45c7ebdcaf2924ea0888be06aba6b66b493e1f02f7728ec99aac7b45383510&amp;width=1440\" \/><img loading=\"lazy\" decoding=\"async\" class=\"image content-image image_placeholder\" src=\"https:\/\/tn.com.ar\/resizer\/v2\/el-rouge-noir-aparece-como-una-de-las-opciones-que-promete-marcar-tendencia-en-la-primavera-imagen-ilustrativa-generada-con-ia-PBASPJPM2VGQLMACADQQG5PFOI.jpg?auth=7e45c7ebdcaf2924ea0888be06aba6b66b493e1f02f7728ec99aac7b45383510&amp;width=767\" alt=\"El rouge noir aparece como una de las opciones que promete marcar tendencia en la primavera. (Imagen ilustrativa generada con IA)\" width=\"767\" height=\"431\" data-testid=\"loading-testid\" \/><\/picture><\/div><figcaption class=\"caption_image\" data-testid=\"figcaption-testid\">\n<div class=\"image_caption \">El rouge noir aparece como una de las opciones que promete marcar tendencia en la primavera. (Imagen ilustrativa generada con IA)<\/div>\n<\/figcaption><\/figure>\n<h3 class=\"font--primary font__display\">Nude, beige y tonos blancos transl\u00facidos<\/h3>\n<p class=\"paragraph font__body-regular\">Los colores\u00a0<b>nude, beige, rosados muy claros y blancos transl\u00facidos<\/b>\u00a0siguen entre las alternativas m\u00e1s f\u00e1ciles de combinar. La tendencia apunta a conseguir u\u00f1as prolijas y cuidadas sin que el esmalte se convierta en el centro de atenci\u00f3n.<\/p>\n<p class=\"paragraph font__body-regular\">Dentro de este estilo aparecen las\u00a0<i><b>milky nails<\/b><\/i>, que utilizan tonos blancos o rosados semitransparentes para conseguir una\u00a0<b>apariencia similar a la de una u\u00f1a natural<\/b>, aunque con un acabado m\u00e1s uniforme.<\/p>\n<p class=\"paragraph font__body-regular\">Funcionan especialmente bien en\u00a0<b>u\u00f1as cortas o medianas<\/b>\u00a0y pueden llevarse con brillo o acompa\u00f1arse con peque\u00f1os detalles en una o dos u\u00f1as.<\/p>\n<figure class=\"\" data-testid=\"figure-testid\">\n<div class=\"aspect_ratio__container\"><picture class=\"responsive-image\"><source srcset=\"https:\/\/tn.com.ar\/resizer\/v2\/los-colores-nude-blanquecinos-u-opacos-tambien-se-postulan-como-las-opciones-mas-elegidas-imagen-ilustrativa-generada-con-ia-ZWYWSRHQ2BB2FO5M3KAOKFBEFQ.jpg?auth=30f5c71d6153cc43107814bec28f444218d3e308617dcace78edfca81ed68daf&amp;width=767\" media=\"(max-width: 728px)\" \/><source srcset=\"https:\/\/tn.com.ar\/resizer\/v2\/los-colores-nude-blanquecinos-u-opacos-tambien-se-postulan-como-las-opciones-mas-elegidas-imagen-ilustrativa-generada-con-ia-ZWYWSRHQ2BB2FO5M3KAOKFBEFQ.jpg?auth=30f5c71d6153cc43107814bec28f444218d3e308617dcace78edfca81ed68daf&amp;width=1023\" media=\"(max-width: 1023px)\" \/><source srcset=\"https:\/\/tn.com.ar\/resizer\/v2\/los-colores-nude-blanquecinos-u-opacos-tambien-se-postulan-como-las-opciones-mas-elegidas-imagen-ilustrativa-generada-con-ia-ZWYWSRHQ2BB2FO5M3KAOKFBEFQ.jpg?auth=30f5c71d6153cc43107814bec28f444218d3e308617dcace78edfca81ed68daf&amp;width=1440\" \/><img loading=\"lazy\" decoding=\"async\" class=\"image content-image image_placeholder\" src=\"https:\/\/tn.com.ar\/resizer\/v2\/los-colores-nude-blanquecinos-u-opacos-tambien-se-postulan-como-las-opciones-mas-elegidas-imagen-ilustrativa-generada-con-ia-ZWYWSRHQ2BB2FO5M3KAOKFBEFQ.jpg?auth=30f5c71d6153cc43107814bec28f444218d3e308617dcace78edfca81ed68daf&amp;width=767\" alt=\"Los colores nude, blanquecinos u opacos tambi\u00e9n se postulan como las opciones m\u00e1s elegidas. (Imagen ilustrativa generada con IA)\" width=\"767\" height=\"431\" data-testid=\"loading-testid\" \/><\/picture><\/div><figcaption class=\"caption_image\" data-testid=\"figcaption-testid\">\n<div class=\"image_caption \">Los colores nude, blanquecinos u opacos tambi\u00e9n se postulan como las opciones m\u00e1s elegidas. (Imagen ilustrativa generada con IA)<\/div>\n<\/figcaption><\/figure>\n<h3 class=\"font--primary font__display\">Colores pastel<\/h3>\n<p class=\"paragraph font__body-regular\">Los tonos pastel son un cl\u00e1sico de la primavera, pero esta temporada se presentan en versiones especialmente suaves. El\u00a0<b>lila, celeste, rosa pastel y melocot\u00f3n<\/b>\u00a0permiten sumar color sin generar una manicura demasiado llamativa.<\/p>\n<p class=\"paragraph font__body-regular\">Una de las opciones es llevar un solo tono en todas las u\u00f1as, aunque tambi\u00e9n se pueden\u00a0<b>combinar dos colores pastel<\/b>\u00a0o utilizarlos en una manicura francesa.<\/p>\n<figure class=\"\" data-testid=\"figure-testid\">\n<div class=\"aspect_ratio__container\"><picture class=\"responsive-image\"><source srcset=\"https:\/\/tn.com.ar\/resizer\/v2\/los-colores-pastel-como-el-lila-el-celeste-o-el-amarillo-seran-moneda-corriente-en-la-primavera-imagen-ilustrativa-generada-con-ia-ZPFMVRLNWVCOVAWRCNNXIJQWKE.jpg?auth=195f2c09f01fd9c2bebff4a744df6742c3e5f53fe968532b08869623d3132741&amp;width=767\" media=\"(max-width: 728px)\" \/><source srcset=\"https:\/\/tn.com.ar\/resizer\/v2\/los-colores-pastel-como-el-lila-el-celeste-o-el-amarillo-seran-moneda-corriente-en-la-primavera-imagen-ilustrativa-generada-con-ia-ZPFMVRLNWVCOVAWRCNNXIJQWKE.jpg?auth=195f2c09f01fd9c2bebff4a744df6742c3e5f53fe968532b08869623d3132741&amp;width=1023\" media=\"(max-width: 1023px)\" \/><source srcset=\"https:\/\/tn.com.ar\/resizer\/v2\/los-colores-pastel-como-el-lila-el-celeste-o-el-amarillo-seran-moneda-corriente-en-la-primavera-imagen-ilustrativa-generada-con-ia-ZPFMVRLNWVCOVAWRCNNXIJQWKE.jpg?auth=195f2c09f01fd9c2bebff4a744df6742c3e5f53fe968532b08869623d3132741&amp;width=1440\" \/><img loading=\"lazy\" decoding=\"async\" class=\"image content-image image_placeholder\" src=\"https:\/\/tn.com.ar\/resizer\/v2\/los-colores-pastel-como-el-lila-el-celeste-o-el-amarillo-seran-moneda-corriente-en-la-primavera-imagen-ilustrativa-generada-con-ia-ZPFMVRLNWVCOVAWRCNNXIJQWKE.jpg?auth=195f2c09f01fd9c2bebff4a744df6742c3e5f53fe968532b08869623d3132741&amp;width=767\" alt=\"Los colores pastel como el lila, el celeste o el amarillo ser\u00e1n moneda corriente en la primavera. (Imagen ilustrativa generada con IA)\" width=\"767\" height=\"431\" data-testid=\"loading-testid\" \/><\/picture><\/div><figcaption class=\"caption_image\" data-testid=\"figcaption-testid\">\n<div class=\"image_caption \">Los colores pastel como el lila, el celeste o el amarillo ser\u00e1n moneda corriente en la primavera. (Imagen ilustrativa generada con IA)<\/div>\n<\/figcaption><\/figure>\n<h3 class=\"font--primary font__display\">Micro francesa<\/h3>\n<p class=\"paragraph font__body-regular\">La manicura francesa se renueva con l\u00edneas m\u00e1s delgadas, conocidas como\u00a0<i><b>micro french<\/b><\/i>. Adem\u00e1s de reducir el tama\u00f1o de la cl\u00e1sica l\u00ednea en la punta, tambi\u00e9n permite reemplazar el blanco tradicional por otros colores.<\/p>\n<p class=\"paragraph font__body-regular\">Una alternativa es combinar una\u00a0<b>base nude con una punta pastel<\/b>, aunque tambi\u00e9n se puede apostar por tonos rosa, lila o celeste. Para una ocasi\u00f3n especial, pueden agregarse peque\u00f1os detalles brillantes.<\/p>\n<figure class=\"\" data-testid=\"figure-testid\">\n<div class=\"aspect_ratio__container\"><picture class=\"responsive-image\"><source srcset=\"https:\/\/tn.com.ar\/resizer\/v2\/la-francesa-sigue-vigente-pero-puede-renovarse-con-diferentes-estilos-imagen-ilustrativa-generada-con-ia-MIQNQEZL6FBIXERKBCZW6DMELI.jpg?auth=fcce60978176cd784c31132a285364e14864a2df6cb10c9c5dbcf62cfcbfeae2&amp;width=767\" media=\"(max-width: 728px)\" \/><source srcset=\"https:\/\/tn.com.ar\/resizer\/v2\/la-francesa-sigue-vigente-pero-puede-renovarse-con-diferentes-estilos-imagen-ilustrativa-generada-con-ia-MIQNQEZL6FBIXERKBCZW6DMELI.jpg?auth=fcce60978176cd784c31132a285364e14864a2df6cb10c9c5dbcf62cfcbfeae2&amp;width=1023\" media=\"(max-width: 1023px)\" \/><source srcset=\"https:\/\/tn.com.ar\/resizer\/v2\/la-francesa-sigue-vigente-pero-puede-renovarse-con-diferentes-estilos-imagen-ilustrativa-generada-con-ia-MIQNQEZL6FBIXERKBCZW6DMELI.jpg?auth=fcce60978176cd784c31132a285364e14864a2df6cb10c9c5dbcf62cfcbfeae2&amp;width=1440\" \/><img loading=\"lazy\" decoding=\"async\" class=\"image content-image image_placeholder\" src=\"https:\/\/tn.com.ar\/resizer\/v2\/la-francesa-sigue-vigente-pero-puede-renovarse-con-diferentes-estilos-imagen-ilustrativa-generada-con-ia-MIQNQEZL6FBIXERKBCZW6DMELI.jpg?auth=fcce60978176cd784c31132a285364e14864a2df6cb10c9c5dbcf62cfcbfeae2&amp;width=767\" alt=\"La francesa sigue vigente, pero puede renovarse con diferentes estilos. (Imagen ilustrativa generada con IA)\" width=\"767\" height=\"431\" data-testid=\"loading-testid\" \/><\/picture><\/div><figcaption class=\"caption_image\" data-testid=\"figcaption-testid\">\n<div class=\"image_caption \">La francesa sigue vigente, pero puede renovarse con diferentes estilos. (Imagen ilustrativa generada con IA)<\/div>\n<\/figcaption><\/figure>\n<h2 class=\"font--primary font__display\">Qu\u00e9 tienen en com\u00fan las tendencias de manicura de primavera<\/h2>\n<p class=\"paragraph font__body-regular\">M\u00e1s all\u00e1 del color elegido, las propuestas para esta temporada tienen un punto en com\u00fan: buscan\u00a0<b>manicuras cuidadas, vers\u00e1tiles y f\u00e1ciles de combinar<\/b>.<\/p>\n<p class=\"paragraph font__body-regular\">Los tonos nude, beige y blanquecinos funcionan con pr\u00e1cticamente cualquier look, mientras que los\u00a0<b>granates y vinos<\/b>\u00a0permiten convertir las u\u00f1as en un elemento m\u00e1s destacado. Los pasteles, en tanto, aportan color sin abandonar el estilo delicado que caracteriza a las manicuras de primavera.<\/p>\n<\/div>\n<p>&nbsp;<\/p>\n<\/div>\n<aside class=\"col-right-rail right-rail\">\n<div id=\"parent-ad-slot-caja\" class=\"ad-container caja_ad \">\n<div class=\"ad-content\"><\/div>\n<\/div>\n<\/aside>\n","protected":false},"excerpt":{"rendered":"<p>Conoc\u00e9 cu\u00e1les son las alternativas que prometen marcar la moda de la manicura durante septiembre, octubre, noviembre y diciembre. &nbsp; A pocos d\u00edas de la llegada de la\u00a0primavera, comienzan a aparecer las nuevas tendencias de belleza para la temporada. En estos meses, las u\u00f1as suelen ganar protagonismo y se convierten en otro elemento para completar [&hellip;]<\/p>\n","protected":false},"author":1,"featured_media":20235,"comment_status":"open","ping_status":"open","sticky":false,"template":"","format":"standard","meta":{"rop_custom_images_group":[],"rop_custom_messages_group":[],"rop_publish_now":"initial","rop_publish_now_accounts":[],"rop_publish_now_history":[],"rop_publish_now_status":"pending","footnotes":"","jetpack_publicize_message":"","jetpack_publicize_feature_enabled":true,"jetpack_social_post_already_shared":true,"jetpack_social_options":{"image_generator_settings":{"template":"highway","enabled":false},"version":2}},"categories":[16],"tags":[],"class_list":["post-20234","post","type-post","status-publish","format-standard","has-post-thumbnail","category-tendencias"],"jetpack_publicize_connections":[],"yoast_head":"<!-- This site is optimized with the Yoast SEO plugin v28.2 - https:\/\/yoast.com\/product\/yoast-seo-wordpress\/ -->\n<title>Ni negro ni dise\u00f1os con flores: los colores para las u\u00f1as que ser\u00e1n tendencia en la primavera 2026 - CLAN ESPECTACULOS<\/title>\n<meta name=\"robots\" content=\"index, follow, max-snippet:-1, max-image-preview:large, max-video-preview:-1\" \/>\n<link rel=\"canonical\" href=\"https:\/\/radioclanfm.com\/clanespectaculos\/ni-negro-ni-disenos-con-flores-los-colores-para-las-unas-que-seran-tendencia-en-la-primavera-2026\/\" \/>\n<meta property=\"og:locale\" content=\"es_ES\" \/>\n<meta property=\"og:type\" content=\"article\" \/>\n<meta property=\"og:title\" content=\"Ni negro ni dise\u00f1os con flores: los colores para las u\u00f1as que ser\u00e1n tendencia en la primavera 2026 - CLAN ESPECTACULOS\" \/>\n<meta property=\"og:description\" content=\"Conoc\u00e9 cu\u00e1les son las alternativas que prometen marcar la moda de la manicura durante septiembre, octubre, noviembre y diciembre. &nbsp; A pocos d\u00edas de la llegada de la\u00a0primavera, comienzan a aparecer las nuevas tendencias de belleza para la temporada. En estos meses, las u\u00f1as suelen ganar protagonismo y se convierten en otro elemento para completar [&hellip;]\" \/>\n<meta property=\"og:url\" content=\"https:\/\/radioclanfm.com\/clanespectaculos\/ni-negro-ni-disenos-con-flores-los-colores-para-las-unas-que-seran-tendencia-en-la-primavera-2026\/\" \/>\n<meta property=\"og:site_name\" content=\"CLAN ESPECTACULOS\" \/>\n<meta property=\"article:publisher\" content=\"https:\/\/www.facebook.com\/clanespectaculos\/\" \/>\n<meta property=\"article:published_time\" content=\"2026-09-04T11:47:29+00:00\" \/>\n<meta property=\"article:modified_time\" content=\"2026-09-04T11:47:49+00:00\" \/>\n<meta property=\"og:image\" content=\"https:\/\/radioclanfm.com\/clanespectaculos\/wp-content\/uploads\/sites\/2\/2026\/09\/fRKraD-h.jpg\" \/>\n\t<meta property=\"og:image:width\" content=\"900\" \/>\n\t<meta property=\"og:image:height\" content=\"506\" \/>\n\t<meta property=\"og:image:type\" content=\"image\/jpeg\" \/>\n<meta name=\"author\" content=\"E-GRUPOCLAN\" \/>\n<meta name=\"twitter:card\" content=\"summary_large_image\" \/>\n<meta name=\"twitter:creator\" content=\"@clanespectok\" \/>\n<meta name=\"twitter:site\" content=\"@clanespectok\" \/>\n<meta name=\"twitter:label1\" content=\"Escrito por\" \/>\n\t<meta name=\"twitter:data1\" content=\"E-GRUPOCLAN\" \/>\n\t<meta name=\"twitter:label2\" content=\"Tiempo de lectura\" \/>\n\t<meta name=\"twitter:data2\" content=\"5 minutos\" \/>\n<script type=\"application\/ld+json\" class=\"yoast-schema-graph\">{\"@context\":\"https:\\\/\\\/schema.org\",\"@graph\":[{\"@type\":\"Article\",\"@id\":\"https:\\\/\\\/radioclanfm.com\\\/clanespectaculos\\\/ni-negro-ni-disenos-con-flores-los-colores-para-las-unas-que-seran-tendencia-en-la-primavera-2026\\\/#article\",\"isPartOf\":{\"@id\":\"https:\\\/\\\/radioclanfm.com\\\/clanespectaculos\\\/ni-negro-ni-disenos-con-flores-los-colores-para-las-unas-que-seran-tendencia-en-la-primavera-2026\\\/\"},\"author\":{\"name\":\"E-GRUPOCLAN\",\"@id\":\"https:\\\/\\\/radioclanfm.com\\\/clanespectaculos\\\/#\\\/schema\\\/person\\\/9734813083303230f3ad84d99171b20c\"},\"headline\":\"Ni negro ni dise\u00f1os con flores: los colores para las u\u00f1as que ser\u00e1n tendencia en la primavera 2026\",\"datePublished\":\"2026-09-04T11:47:29+00:00\",\"dateModified\":\"2026-09-04T11:47:49+00:00\",\"mainEntityOfPage\":{\"@id\":\"https:\\\/\\\/radioclanfm.com\\\/clanespectaculos\\\/ni-negro-ni-disenos-con-flores-los-colores-para-las-unas-que-seran-tendencia-en-la-primavera-2026\\\/\"},\"wordCount\":720,\"commentCount\":0,\"publisher\":{\"@id\":\"https:\\\/\\\/radioclanfm.com\\\/clanespectaculos\\\/#organization\"},\"image\":{\"@id\":\"https:\\\/\\\/radioclanfm.com\\\/clanespectaculos\\\/ni-negro-ni-disenos-con-flores-los-colores-para-las-unas-que-seran-tendencia-en-la-primavera-2026\\\/#primaryimage\"},\"thumbnailUrl\":\"https:\\\/\\\/radioclanfm.com\\\/clanespectaculos\\\/wp-content\\\/uploads\\\/sites\\\/2\\\/2026\\\/09\\\/fRKraD-h.jpg\",\"articleSection\":[\"TENDENCIAS\"],\"inLanguage\":\"es-AR\",\"potentialAction\":[{\"@type\":\"CommentAction\",\"name\":\"Comment\",\"target\":[\"https:\\\/\\\/radioclanfm.com\\\/clanespectaculos\\\/ni-negro-ni-disenos-con-flores-los-colores-para-las-unas-que-seran-tendencia-en-la-primavera-2026\\\/#respond\"]}]},{\"@type\":\"WebPage\",\"@id\":\"https:\\\/\\\/radioclanfm.com\\\/clanespectaculos\\\/ni-negro-ni-disenos-con-flores-los-colores-para-las-unas-que-seran-tendencia-en-la-primavera-2026\\\/\",\"url\":\"https:\\\/\\\/radioclanfm.com\\\/clanespectaculos\\\/ni-negro-ni-disenos-con-flores-los-colores-para-las-unas-que-seran-tendencia-en-la-primavera-2026\\\/\",\"name\":\"Ni negro ni dise\u00f1os con flores: los colores para las u\u00f1as que ser\u00e1n tendencia en la primavera 2026 - CLAN ESPECTACULOS\",\"isPartOf\":{\"@id\":\"https:\\\/\\\/radioclanfm.com\\\/clanespectaculos\\\/#website\"},\"primaryImageOfPage\":{\"@id\":\"https:\\\/\\\/radioclanfm.com\\\/clanespectaculos\\\/ni-negro-ni-disenos-con-flores-los-colores-para-las-unas-que-seran-tendencia-en-la-primavera-2026\\\/#primaryimage\"},\"image\":{\"@id\":\"https:\\\/\\\/radioclanfm.com\\\/clanespectaculos\\\/ni-negro-ni-disenos-con-flores-los-colores-para-las-unas-que-seran-tendencia-en-la-primavera-2026\\\/#primaryimage\"},\"thumbnailUrl\":\"https:\\\/\\\/radioclanfm.com\\\/clanespectaculos\\\/wp-content\\\/uploads\\\/sites\\\/2\\\/2026\\\/09\\\/fRKraD-h.jpg\",\"datePublished\":\"2026-09-04T11:47:29+00:00\",\"dateModified\":\"2026-09-04T11:47:49+00:00\",\"breadcrumb\":{\"@id\":\"https:\\\/\\\/radioclanfm.com\\\/clanespectaculos\\\/ni-negro-ni-disenos-con-flores-los-colores-para-las-unas-que-seran-tendencia-en-la-primavera-2026\\\/#breadcrumb\"},\"inLanguage\":\"es-AR\",\"potentialAction\":[{\"@type\":\"ReadAction\",\"target\":[\"https:\\\/\\\/radioclanfm.com\\\/clanespectaculos\\\/ni-negro-ni-disenos-con-flores-los-colores-para-las-unas-que-seran-tendencia-en-la-primavera-2026\\\/\"]}]},{\"@type\":\"ImageObject\",\"inLanguage\":\"es-AR\",\"@id\":\"https:\\\/\\\/radioclanfm.com\\\/clanespectaculos\\\/ni-negro-ni-disenos-con-flores-los-colores-para-las-unas-que-seran-tendencia-en-la-primavera-2026\\\/#primaryimage\",\"url\":\"https:\\\/\\\/radioclanfm.com\\\/clanespectaculos\\\/wp-content\\\/uploads\\\/sites\\\/2\\\/2026\\\/09\\\/fRKraD-h.jpg\",\"contentUrl\":\"https:\\\/\\\/radioclanfm.com\\\/clanespectaculos\\\/wp-content\\\/uploads\\\/sites\\\/2\\\/2026\\\/09\\\/fRKraD-h.jpg\",\"width\":900,\"height\":506},{\"@type\":\"BreadcrumbList\",\"@id\":\"https:\\\/\\\/radioclanfm.com\\\/clanespectaculos\\\/ni-negro-ni-disenos-con-flores-los-colores-para-las-unas-que-seran-tendencia-en-la-primavera-2026\\\/#breadcrumb\",\"itemListElement\":[{\"@type\":\"ListItem\",\"position\":1,\"name\":\"Inicio\",\"item\":\"https:\\\/\\\/radioclanfm.com\\\/clanespectaculos\\\/\"},{\"@type\":\"ListItem\",\"position\":2,\"name\":\"Ni negro ni dise\u00f1os con flores: los colores para las u\u00f1as que ser\u00e1n tendencia en la primavera 2026\"}]},{\"@type\":\"WebSite\",\"@id\":\"https:\\\/\\\/radioclanfm.com\\\/clanespectaculos\\\/#website\",\"url\":\"https:\\\/\\\/radioclanfm.com\\\/clanespectaculos\\\/\",\"name\":\"CLAN ESPECTACULOS\",\"description\":\"\",\"publisher\":{\"@id\":\"https:\\\/\\\/radioclanfm.com\\\/clanespectaculos\\\/#organization\"},\"potentialAction\":[{\"@type\":\"SearchAction\",\"target\":{\"@type\":\"EntryPoint\",\"urlTemplate\":\"https:\\\/\\\/radioclanfm.com\\\/clanespectaculos\\\/?s={search_term_string}\"},\"query-input\":{\"@type\":\"PropertyValueSpecification\",\"valueRequired\":true,\"valueName\":\"search_term_string\"}}],\"inLanguage\":\"es-AR\"},{\"@type\":\"Organization\",\"@id\":\"https:\\\/\\\/radioclanfm.com\\\/clanespectaculos\\\/#organization\",\"name\":\"CLAN ESPECTACULOS\",\"url\":\"https:\\\/\\\/radioclanfm.com\\\/clanespectaculos\\\/\",\"logo\":{\"@type\":\"ImageObject\",\"inLanguage\":\"es-AR\",\"@id\":\"https:\\\/\\\/radioclanfm.com\\\/clanespectaculos\\\/#\\\/schema\\\/logo\\\/image\\\/\",\"url\":\"https:\\\/\\\/radioclanfm.com\\\/clanespectaculos\\\/wp-content\\\/uploads\\\/sites\\\/2\\\/2026\\\/04\\\/ChatGPT-Image-23-mar-2026-10_09_00.png\",\"contentUrl\":\"https:\\\/\\\/radioclanfm.com\\\/clanespectaculos\\\/wp-content\\\/uploads\\\/sites\\\/2\\\/2026\\\/04\\\/ChatGPT-Image-23-mar-2026-10_09_00.png\",\"width\":1024,\"height\":1024,\"caption\":\"CLAN ESPECTACULOS\"},\"image\":{\"@id\":\"https:\\\/\\\/radioclanfm.com\\\/clanespectaculos\\\/#\\\/schema\\\/logo\\\/image\\\/\"},\"sameAs\":[\"https:\\\/\\\/www.facebook.com\\\/clanespectaculos\\\/\",\"https:\\\/\\\/x.com\\\/clanespectok\"]},{\"@type\":\"Person\",\"@id\":\"https:\\\/\\\/radioclanfm.com\\\/clanespectaculos\\\/#\\\/schema\\\/person\\\/9734813083303230f3ad84d99171b20c\",\"name\":\"E-GRUPOCLAN\",\"image\":{\"@type\":\"ImageObject\",\"inLanguage\":\"es-AR\",\"@id\":\"https:\\\/\\\/secure.gravatar.com\\\/avatar\\\/af6e19837c3d6a212034a48c7b3818d2ac1826f6025df0155da5a186ad321d79?s=96&d=mm&r=g\",\"url\":\"https:\\\/\\\/secure.gravatar.com\\\/avatar\\\/af6e19837c3d6a212034a48c7b3818d2ac1826f6025df0155da5a186ad321d79?s=96&d=mm&r=g\",\"contentUrl\":\"https:\\\/\\\/secure.gravatar.com\\\/avatar\\\/af6e19837c3d6a212034a48c7b3818d2ac1826f6025df0155da5a186ad321d79?s=96&d=mm&r=g\",\"caption\":\"E-GRUPOCLAN\"},\"sameAs\":[\"https:\\\/\\\/radioclanfm.com\"],\"url\":\"https:\\\/\\\/radioclanfm.com\\\/clanespectaculos\\\/author\\\/admin\\\/\"}]}<\/script>\n<!-- \/ Yoast SEO plugin. -->","yoast_head_json":{"title":"Ni negro ni dise\u00f1os con flores: los colores para las u\u00f1as que ser\u00e1n tendencia en la primavera 2026 - CLAN ESPECTACULOS","robots":{"index":"index","follow":"follow","max-snippet":"max-snippet:-1","max-image-preview":"max-image-preview:large","max-video-preview":"max-video-preview:-1"},"canonical":"https:\/\/radioclanfm.com\/clanespectaculos\/ni-negro-ni-disenos-con-flores-los-colores-para-las-unas-que-seran-tendencia-en-la-primavera-2026\/","og_locale":"es_ES","og_type":"article","og_title":"Ni negro ni dise\u00f1os con flores: los colores para las u\u00f1as que ser\u00e1n tendencia en la primavera 2026 - CLAN ESPECTACULOS","og_description":"Conoc\u00e9 cu\u00e1les son las alternativas que prometen marcar la moda de la manicura durante septiembre, octubre, noviembre y diciembre. &nbsp; A pocos d\u00edas de la llegada de la\u00a0primavera, comienzan a aparecer las nuevas tendencias de belleza para la temporada. En estos meses, las u\u00f1as suelen ganar protagonismo y se convierten en otro elemento para completar [&hellip;]","og_url":"https:\/\/radioclanfm.com\/clanespectaculos\/ni-negro-ni-disenos-con-flores-los-colores-para-las-unas-que-seran-tendencia-en-la-primavera-2026\/","og_site_name":"CLAN ESPECTACULOS","article_publisher":"https:\/\/www.facebook.com\/clanespectaculos\/","article_published_time":"2026-09-04T11:47:29+00:00","article_modified_time":"2026-09-04T11:47:49+00:00","og_image":[{"width":900,"height":506,"url":"https:\/\/radioclanfm.com\/clanespectaculos\/wp-content\/uploads\/sites\/2\/2026\/09\/fRKraD-h.jpg","type":"image\/jpeg"}],"author":"E-GRUPOCLAN","twitter_card":"summary_large_image","twitter_creator":"@clanespectok","twitter_site":"@clanespectok","twitter_misc":{"Escrito por":"E-GRUPOCLAN","Tiempo de lectura":"5 minutos"},"schema":{"@context":"https:\/\/schema.org","@graph":[{"@type":"Article","@id":"https:\/\/radioclanfm.com\/clanespectaculos\/ni-negro-ni-disenos-con-flores-los-colores-para-las-unas-que-seran-tendencia-en-la-primavera-2026\/#article","isPartOf":{"@id":"https:\/\/radioclanfm.com\/clanespectaculos\/ni-negro-ni-disenos-con-flores-los-colores-para-las-unas-que-seran-tendencia-en-la-primavera-2026\/"},"author":{"name":"E-GRUPOCLAN","@id":"https:\/\/radioclanfm.com\/clanespectaculos\/#\/schema\/person\/9734813083303230f3ad84d99171b20c"},"headline":"Ni negro ni dise\u00f1os con flores: los colores para las u\u00f1as que ser\u00e1n tendencia en la primavera 2026","datePublished":"2026-09-04T11:47:29+00:00","dateModified":"2026-09-04T11:47:49+00:00","mainEntityOfPage":{"@id":"https:\/\/radioclanfm.com\/clanespectaculos\/ni-negro-ni-disenos-con-flores-los-colores-para-las-unas-que-seran-tendencia-en-la-primavera-2026\/"},"wordCount":720,"commentCount":0,"publisher":{"@id":"https:\/\/radioclanfm.com\/clanespectaculos\/#organization"},"image":{"@id":"https:\/\/radioclanfm.com\/clanespectaculos\/ni-negro-ni-disenos-con-flores-los-colores-para-las-unas-que-seran-tendencia-en-la-primavera-2026\/#primaryimage"},"thumbnailUrl":"https:\/\/radioclanfm.com\/clanespectaculos\/wp-content\/uploads\/sites\/2\/2026\/09\/fRKraD-h.jpg","articleSection":["TENDENCIAS"],"inLanguage":"es-AR","potentialAction":[{"@type":"CommentAction","name":"Comment","target":["https:\/\/radioclanfm.com\/clanespectaculos\/ni-negro-ni-disenos-con-flores-los-colores-para-las-unas-que-seran-tendencia-en-la-primavera-2026\/#respond"]}]},{"@type":"WebPage","@id":"https:\/\/radioclanfm.com\/clanespectaculos\/ni-negro-ni-disenos-con-flores-los-colores-para-las-unas-que-seran-tendencia-en-la-primavera-2026\/","url":"https:\/\/radioclanfm.com\/clanespectaculos\/ni-negro-ni-disenos-con-flores-los-colores-para-las-unas-que-seran-tendencia-en-la-primavera-2026\/","name":"Ni negro ni dise\u00f1os con flores: los colores para las u\u00f1as que ser\u00e1n tendencia en la primavera 2026 - CLAN ESPECTACULOS","isPartOf":{"@id":"https:\/\/radioclanfm.com\/clanespectaculos\/#website"},"primaryImageOfPage":{"@id":"https:\/\/radioclanfm.com\/clanespectaculos\/ni-negro-ni-disenos-con-flores-los-colores-para-las-unas-que-seran-tendencia-en-la-primavera-2026\/#primaryimage"},"image":{"@id":"https:\/\/radioclanfm.com\/clanespectaculos\/ni-negro-ni-disenos-con-flores-los-colores-para-las-unas-que-seran-tendencia-en-la-primavera-2026\/#primaryimage"},"thumbnailUrl":"https:\/\/radioclanfm.com\/clanespectaculos\/wp-content\/uploads\/sites\/2\/2026\/09\/fRKraD-h.jpg","datePublished":"2026-09-04T11:47:29+00:00","dateModified":"2026-09-04T11:47:49+00:00","breadcrumb":{"@id":"https:\/\/radioclanfm.com\/clanespectaculos\/ni-negro-ni-disenos-con-flores-los-colores-para-las-unas-que-seran-tendencia-en-la-primavera-2026\/#breadcrumb"},"inLanguage":"es-AR","potentialAction":[{"@type":"ReadAction","target":["https:\/\/radioclanfm.com\/clanespectaculos\/ni-negro-ni-disenos-con-flores-los-colores-para-las-unas-que-seran-tendencia-en-la-primavera-2026\/"]}]},{"@type":"ImageObject","inLanguage":"es-AR","@id":"https:\/\/radioclanfm.com\/clanespectaculos\/ni-negro-ni-disenos-con-flores-los-colores-para-las-unas-que-seran-tendencia-en-la-primavera-2026\/#primaryimage","url":"https:\/\/radioclanfm.com\/clanespectaculos\/wp-content\/uploads\/sites\/2\/2026\/09\/fRKraD-h.jpg","contentUrl":"https:\/\/radioclanfm.com\/clanespectaculos\/wp-content\/uploads\/sites\/2\/2026\/09\/fRKraD-h.jpg","width":900,"height":506},{"@type":"BreadcrumbList","@id":"https:\/\/radioclanfm.com\/clanespectaculos\/ni-negro-ni-disenos-con-flores-los-colores-para-las-unas-que-seran-tendencia-en-la-primavera-2026\/#breadcrumb","itemListElement":[{"@type":"ListItem","position":1,"name":"Inicio","item":"https:\/\/radioclanfm.com\/clanespectaculos\/"},{"@type":"ListItem","position":2,"name":"Ni negro ni dise\u00f1os con flores: los colores para las u\u00f1as que ser\u00e1n tendencia en la primavera 2026"}]},{"@type":"WebSite","@id":"https:\/\/radioclanfm.com\/clanespectaculos\/#website","url":"https:\/\/radioclanfm.com\/clanespectaculos\/","name":"CLAN ESPECTACULOS","description":"","publisher":{"@id":"https:\/\/radioclanfm.com\/clanespectaculos\/#organization"},"potentialAction":[{"@type":"SearchAction","target":{"@type":"EntryPoint","urlTemplate":"https:\/\/radioclanfm.com\/clanespectaculos\/?s={search_term_string}"},"query-input":{"@type":"PropertyValueSpecification","valueRequired":true,"valueName":"search_term_string"}}],"inLanguage":"es-AR"},{"@type":"Organization","@id":"https:\/\/radioclanfm.com\/clanespectaculos\/#organization","name":"CLAN ESPECTACULOS","url":"https:\/\/radioclanfm.com\/clanespectaculos\/","logo":{"@type":"ImageObject","inLanguage":"es-AR","@id":"https:\/\/radioclanfm.com\/clanespectaculos\/#\/schema\/logo\/image\/","url":"https:\/\/radioclanfm.com\/clanespectaculos\/wp-content\/uploads\/sites\/2\/2026\/04\/ChatGPT-Image-23-mar-2026-10_09_00.png","contentUrl":"https:\/\/radioclanfm.com\/clanespectaculos\/wp-content\/uploads\/sites\/2\/2026\/04\/ChatGPT-Image-23-mar-2026-10_09_00.png","width":1024,"height":1024,"caption":"CLAN ESPECTACULOS"},"image":{"@id":"https:\/\/radioclanfm.com\/clanespectaculos\/#\/schema\/logo\/image\/"},"sameAs":["https:\/\/www.facebook.com\/clanespectaculos\/","https:\/\/x.com\/clanespectok"]},{"@type":"Person","@id":"https:\/\/radioclanfm.com\/clanespectaculos\/#\/schema\/person\/9734813083303230f3ad84d99171b20c","name":"E-GRUPOCLAN","image":{"@type":"ImageObject","inLanguage":"es-AR","@id":"https:\/\/secure.gravatar.com\/avatar\/af6e19837c3d6a212034a48c7b3818d2ac1826f6025df0155da5a186ad321d79?s=96&d=mm&r=g","url":"https:\/\/secure.gravatar.com\/avatar\/af6e19837c3d6a212034a48c7b3818d2ac1826f6025df0155da5a186ad321d79?s=96&d=mm&r=g","contentUrl":"https:\/\/secure.gravatar.com\/avatar\/af6e19837c3d6a212034a48c7b3818d2ac1826f6025df0155da5a186ad321d79?s=96&d=mm&r=g","caption":"E-GRUPOCLAN"},"sameAs":["https:\/\/radioclanfm.com"],"url":"https:\/\/radioclanfm.com\/clanespectaculos\/author\/admin\/"}]}},"_links":{"self":[{"href":"https:\/\/radioclanfm.com\/clanespectaculos\/wp-json\/wp\/v2\/posts\/20234","targetHints":{"allow":["GET"]}}],"collection":[{"href":"https:\/\/radioclanfm.com\/clanespectaculos\/wp-json\/wp\/v2\/posts"}],"about":[{"href":"https:\/\/radioclanfm.com\/clanespectaculos\/wp-json\/wp\/v2\/types\/post"}],"author":[{"embeddable":true,"href":"https:\/\/radioclanfm.com\/clanespectaculos\/wp-json\/wp\/v2\/users\/1"}],"replies":[{"embeddable":true,"href":"https:\/\/radioclanfm.com\/clanespectaculos\/wp-json\/wp\/v2\/comments?post=20234"}],"version-history":[{"count":2,"href":"https:\/\/radioclanfm.com\/clanespectaculos\/wp-json\/wp\/v2\/posts\/20234\/revisions"}],"predecessor-version":[{"id":20237,"href":"https:\/\/radioclanfm.com\/clanespectaculos\/wp-json\/wp\/v2\/posts\/20234\/revisions\/20237"}],"wp:featuredmedia":[{"embeddable":true,"href":"https:\/\/radioclanfm.com\/clanespectaculos\/wp-json\/wp\/v2\/media\/20235"}],"wp:attachment":[{"href":"https:\/\/radioclanfm.com\/clanespectaculos\/wp-json\/wp\/v2\/media?parent=20234"}],"wp:term":[{"taxonomy":"category","embeddable":true,"href":"https:\/\/radioclanfm.com\/clanespectaculos\/wp-json\/wp\/v2\/categories?post=20234"},{"taxonomy":"post_tag","embeddable":true,"href":"https:\/\/radioclanfm.com\/clanespectaculos\/wp-json\/wp\/v2\/tags?post=20234"}],"curies":[{"name":"wp","href":"https:\/\/api.w.org\/{rel}","templated":true}]}}