{"id":20099,"date":"2026-08-26T13:30:34","date_gmt":"2026-08-26T16:30:34","guid":{"rendered":"https:\/\/radioclanfm.com\/clanespectaculos\/?p=20099"},"modified":"2026-08-26T13:30:34","modified_gmt":"2026-08-26T16:30:34","slug":"guiterrez-is-mai-neim-la-acida-comedia-con-dario-barassi-y-yayo-que-es-un-homenaje-cinefilo-a-los-policiales-de-los-90","status":"publish","type":"post","link":"https:\/\/radioclanfm.com\/clanespectaculos\/guiterrez-is-mai-neim-la-acida-comedia-con-dario-barassi-y-yayo-que-es-un-homenaje-cinefilo-a-los-policiales-de-los-90\/","title":{"rendered":"\u201cGuit\u00e9rrez is mai neim\u201d, la \u00e1cida comedia con Dar\u00edo Barassi y Yayo que es un homenaje cin\u00e9filo a los policiales de los 90"},"content":{"rendered":"<p>La serie que se estrena este mi\u00e9rcoles en el streaming es una de las grandes apuestas de la temporada.<\/p>\n<div class=\"col-content\"><main class=\"col-content\"><\/p>\n<div class=\"default-article-color article__body article__article\">\n<p class=\"paragraph font__body-regular\">El tono gris que muchas veces se deja entrever en el clima r\u00fastico de la serie\u00a0<i><b>Guti\u00e9rrez is mai neim<\/b><\/i>\u00a0va de la mano con la atm\u00f3sfera interna de cada uno de los personajes centrales:\u00a0<b>dos polic\u00edas turbios que conocen las corruptelas que los rodean<\/b>\u00a0y se nutren de ellas para llegar a sus objetivos. Sea lo que sea.<\/p>\n<div class=\"teads-adCall\"><\/div>\n<div id=\"ad-slot-infeed\" class=\"infeed-container\" data-google-query-id=\"COKzoNLbvpYDFYEKHgAdk7sX7A\">\n<div id=\"google_ads_iframe_\/113951150\/tn-arc\/nota\/infeed_0__container__\"><iframe id=\"google_ads_iframe_\/113951150\/tn-arc\/nota\/infeed_0\" tabindex=\"0\" title=\"Contenido de anuncios de terceros\" name=\"google_ads_iframe_\/113951150\/tn-arc\/nota\/infeed_0\" width=\"1\" height=\"1\" frameborder=\"0\" marginwidth=\"0\" marginheight=\"0\" scrolling=\"no\" aria-label=\"Anuncio\" data-google-container-id=\"9\" data-load-complete=\"true\" data-mce-fragment=\"1\"><\/iframe><\/div>\n<\/div>\n<p class=\"paragraph font__body-regular\">Como dos cowboys urbanos similares a los del\u00a0<i>farwest<\/i>, pero cercanos que viven en territorio bonaerense,\u00a0<b>Dar\u00edo Barassi<\/b>\u00a0y\u00a0<b>Yayo Guridi<\/b>\u00a0construyeron\u00a0<b>una dupla simbi\u00f3tica<\/b>\u00a0que se alimenta de aquellas famosas\u00a0<i>buddy movies<\/i>\u00a0policiales que explotaron en la d\u00e9cada del 90.<\/p>\n<div class=\"marfeel-readmore-slot\"><\/div>\n<p class=\"paragraph font__body-regular\">La serie, que se estrena este mi\u00e9rcoles, es un homenaje cin\u00e9filo a esos detectives, casi antih\u00e9roes, que llevaban vidas complicadas como los que encarnaron, por ejemplo,\u00a0<b>Bruce Willis<\/b>\u00a0o\u00a0<b>Mel Gibson<\/b>. En una especie de doble faz ficcional, la serie tambi\u00e9n es una s\u00e1tira al estilo\u00a0<i><b>Divisi\u00f3n Palermo<\/b><\/i>\u00a0que pone la lupa en los<b>\u00a0hilos defectuosos de la seguridad en la Argentina.<\/b><\/p>\n<h2 class=\"font--primary font__display\">De qu\u00e9 se trata \u201cGuti\u00e9rrez is mai neim\u201d, la comedia policial que une a Dar\u00edo Barassi con Yayo<\/h2>\n<p class=\"paragraph font__body-regular\"><i>Guti\u00e9rrez is mai neim\u00a0<\/i>es una creaci\u00f3n de\u00a0<b>Jes\u00fas Braceras<\/b>\u00a0-realizador de\u00a0<i>Barrabrava\u00a0<\/i>y\u00a0<i>Monz\u00f3n<\/i>&#8211; que se estrena este mi\u00e9rcoles en\u00a0<b>Disney+\u00a0<\/b>y tiene a\u00a0<b>Dar\u00edo Barassi<\/b>\u00a0y a\u00a0<b>Yayo Guridi<\/b>\u00a0como protagonistas. Adem\u00e1s, el elenco se completa con\u00a0<b>Juli Savioli<\/b>,<b>\u00a0Abi\u00e1n Vainstein<\/b>,\u00a0<b>Alfredo Castellani\u00a0<\/b>y\u00a0<b>Mario Alarc\u00f3n<\/b>.<\/p>\n<p class=\"paragraph font__body-regular\">Los actores encarnan a dos polic\u00edas bonaerenses, el subcomisario\u00a0<b>Roberto Guti\u00e9rrez<\/b>\u00a0y el teniente<b>\u00a0Rub\u00e9n Torcoletti<\/b>, que trabajar\u00e1n juntos para llegar hasta las \u00faltimas consecuencias de un crimen que estremece a la Argentina:\u00a0<b>el homicidio a sangre fr\u00eda del embajador ruso en el pa\u00eds.<\/b><\/p>\n<figure class=\"\" data-testid=\"figure-testid\">\n<div class=\"aspect_ratio__container\"><picture class=\"responsive-image\"><source srcset=\"https:\/\/tn.com.ar\/resizer\/v2\/dario-barassi-hizo-un-trabajo-diferente-en-gutierrez-is-mai-neim-foto-prensa-disney-D2HHLL3P5VDOVOTOX2C4PTUX5E.jpeg?auth=0fccef717bff540fd0e34368873781288b89285c09c15af2d89cd923200bcc76&amp;width=767\" type=\"image\/jpg\" media=\"(max-width: 728px)\" \/><source srcset=\"https:\/\/tn.com.ar\/resizer\/v2\/dario-barassi-hizo-un-trabajo-diferente-en-gutierrez-is-mai-neim-foto-prensa-disney-D2HHLL3P5VDOVOTOX2C4PTUX5E.jpeg?auth=0fccef717bff540fd0e34368873781288b89285c09c15af2d89cd923200bcc76&amp;width=1023\" type=\"image\/jpg\" media=\"(max-width: 1023px)\" \/><source srcset=\"https:\/\/tn.com.ar\/resizer\/v2\/dario-barassi-hizo-un-trabajo-diferente-en-gutierrez-is-mai-neim-foto-prensa-disney-D2HHLL3P5VDOVOTOX2C4PTUX5E.jpeg?auth=0fccef717bff540fd0e34368873781288b89285c09c15af2d89cd923200bcc76&amp;width=1440\" type=\"image\/jpg\" \/><img loading=\"lazy\" decoding=\"async\" class=\"image content-image image_placeholder\" src=\"https:\/\/tn.com.ar\/resizer\/v2\/dario-barassi-hizo-un-trabajo-diferente-en-gutierrez-is-mai-neim-foto-prensa-disney-D2HHLL3P5VDOVOTOX2C4PTUX5E.jpeg?auth=0fccef717bff540fd0e34368873781288b89285c09c15af2d89cd923200bcc76&amp;width=767\" alt=\"Dar\u00edo Barassi hizo un trabajo diferente en &quot;Guti\u00e9rrez is mai neim&quot;. (Foto: prensa Disney)\" width=\"767\" height=\"511\" data-testid=\"loading-testid\" \/><\/picture><\/div><figcaption class=\"caption_image\" data-testid=\"figcaption-testid\">\n<div class=\"image_caption \">Dar\u00edo Barassi hizo un trabajo diferente en &#8220;Guti\u00e9rrez is mai neim&#8221;. (Foto: prensa Disney)<\/div>\n<\/figcaption><\/figure>\n<p class=\"paragraph font__body-regular\">Lejos de la voluptuosidad de Hollywood y m\u00e1s cerca de lo turbio que puede llegar a ser el terreno local, los agentes van desmadejando -a veces con torpeza, pero otras con astucia-\u00a0<b>cada nudo que se les interpone<\/b>.<\/p>\n<p class=\"paragraph font__body-regular\">Adem\u00e1s de las propias complicaciones del caso, los sospechosos extravagantes, y los errores garrafales que ellos mismos cometen, Guti\u00e9rrez y Torcoletti tendr\u00e1n que enfrentar con audacia a un enemigo interno:<b>\u00a0la CIA, que vino al pa\u00eds a intentar resolver el asesinato.<\/b><\/p>\n<figure class=\"\" data-testid=\"figure-testid\">\n<div class=\"aspect_ratio__container\"><picture class=\"responsive-image\"><source srcset=\"https:\/\/tn.com.ar\/resizer\/v2\/yayo-guridi-es-el-teniente-ruben-torcoletti-en-gutierrez-is-mai-neim-foto-prensa-disney-LRADSTZQQBDI7JYLMCURNNTCJM.jpeg?auth=45f5b2e74a45b9c0f86557b06b2019df3f613058f5d37e73e867345f674c3ee3&amp;width=767\" type=\"image\/jpg\" media=\"(max-width: 728px)\" \/><source srcset=\"https:\/\/tn.com.ar\/resizer\/v2\/yayo-guridi-es-el-teniente-ruben-torcoletti-en-gutierrez-is-mai-neim-foto-prensa-disney-LRADSTZQQBDI7JYLMCURNNTCJM.jpeg?auth=45f5b2e74a45b9c0f86557b06b2019df3f613058f5d37e73e867345f674c3ee3&amp;width=1023\" type=\"image\/jpg\" media=\"(max-width: 1023px)\" \/><source srcset=\"https:\/\/tn.com.ar\/resizer\/v2\/yayo-guridi-es-el-teniente-ruben-torcoletti-en-gutierrez-is-mai-neim-foto-prensa-disney-LRADSTZQQBDI7JYLMCURNNTCJM.jpeg?auth=45f5b2e74a45b9c0f86557b06b2019df3f613058f5d37e73e867345f674c3ee3&amp;width=1440\" type=\"image\/jpg\" \/><img loading=\"lazy\" decoding=\"async\" class=\"image content-image image_placeholder\" src=\"https:\/\/tn.com.ar\/resizer\/v2\/yayo-guridi-es-el-teniente-ruben-torcoletti-en-gutierrez-is-mai-neim-foto-prensa-disney-LRADSTZQQBDI7JYLMCURNNTCJM.jpeg?auth=45f5b2e74a45b9c0f86557b06b2019df3f613058f5d37e73e867345f674c3ee3&amp;width=767\" alt=\"Yayo Guridi es el teniente Rub\u00e9n Torcoletti en &quot;Guti\u00e9rrez is mai neim&quot;. (Foto: prensa Disney)\" width=\"767\" height=\"511\" data-testid=\"loading-testid\" \/><\/picture><\/div><figcaption class=\"caption_image\" data-testid=\"figcaption-testid\">\n<div class=\"image_caption \">Yayo Guridi es el teniente Rub\u00e9n Torcoletti en &#8220;Guti\u00e9rrez is mai neim&#8221;. (Foto: prensa Disney)<\/div>\n<\/figcaption><\/figure>\n<p class=\"paragraph font__body-regular\">As\u00ed, el subcomisario y el teniente se mover\u00e1n por el conurbano como si fueran dos sheriff que buscan criminales en el \u00e1spero lejano oeste: cada personaje que aparece en ese espacio urbano tendr\u00e1 una funci\u00f3n muy precisa<b>\u00a0en el ajedrez polic\u00edaco que juegan los dos\u00a0<\/b>y que pretenden ganar.<\/p>\n<h2 class=\"font--primary font__display\">Las razones por las que funciona \u201cGuti\u00e9rrez is mai neim\u201d, la comedia policial que une a Dar\u00edo Barassi con Yayo<\/h2>\n<p class=\"paragraph font__body-regular\">Con las marcas de las s\u00e1tiras de\u00a0<i><b>La pistola desnuda<\/b><\/i>\u00a0y\u00a0<i><b>Martillo Hammer<\/b><\/i>,\u00a0<i><b>Guti\u00e9rrez is mai neim<\/b><\/i>\u00a0es un homenaje directo a las incontables a pel\u00edculas policiales que explotaron en el cine en la d\u00e9cada del 90.<\/p>\n<p class=\"paragraph font__body-regular\">En aquella \u00e9poca, el territorio de la acci\u00f3n se agigant\u00f3 a partir de un film que cambi\u00f3 el estilo de los argumentos que hab\u00eda:\u00a0<i><b>Duro de Matar<\/b><\/i>, el gran cl\u00e1sico dirigido por\u00a0<b>John McTiernan.<\/b><\/p>\n<figure class=\"\" data-testid=\"figure-testid\">\n<div class=\"aspect_ratio__container\"><picture class=\"responsive-image\"><source srcset=\"https:\/\/tn.com.ar\/resizer\/v2\/dario-barassi-y-juli-savioli-en-una-escena-de-gutierrez-is-mai-neim-foto-prensa-disney-OLNVROI32JH63KLYGGMSLT7CIM.jpeg?auth=c72e768a4e9472a72344af45d612fbff0923d2400042b55889ff6f82de669203&amp;width=767\" type=\"image\/jpg\" media=\"(max-width: 728px)\" \/><source srcset=\"https:\/\/tn.com.ar\/resizer\/v2\/dario-barassi-y-juli-savioli-en-una-escena-de-gutierrez-is-mai-neim-foto-prensa-disney-OLNVROI32JH63KLYGGMSLT7CIM.jpeg?auth=c72e768a4e9472a72344af45d612fbff0923d2400042b55889ff6f82de669203&amp;width=1023\" type=\"image\/jpg\" media=\"(max-width: 1023px)\" \/><source srcset=\"https:\/\/tn.com.ar\/resizer\/v2\/dario-barassi-y-juli-savioli-en-una-escena-de-gutierrez-is-mai-neim-foto-prensa-disney-OLNVROI32JH63KLYGGMSLT7CIM.jpeg?auth=c72e768a4e9472a72344af45d612fbff0923d2400042b55889ff6f82de669203&amp;width=1440\" type=\"image\/jpg\" \/><img loading=\"lazy\" decoding=\"async\" class=\"image content-image image_placeholder\" src=\"https:\/\/tn.com.ar\/resizer\/v2\/dario-barassi-y-juli-savioli-en-una-escena-de-gutierrez-is-mai-neim-foto-prensa-disney-OLNVROI32JH63KLYGGMSLT7CIM.jpeg?auth=c72e768a4e9472a72344af45d612fbff0923d2400042b55889ff6f82de669203&amp;width=767\" alt=\"Dar\u00edo Barassi y Juli Savioli, en una escena de &quot;Guti\u00e9rrez is mai neim&quot;. (Foto: prensa Disney)\" width=\"767\" height=\"511\" data-testid=\"loading-testid\" \/><\/picture><\/div><figcaption class=\"caption_image\" data-testid=\"figcaption-testid\">\n<div class=\"image_caption \">Dar\u00edo Barassi y Juli Savioli, en una escena de &#8220;Guti\u00e9rrez is mai neim&#8221;. (Foto: prensa Disney)<\/div>\n<\/figcaption><\/figure>\n<p class=\"paragraph font__body-regular\">En ese film, un h\u00e9roe at\u00edpico, que interpret\u00f3\u00a0<b>Bruce Willis<\/b>, se mostraba descarnado frente a los delincuentes que intentaban tomar un edificio en plena Los \u00c1ngeles. Tambi\u00e9n era humano: todo lo hac\u00eda por amor.<\/p>\n<p class=\"paragraph font__body-regular\">Ese estilo de detective se multiplic\u00f3 y se fortaleci\u00f3 en aquella d\u00e9cada a partir de diferentes historias que la serie referencia de alguna manera.\u00a0<b>En algunos casos con rasgos de los personajes<\/b>, en otros con di\u00e1logos o tambi\u00e9n con escenas similares.<\/p>\n<figure class=\"\" data-testid=\"figure-testid\">\n<div class=\"aspect_ratio__container\"><picture class=\"responsive-image\"><source srcset=\"https:\/\/tn.com.ar\/resizer\/v2\/dario-barassi-y-yayo-protagonizan-gutierrez-is-mai-neim-foto-prensa-disney-7AQOZGUCHFAHPL4Q6YYMKYKN3E.jpeg?auth=5cc62c400c58939542daafcaf0fca1d26ee8183f2bc8e21d0f9f02bd5dd58364&amp;width=767\" type=\"image\/jpg\" media=\"(max-width: 728px)\" \/><source srcset=\"https:\/\/tn.com.ar\/resizer\/v2\/dario-barassi-y-yayo-protagonizan-gutierrez-is-mai-neim-foto-prensa-disney-7AQOZGUCHFAHPL4Q6YYMKYKN3E.jpeg?auth=5cc62c400c58939542daafcaf0fca1d26ee8183f2bc8e21d0f9f02bd5dd58364&amp;width=1023\" type=\"image\/jpg\" media=\"(max-width: 1023px)\" \/><source srcset=\"https:\/\/tn.com.ar\/resizer\/v2\/dario-barassi-y-yayo-protagonizan-gutierrez-is-mai-neim-foto-prensa-disney-7AQOZGUCHFAHPL4Q6YYMKYKN3E.jpeg?auth=5cc62c400c58939542daafcaf0fca1d26ee8183f2bc8e21d0f9f02bd5dd58364&amp;width=1440\" type=\"image\/jpg\" \/><img loading=\"lazy\" decoding=\"async\" class=\"image content-image image_placeholder\" src=\"https:\/\/tn.com.ar\/resizer\/v2\/dario-barassi-y-yayo-protagonizan-gutierrez-is-mai-neim-foto-prensa-disney-7AQOZGUCHFAHPL4Q6YYMKYKN3E.jpeg?auth=5cc62c400c58939542daafcaf0fca1d26ee8183f2bc8e21d0f9f02bd5dd58364&amp;width=767\" alt=\"Dar\u00edo Barassi y Yayo protagonizan &quot;Guti\u00e9rrez is mai neim&quot;. (Foto: prensa Disney)\" width=\"767\" height=\"511\" data-testid=\"loading-testid\" \/><\/picture><\/div><figcaption class=\"caption_image\" data-testid=\"figcaption-testid\">\n<div class=\"image_caption \">Dar\u00edo Barassi y Yayo protagonizan &#8220;Guti\u00e9rrez is mai neim&#8221;. (Foto: prensa Disney)<\/div>\n<\/figcaption><\/figure>\n<p class=\"paragraph font__body-regular\">Entre las secuencias muy bien producidas de\u00a0<i>Guti\u00e9rrez is mai neim<\/i>\u00a0-otro acierto para tener en cuenta- aparecen de alguna manera en su g\u00e9nesis los films\u00a0<i>Arma Mortal<\/i>,\u00a0<i>Duro de Matar<\/i>,<i>\u00a0El \u00faltimo Boy Scout<\/i>,\u00a0<i>48 horas<\/i>; hay hasta citas a\u00a0<i>Tarde de perros\u00a0<\/i>y\u00a0<i>Tiempo de valientes<\/i>.<\/p>\n<p class=\"paragraph font__body-regular\">Explosiva, divertida, \u00e1cida y aguda,\u00a0<i>Guti\u00e9rrez is mai neim<\/i>\u00a0es sarc\u00e1stica cuando quiere, pero tambi\u00e9n puede ser seria cuando se lo propone.\u00a0<b>En esa mixtura radica su esencia.<\/b><\/p>\n<\/div>\n<p><\/main><\/div>\n<aside class=\"col-right-rail right-rail\">\n<div id=\"parent-ad-slot-caja\" class=\"ad-container caja_ad \">\n<div class=\"ad-content\"><\/div>\n<\/div>\n<\/aside>\n","protected":false},"excerpt":{"rendered":"<p>La serie que se estrena este mi\u00e9rcoles en el streaming es una de las grandes apuestas de la temporada. El tono gris que muchas veces se deja entrever en el clima r\u00fastico de la serie\u00a0Guti\u00e9rrez is mai neim\u00a0va de la mano con la atm\u00f3sfera interna de cada uno de los personajes centrales:\u00a0dos polic\u00edas turbios que [&hellip;]<\/p>\n","protected":false},"author":1,"featured_media":20100,"comment_status":"open","ping_status":"open","sticky":false,"template":"","format":"standard","meta":{"rop_custom_images_group":[],"rop_custom_messages_group":[],"rop_publish_now":"initial","rop_publish_now_accounts":[],"rop_publish_now_history":[],"rop_publish_now_status":"pending","footnotes":"","jetpack_publicize_message":"","jetpack_publicize_feature_enabled":true,"jetpack_social_post_already_shared":true,"jetpack_social_options":{"image_generator_settings":{"template":"highway","enabled":false},"version":2}},"categories":[12],"tags":[],"class_list":["post-20099","post","type-post","status-publish","format-standard","has-post-thumbnail","category-espectaculos"],"jetpack_publicize_connections":[],"yoast_head":"<!-- This site is optimized with the Yoast SEO plugin v28.2 - https:\/\/yoast.com\/product\/yoast-seo-wordpress\/ -->\n<title>\u201cGuit\u00e9rrez is mai neim\u201d, la \u00e1cida comedia con Dar\u00edo Barassi y Yayo que es un homenaje cin\u00e9filo a los policiales de los 90 - CLAN ESPECTACULOS<\/title>\n<meta name=\"robots\" content=\"index, follow, max-snippet:-1, max-image-preview:large, max-video-preview:-1\" \/>\n<link rel=\"canonical\" href=\"https:\/\/radioclanfm.com\/clanespectaculos\/guiterrez-is-mai-neim-la-acida-comedia-con-dario-barassi-y-yayo-que-es-un-homenaje-cinefilo-a-los-policiales-de-los-90\/\" \/>\n<meta property=\"og:locale\" content=\"es_ES\" \/>\n<meta property=\"og:type\" content=\"article\" \/>\n<meta property=\"og:title\" content=\"\u201cGuit\u00e9rrez is mai neim\u201d, la \u00e1cida comedia con Dar\u00edo Barassi y Yayo que es un homenaje cin\u00e9filo a los policiales de los 90 - CLAN ESPECTACULOS\" \/>\n<meta property=\"og:description\" content=\"La serie que se estrena este mi\u00e9rcoles en el streaming es una de las grandes apuestas de la temporada. El tono gris que muchas veces se deja entrever en el clima r\u00fastico de la serie\u00a0Guti\u00e9rrez is mai neim\u00a0va de la mano con la atm\u00f3sfera interna de cada uno de los personajes centrales:\u00a0dos polic\u00edas turbios que [&hellip;]\" \/>\n<meta property=\"og:url\" content=\"https:\/\/radioclanfm.com\/clanespectaculos\/guiterrez-is-mai-neim-la-acida-comedia-con-dario-barassi-y-yayo-que-es-un-homenaje-cinefilo-a-los-policiales-de-los-90\/\" \/>\n<meta property=\"og:site_name\" content=\"CLAN ESPECTACULOS\" \/>\n<meta property=\"article:publisher\" content=\"https:\/\/www.facebook.com\/clanespectaculos\/\" \/>\n<meta property=\"article:published_time\" content=\"2026-08-26T16:30:34+00:00\" \/>\n<meta property=\"og:image\" content=\"https:\/\/radioclanfm.com\/clanespectaculos\/wp-content\/uploads\/sites\/2\/2026\/08\/WK7-M1Eb.jpg\" \/>\n\t<meta property=\"og:image:width\" content=\"900\" \/>\n\t<meta property=\"og:image:height\" content=\"506\" \/>\n\t<meta property=\"og:image:type\" content=\"image\/jpeg\" \/>\n<meta name=\"author\" content=\"E-GRUPOCLAN\" \/>\n<meta name=\"twitter:card\" content=\"summary_large_image\" \/>\n<meta name=\"twitter:creator\" content=\"@clanespectok\" \/>\n<meta name=\"twitter:site\" content=\"@clanespectok\" \/>\n<meta name=\"twitter:label1\" content=\"Escrito por\" \/>\n\t<meta name=\"twitter:data1\" content=\"E-GRUPOCLAN\" \/>\n\t<meta name=\"twitter:label2\" content=\"Tiempo de lectura\" \/>\n\t<meta name=\"twitter:data2\" content=\"5 minutos\" \/>\n<script type=\"application\/ld+json\" class=\"yoast-schema-graph\">{\"@context\":\"https:\\\/\\\/schema.org\",\"@graph\":[{\"@type\":\"Article\",\"@id\":\"https:\\\/\\\/radioclanfm.com\\\/clanespectaculos\\\/guiterrez-is-mai-neim-la-acida-comedia-con-dario-barassi-y-yayo-que-es-un-homenaje-cinefilo-a-los-policiales-de-los-90\\\/#article\",\"isPartOf\":{\"@id\":\"https:\\\/\\\/radioclanfm.com\\\/clanespectaculos\\\/guiterrez-is-mai-neim-la-acida-comedia-con-dario-barassi-y-yayo-que-es-un-homenaje-cinefilo-a-los-policiales-de-los-90\\\/\"},\"author\":{\"name\":\"E-GRUPOCLAN\",\"@id\":\"https:\\\/\\\/radioclanfm.com\\\/clanespectaculos\\\/#\\\/schema\\\/person\\\/9734813083303230f3ad84d99171b20c\"},\"headline\":\"\u201cGuit\u00e9rrez is mai neim\u201d, la \u00e1cida comedia con Dar\u00edo Barassi y Yayo que es un homenaje cin\u00e9filo a los policiales de los 90\",\"datePublished\":\"2026-08-26T16:30:34+00:00\",\"mainEntityOfPage\":{\"@id\":\"https:\\\/\\\/radioclanfm.com\\\/clanespectaculos\\\/guiterrez-is-mai-neim-la-acida-comedia-con-dario-barassi-y-yayo-que-es-un-homenaje-cinefilo-a-los-policiales-de-los-90\\\/\"},\"wordCount\":808,\"commentCount\":0,\"publisher\":{\"@id\":\"https:\\\/\\\/radioclanfm.com\\\/clanespectaculos\\\/#organization\"},\"image\":{\"@id\":\"https:\\\/\\\/radioclanfm.com\\\/clanespectaculos\\\/guiterrez-is-mai-neim-la-acida-comedia-con-dario-barassi-y-yayo-que-es-un-homenaje-cinefilo-a-los-policiales-de-los-90\\\/#primaryimage\"},\"thumbnailUrl\":\"https:\\\/\\\/radioclanfm.com\\\/clanespectaculos\\\/wp-content\\\/uploads\\\/sites\\\/2\\\/2026\\\/08\\\/WK7-M1Eb.jpg\",\"articleSection\":[\"Espectaculos\"],\"inLanguage\":\"es-AR\",\"potentialAction\":[{\"@type\":\"CommentAction\",\"name\":\"Comment\",\"target\":[\"https:\\\/\\\/radioclanfm.com\\\/clanespectaculos\\\/guiterrez-is-mai-neim-la-acida-comedia-con-dario-barassi-y-yayo-que-es-un-homenaje-cinefilo-a-los-policiales-de-los-90\\\/#respond\"]}]},{\"@type\":\"WebPage\",\"@id\":\"https:\\\/\\\/radioclanfm.com\\\/clanespectaculos\\\/guiterrez-is-mai-neim-la-acida-comedia-con-dario-barassi-y-yayo-que-es-un-homenaje-cinefilo-a-los-policiales-de-los-90\\\/\",\"url\":\"https:\\\/\\\/radioclanfm.com\\\/clanespectaculos\\\/guiterrez-is-mai-neim-la-acida-comedia-con-dario-barassi-y-yayo-que-es-un-homenaje-cinefilo-a-los-policiales-de-los-90\\\/\",\"name\":\"\u201cGuit\u00e9rrez is mai neim\u201d, la \u00e1cida comedia con Dar\u00edo Barassi y Yayo que es un homenaje cin\u00e9filo a los policiales de los 90 - CLAN ESPECTACULOS\",\"isPartOf\":{\"@id\":\"https:\\\/\\\/radioclanfm.com\\\/clanespectaculos\\\/#website\"},\"primaryImageOfPage\":{\"@id\":\"https:\\\/\\\/radioclanfm.com\\\/clanespectaculos\\\/guiterrez-is-mai-neim-la-acida-comedia-con-dario-barassi-y-yayo-que-es-un-homenaje-cinefilo-a-los-policiales-de-los-90\\\/#primaryimage\"},\"image\":{\"@id\":\"https:\\\/\\\/radioclanfm.com\\\/clanespectaculos\\\/guiterrez-is-mai-neim-la-acida-comedia-con-dario-barassi-y-yayo-que-es-un-homenaje-cinefilo-a-los-policiales-de-los-90\\\/#primaryimage\"},\"thumbnailUrl\":\"https:\\\/\\\/radioclanfm.com\\\/clanespectaculos\\\/wp-content\\\/uploads\\\/sites\\\/2\\\/2026\\\/08\\\/WK7-M1Eb.jpg\",\"datePublished\":\"2026-08-26T16:30:34+00:00\",\"breadcrumb\":{\"@id\":\"https:\\\/\\\/radioclanfm.com\\\/clanespectaculos\\\/guiterrez-is-mai-neim-la-acida-comedia-con-dario-barassi-y-yayo-que-es-un-homenaje-cinefilo-a-los-policiales-de-los-90\\\/#breadcrumb\"},\"inLanguage\":\"es-AR\",\"potentialAction\":[{\"@type\":\"ReadAction\",\"target\":[\"https:\\\/\\\/radioclanfm.com\\\/clanespectaculos\\\/guiterrez-is-mai-neim-la-acida-comedia-con-dario-barassi-y-yayo-que-es-un-homenaje-cinefilo-a-los-policiales-de-los-90\\\/\"]}]},{\"@type\":\"ImageObject\",\"inLanguage\":\"es-AR\",\"@id\":\"https:\\\/\\\/radioclanfm.com\\\/clanespectaculos\\\/guiterrez-is-mai-neim-la-acida-comedia-con-dario-barassi-y-yayo-que-es-un-homenaje-cinefilo-a-los-policiales-de-los-90\\\/#primaryimage\",\"url\":\"https:\\\/\\\/radioclanfm.com\\\/clanespectaculos\\\/wp-content\\\/uploads\\\/sites\\\/2\\\/2026\\\/08\\\/WK7-M1Eb.jpg\",\"contentUrl\":\"https:\\\/\\\/radioclanfm.com\\\/clanespectaculos\\\/wp-content\\\/uploads\\\/sites\\\/2\\\/2026\\\/08\\\/WK7-M1Eb.jpg\",\"width\":900,\"height\":506},{\"@type\":\"BreadcrumbList\",\"@id\":\"https:\\\/\\\/radioclanfm.com\\\/clanespectaculos\\\/guiterrez-is-mai-neim-la-acida-comedia-con-dario-barassi-y-yayo-que-es-un-homenaje-cinefilo-a-los-policiales-de-los-90\\\/#breadcrumb\",\"itemListElement\":[{\"@type\":\"ListItem\",\"position\":1,\"name\":\"Inicio\",\"item\":\"https:\\\/\\\/radioclanfm.com\\\/clanespectaculos\\\/\"},{\"@type\":\"ListItem\",\"position\":2,\"name\":\"\u201cGuit\u00e9rrez is mai neim\u201d, la \u00e1cida comedia con Dar\u00edo Barassi y Yayo que es un homenaje cin\u00e9filo a los policiales de los 90\"}]},{\"@type\":\"WebSite\",\"@id\":\"https:\\\/\\\/radioclanfm.com\\\/clanespectaculos\\\/#website\",\"url\":\"https:\\\/\\\/radioclanfm.com\\\/clanespectaculos\\\/\",\"name\":\"CLAN ESPECTACULOS\",\"description\":\"\",\"publisher\":{\"@id\":\"https:\\\/\\\/radioclanfm.com\\\/clanespectaculos\\\/#organization\"},\"potentialAction\":[{\"@type\":\"SearchAction\",\"target\":{\"@type\":\"EntryPoint\",\"urlTemplate\":\"https:\\\/\\\/radioclanfm.com\\\/clanespectaculos\\\/?s={search_term_string}\"},\"query-input\":{\"@type\":\"PropertyValueSpecification\",\"valueRequired\":true,\"valueName\":\"search_term_string\"}}],\"inLanguage\":\"es-AR\"},{\"@type\":\"Organization\",\"@id\":\"https:\\\/\\\/radioclanfm.com\\\/clanespectaculos\\\/#organization\",\"name\":\"CLAN ESPECTACULOS\",\"url\":\"https:\\\/\\\/radioclanfm.com\\\/clanespectaculos\\\/\",\"logo\":{\"@type\":\"ImageObject\",\"inLanguage\":\"es-AR\",\"@id\":\"https:\\\/\\\/radioclanfm.com\\\/clanespectaculos\\\/#\\\/schema\\\/logo\\\/image\\\/\",\"url\":\"https:\\\/\\\/radioclanfm.com\\\/clanespectaculos\\\/wp-content\\\/uploads\\\/sites\\\/2\\\/2026\\\/04\\\/ChatGPT-Image-23-mar-2026-10_09_00.png\",\"contentUrl\":\"https:\\\/\\\/radioclanfm.com\\\/clanespectaculos\\\/wp-content\\\/uploads\\\/sites\\\/2\\\/2026\\\/04\\\/ChatGPT-Image-23-mar-2026-10_09_00.png\",\"width\":1024,\"height\":1024,\"caption\":\"CLAN ESPECTACULOS\"},\"image\":{\"@id\":\"https:\\\/\\\/radioclanfm.com\\\/clanespectaculos\\\/#\\\/schema\\\/logo\\\/image\\\/\"},\"sameAs\":[\"https:\\\/\\\/www.facebook.com\\\/clanespectaculos\\\/\",\"https:\\\/\\\/x.com\\\/clanespectok\"]},{\"@type\":\"Person\",\"@id\":\"https:\\\/\\\/radioclanfm.com\\\/clanespectaculos\\\/#\\\/schema\\\/person\\\/9734813083303230f3ad84d99171b20c\",\"name\":\"E-GRUPOCLAN\",\"image\":{\"@type\":\"ImageObject\",\"inLanguage\":\"es-AR\",\"@id\":\"https:\\\/\\\/secure.gravatar.com\\\/avatar\\\/af6e19837c3d6a212034a48c7b3818d2ac1826f6025df0155da5a186ad321d79?s=96&d=mm&r=g\",\"url\":\"https:\\\/\\\/secure.gravatar.com\\\/avatar\\\/af6e19837c3d6a212034a48c7b3818d2ac1826f6025df0155da5a186ad321d79?s=96&d=mm&r=g\",\"contentUrl\":\"https:\\\/\\\/secure.gravatar.com\\\/avatar\\\/af6e19837c3d6a212034a48c7b3818d2ac1826f6025df0155da5a186ad321d79?s=96&d=mm&r=g\",\"caption\":\"E-GRUPOCLAN\"},\"sameAs\":[\"https:\\\/\\\/radioclanfm.com\"],\"url\":\"https:\\\/\\\/radioclanfm.com\\\/clanespectaculos\\\/author\\\/admin\\\/\"}]}<\/script>\n<!-- \/ Yoast SEO plugin. -->","yoast_head_json":{"title":"\u201cGuit\u00e9rrez is mai neim\u201d, la \u00e1cida comedia con Dar\u00edo Barassi y Yayo que es un homenaje cin\u00e9filo a los policiales de los 90 - CLAN ESPECTACULOS","robots":{"index":"index","follow":"follow","max-snippet":"max-snippet:-1","max-image-preview":"max-image-preview:large","max-video-preview":"max-video-preview:-1"},"canonical":"https:\/\/radioclanfm.com\/clanespectaculos\/guiterrez-is-mai-neim-la-acida-comedia-con-dario-barassi-y-yayo-que-es-un-homenaje-cinefilo-a-los-policiales-de-los-90\/","og_locale":"es_ES","og_type":"article","og_title":"\u201cGuit\u00e9rrez is mai neim\u201d, la \u00e1cida comedia con Dar\u00edo Barassi y Yayo que es un homenaje cin\u00e9filo a los policiales de los 90 - CLAN ESPECTACULOS","og_description":"La serie que se estrena este mi\u00e9rcoles en el streaming es una de las grandes apuestas de la temporada. El tono gris que muchas veces se deja entrever en el clima r\u00fastico de la serie\u00a0Guti\u00e9rrez is mai neim\u00a0va de la mano con la atm\u00f3sfera interna de cada uno de los personajes centrales:\u00a0dos polic\u00edas turbios que [&hellip;]","og_url":"https:\/\/radioclanfm.com\/clanespectaculos\/guiterrez-is-mai-neim-la-acida-comedia-con-dario-barassi-y-yayo-que-es-un-homenaje-cinefilo-a-los-policiales-de-los-90\/","og_site_name":"CLAN ESPECTACULOS","article_publisher":"https:\/\/www.facebook.com\/clanespectaculos\/","article_published_time":"2026-08-26T16:30:34+00:00","og_image":[{"width":900,"height":506,"url":"https:\/\/radioclanfm.com\/clanespectaculos\/wp-content\/uploads\/sites\/2\/2026\/08\/WK7-M1Eb.jpg","type":"image\/jpeg"}],"author":"E-GRUPOCLAN","twitter_card":"summary_large_image","twitter_creator":"@clanespectok","twitter_site":"@clanespectok","twitter_misc":{"Escrito por":"E-GRUPOCLAN","Tiempo de lectura":"5 minutos"},"schema":{"@context":"https:\/\/schema.org","@graph":[{"@type":"Article","@id":"https:\/\/radioclanfm.com\/clanespectaculos\/guiterrez-is-mai-neim-la-acida-comedia-con-dario-barassi-y-yayo-que-es-un-homenaje-cinefilo-a-los-policiales-de-los-90\/#article","isPartOf":{"@id":"https:\/\/radioclanfm.com\/clanespectaculos\/guiterrez-is-mai-neim-la-acida-comedia-con-dario-barassi-y-yayo-que-es-un-homenaje-cinefilo-a-los-policiales-de-los-90\/"},"author":{"name":"E-GRUPOCLAN","@id":"https:\/\/radioclanfm.com\/clanespectaculos\/#\/schema\/person\/9734813083303230f3ad84d99171b20c"},"headline":"\u201cGuit\u00e9rrez is mai neim\u201d, la \u00e1cida comedia con Dar\u00edo Barassi y Yayo que es un homenaje cin\u00e9filo a los policiales de los 90","datePublished":"2026-08-26T16:30:34+00:00","mainEntityOfPage":{"@id":"https:\/\/radioclanfm.com\/clanespectaculos\/guiterrez-is-mai-neim-la-acida-comedia-con-dario-barassi-y-yayo-que-es-un-homenaje-cinefilo-a-los-policiales-de-los-90\/"},"wordCount":808,"commentCount":0,"publisher":{"@id":"https:\/\/radioclanfm.com\/clanespectaculos\/#organization"},"image":{"@id":"https:\/\/radioclanfm.com\/clanespectaculos\/guiterrez-is-mai-neim-la-acida-comedia-con-dario-barassi-y-yayo-que-es-un-homenaje-cinefilo-a-los-policiales-de-los-90\/#primaryimage"},"thumbnailUrl":"https:\/\/radioclanfm.com\/clanespectaculos\/wp-content\/uploads\/sites\/2\/2026\/08\/WK7-M1Eb.jpg","articleSection":["Espectaculos"],"inLanguage":"es-AR","potentialAction":[{"@type":"CommentAction","name":"Comment","target":["https:\/\/radioclanfm.com\/clanespectaculos\/guiterrez-is-mai-neim-la-acida-comedia-con-dario-barassi-y-yayo-que-es-un-homenaje-cinefilo-a-los-policiales-de-los-90\/#respond"]}]},{"@type":"WebPage","@id":"https:\/\/radioclanfm.com\/clanespectaculos\/guiterrez-is-mai-neim-la-acida-comedia-con-dario-barassi-y-yayo-que-es-un-homenaje-cinefilo-a-los-policiales-de-los-90\/","url":"https:\/\/radioclanfm.com\/clanespectaculos\/guiterrez-is-mai-neim-la-acida-comedia-con-dario-barassi-y-yayo-que-es-un-homenaje-cinefilo-a-los-policiales-de-los-90\/","name":"\u201cGuit\u00e9rrez is mai neim\u201d, la \u00e1cida comedia con Dar\u00edo Barassi y Yayo que es un homenaje cin\u00e9filo a los policiales de los 90 - CLAN ESPECTACULOS","isPartOf":{"@id":"https:\/\/radioclanfm.com\/clanespectaculos\/#website"},"primaryImageOfPage":{"@id":"https:\/\/radioclanfm.com\/clanespectaculos\/guiterrez-is-mai-neim-la-acida-comedia-con-dario-barassi-y-yayo-que-es-un-homenaje-cinefilo-a-los-policiales-de-los-90\/#primaryimage"},"image":{"@id":"https:\/\/radioclanfm.com\/clanespectaculos\/guiterrez-is-mai-neim-la-acida-comedia-con-dario-barassi-y-yayo-que-es-un-homenaje-cinefilo-a-los-policiales-de-los-90\/#primaryimage"},"thumbnailUrl":"https:\/\/radioclanfm.com\/clanespectaculos\/wp-content\/uploads\/sites\/2\/2026\/08\/WK7-M1Eb.jpg","datePublished":"2026-08-26T16:30:34+00:00","breadcrumb":{"@id":"https:\/\/radioclanfm.com\/clanespectaculos\/guiterrez-is-mai-neim-la-acida-comedia-con-dario-barassi-y-yayo-que-es-un-homenaje-cinefilo-a-los-policiales-de-los-90\/#breadcrumb"},"inLanguage":"es-AR","potentialAction":[{"@type":"ReadAction","target":["https:\/\/radioclanfm.com\/clanespectaculos\/guiterrez-is-mai-neim-la-acida-comedia-con-dario-barassi-y-yayo-que-es-un-homenaje-cinefilo-a-los-policiales-de-los-90\/"]}]},{"@type":"ImageObject","inLanguage":"es-AR","@id":"https:\/\/radioclanfm.com\/clanespectaculos\/guiterrez-is-mai-neim-la-acida-comedia-con-dario-barassi-y-yayo-que-es-un-homenaje-cinefilo-a-los-policiales-de-los-90\/#primaryimage","url":"https:\/\/radioclanfm.com\/clanespectaculos\/wp-content\/uploads\/sites\/2\/2026\/08\/WK7-M1Eb.jpg","contentUrl":"https:\/\/radioclanfm.com\/clanespectaculos\/wp-content\/uploads\/sites\/2\/2026\/08\/WK7-M1Eb.jpg","width":900,"height":506},{"@type":"BreadcrumbList","@id":"https:\/\/radioclanfm.com\/clanespectaculos\/guiterrez-is-mai-neim-la-acida-comedia-con-dario-barassi-y-yayo-que-es-un-homenaje-cinefilo-a-los-policiales-de-los-90\/#breadcrumb","itemListElement":[{"@type":"ListItem","position":1,"name":"Inicio","item":"https:\/\/radioclanfm.com\/clanespectaculos\/"},{"@type":"ListItem","position":2,"name":"\u201cGuit\u00e9rrez is mai neim\u201d, la \u00e1cida comedia con Dar\u00edo Barassi y Yayo que es un homenaje cin\u00e9filo a los policiales de los 90"}]},{"@type":"WebSite","@id":"https:\/\/radioclanfm.com\/clanespectaculos\/#website","url":"https:\/\/radioclanfm.com\/clanespectaculos\/","name":"CLAN ESPECTACULOS","description":"","publisher":{"@id":"https:\/\/radioclanfm.com\/clanespectaculos\/#organization"},"potentialAction":[{"@type":"SearchAction","target":{"@type":"EntryPoint","urlTemplate":"https:\/\/radioclanfm.com\/clanespectaculos\/?s={search_term_string}"},"query-input":{"@type":"PropertyValueSpecification","valueRequired":true,"valueName":"search_term_string"}}],"inLanguage":"es-AR"},{"@type":"Organization","@id":"https:\/\/radioclanfm.com\/clanespectaculos\/#organization","name":"CLAN ESPECTACULOS","url":"https:\/\/radioclanfm.com\/clanespectaculos\/","logo":{"@type":"ImageObject","inLanguage":"es-AR","@id":"https:\/\/radioclanfm.com\/clanespectaculos\/#\/schema\/logo\/image\/","url":"https:\/\/radioclanfm.com\/clanespectaculos\/wp-content\/uploads\/sites\/2\/2026\/04\/ChatGPT-Image-23-mar-2026-10_09_00.png","contentUrl":"https:\/\/radioclanfm.com\/clanespectaculos\/wp-content\/uploads\/sites\/2\/2026\/04\/ChatGPT-Image-23-mar-2026-10_09_00.png","width":1024,"height":1024,"caption":"CLAN ESPECTACULOS"},"image":{"@id":"https:\/\/radioclanfm.com\/clanespectaculos\/#\/schema\/logo\/image\/"},"sameAs":["https:\/\/www.facebook.com\/clanespectaculos\/","https:\/\/x.com\/clanespectok"]},{"@type":"Person","@id":"https:\/\/radioclanfm.com\/clanespectaculos\/#\/schema\/person\/9734813083303230f3ad84d99171b20c","name":"E-GRUPOCLAN","image":{"@type":"ImageObject","inLanguage":"es-AR","@id":"https:\/\/secure.gravatar.com\/avatar\/af6e19837c3d6a212034a48c7b3818d2ac1826f6025df0155da5a186ad321d79?s=96&d=mm&r=g","url":"https:\/\/secure.gravatar.com\/avatar\/af6e19837c3d6a212034a48c7b3818d2ac1826f6025df0155da5a186ad321d79?s=96&d=mm&r=g","contentUrl":"https:\/\/secure.gravatar.com\/avatar\/af6e19837c3d6a212034a48c7b3818d2ac1826f6025df0155da5a186ad321d79?s=96&d=mm&r=g","caption":"E-GRUPOCLAN"},"sameAs":["https:\/\/radioclanfm.com"],"url":"https:\/\/radioclanfm.com\/clanespectaculos\/author\/admin\/"}]}},"_links":{"self":[{"href":"https:\/\/radioclanfm.com\/clanespectaculos\/wp-json\/wp\/v2\/posts\/20099","targetHints":{"allow":["GET"]}}],"collection":[{"href":"https:\/\/radioclanfm.com\/clanespectaculos\/wp-json\/wp\/v2\/posts"}],"about":[{"href":"https:\/\/radioclanfm.com\/clanespectaculos\/wp-json\/wp\/v2\/types\/post"}],"author":[{"embeddable":true,"href":"https:\/\/radioclanfm.com\/clanespectaculos\/wp-json\/wp\/v2\/users\/1"}],"replies":[{"embeddable":true,"href":"https:\/\/radioclanfm.com\/clanespectaculos\/wp-json\/wp\/v2\/comments?post=20099"}],"version-history":[{"count":1,"href":"https:\/\/radioclanfm.com\/clanespectaculos\/wp-json\/wp\/v2\/posts\/20099\/revisions"}],"predecessor-version":[{"id":20101,"href":"https:\/\/radioclanfm.com\/clanespectaculos\/wp-json\/wp\/v2\/posts\/20099\/revisions\/20101"}],"wp:featuredmedia":[{"embeddable":true,"href":"https:\/\/radioclanfm.com\/clanespectaculos\/wp-json\/wp\/v2\/media\/20100"}],"wp:attachment":[{"href":"https:\/\/radioclanfm.com\/clanespectaculos\/wp-json\/wp\/v2\/media?parent=20099"}],"wp:term":[{"taxonomy":"category","embeddable":true,"href":"https:\/\/radioclanfm.com\/clanespectaculos\/wp-json\/wp\/v2\/categories?post=20099"},{"taxonomy":"post_tag","embeddable":true,"href":"https:\/\/radioclanfm.com\/clanespectaculos\/wp-json\/wp\/v2\/tags?post=20099"}],"curies":[{"name":"wp","href":"https:\/\/api.w.org\/{rel}","templated":true}]}}