{"id":2009,"date":"2025-06-19T23:13:53","date_gmt":"2025-06-20T02:13:53","guid":{"rendered":"https:\/\/radioclanfm.com\/clanespectaculos\/?p=2009"},"modified":"2025-06-19T23:13:53","modified_gmt":"2025-06-20T02:13:53","slug":"sabrina-carpenter-va-a-enojar-a-sus-fans-con-esta-decision","status":"publish","type":"post","link":"https:\/\/radioclanfm.com\/clanespectaculos\/sabrina-carpenter-va-a-enojar-a-sus-fans-con-esta-decision\/","title":{"rendered":"Sabrina Carpenter va a enojar a sus fans con esta decisi\u00f3n"},"content":{"rendered":"<p>La cantante cont\u00f3 que fue a un show en el cual no se pod\u00eda usar el tel\u00e9fono y experiment\u00f3 un gran momento.<\/p>\n<div class=\"col-content\"><main class=\"col-content\"><\/p>\n<div class=\"default-article-color article__body article__article\">\n<p class=\"paragraph font__body-regular\">Sabrina Carpenter\u00a0analiza una idea que cada vez tiene m\u00e1s artistas est\u00e1n realizando: prohibir el uso de celulares en los conciertos. Seg\u00fan la cantante,<b>\u00a0esta decisi\u00f3n molestar\u00e1 a sus fans.<\/b>\u00a0En una entrevista con\u00a0<i>Rolling Stones<\/i>, la estrella pop brind\u00f3 detalles sobre esta posible decisi\u00f3n que mejorar\u00eda la experiencia.<\/p>\n<div class=\"AV6543bedcd858799fe90b5c47\">\n<div id=\"aniBox\">\n<div id=\"aniplayer_AV6543bedcd858799fe90b5c47-1750385580878\">\n<div id=\"aniplayer_AV6543bedcd858799fe90b5c47-1750385580878gui\">\n<div id=\"av-caption\">\n<div id=\"av-close-btn-overlay\" class=\"av-pos-top-left\"><\/div>\n<\/div>\n<\/div>\n<div id=\"anibid\"><\/div>\n<\/div>\n<\/div>\n<\/div>\n<div id=\"ad-slot-infeed\" class=\"infeed-container ad-slot-infeed ad-slot\" data-adtype=\"infeed\" data-google-query-id=\"CJ7a57X2_o0DFXI5uQYdIdI4uQ\">\n<div id=\"google_ads_iframe_\/113951150\/tn-arc\/nota\/infeed_0__container__\"><\/div>\n<\/div>\n<p class=\"paragraph font__body-regular\">\u201c<b>Fui a ver a Silk Sonic en Las Vegas<\/b>\u00a0y me bloquearon el tel\u00e9fono. Nunca he tenido<b>\u00a0una mejor experiencia en un concierto.<\/b>\u00a0Realmente me sent\u00ed como si estuviera en los \u201970, como si no estuviera viva. Realmente me sent\u00ed all\u00ed. Todos cantaban, bailaban, se miraban y re\u00edan. Fue realmente hermoso\u201d.<\/p>\n<div class=\"raw\">\n<div class=\"raw_container\"><iframe loading=\"lazy\" title=\"YouTube video player\" src=\"https:\/\/www.youtube.com\/embed\/aSugSGCC12I?si=BBQshAcSXIGE8gJD\" width=\"560\" height=\"315\" frameborder=\"0\" allowfullscreen=\"allowfullscreen\" data-mce-fragment=\"1\"><\/iframe><\/div>\n<\/div>\n<p class=\"paragraph font__body-regular\">Y agreg\u00f3 en la entrevista: \u201c<b>Crec\u00ed en la \u00e9poca en que la gente usaba iPhones en los conciertos.<\/b>\u00a0Desafortunadamente, me parece muy normal. No puedo culpar a la gente por querer tener recuerdos. Pero dependiendo de cu\u00e1nto tiempo quiera estar de gira y de la edad que tenga, chica, qu\u00edtenme esos celulares. No pueden hacer zoom en mi cara. Ahora mismo, mi piel est\u00e1 suave y tersa. Est\u00e1 bien.\u00a0<b>No me hagan zoom cuando tenga 80 a\u00f1os ah\u00ed arriba\u201d.<\/b><\/p>\n<h2 class=\"font--primary font__display\">Celulares bloqueados<\/h2>\n<p class=\"paragraph font__body-regular\">Esta prohibici\u00f3n del ingreso de tel\u00e9fonos en los recitales es cada vez m\u00e1s com\u00fan, a menudo mediante fundas que los asistentes llevan y que, por lo general,<b>\u00a0no se pueden desbloquear\u00a0<\/b>hasta el final del espect\u00e1culo.<\/p>\n<p class=\"paragraph font__body-regular\">Por ejemplo,\u00a0<b>Jack White<\/b>\u00a0es un firme defensor desde esta idea desde 2018, afirmando que permite una\u00a0<b>\u201cexperiencia 100 % humana<\/b>\u201d. Hace poco,<b>\u00a0Ghost\u00a0<\/b>implement\u00f3 una regla de \u201csin tel\u00e9fonos\u201d para su gira mundial de este a\u00f1o, destacando que es \u201cmuy dif\u00edcil conseguir que la gente participe\u201d.<\/p>\n<div class=\"raw\">\n<div class=\"raw_container\"><iframe loading=\"lazy\" title=\"YouTube video player\" src=\"https:\/\/www.youtube.com\/embed\/eVli-tstM5E?si=25pRuEVvk3h61AX8\" width=\"560\" height=\"315\" frameborder=\"0\" allowfullscreen=\"allowfullscreen\" data-mce-fragment=\"1\"><\/iframe><\/div>\n<\/div>\n<h2 class=\"font--primary font__display\">Sabrina Carpenter pos\u00f3 en topless y portaligas para la tapa de Rolling Stone<\/h2>\n<p class=\"paragraph font__body-regular\">Despu\u00e9s de\u00a0<b>lanzar su \u00faltimo single,<\/b>\u00a0Manschild, y de anunciar la portada de su nuevo \u00e1lbum, Sabrina Carpenter volvi\u00f3 a convertirse en el centro de las conversaciones en redes sociales por su reciente -y jugada- tapa\u00a0para la revista Rolling Stone.<\/p>\n<p class=\"paragraph font__body-regular\">Seg\u00fan public\u00f3\u00a0<i>TN Estilo<\/i>, con la sensualidad que la caracteriza, la nueva promesa del pop pos\u00f3 desnuda a excepci\u00f3n de un par de medias blancas al muslo con puntilla. Mientras que se llev\u00f3 las manos a los pechos para evitar la censura, luci\u00f3 extensiones de pelo que cubrieron su entrepierna.<\/p>\n<figure class=\"\" data-testid=\"figure-testid\">\n<div class=\"aspect_ratio__container\"><picture class=\"responsive-image\"><source srcset=\"https:\/\/tn.com.ar\/resizer\/v2\/sabrina-carpenter-en-body-y-medias-altas-foto-davidlachapelle-QZ6OLLYAAREK3MWSGCRACIQCJQ.jpg?auth=9676bfa155f7d3674e3fcf73b5583821e116b8857f09b7760c4b140d6ec964ac&amp;width=767\" type=\"image\/jpg\" media=\"(max-width: 728px)\" \/><source srcset=\"https:\/\/tn.com.ar\/resizer\/v2\/sabrina-carpenter-en-body-y-medias-altas-foto-davidlachapelle-QZ6OLLYAAREK3MWSGCRACIQCJQ.jpg?auth=9676bfa155f7d3674e3fcf73b5583821e116b8857f09b7760c4b140d6ec964ac&amp;width=1023\" type=\"image\/jpg\" media=\"(max-width: 1023px)\" \/><source srcset=\"https:\/\/tn.com.ar\/resizer\/v2\/sabrina-carpenter-en-body-y-medias-altas-foto-davidlachapelle-QZ6OLLYAAREK3MWSGCRACIQCJQ.jpg?auth=9676bfa155f7d3674e3fcf73b5583821e116b8857f09b7760c4b140d6ec964ac&amp;width=1440\" type=\"image\/jpg\" \/><img loading=\"lazy\" decoding=\"async\" class=\"image content-image image_placeholder\" src=\"https:\/\/tn.com.ar\/resizer\/v2\/sabrina-carpenter-en-body-y-medias-altas-foto-davidlachapelle-QZ6OLLYAAREK3MWSGCRACIQCJQ.jpg?auth=9676bfa155f7d3674e3fcf73b5583821e116b8857f09b7760c4b140d6ec964ac&amp;width=767\" alt=\"Sabrina Carpenter en body y medias altas. (Foto: @david_lachapelle)\" width=\"767\" height=\"614\" data-testid=\"loading-testid\" \/><\/picture><\/div><figcaption class=\"caption_image\" data-testid=\"figcaption-testid\">\n<div class=\"image_caption \">Sabrina Carpenter en body y medias altas. (Foto: @david_lachapelle)<\/div>\n<\/figcaption><\/figure>\n<p class=\"paragraph font__body-regular\">La portada, que corresponde a la edici\u00f3n de verano de junio y julio, tiene una est\u00e9tica retro y se titula \u201c<b>Sabrina, superstar<\/b>\u201d. El estilismo, en tanto<b>, se complet\u00f3 con un maquillaje teatral\u00a0<\/b>que incluy\u00f3 delineado debajo de los ojos, pesta\u00f1as muy arqueadas y abundante rubor. Un stiletto blanco en el piso y un narguile son los elementos que completaron el retrato.<\/p>\n<figure class=\"\" data-testid=\"figure-testid\">\n<div class=\"aspect_ratio__container\"><picture class=\"responsive-image\"><source srcset=\"https:\/\/tn.com.ar\/resizer\/v2\/la-audaz-tapa-de-sabrina-carpenter-para-rolling-stone-foto-davidlachapelle-4RJLP7B6OZHWHEIGLUPWKEWTGM.jpg?auth=3b121690a331ca6659380483547da16388a567b21df9921de273d8413e5aee17&amp;width=767\" type=\"image\/jpg\" media=\"(max-width: 728px)\" \/><source srcset=\"https:\/\/tn.com.ar\/resizer\/v2\/la-audaz-tapa-de-sabrina-carpenter-para-rolling-stone-foto-davidlachapelle-4RJLP7B6OZHWHEIGLUPWKEWTGM.jpg?auth=3b121690a331ca6659380483547da16388a567b21df9921de273d8413e5aee17&amp;width=1023\" type=\"image\/jpg\" media=\"(max-width: 1023px)\" \/><source srcset=\"https:\/\/tn.com.ar\/resizer\/v2\/la-audaz-tapa-de-sabrina-carpenter-para-rolling-stone-foto-davidlachapelle-4RJLP7B6OZHWHEIGLUPWKEWTGM.jpg?auth=3b121690a331ca6659380483547da16388a567b21df9921de273d8413e5aee17&amp;width=1440\" type=\"image\/jpg\" \/><img loading=\"lazy\" decoding=\"async\" class=\"image content-image image_placeholder\" src=\"https:\/\/tn.com.ar\/resizer\/v2\/la-audaz-tapa-de-sabrina-carpenter-para-rolling-stone-foto-davidlachapelle-4RJLP7B6OZHWHEIGLUPWKEWTGM.jpg?auth=3b121690a331ca6659380483547da16388a567b21df9921de273d8413e5aee17&amp;width=767\" alt=\"La audaz tapa de Sabrina Carpenter para Rolling Stone. (Foto: @david_lachapelle)\" width=\"767\" height=\"959\" data-testid=\"loading-testid\" \/><\/picture><\/div><figcaption class=\"caption_image\" data-testid=\"figcaption-testid\">\n<div class=\"image_caption \">La audaz tapa de Sabrina Carpenter para Rolling Stone. (Foto: @david_lachapelle)<\/div>\n<\/figcaption><\/figure>\n<p class=\"paragraph font__body-regular\">Como si esto fuera poco, el resto de la sesi\u00f3n de moda incluy\u00f3 otros looks de alto impacto fotografiados al aire libre en lo que parec\u00eda un bosque encantado. Entre ellos,\u00a0<b>un conjunto de lencer\u00eda celeste a cuadros con un vestido\u00a0<\/b>a juego que se vio por primera vez en el Victoria\u2019s Secret Fashion Show de 2010.<\/p>\n<\/div>\n<p><\/main><\/div>\n<aside class=\"col-right-rail right-rail\">\n<div id=\"parent-ad-slot-caja\" class=\"ad-container caja_ad \">\n<div class=\"ad-content\">\n<div id=\"ad-slot-caja\" class=\"ad-slot-caja ad-slot\" data-adtype=\"caja\" data-google-query-id=\"CLXOhLX2_o0DFVE8uQYdbN8BIw\"><\/div>\n<\/div>\n<\/div>\n<\/aside>\n","protected":false},"excerpt":{"rendered":"<p>La cantante cont\u00f3 que fue a un show en el cual no se pod\u00eda usar el tel\u00e9fono y experiment\u00f3 un gran momento. Sabrina Carpenter\u00a0analiza una idea que cada vez tiene m\u00e1s artistas est\u00e1n realizando: prohibir el uso de celulares en los conciertos. Seg\u00fan la cantante,\u00a0esta decisi\u00f3n molestar\u00e1 a sus fans.\u00a0En una entrevista con\u00a0Rolling Stones, la [&hellip;]<\/p>\n","protected":false},"author":1,"featured_media":2012,"comment_status":"open","ping_status":"open","sticky":false,"template":"","format":"standard","meta":{"rop_custom_images_group":[],"rop_custom_messages_group":[],"rop_publish_now":"initial","rop_publish_now_accounts":[],"rop_publish_now_history":[],"rop_publish_now_status":"pending","footnotes":"","jetpack_publicize_message":"","jetpack_publicize_feature_enabled":true,"jetpack_social_post_already_shared":true,"jetpack_social_options":{"image_generator_settings":{"template":"highway","enabled":false},"version":2}},"categories":[12],"tags":[],"class_list":{"0":"post-2009","1":"post","2":"type-post","3":"status-publish","4":"format-standard","5":"has-post-thumbnail","7":"category-espectaculos"},"jetpack_publicize_connections":[],"yoast_head":"<!-- This site is optimized with the Yoast SEO plugin v27.3 - https:\/\/yoast.com\/product\/yoast-seo-wordpress\/ -->\n<title>Sabrina Carpenter va a enojar a sus fans con esta decisi\u00f3n - CLAN ESPECTACULOS<\/title>\n<meta name=\"robots\" content=\"index, follow, max-snippet:-1, max-image-preview:large, max-video-preview:-1\" \/>\n<link rel=\"canonical\" href=\"https:\/\/radioclanfm.com\/clanespectaculos\/sabrina-carpenter-va-a-enojar-a-sus-fans-con-esta-decision\/\" \/>\n<meta property=\"og:locale\" content=\"es_ES\" \/>\n<meta property=\"og:type\" content=\"article\" \/>\n<meta property=\"og:title\" content=\"Sabrina Carpenter va a enojar a sus fans con esta decisi\u00f3n - CLAN ESPECTACULOS\" \/>\n<meta property=\"og:description\" content=\"La cantante cont\u00f3 que fue a un show en el cual no se pod\u00eda usar el tel\u00e9fono y experiment\u00f3 un gran momento. Sabrina Carpenter\u00a0analiza una idea que cada vez tiene m\u00e1s artistas est\u00e1n realizando: prohibir el uso de celulares en los conciertos. Seg\u00fan la cantante,\u00a0esta decisi\u00f3n molestar\u00e1 a sus fans.\u00a0En una entrevista con\u00a0Rolling Stones, la [&hellip;]\" \/>\n<meta property=\"og:url\" content=\"https:\/\/radioclanfm.com\/clanespectaculos\/sabrina-carpenter-va-a-enojar-a-sus-fans-con-esta-decision\/\" \/>\n<meta property=\"og:site_name\" content=\"CLAN ESPECTACULOS\" \/>\n<meta property=\"article:publisher\" content=\"https:\/\/www.facebook.com\/clanespectaculos\/\" \/>\n<meta property=\"article:published_time\" content=\"2025-06-20T02:13:53+00:00\" \/>\n<meta property=\"og:image\" content=\"https:\/\/radioclanfm.com\/clanespectaculos\/wp-content\/uploads\/sites\/2\/2025\/06\/NfoAzGEU.jpg\" \/>\n\t<meta property=\"og:image:width\" content=\"900\" \/>\n\t<meta property=\"og:image:height\" content=\"506\" \/>\n\t<meta property=\"og:image:type\" content=\"image\/jpeg\" \/>\n<meta name=\"author\" content=\"E-GRUPOCLAN\" \/>\n<meta name=\"twitter:card\" content=\"summary_large_image\" \/>\n<meta name=\"twitter:creator\" content=\"@clanespectok\" \/>\n<meta name=\"twitter:site\" content=\"@clanespectok\" \/>\n<meta name=\"twitter:label1\" content=\"Escrito por\" \/>\n\t<meta name=\"twitter:data1\" content=\"E-GRUPOCLAN\" \/>\n\t<meta name=\"twitter:label2\" content=\"Tiempo de lectura\" \/>\n\t<meta name=\"twitter:data2\" content=\"3 minutos\" \/>\n<script type=\"application\/ld+json\" class=\"yoast-schema-graph\">{\"@context\":\"https:\\\/\\\/schema.org\",\"@graph\":[{\"@type\":\"Article\",\"@id\":\"https:\\\/\\\/radioclanfm.com\\\/clanespectaculos\\\/sabrina-carpenter-va-a-enojar-a-sus-fans-con-esta-decision\\\/#article\",\"isPartOf\":{\"@id\":\"https:\\\/\\\/radioclanfm.com\\\/clanespectaculos\\\/sabrina-carpenter-va-a-enojar-a-sus-fans-con-esta-decision\\\/\"},\"author\":{\"name\":\"E-GRUPOCLAN\",\"@id\":\"https:\\\/\\\/radioclanfm.com\\\/clanespectaculos\\\/#\\\/schema\\\/person\\\/9734813083303230f3ad84d99171b20c\"},\"headline\":\"Sabrina Carpenter va a enojar a sus fans con esta decisi\u00f3n\",\"datePublished\":\"2025-06-20T02:13:53+00:00\",\"mainEntityOfPage\":{\"@id\":\"https:\\\/\\\/radioclanfm.com\\\/clanespectaculos\\\/sabrina-carpenter-va-a-enojar-a-sus-fans-con-esta-decision\\\/\"},\"wordCount\":567,\"commentCount\":0,\"publisher\":{\"@id\":\"https:\\\/\\\/radioclanfm.com\\\/clanespectaculos\\\/#organization\"},\"image\":{\"@id\":\"https:\\\/\\\/radioclanfm.com\\\/clanespectaculos\\\/sabrina-carpenter-va-a-enojar-a-sus-fans-con-esta-decision\\\/#primaryimage\"},\"thumbnailUrl\":\"https:\\\/\\\/radioclanfm.com\\\/clanespectaculos\\\/wp-content\\\/uploads\\\/sites\\\/2\\\/2025\\\/06\\\/NfoAzGEU.jpg\",\"articleSection\":[\"Espectaculos\"],\"inLanguage\":\"es-AR\",\"potentialAction\":[{\"@type\":\"CommentAction\",\"name\":\"Comment\",\"target\":[\"https:\\\/\\\/radioclanfm.com\\\/clanespectaculos\\\/sabrina-carpenter-va-a-enojar-a-sus-fans-con-esta-decision\\\/#respond\"]}]},{\"@type\":\"WebPage\",\"@id\":\"https:\\\/\\\/radioclanfm.com\\\/clanespectaculos\\\/sabrina-carpenter-va-a-enojar-a-sus-fans-con-esta-decision\\\/\",\"url\":\"https:\\\/\\\/radioclanfm.com\\\/clanespectaculos\\\/sabrina-carpenter-va-a-enojar-a-sus-fans-con-esta-decision\\\/\",\"name\":\"Sabrina Carpenter va a enojar a sus fans con esta decisi\u00f3n - CLAN ESPECTACULOS\",\"isPartOf\":{\"@id\":\"https:\\\/\\\/radioclanfm.com\\\/clanespectaculos\\\/#website\"},\"primaryImageOfPage\":{\"@id\":\"https:\\\/\\\/radioclanfm.com\\\/clanespectaculos\\\/sabrina-carpenter-va-a-enojar-a-sus-fans-con-esta-decision\\\/#primaryimage\"},\"image\":{\"@id\":\"https:\\\/\\\/radioclanfm.com\\\/clanespectaculos\\\/sabrina-carpenter-va-a-enojar-a-sus-fans-con-esta-decision\\\/#primaryimage\"},\"thumbnailUrl\":\"https:\\\/\\\/radioclanfm.com\\\/clanespectaculos\\\/wp-content\\\/uploads\\\/sites\\\/2\\\/2025\\\/06\\\/NfoAzGEU.jpg\",\"datePublished\":\"2025-06-20T02:13:53+00:00\",\"breadcrumb\":{\"@id\":\"https:\\\/\\\/radioclanfm.com\\\/clanespectaculos\\\/sabrina-carpenter-va-a-enojar-a-sus-fans-con-esta-decision\\\/#breadcrumb\"},\"inLanguage\":\"es-AR\",\"potentialAction\":[{\"@type\":\"ReadAction\",\"target\":[\"https:\\\/\\\/radioclanfm.com\\\/clanespectaculos\\\/sabrina-carpenter-va-a-enojar-a-sus-fans-con-esta-decision\\\/\"]}]},{\"@type\":\"ImageObject\",\"inLanguage\":\"es-AR\",\"@id\":\"https:\\\/\\\/radioclanfm.com\\\/clanespectaculos\\\/sabrina-carpenter-va-a-enojar-a-sus-fans-con-esta-decision\\\/#primaryimage\",\"url\":\"https:\\\/\\\/radioclanfm.com\\\/clanespectaculos\\\/wp-content\\\/uploads\\\/sites\\\/2\\\/2025\\\/06\\\/NfoAzGEU.jpg\",\"contentUrl\":\"https:\\\/\\\/radioclanfm.com\\\/clanespectaculos\\\/wp-content\\\/uploads\\\/sites\\\/2\\\/2025\\\/06\\\/NfoAzGEU.jpg\",\"width\":900,\"height\":506},{\"@type\":\"BreadcrumbList\",\"@id\":\"https:\\\/\\\/radioclanfm.com\\\/clanespectaculos\\\/sabrina-carpenter-va-a-enojar-a-sus-fans-con-esta-decision\\\/#breadcrumb\",\"itemListElement\":[{\"@type\":\"ListItem\",\"position\":1,\"name\":\"Inicio\",\"item\":\"https:\\\/\\\/radioclanfm.com\\\/clanespectaculos\\\/\"},{\"@type\":\"ListItem\",\"position\":2,\"name\":\"Sabrina Carpenter va a enojar a sus fans con esta decisi\u00f3n\"}]},{\"@type\":\"WebSite\",\"@id\":\"https:\\\/\\\/radioclanfm.com\\\/clanespectaculos\\\/#website\",\"url\":\"https:\\\/\\\/radioclanfm.com\\\/clanespectaculos\\\/\",\"name\":\"CLAN ESPECTACULOS\",\"description\":\"\",\"publisher\":{\"@id\":\"https:\\\/\\\/radioclanfm.com\\\/clanespectaculos\\\/#organization\"},\"potentialAction\":[{\"@type\":\"SearchAction\",\"target\":{\"@type\":\"EntryPoint\",\"urlTemplate\":\"https:\\\/\\\/radioclanfm.com\\\/clanespectaculos\\\/?s={search_term_string}\"},\"query-input\":{\"@type\":\"PropertyValueSpecification\",\"valueRequired\":true,\"valueName\":\"search_term_string\"}}],\"inLanguage\":\"es-AR\"},{\"@type\":\"Organization\",\"@id\":\"https:\\\/\\\/radioclanfm.com\\\/clanespectaculos\\\/#organization\",\"name\":\"CLAN ESPECTACULOS\",\"url\":\"https:\\\/\\\/radioclanfm.com\\\/clanespectaculos\\\/\",\"logo\":{\"@type\":\"ImageObject\",\"inLanguage\":\"es-AR\",\"@id\":\"https:\\\/\\\/radioclanfm.com\\\/clanespectaculos\\\/#\\\/schema\\\/logo\\\/image\\\/\",\"url\":\"https:\\\/\\\/radioclanfm.com\\\/clanespectaculos\\\/wp-content\\\/uploads\\\/sites\\\/2\\\/2026\\\/04\\\/ChatGPT-Image-23-mar-2026-10_09_00.png\",\"contentUrl\":\"https:\\\/\\\/radioclanfm.com\\\/clanespectaculos\\\/wp-content\\\/uploads\\\/sites\\\/2\\\/2026\\\/04\\\/ChatGPT-Image-23-mar-2026-10_09_00.png\",\"width\":1024,\"height\":1024,\"caption\":\"CLAN ESPECTACULOS\"},\"image\":{\"@id\":\"https:\\\/\\\/radioclanfm.com\\\/clanespectaculos\\\/#\\\/schema\\\/logo\\\/image\\\/\"},\"sameAs\":[\"https:\\\/\\\/www.facebook.com\\\/clanespectaculos\\\/\",\"https:\\\/\\\/x.com\\\/clanespectok\"]},{\"@type\":\"Person\",\"@id\":\"https:\\\/\\\/radioclanfm.com\\\/clanespectaculos\\\/#\\\/schema\\\/person\\\/9734813083303230f3ad84d99171b20c\",\"name\":\"E-GRUPOCLAN\",\"image\":{\"@type\":\"ImageObject\",\"inLanguage\":\"es-AR\",\"@id\":\"https:\\\/\\\/secure.gravatar.com\\\/avatar\\\/af6e19837c3d6a212034a48c7b3818d2ac1826f6025df0155da5a186ad321d79?s=96&d=mm&r=g\",\"url\":\"https:\\\/\\\/secure.gravatar.com\\\/avatar\\\/af6e19837c3d6a212034a48c7b3818d2ac1826f6025df0155da5a186ad321d79?s=96&d=mm&r=g\",\"contentUrl\":\"https:\\\/\\\/secure.gravatar.com\\\/avatar\\\/af6e19837c3d6a212034a48c7b3818d2ac1826f6025df0155da5a186ad321d79?s=96&d=mm&r=g\",\"caption\":\"E-GRUPOCLAN\"},\"sameAs\":[\"https:\\\/\\\/radioclanfm.com\"],\"url\":\"https:\\\/\\\/radioclanfm.com\\\/clanespectaculos\\\/author\\\/admin\\\/\"}]}<\/script>\n<!-- \/ Yoast SEO plugin. -->","yoast_head_json":{"title":"Sabrina Carpenter va a enojar a sus fans con esta decisi\u00f3n - CLAN ESPECTACULOS","robots":{"index":"index","follow":"follow","max-snippet":"max-snippet:-1","max-image-preview":"max-image-preview:large","max-video-preview":"max-video-preview:-1"},"canonical":"https:\/\/radioclanfm.com\/clanespectaculos\/sabrina-carpenter-va-a-enojar-a-sus-fans-con-esta-decision\/","og_locale":"es_ES","og_type":"article","og_title":"Sabrina Carpenter va a enojar a sus fans con esta decisi\u00f3n - CLAN ESPECTACULOS","og_description":"La cantante cont\u00f3 que fue a un show en el cual no se pod\u00eda usar el tel\u00e9fono y experiment\u00f3 un gran momento. Sabrina Carpenter\u00a0analiza una idea que cada vez tiene m\u00e1s artistas est\u00e1n realizando: prohibir el uso de celulares en los conciertos. Seg\u00fan la cantante,\u00a0esta decisi\u00f3n molestar\u00e1 a sus fans.\u00a0En una entrevista con\u00a0Rolling Stones, la [&hellip;]","og_url":"https:\/\/radioclanfm.com\/clanespectaculos\/sabrina-carpenter-va-a-enojar-a-sus-fans-con-esta-decision\/","og_site_name":"CLAN ESPECTACULOS","article_publisher":"https:\/\/www.facebook.com\/clanespectaculos\/","article_published_time":"2025-06-20T02:13:53+00:00","og_image":[{"width":900,"height":506,"url":"https:\/\/radioclanfm.com\/clanespectaculos\/wp-content\/uploads\/sites\/2\/2025\/06\/NfoAzGEU.jpg","type":"image\/jpeg"}],"author":"E-GRUPOCLAN","twitter_card":"summary_large_image","twitter_creator":"@clanespectok","twitter_site":"@clanespectok","twitter_misc":{"Escrito por":"E-GRUPOCLAN","Tiempo de lectura":"3 minutos"},"schema":{"@context":"https:\/\/schema.org","@graph":[{"@type":"Article","@id":"https:\/\/radioclanfm.com\/clanespectaculos\/sabrina-carpenter-va-a-enojar-a-sus-fans-con-esta-decision\/#article","isPartOf":{"@id":"https:\/\/radioclanfm.com\/clanespectaculos\/sabrina-carpenter-va-a-enojar-a-sus-fans-con-esta-decision\/"},"author":{"name":"E-GRUPOCLAN","@id":"https:\/\/radioclanfm.com\/clanespectaculos\/#\/schema\/person\/9734813083303230f3ad84d99171b20c"},"headline":"Sabrina Carpenter va a enojar a sus fans con esta decisi\u00f3n","datePublished":"2025-06-20T02:13:53+00:00","mainEntityOfPage":{"@id":"https:\/\/radioclanfm.com\/clanespectaculos\/sabrina-carpenter-va-a-enojar-a-sus-fans-con-esta-decision\/"},"wordCount":567,"commentCount":0,"publisher":{"@id":"https:\/\/radioclanfm.com\/clanespectaculos\/#organization"},"image":{"@id":"https:\/\/radioclanfm.com\/clanespectaculos\/sabrina-carpenter-va-a-enojar-a-sus-fans-con-esta-decision\/#primaryimage"},"thumbnailUrl":"https:\/\/radioclanfm.com\/clanespectaculos\/wp-content\/uploads\/sites\/2\/2025\/06\/NfoAzGEU.jpg","articleSection":["Espectaculos"],"inLanguage":"es-AR","potentialAction":[{"@type":"CommentAction","name":"Comment","target":["https:\/\/radioclanfm.com\/clanespectaculos\/sabrina-carpenter-va-a-enojar-a-sus-fans-con-esta-decision\/#respond"]}]},{"@type":"WebPage","@id":"https:\/\/radioclanfm.com\/clanespectaculos\/sabrina-carpenter-va-a-enojar-a-sus-fans-con-esta-decision\/","url":"https:\/\/radioclanfm.com\/clanespectaculos\/sabrina-carpenter-va-a-enojar-a-sus-fans-con-esta-decision\/","name":"Sabrina Carpenter va a enojar a sus fans con esta decisi\u00f3n - CLAN ESPECTACULOS","isPartOf":{"@id":"https:\/\/radioclanfm.com\/clanespectaculos\/#website"},"primaryImageOfPage":{"@id":"https:\/\/radioclanfm.com\/clanespectaculos\/sabrina-carpenter-va-a-enojar-a-sus-fans-con-esta-decision\/#primaryimage"},"image":{"@id":"https:\/\/radioclanfm.com\/clanespectaculos\/sabrina-carpenter-va-a-enojar-a-sus-fans-con-esta-decision\/#primaryimage"},"thumbnailUrl":"https:\/\/radioclanfm.com\/clanespectaculos\/wp-content\/uploads\/sites\/2\/2025\/06\/NfoAzGEU.jpg","datePublished":"2025-06-20T02:13:53+00:00","breadcrumb":{"@id":"https:\/\/radioclanfm.com\/clanespectaculos\/sabrina-carpenter-va-a-enojar-a-sus-fans-con-esta-decision\/#breadcrumb"},"inLanguage":"es-AR","potentialAction":[{"@type":"ReadAction","target":["https:\/\/radioclanfm.com\/clanespectaculos\/sabrina-carpenter-va-a-enojar-a-sus-fans-con-esta-decision\/"]}]},{"@type":"ImageObject","inLanguage":"es-AR","@id":"https:\/\/radioclanfm.com\/clanespectaculos\/sabrina-carpenter-va-a-enojar-a-sus-fans-con-esta-decision\/#primaryimage","url":"https:\/\/radioclanfm.com\/clanespectaculos\/wp-content\/uploads\/sites\/2\/2025\/06\/NfoAzGEU.jpg","contentUrl":"https:\/\/radioclanfm.com\/clanespectaculos\/wp-content\/uploads\/sites\/2\/2025\/06\/NfoAzGEU.jpg","width":900,"height":506},{"@type":"BreadcrumbList","@id":"https:\/\/radioclanfm.com\/clanespectaculos\/sabrina-carpenter-va-a-enojar-a-sus-fans-con-esta-decision\/#breadcrumb","itemListElement":[{"@type":"ListItem","position":1,"name":"Inicio","item":"https:\/\/radioclanfm.com\/clanespectaculos\/"},{"@type":"ListItem","position":2,"name":"Sabrina Carpenter va a enojar a sus fans con esta decisi\u00f3n"}]},{"@type":"WebSite","@id":"https:\/\/radioclanfm.com\/clanespectaculos\/#website","url":"https:\/\/radioclanfm.com\/clanespectaculos\/","name":"CLAN ESPECTACULOS","description":"","publisher":{"@id":"https:\/\/radioclanfm.com\/clanespectaculos\/#organization"},"potentialAction":[{"@type":"SearchAction","target":{"@type":"EntryPoint","urlTemplate":"https:\/\/radioclanfm.com\/clanespectaculos\/?s={search_term_string}"},"query-input":{"@type":"PropertyValueSpecification","valueRequired":true,"valueName":"search_term_string"}}],"inLanguage":"es-AR"},{"@type":"Organization","@id":"https:\/\/radioclanfm.com\/clanespectaculos\/#organization","name":"CLAN ESPECTACULOS","url":"https:\/\/radioclanfm.com\/clanespectaculos\/","logo":{"@type":"ImageObject","inLanguage":"es-AR","@id":"https:\/\/radioclanfm.com\/clanespectaculos\/#\/schema\/logo\/image\/","url":"https:\/\/radioclanfm.com\/clanespectaculos\/wp-content\/uploads\/sites\/2\/2026\/04\/ChatGPT-Image-23-mar-2026-10_09_00.png","contentUrl":"https:\/\/radioclanfm.com\/clanespectaculos\/wp-content\/uploads\/sites\/2\/2026\/04\/ChatGPT-Image-23-mar-2026-10_09_00.png","width":1024,"height":1024,"caption":"CLAN ESPECTACULOS"},"image":{"@id":"https:\/\/radioclanfm.com\/clanespectaculos\/#\/schema\/logo\/image\/"},"sameAs":["https:\/\/www.facebook.com\/clanespectaculos\/","https:\/\/x.com\/clanespectok"]},{"@type":"Person","@id":"https:\/\/radioclanfm.com\/clanespectaculos\/#\/schema\/person\/9734813083303230f3ad84d99171b20c","name":"E-GRUPOCLAN","image":{"@type":"ImageObject","inLanguage":"es-AR","@id":"https:\/\/secure.gravatar.com\/avatar\/af6e19837c3d6a212034a48c7b3818d2ac1826f6025df0155da5a186ad321d79?s=96&d=mm&r=g","url":"https:\/\/secure.gravatar.com\/avatar\/af6e19837c3d6a212034a48c7b3818d2ac1826f6025df0155da5a186ad321d79?s=96&d=mm&r=g","contentUrl":"https:\/\/secure.gravatar.com\/avatar\/af6e19837c3d6a212034a48c7b3818d2ac1826f6025df0155da5a186ad321d79?s=96&d=mm&r=g","caption":"E-GRUPOCLAN"},"sameAs":["https:\/\/radioclanfm.com"],"url":"https:\/\/radioclanfm.com\/clanespectaculos\/author\/admin\/"}]}},"_links":{"self":[{"href":"https:\/\/radioclanfm.com\/clanespectaculos\/wp-json\/wp\/v2\/posts\/2009","targetHints":{"allow":["GET"]}}],"collection":[{"href":"https:\/\/radioclanfm.com\/clanespectaculos\/wp-json\/wp\/v2\/posts"}],"about":[{"href":"https:\/\/radioclanfm.com\/clanespectaculos\/wp-json\/wp\/v2\/types\/post"}],"author":[{"embeddable":true,"href":"https:\/\/radioclanfm.com\/clanespectaculos\/wp-json\/wp\/v2\/users\/1"}],"replies":[{"embeddable":true,"href":"https:\/\/radioclanfm.com\/clanespectaculos\/wp-json\/wp\/v2\/comments?post=2009"}],"version-history":[{"count":1,"href":"https:\/\/radioclanfm.com\/clanespectaculos\/wp-json\/wp\/v2\/posts\/2009\/revisions"}],"predecessor-version":[{"id":2013,"href":"https:\/\/radioclanfm.com\/clanespectaculos\/wp-json\/wp\/v2\/posts\/2009\/revisions\/2013"}],"wp:featuredmedia":[{"embeddable":true,"href":"https:\/\/radioclanfm.com\/clanespectaculos\/wp-json\/wp\/v2\/media\/2012"}],"wp:attachment":[{"href":"https:\/\/radioclanfm.com\/clanespectaculos\/wp-json\/wp\/v2\/media?parent=2009"}],"wp:term":[{"taxonomy":"category","embeddable":true,"href":"https:\/\/radioclanfm.com\/clanespectaculos\/wp-json\/wp\/v2\/categories?post=2009"},{"taxonomy":"post_tag","embeddable":true,"href":"https:\/\/radioclanfm.com\/clanespectaculos\/wp-json\/wp\/v2\/tags?post=2009"}],"curies":[{"name":"wp","href":"https:\/\/api.w.org\/{rel}","templated":true}]}}