{"id":1979,"date":"2025-06-19T23:01:37","date_gmt":"2025-06-20T02:01:37","guid":{"rendered":"https:\/\/radioclanfm.com\/clanespectaculos\/?p=1979"},"modified":"2025-06-19T23:01:37","modified_gmt":"2025-06-20T02:01:37","slug":"se-viralizo-una-foto-de-alexis-mac-allister-y-camila-mayan-que-genero-una-ola-de-criticas-en-las-redes","status":"publish","type":"post","link":"https:\/\/radioclanfm.com\/clanespectaculos\/se-viralizo-una-foto-de-alexis-mac-allister-y-camila-mayan-que-genero-una-ola-de-criticas-en-las-redes\/","title":{"rendered":"Se viraliz\u00f3 una foto de Alexis Mac Allister y Camila Mayan que gener\u00f3 una ola de cr\u00edticas en las redes"},"content":{"rendered":"<p>Varios usuarios observaron un detalle que \u201canticipaba\u201d el final del romance. El deportista ahora ser\u00e1 padre con Ail\u00e9n Cova, su amiga de la adolescencia.<\/p>\n<div class=\"col-content\"><main class=\"col-content\"><\/p>\n<div class=\"default-article-color article__body article__article\">\n<p class=\"paragraph font__body-regular\"><b>Camila Mayan\u00a0<\/b>sigue en boca de todos por su conflicto legal con\u00a0<b>Alexis Mac Allister<\/b><b>.<\/b>\u00a0La Justicia le dio la espalda y la compensaci\u00f3n econ\u00f3mica que pidi\u00f3 habr\u00eda quedado en la nada. Este esc\u00e1ndalo desat\u00f3 un gran revuelo en las redes, donde varios usuarios encontraron una foto que \u201canticipaba\u201d lo que iba a pasar entre ellos.<\/p>\n<div class=\"AV67f93cf033780503b00636a7\">\n<div id=\"aniBox\">\n<div id=\"aniplayer_AV67f93cf033780503b00636a7-1750384841783\">\n<div id=\"aniplayer_AV67f93cf033780503b00636a7-1750384841783gui\">\n<div id=\"av-caption\">\n<div id=\"av-close-btn-overlay\" class=\"av-pos-top-left\"><\/div>\n<\/div>\n<\/div>\n<\/div>\n<\/div>\n<\/div>\n<div id=\"ad-slot-infeed\" class=\"infeed-container ad-slot-infeed ad-slot\" data-adtype=\"infeed\" data-google-query-id=\"CMu5ptXz_o0DFTiDYQYdzKsJyQ\">\n<div id=\"google_ads_iframe_\/113951150\/tn-arc\/nota\/infeed_0__container__\"><\/div>\n<\/div>\n<p class=\"paragraph font__body-regular\">La postal, viralizada en X, expone a la influencer d\u00e1ndole un beso en la boca,\u00a0<b>mientras que \u00e9l se encuentra apoyando contra un espejo y con los ojos abiertos.\u00a0<\/b>Este gesto cay\u00f3 bastante mal, ya que muchos lo tomaron como una prueba de gran desinter\u00e9s. Y aunque no hubo una fecha exacta del retrato, finalmente todo termin\u00f3 de la peor manera entre ellos.<\/p>\n<p class=\"paragraph font__body-regular\">Actualmente, Alexis vive en Inglaterra junto a Ail\u00e9n Cova, su amor de la adolescencia, con quien ser\u00e1 padre de una nena. La ruptura con Mayan se dio en diciembre de 2022, d\u00edas despu\u00e9s de haber ganador el Mundial en Qatar junto a la Selecci\u00f3n argentina.<\/p>\n<figure class=\"\" data-testid=\"figure-testid\">\n<div class=\"aspect_ratio__container\"><picture class=\"responsive-image\"><source srcset=\"https:\/\/tn.com.ar\/resizer\/v2\/alexis-mac-allister-y-camila-mayan-cuando-eran-novios-foto-xpqttexplorer-KYKK67XWAVDLDA2EXFNUMRMRKM.jpg?auth=9d310786e333533a50a49eaf8384dbed06723f1c5b6e530da320f008587e7e41&amp;width=767\" type=\"image\/jpg\" media=\"(max-width: 728px)\" \/><source srcset=\"https:\/\/tn.com.ar\/resizer\/v2\/alexis-mac-allister-y-camila-mayan-cuando-eran-novios-foto-xpqttexplorer-KYKK67XWAVDLDA2EXFNUMRMRKM.jpg?auth=9d310786e333533a50a49eaf8384dbed06723f1c5b6e530da320f008587e7e41&amp;width=1023\" type=\"image\/jpg\" media=\"(max-width: 1023px)\" \/><source srcset=\"https:\/\/tn.com.ar\/resizer\/v2\/alexis-mac-allister-y-camila-mayan-cuando-eran-novios-foto-xpqttexplorer-KYKK67XWAVDLDA2EXFNUMRMRKM.jpg?auth=9d310786e333533a50a49eaf8384dbed06723f1c5b6e530da320f008587e7e41&amp;width=1440\" type=\"image\/jpg\" \/><img loading=\"lazy\" decoding=\"async\" class=\"image content-image image_placeholder\" src=\"https:\/\/tn.com.ar\/resizer\/v2\/alexis-mac-allister-y-camila-mayan-cuando-eran-novios-foto-xpqttexplorer-KYKK67XWAVDLDA2EXFNUMRMRKM.jpg?auth=9d310786e333533a50a49eaf8384dbed06723f1c5b6e530da320f008587e7e41&amp;width=767\" alt=\"Alexis Mac Allister y Camila Mayan cuando eran novios. (Foto: X\/PqTTExplorer)\" width=\"767\" height=\"958\" data-testid=\"loading-testid\" \/><\/picture><\/div><figcaption class=\"caption_image\" data-testid=\"figcaption-testid\">\n<div class=\"image_caption \">Alexis Mac Allister y Camila Mayan cuando eran novios. (Foto: X\/PqTTExplorer)<\/div>\n<\/figcaption><\/figure>\n<h2 class=\"font--primary font__display\">La mam\u00e1 de Alexis Mac Allister defenestr\u00f3 a Camila Mayan<\/h2>\n<p class=\"paragraph font__body-regular\"><b>Camila Mayan<\/b><b>\u00a0est\u00e1 preocupada por el rev\u00e9s judicial que sufri\u00f3 de Alexis Mac Allister<\/b>, a quien le reclama una compensaci\u00f3n econ\u00f3mica por los cinco a\u00f1os que estuvieron juntos. En medio de la incertidumbre se meti\u00f3\u00a0<b>Silvina Riela<\/b>, la mam\u00e1 del deportista, que\u00a0<b>la hundi\u00f3 con una frase letal y muy fuerte.<\/b><\/p>\n<p class=\"paragraph font__body-regular\">\u201cEsto no es algo que nos de alegr\u00eda o que lo festejemos porque este resarcimiento nos parec\u00eda hasta il\u00f3gico porque lo que se est\u00e1 definiendo ahora es que la Argentina se declare incompetente para litigar en este caso\u201d, expuso la empresaria en di\u00e1logo con Juan Etchegoyen en\u00a0<i>Mitre Live.<\/i><\/p>\n<figure class=\"\" data-testid=\"figure-testid\">\n<div class=\"aspect_ratio__container\"><picture class=\"responsive-image\"><source srcset=\"https:\/\/tn.com.ar\/resizer\/v2\/camila-mayan-tenia-un-excelente-vinculo-con-silvina-riela-pero-todo-se-rompio-foto-instagramcamimayan-6MJSIWITSFAFJNEAYWJO4YACOA.jpg?auth=d072e7598eb2503d89a21367b1fc517cb23c1d1e281b756b16fc9b2eb78e9370&amp;width=767\" type=\"image\/jpg\" media=\"(max-width: 728px)\" \/><source srcset=\"https:\/\/tn.com.ar\/resizer\/v2\/camila-mayan-tenia-un-excelente-vinculo-con-silvina-riela-pero-todo-se-rompio-foto-instagramcamimayan-6MJSIWITSFAFJNEAYWJO4YACOA.jpg?auth=d072e7598eb2503d89a21367b1fc517cb23c1d1e281b756b16fc9b2eb78e9370&amp;width=1023\" type=\"image\/jpg\" media=\"(max-width: 1023px)\" \/><source srcset=\"https:\/\/tn.com.ar\/resizer\/v2\/camila-mayan-tenia-un-excelente-vinculo-con-silvina-riela-pero-todo-se-rompio-foto-instagramcamimayan-6MJSIWITSFAFJNEAYWJO4YACOA.jpg?auth=d072e7598eb2503d89a21367b1fc517cb23c1d1e281b756b16fc9b2eb78e9370&amp;width=1440\" type=\"image\/jpg\" \/><img loading=\"lazy\" decoding=\"async\" class=\"image content-image image_placeholder\" src=\"https:\/\/tn.com.ar\/resizer\/v2\/camila-mayan-tenia-un-excelente-vinculo-con-silvina-riela-pero-todo-se-rompio-foto-instagramcamimayan-6MJSIWITSFAFJNEAYWJO4YACOA.jpg?auth=d072e7598eb2503d89a21367b1fc517cb23c1d1e281b756b16fc9b2eb78e9370&amp;width=767\" alt=\"Camila Mayan ten\u00eda un excelente v\u00ednculo con Silvina Riela, pero todo se rompi\u00f3. (Foto: instagram\/camimayan)\" width=\"767\" height=\"430\" data-testid=\"loading-testid\" \/><\/picture><\/div><figcaption class=\"caption_image\" data-testid=\"figcaption-testid\">\n<div class=\"image_caption \">Camila Mayan ten\u00eda un excelente v\u00ednculo con Silvina Riela, pero todo se rompi\u00f3. (Foto: instagram\/camimayan)<\/div>\n<\/figcaption><\/figure>\n<p class=\"paragraph font__body-regular\">Por \u00faltimo, Riela hundi\u00f3 a Mayan: \u201cCuando esto empez\u00f3 la relaci\u00f3n con Camila estaba bastante fresca y cuando quiso volverse de Brighton yo la acompa\u00f1\u00e9 y la recib\u00ed y Alexis cumpli\u00f3 con el pedido de ella en su momento de ese resarcimiento econ\u00f3mico cuando no estaba obligado a hacerlo. Alexis confi\u00f3 en esa palabra y no ten\u00edamos esa mirada de ella.\u00a0<b>Ella encontr\u00f3 un lugar gracias a Alexis. Debiera haber una compensaci\u00f3n econ\u00f3mica para cuando la persona regresa al pa\u00eds y ella tuvo trabajo por ser la ex de mi hijo.\u00a0<\/b>No nos gust\u00f3 que hable de intimidades de Alexis en el stream\u201d, concluy\u00f3 en referencia a la nueva faceta de Camila como integrante del programa<i>Patria y Familia (Luzu TV).<\/i><\/p>\n<\/div>\n<p><\/main><\/div>\n<aside class=\"col-right-rail right-rail\">\n<div id=\"parent-ad-slot-caja\" class=\"ad-container caja_ad \">\n<div class=\"ad-content\">\n<div id=\"ad-slot-caja\" class=\"ad-slot-caja ad-slot\" data-adtype=\"caja\" data-google-query-id=\"COW_t9Tz_o0DFX88uQYdIZEKmQ\"><\/div>\n<\/div>\n<\/div>\n<\/aside>\n","protected":false},"excerpt":{"rendered":"<p>Varios usuarios observaron un detalle que \u201canticipaba\u201d el final del romance. El deportista ahora ser\u00e1 padre con Ail\u00e9n Cova, su amiga de la adolescencia. Camila Mayan\u00a0sigue en boca de todos por su conflicto legal con\u00a0Alexis Mac Allister.\u00a0La Justicia le dio la espalda y la compensaci\u00f3n econ\u00f3mica que pidi\u00f3 habr\u00eda quedado en la nada. Este esc\u00e1ndalo [&hellip;]<\/p>\n","protected":false},"author":1,"featured_media":1982,"comment_status":"open","ping_status":"open","sticky":false,"template":"","format":"standard","meta":{"rop_custom_images_group":[],"rop_custom_messages_group":[],"rop_publish_now":"initial","rop_publish_now_accounts":[],"rop_publish_now_history":[],"rop_publish_now_status":"pending","footnotes":"","jetpack_publicize_message":"","jetpack_publicize_feature_enabled":true,"jetpack_social_post_already_shared":true,"jetpack_social_options":{"image_generator_settings":{"template":"highway","enabled":false},"version":2}},"categories":[12],"tags":[],"class_list":{"0":"post-1979","1":"post","2":"type-post","3":"status-publish","4":"format-standard","5":"has-post-thumbnail","7":"category-espectaculos"},"jetpack_publicize_connections":[],"yoast_head":"<!-- This site is optimized with the Yoast SEO plugin v27.3 - https:\/\/yoast.com\/product\/yoast-seo-wordpress\/ -->\n<title>Se viraliz\u00f3 una foto de Alexis Mac Allister y Camila Mayan que gener\u00f3 una ola de cr\u00edticas en las redes - CLAN ESPECTACULOS<\/title>\n<meta name=\"robots\" content=\"index, follow, max-snippet:-1, max-image-preview:large, max-video-preview:-1\" \/>\n<link rel=\"canonical\" href=\"https:\/\/radioclanfm.com\/clanespectaculos\/se-viralizo-una-foto-de-alexis-mac-allister-y-camila-mayan-que-genero-una-ola-de-criticas-en-las-redes\/\" \/>\n<meta property=\"og:locale\" content=\"es_ES\" \/>\n<meta property=\"og:type\" content=\"article\" \/>\n<meta property=\"og:title\" content=\"Se viraliz\u00f3 una foto de Alexis Mac Allister y Camila Mayan que gener\u00f3 una ola de cr\u00edticas en las redes - CLAN ESPECTACULOS\" \/>\n<meta property=\"og:description\" content=\"Varios usuarios observaron un detalle que \u201canticipaba\u201d el final del romance. El deportista ahora ser\u00e1 padre con Ail\u00e9n Cova, su amiga de la adolescencia. Camila Mayan\u00a0sigue en boca de todos por su conflicto legal con\u00a0Alexis Mac Allister.\u00a0La Justicia le dio la espalda y la compensaci\u00f3n econ\u00f3mica que pidi\u00f3 habr\u00eda quedado en la nada. Este esc\u00e1ndalo [&hellip;]\" \/>\n<meta property=\"og:url\" content=\"https:\/\/radioclanfm.com\/clanespectaculos\/se-viralizo-una-foto-de-alexis-mac-allister-y-camila-mayan-que-genero-una-ola-de-criticas-en-las-redes\/\" \/>\n<meta property=\"og:site_name\" content=\"CLAN ESPECTACULOS\" \/>\n<meta property=\"article:publisher\" content=\"https:\/\/www.facebook.com\/clanespectaculos\/\" \/>\n<meta property=\"article:published_time\" content=\"2025-06-20T02:01:37+00:00\" \/>\n<meta property=\"og:image\" content=\"https:\/\/radioclanfm.com\/clanespectaculos\/wp-content\/uploads\/sites\/2\/2025\/06\/ISB-ZRbJ.jpg\" \/>\n\t<meta property=\"og:image:width\" content=\"900\" \/>\n\t<meta property=\"og:image:height\" content=\"504\" \/>\n\t<meta property=\"og:image:type\" content=\"image\/jpeg\" \/>\n<meta name=\"author\" content=\"E-GRUPOCLAN\" \/>\n<meta name=\"twitter:card\" content=\"summary_large_image\" \/>\n<meta name=\"twitter:creator\" content=\"@clanespectok\" \/>\n<meta name=\"twitter:site\" content=\"@clanespectok\" \/>\n<meta name=\"twitter:label1\" content=\"Escrito por\" \/>\n\t<meta name=\"twitter:data1\" content=\"E-GRUPOCLAN\" \/>\n\t<meta name=\"twitter:label2\" content=\"Tiempo de lectura\" \/>\n\t<meta name=\"twitter:data2\" content=\"2 minutos\" \/>\n<script type=\"application\/ld+json\" class=\"yoast-schema-graph\">{\"@context\":\"https:\\\/\\\/schema.org\",\"@graph\":[{\"@type\":\"Article\",\"@id\":\"https:\\\/\\\/radioclanfm.com\\\/clanespectaculos\\\/se-viralizo-una-foto-de-alexis-mac-allister-y-camila-mayan-que-genero-una-ola-de-criticas-en-las-redes\\\/#article\",\"isPartOf\":{\"@id\":\"https:\\\/\\\/radioclanfm.com\\\/clanespectaculos\\\/se-viralizo-una-foto-de-alexis-mac-allister-y-camila-mayan-que-genero-una-ola-de-criticas-en-las-redes\\\/\"},\"author\":{\"name\":\"E-GRUPOCLAN\",\"@id\":\"https:\\\/\\\/radioclanfm.com\\\/clanespectaculos\\\/#\\\/schema\\\/person\\\/9734813083303230f3ad84d99171b20c\"},\"headline\":\"Se viraliz\u00f3 una foto de Alexis Mac Allister y Camila Mayan que gener\u00f3 una ola de cr\u00edticas en las redes\",\"datePublished\":\"2025-06-20T02:01:37+00:00\",\"mainEntityOfPage\":{\"@id\":\"https:\\\/\\\/radioclanfm.com\\\/clanespectaculos\\\/se-viralizo-una-foto-de-alexis-mac-allister-y-camila-mayan-que-genero-una-ola-de-criticas-en-las-redes\\\/\"},\"wordCount\":493,\"commentCount\":0,\"publisher\":{\"@id\":\"https:\\\/\\\/radioclanfm.com\\\/clanespectaculos\\\/#organization\"},\"image\":{\"@id\":\"https:\\\/\\\/radioclanfm.com\\\/clanespectaculos\\\/se-viralizo-una-foto-de-alexis-mac-allister-y-camila-mayan-que-genero-una-ola-de-criticas-en-las-redes\\\/#primaryimage\"},\"thumbnailUrl\":\"https:\\\/\\\/radioclanfm.com\\\/clanespectaculos\\\/wp-content\\\/uploads\\\/sites\\\/2\\\/2025\\\/06\\\/ISB-ZRbJ.jpg\",\"articleSection\":[\"Espectaculos\"],\"inLanguage\":\"es-AR\",\"potentialAction\":[{\"@type\":\"CommentAction\",\"name\":\"Comment\",\"target\":[\"https:\\\/\\\/radioclanfm.com\\\/clanespectaculos\\\/se-viralizo-una-foto-de-alexis-mac-allister-y-camila-mayan-que-genero-una-ola-de-criticas-en-las-redes\\\/#respond\"]}]},{\"@type\":\"WebPage\",\"@id\":\"https:\\\/\\\/radioclanfm.com\\\/clanespectaculos\\\/se-viralizo-una-foto-de-alexis-mac-allister-y-camila-mayan-que-genero-una-ola-de-criticas-en-las-redes\\\/\",\"url\":\"https:\\\/\\\/radioclanfm.com\\\/clanespectaculos\\\/se-viralizo-una-foto-de-alexis-mac-allister-y-camila-mayan-que-genero-una-ola-de-criticas-en-las-redes\\\/\",\"name\":\"Se viraliz\u00f3 una foto de Alexis Mac Allister y Camila Mayan que gener\u00f3 una ola de cr\u00edticas en las redes - CLAN ESPECTACULOS\",\"isPartOf\":{\"@id\":\"https:\\\/\\\/radioclanfm.com\\\/clanespectaculos\\\/#website\"},\"primaryImageOfPage\":{\"@id\":\"https:\\\/\\\/radioclanfm.com\\\/clanespectaculos\\\/se-viralizo-una-foto-de-alexis-mac-allister-y-camila-mayan-que-genero-una-ola-de-criticas-en-las-redes\\\/#primaryimage\"},\"image\":{\"@id\":\"https:\\\/\\\/radioclanfm.com\\\/clanespectaculos\\\/se-viralizo-una-foto-de-alexis-mac-allister-y-camila-mayan-que-genero-una-ola-de-criticas-en-las-redes\\\/#primaryimage\"},\"thumbnailUrl\":\"https:\\\/\\\/radioclanfm.com\\\/clanespectaculos\\\/wp-content\\\/uploads\\\/sites\\\/2\\\/2025\\\/06\\\/ISB-ZRbJ.jpg\",\"datePublished\":\"2025-06-20T02:01:37+00:00\",\"breadcrumb\":{\"@id\":\"https:\\\/\\\/radioclanfm.com\\\/clanespectaculos\\\/se-viralizo-una-foto-de-alexis-mac-allister-y-camila-mayan-que-genero-una-ola-de-criticas-en-las-redes\\\/#breadcrumb\"},\"inLanguage\":\"es-AR\",\"potentialAction\":[{\"@type\":\"ReadAction\",\"target\":[\"https:\\\/\\\/radioclanfm.com\\\/clanespectaculos\\\/se-viralizo-una-foto-de-alexis-mac-allister-y-camila-mayan-que-genero-una-ola-de-criticas-en-las-redes\\\/\"]}]},{\"@type\":\"ImageObject\",\"inLanguage\":\"es-AR\",\"@id\":\"https:\\\/\\\/radioclanfm.com\\\/clanespectaculos\\\/se-viralizo-una-foto-de-alexis-mac-allister-y-camila-mayan-que-genero-una-ola-de-criticas-en-las-redes\\\/#primaryimage\",\"url\":\"https:\\\/\\\/radioclanfm.com\\\/clanespectaculos\\\/wp-content\\\/uploads\\\/sites\\\/2\\\/2025\\\/06\\\/ISB-ZRbJ.jpg\",\"contentUrl\":\"https:\\\/\\\/radioclanfm.com\\\/clanespectaculos\\\/wp-content\\\/uploads\\\/sites\\\/2\\\/2025\\\/06\\\/ISB-ZRbJ.jpg\",\"width\":900,\"height\":504},{\"@type\":\"BreadcrumbList\",\"@id\":\"https:\\\/\\\/radioclanfm.com\\\/clanespectaculos\\\/se-viralizo-una-foto-de-alexis-mac-allister-y-camila-mayan-que-genero-una-ola-de-criticas-en-las-redes\\\/#breadcrumb\",\"itemListElement\":[{\"@type\":\"ListItem\",\"position\":1,\"name\":\"Inicio\",\"item\":\"https:\\\/\\\/radioclanfm.com\\\/clanespectaculos\\\/\"},{\"@type\":\"ListItem\",\"position\":2,\"name\":\"Se viraliz\u00f3 una foto de Alexis Mac Allister y Camila Mayan que gener\u00f3 una ola de cr\u00edticas en las redes\"}]},{\"@type\":\"WebSite\",\"@id\":\"https:\\\/\\\/radioclanfm.com\\\/clanespectaculos\\\/#website\",\"url\":\"https:\\\/\\\/radioclanfm.com\\\/clanespectaculos\\\/\",\"name\":\"CLAN ESPECTACULOS\",\"description\":\"\",\"publisher\":{\"@id\":\"https:\\\/\\\/radioclanfm.com\\\/clanespectaculos\\\/#organization\"},\"potentialAction\":[{\"@type\":\"SearchAction\",\"target\":{\"@type\":\"EntryPoint\",\"urlTemplate\":\"https:\\\/\\\/radioclanfm.com\\\/clanespectaculos\\\/?s={search_term_string}\"},\"query-input\":{\"@type\":\"PropertyValueSpecification\",\"valueRequired\":true,\"valueName\":\"search_term_string\"}}],\"inLanguage\":\"es-AR\"},{\"@type\":\"Organization\",\"@id\":\"https:\\\/\\\/radioclanfm.com\\\/clanespectaculos\\\/#organization\",\"name\":\"CLAN ESPECTACULOS\",\"url\":\"https:\\\/\\\/radioclanfm.com\\\/clanespectaculos\\\/\",\"logo\":{\"@type\":\"ImageObject\",\"inLanguage\":\"es-AR\",\"@id\":\"https:\\\/\\\/radioclanfm.com\\\/clanespectaculos\\\/#\\\/schema\\\/logo\\\/image\\\/\",\"url\":\"https:\\\/\\\/radioclanfm.com\\\/clanespectaculos\\\/wp-content\\\/uploads\\\/sites\\\/2\\\/2026\\\/04\\\/ChatGPT-Image-23-mar-2026-10_09_00.png\",\"contentUrl\":\"https:\\\/\\\/radioclanfm.com\\\/clanespectaculos\\\/wp-content\\\/uploads\\\/sites\\\/2\\\/2026\\\/04\\\/ChatGPT-Image-23-mar-2026-10_09_00.png\",\"width\":1024,\"height\":1024,\"caption\":\"CLAN ESPECTACULOS\"},\"image\":{\"@id\":\"https:\\\/\\\/radioclanfm.com\\\/clanespectaculos\\\/#\\\/schema\\\/logo\\\/image\\\/\"},\"sameAs\":[\"https:\\\/\\\/www.facebook.com\\\/clanespectaculos\\\/\",\"https:\\\/\\\/x.com\\\/clanespectok\"]},{\"@type\":\"Person\",\"@id\":\"https:\\\/\\\/radioclanfm.com\\\/clanespectaculos\\\/#\\\/schema\\\/person\\\/9734813083303230f3ad84d99171b20c\",\"name\":\"E-GRUPOCLAN\",\"image\":{\"@type\":\"ImageObject\",\"inLanguage\":\"es-AR\",\"@id\":\"https:\\\/\\\/secure.gravatar.com\\\/avatar\\\/af6e19837c3d6a212034a48c7b3818d2ac1826f6025df0155da5a186ad321d79?s=96&d=mm&r=g\",\"url\":\"https:\\\/\\\/secure.gravatar.com\\\/avatar\\\/af6e19837c3d6a212034a48c7b3818d2ac1826f6025df0155da5a186ad321d79?s=96&d=mm&r=g\",\"contentUrl\":\"https:\\\/\\\/secure.gravatar.com\\\/avatar\\\/af6e19837c3d6a212034a48c7b3818d2ac1826f6025df0155da5a186ad321d79?s=96&d=mm&r=g\",\"caption\":\"E-GRUPOCLAN\"},\"sameAs\":[\"https:\\\/\\\/radioclanfm.com\"],\"url\":\"https:\\\/\\\/radioclanfm.com\\\/clanespectaculos\\\/author\\\/admin\\\/\"}]}<\/script>\n<!-- \/ Yoast SEO plugin. -->","yoast_head_json":{"title":"Se viraliz\u00f3 una foto de Alexis Mac Allister y Camila Mayan que gener\u00f3 una ola de cr\u00edticas en las redes - CLAN ESPECTACULOS","robots":{"index":"index","follow":"follow","max-snippet":"max-snippet:-1","max-image-preview":"max-image-preview:large","max-video-preview":"max-video-preview:-1"},"canonical":"https:\/\/radioclanfm.com\/clanespectaculos\/se-viralizo-una-foto-de-alexis-mac-allister-y-camila-mayan-que-genero-una-ola-de-criticas-en-las-redes\/","og_locale":"es_ES","og_type":"article","og_title":"Se viraliz\u00f3 una foto de Alexis Mac Allister y Camila Mayan que gener\u00f3 una ola de cr\u00edticas en las redes - CLAN ESPECTACULOS","og_description":"Varios usuarios observaron un detalle que \u201canticipaba\u201d el final del romance. El deportista ahora ser\u00e1 padre con Ail\u00e9n Cova, su amiga de la adolescencia. Camila Mayan\u00a0sigue en boca de todos por su conflicto legal con\u00a0Alexis Mac Allister.\u00a0La Justicia le dio la espalda y la compensaci\u00f3n econ\u00f3mica que pidi\u00f3 habr\u00eda quedado en la nada. Este esc\u00e1ndalo [&hellip;]","og_url":"https:\/\/radioclanfm.com\/clanespectaculos\/se-viralizo-una-foto-de-alexis-mac-allister-y-camila-mayan-que-genero-una-ola-de-criticas-en-las-redes\/","og_site_name":"CLAN ESPECTACULOS","article_publisher":"https:\/\/www.facebook.com\/clanespectaculos\/","article_published_time":"2025-06-20T02:01:37+00:00","og_image":[{"width":900,"height":504,"url":"https:\/\/radioclanfm.com\/clanespectaculos\/wp-content\/uploads\/sites\/2\/2025\/06\/ISB-ZRbJ.jpg","type":"image\/jpeg"}],"author":"E-GRUPOCLAN","twitter_card":"summary_large_image","twitter_creator":"@clanespectok","twitter_site":"@clanespectok","twitter_misc":{"Escrito por":"E-GRUPOCLAN","Tiempo de lectura":"2 minutos"},"schema":{"@context":"https:\/\/schema.org","@graph":[{"@type":"Article","@id":"https:\/\/radioclanfm.com\/clanespectaculos\/se-viralizo-una-foto-de-alexis-mac-allister-y-camila-mayan-que-genero-una-ola-de-criticas-en-las-redes\/#article","isPartOf":{"@id":"https:\/\/radioclanfm.com\/clanespectaculos\/se-viralizo-una-foto-de-alexis-mac-allister-y-camila-mayan-que-genero-una-ola-de-criticas-en-las-redes\/"},"author":{"name":"E-GRUPOCLAN","@id":"https:\/\/radioclanfm.com\/clanespectaculos\/#\/schema\/person\/9734813083303230f3ad84d99171b20c"},"headline":"Se viraliz\u00f3 una foto de Alexis Mac Allister y Camila Mayan que gener\u00f3 una ola de cr\u00edticas en las redes","datePublished":"2025-06-20T02:01:37+00:00","mainEntityOfPage":{"@id":"https:\/\/radioclanfm.com\/clanespectaculos\/se-viralizo-una-foto-de-alexis-mac-allister-y-camila-mayan-que-genero-una-ola-de-criticas-en-las-redes\/"},"wordCount":493,"commentCount":0,"publisher":{"@id":"https:\/\/radioclanfm.com\/clanespectaculos\/#organization"},"image":{"@id":"https:\/\/radioclanfm.com\/clanespectaculos\/se-viralizo-una-foto-de-alexis-mac-allister-y-camila-mayan-que-genero-una-ola-de-criticas-en-las-redes\/#primaryimage"},"thumbnailUrl":"https:\/\/radioclanfm.com\/clanespectaculos\/wp-content\/uploads\/sites\/2\/2025\/06\/ISB-ZRbJ.jpg","articleSection":["Espectaculos"],"inLanguage":"es-AR","potentialAction":[{"@type":"CommentAction","name":"Comment","target":["https:\/\/radioclanfm.com\/clanespectaculos\/se-viralizo-una-foto-de-alexis-mac-allister-y-camila-mayan-que-genero-una-ola-de-criticas-en-las-redes\/#respond"]}]},{"@type":"WebPage","@id":"https:\/\/radioclanfm.com\/clanespectaculos\/se-viralizo-una-foto-de-alexis-mac-allister-y-camila-mayan-que-genero-una-ola-de-criticas-en-las-redes\/","url":"https:\/\/radioclanfm.com\/clanespectaculos\/se-viralizo-una-foto-de-alexis-mac-allister-y-camila-mayan-que-genero-una-ola-de-criticas-en-las-redes\/","name":"Se viraliz\u00f3 una foto de Alexis Mac Allister y Camila Mayan que gener\u00f3 una ola de cr\u00edticas en las redes - CLAN ESPECTACULOS","isPartOf":{"@id":"https:\/\/radioclanfm.com\/clanespectaculos\/#website"},"primaryImageOfPage":{"@id":"https:\/\/radioclanfm.com\/clanespectaculos\/se-viralizo-una-foto-de-alexis-mac-allister-y-camila-mayan-que-genero-una-ola-de-criticas-en-las-redes\/#primaryimage"},"image":{"@id":"https:\/\/radioclanfm.com\/clanespectaculos\/se-viralizo-una-foto-de-alexis-mac-allister-y-camila-mayan-que-genero-una-ola-de-criticas-en-las-redes\/#primaryimage"},"thumbnailUrl":"https:\/\/radioclanfm.com\/clanespectaculos\/wp-content\/uploads\/sites\/2\/2025\/06\/ISB-ZRbJ.jpg","datePublished":"2025-06-20T02:01:37+00:00","breadcrumb":{"@id":"https:\/\/radioclanfm.com\/clanespectaculos\/se-viralizo-una-foto-de-alexis-mac-allister-y-camila-mayan-que-genero-una-ola-de-criticas-en-las-redes\/#breadcrumb"},"inLanguage":"es-AR","potentialAction":[{"@type":"ReadAction","target":["https:\/\/radioclanfm.com\/clanespectaculos\/se-viralizo-una-foto-de-alexis-mac-allister-y-camila-mayan-que-genero-una-ola-de-criticas-en-las-redes\/"]}]},{"@type":"ImageObject","inLanguage":"es-AR","@id":"https:\/\/radioclanfm.com\/clanespectaculos\/se-viralizo-una-foto-de-alexis-mac-allister-y-camila-mayan-que-genero-una-ola-de-criticas-en-las-redes\/#primaryimage","url":"https:\/\/radioclanfm.com\/clanespectaculos\/wp-content\/uploads\/sites\/2\/2025\/06\/ISB-ZRbJ.jpg","contentUrl":"https:\/\/radioclanfm.com\/clanespectaculos\/wp-content\/uploads\/sites\/2\/2025\/06\/ISB-ZRbJ.jpg","width":900,"height":504},{"@type":"BreadcrumbList","@id":"https:\/\/radioclanfm.com\/clanespectaculos\/se-viralizo-una-foto-de-alexis-mac-allister-y-camila-mayan-que-genero-una-ola-de-criticas-en-las-redes\/#breadcrumb","itemListElement":[{"@type":"ListItem","position":1,"name":"Inicio","item":"https:\/\/radioclanfm.com\/clanespectaculos\/"},{"@type":"ListItem","position":2,"name":"Se viraliz\u00f3 una foto de Alexis Mac Allister y Camila Mayan que gener\u00f3 una ola de cr\u00edticas en las redes"}]},{"@type":"WebSite","@id":"https:\/\/radioclanfm.com\/clanespectaculos\/#website","url":"https:\/\/radioclanfm.com\/clanespectaculos\/","name":"CLAN ESPECTACULOS","description":"","publisher":{"@id":"https:\/\/radioclanfm.com\/clanespectaculos\/#organization"},"potentialAction":[{"@type":"SearchAction","target":{"@type":"EntryPoint","urlTemplate":"https:\/\/radioclanfm.com\/clanespectaculos\/?s={search_term_string}"},"query-input":{"@type":"PropertyValueSpecification","valueRequired":true,"valueName":"search_term_string"}}],"inLanguage":"es-AR"},{"@type":"Organization","@id":"https:\/\/radioclanfm.com\/clanespectaculos\/#organization","name":"CLAN ESPECTACULOS","url":"https:\/\/radioclanfm.com\/clanespectaculos\/","logo":{"@type":"ImageObject","inLanguage":"es-AR","@id":"https:\/\/radioclanfm.com\/clanespectaculos\/#\/schema\/logo\/image\/","url":"https:\/\/radioclanfm.com\/clanespectaculos\/wp-content\/uploads\/sites\/2\/2026\/04\/ChatGPT-Image-23-mar-2026-10_09_00.png","contentUrl":"https:\/\/radioclanfm.com\/clanespectaculos\/wp-content\/uploads\/sites\/2\/2026\/04\/ChatGPT-Image-23-mar-2026-10_09_00.png","width":1024,"height":1024,"caption":"CLAN ESPECTACULOS"},"image":{"@id":"https:\/\/radioclanfm.com\/clanespectaculos\/#\/schema\/logo\/image\/"},"sameAs":["https:\/\/www.facebook.com\/clanespectaculos\/","https:\/\/x.com\/clanespectok"]},{"@type":"Person","@id":"https:\/\/radioclanfm.com\/clanespectaculos\/#\/schema\/person\/9734813083303230f3ad84d99171b20c","name":"E-GRUPOCLAN","image":{"@type":"ImageObject","inLanguage":"es-AR","@id":"https:\/\/secure.gravatar.com\/avatar\/af6e19837c3d6a212034a48c7b3818d2ac1826f6025df0155da5a186ad321d79?s=96&d=mm&r=g","url":"https:\/\/secure.gravatar.com\/avatar\/af6e19837c3d6a212034a48c7b3818d2ac1826f6025df0155da5a186ad321d79?s=96&d=mm&r=g","contentUrl":"https:\/\/secure.gravatar.com\/avatar\/af6e19837c3d6a212034a48c7b3818d2ac1826f6025df0155da5a186ad321d79?s=96&d=mm&r=g","caption":"E-GRUPOCLAN"},"sameAs":["https:\/\/radioclanfm.com"],"url":"https:\/\/radioclanfm.com\/clanespectaculos\/author\/admin\/"}]}},"_links":{"self":[{"href":"https:\/\/radioclanfm.com\/clanespectaculos\/wp-json\/wp\/v2\/posts\/1979","targetHints":{"allow":["GET"]}}],"collection":[{"href":"https:\/\/radioclanfm.com\/clanespectaculos\/wp-json\/wp\/v2\/posts"}],"about":[{"href":"https:\/\/radioclanfm.com\/clanespectaculos\/wp-json\/wp\/v2\/types\/post"}],"author":[{"embeddable":true,"href":"https:\/\/radioclanfm.com\/clanespectaculos\/wp-json\/wp\/v2\/users\/1"}],"replies":[{"embeddable":true,"href":"https:\/\/radioclanfm.com\/clanespectaculos\/wp-json\/wp\/v2\/comments?post=1979"}],"version-history":[{"count":1,"href":"https:\/\/radioclanfm.com\/clanespectaculos\/wp-json\/wp\/v2\/posts\/1979\/revisions"}],"predecessor-version":[{"id":1983,"href":"https:\/\/radioclanfm.com\/clanespectaculos\/wp-json\/wp\/v2\/posts\/1979\/revisions\/1983"}],"wp:featuredmedia":[{"embeddable":true,"href":"https:\/\/radioclanfm.com\/clanespectaculos\/wp-json\/wp\/v2\/media\/1982"}],"wp:attachment":[{"href":"https:\/\/radioclanfm.com\/clanespectaculos\/wp-json\/wp\/v2\/media?parent=1979"}],"wp:term":[{"taxonomy":"category","embeddable":true,"href":"https:\/\/radioclanfm.com\/clanespectaculos\/wp-json\/wp\/v2\/categories?post=1979"},{"taxonomy":"post_tag","embeddable":true,"href":"https:\/\/radioclanfm.com\/clanespectaculos\/wp-json\/wp\/v2\/tags?post=1979"}],"curies":[{"name":"wp","href":"https:\/\/api.w.org\/{rel}","templated":true}]}}