{"id":1969,"date":"2025-06-19T22:56:33","date_gmt":"2025-06-20T01:56:33","guid":{"rendered":"https:\/\/radioclanfm.com\/clanespectaculos\/?p=1969"},"modified":"2025-06-19T22:56:33","modified_gmt":"2025-06-20T01:56:33","slug":"selva-perez-consiguio-el-trabajo-de-sus-suenos-a-horas-de-su-salida-de-gran-hermano","status":"publish","type":"post","link":"https:\/\/radioclanfm.com\/clanespectaculos\/selva-perez-consiguio-el-trabajo-de-sus-suenos-a-horas-de-su-salida-de-gran-hermano\/","title":{"rendered":"Selva P\u00e9rez consigui\u00f3 el trabajo de sus sue\u00f1os a horas de su salida de Gran Hermano"},"content":{"rendered":"<p>La \u00faltima eliminada del reality sorprendi\u00f3 al anunciar cu\u00e1l ser\u00e1 su nueva fuente de ingresos.<\/p>\n<div class=\"col-content\"><main class=\"col-content\"><\/p>\n<div class=\"default-article-color article__body article__article\">\n<p class=\"paragraph font__body-regular\">Este mi\u00e9rcoles,\u00a0<b>Selva P\u00e9rez<\/b>\u00a0qued\u00f3 eliminada de\u00a0<i>Gran Hermano (Telefe)<\/i>. Pese a que el p\u00fablico decidi\u00f3 echarla a tan solo d\u00edas de la final,\u00a0<b>ya consigui\u00f3 el trabajo de sus sue\u00f1os y dej\u00f3 a todos en shock.<\/b><\/p>\n<div class=\"AV67f93cf033780503b00636a7\">\n<div id=\"aniBox\">\n<div id=\"aniplayer_AV67f93cf033780503b00636a7-1750384520660\">\n<div id=\"aniplayer_AV67f93cf033780503b00636a7-1750384520660gui\">\n<div id=\"av-caption\">\n<div id=\"av-close-btn-overlay\" class=\"av-pos-top-left\"><\/div>\n<\/div>\n<\/div>\n<\/div>\n<\/div>\n<\/div>\n<div id=\"ad-slot-infeed\" class=\"infeed-container ad-slot-infeed ad-slot\" data-adtype=\"infeed\" data-google-query-id=\"CKSI8rry_o0DFfdTuAQdp6ErbA\">\n<div id=\"google_ads_iframe_\/113951150\/tn-arc\/nota\/infeed_0__container__\"><\/div>\n<\/div>\n<p class=\"paragraph font__body-regular\">Fefe Bongiorno, panelista de\u00a0<i>LAM (Am\u00e9rica)<\/i>, y experto en el reality, cont\u00f3 en sus redes sociales que, a menos de 24 horas,\u00a0<b>la uruguaya anunci\u00f3 que va a tener su propio show en la calle Corrientes.<\/b><\/p>\n<p class=\"paragraph font__body-regular\">\u201c<b>Las fechas ser\u00e1n el mes que viene junto a su amigo, Pablo, en el Teatro Premier<\/b>\u201d, inform\u00f3 el influencer.<\/p>\n<figure class=\"\" data-testid=\"figure-testid\">\n<div class=\"aspect_ratio__container\"><picture class=\"responsive-image\"><source srcset=\"https:\/\/tn.com.ar\/resizer\/v2\/selva-perez-anuncio-su-show-en-calle-corrientes-foto-captura-instagramselvaperezpiotti-TSFPO4FWNNFEPLOEXT6SEM33O4.png?auth=0c18294f54806437bd0ff1c6ff3161b8662dc016f0e02e138b063507ce537582&amp;width=767\" type=\"image\/jpg\" media=\"(max-width: 728px)\" \/><source srcset=\"https:\/\/tn.com.ar\/resizer\/v2\/selva-perez-anuncio-su-show-en-calle-corrientes-foto-captura-instagramselvaperezpiotti-TSFPO4FWNNFEPLOEXT6SEM33O4.png?auth=0c18294f54806437bd0ff1c6ff3161b8662dc016f0e02e138b063507ce537582&amp;width=1023\" type=\"image\/jpg\" media=\"(max-width: 1023px)\" \/><source srcset=\"https:\/\/tn.com.ar\/resizer\/v2\/selva-perez-anuncio-su-show-en-calle-corrientes-foto-captura-instagramselvaperezpiotti-TSFPO4FWNNFEPLOEXT6SEM33O4.png?auth=0c18294f54806437bd0ff1c6ff3161b8662dc016f0e02e138b063507ce537582&amp;width=1440\" type=\"image\/jpg\" \/><img loading=\"lazy\" decoding=\"async\" class=\"image content-image image_placeholder\" src=\"https:\/\/tn.com.ar\/resizer\/v2\/selva-perez-anuncio-su-show-en-calle-corrientes-foto-captura-instagramselvaperezpiotti-TSFPO4FWNNFEPLOEXT6SEM33O4.png?auth=0c18294f54806437bd0ff1c6ff3161b8662dc016f0e02e138b063507ce537582&amp;width=767\" alt=\"Selva P\u00e9rez anunci\u00f3 su show en calle Corrientes (Foto: captura Instagram\/selvaperezpiotti)\" width=\"767\" height=\"1371\" data-testid=\"loading-testid\" \/><\/picture><\/div><figcaption class=\"caption_image\" data-testid=\"figcaption-testid\">\n<div class=\"image_caption \">Selva P\u00e9rez anunci\u00f3 su show en calle Corrientes (Foto: captura Instagram\/selvaperezpiotti)<\/div>\n<\/figcaption><\/figure>\n<p class=\"paragraph font__body-regular\">En su cuenta de Instagram, Selva public\u00f3 un banner de su espect\u00e1culo y escribi\u00f3: \u201c<b>Los espero pronto en calle Corrientes<\/b>\u201d.<\/p>\n<p class=\"paragraph font__body-regular\">\u201cIr a pagar para ver a una se\u00f1ora gritando desquiciada por una hora o m\u00e1s, no gracias\u201d, \u201c\u00bfDe verdad alguien va a pagar para ir a verla?\u201c y \u201dNi lenta ni perezosa, pero creo que la vio porque es el mejor momento despu\u00e9s se olvidan de vos y fuiste&#8221;, fueron algunos de los comentarios de los usuarios en las redes.<\/p>\n<h2 class=\"font--primary font__display\">Qui\u00e9n va a ganar \u201cGran Hermano\u201d, seg\u00fan Gast\u00f3n Trezeguet<\/h2>\n<p class=\"paragraph font__body-regular\">El martes 24 de junio ser\u00e1 la final de<b>\u00a0<\/b><i><b>Gran Hermano<\/b><\/i><i>\u00a0(Telefe)<\/i>\u00a0y\u00a0<b>Gast\u00f3n Trezeguet<\/b>, participante de la primera edici\u00f3n que se hizo en la Argentina,\u00a0<b>se anim\u00f3 a adelantar qui\u00e9n ser\u00e1 el ganador.<\/b><\/p>\n<p class=\"paragraph font__body-regular\">En una nueva entrega del streaming\u00a0<i>Se pic\u00f3<\/i>, el exconcursante de la primera temporada de\u00a0<i>Gran Hermano<\/i>\u00a0y actual panelista de\u00a0<i>El debate (Telefe)<\/i>\u00a0comparti\u00f3 c\u00f3mo se desarrollar\u00e1n los pr\u00f3ximos pasos del reality y revel\u00f3\u00a0<b>qui\u00e9n, a su parecer, se quedar\u00e1 con el triunfo en esta edici\u00f3n.<\/b><\/p>\n<p class=\"paragraph font__body-regular\">\u201cLo primero que va a pasar es que ma\u00f1ana-por ayer-se va\u00a0<b>Selva\u00a0<\/b>y quedan cuatro\u201d, comenz\u00f3 analizando. Acto seguido, explic\u00f3 qui\u00e9n quedar\u00e1 \u00faltima en esa final de cuatro: \u201cLa cuarta, lamentablemente y contra todos, contra todos los pron\u00f3sticos, es\u00a0<b>Eugenia<\/b>\u201d.<\/p>\n<figure class=\"\" data-testid=\"figure-testid\">\n<div class=\"aspect_ratio__container\"><picture class=\"responsive-image\"><source srcset=\"https:\/\/tn.com.ar\/resizer\/v2\/gaston-trezeguet-anticipo-quien-ganara-gran-hermano-foto-captura-telefe-SCP5JMGSXRAORGXCSSM3HKSHT4.jpg?auth=7467c9579f9dfc7f98bd1369daa0c023d04a2479a777d3fe2ed531df32df5cea&amp;width=767\" type=\"image\/jpg\" media=\"(max-width: 728px)\" \/><source srcset=\"https:\/\/tn.com.ar\/resizer\/v2\/gaston-trezeguet-anticipo-quien-ganara-gran-hermano-foto-captura-telefe-SCP5JMGSXRAORGXCSSM3HKSHT4.jpg?auth=7467c9579f9dfc7f98bd1369daa0c023d04a2479a777d3fe2ed531df32df5cea&amp;width=1023\" type=\"image\/jpg\" media=\"(max-width: 1023px)\" \/><source srcset=\"https:\/\/tn.com.ar\/resizer\/v2\/gaston-trezeguet-anticipo-quien-ganara-gran-hermano-foto-captura-telefe-SCP5JMGSXRAORGXCSSM3HKSHT4.jpg?auth=7467c9579f9dfc7f98bd1369daa0c023d04a2479a777d3fe2ed531df32df5cea&amp;width=1440\" type=\"image\/jpg\" \/><img loading=\"lazy\" decoding=\"async\" class=\"image content-image image_placeholder\" src=\"https:\/\/tn.com.ar\/resizer\/v2\/gaston-trezeguet-anticipo-quien-ganara-gran-hermano-foto-captura-telefe-SCP5JMGSXRAORGXCSSM3HKSHT4.jpg?auth=7467c9579f9dfc7f98bd1369daa0c023d04a2479a777d3fe2ed531df32df5cea&amp;width=767\" alt=\"Gast\u00f3n Trezeguet anticip\u00f3 qui\u00e9n ganar\u00e1 Gran Hermano (Foto: captura Telefe)\n\" width=\"767\" height=\"430\" data-testid=\"loading-testid\" \/><\/picture><\/div><figcaption class=\"caption_image\" data-testid=\"figcaption-testid\">\n<div class=\"image_caption \">Gast\u00f3n Trezeguet anticip\u00f3 qui\u00e9n ganar\u00e1 Gran Hermano (Foto: captura Telefe)<\/div>\n<\/figcaption><\/figure>\n<p class=\"paragraph font__body-regular\">Luego, hizo una predicci\u00f3n: \u201cAunque no me guste, se va Eugenia y quedan en la final del martes\u00a0<b>Luz<\/b>,\u00a0<b>Tato\u00a0<\/b>y\u00a0<b>Ulises&#8221;.<\/b><\/p>\n<p class=\"paragraph font__body-regular\">Finalmente, cont\u00f3 qui\u00e9n va a ganar y por qu\u00e9: \u201cEl que se va tercero es\u00a0<b>Tat\u00edn<\/b>. Y quedan en la final\u00a0<b>Ulises\u00a0<\/b>y\u00a0<b>Luz<\/b>.\u00a0<b>\u00a1Y lo gana Luz!<\/b>\u201c.<\/p>\n<p class=\"paragraph font__body-regular\">\u201cTatito y Lucecita son del mismo grupito tridentoso que cuando llega el fandom de un grupo despu\u00e9s ten\u00e9s que elegir, mi amor.\u00a0<b>No les gusta esta verdad a los Tatines<\/b>. No les gusta la verdad de que van a dividir votos. No les gusta a ellos pensar que solo gana uno de los dos\u201d, cerr\u00f3.<\/p>\n<\/div>\n<p><\/main><\/div>\n<aside class=\"col-right-rail right-rail\">\n<div id=\"parent-ad-slot-caja\" class=\"ad-container caja_ad \">\n<div class=\"ad-content\">\n<div id=\"ad-slot-caja\" class=\"ad-slot-caja ad-slot\" data-adtype=\"caja\" data-google-query-id=\"CKCOvbny_o0DFaFIuAQdkiE1hA\"><\/div>\n<\/div>\n<\/div>\n<\/aside>\n","protected":false},"excerpt":{"rendered":"<p>La \u00faltima eliminada del reality sorprendi\u00f3 al anunciar cu\u00e1l ser\u00e1 su nueva fuente de ingresos. Este mi\u00e9rcoles,\u00a0Selva P\u00e9rez\u00a0qued\u00f3 eliminada de\u00a0Gran Hermano (Telefe). Pese a que el p\u00fablico decidi\u00f3 echarla a tan solo d\u00edas de la final,\u00a0ya consigui\u00f3 el trabajo de sus sue\u00f1os y dej\u00f3 a todos en shock. Fefe Bongiorno, panelista de\u00a0LAM (Am\u00e9rica), y experto [&hellip;]<\/p>\n","protected":false},"author":1,"featured_media":1972,"comment_status":"open","ping_status":"open","sticky":false,"template":"","format":"standard","meta":{"rop_custom_images_group":[],"rop_custom_messages_group":[],"rop_publish_now":"initial","rop_publish_now_accounts":[],"rop_publish_now_history":[],"rop_publish_now_status":"pending","footnotes":"","jetpack_publicize_message":"","jetpack_publicize_feature_enabled":true,"jetpack_social_post_already_shared":true,"jetpack_social_options":{"image_generator_settings":{"template":"highway","enabled":false},"version":2}},"categories":[12],"tags":[],"class_list":{"0":"post-1969","1":"post","2":"type-post","3":"status-publish","4":"format-standard","5":"has-post-thumbnail","7":"category-espectaculos"},"jetpack_publicize_connections":[],"yoast_head":"<!-- This site is optimized with the Yoast SEO plugin v27.3 - https:\/\/yoast.com\/product\/yoast-seo-wordpress\/ -->\n<title>Selva P\u00e9rez consigui\u00f3 el trabajo de sus sue\u00f1os a horas de su salida de Gran Hermano - CLAN ESPECTACULOS<\/title>\n<meta name=\"robots\" content=\"index, follow, max-snippet:-1, max-image-preview:large, max-video-preview:-1\" \/>\n<link rel=\"canonical\" href=\"https:\/\/radioclanfm.com\/clanespectaculos\/selva-perez-consiguio-el-trabajo-de-sus-suenos-a-horas-de-su-salida-de-gran-hermano\/\" \/>\n<meta property=\"og:locale\" content=\"es_ES\" \/>\n<meta property=\"og:type\" content=\"article\" \/>\n<meta property=\"og:title\" content=\"Selva P\u00e9rez consigui\u00f3 el trabajo de sus sue\u00f1os a horas de su salida de Gran Hermano - CLAN ESPECTACULOS\" \/>\n<meta property=\"og:description\" content=\"La \u00faltima eliminada del reality sorprendi\u00f3 al anunciar cu\u00e1l ser\u00e1 su nueva fuente de ingresos. Este mi\u00e9rcoles,\u00a0Selva P\u00e9rez\u00a0qued\u00f3 eliminada de\u00a0Gran Hermano (Telefe). Pese a que el p\u00fablico decidi\u00f3 echarla a tan solo d\u00edas de la final,\u00a0ya consigui\u00f3 el trabajo de sus sue\u00f1os y dej\u00f3 a todos en shock. Fefe Bongiorno, panelista de\u00a0LAM (Am\u00e9rica), y experto [&hellip;]\" \/>\n<meta property=\"og:url\" content=\"https:\/\/radioclanfm.com\/clanespectaculos\/selva-perez-consiguio-el-trabajo-de-sus-suenos-a-horas-de-su-salida-de-gran-hermano\/\" \/>\n<meta property=\"og:site_name\" content=\"CLAN ESPECTACULOS\" \/>\n<meta property=\"article:publisher\" content=\"https:\/\/www.facebook.com\/clanespectaculos\/\" \/>\n<meta property=\"article:published_time\" content=\"2025-06-20T01:56:33+00:00\" \/>\n<meta property=\"og:image\" content=\"https:\/\/radioclanfm.com\/clanespectaculos\/wp-content\/uploads\/sites\/2\/2025\/06\/frSXjZzA.jpg\" \/>\n\t<meta property=\"og:image:width\" content=\"900\" \/>\n\t<meta property=\"og:image:height\" content=\"505\" \/>\n\t<meta property=\"og:image:type\" content=\"image\/jpeg\" \/>\n<meta name=\"author\" content=\"E-GRUPOCLAN\" \/>\n<meta name=\"twitter:card\" content=\"summary_large_image\" \/>\n<meta name=\"twitter:creator\" content=\"@clanespectok\" \/>\n<meta name=\"twitter:site\" content=\"@clanespectok\" \/>\n<meta name=\"twitter:label1\" content=\"Escrito por\" \/>\n\t<meta name=\"twitter:data1\" content=\"E-GRUPOCLAN\" \/>\n\t<meta name=\"twitter:label2\" content=\"Tiempo de lectura\" \/>\n\t<meta name=\"twitter:data2\" content=\"2 minutos\" \/>\n<script type=\"application\/ld+json\" class=\"yoast-schema-graph\">{\"@context\":\"https:\\\/\\\/schema.org\",\"@graph\":[{\"@type\":\"Article\",\"@id\":\"https:\\\/\\\/radioclanfm.com\\\/clanespectaculos\\\/selva-perez-consiguio-el-trabajo-de-sus-suenos-a-horas-de-su-salida-de-gran-hermano\\\/#article\",\"isPartOf\":{\"@id\":\"https:\\\/\\\/radioclanfm.com\\\/clanespectaculos\\\/selva-perez-consiguio-el-trabajo-de-sus-suenos-a-horas-de-su-salida-de-gran-hermano\\\/\"},\"author\":{\"name\":\"E-GRUPOCLAN\",\"@id\":\"https:\\\/\\\/radioclanfm.com\\\/clanespectaculos\\\/#\\\/schema\\\/person\\\/9734813083303230f3ad84d99171b20c\"},\"headline\":\"Selva P\u00e9rez consigui\u00f3 el trabajo de sus sue\u00f1os a horas de su salida de Gran Hermano\",\"datePublished\":\"2025-06-20T01:56:33+00:00\",\"mainEntityOfPage\":{\"@id\":\"https:\\\/\\\/radioclanfm.com\\\/clanespectaculos\\\/selva-perez-consiguio-el-trabajo-de-sus-suenos-a-horas-de-su-salida-de-gran-hermano\\\/\"},\"wordCount\":494,\"commentCount\":0,\"publisher\":{\"@id\":\"https:\\\/\\\/radioclanfm.com\\\/clanespectaculos\\\/#organization\"},\"image\":{\"@id\":\"https:\\\/\\\/radioclanfm.com\\\/clanespectaculos\\\/selva-perez-consiguio-el-trabajo-de-sus-suenos-a-horas-de-su-salida-de-gran-hermano\\\/#primaryimage\"},\"thumbnailUrl\":\"https:\\\/\\\/radioclanfm.com\\\/clanespectaculos\\\/wp-content\\\/uploads\\\/sites\\\/2\\\/2025\\\/06\\\/frSXjZzA.jpg\",\"articleSection\":[\"Espectaculos\"],\"inLanguage\":\"es-AR\",\"potentialAction\":[{\"@type\":\"CommentAction\",\"name\":\"Comment\",\"target\":[\"https:\\\/\\\/radioclanfm.com\\\/clanespectaculos\\\/selva-perez-consiguio-el-trabajo-de-sus-suenos-a-horas-de-su-salida-de-gran-hermano\\\/#respond\"]}]},{\"@type\":\"WebPage\",\"@id\":\"https:\\\/\\\/radioclanfm.com\\\/clanespectaculos\\\/selva-perez-consiguio-el-trabajo-de-sus-suenos-a-horas-de-su-salida-de-gran-hermano\\\/\",\"url\":\"https:\\\/\\\/radioclanfm.com\\\/clanespectaculos\\\/selva-perez-consiguio-el-trabajo-de-sus-suenos-a-horas-de-su-salida-de-gran-hermano\\\/\",\"name\":\"Selva P\u00e9rez consigui\u00f3 el trabajo de sus sue\u00f1os a horas de su salida de Gran Hermano - CLAN ESPECTACULOS\",\"isPartOf\":{\"@id\":\"https:\\\/\\\/radioclanfm.com\\\/clanespectaculos\\\/#website\"},\"primaryImageOfPage\":{\"@id\":\"https:\\\/\\\/radioclanfm.com\\\/clanespectaculos\\\/selva-perez-consiguio-el-trabajo-de-sus-suenos-a-horas-de-su-salida-de-gran-hermano\\\/#primaryimage\"},\"image\":{\"@id\":\"https:\\\/\\\/radioclanfm.com\\\/clanespectaculos\\\/selva-perez-consiguio-el-trabajo-de-sus-suenos-a-horas-de-su-salida-de-gran-hermano\\\/#primaryimage\"},\"thumbnailUrl\":\"https:\\\/\\\/radioclanfm.com\\\/clanespectaculos\\\/wp-content\\\/uploads\\\/sites\\\/2\\\/2025\\\/06\\\/frSXjZzA.jpg\",\"datePublished\":\"2025-06-20T01:56:33+00:00\",\"breadcrumb\":{\"@id\":\"https:\\\/\\\/radioclanfm.com\\\/clanespectaculos\\\/selva-perez-consiguio-el-trabajo-de-sus-suenos-a-horas-de-su-salida-de-gran-hermano\\\/#breadcrumb\"},\"inLanguage\":\"es-AR\",\"potentialAction\":[{\"@type\":\"ReadAction\",\"target\":[\"https:\\\/\\\/radioclanfm.com\\\/clanespectaculos\\\/selva-perez-consiguio-el-trabajo-de-sus-suenos-a-horas-de-su-salida-de-gran-hermano\\\/\"]}]},{\"@type\":\"ImageObject\",\"inLanguage\":\"es-AR\",\"@id\":\"https:\\\/\\\/radioclanfm.com\\\/clanespectaculos\\\/selva-perez-consiguio-el-trabajo-de-sus-suenos-a-horas-de-su-salida-de-gran-hermano\\\/#primaryimage\",\"url\":\"https:\\\/\\\/radioclanfm.com\\\/clanespectaculos\\\/wp-content\\\/uploads\\\/sites\\\/2\\\/2025\\\/06\\\/frSXjZzA.jpg\",\"contentUrl\":\"https:\\\/\\\/radioclanfm.com\\\/clanespectaculos\\\/wp-content\\\/uploads\\\/sites\\\/2\\\/2025\\\/06\\\/frSXjZzA.jpg\",\"width\":900,\"height\":505},{\"@type\":\"BreadcrumbList\",\"@id\":\"https:\\\/\\\/radioclanfm.com\\\/clanespectaculos\\\/selva-perez-consiguio-el-trabajo-de-sus-suenos-a-horas-de-su-salida-de-gran-hermano\\\/#breadcrumb\",\"itemListElement\":[{\"@type\":\"ListItem\",\"position\":1,\"name\":\"Inicio\",\"item\":\"https:\\\/\\\/radioclanfm.com\\\/clanespectaculos\\\/\"},{\"@type\":\"ListItem\",\"position\":2,\"name\":\"Selva P\u00e9rez consigui\u00f3 el trabajo de sus sue\u00f1os a horas de su salida de Gran Hermano\"}]},{\"@type\":\"WebSite\",\"@id\":\"https:\\\/\\\/radioclanfm.com\\\/clanespectaculos\\\/#website\",\"url\":\"https:\\\/\\\/radioclanfm.com\\\/clanespectaculos\\\/\",\"name\":\"CLAN ESPECTACULOS\",\"description\":\"\",\"publisher\":{\"@id\":\"https:\\\/\\\/radioclanfm.com\\\/clanespectaculos\\\/#organization\"},\"potentialAction\":[{\"@type\":\"SearchAction\",\"target\":{\"@type\":\"EntryPoint\",\"urlTemplate\":\"https:\\\/\\\/radioclanfm.com\\\/clanespectaculos\\\/?s={search_term_string}\"},\"query-input\":{\"@type\":\"PropertyValueSpecification\",\"valueRequired\":true,\"valueName\":\"search_term_string\"}}],\"inLanguage\":\"es-AR\"},{\"@type\":\"Organization\",\"@id\":\"https:\\\/\\\/radioclanfm.com\\\/clanespectaculos\\\/#organization\",\"name\":\"CLAN ESPECTACULOS\",\"url\":\"https:\\\/\\\/radioclanfm.com\\\/clanespectaculos\\\/\",\"logo\":{\"@type\":\"ImageObject\",\"inLanguage\":\"es-AR\",\"@id\":\"https:\\\/\\\/radioclanfm.com\\\/clanespectaculos\\\/#\\\/schema\\\/logo\\\/image\\\/\",\"url\":\"https:\\\/\\\/radioclanfm.com\\\/clanespectaculos\\\/wp-content\\\/uploads\\\/sites\\\/2\\\/2026\\\/04\\\/ChatGPT-Image-23-mar-2026-10_09_00.png\",\"contentUrl\":\"https:\\\/\\\/radioclanfm.com\\\/clanespectaculos\\\/wp-content\\\/uploads\\\/sites\\\/2\\\/2026\\\/04\\\/ChatGPT-Image-23-mar-2026-10_09_00.png\",\"width\":1024,\"height\":1024,\"caption\":\"CLAN ESPECTACULOS\"},\"image\":{\"@id\":\"https:\\\/\\\/radioclanfm.com\\\/clanespectaculos\\\/#\\\/schema\\\/logo\\\/image\\\/\"},\"sameAs\":[\"https:\\\/\\\/www.facebook.com\\\/clanespectaculos\\\/\",\"https:\\\/\\\/x.com\\\/clanespectok\"]},{\"@type\":\"Person\",\"@id\":\"https:\\\/\\\/radioclanfm.com\\\/clanespectaculos\\\/#\\\/schema\\\/person\\\/9734813083303230f3ad84d99171b20c\",\"name\":\"E-GRUPOCLAN\",\"image\":{\"@type\":\"ImageObject\",\"inLanguage\":\"es-AR\",\"@id\":\"https:\\\/\\\/secure.gravatar.com\\\/avatar\\\/af6e19837c3d6a212034a48c7b3818d2ac1826f6025df0155da5a186ad321d79?s=96&d=mm&r=g\",\"url\":\"https:\\\/\\\/secure.gravatar.com\\\/avatar\\\/af6e19837c3d6a212034a48c7b3818d2ac1826f6025df0155da5a186ad321d79?s=96&d=mm&r=g\",\"contentUrl\":\"https:\\\/\\\/secure.gravatar.com\\\/avatar\\\/af6e19837c3d6a212034a48c7b3818d2ac1826f6025df0155da5a186ad321d79?s=96&d=mm&r=g\",\"caption\":\"E-GRUPOCLAN\"},\"sameAs\":[\"https:\\\/\\\/radioclanfm.com\"],\"url\":\"https:\\\/\\\/radioclanfm.com\\\/clanespectaculos\\\/author\\\/admin\\\/\"}]}<\/script>\n<!-- \/ Yoast SEO plugin. -->","yoast_head_json":{"title":"Selva P\u00e9rez consigui\u00f3 el trabajo de sus sue\u00f1os a horas de su salida de Gran Hermano - CLAN ESPECTACULOS","robots":{"index":"index","follow":"follow","max-snippet":"max-snippet:-1","max-image-preview":"max-image-preview:large","max-video-preview":"max-video-preview:-1"},"canonical":"https:\/\/radioclanfm.com\/clanespectaculos\/selva-perez-consiguio-el-trabajo-de-sus-suenos-a-horas-de-su-salida-de-gran-hermano\/","og_locale":"es_ES","og_type":"article","og_title":"Selva P\u00e9rez consigui\u00f3 el trabajo de sus sue\u00f1os a horas de su salida de Gran Hermano - CLAN ESPECTACULOS","og_description":"La \u00faltima eliminada del reality sorprendi\u00f3 al anunciar cu\u00e1l ser\u00e1 su nueva fuente de ingresos. Este mi\u00e9rcoles,\u00a0Selva P\u00e9rez\u00a0qued\u00f3 eliminada de\u00a0Gran Hermano (Telefe). Pese a que el p\u00fablico decidi\u00f3 echarla a tan solo d\u00edas de la final,\u00a0ya consigui\u00f3 el trabajo de sus sue\u00f1os y dej\u00f3 a todos en shock. Fefe Bongiorno, panelista de\u00a0LAM (Am\u00e9rica), y experto [&hellip;]","og_url":"https:\/\/radioclanfm.com\/clanespectaculos\/selva-perez-consiguio-el-trabajo-de-sus-suenos-a-horas-de-su-salida-de-gran-hermano\/","og_site_name":"CLAN ESPECTACULOS","article_publisher":"https:\/\/www.facebook.com\/clanespectaculos\/","article_published_time":"2025-06-20T01:56:33+00:00","og_image":[{"width":900,"height":505,"url":"https:\/\/radioclanfm.com\/clanespectaculos\/wp-content\/uploads\/sites\/2\/2025\/06\/frSXjZzA.jpg","type":"image\/jpeg"}],"author":"E-GRUPOCLAN","twitter_card":"summary_large_image","twitter_creator":"@clanespectok","twitter_site":"@clanespectok","twitter_misc":{"Escrito por":"E-GRUPOCLAN","Tiempo de lectura":"2 minutos"},"schema":{"@context":"https:\/\/schema.org","@graph":[{"@type":"Article","@id":"https:\/\/radioclanfm.com\/clanespectaculos\/selva-perez-consiguio-el-trabajo-de-sus-suenos-a-horas-de-su-salida-de-gran-hermano\/#article","isPartOf":{"@id":"https:\/\/radioclanfm.com\/clanespectaculos\/selva-perez-consiguio-el-trabajo-de-sus-suenos-a-horas-de-su-salida-de-gran-hermano\/"},"author":{"name":"E-GRUPOCLAN","@id":"https:\/\/radioclanfm.com\/clanespectaculos\/#\/schema\/person\/9734813083303230f3ad84d99171b20c"},"headline":"Selva P\u00e9rez consigui\u00f3 el trabajo de sus sue\u00f1os a horas de su salida de Gran Hermano","datePublished":"2025-06-20T01:56:33+00:00","mainEntityOfPage":{"@id":"https:\/\/radioclanfm.com\/clanespectaculos\/selva-perez-consiguio-el-trabajo-de-sus-suenos-a-horas-de-su-salida-de-gran-hermano\/"},"wordCount":494,"commentCount":0,"publisher":{"@id":"https:\/\/radioclanfm.com\/clanespectaculos\/#organization"},"image":{"@id":"https:\/\/radioclanfm.com\/clanespectaculos\/selva-perez-consiguio-el-trabajo-de-sus-suenos-a-horas-de-su-salida-de-gran-hermano\/#primaryimage"},"thumbnailUrl":"https:\/\/radioclanfm.com\/clanespectaculos\/wp-content\/uploads\/sites\/2\/2025\/06\/frSXjZzA.jpg","articleSection":["Espectaculos"],"inLanguage":"es-AR","potentialAction":[{"@type":"CommentAction","name":"Comment","target":["https:\/\/radioclanfm.com\/clanespectaculos\/selva-perez-consiguio-el-trabajo-de-sus-suenos-a-horas-de-su-salida-de-gran-hermano\/#respond"]}]},{"@type":"WebPage","@id":"https:\/\/radioclanfm.com\/clanespectaculos\/selva-perez-consiguio-el-trabajo-de-sus-suenos-a-horas-de-su-salida-de-gran-hermano\/","url":"https:\/\/radioclanfm.com\/clanespectaculos\/selva-perez-consiguio-el-trabajo-de-sus-suenos-a-horas-de-su-salida-de-gran-hermano\/","name":"Selva P\u00e9rez consigui\u00f3 el trabajo de sus sue\u00f1os a horas de su salida de Gran Hermano - CLAN ESPECTACULOS","isPartOf":{"@id":"https:\/\/radioclanfm.com\/clanespectaculos\/#website"},"primaryImageOfPage":{"@id":"https:\/\/radioclanfm.com\/clanespectaculos\/selva-perez-consiguio-el-trabajo-de-sus-suenos-a-horas-de-su-salida-de-gran-hermano\/#primaryimage"},"image":{"@id":"https:\/\/radioclanfm.com\/clanespectaculos\/selva-perez-consiguio-el-trabajo-de-sus-suenos-a-horas-de-su-salida-de-gran-hermano\/#primaryimage"},"thumbnailUrl":"https:\/\/radioclanfm.com\/clanespectaculos\/wp-content\/uploads\/sites\/2\/2025\/06\/frSXjZzA.jpg","datePublished":"2025-06-20T01:56:33+00:00","breadcrumb":{"@id":"https:\/\/radioclanfm.com\/clanespectaculos\/selva-perez-consiguio-el-trabajo-de-sus-suenos-a-horas-de-su-salida-de-gran-hermano\/#breadcrumb"},"inLanguage":"es-AR","potentialAction":[{"@type":"ReadAction","target":["https:\/\/radioclanfm.com\/clanespectaculos\/selva-perez-consiguio-el-trabajo-de-sus-suenos-a-horas-de-su-salida-de-gran-hermano\/"]}]},{"@type":"ImageObject","inLanguage":"es-AR","@id":"https:\/\/radioclanfm.com\/clanespectaculos\/selva-perez-consiguio-el-trabajo-de-sus-suenos-a-horas-de-su-salida-de-gran-hermano\/#primaryimage","url":"https:\/\/radioclanfm.com\/clanespectaculos\/wp-content\/uploads\/sites\/2\/2025\/06\/frSXjZzA.jpg","contentUrl":"https:\/\/radioclanfm.com\/clanespectaculos\/wp-content\/uploads\/sites\/2\/2025\/06\/frSXjZzA.jpg","width":900,"height":505},{"@type":"BreadcrumbList","@id":"https:\/\/radioclanfm.com\/clanespectaculos\/selva-perez-consiguio-el-trabajo-de-sus-suenos-a-horas-de-su-salida-de-gran-hermano\/#breadcrumb","itemListElement":[{"@type":"ListItem","position":1,"name":"Inicio","item":"https:\/\/radioclanfm.com\/clanespectaculos\/"},{"@type":"ListItem","position":2,"name":"Selva P\u00e9rez consigui\u00f3 el trabajo de sus sue\u00f1os a horas de su salida de Gran Hermano"}]},{"@type":"WebSite","@id":"https:\/\/radioclanfm.com\/clanespectaculos\/#website","url":"https:\/\/radioclanfm.com\/clanespectaculos\/","name":"CLAN ESPECTACULOS","description":"","publisher":{"@id":"https:\/\/radioclanfm.com\/clanespectaculos\/#organization"},"potentialAction":[{"@type":"SearchAction","target":{"@type":"EntryPoint","urlTemplate":"https:\/\/radioclanfm.com\/clanespectaculos\/?s={search_term_string}"},"query-input":{"@type":"PropertyValueSpecification","valueRequired":true,"valueName":"search_term_string"}}],"inLanguage":"es-AR"},{"@type":"Organization","@id":"https:\/\/radioclanfm.com\/clanespectaculos\/#organization","name":"CLAN ESPECTACULOS","url":"https:\/\/radioclanfm.com\/clanespectaculos\/","logo":{"@type":"ImageObject","inLanguage":"es-AR","@id":"https:\/\/radioclanfm.com\/clanespectaculos\/#\/schema\/logo\/image\/","url":"https:\/\/radioclanfm.com\/clanespectaculos\/wp-content\/uploads\/sites\/2\/2026\/04\/ChatGPT-Image-23-mar-2026-10_09_00.png","contentUrl":"https:\/\/radioclanfm.com\/clanespectaculos\/wp-content\/uploads\/sites\/2\/2026\/04\/ChatGPT-Image-23-mar-2026-10_09_00.png","width":1024,"height":1024,"caption":"CLAN ESPECTACULOS"},"image":{"@id":"https:\/\/radioclanfm.com\/clanespectaculos\/#\/schema\/logo\/image\/"},"sameAs":["https:\/\/www.facebook.com\/clanespectaculos\/","https:\/\/x.com\/clanespectok"]},{"@type":"Person","@id":"https:\/\/radioclanfm.com\/clanespectaculos\/#\/schema\/person\/9734813083303230f3ad84d99171b20c","name":"E-GRUPOCLAN","image":{"@type":"ImageObject","inLanguage":"es-AR","@id":"https:\/\/secure.gravatar.com\/avatar\/af6e19837c3d6a212034a48c7b3818d2ac1826f6025df0155da5a186ad321d79?s=96&d=mm&r=g","url":"https:\/\/secure.gravatar.com\/avatar\/af6e19837c3d6a212034a48c7b3818d2ac1826f6025df0155da5a186ad321d79?s=96&d=mm&r=g","contentUrl":"https:\/\/secure.gravatar.com\/avatar\/af6e19837c3d6a212034a48c7b3818d2ac1826f6025df0155da5a186ad321d79?s=96&d=mm&r=g","caption":"E-GRUPOCLAN"},"sameAs":["https:\/\/radioclanfm.com"],"url":"https:\/\/radioclanfm.com\/clanespectaculos\/author\/admin\/"}]}},"_links":{"self":[{"href":"https:\/\/radioclanfm.com\/clanespectaculos\/wp-json\/wp\/v2\/posts\/1969","targetHints":{"allow":["GET"]}}],"collection":[{"href":"https:\/\/radioclanfm.com\/clanespectaculos\/wp-json\/wp\/v2\/posts"}],"about":[{"href":"https:\/\/radioclanfm.com\/clanespectaculos\/wp-json\/wp\/v2\/types\/post"}],"author":[{"embeddable":true,"href":"https:\/\/radioclanfm.com\/clanespectaculos\/wp-json\/wp\/v2\/users\/1"}],"replies":[{"embeddable":true,"href":"https:\/\/radioclanfm.com\/clanespectaculos\/wp-json\/wp\/v2\/comments?post=1969"}],"version-history":[{"count":1,"href":"https:\/\/radioclanfm.com\/clanespectaculos\/wp-json\/wp\/v2\/posts\/1969\/revisions"}],"predecessor-version":[{"id":1973,"href":"https:\/\/radioclanfm.com\/clanespectaculos\/wp-json\/wp\/v2\/posts\/1969\/revisions\/1973"}],"wp:featuredmedia":[{"embeddable":true,"href":"https:\/\/radioclanfm.com\/clanespectaculos\/wp-json\/wp\/v2\/media\/1972"}],"wp:attachment":[{"href":"https:\/\/radioclanfm.com\/clanespectaculos\/wp-json\/wp\/v2\/media?parent=1969"}],"wp:term":[{"taxonomy":"category","embeddable":true,"href":"https:\/\/radioclanfm.com\/clanespectaculos\/wp-json\/wp\/v2\/categories?post=1969"},{"taxonomy":"post_tag","embeddable":true,"href":"https:\/\/radioclanfm.com\/clanespectaculos\/wp-json\/wp\/v2\/tags?post=1969"}],"curies":[{"name":"wp","href":"https:\/\/api.w.org\/{rel}","templated":true}]}}