{"id":1893,"date":"2025-06-18T17:36:44","date_gmt":"2025-06-18T20:36:44","guid":{"rendered":"https:\/\/radioclanfm.com\/clanespectaculos\/?p=1893"},"modified":"2025-06-18T17:36:44","modified_gmt":"2025-06-18T20:36:44","slug":"la-carta-que-dario-barassi-le-escribio-a-su-hija-emilia-por-su-cumpleanos-me-das-la-mano-y-me-curas-el-alma","status":"publish","type":"post","link":"https:\/\/radioclanfm.com\/clanespectaculos\/la-carta-que-dario-barassi-le-escribio-a-su-hija-emilia-por-su-cumpleanos-me-das-la-mano-y-me-curas-el-alma\/","title":{"rendered":"La carta que Dar\u00edo Barassi le escribi\u00f3 a su hija Emilia por su cumplea\u00f1os: \u201cMe das la mano y me cur\u00e1s el alma\u201d"},"content":{"rendered":"<p>Entre an\u00e9cdotas y emociones, el conductor puso en palabras sus sentimientos por la mayor de las ni\u00f1as que tuvo con Luc\u00eda G\u00f3mez Centuri\u00f3n<\/p>\n<p class=\"paragraph\" data-mrf-recirculation=\"Links inline\">Seis a\u00f1os atr\u00e1s, la vida de\u00a0<b>Dar\u00edo Barassi\u00a0<\/b>dio un giro que lo transform\u00f3 para siempre: su primera hija llegaba al mundo para cambiar todo. En un nuevo cumplea\u00f1os de la peque\u00f1a Emilia le dedic\u00f3 unas emotivas palabras en su cuenta de Instagram, que resumen la monta\u00f1a rusa que significa ser padre y el amor que siente por ella.<\/p>\n<div class=\"news-module\" data-mrf-recirculation=\"IL_Ct0zZTd2RqSjHGMXsLzz7w\" data-testid=\"text-html\" data-mrf-experience=\"IL_Ct0zZTd2RqSjHGMXsLzz7w\">\n<div class=\"recommended-card__image-container\"><\/div>\n<\/div>\n<p class=\"paragraph\" data-mrf-recirculation=\"Links inline\">\u201cHace 6 a\u00f1os sucedi\u00f3 la magia. Lleg\u00f3 ELLA y el mundo se volvi\u00f3 un lugar espectacular. Con sus pesta\u00f1as eternas, su mirada que es un regalo y su voz dulce y potente conquist\u00f3 mi vida por completo\u201d, comienza la carta abierta que poste\u00f3 Barassi en su\u00a0<i>feed,\u00a0<\/i>junto a fotos que marcan a la perfecci\u00f3n el paso de los a\u00f1os, y agreg\u00f3 una aclaraci\u00f3n para su hija menor: \u201c<b>Emilia es mucho m\u00e1s que una hija que amo, es mi persona favorita en el mundo. (In\u00e9s Mar\u00eda no te pongas celosa, todo lo que escriba hoy tambi\u00e9n es para vos, pero no es tu cumple morocha. El 10\/8 soy todo tuyo)<\/b>\u201c.<\/p>\n<div class=\"inline ad-wrapper\">\n<div class=\"dfpAd ad-inline\"><\/div>\n<\/div>\n<p class=\"paragraph\" data-mrf-recirculation=\"Links inline\">Lejos de dar por terminado el mensaje, le sum\u00f3 todo lo que hace especial a su hija mayor: \u201c\u00bfPor qu\u00e9 favorita? Porque\u00a0<b>es espectacular, distinta y especial. Porque con un beso o con solo darme la mano me cura el alma, porque es compa\u00f1era y brillante, su cabeza vuela y sus emociones tambi\u00e9n. Tiene imaginaci\u00f3n de sobra, juega y es libre. Tiene risa contagiosa y cuando canta el mundo hace silencio para escucharla<\/b>\u201c. Esta definici\u00f3n, tan sencilla como emotiva, no termin\u00f3 all\u00ed, sino que continu\u00f3 haciendo oda de todo lo que es Mar\u00eda Emilia para \u00e9l.<\/p>\n<div class=\"news-module\" data-mrf-recirculation=\"IL_RjJ8XQ94SCCdND4VX9YvyQ\" data-testid=\"text-html\" data-mrf-experience=\"IL_RjJ8XQ94SCCdND4VX9YvyQ\">\n<div class=\"recommended-card__image-container\"><\/div>\n<\/div>\n<div class=\"visual__image\"><picture><source srcset=\"https:\/\/www.infobae.com\/resizer\/v2\/N2J2HI7LJJBPVE4S5FUPPAOW34.jpg?auth=99d284a3c86fa28d69adf8fa3928ff6924885fbad1d84795e4d24711ac6ce344&amp;smart=true&amp;width=992&amp;height=1323&amp;quality=85\" media=\"(min-width: 1000px)\" \/><source srcset=\"https:\/\/www.infobae.com\/resizer\/v2\/N2J2HI7LJJBPVE4S5FUPPAOW34.jpg?auth=99d284a3c86fa28d69adf8fa3928ff6924885fbad1d84795e4d24711ac6ce344&amp;smart=true&amp;width=768&amp;height=1024&amp;quality=85\" media=\"(min-width: 768px)\" \/><source srcset=\"https:\/\/www.infobae.com\/resizer\/v2\/N2J2HI7LJJBPVE4S5FUPPAOW34.jpg?auth=99d284a3c86fa28d69adf8fa3928ff6924885fbad1d84795e4d24711ac6ce344&amp;smart=true&amp;width=577&amp;height=769&amp;quality=85\" media=\"(min-width: 580px)\" \/><source srcset=\"https:\/\/www.infobae.com\/resizer\/v2\/N2J2HI7LJJBPVE4S5FUPPAOW34.jpg?auth=99d284a3c86fa28d69adf8fa3928ff6924885fbad1d84795e4d24711ac6ce344&amp;smart=true&amp;width=420&amp;height=560&amp;quality=85\" media=\"(min-width: 350px)\" \/><source srcset=\"https:\/\/www.infobae.com\/resizer\/v2\/N2J2HI7LJJBPVE4S5FUPPAOW34.jpg?auth=99d284a3c86fa28d69adf8fa3928ff6924885fbad1d84795e4d24711ac6ce344&amp;smart=true&amp;width=350&amp;height=467&amp;quality=85\" media=\"(min-width: 80px)\" \/><img loading=\"lazy\" decoding=\"async\" class=\"global-image\" src=\"https:\/\/www.infobae.com\/resizer\/v2\/N2J2HI7LJJBPVE4S5FUPPAOW34.jpg?auth=99d284a3c86fa28d69adf8fa3928ff6924885fbad1d84795e4d24711ac6ce344&amp;smart=true&amp;width=350&amp;height=467&amp;quality=85\" alt=\"&quot;Es mi persona favorita en\" width=\"1080\" height=\"1440\" \/><\/picture>&#8220;Es mi persona favorita en el mundo&#8221;, la declaraci\u00f3n de Barassi para su hija mayor<\/div>\n<div class=\"visual__image\"><picture><source srcset=\"https:\/\/www.infobae.com\/resizer\/v2\/53TOO544OBCXBKMFI53YF3RI2Q.jpg?auth=bcb4b777bfb7a7fea027e06044e79f9473aacc2ef610686680886c1c1d1ddade&amp;smart=true&amp;width=992&amp;height=1323&amp;quality=85\" media=\"(min-width: 1000px)\" \/><source srcset=\"https:\/\/www.infobae.com\/resizer\/v2\/53TOO544OBCXBKMFI53YF3RI2Q.jpg?auth=bcb4b777bfb7a7fea027e06044e79f9473aacc2ef610686680886c1c1d1ddade&amp;smart=true&amp;width=768&amp;height=1024&amp;quality=85\" media=\"(min-width: 768px)\" \/><source srcset=\"https:\/\/www.infobae.com\/resizer\/v2\/53TOO544OBCXBKMFI53YF3RI2Q.jpg?auth=bcb4b777bfb7a7fea027e06044e79f9473aacc2ef610686680886c1c1d1ddade&amp;smart=true&amp;width=577&amp;height=769&amp;quality=85\" media=\"(min-width: 580px)\" \/><source srcset=\"https:\/\/www.infobae.com\/resizer\/v2\/53TOO544OBCXBKMFI53YF3RI2Q.jpg?auth=bcb4b777bfb7a7fea027e06044e79f9473aacc2ef610686680886c1c1d1ddade&amp;smart=true&amp;width=420&amp;height=560&amp;quality=85\" media=\"(min-width: 350px)\" \/><source srcset=\"https:\/\/www.infobae.com\/resizer\/v2\/53TOO544OBCXBKMFI53YF3RI2Q.jpg?auth=bcb4b777bfb7a7fea027e06044e79f9473aacc2ef610686680886c1c1d1ddade&amp;smart=true&amp;width=350&amp;height=467&amp;quality=85\" media=\"(min-width: 80px)\" \/><img loading=\"lazy\" decoding=\"async\" class=\"global-image\" src=\"https:\/\/www.infobae.com\/resizer\/v2\/53TOO544OBCXBKMFI53YF3RI2Q.jpg?auth=bcb4b777bfb7a7fea027e06044e79f9473aacc2ef610686680886c1c1d1ddade&amp;smart=true&amp;width=350&amp;height=467&amp;quality=85\" alt=\"Dar\u00edo le declar\u00f3 todo su\" width=\"1080\" height=\"1440\" \/><\/picture>Dar\u00edo le declar\u00f3 todo su amor a Emilia en un posteo<\/div>\n<p class=\"paragraph\" data-mrf-recirculation=\"Links inline\">Y continu\u00f3 detallando algunas postales de la cotidianeidad: \u201c<b>Compa\u00f1era de desayunos tempraneros, caminatas y viajes. Amo escucharla y amo contarle cosas. Te clava esa mirada gigantesca e \u00edntima y uno se queda en ese lugar para siempre. Cuando estoy con vos medio que no necesito nada m\u00e1s, enana<\/b>\u201d. Y con toda la emotividad posible en un pap\u00e1 en el aniversario del nacimiento de su hija, sigui\u00f3: \u201cNo tiene dimensi\u00f3n lo que esta enana significa para m\u00ed.\u00a0<b>Me es imposible escribir este posteo, no se puede describir lo que siento por vos Pipi. Es inmenso, eterno, inalcanzable<\/b>. Desbloqueaste otro nivel de amor cuando llegaste y haces que eso crezca segundo a segundo.\u00a0<b>Qu\u00e9 afortunado soy de tenerte en mi vida<\/b>\u201c.<\/p>\n<div class=\"inline_2_DSK ad-wrapper ad-desktop\">\n<div class=\"dfpAd ad-inline\"><\/div>\n<\/div>\n<p class=\"paragraph\" data-mrf-recirculation=\"Links inline\">Luego puso en com\u00fan un recuerdo reciente con Emilia: \u201cAyer est\u00e1bamos los dos tirados en el sill\u00f3n, viendo el final de Mul\u00e1n. Pijama de polar vos, yo remera vieja y shorts cortados a mano. Tu cabeza en mi hombro. Yo ten\u00eda un plato con anan\u00e1.\u00a0<b>Me dijiste \u00b4comamos una vez cada uno para que sea justo. Yo te dije que ni en pedo que era mi postre\u00b4. Me miraste y me dijiste \u00b4\u00bfde verdad no me vas a compartir?\u00b4 Con media sonrisa y gui\u00f1o de ojo. No llegu\u00e9 a contestarte que ya te hab\u00edas clavado dos anan\u00e1s al hilo. Eso para m\u00ed es la felicidad<\/b>\u201c.<\/p>\n<div class=\"news-module\" data-mrf-recirculation=\"IL_wPVu_IE4S76a5Gsl0lX8mA\" data-testid=\"text-html\" data-mrf-experience=\"IL_wPVu_IE4S76a5Gsl0lX8mA\">\n<div class=\"recommended-card__image-container\"><\/div>\n<\/div>\n<p class=\"paragraph\" data-mrf-recirculation=\"Links inline\">Se acercaba el cierre, y el conductor de Ahora Caigo procur\u00f3 sintetizar lo que siente por la ni\u00f1a: \u201cEnana feliz cumplea\u00f1os. Te amo con locura. Te amo toda vos, en todas tus versiones. Te amo desde y para siempre. Mi china, mi enana, mi pip\u00ed, mi beb\u00e9.<b>\u00a0A soplar velitas y pedir deseos, que este gigante que te toc\u00f3 de padre har\u00e1 siempre lo posible para ayudarte a cumplirlos<\/b>\u201d.<\/p>\n<div class=\"visual__image\"><picture><source srcset=\"https:\/\/www.infobae.com\/resizer\/v2\/EDJCRA72ANAGNGJ6KWBAMGT5PQ.jpg?auth=32c0386d9d4f0c3eb5705850c0843e6f3d47a855431b736dc1f6104b4718371a&amp;smart=true&amp;width=992&amp;height=1323&amp;quality=85\" media=\"(min-width: 1000px)\" \/><source srcset=\"https:\/\/www.infobae.com\/resizer\/v2\/EDJCRA72ANAGNGJ6KWBAMGT5PQ.jpg?auth=32c0386d9d4f0c3eb5705850c0843e6f3d47a855431b736dc1f6104b4718371a&amp;smart=true&amp;width=768&amp;height=1024&amp;quality=85\" media=\"(min-width: 768px)\" \/><source srcset=\"https:\/\/www.infobae.com\/resizer\/v2\/EDJCRA72ANAGNGJ6KWBAMGT5PQ.jpg?auth=32c0386d9d4f0c3eb5705850c0843e6f3d47a855431b736dc1f6104b4718371a&amp;smart=true&amp;width=577&amp;height=769&amp;quality=85\" media=\"(min-width: 580px)\" \/><source srcset=\"https:\/\/www.infobae.com\/resizer\/v2\/EDJCRA72ANAGNGJ6KWBAMGT5PQ.jpg?auth=32c0386d9d4f0c3eb5705850c0843e6f3d47a855431b736dc1f6104b4718371a&amp;smart=true&amp;width=420&amp;height=560&amp;quality=85\" media=\"(min-width: 350px)\" \/><source srcset=\"https:\/\/www.infobae.com\/resizer\/v2\/EDJCRA72ANAGNGJ6KWBAMGT5PQ.jpg?auth=32c0386d9d4f0c3eb5705850c0843e6f3d47a855431b736dc1f6104b4718371a&amp;smart=true&amp;width=350&amp;height=467&amp;quality=85\" media=\"(min-width: 80px)\" \/><img loading=\"lazy\" decoding=\"async\" class=\"global-image\" src=\"https:\/\/www.infobae.com\/resizer\/v2\/EDJCRA72ANAGNGJ6KWBAMGT5PQ.jpg?auth=32c0386d9d4f0c3eb5705850c0843e6f3d47a855431b736dc1f6104b4718371a&amp;smart=true&amp;width=350&amp;height=467&amp;quality=85\" alt=\"Barassi eligi\u00f3 un carrete de\" width=\"1080\" height=\"1440\" \/><\/picture>Barassi eligi\u00f3 un carrete de fotos que marcan a la perfecci\u00f3n el paso del tiempo<\/div>\n<div class=\"visual__image\"><picture><source srcset=\"https:\/\/www.infobae.com\/resizer\/v2\/2QYO5WZX4VDE3GINTVOLCWZ2GA.jpg?auth=ebc2b07394d6806f6e42fba2b95edb6203ae2cbce56bb5f21265998975d74cc1&amp;smart=true&amp;width=992&amp;height=1323&amp;quality=85\" media=\"(min-width: 1000px)\" \/><source srcset=\"https:\/\/www.infobae.com\/resizer\/v2\/2QYO5WZX4VDE3GINTVOLCWZ2GA.jpg?auth=ebc2b07394d6806f6e42fba2b95edb6203ae2cbce56bb5f21265998975d74cc1&amp;smart=true&amp;width=768&amp;height=1024&amp;quality=85\" media=\"(min-width: 768px)\" \/><source srcset=\"https:\/\/www.infobae.com\/resizer\/v2\/2QYO5WZX4VDE3GINTVOLCWZ2GA.jpg?auth=ebc2b07394d6806f6e42fba2b95edb6203ae2cbce56bb5f21265998975d74cc1&amp;smart=true&amp;width=577&amp;height=769&amp;quality=85\" media=\"(min-width: 580px)\" \/><source srcset=\"https:\/\/www.infobae.com\/resizer\/v2\/2QYO5WZX4VDE3GINTVOLCWZ2GA.jpg?auth=ebc2b07394d6806f6e42fba2b95edb6203ae2cbce56bb5f21265998975d74cc1&amp;smart=true&amp;width=420&amp;height=560&amp;quality=85\" media=\"(min-width: 350px)\" \/><source srcset=\"https:\/\/www.infobae.com\/resizer\/v2\/2QYO5WZX4VDE3GINTVOLCWZ2GA.jpg?auth=ebc2b07394d6806f6e42fba2b95edb6203ae2cbce56bb5f21265998975d74cc1&amp;smart=true&amp;width=350&amp;height=467&amp;quality=85\" media=\"(min-width: 80px)\" \/><img loading=\"lazy\" decoding=\"async\" class=\"global-image\" src=\"https:\/\/www.infobae.com\/resizer\/v2\/2QYO5WZX4VDE3GINTVOLCWZ2GA.jpg?auth=ebc2b07394d6806f6e42fba2b95edb6203ae2cbce56bb5f21265998975d74cc1&amp;smart=true&amp;width=350&amp;height=467&amp;quality=85\" alt=\"&quot;Que la vida nos siga\" width=\"1080\" height=\"1440\" \/><\/picture>&#8220;Que la vida nos siga regalando desayunos&#8221;, la frase final que eligi\u00f3 Barassi (Foto: Instagram)<\/div>\n<p class=\"paragraph\" data-mrf-recirculation=\"Links inline\">\u201cDejo de escribir esto, as\u00ed voy a abrazarte y morderte los cachetes, aunque no quieras. Que la vida nos siga regalando desayunos, caminatas, pelis, viajes y sobre todo anan\u00e1s\u201d, cerr\u00f3 el conductor. Un texto extenso que se pobl\u00f3 enseguida de reacciones y comentarios que destacaron su ternura. Pero ni la cantidad de palabras ni la cantidad de reacciones son suficientes para definir el amor del padre por su hija.<\/p>\n<div class=\"second-saved-buttons\">\n<div class=\"body-share-note\"><\/div>\n<\/div>\n","protected":false},"excerpt":{"rendered":"<p>Entre an\u00e9cdotas y emociones, el conductor puso en palabras sus sentimientos por la mayor de las ni\u00f1as que tuvo con Luc\u00eda G\u00f3mez Centuri\u00f3n Seis a\u00f1os atr\u00e1s, la vida de\u00a0Dar\u00edo Barassi\u00a0dio un giro que lo transform\u00f3 para siempre: su primera hija llegaba al mundo para cambiar todo. En un nuevo cumplea\u00f1os de la peque\u00f1a Emilia le [&hellip;]<\/p>\n","protected":false},"author":1,"featured_media":1896,"comment_status":"open","ping_status":"open","sticky":false,"template":"","format":"standard","meta":{"rop_custom_images_group":[],"rop_custom_messages_group":[],"rop_publish_now":"initial","rop_publish_now_accounts":[],"rop_publish_now_history":[],"rop_publish_now_status":"pending","footnotes":"","jetpack_publicize_message":"","jetpack_publicize_feature_enabled":true,"jetpack_social_post_already_shared":true,"jetpack_social_options":{"image_generator_settings":{"template":"highway","enabled":false},"version":2}},"categories":[12],"tags":[],"class_list":{"0":"post-1893","1":"post","2":"type-post","3":"status-publish","4":"format-standard","5":"has-post-thumbnail","7":"category-espectaculos"},"jetpack_publicize_connections":[],"yoast_head":"<!-- This site is optimized with the Yoast SEO plugin v27.3 - https:\/\/yoast.com\/product\/yoast-seo-wordpress\/ -->\n<title>La carta que Dar\u00edo Barassi le escribi\u00f3 a su hija Emilia por su cumplea\u00f1os: \u201cMe das la mano y me cur\u00e1s el alma\u201d - CLAN ESPECTACULOS<\/title>\n<meta name=\"robots\" content=\"index, follow, max-snippet:-1, max-image-preview:large, max-video-preview:-1\" \/>\n<link rel=\"canonical\" href=\"https:\/\/radioclanfm.com\/clanespectaculos\/la-carta-que-dario-barassi-le-escribio-a-su-hija-emilia-por-su-cumpleanos-me-das-la-mano-y-me-curas-el-alma\/\" \/>\n<meta property=\"og:locale\" content=\"es_ES\" \/>\n<meta property=\"og:type\" content=\"article\" \/>\n<meta property=\"og:title\" content=\"La carta que Dar\u00edo Barassi le escribi\u00f3 a su hija Emilia por su cumplea\u00f1os: \u201cMe das la mano y me cur\u00e1s el alma\u201d - CLAN ESPECTACULOS\" \/>\n<meta property=\"og:description\" content=\"Entre an\u00e9cdotas y emociones, el conductor puso en palabras sus sentimientos por la mayor de las ni\u00f1as que tuvo con Luc\u00eda G\u00f3mez Centuri\u00f3n Seis a\u00f1os atr\u00e1s, la vida de\u00a0Dar\u00edo Barassi\u00a0dio un giro que lo transform\u00f3 para siempre: su primera hija llegaba al mundo para cambiar todo. En un nuevo cumplea\u00f1os de la peque\u00f1a Emilia le [&hellip;]\" \/>\n<meta property=\"og:url\" content=\"https:\/\/radioclanfm.com\/clanespectaculos\/la-carta-que-dario-barassi-le-escribio-a-su-hija-emilia-por-su-cumpleanos-me-das-la-mano-y-me-curas-el-alma\/\" \/>\n<meta property=\"og:site_name\" content=\"CLAN ESPECTACULOS\" \/>\n<meta property=\"article:publisher\" content=\"https:\/\/www.facebook.com\/clanespectaculos\/\" \/>\n<meta property=\"article:published_time\" content=\"2025-06-18T20:36:44+00:00\" \/>\n<meta property=\"og:image\" content=\"https:\/\/radioclanfm.com\/clanespectaculos\/wp-content\/uploads\/sites\/2\/2025\/06\/zDqU_GPv.jpg\" \/>\n\t<meta property=\"og:image:width\" content=\"900\" \/>\n\t<meta property=\"og:image:height\" content=\"450\" \/>\n\t<meta property=\"og:image:type\" content=\"image\/jpeg\" \/>\n<meta name=\"author\" content=\"E-GRUPOCLAN\" \/>\n<meta name=\"twitter:card\" content=\"summary_large_image\" \/>\n<meta name=\"twitter:creator\" content=\"@clanespectok\" \/>\n<meta name=\"twitter:site\" content=\"@clanespectok\" \/>\n<meta name=\"twitter:label1\" content=\"Escrito por\" \/>\n\t<meta name=\"twitter:data1\" content=\"E-GRUPOCLAN\" \/>\n\t<meta name=\"twitter:label2\" content=\"Tiempo de lectura\" \/>\n\t<meta name=\"twitter:data2\" content=\"4 minutos\" \/>\n<script type=\"application\/ld+json\" class=\"yoast-schema-graph\">{\"@context\":\"https:\\\/\\\/schema.org\",\"@graph\":[{\"@type\":\"Article\",\"@id\":\"https:\\\/\\\/radioclanfm.com\\\/clanespectaculos\\\/la-carta-que-dario-barassi-le-escribio-a-su-hija-emilia-por-su-cumpleanos-me-das-la-mano-y-me-curas-el-alma\\\/#article\",\"isPartOf\":{\"@id\":\"https:\\\/\\\/radioclanfm.com\\\/clanespectaculos\\\/la-carta-que-dario-barassi-le-escribio-a-su-hija-emilia-por-su-cumpleanos-me-das-la-mano-y-me-curas-el-alma\\\/\"},\"author\":{\"name\":\"E-GRUPOCLAN\",\"@id\":\"https:\\\/\\\/radioclanfm.com\\\/clanespectaculos\\\/#\\\/schema\\\/person\\\/9734813083303230f3ad84d99171b20c\"},\"headline\":\"La carta que Dar\u00edo Barassi le escribi\u00f3 a su hija Emilia por su cumplea\u00f1os: \u201cMe das la mano y me cur\u00e1s el alma\u201d\",\"datePublished\":\"2025-06-18T20:36:44+00:00\",\"mainEntityOfPage\":{\"@id\":\"https:\\\/\\\/radioclanfm.com\\\/clanespectaculos\\\/la-carta-que-dario-barassi-le-escribio-a-su-hija-emilia-por-su-cumpleanos-me-das-la-mano-y-me-curas-el-alma\\\/\"},\"wordCount\":772,\"commentCount\":0,\"publisher\":{\"@id\":\"https:\\\/\\\/radioclanfm.com\\\/clanespectaculos\\\/#organization\"},\"image\":{\"@id\":\"https:\\\/\\\/radioclanfm.com\\\/clanespectaculos\\\/la-carta-que-dario-barassi-le-escribio-a-su-hija-emilia-por-su-cumpleanos-me-das-la-mano-y-me-curas-el-alma\\\/#primaryimage\"},\"thumbnailUrl\":\"https:\\\/\\\/radioclanfm.com\\\/clanespectaculos\\\/wp-content\\\/uploads\\\/sites\\\/2\\\/2025\\\/06\\\/zDqU_GPv.jpg\",\"articleSection\":[\"Espectaculos\"],\"inLanguage\":\"es-AR\",\"potentialAction\":[{\"@type\":\"CommentAction\",\"name\":\"Comment\",\"target\":[\"https:\\\/\\\/radioclanfm.com\\\/clanespectaculos\\\/la-carta-que-dario-barassi-le-escribio-a-su-hija-emilia-por-su-cumpleanos-me-das-la-mano-y-me-curas-el-alma\\\/#respond\"]}]},{\"@type\":\"WebPage\",\"@id\":\"https:\\\/\\\/radioclanfm.com\\\/clanespectaculos\\\/la-carta-que-dario-barassi-le-escribio-a-su-hija-emilia-por-su-cumpleanos-me-das-la-mano-y-me-curas-el-alma\\\/\",\"url\":\"https:\\\/\\\/radioclanfm.com\\\/clanespectaculos\\\/la-carta-que-dario-barassi-le-escribio-a-su-hija-emilia-por-su-cumpleanos-me-das-la-mano-y-me-curas-el-alma\\\/\",\"name\":\"La carta que Dar\u00edo Barassi le escribi\u00f3 a su hija Emilia por su cumplea\u00f1os: \u201cMe das la mano y me cur\u00e1s el alma\u201d - CLAN ESPECTACULOS\",\"isPartOf\":{\"@id\":\"https:\\\/\\\/radioclanfm.com\\\/clanespectaculos\\\/#website\"},\"primaryImageOfPage\":{\"@id\":\"https:\\\/\\\/radioclanfm.com\\\/clanespectaculos\\\/la-carta-que-dario-barassi-le-escribio-a-su-hija-emilia-por-su-cumpleanos-me-das-la-mano-y-me-curas-el-alma\\\/#primaryimage\"},\"image\":{\"@id\":\"https:\\\/\\\/radioclanfm.com\\\/clanespectaculos\\\/la-carta-que-dario-barassi-le-escribio-a-su-hija-emilia-por-su-cumpleanos-me-das-la-mano-y-me-curas-el-alma\\\/#primaryimage\"},\"thumbnailUrl\":\"https:\\\/\\\/radioclanfm.com\\\/clanespectaculos\\\/wp-content\\\/uploads\\\/sites\\\/2\\\/2025\\\/06\\\/zDqU_GPv.jpg\",\"datePublished\":\"2025-06-18T20:36:44+00:00\",\"breadcrumb\":{\"@id\":\"https:\\\/\\\/radioclanfm.com\\\/clanespectaculos\\\/la-carta-que-dario-barassi-le-escribio-a-su-hija-emilia-por-su-cumpleanos-me-das-la-mano-y-me-curas-el-alma\\\/#breadcrumb\"},\"inLanguage\":\"es-AR\",\"potentialAction\":[{\"@type\":\"ReadAction\",\"target\":[\"https:\\\/\\\/radioclanfm.com\\\/clanespectaculos\\\/la-carta-que-dario-barassi-le-escribio-a-su-hija-emilia-por-su-cumpleanos-me-das-la-mano-y-me-curas-el-alma\\\/\"]}]},{\"@type\":\"ImageObject\",\"inLanguage\":\"es-AR\",\"@id\":\"https:\\\/\\\/radioclanfm.com\\\/clanespectaculos\\\/la-carta-que-dario-barassi-le-escribio-a-su-hija-emilia-por-su-cumpleanos-me-das-la-mano-y-me-curas-el-alma\\\/#primaryimage\",\"url\":\"https:\\\/\\\/radioclanfm.com\\\/clanespectaculos\\\/wp-content\\\/uploads\\\/sites\\\/2\\\/2025\\\/06\\\/zDqU_GPv.jpg\",\"contentUrl\":\"https:\\\/\\\/radioclanfm.com\\\/clanespectaculos\\\/wp-content\\\/uploads\\\/sites\\\/2\\\/2025\\\/06\\\/zDqU_GPv.jpg\",\"width\":900,\"height\":450},{\"@type\":\"BreadcrumbList\",\"@id\":\"https:\\\/\\\/radioclanfm.com\\\/clanespectaculos\\\/la-carta-que-dario-barassi-le-escribio-a-su-hija-emilia-por-su-cumpleanos-me-das-la-mano-y-me-curas-el-alma\\\/#breadcrumb\",\"itemListElement\":[{\"@type\":\"ListItem\",\"position\":1,\"name\":\"Inicio\",\"item\":\"https:\\\/\\\/radioclanfm.com\\\/clanespectaculos\\\/\"},{\"@type\":\"ListItem\",\"position\":2,\"name\":\"La carta que Dar\u00edo Barassi le escribi\u00f3 a su hija Emilia por su cumplea\u00f1os: \u201cMe das la mano y me cur\u00e1s el alma\u201d\"}]},{\"@type\":\"WebSite\",\"@id\":\"https:\\\/\\\/radioclanfm.com\\\/clanespectaculos\\\/#website\",\"url\":\"https:\\\/\\\/radioclanfm.com\\\/clanespectaculos\\\/\",\"name\":\"CLAN ESPECTACULOS\",\"description\":\"\",\"publisher\":{\"@id\":\"https:\\\/\\\/radioclanfm.com\\\/clanespectaculos\\\/#organization\"},\"potentialAction\":[{\"@type\":\"SearchAction\",\"target\":{\"@type\":\"EntryPoint\",\"urlTemplate\":\"https:\\\/\\\/radioclanfm.com\\\/clanespectaculos\\\/?s={search_term_string}\"},\"query-input\":{\"@type\":\"PropertyValueSpecification\",\"valueRequired\":true,\"valueName\":\"search_term_string\"}}],\"inLanguage\":\"es-AR\"},{\"@type\":\"Organization\",\"@id\":\"https:\\\/\\\/radioclanfm.com\\\/clanespectaculos\\\/#organization\",\"name\":\"CLAN ESPECTACULOS\",\"url\":\"https:\\\/\\\/radioclanfm.com\\\/clanespectaculos\\\/\",\"logo\":{\"@type\":\"ImageObject\",\"inLanguage\":\"es-AR\",\"@id\":\"https:\\\/\\\/radioclanfm.com\\\/clanespectaculos\\\/#\\\/schema\\\/logo\\\/image\\\/\",\"url\":\"https:\\\/\\\/radioclanfm.com\\\/clanespectaculos\\\/wp-content\\\/uploads\\\/sites\\\/2\\\/2026\\\/04\\\/ChatGPT-Image-23-mar-2026-10_09_00.png\",\"contentUrl\":\"https:\\\/\\\/radioclanfm.com\\\/clanespectaculos\\\/wp-content\\\/uploads\\\/sites\\\/2\\\/2026\\\/04\\\/ChatGPT-Image-23-mar-2026-10_09_00.png\",\"width\":1024,\"height\":1024,\"caption\":\"CLAN ESPECTACULOS\"},\"image\":{\"@id\":\"https:\\\/\\\/radioclanfm.com\\\/clanespectaculos\\\/#\\\/schema\\\/logo\\\/image\\\/\"},\"sameAs\":[\"https:\\\/\\\/www.facebook.com\\\/clanespectaculos\\\/\",\"https:\\\/\\\/x.com\\\/clanespectok\"]},{\"@type\":\"Person\",\"@id\":\"https:\\\/\\\/radioclanfm.com\\\/clanespectaculos\\\/#\\\/schema\\\/person\\\/9734813083303230f3ad84d99171b20c\",\"name\":\"E-GRUPOCLAN\",\"image\":{\"@type\":\"ImageObject\",\"inLanguage\":\"es-AR\",\"@id\":\"https:\\\/\\\/secure.gravatar.com\\\/avatar\\\/af6e19837c3d6a212034a48c7b3818d2ac1826f6025df0155da5a186ad321d79?s=96&d=mm&r=g\",\"url\":\"https:\\\/\\\/secure.gravatar.com\\\/avatar\\\/af6e19837c3d6a212034a48c7b3818d2ac1826f6025df0155da5a186ad321d79?s=96&d=mm&r=g\",\"contentUrl\":\"https:\\\/\\\/secure.gravatar.com\\\/avatar\\\/af6e19837c3d6a212034a48c7b3818d2ac1826f6025df0155da5a186ad321d79?s=96&d=mm&r=g\",\"caption\":\"E-GRUPOCLAN\"},\"sameAs\":[\"https:\\\/\\\/radioclanfm.com\"],\"url\":\"https:\\\/\\\/radioclanfm.com\\\/clanespectaculos\\\/author\\\/admin\\\/\"}]}<\/script>\n<!-- \/ Yoast SEO plugin. -->","yoast_head_json":{"title":"La carta que Dar\u00edo Barassi le escribi\u00f3 a su hija Emilia por su cumplea\u00f1os: \u201cMe das la mano y me cur\u00e1s el alma\u201d - CLAN ESPECTACULOS","robots":{"index":"index","follow":"follow","max-snippet":"max-snippet:-1","max-image-preview":"max-image-preview:large","max-video-preview":"max-video-preview:-1"},"canonical":"https:\/\/radioclanfm.com\/clanespectaculos\/la-carta-que-dario-barassi-le-escribio-a-su-hija-emilia-por-su-cumpleanos-me-das-la-mano-y-me-curas-el-alma\/","og_locale":"es_ES","og_type":"article","og_title":"La carta que Dar\u00edo Barassi le escribi\u00f3 a su hija Emilia por su cumplea\u00f1os: \u201cMe das la mano y me cur\u00e1s el alma\u201d - CLAN ESPECTACULOS","og_description":"Entre an\u00e9cdotas y emociones, el conductor puso en palabras sus sentimientos por la mayor de las ni\u00f1as que tuvo con Luc\u00eda G\u00f3mez Centuri\u00f3n Seis a\u00f1os atr\u00e1s, la vida de\u00a0Dar\u00edo Barassi\u00a0dio un giro que lo transform\u00f3 para siempre: su primera hija llegaba al mundo para cambiar todo. En un nuevo cumplea\u00f1os de la peque\u00f1a Emilia le [&hellip;]","og_url":"https:\/\/radioclanfm.com\/clanespectaculos\/la-carta-que-dario-barassi-le-escribio-a-su-hija-emilia-por-su-cumpleanos-me-das-la-mano-y-me-curas-el-alma\/","og_site_name":"CLAN ESPECTACULOS","article_publisher":"https:\/\/www.facebook.com\/clanespectaculos\/","article_published_time":"2025-06-18T20:36:44+00:00","og_image":[{"width":900,"height":450,"url":"https:\/\/radioclanfm.com\/clanespectaculos\/wp-content\/uploads\/sites\/2\/2025\/06\/zDqU_GPv.jpg","type":"image\/jpeg"}],"author":"E-GRUPOCLAN","twitter_card":"summary_large_image","twitter_creator":"@clanespectok","twitter_site":"@clanespectok","twitter_misc":{"Escrito por":"E-GRUPOCLAN","Tiempo de lectura":"4 minutos"},"schema":{"@context":"https:\/\/schema.org","@graph":[{"@type":"Article","@id":"https:\/\/radioclanfm.com\/clanespectaculos\/la-carta-que-dario-barassi-le-escribio-a-su-hija-emilia-por-su-cumpleanos-me-das-la-mano-y-me-curas-el-alma\/#article","isPartOf":{"@id":"https:\/\/radioclanfm.com\/clanespectaculos\/la-carta-que-dario-barassi-le-escribio-a-su-hija-emilia-por-su-cumpleanos-me-das-la-mano-y-me-curas-el-alma\/"},"author":{"name":"E-GRUPOCLAN","@id":"https:\/\/radioclanfm.com\/clanespectaculos\/#\/schema\/person\/9734813083303230f3ad84d99171b20c"},"headline":"La carta que Dar\u00edo Barassi le escribi\u00f3 a su hija Emilia por su cumplea\u00f1os: \u201cMe das la mano y me cur\u00e1s el alma\u201d","datePublished":"2025-06-18T20:36:44+00:00","mainEntityOfPage":{"@id":"https:\/\/radioclanfm.com\/clanespectaculos\/la-carta-que-dario-barassi-le-escribio-a-su-hija-emilia-por-su-cumpleanos-me-das-la-mano-y-me-curas-el-alma\/"},"wordCount":772,"commentCount":0,"publisher":{"@id":"https:\/\/radioclanfm.com\/clanespectaculos\/#organization"},"image":{"@id":"https:\/\/radioclanfm.com\/clanespectaculos\/la-carta-que-dario-barassi-le-escribio-a-su-hija-emilia-por-su-cumpleanos-me-das-la-mano-y-me-curas-el-alma\/#primaryimage"},"thumbnailUrl":"https:\/\/radioclanfm.com\/clanespectaculos\/wp-content\/uploads\/sites\/2\/2025\/06\/zDqU_GPv.jpg","articleSection":["Espectaculos"],"inLanguage":"es-AR","potentialAction":[{"@type":"CommentAction","name":"Comment","target":["https:\/\/radioclanfm.com\/clanespectaculos\/la-carta-que-dario-barassi-le-escribio-a-su-hija-emilia-por-su-cumpleanos-me-das-la-mano-y-me-curas-el-alma\/#respond"]}]},{"@type":"WebPage","@id":"https:\/\/radioclanfm.com\/clanespectaculos\/la-carta-que-dario-barassi-le-escribio-a-su-hija-emilia-por-su-cumpleanos-me-das-la-mano-y-me-curas-el-alma\/","url":"https:\/\/radioclanfm.com\/clanespectaculos\/la-carta-que-dario-barassi-le-escribio-a-su-hija-emilia-por-su-cumpleanos-me-das-la-mano-y-me-curas-el-alma\/","name":"La carta que Dar\u00edo Barassi le escribi\u00f3 a su hija Emilia por su cumplea\u00f1os: \u201cMe das la mano y me cur\u00e1s el alma\u201d - CLAN ESPECTACULOS","isPartOf":{"@id":"https:\/\/radioclanfm.com\/clanespectaculos\/#website"},"primaryImageOfPage":{"@id":"https:\/\/radioclanfm.com\/clanespectaculos\/la-carta-que-dario-barassi-le-escribio-a-su-hija-emilia-por-su-cumpleanos-me-das-la-mano-y-me-curas-el-alma\/#primaryimage"},"image":{"@id":"https:\/\/radioclanfm.com\/clanespectaculos\/la-carta-que-dario-barassi-le-escribio-a-su-hija-emilia-por-su-cumpleanos-me-das-la-mano-y-me-curas-el-alma\/#primaryimage"},"thumbnailUrl":"https:\/\/radioclanfm.com\/clanespectaculos\/wp-content\/uploads\/sites\/2\/2025\/06\/zDqU_GPv.jpg","datePublished":"2025-06-18T20:36:44+00:00","breadcrumb":{"@id":"https:\/\/radioclanfm.com\/clanespectaculos\/la-carta-que-dario-barassi-le-escribio-a-su-hija-emilia-por-su-cumpleanos-me-das-la-mano-y-me-curas-el-alma\/#breadcrumb"},"inLanguage":"es-AR","potentialAction":[{"@type":"ReadAction","target":["https:\/\/radioclanfm.com\/clanespectaculos\/la-carta-que-dario-barassi-le-escribio-a-su-hija-emilia-por-su-cumpleanos-me-das-la-mano-y-me-curas-el-alma\/"]}]},{"@type":"ImageObject","inLanguage":"es-AR","@id":"https:\/\/radioclanfm.com\/clanespectaculos\/la-carta-que-dario-barassi-le-escribio-a-su-hija-emilia-por-su-cumpleanos-me-das-la-mano-y-me-curas-el-alma\/#primaryimage","url":"https:\/\/radioclanfm.com\/clanespectaculos\/wp-content\/uploads\/sites\/2\/2025\/06\/zDqU_GPv.jpg","contentUrl":"https:\/\/radioclanfm.com\/clanespectaculos\/wp-content\/uploads\/sites\/2\/2025\/06\/zDqU_GPv.jpg","width":900,"height":450},{"@type":"BreadcrumbList","@id":"https:\/\/radioclanfm.com\/clanespectaculos\/la-carta-que-dario-barassi-le-escribio-a-su-hija-emilia-por-su-cumpleanos-me-das-la-mano-y-me-curas-el-alma\/#breadcrumb","itemListElement":[{"@type":"ListItem","position":1,"name":"Inicio","item":"https:\/\/radioclanfm.com\/clanespectaculos\/"},{"@type":"ListItem","position":2,"name":"La carta que Dar\u00edo Barassi le escribi\u00f3 a su hija Emilia por su cumplea\u00f1os: \u201cMe das la mano y me cur\u00e1s el alma\u201d"}]},{"@type":"WebSite","@id":"https:\/\/radioclanfm.com\/clanespectaculos\/#website","url":"https:\/\/radioclanfm.com\/clanespectaculos\/","name":"CLAN ESPECTACULOS","description":"","publisher":{"@id":"https:\/\/radioclanfm.com\/clanespectaculos\/#organization"},"potentialAction":[{"@type":"SearchAction","target":{"@type":"EntryPoint","urlTemplate":"https:\/\/radioclanfm.com\/clanespectaculos\/?s={search_term_string}"},"query-input":{"@type":"PropertyValueSpecification","valueRequired":true,"valueName":"search_term_string"}}],"inLanguage":"es-AR"},{"@type":"Organization","@id":"https:\/\/radioclanfm.com\/clanespectaculos\/#organization","name":"CLAN ESPECTACULOS","url":"https:\/\/radioclanfm.com\/clanespectaculos\/","logo":{"@type":"ImageObject","inLanguage":"es-AR","@id":"https:\/\/radioclanfm.com\/clanespectaculos\/#\/schema\/logo\/image\/","url":"https:\/\/radioclanfm.com\/clanespectaculos\/wp-content\/uploads\/sites\/2\/2026\/04\/ChatGPT-Image-23-mar-2026-10_09_00.png","contentUrl":"https:\/\/radioclanfm.com\/clanespectaculos\/wp-content\/uploads\/sites\/2\/2026\/04\/ChatGPT-Image-23-mar-2026-10_09_00.png","width":1024,"height":1024,"caption":"CLAN ESPECTACULOS"},"image":{"@id":"https:\/\/radioclanfm.com\/clanespectaculos\/#\/schema\/logo\/image\/"},"sameAs":["https:\/\/www.facebook.com\/clanespectaculos\/","https:\/\/x.com\/clanespectok"]},{"@type":"Person","@id":"https:\/\/radioclanfm.com\/clanespectaculos\/#\/schema\/person\/9734813083303230f3ad84d99171b20c","name":"E-GRUPOCLAN","image":{"@type":"ImageObject","inLanguage":"es-AR","@id":"https:\/\/secure.gravatar.com\/avatar\/af6e19837c3d6a212034a48c7b3818d2ac1826f6025df0155da5a186ad321d79?s=96&d=mm&r=g","url":"https:\/\/secure.gravatar.com\/avatar\/af6e19837c3d6a212034a48c7b3818d2ac1826f6025df0155da5a186ad321d79?s=96&d=mm&r=g","contentUrl":"https:\/\/secure.gravatar.com\/avatar\/af6e19837c3d6a212034a48c7b3818d2ac1826f6025df0155da5a186ad321d79?s=96&d=mm&r=g","caption":"E-GRUPOCLAN"},"sameAs":["https:\/\/radioclanfm.com"],"url":"https:\/\/radioclanfm.com\/clanespectaculos\/author\/admin\/"}]}},"_links":{"self":[{"href":"https:\/\/radioclanfm.com\/clanespectaculos\/wp-json\/wp\/v2\/posts\/1893","targetHints":{"allow":["GET"]}}],"collection":[{"href":"https:\/\/radioclanfm.com\/clanespectaculos\/wp-json\/wp\/v2\/posts"}],"about":[{"href":"https:\/\/radioclanfm.com\/clanespectaculos\/wp-json\/wp\/v2\/types\/post"}],"author":[{"embeddable":true,"href":"https:\/\/radioclanfm.com\/clanespectaculos\/wp-json\/wp\/v2\/users\/1"}],"replies":[{"embeddable":true,"href":"https:\/\/radioclanfm.com\/clanespectaculos\/wp-json\/wp\/v2\/comments?post=1893"}],"version-history":[{"count":1,"href":"https:\/\/radioclanfm.com\/clanespectaculos\/wp-json\/wp\/v2\/posts\/1893\/revisions"}],"predecessor-version":[{"id":1897,"href":"https:\/\/radioclanfm.com\/clanespectaculos\/wp-json\/wp\/v2\/posts\/1893\/revisions\/1897"}],"wp:featuredmedia":[{"embeddable":true,"href":"https:\/\/radioclanfm.com\/clanespectaculos\/wp-json\/wp\/v2\/media\/1896"}],"wp:attachment":[{"href":"https:\/\/radioclanfm.com\/clanespectaculos\/wp-json\/wp\/v2\/media?parent=1893"}],"wp:term":[{"taxonomy":"category","embeddable":true,"href":"https:\/\/radioclanfm.com\/clanespectaculos\/wp-json\/wp\/v2\/categories?post=1893"},{"taxonomy":"post_tag","embeddable":true,"href":"https:\/\/radioclanfm.com\/clanespectaculos\/wp-json\/wp\/v2\/tags?post=1893"}],"curies":[{"name":"wp","href":"https:\/\/api.w.org\/{rel}","templated":true}]}}