{"id":1888,"date":"2025-06-18T17:35:25","date_gmt":"2025-06-18T20:35:25","guid":{"rendered":"https:\/\/radioclanfm.com\/clanespectaculos\/?p=1888"},"modified":"2025-06-18T17:35:25","modified_gmt":"2025-06-18T20:35:25","slug":"cruz-el-hijo-de-nicole-neumann-y-manu-urcera-cumple-un-ano-el-saludo-de-sus-hermanas-y-el-regalo-mas-esperado","status":"publish","type":"post","link":"https:\/\/radioclanfm.com\/clanespectaculos\/cruz-el-hijo-de-nicole-neumann-y-manu-urcera-cumple-un-ano-el-saludo-de-sus-hermanas-y-el-regalo-mas-esperado\/","title":{"rendered":"Cruz, el hijo de Nicole Neumann y Manu Urcera cumple un a\u00f1o: el saludo de sus hermanas y el regalo m\u00e1s esperado"},"content":{"rendered":"<p>El peque\u00f1o comenz\u00f3 su primer aniversario rodeado del amor familiar y recibi\u00f3 un incre\u00edble obsequio que lo vincula con la pasi\u00f3n de su padre<\/p>\n<p class=\"paragraph\" data-mrf-recirculation=\"Links inline\">El primer cumplea\u00f1os de\u00a0<b>Cruz Urcera\u00a0<\/b>comenz\u00f3 con un regalo muy especial: un auto a bater\u00eda color gris, con detalles de lujo, asientos de cuero y el emblem\u00e1tico logo de Mercedes-Benz en el cap\u00f3.\u00a0<b>Nicole Neumann<\/b>\u00a0eligi\u00f3 este obsequio pensando en la pasi\u00f3n que une a su familia. Apenas sali\u00f3 el sol sobre una Buenos Aires helada, la modelo comparti\u00f3 en sus redes sociales la postal de su hijo sentado al volante del peque\u00f1o veh\u00edculo, abrigado con un gorro de lana y una campera, recorriendo las calles del barrio privado La Isla, en Nordelta, el mismo al que se mudaron pocos meses antes de su llegada al mundo.<\/p>\n<div class=\"news-module\" data-mrf-recirculation=\"IL_Ct0zZTd2RqSjHGMXsLzz7w\" data-testid=\"text-html\" data-mrf-experience=\"IL_Ct0zZTd2RqSjHGMXsLzz7w\">\n<div class=\"recommended-card__image-container\"><\/div>\n<\/div>\n<p class=\"paragraph\" data-mrf-recirculation=\"Links inline\">Aquel regalo no fue una casualidad.\u00a0<b>Manu<\/b>, pap\u00e1 de Cruz,\u00a0es un nombre destacado del automovilismo\u00a0nacional, con t\u00edtulos en Turismo Carretera y en la Clase 3 del Turismo Nacional, adem\u00e1s de participaciones en S\u00faper TC2000. Ese veh\u00edculo en miniatura representa algo m\u00e1s que un juguete y, en la mirada de Nicole al ver a Cruz al volante, se adivina ternura, deseo de felicidad y un poco del futuro imaginado para su hijo.<\/p>\n<div class=\"inline ad-wrapper\">\n<div class=\"dfpAd ad-inline\"><\/div>\n<\/div>\n<p class=\"paragraph\" data-mrf-recirculation=\"Links inline\">Las celebraciones siguieron en el calor familiar.\u00a0<b>Manu captur\u00f3 im\u00e1genes de los tres abrazados en la cama<\/b>, las sonrisas frescas al comenzar el d\u00eda, los besos y la alegr\u00eda compartida antes de que Cruz sople la vela de una torta con forma de cabeza de le\u00f3n, momento breve que tambi\u00e9n qued\u00f3 registrado en las redes.<\/p>\n<div class=\"news-module\" data-mrf-recirculation=\"IL_RjJ8XQ94SCCdND4VX9YvyQ\" data-testid=\"text-html\" data-mrf-experience=\"IL_RjJ8XQ94SCCdND4VX9YvyQ\">\n<div class=\"recommended-card__image-container\"><\/div>\n<\/div>\n<div class=\"visual__image\"><picture><source srcset=\"https:\/\/www.infobae.com\/resizer\/v2\/4BWRE3WTJNFFHKGYMWJVJFNTWI.jpg?auth=ae00ff7ec21b5a430f82a2a427bb1372723e254a32ea01a0477c958d711560bb&amp;smart=true&amp;width=992&amp;height=1764&amp;quality=85\" media=\"(min-width: 1000px)\" \/><source srcset=\"https:\/\/www.infobae.com\/resizer\/v2\/4BWRE3WTJNFFHKGYMWJVJFNTWI.jpg?auth=ae00ff7ec21b5a430f82a2a427bb1372723e254a32ea01a0477c958d711560bb&amp;smart=true&amp;width=768&amp;height=1365&amp;quality=85\" media=\"(min-width: 768px)\" \/><source srcset=\"https:\/\/www.infobae.com\/resizer\/v2\/4BWRE3WTJNFFHKGYMWJVJFNTWI.jpg?auth=ae00ff7ec21b5a430f82a2a427bb1372723e254a32ea01a0477c958d711560bb&amp;smart=true&amp;width=577&amp;height=1026&amp;quality=85\" media=\"(min-width: 580px)\" \/><source srcset=\"https:\/\/www.infobae.com\/resizer\/v2\/4BWRE3WTJNFFHKGYMWJVJFNTWI.jpg?auth=ae00ff7ec21b5a430f82a2a427bb1372723e254a32ea01a0477c958d711560bb&amp;smart=true&amp;width=420&amp;height=747&amp;quality=85\" media=\"(min-width: 350px)\" \/><source srcset=\"https:\/\/www.infobae.com\/resizer\/v2\/4BWRE3WTJNFFHKGYMWJVJFNTWI.jpg?auth=ae00ff7ec21b5a430f82a2a427bb1372723e254a32ea01a0477c958d711560bb&amp;smart=true&amp;width=350&amp;height=622&amp;quality=85\" media=\"(min-width: 80px)\" \/><img loading=\"lazy\" decoding=\"async\" class=\"global-image\" src=\"https:\/\/www.infobae.com\/resizer\/v2\/4BWRE3WTJNFFHKGYMWJVJFNTWI.jpg?auth=ae00ff7ec21b5a430f82a2a427bb1372723e254a32ea01a0477c958d711560bb&amp;smart=true&amp;width=350&amp;height=622&amp;quality=85\" alt=\"Nicole Neumann y el exclusivo\" width=\"710\" height=\"1262\" \/><\/picture>Nicole Neumann y el exclusivo regalo a su hijo Cruz<\/div>\n<p class=\"paragraph\" data-mrf-recirculation=\"Links inline\">El cari\u00f1o lleg\u00f3 de todos lados.<b>\u00a0Indiana, la hermana mayor, subi\u00f3 una foto acompa\u00f1ada por un mensaje breve y lleno de amor<\/b>: \u201cMi bebito cumple un a\u00f1o. Te amo gordito\u201d, junto a un emoji de coraz\u00f3n cubriendo el rostro del menor, siempre rodeado de los cuidados de una familia que prefiere mantener su imagen lejos del escrutinio p\u00fablico.\u00a0<b>Allegra\u00a0<\/b>tambi\u00e9n se sum\u00f3 con otra imagen, en la que se la ve junto a Indiana y su hermano menor, y le dedic\u00f3 un mensaje simple y profundo:\u00a0<b>\u201cUn a\u00f1o, te amo\u201d.<\/b><\/p>\n<div class=\"inline_2_DSK ad-wrapper ad-desktop\">\n<div class=\"dfpAd ad-inline\"><\/div>\n<\/div>\n<p class=\"paragraph\" data-mrf-recirculation=\"Links inline\">As\u00ed, entre abrazos, juguetes exclusivos y palabras de amor, Cruz celebr\u00f3 su primer a\u00f1o rodeado por el cari\u00f1o incondicional de sus padres y hermanas.<\/p>\n<div class=\"news-module\" data-mrf-recirculation=\"IL_wPVu_IE4S76a5Gsl0lX8mA\" data-testid=\"text-html\" data-mrf-experience=\"IL_wPVu_IE4S76a5Gsl0lX8mA\">\n<div class=\"recommended-card__image-container\"><\/div>\n<\/div>\n<p class=\"paragraph\" data-mrf-recirculation=\"Links inline\">Los \u00faltimos d\u00edas, Nicole despej\u00f3 las versiones sobre una dieta vegana estricta para su hijo. \u201cEn casa cocinamos muy vegetariano, casi vegano, pero\u00a0<b>Cruz no sigue una alimentaci\u00f3n totalmente vegana<\/b>\u201d,\u00a0explic\u00f3 en la mesa de Mirtha Legrand, al dejar en claro que la decisi\u00f3n sobre lo que come no obedece a imposiciones r\u00edgidas.<\/p>\n<div class=\"visual__image\"><picture><source srcset=\"https:\/\/www.infobae.com\/resizer\/v2\/OMRRCKRXEBDMPPYUL24HNXJJPA.jpg?auth=d478d49c193f698d015559193406749e841605628558e793e10aa85b594d4bcc&amp;smart=true&amp;width=992&amp;height=1764&amp;quality=85\" media=\"(min-width: 1000px)\" \/><source srcset=\"https:\/\/www.infobae.com\/resizer\/v2\/OMRRCKRXEBDMPPYUL24HNXJJPA.jpg?auth=d478d49c193f698d015559193406749e841605628558e793e10aa85b594d4bcc&amp;smart=true&amp;width=768&amp;height=1365&amp;quality=85\" media=\"(min-width: 768px)\" \/><source srcset=\"https:\/\/www.infobae.com\/resizer\/v2\/OMRRCKRXEBDMPPYUL24HNXJJPA.jpg?auth=d478d49c193f698d015559193406749e841605628558e793e10aa85b594d4bcc&amp;smart=true&amp;width=577&amp;height=1026&amp;quality=85\" media=\"(min-width: 580px)\" \/><source srcset=\"https:\/\/www.infobae.com\/resizer\/v2\/OMRRCKRXEBDMPPYUL24HNXJJPA.jpg?auth=d478d49c193f698d015559193406749e841605628558e793e10aa85b594d4bcc&amp;smart=true&amp;width=420&amp;height=747&amp;quality=85\" media=\"(min-width: 350px)\" \/><source srcset=\"https:\/\/www.infobae.com\/resizer\/v2\/OMRRCKRXEBDMPPYUL24HNXJJPA.jpg?auth=d478d49c193f698d015559193406749e841605628558e793e10aa85b594d4bcc&amp;smart=true&amp;width=350&amp;height=622&amp;quality=85\" media=\"(min-width: 80px)\" \/><img loading=\"lazy\" decoding=\"async\" class=\"global-image\" src=\"https:\/\/www.infobae.com\/resizer\/v2\/OMRRCKRXEBDMPPYUL24HNXJJPA.jpg?auth=d478d49c193f698d015559193406749e841605628558e793e10aa85b594d4bcc&amp;smart=true&amp;width=350&amp;height=622&amp;quality=85\" alt=\"Indiana y Allegra Cubero no\" width=\"706\" height=\"1256\" \/><\/picture>Indiana y Allegra Cubero no quisieron quedar afuera de la celebraci\u00f3n<\/div>\n<p class=\"paragraph\" data-mrf-recirculation=\"Links inline\">Durante la charla con\u00a0<i>La Chiqui<\/i>, la modelo comparti\u00f3 detalles \u00edntimos de la mesa familiar: el automovilista a veces elige pescado y su hijo, curioso, prueba un poco. Nicole se detuvo en lo que verdaderamente importa en la crianza: el placer de comer juntos y la variedad de sabores. Habl\u00f3 con orgullo del buen apetito de su hijo, de su preferencia por las lentejas, la remolacha, el tomate, las frutillas y el kiwi. Revel\u00f3 tambi\u00e9n que disfrutan juntos un especial desayuno de chia pudding, y comparti\u00f3 el dato risue\u00f1o de que el ni\u00f1o suele desayunar hasta tres veces al d\u00eda.<\/p>\n<p class=\"paragraph\" data-mrf-recirculation=\"Links inline\">El futuro, para Nicole, pertenece a Cruz. No hay presiones, solo el deseo de que su hijo crezca fuerte, sano y feliz, y que tenga la libertad de elegir qu\u00e9 comer a medida que vaya creciendo. Su compromiso, asegur\u00f3, es brindarle una alimentaci\u00f3n equilibrada, repleta de opciones y respetuosa del ritmo y las preferencias de Cruz, siempre atenta a lo que su hijo necesite y quiera descubrir en su propio camino.<\/p>\n<div class=\"visual__image\"><picture><source srcset=\"https:\/\/www.infobae.com\/resizer\/v2\/7TCFMAEWIZGM3FB3JVXY2YJBFA.jpg?auth=c224ee2e787dc88fae18a6a19ddd54b3a13bf99be75d5ec7e8f218eb86b6ced4&amp;smart=true&amp;width=992&amp;height=1764&amp;quality=85\" media=\"(min-width: 1000px)\" \/><source srcset=\"https:\/\/www.infobae.com\/resizer\/v2\/7TCFMAEWIZGM3FB3JVXY2YJBFA.jpg?auth=c224ee2e787dc88fae18a6a19ddd54b3a13bf99be75d5ec7e8f218eb86b6ced4&amp;smart=true&amp;width=768&amp;height=1365&amp;quality=85\" media=\"(min-width: 768px)\" \/><source srcset=\"https:\/\/www.infobae.com\/resizer\/v2\/7TCFMAEWIZGM3FB3JVXY2YJBFA.jpg?auth=c224ee2e787dc88fae18a6a19ddd54b3a13bf99be75d5ec7e8f218eb86b6ced4&amp;smart=true&amp;width=577&amp;height=1026&amp;quality=85\" media=\"(min-width: 580px)\" \/><source srcset=\"https:\/\/www.infobae.com\/resizer\/v2\/7TCFMAEWIZGM3FB3JVXY2YJBFA.jpg?auth=c224ee2e787dc88fae18a6a19ddd54b3a13bf99be75d5ec7e8f218eb86b6ced4&amp;smart=true&amp;width=420&amp;height=747&amp;quality=85\" media=\"(min-width: 350px)\" \/><source srcset=\"https:\/\/www.infobae.com\/resizer\/v2\/7TCFMAEWIZGM3FB3JVXY2YJBFA.jpg?auth=c224ee2e787dc88fae18a6a19ddd54b3a13bf99be75d5ec7e8f218eb86b6ced4&amp;smart=true&amp;width=350&amp;height=622&amp;quality=85\" media=\"(min-width: 80px)\" \/><img loading=\"lazy\" decoding=\"async\" class=\"global-image\" src=\"https:\/\/www.infobae.com\/resizer\/v2\/7TCFMAEWIZGM3FB3JVXY2YJBFA.jpg?auth=c224ee2e787dc88fae18a6a19ddd54b3a13bf99be75d5ec7e8f218eb86b6ced4&amp;smart=true&amp;width=350&amp;height=622&amp;quality=85\" alt=\"La particular torta con forma\" width=\"701\" height=\"1247\" \/><\/picture>La particular torta con forma de cabeza de le\u00f3n<\/div>\n<p class=\"paragraph\" data-mrf-recirculation=\"Links inline\">En las \u00faltimas horas, tambi\u00e9n, se refiri\u00f3 a su propia alimentaci\u00f3n tras el embarazo y c\u00f3mo logr\u00f3 bajar de peso, al recordar: \u201cAlgunos pensar\u00e1n \u2018Ah, no comi\u00f3 nada\u2019, \u2018Se mat\u00f3 entrenando\u2019, y no\u2026 La verdad que nada de eso\u201d, asegur\u00f3.<\/p>\n<p class=\"paragraph\" data-mrf-recirculation=\"Links inline\">En su testimonio,\u00a0<b>aclar\u00f3 que no sigui\u00f3 dietas estrictas<\/b>\u00a0ni esquemas de entrenamiento exigente. Lejos de las estrategias restrictivas que muchas veces se promueven en redes sociales, destac\u00f3 la importancia de una alimentaci\u00f3n consciente pero tambi\u00e9n placentera. \u201c<b>Com\u00ed un mont\u00f3n. Siempre soy de muy buen comer.\u00a0<\/b>No debe haber una persona que realmente me conozca que pueda decir que no como re bien\u201d, dijo, y agreg\u00f3 que su clave fue priorizar alimentos nutritivos. \u201cLo que s\u00ed como es calidad. Como muy sano. O sea, comida que me nutra. Pero me encantan los postres. As\u00ed que me doy mis gustos\u201d, complet\u00f3.<\/p>\n<div class=\"second-saved-buttons\">\n<div class=\"body-share-note\"><\/div>\n<\/div>\n","protected":false},"excerpt":{"rendered":"<p>El peque\u00f1o comenz\u00f3 su primer aniversario rodeado del amor familiar y recibi\u00f3 un incre\u00edble obsequio que lo vincula con la pasi\u00f3n de su padre El primer cumplea\u00f1os de\u00a0Cruz Urcera\u00a0comenz\u00f3 con un regalo muy especial: un auto a bater\u00eda color gris, con detalles de lujo, asientos de cuero y el emblem\u00e1tico logo de Mercedes-Benz en el [&hellip;]<\/p>\n","protected":false},"author":1,"featured_media":1891,"comment_status":"open","ping_status":"open","sticky":false,"template":"","format":"standard","meta":{"rop_custom_images_group":[],"rop_custom_messages_group":[],"rop_publish_now":"initial","rop_publish_now_accounts":[],"rop_publish_now_history":[],"rop_publish_now_status":"pending","footnotes":"","jetpack_publicize_message":"","jetpack_publicize_feature_enabled":true,"jetpack_social_post_already_shared":true,"jetpack_social_options":{"image_generator_settings":{"template":"highway","enabled":false},"version":2}},"categories":[12],"tags":[],"class_list":{"0":"post-1888","1":"post","2":"type-post","3":"status-publish","4":"format-standard","5":"has-post-thumbnail","7":"category-espectaculos"},"jetpack_publicize_connections":[],"yoast_head":"<!-- This site is optimized with the Yoast SEO plugin v27.3 - https:\/\/yoast.com\/product\/yoast-seo-wordpress\/ -->\n<title>Cruz, el hijo de Nicole Neumann y Manu Urcera cumple un a\u00f1o: el saludo de sus hermanas y el regalo m\u00e1s esperado - CLAN ESPECTACULOS<\/title>\n<meta name=\"robots\" content=\"index, follow, max-snippet:-1, max-image-preview:large, max-video-preview:-1\" \/>\n<link rel=\"canonical\" href=\"https:\/\/radioclanfm.com\/clanespectaculos\/cruz-el-hijo-de-nicole-neumann-y-manu-urcera-cumple-un-ano-el-saludo-de-sus-hermanas-y-el-regalo-mas-esperado\/\" \/>\n<meta property=\"og:locale\" content=\"es_ES\" \/>\n<meta property=\"og:type\" content=\"article\" \/>\n<meta property=\"og:title\" content=\"Cruz, el hijo de Nicole Neumann y Manu Urcera cumple un a\u00f1o: el saludo de sus hermanas y el regalo m\u00e1s esperado - CLAN ESPECTACULOS\" \/>\n<meta property=\"og:description\" content=\"El peque\u00f1o comenz\u00f3 su primer aniversario rodeado del amor familiar y recibi\u00f3 un incre\u00edble obsequio que lo vincula con la pasi\u00f3n de su padre El primer cumplea\u00f1os de\u00a0Cruz Urcera\u00a0comenz\u00f3 con un regalo muy especial: un auto a bater\u00eda color gris, con detalles de lujo, asientos de cuero y el emblem\u00e1tico logo de Mercedes-Benz en el [&hellip;]\" \/>\n<meta property=\"og:url\" content=\"https:\/\/radioclanfm.com\/clanespectaculos\/cruz-el-hijo-de-nicole-neumann-y-manu-urcera-cumple-un-ano-el-saludo-de-sus-hermanas-y-el-regalo-mas-esperado\/\" \/>\n<meta property=\"og:site_name\" content=\"CLAN ESPECTACULOS\" \/>\n<meta property=\"article:publisher\" content=\"https:\/\/www.facebook.com\/clanespectaculos\/\" \/>\n<meta property=\"article:published_time\" content=\"2025-06-18T20:35:25+00:00\" \/>\n<meta property=\"og:image\" content=\"https:\/\/radioclanfm.com\/clanespectaculos\/wp-content\/uploads\/sites\/2\/2025\/06\/IQGT2oPQ.jpg\" \/>\n\t<meta property=\"og:image:width\" content=\"900\" \/>\n\t<meta property=\"og:image:height\" content=\"450\" \/>\n\t<meta property=\"og:image:type\" content=\"image\/jpeg\" \/>\n<meta name=\"author\" content=\"E-GRUPOCLAN\" \/>\n<meta name=\"twitter:card\" content=\"summary_large_image\" \/>\n<meta name=\"twitter:creator\" content=\"@clanespectok\" \/>\n<meta name=\"twitter:site\" content=\"@clanespectok\" \/>\n<meta name=\"twitter:label1\" content=\"Escrito por\" \/>\n\t<meta name=\"twitter:data1\" content=\"E-GRUPOCLAN\" \/>\n\t<meta name=\"twitter:label2\" content=\"Tiempo de lectura\" \/>\n\t<meta name=\"twitter:data2\" content=\"4 minutos\" \/>\n<script type=\"application\/ld+json\" class=\"yoast-schema-graph\">{\"@context\":\"https:\\\/\\\/schema.org\",\"@graph\":[{\"@type\":\"Article\",\"@id\":\"https:\\\/\\\/radioclanfm.com\\\/clanespectaculos\\\/cruz-el-hijo-de-nicole-neumann-y-manu-urcera-cumple-un-ano-el-saludo-de-sus-hermanas-y-el-regalo-mas-esperado\\\/#article\",\"isPartOf\":{\"@id\":\"https:\\\/\\\/radioclanfm.com\\\/clanespectaculos\\\/cruz-el-hijo-de-nicole-neumann-y-manu-urcera-cumple-un-ano-el-saludo-de-sus-hermanas-y-el-regalo-mas-esperado\\\/\"},\"author\":{\"name\":\"E-GRUPOCLAN\",\"@id\":\"https:\\\/\\\/radioclanfm.com\\\/clanespectaculos\\\/#\\\/schema\\\/person\\\/9734813083303230f3ad84d99171b20c\"},\"headline\":\"Cruz, el hijo de Nicole Neumann y Manu Urcera cumple un a\u00f1o: el saludo de sus hermanas y el regalo m\u00e1s esperado\",\"datePublished\":\"2025-06-18T20:35:25+00:00\",\"mainEntityOfPage\":{\"@id\":\"https:\\\/\\\/radioclanfm.com\\\/clanespectaculos\\\/cruz-el-hijo-de-nicole-neumann-y-manu-urcera-cumple-un-ano-el-saludo-de-sus-hermanas-y-el-regalo-mas-esperado\\\/\"},\"wordCount\":837,\"commentCount\":0,\"publisher\":{\"@id\":\"https:\\\/\\\/radioclanfm.com\\\/clanespectaculos\\\/#organization\"},\"image\":{\"@id\":\"https:\\\/\\\/radioclanfm.com\\\/clanespectaculos\\\/cruz-el-hijo-de-nicole-neumann-y-manu-urcera-cumple-un-ano-el-saludo-de-sus-hermanas-y-el-regalo-mas-esperado\\\/#primaryimage\"},\"thumbnailUrl\":\"https:\\\/\\\/radioclanfm.com\\\/clanespectaculos\\\/wp-content\\\/uploads\\\/sites\\\/2\\\/2025\\\/06\\\/IQGT2oPQ.jpg\",\"articleSection\":[\"Espectaculos\"],\"inLanguage\":\"es-AR\",\"potentialAction\":[{\"@type\":\"CommentAction\",\"name\":\"Comment\",\"target\":[\"https:\\\/\\\/radioclanfm.com\\\/clanespectaculos\\\/cruz-el-hijo-de-nicole-neumann-y-manu-urcera-cumple-un-ano-el-saludo-de-sus-hermanas-y-el-regalo-mas-esperado\\\/#respond\"]}]},{\"@type\":\"WebPage\",\"@id\":\"https:\\\/\\\/radioclanfm.com\\\/clanespectaculos\\\/cruz-el-hijo-de-nicole-neumann-y-manu-urcera-cumple-un-ano-el-saludo-de-sus-hermanas-y-el-regalo-mas-esperado\\\/\",\"url\":\"https:\\\/\\\/radioclanfm.com\\\/clanespectaculos\\\/cruz-el-hijo-de-nicole-neumann-y-manu-urcera-cumple-un-ano-el-saludo-de-sus-hermanas-y-el-regalo-mas-esperado\\\/\",\"name\":\"Cruz, el hijo de Nicole Neumann y Manu Urcera cumple un a\u00f1o: el saludo de sus hermanas y el regalo m\u00e1s esperado - CLAN ESPECTACULOS\",\"isPartOf\":{\"@id\":\"https:\\\/\\\/radioclanfm.com\\\/clanespectaculos\\\/#website\"},\"primaryImageOfPage\":{\"@id\":\"https:\\\/\\\/radioclanfm.com\\\/clanespectaculos\\\/cruz-el-hijo-de-nicole-neumann-y-manu-urcera-cumple-un-ano-el-saludo-de-sus-hermanas-y-el-regalo-mas-esperado\\\/#primaryimage\"},\"image\":{\"@id\":\"https:\\\/\\\/radioclanfm.com\\\/clanespectaculos\\\/cruz-el-hijo-de-nicole-neumann-y-manu-urcera-cumple-un-ano-el-saludo-de-sus-hermanas-y-el-regalo-mas-esperado\\\/#primaryimage\"},\"thumbnailUrl\":\"https:\\\/\\\/radioclanfm.com\\\/clanespectaculos\\\/wp-content\\\/uploads\\\/sites\\\/2\\\/2025\\\/06\\\/IQGT2oPQ.jpg\",\"datePublished\":\"2025-06-18T20:35:25+00:00\",\"breadcrumb\":{\"@id\":\"https:\\\/\\\/radioclanfm.com\\\/clanespectaculos\\\/cruz-el-hijo-de-nicole-neumann-y-manu-urcera-cumple-un-ano-el-saludo-de-sus-hermanas-y-el-regalo-mas-esperado\\\/#breadcrumb\"},\"inLanguage\":\"es-AR\",\"potentialAction\":[{\"@type\":\"ReadAction\",\"target\":[\"https:\\\/\\\/radioclanfm.com\\\/clanespectaculos\\\/cruz-el-hijo-de-nicole-neumann-y-manu-urcera-cumple-un-ano-el-saludo-de-sus-hermanas-y-el-regalo-mas-esperado\\\/\"]}]},{\"@type\":\"ImageObject\",\"inLanguage\":\"es-AR\",\"@id\":\"https:\\\/\\\/radioclanfm.com\\\/clanespectaculos\\\/cruz-el-hijo-de-nicole-neumann-y-manu-urcera-cumple-un-ano-el-saludo-de-sus-hermanas-y-el-regalo-mas-esperado\\\/#primaryimage\",\"url\":\"https:\\\/\\\/radioclanfm.com\\\/clanespectaculos\\\/wp-content\\\/uploads\\\/sites\\\/2\\\/2025\\\/06\\\/IQGT2oPQ.jpg\",\"contentUrl\":\"https:\\\/\\\/radioclanfm.com\\\/clanespectaculos\\\/wp-content\\\/uploads\\\/sites\\\/2\\\/2025\\\/06\\\/IQGT2oPQ.jpg\",\"width\":900,\"height\":450},{\"@type\":\"BreadcrumbList\",\"@id\":\"https:\\\/\\\/radioclanfm.com\\\/clanespectaculos\\\/cruz-el-hijo-de-nicole-neumann-y-manu-urcera-cumple-un-ano-el-saludo-de-sus-hermanas-y-el-regalo-mas-esperado\\\/#breadcrumb\",\"itemListElement\":[{\"@type\":\"ListItem\",\"position\":1,\"name\":\"Inicio\",\"item\":\"https:\\\/\\\/radioclanfm.com\\\/clanespectaculos\\\/\"},{\"@type\":\"ListItem\",\"position\":2,\"name\":\"Cruz, el hijo de Nicole Neumann y Manu Urcera cumple un a\u00f1o: el saludo de sus hermanas y el regalo m\u00e1s esperado\"}]},{\"@type\":\"WebSite\",\"@id\":\"https:\\\/\\\/radioclanfm.com\\\/clanespectaculos\\\/#website\",\"url\":\"https:\\\/\\\/radioclanfm.com\\\/clanespectaculos\\\/\",\"name\":\"CLAN ESPECTACULOS\",\"description\":\"\",\"publisher\":{\"@id\":\"https:\\\/\\\/radioclanfm.com\\\/clanespectaculos\\\/#organization\"},\"potentialAction\":[{\"@type\":\"SearchAction\",\"target\":{\"@type\":\"EntryPoint\",\"urlTemplate\":\"https:\\\/\\\/radioclanfm.com\\\/clanespectaculos\\\/?s={search_term_string}\"},\"query-input\":{\"@type\":\"PropertyValueSpecification\",\"valueRequired\":true,\"valueName\":\"search_term_string\"}}],\"inLanguage\":\"es-AR\"},{\"@type\":\"Organization\",\"@id\":\"https:\\\/\\\/radioclanfm.com\\\/clanespectaculos\\\/#organization\",\"name\":\"CLAN ESPECTACULOS\",\"url\":\"https:\\\/\\\/radioclanfm.com\\\/clanespectaculos\\\/\",\"logo\":{\"@type\":\"ImageObject\",\"inLanguage\":\"es-AR\",\"@id\":\"https:\\\/\\\/radioclanfm.com\\\/clanespectaculos\\\/#\\\/schema\\\/logo\\\/image\\\/\",\"url\":\"https:\\\/\\\/radioclanfm.com\\\/clanespectaculos\\\/wp-content\\\/uploads\\\/sites\\\/2\\\/2026\\\/04\\\/ChatGPT-Image-23-mar-2026-10_09_00.png\",\"contentUrl\":\"https:\\\/\\\/radioclanfm.com\\\/clanespectaculos\\\/wp-content\\\/uploads\\\/sites\\\/2\\\/2026\\\/04\\\/ChatGPT-Image-23-mar-2026-10_09_00.png\",\"width\":1024,\"height\":1024,\"caption\":\"CLAN ESPECTACULOS\"},\"image\":{\"@id\":\"https:\\\/\\\/radioclanfm.com\\\/clanespectaculos\\\/#\\\/schema\\\/logo\\\/image\\\/\"},\"sameAs\":[\"https:\\\/\\\/www.facebook.com\\\/clanespectaculos\\\/\",\"https:\\\/\\\/x.com\\\/clanespectok\"]},{\"@type\":\"Person\",\"@id\":\"https:\\\/\\\/radioclanfm.com\\\/clanespectaculos\\\/#\\\/schema\\\/person\\\/9734813083303230f3ad84d99171b20c\",\"name\":\"E-GRUPOCLAN\",\"image\":{\"@type\":\"ImageObject\",\"inLanguage\":\"es-AR\",\"@id\":\"https:\\\/\\\/secure.gravatar.com\\\/avatar\\\/af6e19837c3d6a212034a48c7b3818d2ac1826f6025df0155da5a186ad321d79?s=96&d=mm&r=g\",\"url\":\"https:\\\/\\\/secure.gravatar.com\\\/avatar\\\/af6e19837c3d6a212034a48c7b3818d2ac1826f6025df0155da5a186ad321d79?s=96&d=mm&r=g\",\"contentUrl\":\"https:\\\/\\\/secure.gravatar.com\\\/avatar\\\/af6e19837c3d6a212034a48c7b3818d2ac1826f6025df0155da5a186ad321d79?s=96&d=mm&r=g\",\"caption\":\"E-GRUPOCLAN\"},\"sameAs\":[\"https:\\\/\\\/radioclanfm.com\"],\"url\":\"https:\\\/\\\/radioclanfm.com\\\/clanespectaculos\\\/author\\\/admin\\\/\"}]}<\/script>\n<!-- \/ Yoast SEO plugin. -->","yoast_head_json":{"title":"Cruz, el hijo de Nicole Neumann y Manu Urcera cumple un a\u00f1o: el saludo de sus hermanas y el regalo m\u00e1s esperado - CLAN ESPECTACULOS","robots":{"index":"index","follow":"follow","max-snippet":"max-snippet:-1","max-image-preview":"max-image-preview:large","max-video-preview":"max-video-preview:-1"},"canonical":"https:\/\/radioclanfm.com\/clanespectaculos\/cruz-el-hijo-de-nicole-neumann-y-manu-urcera-cumple-un-ano-el-saludo-de-sus-hermanas-y-el-regalo-mas-esperado\/","og_locale":"es_ES","og_type":"article","og_title":"Cruz, el hijo de Nicole Neumann y Manu Urcera cumple un a\u00f1o: el saludo de sus hermanas y el regalo m\u00e1s esperado - CLAN ESPECTACULOS","og_description":"El peque\u00f1o comenz\u00f3 su primer aniversario rodeado del amor familiar y recibi\u00f3 un incre\u00edble obsequio que lo vincula con la pasi\u00f3n de su padre El primer cumplea\u00f1os de\u00a0Cruz Urcera\u00a0comenz\u00f3 con un regalo muy especial: un auto a bater\u00eda color gris, con detalles de lujo, asientos de cuero y el emblem\u00e1tico logo de Mercedes-Benz en el [&hellip;]","og_url":"https:\/\/radioclanfm.com\/clanespectaculos\/cruz-el-hijo-de-nicole-neumann-y-manu-urcera-cumple-un-ano-el-saludo-de-sus-hermanas-y-el-regalo-mas-esperado\/","og_site_name":"CLAN ESPECTACULOS","article_publisher":"https:\/\/www.facebook.com\/clanespectaculos\/","article_published_time":"2025-06-18T20:35:25+00:00","og_image":[{"width":900,"height":450,"url":"https:\/\/radioclanfm.com\/clanespectaculos\/wp-content\/uploads\/sites\/2\/2025\/06\/IQGT2oPQ.jpg","type":"image\/jpeg"}],"author":"E-GRUPOCLAN","twitter_card":"summary_large_image","twitter_creator":"@clanespectok","twitter_site":"@clanespectok","twitter_misc":{"Escrito por":"E-GRUPOCLAN","Tiempo de lectura":"4 minutos"},"schema":{"@context":"https:\/\/schema.org","@graph":[{"@type":"Article","@id":"https:\/\/radioclanfm.com\/clanespectaculos\/cruz-el-hijo-de-nicole-neumann-y-manu-urcera-cumple-un-ano-el-saludo-de-sus-hermanas-y-el-regalo-mas-esperado\/#article","isPartOf":{"@id":"https:\/\/radioclanfm.com\/clanespectaculos\/cruz-el-hijo-de-nicole-neumann-y-manu-urcera-cumple-un-ano-el-saludo-de-sus-hermanas-y-el-regalo-mas-esperado\/"},"author":{"name":"E-GRUPOCLAN","@id":"https:\/\/radioclanfm.com\/clanespectaculos\/#\/schema\/person\/9734813083303230f3ad84d99171b20c"},"headline":"Cruz, el hijo de Nicole Neumann y Manu Urcera cumple un a\u00f1o: el saludo de sus hermanas y el regalo m\u00e1s esperado","datePublished":"2025-06-18T20:35:25+00:00","mainEntityOfPage":{"@id":"https:\/\/radioclanfm.com\/clanespectaculos\/cruz-el-hijo-de-nicole-neumann-y-manu-urcera-cumple-un-ano-el-saludo-de-sus-hermanas-y-el-regalo-mas-esperado\/"},"wordCount":837,"commentCount":0,"publisher":{"@id":"https:\/\/radioclanfm.com\/clanespectaculos\/#organization"},"image":{"@id":"https:\/\/radioclanfm.com\/clanespectaculos\/cruz-el-hijo-de-nicole-neumann-y-manu-urcera-cumple-un-ano-el-saludo-de-sus-hermanas-y-el-regalo-mas-esperado\/#primaryimage"},"thumbnailUrl":"https:\/\/radioclanfm.com\/clanespectaculos\/wp-content\/uploads\/sites\/2\/2025\/06\/IQGT2oPQ.jpg","articleSection":["Espectaculos"],"inLanguage":"es-AR","potentialAction":[{"@type":"CommentAction","name":"Comment","target":["https:\/\/radioclanfm.com\/clanespectaculos\/cruz-el-hijo-de-nicole-neumann-y-manu-urcera-cumple-un-ano-el-saludo-de-sus-hermanas-y-el-regalo-mas-esperado\/#respond"]}]},{"@type":"WebPage","@id":"https:\/\/radioclanfm.com\/clanespectaculos\/cruz-el-hijo-de-nicole-neumann-y-manu-urcera-cumple-un-ano-el-saludo-de-sus-hermanas-y-el-regalo-mas-esperado\/","url":"https:\/\/radioclanfm.com\/clanespectaculos\/cruz-el-hijo-de-nicole-neumann-y-manu-urcera-cumple-un-ano-el-saludo-de-sus-hermanas-y-el-regalo-mas-esperado\/","name":"Cruz, el hijo de Nicole Neumann y Manu Urcera cumple un a\u00f1o: el saludo de sus hermanas y el regalo m\u00e1s esperado - CLAN ESPECTACULOS","isPartOf":{"@id":"https:\/\/radioclanfm.com\/clanespectaculos\/#website"},"primaryImageOfPage":{"@id":"https:\/\/radioclanfm.com\/clanespectaculos\/cruz-el-hijo-de-nicole-neumann-y-manu-urcera-cumple-un-ano-el-saludo-de-sus-hermanas-y-el-regalo-mas-esperado\/#primaryimage"},"image":{"@id":"https:\/\/radioclanfm.com\/clanespectaculos\/cruz-el-hijo-de-nicole-neumann-y-manu-urcera-cumple-un-ano-el-saludo-de-sus-hermanas-y-el-regalo-mas-esperado\/#primaryimage"},"thumbnailUrl":"https:\/\/radioclanfm.com\/clanespectaculos\/wp-content\/uploads\/sites\/2\/2025\/06\/IQGT2oPQ.jpg","datePublished":"2025-06-18T20:35:25+00:00","breadcrumb":{"@id":"https:\/\/radioclanfm.com\/clanespectaculos\/cruz-el-hijo-de-nicole-neumann-y-manu-urcera-cumple-un-ano-el-saludo-de-sus-hermanas-y-el-regalo-mas-esperado\/#breadcrumb"},"inLanguage":"es-AR","potentialAction":[{"@type":"ReadAction","target":["https:\/\/radioclanfm.com\/clanespectaculos\/cruz-el-hijo-de-nicole-neumann-y-manu-urcera-cumple-un-ano-el-saludo-de-sus-hermanas-y-el-regalo-mas-esperado\/"]}]},{"@type":"ImageObject","inLanguage":"es-AR","@id":"https:\/\/radioclanfm.com\/clanespectaculos\/cruz-el-hijo-de-nicole-neumann-y-manu-urcera-cumple-un-ano-el-saludo-de-sus-hermanas-y-el-regalo-mas-esperado\/#primaryimage","url":"https:\/\/radioclanfm.com\/clanespectaculos\/wp-content\/uploads\/sites\/2\/2025\/06\/IQGT2oPQ.jpg","contentUrl":"https:\/\/radioclanfm.com\/clanespectaculos\/wp-content\/uploads\/sites\/2\/2025\/06\/IQGT2oPQ.jpg","width":900,"height":450},{"@type":"BreadcrumbList","@id":"https:\/\/radioclanfm.com\/clanespectaculos\/cruz-el-hijo-de-nicole-neumann-y-manu-urcera-cumple-un-ano-el-saludo-de-sus-hermanas-y-el-regalo-mas-esperado\/#breadcrumb","itemListElement":[{"@type":"ListItem","position":1,"name":"Inicio","item":"https:\/\/radioclanfm.com\/clanespectaculos\/"},{"@type":"ListItem","position":2,"name":"Cruz, el hijo de Nicole Neumann y Manu Urcera cumple un a\u00f1o: el saludo de sus hermanas y el regalo m\u00e1s esperado"}]},{"@type":"WebSite","@id":"https:\/\/radioclanfm.com\/clanespectaculos\/#website","url":"https:\/\/radioclanfm.com\/clanespectaculos\/","name":"CLAN ESPECTACULOS","description":"","publisher":{"@id":"https:\/\/radioclanfm.com\/clanespectaculos\/#organization"},"potentialAction":[{"@type":"SearchAction","target":{"@type":"EntryPoint","urlTemplate":"https:\/\/radioclanfm.com\/clanespectaculos\/?s={search_term_string}"},"query-input":{"@type":"PropertyValueSpecification","valueRequired":true,"valueName":"search_term_string"}}],"inLanguage":"es-AR"},{"@type":"Organization","@id":"https:\/\/radioclanfm.com\/clanespectaculos\/#organization","name":"CLAN ESPECTACULOS","url":"https:\/\/radioclanfm.com\/clanespectaculos\/","logo":{"@type":"ImageObject","inLanguage":"es-AR","@id":"https:\/\/radioclanfm.com\/clanespectaculos\/#\/schema\/logo\/image\/","url":"https:\/\/radioclanfm.com\/clanespectaculos\/wp-content\/uploads\/sites\/2\/2026\/04\/ChatGPT-Image-23-mar-2026-10_09_00.png","contentUrl":"https:\/\/radioclanfm.com\/clanespectaculos\/wp-content\/uploads\/sites\/2\/2026\/04\/ChatGPT-Image-23-mar-2026-10_09_00.png","width":1024,"height":1024,"caption":"CLAN ESPECTACULOS"},"image":{"@id":"https:\/\/radioclanfm.com\/clanespectaculos\/#\/schema\/logo\/image\/"},"sameAs":["https:\/\/www.facebook.com\/clanespectaculos\/","https:\/\/x.com\/clanespectok"]},{"@type":"Person","@id":"https:\/\/radioclanfm.com\/clanespectaculos\/#\/schema\/person\/9734813083303230f3ad84d99171b20c","name":"E-GRUPOCLAN","image":{"@type":"ImageObject","inLanguage":"es-AR","@id":"https:\/\/secure.gravatar.com\/avatar\/af6e19837c3d6a212034a48c7b3818d2ac1826f6025df0155da5a186ad321d79?s=96&d=mm&r=g","url":"https:\/\/secure.gravatar.com\/avatar\/af6e19837c3d6a212034a48c7b3818d2ac1826f6025df0155da5a186ad321d79?s=96&d=mm&r=g","contentUrl":"https:\/\/secure.gravatar.com\/avatar\/af6e19837c3d6a212034a48c7b3818d2ac1826f6025df0155da5a186ad321d79?s=96&d=mm&r=g","caption":"E-GRUPOCLAN"},"sameAs":["https:\/\/radioclanfm.com"],"url":"https:\/\/radioclanfm.com\/clanespectaculos\/author\/admin\/"}]}},"_links":{"self":[{"href":"https:\/\/radioclanfm.com\/clanespectaculos\/wp-json\/wp\/v2\/posts\/1888","targetHints":{"allow":["GET"]}}],"collection":[{"href":"https:\/\/radioclanfm.com\/clanespectaculos\/wp-json\/wp\/v2\/posts"}],"about":[{"href":"https:\/\/radioclanfm.com\/clanespectaculos\/wp-json\/wp\/v2\/types\/post"}],"author":[{"embeddable":true,"href":"https:\/\/radioclanfm.com\/clanespectaculos\/wp-json\/wp\/v2\/users\/1"}],"replies":[{"embeddable":true,"href":"https:\/\/radioclanfm.com\/clanespectaculos\/wp-json\/wp\/v2\/comments?post=1888"}],"version-history":[{"count":1,"href":"https:\/\/radioclanfm.com\/clanespectaculos\/wp-json\/wp\/v2\/posts\/1888\/revisions"}],"predecessor-version":[{"id":1892,"href":"https:\/\/radioclanfm.com\/clanespectaculos\/wp-json\/wp\/v2\/posts\/1888\/revisions\/1892"}],"wp:featuredmedia":[{"embeddable":true,"href":"https:\/\/radioclanfm.com\/clanespectaculos\/wp-json\/wp\/v2\/media\/1891"}],"wp:attachment":[{"href":"https:\/\/radioclanfm.com\/clanespectaculos\/wp-json\/wp\/v2\/media?parent=1888"}],"wp:term":[{"taxonomy":"category","embeddable":true,"href":"https:\/\/radioclanfm.com\/clanespectaculos\/wp-json\/wp\/v2\/categories?post=1888"},{"taxonomy":"post_tag","embeddable":true,"href":"https:\/\/radioclanfm.com\/clanespectaculos\/wp-json\/wp\/v2\/tags?post=1888"}],"curies":[{"name":"wp","href":"https:\/\/api.w.org\/{rel}","templated":true}]}}