{"id":1868,"date":"2025-06-18T17:29:40","date_gmt":"2025-06-18T20:29:40","guid":{"rendered":"https:\/\/radioclanfm.com\/clanespectaculos\/?p=1868"},"modified":"2025-06-18T17:29:40","modified_gmt":"2025-06-18T20:29:40","slug":"la-madre-de-alexis-mac-allister-hablo-tras-el-fallo-por-la-demanda-de-cami-mayan-consiguio-trabajo-gracias-a-el","status":"publish","type":"post","link":"https:\/\/radioclanfm.com\/clanespectaculos\/la-madre-de-alexis-mac-allister-hablo-tras-el-fallo-por-la-demanda-de-cami-mayan-consiguio-trabajo-gracias-a-el\/","title":{"rendered":"La madre de Alexis Mac Allister habl\u00f3 tras el fallo por la demanda de Cami Mayan: \u201cConsigui\u00f3 trabajo gracias a \u00e9l\u201d"},"content":{"rendered":"<p class=\"paragraph\" data-mrf-recirculation=\"Links inline\">La madre de\u00a0<b>Alexis Mac Allister<\/b>, Silvina Riela, expres\u00f3 su descontento por la exposici\u00f3n medi\u00e1tica de la vida privada de su hijo y cuestion\u00f3 la demanda millonaria de\u00a0<b>Camila Mayan<\/b>\u00a0tras\u00a0la reciente resoluci\u00f3n judicial.\u00a0<b>La Justicia argentina determin\u00f3 que el reclamo econ\u00f3mico de la joven contra el futbolista se resolver\u00e1 bajo la jurisdicci\u00f3n de Inglaterra<\/b>, lo que representa un rev\u00e9s para la influencer, ya que en el Reino Unido no existe la figura legal de compensaci\u00f3n econ\u00f3mica que ella exige.<\/p>\n<div class=\"news-module\" data-mrf-recirculation=\"IL_Ct0zZTd2RqSjHGMXsLzz7w\" data-testid=\"text-html\" data-mrf-experience=\"IL_Ct0zZTd2RqSjHGMXsLzz7w\">\n<div class=\"recommended-card__image-container\"><\/div>\n<\/div>\n<p class=\"paragraph\" data-mrf-recirculation=\"Links inline\">La decisi\u00f3n judicial implica que<b>\u00a0<\/b>Argentina se declara incompetente para litigar en este caso, lo que complica las posibilidades de Camila de obtener los\u00a0<b>6 millones de d\u00f3lares que reclama tras convivir durante casi tres a\u00f1os con el jugador<\/b>.<\/p>\n<div class=\"inline ad-wrapper\">\n<div class=\"dfpAd ad-inline\">\n<div id=\"infobae\/teleshow\/nota\/inline\" class=\"infobae\/teleshow\/nota\/inline arcad\" data-google-query-id=\"CJTNl9Ln-40DFR1cuAQdIv4yPw\">\n<div id=\"google_ads_iframe_\/1058609\/infobae\/teleshow\/nota\/inline_0__container__\"><\/div>\n<\/div>\n<\/div>\n<\/div>\n<p class=\"paragraph\" data-mrf-recirculation=\"Links inline\">En una entrevista con el periodista\u00a0<b>Juan Etchegoyen<\/b>, la madre del deportista cont\u00f3 que la familia no celebra el fallo, pero considera que la resoluci\u00f3n es l\u00f3gica. \u201cEsto no es algo que nos d\u00e9 alegr\u00eda o que lo festejemos porque este resarcimiento nos parec\u00eda hasta il\u00f3gico porque lo que se est\u00e1 definiendo ahora es que la Argentina se declare incompetente para litigar en este caso\u201d, declar\u00f3.<\/p>\n<div class=\"news-module\" data-mrf-recirculation=\"IL_RjJ8XQ94SCCdND4VX9YvyQ\" data-testid=\"text-html\" data-mrf-experience=\"IL_RjJ8XQ94SCCdND4VX9YvyQ\"><\/div>\n<div class=\"jwplayer-ctn\">\n<div>\n<div id=\"GLAGQAZXOJB35G4TE4FYH2XSWI-custom_embed4\" class=\"jwplayer jw-reset jw-state-idle jw-stretch-uniform jw-flag-aspect-mode jw-floating-dismissible jw-keep-thumbnail jw-flag-cast-available jw-breakpoint-5 jw-flag-user-inactive\" tabindex=\"0\" role=\"application\" aria-label=\"Video Player - Cami Mayan sobre Alexis Mac Allister\" aria-describedby=\"jw-GLAGQAZXOJB35G4TE4FYH2XSWI-custom_embed4-shortcuts-tooltip-explanation\" data-compass-listening=\"true\">\n<div class=\"afs_ads ad-placement\"><\/div>\n<\/div>\n<\/div>\n<p>Cami Mayan dispar\u00f3 contra Alexis Mac Allister<\/p><\/div>\n<p class=\"paragraph\" data-mrf-recirculation=\"Links inline\">La madre del jugador profundiz\u00f3 en su postura al se\u00f1alar que la familia cuenta con un plazo de diez d\u00edas para que la parte demandante apele la decisi\u00f3n, aunque no cree que el caso llegue hasta la Corte Suprema. \u201cNos resultaba todo il\u00f3gico y esta decisi\u00f3n de la Justicia argentina nos resulta que es lo m\u00e1s l\u00f3gico y despu\u00e9s veremos si ellos quieren seguir este tema en Inglaterra. Ac\u00e1 no hay casamiento y<b>\u00a0una convivencia de dos a\u00f1os y pocos meses<\/b>\u201d, explic\u00f3.<\/p>\n<div class=\"inline_2_DSK ad-wrapper ad-desktop\">\n<div class=\"dfpAd ad-inline\"><\/div>\n<\/div>\n<p class=\"paragraph\" data-mrf-recirculation=\"Links inline\">En sus declaraciones, tambi\u00e9n critic\u00f3 la forma en que la demanda y la exposici\u00f3n p\u00fablica afectaron la imagen de su hijo.\u00a0<b>\u201cEsto fue una manera de desprestigiarlo frente a la sociedad argentina.\u00a0<\/b>Nos parec\u00eda bastante degradante lo que hicieron con nuestro hijo\u201d, destac\u00f3 la mujer. Adem\u00e1s, remarc\u00f3 que la familia no festeja la resoluci\u00f3n, pero siente alivio por el desenlace judicial.<\/p>\n<div class=\"news-module\" data-mrf-recirculation=\"IL_wPVu_IE4S76a5Gsl0lX8mA\" data-testid=\"text-html\" data-mrf-experience=\"IL_wPVu_IE4S76a5Gsl0lX8mA\">\n<div class=\"recommended-card__image-container\"><\/div>\n<\/div>\n<p class=\"paragraph\" data-mrf-recirculation=\"Links inline\">Tras ello, se tom\u00f3 un tiempo para recordar que, al inicio del conflicto, la relaci\u00f3n entre\u00a0<b>Alexis Mac Allister<\/b>\u00a0y\u00a0<b>Camila Mayan<\/b> a\u00fan era reciente. Relat\u00f3 que cuando la joven decidi\u00f3 regresar de Brighton, ella la acompa\u00f1\u00f3 y recibi\u00f3, y que el deportista accedi\u00f3 a un pedido de resarcimiento econ\u00f3mico por parte de su expareja, a pesar de no estar obligado legalmente. \u201cAlexis confi\u00f3 en esa palabra y no ten\u00edamos esa mirada de ella\u201d, expres\u00f3 Silvina.<\/p>\n<div class=\"jwplayer-ctn\">\n<div>\n<div id=\"VZKBUROZABHGLJUC7NILQGGMHY-custom_embed8\" class=\"jwplayer jw-reset jw-state-idle jw-stretch-uniform jw-flag-aspect-mode jw-floating-dismissible jw-keep-thumbnail jw-flag-cast-available jw-breakpoint-5 jw-flag-user-inactive\" tabindex=\"0\" role=\"application\" aria-label=\"Video Player - Alexis Mac Allister habl\u00f3 del fin de su relaci\u00f3n con Cami Mayan: &quot;No hubo m\u00e1s di\u00e1logo&quot;\" aria-describedby=\"jw-VZKBUROZABHGLJUC7NILQGGMHY-custom_embed8-shortcuts-tooltip-explanation\" data-compass-listening=\"true\">\n<div class=\"afs_ads ad-placement\"><\/div>\n<\/div>\n<\/div>\n<p>Alexis Mac Allister habl\u00f3 del fin de su relaci\u00f3n con Cami Mayan: &#8220;No hubo m\u00e1s di\u00e1logo&#8221;<\/p><\/div>\n<p class=\"paragraph\" data-mrf-recirculation=\"Links inline\">Tambi\u00e9n opin\u00f3 sobre la situaci\u00f3n laboral de la actual integrante del canal de\u00a0<i>streaming<\/i>\u00a0Luzu tras la separaci\u00f3n, al se\u00f1alar que la joven encontr\u00f3 oportunidades gracias a su v\u00ednculo con el futbolista. \u201cFue un poco de generosidad de parte de \u00e9l y<b>\u00a0ella encontr\u00f3 un lugar gracias a Alexis<\/b>. Debiera haber una compensaci\u00f3n econ\u00f3mica para cuando la persona regresa al pa\u00eds y\u00a0<b>ella tuvo trabajo por ser la ex de mi hijo<\/b>\u201d, sostuvo la madre del jugador. Incluso, critic\u00f3 que Mayan hubiera hablado de aspectos \u00edntimos de Alexis en transmisiones en vivo.<\/p>\n<p class=\"paragraph\" data-mrf-recirculation=\"Links inline\">En el cierre de la entrevista, Silvina evit\u00f3 profundizar en cr\u00edticas hacia la expareja de su hijo, pero subray\u00f3 que su principal preocupaci\u00f3n es proteger la imagen de Alexis.\u00a0<b>\u201cNo hago cr\u00edtica de alguien que pertenece al pasado<\/b>\u00a0y lo que quiero resaltar es que no estamos en una situaci\u00f3n donde Alexis pueda ser desprestigiado y yo soy su apoderada en Argentina\u201d, concluy\u00f3.<\/p>\n<p class=\"paragraph\" data-mrf-recirculation=\"Links inline\">El caso gener\u00f3 repercusi\u00f3n tanto por la exposici\u00f3n de la vida privada de los involucrados como por el debate sobre los derechos de las parejas no casadas en contextos internacionales. La familia del jugador sostiene que la demanda busc\u00f3 da\u00f1ar su reputaci\u00f3n, mientras que la parte de<b>\u00a0<\/b>la influencer a\u00fan eval\u00faa los pasos legales a seguir tras el fallo adverso en la Argentina.<\/p>\n<div class=\"second-saved-buttons\">\n<div class=\"body-share-note\"><\/div>\n<\/div>\n","protected":false},"excerpt":{"rendered":"<p>La madre de\u00a0Alexis Mac Allister, Silvina Riela, expres\u00f3 su descontento por la exposici\u00f3n medi\u00e1tica de la vida privada de su hijo y cuestion\u00f3 la demanda millonaria de\u00a0Camila Mayan\u00a0tras\u00a0la reciente resoluci\u00f3n judicial.\u00a0La Justicia argentina determin\u00f3 que el reclamo econ\u00f3mico de la joven contra el futbolista se resolver\u00e1 bajo la jurisdicci\u00f3n de Inglaterra, lo que representa un [&hellip;]<\/p>\n","protected":false},"author":1,"featured_media":1871,"comment_status":"open","ping_status":"open","sticky":false,"template":"","format":"standard","meta":{"rop_custom_images_group":[],"rop_custom_messages_group":[],"rop_publish_now":"initial","rop_publish_now_accounts":[],"rop_publish_now_history":[],"rop_publish_now_status":"pending","footnotes":"","jetpack_publicize_message":"","jetpack_publicize_feature_enabled":true,"jetpack_social_post_already_shared":true,"jetpack_social_options":{"image_generator_settings":{"template":"highway","enabled":false},"version":2}},"categories":[12],"tags":[],"class_list":{"0":"post-1868","1":"post","2":"type-post","3":"status-publish","4":"format-standard","5":"has-post-thumbnail","7":"category-espectaculos"},"jetpack_publicize_connections":[],"yoast_head":"<!-- This site is optimized with the Yoast SEO plugin v27.3 - https:\/\/yoast.com\/product\/yoast-seo-wordpress\/ -->\n<title>La madre de Alexis Mac Allister habl\u00f3 tras el fallo por la demanda de Cami Mayan: \u201cConsigui\u00f3 trabajo gracias a \u00e9l\u201d - CLAN ESPECTACULOS<\/title>\n<meta name=\"robots\" content=\"index, follow, max-snippet:-1, max-image-preview:large, max-video-preview:-1\" \/>\n<link rel=\"canonical\" href=\"https:\/\/radioclanfm.com\/clanespectaculos\/la-madre-de-alexis-mac-allister-hablo-tras-el-fallo-por-la-demanda-de-cami-mayan-consiguio-trabajo-gracias-a-el\/\" \/>\n<meta property=\"og:locale\" content=\"es_ES\" \/>\n<meta property=\"og:type\" content=\"article\" \/>\n<meta property=\"og:title\" content=\"La madre de Alexis Mac Allister habl\u00f3 tras el fallo por la demanda de Cami Mayan: \u201cConsigui\u00f3 trabajo gracias a \u00e9l\u201d - CLAN ESPECTACULOS\" \/>\n<meta property=\"og:description\" content=\"La madre de\u00a0Alexis Mac Allister, Silvina Riela, expres\u00f3 su descontento por la exposici\u00f3n medi\u00e1tica de la vida privada de su hijo y cuestion\u00f3 la demanda millonaria de\u00a0Camila Mayan\u00a0tras\u00a0la reciente resoluci\u00f3n judicial.\u00a0La Justicia argentina determin\u00f3 que el reclamo econ\u00f3mico de la joven contra el futbolista se resolver\u00e1 bajo la jurisdicci\u00f3n de Inglaterra, lo que representa un [&hellip;]\" \/>\n<meta property=\"og:url\" content=\"https:\/\/radioclanfm.com\/clanespectaculos\/la-madre-de-alexis-mac-allister-hablo-tras-el-fallo-por-la-demanda-de-cami-mayan-consiguio-trabajo-gracias-a-el\/\" \/>\n<meta property=\"og:site_name\" content=\"CLAN ESPECTACULOS\" \/>\n<meta property=\"article:publisher\" content=\"https:\/\/www.facebook.com\/clanespectaculos\/\" \/>\n<meta property=\"article:published_time\" content=\"2025-06-18T20:29:40+00:00\" \/>\n<meta property=\"og:image\" content=\"https:\/\/radioclanfm.com\/clanespectaculos\/wp-content\/uploads\/sites\/2\/2025\/06\/QHkh4gJo.jpg\" \/>\n\t<meta property=\"og:image:width\" content=\"900\" \/>\n\t<meta property=\"og:image:height\" content=\"450\" \/>\n\t<meta property=\"og:image:type\" content=\"image\/jpeg\" \/>\n<meta name=\"author\" content=\"E-GRUPOCLAN\" \/>\n<meta name=\"twitter:card\" content=\"summary_large_image\" \/>\n<meta name=\"twitter:creator\" content=\"@clanespectok\" \/>\n<meta name=\"twitter:site\" content=\"@clanespectok\" \/>\n<meta name=\"twitter:label1\" content=\"Escrito por\" \/>\n\t<meta name=\"twitter:data1\" content=\"E-GRUPOCLAN\" \/>\n\t<meta name=\"twitter:label2\" content=\"Tiempo de lectura\" \/>\n\t<meta name=\"twitter:data2\" content=\"4 minutos\" \/>\n<script type=\"application\/ld+json\" class=\"yoast-schema-graph\">{\"@context\":\"https:\\\/\\\/schema.org\",\"@graph\":[{\"@type\":\"Article\",\"@id\":\"https:\\\/\\\/radioclanfm.com\\\/clanespectaculos\\\/la-madre-de-alexis-mac-allister-hablo-tras-el-fallo-por-la-demanda-de-cami-mayan-consiguio-trabajo-gracias-a-el\\\/#article\",\"isPartOf\":{\"@id\":\"https:\\\/\\\/radioclanfm.com\\\/clanespectaculos\\\/la-madre-de-alexis-mac-allister-hablo-tras-el-fallo-por-la-demanda-de-cami-mayan-consiguio-trabajo-gracias-a-el\\\/\"},\"author\":{\"name\":\"E-GRUPOCLAN\",\"@id\":\"https:\\\/\\\/radioclanfm.com\\\/clanespectaculos\\\/#\\\/schema\\\/person\\\/9734813083303230f3ad84d99171b20c\"},\"headline\":\"La madre de Alexis Mac Allister habl\u00f3 tras el fallo por la demanda de Cami Mayan: \u201cConsigui\u00f3 trabajo gracias a \u00e9l\u201d\",\"datePublished\":\"2025-06-18T20:29:40+00:00\",\"mainEntityOfPage\":{\"@id\":\"https:\\\/\\\/radioclanfm.com\\\/clanespectaculos\\\/la-madre-de-alexis-mac-allister-hablo-tras-el-fallo-por-la-demanda-de-cami-mayan-consiguio-trabajo-gracias-a-el\\\/\"},\"wordCount\":722,\"commentCount\":0,\"publisher\":{\"@id\":\"https:\\\/\\\/radioclanfm.com\\\/clanespectaculos\\\/#organization\"},\"image\":{\"@id\":\"https:\\\/\\\/radioclanfm.com\\\/clanespectaculos\\\/la-madre-de-alexis-mac-allister-hablo-tras-el-fallo-por-la-demanda-de-cami-mayan-consiguio-trabajo-gracias-a-el\\\/#primaryimage\"},\"thumbnailUrl\":\"https:\\\/\\\/radioclanfm.com\\\/clanespectaculos\\\/wp-content\\\/uploads\\\/sites\\\/2\\\/2025\\\/06\\\/QHkh4gJo.jpg\",\"articleSection\":[\"Espectaculos\"],\"inLanguage\":\"es-AR\",\"potentialAction\":[{\"@type\":\"CommentAction\",\"name\":\"Comment\",\"target\":[\"https:\\\/\\\/radioclanfm.com\\\/clanespectaculos\\\/la-madre-de-alexis-mac-allister-hablo-tras-el-fallo-por-la-demanda-de-cami-mayan-consiguio-trabajo-gracias-a-el\\\/#respond\"]}]},{\"@type\":\"WebPage\",\"@id\":\"https:\\\/\\\/radioclanfm.com\\\/clanespectaculos\\\/la-madre-de-alexis-mac-allister-hablo-tras-el-fallo-por-la-demanda-de-cami-mayan-consiguio-trabajo-gracias-a-el\\\/\",\"url\":\"https:\\\/\\\/radioclanfm.com\\\/clanespectaculos\\\/la-madre-de-alexis-mac-allister-hablo-tras-el-fallo-por-la-demanda-de-cami-mayan-consiguio-trabajo-gracias-a-el\\\/\",\"name\":\"La madre de Alexis Mac Allister habl\u00f3 tras el fallo por la demanda de Cami Mayan: \u201cConsigui\u00f3 trabajo gracias a \u00e9l\u201d - CLAN ESPECTACULOS\",\"isPartOf\":{\"@id\":\"https:\\\/\\\/radioclanfm.com\\\/clanespectaculos\\\/#website\"},\"primaryImageOfPage\":{\"@id\":\"https:\\\/\\\/radioclanfm.com\\\/clanespectaculos\\\/la-madre-de-alexis-mac-allister-hablo-tras-el-fallo-por-la-demanda-de-cami-mayan-consiguio-trabajo-gracias-a-el\\\/#primaryimage\"},\"image\":{\"@id\":\"https:\\\/\\\/radioclanfm.com\\\/clanespectaculos\\\/la-madre-de-alexis-mac-allister-hablo-tras-el-fallo-por-la-demanda-de-cami-mayan-consiguio-trabajo-gracias-a-el\\\/#primaryimage\"},\"thumbnailUrl\":\"https:\\\/\\\/radioclanfm.com\\\/clanespectaculos\\\/wp-content\\\/uploads\\\/sites\\\/2\\\/2025\\\/06\\\/QHkh4gJo.jpg\",\"datePublished\":\"2025-06-18T20:29:40+00:00\",\"breadcrumb\":{\"@id\":\"https:\\\/\\\/radioclanfm.com\\\/clanespectaculos\\\/la-madre-de-alexis-mac-allister-hablo-tras-el-fallo-por-la-demanda-de-cami-mayan-consiguio-trabajo-gracias-a-el\\\/#breadcrumb\"},\"inLanguage\":\"es-AR\",\"potentialAction\":[{\"@type\":\"ReadAction\",\"target\":[\"https:\\\/\\\/radioclanfm.com\\\/clanespectaculos\\\/la-madre-de-alexis-mac-allister-hablo-tras-el-fallo-por-la-demanda-de-cami-mayan-consiguio-trabajo-gracias-a-el\\\/\"]}]},{\"@type\":\"ImageObject\",\"inLanguage\":\"es-AR\",\"@id\":\"https:\\\/\\\/radioclanfm.com\\\/clanespectaculos\\\/la-madre-de-alexis-mac-allister-hablo-tras-el-fallo-por-la-demanda-de-cami-mayan-consiguio-trabajo-gracias-a-el\\\/#primaryimage\",\"url\":\"https:\\\/\\\/radioclanfm.com\\\/clanespectaculos\\\/wp-content\\\/uploads\\\/sites\\\/2\\\/2025\\\/06\\\/QHkh4gJo.jpg\",\"contentUrl\":\"https:\\\/\\\/radioclanfm.com\\\/clanespectaculos\\\/wp-content\\\/uploads\\\/sites\\\/2\\\/2025\\\/06\\\/QHkh4gJo.jpg\",\"width\":900,\"height\":450},{\"@type\":\"BreadcrumbList\",\"@id\":\"https:\\\/\\\/radioclanfm.com\\\/clanespectaculos\\\/la-madre-de-alexis-mac-allister-hablo-tras-el-fallo-por-la-demanda-de-cami-mayan-consiguio-trabajo-gracias-a-el\\\/#breadcrumb\",\"itemListElement\":[{\"@type\":\"ListItem\",\"position\":1,\"name\":\"Inicio\",\"item\":\"https:\\\/\\\/radioclanfm.com\\\/clanespectaculos\\\/\"},{\"@type\":\"ListItem\",\"position\":2,\"name\":\"La madre de Alexis Mac Allister habl\u00f3 tras el fallo por la demanda de Cami Mayan: \u201cConsigui\u00f3 trabajo gracias a \u00e9l\u201d\"}]},{\"@type\":\"WebSite\",\"@id\":\"https:\\\/\\\/radioclanfm.com\\\/clanespectaculos\\\/#website\",\"url\":\"https:\\\/\\\/radioclanfm.com\\\/clanespectaculos\\\/\",\"name\":\"CLAN ESPECTACULOS\",\"description\":\"\",\"publisher\":{\"@id\":\"https:\\\/\\\/radioclanfm.com\\\/clanespectaculos\\\/#organization\"},\"potentialAction\":[{\"@type\":\"SearchAction\",\"target\":{\"@type\":\"EntryPoint\",\"urlTemplate\":\"https:\\\/\\\/radioclanfm.com\\\/clanespectaculos\\\/?s={search_term_string}\"},\"query-input\":{\"@type\":\"PropertyValueSpecification\",\"valueRequired\":true,\"valueName\":\"search_term_string\"}}],\"inLanguage\":\"es-AR\"},{\"@type\":\"Organization\",\"@id\":\"https:\\\/\\\/radioclanfm.com\\\/clanespectaculos\\\/#organization\",\"name\":\"CLAN ESPECTACULOS\",\"url\":\"https:\\\/\\\/radioclanfm.com\\\/clanespectaculos\\\/\",\"logo\":{\"@type\":\"ImageObject\",\"inLanguage\":\"es-AR\",\"@id\":\"https:\\\/\\\/radioclanfm.com\\\/clanespectaculos\\\/#\\\/schema\\\/logo\\\/image\\\/\",\"url\":\"https:\\\/\\\/radioclanfm.com\\\/clanespectaculos\\\/wp-content\\\/uploads\\\/sites\\\/2\\\/2026\\\/04\\\/ChatGPT-Image-23-mar-2026-10_09_00.png\",\"contentUrl\":\"https:\\\/\\\/radioclanfm.com\\\/clanespectaculos\\\/wp-content\\\/uploads\\\/sites\\\/2\\\/2026\\\/04\\\/ChatGPT-Image-23-mar-2026-10_09_00.png\",\"width\":1024,\"height\":1024,\"caption\":\"CLAN ESPECTACULOS\"},\"image\":{\"@id\":\"https:\\\/\\\/radioclanfm.com\\\/clanespectaculos\\\/#\\\/schema\\\/logo\\\/image\\\/\"},\"sameAs\":[\"https:\\\/\\\/www.facebook.com\\\/clanespectaculos\\\/\",\"https:\\\/\\\/x.com\\\/clanespectok\"]},{\"@type\":\"Person\",\"@id\":\"https:\\\/\\\/radioclanfm.com\\\/clanespectaculos\\\/#\\\/schema\\\/person\\\/9734813083303230f3ad84d99171b20c\",\"name\":\"E-GRUPOCLAN\",\"image\":{\"@type\":\"ImageObject\",\"inLanguage\":\"es-AR\",\"@id\":\"https:\\\/\\\/secure.gravatar.com\\\/avatar\\\/af6e19837c3d6a212034a48c7b3818d2ac1826f6025df0155da5a186ad321d79?s=96&d=mm&r=g\",\"url\":\"https:\\\/\\\/secure.gravatar.com\\\/avatar\\\/af6e19837c3d6a212034a48c7b3818d2ac1826f6025df0155da5a186ad321d79?s=96&d=mm&r=g\",\"contentUrl\":\"https:\\\/\\\/secure.gravatar.com\\\/avatar\\\/af6e19837c3d6a212034a48c7b3818d2ac1826f6025df0155da5a186ad321d79?s=96&d=mm&r=g\",\"caption\":\"E-GRUPOCLAN\"},\"sameAs\":[\"https:\\\/\\\/radioclanfm.com\"],\"url\":\"https:\\\/\\\/radioclanfm.com\\\/clanespectaculos\\\/author\\\/admin\\\/\"}]}<\/script>\n<!-- \/ Yoast SEO plugin. -->","yoast_head_json":{"title":"La madre de Alexis Mac Allister habl\u00f3 tras el fallo por la demanda de Cami Mayan: \u201cConsigui\u00f3 trabajo gracias a \u00e9l\u201d - CLAN ESPECTACULOS","robots":{"index":"index","follow":"follow","max-snippet":"max-snippet:-1","max-image-preview":"max-image-preview:large","max-video-preview":"max-video-preview:-1"},"canonical":"https:\/\/radioclanfm.com\/clanespectaculos\/la-madre-de-alexis-mac-allister-hablo-tras-el-fallo-por-la-demanda-de-cami-mayan-consiguio-trabajo-gracias-a-el\/","og_locale":"es_ES","og_type":"article","og_title":"La madre de Alexis Mac Allister habl\u00f3 tras el fallo por la demanda de Cami Mayan: \u201cConsigui\u00f3 trabajo gracias a \u00e9l\u201d - CLAN ESPECTACULOS","og_description":"La madre de\u00a0Alexis Mac Allister, Silvina Riela, expres\u00f3 su descontento por la exposici\u00f3n medi\u00e1tica de la vida privada de su hijo y cuestion\u00f3 la demanda millonaria de\u00a0Camila Mayan\u00a0tras\u00a0la reciente resoluci\u00f3n judicial.\u00a0La Justicia argentina determin\u00f3 que el reclamo econ\u00f3mico de la joven contra el futbolista se resolver\u00e1 bajo la jurisdicci\u00f3n de Inglaterra, lo que representa un [&hellip;]","og_url":"https:\/\/radioclanfm.com\/clanespectaculos\/la-madre-de-alexis-mac-allister-hablo-tras-el-fallo-por-la-demanda-de-cami-mayan-consiguio-trabajo-gracias-a-el\/","og_site_name":"CLAN ESPECTACULOS","article_publisher":"https:\/\/www.facebook.com\/clanespectaculos\/","article_published_time":"2025-06-18T20:29:40+00:00","og_image":[{"width":900,"height":450,"url":"https:\/\/radioclanfm.com\/clanespectaculos\/wp-content\/uploads\/sites\/2\/2025\/06\/QHkh4gJo.jpg","type":"image\/jpeg"}],"author":"E-GRUPOCLAN","twitter_card":"summary_large_image","twitter_creator":"@clanespectok","twitter_site":"@clanespectok","twitter_misc":{"Escrito por":"E-GRUPOCLAN","Tiempo de lectura":"4 minutos"},"schema":{"@context":"https:\/\/schema.org","@graph":[{"@type":"Article","@id":"https:\/\/radioclanfm.com\/clanespectaculos\/la-madre-de-alexis-mac-allister-hablo-tras-el-fallo-por-la-demanda-de-cami-mayan-consiguio-trabajo-gracias-a-el\/#article","isPartOf":{"@id":"https:\/\/radioclanfm.com\/clanespectaculos\/la-madre-de-alexis-mac-allister-hablo-tras-el-fallo-por-la-demanda-de-cami-mayan-consiguio-trabajo-gracias-a-el\/"},"author":{"name":"E-GRUPOCLAN","@id":"https:\/\/radioclanfm.com\/clanespectaculos\/#\/schema\/person\/9734813083303230f3ad84d99171b20c"},"headline":"La madre de Alexis Mac Allister habl\u00f3 tras el fallo por la demanda de Cami Mayan: \u201cConsigui\u00f3 trabajo gracias a \u00e9l\u201d","datePublished":"2025-06-18T20:29:40+00:00","mainEntityOfPage":{"@id":"https:\/\/radioclanfm.com\/clanespectaculos\/la-madre-de-alexis-mac-allister-hablo-tras-el-fallo-por-la-demanda-de-cami-mayan-consiguio-trabajo-gracias-a-el\/"},"wordCount":722,"commentCount":0,"publisher":{"@id":"https:\/\/radioclanfm.com\/clanespectaculos\/#organization"},"image":{"@id":"https:\/\/radioclanfm.com\/clanespectaculos\/la-madre-de-alexis-mac-allister-hablo-tras-el-fallo-por-la-demanda-de-cami-mayan-consiguio-trabajo-gracias-a-el\/#primaryimage"},"thumbnailUrl":"https:\/\/radioclanfm.com\/clanespectaculos\/wp-content\/uploads\/sites\/2\/2025\/06\/QHkh4gJo.jpg","articleSection":["Espectaculos"],"inLanguage":"es-AR","potentialAction":[{"@type":"CommentAction","name":"Comment","target":["https:\/\/radioclanfm.com\/clanespectaculos\/la-madre-de-alexis-mac-allister-hablo-tras-el-fallo-por-la-demanda-de-cami-mayan-consiguio-trabajo-gracias-a-el\/#respond"]}]},{"@type":"WebPage","@id":"https:\/\/radioclanfm.com\/clanespectaculos\/la-madre-de-alexis-mac-allister-hablo-tras-el-fallo-por-la-demanda-de-cami-mayan-consiguio-trabajo-gracias-a-el\/","url":"https:\/\/radioclanfm.com\/clanespectaculos\/la-madre-de-alexis-mac-allister-hablo-tras-el-fallo-por-la-demanda-de-cami-mayan-consiguio-trabajo-gracias-a-el\/","name":"La madre de Alexis Mac Allister habl\u00f3 tras el fallo por la demanda de Cami Mayan: \u201cConsigui\u00f3 trabajo gracias a \u00e9l\u201d - CLAN ESPECTACULOS","isPartOf":{"@id":"https:\/\/radioclanfm.com\/clanespectaculos\/#website"},"primaryImageOfPage":{"@id":"https:\/\/radioclanfm.com\/clanespectaculos\/la-madre-de-alexis-mac-allister-hablo-tras-el-fallo-por-la-demanda-de-cami-mayan-consiguio-trabajo-gracias-a-el\/#primaryimage"},"image":{"@id":"https:\/\/radioclanfm.com\/clanespectaculos\/la-madre-de-alexis-mac-allister-hablo-tras-el-fallo-por-la-demanda-de-cami-mayan-consiguio-trabajo-gracias-a-el\/#primaryimage"},"thumbnailUrl":"https:\/\/radioclanfm.com\/clanespectaculos\/wp-content\/uploads\/sites\/2\/2025\/06\/QHkh4gJo.jpg","datePublished":"2025-06-18T20:29:40+00:00","breadcrumb":{"@id":"https:\/\/radioclanfm.com\/clanespectaculos\/la-madre-de-alexis-mac-allister-hablo-tras-el-fallo-por-la-demanda-de-cami-mayan-consiguio-trabajo-gracias-a-el\/#breadcrumb"},"inLanguage":"es-AR","potentialAction":[{"@type":"ReadAction","target":["https:\/\/radioclanfm.com\/clanespectaculos\/la-madre-de-alexis-mac-allister-hablo-tras-el-fallo-por-la-demanda-de-cami-mayan-consiguio-trabajo-gracias-a-el\/"]}]},{"@type":"ImageObject","inLanguage":"es-AR","@id":"https:\/\/radioclanfm.com\/clanespectaculos\/la-madre-de-alexis-mac-allister-hablo-tras-el-fallo-por-la-demanda-de-cami-mayan-consiguio-trabajo-gracias-a-el\/#primaryimage","url":"https:\/\/radioclanfm.com\/clanespectaculos\/wp-content\/uploads\/sites\/2\/2025\/06\/QHkh4gJo.jpg","contentUrl":"https:\/\/radioclanfm.com\/clanespectaculos\/wp-content\/uploads\/sites\/2\/2025\/06\/QHkh4gJo.jpg","width":900,"height":450},{"@type":"BreadcrumbList","@id":"https:\/\/radioclanfm.com\/clanespectaculos\/la-madre-de-alexis-mac-allister-hablo-tras-el-fallo-por-la-demanda-de-cami-mayan-consiguio-trabajo-gracias-a-el\/#breadcrumb","itemListElement":[{"@type":"ListItem","position":1,"name":"Inicio","item":"https:\/\/radioclanfm.com\/clanespectaculos\/"},{"@type":"ListItem","position":2,"name":"La madre de Alexis Mac Allister habl\u00f3 tras el fallo por la demanda de Cami Mayan: \u201cConsigui\u00f3 trabajo gracias a \u00e9l\u201d"}]},{"@type":"WebSite","@id":"https:\/\/radioclanfm.com\/clanespectaculos\/#website","url":"https:\/\/radioclanfm.com\/clanespectaculos\/","name":"CLAN ESPECTACULOS","description":"","publisher":{"@id":"https:\/\/radioclanfm.com\/clanespectaculos\/#organization"},"potentialAction":[{"@type":"SearchAction","target":{"@type":"EntryPoint","urlTemplate":"https:\/\/radioclanfm.com\/clanespectaculos\/?s={search_term_string}"},"query-input":{"@type":"PropertyValueSpecification","valueRequired":true,"valueName":"search_term_string"}}],"inLanguage":"es-AR"},{"@type":"Organization","@id":"https:\/\/radioclanfm.com\/clanespectaculos\/#organization","name":"CLAN ESPECTACULOS","url":"https:\/\/radioclanfm.com\/clanespectaculos\/","logo":{"@type":"ImageObject","inLanguage":"es-AR","@id":"https:\/\/radioclanfm.com\/clanespectaculos\/#\/schema\/logo\/image\/","url":"https:\/\/radioclanfm.com\/clanespectaculos\/wp-content\/uploads\/sites\/2\/2026\/04\/ChatGPT-Image-23-mar-2026-10_09_00.png","contentUrl":"https:\/\/radioclanfm.com\/clanespectaculos\/wp-content\/uploads\/sites\/2\/2026\/04\/ChatGPT-Image-23-mar-2026-10_09_00.png","width":1024,"height":1024,"caption":"CLAN ESPECTACULOS"},"image":{"@id":"https:\/\/radioclanfm.com\/clanespectaculos\/#\/schema\/logo\/image\/"},"sameAs":["https:\/\/www.facebook.com\/clanespectaculos\/","https:\/\/x.com\/clanespectok"]},{"@type":"Person","@id":"https:\/\/radioclanfm.com\/clanespectaculos\/#\/schema\/person\/9734813083303230f3ad84d99171b20c","name":"E-GRUPOCLAN","image":{"@type":"ImageObject","inLanguage":"es-AR","@id":"https:\/\/secure.gravatar.com\/avatar\/af6e19837c3d6a212034a48c7b3818d2ac1826f6025df0155da5a186ad321d79?s=96&d=mm&r=g","url":"https:\/\/secure.gravatar.com\/avatar\/af6e19837c3d6a212034a48c7b3818d2ac1826f6025df0155da5a186ad321d79?s=96&d=mm&r=g","contentUrl":"https:\/\/secure.gravatar.com\/avatar\/af6e19837c3d6a212034a48c7b3818d2ac1826f6025df0155da5a186ad321d79?s=96&d=mm&r=g","caption":"E-GRUPOCLAN"},"sameAs":["https:\/\/radioclanfm.com"],"url":"https:\/\/radioclanfm.com\/clanespectaculos\/author\/admin\/"}]}},"_links":{"self":[{"href":"https:\/\/radioclanfm.com\/clanespectaculos\/wp-json\/wp\/v2\/posts\/1868","targetHints":{"allow":["GET"]}}],"collection":[{"href":"https:\/\/radioclanfm.com\/clanespectaculos\/wp-json\/wp\/v2\/posts"}],"about":[{"href":"https:\/\/radioclanfm.com\/clanespectaculos\/wp-json\/wp\/v2\/types\/post"}],"author":[{"embeddable":true,"href":"https:\/\/radioclanfm.com\/clanespectaculos\/wp-json\/wp\/v2\/users\/1"}],"replies":[{"embeddable":true,"href":"https:\/\/radioclanfm.com\/clanespectaculos\/wp-json\/wp\/v2\/comments?post=1868"}],"version-history":[{"count":1,"href":"https:\/\/radioclanfm.com\/clanespectaculos\/wp-json\/wp\/v2\/posts\/1868\/revisions"}],"predecessor-version":[{"id":1872,"href":"https:\/\/radioclanfm.com\/clanespectaculos\/wp-json\/wp\/v2\/posts\/1868\/revisions\/1872"}],"wp:featuredmedia":[{"embeddable":true,"href":"https:\/\/radioclanfm.com\/clanespectaculos\/wp-json\/wp\/v2\/media\/1871"}],"wp:attachment":[{"href":"https:\/\/radioclanfm.com\/clanespectaculos\/wp-json\/wp\/v2\/media?parent=1868"}],"wp:term":[{"taxonomy":"category","embeddable":true,"href":"https:\/\/radioclanfm.com\/clanespectaculos\/wp-json\/wp\/v2\/categories?post=1868"},{"taxonomy":"post_tag","embeddable":true,"href":"https:\/\/radioclanfm.com\/clanespectaculos\/wp-json\/wp\/v2\/tags?post=1868"}],"curies":[{"name":"wp","href":"https:\/\/api.w.org\/{rel}","templated":true}]}}