{"id":1863,"date":"2025-06-18T17:28:27","date_gmt":"2025-06-18T20:28:27","guid":{"rendered":"https:\/\/radioclanfm.com\/clanespectaculos\/?p=1863"},"modified":"2025-06-18T17:28:27","modified_gmt":"2025-06-18T20:28:27","slug":"las-vacaciones-de-catherine-fulop-con-su-esposo-ova-y-su-hija-oriana-sabatini-en-miami-microbikinis-delfines-y-sol","status":"publish","type":"post","link":"https:\/\/radioclanfm.com\/clanespectaculos\/las-vacaciones-de-catherine-fulop-con-su-esposo-ova-y-su-hija-oriana-sabatini-en-miami-microbikinis-delfines-y-sol\/","title":{"rendered":"Las vacaciones de Catherine Fulop con su esposo Ova y su hija Oriana Sabatini en Miami: microbikinis, delfines y sol"},"content":{"rendered":"<p>La actriz mostr\u00f3 en sus redes sociales los d\u00edas junto a su marido y su hija disfrutando de las playas de La Florida<\/p>\n<p class=\"paragraph\" data-mrf-recirculation=\"Links inline\"><b>Catherine Fulop<\/b>\u00a0y\u00a0<b>Ova Sabatini<\/b>\u00a0viajaron a Miami para encontrarse con<b>\u00a0<\/b><b>Oriana\u00a0<\/b>y\u00a0<b>Paulo Dybala<\/b>, quien est\u00e1 disfrutando del Mundial de Clubes. En este contexto de vacaciones familiares, Cathy subi\u00f3 varias postales en sus redes sociales desde los Cayos de Miami, donde no solo se puede ver el disfrute de la familia al completo, sino tambi\u00e9n la fauna presente en el mar. Por su parte, la actriz venezolana deslumbr\u00f3 con una microbikini que es tendencia.<\/p>\n<div class=\"news-module\" data-mrf-recirculation=\"IL_Ct0zZTd2RqSjHGMXsLzz7w\" data-testid=\"text-html\" data-mrf-experience=\"IL_Ct0zZTd2RqSjHGMXsLzz7w\">\n<div class=\"recommended-card__image-container\"><\/div>\n<\/div>\n<p class=\"paragraph\" data-mrf-recirculation=\"Links inline\">En las im\u00e1genes que comparti\u00f3 en sus redes sociales, la actriz eligi\u00f3 un dise\u00f1o de dos piezas en azul marino y blanco: el corpi\u00f1o triangular de breteles finos y base blanca lo llev\u00f3 al rev\u00e9s, una tendencia que ha cobrado fuerza en los \u00faltimos meses. La bombacha, de tiro bajo y molder\u00eda cavada, suma detalles de lazos en los laterales que se atan a modo de mo\u00f1o, acentuando el aire juvenil y relajado del conjunto.<\/p>\n<div class=\"inline ad-wrapper\">\n<div class=\"dfpAd ad-inline\"><\/div>\n<\/div>\n<p class=\"paragraph\" data-mrf-recirculation=\"Links inline\">Para complementar el look, Fulop opt\u00f3 por accesorios funcionales y estilosos. El sombrero piluso tejido en color tostado no solo aporta un toque bohemio, sino que tambi\u00e9n resulta una elecci\u00f3n pr\u00e1ctica para los d\u00edas de mucho sol. La actriz decidi\u00f3 mostrarse al natural, sin maquillaje, con el pelo suelto y ondas playeras, una elecci\u00f3n alineada con el esp\u00edritu de las vacaciones y el tiempo en familia. \u201cBello d\u00eda con familia y amigos\u201d, fue todo lo que escribi\u00f3 Cathy en el pie del carrete.<\/p>\n<div class=\"news-module\" data-mrf-recirculation=\"IL_RjJ8XQ94SCCdND4VX9YvyQ\" data-testid=\"text-html\" data-mrf-experience=\"IL_RjJ8XQ94SCCdND4VX9YvyQ\">\n<div class=\"recommended-card__image-container\"><\/div>\n<\/div>\n<div class=\"visual__image\"><picture><source srcset=\"https:\/\/www.infobae.com\/resizer\/v2\/6WTIKHABIFELDMRTNYXVBKG3QI.jpg?auth=e72f222adc7b1c151cb3a1f23f716d82281fc421bddbf7a38b27849c42b0f49c&amp;smart=true&amp;width=992&amp;height=1323&amp;quality=85\" media=\"(min-width: 1000px)\" \/><source srcset=\"https:\/\/www.infobae.com\/resizer\/v2\/6WTIKHABIFELDMRTNYXVBKG3QI.jpg?auth=e72f222adc7b1c151cb3a1f23f716d82281fc421bddbf7a38b27849c42b0f49c&amp;smart=true&amp;width=768&amp;height=1024&amp;quality=85\" media=\"(min-width: 768px)\" \/><source srcset=\"https:\/\/www.infobae.com\/resizer\/v2\/6WTIKHABIFELDMRTNYXVBKG3QI.jpg?auth=e72f222adc7b1c151cb3a1f23f716d82281fc421bddbf7a38b27849c42b0f49c&amp;smart=true&amp;width=577&amp;height=769&amp;quality=85\" media=\"(min-width: 580px)\" \/><source srcset=\"https:\/\/www.infobae.com\/resizer\/v2\/6WTIKHABIFELDMRTNYXVBKG3QI.jpg?auth=e72f222adc7b1c151cb3a1f23f716d82281fc421bddbf7a38b27849c42b0f49c&amp;smart=true&amp;width=420&amp;height=560&amp;quality=85\" media=\"(min-width: 350px)\" \/><source srcset=\"https:\/\/www.infobae.com\/resizer\/v2\/6WTIKHABIFELDMRTNYXVBKG3QI.jpg?auth=e72f222adc7b1c151cb3a1f23f716d82281fc421bddbf7a38b27849c42b0f49c&amp;smart=true&amp;width=350&amp;height=467&amp;quality=85\" media=\"(min-width: 80px)\" \/><img loading=\"lazy\" decoding=\"async\" class=\"global-image\" src=\"https:\/\/www.infobae.com\/resizer\/v2\/6WTIKHABIFELDMRTNYXVBKG3QI.jpg?auth=e72f222adc7b1c151cb3a1f23f716d82281fc421bddbf7a38b27849c42b0f49c&amp;smart=true&amp;width=350&amp;height=467&amp;quality=85\" alt=\"Fulop eligi\u00f3 una microbikini azul\" width=\"1080\" height=\"1439\" \/><\/picture>Fulop eligi\u00f3 una microbikini azul Francia<\/div>\n<div class=\"visual__image\"><picture><source srcset=\"https:\/\/www.infobae.com\/resizer\/v2\/5UUGRM4JQNHEPNJODD6TPP5WNY.jpg?auth=dde47199b4792c8320ffb8ea73bcf13abb770e79730318dfd83a314f190c4bbf&amp;smart=true&amp;width=992&amp;height=1323&amp;quality=85\" media=\"(min-width: 1000px)\" \/><source srcset=\"https:\/\/www.infobae.com\/resizer\/v2\/5UUGRM4JQNHEPNJODD6TPP5WNY.jpg?auth=dde47199b4792c8320ffb8ea73bcf13abb770e79730318dfd83a314f190c4bbf&amp;smart=true&amp;width=768&amp;height=1024&amp;quality=85\" media=\"(min-width: 768px)\" \/><source srcset=\"https:\/\/www.infobae.com\/resizer\/v2\/5UUGRM4JQNHEPNJODD6TPP5WNY.jpg?auth=dde47199b4792c8320ffb8ea73bcf13abb770e79730318dfd83a314f190c4bbf&amp;smart=true&amp;width=577&amp;height=769&amp;quality=85\" media=\"(min-width: 580px)\" \/><source srcset=\"https:\/\/www.infobae.com\/resizer\/v2\/5UUGRM4JQNHEPNJODD6TPP5WNY.jpg?auth=dde47199b4792c8320ffb8ea73bcf13abb770e79730318dfd83a314f190c4bbf&amp;smart=true&amp;width=420&amp;height=560&amp;quality=85\" media=\"(min-width: 350px)\" \/><source srcset=\"https:\/\/www.infobae.com\/resizer\/v2\/5UUGRM4JQNHEPNJODD6TPP5WNY.jpg?auth=dde47199b4792c8320ffb8ea73bcf13abb770e79730318dfd83a314f190c4bbf&amp;smart=true&amp;width=350&amp;height=467&amp;quality=85\" media=\"(min-width: 80px)\" \/><img loading=\"lazy\" decoding=\"async\" class=\"global-image\" src=\"https:\/\/www.infobae.com\/resizer\/v2\/5UUGRM4JQNHEPNJODD6TPP5WNY.jpg?auth=dde47199b4792c8320ffb8ea73bcf13abb770e79730318dfd83a314f190c4bbf&amp;smart=true&amp;width=350&amp;height=467&amp;quality=85\" alt=\"El matrimonio disfrut\u00f3 del muelle\" width=\"1080\" height=\"1439\" \/><\/picture>El matrimonio disfrut\u00f3 del muelle privado<\/div>\n<p class=\"paragraph\" data-mrf-recirculation=\"Links inline\">En una de las im\u00e1genes, se la ve junto a su esposo, Osvaldo \u201cOva\u201d Sabatini, sobre el muelle privado, rodeado de aguas turquesas y palmeras, y sentados al lado de su yerno, el delantero de la Roma. Catherine luce un sombrero piluso tejido en tono tostado y una bikini en tonos verdes, dibujando una sonrisa que refleja el esp\u00edritu relajado de las vacaciones. Ova acompa\u00f1a la postal con una expresi\u00f3n distendida y una musculosa negra, formando parte de un entorno que combina naturaleza y calma.<\/p>\n<div class=\"inline_2_DSK ad-wrapper ad-desktop\">\n<div class=\"dfpAd ad-inline\"><\/div>\n<\/div>\n<p class=\"paragraph\" data-mrf-recirculation=\"Links inline\">Parte central del \u00e1lbum familiar lo ocupa la relaci\u00f3n de Catherine con su hija Oriana Sabatini, quien tambi\u00e9n eligi\u00f3 el destino para compartir jornadas de playa. En la imagen madre e hija posan juntas bajo un cielo azul, ambas con microbikinis y sin maquillaje, priorizando la naturalidad, Oriana aparece con una microbikini verde militar, el pelo suelto y ondas playeras. La complicidad se manifiesta en sus gestos y en el tono espont\u00e1neo que transmiten frente a la c\u00e1mara.<\/p>\n<div class=\"news-module\" data-mrf-recirculation=\"IL_wPVu_IE4S76a5Gsl0lX8mA\" data-testid=\"text-html\" data-mrf-experience=\"IL_wPVu_IE4S76a5Gsl0lX8mA\">\n<div class=\"recommended-card__image-container\"><\/div>\n<\/div>\n<p class=\"paragraph\" data-mrf-recirculation=\"Links inline\">La familia Sabatini-Fulop complementa sus d\u00edas de descanso con paseos, momentos de relax en la arena y encuentros con amigos, en una temporada marcada adem\u00e1s por la expectativa que genera el Mundial de Clubes, donde Boca Juniors y River Plate figuran entre los competidores. No descartan sumar una visita al estadio para disfrutar del f\u00fatbol en medio de su estad\u00eda.<\/p>\n<div class=\"visual__image\"><picture><source srcset=\"https:\/\/www.infobae.com\/resizer\/v2\/OC524QT4HBGRBFKZQYMAEDGCZI.jpg?auth=2252890ac7b5f97ce9c900c4841eefcba2af5b129142e5e74e49b2a3e649052c&amp;smart=true&amp;width=992&amp;height=1323&amp;quality=85\" media=\"(min-width: 1000px)\" \/><source srcset=\"https:\/\/www.infobae.com\/resizer\/v2\/OC524QT4HBGRBFKZQYMAEDGCZI.jpg?auth=2252890ac7b5f97ce9c900c4841eefcba2af5b129142e5e74e49b2a3e649052c&amp;smart=true&amp;width=768&amp;height=1024&amp;quality=85\" media=\"(min-width: 768px)\" \/><source srcset=\"https:\/\/www.infobae.com\/resizer\/v2\/OC524QT4HBGRBFKZQYMAEDGCZI.jpg?auth=2252890ac7b5f97ce9c900c4841eefcba2af5b129142e5e74e49b2a3e649052c&amp;smart=true&amp;width=577&amp;height=769&amp;quality=85\" media=\"(min-width: 580px)\" \/><source srcset=\"https:\/\/www.infobae.com\/resizer\/v2\/OC524QT4HBGRBFKZQYMAEDGCZI.jpg?auth=2252890ac7b5f97ce9c900c4841eefcba2af5b129142e5e74e49b2a3e649052c&amp;smart=true&amp;width=420&amp;height=560&amp;quality=85\" media=\"(min-width: 350px)\" \/><source srcset=\"https:\/\/www.infobae.com\/resizer\/v2\/OC524QT4HBGRBFKZQYMAEDGCZI.jpg?auth=2252890ac7b5f97ce9c900c4841eefcba2af5b129142e5e74e49b2a3e649052c&amp;smart=true&amp;width=350&amp;height=467&amp;quality=85\" media=\"(min-width: 80px)\" \/><img loading=\"lazy\" decoding=\"async\" class=\"global-image\" src=\"https:\/\/www.infobae.com\/resizer\/v2\/OC524QT4HBGRBFKZQYMAEDGCZI.jpg?auth=2252890ac7b5f97ce9c900c4841eefcba2af5b129142e5e74e49b2a3e649052c&amp;smart=true&amp;width=350&amp;height=467&amp;quality=85\" alt=\"Cathy junto a Oriana en\" width=\"1080\" height=\"1439\" \/><\/picture>Cathy junto a Oriana en los Cayos de Miami<\/div>\n<div class=\"visual__image\"><picture><source srcset=\"https:\/\/www.infobae.com\/resizer\/v2\/XWD4WG22QJGRLCNKNVA7AUDAV4.jpg?auth=47b035d89778fad2fde0d32269411971aa05cb92e25e36ca52e48deae20b377a&amp;smart=true&amp;width=992&amp;height=1323&amp;quality=85\" media=\"(min-width: 1000px)\" \/><source srcset=\"https:\/\/www.infobae.com\/resizer\/v2\/XWD4WG22QJGRLCNKNVA7AUDAV4.jpg?auth=47b035d89778fad2fde0d32269411971aa05cb92e25e36ca52e48deae20b377a&amp;smart=true&amp;width=768&amp;height=1024&amp;quality=85\" media=\"(min-width: 768px)\" \/><source srcset=\"https:\/\/www.infobae.com\/resizer\/v2\/XWD4WG22QJGRLCNKNVA7AUDAV4.jpg?auth=47b035d89778fad2fde0d32269411971aa05cb92e25e36ca52e48deae20b377a&amp;smart=true&amp;width=577&amp;height=769&amp;quality=85\" media=\"(min-width: 580px)\" \/><source srcset=\"https:\/\/www.infobae.com\/resizer\/v2\/XWD4WG22QJGRLCNKNVA7AUDAV4.jpg?auth=47b035d89778fad2fde0d32269411971aa05cb92e25e36ca52e48deae20b377a&amp;smart=true&amp;width=420&amp;height=560&amp;quality=85\" media=\"(min-width: 350px)\" \/><source srcset=\"https:\/\/www.infobae.com\/resizer\/v2\/XWD4WG22QJGRLCNKNVA7AUDAV4.jpg?auth=47b035d89778fad2fde0d32269411971aa05cb92e25e36ca52e48deae20b377a&amp;smart=true&amp;width=350&amp;height=467&amp;quality=85\" media=\"(min-width: 80px)\" \/><img loading=\"lazy\" decoding=\"async\" class=\"global-image\" src=\"https:\/\/www.infobae.com\/resizer\/v2\/XWD4WG22QJGRLCNKNVA7AUDAV4.jpg?auth=47b035d89778fad2fde0d32269411971aa05cb92e25e36ca52e48deae20b377a&amp;smart=true&amp;width=350&amp;height=467&amp;quality=85\" alt=\"Catherine fue junto a su\" width=\"1080\" height=\"1437\" \/><\/picture>Catherine fue junto a su hija a Miami (Foto: Instagram)<\/div>\n<p class=\"paragraph\" data-mrf-recirculation=\"Links inline\">La familia se aloj\u00f3 en una casa frente al mar equipada con muelle privado, kayaks, hamacas, vegetaci\u00f3n tropical y vista directa a los atardeceres sobre el oc\u00e9ano. El sitio exacto donde se hospedaron coincide con una zona residencial de acceso limitado en Key Largo. Se trata de una vivienda de dise\u00f1o moderno, con amplias terrazas, palmeras integradas en el paisaje y acceso directo al mar mediante una pasarela de madera que se interna en las aguas poco profundas.<\/p>\n<p class=\"paragraph\" data-mrf-recirculation=\"Links inline\">Las publicaciones muestran a Fulop como referente de estilo y frescura, conectando tanto con su generaci\u00f3n como con los seguidores m\u00e1s j\u00f3venes, mientras comparte su vida familiar y la cercan\u00eda con Oriana, quien tambi\u00e9n publica instant\u00e1neas junto a su esposo Dybala en el mismo entorno. El verano de la familia Sabatini en Miami combina moda, momentos entra\u00f1ables y el disfrute de un paisaje paradisiaco, reflejando la autenticidad y calidez que los caracteriza.<\/p>\n<div class=\"second-saved-buttons\">\n<div class=\"body-share-note\"><\/div>\n<\/div>\n","protected":false},"excerpt":{"rendered":"<p>La actriz mostr\u00f3 en sus redes sociales los d\u00edas junto a su marido y su hija disfrutando de las playas de La Florida Catherine Fulop\u00a0y\u00a0Ova Sabatini\u00a0viajaron a Miami para encontrarse con\u00a0Oriana\u00a0y\u00a0Paulo Dybala, quien est\u00e1 disfrutando del Mundial de Clubes. En este contexto de vacaciones familiares, Cathy subi\u00f3 varias postales en sus redes sociales desde los [&hellip;]<\/p>\n","protected":false},"author":1,"featured_media":1866,"comment_status":"open","ping_status":"open","sticky":false,"template":"","format":"standard","meta":{"rop_custom_images_group":[],"rop_custom_messages_group":[],"rop_publish_now":"initial","rop_publish_now_accounts":[],"rop_publish_now_history":[],"rop_publish_now_status":"pending","footnotes":"","jetpack_publicize_message":"","jetpack_publicize_feature_enabled":true,"jetpack_social_post_already_shared":true,"jetpack_social_options":{"image_generator_settings":{"template":"highway","enabled":false},"version":2}},"categories":[12],"tags":[],"class_list":{"0":"post-1863","1":"post","2":"type-post","3":"status-publish","4":"format-standard","5":"has-post-thumbnail","7":"category-espectaculos"},"jetpack_publicize_connections":[],"yoast_head":"<!-- This site is optimized with the Yoast SEO plugin v27.3 - https:\/\/yoast.com\/product\/yoast-seo-wordpress\/ -->\n<title>Las vacaciones de Catherine Fulop con su esposo Ova y su hija Oriana Sabatini en Miami: microbikinis, delfines y sol - CLAN ESPECTACULOS<\/title>\n<meta name=\"robots\" content=\"index, follow, max-snippet:-1, max-image-preview:large, max-video-preview:-1\" \/>\n<link rel=\"canonical\" href=\"https:\/\/radioclanfm.com\/clanespectaculos\/las-vacaciones-de-catherine-fulop-con-su-esposo-ova-y-su-hija-oriana-sabatini-en-miami-microbikinis-delfines-y-sol\/\" \/>\n<meta property=\"og:locale\" content=\"es_ES\" \/>\n<meta property=\"og:type\" content=\"article\" \/>\n<meta property=\"og:title\" content=\"Las vacaciones de Catherine Fulop con su esposo Ova y su hija Oriana Sabatini en Miami: microbikinis, delfines y sol - CLAN ESPECTACULOS\" \/>\n<meta property=\"og:description\" content=\"La actriz mostr\u00f3 en sus redes sociales los d\u00edas junto a su marido y su hija disfrutando de las playas de La Florida Catherine Fulop\u00a0y\u00a0Ova Sabatini\u00a0viajaron a Miami para encontrarse con\u00a0Oriana\u00a0y\u00a0Paulo Dybala, quien est\u00e1 disfrutando del Mundial de Clubes. En este contexto de vacaciones familiares, Cathy subi\u00f3 varias postales en sus redes sociales desde los [&hellip;]\" \/>\n<meta property=\"og:url\" content=\"https:\/\/radioclanfm.com\/clanespectaculos\/las-vacaciones-de-catherine-fulop-con-su-esposo-ova-y-su-hija-oriana-sabatini-en-miami-microbikinis-delfines-y-sol\/\" \/>\n<meta property=\"og:site_name\" content=\"CLAN ESPECTACULOS\" \/>\n<meta property=\"article:publisher\" content=\"https:\/\/www.facebook.com\/clanespectaculos\/\" \/>\n<meta property=\"article:published_time\" content=\"2025-06-18T20:28:27+00:00\" \/>\n<meta property=\"og:image\" content=\"https:\/\/radioclanfm.com\/clanespectaculos\/wp-content\/uploads\/sites\/2\/2025\/06\/flT5Casv.jpg\" \/>\n\t<meta property=\"og:image:width\" content=\"900\" \/>\n\t<meta property=\"og:image:height\" content=\"450\" \/>\n\t<meta property=\"og:image:type\" content=\"image\/jpeg\" \/>\n<meta name=\"author\" content=\"E-GRUPOCLAN\" \/>\n<meta name=\"twitter:card\" content=\"summary_large_image\" \/>\n<meta name=\"twitter:creator\" content=\"@clanespectok\" \/>\n<meta name=\"twitter:site\" content=\"@clanespectok\" \/>\n<meta name=\"twitter:label1\" content=\"Escrito por\" \/>\n\t<meta name=\"twitter:data1\" content=\"E-GRUPOCLAN\" \/>\n\t<meta name=\"twitter:label2\" content=\"Tiempo de lectura\" \/>\n\t<meta name=\"twitter:data2\" content=\"3 minutos\" \/>\n<script type=\"application\/ld+json\" class=\"yoast-schema-graph\">{\"@context\":\"https:\\\/\\\/schema.org\",\"@graph\":[{\"@type\":\"Article\",\"@id\":\"https:\\\/\\\/radioclanfm.com\\\/clanespectaculos\\\/las-vacaciones-de-catherine-fulop-con-su-esposo-ova-y-su-hija-oriana-sabatini-en-miami-microbikinis-delfines-y-sol\\\/#article\",\"isPartOf\":{\"@id\":\"https:\\\/\\\/radioclanfm.com\\\/clanespectaculos\\\/las-vacaciones-de-catherine-fulop-con-su-esposo-ova-y-su-hija-oriana-sabatini-en-miami-microbikinis-delfines-y-sol\\\/\"},\"author\":{\"name\":\"E-GRUPOCLAN\",\"@id\":\"https:\\\/\\\/radioclanfm.com\\\/clanespectaculos\\\/#\\\/schema\\\/person\\\/9734813083303230f3ad84d99171b20c\"},\"headline\":\"Las vacaciones de Catherine Fulop con su esposo Ova y su hija Oriana Sabatini en Miami: microbikinis, delfines y sol\",\"datePublished\":\"2025-06-18T20:28:27+00:00\",\"mainEntityOfPage\":{\"@id\":\"https:\\\/\\\/radioclanfm.com\\\/clanespectaculos\\\/las-vacaciones-de-catherine-fulop-con-su-esposo-ova-y-su-hija-oriana-sabatini-en-miami-microbikinis-delfines-y-sol\\\/\"},\"wordCount\":717,\"commentCount\":0,\"publisher\":{\"@id\":\"https:\\\/\\\/radioclanfm.com\\\/clanespectaculos\\\/#organization\"},\"image\":{\"@id\":\"https:\\\/\\\/radioclanfm.com\\\/clanespectaculos\\\/las-vacaciones-de-catherine-fulop-con-su-esposo-ova-y-su-hija-oriana-sabatini-en-miami-microbikinis-delfines-y-sol\\\/#primaryimage\"},\"thumbnailUrl\":\"https:\\\/\\\/radioclanfm.com\\\/clanespectaculos\\\/wp-content\\\/uploads\\\/sites\\\/2\\\/2025\\\/06\\\/flT5Casv.jpg\",\"articleSection\":[\"Espectaculos\"],\"inLanguage\":\"es-AR\",\"potentialAction\":[{\"@type\":\"CommentAction\",\"name\":\"Comment\",\"target\":[\"https:\\\/\\\/radioclanfm.com\\\/clanespectaculos\\\/las-vacaciones-de-catherine-fulop-con-su-esposo-ova-y-su-hija-oriana-sabatini-en-miami-microbikinis-delfines-y-sol\\\/#respond\"]}]},{\"@type\":\"WebPage\",\"@id\":\"https:\\\/\\\/radioclanfm.com\\\/clanespectaculos\\\/las-vacaciones-de-catherine-fulop-con-su-esposo-ova-y-su-hija-oriana-sabatini-en-miami-microbikinis-delfines-y-sol\\\/\",\"url\":\"https:\\\/\\\/radioclanfm.com\\\/clanespectaculos\\\/las-vacaciones-de-catherine-fulop-con-su-esposo-ova-y-su-hija-oriana-sabatini-en-miami-microbikinis-delfines-y-sol\\\/\",\"name\":\"Las vacaciones de Catherine Fulop con su esposo Ova y su hija Oriana Sabatini en Miami: microbikinis, delfines y sol - CLAN ESPECTACULOS\",\"isPartOf\":{\"@id\":\"https:\\\/\\\/radioclanfm.com\\\/clanespectaculos\\\/#website\"},\"primaryImageOfPage\":{\"@id\":\"https:\\\/\\\/radioclanfm.com\\\/clanespectaculos\\\/las-vacaciones-de-catherine-fulop-con-su-esposo-ova-y-su-hija-oriana-sabatini-en-miami-microbikinis-delfines-y-sol\\\/#primaryimage\"},\"image\":{\"@id\":\"https:\\\/\\\/radioclanfm.com\\\/clanespectaculos\\\/las-vacaciones-de-catherine-fulop-con-su-esposo-ova-y-su-hija-oriana-sabatini-en-miami-microbikinis-delfines-y-sol\\\/#primaryimage\"},\"thumbnailUrl\":\"https:\\\/\\\/radioclanfm.com\\\/clanespectaculos\\\/wp-content\\\/uploads\\\/sites\\\/2\\\/2025\\\/06\\\/flT5Casv.jpg\",\"datePublished\":\"2025-06-18T20:28:27+00:00\",\"breadcrumb\":{\"@id\":\"https:\\\/\\\/radioclanfm.com\\\/clanespectaculos\\\/las-vacaciones-de-catherine-fulop-con-su-esposo-ova-y-su-hija-oriana-sabatini-en-miami-microbikinis-delfines-y-sol\\\/#breadcrumb\"},\"inLanguage\":\"es-AR\",\"potentialAction\":[{\"@type\":\"ReadAction\",\"target\":[\"https:\\\/\\\/radioclanfm.com\\\/clanespectaculos\\\/las-vacaciones-de-catherine-fulop-con-su-esposo-ova-y-su-hija-oriana-sabatini-en-miami-microbikinis-delfines-y-sol\\\/\"]}]},{\"@type\":\"ImageObject\",\"inLanguage\":\"es-AR\",\"@id\":\"https:\\\/\\\/radioclanfm.com\\\/clanespectaculos\\\/las-vacaciones-de-catherine-fulop-con-su-esposo-ova-y-su-hija-oriana-sabatini-en-miami-microbikinis-delfines-y-sol\\\/#primaryimage\",\"url\":\"https:\\\/\\\/radioclanfm.com\\\/clanespectaculos\\\/wp-content\\\/uploads\\\/sites\\\/2\\\/2025\\\/06\\\/flT5Casv.jpg\",\"contentUrl\":\"https:\\\/\\\/radioclanfm.com\\\/clanespectaculos\\\/wp-content\\\/uploads\\\/sites\\\/2\\\/2025\\\/06\\\/flT5Casv.jpg\",\"width\":900,\"height\":450},{\"@type\":\"BreadcrumbList\",\"@id\":\"https:\\\/\\\/radioclanfm.com\\\/clanespectaculos\\\/las-vacaciones-de-catherine-fulop-con-su-esposo-ova-y-su-hija-oriana-sabatini-en-miami-microbikinis-delfines-y-sol\\\/#breadcrumb\",\"itemListElement\":[{\"@type\":\"ListItem\",\"position\":1,\"name\":\"Inicio\",\"item\":\"https:\\\/\\\/radioclanfm.com\\\/clanespectaculos\\\/\"},{\"@type\":\"ListItem\",\"position\":2,\"name\":\"Las vacaciones de Catherine Fulop con su esposo Ova y su hija Oriana Sabatini en Miami: microbikinis, delfines y sol\"}]},{\"@type\":\"WebSite\",\"@id\":\"https:\\\/\\\/radioclanfm.com\\\/clanespectaculos\\\/#website\",\"url\":\"https:\\\/\\\/radioclanfm.com\\\/clanespectaculos\\\/\",\"name\":\"CLAN ESPECTACULOS\",\"description\":\"\",\"publisher\":{\"@id\":\"https:\\\/\\\/radioclanfm.com\\\/clanespectaculos\\\/#organization\"},\"potentialAction\":[{\"@type\":\"SearchAction\",\"target\":{\"@type\":\"EntryPoint\",\"urlTemplate\":\"https:\\\/\\\/radioclanfm.com\\\/clanespectaculos\\\/?s={search_term_string}\"},\"query-input\":{\"@type\":\"PropertyValueSpecification\",\"valueRequired\":true,\"valueName\":\"search_term_string\"}}],\"inLanguage\":\"es-AR\"},{\"@type\":\"Organization\",\"@id\":\"https:\\\/\\\/radioclanfm.com\\\/clanespectaculos\\\/#organization\",\"name\":\"CLAN ESPECTACULOS\",\"url\":\"https:\\\/\\\/radioclanfm.com\\\/clanespectaculos\\\/\",\"logo\":{\"@type\":\"ImageObject\",\"inLanguage\":\"es-AR\",\"@id\":\"https:\\\/\\\/radioclanfm.com\\\/clanespectaculos\\\/#\\\/schema\\\/logo\\\/image\\\/\",\"url\":\"https:\\\/\\\/radioclanfm.com\\\/clanespectaculos\\\/wp-content\\\/uploads\\\/sites\\\/2\\\/2026\\\/04\\\/ChatGPT-Image-23-mar-2026-10_09_00.png\",\"contentUrl\":\"https:\\\/\\\/radioclanfm.com\\\/clanespectaculos\\\/wp-content\\\/uploads\\\/sites\\\/2\\\/2026\\\/04\\\/ChatGPT-Image-23-mar-2026-10_09_00.png\",\"width\":1024,\"height\":1024,\"caption\":\"CLAN ESPECTACULOS\"},\"image\":{\"@id\":\"https:\\\/\\\/radioclanfm.com\\\/clanespectaculos\\\/#\\\/schema\\\/logo\\\/image\\\/\"},\"sameAs\":[\"https:\\\/\\\/www.facebook.com\\\/clanespectaculos\\\/\",\"https:\\\/\\\/x.com\\\/clanespectok\"]},{\"@type\":\"Person\",\"@id\":\"https:\\\/\\\/radioclanfm.com\\\/clanespectaculos\\\/#\\\/schema\\\/person\\\/9734813083303230f3ad84d99171b20c\",\"name\":\"E-GRUPOCLAN\",\"image\":{\"@type\":\"ImageObject\",\"inLanguage\":\"es-AR\",\"@id\":\"https:\\\/\\\/secure.gravatar.com\\\/avatar\\\/af6e19837c3d6a212034a48c7b3818d2ac1826f6025df0155da5a186ad321d79?s=96&d=mm&r=g\",\"url\":\"https:\\\/\\\/secure.gravatar.com\\\/avatar\\\/af6e19837c3d6a212034a48c7b3818d2ac1826f6025df0155da5a186ad321d79?s=96&d=mm&r=g\",\"contentUrl\":\"https:\\\/\\\/secure.gravatar.com\\\/avatar\\\/af6e19837c3d6a212034a48c7b3818d2ac1826f6025df0155da5a186ad321d79?s=96&d=mm&r=g\",\"caption\":\"E-GRUPOCLAN\"},\"sameAs\":[\"https:\\\/\\\/radioclanfm.com\"],\"url\":\"https:\\\/\\\/radioclanfm.com\\\/clanespectaculos\\\/author\\\/admin\\\/\"}]}<\/script>\n<!-- \/ Yoast SEO plugin. -->","yoast_head_json":{"title":"Las vacaciones de Catherine Fulop con su esposo Ova y su hija Oriana Sabatini en Miami: microbikinis, delfines y sol - CLAN ESPECTACULOS","robots":{"index":"index","follow":"follow","max-snippet":"max-snippet:-1","max-image-preview":"max-image-preview:large","max-video-preview":"max-video-preview:-1"},"canonical":"https:\/\/radioclanfm.com\/clanespectaculos\/las-vacaciones-de-catherine-fulop-con-su-esposo-ova-y-su-hija-oriana-sabatini-en-miami-microbikinis-delfines-y-sol\/","og_locale":"es_ES","og_type":"article","og_title":"Las vacaciones de Catherine Fulop con su esposo Ova y su hija Oriana Sabatini en Miami: microbikinis, delfines y sol - CLAN ESPECTACULOS","og_description":"La actriz mostr\u00f3 en sus redes sociales los d\u00edas junto a su marido y su hija disfrutando de las playas de La Florida Catherine Fulop\u00a0y\u00a0Ova Sabatini\u00a0viajaron a Miami para encontrarse con\u00a0Oriana\u00a0y\u00a0Paulo Dybala, quien est\u00e1 disfrutando del Mundial de Clubes. En este contexto de vacaciones familiares, Cathy subi\u00f3 varias postales en sus redes sociales desde los [&hellip;]","og_url":"https:\/\/radioclanfm.com\/clanespectaculos\/las-vacaciones-de-catherine-fulop-con-su-esposo-ova-y-su-hija-oriana-sabatini-en-miami-microbikinis-delfines-y-sol\/","og_site_name":"CLAN ESPECTACULOS","article_publisher":"https:\/\/www.facebook.com\/clanespectaculos\/","article_published_time":"2025-06-18T20:28:27+00:00","og_image":[{"width":900,"height":450,"url":"https:\/\/radioclanfm.com\/clanespectaculos\/wp-content\/uploads\/sites\/2\/2025\/06\/flT5Casv.jpg","type":"image\/jpeg"}],"author":"E-GRUPOCLAN","twitter_card":"summary_large_image","twitter_creator":"@clanespectok","twitter_site":"@clanespectok","twitter_misc":{"Escrito por":"E-GRUPOCLAN","Tiempo de lectura":"3 minutos"},"schema":{"@context":"https:\/\/schema.org","@graph":[{"@type":"Article","@id":"https:\/\/radioclanfm.com\/clanespectaculos\/las-vacaciones-de-catherine-fulop-con-su-esposo-ova-y-su-hija-oriana-sabatini-en-miami-microbikinis-delfines-y-sol\/#article","isPartOf":{"@id":"https:\/\/radioclanfm.com\/clanespectaculos\/las-vacaciones-de-catherine-fulop-con-su-esposo-ova-y-su-hija-oriana-sabatini-en-miami-microbikinis-delfines-y-sol\/"},"author":{"name":"E-GRUPOCLAN","@id":"https:\/\/radioclanfm.com\/clanespectaculos\/#\/schema\/person\/9734813083303230f3ad84d99171b20c"},"headline":"Las vacaciones de Catherine Fulop con su esposo Ova y su hija Oriana Sabatini en Miami: microbikinis, delfines y sol","datePublished":"2025-06-18T20:28:27+00:00","mainEntityOfPage":{"@id":"https:\/\/radioclanfm.com\/clanespectaculos\/las-vacaciones-de-catherine-fulop-con-su-esposo-ova-y-su-hija-oriana-sabatini-en-miami-microbikinis-delfines-y-sol\/"},"wordCount":717,"commentCount":0,"publisher":{"@id":"https:\/\/radioclanfm.com\/clanespectaculos\/#organization"},"image":{"@id":"https:\/\/radioclanfm.com\/clanespectaculos\/las-vacaciones-de-catherine-fulop-con-su-esposo-ova-y-su-hija-oriana-sabatini-en-miami-microbikinis-delfines-y-sol\/#primaryimage"},"thumbnailUrl":"https:\/\/radioclanfm.com\/clanespectaculos\/wp-content\/uploads\/sites\/2\/2025\/06\/flT5Casv.jpg","articleSection":["Espectaculos"],"inLanguage":"es-AR","potentialAction":[{"@type":"CommentAction","name":"Comment","target":["https:\/\/radioclanfm.com\/clanespectaculos\/las-vacaciones-de-catherine-fulop-con-su-esposo-ova-y-su-hija-oriana-sabatini-en-miami-microbikinis-delfines-y-sol\/#respond"]}]},{"@type":"WebPage","@id":"https:\/\/radioclanfm.com\/clanespectaculos\/las-vacaciones-de-catherine-fulop-con-su-esposo-ova-y-su-hija-oriana-sabatini-en-miami-microbikinis-delfines-y-sol\/","url":"https:\/\/radioclanfm.com\/clanespectaculos\/las-vacaciones-de-catherine-fulop-con-su-esposo-ova-y-su-hija-oriana-sabatini-en-miami-microbikinis-delfines-y-sol\/","name":"Las vacaciones de Catherine Fulop con su esposo Ova y su hija Oriana Sabatini en Miami: microbikinis, delfines y sol - CLAN ESPECTACULOS","isPartOf":{"@id":"https:\/\/radioclanfm.com\/clanespectaculos\/#website"},"primaryImageOfPage":{"@id":"https:\/\/radioclanfm.com\/clanespectaculos\/las-vacaciones-de-catherine-fulop-con-su-esposo-ova-y-su-hija-oriana-sabatini-en-miami-microbikinis-delfines-y-sol\/#primaryimage"},"image":{"@id":"https:\/\/radioclanfm.com\/clanespectaculos\/las-vacaciones-de-catherine-fulop-con-su-esposo-ova-y-su-hija-oriana-sabatini-en-miami-microbikinis-delfines-y-sol\/#primaryimage"},"thumbnailUrl":"https:\/\/radioclanfm.com\/clanespectaculos\/wp-content\/uploads\/sites\/2\/2025\/06\/flT5Casv.jpg","datePublished":"2025-06-18T20:28:27+00:00","breadcrumb":{"@id":"https:\/\/radioclanfm.com\/clanespectaculos\/las-vacaciones-de-catherine-fulop-con-su-esposo-ova-y-su-hija-oriana-sabatini-en-miami-microbikinis-delfines-y-sol\/#breadcrumb"},"inLanguage":"es-AR","potentialAction":[{"@type":"ReadAction","target":["https:\/\/radioclanfm.com\/clanespectaculos\/las-vacaciones-de-catherine-fulop-con-su-esposo-ova-y-su-hija-oriana-sabatini-en-miami-microbikinis-delfines-y-sol\/"]}]},{"@type":"ImageObject","inLanguage":"es-AR","@id":"https:\/\/radioclanfm.com\/clanespectaculos\/las-vacaciones-de-catherine-fulop-con-su-esposo-ova-y-su-hija-oriana-sabatini-en-miami-microbikinis-delfines-y-sol\/#primaryimage","url":"https:\/\/radioclanfm.com\/clanespectaculos\/wp-content\/uploads\/sites\/2\/2025\/06\/flT5Casv.jpg","contentUrl":"https:\/\/radioclanfm.com\/clanespectaculos\/wp-content\/uploads\/sites\/2\/2025\/06\/flT5Casv.jpg","width":900,"height":450},{"@type":"BreadcrumbList","@id":"https:\/\/radioclanfm.com\/clanespectaculos\/las-vacaciones-de-catherine-fulop-con-su-esposo-ova-y-su-hija-oriana-sabatini-en-miami-microbikinis-delfines-y-sol\/#breadcrumb","itemListElement":[{"@type":"ListItem","position":1,"name":"Inicio","item":"https:\/\/radioclanfm.com\/clanespectaculos\/"},{"@type":"ListItem","position":2,"name":"Las vacaciones de Catherine Fulop con su esposo Ova y su hija Oriana Sabatini en Miami: microbikinis, delfines y sol"}]},{"@type":"WebSite","@id":"https:\/\/radioclanfm.com\/clanespectaculos\/#website","url":"https:\/\/radioclanfm.com\/clanespectaculos\/","name":"CLAN ESPECTACULOS","description":"","publisher":{"@id":"https:\/\/radioclanfm.com\/clanespectaculos\/#organization"},"potentialAction":[{"@type":"SearchAction","target":{"@type":"EntryPoint","urlTemplate":"https:\/\/radioclanfm.com\/clanespectaculos\/?s={search_term_string}"},"query-input":{"@type":"PropertyValueSpecification","valueRequired":true,"valueName":"search_term_string"}}],"inLanguage":"es-AR"},{"@type":"Organization","@id":"https:\/\/radioclanfm.com\/clanespectaculos\/#organization","name":"CLAN ESPECTACULOS","url":"https:\/\/radioclanfm.com\/clanespectaculos\/","logo":{"@type":"ImageObject","inLanguage":"es-AR","@id":"https:\/\/radioclanfm.com\/clanespectaculos\/#\/schema\/logo\/image\/","url":"https:\/\/radioclanfm.com\/clanespectaculos\/wp-content\/uploads\/sites\/2\/2026\/04\/ChatGPT-Image-23-mar-2026-10_09_00.png","contentUrl":"https:\/\/radioclanfm.com\/clanespectaculos\/wp-content\/uploads\/sites\/2\/2026\/04\/ChatGPT-Image-23-mar-2026-10_09_00.png","width":1024,"height":1024,"caption":"CLAN ESPECTACULOS"},"image":{"@id":"https:\/\/radioclanfm.com\/clanespectaculos\/#\/schema\/logo\/image\/"},"sameAs":["https:\/\/www.facebook.com\/clanespectaculos\/","https:\/\/x.com\/clanespectok"]},{"@type":"Person","@id":"https:\/\/radioclanfm.com\/clanespectaculos\/#\/schema\/person\/9734813083303230f3ad84d99171b20c","name":"E-GRUPOCLAN","image":{"@type":"ImageObject","inLanguage":"es-AR","@id":"https:\/\/secure.gravatar.com\/avatar\/af6e19837c3d6a212034a48c7b3818d2ac1826f6025df0155da5a186ad321d79?s=96&d=mm&r=g","url":"https:\/\/secure.gravatar.com\/avatar\/af6e19837c3d6a212034a48c7b3818d2ac1826f6025df0155da5a186ad321d79?s=96&d=mm&r=g","contentUrl":"https:\/\/secure.gravatar.com\/avatar\/af6e19837c3d6a212034a48c7b3818d2ac1826f6025df0155da5a186ad321d79?s=96&d=mm&r=g","caption":"E-GRUPOCLAN"},"sameAs":["https:\/\/radioclanfm.com"],"url":"https:\/\/radioclanfm.com\/clanespectaculos\/author\/admin\/"}]}},"_links":{"self":[{"href":"https:\/\/radioclanfm.com\/clanespectaculos\/wp-json\/wp\/v2\/posts\/1863","targetHints":{"allow":["GET"]}}],"collection":[{"href":"https:\/\/radioclanfm.com\/clanespectaculos\/wp-json\/wp\/v2\/posts"}],"about":[{"href":"https:\/\/radioclanfm.com\/clanespectaculos\/wp-json\/wp\/v2\/types\/post"}],"author":[{"embeddable":true,"href":"https:\/\/radioclanfm.com\/clanespectaculos\/wp-json\/wp\/v2\/users\/1"}],"replies":[{"embeddable":true,"href":"https:\/\/radioclanfm.com\/clanespectaculos\/wp-json\/wp\/v2\/comments?post=1863"}],"version-history":[{"count":1,"href":"https:\/\/radioclanfm.com\/clanespectaculos\/wp-json\/wp\/v2\/posts\/1863\/revisions"}],"predecessor-version":[{"id":1867,"href":"https:\/\/radioclanfm.com\/clanespectaculos\/wp-json\/wp\/v2\/posts\/1863\/revisions\/1867"}],"wp:featuredmedia":[{"embeddable":true,"href":"https:\/\/radioclanfm.com\/clanespectaculos\/wp-json\/wp\/v2\/media\/1866"}],"wp:attachment":[{"href":"https:\/\/radioclanfm.com\/clanespectaculos\/wp-json\/wp\/v2\/media?parent=1863"}],"wp:term":[{"taxonomy":"category","embeddable":true,"href":"https:\/\/radioclanfm.com\/clanespectaculos\/wp-json\/wp\/v2\/categories?post=1863"},{"taxonomy":"post_tag","embeddable":true,"href":"https:\/\/radioclanfm.com\/clanespectaculos\/wp-json\/wp\/v2\/tags?post=1863"}],"curies":[{"name":"wp","href":"https:\/\/api.w.org\/{rel}","templated":true}]}}