{"id":1853,"date":"2025-06-18T17:25:57","date_gmt":"2025-06-18T20:25:57","guid":{"rendered":"https:\/\/radioclanfm.com\/clanespectaculos\/?p=1853"},"modified":"2025-06-18T17:25:57","modified_gmt":"2025-06-18T20:25:57","slug":"rocio-robles-hablo-por-primera-vez-de-su-relacion-con-adrian-suar-estamos-pasando-un-buen-momento","status":"publish","type":"post","link":"https:\/\/radioclanfm.com\/clanespectaculos\/rocio-robles-hablo-por-primera-vez-de-su-relacion-con-adrian-suar-estamos-pasando-un-buen-momento\/","title":{"rendered":"Roc\u00edo Robles habl\u00f3 por primera vez de su relaci\u00f3n con Adri\u00e1n Suar: \u201cEstamos pasando un buen momento\u201d"},"content":{"rendered":"<p class=\"paragraph\" data-mrf-recirculation=\"Links inline\">El nombre de\u00a0<b>Adri\u00e1n Suar<\/b>\u00a0siempre est\u00e1 rondando en el mundo del espect\u00e1culo, aunque en general est\u00e1 de la mano con las producciones que lleva adelante, sin embargo, en los \u00faltimos d\u00edas fue a causa de un\u00a0posible romance\u00a0con\u00a0<b>Roc\u00edo Robles<\/b>. En conversaci\u00f3n con Intrusos (Am\u00e9rica TV) Roc\u00edo habl\u00f3 de esta relaci\u00f3n e hizo frente a los rumores.<\/p>\n<div class=\"news-module\" data-mrf-recirculation=\"IL_Ct0zZTd2RqSjHGMXsLzz7w\" data-testid=\"text-html\" data-mrf-experience=\"IL_Ct0zZTd2RqSjHGMXsLzz7w\">\n<div class=\"recommended-card__image-container\"><\/div>\n<\/div>\n<p class=\"paragraph\" data-mrf-recirculation=\"Links inline\">Con el tiempo justo y la agenda completa, habl\u00f3 a la salida de\u00a0<i>Los 8 Escalones<\/i>, donde estuvo invitada como jurado. \u201cNo estoy de novia, no estoy de novia, aclaremos\u201d, fue lo primero que dijo ante las c\u00e1maras de Am\u00e9rica. Aunque, en el momento que comenzaron las preguntas acerca del v\u00ednculo que tiene con el productor, no pudo ocultar el nerviosismo: \u201c<b>Eso. Estamos pasando un buen momento, pero no hablemos de fechas porque no le conviene a nadie, no me quemes<\/b>\u201d.<\/p>\n<div class=\"inline ad-wrapper\">\n<div class=\"dfpAd ad-inline\"><\/div>\n<\/div>\n<p class=\"paragraph\" data-mrf-recirculation=\"Links inline\">Esta frase gener\u00f3 sorpresa y risas en el estudio. \u201cYo lo que tengo para decir de \u00e9l es que lo quiero mucho, nos divertimos mucho, \u00e9l es una gran persona, muy emp\u00e1tico y nada m\u00e1s. Tengo 32 a\u00f1os, estoy enfocada en mi trabajo, que me est\u00e1 yendo muy bien, as\u00ed que no me pongan de novia\u201d. Cuando le consultaron si tendr\u00eda alg\u00fan problema de ponerse en pareja con Suar, contest\u00f3: \u201c<b>Bueno, el tiempo dir\u00e1. No tengo expectativas de nada, disfruto el presente<\/b>\u201d.<\/p>\n<div class=\"news-module\" data-mrf-recirculation=\"IL_RjJ8XQ94SCCdND4VX9YvyQ\" data-testid=\"text-html\" data-mrf-experience=\"IL_RjJ8XQ94SCCdND4VX9YvyQ\">\n<div class=\"recommended-card__image-container\"><\/div>\n<\/div>\n<p class=\"paragraph\" data-mrf-recirculation=\"Links inline\">\u201cPaula (Varela) bien sabe las veces que me escribi\u00f3 y le ped\u00ed que no diga nada, me parece que no conduce a nada,\u00a0<b>con las cosas que est\u00e1n pasando en el pa\u00eds vamos a estar con quien sal\u00eds o con quien no sal\u00eds<\/b>. Entiendo el trabajo de todo el mundo, pero no le importa a nadie\u201d, agreg\u00f3 acerca de las razones detr\u00e1s de su silencio.<\/p>\n<div class=\"inline_2_DSK ad-wrapper ad-desktop\">\n<div class=\"dfpAd ad-inline\"><\/div>\n<\/div>\n<p class=\"paragraph\" data-mrf-recirculation=\"Links inline\">Y continu\u00f3: \u201cMe parece que somos los dos grandes, nada se va a enfriar y nada se va a calentar. Ayer hablamos y vi lo que dijo\u2026 a la ma\u00f1ana\u2026 sin tanto detalle chicos, me pongo nerviosa, no quiero hablar tanto\u201d. Sobre las declaraciones de Adri\u00e1n, acot\u00f3: \u201c<b>Es la verdad, no hay nada m\u00e1s para decir, tampoco uno puede inventarse un v\u00ednculo, est\u00e1n las cosas como est\u00e1n y ya bastante que saben esto<\/b>\u201d.<\/p>\n<div class=\"news-module\" data-mrf-recirculation=\"IL_wPVu_IE4S76a5Gsl0lX8mA\" data-testid=\"text-html\" data-mrf-experience=\"IL_wPVu_IE4S76a5Gsl0lX8mA\">\n<div class=\"recommended-card__image-container\"><\/div>\n<\/div>\n<div class=\"visual__image\"><picture><source srcset=\"https:\/\/www.infobae.com\/resizer\/v2\/AWRE4H5G2VBF7OR6CVKXW25QGY.png?auth=9a561075310c62ea806692b2a397c734c113a25461177c0916b33b135b48aeea&amp;smart=true&amp;width=992&amp;height=558&amp;quality=85\" media=\"(min-width: 1000px)\" \/><source srcset=\"https:\/\/www.infobae.com\/resizer\/v2\/AWRE4H5G2VBF7OR6CVKXW25QGY.png?auth=9a561075310c62ea806692b2a397c734c113a25461177c0916b33b135b48aeea&amp;smart=true&amp;width=768&amp;height=432&amp;quality=85\" media=\"(min-width: 768px)\" \/><source srcset=\"https:\/\/www.infobae.com\/resizer\/v2\/AWRE4H5G2VBF7OR6CVKXW25QGY.png?auth=9a561075310c62ea806692b2a397c734c113a25461177c0916b33b135b48aeea&amp;smart=true&amp;width=577&amp;height=325&amp;quality=85\" media=\"(min-width: 580px)\" \/><source srcset=\"https:\/\/www.infobae.com\/resizer\/v2\/AWRE4H5G2VBF7OR6CVKXW25QGY.png?auth=9a561075310c62ea806692b2a397c734c113a25461177c0916b33b135b48aeea&amp;smart=true&amp;width=420&amp;height=236&amp;quality=85\" media=\"(min-width: 350px)\" \/><source srcset=\"https:\/\/www.infobae.com\/resizer\/v2\/AWRE4H5G2VBF7OR6CVKXW25QGY.png?auth=9a561075310c62ea806692b2a397c734c113a25461177c0916b33b135b48aeea&amp;smart=true&amp;width=350&amp;height=197&amp;quality=85\" media=\"(min-width: 80px)\" \/><img loading=\"lazy\" decoding=\"async\" class=\"global-image\" src=\"https:\/\/www.infobae.com\/resizer\/v2\/AWRE4H5G2VBF7OR6CVKXW25QGY.png?auth=9a561075310c62ea806692b2a397c734c113a25461177c0916b33b135b48aeea&amp;smart=true&amp;width=350&amp;height=197&amp;quality=85\" alt=\"&quot;Ya bastante saben&quot;, la reacci\u00f3n\" width=\"1920\" height=\"1080\" \/><\/picture>&#8220;Ya bastante saben&#8221;, la reacci\u00f3n de Roc\u00edo Robles a los rumores de romance con Adri\u00e1n Suar<\/div>\n<p class=\"paragraph\" data-mrf-recirculation=\"Links inline\">En el ciclo de espect\u00e1culos contaron que ella fue a verlo a la obra de teatro que estaba protagonizado meses atr\u00e1s, all\u00ed se conocieron, intercambiaron tel\u00e9fonos y comenz\u00f3 el romance. Cuando le detallaron esta l\u00ednea de tiempo tan solo dijo: \u201c<b>M\u00e1s o menos. La obra la vi<\/b>\u201d.<\/p>\n<p class=\"paragraph\" data-mrf-recirculation=\"Links inline\">Esta es la primera vez que Robles habla acerca del tema, pero el due\u00f1o de Pol-ka aprovech\u00f3 su paso por la alfombra roja de Rocky, la obra de teatro protagonizada por Nicol\u00e1s V\u00e1zquez, para abordar el tema de su coraz\u00f3n.<\/p>\n<p class=\"paragraph\" data-mrf-recirculation=\"Links inline\">\u201c\u00bfEst\u00e1s de novio con Roc\u00edo?\u201d, le consultaron los periodistas cuando Suar arrib\u00f3 al estreno. De forma tajante el productor coment\u00f3: \u201c<b>El d\u00eda que est\u00e9 de novio lo voy a decir. Nos conocemos, es divina, gran persona, inteligente, la quiero mucho<\/b>\u201d.<\/p>\n<p class=\"paragraph\" data-mrf-recirculation=\"Links inline\">Al ver su reacci\u00f3n, los cronistas quisieron ahondar en el tema: \u201c<b>Mi coraz\u00f3n est\u00e1 bien, late. No estoy de novio. El d\u00eda que lo est\u00e9 les aseguro que lo voy a decir<\/b>\u201d. En paralelo a esta situaci\u00f3n, en LAM (Am\u00e9rica), \u00c1ngel de Brito y sus panelistas analizaron la situaci\u00f3n. Fue entonces cuando Yanina Latorre se pronunci\u00f3 al respecto y confirm\u00f3 la situaci\u00f3n de Suar: \u201cQue poco caballero. Hoy habl\u00e9 con Roc\u00edo, no me confirma el noviazgo, pero s\u00ed que est\u00e1n saliendo. Paula Varela cont\u00f3 hoy en Intrusos que est\u00e1n saliendo hace un a\u00f1o, que se conocieron por un laburo. \u00c9l estaba trabajando, \u00e9l la llam\u00f3 para felicitarla, la invit\u00f3 a ver Felicidades, su obra de teatro. Ella fue con un amigo, termin\u00f3 la obra y fueron a cenar. A partir de ah\u00ed empezar a hablar y verse. Esto lleva un a\u00f1o. Que feo que la niegue. Ella no lo niega\u201d.<\/p>\n<div class=\"second-saved-buttons\">\n<div class=\"body-share-note\"><\/div>\n<\/div>\n","protected":false},"excerpt":{"rendered":"<p>El nombre de\u00a0Adri\u00e1n Suar\u00a0siempre est\u00e1 rondando en el mundo del espect\u00e1culo, aunque en general est\u00e1 de la mano con las producciones que lleva adelante, sin embargo, en los \u00faltimos d\u00edas fue a causa de un\u00a0posible romance\u00a0con\u00a0Roc\u00edo Robles. En conversaci\u00f3n con Intrusos (Am\u00e9rica TV) Roc\u00edo habl\u00f3 de esta relaci\u00f3n e hizo frente a los rumores. Con [&hellip;]<\/p>\n","protected":false},"author":1,"featured_media":1856,"comment_status":"open","ping_status":"open","sticky":false,"template":"","format":"standard","meta":{"rop_custom_images_group":[],"rop_custom_messages_group":[],"rop_publish_now":"initial","rop_publish_now_accounts":[],"rop_publish_now_history":[],"rop_publish_now_status":"pending","footnotes":"","jetpack_publicize_message":"","jetpack_publicize_feature_enabled":true,"jetpack_social_post_already_shared":true,"jetpack_social_options":{"image_generator_settings":{"template":"highway","enabled":false},"version":2}},"categories":[12],"tags":[],"class_list":{"0":"post-1853","1":"post","2":"type-post","3":"status-publish","4":"format-standard","5":"has-post-thumbnail","7":"category-espectaculos"},"jetpack_publicize_connections":[],"yoast_head":"<!-- This site is optimized with the Yoast SEO plugin v27.3 - https:\/\/yoast.com\/product\/yoast-seo-wordpress\/ -->\n<title>Roc\u00edo Robles habl\u00f3 por primera vez de su relaci\u00f3n con Adri\u00e1n Suar: \u201cEstamos pasando un buen momento\u201d - CLAN ESPECTACULOS<\/title>\n<meta name=\"robots\" content=\"index, follow, max-snippet:-1, max-image-preview:large, max-video-preview:-1\" \/>\n<link rel=\"canonical\" href=\"https:\/\/radioclanfm.com\/clanespectaculos\/rocio-robles-hablo-por-primera-vez-de-su-relacion-con-adrian-suar-estamos-pasando-un-buen-momento\/\" \/>\n<meta property=\"og:locale\" content=\"es_ES\" \/>\n<meta property=\"og:type\" content=\"article\" \/>\n<meta property=\"og:title\" content=\"Roc\u00edo Robles habl\u00f3 por primera vez de su relaci\u00f3n con Adri\u00e1n Suar: \u201cEstamos pasando un buen momento\u201d - CLAN ESPECTACULOS\" \/>\n<meta property=\"og:description\" content=\"El nombre de\u00a0Adri\u00e1n Suar\u00a0siempre est\u00e1 rondando en el mundo del espect\u00e1culo, aunque en general est\u00e1 de la mano con las producciones que lleva adelante, sin embargo, en los \u00faltimos d\u00edas fue a causa de un\u00a0posible romance\u00a0con\u00a0Roc\u00edo Robles. En conversaci\u00f3n con Intrusos (Am\u00e9rica TV) Roc\u00edo habl\u00f3 de esta relaci\u00f3n e hizo frente a los rumores. Con [&hellip;]\" \/>\n<meta property=\"og:url\" content=\"https:\/\/radioclanfm.com\/clanespectaculos\/rocio-robles-hablo-por-primera-vez-de-su-relacion-con-adrian-suar-estamos-pasando-un-buen-momento\/\" \/>\n<meta property=\"og:site_name\" content=\"CLAN ESPECTACULOS\" \/>\n<meta property=\"article:publisher\" content=\"https:\/\/www.facebook.com\/clanespectaculos\/\" \/>\n<meta property=\"article:published_time\" content=\"2025-06-18T20:25:57+00:00\" \/>\n<meta property=\"og:image\" content=\"https:\/\/radioclanfm.com\/clanespectaculos\/wp-content\/uploads\/sites\/2\/2025\/06\/nJYU_ral.jpg\" \/>\n\t<meta property=\"og:image:width\" content=\"900\" \/>\n\t<meta property=\"og:image:height\" content=\"450\" \/>\n\t<meta property=\"og:image:type\" content=\"image\/jpeg\" \/>\n<meta name=\"author\" content=\"E-GRUPOCLAN\" \/>\n<meta name=\"twitter:card\" content=\"summary_large_image\" \/>\n<meta name=\"twitter:creator\" content=\"@clanespectok\" \/>\n<meta name=\"twitter:site\" content=\"@clanespectok\" \/>\n<meta name=\"twitter:label1\" content=\"Escrito por\" \/>\n\t<meta name=\"twitter:data1\" content=\"E-GRUPOCLAN\" \/>\n\t<meta name=\"twitter:label2\" content=\"Tiempo de lectura\" \/>\n\t<meta name=\"twitter:data2\" content=\"4 minutos\" \/>\n<script type=\"application\/ld+json\" class=\"yoast-schema-graph\">{\"@context\":\"https:\\\/\\\/schema.org\",\"@graph\":[{\"@type\":\"Article\",\"@id\":\"https:\\\/\\\/radioclanfm.com\\\/clanespectaculos\\\/rocio-robles-hablo-por-primera-vez-de-su-relacion-con-adrian-suar-estamos-pasando-un-buen-momento\\\/#article\",\"isPartOf\":{\"@id\":\"https:\\\/\\\/radioclanfm.com\\\/clanespectaculos\\\/rocio-robles-hablo-por-primera-vez-de-su-relacion-con-adrian-suar-estamos-pasando-un-buen-momento\\\/\"},\"author\":{\"name\":\"E-GRUPOCLAN\",\"@id\":\"https:\\\/\\\/radioclanfm.com\\\/clanespectaculos\\\/#\\\/schema\\\/person\\\/9734813083303230f3ad84d99171b20c\"},\"headline\":\"Roc\u00edo Robles habl\u00f3 por primera vez de su relaci\u00f3n con Adri\u00e1n Suar: \u201cEstamos pasando un buen momento\u201d\",\"datePublished\":\"2025-06-18T20:25:57+00:00\",\"mainEntityOfPage\":{\"@id\":\"https:\\\/\\\/radioclanfm.com\\\/clanespectaculos\\\/rocio-robles-hablo-por-primera-vez-de-su-relacion-con-adrian-suar-estamos-pasando-un-buen-momento\\\/\"},\"wordCount\":725,\"commentCount\":0,\"publisher\":{\"@id\":\"https:\\\/\\\/radioclanfm.com\\\/clanespectaculos\\\/#organization\"},\"image\":{\"@id\":\"https:\\\/\\\/radioclanfm.com\\\/clanespectaculos\\\/rocio-robles-hablo-por-primera-vez-de-su-relacion-con-adrian-suar-estamos-pasando-un-buen-momento\\\/#primaryimage\"},\"thumbnailUrl\":\"https:\\\/\\\/radioclanfm.com\\\/clanespectaculos\\\/wp-content\\\/uploads\\\/sites\\\/2\\\/2025\\\/06\\\/nJYU_ral.jpg\",\"articleSection\":[\"Espectaculos\"],\"inLanguage\":\"es-AR\",\"potentialAction\":[{\"@type\":\"CommentAction\",\"name\":\"Comment\",\"target\":[\"https:\\\/\\\/radioclanfm.com\\\/clanespectaculos\\\/rocio-robles-hablo-por-primera-vez-de-su-relacion-con-adrian-suar-estamos-pasando-un-buen-momento\\\/#respond\"]}]},{\"@type\":\"WebPage\",\"@id\":\"https:\\\/\\\/radioclanfm.com\\\/clanespectaculos\\\/rocio-robles-hablo-por-primera-vez-de-su-relacion-con-adrian-suar-estamos-pasando-un-buen-momento\\\/\",\"url\":\"https:\\\/\\\/radioclanfm.com\\\/clanespectaculos\\\/rocio-robles-hablo-por-primera-vez-de-su-relacion-con-adrian-suar-estamos-pasando-un-buen-momento\\\/\",\"name\":\"Roc\u00edo Robles habl\u00f3 por primera vez de su relaci\u00f3n con Adri\u00e1n Suar: \u201cEstamos pasando un buen momento\u201d - CLAN ESPECTACULOS\",\"isPartOf\":{\"@id\":\"https:\\\/\\\/radioclanfm.com\\\/clanespectaculos\\\/#website\"},\"primaryImageOfPage\":{\"@id\":\"https:\\\/\\\/radioclanfm.com\\\/clanespectaculos\\\/rocio-robles-hablo-por-primera-vez-de-su-relacion-con-adrian-suar-estamos-pasando-un-buen-momento\\\/#primaryimage\"},\"image\":{\"@id\":\"https:\\\/\\\/radioclanfm.com\\\/clanespectaculos\\\/rocio-robles-hablo-por-primera-vez-de-su-relacion-con-adrian-suar-estamos-pasando-un-buen-momento\\\/#primaryimage\"},\"thumbnailUrl\":\"https:\\\/\\\/radioclanfm.com\\\/clanespectaculos\\\/wp-content\\\/uploads\\\/sites\\\/2\\\/2025\\\/06\\\/nJYU_ral.jpg\",\"datePublished\":\"2025-06-18T20:25:57+00:00\",\"breadcrumb\":{\"@id\":\"https:\\\/\\\/radioclanfm.com\\\/clanespectaculos\\\/rocio-robles-hablo-por-primera-vez-de-su-relacion-con-adrian-suar-estamos-pasando-un-buen-momento\\\/#breadcrumb\"},\"inLanguage\":\"es-AR\",\"potentialAction\":[{\"@type\":\"ReadAction\",\"target\":[\"https:\\\/\\\/radioclanfm.com\\\/clanespectaculos\\\/rocio-robles-hablo-por-primera-vez-de-su-relacion-con-adrian-suar-estamos-pasando-un-buen-momento\\\/\"]}]},{\"@type\":\"ImageObject\",\"inLanguage\":\"es-AR\",\"@id\":\"https:\\\/\\\/radioclanfm.com\\\/clanespectaculos\\\/rocio-robles-hablo-por-primera-vez-de-su-relacion-con-adrian-suar-estamos-pasando-un-buen-momento\\\/#primaryimage\",\"url\":\"https:\\\/\\\/radioclanfm.com\\\/clanespectaculos\\\/wp-content\\\/uploads\\\/sites\\\/2\\\/2025\\\/06\\\/nJYU_ral.jpg\",\"contentUrl\":\"https:\\\/\\\/radioclanfm.com\\\/clanespectaculos\\\/wp-content\\\/uploads\\\/sites\\\/2\\\/2025\\\/06\\\/nJYU_ral.jpg\",\"width\":900,\"height\":450},{\"@type\":\"BreadcrumbList\",\"@id\":\"https:\\\/\\\/radioclanfm.com\\\/clanespectaculos\\\/rocio-robles-hablo-por-primera-vez-de-su-relacion-con-adrian-suar-estamos-pasando-un-buen-momento\\\/#breadcrumb\",\"itemListElement\":[{\"@type\":\"ListItem\",\"position\":1,\"name\":\"Inicio\",\"item\":\"https:\\\/\\\/radioclanfm.com\\\/clanespectaculos\\\/\"},{\"@type\":\"ListItem\",\"position\":2,\"name\":\"Roc\u00edo Robles habl\u00f3 por primera vez de su relaci\u00f3n con Adri\u00e1n Suar: \u201cEstamos pasando un buen momento\u201d\"}]},{\"@type\":\"WebSite\",\"@id\":\"https:\\\/\\\/radioclanfm.com\\\/clanespectaculos\\\/#website\",\"url\":\"https:\\\/\\\/radioclanfm.com\\\/clanespectaculos\\\/\",\"name\":\"CLAN ESPECTACULOS\",\"description\":\"\",\"publisher\":{\"@id\":\"https:\\\/\\\/radioclanfm.com\\\/clanespectaculos\\\/#organization\"},\"potentialAction\":[{\"@type\":\"SearchAction\",\"target\":{\"@type\":\"EntryPoint\",\"urlTemplate\":\"https:\\\/\\\/radioclanfm.com\\\/clanespectaculos\\\/?s={search_term_string}\"},\"query-input\":{\"@type\":\"PropertyValueSpecification\",\"valueRequired\":true,\"valueName\":\"search_term_string\"}}],\"inLanguage\":\"es-AR\"},{\"@type\":\"Organization\",\"@id\":\"https:\\\/\\\/radioclanfm.com\\\/clanespectaculos\\\/#organization\",\"name\":\"CLAN ESPECTACULOS\",\"url\":\"https:\\\/\\\/radioclanfm.com\\\/clanespectaculos\\\/\",\"logo\":{\"@type\":\"ImageObject\",\"inLanguage\":\"es-AR\",\"@id\":\"https:\\\/\\\/radioclanfm.com\\\/clanespectaculos\\\/#\\\/schema\\\/logo\\\/image\\\/\",\"url\":\"https:\\\/\\\/radioclanfm.com\\\/clanespectaculos\\\/wp-content\\\/uploads\\\/sites\\\/2\\\/2026\\\/04\\\/ChatGPT-Image-23-mar-2026-10_09_00.png\",\"contentUrl\":\"https:\\\/\\\/radioclanfm.com\\\/clanespectaculos\\\/wp-content\\\/uploads\\\/sites\\\/2\\\/2026\\\/04\\\/ChatGPT-Image-23-mar-2026-10_09_00.png\",\"width\":1024,\"height\":1024,\"caption\":\"CLAN ESPECTACULOS\"},\"image\":{\"@id\":\"https:\\\/\\\/radioclanfm.com\\\/clanespectaculos\\\/#\\\/schema\\\/logo\\\/image\\\/\"},\"sameAs\":[\"https:\\\/\\\/www.facebook.com\\\/clanespectaculos\\\/\",\"https:\\\/\\\/x.com\\\/clanespectok\"]},{\"@type\":\"Person\",\"@id\":\"https:\\\/\\\/radioclanfm.com\\\/clanespectaculos\\\/#\\\/schema\\\/person\\\/9734813083303230f3ad84d99171b20c\",\"name\":\"E-GRUPOCLAN\",\"image\":{\"@type\":\"ImageObject\",\"inLanguage\":\"es-AR\",\"@id\":\"https:\\\/\\\/secure.gravatar.com\\\/avatar\\\/af6e19837c3d6a212034a48c7b3818d2ac1826f6025df0155da5a186ad321d79?s=96&d=mm&r=g\",\"url\":\"https:\\\/\\\/secure.gravatar.com\\\/avatar\\\/af6e19837c3d6a212034a48c7b3818d2ac1826f6025df0155da5a186ad321d79?s=96&d=mm&r=g\",\"contentUrl\":\"https:\\\/\\\/secure.gravatar.com\\\/avatar\\\/af6e19837c3d6a212034a48c7b3818d2ac1826f6025df0155da5a186ad321d79?s=96&d=mm&r=g\",\"caption\":\"E-GRUPOCLAN\"},\"sameAs\":[\"https:\\\/\\\/radioclanfm.com\"],\"url\":\"https:\\\/\\\/radioclanfm.com\\\/clanespectaculos\\\/author\\\/admin\\\/\"}]}<\/script>\n<!-- \/ Yoast SEO plugin. -->","yoast_head_json":{"title":"Roc\u00edo Robles habl\u00f3 por primera vez de su relaci\u00f3n con Adri\u00e1n Suar: \u201cEstamos pasando un buen momento\u201d - CLAN ESPECTACULOS","robots":{"index":"index","follow":"follow","max-snippet":"max-snippet:-1","max-image-preview":"max-image-preview:large","max-video-preview":"max-video-preview:-1"},"canonical":"https:\/\/radioclanfm.com\/clanespectaculos\/rocio-robles-hablo-por-primera-vez-de-su-relacion-con-adrian-suar-estamos-pasando-un-buen-momento\/","og_locale":"es_ES","og_type":"article","og_title":"Roc\u00edo Robles habl\u00f3 por primera vez de su relaci\u00f3n con Adri\u00e1n Suar: \u201cEstamos pasando un buen momento\u201d - CLAN ESPECTACULOS","og_description":"El nombre de\u00a0Adri\u00e1n Suar\u00a0siempre est\u00e1 rondando en el mundo del espect\u00e1culo, aunque en general est\u00e1 de la mano con las producciones que lleva adelante, sin embargo, en los \u00faltimos d\u00edas fue a causa de un\u00a0posible romance\u00a0con\u00a0Roc\u00edo Robles. En conversaci\u00f3n con Intrusos (Am\u00e9rica TV) Roc\u00edo habl\u00f3 de esta relaci\u00f3n e hizo frente a los rumores. Con [&hellip;]","og_url":"https:\/\/radioclanfm.com\/clanespectaculos\/rocio-robles-hablo-por-primera-vez-de-su-relacion-con-adrian-suar-estamos-pasando-un-buen-momento\/","og_site_name":"CLAN ESPECTACULOS","article_publisher":"https:\/\/www.facebook.com\/clanespectaculos\/","article_published_time":"2025-06-18T20:25:57+00:00","og_image":[{"width":900,"height":450,"url":"https:\/\/radioclanfm.com\/clanespectaculos\/wp-content\/uploads\/sites\/2\/2025\/06\/nJYU_ral.jpg","type":"image\/jpeg"}],"author":"E-GRUPOCLAN","twitter_card":"summary_large_image","twitter_creator":"@clanespectok","twitter_site":"@clanespectok","twitter_misc":{"Escrito por":"E-GRUPOCLAN","Tiempo de lectura":"4 minutos"},"schema":{"@context":"https:\/\/schema.org","@graph":[{"@type":"Article","@id":"https:\/\/radioclanfm.com\/clanespectaculos\/rocio-robles-hablo-por-primera-vez-de-su-relacion-con-adrian-suar-estamos-pasando-un-buen-momento\/#article","isPartOf":{"@id":"https:\/\/radioclanfm.com\/clanespectaculos\/rocio-robles-hablo-por-primera-vez-de-su-relacion-con-adrian-suar-estamos-pasando-un-buen-momento\/"},"author":{"name":"E-GRUPOCLAN","@id":"https:\/\/radioclanfm.com\/clanespectaculos\/#\/schema\/person\/9734813083303230f3ad84d99171b20c"},"headline":"Roc\u00edo Robles habl\u00f3 por primera vez de su relaci\u00f3n con Adri\u00e1n Suar: \u201cEstamos pasando un buen momento\u201d","datePublished":"2025-06-18T20:25:57+00:00","mainEntityOfPage":{"@id":"https:\/\/radioclanfm.com\/clanespectaculos\/rocio-robles-hablo-por-primera-vez-de-su-relacion-con-adrian-suar-estamos-pasando-un-buen-momento\/"},"wordCount":725,"commentCount":0,"publisher":{"@id":"https:\/\/radioclanfm.com\/clanespectaculos\/#organization"},"image":{"@id":"https:\/\/radioclanfm.com\/clanespectaculos\/rocio-robles-hablo-por-primera-vez-de-su-relacion-con-adrian-suar-estamos-pasando-un-buen-momento\/#primaryimage"},"thumbnailUrl":"https:\/\/radioclanfm.com\/clanespectaculos\/wp-content\/uploads\/sites\/2\/2025\/06\/nJYU_ral.jpg","articleSection":["Espectaculos"],"inLanguage":"es-AR","potentialAction":[{"@type":"CommentAction","name":"Comment","target":["https:\/\/radioclanfm.com\/clanespectaculos\/rocio-robles-hablo-por-primera-vez-de-su-relacion-con-adrian-suar-estamos-pasando-un-buen-momento\/#respond"]}]},{"@type":"WebPage","@id":"https:\/\/radioclanfm.com\/clanespectaculos\/rocio-robles-hablo-por-primera-vez-de-su-relacion-con-adrian-suar-estamos-pasando-un-buen-momento\/","url":"https:\/\/radioclanfm.com\/clanespectaculos\/rocio-robles-hablo-por-primera-vez-de-su-relacion-con-adrian-suar-estamos-pasando-un-buen-momento\/","name":"Roc\u00edo Robles habl\u00f3 por primera vez de su relaci\u00f3n con Adri\u00e1n Suar: \u201cEstamos pasando un buen momento\u201d - CLAN ESPECTACULOS","isPartOf":{"@id":"https:\/\/radioclanfm.com\/clanespectaculos\/#website"},"primaryImageOfPage":{"@id":"https:\/\/radioclanfm.com\/clanespectaculos\/rocio-robles-hablo-por-primera-vez-de-su-relacion-con-adrian-suar-estamos-pasando-un-buen-momento\/#primaryimage"},"image":{"@id":"https:\/\/radioclanfm.com\/clanespectaculos\/rocio-robles-hablo-por-primera-vez-de-su-relacion-con-adrian-suar-estamos-pasando-un-buen-momento\/#primaryimage"},"thumbnailUrl":"https:\/\/radioclanfm.com\/clanespectaculos\/wp-content\/uploads\/sites\/2\/2025\/06\/nJYU_ral.jpg","datePublished":"2025-06-18T20:25:57+00:00","breadcrumb":{"@id":"https:\/\/radioclanfm.com\/clanespectaculos\/rocio-robles-hablo-por-primera-vez-de-su-relacion-con-adrian-suar-estamos-pasando-un-buen-momento\/#breadcrumb"},"inLanguage":"es-AR","potentialAction":[{"@type":"ReadAction","target":["https:\/\/radioclanfm.com\/clanespectaculos\/rocio-robles-hablo-por-primera-vez-de-su-relacion-con-adrian-suar-estamos-pasando-un-buen-momento\/"]}]},{"@type":"ImageObject","inLanguage":"es-AR","@id":"https:\/\/radioclanfm.com\/clanespectaculos\/rocio-robles-hablo-por-primera-vez-de-su-relacion-con-adrian-suar-estamos-pasando-un-buen-momento\/#primaryimage","url":"https:\/\/radioclanfm.com\/clanespectaculos\/wp-content\/uploads\/sites\/2\/2025\/06\/nJYU_ral.jpg","contentUrl":"https:\/\/radioclanfm.com\/clanespectaculos\/wp-content\/uploads\/sites\/2\/2025\/06\/nJYU_ral.jpg","width":900,"height":450},{"@type":"BreadcrumbList","@id":"https:\/\/radioclanfm.com\/clanespectaculos\/rocio-robles-hablo-por-primera-vez-de-su-relacion-con-adrian-suar-estamos-pasando-un-buen-momento\/#breadcrumb","itemListElement":[{"@type":"ListItem","position":1,"name":"Inicio","item":"https:\/\/radioclanfm.com\/clanespectaculos\/"},{"@type":"ListItem","position":2,"name":"Roc\u00edo Robles habl\u00f3 por primera vez de su relaci\u00f3n con Adri\u00e1n Suar: \u201cEstamos pasando un buen momento\u201d"}]},{"@type":"WebSite","@id":"https:\/\/radioclanfm.com\/clanespectaculos\/#website","url":"https:\/\/radioclanfm.com\/clanespectaculos\/","name":"CLAN ESPECTACULOS","description":"","publisher":{"@id":"https:\/\/radioclanfm.com\/clanespectaculos\/#organization"},"potentialAction":[{"@type":"SearchAction","target":{"@type":"EntryPoint","urlTemplate":"https:\/\/radioclanfm.com\/clanespectaculos\/?s={search_term_string}"},"query-input":{"@type":"PropertyValueSpecification","valueRequired":true,"valueName":"search_term_string"}}],"inLanguage":"es-AR"},{"@type":"Organization","@id":"https:\/\/radioclanfm.com\/clanespectaculos\/#organization","name":"CLAN ESPECTACULOS","url":"https:\/\/radioclanfm.com\/clanespectaculos\/","logo":{"@type":"ImageObject","inLanguage":"es-AR","@id":"https:\/\/radioclanfm.com\/clanespectaculos\/#\/schema\/logo\/image\/","url":"https:\/\/radioclanfm.com\/clanespectaculos\/wp-content\/uploads\/sites\/2\/2026\/04\/ChatGPT-Image-23-mar-2026-10_09_00.png","contentUrl":"https:\/\/radioclanfm.com\/clanespectaculos\/wp-content\/uploads\/sites\/2\/2026\/04\/ChatGPT-Image-23-mar-2026-10_09_00.png","width":1024,"height":1024,"caption":"CLAN ESPECTACULOS"},"image":{"@id":"https:\/\/radioclanfm.com\/clanespectaculos\/#\/schema\/logo\/image\/"},"sameAs":["https:\/\/www.facebook.com\/clanespectaculos\/","https:\/\/x.com\/clanespectok"]},{"@type":"Person","@id":"https:\/\/radioclanfm.com\/clanespectaculos\/#\/schema\/person\/9734813083303230f3ad84d99171b20c","name":"E-GRUPOCLAN","image":{"@type":"ImageObject","inLanguage":"es-AR","@id":"https:\/\/secure.gravatar.com\/avatar\/af6e19837c3d6a212034a48c7b3818d2ac1826f6025df0155da5a186ad321d79?s=96&d=mm&r=g","url":"https:\/\/secure.gravatar.com\/avatar\/af6e19837c3d6a212034a48c7b3818d2ac1826f6025df0155da5a186ad321d79?s=96&d=mm&r=g","contentUrl":"https:\/\/secure.gravatar.com\/avatar\/af6e19837c3d6a212034a48c7b3818d2ac1826f6025df0155da5a186ad321d79?s=96&d=mm&r=g","caption":"E-GRUPOCLAN"},"sameAs":["https:\/\/radioclanfm.com"],"url":"https:\/\/radioclanfm.com\/clanespectaculos\/author\/admin\/"}]}},"_links":{"self":[{"href":"https:\/\/radioclanfm.com\/clanespectaculos\/wp-json\/wp\/v2\/posts\/1853","targetHints":{"allow":["GET"]}}],"collection":[{"href":"https:\/\/radioclanfm.com\/clanespectaculos\/wp-json\/wp\/v2\/posts"}],"about":[{"href":"https:\/\/radioclanfm.com\/clanespectaculos\/wp-json\/wp\/v2\/types\/post"}],"author":[{"embeddable":true,"href":"https:\/\/radioclanfm.com\/clanespectaculos\/wp-json\/wp\/v2\/users\/1"}],"replies":[{"embeddable":true,"href":"https:\/\/radioclanfm.com\/clanespectaculos\/wp-json\/wp\/v2\/comments?post=1853"}],"version-history":[{"count":1,"href":"https:\/\/radioclanfm.com\/clanespectaculos\/wp-json\/wp\/v2\/posts\/1853\/revisions"}],"predecessor-version":[{"id":1857,"href":"https:\/\/radioclanfm.com\/clanespectaculos\/wp-json\/wp\/v2\/posts\/1853\/revisions\/1857"}],"wp:featuredmedia":[{"embeddable":true,"href":"https:\/\/radioclanfm.com\/clanespectaculos\/wp-json\/wp\/v2\/media\/1856"}],"wp:attachment":[{"href":"https:\/\/radioclanfm.com\/clanespectaculos\/wp-json\/wp\/v2\/media?parent=1853"}],"wp:term":[{"taxonomy":"category","embeddable":true,"href":"https:\/\/radioclanfm.com\/clanespectaculos\/wp-json\/wp\/v2\/categories?post=1853"},{"taxonomy":"post_tag","embeddable":true,"href":"https:\/\/radioclanfm.com\/clanespectaculos\/wp-json\/wp\/v2\/tags?post=1853"}],"curies":[{"name":"wp","href":"https:\/\/api.w.org\/{rel}","templated":true}]}}