{"id":1789,"date":"2025-06-17T09:03:53","date_gmt":"2025-06-17T12:03:53","guid":{"rendered":"https:\/\/radioclanfm.com\/clanespectaculos\/?p=1789"},"modified":"2025-06-17T09:03:53","modified_gmt":"2025-06-17T12:03:53","slug":"santiago-del-moro-revelo-si-habra-una-nueva-edicion-de-gran-hermano-los-detalles","status":"publish","type":"post","link":"https:\/\/radioclanfm.com\/clanespectaculos\/santiago-del-moro-revelo-si-habra-una-nueva-edicion-de-gran-hermano-los-detalles\/","title":{"rendered":"Santiago del Moro revel\u00f3 si habr\u00e1 una nueva edici\u00f3n de Gran Hermano: los detalles"},"content":{"rendered":"<p>El conductor del reality de Telefe dio detalles in\u00e9ditos de los tramos finales del ciclo actual y anticip\u00f3 qu\u00e9 pasar\u00e1 con el programa en el futuro.<\/p>\n<div id=\"article-content\" class=\"article__content\">\n<p>Santiago del Moro\u00a0abri\u00f3 sus redes sociales para recibir preguntas de sus seguidores, muchas de las cuales estaban vinculadas al presente, pero tambi\u00e9n al futuro de\u00a0<strong>Gran Hermano (Telefe)<\/strong>. El conductor de la casa m\u00e1s famosa\u00a0<strong>cont\u00f3 detalles<\/strong>\u00a0respecto de los\u00a0<strong>\u00faltimos programas<\/strong>\u00a0de la actual edici\u00f3n del reality y cu\u00e1les son los\u00a0<strong>planes a futuro<\/strong>.<\/p>\n<h2>\u00bfQu\u00e9 dijo Santiago del Moro sobre Gran Hermano?<\/h2>\n<p>El conductor de televisi\u00f3n habilit\u00f3 la\u00a0<strong>caja de preguntas<\/strong>\u00a0de su cuenta personal de Instagram para dialogar con sus seguidores y\u00a0<strong>responder sus dudas<\/strong>. Por supuesto, la mayor parte de los interrogantes planteados por los internautas se refirieron\u00a0<strong>al presente y al futuro de\u00a0Gran Hermano<\/strong>.<\/p>\n<figure class=\"image pointer\" data-order=\"1\"><img decoding=\"async\" src=\"https:\/\/fotos.perfil.com\/\/2025\/06\/16\/900\/0\/posteos-de-santiago-del-moro-2043834.jpg\" alt=\"Posteos de Santiago del Moro\" \/><figcaption>Foto: Instagram santidelmoro<\/figcaption><\/figure>\n<div id=\"sas_intextContainer_12619863\">\n<div id=\"sas_container_12619863\" data-eqt-ad=\"ad-12619863\">\n<div id=\"sas_videoDiv_12619863\">\n<div id=\"sas_relDiv_12619863\">\n<div id=\"sas_relDivPlayer_12619863\" class=\"\">\n<div class=\"sas-container sas-linear\">\n<div class=\"sas-reset\">\n<div class=\"sas-screen sas-floating sas-zoom sas-frame\">\n<div class=\"sas-reset\">\n<div class=\"sas-ctrl-clickthrough sas-ctrl-mask\"><\/div>\n<\/div>\n<\/div>\n<\/div>\n<\/div>\n<div class=\"sas-resize-triggers\">\n<div class=\"sas-expand-trigger\">\n<div><\/div>\n<\/div>\n<div class=\"sas-contract-trigger\"><\/div>\n<\/div>\n<\/div>\n<\/div>\n<\/div>\n<\/div>\n<\/div>\n<p>Como se sabe, el reality entr\u00f3 en su etapa final y ser\u00e1 a fines de junio cuando se determine cu\u00e1l de los seis participantes que a\u00fan contin\u00faan en competencia ser\u00e1 el ganador o ganadora. En ese contexto, Del Moro dio detalles de lo que puede contar, por ahora, del actual ciclo y\u00a0<strong>confirm\u00f3 una importante noticia que ten\u00eda en vilo al p\u00fablico<\/strong>\u00a0del programa de Telefe.<\/p>\n<figure class=\"image pointer\" data-order=\"2\"><img decoding=\"async\" src=\"https:\/\/fotos.perfil.com\/\/2025\/06\/16\/900\/0\/posteos-de-santiago-del-moro-2043835.jpg\" alt=\"Posteos de Santiago del Moro\" \/><figcaption>Foto: Instagram santidelmoro<\/figcaption><\/figure>\n<p>Ante la pregunta concreta de si habr\u00e1 o no una nueva edici\u00f3n de Gran Hermano el a\u00f1o que viene, Santiago del Moro fue tajante y despej\u00f3 todo tipo de especulaciones al respecto:\u00a0<strong>&#8220;\u00a1Si! Todo es Gran Hermano<\/strong>&#8220;.<\/p>\n<figure class=\"image pointer\" data-order=\"3\"><img decoding=\"async\" src=\"https:\/\/fotos.perfil.com\/\/2025\/06\/16\/900\/0\/posteos-de-santiago-del-moro-2043836.jpg\" alt=\"Posteos de Santiago del Moro\" \/><figcaption>Foto: Instagram santidelmoro<\/figcaption><\/figure>\n<p>El tema no qued\u00f3 ah\u00ed, ya que otro seguidor pregunt\u00f3 cu\u00e1ndo se va a anunciar oficialmente la nueva edici\u00f3n del reality. A esto, del Moro respondi\u00f3: &#8220;<strong>El pr\u00f3ximo domingo 22 en la cena con los \u00faltimos cuatro habr\u00e1 novedades<\/strong>&#8220;.<\/p>\n<figure class=\"image pointer\" data-order=\"4\"><img decoding=\"async\" src=\"https:\/\/fotos.perfil.com\/\/2025\/06\/16\/900\/0\/posteos-de-santiago-del-moro-2043837.jpg\" alt=\"Posteos de Santiago del Moro\" \/><figcaption>Foto: Instagram santidelmoro<\/figcaption><\/figure>\n<p>Los internautas insistieron con el tema y a la pregunta de si la pr\u00f3xima edici\u00f3n va a ser igual a la actual, el conductor se limit\u00f3 a repetir que se dar\u00e1 m\u00e1s informaci\u00f3n el domingo 22, pero le agreg\u00f3 un poco de misterio: &#8220;<strong>Prep\u00e1rense<\/strong>&#8220;.<\/p>\n<figure class=\"image pointer\" data-order=\"5\"><img decoding=\"async\" src=\"https:\/\/fotos.perfil.com\/\/2025\/06\/16\/900\/0\/posteos-de-santiago-del-moro-2043830.jpg\" alt=\"Posteos de Santiago del Moro\" \/><figcaption>Foto: Instagram santidelmoro<\/figcaption><\/figure>\n<p>Pero tambi\u00e9n respondi\u00f3 consultas vinculadas a los tramos finales de la actual edici\u00f3n. Del Moro cont\u00f3, por ejemplo, que ese mismo domingo\u00a0<strong>se abrir\u00e1 la valija<\/strong>\u00a0que dej\u00f3 tiempo atr\u00e1s en la casa. Tambi\u00e9n confirm\u00f3 que el pr\u00f3ximo mi\u00e9rcoles se va el\u00a0<strong>pr\u00f3ximo participante<\/strong>. En tanto, el lunes 23 habr\u00e1\u00a0<strong>cuatro participantes<\/strong>\u00a0y al d\u00eda siguiente ser\u00e1n\u00a0<strong>tres<\/strong>\u00a0los que queden en competencia.<\/p>\n<figure class=\"image pointer\" data-order=\"6\"><img decoding=\"async\" src=\"https:\/\/fotos.perfil.com\/\/2025\/06\/16\/900\/0\/posteos-de-santiago-del-moro-2043831.jpg\" alt=\"Posteos de Santiago del Moro\" \/><figcaption>Foto: Instagram santidelmoro<\/figcaption><\/figure>\n<p>A la pregunta de qu\u00e9 participante le gustar\u00eda que ganara la competencia obviamente el conductor expres\u00f3 una postura imparcial:\u00a0<strong>&#8220;\u00a1Me da exactamente igual! \u00a1Todos lo merecen! Los chicos lo dieron todo y m\u00e1s para llegar tan lejos&#8221;. Y agreg\u00f3: &#8220;Despu\u00e9s qui\u00e9n gane depende de los votos de ustedes<\/strong>&#8220;.<\/p>\n<figure class=\"image pointer\" data-order=\"7\"><img decoding=\"async\" src=\"https:\/\/fotos.perfil.com\/\/2025\/06\/16\/900\/0\/posteos-de-santiago-del-moro-2043832.jpg\" alt=\"Posteos de Santiago del Moro\" \/><figcaption>Foto: Instagram santidelmoro<\/figcaption><\/figure>\n<figure class=\"image pointer\" data-order=\"8\"><img decoding=\"async\" src=\"https:\/\/fotos.perfil.com\/\/2025\/06\/16\/900\/0\/posteos-de-santiago-del-moro-2043833.jpg\" alt=\"Posteos de Santiago del Moro\" \/><figcaption>Foto: Instagram santidelmoro<\/figcaption><\/figure>\n<p>Finalmente, Santiago del Moro le rest\u00f3 importancia a los\u00a0pron\u00f3sticos o vaticinios\u00a0que circulan por las redes y que anticipan cu\u00e1l ser\u00e1 el pr\u00f3ximo participante en ser expulsado: &#8220;<strong>Son cualquier cosa. Es imposible acceder previamente a los n\u00fameros, eso lo maneja una empresa con la fiscalizaci\u00f3n de una escribana p\u00fablica<\/strong>&#8220;.<\/p>\n<\/div>\n<div class=\"related-news mb-2\"><\/div>\n","protected":false},"excerpt":{"rendered":"<p>El conductor del reality de Telefe dio detalles in\u00e9ditos de los tramos finales del ciclo actual y anticip\u00f3 qu\u00e9 pasar\u00e1 con el programa en el futuro. Santiago del Moro\u00a0abri\u00f3 sus redes sociales para recibir preguntas de sus seguidores, muchas de las cuales estaban vinculadas al presente, pero tambi\u00e9n al futuro de\u00a0Gran Hermano (Telefe). El conductor [&hellip;]<\/p>\n","protected":false},"author":1,"featured_media":1792,"comment_status":"open","ping_status":"open","sticky":false,"template":"","format":"standard","meta":{"rop_custom_images_group":[],"rop_custom_messages_group":[],"rop_publish_now":"initial","rop_publish_now_accounts":[],"rop_publish_now_history":[],"rop_publish_now_status":"pending","footnotes":"","jetpack_publicize_message":"","jetpack_publicize_feature_enabled":true,"jetpack_social_post_already_shared":true,"jetpack_social_options":{"image_generator_settings":{"template":"highway","enabled":false},"version":2}},"categories":[12],"tags":[],"class_list":{"0":"post-1789","1":"post","2":"type-post","3":"status-publish","4":"format-standard","5":"has-post-thumbnail","7":"category-espectaculos"},"jetpack_publicize_connections":[],"yoast_head":"<!-- This site is optimized with the Yoast SEO plugin v27.3 - https:\/\/yoast.com\/product\/yoast-seo-wordpress\/ -->\n<title>Santiago del Moro revel\u00f3 si habr\u00e1 una nueva edici\u00f3n de Gran Hermano: los detalles - CLAN ESPECTACULOS<\/title>\n<meta name=\"robots\" content=\"index, follow, max-snippet:-1, max-image-preview:large, max-video-preview:-1\" \/>\n<link rel=\"canonical\" href=\"https:\/\/radioclanfm.com\/clanespectaculos\/santiago-del-moro-revelo-si-habra-una-nueva-edicion-de-gran-hermano-los-detalles\/\" \/>\n<meta property=\"og:locale\" content=\"es_ES\" \/>\n<meta property=\"og:type\" content=\"article\" \/>\n<meta property=\"og:title\" content=\"Santiago del Moro revel\u00f3 si habr\u00e1 una nueva edici\u00f3n de Gran Hermano: los detalles - CLAN ESPECTACULOS\" \/>\n<meta property=\"og:description\" content=\"El conductor del reality de Telefe dio detalles in\u00e9ditos de los tramos finales del ciclo actual y anticip\u00f3 qu\u00e9 pasar\u00e1 con el programa en el futuro. Santiago del Moro\u00a0abri\u00f3 sus redes sociales para recibir preguntas de sus seguidores, muchas de las cuales estaban vinculadas al presente, pero tambi\u00e9n al futuro de\u00a0Gran Hermano (Telefe). El conductor [&hellip;]\" \/>\n<meta property=\"og:url\" content=\"https:\/\/radioclanfm.com\/clanespectaculos\/santiago-del-moro-revelo-si-habra-una-nueva-edicion-de-gran-hermano-los-detalles\/\" \/>\n<meta property=\"og:site_name\" content=\"CLAN ESPECTACULOS\" \/>\n<meta property=\"article:publisher\" content=\"https:\/\/www.facebook.com\/clanespectaculos\/\" \/>\n<meta property=\"article:published_time\" content=\"2025-06-17T12:03:53+00:00\" \/>\n<meta property=\"og:image\" content=\"https:\/\/radioclanfm.com\/clanespectaculos\/wp-content\/uploads\/sites\/2\/2025\/06\/santiago-del-moro-2043807.webp\" \/>\n\t<meta property=\"og:image:width\" content=\"950\" \/>\n\t<meta property=\"og:image:height\" content=\"534\" \/>\n\t<meta property=\"og:image:type\" content=\"image\/webp\" \/>\n<meta name=\"author\" content=\"E-GRUPOCLAN\" \/>\n<meta name=\"twitter:card\" content=\"summary_large_image\" \/>\n<meta name=\"twitter:creator\" content=\"@clanespectok\" \/>\n<meta name=\"twitter:site\" content=\"@clanespectok\" \/>\n<meta name=\"twitter:label1\" content=\"Escrito por\" \/>\n\t<meta name=\"twitter:data1\" content=\"E-GRUPOCLAN\" \/>\n\t<meta name=\"twitter:label2\" content=\"Tiempo de lectura\" \/>\n\t<meta name=\"twitter:data2\" content=\"3 minutos\" \/>\n<script type=\"application\/ld+json\" class=\"yoast-schema-graph\">{\"@context\":\"https:\\\/\\\/schema.org\",\"@graph\":[{\"@type\":\"Article\",\"@id\":\"https:\\\/\\\/radioclanfm.com\\\/clanespectaculos\\\/santiago-del-moro-revelo-si-habra-una-nueva-edicion-de-gran-hermano-los-detalles\\\/#article\",\"isPartOf\":{\"@id\":\"https:\\\/\\\/radioclanfm.com\\\/clanespectaculos\\\/santiago-del-moro-revelo-si-habra-una-nueva-edicion-de-gran-hermano-los-detalles\\\/\"},\"author\":{\"name\":\"E-GRUPOCLAN\",\"@id\":\"https:\\\/\\\/radioclanfm.com\\\/clanespectaculos\\\/#\\\/schema\\\/person\\\/9734813083303230f3ad84d99171b20c\"},\"headline\":\"Santiago del Moro revel\u00f3 si habr\u00e1 una nueva edici\u00f3n de Gran Hermano: los detalles\",\"datePublished\":\"2025-06-17T12:03:53+00:00\",\"mainEntityOfPage\":{\"@id\":\"https:\\\/\\\/radioclanfm.com\\\/clanespectaculos\\\/santiago-del-moro-revelo-si-habra-una-nueva-edicion-de-gran-hermano-los-detalles\\\/\"},\"wordCount\":559,\"commentCount\":0,\"publisher\":{\"@id\":\"https:\\\/\\\/radioclanfm.com\\\/clanespectaculos\\\/#organization\"},\"image\":{\"@id\":\"https:\\\/\\\/radioclanfm.com\\\/clanespectaculos\\\/santiago-del-moro-revelo-si-habra-una-nueva-edicion-de-gran-hermano-los-detalles\\\/#primaryimage\"},\"thumbnailUrl\":\"https:\\\/\\\/radioclanfm.com\\\/clanespectaculos\\\/wp-content\\\/uploads\\\/sites\\\/2\\\/2025\\\/06\\\/santiago-del-moro-2043807.webp\",\"articleSection\":[\"Espectaculos\"],\"inLanguage\":\"es-AR\",\"potentialAction\":[{\"@type\":\"CommentAction\",\"name\":\"Comment\",\"target\":[\"https:\\\/\\\/radioclanfm.com\\\/clanespectaculos\\\/santiago-del-moro-revelo-si-habra-una-nueva-edicion-de-gran-hermano-los-detalles\\\/#respond\"]}]},{\"@type\":\"WebPage\",\"@id\":\"https:\\\/\\\/radioclanfm.com\\\/clanespectaculos\\\/santiago-del-moro-revelo-si-habra-una-nueva-edicion-de-gran-hermano-los-detalles\\\/\",\"url\":\"https:\\\/\\\/radioclanfm.com\\\/clanespectaculos\\\/santiago-del-moro-revelo-si-habra-una-nueva-edicion-de-gran-hermano-los-detalles\\\/\",\"name\":\"Santiago del Moro revel\u00f3 si habr\u00e1 una nueva edici\u00f3n de Gran Hermano: los detalles - CLAN ESPECTACULOS\",\"isPartOf\":{\"@id\":\"https:\\\/\\\/radioclanfm.com\\\/clanespectaculos\\\/#website\"},\"primaryImageOfPage\":{\"@id\":\"https:\\\/\\\/radioclanfm.com\\\/clanespectaculos\\\/santiago-del-moro-revelo-si-habra-una-nueva-edicion-de-gran-hermano-los-detalles\\\/#primaryimage\"},\"image\":{\"@id\":\"https:\\\/\\\/radioclanfm.com\\\/clanespectaculos\\\/santiago-del-moro-revelo-si-habra-una-nueva-edicion-de-gran-hermano-los-detalles\\\/#primaryimage\"},\"thumbnailUrl\":\"https:\\\/\\\/radioclanfm.com\\\/clanespectaculos\\\/wp-content\\\/uploads\\\/sites\\\/2\\\/2025\\\/06\\\/santiago-del-moro-2043807.webp\",\"datePublished\":\"2025-06-17T12:03:53+00:00\",\"breadcrumb\":{\"@id\":\"https:\\\/\\\/radioclanfm.com\\\/clanespectaculos\\\/santiago-del-moro-revelo-si-habra-una-nueva-edicion-de-gran-hermano-los-detalles\\\/#breadcrumb\"},\"inLanguage\":\"es-AR\",\"potentialAction\":[{\"@type\":\"ReadAction\",\"target\":[\"https:\\\/\\\/radioclanfm.com\\\/clanespectaculos\\\/santiago-del-moro-revelo-si-habra-una-nueva-edicion-de-gran-hermano-los-detalles\\\/\"]}]},{\"@type\":\"ImageObject\",\"inLanguage\":\"es-AR\",\"@id\":\"https:\\\/\\\/radioclanfm.com\\\/clanespectaculos\\\/santiago-del-moro-revelo-si-habra-una-nueva-edicion-de-gran-hermano-los-detalles\\\/#primaryimage\",\"url\":\"https:\\\/\\\/radioclanfm.com\\\/clanespectaculos\\\/wp-content\\\/uploads\\\/sites\\\/2\\\/2025\\\/06\\\/santiago-del-moro-2043807.webp\",\"contentUrl\":\"https:\\\/\\\/radioclanfm.com\\\/clanespectaculos\\\/wp-content\\\/uploads\\\/sites\\\/2\\\/2025\\\/06\\\/santiago-del-moro-2043807.webp\",\"width\":950,\"height\":534},{\"@type\":\"BreadcrumbList\",\"@id\":\"https:\\\/\\\/radioclanfm.com\\\/clanespectaculos\\\/santiago-del-moro-revelo-si-habra-una-nueva-edicion-de-gran-hermano-los-detalles\\\/#breadcrumb\",\"itemListElement\":[{\"@type\":\"ListItem\",\"position\":1,\"name\":\"Inicio\",\"item\":\"https:\\\/\\\/radioclanfm.com\\\/clanespectaculos\\\/\"},{\"@type\":\"ListItem\",\"position\":2,\"name\":\"Santiago del Moro revel\u00f3 si habr\u00e1 una nueva edici\u00f3n de Gran Hermano: los detalles\"}]},{\"@type\":\"WebSite\",\"@id\":\"https:\\\/\\\/radioclanfm.com\\\/clanespectaculos\\\/#website\",\"url\":\"https:\\\/\\\/radioclanfm.com\\\/clanespectaculos\\\/\",\"name\":\"CLAN ESPECTACULOS\",\"description\":\"\",\"publisher\":{\"@id\":\"https:\\\/\\\/radioclanfm.com\\\/clanespectaculos\\\/#organization\"},\"potentialAction\":[{\"@type\":\"SearchAction\",\"target\":{\"@type\":\"EntryPoint\",\"urlTemplate\":\"https:\\\/\\\/radioclanfm.com\\\/clanespectaculos\\\/?s={search_term_string}\"},\"query-input\":{\"@type\":\"PropertyValueSpecification\",\"valueRequired\":true,\"valueName\":\"search_term_string\"}}],\"inLanguage\":\"es-AR\"},{\"@type\":\"Organization\",\"@id\":\"https:\\\/\\\/radioclanfm.com\\\/clanespectaculos\\\/#organization\",\"name\":\"CLAN ESPECTACULOS\",\"url\":\"https:\\\/\\\/radioclanfm.com\\\/clanespectaculos\\\/\",\"logo\":{\"@type\":\"ImageObject\",\"inLanguage\":\"es-AR\",\"@id\":\"https:\\\/\\\/radioclanfm.com\\\/clanespectaculos\\\/#\\\/schema\\\/logo\\\/image\\\/\",\"url\":\"https:\\\/\\\/radioclanfm.com\\\/clanespectaculos\\\/wp-content\\\/uploads\\\/sites\\\/2\\\/2026\\\/04\\\/ChatGPT-Image-23-mar-2026-10_09_00.png\",\"contentUrl\":\"https:\\\/\\\/radioclanfm.com\\\/clanespectaculos\\\/wp-content\\\/uploads\\\/sites\\\/2\\\/2026\\\/04\\\/ChatGPT-Image-23-mar-2026-10_09_00.png\",\"width\":1024,\"height\":1024,\"caption\":\"CLAN ESPECTACULOS\"},\"image\":{\"@id\":\"https:\\\/\\\/radioclanfm.com\\\/clanespectaculos\\\/#\\\/schema\\\/logo\\\/image\\\/\"},\"sameAs\":[\"https:\\\/\\\/www.facebook.com\\\/clanespectaculos\\\/\",\"https:\\\/\\\/x.com\\\/clanespectok\"]},{\"@type\":\"Person\",\"@id\":\"https:\\\/\\\/radioclanfm.com\\\/clanespectaculos\\\/#\\\/schema\\\/person\\\/9734813083303230f3ad84d99171b20c\",\"name\":\"E-GRUPOCLAN\",\"image\":{\"@type\":\"ImageObject\",\"inLanguage\":\"es-AR\",\"@id\":\"https:\\\/\\\/secure.gravatar.com\\\/avatar\\\/af6e19837c3d6a212034a48c7b3818d2ac1826f6025df0155da5a186ad321d79?s=96&d=mm&r=g\",\"url\":\"https:\\\/\\\/secure.gravatar.com\\\/avatar\\\/af6e19837c3d6a212034a48c7b3818d2ac1826f6025df0155da5a186ad321d79?s=96&d=mm&r=g\",\"contentUrl\":\"https:\\\/\\\/secure.gravatar.com\\\/avatar\\\/af6e19837c3d6a212034a48c7b3818d2ac1826f6025df0155da5a186ad321d79?s=96&d=mm&r=g\",\"caption\":\"E-GRUPOCLAN\"},\"sameAs\":[\"https:\\\/\\\/radioclanfm.com\"],\"url\":\"https:\\\/\\\/radioclanfm.com\\\/clanespectaculos\\\/author\\\/admin\\\/\"}]}<\/script>\n<!-- \/ Yoast SEO plugin. -->","yoast_head_json":{"title":"Santiago del Moro revel\u00f3 si habr\u00e1 una nueva edici\u00f3n de Gran Hermano: los detalles - CLAN ESPECTACULOS","robots":{"index":"index","follow":"follow","max-snippet":"max-snippet:-1","max-image-preview":"max-image-preview:large","max-video-preview":"max-video-preview:-1"},"canonical":"https:\/\/radioclanfm.com\/clanespectaculos\/santiago-del-moro-revelo-si-habra-una-nueva-edicion-de-gran-hermano-los-detalles\/","og_locale":"es_ES","og_type":"article","og_title":"Santiago del Moro revel\u00f3 si habr\u00e1 una nueva edici\u00f3n de Gran Hermano: los detalles - CLAN ESPECTACULOS","og_description":"El conductor del reality de Telefe dio detalles in\u00e9ditos de los tramos finales del ciclo actual y anticip\u00f3 qu\u00e9 pasar\u00e1 con el programa en el futuro. Santiago del Moro\u00a0abri\u00f3 sus redes sociales para recibir preguntas de sus seguidores, muchas de las cuales estaban vinculadas al presente, pero tambi\u00e9n al futuro de\u00a0Gran Hermano (Telefe). El conductor [&hellip;]","og_url":"https:\/\/radioclanfm.com\/clanespectaculos\/santiago-del-moro-revelo-si-habra-una-nueva-edicion-de-gran-hermano-los-detalles\/","og_site_name":"CLAN ESPECTACULOS","article_publisher":"https:\/\/www.facebook.com\/clanespectaculos\/","article_published_time":"2025-06-17T12:03:53+00:00","og_image":[{"width":950,"height":534,"url":"https:\/\/radioclanfm.com\/clanespectaculos\/wp-content\/uploads\/sites\/2\/2025\/06\/santiago-del-moro-2043807.webp","type":"image\/webp"}],"author":"E-GRUPOCLAN","twitter_card":"summary_large_image","twitter_creator":"@clanespectok","twitter_site":"@clanespectok","twitter_misc":{"Escrito por":"E-GRUPOCLAN","Tiempo de lectura":"3 minutos"},"schema":{"@context":"https:\/\/schema.org","@graph":[{"@type":"Article","@id":"https:\/\/radioclanfm.com\/clanespectaculos\/santiago-del-moro-revelo-si-habra-una-nueva-edicion-de-gran-hermano-los-detalles\/#article","isPartOf":{"@id":"https:\/\/radioclanfm.com\/clanespectaculos\/santiago-del-moro-revelo-si-habra-una-nueva-edicion-de-gran-hermano-los-detalles\/"},"author":{"name":"E-GRUPOCLAN","@id":"https:\/\/radioclanfm.com\/clanespectaculos\/#\/schema\/person\/9734813083303230f3ad84d99171b20c"},"headline":"Santiago del Moro revel\u00f3 si habr\u00e1 una nueva edici\u00f3n de Gran Hermano: los detalles","datePublished":"2025-06-17T12:03:53+00:00","mainEntityOfPage":{"@id":"https:\/\/radioclanfm.com\/clanespectaculos\/santiago-del-moro-revelo-si-habra-una-nueva-edicion-de-gran-hermano-los-detalles\/"},"wordCount":559,"commentCount":0,"publisher":{"@id":"https:\/\/radioclanfm.com\/clanespectaculos\/#organization"},"image":{"@id":"https:\/\/radioclanfm.com\/clanespectaculos\/santiago-del-moro-revelo-si-habra-una-nueva-edicion-de-gran-hermano-los-detalles\/#primaryimage"},"thumbnailUrl":"https:\/\/radioclanfm.com\/clanespectaculos\/wp-content\/uploads\/sites\/2\/2025\/06\/santiago-del-moro-2043807.webp","articleSection":["Espectaculos"],"inLanguage":"es-AR","potentialAction":[{"@type":"CommentAction","name":"Comment","target":["https:\/\/radioclanfm.com\/clanespectaculos\/santiago-del-moro-revelo-si-habra-una-nueva-edicion-de-gran-hermano-los-detalles\/#respond"]}]},{"@type":"WebPage","@id":"https:\/\/radioclanfm.com\/clanespectaculos\/santiago-del-moro-revelo-si-habra-una-nueva-edicion-de-gran-hermano-los-detalles\/","url":"https:\/\/radioclanfm.com\/clanespectaculos\/santiago-del-moro-revelo-si-habra-una-nueva-edicion-de-gran-hermano-los-detalles\/","name":"Santiago del Moro revel\u00f3 si habr\u00e1 una nueva edici\u00f3n de Gran Hermano: los detalles - CLAN ESPECTACULOS","isPartOf":{"@id":"https:\/\/radioclanfm.com\/clanespectaculos\/#website"},"primaryImageOfPage":{"@id":"https:\/\/radioclanfm.com\/clanespectaculos\/santiago-del-moro-revelo-si-habra-una-nueva-edicion-de-gran-hermano-los-detalles\/#primaryimage"},"image":{"@id":"https:\/\/radioclanfm.com\/clanespectaculos\/santiago-del-moro-revelo-si-habra-una-nueva-edicion-de-gran-hermano-los-detalles\/#primaryimage"},"thumbnailUrl":"https:\/\/radioclanfm.com\/clanespectaculos\/wp-content\/uploads\/sites\/2\/2025\/06\/santiago-del-moro-2043807.webp","datePublished":"2025-06-17T12:03:53+00:00","breadcrumb":{"@id":"https:\/\/radioclanfm.com\/clanespectaculos\/santiago-del-moro-revelo-si-habra-una-nueva-edicion-de-gran-hermano-los-detalles\/#breadcrumb"},"inLanguage":"es-AR","potentialAction":[{"@type":"ReadAction","target":["https:\/\/radioclanfm.com\/clanespectaculos\/santiago-del-moro-revelo-si-habra-una-nueva-edicion-de-gran-hermano-los-detalles\/"]}]},{"@type":"ImageObject","inLanguage":"es-AR","@id":"https:\/\/radioclanfm.com\/clanespectaculos\/santiago-del-moro-revelo-si-habra-una-nueva-edicion-de-gran-hermano-los-detalles\/#primaryimage","url":"https:\/\/radioclanfm.com\/clanespectaculos\/wp-content\/uploads\/sites\/2\/2025\/06\/santiago-del-moro-2043807.webp","contentUrl":"https:\/\/radioclanfm.com\/clanespectaculos\/wp-content\/uploads\/sites\/2\/2025\/06\/santiago-del-moro-2043807.webp","width":950,"height":534},{"@type":"BreadcrumbList","@id":"https:\/\/radioclanfm.com\/clanespectaculos\/santiago-del-moro-revelo-si-habra-una-nueva-edicion-de-gran-hermano-los-detalles\/#breadcrumb","itemListElement":[{"@type":"ListItem","position":1,"name":"Inicio","item":"https:\/\/radioclanfm.com\/clanespectaculos\/"},{"@type":"ListItem","position":2,"name":"Santiago del Moro revel\u00f3 si habr\u00e1 una nueva edici\u00f3n de Gran Hermano: los detalles"}]},{"@type":"WebSite","@id":"https:\/\/radioclanfm.com\/clanespectaculos\/#website","url":"https:\/\/radioclanfm.com\/clanespectaculos\/","name":"CLAN ESPECTACULOS","description":"","publisher":{"@id":"https:\/\/radioclanfm.com\/clanespectaculos\/#organization"},"potentialAction":[{"@type":"SearchAction","target":{"@type":"EntryPoint","urlTemplate":"https:\/\/radioclanfm.com\/clanespectaculos\/?s={search_term_string}"},"query-input":{"@type":"PropertyValueSpecification","valueRequired":true,"valueName":"search_term_string"}}],"inLanguage":"es-AR"},{"@type":"Organization","@id":"https:\/\/radioclanfm.com\/clanespectaculos\/#organization","name":"CLAN ESPECTACULOS","url":"https:\/\/radioclanfm.com\/clanespectaculos\/","logo":{"@type":"ImageObject","inLanguage":"es-AR","@id":"https:\/\/radioclanfm.com\/clanespectaculos\/#\/schema\/logo\/image\/","url":"https:\/\/radioclanfm.com\/clanespectaculos\/wp-content\/uploads\/sites\/2\/2026\/04\/ChatGPT-Image-23-mar-2026-10_09_00.png","contentUrl":"https:\/\/radioclanfm.com\/clanespectaculos\/wp-content\/uploads\/sites\/2\/2026\/04\/ChatGPT-Image-23-mar-2026-10_09_00.png","width":1024,"height":1024,"caption":"CLAN ESPECTACULOS"},"image":{"@id":"https:\/\/radioclanfm.com\/clanespectaculos\/#\/schema\/logo\/image\/"},"sameAs":["https:\/\/www.facebook.com\/clanespectaculos\/","https:\/\/x.com\/clanespectok"]},{"@type":"Person","@id":"https:\/\/radioclanfm.com\/clanespectaculos\/#\/schema\/person\/9734813083303230f3ad84d99171b20c","name":"E-GRUPOCLAN","image":{"@type":"ImageObject","inLanguage":"es-AR","@id":"https:\/\/secure.gravatar.com\/avatar\/af6e19837c3d6a212034a48c7b3818d2ac1826f6025df0155da5a186ad321d79?s=96&d=mm&r=g","url":"https:\/\/secure.gravatar.com\/avatar\/af6e19837c3d6a212034a48c7b3818d2ac1826f6025df0155da5a186ad321d79?s=96&d=mm&r=g","contentUrl":"https:\/\/secure.gravatar.com\/avatar\/af6e19837c3d6a212034a48c7b3818d2ac1826f6025df0155da5a186ad321d79?s=96&d=mm&r=g","caption":"E-GRUPOCLAN"},"sameAs":["https:\/\/radioclanfm.com"],"url":"https:\/\/radioclanfm.com\/clanespectaculos\/author\/admin\/"}]}},"_links":{"self":[{"href":"https:\/\/radioclanfm.com\/clanespectaculos\/wp-json\/wp\/v2\/posts\/1789","targetHints":{"allow":["GET"]}}],"collection":[{"href":"https:\/\/radioclanfm.com\/clanespectaculos\/wp-json\/wp\/v2\/posts"}],"about":[{"href":"https:\/\/radioclanfm.com\/clanespectaculos\/wp-json\/wp\/v2\/types\/post"}],"author":[{"embeddable":true,"href":"https:\/\/radioclanfm.com\/clanespectaculos\/wp-json\/wp\/v2\/users\/1"}],"replies":[{"embeddable":true,"href":"https:\/\/radioclanfm.com\/clanespectaculos\/wp-json\/wp\/v2\/comments?post=1789"}],"version-history":[{"count":1,"href":"https:\/\/radioclanfm.com\/clanespectaculos\/wp-json\/wp\/v2\/posts\/1789\/revisions"}],"predecessor-version":[{"id":1793,"href":"https:\/\/radioclanfm.com\/clanespectaculos\/wp-json\/wp\/v2\/posts\/1789\/revisions\/1793"}],"wp:featuredmedia":[{"embeddable":true,"href":"https:\/\/radioclanfm.com\/clanespectaculos\/wp-json\/wp\/v2\/media\/1792"}],"wp:attachment":[{"href":"https:\/\/radioclanfm.com\/clanespectaculos\/wp-json\/wp\/v2\/media?parent=1789"}],"wp:term":[{"taxonomy":"category","embeddable":true,"href":"https:\/\/radioclanfm.com\/clanespectaculos\/wp-json\/wp\/v2\/categories?post=1789"},{"taxonomy":"post_tag","embeddable":true,"href":"https:\/\/radioclanfm.com\/clanespectaculos\/wp-json\/wp\/v2\/tags?post=1789"}],"curies":[{"name":"wp","href":"https:\/\/api.w.org\/{rel}","templated":true}]}}