{"id":1774,"date":"2025-06-17T08:59:01","date_gmt":"2025-06-17T11:59:01","guid":{"rendered":"https:\/\/radioclanfm.com\/clanespectaculos\/?p=1774"},"modified":"2025-06-17T08:59:01","modified_gmt":"2025-06-17T11:59:01","slug":"pilar-smith-confirmo-su-separacion-definitiva-de-rafael-ruiz-huidobro-y-dio-detalles-ineditos-sufri-mucho","status":"publish","type":"post","link":"https:\/\/radioclanfm.com\/clanespectaculos\/pilar-smith-confirmo-su-separacion-definitiva-de-rafael-ruiz-huidobro-y-dio-detalles-ineditos-sufri-mucho\/","title":{"rendered":"Pilar Smith confirm\u00f3 su separaci\u00f3n definitiva de Rafael Ruiz Huidobro y dio detalles in\u00e9ditos: &#8220;Sufr\u00ed mucho&#8221;"},"content":{"rendered":"<div id=\"article-content\" class=\"article__content\">\n<p><strong>Pilar Smith\u00a0confirm\u00f3 su separaci\u00f3n definitiva de Rafael Ruiz Huidobro tras cinco a\u00f1os de relaci\u00f3n<\/strong>, y la periodista volvi\u00f3 a hablar de su actual situaci\u00f3n amorosa. Adem\u00e1s, dio detalles in\u00e9ditos de su ruptura que\u00a0<strong>ya hab\u00eda dado a conocer por primera vez en julio de 2024<\/strong>.<\/p>\n<h2>\u00bfPor qu\u00e9 Pilar Smith se separ\u00f3?<\/h2>\n<p>Seg\u00fan inform\u00f3\u00a0<strong>\u00c1ngel de Brito<\/strong>\u00a0en su momento en una emisi\u00f3n de\u00a0<strong>LAM (Am\u00e9rica TV)<\/strong>, los motivos hab\u00edan sido por\u00a0<strong>&#8220;desgaste de la relaci\u00f3n&#8221;,<\/strong>\u00a0sin terceros en discordia.<\/p>\n<div class=\"embed-responsive embed-responsive-16by9 iframeContainer\"><iframe loading=\"lazy\" id=\"vrudo\" class=\"vrudo\" src=\"https:\/\/rudo.video\/vod\/bS7Nrw?volume=0\" width=\"690\" height=\"440\" frameborder=\"0\" scrolling=\"no\" allowfullscreen=\"allowfullscreen\" data-mce-fragment=\"1\"><\/iframe><\/div>\n<p>A pesar de la ruptura, parece ser que ambos intentaron reconciliarse con el tiempo. Sin embargo, la relaci\u00f3n no prosper\u00f3 y la periodista revel\u00f3 en<strong>\u00a0Infama (Am\u00e9rica TV)\u00a0<\/strong>que<strong>\u00a0&#8220;se volvi\u00f3 a separar hace algunas semanas de manera definitiva&#8221;.<\/strong><\/p>\n<p><strong>&#8220;Ac\u00e1 estamos con amigas que me hacen el aguante. Es una historia triste&#8221;,<\/strong>\u00a0expres\u00f3\u00a0<strong>Smith<\/strong>\u00a0mientras caminaba por la<strong>\u00a0Avenida Corrientes\u00a0<\/strong>junto a\u00a0<strong>Anam\u00e1 Ferreira y Evelyn Von Brocke<\/strong>.<\/p>\n<p><strong>&#8220;Tuvimos tres grandes crisis y esta fue la \u00faltima. Se intent\u00f3. El a\u00f1o pasado sufr\u00ed mucho. Me separ\u00e9 en junio, tratamos de recomponer y no pudimos. As\u00ed que tom\u00e9 la decisi\u00f3n hace algunos d\u00edas de terminar la relaci\u00f3n&#8221;,<\/strong>\u00a0detall\u00f3.<\/p>\n<div class=\"embed-responsive embed-responsive-16by9 iframeContainer\"><iframe loading=\"lazy\" id=\"vrudo\" class=\"vrudo\" src=\"https:\/\/rudo.video\/vod\/bU14Av?volume=0\" width=\"690\" height=\"440\" frameborder=\"0\" scrolling=\"no\" allowfullscreen=\"allowfullscreen\" data-mce-fragment=\"1\"><span data-mce-type=\"bookmark\" style=\"display: inline-block; width: 0px; overflow: hidden; line-height: 0;\" class=\"mce_SELRES_start\">\ufeff<\/span><\/iframe><\/div>\n<p>Luego,\u00a0<strong>Karina Iav\u00edcoli\u00a0<\/strong>insisti\u00f3 en preguntarle si\u00a0<strong>&#8220;hubo terceros en discordia&#8221;<\/strong>, a pesar de ser desmentido por la periodista en su momento, y ella se sincer\u00f3:<strong>\u00a0&#8220;No, ning\u00fan tercero. Fue un desgaste. Di todo hasta el final, pero ya no estaba enamorada. No se pod\u00eda seguir&#8221;.<\/strong><\/p>\n<p>Finalmente,\u00a0<strong>Marcela Tauro<\/strong>\u00a0le consult\u00f3 sobre los rumores de un supuesto v\u00ednculo con\u00a0<strong>Mart\u00edn Bossi<\/strong>, pero\u00a0<strong>Pilar Smith\u00a0<\/strong>tambi\u00e9n lo desminti\u00f3:<strong>\u00a0&#8220;Nada que ver. Fue un rumor mal planteado. No pas\u00f3 nada&#8221;.<\/strong><\/p>\n<\/div>\n<div class=\"related-news mb-2\"><\/div>\n","protected":false},"excerpt":{"rendered":"<p>Pilar Smith\u00a0confirm\u00f3 su separaci\u00f3n definitiva de Rafael Ruiz Huidobro tras cinco a\u00f1os de relaci\u00f3n, y la periodista volvi\u00f3 a hablar de su actual situaci\u00f3n amorosa. Adem\u00e1s, dio detalles in\u00e9ditos de su ruptura que\u00a0ya hab\u00eda dado a conocer por primera vez en julio de 2024. \u00bfPor qu\u00e9 Pilar Smith se separ\u00f3? Seg\u00fan inform\u00f3\u00a0\u00c1ngel de Brito\u00a0en su [&hellip;]<\/p>\n","protected":false},"author":1,"featured_media":1777,"comment_status":"open","ping_status":"open","sticky":false,"template":"","format":"standard","meta":{"rop_custom_images_group":[],"rop_custom_messages_group":[],"rop_publish_now":"initial","rop_publish_now_accounts":[],"rop_publish_now_history":[],"rop_publish_now_status":"pending","footnotes":"","jetpack_publicize_message":"","jetpack_publicize_feature_enabled":true,"jetpack_social_post_already_shared":true,"jetpack_social_options":{"image_generator_settings":{"template":"highway","enabled":false},"version":2}},"categories":[12],"tags":[],"class_list":{"0":"post-1774","1":"post","2":"type-post","3":"status-publish","4":"format-standard","5":"has-post-thumbnail","7":"category-espectaculos"},"jetpack_publicize_connections":[],"yoast_head":"<!-- This site is optimized with the Yoast SEO plugin v27.3 - https:\/\/yoast.com\/product\/yoast-seo-wordpress\/ -->\n<title>Pilar Smith confirm\u00f3 su separaci\u00f3n definitiva de Rafael Ruiz Huidobro y dio detalles in\u00e9ditos: &quot;Sufr\u00ed mucho&quot; - CLAN ESPECTACULOS<\/title>\n<meta name=\"robots\" content=\"index, follow, max-snippet:-1, max-image-preview:large, max-video-preview:-1\" \/>\n<link rel=\"canonical\" href=\"https:\/\/radioclanfm.com\/clanespectaculos\/pilar-smith-confirmo-su-separacion-definitiva-de-rafael-ruiz-huidobro-y-dio-detalles-ineditos-sufri-mucho\/\" \/>\n<meta property=\"og:locale\" content=\"es_ES\" \/>\n<meta property=\"og:type\" content=\"article\" \/>\n<meta property=\"og:title\" content=\"Pilar Smith confirm\u00f3 su separaci\u00f3n definitiva de Rafael Ruiz Huidobro y dio detalles in\u00e9ditos: &quot;Sufr\u00ed mucho&quot; - CLAN ESPECTACULOS\" \/>\n<meta property=\"og:description\" content=\"Pilar Smith\u00a0confirm\u00f3 su separaci\u00f3n definitiva de Rafael Ruiz Huidobro tras cinco a\u00f1os de relaci\u00f3n, y la periodista volvi\u00f3 a hablar de su actual situaci\u00f3n amorosa. Adem\u00e1s, dio detalles in\u00e9ditos de su ruptura que\u00a0ya hab\u00eda dado a conocer por primera vez en julio de 2024. \u00bfPor qu\u00e9 Pilar Smith se separ\u00f3? Seg\u00fan inform\u00f3\u00a0\u00c1ngel de Brito\u00a0en su [&hellip;]\" \/>\n<meta property=\"og:url\" content=\"https:\/\/radioclanfm.com\/clanespectaculos\/pilar-smith-confirmo-su-separacion-definitiva-de-rafael-ruiz-huidobro-y-dio-detalles-ineditos-sufri-mucho\/\" \/>\n<meta property=\"og:site_name\" content=\"CLAN ESPECTACULOS\" \/>\n<meta property=\"article:publisher\" content=\"https:\/\/www.facebook.com\/clanespectaculos\/\" \/>\n<meta property=\"article:published_time\" content=\"2025-06-17T11:59:01+00:00\" \/>\n<meta property=\"og:image\" content=\"https:\/\/radioclanfm.com\/clanespectaculos\/wp-content\/uploads\/sites\/2\/2025\/06\/krVwXSXm.jpg\" \/>\n\t<meta property=\"og:image:width\" content=\"900\" \/>\n\t<meta property=\"og:image:height\" content=\"506\" \/>\n\t<meta property=\"og:image:type\" content=\"image\/jpeg\" \/>\n<meta name=\"author\" content=\"E-GRUPOCLAN\" \/>\n<meta name=\"twitter:card\" content=\"summary_large_image\" \/>\n<meta name=\"twitter:creator\" content=\"@clanespectok\" \/>\n<meta name=\"twitter:site\" content=\"@clanespectok\" \/>\n<meta name=\"twitter:label1\" content=\"Escrito por\" \/>\n\t<meta name=\"twitter:data1\" content=\"E-GRUPOCLAN\" \/>\n\t<meta name=\"twitter:label2\" content=\"Tiempo de lectura\" \/>\n\t<meta name=\"twitter:data2\" content=\"1 minuto\" \/>\n<script type=\"application\/ld+json\" class=\"yoast-schema-graph\">{\"@context\":\"https:\\\/\\\/schema.org\",\"@graph\":[{\"@type\":\"Article\",\"@id\":\"https:\\\/\\\/radioclanfm.com\\\/clanespectaculos\\\/pilar-smith-confirmo-su-separacion-definitiva-de-rafael-ruiz-huidobro-y-dio-detalles-ineditos-sufri-mucho\\\/#article\",\"isPartOf\":{\"@id\":\"https:\\\/\\\/radioclanfm.com\\\/clanespectaculos\\\/pilar-smith-confirmo-su-separacion-definitiva-de-rafael-ruiz-huidobro-y-dio-detalles-ineditos-sufri-mucho\\\/\"},\"author\":{\"name\":\"E-GRUPOCLAN\",\"@id\":\"https:\\\/\\\/radioclanfm.com\\\/clanespectaculos\\\/#\\\/schema\\\/person\\\/9734813083303230f3ad84d99171b20c\"},\"headline\":\"Pilar Smith confirm\u00f3 su separaci\u00f3n definitiva de Rafael Ruiz Huidobro y dio detalles in\u00e9ditos: &#8220;Sufr\u00ed mucho&#8221;\",\"datePublished\":\"2025-06-17T11:59:01+00:00\",\"mainEntityOfPage\":{\"@id\":\"https:\\\/\\\/radioclanfm.com\\\/clanespectaculos\\\/pilar-smith-confirmo-su-separacion-definitiva-de-rafael-ruiz-huidobro-y-dio-detalles-ineditos-sufri-mucho\\\/\"},\"wordCount\":306,\"commentCount\":0,\"publisher\":{\"@id\":\"https:\\\/\\\/radioclanfm.com\\\/clanespectaculos\\\/#organization\"},\"image\":{\"@id\":\"https:\\\/\\\/radioclanfm.com\\\/clanespectaculos\\\/pilar-smith-confirmo-su-separacion-definitiva-de-rafael-ruiz-huidobro-y-dio-detalles-ineditos-sufri-mucho\\\/#primaryimage\"},\"thumbnailUrl\":\"https:\\\/\\\/radioclanfm.com\\\/clanespectaculos\\\/wp-content\\\/uploads\\\/sites\\\/2\\\/2025\\\/06\\\/krVwXSXm.jpg\",\"articleSection\":[\"Espectaculos\"],\"inLanguage\":\"es-AR\",\"potentialAction\":[{\"@type\":\"CommentAction\",\"name\":\"Comment\",\"target\":[\"https:\\\/\\\/radioclanfm.com\\\/clanespectaculos\\\/pilar-smith-confirmo-su-separacion-definitiva-de-rafael-ruiz-huidobro-y-dio-detalles-ineditos-sufri-mucho\\\/#respond\"]}]},{\"@type\":\"WebPage\",\"@id\":\"https:\\\/\\\/radioclanfm.com\\\/clanespectaculos\\\/pilar-smith-confirmo-su-separacion-definitiva-de-rafael-ruiz-huidobro-y-dio-detalles-ineditos-sufri-mucho\\\/\",\"url\":\"https:\\\/\\\/radioclanfm.com\\\/clanespectaculos\\\/pilar-smith-confirmo-su-separacion-definitiva-de-rafael-ruiz-huidobro-y-dio-detalles-ineditos-sufri-mucho\\\/\",\"name\":\"Pilar Smith confirm\u00f3 su separaci\u00f3n definitiva de Rafael Ruiz Huidobro y dio detalles in\u00e9ditos: \\\"Sufr\u00ed mucho\\\" - CLAN ESPECTACULOS\",\"isPartOf\":{\"@id\":\"https:\\\/\\\/radioclanfm.com\\\/clanespectaculos\\\/#website\"},\"primaryImageOfPage\":{\"@id\":\"https:\\\/\\\/radioclanfm.com\\\/clanespectaculos\\\/pilar-smith-confirmo-su-separacion-definitiva-de-rafael-ruiz-huidobro-y-dio-detalles-ineditos-sufri-mucho\\\/#primaryimage\"},\"image\":{\"@id\":\"https:\\\/\\\/radioclanfm.com\\\/clanespectaculos\\\/pilar-smith-confirmo-su-separacion-definitiva-de-rafael-ruiz-huidobro-y-dio-detalles-ineditos-sufri-mucho\\\/#primaryimage\"},\"thumbnailUrl\":\"https:\\\/\\\/radioclanfm.com\\\/clanespectaculos\\\/wp-content\\\/uploads\\\/sites\\\/2\\\/2025\\\/06\\\/krVwXSXm.jpg\",\"datePublished\":\"2025-06-17T11:59:01+00:00\",\"breadcrumb\":{\"@id\":\"https:\\\/\\\/radioclanfm.com\\\/clanespectaculos\\\/pilar-smith-confirmo-su-separacion-definitiva-de-rafael-ruiz-huidobro-y-dio-detalles-ineditos-sufri-mucho\\\/#breadcrumb\"},\"inLanguage\":\"es-AR\",\"potentialAction\":[{\"@type\":\"ReadAction\",\"target\":[\"https:\\\/\\\/radioclanfm.com\\\/clanespectaculos\\\/pilar-smith-confirmo-su-separacion-definitiva-de-rafael-ruiz-huidobro-y-dio-detalles-ineditos-sufri-mucho\\\/\"]}]},{\"@type\":\"ImageObject\",\"inLanguage\":\"es-AR\",\"@id\":\"https:\\\/\\\/radioclanfm.com\\\/clanespectaculos\\\/pilar-smith-confirmo-su-separacion-definitiva-de-rafael-ruiz-huidobro-y-dio-detalles-ineditos-sufri-mucho\\\/#primaryimage\",\"url\":\"https:\\\/\\\/radioclanfm.com\\\/clanespectaculos\\\/wp-content\\\/uploads\\\/sites\\\/2\\\/2025\\\/06\\\/krVwXSXm.jpg\",\"contentUrl\":\"https:\\\/\\\/radioclanfm.com\\\/clanespectaculos\\\/wp-content\\\/uploads\\\/sites\\\/2\\\/2025\\\/06\\\/krVwXSXm.jpg\",\"width\":900,\"height\":506},{\"@type\":\"BreadcrumbList\",\"@id\":\"https:\\\/\\\/radioclanfm.com\\\/clanespectaculos\\\/pilar-smith-confirmo-su-separacion-definitiva-de-rafael-ruiz-huidobro-y-dio-detalles-ineditos-sufri-mucho\\\/#breadcrumb\",\"itemListElement\":[{\"@type\":\"ListItem\",\"position\":1,\"name\":\"Inicio\",\"item\":\"https:\\\/\\\/radioclanfm.com\\\/clanespectaculos\\\/\"},{\"@type\":\"ListItem\",\"position\":2,\"name\":\"Pilar Smith confirm\u00f3 su separaci\u00f3n definitiva de Rafael Ruiz Huidobro y dio detalles in\u00e9ditos: &#8220;Sufr\u00ed mucho&#8221;\"}]},{\"@type\":\"WebSite\",\"@id\":\"https:\\\/\\\/radioclanfm.com\\\/clanespectaculos\\\/#website\",\"url\":\"https:\\\/\\\/radioclanfm.com\\\/clanespectaculos\\\/\",\"name\":\"CLAN ESPECTACULOS\",\"description\":\"\",\"publisher\":{\"@id\":\"https:\\\/\\\/radioclanfm.com\\\/clanespectaculos\\\/#organization\"},\"potentialAction\":[{\"@type\":\"SearchAction\",\"target\":{\"@type\":\"EntryPoint\",\"urlTemplate\":\"https:\\\/\\\/radioclanfm.com\\\/clanespectaculos\\\/?s={search_term_string}\"},\"query-input\":{\"@type\":\"PropertyValueSpecification\",\"valueRequired\":true,\"valueName\":\"search_term_string\"}}],\"inLanguage\":\"es-AR\"},{\"@type\":\"Organization\",\"@id\":\"https:\\\/\\\/radioclanfm.com\\\/clanespectaculos\\\/#organization\",\"name\":\"CLAN ESPECTACULOS\",\"url\":\"https:\\\/\\\/radioclanfm.com\\\/clanespectaculos\\\/\",\"logo\":{\"@type\":\"ImageObject\",\"inLanguage\":\"es-AR\",\"@id\":\"https:\\\/\\\/radioclanfm.com\\\/clanespectaculos\\\/#\\\/schema\\\/logo\\\/image\\\/\",\"url\":\"https:\\\/\\\/radioclanfm.com\\\/clanespectaculos\\\/wp-content\\\/uploads\\\/sites\\\/2\\\/2026\\\/04\\\/ChatGPT-Image-23-mar-2026-10_09_00.png\",\"contentUrl\":\"https:\\\/\\\/radioclanfm.com\\\/clanespectaculos\\\/wp-content\\\/uploads\\\/sites\\\/2\\\/2026\\\/04\\\/ChatGPT-Image-23-mar-2026-10_09_00.png\",\"width\":1024,\"height\":1024,\"caption\":\"CLAN ESPECTACULOS\"},\"image\":{\"@id\":\"https:\\\/\\\/radioclanfm.com\\\/clanespectaculos\\\/#\\\/schema\\\/logo\\\/image\\\/\"},\"sameAs\":[\"https:\\\/\\\/www.facebook.com\\\/clanespectaculos\\\/\",\"https:\\\/\\\/x.com\\\/clanespectok\"]},{\"@type\":\"Person\",\"@id\":\"https:\\\/\\\/radioclanfm.com\\\/clanespectaculos\\\/#\\\/schema\\\/person\\\/9734813083303230f3ad84d99171b20c\",\"name\":\"E-GRUPOCLAN\",\"image\":{\"@type\":\"ImageObject\",\"inLanguage\":\"es-AR\",\"@id\":\"https:\\\/\\\/secure.gravatar.com\\\/avatar\\\/af6e19837c3d6a212034a48c7b3818d2ac1826f6025df0155da5a186ad321d79?s=96&d=mm&r=g\",\"url\":\"https:\\\/\\\/secure.gravatar.com\\\/avatar\\\/af6e19837c3d6a212034a48c7b3818d2ac1826f6025df0155da5a186ad321d79?s=96&d=mm&r=g\",\"contentUrl\":\"https:\\\/\\\/secure.gravatar.com\\\/avatar\\\/af6e19837c3d6a212034a48c7b3818d2ac1826f6025df0155da5a186ad321d79?s=96&d=mm&r=g\",\"caption\":\"E-GRUPOCLAN\"},\"sameAs\":[\"https:\\\/\\\/radioclanfm.com\"],\"url\":\"https:\\\/\\\/radioclanfm.com\\\/clanespectaculos\\\/author\\\/admin\\\/\"}]}<\/script>\n<!-- \/ Yoast SEO plugin. -->","yoast_head_json":{"title":"Pilar Smith confirm\u00f3 su separaci\u00f3n definitiva de Rafael Ruiz Huidobro y dio detalles in\u00e9ditos: \"Sufr\u00ed mucho\" - CLAN ESPECTACULOS","robots":{"index":"index","follow":"follow","max-snippet":"max-snippet:-1","max-image-preview":"max-image-preview:large","max-video-preview":"max-video-preview:-1"},"canonical":"https:\/\/radioclanfm.com\/clanespectaculos\/pilar-smith-confirmo-su-separacion-definitiva-de-rafael-ruiz-huidobro-y-dio-detalles-ineditos-sufri-mucho\/","og_locale":"es_ES","og_type":"article","og_title":"Pilar Smith confirm\u00f3 su separaci\u00f3n definitiva de Rafael Ruiz Huidobro y dio detalles in\u00e9ditos: \"Sufr\u00ed mucho\" - CLAN ESPECTACULOS","og_description":"Pilar Smith\u00a0confirm\u00f3 su separaci\u00f3n definitiva de Rafael Ruiz Huidobro tras cinco a\u00f1os de relaci\u00f3n, y la periodista volvi\u00f3 a hablar de su actual situaci\u00f3n amorosa. Adem\u00e1s, dio detalles in\u00e9ditos de su ruptura que\u00a0ya hab\u00eda dado a conocer por primera vez en julio de 2024. \u00bfPor qu\u00e9 Pilar Smith se separ\u00f3? Seg\u00fan inform\u00f3\u00a0\u00c1ngel de Brito\u00a0en su [&hellip;]","og_url":"https:\/\/radioclanfm.com\/clanespectaculos\/pilar-smith-confirmo-su-separacion-definitiva-de-rafael-ruiz-huidobro-y-dio-detalles-ineditos-sufri-mucho\/","og_site_name":"CLAN ESPECTACULOS","article_publisher":"https:\/\/www.facebook.com\/clanespectaculos\/","article_published_time":"2025-06-17T11:59:01+00:00","og_image":[{"width":900,"height":506,"url":"https:\/\/radioclanfm.com\/clanespectaculos\/wp-content\/uploads\/sites\/2\/2025\/06\/krVwXSXm.jpg","type":"image\/jpeg"}],"author":"E-GRUPOCLAN","twitter_card":"summary_large_image","twitter_creator":"@clanespectok","twitter_site":"@clanespectok","twitter_misc":{"Escrito por":"E-GRUPOCLAN","Tiempo de lectura":"1 minuto"},"schema":{"@context":"https:\/\/schema.org","@graph":[{"@type":"Article","@id":"https:\/\/radioclanfm.com\/clanespectaculos\/pilar-smith-confirmo-su-separacion-definitiva-de-rafael-ruiz-huidobro-y-dio-detalles-ineditos-sufri-mucho\/#article","isPartOf":{"@id":"https:\/\/radioclanfm.com\/clanespectaculos\/pilar-smith-confirmo-su-separacion-definitiva-de-rafael-ruiz-huidobro-y-dio-detalles-ineditos-sufri-mucho\/"},"author":{"name":"E-GRUPOCLAN","@id":"https:\/\/radioclanfm.com\/clanespectaculos\/#\/schema\/person\/9734813083303230f3ad84d99171b20c"},"headline":"Pilar Smith confirm\u00f3 su separaci\u00f3n definitiva de Rafael Ruiz Huidobro y dio detalles in\u00e9ditos: &#8220;Sufr\u00ed mucho&#8221;","datePublished":"2025-06-17T11:59:01+00:00","mainEntityOfPage":{"@id":"https:\/\/radioclanfm.com\/clanespectaculos\/pilar-smith-confirmo-su-separacion-definitiva-de-rafael-ruiz-huidobro-y-dio-detalles-ineditos-sufri-mucho\/"},"wordCount":306,"commentCount":0,"publisher":{"@id":"https:\/\/radioclanfm.com\/clanespectaculos\/#organization"},"image":{"@id":"https:\/\/radioclanfm.com\/clanespectaculos\/pilar-smith-confirmo-su-separacion-definitiva-de-rafael-ruiz-huidobro-y-dio-detalles-ineditos-sufri-mucho\/#primaryimage"},"thumbnailUrl":"https:\/\/radioclanfm.com\/clanespectaculos\/wp-content\/uploads\/sites\/2\/2025\/06\/krVwXSXm.jpg","articleSection":["Espectaculos"],"inLanguage":"es-AR","potentialAction":[{"@type":"CommentAction","name":"Comment","target":["https:\/\/radioclanfm.com\/clanespectaculos\/pilar-smith-confirmo-su-separacion-definitiva-de-rafael-ruiz-huidobro-y-dio-detalles-ineditos-sufri-mucho\/#respond"]}]},{"@type":"WebPage","@id":"https:\/\/radioclanfm.com\/clanespectaculos\/pilar-smith-confirmo-su-separacion-definitiva-de-rafael-ruiz-huidobro-y-dio-detalles-ineditos-sufri-mucho\/","url":"https:\/\/radioclanfm.com\/clanespectaculos\/pilar-smith-confirmo-su-separacion-definitiva-de-rafael-ruiz-huidobro-y-dio-detalles-ineditos-sufri-mucho\/","name":"Pilar Smith confirm\u00f3 su separaci\u00f3n definitiva de Rafael Ruiz Huidobro y dio detalles in\u00e9ditos: \"Sufr\u00ed mucho\" - CLAN ESPECTACULOS","isPartOf":{"@id":"https:\/\/radioclanfm.com\/clanespectaculos\/#website"},"primaryImageOfPage":{"@id":"https:\/\/radioclanfm.com\/clanespectaculos\/pilar-smith-confirmo-su-separacion-definitiva-de-rafael-ruiz-huidobro-y-dio-detalles-ineditos-sufri-mucho\/#primaryimage"},"image":{"@id":"https:\/\/radioclanfm.com\/clanespectaculos\/pilar-smith-confirmo-su-separacion-definitiva-de-rafael-ruiz-huidobro-y-dio-detalles-ineditos-sufri-mucho\/#primaryimage"},"thumbnailUrl":"https:\/\/radioclanfm.com\/clanespectaculos\/wp-content\/uploads\/sites\/2\/2025\/06\/krVwXSXm.jpg","datePublished":"2025-06-17T11:59:01+00:00","breadcrumb":{"@id":"https:\/\/radioclanfm.com\/clanespectaculos\/pilar-smith-confirmo-su-separacion-definitiva-de-rafael-ruiz-huidobro-y-dio-detalles-ineditos-sufri-mucho\/#breadcrumb"},"inLanguage":"es-AR","potentialAction":[{"@type":"ReadAction","target":["https:\/\/radioclanfm.com\/clanespectaculos\/pilar-smith-confirmo-su-separacion-definitiva-de-rafael-ruiz-huidobro-y-dio-detalles-ineditos-sufri-mucho\/"]}]},{"@type":"ImageObject","inLanguage":"es-AR","@id":"https:\/\/radioclanfm.com\/clanespectaculos\/pilar-smith-confirmo-su-separacion-definitiva-de-rafael-ruiz-huidobro-y-dio-detalles-ineditos-sufri-mucho\/#primaryimage","url":"https:\/\/radioclanfm.com\/clanespectaculos\/wp-content\/uploads\/sites\/2\/2025\/06\/krVwXSXm.jpg","contentUrl":"https:\/\/radioclanfm.com\/clanespectaculos\/wp-content\/uploads\/sites\/2\/2025\/06\/krVwXSXm.jpg","width":900,"height":506},{"@type":"BreadcrumbList","@id":"https:\/\/radioclanfm.com\/clanespectaculos\/pilar-smith-confirmo-su-separacion-definitiva-de-rafael-ruiz-huidobro-y-dio-detalles-ineditos-sufri-mucho\/#breadcrumb","itemListElement":[{"@type":"ListItem","position":1,"name":"Inicio","item":"https:\/\/radioclanfm.com\/clanespectaculos\/"},{"@type":"ListItem","position":2,"name":"Pilar Smith confirm\u00f3 su separaci\u00f3n definitiva de Rafael Ruiz Huidobro y dio detalles in\u00e9ditos: &#8220;Sufr\u00ed mucho&#8221;"}]},{"@type":"WebSite","@id":"https:\/\/radioclanfm.com\/clanespectaculos\/#website","url":"https:\/\/radioclanfm.com\/clanespectaculos\/","name":"CLAN ESPECTACULOS","description":"","publisher":{"@id":"https:\/\/radioclanfm.com\/clanespectaculos\/#organization"},"potentialAction":[{"@type":"SearchAction","target":{"@type":"EntryPoint","urlTemplate":"https:\/\/radioclanfm.com\/clanespectaculos\/?s={search_term_string}"},"query-input":{"@type":"PropertyValueSpecification","valueRequired":true,"valueName":"search_term_string"}}],"inLanguage":"es-AR"},{"@type":"Organization","@id":"https:\/\/radioclanfm.com\/clanespectaculos\/#organization","name":"CLAN ESPECTACULOS","url":"https:\/\/radioclanfm.com\/clanespectaculos\/","logo":{"@type":"ImageObject","inLanguage":"es-AR","@id":"https:\/\/radioclanfm.com\/clanespectaculos\/#\/schema\/logo\/image\/","url":"https:\/\/radioclanfm.com\/clanespectaculos\/wp-content\/uploads\/sites\/2\/2026\/04\/ChatGPT-Image-23-mar-2026-10_09_00.png","contentUrl":"https:\/\/radioclanfm.com\/clanespectaculos\/wp-content\/uploads\/sites\/2\/2026\/04\/ChatGPT-Image-23-mar-2026-10_09_00.png","width":1024,"height":1024,"caption":"CLAN ESPECTACULOS"},"image":{"@id":"https:\/\/radioclanfm.com\/clanespectaculos\/#\/schema\/logo\/image\/"},"sameAs":["https:\/\/www.facebook.com\/clanespectaculos\/","https:\/\/x.com\/clanespectok"]},{"@type":"Person","@id":"https:\/\/radioclanfm.com\/clanespectaculos\/#\/schema\/person\/9734813083303230f3ad84d99171b20c","name":"E-GRUPOCLAN","image":{"@type":"ImageObject","inLanguage":"es-AR","@id":"https:\/\/secure.gravatar.com\/avatar\/af6e19837c3d6a212034a48c7b3818d2ac1826f6025df0155da5a186ad321d79?s=96&d=mm&r=g","url":"https:\/\/secure.gravatar.com\/avatar\/af6e19837c3d6a212034a48c7b3818d2ac1826f6025df0155da5a186ad321d79?s=96&d=mm&r=g","contentUrl":"https:\/\/secure.gravatar.com\/avatar\/af6e19837c3d6a212034a48c7b3818d2ac1826f6025df0155da5a186ad321d79?s=96&d=mm&r=g","caption":"E-GRUPOCLAN"},"sameAs":["https:\/\/radioclanfm.com"],"url":"https:\/\/radioclanfm.com\/clanespectaculos\/author\/admin\/"}]}},"_links":{"self":[{"href":"https:\/\/radioclanfm.com\/clanespectaculos\/wp-json\/wp\/v2\/posts\/1774","targetHints":{"allow":["GET"]}}],"collection":[{"href":"https:\/\/radioclanfm.com\/clanespectaculos\/wp-json\/wp\/v2\/posts"}],"about":[{"href":"https:\/\/radioclanfm.com\/clanespectaculos\/wp-json\/wp\/v2\/types\/post"}],"author":[{"embeddable":true,"href":"https:\/\/radioclanfm.com\/clanespectaculos\/wp-json\/wp\/v2\/users\/1"}],"replies":[{"embeddable":true,"href":"https:\/\/radioclanfm.com\/clanespectaculos\/wp-json\/wp\/v2\/comments?post=1774"}],"version-history":[{"count":1,"href":"https:\/\/radioclanfm.com\/clanespectaculos\/wp-json\/wp\/v2\/posts\/1774\/revisions"}],"predecessor-version":[{"id":1778,"href":"https:\/\/radioclanfm.com\/clanespectaculos\/wp-json\/wp\/v2\/posts\/1774\/revisions\/1778"}],"wp:featuredmedia":[{"embeddable":true,"href":"https:\/\/radioclanfm.com\/clanespectaculos\/wp-json\/wp\/v2\/media\/1777"}],"wp:attachment":[{"href":"https:\/\/radioclanfm.com\/clanespectaculos\/wp-json\/wp\/v2\/media?parent=1774"}],"wp:term":[{"taxonomy":"category","embeddable":true,"href":"https:\/\/radioclanfm.com\/clanespectaculos\/wp-json\/wp\/v2\/categories?post=1774"},{"taxonomy":"post_tag","embeddable":true,"href":"https:\/\/radioclanfm.com\/clanespectaculos\/wp-json\/wp\/v2\/tags?post=1774"}],"curies":[{"name":"wp","href":"https:\/\/api.w.org\/{rel}","templated":true}]}}