{"id":1739,"date":"2025-06-17T02:31:22","date_gmt":"2025-06-17T05:31:22","guid":{"rendered":"https:\/\/radioclanfm.com\/clanespectaculos\/?p=1739"},"modified":"2025-06-17T02:31:22","modified_gmt":"2025-06-17T05:31:22","slug":"la-tora-y-nacho-castanares-de-gran-hermano-juntos-en-miami-contaron-como-es-su-vinculo-tras-su-separacion","status":"publish","type":"post","link":"https:\/\/radioclanfm.com\/clanespectaculos\/la-tora-y-nacho-castanares-de-gran-hermano-juntos-en-miami-contaron-como-es-su-vinculo-tras-su-separacion\/","title":{"rendered":"La Tora y Nacho Casta\u00f1ares de Gran Hermano, juntos en Miami, contaron c\u00f3mo es su v\u00ednculo tras su separaci\u00f3n"},"content":{"rendered":"<p>La expareja se encuentra cubriendo para Telefe el Mundial de Clubes, y hablaron con A la Barbarossa sobre su relaci\u00f3n actual<\/p>\n<p class=\"paragraph\" data-mrf-recirculation=\"Links inline\">En octubre de 2023,\u00a0<b>Nacho Casta\u00f1ares<\/b>\u00a0y la<b>\u00a0<\/b><b>Tora Villar<\/b>\u00a0confirmaron el final de su romance, que naci\u00f3 en la casa dentro de la casa de\u00a0<b>Gran Hermano<\/b>. Sin embargo, ambos continuaron una relaci\u00f3n profesional, elegidos por Telefe como integrantes de sus\u00a0<i>streaming<\/i>, incluso cuando \u00e9l comenz\u00f3 un noviazgo con Coty Romero. Este lunes, los ex dieron un m\u00f3vil juntos para el ciclo de Georgina Barbarossa desde Miami.<\/p>\n<div class=\"news-module\" data-mrf-recirculation=\"IL_Ct0zZTd2RqSjHGMXsLzz7w\" data-testid=\"text-html\" data-mrf-experience=\"IL_Ct0zZTd2RqSjHGMXsLzz7w\">\n<div class=\"recommended-card__image-container\"><\/div>\n<\/div>\n<p class=\"paragraph\" data-mrf-recirculation=\"Links inline\">\u201cYo creo que si estamos ac\u00e1 es porque est\u00e1 bien.\u00a0<b>Hablamos lo que ten\u00edamos que hablar en los momentos que ten\u00edamos que hacerlo<\/b>, siempre. Creo que eso es algo que nunca nos falt\u00f3\u201d, se\u00f1al\u00f3 el exparticipante del reality que fue elegido junto a la Tora para cubrir el Mundial de Clubes 2025.<\/p>\n<div class=\"inline ad-wrapper\">\n<div class=\"dfpAd ad-inline\">\n<div id=\"infobae\/teleshow\/nota\/inline\" class=\"infobae\/teleshow\/nota\/inline arcad\" data-google-query-id=\"CJj-8_3c940DFc05uQYdqjIhEg\">\n<div id=\"google_ads_iframe_\/1058609\/infobae\/teleshow\/nota\/inline_0__container__\"><\/div>\n<\/div>\n<\/div>\n<\/div>\n<p class=\"paragraph\" data-mrf-recirculation=\"Links inline\">\u201cSi, nos puteamos seguramente, pero siempre dijimos que nos llev\u00e1bamos bien, que est\u00e1 todo bien y esto es prueba de eso\u201d, destac\u00f3 el exfutbolista, mientras que Lucila, su verdadero nombre, se abri\u00f3 sobre c\u00f3mo supieron priorizar su trabajo.<\/p>\n<div class=\"news-module\" data-mrf-recirculation=\"IL_RjJ8XQ94SCCdND4VX9YvyQ\" data-testid=\"text-html\" data-mrf-experience=\"IL_RjJ8XQ94SCCdND4VX9YvyQ\">\n<div class=\"recommended-card__image-container\"><\/div>\n<\/div>\n<div class=\"visual__image\"><picture><source srcset=\"https:\/\/www.infobae.com\/resizer\/v2\/L4ZHM3JDMNFAJMKW5MTTPU24OI.jpg?auth=36544056aeb00d09a2fc6db2bd001d8b4888a7f1828175ca8655650b4ea1daff&amp;smart=true&amp;width=992&amp;height=558&amp;quality=85\" media=\"(min-width: 1000px)\" \/><source srcset=\"https:\/\/www.infobae.com\/resizer\/v2\/L4ZHM3JDMNFAJMKW5MTTPU24OI.jpg?auth=36544056aeb00d09a2fc6db2bd001d8b4888a7f1828175ca8655650b4ea1daff&amp;smart=true&amp;width=768&amp;height=432&amp;quality=85\" media=\"(min-width: 768px)\" \/><source srcset=\"https:\/\/www.infobae.com\/resizer\/v2\/L4ZHM3JDMNFAJMKW5MTTPU24OI.jpg?auth=36544056aeb00d09a2fc6db2bd001d8b4888a7f1828175ca8655650b4ea1daff&amp;smart=true&amp;width=577&amp;height=325&amp;quality=85\" media=\"(min-width: 580px)\" \/><source srcset=\"https:\/\/www.infobae.com\/resizer\/v2\/L4ZHM3JDMNFAJMKW5MTTPU24OI.jpg?auth=36544056aeb00d09a2fc6db2bd001d8b4888a7f1828175ca8655650b4ea1daff&amp;smart=true&amp;width=420&amp;height=236&amp;quality=85\" media=\"(min-width: 350px)\" \/><source srcset=\"https:\/\/www.infobae.com\/resizer\/v2\/L4ZHM3JDMNFAJMKW5MTTPU24OI.jpg?auth=36544056aeb00d09a2fc6db2bd001d8b4888a7f1828175ca8655650b4ea1daff&amp;smart=true&amp;width=350&amp;height=197&amp;quality=85\" media=\"(min-width: 80px)\" \/><img loading=\"lazy\" decoding=\"async\" class=\"global-image\" src=\"https:\/\/www.infobae.com\/resizer\/v2\/L4ZHM3JDMNFAJMKW5MTTPU24OI.jpg?auth=36544056aeb00d09a2fc6db2bd001d8b4888a7f1828175ca8655650b4ea1daff&amp;smart=true&amp;width=350&amp;height=197&amp;quality=85\" alt=\"\u201cS\u00ed nos puteamos seguramente, pero\" width=\"1920\" height=\"1080\" \/><\/picture>\u201cS\u00ed nos puteamos seguramente, pero siempre dijimos que nos llev\u00e1bamos bien, que est\u00e1 todo bien y esto es prueba de eso\u201d, asever\u00f3 Nacho Casta\u00f1ares sobre su relaci\u00f3n con La Tora<\/div>\n<p class=\"paragraph\" data-mrf-recirculation=\"Links inline\">\u201cNos llevamos muy bien, si no, como dice Nacho,\u00a0<b>no estar\u00edamos ac\u00e1 haciendo esta nota, cag\u00e1ndonos de risa, pas\u00e1ndola bien<\/b>. Todo lo que siempre fue laboral, siempre lo hablamos. Siempre nos manejamos muy bien. Trabajamos en el mismo lugar y no somos boludos\u201d, expres\u00f3, con sinceridad para despu\u00e9s dar detalles sobre el evento futbol\u00edstico que reuni\u00f3 a much\u00edsimos hinchas de Boca en la ciudad estadounidense.<\/p>\n<div class=\"inline_2_DSK ad-wrapper ad-desktop\">\n<div class=\"dfpAd ad-inline\">\n<div id=\"infobae\/teleshow\/nota\/inline_2_DSK\" class=\"infobae\/teleshow\/nota\/inline_2_DSK arcad\" data-google-query-id=\"CMzi1_7c940DFes5uQYdl9kMig\">\n<div id=\"google_ads_iframe_\/1058609\/infobae\/teleshow\/nota\/inline_2_DSK_0__container__\"><\/div>\n<\/div>\n<\/div>\n<\/div>\n<p class=\"paragraph\" data-mrf-recirculation=\"Links inline\">Luego de terminar su noviazgo con La Tora, \u00e9l vivi\u00f3 un noviazgo con Coty Romero, tambi\u00e9n excompa\u00f1era del reality show de Telefe, que\u00a0lleg\u00f3 a su fin en marzo de este a\u00f1o. \u201cNo s\u00e9 si es la forma, ni el momento, ni el lugar para contarlo, pero al haber sido ustedes parte, siempre tambi\u00e9n merecen, m\u00ednimamente, leerlo de nuestra parte. No estamos m\u00e1s juntos con Co\u201d, escribi\u00f3, desde un posteo.<\/p>\n<div class=\"news-module\" data-mrf-recirculation=\"IL_wPVu_IE4S76a5Gsl0lX8mA\" data-testid=\"text-html\" data-mrf-experience=\"IL_wPVu_IE4S76a5Gsl0lX8mA\">\n<div class=\"recommended-card__image-container\"><\/div>\n<\/div>\n<p class=\"paragraph\" data-mrf-recirculation=\"Links inline\">\u201cNo quieran buscar nada porque no lo hay, nunca hubo siquiera una falta de respeto de ninguna de las dos partes y no pas\u00f3 jam\u00e1s nada de lo que lamentablemente se dijo. Simplemente, elegimos eso porque creemos que es lo mejor para los dos y es hasta donde nosotros pudimos dar\u201d, continu\u00f3 \u00e9l desde su cuenta de Instagram.<\/p>\n<div class=\"visual__image\"><picture><source srcset=\"https:\/\/www.infobae.com\/resizer\/v2\/OQCEKNMKYVCJLBUNKYC4JAC53E.PNG?auth=97166991d0d14d1d29f308194702ff065dfb6d5cd525c679dfc6a74e44ba76f3&amp;smart=true&amp;width=992&amp;height=992&amp;quality=85\" media=\"(min-width: 1000px)\" \/><source srcset=\"https:\/\/www.infobae.com\/resizer\/v2\/OQCEKNMKYVCJLBUNKYC4JAC53E.PNG?auth=97166991d0d14d1d29f308194702ff065dfb6d5cd525c679dfc6a74e44ba76f3&amp;smart=true&amp;width=768&amp;height=768&amp;quality=85\" media=\"(min-width: 768px)\" \/><source srcset=\"https:\/\/www.infobae.com\/resizer\/v2\/OQCEKNMKYVCJLBUNKYC4JAC53E.PNG?auth=97166991d0d14d1d29f308194702ff065dfb6d5cd525c679dfc6a74e44ba76f3&amp;smart=true&amp;width=577&amp;height=577&amp;quality=85\" media=\"(min-width: 580px)\" \/><source srcset=\"https:\/\/www.infobae.com\/resizer\/v2\/OQCEKNMKYVCJLBUNKYC4JAC53E.PNG?auth=97166991d0d14d1d29f308194702ff065dfb6d5cd525c679dfc6a74e44ba76f3&amp;smart=true&amp;width=420&amp;height=420&amp;quality=85\" media=\"(min-width: 350px)\" \/><source srcset=\"https:\/\/www.infobae.com\/resizer\/v2\/OQCEKNMKYVCJLBUNKYC4JAC53E.PNG?auth=97166991d0d14d1d29f308194702ff065dfb6d5cd525c679dfc6a74e44ba76f3&amp;smart=true&amp;width=350&amp;height=350&amp;quality=85\" media=\"(min-width: 80px)\" \/><img loading=\"lazy\" decoding=\"async\" class=\"global-image\" src=\"https:\/\/www.infobae.com\/resizer\/v2\/OQCEKNMKYVCJLBUNKYC4JAC53E.PNG?auth=97166991d0d14d1d29f308194702ff065dfb6d5cd525c679dfc6a74e44ba76f3&amp;smart=true&amp;width=350&amp;height=350&amp;quality=85\" alt=\"La Tora y Nacho Casta\u00f1ares\" width=\"561\" height=\"573\" \/><\/picture>La Tora y Nacho Casta\u00f1ares cuando estaban en pareja (Instagram)<\/div>\n<p class=\"paragraph\" data-mrf-recirculation=\"Links inline\">\u201cEl amor es inmenso y el respeto a\u00fan m\u00e1s y solamente estoy haciendo esto porque ustedes fueron parte hasta m\u00e1s de nuestro d\u00eda a d\u00eda. Pero tambi\u00e9n sabiendo eso, es lo \u00fanico que pido tanto para ella como para m\u00ed. Gracias por acompa\u00f1arnos siempre\u201d, concluy\u00f3, en aquel momento.<\/p>\n<p class=\"paragraph\" data-mrf-recirculation=\"Links inline\">Mientras que La Tora a principios de mayo comparti\u00f3 un video haciendo p\u00fablico\u00a0su romance con Maximiliano Appap, m\u00e1s conocido como Maxi Kilates, el l\u00edder de la banda de cumbia 18 Kilates. La revelaci\u00f3n la realiz\u00f3 a trav\u00e9s de una historia de Instagram en la que ella comparti\u00f3 un video mostrando escenas de su vida cotidiana con el cantante, acompa\u00f1ado de un \u201cFeliz cumple, te amo\u201d y un emoji de coraz\u00f3n en llamas. Appap, a su vez, comparti\u00f3 esta publicaci\u00f3n con un afectuoso \u201cte amo\u201d y un coraz\u00f3n flechado.<\/p>\n<div class=\"jwplayer-ctn\"><\/div>\n<p class=\"paragraph\" data-mrf-recirculation=\"Links inline\">Los rumores sobre un posible romance llevaban tiempo circulando, pero fue La Tora quien decidi\u00f3 confirmar el v\u00ednculo p\u00fablicamente, evitando intermediarios. Los primeros indicios de la relaci\u00f3n surgieron en el programa<i>\u00a0El Ej\u00e9rcito de la Ma\u00f1ana<\/i>, transmitido por Bondi Live y conducido por Pepe Ochoa y Fefe Bongiorno. Seg\u00fan inform\u00f3 Pepe, el primer contacto entre Villar y Appap fue durante una invitaci\u00f3n al espacio de\u00a0<i>streaming\u00a0<\/i>de Gran Hermano que conduce ella.<\/p>\n<p class=\"paragraph\" data-mrf-recirculation=\"Links inline\">Ochoa detall\u00f3 que tras esa invitaci\u00f3n inicial, Maxi le envi\u00f3 un mensaje a Lucila y poco despu\u00e9s la invit\u00f3 a salir. A pesar de intentar mantener la relaci\u00f3n en un plano privado, las frecuentes apariciones p\u00fablicas alimentaron la especulaci\u00f3n sobre su romance. La Tora acompa\u00f1\u00f3 al cantante en algunos de sus conciertos recientes, y las redes sociales muestran im\u00e1genes de ambos juntos en diversos lugares.<\/p>\n<div class=\"second-saved-buttons\">\n<div class=\"body-share-note\"><\/div>\n<\/div>\n","protected":false},"excerpt":{"rendered":"<p>La expareja se encuentra cubriendo para Telefe el Mundial de Clubes, y hablaron con A la Barbarossa sobre su relaci\u00f3n actual En octubre de 2023,\u00a0Nacho Casta\u00f1ares\u00a0y la\u00a0Tora Villar\u00a0confirmaron el final de su romance, que naci\u00f3 en la casa dentro de la casa de\u00a0Gran Hermano. Sin embargo, ambos continuaron una relaci\u00f3n profesional, elegidos por Telefe como [&hellip;]<\/p>\n","protected":false},"author":1,"featured_media":1742,"comment_status":"open","ping_status":"open","sticky":false,"template":"","format":"standard","meta":{"rop_custom_images_group":[],"rop_custom_messages_group":[],"rop_publish_now":"initial","rop_publish_now_accounts":[],"rop_publish_now_history":[],"rop_publish_now_status":"pending","footnotes":"","jetpack_publicize_message":"","jetpack_publicize_feature_enabled":true,"jetpack_social_post_already_shared":true,"jetpack_social_options":{"image_generator_settings":{"template":"highway","enabled":false},"version":2}},"categories":[12],"tags":[],"class_list":{"0":"post-1739","1":"post","2":"type-post","3":"status-publish","4":"format-standard","5":"has-post-thumbnail","7":"category-espectaculos"},"jetpack_publicize_connections":[],"yoast_head":"<!-- This site is optimized with the Yoast SEO plugin v27.3 - https:\/\/yoast.com\/product\/yoast-seo-wordpress\/ -->\n<title>La Tora y Nacho Casta\u00f1ares de Gran Hermano, juntos en Miami, contaron c\u00f3mo es su v\u00ednculo tras su separaci\u00f3n - CLAN ESPECTACULOS<\/title>\n<meta name=\"robots\" content=\"index, follow, max-snippet:-1, max-image-preview:large, max-video-preview:-1\" \/>\n<link rel=\"canonical\" href=\"https:\/\/radioclanfm.com\/clanespectaculos\/la-tora-y-nacho-castanares-de-gran-hermano-juntos-en-miami-contaron-como-es-su-vinculo-tras-su-separacion\/\" \/>\n<meta property=\"og:locale\" content=\"es_ES\" \/>\n<meta property=\"og:type\" content=\"article\" \/>\n<meta property=\"og:title\" content=\"La Tora y Nacho Casta\u00f1ares de Gran Hermano, juntos en Miami, contaron c\u00f3mo es su v\u00ednculo tras su separaci\u00f3n - CLAN ESPECTACULOS\" \/>\n<meta property=\"og:description\" content=\"La expareja se encuentra cubriendo para Telefe el Mundial de Clubes, y hablaron con A la Barbarossa sobre su relaci\u00f3n actual En octubre de 2023,\u00a0Nacho Casta\u00f1ares\u00a0y la\u00a0Tora Villar\u00a0confirmaron el final de su romance, que naci\u00f3 en la casa dentro de la casa de\u00a0Gran Hermano. Sin embargo, ambos continuaron una relaci\u00f3n profesional, elegidos por Telefe como [&hellip;]\" \/>\n<meta property=\"og:url\" content=\"https:\/\/radioclanfm.com\/clanespectaculos\/la-tora-y-nacho-castanares-de-gran-hermano-juntos-en-miami-contaron-como-es-su-vinculo-tras-su-separacion\/\" \/>\n<meta property=\"og:site_name\" content=\"CLAN ESPECTACULOS\" \/>\n<meta property=\"article:publisher\" content=\"https:\/\/www.facebook.com\/clanespectaculos\/\" \/>\n<meta property=\"article:published_time\" content=\"2025-06-17T05:31:22+00:00\" \/>\n<meta property=\"og:image\" content=\"https:\/\/radioclanfm.com\/clanespectaculos\/wp-content\/uploads\/sites\/2\/2025\/06\/louuUEYW.jpg\" \/>\n\t<meta property=\"og:image:width\" content=\"900\" \/>\n\t<meta property=\"og:image:height\" content=\"450\" \/>\n\t<meta property=\"og:image:type\" content=\"image\/jpeg\" \/>\n<meta name=\"author\" content=\"E-GRUPOCLAN\" \/>\n<meta name=\"twitter:card\" content=\"summary_large_image\" \/>\n<meta name=\"twitter:creator\" content=\"@clanespectok\" \/>\n<meta name=\"twitter:site\" content=\"@clanespectok\" \/>\n<meta name=\"twitter:label1\" content=\"Escrito por\" \/>\n\t<meta name=\"twitter:data1\" content=\"E-GRUPOCLAN\" \/>\n\t<meta name=\"twitter:label2\" content=\"Tiempo de lectura\" \/>\n\t<meta name=\"twitter:data2\" content=\"4 minutos\" \/>\n<script type=\"application\/ld+json\" class=\"yoast-schema-graph\">{\"@context\":\"https:\\\/\\\/schema.org\",\"@graph\":[{\"@type\":\"Article\",\"@id\":\"https:\\\/\\\/radioclanfm.com\\\/clanespectaculos\\\/la-tora-y-nacho-castanares-de-gran-hermano-juntos-en-miami-contaron-como-es-su-vinculo-tras-su-separacion\\\/#article\",\"isPartOf\":{\"@id\":\"https:\\\/\\\/radioclanfm.com\\\/clanespectaculos\\\/la-tora-y-nacho-castanares-de-gran-hermano-juntos-en-miami-contaron-como-es-su-vinculo-tras-su-separacion\\\/\"},\"author\":{\"name\":\"E-GRUPOCLAN\",\"@id\":\"https:\\\/\\\/radioclanfm.com\\\/clanespectaculos\\\/#\\\/schema\\\/person\\\/9734813083303230f3ad84d99171b20c\"},\"headline\":\"La Tora y Nacho Casta\u00f1ares de Gran Hermano, juntos en Miami, contaron c\u00f3mo es su v\u00ednculo tras su separaci\u00f3n\",\"datePublished\":\"2025-06-17T05:31:22+00:00\",\"mainEntityOfPage\":{\"@id\":\"https:\\\/\\\/radioclanfm.com\\\/clanespectaculos\\\/la-tora-y-nacho-castanares-de-gran-hermano-juntos-en-miami-contaron-como-es-su-vinculo-tras-su-separacion\\\/\"},\"wordCount\":761,\"commentCount\":0,\"publisher\":{\"@id\":\"https:\\\/\\\/radioclanfm.com\\\/clanespectaculos\\\/#organization\"},\"image\":{\"@id\":\"https:\\\/\\\/radioclanfm.com\\\/clanespectaculos\\\/la-tora-y-nacho-castanares-de-gran-hermano-juntos-en-miami-contaron-como-es-su-vinculo-tras-su-separacion\\\/#primaryimage\"},\"thumbnailUrl\":\"https:\\\/\\\/radioclanfm.com\\\/clanespectaculos\\\/wp-content\\\/uploads\\\/sites\\\/2\\\/2025\\\/06\\\/louuUEYW.jpg\",\"articleSection\":[\"Espectaculos\"],\"inLanguage\":\"es-AR\",\"potentialAction\":[{\"@type\":\"CommentAction\",\"name\":\"Comment\",\"target\":[\"https:\\\/\\\/radioclanfm.com\\\/clanespectaculos\\\/la-tora-y-nacho-castanares-de-gran-hermano-juntos-en-miami-contaron-como-es-su-vinculo-tras-su-separacion\\\/#respond\"]}]},{\"@type\":\"WebPage\",\"@id\":\"https:\\\/\\\/radioclanfm.com\\\/clanespectaculos\\\/la-tora-y-nacho-castanares-de-gran-hermano-juntos-en-miami-contaron-como-es-su-vinculo-tras-su-separacion\\\/\",\"url\":\"https:\\\/\\\/radioclanfm.com\\\/clanespectaculos\\\/la-tora-y-nacho-castanares-de-gran-hermano-juntos-en-miami-contaron-como-es-su-vinculo-tras-su-separacion\\\/\",\"name\":\"La Tora y Nacho Casta\u00f1ares de Gran Hermano, juntos en Miami, contaron c\u00f3mo es su v\u00ednculo tras su separaci\u00f3n - CLAN ESPECTACULOS\",\"isPartOf\":{\"@id\":\"https:\\\/\\\/radioclanfm.com\\\/clanespectaculos\\\/#website\"},\"primaryImageOfPage\":{\"@id\":\"https:\\\/\\\/radioclanfm.com\\\/clanespectaculos\\\/la-tora-y-nacho-castanares-de-gran-hermano-juntos-en-miami-contaron-como-es-su-vinculo-tras-su-separacion\\\/#primaryimage\"},\"image\":{\"@id\":\"https:\\\/\\\/radioclanfm.com\\\/clanespectaculos\\\/la-tora-y-nacho-castanares-de-gran-hermano-juntos-en-miami-contaron-como-es-su-vinculo-tras-su-separacion\\\/#primaryimage\"},\"thumbnailUrl\":\"https:\\\/\\\/radioclanfm.com\\\/clanespectaculos\\\/wp-content\\\/uploads\\\/sites\\\/2\\\/2025\\\/06\\\/louuUEYW.jpg\",\"datePublished\":\"2025-06-17T05:31:22+00:00\",\"breadcrumb\":{\"@id\":\"https:\\\/\\\/radioclanfm.com\\\/clanespectaculos\\\/la-tora-y-nacho-castanares-de-gran-hermano-juntos-en-miami-contaron-como-es-su-vinculo-tras-su-separacion\\\/#breadcrumb\"},\"inLanguage\":\"es-AR\",\"potentialAction\":[{\"@type\":\"ReadAction\",\"target\":[\"https:\\\/\\\/radioclanfm.com\\\/clanespectaculos\\\/la-tora-y-nacho-castanares-de-gran-hermano-juntos-en-miami-contaron-como-es-su-vinculo-tras-su-separacion\\\/\"]}]},{\"@type\":\"ImageObject\",\"inLanguage\":\"es-AR\",\"@id\":\"https:\\\/\\\/radioclanfm.com\\\/clanespectaculos\\\/la-tora-y-nacho-castanares-de-gran-hermano-juntos-en-miami-contaron-como-es-su-vinculo-tras-su-separacion\\\/#primaryimage\",\"url\":\"https:\\\/\\\/radioclanfm.com\\\/clanespectaculos\\\/wp-content\\\/uploads\\\/sites\\\/2\\\/2025\\\/06\\\/louuUEYW.jpg\",\"contentUrl\":\"https:\\\/\\\/radioclanfm.com\\\/clanespectaculos\\\/wp-content\\\/uploads\\\/sites\\\/2\\\/2025\\\/06\\\/louuUEYW.jpg\",\"width\":900,\"height\":450},{\"@type\":\"BreadcrumbList\",\"@id\":\"https:\\\/\\\/radioclanfm.com\\\/clanespectaculos\\\/la-tora-y-nacho-castanares-de-gran-hermano-juntos-en-miami-contaron-como-es-su-vinculo-tras-su-separacion\\\/#breadcrumb\",\"itemListElement\":[{\"@type\":\"ListItem\",\"position\":1,\"name\":\"Inicio\",\"item\":\"https:\\\/\\\/radioclanfm.com\\\/clanespectaculos\\\/\"},{\"@type\":\"ListItem\",\"position\":2,\"name\":\"La Tora y Nacho Casta\u00f1ares de Gran Hermano, juntos en Miami, contaron c\u00f3mo es su v\u00ednculo tras su separaci\u00f3n\"}]},{\"@type\":\"WebSite\",\"@id\":\"https:\\\/\\\/radioclanfm.com\\\/clanespectaculos\\\/#website\",\"url\":\"https:\\\/\\\/radioclanfm.com\\\/clanespectaculos\\\/\",\"name\":\"CLAN ESPECTACULOS\",\"description\":\"\",\"publisher\":{\"@id\":\"https:\\\/\\\/radioclanfm.com\\\/clanespectaculos\\\/#organization\"},\"potentialAction\":[{\"@type\":\"SearchAction\",\"target\":{\"@type\":\"EntryPoint\",\"urlTemplate\":\"https:\\\/\\\/radioclanfm.com\\\/clanespectaculos\\\/?s={search_term_string}\"},\"query-input\":{\"@type\":\"PropertyValueSpecification\",\"valueRequired\":true,\"valueName\":\"search_term_string\"}}],\"inLanguage\":\"es-AR\"},{\"@type\":\"Organization\",\"@id\":\"https:\\\/\\\/radioclanfm.com\\\/clanespectaculos\\\/#organization\",\"name\":\"CLAN ESPECTACULOS\",\"url\":\"https:\\\/\\\/radioclanfm.com\\\/clanespectaculos\\\/\",\"logo\":{\"@type\":\"ImageObject\",\"inLanguage\":\"es-AR\",\"@id\":\"https:\\\/\\\/radioclanfm.com\\\/clanespectaculos\\\/#\\\/schema\\\/logo\\\/image\\\/\",\"url\":\"https:\\\/\\\/radioclanfm.com\\\/clanespectaculos\\\/wp-content\\\/uploads\\\/sites\\\/2\\\/2026\\\/04\\\/ChatGPT-Image-23-mar-2026-10_09_00.png\",\"contentUrl\":\"https:\\\/\\\/radioclanfm.com\\\/clanespectaculos\\\/wp-content\\\/uploads\\\/sites\\\/2\\\/2026\\\/04\\\/ChatGPT-Image-23-mar-2026-10_09_00.png\",\"width\":1024,\"height\":1024,\"caption\":\"CLAN ESPECTACULOS\"},\"image\":{\"@id\":\"https:\\\/\\\/radioclanfm.com\\\/clanespectaculos\\\/#\\\/schema\\\/logo\\\/image\\\/\"},\"sameAs\":[\"https:\\\/\\\/www.facebook.com\\\/clanespectaculos\\\/\",\"https:\\\/\\\/x.com\\\/clanespectok\"]},{\"@type\":\"Person\",\"@id\":\"https:\\\/\\\/radioclanfm.com\\\/clanespectaculos\\\/#\\\/schema\\\/person\\\/9734813083303230f3ad84d99171b20c\",\"name\":\"E-GRUPOCLAN\",\"image\":{\"@type\":\"ImageObject\",\"inLanguage\":\"es-AR\",\"@id\":\"https:\\\/\\\/secure.gravatar.com\\\/avatar\\\/af6e19837c3d6a212034a48c7b3818d2ac1826f6025df0155da5a186ad321d79?s=96&d=mm&r=g\",\"url\":\"https:\\\/\\\/secure.gravatar.com\\\/avatar\\\/af6e19837c3d6a212034a48c7b3818d2ac1826f6025df0155da5a186ad321d79?s=96&d=mm&r=g\",\"contentUrl\":\"https:\\\/\\\/secure.gravatar.com\\\/avatar\\\/af6e19837c3d6a212034a48c7b3818d2ac1826f6025df0155da5a186ad321d79?s=96&d=mm&r=g\",\"caption\":\"E-GRUPOCLAN\"},\"sameAs\":[\"https:\\\/\\\/radioclanfm.com\"],\"url\":\"https:\\\/\\\/radioclanfm.com\\\/clanespectaculos\\\/author\\\/admin\\\/\"}]}<\/script>\n<!-- \/ Yoast SEO plugin. -->","yoast_head_json":{"title":"La Tora y Nacho Casta\u00f1ares de Gran Hermano, juntos en Miami, contaron c\u00f3mo es su v\u00ednculo tras su separaci\u00f3n - CLAN ESPECTACULOS","robots":{"index":"index","follow":"follow","max-snippet":"max-snippet:-1","max-image-preview":"max-image-preview:large","max-video-preview":"max-video-preview:-1"},"canonical":"https:\/\/radioclanfm.com\/clanespectaculos\/la-tora-y-nacho-castanares-de-gran-hermano-juntos-en-miami-contaron-como-es-su-vinculo-tras-su-separacion\/","og_locale":"es_ES","og_type":"article","og_title":"La Tora y Nacho Casta\u00f1ares de Gran Hermano, juntos en Miami, contaron c\u00f3mo es su v\u00ednculo tras su separaci\u00f3n - CLAN ESPECTACULOS","og_description":"La expareja se encuentra cubriendo para Telefe el Mundial de Clubes, y hablaron con A la Barbarossa sobre su relaci\u00f3n actual En octubre de 2023,\u00a0Nacho Casta\u00f1ares\u00a0y la\u00a0Tora Villar\u00a0confirmaron el final de su romance, que naci\u00f3 en la casa dentro de la casa de\u00a0Gran Hermano. Sin embargo, ambos continuaron una relaci\u00f3n profesional, elegidos por Telefe como [&hellip;]","og_url":"https:\/\/radioclanfm.com\/clanespectaculos\/la-tora-y-nacho-castanares-de-gran-hermano-juntos-en-miami-contaron-como-es-su-vinculo-tras-su-separacion\/","og_site_name":"CLAN ESPECTACULOS","article_publisher":"https:\/\/www.facebook.com\/clanespectaculos\/","article_published_time":"2025-06-17T05:31:22+00:00","og_image":[{"width":900,"height":450,"url":"https:\/\/radioclanfm.com\/clanespectaculos\/wp-content\/uploads\/sites\/2\/2025\/06\/louuUEYW.jpg","type":"image\/jpeg"}],"author":"E-GRUPOCLAN","twitter_card":"summary_large_image","twitter_creator":"@clanespectok","twitter_site":"@clanespectok","twitter_misc":{"Escrito por":"E-GRUPOCLAN","Tiempo de lectura":"4 minutos"},"schema":{"@context":"https:\/\/schema.org","@graph":[{"@type":"Article","@id":"https:\/\/radioclanfm.com\/clanespectaculos\/la-tora-y-nacho-castanares-de-gran-hermano-juntos-en-miami-contaron-como-es-su-vinculo-tras-su-separacion\/#article","isPartOf":{"@id":"https:\/\/radioclanfm.com\/clanespectaculos\/la-tora-y-nacho-castanares-de-gran-hermano-juntos-en-miami-contaron-como-es-su-vinculo-tras-su-separacion\/"},"author":{"name":"E-GRUPOCLAN","@id":"https:\/\/radioclanfm.com\/clanespectaculos\/#\/schema\/person\/9734813083303230f3ad84d99171b20c"},"headline":"La Tora y Nacho Casta\u00f1ares de Gran Hermano, juntos en Miami, contaron c\u00f3mo es su v\u00ednculo tras su separaci\u00f3n","datePublished":"2025-06-17T05:31:22+00:00","mainEntityOfPage":{"@id":"https:\/\/radioclanfm.com\/clanespectaculos\/la-tora-y-nacho-castanares-de-gran-hermano-juntos-en-miami-contaron-como-es-su-vinculo-tras-su-separacion\/"},"wordCount":761,"commentCount":0,"publisher":{"@id":"https:\/\/radioclanfm.com\/clanespectaculos\/#organization"},"image":{"@id":"https:\/\/radioclanfm.com\/clanespectaculos\/la-tora-y-nacho-castanares-de-gran-hermano-juntos-en-miami-contaron-como-es-su-vinculo-tras-su-separacion\/#primaryimage"},"thumbnailUrl":"https:\/\/radioclanfm.com\/clanespectaculos\/wp-content\/uploads\/sites\/2\/2025\/06\/louuUEYW.jpg","articleSection":["Espectaculos"],"inLanguage":"es-AR","potentialAction":[{"@type":"CommentAction","name":"Comment","target":["https:\/\/radioclanfm.com\/clanespectaculos\/la-tora-y-nacho-castanares-de-gran-hermano-juntos-en-miami-contaron-como-es-su-vinculo-tras-su-separacion\/#respond"]}]},{"@type":"WebPage","@id":"https:\/\/radioclanfm.com\/clanespectaculos\/la-tora-y-nacho-castanares-de-gran-hermano-juntos-en-miami-contaron-como-es-su-vinculo-tras-su-separacion\/","url":"https:\/\/radioclanfm.com\/clanespectaculos\/la-tora-y-nacho-castanares-de-gran-hermano-juntos-en-miami-contaron-como-es-su-vinculo-tras-su-separacion\/","name":"La Tora y Nacho Casta\u00f1ares de Gran Hermano, juntos en Miami, contaron c\u00f3mo es su v\u00ednculo tras su separaci\u00f3n - CLAN ESPECTACULOS","isPartOf":{"@id":"https:\/\/radioclanfm.com\/clanespectaculos\/#website"},"primaryImageOfPage":{"@id":"https:\/\/radioclanfm.com\/clanespectaculos\/la-tora-y-nacho-castanares-de-gran-hermano-juntos-en-miami-contaron-como-es-su-vinculo-tras-su-separacion\/#primaryimage"},"image":{"@id":"https:\/\/radioclanfm.com\/clanespectaculos\/la-tora-y-nacho-castanares-de-gran-hermano-juntos-en-miami-contaron-como-es-su-vinculo-tras-su-separacion\/#primaryimage"},"thumbnailUrl":"https:\/\/radioclanfm.com\/clanespectaculos\/wp-content\/uploads\/sites\/2\/2025\/06\/louuUEYW.jpg","datePublished":"2025-06-17T05:31:22+00:00","breadcrumb":{"@id":"https:\/\/radioclanfm.com\/clanespectaculos\/la-tora-y-nacho-castanares-de-gran-hermano-juntos-en-miami-contaron-como-es-su-vinculo-tras-su-separacion\/#breadcrumb"},"inLanguage":"es-AR","potentialAction":[{"@type":"ReadAction","target":["https:\/\/radioclanfm.com\/clanespectaculos\/la-tora-y-nacho-castanares-de-gran-hermano-juntos-en-miami-contaron-como-es-su-vinculo-tras-su-separacion\/"]}]},{"@type":"ImageObject","inLanguage":"es-AR","@id":"https:\/\/radioclanfm.com\/clanespectaculos\/la-tora-y-nacho-castanares-de-gran-hermano-juntos-en-miami-contaron-como-es-su-vinculo-tras-su-separacion\/#primaryimage","url":"https:\/\/radioclanfm.com\/clanespectaculos\/wp-content\/uploads\/sites\/2\/2025\/06\/louuUEYW.jpg","contentUrl":"https:\/\/radioclanfm.com\/clanespectaculos\/wp-content\/uploads\/sites\/2\/2025\/06\/louuUEYW.jpg","width":900,"height":450},{"@type":"BreadcrumbList","@id":"https:\/\/radioclanfm.com\/clanespectaculos\/la-tora-y-nacho-castanares-de-gran-hermano-juntos-en-miami-contaron-como-es-su-vinculo-tras-su-separacion\/#breadcrumb","itemListElement":[{"@type":"ListItem","position":1,"name":"Inicio","item":"https:\/\/radioclanfm.com\/clanespectaculos\/"},{"@type":"ListItem","position":2,"name":"La Tora y Nacho Casta\u00f1ares de Gran Hermano, juntos en Miami, contaron c\u00f3mo es su v\u00ednculo tras su separaci\u00f3n"}]},{"@type":"WebSite","@id":"https:\/\/radioclanfm.com\/clanespectaculos\/#website","url":"https:\/\/radioclanfm.com\/clanespectaculos\/","name":"CLAN ESPECTACULOS","description":"","publisher":{"@id":"https:\/\/radioclanfm.com\/clanespectaculos\/#organization"},"potentialAction":[{"@type":"SearchAction","target":{"@type":"EntryPoint","urlTemplate":"https:\/\/radioclanfm.com\/clanespectaculos\/?s={search_term_string}"},"query-input":{"@type":"PropertyValueSpecification","valueRequired":true,"valueName":"search_term_string"}}],"inLanguage":"es-AR"},{"@type":"Organization","@id":"https:\/\/radioclanfm.com\/clanespectaculos\/#organization","name":"CLAN ESPECTACULOS","url":"https:\/\/radioclanfm.com\/clanespectaculos\/","logo":{"@type":"ImageObject","inLanguage":"es-AR","@id":"https:\/\/radioclanfm.com\/clanespectaculos\/#\/schema\/logo\/image\/","url":"https:\/\/radioclanfm.com\/clanespectaculos\/wp-content\/uploads\/sites\/2\/2026\/04\/ChatGPT-Image-23-mar-2026-10_09_00.png","contentUrl":"https:\/\/radioclanfm.com\/clanespectaculos\/wp-content\/uploads\/sites\/2\/2026\/04\/ChatGPT-Image-23-mar-2026-10_09_00.png","width":1024,"height":1024,"caption":"CLAN ESPECTACULOS"},"image":{"@id":"https:\/\/radioclanfm.com\/clanespectaculos\/#\/schema\/logo\/image\/"},"sameAs":["https:\/\/www.facebook.com\/clanespectaculos\/","https:\/\/x.com\/clanespectok"]},{"@type":"Person","@id":"https:\/\/radioclanfm.com\/clanespectaculos\/#\/schema\/person\/9734813083303230f3ad84d99171b20c","name":"E-GRUPOCLAN","image":{"@type":"ImageObject","inLanguage":"es-AR","@id":"https:\/\/secure.gravatar.com\/avatar\/af6e19837c3d6a212034a48c7b3818d2ac1826f6025df0155da5a186ad321d79?s=96&d=mm&r=g","url":"https:\/\/secure.gravatar.com\/avatar\/af6e19837c3d6a212034a48c7b3818d2ac1826f6025df0155da5a186ad321d79?s=96&d=mm&r=g","contentUrl":"https:\/\/secure.gravatar.com\/avatar\/af6e19837c3d6a212034a48c7b3818d2ac1826f6025df0155da5a186ad321d79?s=96&d=mm&r=g","caption":"E-GRUPOCLAN"},"sameAs":["https:\/\/radioclanfm.com"],"url":"https:\/\/radioclanfm.com\/clanespectaculos\/author\/admin\/"}]}},"_links":{"self":[{"href":"https:\/\/radioclanfm.com\/clanespectaculos\/wp-json\/wp\/v2\/posts\/1739","targetHints":{"allow":["GET"]}}],"collection":[{"href":"https:\/\/radioclanfm.com\/clanespectaculos\/wp-json\/wp\/v2\/posts"}],"about":[{"href":"https:\/\/radioclanfm.com\/clanespectaculos\/wp-json\/wp\/v2\/types\/post"}],"author":[{"embeddable":true,"href":"https:\/\/radioclanfm.com\/clanespectaculos\/wp-json\/wp\/v2\/users\/1"}],"replies":[{"embeddable":true,"href":"https:\/\/radioclanfm.com\/clanespectaculos\/wp-json\/wp\/v2\/comments?post=1739"}],"version-history":[{"count":1,"href":"https:\/\/radioclanfm.com\/clanespectaculos\/wp-json\/wp\/v2\/posts\/1739\/revisions"}],"predecessor-version":[{"id":1743,"href":"https:\/\/radioclanfm.com\/clanespectaculos\/wp-json\/wp\/v2\/posts\/1739\/revisions\/1743"}],"wp:featuredmedia":[{"embeddable":true,"href":"https:\/\/radioclanfm.com\/clanespectaculos\/wp-json\/wp\/v2\/media\/1742"}],"wp:attachment":[{"href":"https:\/\/radioclanfm.com\/clanespectaculos\/wp-json\/wp\/v2\/media?parent=1739"}],"wp:term":[{"taxonomy":"category","embeddable":true,"href":"https:\/\/radioclanfm.com\/clanespectaculos\/wp-json\/wp\/v2\/categories?post=1739"},{"taxonomy":"post_tag","embeddable":true,"href":"https:\/\/radioclanfm.com\/clanespectaculos\/wp-json\/wp\/v2\/tags?post=1739"}],"curies":[{"name":"wp","href":"https:\/\/api.w.org\/{rel}","templated":true}]}}