{"id":1704,"date":"2025-06-12T07:03:42","date_gmt":"2025-06-12T10:03:42","guid":{"rendered":"https:\/\/radioclanfm.com\/clanespectaculos\/?p=1704"},"modified":"2025-06-12T07:03:42","modified_gmt":"2025-06-12T10:03:42","slug":"la-emocion-de-olga-garaventa-al-recibir-un-cuadro-con-una-iconica-fotografia-de-sandro-me-encanta","status":"publish","type":"post","link":"https:\/\/radioclanfm.com\/clanespectaculos\/la-emocion-de-olga-garaventa-al-recibir-un-cuadro-con-una-iconica-fotografia-de-sandro-me-encanta\/","title":{"rendered":"La emoci\u00f3n de Olga Garaventa al recibir un cuadro con una ic\u00f3nica fotograf\u00eda de Sandro: \u201cMe encanta\u201d"},"content":{"rendered":"<p>La viuda del \u00eddolo visit\u00f3 la muestra del fot\u00f3grafo Maximiliano Vernazza. All\u00ed recibi\u00f3 el retrato del cantante y cont\u00f3 d\u00f3nde lo va a poner en la mansi\u00f3n de Banfield<\/p>\n<p class=\"paragraph\" data-mrf-recirculation=\"Links inline\">A<b>\u00a0<\/b><b>Olga Garaventa<\/b>, la emoci\u00f3n le brotaba por los poros. Esta semana, de visita en la muestra fotogr\u00e1fica<b>\u00a0\u201cArgentinos 1995-2025\u201d,<\/b>\u00a0el reconocido fot\u00f3grafo\u00a0<b>Maximiliano Vernazza\u00a0<\/b>le regal\u00f3 un cuadro con una imagen emblem\u00e1tica de\u00a0<b>Sandro<\/b>. La imagen se remonta a 2004, y muestra a Sandro espiando detr\u00e1s del tel\u00f3n en su \u00faltimo espect\u00e1culo, llamado \u201cLa Profec\u00eda\u201d,en el Gran Rex.<\/p>\n<div class=\"news-module\" data-mrf-recirculation=\"IL_Ct0zZTd2RqSjHGMXsLzz7w\" data-testid=\"text-html\" data-mrf-experience=\"IL_Ct0zZTd2RqSjHGMXsLzz7w\">\n<div class=\"recommended-card__image-container\"><\/div>\n<\/div>\n<p class=\"paragraph\" data-mrf-recirculation=\"Links inline\">El obsequio fue inesperado, y lo recibi\u00f3 con mucho amor. , \u201cPrecioso. Est\u00e1 hermoso. Me encanta. Sab\u00e9s qu\u00e9,\u00a0<b>para ponerla en la biblioteca donde Roberto ten\u00eda sus cosas.<\/b>\u00a0Est\u00e1 preciosa. Hermosa, hermosa. Estoy muy contenta. Muy feliz. Me tom\u00f3 de sorpresa. Me emocion\u00f3 porque no me lo imagin\u00e9\u201d, expres\u00f3 Olga con gratitud y alegr\u00eda.<\/p>\n<div class=\"inline ad-wrapper\">\n<div class=\"dfpAd ad-inline\">\n<div id=\"infobae\/teleshow\/nota\/inline\" class=\"infobae\/teleshow\/nota\/inline arcad\" data-google-query-id=\"CIKPt8DQ640DFZJPuAQdJcUdjg\">\n<div id=\"google_ads_iframe_\/1058609\/infobae\/teleshow\/nota\/inline_0__container__\"><\/div>\n<\/div>\n<\/div>\n<\/div>\n<p class=\"paragraph\" data-mrf-recirculation=\"Links inline\">Vernazza, por su parte, tambi\u00e9n comparti\u00f3 con Infobae su experiencia sobre aquel memorable d\u00eda de marzo de 2004. \u201cEse a\u00f1o despu\u00e9s ya no cant\u00f3 nunca m\u00e1s. Est\u00e1 con la famosa bata roja. En el micr\u00f3fono tiene el ca\u00f1ito donde le enviaban el ox\u00edgeno que le ayudaba a respirar. Ya le costaba cantar y hacer el show. Pero fue fant\u00e1stico.\u00a0<b>En un momento \u00e9l se va atr\u00e1s del tel\u00f3n. Como para descansar un poco. Yo estaba entre la gente en ese momento. \u00c9l abri\u00f3 el tel\u00f3n y empez\u00f3 a espiar a la gente. Y a hablarles. Las nenas gritaban como locas\u201d<\/b>. El reportero recuerda, tambi\u00e9n que casi termina la funci\u00f3n en modo fan: \u201cMe acuerdo de ese show que no se si fue el \u00faltimo tema, pero termin\u00e9 atr\u00e1s de la bater\u00eda fotografiando desde espalda en el tema Dame fuego, creo que cerr\u00f3 el show de ese d\u00eda, el teatro explotado y \u00e9l bailando<b>\u00a0y yo atr\u00e1s de la bater\u00eda me quer\u00eda tirar arriba del tipo, a bailar con \u00e9l\u201d.<\/b><\/p>\n<div class=\"news-module\" data-mrf-recirculation=\"IL_RjJ8XQ94SCCdND4VX9YvyQ\" data-testid=\"text-html\" data-mrf-experience=\"IL_RjJ8XQ94SCCdND4VX9YvyQ\">\n<div class=\"recommended-card__image-container\"><\/div>\n<\/div>\n<div class=\"visual__image\"><picture><source srcset=\"https:\/\/www.infobae.com\/resizer\/v2\/PV7TSJ73V5D7FJYLHIJQNHAXCI.jpg?auth=17f813119d43426b129676ae27e872b7a75683647f0f1d4d9addbffff5d9a105&amp;smart=true&amp;width=992&amp;height=1488&amp;quality=85\" media=\"(min-width: 1000px)\" \/><source srcset=\"https:\/\/www.infobae.com\/resizer\/v2\/PV7TSJ73V5D7FJYLHIJQNHAXCI.jpg?auth=17f813119d43426b129676ae27e872b7a75683647f0f1d4d9addbffff5d9a105&amp;smart=true&amp;width=768&amp;height=1152&amp;quality=85\" media=\"(min-width: 768px)\" \/><source srcset=\"https:\/\/www.infobae.com\/resizer\/v2\/PV7TSJ73V5D7FJYLHIJQNHAXCI.jpg?auth=17f813119d43426b129676ae27e872b7a75683647f0f1d4d9addbffff5d9a105&amp;smart=true&amp;width=577&amp;height=866&amp;quality=85\" media=\"(min-width: 580px)\" \/><source srcset=\"https:\/\/www.infobae.com\/resizer\/v2\/PV7TSJ73V5D7FJYLHIJQNHAXCI.jpg?auth=17f813119d43426b129676ae27e872b7a75683647f0f1d4d9addbffff5d9a105&amp;smart=true&amp;width=420&amp;height=630&amp;quality=85\" media=\"(min-width: 350px)\" \/><source srcset=\"https:\/\/www.infobae.com\/resizer\/v2\/PV7TSJ73V5D7FJYLHIJQNHAXCI.jpg?auth=17f813119d43426b129676ae27e872b7a75683647f0f1d4d9addbffff5d9a105&amp;smart=true&amp;width=350&amp;height=525&amp;quality=85\" media=\"(min-width: 80px)\" \/><img loading=\"lazy\" decoding=\"async\" class=\"global-image\" src=\"https:\/\/www.infobae.com\/resizer\/v2\/PV7TSJ73V5D7FJYLHIJQNHAXCI.jpg?auth=17f813119d43426b129676ae27e872b7a75683647f0f1d4d9addbffff5d9a105&amp;smart=true&amp;width=350&amp;height=525&amp;quality=85\" alt=\"Olga Garaventa visit\u00f3 una muestra\" width=\"1920\" height=\"2881\" \/><\/picture>Olga Garaventa visit\u00f3 una muestra fotogr\u00e1fica y se emocion\u00f3 con una foto de Sandro<\/div>\n<p class=\"paragraph\" data-mrf-recirculation=\"Links inline\"><b>Olga<\/b>\u00a0conoci\u00f3 a\u00a0<b>Sandro\u00a0<\/b>por tel\u00e9fono. Era la secretaria de\u00a0<b>Aldo Aresi<\/b>, el representante del cantante. La relaci\u00f3n comenz\u00f3 casi sin querer, luego de una d\u00e9cada de apenas \u201cbuenos d\u00edas, buenas tardes\u201d, con llamadas que cada vez se hac\u00edan m\u00e1s y m\u00e1s extensas. \u201cDe 5, 6, 7 horas\u201d, cont\u00f3 ella alguna vez. Sus recuerdos siempre tuvieron precisi\u00f3n:\u00a0<b>el 23 de octubre de 2004, \u00e9l apareci\u00f3 en El Castillo, como llamaba a sus oficinas. En diciembre, pas\u00f3 a saludarla para las fiestas. El 2 de febrero de 2005, Olga, que ten\u00eda 50 a\u00f1os, lleg\u00f3 por primera vez a la mansi\u00f3n de Sandro en \u201cBanfield Village\u201d<\/b>, como llamaba \u00e9l a la localidad del sur que eligi\u00f3 para vivir. Pero la puerta no la abri\u00f3 el \u00eddolo: fue Roberto S\u00e1nchez quien la franque\u00f3.<\/p>\n<div class=\"inline_2_DSK ad-wrapper ad-desktop\">\n<div class=\"dfpAd ad-inline\">\n<div id=\"infobae\/teleshow\/nota\/inline_2_DSK\" class=\"infobae\/teleshow\/nota\/inline_2_DSK arcad\" data-google-query-id=\"CO67g8nQ640DFZxYuAQdBHYfVg\">\n<div id=\"google_ads_iframe_\/1058609\/infobae\/teleshow\/nota\/inline_2_DSK_0__container__\"><\/div>\n<\/div>\n<\/div>\n<\/div>\n<p class=\"paragraph\" data-mrf-recirculation=\"Links inline\">Cuando la relaci\u00f3n se consolid\u00f3, Roberto fue totalmente sincero con ella, le cont\u00f3 de su EPOC, de su incierto futuro: \u201cSe par\u00f3 frente a m\u00ed y me dijo, \u2018despu\u00e9s de un largo trayecto tengo que decirte la verdad,\u00a0<b>yo estoy muy delicado de salud, yo no s\u00e9 si podr\u00e1s llevar todo esto adelante, no vas a tener un camino de rosas\u2019<\/b>. Le dije \u2018yo te voy a acompa\u00f1ar, vamos a llevar este problema juntos hasta el final de tus d\u00edas\u2019, y me dio tiempo para que lo pensara\u2019\u201d.<\/p>\n<div class=\"news-module\" data-mrf-recirculation=\"IL_wPVu_IE4S76a5Gsl0lX8mA\" data-testid=\"text-html\" data-mrf-experience=\"IL_wPVu_IE4S76a5Gsl0lX8mA\">\n<div class=\"recommended-card__image-container\"><\/div>\n<\/div>\n<div class=\"visual__image\"><picture><source srcset=\"https:\/\/www.infobae.com\/resizer\/v2\/6LA2PXWMLBBMPAU7TWMBXS3UKI.jpg?auth=8a52ea590ce8a34c8db6561a84c1cce269608407538d88e0982321a9f5cacf58&amp;smart=true&amp;width=992&amp;height=744&amp;quality=85\" media=\"(min-width: 1000px)\" \/><source srcset=\"https:\/\/www.infobae.com\/resizer\/v2\/6LA2PXWMLBBMPAU7TWMBXS3UKI.jpg?auth=8a52ea590ce8a34c8db6561a84c1cce269608407538d88e0982321a9f5cacf58&amp;smart=true&amp;width=768&amp;height=576&amp;quality=85\" media=\"(min-width: 768px)\" \/><source srcset=\"https:\/\/www.infobae.com\/resizer\/v2\/6LA2PXWMLBBMPAU7TWMBXS3UKI.jpg?auth=8a52ea590ce8a34c8db6561a84c1cce269608407538d88e0982321a9f5cacf58&amp;smart=true&amp;width=577&amp;height=433&amp;quality=85\" media=\"(min-width: 580px)\" \/><source srcset=\"https:\/\/www.infobae.com\/resizer\/v2\/6LA2PXWMLBBMPAU7TWMBXS3UKI.jpg?auth=8a52ea590ce8a34c8db6561a84c1cce269608407538d88e0982321a9f5cacf58&amp;smart=true&amp;width=420&amp;height=315&amp;quality=85\" media=\"(min-width: 350px)\" \/><source srcset=\"https:\/\/www.infobae.com\/resizer\/v2\/6LA2PXWMLBBMPAU7TWMBXS3UKI.jpg?auth=8a52ea590ce8a34c8db6561a84c1cce269608407538d88e0982321a9f5cacf58&amp;smart=true&amp;width=350&amp;height=263&amp;quality=85\" media=\"(min-width: 80px)\" \/><img loading=\"lazy\" decoding=\"async\" class=\"global-image\" src=\"https:\/\/www.infobae.com\/resizer\/v2\/6LA2PXWMLBBMPAU7TWMBXS3UKI.jpg?auth=8a52ea590ce8a34c8db6561a84c1cce269608407538d88e0982321a9f5cacf58&amp;smart=true&amp;width=350&amp;height=263&amp;quality=85\" alt=\"La fotograf\u00eda de Sandro por\" width=\"1920\" height=\"1440\" \/><\/picture>La fotograf\u00eda de Sandro por Maximiliano Vernazza<\/div>\n<p class=\"paragraph\" data-mrf-recirculation=\"Links inline\"><b>E<\/b><b>n abril de 2007, en el living de la mansi\u00f3n los bendijo el padre Osvaldo Brown como marido y mujer<\/b>. Tuvieron su libreta roja y sus anillos. Roberto S\u00e1nchez ten\u00eda 62 a\u00f1os.<\/p>\n<p class=\"paragraph\" data-mrf-recirculation=\"Links inline\">Casi tres a\u00f1os despu\u00e9s, Roberto S\u00e1nchez muri\u00f3. Sucedi\u00f3 el 4 de enero de 2010 en el Hospital Italiano de la provincia de Mendoza, tras haber sido sometido a un doble trasplante de coraz\u00f3n y pulm\u00f3n, luego de luchar por a\u00f1os contra un enfisema pulmonar. Sandro, en cambio, es inmortal.<\/p>\n<p class=\"paragraph\" data-mrf-recirculation=\"Links inline\">Este verano, a 15 a\u00f1os de ese triste d\u00eda, Olga Garaventa escribi\u00f3 en exclusiva para Teleshow una sentida carta. Aqu\u00ed, un p\u00e1rrafo: \u201c<i>Lo recuerdo con mucho amor y recuerdo su sonrisa, sus conversaciones, y eso realmente me hace sentir tranquila. Lo visualizo con una sonrisa, tomados de la mano,<\/i><i><b>\u00a0hemos sido muy compa\u00f1eros, hemos estado siempre el uno para el otro y tengo mucha paz en el coraz\u00f3n,\u00a0<\/b><\/i><i>porque lo he acompa\u00f1ado hasta el \u00faltimo momento de su vida sosteni\u00e9ndolo de la mano y entreg\u00e1ndole todo, todo todo todo todo porque se lo merec\u00eda. Y eso me reconforta\u201d.<\/i><\/p>\n<div class=\"jwplayer-ctn\">\n<div>\n<div id=\"XPIH2FTYXVG3ZDE3IVPM2X2VOU-custom_embed11\" class=\"jwplayer jw-reset jw-state-idle jw-stretch-uniform jw-flag-aspect-mode jw-floating-dismissible jw-keep-thumbnail jw-flag-cast-available jw-breakpoint-5\" tabindex=\"0\" role=\"application\" aria-label=\"Video Player - Maximiliano Vernazza conto como es su metodologia de trabajo y recordo a Charly Garcia\" aria-describedby=\"jw-XPIH2FTYXVG3ZDE3IVPM2X2VOU-custom_embed11-shortcuts-tooltip-explanation\" data-compass-listening=\"true\">\n<div class=\"jw-wrapper jw-reset\">\n<div class=\"jw-controls jw-reset\">\n<div class=\"jw-controlbar jw-reset\">\n<div class=\"jw-reset jw-button-container\">\n<div class=\"jw-icon jw-icon-inline jw-button-color jw-reset jw-icon-cast\" tabindex=\"0\" role=\"button\" aria-label=\"Chromecast\">\n<div class=\"jw-reset-text jw-tooltip jw-tooltip-chromecast\" dir=\"auto\">\n<div class=\"jw-text\"><\/div>\n<\/div>\n<\/div>\n<\/div>\n<\/div>\n<\/div>\n<\/div>\n<div class=\"afs_ads ad-placement\"><\/div>\n<\/div>\n<\/div>\n<p>Maximiliano Vernazza en Infobae en Vivo, conto como es su metodologia de trabajo y recordo a Charly Garcia<\/p><\/div>\n<p class=\"paragraph\" data-mrf-recirculation=\"Links inline\">Maximiliano Vernazza estuvo en\u00a0<b>Infobae en Vivo<\/b>\u00a0por la ma\u00f1ana, junto a\u00a0<b>de la ma\u00f1ana<\/b>, que cuenta con la conducci\u00f3n de\u00a0<b>Gonzalo S\u00e1nchez, Carolina Amoroso, Ram\u00f3n Indart y Cecilia Boufflet<\/b>, cont\u00f3 dos momentos ic\u00f3nicos de su carrera con otras figuras destacadas. En especial,<b>\u00a0Diego Maradona y Charly Garc\u00eda.<\/b>\u00a0Con El Diez record\u00f3 un encuentro en 1998 tras un partido amistoso en Tortuguitas, donde captur\u00f3 una imagen \u00edntima del futbolista: \u201cFue un fin de semana que me toc\u00f3 seguirlo y\u00a0<b>Guillermo Coppola<\/b>\u00a0me informaba d\u00f3nde estaban\u201d.<\/p>\n<p class=\"paragraph\" data-mrf-recirculation=\"Links inline\"><b>Otro de sus prolongados trabajos fue con Charly Garc\u00eda, a quien fotografi\u00f3 durante 23 a\u00f1os.<\/b>\u00a0Vernazza explic\u00f3 que su relaci\u00f3n profesional con Garc\u00eda se basaba en la confianza que este le ten\u00eda por saber manejar la discreci\u00f3n: \u201cUna vez Charly me dijo que lo que le gustaba de m\u00ed era la forma de trabajar, que nunca habl\u00e9 de m\u00e1s.\u00a0<b>Siempre supe cu\u00e1ndo levantar la c\u00e1mara y cu\u00e1ndo no\u201d.<\/b>\u00a0Esta relaci\u00f3n le permiti\u00f3 captar tanto momentos \u00edntimos como p\u00fablicos y art\u00edsticos de Garc\u00eda.<\/p>\n<p class=\"paragraph\" data-mrf-recirculation=\"Links inline\">Actualmente, todas estas experiencias forman parte de la exposici\u00f3n\u00a0<b>\u201cArgentinos | 1995-2025\u201d, donde Vernazza muestra 46 fotograf\u00edas que abarcan tres d\u00e9cadas de trabajo.<\/b>\u00a0La muestra se encuentra en el\u00a0<b>Centro Cultural Rojas<\/b>, disponible de lunes a s\u00e1bado de 10 a 20 horas, ofreciendo una mirada profunda de las personalidades que definen la cultura argentina a trav\u00e9s del lente de un fot\u00f3grafo que ha documentado algunos de los momentos m\u00e1s ic\u00f3nicos del pa\u00eds.<\/p>\n<div class=\"second-saved-buttons\">\n<div class=\"body-share-note\"><\/div>\n<\/div>\n","protected":false},"excerpt":{"rendered":"<p>La viuda del \u00eddolo visit\u00f3 la muestra del fot\u00f3grafo Maximiliano Vernazza. All\u00ed recibi\u00f3 el retrato del cantante y cont\u00f3 d\u00f3nde lo va a poner en la mansi\u00f3n de Banfield A\u00a0Olga Garaventa, la emoci\u00f3n le brotaba por los poros. Esta semana, de visita en la muestra fotogr\u00e1fica\u00a0\u201cArgentinos 1995-2025\u201d,\u00a0el reconocido fot\u00f3grafo\u00a0Maximiliano Vernazza\u00a0le regal\u00f3 un cuadro con una [&hellip;]<\/p>\n","protected":false},"author":1,"featured_media":1707,"comment_status":"open","ping_status":"open","sticky":false,"template":"","format":"standard","meta":{"rop_custom_images_group":[],"rop_custom_messages_group":[],"rop_publish_now":"initial","rop_publish_now_accounts":[],"rop_publish_now_history":[],"rop_publish_now_status":"pending","footnotes":"","jetpack_publicize_message":"","jetpack_publicize_feature_enabled":true,"jetpack_social_post_already_shared":true,"jetpack_social_options":{"image_generator_settings":{"template":"highway","enabled":false},"version":2}},"categories":[12],"tags":[],"class_list":{"0":"post-1704","1":"post","2":"type-post","3":"status-publish","4":"format-standard","5":"has-post-thumbnail","7":"category-espectaculos"},"jetpack_publicize_connections":[],"yoast_head":"<!-- This site is optimized with the Yoast SEO plugin v27.3 - https:\/\/yoast.com\/product\/yoast-seo-wordpress\/ -->\n<title>La emoci\u00f3n de Olga Garaventa al recibir un cuadro con una ic\u00f3nica fotograf\u00eda de Sandro: \u201cMe encanta\u201d - CLAN ESPECTACULOS<\/title>\n<meta name=\"robots\" content=\"index, follow, max-snippet:-1, max-image-preview:large, max-video-preview:-1\" \/>\n<link rel=\"canonical\" href=\"https:\/\/radioclanfm.com\/clanespectaculos\/la-emocion-de-olga-garaventa-al-recibir-un-cuadro-con-una-iconica-fotografia-de-sandro-me-encanta\/\" \/>\n<meta property=\"og:locale\" content=\"es_ES\" \/>\n<meta property=\"og:type\" content=\"article\" \/>\n<meta property=\"og:title\" content=\"La emoci\u00f3n de Olga Garaventa al recibir un cuadro con una ic\u00f3nica fotograf\u00eda de Sandro: \u201cMe encanta\u201d - CLAN ESPECTACULOS\" \/>\n<meta property=\"og:description\" content=\"La viuda del \u00eddolo visit\u00f3 la muestra del fot\u00f3grafo Maximiliano Vernazza. All\u00ed recibi\u00f3 el retrato del cantante y cont\u00f3 d\u00f3nde lo va a poner en la mansi\u00f3n de Banfield A\u00a0Olga Garaventa, la emoci\u00f3n le brotaba por los poros. Esta semana, de visita en la muestra fotogr\u00e1fica\u00a0\u201cArgentinos 1995-2025\u201d,\u00a0el reconocido fot\u00f3grafo\u00a0Maximiliano Vernazza\u00a0le regal\u00f3 un cuadro con una [&hellip;]\" \/>\n<meta property=\"og:url\" content=\"https:\/\/radioclanfm.com\/clanespectaculos\/la-emocion-de-olga-garaventa-al-recibir-un-cuadro-con-una-iconica-fotografia-de-sandro-me-encanta\/\" \/>\n<meta property=\"og:site_name\" content=\"CLAN ESPECTACULOS\" \/>\n<meta property=\"article:publisher\" content=\"https:\/\/www.facebook.com\/clanespectaculos\/\" \/>\n<meta property=\"article:published_time\" content=\"2025-06-12T10:03:42+00:00\" \/>\n<meta property=\"og:image\" content=\"https:\/\/radioclanfm.com\/clanespectaculos\/wp-content\/uploads\/sites\/2\/2025\/06\/keC6WCrG.jpg\" \/>\n\t<meta property=\"og:image:width\" content=\"900\" \/>\n\t<meta property=\"og:image:height\" content=\"450\" \/>\n\t<meta property=\"og:image:type\" content=\"image\/jpeg\" \/>\n<meta name=\"author\" content=\"E-GRUPOCLAN\" \/>\n<meta name=\"twitter:card\" content=\"summary_large_image\" \/>\n<meta name=\"twitter:creator\" content=\"@clanespectok\" \/>\n<meta name=\"twitter:site\" content=\"@clanespectok\" \/>\n<meta name=\"twitter:label1\" content=\"Escrito por\" \/>\n\t<meta name=\"twitter:data1\" content=\"E-GRUPOCLAN\" \/>\n\t<meta name=\"twitter:label2\" content=\"Tiempo de lectura\" \/>\n\t<meta name=\"twitter:data2\" content=\"5 minutos\" \/>\n<script type=\"application\/ld+json\" class=\"yoast-schema-graph\">{\"@context\":\"https:\\\/\\\/schema.org\",\"@graph\":[{\"@type\":\"Article\",\"@id\":\"https:\\\/\\\/radioclanfm.com\\\/clanespectaculos\\\/la-emocion-de-olga-garaventa-al-recibir-un-cuadro-con-una-iconica-fotografia-de-sandro-me-encanta\\\/#article\",\"isPartOf\":{\"@id\":\"https:\\\/\\\/radioclanfm.com\\\/clanespectaculos\\\/la-emocion-de-olga-garaventa-al-recibir-un-cuadro-con-una-iconica-fotografia-de-sandro-me-encanta\\\/\"},\"author\":{\"name\":\"E-GRUPOCLAN\",\"@id\":\"https:\\\/\\\/radioclanfm.com\\\/clanespectaculos\\\/#\\\/schema\\\/person\\\/9734813083303230f3ad84d99171b20c\"},\"headline\":\"La emoci\u00f3n de Olga Garaventa al recibir un cuadro con una ic\u00f3nica fotograf\u00eda de Sandro: \u201cMe encanta\u201d\",\"datePublished\":\"2025-06-12T10:03:42+00:00\",\"mainEntityOfPage\":{\"@id\":\"https:\\\/\\\/radioclanfm.com\\\/clanespectaculos\\\/la-emocion-de-olga-garaventa-al-recibir-un-cuadro-con-una-iconica-fotografia-de-sandro-me-encanta\\\/\"},\"wordCount\":1089,\"commentCount\":0,\"publisher\":{\"@id\":\"https:\\\/\\\/radioclanfm.com\\\/clanespectaculos\\\/#organization\"},\"image\":{\"@id\":\"https:\\\/\\\/radioclanfm.com\\\/clanespectaculos\\\/la-emocion-de-olga-garaventa-al-recibir-un-cuadro-con-una-iconica-fotografia-de-sandro-me-encanta\\\/#primaryimage\"},\"thumbnailUrl\":\"https:\\\/\\\/radioclanfm.com\\\/clanespectaculos\\\/wp-content\\\/uploads\\\/sites\\\/2\\\/2025\\\/06\\\/keC6WCrG.jpg\",\"articleSection\":[\"Espectaculos\"],\"inLanguage\":\"es-AR\",\"potentialAction\":[{\"@type\":\"CommentAction\",\"name\":\"Comment\",\"target\":[\"https:\\\/\\\/radioclanfm.com\\\/clanespectaculos\\\/la-emocion-de-olga-garaventa-al-recibir-un-cuadro-con-una-iconica-fotografia-de-sandro-me-encanta\\\/#respond\"]}]},{\"@type\":\"WebPage\",\"@id\":\"https:\\\/\\\/radioclanfm.com\\\/clanespectaculos\\\/la-emocion-de-olga-garaventa-al-recibir-un-cuadro-con-una-iconica-fotografia-de-sandro-me-encanta\\\/\",\"url\":\"https:\\\/\\\/radioclanfm.com\\\/clanespectaculos\\\/la-emocion-de-olga-garaventa-al-recibir-un-cuadro-con-una-iconica-fotografia-de-sandro-me-encanta\\\/\",\"name\":\"La emoci\u00f3n de Olga Garaventa al recibir un cuadro con una ic\u00f3nica fotograf\u00eda de Sandro: \u201cMe encanta\u201d - CLAN ESPECTACULOS\",\"isPartOf\":{\"@id\":\"https:\\\/\\\/radioclanfm.com\\\/clanespectaculos\\\/#website\"},\"primaryImageOfPage\":{\"@id\":\"https:\\\/\\\/radioclanfm.com\\\/clanespectaculos\\\/la-emocion-de-olga-garaventa-al-recibir-un-cuadro-con-una-iconica-fotografia-de-sandro-me-encanta\\\/#primaryimage\"},\"image\":{\"@id\":\"https:\\\/\\\/radioclanfm.com\\\/clanespectaculos\\\/la-emocion-de-olga-garaventa-al-recibir-un-cuadro-con-una-iconica-fotografia-de-sandro-me-encanta\\\/#primaryimage\"},\"thumbnailUrl\":\"https:\\\/\\\/radioclanfm.com\\\/clanespectaculos\\\/wp-content\\\/uploads\\\/sites\\\/2\\\/2025\\\/06\\\/keC6WCrG.jpg\",\"datePublished\":\"2025-06-12T10:03:42+00:00\",\"breadcrumb\":{\"@id\":\"https:\\\/\\\/radioclanfm.com\\\/clanespectaculos\\\/la-emocion-de-olga-garaventa-al-recibir-un-cuadro-con-una-iconica-fotografia-de-sandro-me-encanta\\\/#breadcrumb\"},\"inLanguage\":\"es-AR\",\"potentialAction\":[{\"@type\":\"ReadAction\",\"target\":[\"https:\\\/\\\/radioclanfm.com\\\/clanespectaculos\\\/la-emocion-de-olga-garaventa-al-recibir-un-cuadro-con-una-iconica-fotografia-de-sandro-me-encanta\\\/\"]}]},{\"@type\":\"ImageObject\",\"inLanguage\":\"es-AR\",\"@id\":\"https:\\\/\\\/radioclanfm.com\\\/clanespectaculos\\\/la-emocion-de-olga-garaventa-al-recibir-un-cuadro-con-una-iconica-fotografia-de-sandro-me-encanta\\\/#primaryimage\",\"url\":\"https:\\\/\\\/radioclanfm.com\\\/clanespectaculos\\\/wp-content\\\/uploads\\\/sites\\\/2\\\/2025\\\/06\\\/keC6WCrG.jpg\",\"contentUrl\":\"https:\\\/\\\/radioclanfm.com\\\/clanespectaculos\\\/wp-content\\\/uploads\\\/sites\\\/2\\\/2025\\\/06\\\/keC6WCrG.jpg\",\"width\":900,\"height\":450},{\"@type\":\"BreadcrumbList\",\"@id\":\"https:\\\/\\\/radioclanfm.com\\\/clanespectaculos\\\/la-emocion-de-olga-garaventa-al-recibir-un-cuadro-con-una-iconica-fotografia-de-sandro-me-encanta\\\/#breadcrumb\",\"itemListElement\":[{\"@type\":\"ListItem\",\"position\":1,\"name\":\"Inicio\",\"item\":\"https:\\\/\\\/radioclanfm.com\\\/clanespectaculos\\\/\"},{\"@type\":\"ListItem\",\"position\":2,\"name\":\"La emoci\u00f3n de Olga Garaventa al recibir un cuadro con una ic\u00f3nica fotograf\u00eda de Sandro: \u201cMe encanta\u201d\"}]},{\"@type\":\"WebSite\",\"@id\":\"https:\\\/\\\/radioclanfm.com\\\/clanespectaculos\\\/#website\",\"url\":\"https:\\\/\\\/radioclanfm.com\\\/clanespectaculos\\\/\",\"name\":\"CLAN ESPECTACULOS\",\"description\":\"\",\"publisher\":{\"@id\":\"https:\\\/\\\/radioclanfm.com\\\/clanespectaculos\\\/#organization\"},\"potentialAction\":[{\"@type\":\"SearchAction\",\"target\":{\"@type\":\"EntryPoint\",\"urlTemplate\":\"https:\\\/\\\/radioclanfm.com\\\/clanespectaculos\\\/?s={search_term_string}\"},\"query-input\":{\"@type\":\"PropertyValueSpecification\",\"valueRequired\":true,\"valueName\":\"search_term_string\"}}],\"inLanguage\":\"es-AR\"},{\"@type\":\"Organization\",\"@id\":\"https:\\\/\\\/radioclanfm.com\\\/clanespectaculos\\\/#organization\",\"name\":\"CLAN ESPECTACULOS\",\"url\":\"https:\\\/\\\/radioclanfm.com\\\/clanespectaculos\\\/\",\"logo\":{\"@type\":\"ImageObject\",\"inLanguage\":\"es-AR\",\"@id\":\"https:\\\/\\\/radioclanfm.com\\\/clanespectaculos\\\/#\\\/schema\\\/logo\\\/image\\\/\",\"url\":\"https:\\\/\\\/radioclanfm.com\\\/clanespectaculos\\\/wp-content\\\/uploads\\\/sites\\\/2\\\/2026\\\/04\\\/ChatGPT-Image-23-mar-2026-10_09_00.png\",\"contentUrl\":\"https:\\\/\\\/radioclanfm.com\\\/clanespectaculos\\\/wp-content\\\/uploads\\\/sites\\\/2\\\/2026\\\/04\\\/ChatGPT-Image-23-mar-2026-10_09_00.png\",\"width\":1024,\"height\":1024,\"caption\":\"CLAN ESPECTACULOS\"},\"image\":{\"@id\":\"https:\\\/\\\/radioclanfm.com\\\/clanespectaculos\\\/#\\\/schema\\\/logo\\\/image\\\/\"},\"sameAs\":[\"https:\\\/\\\/www.facebook.com\\\/clanespectaculos\\\/\",\"https:\\\/\\\/x.com\\\/clanespectok\"]},{\"@type\":\"Person\",\"@id\":\"https:\\\/\\\/radioclanfm.com\\\/clanespectaculos\\\/#\\\/schema\\\/person\\\/9734813083303230f3ad84d99171b20c\",\"name\":\"E-GRUPOCLAN\",\"image\":{\"@type\":\"ImageObject\",\"inLanguage\":\"es-AR\",\"@id\":\"https:\\\/\\\/secure.gravatar.com\\\/avatar\\\/af6e19837c3d6a212034a48c7b3818d2ac1826f6025df0155da5a186ad321d79?s=96&d=mm&r=g\",\"url\":\"https:\\\/\\\/secure.gravatar.com\\\/avatar\\\/af6e19837c3d6a212034a48c7b3818d2ac1826f6025df0155da5a186ad321d79?s=96&d=mm&r=g\",\"contentUrl\":\"https:\\\/\\\/secure.gravatar.com\\\/avatar\\\/af6e19837c3d6a212034a48c7b3818d2ac1826f6025df0155da5a186ad321d79?s=96&d=mm&r=g\",\"caption\":\"E-GRUPOCLAN\"},\"sameAs\":[\"https:\\\/\\\/radioclanfm.com\"],\"url\":\"https:\\\/\\\/radioclanfm.com\\\/clanespectaculos\\\/author\\\/admin\\\/\"}]}<\/script>\n<!-- \/ Yoast SEO plugin. -->","yoast_head_json":{"title":"La emoci\u00f3n de Olga Garaventa al recibir un cuadro con una ic\u00f3nica fotograf\u00eda de Sandro: \u201cMe encanta\u201d - CLAN ESPECTACULOS","robots":{"index":"index","follow":"follow","max-snippet":"max-snippet:-1","max-image-preview":"max-image-preview:large","max-video-preview":"max-video-preview:-1"},"canonical":"https:\/\/radioclanfm.com\/clanespectaculos\/la-emocion-de-olga-garaventa-al-recibir-un-cuadro-con-una-iconica-fotografia-de-sandro-me-encanta\/","og_locale":"es_ES","og_type":"article","og_title":"La emoci\u00f3n de Olga Garaventa al recibir un cuadro con una ic\u00f3nica fotograf\u00eda de Sandro: \u201cMe encanta\u201d - CLAN ESPECTACULOS","og_description":"La viuda del \u00eddolo visit\u00f3 la muestra del fot\u00f3grafo Maximiliano Vernazza. All\u00ed recibi\u00f3 el retrato del cantante y cont\u00f3 d\u00f3nde lo va a poner en la mansi\u00f3n de Banfield A\u00a0Olga Garaventa, la emoci\u00f3n le brotaba por los poros. Esta semana, de visita en la muestra fotogr\u00e1fica\u00a0\u201cArgentinos 1995-2025\u201d,\u00a0el reconocido fot\u00f3grafo\u00a0Maximiliano Vernazza\u00a0le regal\u00f3 un cuadro con una [&hellip;]","og_url":"https:\/\/radioclanfm.com\/clanespectaculos\/la-emocion-de-olga-garaventa-al-recibir-un-cuadro-con-una-iconica-fotografia-de-sandro-me-encanta\/","og_site_name":"CLAN ESPECTACULOS","article_publisher":"https:\/\/www.facebook.com\/clanespectaculos\/","article_published_time":"2025-06-12T10:03:42+00:00","og_image":[{"width":900,"height":450,"url":"https:\/\/radioclanfm.com\/clanespectaculos\/wp-content\/uploads\/sites\/2\/2025\/06\/keC6WCrG.jpg","type":"image\/jpeg"}],"author":"E-GRUPOCLAN","twitter_card":"summary_large_image","twitter_creator":"@clanespectok","twitter_site":"@clanespectok","twitter_misc":{"Escrito por":"E-GRUPOCLAN","Tiempo de lectura":"5 minutos"},"schema":{"@context":"https:\/\/schema.org","@graph":[{"@type":"Article","@id":"https:\/\/radioclanfm.com\/clanespectaculos\/la-emocion-de-olga-garaventa-al-recibir-un-cuadro-con-una-iconica-fotografia-de-sandro-me-encanta\/#article","isPartOf":{"@id":"https:\/\/radioclanfm.com\/clanespectaculos\/la-emocion-de-olga-garaventa-al-recibir-un-cuadro-con-una-iconica-fotografia-de-sandro-me-encanta\/"},"author":{"name":"E-GRUPOCLAN","@id":"https:\/\/radioclanfm.com\/clanespectaculos\/#\/schema\/person\/9734813083303230f3ad84d99171b20c"},"headline":"La emoci\u00f3n de Olga Garaventa al recibir un cuadro con una ic\u00f3nica fotograf\u00eda de Sandro: \u201cMe encanta\u201d","datePublished":"2025-06-12T10:03:42+00:00","mainEntityOfPage":{"@id":"https:\/\/radioclanfm.com\/clanespectaculos\/la-emocion-de-olga-garaventa-al-recibir-un-cuadro-con-una-iconica-fotografia-de-sandro-me-encanta\/"},"wordCount":1089,"commentCount":0,"publisher":{"@id":"https:\/\/radioclanfm.com\/clanespectaculos\/#organization"},"image":{"@id":"https:\/\/radioclanfm.com\/clanespectaculos\/la-emocion-de-olga-garaventa-al-recibir-un-cuadro-con-una-iconica-fotografia-de-sandro-me-encanta\/#primaryimage"},"thumbnailUrl":"https:\/\/radioclanfm.com\/clanespectaculos\/wp-content\/uploads\/sites\/2\/2025\/06\/keC6WCrG.jpg","articleSection":["Espectaculos"],"inLanguage":"es-AR","potentialAction":[{"@type":"CommentAction","name":"Comment","target":["https:\/\/radioclanfm.com\/clanespectaculos\/la-emocion-de-olga-garaventa-al-recibir-un-cuadro-con-una-iconica-fotografia-de-sandro-me-encanta\/#respond"]}]},{"@type":"WebPage","@id":"https:\/\/radioclanfm.com\/clanespectaculos\/la-emocion-de-olga-garaventa-al-recibir-un-cuadro-con-una-iconica-fotografia-de-sandro-me-encanta\/","url":"https:\/\/radioclanfm.com\/clanespectaculos\/la-emocion-de-olga-garaventa-al-recibir-un-cuadro-con-una-iconica-fotografia-de-sandro-me-encanta\/","name":"La emoci\u00f3n de Olga Garaventa al recibir un cuadro con una ic\u00f3nica fotograf\u00eda de Sandro: \u201cMe encanta\u201d - CLAN ESPECTACULOS","isPartOf":{"@id":"https:\/\/radioclanfm.com\/clanespectaculos\/#website"},"primaryImageOfPage":{"@id":"https:\/\/radioclanfm.com\/clanespectaculos\/la-emocion-de-olga-garaventa-al-recibir-un-cuadro-con-una-iconica-fotografia-de-sandro-me-encanta\/#primaryimage"},"image":{"@id":"https:\/\/radioclanfm.com\/clanespectaculos\/la-emocion-de-olga-garaventa-al-recibir-un-cuadro-con-una-iconica-fotografia-de-sandro-me-encanta\/#primaryimage"},"thumbnailUrl":"https:\/\/radioclanfm.com\/clanespectaculos\/wp-content\/uploads\/sites\/2\/2025\/06\/keC6WCrG.jpg","datePublished":"2025-06-12T10:03:42+00:00","breadcrumb":{"@id":"https:\/\/radioclanfm.com\/clanespectaculos\/la-emocion-de-olga-garaventa-al-recibir-un-cuadro-con-una-iconica-fotografia-de-sandro-me-encanta\/#breadcrumb"},"inLanguage":"es-AR","potentialAction":[{"@type":"ReadAction","target":["https:\/\/radioclanfm.com\/clanespectaculos\/la-emocion-de-olga-garaventa-al-recibir-un-cuadro-con-una-iconica-fotografia-de-sandro-me-encanta\/"]}]},{"@type":"ImageObject","inLanguage":"es-AR","@id":"https:\/\/radioclanfm.com\/clanespectaculos\/la-emocion-de-olga-garaventa-al-recibir-un-cuadro-con-una-iconica-fotografia-de-sandro-me-encanta\/#primaryimage","url":"https:\/\/radioclanfm.com\/clanespectaculos\/wp-content\/uploads\/sites\/2\/2025\/06\/keC6WCrG.jpg","contentUrl":"https:\/\/radioclanfm.com\/clanespectaculos\/wp-content\/uploads\/sites\/2\/2025\/06\/keC6WCrG.jpg","width":900,"height":450},{"@type":"BreadcrumbList","@id":"https:\/\/radioclanfm.com\/clanespectaculos\/la-emocion-de-olga-garaventa-al-recibir-un-cuadro-con-una-iconica-fotografia-de-sandro-me-encanta\/#breadcrumb","itemListElement":[{"@type":"ListItem","position":1,"name":"Inicio","item":"https:\/\/radioclanfm.com\/clanespectaculos\/"},{"@type":"ListItem","position":2,"name":"La emoci\u00f3n de Olga Garaventa al recibir un cuadro con una ic\u00f3nica fotograf\u00eda de Sandro: \u201cMe encanta\u201d"}]},{"@type":"WebSite","@id":"https:\/\/radioclanfm.com\/clanespectaculos\/#website","url":"https:\/\/radioclanfm.com\/clanespectaculos\/","name":"CLAN ESPECTACULOS","description":"","publisher":{"@id":"https:\/\/radioclanfm.com\/clanespectaculos\/#organization"},"potentialAction":[{"@type":"SearchAction","target":{"@type":"EntryPoint","urlTemplate":"https:\/\/radioclanfm.com\/clanespectaculos\/?s={search_term_string}"},"query-input":{"@type":"PropertyValueSpecification","valueRequired":true,"valueName":"search_term_string"}}],"inLanguage":"es-AR"},{"@type":"Organization","@id":"https:\/\/radioclanfm.com\/clanespectaculos\/#organization","name":"CLAN ESPECTACULOS","url":"https:\/\/radioclanfm.com\/clanespectaculos\/","logo":{"@type":"ImageObject","inLanguage":"es-AR","@id":"https:\/\/radioclanfm.com\/clanespectaculos\/#\/schema\/logo\/image\/","url":"https:\/\/radioclanfm.com\/clanespectaculos\/wp-content\/uploads\/sites\/2\/2026\/04\/ChatGPT-Image-23-mar-2026-10_09_00.png","contentUrl":"https:\/\/radioclanfm.com\/clanespectaculos\/wp-content\/uploads\/sites\/2\/2026\/04\/ChatGPT-Image-23-mar-2026-10_09_00.png","width":1024,"height":1024,"caption":"CLAN ESPECTACULOS"},"image":{"@id":"https:\/\/radioclanfm.com\/clanespectaculos\/#\/schema\/logo\/image\/"},"sameAs":["https:\/\/www.facebook.com\/clanespectaculos\/","https:\/\/x.com\/clanespectok"]},{"@type":"Person","@id":"https:\/\/radioclanfm.com\/clanespectaculos\/#\/schema\/person\/9734813083303230f3ad84d99171b20c","name":"E-GRUPOCLAN","image":{"@type":"ImageObject","inLanguage":"es-AR","@id":"https:\/\/secure.gravatar.com\/avatar\/af6e19837c3d6a212034a48c7b3818d2ac1826f6025df0155da5a186ad321d79?s=96&d=mm&r=g","url":"https:\/\/secure.gravatar.com\/avatar\/af6e19837c3d6a212034a48c7b3818d2ac1826f6025df0155da5a186ad321d79?s=96&d=mm&r=g","contentUrl":"https:\/\/secure.gravatar.com\/avatar\/af6e19837c3d6a212034a48c7b3818d2ac1826f6025df0155da5a186ad321d79?s=96&d=mm&r=g","caption":"E-GRUPOCLAN"},"sameAs":["https:\/\/radioclanfm.com"],"url":"https:\/\/radioclanfm.com\/clanespectaculos\/author\/admin\/"}]}},"_links":{"self":[{"href":"https:\/\/radioclanfm.com\/clanespectaculos\/wp-json\/wp\/v2\/posts\/1704","targetHints":{"allow":["GET"]}}],"collection":[{"href":"https:\/\/radioclanfm.com\/clanespectaculos\/wp-json\/wp\/v2\/posts"}],"about":[{"href":"https:\/\/radioclanfm.com\/clanespectaculos\/wp-json\/wp\/v2\/types\/post"}],"author":[{"embeddable":true,"href":"https:\/\/radioclanfm.com\/clanespectaculos\/wp-json\/wp\/v2\/users\/1"}],"replies":[{"embeddable":true,"href":"https:\/\/radioclanfm.com\/clanespectaculos\/wp-json\/wp\/v2\/comments?post=1704"}],"version-history":[{"count":1,"href":"https:\/\/radioclanfm.com\/clanespectaculos\/wp-json\/wp\/v2\/posts\/1704\/revisions"}],"predecessor-version":[{"id":1708,"href":"https:\/\/radioclanfm.com\/clanespectaculos\/wp-json\/wp\/v2\/posts\/1704\/revisions\/1708"}],"wp:featuredmedia":[{"embeddable":true,"href":"https:\/\/radioclanfm.com\/clanespectaculos\/wp-json\/wp\/v2\/media\/1707"}],"wp:attachment":[{"href":"https:\/\/radioclanfm.com\/clanespectaculos\/wp-json\/wp\/v2\/media?parent=1704"}],"wp:term":[{"taxonomy":"category","embeddable":true,"href":"https:\/\/radioclanfm.com\/clanespectaculos\/wp-json\/wp\/v2\/categories?post=1704"},{"taxonomy":"post_tag","embeddable":true,"href":"https:\/\/radioclanfm.com\/clanespectaculos\/wp-json\/wp\/v2\/tags?post=1704"}],"curies":[{"name":"wp","href":"https:\/\/api.w.org\/{rel}","templated":true}]}}