{"id":1654,"date":"2025-06-11T20:12:45","date_gmt":"2025-06-11T23:12:45","guid":{"rendered":"https:\/\/radioclanfm.com\/clanespectaculos\/?p=1654"},"modified":"2025-06-11T20:12:45","modified_gmt":"2025-06-11T23:12:45","slug":"las-primeras-vacaciones-de-kun-aguero-y-sofia-calzetti-con-su-hija-olivia-en-disney-lluvia-y-personajes-de-ensueno","status":"publish","type":"post","link":"https:\/\/radioclanfm.com\/clanespectaculos\/las-primeras-vacaciones-de-kun-aguero-y-sofia-calzetti-con-su-hija-olivia-en-disney-lluvia-y-personajes-de-ensueno\/","title":{"rendered":"Las primeras vacaciones de Kun Ag\u00fcero y Sof\u00eda Calzetti con su hija Olivia en Disney: lluvia y personajes de ensue\u00f1o"},"content":{"rendered":"<p class=\"paragraph\" data-mrf-recirculation=\"Links inline\">Luego de su\u00a0viaje en solitario por la ciudad de Nueva York,\u00a0<b>Sof\u00eda Calzetti<\/b><b>\u00a0<\/b>y su hija\u00a0<b>Olivia\u00a0<\/b>se reunieron con\u00a0<b>Sergio Kun Ag\u00fcero<\/b><b>\u00a0<\/b>en la ciudad de Orlando para disfrutar a pleno de los parques de Disney junto a la peque\u00f1a de nueve meses. Las redes sociales de Sof\u00eda se convirtieron en un minuto a minuto de estas vacaciones familiares, generando ternura con las reacciones de su hija al ver a los personajes que recorren el parque.<\/p>\n<div class=\"news-module\" data-mrf-recirculation=\"IL_Ct0zZTd2RqSjHGMXsLzz7w\" data-testid=\"text-html\" data-mrf-experience=\"IL_Ct0zZTd2RqSjHGMXsLzz7w\">\n<div class=\"recommended-card__image-container\"><\/div>\n<\/div>\n<p class=\"paragraph\" data-mrf-recirculation=\"Links inline\">Una ni\u00f1a de ojos grandes y asombro intacto mira fijamente a\u00a0<i>Donald<\/i>, vestido de chef. \u00c9l le extiende una mano blanca y acolchada, como pidi\u00e9ndole permiso para entrar en su peque\u00f1o universo. Olivia, la hija de Ag\u00fcero, luce un enterito rosado de tela abullonada, como si estuviera envuelta en nubes. Detr\u00e1s, las mesas ocupadas por familias felices en un amplio sal\u00f3n apenas existen. Solo importa ese instante: una criatura maravillada ante otra.<\/p>\n<div class=\"inline ad-wrapper\">\n<div class=\"dfpAd ad-inline\">\n<div id=\"infobae\/teleshow\/nota\/inline\" class=\"infobae\/teleshow\/nota\/inline arcad\" data-google-query-id=\"CI-q6_u-6o0DFTVMuAQdBYwtsQ\">\n<div id=\"google_ads_iframe_\/1058609\/infobae\/teleshow\/nota\/inline_0__container__\"><\/div>\n<\/div>\n<\/div>\n<\/div>\n<p class=\"paragraph\" data-mrf-recirculation=\"Links inline\">Minutos despu\u00e9s, el propio Kun carga a Olivia. Ya no hay sorpresa, sino conexi\u00f3n. La ni\u00f1a alza una manito diminuta y roza el pico de Donald, ese pico que generaciones enteras reconocen como s\u00edmbolo de infancia. Ag\u00fcero sonr\u00ede, relajado. Lleva camiseta blanca y gorra negra. Tiene barba recortada, y los ojos fijos en su hija. No se ve el parque, no hay castillo ni princesas. Solo la pared azul del fondo y la luz artificial: un escenario donde la ternura eclipsa todo.<\/p>\n<div class=\"news-module\" data-mrf-recirculation=\"IL_RjJ8XQ94SCCdND4VX9YvyQ\" data-testid=\"text-html\" data-mrf-experience=\"IL_RjJ8XQ94SCCdND4VX9YvyQ\">\n<div class=\"recommended-card__image-container\"><\/div>\n<\/div>\n<p class=\"paragraph\" data-mrf-recirculation=\"Links inline\">Pero fuera, el mundo de Disney brilla con exceso. Una estructura victoriana, festiva, se ve atravesada por globos de helio. Hay globos con<i>\u00a0Minnie Mouse<\/i>, con orejas rojas y lunares blancos; otros de\u00a0<i>Mickey<\/i>, de princesas, de colores pasteles que flotan en burbujas pl\u00e1sticas. Es una constelaci\u00f3n suspendida. Abajo, las cintas rojas y negras anuncian que aqu\u00ed no se envejece. Que todo es juego.<\/p>\n<div class=\"visual__image\"><picture><source srcset=\"https:\/\/www.infobae.com\/resizer\/v2\/KCYTVEL7T5EXNAO6LLIPRZRBOY.jpg?auth=9dde62d2bf1f2759b8a9bb45022b3e3bcf2a2d621f5b3700b29a4820846b7c72&amp;smart=true&amp;width=992&amp;height=1764&amp;quality=85\" media=\"(min-width: 1000px)\" \/><source srcset=\"https:\/\/www.infobae.com\/resizer\/v2\/KCYTVEL7T5EXNAO6LLIPRZRBOY.jpg?auth=9dde62d2bf1f2759b8a9bb45022b3e3bcf2a2d621f5b3700b29a4820846b7c72&amp;smart=true&amp;width=768&amp;height=1365&amp;quality=85\" media=\"(min-width: 768px)\" \/><source srcset=\"https:\/\/www.infobae.com\/resizer\/v2\/KCYTVEL7T5EXNAO6LLIPRZRBOY.jpg?auth=9dde62d2bf1f2759b8a9bb45022b3e3bcf2a2d621f5b3700b29a4820846b7c72&amp;smart=true&amp;width=577&amp;height=1026&amp;quality=85\" media=\"(min-width: 580px)\" \/><source srcset=\"https:\/\/www.infobae.com\/resizer\/v2\/KCYTVEL7T5EXNAO6LLIPRZRBOY.jpg?auth=9dde62d2bf1f2759b8a9bb45022b3e3bcf2a2d621f5b3700b29a4820846b7c72&amp;smart=true&amp;width=420&amp;height=747&amp;quality=85\" media=\"(min-width: 350px)\" \/><source srcset=\"https:\/\/www.infobae.com\/resizer\/v2\/KCYTVEL7T5EXNAO6LLIPRZRBOY.jpg?auth=9dde62d2bf1f2759b8a9bb45022b3e3bcf2a2d621f5b3700b29a4820846b7c72&amp;smart=true&amp;width=350&amp;height=622&amp;quality=85\" media=\"(min-width: 80px)\" \/><img loading=\"lazy\" decoding=\"async\" class=\"global-image\" src=\"https:\/\/www.infobae.com\/resizer\/v2\/KCYTVEL7T5EXNAO6LLIPRZRBOY.jpg?auth=9dde62d2bf1f2759b8a9bb45022b3e3bcf2a2d621f5b3700b29a4820846b7c72&amp;smart=true&amp;width=350&amp;height=622&amp;quality=85\" alt=\"Sergio y Olivia a pura\" width=\"1320\" height=\"2346\" \/><\/picture>Sergio y Olivia a pura sonrisa en Disney<\/div>\n<div class=\"visual__image\"><picture><source srcset=\"https:\/\/www.infobae.com\/resizer\/v2\/QEI3CV4TUFFTJAH236NS33N5T4.jpg?auth=3bb4e2d9bc1c8ea7908db81c6a20fd347dffb5036e920d25ed4a657111891749&amp;smart=true&amp;width=992&amp;height=1764&amp;quality=85\" media=\"(min-width: 1000px)\" \/><source srcset=\"https:\/\/www.infobae.com\/resizer\/v2\/QEI3CV4TUFFTJAH236NS33N5T4.jpg?auth=3bb4e2d9bc1c8ea7908db81c6a20fd347dffb5036e920d25ed4a657111891749&amp;smart=true&amp;width=768&amp;height=1365&amp;quality=85\" media=\"(min-width: 768px)\" \/><source srcset=\"https:\/\/www.infobae.com\/resizer\/v2\/QEI3CV4TUFFTJAH236NS33N5T4.jpg?auth=3bb4e2d9bc1c8ea7908db81c6a20fd347dffb5036e920d25ed4a657111891749&amp;smart=true&amp;width=577&amp;height=1026&amp;quality=85\" media=\"(min-width: 580px)\" \/><source srcset=\"https:\/\/www.infobae.com\/resizer\/v2\/QEI3CV4TUFFTJAH236NS33N5T4.jpg?auth=3bb4e2d9bc1c8ea7908db81c6a20fd347dffb5036e920d25ed4a657111891749&amp;smart=true&amp;width=420&amp;height=747&amp;quality=85\" media=\"(min-width: 350px)\" \/><source srcset=\"https:\/\/www.infobae.com\/resizer\/v2\/QEI3CV4TUFFTJAH236NS33N5T4.jpg?auth=3bb4e2d9bc1c8ea7908db81c6a20fd347dffb5036e920d25ed4a657111891749&amp;smart=true&amp;width=350&amp;height=622&amp;quality=85\" media=\"(min-width: 80px)\" \/><img loading=\"lazy\" decoding=\"async\" class=\"global-image\" src=\"https:\/\/www.infobae.com\/resizer\/v2\/QEI3CV4TUFFTJAH236NS33N5T4.jpg?auth=3bb4e2d9bc1c8ea7908db81c6a20fd347dffb5036e920d25ed4a657111891749&amp;smart=true&amp;width=350&amp;height=622&amp;quality=85\" alt=\"Sof\u00eca y la peque\u00f1a posaron\" width=\"1320\" height=\"2346\" \/><\/picture>Sof\u00eca y la peque\u00f1a posaron junto a Winnie The Pooh<\/div>\n<div class=\"inline_2_DSK ad-wrapper ad-desktop\">\n<div class=\"dfpAd ad-inline\">\n<div id=\"infobae\/teleshow\/nota\/inline_2_DSK\" class=\"infobae\/teleshow\/nota\/inline_2_DSK arcad\" data-google-query-id=\"CILRg4e_6o0DFedNuAQd4gUhwQ\">\n<div id=\"google_ads_iframe_\/1058609\/infobae\/teleshow\/nota\/inline_2_DSK_0__container__\"><\/div>\n<\/div>\n<\/div>\n<\/div>\n<p class=\"paragraph\" data-mrf-recirculation=\"Links inline\">En un rinc\u00f3n del parque, entre follaje espeso y verde, aparece Sof\u00eda. Lleva un vestido blanco sin mangas, gafas oscuras, bolso al hombro con cadena dorada. Sostiene a Olivia, que no cambia de vestuario ni de expresi\u00f3n: su enterito rosa sigue intacto. Frente a ellas,\u00a0<i>Winnie the Pooh<\/i>\u00a0posa sereno. Es un cuadro sereno y simb\u00f3lico: la madre, la hija, el personaje de la infancia eterna.<\/p>\n<div class=\"news-module\" data-mrf-recirculation=\"IL_wPVu_IE4S76a5Gsl0lX8mA\" data-testid=\"text-html\" data-mrf-experience=\"IL_wPVu_IE4S76a5Gsl0lX8mA\">\n<div class=\"recommended-card__image-container\"><\/div>\n<\/div>\n<p class=\"paragraph\" data-mrf-recirculation=\"Links inline\">La tarde avanza y tambi\u00e9n la traves\u00eda. En el interior de una tienda, Sof\u00eda y Olivia comparten otro instante. La ni\u00f1a, con unas orejas de Minnie en la cabeza y golosinas en la mano, es puro asombro. El mo\u00f1o rojo parece a punto de cobrar vida. Sof\u00eda repite su look, casi como un uniforme de ternura. Detr\u00e1s, decenas de orejas m\u00e1s, esperando cabezas infantiles que las adopten.<\/p>\n<p class=\"paragraph\" data-mrf-recirculation=\"Links inline\">Ag\u00fcero tambi\u00e9n la lleva en brazos dentro del local. \u00c9l sigue con su atuendo blanco y gorra negra. Ahora ambos miran a la c\u00e1mara: Olivia sonr\u00ede con dientes a la vista, con una alegr\u00eda limpia que borra cualquier cansancio adulto. Detr\u00e1s, l\u00e1mparas encendidas y cuadros enmarcados aportan una atm\u00f3sfera c\u00e1lida, como si el mundo exterior no importara.<\/p>\n<div class=\"visual__image\"><picture><source srcset=\"https:\/\/www.infobae.com\/resizer\/v2\/GVA2UMSQVFFZPHNMOHTTI6ELV4.jpg?auth=fa70f1c3cb814150e4cf717c3aba1541569e11969166121b9c5aa3943d31a8d6&amp;smart=true&amp;width=992&amp;height=1764&amp;quality=85\" media=\"(min-width: 1000px)\" \/><source srcset=\"https:\/\/www.infobae.com\/resizer\/v2\/GVA2UMSQVFFZPHNMOHTTI6ELV4.jpg?auth=fa70f1c3cb814150e4cf717c3aba1541569e11969166121b9c5aa3943d31a8d6&amp;smart=true&amp;width=768&amp;height=1365&amp;quality=85\" media=\"(min-width: 768px)\" \/><source srcset=\"https:\/\/www.infobae.com\/resizer\/v2\/GVA2UMSQVFFZPHNMOHTTI6ELV4.jpg?auth=fa70f1c3cb814150e4cf717c3aba1541569e11969166121b9c5aa3943d31a8d6&amp;smart=true&amp;width=577&amp;height=1026&amp;quality=85\" media=\"(min-width: 580px)\" \/><source srcset=\"https:\/\/www.infobae.com\/resizer\/v2\/GVA2UMSQVFFZPHNMOHTTI6ELV4.jpg?auth=fa70f1c3cb814150e4cf717c3aba1541569e11969166121b9c5aa3943d31a8d6&amp;smart=true&amp;width=420&amp;height=747&amp;quality=85\" media=\"(min-width: 350px)\" \/><source srcset=\"https:\/\/www.infobae.com\/resizer\/v2\/GVA2UMSQVFFZPHNMOHTTI6ELV4.jpg?auth=fa70f1c3cb814150e4cf717c3aba1541569e11969166121b9c5aa3943d31a8d6&amp;smart=true&amp;width=350&amp;height=622&amp;quality=85\" media=\"(min-width: 80px)\" \/><img loading=\"lazy\" decoding=\"async\" class=\"global-image\" src=\"https:\/\/www.infobae.com\/resizer\/v2\/GVA2UMSQVFFZPHNMOHTTI6ELV4.jpg?auth=fa70f1c3cb814150e4cf717c3aba1541569e11969166121b9c5aa3943d31a8d6&amp;smart=true&amp;width=350&amp;height=622&amp;quality=85\" alt=\"A la peque\u00f1a le compraron\" width=\"1320\" height=\"2346\" \/><\/picture>A la peque\u00f1a le compraron las cl\u00e1sicas orejitas que se venden en el parque<\/div>\n<div class=\"visual__image\"><picture><source srcset=\"https:\/\/www.infobae.com\/resizer\/v2\/7J72C7I6HVFZJJQV6DYDZE6FZI.jpg?auth=8dd005ce99d82fe4ecd411378525f7ecaf86ea3004ea4ed16bccb2519da0f205&amp;smart=true&amp;width=992&amp;height=1764&amp;quality=85\" media=\"(min-width: 1000px)\" \/><source srcset=\"https:\/\/www.infobae.com\/resizer\/v2\/7J72C7I6HVFZJJQV6DYDZE6FZI.jpg?auth=8dd005ce99d82fe4ecd411378525f7ecaf86ea3004ea4ed16bccb2519da0f205&amp;smart=true&amp;width=768&amp;height=1365&amp;quality=85\" media=\"(min-width: 768px)\" \/><source srcset=\"https:\/\/www.infobae.com\/resizer\/v2\/7J72C7I6HVFZJJQV6DYDZE6FZI.jpg?auth=8dd005ce99d82fe4ecd411378525f7ecaf86ea3004ea4ed16bccb2519da0f205&amp;smart=true&amp;width=577&amp;height=1026&amp;quality=85\" media=\"(min-width: 580px)\" \/><source srcset=\"https:\/\/www.infobae.com\/resizer\/v2\/7J72C7I6HVFZJJQV6DYDZE6FZI.jpg?auth=8dd005ce99d82fe4ecd411378525f7ecaf86ea3004ea4ed16bccb2519da0f205&amp;smart=true&amp;width=420&amp;height=747&amp;quality=85\" media=\"(min-width: 350px)\" \/><source srcset=\"https:\/\/www.infobae.com\/resizer\/v2\/7J72C7I6HVFZJJQV6DYDZE6FZI.jpg?auth=8dd005ce99d82fe4ecd411378525f7ecaf86ea3004ea4ed16bccb2519da0f205&amp;smart=true&amp;width=350&amp;height=622&amp;quality=85\" media=\"(min-width: 80px)\" \/><img loading=\"lazy\" decoding=\"async\" class=\"global-image\" src=\"https:\/\/www.infobae.com\/resizer\/v2\/7J72C7I6HVFZJJQV6DYDZE6FZI.jpg?auth=8dd005ce99d82fe4ecd411378525f7ecaf86ea3004ea4ed16bccb2519da0f205&amp;smart=true&amp;width=350&amp;height=622&amp;quality=85\" alt=\"Este es el primer viaje\" width=\"1320\" height=\"2346\" \/><\/picture>Este es el primer viaje familiar a los parques (Foto: Instagram)<\/div>\n<p class=\"paragraph\" data-mrf-recirculation=\"Links inline\">Pero la calle s\u00ed importa. En medio del d\u00eda, el exjugador del Manchester City la sostiene mientras avanzan entre la multitud. Olivia tiene ahora un sombrero celeste con visera. El cielo despejado acompa\u00f1a la escena. Al fondo, el personaje de\u00a0<i>Pluto<\/i>\u00a0se mueve borroso. Es parte de un desfile, parte del encanto. Ella lo mira todo. No se pierde nada.<\/p>\n<p class=\"paragraph\" data-mrf-recirculation=\"Links inline\">Y finalmente, la noche. El cierre. Frente al castillo iluminado en azul intenso, madre e hija se funden en un abrazo. El momento de mayor ternura llega durante el espect\u00e1culo final, que se dio bajo la lluvia: la peque\u00f1a en brazos de su pap\u00e1 miraba los fuegos artificiales y descansaba su cabeza en el pecho de Sergio, su lugar seguro.<\/p>\n<div class=\"second-saved-buttons\">\n<div class=\"body-share-note\"><\/div>\n<\/div>\n","protected":false},"excerpt":{"rendered":"<p>Luego de su\u00a0viaje en solitario por la ciudad de Nueva York,\u00a0Sof\u00eda Calzetti\u00a0y su hija\u00a0Olivia\u00a0se reunieron con\u00a0Sergio Kun Ag\u00fcero\u00a0en la ciudad de Orlando para disfrutar a pleno de los parques de Disney junto a la peque\u00f1a de nueve meses. Las redes sociales de Sof\u00eda se convirtieron en un minuto a minuto de estas vacaciones familiares, generando [&hellip;]<\/p>\n","protected":false},"author":1,"featured_media":1657,"comment_status":"open","ping_status":"open","sticky":false,"template":"","format":"standard","meta":{"rop_custom_images_group":[],"rop_custom_messages_group":[],"rop_publish_now":"initial","rop_publish_now_accounts":[],"rop_publish_now_history":[],"rop_publish_now_status":"pending","footnotes":"","jetpack_publicize_message":"","jetpack_publicize_feature_enabled":true,"jetpack_social_post_already_shared":true,"jetpack_social_options":{"image_generator_settings":{"template":"highway","enabled":false},"version":2}},"categories":[12],"tags":[],"class_list":{"0":"post-1654","1":"post","2":"type-post","3":"status-publish","4":"format-standard","5":"has-post-thumbnail","7":"category-espectaculos"},"jetpack_publicize_connections":[],"yoast_head":"<!-- This site is optimized with the Yoast SEO plugin v27.3 - https:\/\/yoast.com\/product\/yoast-seo-wordpress\/ -->\n<title>Las primeras vacaciones de Kun Ag\u00fcero y Sof\u00eda Calzetti con su hija Olivia en Disney: lluvia y personajes de ensue\u00f1o - CLAN ESPECTACULOS<\/title>\n<meta name=\"robots\" content=\"index, follow, max-snippet:-1, max-image-preview:large, max-video-preview:-1\" \/>\n<link rel=\"canonical\" href=\"https:\/\/radioclanfm.com\/clanespectaculos\/las-primeras-vacaciones-de-kun-aguero-y-sofia-calzetti-con-su-hija-olivia-en-disney-lluvia-y-personajes-de-ensueno\/\" \/>\n<meta property=\"og:locale\" content=\"es_ES\" \/>\n<meta property=\"og:type\" content=\"article\" \/>\n<meta property=\"og:title\" content=\"Las primeras vacaciones de Kun Ag\u00fcero y Sof\u00eda Calzetti con su hija Olivia en Disney: lluvia y personajes de ensue\u00f1o - CLAN ESPECTACULOS\" \/>\n<meta property=\"og:description\" content=\"Luego de su\u00a0viaje en solitario por la ciudad de Nueva York,\u00a0Sof\u00eda Calzetti\u00a0y su hija\u00a0Olivia\u00a0se reunieron con\u00a0Sergio Kun Ag\u00fcero\u00a0en la ciudad de Orlando para disfrutar a pleno de los parques de Disney junto a la peque\u00f1a de nueve meses. Las redes sociales de Sof\u00eda se convirtieron en un minuto a minuto de estas vacaciones familiares, generando [&hellip;]\" \/>\n<meta property=\"og:url\" content=\"https:\/\/radioclanfm.com\/clanespectaculos\/las-primeras-vacaciones-de-kun-aguero-y-sofia-calzetti-con-su-hija-olivia-en-disney-lluvia-y-personajes-de-ensueno\/\" \/>\n<meta property=\"og:site_name\" content=\"CLAN ESPECTACULOS\" \/>\n<meta property=\"article:publisher\" content=\"https:\/\/www.facebook.com\/clanespectaculos\/\" \/>\n<meta property=\"article:published_time\" content=\"2025-06-11T23:12:45+00:00\" \/>\n<meta property=\"og:image\" content=\"https:\/\/radioclanfm.com\/clanespectaculos\/wp-content\/uploads\/sites\/2\/2025\/06\/UBfX823i.jpg\" \/>\n\t<meta property=\"og:image:width\" content=\"900\" \/>\n\t<meta property=\"og:image:height\" content=\"450\" \/>\n\t<meta property=\"og:image:type\" content=\"image\/jpeg\" \/>\n<meta name=\"author\" content=\"E-GRUPOCLAN\" \/>\n<meta name=\"twitter:card\" content=\"summary_large_image\" \/>\n<meta name=\"twitter:creator\" content=\"@clanespectok\" \/>\n<meta name=\"twitter:site\" content=\"@clanespectok\" \/>\n<meta name=\"twitter:label1\" content=\"Escrito por\" \/>\n\t<meta name=\"twitter:data1\" content=\"E-GRUPOCLAN\" \/>\n\t<meta name=\"twitter:label2\" content=\"Tiempo de lectura\" \/>\n\t<meta name=\"twitter:data2\" content=\"3 minutos\" \/>\n<script type=\"application\/ld+json\" class=\"yoast-schema-graph\">{\"@context\":\"https:\\\/\\\/schema.org\",\"@graph\":[{\"@type\":\"Article\",\"@id\":\"https:\\\/\\\/radioclanfm.com\\\/clanespectaculos\\\/las-primeras-vacaciones-de-kun-aguero-y-sofia-calzetti-con-su-hija-olivia-en-disney-lluvia-y-personajes-de-ensueno\\\/#article\",\"isPartOf\":{\"@id\":\"https:\\\/\\\/radioclanfm.com\\\/clanespectaculos\\\/las-primeras-vacaciones-de-kun-aguero-y-sofia-calzetti-con-su-hija-olivia-en-disney-lluvia-y-personajes-de-ensueno\\\/\"},\"author\":{\"name\":\"E-GRUPOCLAN\",\"@id\":\"https:\\\/\\\/radioclanfm.com\\\/clanespectaculos\\\/#\\\/schema\\\/person\\\/9734813083303230f3ad84d99171b20c\"},\"headline\":\"Las primeras vacaciones de Kun Ag\u00fcero y Sof\u00eda Calzetti con su hija Olivia en Disney: lluvia y personajes de ensue\u00f1o\",\"datePublished\":\"2025-06-11T23:12:45+00:00\",\"mainEntityOfPage\":{\"@id\":\"https:\\\/\\\/radioclanfm.com\\\/clanespectaculos\\\/las-primeras-vacaciones-de-kun-aguero-y-sofia-calzetti-con-su-hija-olivia-en-disney-lluvia-y-personajes-de-ensueno\\\/\"},\"wordCount\":719,\"commentCount\":0,\"publisher\":{\"@id\":\"https:\\\/\\\/radioclanfm.com\\\/clanespectaculos\\\/#organization\"},\"image\":{\"@id\":\"https:\\\/\\\/radioclanfm.com\\\/clanespectaculos\\\/las-primeras-vacaciones-de-kun-aguero-y-sofia-calzetti-con-su-hija-olivia-en-disney-lluvia-y-personajes-de-ensueno\\\/#primaryimage\"},\"thumbnailUrl\":\"https:\\\/\\\/radioclanfm.com\\\/clanespectaculos\\\/wp-content\\\/uploads\\\/sites\\\/2\\\/2025\\\/06\\\/UBfX823i.jpg\",\"articleSection\":[\"Espectaculos\"],\"inLanguage\":\"es-AR\",\"potentialAction\":[{\"@type\":\"CommentAction\",\"name\":\"Comment\",\"target\":[\"https:\\\/\\\/radioclanfm.com\\\/clanespectaculos\\\/las-primeras-vacaciones-de-kun-aguero-y-sofia-calzetti-con-su-hija-olivia-en-disney-lluvia-y-personajes-de-ensueno\\\/#respond\"]}]},{\"@type\":\"WebPage\",\"@id\":\"https:\\\/\\\/radioclanfm.com\\\/clanespectaculos\\\/las-primeras-vacaciones-de-kun-aguero-y-sofia-calzetti-con-su-hija-olivia-en-disney-lluvia-y-personajes-de-ensueno\\\/\",\"url\":\"https:\\\/\\\/radioclanfm.com\\\/clanespectaculos\\\/las-primeras-vacaciones-de-kun-aguero-y-sofia-calzetti-con-su-hija-olivia-en-disney-lluvia-y-personajes-de-ensueno\\\/\",\"name\":\"Las primeras vacaciones de Kun Ag\u00fcero y Sof\u00eda Calzetti con su hija Olivia en Disney: lluvia y personajes de ensue\u00f1o - CLAN ESPECTACULOS\",\"isPartOf\":{\"@id\":\"https:\\\/\\\/radioclanfm.com\\\/clanespectaculos\\\/#website\"},\"primaryImageOfPage\":{\"@id\":\"https:\\\/\\\/radioclanfm.com\\\/clanespectaculos\\\/las-primeras-vacaciones-de-kun-aguero-y-sofia-calzetti-con-su-hija-olivia-en-disney-lluvia-y-personajes-de-ensueno\\\/#primaryimage\"},\"image\":{\"@id\":\"https:\\\/\\\/radioclanfm.com\\\/clanespectaculos\\\/las-primeras-vacaciones-de-kun-aguero-y-sofia-calzetti-con-su-hija-olivia-en-disney-lluvia-y-personajes-de-ensueno\\\/#primaryimage\"},\"thumbnailUrl\":\"https:\\\/\\\/radioclanfm.com\\\/clanespectaculos\\\/wp-content\\\/uploads\\\/sites\\\/2\\\/2025\\\/06\\\/UBfX823i.jpg\",\"datePublished\":\"2025-06-11T23:12:45+00:00\",\"breadcrumb\":{\"@id\":\"https:\\\/\\\/radioclanfm.com\\\/clanespectaculos\\\/las-primeras-vacaciones-de-kun-aguero-y-sofia-calzetti-con-su-hija-olivia-en-disney-lluvia-y-personajes-de-ensueno\\\/#breadcrumb\"},\"inLanguage\":\"es-AR\",\"potentialAction\":[{\"@type\":\"ReadAction\",\"target\":[\"https:\\\/\\\/radioclanfm.com\\\/clanespectaculos\\\/las-primeras-vacaciones-de-kun-aguero-y-sofia-calzetti-con-su-hija-olivia-en-disney-lluvia-y-personajes-de-ensueno\\\/\"]}]},{\"@type\":\"ImageObject\",\"inLanguage\":\"es-AR\",\"@id\":\"https:\\\/\\\/radioclanfm.com\\\/clanespectaculos\\\/las-primeras-vacaciones-de-kun-aguero-y-sofia-calzetti-con-su-hija-olivia-en-disney-lluvia-y-personajes-de-ensueno\\\/#primaryimage\",\"url\":\"https:\\\/\\\/radioclanfm.com\\\/clanespectaculos\\\/wp-content\\\/uploads\\\/sites\\\/2\\\/2025\\\/06\\\/UBfX823i.jpg\",\"contentUrl\":\"https:\\\/\\\/radioclanfm.com\\\/clanespectaculos\\\/wp-content\\\/uploads\\\/sites\\\/2\\\/2025\\\/06\\\/UBfX823i.jpg\",\"width\":900,\"height\":450},{\"@type\":\"BreadcrumbList\",\"@id\":\"https:\\\/\\\/radioclanfm.com\\\/clanespectaculos\\\/las-primeras-vacaciones-de-kun-aguero-y-sofia-calzetti-con-su-hija-olivia-en-disney-lluvia-y-personajes-de-ensueno\\\/#breadcrumb\",\"itemListElement\":[{\"@type\":\"ListItem\",\"position\":1,\"name\":\"Inicio\",\"item\":\"https:\\\/\\\/radioclanfm.com\\\/clanespectaculos\\\/\"},{\"@type\":\"ListItem\",\"position\":2,\"name\":\"Las primeras vacaciones de Kun Ag\u00fcero y Sof\u00eda Calzetti con su hija Olivia en Disney: lluvia y personajes de ensue\u00f1o\"}]},{\"@type\":\"WebSite\",\"@id\":\"https:\\\/\\\/radioclanfm.com\\\/clanespectaculos\\\/#website\",\"url\":\"https:\\\/\\\/radioclanfm.com\\\/clanespectaculos\\\/\",\"name\":\"CLAN ESPECTACULOS\",\"description\":\"\",\"publisher\":{\"@id\":\"https:\\\/\\\/radioclanfm.com\\\/clanespectaculos\\\/#organization\"},\"potentialAction\":[{\"@type\":\"SearchAction\",\"target\":{\"@type\":\"EntryPoint\",\"urlTemplate\":\"https:\\\/\\\/radioclanfm.com\\\/clanespectaculos\\\/?s={search_term_string}\"},\"query-input\":{\"@type\":\"PropertyValueSpecification\",\"valueRequired\":true,\"valueName\":\"search_term_string\"}}],\"inLanguage\":\"es-AR\"},{\"@type\":\"Organization\",\"@id\":\"https:\\\/\\\/radioclanfm.com\\\/clanespectaculos\\\/#organization\",\"name\":\"CLAN ESPECTACULOS\",\"url\":\"https:\\\/\\\/radioclanfm.com\\\/clanespectaculos\\\/\",\"logo\":{\"@type\":\"ImageObject\",\"inLanguage\":\"es-AR\",\"@id\":\"https:\\\/\\\/radioclanfm.com\\\/clanespectaculos\\\/#\\\/schema\\\/logo\\\/image\\\/\",\"url\":\"https:\\\/\\\/radioclanfm.com\\\/clanespectaculos\\\/wp-content\\\/uploads\\\/sites\\\/2\\\/2026\\\/04\\\/ChatGPT-Image-23-mar-2026-10_09_00.png\",\"contentUrl\":\"https:\\\/\\\/radioclanfm.com\\\/clanespectaculos\\\/wp-content\\\/uploads\\\/sites\\\/2\\\/2026\\\/04\\\/ChatGPT-Image-23-mar-2026-10_09_00.png\",\"width\":1024,\"height\":1024,\"caption\":\"CLAN ESPECTACULOS\"},\"image\":{\"@id\":\"https:\\\/\\\/radioclanfm.com\\\/clanespectaculos\\\/#\\\/schema\\\/logo\\\/image\\\/\"},\"sameAs\":[\"https:\\\/\\\/www.facebook.com\\\/clanespectaculos\\\/\",\"https:\\\/\\\/x.com\\\/clanespectok\"]},{\"@type\":\"Person\",\"@id\":\"https:\\\/\\\/radioclanfm.com\\\/clanespectaculos\\\/#\\\/schema\\\/person\\\/9734813083303230f3ad84d99171b20c\",\"name\":\"E-GRUPOCLAN\",\"image\":{\"@type\":\"ImageObject\",\"inLanguage\":\"es-AR\",\"@id\":\"https:\\\/\\\/secure.gravatar.com\\\/avatar\\\/af6e19837c3d6a212034a48c7b3818d2ac1826f6025df0155da5a186ad321d79?s=96&d=mm&r=g\",\"url\":\"https:\\\/\\\/secure.gravatar.com\\\/avatar\\\/af6e19837c3d6a212034a48c7b3818d2ac1826f6025df0155da5a186ad321d79?s=96&d=mm&r=g\",\"contentUrl\":\"https:\\\/\\\/secure.gravatar.com\\\/avatar\\\/af6e19837c3d6a212034a48c7b3818d2ac1826f6025df0155da5a186ad321d79?s=96&d=mm&r=g\",\"caption\":\"E-GRUPOCLAN\"},\"sameAs\":[\"https:\\\/\\\/radioclanfm.com\"],\"url\":\"https:\\\/\\\/radioclanfm.com\\\/clanespectaculos\\\/author\\\/admin\\\/\"}]}<\/script>\n<!-- \/ Yoast SEO plugin. -->","yoast_head_json":{"title":"Las primeras vacaciones de Kun Ag\u00fcero y Sof\u00eda Calzetti con su hija Olivia en Disney: lluvia y personajes de ensue\u00f1o - CLAN ESPECTACULOS","robots":{"index":"index","follow":"follow","max-snippet":"max-snippet:-1","max-image-preview":"max-image-preview:large","max-video-preview":"max-video-preview:-1"},"canonical":"https:\/\/radioclanfm.com\/clanespectaculos\/las-primeras-vacaciones-de-kun-aguero-y-sofia-calzetti-con-su-hija-olivia-en-disney-lluvia-y-personajes-de-ensueno\/","og_locale":"es_ES","og_type":"article","og_title":"Las primeras vacaciones de Kun Ag\u00fcero y Sof\u00eda Calzetti con su hija Olivia en Disney: lluvia y personajes de ensue\u00f1o - CLAN ESPECTACULOS","og_description":"Luego de su\u00a0viaje en solitario por la ciudad de Nueva York,\u00a0Sof\u00eda Calzetti\u00a0y su hija\u00a0Olivia\u00a0se reunieron con\u00a0Sergio Kun Ag\u00fcero\u00a0en la ciudad de Orlando para disfrutar a pleno de los parques de Disney junto a la peque\u00f1a de nueve meses. Las redes sociales de Sof\u00eda se convirtieron en un minuto a minuto de estas vacaciones familiares, generando [&hellip;]","og_url":"https:\/\/radioclanfm.com\/clanespectaculos\/las-primeras-vacaciones-de-kun-aguero-y-sofia-calzetti-con-su-hija-olivia-en-disney-lluvia-y-personajes-de-ensueno\/","og_site_name":"CLAN ESPECTACULOS","article_publisher":"https:\/\/www.facebook.com\/clanespectaculos\/","article_published_time":"2025-06-11T23:12:45+00:00","og_image":[{"width":900,"height":450,"url":"https:\/\/radioclanfm.com\/clanespectaculos\/wp-content\/uploads\/sites\/2\/2025\/06\/UBfX823i.jpg","type":"image\/jpeg"}],"author":"E-GRUPOCLAN","twitter_card":"summary_large_image","twitter_creator":"@clanespectok","twitter_site":"@clanespectok","twitter_misc":{"Escrito por":"E-GRUPOCLAN","Tiempo de lectura":"3 minutos"},"schema":{"@context":"https:\/\/schema.org","@graph":[{"@type":"Article","@id":"https:\/\/radioclanfm.com\/clanespectaculos\/las-primeras-vacaciones-de-kun-aguero-y-sofia-calzetti-con-su-hija-olivia-en-disney-lluvia-y-personajes-de-ensueno\/#article","isPartOf":{"@id":"https:\/\/radioclanfm.com\/clanespectaculos\/las-primeras-vacaciones-de-kun-aguero-y-sofia-calzetti-con-su-hija-olivia-en-disney-lluvia-y-personajes-de-ensueno\/"},"author":{"name":"E-GRUPOCLAN","@id":"https:\/\/radioclanfm.com\/clanespectaculos\/#\/schema\/person\/9734813083303230f3ad84d99171b20c"},"headline":"Las primeras vacaciones de Kun Ag\u00fcero y Sof\u00eda Calzetti con su hija Olivia en Disney: lluvia y personajes de ensue\u00f1o","datePublished":"2025-06-11T23:12:45+00:00","mainEntityOfPage":{"@id":"https:\/\/radioclanfm.com\/clanespectaculos\/las-primeras-vacaciones-de-kun-aguero-y-sofia-calzetti-con-su-hija-olivia-en-disney-lluvia-y-personajes-de-ensueno\/"},"wordCount":719,"commentCount":0,"publisher":{"@id":"https:\/\/radioclanfm.com\/clanespectaculos\/#organization"},"image":{"@id":"https:\/\/radioclanfm.com\/clanespectaculos\/las-primeras-vacaciones-de-kun-aguero-y-sofia-calzetti-con-su-hija-olivia-en-disney-lluvia-y-personajes-de-ensueno\/#primaryimage"},"thumbnailUrl":"https:\/\/radioclanfm.com\/clanespectaculos\/wp-content\/uploads\/sites\/2\/2025\/06\/UBfX823i.jpg","articleSection":["Espectaculos"],"inLanguage":"es-AR","potentialAction":[{"@type":"CommentAction","name":"Comment","target":["https:\/\/radioclanfm.com\/clanespectaculos\/las-primeras-vacaciones-de-kun-aguero-y-sofia-calzetti-con-su-hija-olivia-en-disney-lluvia-y-personajes-de-ensueno\/#respond"]}]},{"@type":"WebPage","@id":"https:\/\/radioclanfm.com\/clanespectaculos\/las-primeras-vacaciones-de-kun-aguero-y-sofia-calzetti-con-su-hija-olivia-en-disney-lluvia-y-personajes-de-ensueno\/","url":"https:\/\/radioclanfm.com\/clanespectaculos\/las-primeras-vacaciones-de-kun-aguero-y-sofia-calzetti-con-su-hija-olivia-en-disney-lluvia-y-personajes-de-ensueno\/","name":"Las primeras vacaciones de Kun Ag\u00fcero y Sof\u00eda Calzetti con su hija Olivia en Disney: lluvia y personajes de ensue\u00f1o - CLAN ESPECTACULOS","isPartOf":{"@id":"https:\/\/radioclanfm.com\/clanespectaculos\/#website"},"primaryImageOfPage":{"@id":"https:\/\/radioclanfm.com\/clanespectaculos\/las-primeras-vacaciones-de-kun-aguero-y-sofia-calzetti-con-su-hija-olivia-en-disney-lluvia-y-personajes-de-ensueno\/#primaryimage"},"image":{"@id":"https:\/\/radioclanfm.com\/clanespectaculos\/las-primeras-vacaciones-de-kun-aguero-y-sofia-calzetti-con-su-hija-olivia-en-disney-lluvia-y-personajes-de-ensueno\/#primaryimage"},"thumbnailUrl":"https:\/\/radioclanfm.com\/clanespectaculos\/wp-content\/uploads\/sites\/2\/2025\/06\/UBfX823i.jpg","datePublished":"2025-06-11T23:12:45+00:00","breadcrumb":{"@id":"https:\/\/radioclanfm.com\/clanespectaculos\/las-primeras-vacaciones-de-kun-aguero-y-sofia-calzetti-con-su-hija-olivia-en-disney-lluvia-y-personajes-de-ensueno\/#breadcrumb"},"inLanguage":"es-AR","potentialAction":[{"@type":"ReadAction","target":["https:\/\/radioclanfm.com\/clanespectaculos\/las-primeras-vacaciones-de-kun-aguero-y-sofia-calzetti-con-su-hija-olivia-en-disney-lluvia-y-personajes-de-ensueno\/"]}]},{"@type":"ImageObject","inLanguage":"es-AR","@id":"https:\/\/radioclanfm.com\/clanespectaculos\/las-primeras-vacaciones-de-kun-aguero-y-sofia-calzetti-con-su-hija-olivia-en-disney-lluvia-y-personajes-de-ensueno\/#primaryimage","url":"https:\/\/radioclanfm.com\/clanespectaculos\/wp-content\/uploads\/sites\/2\/2025\/06\/UBfX823i.jpg","contentUrl":"https:\/\/radioclanfm.com\/clanespectaculos\/wp-content\/uploads\/sites\/2\/2025\/06\/UBfX823i.jpg","width":900,"height":450},{"@type":"BreadcrumbList","@id":"https:\/\/radioclanfm.com\/clanespectaculos\/las-primeras-vacaciones-de-kun-aguero-y-sofia-calzetti-con-su-hija-olivia-en-disney-lluvia-y-personajes-de-ensueno\/#breadcrumb","itemListElement":[{"@type":"ListItem","position":1,"name":"Inicio","item":"https:\/\/radioclanfm.com\/clanespectaculos\/"},{"@type":"ListItem","position":2,"name":"Las primeras vacaciones de Kun Ag\u00fcero y Sof\u00eda Calzetti con su hija Olivia en Disney: lluvia y personajes de ensue\u00f1o"}]},{"@type":"WebSite","@id":"https:\/\/radioclanfm.com\/clanespectaculos\/#website","url":"https:\/\/radioclanfm.com\/clanespectaculos\/","name":"CLAN ESPECTACULOS","description":"","publisher":{"@id":"https:\/\/radioclanfm.com\/clanespectaculos\/#organization"},"potentialAction":[{"@type":"SearchAction","target":{"@type":"EntryPoint","urlTemplate":"https:\/\/radioclanfm.com\/clanespectaculos\/?s={search_term_string}"},"query-input":{"@type":"PropertyValueSpecification","valueRequired":true,"valueName":"search_term_string"}}],"inLanguage":"es-AR"},{"@type":"Organization","@id":"https:\/\/radioclanfm.com\/clanespectaculos\/#organization","name":"CLAN ESPECTACULOS","url":"https:\/\/radioclanfm.com\/clanespectaculos\/","logo":{"@type":"ImageObject","inLanguage":"es-AR","@id":"https:\/\/radioclanfm.com\/clanespectaculos\/#\/schema\/logo\/image\/","url":"https:\/\/radioclanfm.com\/clanespectaculos\/wp-content\/uploads\/sites\/2\/2026\/04\/ChatGPT-Image-23-mar-2026-10_09_00.png","contentUrl":"https:\/\/radioclanfm.com\/clanespectaculos\/wp-content\/uploads\/sites\/2\/2026\/04\/ChatGPT-Image-23-mar-2026-10_09_00.png","width":1024,"height":1024,"caption":"CLAN ESPECTACULOS"},"image":{"@id":"https:\/\/radioclanfm.com\/clanespectaculos\/#\/schema\/logo\/image\/"},"sameAs":["https:\/\/www.facebook.com\/clanespectaculos\/","https:\/\/x.com\/clanespectok"]},{"@type":"Person","@id":"https:\/\/radioclanfm.com\/clanespectaculos\/#\/schema\/person\/9734813083303230f3ad84d99171b20c","name":"E-GRUPOCLAN","image":{"@type":"ImageObject","inLanguage":"es-AR","@id":"https:\/\/secure.gravatar.com\/avatar\/af6e19837c3d6a212034a48c7b3818d2ac1826f6025df0155da5a186ad321d79?s=96&d=mm&r=g","url":"https:\/\/secure.gravatar.com\/avatar\/af6e19837c3d6a212034a48c7b3818d2ac1826f6025df0155da5a186ad321d79?s=96&d=mm&r=g","contentUrl":"https:\/\/secure.gravatar.com\/avatar\/af6e19837c3d6a212034a48c7b3818d2ac1826f6025df0155da5a186ad321d79?s=96&d=mm&r=g","caption":"E-GRUPOCLAN"},"sameAs":["https:\/\/radioclanfm.com"],"url":"https:\/\/radioclanfm.com\/clanespectaculos\/author\/admin\/"}]}},"_links":{"self":[{"href":"https:\/\/radioclanfm.com\/clanespectaculos\/wp-json\/wp\/v2\/posts\/1654","targetHints":{"allow":["GET"]}}],"collection":[{"href":"https:\/\/radioclanfm.com\/clanespectaculos\/wp-json\/wp\/v2\/posts"}],"about":[{"href":"https:\/\/radioclanfm.com\/clanespectaculos\/wp-json\/wp\/v2\/types\/post"}],"author":[{"embeddable":true,"href":"https:\/\/radioclanfm.com\/clanespectaculos\/wp-json\/wp\/v2\/users\/1"}],"replies":[{"embeddable":true,"href":"https:\/\/radioclanfm.com\/clanespectaculos\/wp-json\/wp\/v2\/comments?post=1654"}],"version-history":[{"count":1,"href":"https:\/\/radioclanfm.com\/clanespectaculos\/wp-json\/wp\/v2\/posts\/1654\/revisions"}],"predecessor-version":[{"id":1658,"href":"https:\/\/radioclanfm.com\/clanespectaculos\/wp-json\/wp\/v2\/posts\/1654\/revisions\/1658"}],"wp:featuredmedia":[{"embeddable":true,"href":"https:\/\/radioclanfm.com\/clanespectaculos\/wp-json\/wp\/v2\/media\/1657"}],"wp:attachment":[{"href":"https:\/\/radioclanfm.com\/clanespectaculos\/wp-json\/wp\/v2\/media?parent=1654"}],"wp:term":[{"taxonomy":"category","embeddable":true,"href":"https:\/\/radioclanfm.com\/clanespectaculos\/wp-json\/wp\/v2\/categories?post=1654"},{"taxonomy":"post_tag","embeddable":true,"href":"https:\/\/radioclanfm.com\/clanespectaculos\/wp-json\/wp\/v2\/tags?post=1654"}],"curies":[{"name":"wp","href":"https:\/\/api.w.org\/{rel}","templated":true}]}}