{"id":1634,"date":"2025-06-11T20:03:29","date_gmt":"2025-06-11T23:03:29","guid":{"rendered":"https:\/\/radioclanfm.com\/clanespectaculos\/?p=1634"},"modified":"2025-06-11T20:03:29","modified_gmt":"2025-06-11T23:03:29","slug":"la-hija-de-la-mona-jimenez-hablo-luego-del-fallo-judicial-que-le-otorgo-una-millonaria-indemnizacion-sufri-un-monton","status":"publish","type":"post","link":"https:\/\/radioclanfm.com\/clanespectaculos\/la-hija-de-la-mona-jimenez-hablo-luego-del-fallo-judicial-que-le-otorgo-una-millonaria-indemnizacion-sufri-un-monton\/","title":{"rendered":"La hija de la Mona Jim\u00e9nez habl\u00f3 luego del fallo judicial que le otorg\u00f3 una millonaria indemnizaci\u00f3n: \u201cSufr\u00ed un mont\u00f3n\u201d"},"content":{"rendered":"<p>El martes Natalia Jim\u00e9nez recibi\u00f3 la noticia de que la justicia hab\u00eda fallado a su favor en la causa que la reconoce como la hija del cantante de cuarteto. Su palabra<\/p>\n<p class=\"paragraph\" data-mrf-recirculation=\"Links inline\">La disputa familiar en el entorno de\u00a0<b>La Mona Jim\u00e9nez<\/b>\u00a0alcanz\u00f3 un punto de inflexi\u00f3n tras la reciente resoluci\u00f3n judicial que ordena al reconocido cantante indemnizar a su hija\u00a0<b>Natalia Jim\u00e9nez<\/b>\u00a0(antes Taddei) por los a\u00f1os de ausencia paterna. La noticia, que se conoci\u00f3 ayer, gener\u00f3 un fuerte impacto en el c\u00edrculo \u00edntimo del artista y reaviv\u00f3 viejos conflictos entre los integrantes del clan. Natalia estuvo en el programa conducido por\u00a0<b>Karina Mazzocco\u00a0<\/b>y habl\u00f3 del fallo en cuesti\u00f3n.<\/p>\n<div class=\"news-module\" data-mrf-recirculation=\"IL_Ct0zZTd2RqSjHGMXsLzz7w\" data-testid=\"text-html\" data-mrf-experience=\"IL_Ct0zZTd2RqSjHGMXsLzz7w\">\n<div class=\"recommended-card__image-container\"><\/div>\n<\/div>\n<p class=\"paragraph\" data-mrf-recirculation=\"Links inline\">En el documento, la jueza de Primera Instancia Maria Virginia Arato detalla: \u201cResuelvo acoger la demanda interpuesta por Natalia Romina Jim\u00e9nez Rufino en contra de Juan Carlos Jim\u00e9nez Rufino (Nota: La Mona Jim\u00e9nez) y, en su m\u00e9rito,\u00a0<b>condenar a este \u00faltimo a pagar la suma de pesos noventa y dos millones doscientos trece mil cuarenta ($92.213.040) comprensiva de da\u00f1o moral ($40.314.000) y da\u00f1o patrimonial por p\u00e9rdida de chance pasada ($51.899.040)m\u00e1s sus intereses\u201d.<\/b><\/p>\n<div class=\"inline ad-wrapper\">\n<div class=\"dfpAd ad-inline\">\n<div id=\"infobae\/teleshow\/nota\/inline\" class=\"infobae\/teleshow\/nota\/inline arcad\" data-google-query-id=\"CNPNvu-86o0DFTNouAQdGw83mQ\">\n<div id=\"google_ads_iframe_\/1058609\/infobae\/teleshow\/nota\/inline_0__container__\"><\/div>\n<\/div>\n<\/div>\n<\/div>\n<p class=\"paragraph\" data-mrf-recirculation=\"Links inline\">El clima en el estudio era de expectativa y alivio por la reciente noticia. \u201cEs un d\u00eda especial porque ayer recibiste una gran noticia. \u00bfC\u00f3mo est\u00e1s hoy?\u201d, pregunt\u00f3 Mazzocco. \u201c<b>Y estoy mejor, m\u00e1s tranquila, procesando la situaci\u00f3n porque es el fallo de la jueza donde dice que toda la verdad. O sea, estamos hablando de la palabra suprema, que es un juez. Y frente a eso est\u00e1 diciendo que yo siempre dije la verdad, lo que yo dec\u00eda<\/b>\u201d, expres\u00f3 Natalia, subrayando la importancia personal del fallo, que a\u00fan podr\u00eda ser apelado en dos instancias m\u00e1s por el cuartetero.<\/p>\n<div class=\"news-module\" data-mrf-recirculation=\"IL_RjJ8XQ94SCCdND4VX9YvyQ\" data-testid=\"text-html\" data-mrf-experience=\"IL_RjJ8XQ94SCCdND4VX9YvyQ\">\n<div class=\"recommended-card__image-container\"><\/div>\n<\/div>\n<div class=\"visual__image\"><picture><source srcset=\"https:\/\/www.infobae.com\/resizer\/v2\/WGZPBLBMHNGFHFWECRKFMLX54U.jpg?auth=c7f32b25532129a275ee80d2d9114a69dc703e35b62273fd0a2e0d7415662b48&amp;smart=true&amp;width=992&amp;height=558&amp;quality=85\" media=\"(min-width: 1000px)\" \/><source srcset=\"https:\/\/www.infobae.com\/resizer\/v2\/WGZPBLBMHNGFHFWECRKFMLX54U.jpg?auth=c7f32b25532129a275ee80d2d9114a69dc703e35b62273fd0a2e0d7415662b48&amp;smart=true&amp;width=768&amp;height=432&amp;quality=85\" media=\"(min-width: 768px)\" \/><source srcset=\"https:\/\/www.infobae.com\/resizer\/v2\/WGZPBLBMHNGFHFWECRKFMLX54U.jpg?auth=c7f32b25532129a275ee80d2d9114a69dc703e35b62273fd0a2e0d7415662b48&amp;smart=true&amp;width=577&amp;height=325&amp;quality=85\" media=\"(min-width: 580px)\" \/><source srcset=\"https:\/\/www.infobae.com\/resizer\/v2\/WGZPBLBMHNGFHFWECRKFMLX54U.jpg?auth=c7f32b25532129a275ee80d2d9114a69dc703e35b62273fd0a2e0d7415662b48&amp;smart=true&amp;width=420&amp;height=236&amp;quality=85\" media=\"(min-width: 350px)\" \/><source srcset=\"https:\/\/www.infobae.com\/resizer\/v2\/WGZPBLBMHNGFHFWECRKFMLX54U.jpg?auth=c7f32b25532129a275ee80d2d9114a69dc703e35b62273fd0a2e0d7415662b48&amp;smart=true&amp;width=350&amp;height=197&amp;quality=85\" media=\"(min-width: 80px)\" \/><\/picture>La resoluci\u00f3n a la que lleg\u00f3 la Justicia en el caso de la Mona Jim\u00e9nez<\/div>\n<p class=\"paragraph\" data-mrf-recirculation=\"Links inline\">La conductora fue directa al punto central: \u201cLo que dice claramente es que bueno, la Mona Jim\u00e9nez te va a tener que indemnizar de alguna manera, porque me parece que es la palabra m\u00e1s descriptiva del asunto. A su hija, a Natalia, por todos los a\u00f1os en que \u00e9l no estuvo presente. La justicia fall\u00f3 a favor de Natalia y en contra de la Mona.\u201d<\/p>\n<div class=\"inline_2_DSK ad-wrapper ad-desktop\">\n<div class=\"dfpAd ad-inline\">\n<div id=\"infobae\/teleshow\/nota\/inline_2_DSK\" class=\"infobae\/teleshow\/nota\/inline_2_DSK arcad\" data-google-query-id=\"CKLR_-686o0DFQtIuAQdYDwnyw\">\n<div id=\"google_ads_iframe_\/1058609\/infobae\/teleshow\/nota\/inline_2_DSK_0__container__\"><\/div>\n<\/div>\n<\/div>\n<\/div>\n<p class=\"paragraph\" data-mrf-recirculation=\"Links inline\">Natalia comparti\u00f3 su experiencia: \u201cSufr\u00ed un mont\u00f3n. Pero m\u00e1s all\u00e1 de eso, todo el sufrimiento que pas\u00e9 lleg\u00f3 a su fin.\u201d La otra Natalia, hija reconocida de La Mona, se explay\u00f3 sobre el asunto: \u201cNosotros, los tres no somos de ir a programas de chimentos a contar. Los trapitos siempre se han lavado dentro de casa&#8230;<\/p>\n<div class=\"news-module\" data-mrf-recirculation=\"IL_wPVu_IE4S76a5Gsl0lX8mA\" data-testid=\"text-html\" data-mrf-experience=\"IL_wPVu_IE4S76a5Gsl0lX8mA\">\n<div class=\"recommended-card__image-container\"><\/div>\n<\/div>\n<p class=\"paragraph\" data-mrf-recirculation=\"Links inline\">Natalia, la nueva hija reconocida, terci\u00f3: \u201cSoy privilegiada de decir, empec\u00e9 y termin\u00e9. Ellos eran tan imposibles, eran malos, era todo dinero\u201d. Ante la consulta de Karina Mazzocco sobre el reclamo legal, no dud\u00f3. \u201c\u00bfVas a reclamar lo que te corresponde?\u201d, le pregunt\u00f3 la conductora. \u201cS\u00ed, s\u00ed\u201d, afirm\u00f3.<\/p>\n<p class=\"paragraph\" data-mrf-recirculation=\"Links inline\">A lo largo del programa, los comentarios de otros miembros de la familia del m\u00fasico evidenciaron que no desean un contacto con la joven: \u201cPara m\u00ed esa es una extra\u00f1a\u201d, dijo Lorena, otra de las hijas del cuartetero. El locutor sintetiz\u00f3 el clima: \u201c<b>El apellido pesa. La historia no tiene vuelta atr\u00e1s y los cruces entre hermanas siguen dando que hablar. \u00bfEst\u00e1 todo roto en el clan de la Mona Jim\u00e9nez?<\/b>\u201d<\/p>\n<div class=\"visual__image\"><picture><source srcset=\"https:\/\/www.infobae.com\/resizer\/v2\/S2ERIORRSZH2TFBFZR365OHIAY.png?auth=53174adc4374d9381607560bb7fb7d680ffd091c30c17526785fde42b2544918&amp;smart=true&amp;width=992&amp;height=558&amp;quality=85\" media=\"(min-width: 1000px)\" \/><source srcset=\"https:\/\/www.infobae.com\/resizer\/v2\/S2ERIORRSZH2TFBFZR365OHIAY.png?auth=53174adc4374d9381607560bb7fb7d680ffd091c30c17526785fde42b2544918&amp;smart=true&amp;width=768&amp;height=432&amp;quality=85\" media=\"(min-width: 768px)\" \/><source srcset=\"https:\/\/www.infobae.com\/resizer\/v2\/S2ERIORRSZH2TFBFZR365OHIAY.png?auth=53174adc4374d9381607560bb7fb7d680ffd091c30c17526785fde42b2544918&amp;smart=true&amp;width=577&amp;height=325&amp;quality=85\" media=\"(min-width: 580px)\" \/><source srcset=\"https:\/\/www.infobae.com\/resizer\/v2\/S2ERIORRSZH2TFBFZR365OHIAY.png?auth=53174adc4374d9381607560bb7fb7d680ffd091c30c17526785fde42b2544918&amp;smart=true&amp;width=420&amp;height=236&amp;quality=85\" media=\"(min-width: 350px)\" \/><source srcset=\"https:\/\/www.infobae.com\/resizer\/v2\/S2ERIORRSZH2TFBFZR365OHIAY.png?auth=53174adc4374d9381607560bb7fb7d680ffd091c30c17526785fde42b2544918&amp;smart=true&amp;width=350&amp;height=197&amp;quality=85\" media=\"(min-width: 80px)\" \/><img loading=\"lazy\" decoding=\"async\" class=\"global-image\" src=\"https:\/\/www.infobae.com\/resizer\/v2\/S2ERIORRSZH2TFBFZR365OHIAY.png?auth=53174adc4374d9381607560bb7fb7d680ffd091c30c17526785fde42b2544918&amp;smart=true&amp;width=350&amp;height=197&amp;quality=85\" alt=\"&quot;Me niega&quot;, Natalia asegura que\" width=\"1920\" height=\"1080\" \/><\/picture>&#8220;Me niega&#8221;, Natalia asegura que el resto de la familia Jim\u00e9nez no la acepta<\/div>\n<p class=\"paragraph\" data-mrf-recirculation=\"Links inline\">En el repaso geneal\u00f3gico, Mazzocco aclar\u00f3 para la audiencia: \u201cAparece Lorena, que es la que los otros d\u00edas desde el escenario te habl\u00f3 a vos, Natalia, que estabas como parte del p\u00fablico. Ella es la m\u00e1s grande de los hijos. Luego viene Natalia Jim\u00e9nez y despu\u00e9s la otra Natalia, que tienen poca diferencia, tiene unos 42 a\u00f1os [&#8230;] Y faltar\u00eda Carli, que no aparece en este informe, que es el manager de la Mona.\u201d<\/p>\n<p class=\"paragraph\" data-mrf-recirculation=\"Links inline\">M\u00e1s adelante, Natalia detall\u00f3 c\u00f3mo vivi\u00f3 la negaci\u00f3n por parte de su familia paterna: \u201c<b>Ellos me niegan. Me niegan desde el momento uno, del momento cero, porque para ellos son \u00fanicos. Est\u00e1n diciendo que yo soy extramatrimonial, que mi mam\u00e1 lo conoci\u00f3 en un burdel, como dijo hace a\u00f1os en Intrusos\u2026<\/b>\u201d<\/p>\n<p class=\"paragraph\" data-mrf-recirculation=\"Links inline\">Por pedido de Mazzocco, la entrevistada relat\u00f3 brevemente su historia, desde que se enter\u00f3 a los 8 a\u00f1os que La Mona Jim\u00e9nez era su padre biol\u00f3gico: \u201cBueno, yo me enter\u00e9 por mi abuela y bueno, ah\u00ed anul\u00e9 un mont\u00f3n de cosas, pero surgieron. Hab\u00eda discutido mi familia y tomaron distancia. Luego, obviamente, de chica -y no como los chicos de ahora-, yo lo anul\u00e9 y no vi m\u00e1s. Despu\u00e9s a los 15 a\u00f1os como que pregunto y bueno, me lo voy a ver. Nos vemos, nos encontramos\u201d<\/p>\n<p class=\"paragraph\" data-mrf-recirculation=\"Links inline\">A la pregunta sobre el reconocimiento de La Mona como padre, si \u00e9l reconoc\u00eda que era su hija, Natalia respondi\u00f3\u00a0<b>\u201cSi, eso lo escuch\u00e9, por eso le pregunt\u00e9 a mi abuela y me dijo \u00b4S\u00ed, porque \u00e9l es tu padre\u00b4<\/b>. Pero bueno, tambi\u00e9n al mismo tiempo yo ten\u00eda mi familia constituida. No es lo mismo vivir en C\u00f3rdoba que vivir en Buenos Aires siendo la hija de nadie, sino teniendo mi familia, mi pap\u00e1, siendo hija de mi pap\u00e1, que me cri\u00f3 con todo el amor y viviendo ac\u00e1 no est\u00e1s como ellos m\u00e1s expuestos. Continu\u00e9 con la vida. A mi mam\u00e1 le mostr\u00e9 fotos, cartas que \u00e9l me escribi\u00f3, 1988 dice la carta. Tengo una foto de Lorena Jim\u00e9nez, de Carly, son fotos que le di\u00f3 la Mona a mi mam\u00e1, le dec\u00eda \u2018mir\u00e1, son iguales\u2019\u201d. Finalmente, record\u00f3 el momento en que decidi\u00f3 descubrir la verdad: \u201cHubo un momento que no aguant\u00e9 m\u00e1s, que fue cuando yo fui mam\u00e1 y dije a mis hijos lo voy a contar todo\u201d.<\/p>\n<div class=\"second-saved-buttons\">\n<div class=\"body-share-note\"><\/div>\n<\/div>\n","protected":false},"excerpt":{"rendered":"<p>El martes Natalia Jim\u00e9nez recibi\u00f3 la noticia de que la justicia hab\u00eda fallado a su favor en la causa que la reconoce como la hija del cantante de cuarteto. Su palabra La disputa familiar en el entorno de\u00a0La Mona Jim\u00e9nez\u00a0alcanz\u00f3 un punto de inflexi\u00f3n tras la reciente resoluci\u00f3n judicial que ordena al reconocido cantante indemnizar [&hellip;]<\/p>\n","protected":false},"author":1,"featured_media":1637,"comment_status":"open","ping_status":"open","sticky":false,"template":"","format":"standard","meta":{"rop_custom_images_group":[],"rop_custom_messages_group":[],"rop_publish_now":"initial","rop_publish_now_accounts":[],"rop_publish_now_history":[],"rop_publish_now_status":"pending","footnotes":"","jetpack_publicize_message":"","jetpack_publicize_feature_enabled":true,"jetpack_social_post_already_shared":true,"jetpack_social_options":{"image_generator_settings":{"template":"highway","enabled":false},"version":2}},"categories":[12],"tags":[],"class_list":{"0":"post-1634","1":"post","2":"type-post","3":"status-publish","4":"format-standard","5":"has-post-thumbnail","7":"category-espectaculos"},"jetpack_publicize_connections":[],"yoast_head":"<!-- This site is optimized with the Yoast SEO plugin v27.3 - https:\/\/yoast.com\/product\/yoast-seo-wordpress\/ -->\n<title>La hija de la Mona Jim\u00e9nez habl\u00f3 luego del fallo judicial que le otorg\u00f3 una millonaria indemnizaci\u00f3n: \u201cSufr\u00ed un mont\u00f3n\u201d - CLAN ESPECTACULOS<\/title>\n<meta name=\"robots\" content=\"index, follow, max-snippet:-1, max-image-preview:large, max-video-preview:-1\" \/>\n<link rel=\"canonical\" href=\"https:\/\/radioclanfm.com\/clanespectaculos\/la-hija-de-la-mona-jimenez-hablo-luego-del-fallo-judicial-que-le-otorgo-una-millonaria-indemnizacion-sufri-un-monton\/\" \/>\n<meta property=\"og:locale\" content=\"es_ES\" \/>\n<meta property=\"og:type\" content=\"article\" \/>\n<meta property=\"og:title\" content=\"La hija de la Mona Jim\u00e9nez habl\u00f3 luego del fallo judicial que le otorg\u00f3 una millonaria indemnizaci\u00f3n: \u201cSufr\u00ed un mont\u00f3n\u201d - CLAN ESPECTACULOS\" \/>\n<meta property=\"og:description\" content=\"El martes Natalia Jim\u00e9nez recibi\u00f3 la noticia de que la justicia hab\u00eda fallado a su favor en la causa que la reconoce como la hija del cantante de cuarteto. Su palabra La disputa familiar en el entorno de\u00a0La Mona Jim\u00e9nez\u00a0alcanz\u00f3 un punto de inflexi\u00f3n tras la reciente resoluci\u00f3n judicial que ordena al reconocido cantante indemnizar [&hellip;]\" \/>\n<meta property=\"og:url\" content=\"https:\/\/radioclanfm.com\/clanespectaculos\/la-hija-de-la-mona-jimenez-hablo-luego-del-fallo-judicial-que-le-otorgo-una-millonaria-indemnizacion-sufri-un-monton\/\" \/>\n<meta property=\"og:site_name\" content=\"CLAN ESPECTACULOS\" \/>\n<meta property=\"article:publisher\" content=\"https:\/\/www.facebook.com\/clanespectaculos\/\" \/>\n<meta property=\"article:published_time\" content=\"2025-06-11T23:03:29+00:00\" \/>\n<meta property=\"og:image\" content=\"https:\/\/radioclanfm.com\/clanespectaculos\/wp-content\/uploads\/sites\/2\/2025\/06\/0KjsabPn.jpg\" \/>\n\t<meta property=\"og:image:width\" content=\"900\" \/>\n\t<meta property=\"og:image:height\" content=\"450\" \/>\n\t<meta property=\"og:image:type\" content=\"image\/jpeg\" \/>\n<meta name=\"author\" content=\"E-GRUPOCLAN\" \/>\n<meta name=\"twitter:card\" content=\"summary_large_image\" \/>\n<meta name=\"twitter:creator\" content=\"@clanespectok\" \/>\n<meta name=\"twitter:site\" content=\"@clanespectok\" \/>\n<meta name=\"twitter:label1\" content=\"Escrito por\" \/>\n\t<meta name=\"twitter:data1\" content=\"E-GRUPOCLAN\" \/>\n\t<meta name=\"twitter:label2\" content=\"Tiempo de lectura\" \/>\n\t<meta name=\"twitter:data2\" content=\"5 minutos\" \/>\n<script type=\"application\/ld+json\" class=\"yoast-schema-graph\">{\"@context\":\"https:\\\/\\\/schema.org\",\"@graph\":[{\"@type\":\"Article\",\"@id\":\"https:\\\/\\\/radioclanfm.com\\\/clanespectaculos\\\/la-hija-de-la-mona-jimenez-hablo-luego-del-fallo-judicial-que-le-otorgo-una-millonaria-indemnizacion-sufri-un-monton\\\/#article\",\"isPartOf\":{\"@id\":\"https:\\\/\\\/radioclanfm.com\\\/clanespectaculos\\\/la-hija-de-la-mona-jimenez-hablo-luego-del-fallo-judicial-que-le-otorgo-una-millonaria-indemnizacion-sufri-un-monton\\\/\"},\"author\":{\"name\":\"E-GRUPOCLAN\",\"@id\":\"https:\\\/\\\/radioclanfm.com\\\/clanespectaculos\\\/#\\\/schema\\\/person\\\/9734813083303230f3ad84d99171b20c\"},\"headline\":\"La hija de la Mona Jim\u00e9nez habl\u00f3 luego del fallo judicial que le otorg\u00f3 una millonaria indemnizaci\u00f3n: \u201cSufr\u00ed un mont\u00f3n\u201d\",\"datePublished\":\"2025-06-11T23:03:29+00:00\",\"mainEntityOfPage\":{\"@id\":\"https:\\\/\\\/radioclanfm.com\\\/clanespectaculos\\\/la-hija-de-la-mona-jimenez-hablo-luego-del-fallo-judicial-que-le-otorgo-una-millonaria-indemnizacion-sufri-un-monton\\\/\"},\"wordCount\":1015,\"commentCount\":0,\"publisher\":{\"@id\":\"https:\\\/\\\/radioclanfm.com\\\/clanespectaculos\\\/#organization\"},\"image\":{\"@id\":\"https:\\\/\\\/radioclanfm.com\\\/clanespectaculos\\\/la-hija-de-la-mona-jimenez-hablo-luego-del-fallo-judicial-que-le-otorgo-una-millonaria-indemnizacion-sufri-un-monton\\\/#primaryimage\"},\"thumbnailUrl\":\"https:\\\/\\\/radioclanfm.com\\\/clanespectaculos\\\/wp-content\\\/uploads\\\/sites\\\/2\\\/2025\\\/06\\\/0KjsabPn.jpg\",\"articleSection\":[\"Espectaculos\"],\"inLanguage\":\"es-AR\",\"potentialAction\":[{\"@type\":\"CommentAction\",\"name\":\"Comment\",\"target\":[\"https:\\\/\\\/radioclanfm.com\\\/clanespectaculos\\\/la-hija-de-la-mona-jimenez-hablo-luego-del-fallo-judicial-que-le-otorgo-una-millonaria-indemnizacion-sufri-un-monton\\\/#respond\"]}]},{\"@type\":\"WebPage\",\"@id\":\"https:\\\/\\\/radioclanfm.com\\\/clanespectaculos\\\/la-hija-de-la-mona-jimenez-hablo-luego-del-fallo-judicial-que-le-otorgo-una-millonaria-indemnizacion-sufri-un-monton\\\/\",\"url\":\"https:\\\/\\\/radioclanfm.com\\\/clanespectaculos\\\/la-hija-de-la-mona-jimenez-hablo-luego-del-fallo-judicial-que-le-otorgo-una-millonaria-indemnizacion-sufri-un-monton\\\/\",\"name\":\"La hija de la Mona Jim\u00e9nez habl\u00f3 luego del fallo judicial que le otorg\u00f3 una millonaria indemnizaci\u00f3n: \u201cSufr\u00ed un mont\u00f3n\u201d - CLAN ESPECTACULOS\",\"isPartOf\":{\"@id\":\"https:\\\/\\\/radioclanfm.com\\\/clanespectaculos\\\/#website\"},\"primaryImageOfPage\":{\"@id\":\"https:\\\/\\\/radioclanfm.com\\\/clanespectaculos\\\/la-hija-de-la-mona-jimenez-hablo-luego-del-fallo-judicial-que-le-otorgo-una-millonaria-indemnizacion-sufri-un-monton\\\/#primaryimage\"},\"image\":{\"@id\":\"https:\\\/\\\/radioclanfm.com\\\/clanespectaculos\\\/la-hija-de-la-mona-jimenez-hablo-luego-del-fallo-judicial-que-le-otorgo-una-millonaria-indemnizacion-sufri-un-monton\\\/#primaryimage\"},\"thumbnailUrl\":\"https:\\\/\\\/radioclanfm.com\\\/clanespectaculos\\\/wp-content\\\/uploads\\\/sites\\\/2\\\/2025\\\/06\\\/0KjsabPn.jpg\",\"datePublished\":\"2025-06-11T23:03:29+00:00\",\"breadcrumb\":{\"@id\":\"https:\\\/\\\/radioclanfm.com\\\/clanespectaculos\\\/la-hija-de-la-mona-jimenez-hablo-luego-del-fallo-judicial-que-le-otorgo-una-millonaria-indemnizacion-sufri-un-monton\\\/#breadcrumb\"},\"inLanguage\":\"es-AR\",\"potentialAction\":[{\"@type\":\"ReadAction\",\"target\":[\"https:\\\/\\\/radioclanfm.com\\\/clanespectaculos\\\/la-hija-de-la-mona-jimenez-hablo-luego-del-fallo-judicial-que-le-otorgo-una-millonaria-indemnizacion-sufri-un-monton\\\/\"]}]},{\"@type\":\"ImageObject\",\"inLanguage\":\"es-AR\",\"@id\":\"https:\\\/\\\/radioclanfm.com\\\/clanespectaculos\\\/la-hija-de-la-mona-jimenez-hablo-luego-del-fallo-judicial-que-le-otorgo-una-millonaria-indemnizacion-sufri-un-monton\\\/#primaryimage\",\"url\":\"https:\\\/\\\/radioclanfm.com\\\/clanespectaculos\\\/wp-content\\\/uploads\\\/sites\\\/2\\\/2025\\\/06\\\/0KjsabPn.jpg\",\"contentUrl\":\"https:\\\/\\\/radioclanfm.com\\\/clanespectaculos\\\/wp-content\\\/uploads\\\/sites\\\/2\\\/2025\\\/06\\\/0KjsabPn.jpg\",\"width\":900,\"height\":450},{\"@type\":\"BreadcrumbList\",\"@id\":\"https:\\\/\\\/radioclanfm.com\\\/clanespectaculos\\\/la-hija-de-la-mona-jimenez-hablo-luego-del-fallo-judicial-que-le-otorgo-una-millonaria-indemnizacion-sufri-un-monton\\\/#breadcrumb\",\"itemListElement\":[{\"@type\":\"ListItem\",\"position\":1,\"name\":\"Inicio\",\"item\":\"https:\\\/\\\/radioclanfm.com\\\/clanespectaculos\\\/\"},{\"@type\":\"ListItem\",\"position\":2,\"name\":\"La hija de la Mona Jim\u00e9nez habl\u00f3 luego del fallo judicial que le otorg\u00f3 una millonaria indemnizaci\u00f3n: \u201cSufr\u00ed un mont\u00f3n\u201d\"}]},{\"@type\":\"WebSite\",\"@id\":\"https:\\\/\\\/radioclanfm.com\\\/clanespectaculos\\\/#website\",\"url\":\"https:\\\/\\\/radioclanfm.com\\\/clanespectaculos\\\/\",\"name\":\"CLAN ESPECTACULOS\",\"description\":\"\",\"publisher\":{\"@id\":\"https:\\\/\\\/radioclanfm.com\\\/clanespectaculos\\\/#organization\"},\"potentialAction\":[{\"@type\":\"SearchAction\",\"target\":{\"@type\":\"EntryPoint\",\"urlTemplate\":\"https:\\\/\\\/radioclanfm.com\\\/clanespectaculos\\\/?s={search_term_string}\"},\"query-input\":{\"@type\":\"PropertyValueSpecification\",\"valueRequired\":true,\"valueName\":\"search_term_string\"}}],\"inLanguage\":\"es-AR\"},{\"@type\":\"Organization\",\"@id\":\"https:\\\/\\\/radioclanfm.com\\\/clanespectaculos\\\/#organization\",\"name\":\"CLAN ESPECTACULOS\",\"url\":\"https:\\\/\\\/radioclanfm.com\\\/clanespectaculos\\\/\",\"logo\":{\"@type\":\"ImageObject\",\"inLanguage\":\"es-AR\",\"@id\":\"https:\\\/\\\/radioclanfm.com\\\/clanespectaculos\\\/#\\\/schema\\\/logo\\\/image\\\/\",\"url\":\"https:\\\/\\\/radioclanfm.com\\\/clanespectaculos\\\/wp-content\\\/uploads\\\/sites\\\/2\\\/2026\\\/04\\\/ChatGPT-Image-23-mar-2026-10_09_00.png\",\"contentUrl\":\"https:\\\/\\\/radioclanfm.com\\\/clanespectaculos\\\/wp-content\\\/uploads\\\/sites\\\/2\\\/2026\\\/04\\\/ChatGPT-Image-23-mar-2026-10_09_00.png\",\"width\":1024,\"height\":1024,\"caption\":\"CLAN ESPECTACULOS\"},\"image\":{\"@id\":\"https:\\\/\\\/radioclanfm.com\\\/clanespectaculos\\\/#\\\/schema\\\/logo\\\/image\\\/\"},\"sameAs\":[\"https:\\\/\\\/www.facebook.com\\\/clanespectaculos\\\/\",\"https:\\\/\\\/x.com\\\/clanespectok\"]},{\"@type\":\"Person\",\"@id\":\"https:\\\/\\\/radioclanfm.com\\\/clanespectaculos\\\/#\\\/schema\\\/person\\\/9734813083303230f3ad84d99171b20c\",\"name\":\"E-GRUPOCLAN\",\"image\":{\"@type\":\"ImageObject\",\"inLanguage\":\"es-AR\",\"@id\":\"https:\\\/\\\/secure.gravatar.com\\\/avatar\\\/af6e19837c3d6a212034a48c7b3818d2ac1826f6025df0155da5a186ad321d79?s=96&d=mm&r=g\",\"url\":\"https:\\\/\\\/secure.gravatar.com\\\/avatar\\\/af6e19837c3d6a212034a48c7b3818d2ac1826f6025df0155da5a186ad321d79?s=96&d=mm&r=g\",\"contentUrl\":\"https:\\\/\\\/secure.gravatar.com\\\/avatar\\\/af6e19837c3d6a212034a48c7b3818d2ac1826f6025df0155da5a186ad321d79?s=96&d=mm&r=g\",\"caption\":\"E-GRUPOCLAN\"},\"sameAs\":[\"https:\\\/\\\/radioclanfm.com\"],\"url\":\"https:\\\/\\\/radioclanfm.com\\\/clanespectaculos\\\/author\\\/admin\\\/\"}]}<\/script>\n<!-- \/ Yoast SEO plugin. -->","yoast_head_json":{"title":"La hija de la Mona Jim\u00e9nez habl\u00f3 luego del fallo judicial que le otorg\u00f3 una millonaria indemnizaci\u00f3n: \u201cSufr\u00ed un mont\u00f3n\u201d - CLAN ESPECTACULOS","robots":{"index":"index","follow":"follow","max-snippet":"max-snippet:-1","max-image-preview":"max-image-preview:large","max-video-preview":"max-video-preview:-1"},"canonical":"https:\/\/radioclanfm.com\/clanespectaculos\/la-hija-de-la-mona-jimenez-hablo-luego-del-fallo-judicial-que-le-otorgo-una-millonaria-indemnizacion-sufri-un-monton\/","og_locale":"es_ES","og_type":"article","og_title":"La hija de la Mona Jim\u00e9nez habl\u00f3 luego del fallo judicial que le otorg\u00f3 una millonaria indemnizaci\u00f3n: \u201cSufr\u00ed un mont\u00f3n\u201d - CLAN ESPECTACULOS","og_description":"El martes Natalia Jim\u00e9nez recibi\u00f3 la noticia de que la justicia hab\u00eda fallado a su favor en la causa que la reconoce como la hija del cantante de cuarteto. Su palabra La disputa familiar en el entorno de\u00a0La Mona Jim\u00e9nez\u00a0alcanz\u00f3 un punto de inflexi\u00f3n tras la reciente resoluci\u00f3n judicial que ordena al reconocido cantante indemnizar [&hellip;]","og_url":"https:\/\/radioclanfm.com\/clanespectaculos\/la-hija-de-la-mona-jimenez-hablo-luego-del-fallo-judicial-que-le-otorgo-una-millonaria-indemnizacion-sufri-un-monton\/","og_site_name":"CLAN ESPECTACULOS","article_publisher":"https:\/\/www.facebook.com\/clanespectaculos\/","article_published_time":"2025-06-11T23:03:29+00:00","og_image":[{"width":900,"height":450,"url":"https:\/\/radioclanfm.com\/clanespectaculos\/wp-content\/uploads\/sites\/2\/2025\/06\/0KjsabPn.jpg","type":"image\/jpeg"}],"author":"E-GRUPOCLAN","twitter_card":"summary_large_image","twitter_creator":"@clanespectok","twitter_site":"@clanespectok","twitter_misc":{"Escrito por":"E-GRUPOCLAN","Tiempo de lectura":"5 minutos"},"schema":{"@context":"https:\/\/schema.org","@graph":[{"@type":"Article","@id":"https:\/\/radioclanfm.com\/clanespectaculos\/la-hija-de-la-mona-jimenez-hablo-luego-del-fallo-judicial-que-le-otorgo-una-millonaria-indemnizacion-sufri-un-monton\/#article","isPartOf":{"@id":"https:\/\/radioclanfm.com\/clanespectaculos\/la-hija-de-la-mona-jimenez-hablo-luego-del-fallo-judicial-que-le-otorgo-una-millonaria-indemnizacion-sufri-un-monton\/"},"author":{"name":"E-GRUPOCLAN","@id":"https:\/\/radioclanfm.com\/clanespectaculos\/#\/schema\/person\/9734813083303230f3ad84d99171b20c"},"headline":"La hija de la Mona Jim\u00e9nez habl\u00f3 luego del fallo judicial que le otorg\u00f3 una millonaria indemnizaci\u00f3n: \u201cSufr\u00ed un mont\u00f3n\u201d","datePublished":"2025-06-11T23:03:29+00:00","mainEntityOfPage":{"@id":"https:\/\/radioclanfm.com\/clanespectaculos\/la-hija-de-la-mona-jimenez-hablo-luego-del-fallo-judicial-que-le-otorgo-una-millonaria-indemnizacion-sufri-un-monton\/"},"wordCount":1015,"commentCount":0,"publisher":{"@id":"https:\/\/radioclanfm.com\/clanespectaculos\/#organization"},"image":{"@id":"https:\/\/radioclanfm.com\/clanespectaculos\/la-hija-de-la-mona-jimenez-hablo-luego-del-fallo-judicial-que-le-otorgo-una-millonaria-indemnizacion-sufri-un-monton\/#primaryimage"},"thumbnailUrl":"https:\/\/radioclanfm.com\/clanespectaculos\/wp-content\/uploads\/sites\/2\/2025\/06\/0KjsabPn.jpg","articleSection":["Espectaculos"],"inLanguage":"es-AR","potentialAction":[{"@type":"CommentAction","name":"Comment","target":["https:\/\/radioclanfm.com\/clanespectaculos\/la-hija-de-la-mona-jimenez-hablo-luego-del-fallo-judicial-que-le-otorgo-una-millonaria-indemnizacion-sufri-un-monton\/#respond"]}]},{"@type":"WebPage","@id":"https:\/\/radioclanfm.com\/clanespectaculos\/la-hija-de-la-mona-jimenez-hablo-luego-del-fallo-judicial-que-le-otorgo-una-millonaria-indemnizacion-sufri-un-monton\/","url":"https:\/\/radioclanfm.com\/clanespectaculos\/la-hija-de-la-mona-jimenez-hablo-luego-del-fallo-judicial-que-le-otorgo-una-millonaria-indemnizacion-sufri-un-monton\/","name":"La hija de la Mona Jim\u00e9nez habl\u00f3 luego del fallo judicial que le otorg\u00f3 una millonaria indemnizaci\u00f3n: \u201cSufr\u00ed un mont\u00f3n\u201d - CLAN ESPECTACULOS","isPartOf":{"@id":"https:\/\/radioclanfm.com\/clanespectaculos\/#website"},"primaryImageOfPage":{"@id":"https:\/\/radioclanfm.com\/clanespectaculos\/la-hija-de-la-mona-jimenez-hablo-luego-del-fallo-judicial-que-le-otorgo-una-millonaria-indemnizacion-sufri-un-monton\/#primaryimage"},"image":{"@id":"https:\/\/radioclanfm.com\/clanespectaculos\/la-hija-de-la-mona-jimenez-hablo-luego-del-fallo-judicial-que-le-otorgo-una-millonaria-indemnizacion-sufri-un-monton\/#primaryimage"},"thumbnailUrl":"https:\/\/radioclanfm.com\/clanespectaculos\/wp-content\/uploads\/sites\/2\/2025\/06\/0KjsabPn.jpg","datePublished":"2025-06-11T23:03:29+00:00","breadcrumb":{"@id":"https:\/\/radioclanfm.com\/clanespectaculos\/la-hija-de-la-mona-jimenez-hablo-luego-del-fallo-judicial-que-le-otorgo-una-millonaria-indemnizacion-sufri-un-monton\/#breadcrumb"},"inLanguage":"es-AR","potentialAction":[{"@type":"ReadAction","target":["https:\/\/radioclanfm.com\/clanespectaculos\/la-hija-de-la-mona-jimenez-hablo-luego-del-fallo-judicial-que-le-otorgo-una-millonaria-indemnizacion-sufri-un-monton\/"]}]},{"@type":"ImageObject","inLanguage":"es-AR","@id":"https:\/\/radioclanfm.com\/clanespectaculos\/la-hija-de-la-mona-jimenez-hablo-luego-del-fallo-judicial-que-le-otorgo-una-millonaria-indemnizacion-sufri-un-monton\/#primaryimage","url":"https:\/\/radioclanfm.com\/clanespectaculos\/wp-content\/uploads\/sites\/2\/2025\/06\/0KjsabPn.jpg","contentUrl":"https:\/\/radioclanfm.com\/clanespectaculos\/wp-content\/uploads\/sites\/2\/2025\/06\/0KjsabPn.jpg","width":900,"height":450},{"@type":"BreadcrumbList","@id":"https:\/\/radioclanfm.com\/clanespectaculos\/la-hija-de-la-mona-jimenez-hablo-luego-del-fallo-judicial-que-le-otorgo-una-millonaria-indemnizacion-sufri-un-monton\/#breadcrumb","itemListElement":[{"@type":"ListItem","position":1,"name":"Inicio","item":"https:\/\/radioclanfm.com\/clanespectaculos\/"},{"@type":"ListItem","position":2,"name":"La hija de la Mona Jim\u00e9nez habl\u00f3 luego del fallo judicial que le otorg\u00f3 una millonaria indemnizaci\u00f3n: \u201cSufr\u00ed un mont\u00f3n\u201d"}]},{"@type":"WebSite","@id":"https:\/\/radioclanfm.com\/clanespectaculos\/#website","url":"https:\/\/radioclanfm.com\/clanespectaculos\/","name":"CLAN ESPECTACULOS","description":"","publisher":{"@id":"https:\/\/radioclanfm.com\/clanespectaculos\/#organization"},"potentialAction":[{"@type":"SearchAction","target":{"@type":"EntryPoint","urlTemplate":"https:\/\/radioclanfm.com\/clanespectaculos\/?s={search_term_string}"},"query-input":{"@type":"PropertyValueSpecification","valueRequired":true,"valueName":"search_term_string"}}],"inLanguage":"es-AR"},{"@type":"Organization","@id":"https:\/\/radioclanfm.com\/clanespectaculos\/#organization","name":"CLAN ESPECTACULOS","url":"https:\/\/radioclanfm.com\/clanespectaculos\/","logo":{"@type":"ImageObject","inLanguage":"es-AR","@id":"https:\/\/radioclanfm.com\/clanespectaculos\/#\/schema\/logo\/image\/","url":"https:\/\/radioclanfm.com\/clanespectaculos\/wp-content\/uploads\/sites\/2\/2026\/04\/ChatGPT-Image-23-mar-2026-10_09_00.png","contentUrl":"https:\/\/radioclanfm.com\/clanespectaculos\/wp-content\/uploads\/sites\/2\/2026\/04\/ChatGPT-Image-23-mar-2026-10_09_00.png","width":1024,"height":1024,"caption":"CLAN ESPECTACULOS"},"image":{"@id":"https:\/\/radioclanfm.com\/clanespectaculos\/#\/schema\/logo\/image\/"},"sameAs":["https:\/\/www.facebook.com\/clanespectaculos\/","https:\/\/x.com\/clanespectok"]},{"@type":"Person","@id":"https:\/\/radioclanfm.com\/clanespectaculos\/#\/schema\/person\/9734813083303230f3ad84d99171b20c","name":"E-GRUPOCLAN","image":{"@type":"ImageObject","inLanguage":"es-AR","@id":"https:\/\/secure.gravatar.com\/avatar\/af6e19837c3d6a212034a48c7b3818d2ac1826f6025df0155da5a186ad321d79?s=96&d=mm&r=g","url":"https:\/\/secure.gravatar.com\/avatar\/af6e19837c3d6a212034a48c7b3818d2ac1826f6025df0155da5a186ad321d79?s=96&d=mm&r=g","contentUrl":"https:\/\/secure.gravatar.com\/avatar\/af6e19837c3d6a212034a48c7b3818d2ac1826f6025df0155da5a186ad321d79?s=96&d=mm&r=g","caption":"E-GRUPOCLAN"},"sameAs":["https:\/\/radioclanfm.com"],"url":"https:\/\/radioclanfm.com\/clanespectaculos\/author\/admin\/"}]}},"_links":{"self":[{"href":"https:\/\/radioclanfm.com\/clanespectaculos\/wp-json\/wp\/v2\/posts\/1634","targetHints":{"allow":["GET"]}}],"collection":[{"href":"https:\/\/radioclanfm.com\/clanespectaculos\/wp-json\/wp\/v2\/posts"}],"about":[{"href":"https:\/\/radioclanfm.com\/clanespectaculos\/wp-json\/wp\/v2\/types\/post"}],"author":[{"embeddable":true,"href":"https:\/\/radioclanfm.com\/clanespectaculos\/wp-json\/wp\/v2\/users\/1"}],"replies":[{"embeddable":true,"href":"https:\/\/radioclanfm.com\/clanespectaculos\/wp-json\/wp\/v2\/comments?post=1634"}],"version-history":[{"count":1,"href":"https:\/\/radioclanfm.com\/clanespectaculos\/wp-json\/wp\/v2\/posts\/1634\/revisions"}],"predecessor-version":[{"id":1638,"href":"https:\/\/radioclanfm.com\/clanespectaculos\/wp-json\/wp\/v2\/posts\/1634\/revisions\/1638"}],"wp:featuredmedia":[{"embeddable":true,"href":"https:\/\/radioclanfm.com\/clanespectaculos\/wp-json\/wp\/v2\/media\/1637"}],"wp:attachment":[{"href":"https:\/\/radioclanfm.com\/clanespectaculos\/wp-json\/wp\/v2\/media?parent=1634"}],"wp:term":[{"taxonomy":"category","embeddable":true,"href":"https:\/\/radioclanfm.com\/clanespectaculos\/wp-json\/wp\/v2\/categories?post=1634"},{"taxonomy":"post_tag","embeddable":true,"href":"https:\/\/radioclanfm.com\/clanespectaculos\/wp-json\/wp\/v2\/tags?post=1634"}],"curies":[{"name":"wp","href":"https:\/\/api.w.org\/{rel}","templated":true}]}}