{"id":16022,"date":"2026-04-30T10:54:16","date_gmt":"2026-04-30T13:54:16","guid":{"rendered":"https:\/\/radioclanfm.com\/clanespectaculos\/?p=16022"},"modified":"2026-04-30T10:54:16","modified_gmt":"2026-04-30T13:54:16","slug":"los-disenadores-coparon-la-alfombra-roja-de-el-diablo-viste-a-la-moda-2%e2%80%b3-y-fueron-protagonistas","status":"publish","type":"post","link":"https:\/\/radioclanfm.com\/clanespectaculos\/los-disenadores-coparon-la-alfombra-roja-de-el-diablo-viste-a-la-moda-2%e2%80%b3-y-fueron-protagonistas\/","title":{"rendered":"Los dise\u00f1adores coparon la alfombra roja de \u201cEl Diablo viste a la Moda 2\u2033 y fueron protagonistas"},"content":{"rendered":"<p>Roberto Piazza, Camima Romano, Benito Fern\u00e1ndez, Evangelina Bomparola, Gabriel Lage y otros prestigiosos referentes de la industria impactaron con sus looks tem\u00e1ticos.<\/p>\n<p class=\"paragraph font__body-regular\">La<i><b>\u00a0Gala Couture\u00a0<\/b><\/i>celebrada en el Malba con motivo del estreno de<i><b>\u00a0<\/b><\/i><i><b>El Diablo viste a la Moda 2<\/b><\/i>, en alianza con la Semana de la Alta Costura Argentina, se llen\u00f3 de figuras destacadas del mundo\u00a0<i>fashion<\/i>. Entre ellos, prestigiosos\u00a0<b>dise\u00f1adores de moda<\/b>\u00a0dieron el presente con looks que siguieron la consigna al pie de la letra:\u00a0<b>rojo, negro y gui\u00f1os al diablo.<\/b><\/p>\n<div id=\"ad-slot-infeed\" class=\"infeed-container ad-slot-infeed ad-slot\" data-adtype=\"infeed\" data-lazyload=\"1\" data-google-query-id=\"CLzbpa3clZQDFWAUHgAdTGcJiw\">\n<div id=\"google_ads_iframe_\/113951150\/tn-arc\/nota\/infeed_0__container__\"><iframe id=\"google_ads_iframe_\/113951150\/tn-arc\/nota\/infeed_0\" tabindex=\"0\" title=\"Contenido de anuncios de terceros\" name=\"google_ads_iframe_\/113951150\/tn-arc\/nota\/infeed_0\" width=\"1\" height=\"1\" frameborder=\"0\" marginwidth=\"0\" marginheight=\"0\" scrolling=\"no\" aria-label=\"Anuncio\" data-google-container-id=\"9\" data-load-complete=\"true\" data-mce-fragment=\"1\"><\/iframe><\/div>\n<\/div>\n<h2 class=\"font--primary font__display\">Ver\u00f3nica de la Canal<\/h2>\n<p class=\"paragraph font__body-regular\"><b>Ver\u00f3nica de la Canal<\/b><b>\u00a0<\/b>llev\u00f3 un vestido de su \u00faltima colecci\u00f3n, Sagrado Coraz\u00f3n. En este caso, un modelo\u00a0<i>nude\u00a0<\/i>encorsetado con un<b>\u00a0coraz\u00f3n en el frente<\/b>\u00a0atravesado por una espada. La\u00a0<b>capa roja voluminosa\u00a0<\/b>que us\u00f3 arriba le dio el toque \u201cdiab\u00f3lico\u201d al look.<\/p>\n<div id=\"standard_1\" class=\"st-placement standard_1 inArticle\">\n<div class=\"st-adunit-inarticle st-inarticle-slot\">\n<div class=\"st-adunit st-adunit-tagged st-reset st-show\">\n<div class=\"st-adunit-ad st-reset\">\n<div class=\"st-display-render st-reset open 300x600\"><\/div>\n<\/div>\n<\/div>\n<\/div>\n<\/div>\n<figure class=\"\" data-testid=\"figure-testid\">\n<div class=\"aspect_ratio__container\"><picture class=\"responsive-image\"><source srcset=\"https:\/\/tn.com.ar\/resizer\/v2\/veronica-de-la-canal-con-capa-roja-y-corazon-foto-movilpress-AMZCSAGXYRELTJ7QLJA74FJTJU.JPG?auth=37d5de2ca29a57b70d4e1c16756056c61b96cf22d764bba5ececef90c0a5ecca&amp;width=767\" type=\"image\/jpg\" media=\"(max-width: 728px)\" \/><source srcset=\"https:\/\/tn.com.ar\/resizer\/v2\/veronica-de-la-canal-con-capa-roja-y-corazon-foto-movilpress-AMZCSAGXYRELTJ7QLJA74FJTJU.JPG?auth=37d5de2ca29a57b70d4e1c16756056c61b96cf22d764bba5ececef90c0a5ecca&amp;width=1023\" type=\"image\/jpg\" media=\"(max-width: 1023px)\" \/><source srcset=\"https:\/\/tn.com.ar\/resizer\/v2\/veronica-de-la-canal-con-capa-roja-y-corazon-foto-movilpress-AMZCSAGXYRELTJ7QLJA74FJTJU.JPG?auth=37d5de2ca29a57b70d4e1c16756056c61b96cf22d764bba5ececef90c0a5ecca&amp;width=1440\" type=\"image\/jpg\" \/><img loading=\"lazy\" decoding=\"async\" class=\"image content-image image_placeholder\" src=\"https:\/\/tn.com.ar\/resizer\/v2\/veronica-de-la-canal-con-capa-roja-y-corazon-foto-movilpress-AMZCSAGXYRELTJ7QLJA74FJTJU.JPG?auth=37d5de2ca29a57b70d4e1c16756056c61b96cf22d764bba5ececef90c0a5ecca&amp;width=767\" alt=\"Ver\u00f3nica de la Canal con capa roja y coraz\u00f3n. (Foto: Movilpress)\" width=\"767\" height=\"1151\" data-testid=\"loading-testid\" \/><\/picture><\/div><figcaption class=\"caption_image\" data-testid=\"figcaption-testid\">\n<div class=\"image_caption \">Ver\u00f3nica de la Canal con capa roja y coraz\u00f3n. (Foto: Movilpress)<\/div>\n<\/figcaption><\/figure>\n<h2 class=\"font--primary font__display\">Evangelina Bomparola<\/h2>\n<p class=\"paragraph font__body-regular\">La flamante ganadora del\u00a0Mart\u00edn Fierro de la Moda\u00a0a<b>\u00a0Mejor Dise\u00f1adora moda femenina<\/b>\u00a0se mantuvo fiel a su estilo minimalista, pero con una cuota\u00a0<i>glam<\/i>. Eligi\u00f3 un\u00a0<b>vestido negro con brillos de escote halter<\/b>\u00a0pronunciado y falda fluida con pliegues. Complet\u00f3 el look con una\u00a0<b>minicartera negra matelaseada.<\/b><\/p>\n<figure class=\"\" data-testid=\"figure-testid\">\n<div class=\"aspect_ratio__container\"><picture class=\"responsive-image\"><source srcset=\"https:\/\/tn.com.ar\/resizer\/v2\/evangelina-bomparola-de-negro-con-brillos-foto-movilpress-5N7A622S25E65FAJ4SRSVHP3VQ.JPG?auth=732e8e978e91b4635c48ca8c4e776ee333875df398a32c926e19237ae6171996&amp;width=767\" type=\"image\/jpg\" media=\"(max-width: 728px)\" \/><source srcset=\"https:\/\/tn.com.ar\/resizer\/v2\/evangelina-bomparola-de-negro-con-brillos-foto-movilpress-5N7A622S25E65FAJ4SRSVHP3VQ.JPG?auth=732e8e978e91b4635c48ca8c4e776ee333875df398a32c926e19237ae6171996&amp;width=1023\" type=\"image\/jpg\" media=\"(max-width: 1023px)\" \/><source srcset=\"https:\/\/tn.com.ar\/resizer\/v2\/evangelina-bomparola-de-negro-con-brillos-foto-movilpress-5N7A622S25E65FAJ4SRSVHP3VQ.JPG?auth=732e8e978e91b4635c48ca8c4e776ee333875df398a32c926e19237ae6171996&amp;width=1440\" type=\"image\/jpg\" \/><img loading=\"lazy\" decoding=\"async\" class=\"image content-image image_placeholder\" src=\"https:\/\/tn.com.ar\/resizer\/v2\/evangelina-bomparola-de-negro-con-brillos-foto-movilpress-5N7A622S25E65FAJ4SRSVHP3VQ.JPG?auth=732e8e978e91b4635c48ca8c4e776ee333875df398a32c926e19237ae6171996&amp;width=767\" alt=\"Evangelina Bomparola, de negro con brillos. (Foto: Movilpress)\" width=\"767\" height=\"1151\" data-testid=\"loading-testid\" \/><\/picture><\/div><figcaption class=\"caption_image\" data-testid=\"figcaption-testid\">\n<div class=\"image_caption \">Evangelina Bomparola, de negro con brillos. (Foto: Movilpress)<\/div>\n<\/figcaption><\/figure>\n<h2 class=\"font--primary font__display\">Benito Fern\u00e1ndez<\/h2>\n<p class=\"paragraph font__body-regular\">Disruptivo y ecl\u00e9ctico como \u00e9l solo,\u00a0<b>Benito Fern\u00e1ndez\u00a0<\/b>combin\u00f3 una camisa negra con peque\u00f1os lunares con un\u00a0<b>saco degrad\u00e9, del rojo al bord\u00f3.\u00a0<\/b>Lo llev\u00f3 con un pantal\u00f3n de jean negro con detalles nevados y un\u00a0<b>mo\u00f1o en el cuello<\/b>. Como broche de oro, una cartera bandolera de Louis Vuitton.<\/p>\n<figure class=\"\" data-testid=\"figure-testid\">\n<div class=\"aspect_ratio__container\"><picture class=\"responsive-image\"><source srcset=\"https:\/\/tn.com.ar\/resizer\/v2\/benito-fernandez-con-saco-degrade-foto-movilpress-P44YHN3J3BDPTMC3IIEBCPWSHM.JPG?auth=05c79e2919993a4eec1a53aa741b4328847ded75c31a7fbad407191e4f210fac&amp;width=767\" type=\"image\/jpg\" media=\"(max-width: 728px)\" \/><source srcset=\"https:\/\/tn.com.ar\/resizer\/v2\/benito-fernandez-con-saco-degrade-foto-movilpress-P44YHN3J3BDPTMC3IIEBCPWSHM.JPG?auth=05c79e2919993a4eec1a53aa741b4328847ded75c31a7fbad407191e4f210fac&amp;width=1023\" type=\"image\/jpg\" media=\"(max-width: 1023px)\" \/><source srcset=\"https:\/\/tn.com.ar\/resizer\/v2\/benito-fernandez-con-saco-degrade-foto-movilpress-P44YHN3J3BDPTMC3IIEBCPWSHM.JPG?auth=05c79e2919993a4eec1a53aa741b4328847ded75c31a7fbad407191e4f210fac&amp;width=1440\" type=\"image\/jpg\" \/><img loading=\"lazy\" decoding=\"async\" class=\"image content-image image_placeholder\" src=\"https:\/\/tn.com.ar\/resizer\/v2\/benito-fernandez-con-saco-degrade-foto-movilpress-P44YHN3J3BDPTMC3IIEBCPWSHM.JPG?auth=05c79e2919993a4eec1a53aa741b4328847ded75c31a7fbad407191e4f210fac&amp;width=767\" alt=\"Benito Fern\u00e1ndez con saco degrad\u00e9. (Foto: Movilpress)\" width=\"767\" height=\"1151\" data-testid=\"loading-testid\" \/><\/picture><\/div><figcaption class=\"caption_image\" data-testid=\"figcaption-testid\">\n<div class=\"image_caption \">Benito Fern\u00e1ndez con saco degrad\u00e9. (Foto: Movilpress)<\/div>\n<\/figcaption><\/figure>\n<h2 class=\"font--primary font__display\">Gabriel Lage<\/h2>\n<p class=\"paragraph font__body-regular\"><b>Gabriel Lage<\/b>\u00a0apost\u00f3 a su impronta cl\u00e1sica y elegante con un\u00a0<b>esmoquin negro de solapas de raso y una camisa blanca<\/b>. Fue acompa\u00f1ado por su socio, Eduardo Ram\u00edrez, y por la modelo\u00a0<b>Angela Belkys<\/b>, que luci\u00f3 un\u00a0<b>vestido rojo con apliques tridimensionales y plumas firmado por el dise\u00f1ador.<\/b><\/p>\n<figure class=\"\" data-testid=\"figure-testid\">\n<div class=\"aspect_ratio__container\"><picture class=\"responsive-image\"><source srcset=\"https:\/\/tn.com.ar\/resizer\/v2\/gabriel-lage-elegante-en-la-gala-couture-foto-movilpress-QUBM7AJORBGDTCYVME5WYM7TGA.JPG?auth=daf2070f16c2dabfdb7def66f3c2459cb9236d16fbc5dc3f67cdc837006667b6&amp;width=767\" type=\"image\/jpg\" media=\"(max-width: 728px)\" \/><source srcset=\"https:\/\/tn.com.ar\/resizer\/v2\/gabriel-lage-elegante-en-la-gala-couture-foto-movilpress-QUBM7AJORBGDTCYVME5WYM7TGA.JPG?auth=daf2070f16c2dabfdb7def66f3c2459cb9236d16fbc5dc3f67cdc837006667b6&amp;width=1023\" type=\"image\/jpg\" media=\"(max-width: 1023px)\" \/><source srcset=\"https:\/\/tn.com.ar\/resizer\/v2\/gabriel-lage-elegante-en-la-gala-couture-foto-movilpress-QUBM7AJORBGDTCYVME5WYM7TGA.JPG?auth=daf2070f16c2dabfdb7def66f3c2459cb9236d16fbc5dc3f67cdc837006667b6&amp;width=1440\" type=\"image\/jpg\" \/><img loading=\"lazy\" decoding=\"async\" class=\"image content-image image_placeholder\" src=\"https:\/\/tn.com.ar\/resizer\/v2\/gabriel-lage-elegante-en-la-gala-couture-foto-movilpress-QUBM7AJORBGDTCYVME5WYM7TGA.JPG?auth=daf2070f16c2dabfdb7def66f3c2459cb9236d16fbc5dc3f67cdc837006667b6&amp;width=767\" alt=\"Gabriel Lage, elegante en la Gala Couture. (Foto: Movilpress)\" width=\"767\" height=\"1151\" data-testid=\"loading-testid\" \/><\/picture><\/div><figcaption class=\"caption_image\" data-testid=\"figcaption-testid\">\n<div class=\"image_caption \">Gabriel Lage, elegante en la Gala Couture. (Foto: Movilpress)<\/div>\n<\/figcaption><\/figure>\n<h2 class=\"font--primary font__display\">Gino Bogani<\/h2>\n<p class=\"paragraph font__body-regular\"><b>Gino Bogani<\/b>\u00a0le sum\u00f3 a su look cl\u00e1sico\u00a0<i><b>total black<\/b><\/i>\u00a0de\u00a0<b>sastrer\u00eda\u00a0<\/b>una\u00a0<b>bufanda roja\u00a0<\/b>para estar a juego con el<i><b>\u00a0<\/b><\/i><i>dress code<\/i>. Como detalle final, tambi\u00e9n us\u00f3\u00a0<b>mocasines rojos metalizados.<\/b>\u00a0Lleg\u00f3 de la mano de su musa,\u00a0<b>Juana Viale<\/b>, que luci\u00f3 un vestido al tono con\u00a0<i>corset\u00a0<\/i><i><b>strapless\u00a0<\/b><\/i>y capa negra y roja.<\/p>\n<figure class=\"\" data-testid=\"figure-testid\">\n<div class=\"aspect_ratio__container\"><picture class=\"responsive-image\"><source srcset=\"https:\/\/tn.com.ar\/resizer\/v2\/gino-bogani-con-detalles-rojos-foto-movilpress-PXYYLN52AFHUJNM6Z2V2K2ZDXM.JPG?auth=a916b53465af49225d46c18e98f385399d0c2eb8660c7a646faa11d94f007a20&amp;width=767\" type=\"image\/jpg\" media=\"(max-width: 728px)\" \/><source srcset=\"https:\/\/tn.com.ar\/resizer\/v2\/gino-bogani-con-detalles-rojos-foto-movilpress-PXYYLN52AFHUJNM6Z2V2K2ZDXM.JPG?auth=a916b53465af49225d46c18e98f385399d0c2eb8660c7a646faa11d94f007a20&amp;width=1023\" type=\"image\/jpg\" media=\"(max-width: 1023px)\" \/><source srcset=\"https:\/\/tn.com.ar\/resizer\/v2\/gino-bogani-con-detalles-rojos-foto-movilpress-PXYYLN52AFHUJNM6Z2V2K2ZDXM.JPG?auth=a916b53465af49225d46c18e98f385399d0c2eb8660c7a646faa11d94f007a20&amp;width=1440\" type=\"image\/jpg\" \/><img loading=\"lazy\" decoding=\"async\" class=\"image content-image image_placeholder\" src=\"https:\/\/tn.com.ar\/resizer\/v2\/gino-bogani-con-detalles-rojos-foto-movilpress-PXYYLN52AFHUJNM6Z2V2K2ZDXM.JPG?auth=a916b53465af49225d46c18e98f385399d0c2eb8660c7a646faa11d94f007a20&amp;width=767\" alt=\"Gino Bogani con detalles rojos. (Foto: Movilpress)\" width=\"767\" height=\"1151\" data-testid=\"loading-testid\" \/><\/picture><\/div><figcaption class=\"caption_image\" data-testid=\"figcaption-testid\">\n<div class=\"image_caption \">Gino Bogani con detalles rojos. (Foto: Movilpress)<\/div>\n<\/figcaption><\/figure>\n<figure class=\"\" data-testid=\"figure-testid\">\n<div class=\"aspect_ratio__container\"><picture class=\"responsive-image\"><source srcset=\"https:\/\/tn.com.ar\/resizer\/v2\/gino-bogani-acompano-a-juana-viale-en-la-alfombra-roja-foto-movilpress-45LOMBXA25HR5LE4BGYIFNCOU4.JPG?auth=1309a46f7889e3fb2daa27e3d01dd96db05812274ff7725afed17a3fb1f4d4b1&amp;width=767\" type=\"image\/jpg\" media=\"(max-width: 728px)\" \/><source srcset=\"https:\/\/tn.com.ar\/resizer\/v2\/gino-bogani-acompano-a-juana-viale-en-la-alfombra-roja-foto-movilpress-45LOMBXA25HR5LE4BGYIFNCOU4.JPG?auth=1309a46f7889e3fb2daa27e3d01dd96db05812274ff7725afed17a3fb1f4d4b1&amp;width=1023\" type=\"image\/jpg\" media=\"(max-width: 1023px)\" \/><source srcset=\"https:\/\/tn.com.ar\/resizer\/v2\/gino-bogani-acompano-a-juana-viale-en-la-alfombra-roja-foto-movilpress-45LOMBXA25HR5LE4BGYIFNCOU4.JPG?auth=1309a46f7889e3fb2daa27e3d01dd96db05812274ff7725afed17a3fb1f4d4b1&amp;width=1440\" type=\"image\/jpg\" \/><img loading=\"lazy\" decoding=\"async\" class=\"image content-image image_placeholder\" src=\"https:\/\/tn.com.ar\/resizer\/v2\/gino-bogani-acompano-a-juana-viale-en-la-alfombra-roja-foto-movilpress-45LOMBXA25HR5LE4BGYIFNCOU4.JPG?auth=1309a46f7889e3fb2daa27e3d01dd96db05812274ff7725afed17a3fb1f4d4b1&amp;width=767\" alt=\"Gino Bogani acompa\u00f1\u00f3 a Juana Viale en la alfombra roja (Foto: Movilpress)\" width=\"767\" height=\"1151\" data-testid=\"loading-testid\" \/><\/picture><\/div><figcaption class=\"caption_image\" data-testid=\"figcaption-testid\">\n<div class=\"image_caption \">Gino Bogani acompa\u00f1\u00f3 a Juana Viale en la alfombra roja (Foto: Movilpress)<\/div>\n<\/figcaption><\/figure>\n<h2 class=\"font--primary font__display\">Natalia Antol\u00edn<\/h2>\n<p class=\"paragraph font__body-regular\">La dise\u00f1adora favorita de las famosas se mostr\u00f3 cl\u00e1sica y minimalista con un look de\u00a0<b>sastrer\u00eda\u00a0<\/b><i><b>total black<\/b><\/i>. Combin\u00f3 una blusa con lazo en el cuello con un\u00a0<b>saco largo, estilo frac<\/b>, y un pantal\u00f3n recto. Cerr\u00f3 el look con calzado al tono y una minicartera con correa de eslabones met\u00e1licos.<\/p>\n<figure class=\"\" data-testid=\"figure-testid\">\n<div class=\"aspect_ratio__container\"><picture class=\"responsive-image\"><source srcset=\"https:\/\/tn.com.ar\/resizer\/v2\/natalia-antolin-en-total-black-foto-movilpress-M3FGYJOZGBGLBBUQU5636WRZXI.JPG?auth=1c3f16fb1385dfc67f625a00df36e74400e9f367673b2f485ecc5a90670a1be0&amp;width=767\" type=\"image\/jpg\" media=\"(max-width: 728px)\" \/><source srcset=\"https:\/\/tn.com.ar\/resizer\/v2\/natalia-antolin-en-total-black-foto-movilpress-M3FGYJOZGBGLBBUQU5636WRZXI.JPG?auth=1c3f16fb1385dfc67f625a00df36e74400e9f367673b2f485ecc5a90670a1be0&amp;width=1023\" type=\"image\/jpg\" media=\"(max-width: 1023px)\" \/><source srcset=\"https:\/\/tn.com.ar\/resizer\/v2\/natalia-antolin-en-total-black-foto-movilpress-M3FGYJOZGBGLBBUQU5636WRZXI.JPG?auth=1c3f16fb1385dfc67f625a00df36e74400e9f367673b2f485ecc5a90670a1be0&amp;width=1440\" type=\"image\/jpg\" \/><img loading=\"lazy\" decoding=\"async\" class=\"image content-image image_placeholder\" src=\"https:\/\/tn.com.ar\/resizer\/v2\/natalia-antolin-en-total-black-foto-movilpress-M3FGYJOZGBGLBBUQU5636WRZXI.JPG?auth=1c3f16fb1385dfc67f625a00df36e74400e9f367673b2f485ecc5a90670a1be0&amp;width=767\" alt=\"Natalia Antol\u00edn en total black. (Foto: Movilpress)\" width=\"767\" height=\"1151\" data-testid=\"loading-testid\" \/><\/picture><\/div><figcaption class=\"caption_image\" data-testid=\"figcaption-testid\">\n<div class=\"image_caption \">Natalia Antol\u00edn en total black. (Foto: Movilpress)<\/div>\n<\/figcaption><\/figure>\n<h2 class=\"font--primary font__display\">Claudio Cosano<\/h2>\n<p class=\"paragraph font__body-regular\"><b>Claudio Cosano<\/b>\u00a0apareci\u00f3 en la alfombra roja con un<b>\u00a0ambo negro cl\u00e1sico y camisa blanca.\u00a0<\/b>Como detalle, lo combin\u00f3 con una\u00a0<b>corbata roja con lunares negros.<\/b>\u00a0El dise\u00f1ador visti\u00f3 a\u00a0<b>Barby Franco,<\/b>\u00a0que luci\u00f3 un<b>\u00a0vestido rojo con bordado de brillantes y capa incluida al tono.<\/b><\/p>\n<figure class=\"\" data-testid=\"figure-testid\">\n<div class=\"aspect_ratio__container\"><picture class=\"responsive-image\"><source srcset=\"https:\/\/tn.com.ar\/resizer\/v2\/claudio-cosano-junto-a-barby-franco-foto-movilpress-I3Y4EUWX5BA3JEFJMGBFAT5TM4.JPG?auth=6d378cfc7f90c59eed406c446541648cd38b589cb9ee69596092a1b2b22401ae&amp;width=767\" type=\"image\/jpg\" media=\"(max-width: 728px)\" \/><source srcset=\"https:\/\/tn.com.ar\/resizer\/v2\/claudio-cosano-junto-a-barby-franco-foto-movilpress-I3Y4EUWX5BA3JEFJMGBFAT5TM4.JPG?auth=6d378cfc7f90c59eed406c446541648cd38b589cb9ee69596092a1b2b22401ae&amp;width=1023\" type=\"image\/jpg\" media=\"(max-width: 1023px)\" \/><source srcset=\"https:\/\/tn.com.ar\/resizer\/v2\/claudio-cosano-junto-a-barby-franco-foto-movilpress-I3Y4EUWX5BA3JEFJMGBFAT5TM4.JPG?auth=6d378cfc7f90c59eed406c446541648cd38b589cb9ee69596092a1b2b22401ae&amp;width=1440\" type=\"image\/jpg\" \/><img loading=\"lazy\" decoding=\"async\" class=\"image content-image image_placeholder\" src=\"https:\/\/tn.com.ar\/resizer\/v2\/claudio-cosano-junto-a-barby-franco-foto-movilpress-I3Y4EUWX5BA3JEFJMGBFAT5TM4.JPG?auth=6d378cfc7f90c59eed406c446541648cd38b589cb9ee69596092a1b2b22401ae&amp;width=767\" alt=\"Claudio Cosano junto a Barby Franco. (Foto: Movilpress)\" width=\"767\" height=\"1151\" data-testid=\"loading-testid\" \/><\/picture><\/div><figcaption class=\"caption_image\" data-testid=\"figcaption-testid\">\n<div class=\"image_caption \">Claudio Cosano junto a Barby Franco. (Foto: Movilpress)<\/div>\n<\/figcaption><\/figure>\n<h2 class=\"font--primary font__display\">Fabi\u00e1n Zitta<\/h2>\n<p class=\"paragraph font__body-regular\"><b>Fabi\u00e1n Zitta\u00a0<\/b>arm\u00f3 un look cl\u00e1sico de gala:\u00a0<b>ambo negro y camisa blanca.<\/b>\u00a0Como detalle, sum\u00f3 un prendedor blanco con relieve en la solapa del saco.<\/p>\n<figure class=\"\" data-testid=\"figure-testid\">\n<div class=\"aspect_ratio__container\"><picture class=\"responsive-image\"><source srcset=\"https:\/\/tn.com.ar\/resizer\/v2\/fabian-zitta-en-sastreria-negra-foto-movilpress-GBMJQBXY2BGCREEIUFO5DK4S2E.JPG?auth=677a8ac3a124691e8441692111862d7dd583a800ccbbaf8eeccb314b26e079f1&amp;width=767\" type=\"image\/jpg\" media=\"(max-width: 728px)\" \/><source srcset=\"https:\/\/tn.com.ar\/resizer\/v2\/fabian-zitta-en-sastreria-negra-foto-movilpress-GBMJQBXY2BGCREEIUFO5DK4S2E.JPG?auth=677a8ac3a124691e8441692111862d7dd583a800ccbbaf8eeccb314b26e079f1&amp;width=1023\" type=\"image\/jpg\" media=\"(max-width: 1023px)\" \/><source srcset=\"https:\/\/tn.com.ar\/resizer\/v2\/fabian-zitta-en-sastreria-negra-foto-movilpress-GBMJQBXY2BGCREEIUFO5DK4S2E.JPG?auth=677a8ac3a124691e8441692111862d7dd583a800ccbbaf8eeccb314b26e079f1&amp;width=1440\" type=\"image\/jpg\" \/><img loading=\"lazy\" decoding=\"async\" class=\"image content-image image_placeholder\" src=\"https:\/\/tn.com.ar\/resizer\/v2\/fabian-zitta-en-sastreria-negra-foto-movilpress-GBMJQBXY2BGCREEIUFO5DK4S2E.JPG?auth=677a8ac3a124691e8441692111862d7dd583a800ccbbaf8eeccb314b26e079f1&amp;width=767\" alt=\"Fabi\u00e1n Zitta en sastrer\u00eda negra. (Foto: Movilpress)\" width=\"767\" height=\"1151\" data-testid=\"loading-testid\" \/><\/picture><\/div><figcaption class=\"caption_image\" data-testid=\"figcaption-testid\">\n<div class=\"image_caption \">Fabi\u00e1n Zitta en sastrer\u00eda negra. (Foto: Movilpress)<\/div>\n<\/figcaption><\/figure>\n<h2 class=\"font--primary font__display\">Pucheta-Paz<\/h2>\n<p class=\"paragraph font__body-regular\"><b>Gustavo Pucheta y Fabi\u00e1n Paz<\/b>\u00a0se vistieron, como de costumbre, coordinados. Los dos usaron\u00a0<b>sastrer\u00eda negra<\/b>, con\u00a0<b>camisa blanca en el caso de Pucheta y en negra para Paz.<\/b><\/p>\n<figure class=\"\" data-testid=\"figure-testid\">\n<div class=\"aspect_ratio__container\"><picture class=\"responsive-image\"><source srcset=\"https:\/\/tn.com.ar\/resizer\/v2\/gustavo-pucheta-y-fabian-paz-en-sastreria-junto-a-sus-modelos-foto-mvilpress-SO42HNHZRVHB5OG4PEXI2S6A6M.JPG?auth=5154a5cc77c0d2ab234d19fed44e33967b3aa6032296375b57f20386369bc8d7&amp;width=767\" type=\"image\/jpg\" media=\"(max-width: 728px)\" \/><source srcset=\"https:\/\/tn.com.ar\/resizer\/v2\/gustavo-pucheta-y-fabian-paz-en-sastreria-junto-a-sus-modelos-foto-mvilpress-SO42HNHZRVHB5OG4PEXI2S6A6M.JPG?auth=5154a5cc77c0d2ab234d19fed44e33967b3aa6032296375b57f20386369bc8d7&amp;width=1023\" type=\"image\/jpg\" media=\"(max-width: 1023px)\" \/><source srcset=\"https:\/\/tn.com.ar\/resizer\/v2\/gustavo-pucheta-y-fabian-paz-en-sastreria-junto-a-sus-modelos-foto-mvilpress-SO42HNHZRVHB5OG4PEXI2S6A6M.JPG?auth=5154a5cc77c0d2ab234d19fed44e33967b3aa6032296375b57f20386369bc8d7&amp;width=1440\" type=\"image\/jpg\" \/><img loading=\"lazy\" decoding=\"async\" class=\"image content-image image_placeholder\" src=\"https:\/\/tn.com.ar\/resizer\/v2\/gustavo-pucheta-y-fabian-paz-en-sastreria-junto-a-sus-modelos-foto-mvilpress-SO42HNHZRVHB5OG4PEXI2S6A6M.JPG?auth=5154a5cc77c0d2ab234d19fed44e33967b3aa6032296375b57f20386369bc8d7&amp;width=767\" alt=\"Gustavo Pucheta y Fabi\u00e1n Paz, en sastrer\u00eda junto a sus modelos. (Foto: Mvilpress)\" width=\"767\" height=\"511\" data-testid=\"loading-testid\" \/><\/picture><\/div><figcaption class=\"caption_image\" data-testid=\"figcaption-testid\">\n<div class=\"image_caption \">Gustavo Pucheta y Fabi\u00e1n Paz, en sastrer\u00eda junto a sus modelos. (Foto: Mvilpress)<\/div>\n<\/figcaption><\/figure>\n<p class=\"paragraph font__body-regular\">Como parte de la\u00a0<i>performance\u00a0<\/i>del look conceptual, estuvieron acompa\u00f1ados por la modelo<b>\u00a0Im\u00e1n Kaumann<\/b>, que llev\u00f3 un vestido blanco con falda estructurada, y\u00a0<b>Miuka<\/b>, que us\u00f3 uno\u00a0<b>negro con vol\u00famenes y relieves.<\/b><\/p>\n<h2 class=\"font--primary font__display\">Marcelo Senra<\/h2>\n<p class=\"paragraph font__body-regular\"><b>Marcelo Senra<\/b>, el ic\u00f3nico dise\u00f1ador salte\u00f1o lleg\u00f3 a la gala elegant\u00edsimo con una chalina de inspiraci\u00f3n artesanal. Pos\u00f3 junto a\u00a0<b>Gino Bogani\u00a0<\/b>y Mar\u00eda Claudia Pedrayes, RRPP de la gala couture.<\/p>\n<figure class=\"\" data-testid=\"figure-testid\">\n<div class=\"aspect_ratio__container\"><picture class=\"responsive-image\"><source srcset=\"https:\/\/tn.com.ar\/resizer\/v2\/gino-bogani-marcelo-senra-y-maria-pedrayes-una-de-las-organizadoras-del-evento-foto-movilpress-UOBHZES6XFCAFF76QEDDMVJUU4.jpeg?auth=ae760f2bae2f5b8eba01cc413e881b56a86978b0de85dc47d23196cf01544817&amp;width=767\" type=\"image\/jpg\" media=\"(max-width: 728px)\" \/><source srcset=\"https:\/\/tn.com.ar\/resizer\/v2\/gino-bogani-marcelo-senra-y-maria-pedrayes-una-de-las-organizadoras-del-evento-foto-movilpress-UOBHZES6XFCAFF76QEDDMVJUU4.jpeg?auth=ae760f2bae2f5b8eba01cc413e881b56a86978b0de85dc47d23196cf01544817&amp;width=1023\" type=\"image\/jpg\" media=\"(max-width: 1023px)\" \/><source srcset=\"https:\/\/tn.com.ar\/resizer\/v2\/gino-bogani-marcelo-senra-y-maria-pedrayes-una-de-las-organizadoras-del-evento-foto-movilpress-UOBHZES6XFCAFF76QEDDMVJUU4.jpeg?auth=ae760f2bae2f5b8eba01cc413e881b56a86978b0de85dc47d23196cf01544817&amp;width=1440\" type=\"image\/jpg\" \/><img loading=\"lazy\" decoding=\"async\" class=\"image content-image image_placeholder\" src=\"https:\/\/tn.com.ar\/resizer\/v2\/gino-bogani-marcelo-senra-y-maria-pedrayes-una-de-las-organizadoras-del-evento-foto-movilpress-UOBHZES6XFCAFF76QEDDMVJUU4.jpeg?auth=ae760f2bae2f5b8eba01cc413e881b56a86978b0de85dc47d23196cf01544817&amp;width=767\" alt=\"Gino Bogani, Marcelo Senra y Mar\u00eda Pedrayes, una de las organizadoras del evento. (Foto: Movilpress)\" width=\"767\" height=\"1151\" data-testid=\"loading-testid\" \/><\/picture><\/div><figcaption class=\"caption_image\" data-testid=\"figcaption-testid\">\n<div class=\"image_caption \">Gino Bogani, Marcelo Senra y Mar\u00eda Pedrayes, una de las organizadoras del evento. (Foto: Movilpress)<\/div>\n<\/figcaption><\/figure>\n<h2 class=\"font--primary font__display\">Roberto Piazza<\/h2>\n<p class=\"paragraph font__body-regular\"><b>Roberto Piazza\u00a0<\/b>lo dio todo con su\u00a0<b>sastrer\u00eda negra adornada con lentejuelas rojas<\/b>, a juego con la cruz que llev\u00f3 colgada al cuello. Como muchos de los otros invitados, tambi\u00e9n us\u00f3\u00a0<b>capa negra<\/b>. Su pareja,\u00a0<b>Walter V\u00e1zquez<\/b>, se visti\u00f3 a juego con camisa negra, pantal\u00f3n de cuero al tono y un<b>\u00a0saco con brocado en la misma paleta.<\/b><\/p>\n<figure class=\"\" data-testid=\"figure-testid\">\n<div class=\"aspect_ratio__container\"><picture class=\"responsive-image\"><source srcset=\"https:\/\/tn.com.ar\/resizer\/v2\/roberto-piazza-y-walter-vazquez-combinados-EXU4LPYDNBA5VMOY2JIRHNBRFY.PNG?auth=7bd6d980da23e05ac03dac8c5eae22a488047d1f9436caa1c0bd350798b3426a&amp;width=767\" type=\"image\/jpg\" media=\"(max-width: 728px)\" \/><source srcset=\"https:\/\/tn.com.ar\/resizer\/v2\/roberto-piazza-y-walter-vazquez-combinados-EXU4LPYDNBA5VMOY2JIRHNBRFY.PNG?auth=7bd6d980da23e05ac03dac8c5eae22a488047d1f9436caa1c0bd350798b3426a&amp;width=1023\" type=\"image\/jpg\" media=\"(max-width: 1023px)\" \/><source srcset=\"https:\/\/tn.com.ar\/resizer\/v2\/roberto-piazza-y-walter-vazquez-combinados-EXU4LPYDNBA5VMOY2JIRHNBRFY.PNG?auth=7bd6d980da23e05ac03dac8c5eae22a488047d1f9436caa1c0bd350798b3426a&amp;width=1440\" type=\"image\/jpg\" \/><img loading=\"lazy\" decoding=\"async\" class=\"image content-image image_placeholder\" src=\"https:\/\/tn.com.ar\/resizer\/v2\/roberto-piazza-y-walter-vazquez-combinados-EXU4LPYDNBA5VMOY2JIRHNBRFY.PNG?auth=7bd6d980da23e05ac03dac8c5eae22a488047d1f9436caa1c0bd350798b3426a&amp;width=767\" alt=\"Roberto Piazza y Walter V\u00e1zquez, combinados.\" width=\"767\" height=\"1289\" data-testid=\"loading-testid\" \/><\/picture><\/div><figcaption class=\"caption_image\" data-testid=\"figcaption-testid\">\n<div class=\"image_caption \">Roberto Piazza y Walter V\u00e1zquez, combinados.<\/div>\n<\/figcaption><\/figure>\n<h2 class=\"font--primary font__display\">Pablo Ram\u00edrez<\/h2>\n<p class=\"paragraph font__body-regular\"><b>Pablo Ram\u00edrez<\/b>\u00a0tambi\u00e9n utiliz\u00f3 el recurso de la\u00a0<b>capa<\/b>, pero en un dise\u00f1o negro de inspiraci\u00f3n religiosa que acompa\u00f1\u00f3 con un traje del mismo color.<\/p>\n<figure class=\"\" data-testid=\"figure-testid\">\n<div class=\"aspect_ratio__container\"><picture class=\"responsive-image\"><source srcset=\"https:\/\/tn.com.ar\/resizer\/v2\/pablo-ramirez-total-black-con-capa-foto-mvilpress-FSTDDIEFPRCJ7CON2BZX2A3RDY.JPG?auth=b62507fba200c8505daaf6979295eb545757b699d359a50a681b25bf931c9654&amp;width=767\" type=\"image\/jpg\" media=\"(max-width: 728px)\" \/><source srcset=\"https:\/\/tn.com.ar\/resizer\/v2\/pablo-ramirez-total-black-con-capa-foto-mvilpress-FSTDDIEFPRCJ7CON2BZX2A3RDY.JPG?auth=b62507fba200c8505daaf6979295eb545757b699d359a50a681b25bf931c9654&amp;width=1023\" type=\"image\/jpg\" media=\"(max-width: 1023px)\" \/><source srcset=\"https:\/\/tn.com.ar\/resizer\/v2\/pablo-ramirez-total-black-con-capa-foto-mvilpress-FSTDDIEFPRCJ7CON2BZX2A3RDY.JPG?auth=b62507fba200c8505daaf6979295eb545757b699d359a50a681b25bf931c9654&amp;width=1440\" type=\"image\/jpg\" \/><img loading=\"lazy\" decoding=\"async\" class=\"image content-image image_placeholder\" src=\"https:\/\/tn.com.ar\/resizer\/v2\/pablo-ramirez-total-black-con-capa-foto-mvilpress-FSTDDIEFPRCJ7CON2BZX2A3RDY.JPG?auth=b62507fba200c8505daaf6979295eb545757b699d359a50a681b25bf931c9654&amp;width=767\" alt=\"Pablo Ram\u00edrez, total black con capa. (Foto: Mvilpress)\" width=\"767\" height=\"1151\" data-testid=\"loading-testid\" \/><\/picture><\/div><figcaption class=\"caption_image\" data-testid=\"figcaption-testid\">\n<div class=\"image_caption \">Pablo Ram\u00edrez, total black con capa. (Foto: Mvilpress)<\/div>\n<\/figcaption><\/figure>\n<h2 class=\"font--primary font__display\">Adri\u00e1n Brown<\/h2>\n<p class=\"paragraph font__body-regular\">El dise\u00f1ador se mostr\u00f3 cl\u00e1sico y elegante con un\u00a0<b>saco esmoquin de terciopelo negro<\/b>, pantal\u00f3n al tono y anteojos de lectura con marco negro. Su musa fue\u00a0<b>Milagros Schmoll<\/b>, con un\u00a0<b>vestido rojo<\/b>\u00a0adornado con un gran\u00a0<b>mo\u00f1o magenta\u00a0<\/b>en el delantero.<\/p>\n<figure class=\"\" data-testid=\"figure-testid\">\n<div class=\"aspect_ratio__container\"><picture class=\"responsive-image\"><source srcset=\"https:\/\/tn.com.ar\/resizer\/v2\/adrian-brown-junto-a-milagros-schmoll-foto-instagramadrianbrownofficial-IMTX6QEGDBAC3NWZ5D6EEEI7OE.PNG?auth=0e9bdaf2750a41067786d817ba8e98248b916a03454f09746fa200ee906fb4af&amp;width=767\" type=\"image\/jpg\" media=\"(max-width: 728px)\" \/><source srcset=\"https:\/\/tn.com.ar\/resizer\/v2\/adrian-brown-junto-a-milagros-schmoll-foto-instagramadrianbrownofficial-IMTX6QEGDBAC3NWZ5D6EEEI7OE.PNG?auth=0e9bdaf2750a41067786d817ba8e98248b916a03454f09746fa200ee906fb4af&amp;width=1023\" type=\"image\/jpg\" media=\"(max-width: 1023px)\" \/><source srcset=\"https:\/\/tn.com.ar\/resizer\/v2\/adrian-brown-junto-a-milagros-schmoll-foto-instagramadrianbrownofficial-IMTX6QEGDBAC3NWZ5D6EEEI7OE.PNG?auth=0e9bdaf2750a41067786d817ba8e98248b916a03454f09746fa200ee906fb4af&amp;width=1440\" type=\"image\/jpg\" \/><img loading=\"lazy\" decoding=\"async\" class=\"image content-image image_placeholder\" src=\"https:\/\/tn.com.ar\/resizer\/v2\/adrian-brown-junto-a-milagros-schmoll-foto-instagramadrianbrownofficial-IMTX6QEGDBAC3NWZ5D6EEEI7OE.PNG?auth=0e9bdaf2750a41067786d817ba8e98248b916a03454f09746fa200ee906fb4af&amp;width=767\" alt=\"Adri\u00e1n Brown junto a Milagros Schmoll. (Foto: Instagram\/@adrianbrownofficial)\" width=\"767\" height=\"1175\" data-testid=\"loading-testid\" \/><\/picture><\/div><figcaption class=\"caption_image\" data-testid=\"figcaption-testid\">\n<div class=\"image_caption \">Adri\u00e1n Brown junto a Milagros Schmoll. (Foto: Instagram\/@adrianbrownofficial)<\/div>\n<\/figcaption><\/figure>\n<h2 class=\"font--primary font__display\">Panni Margot<\/h2>\n<p class=\"paragraph font__body-regular\">Disruptivo como pocos,\u00a0<b>Panni Marot<\/b>\u00a0arm\u00f3 un look con inspiraci\u00f3n en el\u00a0<b>kimono oriental<\/b>, negro, de molder\u00eda\u00a0<i>oversize\u00a0<\/i>y con estampado abstracto en rojo. Lo complement\u00f3 con un sombrero haciendo juego.<\/p>\n<figure class=\"\" data-testid=\"figure-testid\">\n<div class=\"aspect_ratio__container\"><picture class=\"responsive-image\"><source srcset=\"https:\/\/tn.com.ar\/resizer\/v2\/panni-margot-a-juego-con-christian-sancho-foto-movilpress-3ZZHZKVSPZDZ7CPLH4HK2CM4IA.JPG?auth=41d6675f798412f690a1ab9924c02c2845138bc815bad2fcf0b6fe048e8bdde3&amp;width=767\" type=\"image\/jpg\" media=\"(max-width: 728px)\" \/><source srcset=\"https:\/\/tn.com.ar\/resizer\/v2\/panni-margot-a-juego-con-christian-sancho-foto-movilpress-3ZZHZKVSPZDZ7CPLH4HK2CM4IA.JPG?auth=41d6675f798412f690a1ab9924c02c2845138bc815bad2fcf0b6fe048e8bdde3&amp;width=1023\" type=\"image\/jpg\" media=\"(max-width: 1023px)\" \/><source srcset=\"https:\/\/tn.com.ar\/resizer\/v2\/panni-margot-a-juego-con-christian-sancho-foto-movilpress-3ZZHZKVSPZDZ7CPLH4HK2CM4IA.JPG?auth=41d6675f798412f690a1ab9924c02c2845138bc815bad2fcf0b6fe048e8bdde3&amp;width=1440\" type=\"image\/jpg\" \/><img loading=\"lazy\" decoding=\"async\" class=\"image content-image image_placeholder\" src=\"https:\/\/tn.com.ar\/resizer\/v2\/panni-margot-a-juego-con-christian-sancho-foto-movilpress-3ZZHZKVSPZDZ7CPLH4HK2CM4IA.JPG?auth=41d6675f798412f690a1ab9924c02c2845138bc815bad2fcf0b6fe048e8bdde3&amp;width=767\" alt=\"Panni Margot, a juego con Christian Sancho. (Foto: Movilpress)\" width=\"767\" height=\"1151\" data-testid=\"loading-testid\" \/><\/picture><\/div><figcaption class=\"caption_image\" data-testid=\"figcaption-testid\">\n<div class=\"image_caption \">Panni Margot, a juego con Christian Sancho. (Foto: Movilpress)<\/div>\n<\/figcaption><\/figure>\n<p class=\"paragraph font__body-regular\">El dise\u00f1ador visti\u00f3 adem\u00e1s a\u00a0<b>Christian Sancho<\/b>, a juego, con un\u00a0<b>ambo negro con los mismos detalles rojos\u00a0<\/b>y una enorme capa como broche de oro.<\/p>\n<h2 class=\"font--primary font__display\">Camila Romano<\/h2>\n<p class=\"paragraph font__body-regular\">La joven dise\u00f1adora\u00a0<b>Camila Romano<\/b>, famosa por sus vestidos de noche y de novia, se mostr\u00f3 elegant\u00edsima con un\u00a0<b>strapless al cuerpo negro con falda armada muy voluminosa\u00a0<\/b>y cola. Visti\u00f3 a Stephanie Demner, Carolina kopeliof y Justina Bustos para la gala couture del Malba.<\/p>\n<figure class=\"\" data-testid=\"figure-testid\">\n<div class=\"aspect_ratio__container\"><picture class=\"responsive-image\"><source srcset=\"https:\/\/tn.com.ar\/resizer\/v2\/camila-romano-elegantisima-foto-express-news-IZ656VY2BJDVZCHYFUIRIIESHU.jpeg?auth=c15c53009ee28b622e17ed49cbed1f37226576791651ff38fd0cc3bd449967a8&amp;width=767\" type=\"image\/jpg\" media=\"(max-width: 728px)\" \/><source srcset=\"https:\/\/tn.com.ar\/resizer\/v2\/camila-romano-elegantisima-foto-express-news-IZ656VY2BJDVZCHYFUIRIIESHU.jpeg?auth=c15c53009ee28b622e17ed49cbed1f37226576791651ff38fd0cc3bd449967a8&amp;width=1023\" type=\"image\/jpg\" media=\"(max-width: 1023px)\" \/><source srcset=\"https:\/\/tn.com.ar\/resizer\/v2\/camila-romano-elegantisima-foto-express-news-IZ656VY2BJDVZCHYFUIRIIESHU.jpeg?auth=c15c53009ee28b622e17ed49cbed1f37226576791651ff38fd0cc3bd449967a8&amp;width=1440\" type=\"image\/jpg\" \/><img loading=\"lazy\" decoding=\"async\" class=\"image content-image image_placeholder\" src=\"https:\/\/tn.com.ar\/resizer\/v2\/camila-romano-elegantisima-foto-express-news-IZ656VY2BJDVZCHYFUIRIIESHU.jpeg?auth=c15c53009ee28b622e17ed49cbed1f37226576791651ff38fd0cc3bd449967a8&amp;width=767\" alt=\"Camila Romano, elegant\u00edsima. (Foto: Express News)\" width=\"767\" height=\"1149\" data-testid=\"loading-testid\" \/><\/picture><\/div><figcaption class=\"caption_image\" data-testid=\"figcaption-testid\">\n<div class=\"image_caption \">Camila Romano, elegant\u00edsima. (Foto: Express News)<\/div>\n<\/figcaption><\/figure>\n<p class=\"paragraph font__body-regular\">\n<h2 class=\"font--primary font__display\">C\u00e9sar Juricich<\/h2>\n<p class=\"paragraph font__body-regular\"><b>C\u00e9sar Juricich<\/b>\u00a0fue otro de los que apost\u00f3 a la\u00a0<b>esmoquin\u00a0<\/b>cl\u00e1sico en negro. En este caso, combinada con un<b>\u00a0mo\u00f1o negro en el cuello y una bufanda roja<\/b>. Lleg\u00f3 a la gala con la modelo\u00a0<b>Antonella Benvenaste<\/b>, que luci\u00f3 un vestido con\u00a0<i><b>body\u00a0<\/b><\/i><b>bordado con flores brillantes<\/b>\u00a0y\u00a0<b>falda roja con un tajo delantero.<\/b><\/p>\n<figure class=\"\" data-testid=\"figure-testid\">\n<div class=\"aspect_ratio__container\"><picture class=\"responsive-image\"><source srcset=\"https:\/\/tn.com.ar\/resizer\/v2\/cesar-juricich-en-negro-y-rojo-foto-movilpress-Y4HKZMUWB5ADNOMLAVJ3NNYWLM.JPG?auth=520229e23240ff0a27309494df0606d706a3034fa766bd8daca2a275759f880e&amp;width=767\" type=\"image\/jpg\" media=\"(max-width: 728px)\" \/><source srcset=\"https:\/\/tn.com.ar\/resizer\/v2\/cesar-juricich-en-negro-y-rojo-foto-movilpress-Y4HKZMUWB5ADNOMLAVJ3NNYWLM.JPG?auth=520229e23240ff0a27309494df0606d706a3034fa766bd8daca2a275759f880e&amp;width=1023\" type=\"image\/jpg\" media=\"(max-width: 1023px)\" \/><source srcset=\"https:\/\/tn.com.ar\/resizer\/v2\/cesar-juricich-en-negro-y-rojo-foto-movilpress-Y4HKZMUWB5ADNOMLAVJ3NNYWLM.JPG?auth=520229e23240ff0a27309494df0606d706a3034fa766bd8daca2a275759f880e&amp;width=1440\" type=\"image\/jpg\" \/><img loading=\"lazy\" decoding=\"async\" class=\"image content-image image_placeholder\" src=\"https:\/\/tn.com.ar\/resizer\/v2\/cesar-juricich-en-negro-y-rojo-foto-movilpress-Y4HKZMUWB5ADNOMLAVJ3NNYWLM.JPG?auth=520229e23240ff0a27309494df0606d706a3034fa766bd8daca2a275759f880e&amp;width=767\" alt=\"C\u00e9sar Juricich en negro y rojo. (Foto: Movilpress)\" width=\"767\" height=\"1151\" data-testid=\"loading-testid\" \/><\/picture><\/div><figcaption class=\"caption_image\" data-testid=\"figcaption-testid\">\n<div class=\"image_caption \">C\u00e9sar Juricich en negro y rojo. (Foto: Movilpress)<\/div>\n<\/figcaption><\/figure>\n","protected":false},"excerpt":{"rendered":"<p>Roberto Piazza, Camima Romano, Benito Fern\u00e1ndez, Evangelina Bomparola, Gabriel Lage y otros prestigiosos referentes de la industria impactaron con sus looks tem\u00e1ticos. La\u00a0Gala Couture\u00a0celebrada en el Malba con motivo del estreno de\u00a0El Diablo viste a la Moda 2, en alianza con la Semana de la Alta Costura Argentina, se llen\u00f3 de figuras destacadas del mundo\u00a0fashion. [&hellip;]<\/p>\n","protected":false},"author":1,"featured_media":16023,"comment_status":"open","ping_status":"open","sticky":false,"template":"","format":"standard","meta":{"rop_custom_images_group":[],"rop_custom_messages_group":[],"rop_publish_now":"initial","rop_publish_now_accounts":[],"rop_publish_now_history":[],"rop_publish_now_status":"pending","footnotes":"","jetpack_publicize_message":"","jetpack_publicize_feature_enabled":true,"jetpack_social_post_already_shared":true,"jetpack_social_options":{"image_generator_settings":{"template":"highway","enabled":false},"version":2}},"categories":[15],"tags":[],"class_list":{"0":"post-16022","1":"post","2":"type-post","3":"status-publish","4":"format-standard","5":"has-post-thumbnail","7":"category-moda"},"jetpack_publicize_connections":[],"yoast_head":"<!-- This site is optimized with the Yoast SEO plugin v27.3 - https:\/\/yoast.com\/product\/yoast-seo-wordpress\/ -->\n<title>Los dise\u00f1adores coparon la alfombra roja de \u201cEl Diablo viste a la Moda 2\u2033 y fueron protagonistas - CLAN ESPECTACULOS<\/title>\n<meta name=\"robots\" content=\"index, follow, max-snippet:-1, max-image-preview:large, max-video-preview:-1\" \/>\n<link rel=\"canonical\" href=\"https:\/\/radioclanfm.com\/clanespectaculos\/los-disenadores-coparon-la-alfombra-roja-de-el-diablo-viste-a-la-moda-2\u2033-y-fueron-protagonistas\/\" \/>\n<meta property=\"og:locale\" content=\"es_ES\" \/>\n<meta property=\"og:type\" content=\"article\" \/>\n<meta property=\"og:title\" content=\"Los dise\u00f1adores coparon la alfombra roja de \u201cEl Diablo viste a la Moda 2\u2033 y fueron protagonistas - CLAN ESPECTACULOS\" \/>\n<meta property=\"og:description\" content=\"Roberto Piazza, Camima Romano, Benito Fern\u00e1ndez, Evangelina Bomparola, Gabriel Lage y otros prestigiosos referentes de la industria impactaron con sus looks tem\u00e1ticos. La\u00a0Gala Couture\u00a0celebrada en el Malba con motivo del estreno de\u00a0El Diablo viste a la Moda 2, en alianza con la Semana de la Alta Costura Argentina, se llen\u00f3 de figuras destacadas del mundo\u00a0fashion. [&hellip;]\" \/>\n<meta property=\"og:url\" content=\"https:\/\/radioclanfm.com\/clanespectaculos\/los-disenadores-coparon-la-alfombra-roja-de-el-diablo-viste-a-la-moda-2\u2033-y-fueron-protagonistas\/\" \/>\n<meta property=\"og:site_name\" content=\"CLAN ESPECTACULOS\" \/>\n<meta property=\"article:publisher\" content=\"https:\/\/www.facebook.com\/clanespectaculos\/\" \/>\n<meta property=\"article:published_time\" content=\"2026-04-30T13:54:16+00:00\" \/>\n<meta property=\"og:image\" content=\"https:\/\/radioclanfm.com\/clanespectaculos\/wp-content\/uploads\/sites\/2\/2026\/04\/WwlWYQ2g.jpg\" \/>\n\t<meta property=\"og:image:width\" content=\"900\" \/>\n\t<meta property=\"og:image:height\" content=\"507\" \/>\n\t<meta property=\"og:image:type\" content=\"image\/jpeg\" \/>\n<meta name=\"author\" content=\"E-GRUPOCLAN\" \/>\n<meta name=\"twitter:card\" content=\"summary_large_image\" \/>\n<meta name=\"twitter:creator\" content=\"@clanespectok\" \/>\n<meta name=\"twitter:site\" content=\"@clanespectok\" \/>\n<meta name=\"twitter:label1\" content=\"Escrito por\" \/>\n\t<meta name=\"twitter:data1\" content=\"E-GRUPOCLAN\" \/>\n\t<meta name=\"twitter:label2\" content=\"Tiempo de lectura\" \/>\n\t<meta name=\"twitter:data2\" content=\"9 minutos\" \/>\n<script type=\"application\/ld+json\" class=\"yoast-schema-graph\">{\"@context\":\"https:\\\/\\\/schema.org\",\"@graph\":[{\"@type\":\"Article\",\"@id\":\"https:\\\/\\\/radioclanfm.com\\\/clanespectaculos\\\/los-disenadores-coparon-la-alfombra-roja-de-el-diablo-viste-a-la-moda-2%e2%80%b3-y-fueron-protagonistas\\\/#article\",\"isPartOf\":{\"@id\":\"https:\\\/\\\/radioclanfm.com\\\/clanespectaculos\\\/los-disenadores-coparon-la-alfombra-roja-de-el-diablo-viste-a-la-moda-2%e2%80%b3-y-fueron-protagonistas\\\/\"},\"author\":{\"name\":\"E-GRUPOCLAN\",\"@id\":\"https:\\\/\\\/radioclanfm.com\\\/clanespectaculos\\\/#\\\/schema\\\/person\\\/9734813083303230f3ad84d99171b20c\"},\"headline\":\"Los dise\u00f1adores coparon la alfombra roja de \u201cEl Diablo viste a la Moda 2\u2033 y fueron protagonistas\",\"datePublished\":\"2026-04-30T13:54:16+00:00\",\"mainEntityOfPage\":{\"@id\":\"https:\\\/\\\/radioclanfm.com\\\/clanespectaculos\\\/los-disenadores-coparon-la-alfombra-roja-de-el-diablo-viste-a-la-moda-2%e2%80%b3-y-fueron-protagonistas\\\/\"},\"wordCount\":1112,\"commentCount\":0,\"publisher\":{\"@id\":\"https:\\\/\\\/radioclanfm.com\\\/clanespectaculos\\\/#organization\"},\"image\":{\"@id\":\"https:\\\/\\\/radioclanfm.com\\\/clanespectaculos\\\/los-disenadores-coparon-la-alfombra-roja-de-el-diablo-viste-a-la-moda-2%e2%80%b3-y-fueron-protagonistas\\\/#primaryimage\"},\"thumbnailUrl\":\"https:\\\/\\\/radioclanfm.com\\\/clanespectaculos\\\/wp-content\\\/uploads\\\/sites\\\/2\\\/2026\\\/04\\\/WwlWYQ2g.jpg\",\"articleSection\":[\"MODA\"],\"inLanguage\":\"es-AR\",\"potentialAction\":[{\"@type\":\"CommentAction\",\"name\":\"Comment\",\"target\":[\"https:\\\/\\\/radioclanfm.com\\\/clanespectaculos\\\/los-disenadores-coparon-la-alfombra-roja-de-el-diablo-viste-a-la-moda-2%e2%80%b3-y-fueron-protagonistas\\\/#respond\"]}]},{\"@type\":\"WebPage\",\"@id\":\"https:\\\/\\\/radioclanfm.com\\\/clanespectaculos\\\/los-disenadores-coparon-la-alfombra-roja-de-el-diablo-viste-a-la-moda-2%e2%80%b3-y-fueron-protagonistas\\\/\",\"url\":\"https:\\\/\\\/radioclanfm.com\\\/clanespectaculos\\\/los-disenadores-coparon-la-alfombra-roja-de-el-diablo-viste-a-la-moda-2%e2%80%b3-y-fueron-protagonistas\\\/\",\"name\":\"Los dise\u00f1adores coparon la alfombra roja de \u201cEl Diablo viste a la Moda 2\u2033 y fueron protagonistas - CLAN ESPECTACULOS\",\"isPartOf\":{\"@id\":\"https:\\\/\\\/radioclanfm.com\\\/clanespectaculos\\\/#website\"},\"primaryImageOfPage\":{\"@id\":\"https:\\\/\\\/radioclanfm.com\\\/clanespectaculos\\\/los-disenadores-coparon-la-alfombra-roja-de-el-diablo-viste-a-la-moda-2%e2%80%b3-y-fueron-protagonistas\\\/#primaryimage\"},\"image\":{\"@id\":\"https:\\\/\\\/radioclanfm.com\\\/clanespectaculos\\\/los-disenadores-coparon-la-alfombra-roja-de-el-diablo-viste-a-la-moda-2%e2%80%b3-y-fueron-protagonistas\\\/#primaryimage\"},\"thumbnailUrl\":\"https:\\\/\\\/radioclanfm.com\\\/clanespectaculos\\\/wp-content\\\/uploads\\\/sites\\\/2\\\/2026\\\/04\\\/WwlWYQ2g.jpg\",\"datePublished\":\"2026-04-30T13:54:16+00:00\",\"breadcrumb\":{\"@id\":\"https:\\\/\\\/radioclanfm.com\\\/clanespectaculos\\\/los-disenadores-coparon-la-alfombra-roja-de-el-diablo-viste-a-la-moda-2%e2%80%b3-y-fueron-protagonistas\\\/#breadcrumb\"},\"inLanguage\":\"es-AR\",\"potentialAction\":[{\"@type\":\"ReadAction\",\"target\":[\"https:\\\/\\\/radioclanfm.com\\\/clanespectaculos\\\/los-disenadores-coparon-la-alfombra-roja-de-el-diablo-viste-a-la-moda-2%e2%80%b3-y-fueron-protagonistas\\\/\"]}]},{\"@type\":\"ImageObject\",\"inLanguage\":\"es-AR\",\"@id\":\"https:\\\/\\\/radioclanfm.com\\\/clanespectaculos\\\/los-disenadores-coparon-la-alfombra-roja-de-el-diablo-viste-a-la-moda-2%e2%80%b3-y-fueron-protagonistas\\\/#primaryimage\",\"url\":\"https:\\\/\\\/radioclanfm.com\\\/clanespectaculos\\\/wp-content\\\/uploads\\\/sites\\\/2\\\/2026\\\/04\\\/WwlWYQ2g.jpg\",\"contentUrl\":\"https:\\\/\\\/radioclanfm.com\\\/clanespectaculos\\\/wp-content\\\/uploads\\\/sites\\\/2\\\/2026\\\/04\\\/WwlWYQ2g.jpg\",\"width\":900,\"height\":507},{\"@type\":\"BreadcrumbList\",\"@id\":\"https:\\\/\\\/radioclanfm.com\\\/clanespectaculos\\\/los-disenadores-coparon-la-alfombra-roja-de-el-diablo-viste-a-la-moda-2%e2%80%b3-y-fueron-protagonistas\\\/#breadcrumb\",\"itemListElement\":[{\"@type\":\"ListItem\",\"position\":1,\"name\":\"Inicio\",\"item\":\"https:\\\/\\\/radioclanfm.com\\\/clanespectaculos\\\/\"},{\"@type\":\"ListItem\",\"position\":2,\"name\":\"Los dise\u00f1adores coparon la alfombra roja de \u201cEl Diablo viste a la Moda 2\u2033 y fueron protagonistas\"}]},{\"@type\":\"WebSite\",\"@id\":\"https:\\\/\\\/radioclanfm.com\\\/clanespectaculos\\\/#website\",\"url\":\"https:\\\/\\\/radioclanfm.com\\\/clanespectaculos\\\/\",\"name\":\"CLAN ESPECTACULOS\",\"description\":\"\",\"publisher\":{\"@id\":\"https:\\\/\\\/radioclanfm.com\\\/clanespectaculos\\\/#organization\"},\"potentialAction\":[{\"@type\":\"SearchAction\",\"target\":{\"@type\":\"EntryPoint\",\"urlTemplate\":\"https:\\\/\\\/radioclanfm.com\\\/clanespectaculos\\\/?s={search_term_string}\"},\"query-input\":{\"@type\":\"PropertyValueSpecification\",\"valueRequired\":true,\"valueName\":\"search_term_string\"}}],\"inLanguage\":\"es-AR\"},{\"@type\":\"Organization\",\"@id\":\"https:\\\/\\\/radioclanfm.com\\\/clanespectaculos\\\/#organization\",\"name\":\"CLAN ESPECTACULOS\",\"url\":\"https:\\\/\\\/radioclanfm.com\\\/clanespectaculos\\\/\",\"logo\":{\"@type\":\"ImageObject\",\"inLanguage\":\"es-AR\",\"@id\":\"https:\\\/\\\/radioclanfm.com\\\/clanespectaculos\\\/#\\\/schema\\\/logo\\\/image\\\/\",\"url\":\"https:\\\/\\\/radioclanfm.com\\\/clanespectaculos\\\/wp-content\\\/uploads\\\/sites\\\/2\\\/2026\\\/04\\\/ChatGPT-Image-23-mar-2026-10_09_00.png\",\"contentUrl\":\"https:\\\/\\\/radioclanfm.com\\\/clanespectaculos\\\/wp-content\\\/uploads\\\/sites\\\/2\\\/2026\\\/04\\\/ChatGPT-Image-23-mar-2026-10_09_00.png\",\"width\":1024,\"height\":1024,\"caption\":\"CLAN ESPECTACULOS\"},\"image\":{\"@id\":\"https:\\\/\\\/radioclanfm.com\\\/clanespectaculos\\\/#\\\/schema\\\/logo\\\/image\\\/\"},\"sameAs\":[\"https:\\\/\\\/www.facebook.com\\\/clanespectaculos\\\/\",\"https:\\\/\\\/x.com\\\/clanespectok\"]},{\"@type\":\"Person\",\"@id\":\"https:\\\/\\\/radioclanfm.com\\\/clanespectaculos\\\/#\\\/schema\\\/person\\\/9734813083303230f3ad84d99171b20c\",\"name\":\"E-GRUPOCLAN\",\"image\":{\"@type\":\"ImageObject\",\"inLanguage\":\"es-AR\",\"@id\":\"https:\\\/\\\/secure.gravatar.com\\\/avatar\\\/af6e19837c3d6a212034a48c7b3818d2ac1826f6025df0155da5a186ad321d79?s=96&d=mm&r=g\",\"url\":\"https:\\\/\\\/secure.gravatar.com\\\/avatar\\\/af6e19837c3d6a212034a48c7b3818d2ac1826f6025df0155da5a186ad321d79?s=96&d=mm&r=g\",\"contentUrl\":\"https:\\\/\\\/secure.gravatar.com\\\/avatar\\\/af6e19837c3d6a212034a48c7b3818d2ac1826f6025df0155da5a186ad321d79?s=96&d=mm&r=g\",\"caption\":\"E-GRUPOCLAN\"},\"sameAs\":[\"https:\\\/\\\/radioclanfm.com\"],\"url\":\"https:\\\/\\\/radioclanfm.com\\\/clanespectaculos\\\/author\\\/admin\\\/\"}]}<\/script>\n<!-- \/ Yoast SEO plugin. -->","yoast_head_json":{"title":"Los dise\u00f1adores coparon la alfombra roja de \u201cEl Diablo viste a la Moda 2\u2033 y fueron protagonistas - CLAN ESPECTACULOS","robots":{"index":"index","follow":"follow","max-snippet":"max-snippet:-1","max-image-preview":"max-image-preview:large","max-video-preview":"max-video-preview:-1"},"canonical":"https:\/\/radioclanfm.com\/clanespectaculos\/los-disenadores-coparon-la-alfombra-roja-de-el-diablo-viste-a-la-moda-2\u2033-y-fueron-protagonistas\/","og_locale":"es_ES","og_type":"article","og_title":"Los dise\u00f1adores coparon la alfombra roja de \u201cEl Diablo viste a la Moda 2\u2033 y fueron protagonistas - CLAN ESPECTACULOS","og_description":"Roberto Piazza, Camima Romano, Benito Fern\u00e1ndez, Evangelina Bomparola, Gabriel Lage y otros prestigiosos referentes de la industria impactaron con sus looks tem\u00e1ticos. La\u00a0Gala Couture\u00a0celebrada en el Malba con motivo del estreno de\u00a0El Diablo viste a la Moda 2, en alianza con la Semana de la Alta Costura Argentina, se llen\u00f3 de figuras destacadas del mundo\u00a0fashion. [&hellip;]","og_url":"https:\/\/radioclanfm.com\/clanespectaculos\/los-disenadores-coparon-la-alfombra-roja-de-el-diablo-viste-a-la-moda-2\u2033-y-fueron-protagonistas\/","og_site_name":"CLAN ESPECTACULOS","article_publisher":"https:\/\/www.facebook.com\/clanespectaculos\/","article_published_time":"2026-04-30T13:54:16+00:00","og_image":[{"width":900,"height":507,"url":"https:\/\/radioclanfm.com\/clanespectaculos\/wp-content\/uploads\/sites\/2\/2026\/04\/WwlWYQ2g.jpg","type":"image\/jpeg"}],"author":"E-GRUPOCLAN","twitter_card":"summary_large_image","twitter_creator":"@clanespectok","twitter_site":"@clanespectok","twitter_misc":{"Escrito por":"E-GRUPOCLAN","Tiempo de lectura":"9 minutos"},"schema":{"@context":"https:\/\/schema.org","@graph":[{"@type":"Article","@id":"https:\/\/radioclanfm.com\/clanespectaculos\/los-disenadores-coparon-la-alfombra-roja-de-el-diablo-viste-a-la-moda-2%e2%80%b3-y-fueron-protagonistas\/#article","isPartOf":{"@id":"https:\/\/radioclanfm.com\/clanespectaculos\/los-disenadores-coparon-la-alfombra-roja-de-el-diablo-viste-a-la-moda-2%e2%80%b3-y-fueron-protagonistas\/"},"author":{"name":"E-GRUPOCLAN","@id":"https:\/\/radioclanfm.com\/clanespectaculos\/#\/schema\/person\/9734813083303230f3ad84d99171b20c"},"headline":"Los dise\u00f1adores coparon la alfombra roja de \u201cEl Diablo viste a la Moda 2\u2033 y fueron protagonistas","datePublished":"2026-04-30T13:54:16+00:00","mainEntityOfPage":{"@id":"https:\/\/radioclanfm.com\/clanespectaculos\/los-disenadores-coparon-la-alfombra-roja-de-el-diablo-viste-a-la-moda-2%e2%80%b3-y-fueron-protagonistas\/"},"wordCount":1112,"commentCount":0,"publisher":{"@id":"https:\/\/radioclanfm.com\/clanespectaculos\/#organization"},"image":{"@id":"https:\/\/radioclanfm.com\/clanespectaculos\/los-disenadores-coparon-la-alfombra-roja-de-el-diablo-viste-a-la-moda-2%e2%80%b3-y-fueron-protagonistas\/#primaryimage"},"thumbnailUrl":"https:\/\/radioclanfm.com\/clanespectaculos\/wp-content\/uploads\/sites\/2\/2026\/04\/WwlWYQ2g.jpg","articleSection":["MODA"],"inLanguage":"es-AR","potentialAction":[{"@type":"CommentAction","name":"Comment","target":["https:\/\/radioclanfm.com\/clanespectaculos\/los-disenadores-coparon-la-alfombra-roja-de-el-diablo-viste-a-la-moda-2%e2%80%b3-y-fueron-protagonistas\/#respond"]}]},{"@type":"WebPage","@id":"https:\/\/radioclanfm.com\/clanespectaculos\/los-disenadores-coparon-la-alfombra-roja-de-el-diablo-viste-a-la-moda-2%e2%80%b3-y-fueron-protagonistas\/","url":"https:\/\/radioclanfm.com\/clanespectaculos\/los-disenadores-coparon-la-alfombra-roja-de-el-diablo-viste-a-la-moda-2%e2%80%b3-y-fueron-protagonistas\/","name":"Los dise\u00f1adores coparon la alfombra roja de \u201cEl Diablo viste a la Moda 2\u2033 y fueron protagonistas - CLAN ESPECTACULOS","isPartOf":{"@id":"https:\/\/radioclanfm.com\/clanespectaculos\/#website"},"primaryImageOfPage":{"@id":"https:\/\/radioclanfm.com\/clanespectaculos\/los-disenadores-coparon-la-alfombra-roja-de-el-diablo-viste-a-la-moda-2%e2%80%b3-y-fueron-protagonistas\/#primaryimage"},"image":{"@id":"https:\/\/radioclanfm.com\/clanespectaculos\/los-disenadores-coparon-la-alfombra-roja-de-el-diablo-viste-a-la-moda-2%e2%80%b3-y-fueron-protagonistas\/#primaryimage"},"thumbnailUrl":"https:\/\/radioclanfm.com\/clanespectaculos\/wp-content\/uploads\/sites\/2\/2026\/04\/WwlWYQ2g.jpg","datePublished":"2026-04-30T13:54:16+00:00","breadcrumb":{"@id":"https:\/\/radioclanfm.com\/clanespectaculos\/los-disenadores-coparon-la-alfombra-roja-de-el-diablo-viste-a-la-moda-2%e2%80%b3-y-fueron-protagonistas\/#breadcrumb"},"inLanguage":"es-AR","potentialAction":[{"@type":"ReadAction","target":["https:\/\/radioclanfm.com\/clanespectaculos\/los-disenadores-coparon-la-alfombra-roja-de-el-diablo-viste-a-la-moda-2%e2%80%b3-y-fueron-protagonistas\/"]}]},{"@type":"ImageObject","inLanguage":"es-AR","@id":"https:\/\/radioclanfm.com\/clanespectaculos\/los-disenadores-coparon-la-alfombra-roja-de-el-diablo-viste-a-la-moda-2%e2%80%b3-y-fueron-protagonistas\/#primaryimage","url":"https:\/\/radioclanfm.com\/clanespectaculos\/wp-content\/uploads\/sites\/2\/2026\/04\/WwlWYQ2g.jpg","contentUrl":"https:\/\/radioclanfm.com\/clanespectaculos\/wp-content\/uploads\/sites\/2\/2026\/04\/WwlWYQ2g.jpg","width":900,"height":507},{"@type":"BreadcrumbList","@id":"https:\/\/radioclanfm.com\/clanespectaculos\/los-disenadores-coparon-la-alfombra-roja-de-el-diablo-viste-a-la-moda-2%e2%80%b3-y-fueron-protagonistas\/#breadcrumb","itemListElement":[{"@type":"ListItem","position":1,"name":"Inicio","item":"https:\/\/radioclanfm.com\/clanespectaculos\/"},{"@type":"ListItem","position":2,"name":"Los dise\u00f1adores coparon la alfombra roja de \u201cEl Diablo viste a la Moda 2\u2033 y fueron protagonistas"}]},{"@type":"WebSite","@id":"https:\/\/radioclanfm.com\/clanespectaculos\/#website","url":"https:\/\/radioclanfm.com\/clanespectaculos\/","name":"CLAN ESPECTACULOS","description":"","publisher":{"@id":"https:\/\/radioclanfm.com\/clanespectaculos\/#organization"},"potentialAction":[{"@type":"SearchAction","target":{"@type":"EntryPoint","urlTemplate":"https:\/\/radioclanfm.com\/clanespectaculos\/?s={search_term_string}"},"query-input":{"@type":"PropertyValueSpecification","valueRequired":true,"valueName":"search_term_string"}}],"inLanguage":"es-AR"},{"@type":"Organization","@id":"https:\/\/radioclanfm.com\/clanespectaculos\/#organization","name":"CLAN ESPECTACULOS","url":"https:\/\/radioclanfm.com\/clanespectaculos\/","logo":{"@type":"ImageObject","inLanguage":"es-AR","@id":"https:\/\/radioclanfm.com\/clanespectaculos\/#\/schema\/logo\/image\/","url":"https:\/\/radioclanfm.com\/clanespectaculos\/wp-content\/uploads\/sites\/2\/2026\/04\/ChatGPT-Image-23-mar-2026-10_09_00.png","contentUrl":"https:\/\/radioclanfm.com\/clanespectaculos\/wp-content\/uploads\/sites\/2\/2026\/04\/ChatGPT-Image-23-mar-2026-10_09_00.png","width":1024,"height":1024,"caption":"CLAN ESPECTACULOS"},"image":{"@id":"https:\/\/radioclanfm.com\/clanespectaculos\/#\/schema\/logo\/image\/"},"sameAs":["https:\/\/www.facebook.com\/clanespectaculos\/","https:\/\/x.com\/clanespectok"]},{"@type":"Person","@id":"https:\/\/radioclanfm.com\/clanespectaculos\/#\/schema\/person\/9734813083303230f3ad84d99171b20c","name":"E-GRUPOCLAN","image":{"@type":"ImageObject","inLanguage":"es-AR","@id":"https:\/\/secure.gravatar.com\/avatar\/af6e19837c3d6a212034a48c7b3818d2ac1826f6025df0155da5a186ad321d79?s=96&d=mm&r=g","url":"https:\/\/secure.gravatar.com\/avatar\/af6e19837c3d6a212034a48c7b3818d2ac1826f6025df0155da5a186ad321d79?s=96&d=mm&r=g","contentUrl":"https:\/\/secure.gravatar.com\/avatar\/af6e19837c3d6a212034a48c7b3818d2ac1826f6025df0155da5a186ad321d79?s=96&d=mm&r=g","caption":"E-GRUPOCLAN"},"sameAs":["https:\/\/radioclanfm.com"],"url":"https:\/\/radioclanfm.com\/clanespectaculos\/author\/admin\/"}]}},"_links":{"self":[{"href":"https:\/\/radioclanfm.com\/clanespectaculos\/wp-json\/wp\/v2\/posts\/16022","targetHints":{"allow":["GET"]}}],"collection":[{"href":"https:\/\/radioclanfm.com\/clanespectaculos\/wp-json\/wp\/v2\/posts"}],"about":[{"href":"https:\/\/radioclanfm.com\/clanespectaculos\/wp-json\/wp\/v2\/types\/post"}],"author":[{"embeddable":true,"href":"https:\/\/radioclanfm.com\/clanespectaculos\/wp-json\/wp\/v2\/users\/1"}],"replies":[{"embeddable":true,"href":"https:\/\/radioclanfm.com\/clanespectaculos\/wp-json\/wp\/v2\/comments?post=16022"}],"version-history":[{"count":1,"href":"https:\/\/radioclanfm.com\/clanespectaculos\/wp-json\/wp\/v2\/posts\/16022\/revisions"}],"predecessor-version":[{"id":16024,"href":"https:\/\/radioclanfm.com\/clanespectaculos\/wp-json\/wp\/v2\/posts\/16022\/revisions\/16024"}],"wp:featuredmedia":[{"embeddable":true,"href":"https:\/\/radioclanfm.com\/clanespectaculos\/wp-json\/wp\/v2\/media\/16023"}],"wp:attachment":[{"href":"https:\/\/radioclanfm.com\/clanespectaculos\/wp-json\/wp\/v2\/media?parent=16022"}],"wp:term":[{"taxonomy":"category","embeddable":true,"href":"https:\/\/radioclanfm.com\/clanespectaculos\/wp-json\/wp\/v2\/categories?post=16022"},{"taxonomy":"post_tag","embeddable":true,"href":"https:\/\/radioclanfm.com\/clanespectaculos\/wp-json\/wp\/v2\/tags?post=16022"}],"curies":[{"name":"wp","href":"https:\/\/api.w.org\/{rel}","templated":true}]}}