{"id":16019,"date":"2026-04-30T10:51:46","date_gmt":"2026-04-30T13:51:46","guid":{"rendered":"https:\/\/radioclanfm.com\/clanespectaculos\/?p=16019"},"modified":"2026-04-30T10:51:46","modified_gmt":"2026-04-30T13:51:46","slug":"adrian-appiolaza-el-argentino-que-dirige-moschino-fue-nombrado-personalidad-destacada-de-la-cultura-portena","status":"publish","type":"post","link":"https:\/\/radioclanfm.com\/clanespectaculos\/adrian-appiolaza-el-argentino-que-dirige-moschino-fue-nombrado-personalidad-destacada-de-la-cultura-portena\/","title":{"rendered":"Adri\u00e1n Appiolaza, el argentino que dirige Moschino, fue nombrado Personalidad Destacada de la Cultura porte\u00f1a"},"content":{"rendered":"<p>Lleg\u00f3 a Buenos Aires invitado especialmente por el Mart\u00edn Fierro de la Moda, que le entreg\u00f3 un reconocimiento.<\/p>\n<p class=\"paragraph font__body-regular\"><b>Adri\u00e1n Appiolaza<\/b><b>,<\/b>\u00a0el dise\u00f1ador argentino a cargo de Moschino, lleg\u00f3 a Buenos Aire de la mano del<b>\u00a0<\/b><b>Mart\u00edn Fierro de la Moda<\/b><b>.<\/b>\u00a0La organizaci\u00f3n lo invit\u00f3 para que formara parte de la entrega de premios y recibiera un reconocimiento por llevar el talento argentino al exterior.<\/p>\n<div id=\"ad-slot-infeed\" class=\"infeed-container ad-slot-infeed ad-slot\" data-adtype=\"infeed\" data-lazyload=\"1\" data-google-query-id=\"COuZvofclZQDFTwIHgAdQuUBZw\">\n<div id=\"google_ads_iframe_\/113951150\/tn-arc\/nota\/infeed_0__container__\"><iframe id=\"google_ads_iframe_\/113951150\/tn-arc\/nota\/infeed_0\" tabindex=\"0\" title=\"Contenido de anuncios de terceros\" name=\"google_ads_iframe_\/113951150\/tn-arc\/nota\/infeed_0\" width=\"1\" height=\"1\" frameborder=\"0\" marginwidth=\"0\" marginheight=\"0\" scrolling=\"no\" aria-label=\"Anuncio\" data-google-container-id=\"9\" data-load-complete=\"true\" data-mce-fragment=\"1\"><\/iframe><\/div>\n<\/div>\n<p class=\"paragraph font__body-regular\">En una semana cargada de emociones para el dise\u00f1ador, el martes, en una ceremonia y rodeado de amigos, familiares y personalidades de la industria, Appiolaza recibi\u00f3 tambien el reconocimiento de la Legisltura de la Ciudad, que lo declar\u00f3\u00a0<b>Personalidad Destacada de la Cultura.<\/b><\/p>\n<div id=\"standard_1\" class=\"st-placement standard_1 inArticle\">\n<div class=\"st-adunit-inarticle st-inarticle-slot\">\n<div class=\"st-adunit st-adunit-tagged st-reset st-show\"><\/div>\n<\/div>\n<\/div>\n<div class=\"story-list\" data-mrf-recirculation=\"IL_fPSS4oUaSUaKNHLf4mpe3g\" data-mrf-root-experiment=\"0952317d-c9e3-4d65-9dd7-85816683fa43\" data-testid=\"text-html\" data-mrf-experience=\"IL_fPSS4oUaSUaKNHLf4mpe3g\">\n<article class=\"card__container card__horizontal\">\n<div class=\"card__body\">\n<header>\n<h3 class=\"card__headline font__display\"><\/h3>\n<\/header>\n<\/div>\n<\/article>\n<\/div>\n<div data-mrf-experience=\"IL_RNrGCM52Q_ui4aMax3fibg\"><\/div>\n<p class=\"paragraph font__body-regular\">Tras recibir el diploma Appiolaza agradeci\u00f3: \u201cA la Argentina, por\u00a0<b>darme la identidad que el mundo tanto respeta.<\/b>\u00a0Uno puede vivir d\u00e9cadas afuera, pero la sensibilidad de un artista siempre pertenece a su hogar\u201d,<\/p>\n<figure class=\"\" data-testid=\"figure-testid\">\n<div class=\"aspect_ratio__container\"><picture class=\"responsive-image\"><source srcset=\"https:\/\/tn.com.ar\/resizer\/v2\/adrian-appiolaza-con-el-diploma-de-su-distincion-en-la-legislatura-foto-press-group-76JI2HLXSVHVJA5DT4ZLGGHFMY.JPG?auth=515a7c37dac63914e88d0265129c235ff5718c039fbce3dd3ff2445cf55b2318&amp;width=767\" type=\"image\/jpg\" media=\"(max-width: 728px)\" \/><source srcset=\"https:\/\/tn.com.ar\/resizer\/v2\/adrian-appiolaza-con-el-diploma-de-su-distincion-en-la-legislatura-foto-press-group-76JI2HLXSVHVJA5DT4ZLGGHFMY.JPG?auth=515a7c37dac63914e88d0265129c235ff5718c039fbce3dd3ff2445cf55b2318&amp;width=1023\" type=\"image\/jpg\" media=\"(max-width: 1023px)\" \/><source srcset=\"https:\/\/tn.com.ar\/resizer\/v2\/adrian-appiolaza-con-el-diploma-de-su-distincion-en-la-legislatura-foto-press-group-76JI2HLXSVHVJA5DT4ZLGGHFMY.JPG?auth=515a7c37dac63914e88d0265129c235ff5718c039fbce3dd3ff2445cf55b2318&amp;width=1440\" type=\"image\/jpg\" \/><img loading=\"lazy\" decoding=\"async\" class=\"image content-image image_placeholder\" src=\"https:\/\/tn.com.ar\/resizer\/v2\/adrian-appiolaza-con-el-diploma-de-su-distincion-en-la-legislatura-foto-press-group-76JI2HLXSVHVJA5DT4ZLGGHFMY.JPG?auth=515a7c37dac63914e88d0265129c235ff5718c039fbce3dd3ff2445cf55b2318&amp;width=767\" alt=\"Adri\u00e1n Appiolaza con el diploma de su distinci\u00f3n en la Legislatura. (Foto: Press Group)\" width=\"767\" height=\"1151\" data-testid=\"loading-testid\" \/><\/picture><\/div><figcaption class=\"caption_image\" data-testid=\"figcaption-testid\">\n<div class=\"image_caption \">Adri\u00e1n Appiolaza con el diploma de su distinci\u00f3n en la Legislatura. (Foto: Press Group)<\/div>\n<\/figcaption><\/figure>\n<p class=\"paragraph font__body-regular\">\u201cMis ra\u00edces siempre estuvieron presentes en todo lo que hice y\u00a0<b>mi pasi\u00f3n por Argentina y por nuestra cultura siempre est\u00e1 en mi coraz\u00f3n<\/b>. Y de repente estar ac\u00e1 celebrando y viendo este reconocimiento, es lo mejor que me ha pasado en la vida, todav\u00eda lo estoy absorviendo&#8221;, expres\u00f3 Appiolaza tras el homenaje.<\/p>\n<figure class=\"\" data-testid=\"figure-testid\">\n<div class=\"aspect_ratio__container\"><picture class=\"responsive-image\"><source srcset=\"https:\/\/tn.com.ar\/resizer\/v2\/el-disenador-rodeado-de-familiaresamigos-y-personalidades-de-la-moda-foto-martinfierrodelamodaok-GZNIW2UW6RHAREFC2L7Y2SII4Q.jpeg?auth=2de3865a39543356735f004edec55fed3ffe6e0c6ce61fb16d1f190ecd424dbc&amp;width=767\" type=\"image\/jpg\" media=\"(max-width: 728px)\" \/><source srcset=\"https:\/\/tn.com.ar\/resizer\/v2\/el-disenador-rodeado-de-familiaresamigos-y-personalidades-de-la-moda-foto-martinfierrodelamodaok-GZNIW2UW6RHAREFC2L7Y2SII4Q.jpeg?auth=2de3865a39543356735f004edec55fed3ffe6e0c6ce61fb16d1f190ecd424dbc&amp;width=1023\" type=\"image\/jpg\" media=\"(max-width: 1023px)\" \/><source srcset=\"https:\/\/tn.com.ar\/resizer\/v2\/el-disenador-rodeado-de-familiaresamigos-y-personalidades-de-la-moda-foto-martinfierrodelamodaok-GZNIW2UW6RHAREFC2L7Y2SII4Q.jpeg?auth=2de3865a39543356735f004edec55fed3ffe6e0c6ce61fb16d1f190ecd424dbc&amp;width=1440\" type=\"image\/jpg\" \/><img loading=\"lazy\" decoding=\"async\" class=\"image content-image image_placeholder\" src=\"https:\/\/tn.com.ar\/resizer\/v2\/el-disenador-rodeado-de-familiaresamigos-y-personalidades-de-la-moda-foto-martinfierrodelamodaok-GZNIW2UW6RHAREFC2L7Y2SII4Q.jpeg?auth=2de3865a39543356735f004edec55fed3ffe6e0c6ce61fb16d1f190ecd424dbc&amp;width=767\" alt=\"El dise\u00f1ador rodeado de familiares,amigos y personalidades de la moda (Foto: @martinfierrodelamodaok)\" width=\"767\" height=\"511\" data-testid=\"loading-testid\" \/><\/picture><\/div><figcaption class=\"caption_image\" data-testid=\"figcaption-testid\">\n<div class=\"image_caption \">El dise\u00f1ador rodeado de familiares,amigos y personalidades de la moda (Foto: @martinfierrodelamodaok)<\/div>\n<\/figcaption><\/figure>\n<p class=\"paragraph font__body-regular\">Esa frase no es casual. En el \u00faltimo desfile de Moschino en la Semana de la Moda de Mil\u00e1n, Appiolaza llev\u00f3 sus dise\u00f1os a un terreno m\u00e1s \u00edntimo:\u00a0<b>Argentina<\/b>, su tierra natal.<\/p>\n<figure class=\"\" data-testid=\"figure-testid\">\n<div class=\"aspect_ratio__container\"><picture class=\"responsive-image\"><source srcset=\"https:\/\/tn.com.ar\/resizer\/v2\/el-fileteado-porteno-fue-protagonista-de-lo-nuevo-de-moschino-foto-ap-photoantonio-calanni-CCT5MNXUNZAR5BT2RV4PV7XY5A.jfif?auth=64c99000e9f04a226f60dadb75f80e02bfdb8fa5aef8a6095128edc1d0ee258e&amp;width=767\" type=\"image\/jpg\" media=\"(max-width: 728px)\" \/><source srcset=\"https:\/\/tn.com.ar\/resizer\/v2\/el-fileteado-porteno-fue-protagonista-de-lo-nuevo-de-moschino-foto-ap-photoantonio-calanni-CCT5MNXUNZAR5BT2RV4PV7XY5A.jfif?auth=64c99000e9f04a226f60dadb75f80e02bfdb8fa5aef8a6095128edc1d0ee258e&amp;width=1023\" type=\"image\/jpg\" media=\"(max-width: 1023px)\" \/><source srcset=\"https:\/\/tn.com.ar\/resizer\/v2\/el-fileteado-porteno-fue-protagonista-de-lo-nuevo-de-moschino-foto-ap-photoantonio-calanni-CCT5MNXUNZAR5BT2RV4PV7XY5A.jfif?auth=64c99000e9f04a226f60dadb75f80e02bfdb8fa5aef8a6095128edc1d0ee258e&amp;width=1440\" type=\"image\/jpg\" \/><img loading=\"lazy\" decoding=\"async\" class=\"image content-image image_placeholder\" src=\"https:\/\/tn.com.ar\/resizer\/v2\/el-fileteado-porteno-fue-protagonista-de-lo-nuevo-de-moschino-foto-ap-photoantonio-calanni-CCT5MNXUNZAR5BT2RV4PV7XY5A.jfif?auth=64c99000e9f04a226f60dadb75f80e02bfdb8fa5aef8a6095128edc1d0ee258e&amp;width=767\" alt=\"El fileteado porte\u00f1o fue protagonista de lo nuevo de Moschino. (Foto: AP Photo\/Antonio Calanni)\" width=\"767\" height=\"1151\" data-testid=\"loading-testid\" \/><\/picture><\/div><figcaption class=\"caption_image\" data-testid=\"figcaption-testid\">\n<div class=\"image_caption \">El fileteado porte\u00f1o fue protagonista de lo nuevo de Moschino. (Foto: AP Photo\/Antonio Calanni)<\/div>\n<\/figcaption><\/figure>\n<p class=\"paragraph font__body-regular\">Un retrato de\u00a0<b>Eva Per\u00f3n\u00a0<\/b>con efecto \u201cpixelado\u201d en una camiseta XXL, el\u00a0<b>fileteado\u00a0<\/b>t\u00edpico porte\u00f1o en un vestido azul de falda amplia con volados y el legado de\u00a0<b>Quino\u00a0<\/b>en un remer\u00f3n ilustrado con el personaje de\u00a0<b>Mafalda\u00a0<\/b>fueron<b>\u00a0<\/b>son algunos de los \u00edconos nacionales que se hicieron presentes en la pasarela.<\/p>\n<figure class=\"\" data-testid=\"figure-testid\">\n<div class=\"aspect_ratio__container\"><picture class=\"responsive-image\"><source srcset=\"https:\/\/tn.com.ar\/resizer\/v2\/evita-estampados-inspirados-en-los-fileteados-y-mafalda-en-la-pasarela-de-moschino-foto-moschino-y-ap-ZHKIPXRFCFENFMCQB4NXTAMA64.jpg?auth=a341a686e81e647937ae3a5840d94a95d90ba561647a517c06f72cc271fbb94a&amp;width=767\" type=\"image\/jpg\" media=\"(max-width: 728px)\" \/><source srcset=\"https:\/\/tn.com.ar\/resizer\/v2\/evita-estampados-inspirados-en-los-fileteados-y-mafalda-en-la-pasarela-de-moschino-foto-moschino-y-ap-ZHKIPXRFCFENFMCQB4NXTAMA64.jpg?auth=a341a686e81e647937ae3a5840d94a95d90ba561647a517c06f72cc271fbb94a&amp;width=1023\" type=\"image\/jpg\" media=\"(max-width: 1023px)\" \/><source srcset=\"https:\/\/tn.com.ar\/resizer\/v2\/evita-estampados-inspirados-en-los-fileteados-y-mafalda-en-la-pasarela-de-moschino-foto-moschino-y-ap-ZHKIPXRFCFENFMCQB4NXTAMA64.jpg?auth=a341a686e81e647937ae3a5840d94a95d90ba561647a517c06f72cc271fbb94a&amp;width=1440\" type=\"image\/jpg\" \/><img loading=\"lazy\" decoding=\"async\" class=\"image content-image image_placeholder\" src=\"https:\/\/tn.com.ar\/resizer\/v2\/evita-estampados-inspirados-en-los-fileteados-y-mafalda-en-la-pasarela-de-moschino-foto-moschino-y-ap-ZHKIPXRFCFENFMCQB4NXTAMA64.jpg?auth=a341a686e81e647937ae3a5840d94a95d90ba561647a517c06f72cc271fbb94a&amp;width=767\" alt=\"Evita, estampados inspirados en los fileteados y Mafalda en la pasarela de Moschino. (Foto: @moschino y AP)\" width=\"767\" height=\"429\" data-testid=\"loading-testid\" \/><\/picture><\/div><figcaption class=\"caption_image\" data-testid=\"figcaption-testid\">\n<div class=\"image_caption \">Evita, estampados inspirados en los fileteados y Mafalda en la pasarela de Moschino. (Foto: @moschino y AP)<\/div>\n<\/figcaption><\/figure>\n<h2 class=\"font--primary font__display\">Adrian Appiolaza con TN Estilo<\/h2>\n<p class=\"paragraph font__body-regular\">El dise\u00f1ador recibi\u00f3 a\u00a0<b>TN Estilo<\/b>\u00a0de manera exclusiva en el Four Seasons Hotel Buenos Aires donde est\u00e1 viviendo hasta su regreso a Mil\u00e1n el pr\u00f3ximo s\u00e1bado.<\/p>\n<p class=\"paragraph font__body-regular\">\u201cLlegar a la posibilidad de estar al frente y llegar a Moschino fue realmente el goal (objetivo) que siempre tuve, que siempre so\u00f1\u00e9 cuando decid\u00ed seguir esta carrera de moda\u201d, dice Appiolaza.<\/p>\n<figure class=\"\" data-testid=\"figure-testid\">\n<div class=\"aspect_ratio__container\"><picture class=\"responsive-image\"><source srcset=\"https:\/\/tn.com.ar\/resizer\/v2\/adrian-appiolaza-con-su-martin-fierro-de-la-moda-por-su-trayectoria-foto-gentileza-telefe-CPYSHEKRHVDL7G55Z2S3NEW464.jpeg?auth=570d69c4ef4adc8f7d414873d4a812ce5d5d48cb48d46c7e3e498826dce71fcf&amp;width=767\" type=\"image\/jpg\" media=\"(max-width: 728px)\" \/><source srcset=\"https:\/\/tn.com.ar\/resizer\/v2\/adrian-appiolaza-con-su-martin-fierro-de-la-moda-por-su-trayectoria-foto-gentileza-telefe-CPYSHEKRHVDL7G55Z2S3NEW464.jpeg?auth=570d69c4ef4adc8f7d414873d4a812ce5d5d48cb48d46c7e3e498826dce71fcf&amp;width=1023\" type=\"image\/jpg\" media=\"(max-width: 1023px)\" \/><source srcset=\"https:\/\/tn.com.ar\/resizer\/v2\/adrian-appiolaza-con-su-martin-fierro-de-la-moda-por-su-trayectoria-foto-gentileza-telefe-CPYSHEKRHVDL7G55Z2S3NEW464.jpeg?auth=570d69c4ef4adc8f7d414873d4a812ce5d5d48cb48d46c7e3e498826dce71fcf&amp;width=1440\" type=\"image\/jpg\" \/><img loading=\"lazy\" decoding=\"async\" class=\"image content-image image_placeholder\" src=\"https:\/\/tn.com.ar\/resizer\/v2\/adrian-appiolaza-con-su-martin-fierro-de-la-moda-por-su-trayectoria-foto-gentileza-telefe-CPYSHEKRHVDL7G55Z2S3NEW464.jpeg?auth=570d69c4ef4adc8f7d414873d4a812ce5d5d48cb48d46c7e3e498826dce71fcf&amp;width=767\" alt=\"Adri\u00e1n Appiolaza con su Mart\u00edn Fierro de la Moda por su trayectoria. (Foto: gentileza Telefe)\" width=\"767\" height=\"1151\" data-testid=\"loading-testid\" \/><\/picture><\/div><figcaption class=\"caption_image\" data-testid=\"figcaption-testid\">\n<div class=\"image_caption \">Adri\u00e1n Appiolaza con su Mart\u00edn Fierro de la Moda por su trayectoria. (Foto: gentileza Telefe)<\/div>\n<\/figcaption><\/figure>\n<p class=\"paragraph font__body-regular\">\u201cSoy consciente de este lugar desde lo emocionante, desde la alegr\u00eda de haber llegado a esta posici\u00f3n, pero tambi\u00e9n las presiones que trae tal situaci\u00f3n. Porque\u00a0<b>no es todo glamour, no es todo fant\u00e1stico<\/b>. En todos los \u00e1mbitos hay cosas muy buenas y cosas que son tambi\u00e9n bastante m\u00e1s duras de llevar, pero bueno, hay que disfrutarlo y ah\u00ed estoy, \u00bfno? Tir\u00e1ndo para adelante&#8221;.<\/p>\n<p class=\"paragraph font__body-regular\">Adri\u00e1n Appiolaza (que se cri\u00f3 en el barrio de San Telmo) se fue a vivir a Londres hace 30 a\u00f1os, luego estudio moda en Saint Martins,\u00a0<b>trabaj\u00f3 en McQueen y Loewe<\/b>\u00a0hasta llegar a Moschino. Desde entonces, los argentinos comenzaron una verdadera \u201cappiolazaman\u00eda\u201d.<\/p>\n<div class=\"genoa_video raw relative\">\n<div class=\"video_placeholder\">\n<div class=\"aspect_ratio__container\"><picture class=\"responsive-image\"><source srcset=\"https:\/\/tn.com.ar\/resizer\/v2\/https%3A%2F%2Fthumbs.vodgc.net%2FTNS328042026125734686369674-1777393076.jpg?auth=d8199df253e61f2a70acbaaff2d6b2678c6b78dc6d2f136c777396997e3e39af&amp;width=767\" type=\"image\/jpg\" media=\"(max-width: 728px)\" \/><source srcset=\"https:\/\/tn.com.ar\/resizer\/v2\/https%3A%2F%2Fthumbs.vodgc.net%2FTNS328042026125734686369674-1777393076.jpg?auth=d8199df253e61f2a70acbaaff2d6b2678c6b78dc6d2f136c777396997e3e39af&amp;width=1023\" type=\"image\/jpg\" media=\"(max-width: 1023px)\" \/><source srcset=\"https:\/\/tn.com.ar\/resizer\/v2\/https%3A%2F%2Fthumbs.vodgc.net%2FTNS328042026125734686369674-1777393076.jpg?auth=d8199df253e61f2a70acbaaff2d6b2678c6b78dc6d2f136c777396997e3e39af&amp;width=1440\" type=\"image\/jpg\" \/><\/picture><\/div>\n<p><button type=\"button\" data-testid=\"video-placeholder-button\"><\/button><\/div>\n<\/div>\n<div class=\"genoa_description font__body-regular\"><\/div>\n<p class=\"paragraph font__body-regular\">\u201cCuando entr\u00e9 a Moschino la reacci\u00f3n empez\u00f3 a llegar de parte de mi pa\u00eds. Si hay algo que siempre quize fue representar a Argentina y que\u00a0<b>la Argentina sepa que lo hago con un orgullo de ser argentino<\/b>\u00a0a este trabajo. Y bueno, obviamente, la reacci\u00f3n fue incre\u00edble. Europa reaccion\u00f3 much\u00edsimo. Especialmente Italia, obviamente. Italia, Argentina, somos como pa\u00edses hermanos, as\u00ed que la reacci\u00f3n internacionalmente fue muy buena&#8221;.<\/p>\n<p class=\"paragraph font__body-regular\">Imposible no terminar la entrevista sin saber si quiere volver. \u201cMe encantar\u00eda, s\u00ed, s\u00ed. Hacer algo: un proyecto ac\u00e1, un proyecto all\u00e1, tener la posibilidad de trabajar en diferentes plataformas, pero\u00a0<b>me gustar\u00eda venir a dar una mano ac\u00e1 por ah\u00ed alg\u00fan d\u00eda<\/b>\u201d, concluye.<\/p>\n","protected":false},"excerpt":{"rendered":"<p>Lleg\u00f3 a Buenos Aires invitado especialmente por el Mart\u00edn Fierro de la Moda, que le entreg\u00f3 un reconocimiento. Adri\u00e1n Appiolaza,\u00a0el dise\u00f1ador argentino a cargo de Moschino, lleg\u00f3 a Buenos Aire de la mano del\u00a0Mart\u00edn Fierro de la Moda.\u00a0La organizaci\u00f3n lo invit\u00f3 para que formara parte de la entrega de premios y recibiera un reconocimiento por [&hellip;]<\/p>\n","protected":false},"author":1,"featured_media":16020,"comment_status":"open","ping_status":"open","sticky":false,"template":"","format":"standard","meta":{"rop_custom_images_group":[],"rop_custom_messages_group":[],"rop_publish_now":"initial","rop_publish_now_accounts":[],"rop_publish_now_history":[],"rop_publish_now_status":"pending","footnotes":"","jetpack_publicize_message":"","jetpack_publicize_feature_enabled":true,"jetpack_social_post_already_shared":true,"jetpack_social_options":{"image_generator_settings":{"template":"highway","enabled":false},"version":2}},"categories":[12],"tags":[],"class_list":{"0":"post-16019","1":"post","2":"type-post","3":"status-publish","4":"format-standard","5":"has-post-thumbnail","7":"category-espectaculos"},"jetpack_publicize_connections":[],"yoast_head":"<!-- This site is optimized with the Yoast SEO plugin v27.3 - https:\/\/yoast.com\/product\/yoast-seo-wordpress\/ -->\n<title>Adri\u00e1n Appiolaza, el argentino que dirige Moschino, fue nombrado Personalidad Destacada de la Cultura porte\u00f1a - CLAN ESPECTACULOS<\/title>\n<meta name=\"robots\" content=\"index, follow, max-snippet:-1, max-image-preview:large, max-video-preview:-1\" \/>\n<link rel=\"canonical\" href=\"https:\/\/radioclanfm.com\/clanespectaculos\/adrian-appiolaza-el-argentino-que-dirige-moschino-fue-nombrado-personalidad-destacada-de-la-cultura-portena\/\" \/>\n<meta property=\"og:locale\" content=\"es_ES\" \/>\n<meta property=\"og:type\" content=\"article\" \/>\n<meta property=\"og:title\" content=\"Adri\u00e1n Appiolaza, el argentino que dirige Moschino, fue nombrado Personalidad Destacada de la Cultura porte\u00f1a - CLAN ESPECTACULOS\" \/>\n<meta property=\"og:description\" content=\"Lleg\u00f3 a Buenos Aires invitado especialmente por el Mart\u00edn Fierro de la Moda, que le entreg\u00f3 un reconocimiento. Adri\u00e1n Appiolaza,\u00a0el dise\u00f1ador argentino a cargo de Moschino, lleg\u00f3 a Buenos Aire de la mano del\u00a0Mart\u00edn Fierro de la Moda.\u00a0La organizaci\u00f3n lo invit\u00f3 para que formara parte de la entrega de premios y recibiera un reconocimiento por [&hellip;]\" \/>\n<meta property=\"og:url\" content=\"https:\/\/radioclanfm.com\/clanespectaculos\/adrian-appiolaza-el-argentino-que-dirige-moschino-fue-nombrado-personalidad-destacada-de-la-cultura-portena\/\" \/>\n<meta property=\"og:site_name\" content=\"CLAN ESPECTACULOS\" \/>\n<meta property=\"article:publisher\" content=\"https:\/\/www.facebook.com\/clanespectaculos\/\" \/>\n<meta property=\"article:published_time\" content=\"2026-04-30T13:51:46+00:00\" \/>\n<meta property=\"og:image\" content=\"https:\/\/radioclanfm.com\/clanespectaculos\/wp-content\/uploads\/sites\/2\/2026\/04\/aKpLovvZ.jpg\" \/>\n\t<meta property=\"og:image:width\" content=\"900\" \/>\n\t<meta property=\"og:image:height\" content=\"507\" \/>\n\t<meta property=\"og:image:type\" content=\"image\/jpeg\" \/>\n<meta name=\"author\" content=\"E-GRUPOCLAN\" \/>\n<meta name=\"twitter:card\" content=\"summary_large_image\" \/>\n<meta name=\"twitter:creator\" content=\"@clanespectok\" \/>\n<meta name=\"twitter:site\" content=\"@clanespectok\" \/>\n<meta name=\"twitter:label1\" content=\"Escrito por\" \/>\n\t<meta name=\"twitter:data1\" content=\"E-GRUPOCLAN\" \/>\n\t<meta name=\"twitter:label2\" content=\"Tiempo de lectura\" \/>\n\t<meta name=\"twitter:data2\" content=\"5 minutos\" \/>\n<script type=\"application\/ld+json\" class=\"yoast-schema-graph\">{\"@context\":\"https:\\\/\\\/schema.org\",\"@graph\":[{\"@type\":\"Article\",\"@id\":\"https:\\\/\\\/radioclanfm.com\\\/clanespectaculos\\\/adrian-appiolaza-el-argentino-que-dirige-moschino-fue-nombrado-personalidad-destacada-de-la-cultura-portena\\\/#article\",\"isPartOf\":{\"@id\":\"https:\\\/\\\/radioclanfm.com\\\/clanespectaculos\\\/adrian-appiolaza-el-argentino-que-dirige-moschino-fue-nombrado-personalidad-destacada-de-la-cultura-portena\\\/\"},\"author\":{\"name\":\"E-GRUPOCLAN\",\"@id\":\"https:\\\/\\\/radioclanfm.com\\\/clanespectaculos\\\/#\\\/schema\\\/person\\\/9734813083303230f3ad84d99171b20c\"},\"headline\":\"Adri\u00e1n Appiolaza, el argentino que dirige Moschino, fue nombrado Personalidad Destacada de la Cultura porte\u00f1a\",\"datePublished\":\"2026-04-30T13:51:46+00:00\",\"mainEntityOfPage\":{\"@id\":\"https:\\\/\\\/radioclanfm.com\\\/clanespectaculos\\\/adrian-appiolaza-el-argentino-que-dirige-moschino-fue-nombrado-personalidad-destacada-de-la-cultura-portena\\\/\"},\"wordCount\":702,\"commentCount\":0,\"publisher\":{\"@id\":\"https:\\\/\\\/radioclanfm.com\\\/clanespectaculos\\\/#organization\"},\"image\":{\"@id\":\"https:\\\/\\\/radioclanfm.com\\\/clanespectaculos\\\/adrian-appiolaza-el-argentino-que-dirige-moschino-fue-nombrado-personalidad-destacada-de-la-cultura-portena\\\/#primaryimage\"},\"thumbnailUrl\":\"https:\\\/\\\/radioclanfm.com\\\/clanespectaculos\\\/wp-content\\\/uploads\\\/sites\\\/2\\\/2026\\\/04\\\/aKpLovvZ.jpg\",\"articleSection\":[\"Espectaculos\"],\"inLanguage\":\"es-AR\",\"potentialAction\":[{\"@type\":\"CommentAction\",\"name\":\"Comment\",\"target\":[\"https:\\\/\\\/radioclanfm.com\\\/clanespectaculos\\\/adrian-appiolaza-el-argentino-que-dirige-moschino-fue-nombrado-personalidad-destacada-de-la-cultura-portena\\\/#respond\"]}]},{\"@type\":\"WebPage\",\"@id\":\"https:\\\/\\\/radioclanfm.com\\\/clanespectaculos\\\/adrian-appiolaza-el-argentino-que-dirige-moschino-fue-nombrado-personalidad-destacada-de-la-cultura-portena\\\/\",\"url\":\"https:\\\/\\\/radioclanfm.com\\\/clanespectaculos\\\/adrian-appiolaza-el-argentino-que-dirige-moschino-fue-nombrado-personalidad-destacada-de-la-cultura-portena\\\/\",\"name\":\"Adri\u00e1n Appiolaza, el argentino que dirige Moschino, fue nombrado Personalidad Destacada de la Cultura porte\u00f1a - CLAN ESPECTACULOS\",\"isPartOf\":{\"@id\":\"https:\\\/\\\/radioclanfm.com\\\/clanespectaculos\\\/#website\"},\"primaryImageOfPage\":{\"@id\":\"https:\\\/\\\/radioclanfm.com\\\/clanespectaculos\\\/adrian-appiolaza-el-argentino-que-dirige-moschino-fue-nombrado-personalidad-destacada-de-la-cultura-portena\\\/#primaryimage\"},\"image\":{\"@id\":\"https:\\\/\\\/radioclanfm.com\\\/clanespectaculos\\\/adrian-appiolaza-el-argentino-que-dirige-moschino-fue-nombrado-personalidad-destacada-de-la-cultura-portena\\\/#primaryimage\"},\"thumbnailUrl\":\"https:\\\/\\\/radioclanfm.com\\\/clanespectaculos\\\/wp-content\\\/uploads\\\/sites\\\/2\\\/2026\\\/04\\\/aKpLovvZ.jpg\",\"datePublished\":\"2026-04-30T13:51:46+00:00\",\"breadcrumb\":{\"@id\":\"https:\\\/\\\/radioclanfm.com\\\/clanespectaculos\\\/adrian-appiolaza-el-argentino-que-dirige-moschino-fue-nombrado-personalidad-destacada-de-la-cultura-portena\\\/#breadcrumb\"},\"inLanguage\":\"es-AR\",\"potentialAction\":[{\"@type\":\"ReadAction\",\"target\":[\"https:\\\/\\\/radioclanfm.com\\\/clanespectaculos\\\/adrian-appiolaza-el-argentino-que-dirige-moschino-fue-nombrado-personalidad-destacada-de-la-cultura-portena\\\/\"]}]},{\"@type\":\"ImageObject\",\"inLanguage\":\"es-AR\",\"@id\":\"https:\\\/\\\/radioclanfm.com\\\/clanespectaculos\\\/adrian-appiolaza-el-argentino-que-dirige-moschino-fue-nombrado-personalidad-destacada-de-la-cultura-portena\\\/#primaryimage\",\"url\":\"https:\\\/\\\/radioclanfm.com\\\/clanespectaculos\\\/wp-content\\\/uploads\\\/sites\\\/2\\\/2026\\\/04\\\/aKpLovvZ.jpg\",\"contentUrl\":\"https:\\\/\\\/radioclanfm.com\\\/clanespectaculos\\\/wp-content\\\/uploads\\\/sites\\\/2\\\/2026\\\/04\\\/aKpLovvZ.jpg\",\"width\":900,\"height\":507},{\"@type\":\"BreadcrumbList\",\"@id\":\"https:\\\/\\\/radioclanfm.com\\\/clanespectaculos\\\/adrian-appiolaza-el-argentino-que-dirige-moschino-fue-nombrado-personalidad-destacada-de-la-cultura-portena\\\/#breadcrumb\",\"itemListElement\":[{\"@type\":\"ListItem\",\"position\":1,\"name\":\"Inicio\",\"item\":\"https:\\\/\\\/radioclanfm.com\\\/clanespectaculos\\\/\"},{\"@type\":\"ListItem\",\"position\":2,\"name\":\"Adri\u00e1n Appiolaza, el argentino que dirige Moschino, fue nombrado Personalidad Destacada de la Cultura porte\u00f1a\"}]},{\"@type\":\"WebSite\",\"@id\":\"https:\\\/\\\/radioclanfm.com\\\/clanespectaculos\\\/#website\",\"url\":\"https:\\\/\\\/radioclanfm.com\\\/clanespectaculos\\\/\",\"name\":\"CLAN ESPECTACULOS\",\"description\":\"\",\"publisher\":{\"@id\":\"https:\\\/\\\/radioclanfm.com\\\/clanespectaculos\\\/#organization\"},\"potentialAction\":[{\"@type\":\"SearchAction\",\"target\":{\"@type\":\"EntryPoint\",\"urlTemplate\":\"https:\\\/\\\/radioclanfm.com\\\/clanespectaculos\\\/?s={search_term_string}\"},\"query-input\":{\"@type\":\"PropertyValueSpecification\",\"valueRequired\":true,\"valueName\":\"search_term_string\"}}],\"inLanguage\":\"es-AR\"},{\"@type\":\"Organization\",\"@id\":\"https:\\\/\\\/radioclanfm.com\\\/clanespectaculos\\\/#organization\",\"name\":\"CLAN ESPECTACULOS\",\"url\":\"https:\\\/\\\/radioclanfm.com\\\/clanespectaculos\\\/\",\"logo\":{\"@type\":\"ImageObject\",\"inLanguage\":\"es-AR\",\"@id\":\"https:\\\/\\\/radioclanfm.com\\\/clanespectaculos\\\/#\\\/schema\\\/logo\\\/image\\\/\",\"url\":\"https:\\\/\\\/radioclanfm.com\\\/clanespectaculos\\\/wp-content\\\/uploads\\\/sites\\\/2\\\/2026\\\/04\\\/ChatGPT-Image-23-mar-2026-10_09_00.png\",\"contentUrl\":\"https:\\\/\\\/radioclanfm.com\\\/clanespectaculos\\\/wp-content\\\/uploads\\\/sites\\\/2\\\/2026\\\/04\\\/ChatGPT-Image-23-mar-2026-10_09_00.png\",\"width\":1024,\"height\":1024,\"caption\":\"CLAN ESPECTACULOS\"},\"image\":{\"@id\":\"https:\\\/\\\/radioclanfm.com\\\/clanespectaculos\\\/#\\\/schema\\\/logo\\\/image\\\/\"},\"sameAs\":[\"https:\\\/\\\/www.facebook.com\\\/clanespectaculos\\\/\",\"https:\\\/\\\/x.com\\\/clanespectok\"]},{\"@type\":\"Person\",\"@id\":\"https:\\\/\\\/radioclanfm.com\\\/clanespectaculos\\\/#\\\/schema\\\/person\\\/9734813083303230f3ad84d99171b20c\",\"name\":\"E-GRUPOCLAN\",\"image\":{\"@type\":\"ImageObject\",\"inLanguage\":\"es-AR\",\"@id\":\"https:\\\/\\\/secure.gravatar.com\\\/avatar\\\/af6e19837c3d6a212034a48c7b3818d2ac1826f6025df0155da5a186ad321d79?s=96&d=mm&r=g\",\"url\":\"https:\\\/\\\/secure.gravatar.com\\\/avatar\\\/af6e19837c3d6a212034a48c7b3818d2ac1826f6025df0155da5a186ad321d79?s=96&d=mm&r=g\",\"contentUrl\":\"https:\\\/\\\/secure.gravatar.com\\\/avatar\\\/af6e19837c3d6a212034a48c7b3818d2ac1826f6025df0155da5a186ad321d79?s=96&d=mm&r=g\",\"caption\":\"E-GRUPOCLAN\"},\"sameAs\":[\"https:\\\/\\\/radioclanfm.com\"],\"url\":\"https:\\\/\\\/radioclanfm.com\\\/clanespectaculos\\\/author\\\/admin\\\/\"}]}<\/script>\n<!-- \/ Yoast SEO plugin. -->","yoast_head_json":{"title":"Adri\u00e1n Appiolaza, el argentino que dirige Moschino, fue nombrado Personalidad Destacada de la Cultura porte\u00f1a - CLAN ESPECTACULOS","robots":{"index":"index","follow":"follow","max-snippet":"max-snippet:-1","max-image-preview":"max-image-preview:large","max-video-preview":"max-video-preview:-1"},"canonical":"https:\/\/radioclanfm.com\/clanespectaculos\/adrian-appiolaza-el-argentino-que-dirige-moschino-fue-nombrado-personalidad-destacada-de-la-cultura-portena\/","og_locale":"es_ES","og_type":"article","og_title":"Adri\u00e1n Appiolaza, el argentino que dirige Moschino, fue nombrado Personalidad Destacada de la Cultura porte\u00f1a - CLAN ESPECTACULOS","og_description":"Lleg\u00f3 a Buenos Aires invitado especialmente por el Mart\u00edn Fierro de la Moda, que le entreg\u00f3 un reconocimiento. Adri\u00e1n Appiolaza,\u00a0el dise\u00f1ador argentino a cargo de Moschino, lleg\u00f3 a Buenos Aire de la mano del\u00a0Mart\u00edn Fierro de la Moda.\u00a0La organizaci\u00f3n lo invit\u00f3 para que formara parte de la entrega de premios y recibiera un reconocimiento por [&hellip;]","og_url":"https:\/\/radioclanfm.com\/clanespectaculos\/adrian-appiolaza-el-argentino-que-dirige-moschino-fue-nombrado-personalidad-destacada-de-la-cultura-portena\/","og_site_name":"CLAN ESPECTACULOS","article_publisher":"https:\/\/www.facebook.com\/clanespectaculos\/","article_published_time":"2026-04-30T13:51:46+00:00","og_image":[{"width":900,"height":507,"url":"https:\/\/radioclanfm.com\/clanespectaculos\/wp-content\/uploads\/sites\/2\/2026\/04\/aKpLovvZ.jpg","type":"image\/jpeg"}],"author":"E-GRUPOCLAN","twitter_card":"summary_large_image","twitter_creator":"@clanespectok","twitter_site":"@clanespectok","twitter_misc":{"Escrito por":"E-GRUPOCLAN","Tiempo de lectura":"5 minutos"},"schema":{"@context":"https:\/\/schema.org","@graph":[{"@type":"Article","@id":"https:\/\/radioclanfm.com\/clanespectaculos\/adrian-appiolaza-el-argentino-que-dirige-moschino-fue-nombrado-personalidad-destacada-de-la-cultura-portena\/#article","isPartOf":{"@id":"https:\/\/radioclanfm.com\/clanespectaculos\/adrian-appiolaza-el-argentino-que-dirige-moschino-fue-nombrado-personalidad-destacada-de-la-cultura-portena\/"},"author":{"name":"E-GRUPOCLAN","@id":"https:\/\/radioclanfm.com\/clanespectaculos\/#\/schema\/person\/9734813083303230f3ad84d99171b20c"},"headline":"Adri\u00e1n Appiolaza, el argentino que dirige Moschino, fue nombrado Personalidad Destacada de la Cultura porte\u00f1a","datePublished":"2026-04-30T13:51:46+00:00","mainEntityOfPage":{"@id":"https:\/\/radioclanfm.com\/clanespectaculos\/adrian-appiolaza-el-argentino-que-dirige-moschino-fue-nombrado-personalidad-destacada-de-la-cultura-portena\/"},"wordCount":702,"commentCount":0,"publisher":{"@id":"https:\/\/radioclanfm.com\/clanespectaculos\/#organization"},"image":{"@id":"https:\/\/radioclanfm.com\/clanespectaculos\/adrian-appiolaza-el-argentino-que-dirige-moschino-fue-nombrado-personalidad-destacada-de-la-cultura-portena\/#primaryimage"},"thumbnailUrl":"https:\/\/radioclanfm.com\/clanespectaculos\/wp-content\/uploads\/sites\/2\/2026\/04\/aKpLovvZ.jpg","articleSection":["Espectaculos"],"inLanguage":"es-AR","potentialAction":[{"@type":"CommentAction","name":"Comment","target":["https:\/\/radioclanfm.com\/clanespectaculos\/adrian-appiolaza-el-argentino-que-dirige-moschino-fue-nombrado-personalidad-destacada-de-la-cultura-portena\/#respond"]}]},{"@type":"WebPage","@id":"https:\/\/radioclanfm.com\/clanespectaculos\/adrian-appiolaza-el-argentino-que-dirige-moschino-fue-nombrado-personalidad-destacada-de-la-cultura-portena\/","url":"https:\/\/radioclanfm.com\/clanespectaculos\/adrian-appiolaza-el-argentino-que-dirige-moschino-fue-nombrado-personalidad-destacada-de-la-cultura-portena\/","name":"Adri\u00e1n Appiolaza, el argentino que dirige Moschino, fue nombrado Personalidad Destacada de la Cultura porte\u00f1a - CLAN ESPECTACULOS","isPartOf":{"@id":"https:\/\/radioclanfm.com\/clanespectaculos\/#website"},"primaryImageOfPage":{"@id":"https:\/\/radioclanfm.com\/clanespectaculos\/adrian-appiolaza-el-argentino-que-dirige-moschino-fue-nombrado-personalidad-destacada-de-la-cultura-portena\/#primaryimage"},"image":{"@id":"https:\/\/radioclanfm.com\/clanespectaculos\/adrian-appiolaza-el-argentino-que-dirige-moschino-fue-nombrado-personalidad-destacada-de-la-cultura-portena\/#primaryimage"},"thumbnailUrl":"https:\/\/radioclanfm.com\/clanespectaculos\/wp-content\/uploads\/sites\/2\/2026\/04\/aKpLovvZ.jpg","datePublished":"2026-04-30T13:51:46+00:00","breadcrumb":{"@id":"https:\/\/radioclanfm.com\/clanespectaculos\/adrian-appiolaza-el-argentino-que-dirige-moschino-fue-nombrado-personalidad-destacada-de-la-cultura-portena\/#breadcrumb"},"inLanguage":"es-AR","potentialAction":[{"@type":"ReadAction","target":["https:\/\/radioclanfm.com\/clanespectaculos\/adrian-appiolaza-el-argentino-que-dirige-moschino-fue-nombrado-personalidad-destacada-de-la-cultura-portena\/"]}]},{"@type":"ImageObject","inLanguage":"es-AR","@id":"https:\/\/radioclanfm.com\/clanespectaculos\/adrian-appiolaza-el-argentino-que-dirige-moschino-fue-nombrado-personalidad-destacada-de-la-cultura-portena\/#primaryimage","url":"https:\/\/radioclanfm.com\/clanespectaculos\/wp-content\/uploads\/sites\/2\/2026\/04\/aKpLovvZ.jpg","contentUrl":"https:\/\/radioclanfm.com\/clanespectaculos\/wp-content\/uploads\/sites\/2\/2026\/04\/aKpLovvZ.jpg","width":900,"height":507},{"@type":"BreadcrumbList","@id":"https:\/\/radioclanfm.com\/clanespectaculos\/adrian-appiolaza-el-argentino-que-dirige-moschino-fue-nombrado-personalidad-destacada-de-la-cultura-portena\/#breadcrumb","itemListElement":[{"@type":"ListItem","position":1,"name":"Inicio","item":"https:\/\/radioclanfm.com\/clanespectaculos\/"},{"@type":"ListItem","position":2,"name":"Adri\u00e1n Appiolaza, el argentino que dirige Moschino, fue nombrado Personalidad Destacada de la Cultura porte\u00f1a"}]},{"@type":"WebSite","@id":"https:\/\/radioclanfm.com\/clanespectaculos\/#website","url":"https:\/\/radioclanfm.com\/clanespectaculos\/","name":"CLAN ESPECTACULOS","description":"","publisher":{"@id":"https:\/\/radioclanfm.com\/clanespectaculos\/#organization"},"potentialAction":[{"@type":"SearchAction","target":{"@type":"EntryPoint","urlTemplate":"https:\/\/radioclanfm.com\/clanespectaculos\/?s={search_term_string}"},"query-input":{"@type":"PropertyValueSpecification","valueRequired":true,"valueName":"search_term_string"}}],"inLanguage":"es-AR"},{"@type":"Organization","@id":"https:\/\/radioclanfm.com\/clanespectaculos\/#organization","name":"CLAN ESPECTACULOS","url":"https:\/\/radioclanfm.com\/clanespectaculos\/","logo":{"@type":"ImageObject","inLanguage":"es-AR","@id":"https:\/\/radioclanfm.com\/clanespectaculos\/#\/schema\/logo\/image\/","url":"https:\/\/radioclanfm.com\/clanespectaculos\/wp-content\/uploads\/sites\/2\/2026\/04\/ChatGPT-Image-23-mar-2026-10_09_00.png","contentUrl":"https:\/\/radioclanfm.com\/clanespectaculos\/wp-content\/uploads\/sites\/2\/2026\/04\/ChatGPT-Image-23-mar-2026-10_09_00.png","width":1024,"height":1024,"caption":"CLAN ESPECTACULOS"},"image":{"@id":"https:\/\/radioclanfm.com\/clanespectaculos\/#\/schema\/logo\/image\/"},"sameAs":["https:\/\/www.facebook.com\/clanespectaculos\/","https:\/\/x.com\/clanespectok"]},{"@type":"Person","@id":"https:\/\/radioclanfm.com\/clanespectaculos\/#\/schema\/person\/9734813083303230f3ad84d99171b20c","name":"E-GRUPOCLAN","image":{"@type":"ImageObject","inLanguage":"es-AR","@id":"https:\/\/secure.gravatar.com\/avatar\/af6e19837c3d6a212034a48c7b3818d2ac1826f6025df0155da5a186ad321d79?s=96&d=mm&r=g","url":"https:\/\/secure.gravatar.com\/avatar\/af6e19837c3d6a212034a48c7b3818d2ac1826f6025df0155da5a186ad321d79?s=96&d=mm&r=g","contentUrl":"https:\/\/secure.gravatar.com\/avatar\/af6e19837c3d6a212034a48c7b3818d2ac1826f6025df0155da5a186ad321d79?s=96&d=mm&r=g","caption":"E-GRUPOCLAN"},"sameAs":["https:\/\/radioclanfm.com"],"url":"https:\/\/radioclanfm.com\/clanespectaculos\/author\/admin\/"}]}},"_links":{"self":[{"href":"https:\/\/radioclanfm.com\/clanespectaculos\/wp-json\/wp\/v2\/posts\/16019","targetHints":{"allow":["GET"]}}],"collection":[{"href":"https:\/\/radioclanfm.com\/clanespectaculos\/wp-json\/wp\/v2\/posts"}],"about":[{"href":"https:\/\/radioclanfm.com\/clanespectaculos\/wp-json\/wp\/v2\/types\/post"}],"author":[{"embeddable":true,"href":"https:\/\/radioclanfm.com\/clanespectaculos\/wp-json\/wp\/v2\/users\/1"}],"replies":[{"embeddable":true,"href":"https:\/\/radioclanfm.com\/clanespectaculos\/wp-json\/wp\/v2\/comments?post=16019"}],"version-history":[{"count":1,"href":"https:\/\/radioclanfm.com\/clanespectaculos\/wp-json\/wp\/v2\/posts\/16019\/revisions"}],"predecessor-version":[{"id":16021,"href":"https:\/\/radioclanfm.com\/clanespectaculos\/wp-json\/wp\/v2\/posts\/16019\/revisions\/16021"}],"wp:featuredmedia":[{"embeddable":true,"href":"https:\/\/radioclanfm.com\/clanespectaculos\/wp-json\/wp\/v2\/media\/16020"}],"wp:attachment":[{"href":"https:\/\/radioclanfm.com\/clanespectaculos\/wp-json\/wp\/v2\/media?parent=16019"}],"wp:term":[{"taxonomy":"category","embeddable":true,"href":"https:\/\/radioclanfm.com\/clanespectaculos\/wp-json\/wp\/v2\/categories?post=16019"},{"taxonomy":"post_tag","embeddable":true,"href":"https:\/\/radioclanfm.com\/clanespectaculos\/wp-json\/wp\/v2\/tags?post=16019"}],"curies":[{"name":"wp","href":"https:\/\/api.w.org\/{rel}","templated":true}]}}