{"id":16016,"date":"2026-04-30T10:50:22","date_gmt":"2026-04-30T13:50:22","guid":{"rendered":"https:\/\/radioclanfm.com\/clanespectaculos\/?p=16016"},"modified":"2026-04-30T10:50:22","modified_gmt":"2026-04-30T13:50:22","slug":"lola-latorre-reinterpreto-a-andy-sachs-llevo-el-street-style-neoyorkino-al-centro-de-la-escena-fashion","status":"publish","type":"post","link":"https:\/\/radioclanfm.com\/clanespectaculos\/lola-latorre-reinterpreto-a-andy-sachs-llevo-el-street-style-neoyorkino-al-centro-de-la-escena-fashion\/","title":{"rendered":"Lola Latorre reinterpret\u00f3 a Andy Sachs: llev\u00f3 el street style neoyorkino al centro de la escena fashion"},"content":{"rendered":"<p>Desde Londres, la influencer fue invitada por Burberry y despleg\u00f3 un estilo urbano, sofisticado con gui\u00f1os brit\u00e1nicos.<\/p>\n<p class=\"paragraph font__body-regular\"><b>Lola Latorre\u00a0<\/b>tom\u00f3 como punto de partida el universo de \u201cEl diablo viste a la moda\u201d y<b>\u00a0construy\u00f3 una versi\u00f3n fashion inspirada en el ic\u00f3nico personaje Andy Sachs<\/b>. La propuesta se apoy\u00f3 en c\u00f3digos cl\u00e1sicos que<b>\u00a0resignific\u00f3 con una mirada actual y urbana<\/b>.<\/p>\n<div id=\"ad-slot-infeed\" class=\"infeed-container ad-slot-infeed ad-slot\" data-adtype=\"infeed\" data-lazyload=\"1\" data-google-query-id=\"CNmBzOLblZQDFR9MuAQd0WgASw\">\n<div id=\"google_ads_iframe_\/113951150\/tn-arc\/nota\/infeed_0__container__\"><iframe id=\"google_ads_iframe_\/113951150\/tn-arc\/nota\/infeed_0\" tabindex=\"0\" title=\"Contenido de anuncios de terceros\" name=\"google_ads_iframe_\/113951150\/tn-arc\/nota\/infeed_0\" width=\"1\" height=\"1\" frameborder=\"0\" marginwidth=\"0\" marginheight=\"0\" scrolling=\"no\" aria-label=\"Anuncio\" data-google-container-id=\"9\" data-load-complete=\"true\" data-mce-fragment=\"1\"><\/iframe><\/div>\n<\/div>\n<p class=\"paragraph font__body-regular\">El look se compuso de una\u00a0<b>camisa blanca al cuerpo de corte cl\u00e1sico<\/b>, abotonada y con cuello r\u00edgido. Sobre esa base, sum\u00f3 un<b>\u00a0top manga larga<\/b>\u00a0estructurado negro, de\u00a0<b>escote off-shoulder<\/b>, que marc\u00f3 la silueta y gener\u00f3 contraste visual.<\/p>\n<div id=\"standard_1\" class=\"st-placement standard_1 inArticle\">\n<div class=\"st-adunit-inarticle st-inarticle-slot\">\n<div class=\"st-adunit st-adunit-tagged st-reset st-show\">\n<div class=\"st-adunit-ad st-reset\"><\/div>\n<\/div>\n<\/div>\n<\/div>\n<div class=\"story-list\" data-mrf-recirculation=\"IL_fPSS4oUaSUaKNHLf4mpe3g\" data-mrf-root-experiment=\"0952317d-c9e3-4d65-9dd7-85816683fa43\" data-testid=\"text-html\" data-mrf-experience=\"IL_fPSS4oUaSUaKNHLf4mpe3g\">\n<article class=\"card__container card__horizontal\">\n<div class=\"card__body\">\n<header>\n<h3 class=\"card__headline font__display\"><\/h3>\n<\/header>\n<\/div>\n<\/article>\n<\/div>\n<div data-mrf-experience=\"IL_RNrGCM52Q_ui4aMax3fibg\"><\/div>\n<figure class=\"\" data-testid=\"figure-testid\">\n<div class=\"aspect_ratio__container\"><picture class=\"responsive-image\"><source srcset=\"https:\/\/tn.com.ar\/resizer\/v2\/lola-latorre-se-inspiro-de-andy-sachs-en-el-diablo-viste-a-la-moda-foto-lolitalatorre-WXLPZMFCH5B3XELKWYO2AOKMEI.jpeg?auth=29d5a9fb3cb8e86da2526f4d97b30df3d80e2bd89d971db4094a37409d5eebf8&amp;width=767\" type=\"image\/jpg\" media=\"(max-width: 728px)\" \/><source srcset=\"https:\/\/tn.com.ar\/resizer\/v2\/lola-latorre-se-inspiro-de-andy-sachs-en-el-diablo-viste-a-la-moda-foto-lolitalatorre-WXLPZMFCH5B3XELKWYO2AOKMEI.jpeg?auth=29d5a9fb3cb8e86da2526f4d97b30df3d80e2bd89d971db4094a37409d5eebf8&amp;width=1023\" type=\"image\/jpg\" media=\"(max-width: 1023px)\" \/><source srcset=\"https:\/\/tn.com.ar\/resizer\/v2\/lola-latorre-se-inspiro-de-andy-sachs-en-el-diablo-viste-a-la-moda-foto-lolitalatorre-WXLPZMFCH5B3XELKWYO2AOKMEI.jpeg?auth=29d5a9fb3cb8e86da2526f4d97b30df3d80e2bd89d971db4094a37409d5eebf8&amp;width=1440\" type=\"image\/jpg\" \/><img loading=\"lazy\" decoding=\"async\" class=\"image content-image image_placeholder\" src=\"https:\/\/tn.com.ar\/resizer\/v2\/lola-latorre-se-inspiro-de-andy-sachs-en-el-diablo-viste-a-la-moda-foto-lolitalatorre-WXLPZMFCH5B3XELKWYO2AOKMEI.jpeg?auth=29d5a9fb3cb8e86da2526f4d97b30df3d80e2bd89d971db4094a37409d5eebf8&amp;width=767\" alt=\"Lola Latorre se inspir\u00f3 de Andy Sachs en  &quot;el diablo viste a la moda&quot; Foto: @lolitalatorre\" width=\"767\" height=\"1295\" data-testid=\"loading-testid\" \/><\/picture><\/div><figcaption class=\"caption_image\" data-testid=\"figcaption-testid\">\n<div class=\"image_caption \">Lola Latorre se inspir\u00f3 de Andy Sachs en &#8220;el diablo viste a la moda&#8221; Foto: @lolitalatorre<\/div>\n<\/figcaption><\/figure>\n<p class=\"paragraph font__body-regular\">Eligi\u00f3 un\u00a0<b>pantal\u00f3n engomado negro de tiro alto<\/b>\u00a0y calce recto, que estiliz\u00f3 la figura y<b>\u00a0aport\u00f3 sobriedad al conjunto<\/b>. Como pieza clave, incorpor\u00f3 una\u00a0<b>boina siciliana de tweed en tonos marrones y beige<\/b>; en la mano<b>, sostuvo un vaso de caf\u00e9<\/b>, que complet\u00f3 la narrativa urbana del outfit.<\/p>\n<p class=\"paragraph font__body-regular\"><b>En los accesorios, apost\u00f3 por el maximalismo elegante<\/b>: llev\u00f3<b>\u00a0collares largos<\/b>\u00a0de perlas con dije<b>\u00a0Chanel\u00a0<\/b>que reinterpretaron al m\u00e1ximo el estilo del personaje.<\/p>\n<div class=\"genoa_video raw relative vertical\">\n<div class=\"video_placeholder vertical\">\n<div class=\"aspect_ratio__container\"><picture class=\"responsive-image\"><source srcset=\"https:\/\/tn.com.ar\/resizer\/v2\/https%3A%2F%2Fthumbs.vodgc.net%2F1-467-VetES51777483268076_720P.jpg?auth=e46e4e67b5b1235b7115954696175cd33c6ac31501842356ca8b296f472a5c3a&amp;width=767\" type=\"image\/jpg\" media=\"(max-width: 728px)\" \/><source srcset=\"https:\/\/tn.com.ar\/resizer\/v2\/https%3A%2F%2Fthumbs.vodgc.net%2F1-467-VetES51777483268076_720P.jpg?auth=e46e4e67b5b1235b7115954696175cd33c6ac31501842356ca8b296f472a5c3a&amp;width=1023\" type=\"image\/jpg\" media=\"(max-width: 1023px)\" \/><source srcset=\"https:\/\/tn.com.ar\/resizer\/v2\/https%3A%2F%2Fthumbs.vodgc.net%2F1-467-VetES51777483268076_720P.jpg?auth=e46e4e67b5b1235b7115954696175cd33c6ac31501842356ca8b296f472a5c3a&amp;width=1440\" type=\"image\/jpg\" \/><\/picture><\/div>\n<p><button type=\"button\" data-testid=\"video-placeholder-button\"><\/button><\/div>\n<\/div>\n<div class=\"genoa_description font__body-regular\">Lola Latorre se inspir\u00f3 de Andy Sachs en &#8220;el diablo viste a la moda&#8221; Foto: @lolitalatorre<\/div>\n<p class=\"paragraph font__body-regular\">Sum\u00f3\u00a0<b>aros discretos y un bolso de mano<\/b>\u00a0estructurado en beige con estampa de\u00a0<b>Gucci<\/b>, que dialog\u00f3 con el resto del estilismo de lujo.<\/p>\n<p class=\"paragraph font__body-regular\"><b>El beauty look se mantuvo sobrio sin excesos<\/b>: llev\u00f3 la piel uniforme, con acabado luminoso.<\/p>\n<figure class=\"\" data-testid=\"figure-testid\">\n<div class=\"aspect_ratio__container\"><picture class=\"responsive-image\"><source srcset=\"https:\/\/tn.com.ar\/resizer\/v2\/lola-latorre-se-inspiro-de-andy-sachs-en-el-diablo-viste-a-la-moda-foto-lolitalatorre-VEENU7U5HJA2NPQ6ZDMLY3ZDJA.jpg?auth=5ca724df3322d48208f33cff0c686fa90a11f20af2042eccf9c2114c1f8c2494&amp;width=767\" type=\"image\/jpg\" media=\"(max-width: 728px)\" \/><source srcset=\"https:\/\/tn.com.ar\/resizer\/v2\/lola-latorre-se-inspiro-de-andy-sachs-en-el-diablo-viste-a-la-moda-foto-lolitalatorre-VEENU7U5HJA2NPQ6ZDMLY3ZDJA.jpg?auth=5ca724df3322d48208f33cff0c686fa90a11f20af2042eccf9c2114c1f8c2494&amp;width=1023\" type=\"image\/jpg\" media=\"(max-width: 1023px)\" \/><source srcset=\"https:\/\/tn.com.ar\/resizer\/v2\/lola-latorre-se-inspiro-de-andy-sachs-en-el-diablo-viste-a-la-moda-foto-lolitalatorre-VEENU7U5HJA2NPQ6ZDMLY3ZDJA.jpg?auth=5ca724df3322d48208f33cff0c686fa90a11f20af2042eccf9c2114c1f8c2494&amp;width=1440\" type=\"image\/jpg\" \/><img loading=\"lazy\" decoding=\"async\" class=\"image content-image image_placeholder\" src=\"https:\/\/tn.com.ar\/resizer\/v2\/lola-latorre-se-inspiro-de-andy-sachs-en-el-diablo-viste-a-la-moda-foto-lolitalatorre-VEENU7U5HJA2NPQ6ZDMLY3ZDJA.jpg?auth=5ca724df3322d48208f33cff0c686fa90a11f20af2042eccf9c2114c1f8c2494&amp;width=767\" alt=\"Lola Latorre se inspir\u00f3 de Andy Sachs en  &quot;el diablo viste a la moda&quot; Foto: @lolitalatorre\" width=\"767\" height=\"1023\" data-testid=\"loading-testid\" \/><\/picture><\/div><figcaption class=\"caption_image\" data-testid=\"figcaption-testid\">\n<div class=\"image_caption \">Lola Latorre se inspir\u00f3 de Andy Sachs en &#8220;el diablo viste a la moda&#8221; Foto: @lolitalatorre<\/div>\n<\/figcaption><\/figure>\n<p class=\"paragraph font__body-regular\"><b>Eligi\u00f3 un make up en tonos neutros<\/b>, con \u00e9nfasis en una<b>\u00a0mirada suave y definida<\/b>. En los labios, opt\u00f3 por un tono nude marr\u00f3n y el\u00a0<b>pelo se present\u00f3 suelto, con ondas suaves<\/b>\u00a0y un acabado prolijo que acompa\u00f1\u00f3 la est\u00e9tica general.<\/p>\n<h2 class=\"font--primary font__display\">Lola en Londres con Burberry<\/h2>\n<p class=\"paragraph font__body-regular\"><b>La influencer de moda, en su mejor momento<\/b>: viaj\u00f3 a Londres como<b>\u00a0invitada de la firma Burberry<\/b>, donde particip\u00f3 como host y<b>\u00a0recibi\u00f3 una curadur\u00eda exclusiva<\/b>\u00a0de prendas de la maison.<\/p>\n<figure class=\"\" data-testid=\"figure-testid\">\n<div class=\"aspect_ratio__container\"><picture class=\"responsive-image\"><source srcset=\"https:\/\/tn.com.ar\/resizer\/v2\/lola-latorre-viajo-a-londres-como-invitada-de-burberry-foto-lolitalatorre-HLB4OOYQ5RGXPBB2VDIMWOCKKQ.jpeg?auth=d41bf4705c982d4d727cfbbcccc6d35bde5839d04f6c0e06cd83979f0ef8e05f&amp;width=767\" type=\"image\/jpg\" media=\"(max-width: 728px)\" \/><source srcset=\"https:\/\/tn.com.ar\/resizer\/v2\/lola-latorre-viajo-a-londres-como-invitada-de-burberry-foto-lolitalatorre-HLB4OOYQ5RGXPBB2VDIMWOCKKQ.jpeg?auth=d41bf4705c982d4d727cfbbcccc6d35bde5839d04f6c0e06cd83979f0ef8e05f&amp;width=1023\" type=\"image\/jpg\" media=\"(max-width: 1023px)\" \/><source srcset=\"https:\/\/tn.com.ar\/resizer\/v2\/lola-latorre-viajo-a-londres-como-invitada-de-burberry-foto-lolitalatorre-HLB4OOYQ5RGXPBB2VDIMWOCKKQ.jpeg?auth=d41bf4705c982d4d727cfbbcccc6d35bde5839d04f6c0e06cd83979f0ef8e05f&amp;width=1440\" type=\"image\/jpg\" \/><img loading=\"lazy\" decoding=\"async\" class=\"image content-image image_placeholder\" src=\"https:\/\/tn.com.ar\/resizer\/v2\/lola-latorre-viajo-a-londres-como-invitada-de-burberry-foto-lolitalatorre-HLB4OOYQ5RGXPBB2VDIMWOCKKQ.jpeg?auth=d41bf4705c982d4d727cfbbcccc6d35bde5839d04f6c0e06cd83979f0ef8e05f&amp;width=767\" alt=\"Lola Latorre viaj\u00f3 a Londres como invitada de Burberry Foto: @lolitalatorre\" width=\"767\" height=\"1332\" data-testid=\"loading-testid\" \/><\/picture><\/div><figcaption class=\"caption_image\" data-testid=\"figcaption-testid\">\n<div class=\"image_caption \">Lola Latorre viaj\u00f3 a Londres como invitada de Burberry Foto: @lolitalatorre<\/div>\n<\/figcaption><\/figure>\n<p class=\"paragraph font__body-regular\">El estilo ingl\u00e9s de la firma cont\u00f3 con\u00a0<b>tart\u00e1n beige<\/b>,\u00a0<b>prendas en colores neutros\u00a0<\/b>como el bord\u00f3 y negro,\u00a0<b>jeans y gui\u00f1os en blanco<\/b>\u00a0para iluminar la propuesta est\u00e9tica.<\/p>\n<p class=\"paragraph font__body-regular\"><b>Lola lleg\u00f3 con un look urbano, pulido y acorde al esp\u00edritu londinense<\/b>: us\u00f3 un\u00a0<b>trench negro corto\u00a0<\/b>cl\u00e1sico, que\u00a0<b>estructur\u00f3 la silueta con elegancia<\/b>. Debajo, llev\u00f3 unos<b>\u00a0pantalones al cuerpo en tono gris<\/b>\u00a0que acompa\u00f1\u00f3 sin competir.<\/p>\n<figure class=\"\" data-testid=\"figure-testid\">\n<div class=\"aspect_ratio__container\"><picture class=\"responsive-image\"><source srcset=\"https:\/\/tn.com.ar\/resizer\/v2\/lola-latorre-reinterpreto-a-andy-sachs-llevo-el-street-style-neoyorkino-al-centro-de-la-escena-fashion-YM6PJBEKSZB4VF63JVNUCVFAH4.jpeg?auth=a6f08d665228b543ca58cbacbf3401e39e18e32db19a1a06ad0290eb7b5d7f61&amp;width=767\" type=\"image\/jpg\" media=\"(max-width: 728px)\" \/><source srcset=\"https:\/\/tn.com.ar\/resizer\/v2\/lola-latorre-reinterpreto-a-andy-sachs-llevo-el-street-style-neoyorkino-al-centro-de-la-escena-fashion-YM6PJBEKSZB4VF63JVNUCVFAH4.jpeg?auth=a6f08d665228b543ca58cbacbf3401e39e18e32db19a1a06ad0290eb7b5d7f61&amp;width=1023\" type=\"image\/jpg\" media=\"(max-width: 1023px)\" \/><source srcset=\"https:\/\/tn.com.ar\/resizer\/v2\/lola-latorre-reinterpreto-a-andy-sachs-llevo-el-street-style-neoyorkino-al-centro-de-la-escena-fashion-YM6PJBEKSZB4VF63JVNUCVFAH4.jpeg?auth=a6f08d665228b543ca58cbacbf3401e39e18e32db19a1a06ad0290eb7b5d7f61&amp;width=1440\" type=\"image\/jpg\" \/><img loading=\"lazy\" decoding=\"async\" class=\"image content-image image_placeholder\" src=\"https:\/\/tn.com.ar\/resizer\/v2\/lola-latorre-reinterpreto-a-andy-sachs-llevo-el-street-style-neoyorkino-al-centro-de-la-escena-fashion-YM6PJBEKSZB4VF63JVNUCVFAH4.jpeg?auth=a6f08d665228b543ca58cbacbf3401e39e18e32db19a1a06ad0290eb7b5d7f61&amp;width=767\" alt=\"Lola Latorre reinterpret\u00f3 a Andy Sachs: llev\u00f3 el street style neoyorkino al centro de la escena fashion\" width=\"767\" height=\"1001\" data-testid=\"loading-testid\" \/><\/picture><\/div><figcaption class=\"caption_image\" data-testid=\"figcaption-testid\">\n<div class=\"image_caption \"><\/div>\n<\/figcaption><\/figure>\n<p class=\"paragraph font__body-regular\">Sum\u00f3<b>\u00a0botas altas negras de cuero<\/b>, de ca\u00f1a recta y punta semi redondeada. Incorpor\u00f3 un\u00a0<b>bolso crossbody negro de la firma Burberry,<\/b>\u00a0compacto y funcional, que aport\u00f3 modernidad. Como detalle final, agreg\u00f3 un\u00a0<b>gorro tejido en tono claro<\/b>, que cont\u00f3 con una<b>\u00a0flor bordada\u00a0<\/b>de misma impronta.<\/p>\n","protected":false},"excerpt":{"rendered":"<p>Desde Londres, la influencer fue invitada por Burberry y despleg\u00f3 un estilo urbano, sofisticado con gui\u00f1os brit\u00e1nicos. Lola Latorre\u00a0tom\u00f3 como punto de partida el universo de \u201cEl diablo viste a la moda\u201d y\u00a0construy\u00f3 una versi\u00f3n fashion inspirada en el ic\u00f3nico personaje Andy Sachs. La propuesta se apoy\u00f3 en c\u00f3digos cl\u00e1sicos que\u00a0resignific\u00f3 con una mirada actual [&hellip;]<\/p>\n","protected":false},"author":1,"featured_media":16017,"comment_status":"open","ping_status":"open","sticky":false,"template":"","format":"standard","meta":{"rop_custom_images_group":[],"rop_custom_messages_group":[],"rop_publish_now":"initial","rop_publish_now_accounts":[],"rop_publish_now_history":[],"rop_publish_now_status":"pending","footnotes":"","jetpack_publicize_message":"","jetpack_publicize_feature_enabled":true,"jetpack_social_post_already_shared":true,"jetpack_social_options":{"image_generator_settings":{"template":"highway","enabled":false},"version":2}},"categories":[15],"tags":[],"class_list":{"0":"post-16016","1":"post","2":"type-post","3":"status-publish","4":"format-standard","5":"has-post-thumbnail","7":"category-moda"},"jetpack_publicize_connections":[],"yoast_head":"<!-- This site is optimized with the Yoast SEO plugin v27.3 - https:\/\/yoast.com\/product\/yoast-seo-wordpress\/ -->\n<title>Lola Latorre reinterpret\u00f3 a Andy Sachs: llev\u00f3 el street style neoyorkino al centro de la escena fashion - CLAN ESPECTACULOS<\/title>\n<meta name=\"robots\" content=\"index, follow, max-snippet:-1, max-image-preview:large, max-video-preview:-1\" \/>\n<link rel=\"canonical\" href=\"https:\/\/radioclanfm.com\/clanespectaculos\/lola-latorre-reinterpreto-a-andy-sachs-llevo-el-street-style-neoyorkino-al-centro-de-la-escena-fashion\/\" \/>\n<meta property=\"og:locale\" content=\"es_ES\" \/>\n<meta property=\"og:type\" content=\"article\" \/>\n<meta property=\"og:title\" content=\"Lola Latorre reinterpret\u00f3 a Andy Sachs: llev\u00f3 el street style neoyorkino al centro de la escena fashion - CLAN ESPECTACULOS\" \/>\n<meta property=\"og:description\" content=\"Desde Londres, la influencer fue invitada por Burberry y despleg\u00f3 un estilo urbano, sofisticado con gui\u00f1os brit\u00e1nicos. Lola Latorre\u00a0tom\u00f3 como punto de partida el universo de \u201cEl diablo viste a la moda\u201d y\u00a0construy\u00f3 una versi\u00f3n fashion inspirada en el ic\u00f3nico personaje Andy Sachs. La propuesta se apoy\u00f3 en c\u00f3digos cl\u00e1sicos que\u00a0resignific\u00f3 con una mirada actual [&hellip;]\" \/>\n<meta property=\"og:url\" content=\"https:\/\/radioclanfm.com\/clanespectaculos\/lola-latorre-reinterpreto-a-andy-sachs-llevo-el-street-style-neoyorkino-al-centro-de-la-escena-fashion\/\" \/>\n<meta property=\"og:site_name\" content=\"CLAN ESPECTACULOS\" \/>\n<meta property=\"article:publisher\" content=\"https:\/\/www.facebook.com\/clanespectaculos\/\" \/>\n<meta property=\"article:published_time\" content=\"2026-04-30T13:50:22+00:00\" \/>\n<meta property=\"og:image\" content=\"https:\/\/radioclanfm.com\/clanespectaculos\/wp-content\/uploads\/sites\/2\/2026\/04\/Wc8mJepB.jpg\" \/>\n\t<meta property=\"og:image:width\" content=\"900\" \/>\n\t<meta property=\"og:image:height\" content=\"506\" \/>\n\t<meta property=\"og:image:type\" content=\"image\/jpeg\" \/>\n<meta name=\"author\" content=\"E-GRUPOCLAN\" \/>\n<meta name=\"twitter:card\" content=\"summary_large_image\" \/>\n<meta name=\"twitter:creator\" content=\"@clanespectok\" \/>\n<meta name=\"twitter:site\" content=\"@clanespectok\" \/>\n<meta name=\"twitter:label1\" content=\"Escrito por\" \/>\n\t<meta name=\"twitter:data1\" content=\"E-GRUPOCLAN\" \/>\n\t<meta name=\"twitter:label2\" content=\"Tiempo de lectura\" \/>\n\t<meta name=\"twitter:data2\" content=\"4 minutos\" \/>\n<script type=\"application\/ld+json\" class=\"yoast-schema-graph\">{\"@context\":\"https:\\\/\\\/schema.org\",\"@graph\":[{\"@type\":\"Article\",\"@id\":\"https:\\\/\\\/radioclanfm.com\\\/clanespectaculos\\\/lola-latorre-reinterpreto-a-andy-sachs-llevo-el-street-style-neoyorkino-al-centro-de-la-escena-fashion\\\/#article\",\"isPartOf\":{\"@id\":\"https:\\\/\\\/radioclanfm.com\\\/clanespectaculos\\\/lola-latorre-reinterpreto-a-andy-sachs-llevo-el-street-style-neoyorkino-al-centro-de-la-escena-fashion\\\/\"},\"author\":{\"name\":\"E-GRUPOCLAN\",\"@id\":\"https:\\\/\\\/radioclanfm.com\\\/clanespectaculos\\\/#\\\/schema\\\/person\\\/9734813083303230f3ad84d99171b20c\"},\"headline\":\"Lola Latorre reinterpret\u00f3 a Andy Sachs: llev\u00f3 el street style neoyorkino al centro de la escena fashion\",\"datePublished\":\"2026-04-30T13:50:22+00:00\",\"mainEntityOfPage\":{\"@id\":\"https:\\\/\\\/radioclanfm.com\\\/clanespectaculos\\\/lola-latorre-reinterpreto-a-andy-sachs-llevo-el-street-style-neoyorkino-al-centro-de-la-escena-fashion\\\/\"},\"wordCount\":498,\"commentCount\":0,\"publisher\":{\"@id\":\"https:\\\/\\\/radioclanfm.com\\\/clanespectaculos\\\/#organization\"},\"image\":{\"@id\":\"https:\\\/\\\/radioclanfm.com\\\/clanespectaculos\\\/lola-latorre-reinterpreto-a-andy-sachs-llevo-el-street-style-neoyorkino-al-centro-de-la-escena-fashion\\\/#primaryimage\"},\"thumbnailUrl\":\"https:\\\/\\\/radioclanfm.com\\\/clanespectaculos\\\/wp-content\\\/uploads\\\/sites\\\/2\\\/2026\\\/04\\\/Wc8mJepB.jpg\",\"articleSection\":[\"MODA\"],\"inLanguage\":\"es-AR\",\"potentialAction\":[{\"@type\":\"CommentAction\",\"name\":\"Comment\",\"target\":[\"https:\\\/\\\/radioclanfm.com\\\/clanespectaculos\\\/lola-latorre-reinterpreto-a-andy-sachs-llevo-el-street-style-neoyorkino-al-centro-de-la-escena-fashion\\\/#respond\"]}]},{\"@type\":\"WebPage\",\"@id\":\"https:\\\/\\\/radioclanfm.com\\\/clanespectaculos\\\/lola-latorre-reinterpreto-a-andy-sachs-llevo-el-street-style-neoyorkino-al-centro-de-la-escena-fashion\\\/\",\"url\":\"https:\\\/\\\/radioclanfm.com\\\/clanespectaculos\\\/lola-latorre-reinterpreto-a-andy-sachs-llevo-el-street-style-neoyorkino-al-centro-de-la-escena-fashion\\\/\",\"name\":\"Lola Latorre reinterpret\u00f3 a Andy Sachs: llev\u00f3 el street style neoyorkino al centro de la escena fashion - CLAN ESPECTACULOS\",\"isPartOf\":{\"@id\":\"https:\\\/\\\/radioclanfm.com\\\/clanespectaculos\\\/#website\"},\"primaryImageOfPage\":{\"@id\":\"https:\\\/\\\/radioclanfm.com\\\/clanespectaculos\\\/lola-latorre-reinterpreto-a-andy-sachs-llevo-el-street-style-neoyorkino-al-centro-de-la-escena-fashion\\\/#primaryimage\"},\"image\":{\"@id\":\"https:\\\/\\\/radioclanfm.com\\\/clanespectaculos\\\/lola-latorre-reinterpreto-a-andy-sachs-llevo-el-street-style-neoyorkino-al-centro-de-la-escena-fashion\\\/#primaryimage\"},\"thumbnailUrl\":\"https:\\\/\\\/radioclanfm.com\\\/clanespectaculos\\\/wp-content\\\/uploads\\\/sites\\\/2\\\/2026\\\/04\\\/Wc8mJepB.jpg\",\"datePublished\":\"2026-04-30T13:50:22+00:00\",\"breadcrumb\":{\"@id\":\"https:\\\/\\\/radioclanfm.com\\\/clanespectaculos\\\/lola-latorre-reinterpreto-a-andy-sachs-llevo-el-street-style-neoyorkino-al-centro-de-la-escena-fashion\\\/#breadcrumb\"},\"inLanguage\":\"es-AR\",\"potentialAction\":[{\"@type\":\"ReadAction\",\"target\":[\"https:\\\/\\\/radioclanfm.com\\\/clanespectaculos\\\/lola-latorre-reinterpreto-a-andy-sachs-llevo-el-street-style-neoyorkino-al-centro-de-la-escena-fashion\\\/\"]}]},{\"@type\":\"ImageObject\",\"inLanguage\":\"es-AR\",\"@id\":\"https:\\\/\\\/radioclanfm.com\\\/clanespectaculos\\\/lola-latorre-reinterpreto-a-andy-sachs-llevo-el-street-style-neoyorkino-al-centro-de-la-escena-fashion\\\/#primaryimage\",\"url\":\"https:\\\/\\\/radioclanfm.com\\\/clanespectaculos\\\/wp-content\\\/uploads\\\/sites\\\/2\\\/2026\\\/04\\\/Wc8mJepB.jpg\",\"contentUrl\":\"https:\\\/\\\/radioclanfm.com\\\/clanespectaculos\\\/wp-content\\\/uploads\\\/sites\\\/2\\\/2026\\\/04\\\/Wc8mJepB.jpg\",\"width\":900,\"height\":506},{\"@type\":\"BreadcrumbList\",\"@id\":\"https:\\\/\\\/radioclanfm.com\\\/clanespectaculos\\\/lola-latorre-reinterpreto-a-andy-sachs-llevo-el-street-style-neoyorkino-al-centro-de-la-escena-fashion\\\/#breadcrumb\",\"itemListElement\":[{\"@type\":\"ListItem\",\"position\":1,\"name\":\"Inicio\",\"item\":\"https:\\\/\\\/radioclanfm.com\\\/clanespectaculos\\\/\"},{\"@type\":\"ListItem\",\"position\":2,\"name\":\"Lola Latorre reinterpret\u00f3 a Andy Sachs: llev\u00f3 el street style neoyorkino al centro de la escena fashion\"}]},{\"@type\":\"WebSite\",\"@id\":\"https:\\\/\\\/radioclanfm.com\\\/clanespectaculos\\\/#website\",\"url\":\"https:\\\/\\\/radioclanfm.com\\\/clanespectaculos\\\/\",\"name\":\"CLAN ESPECTACULOS\",\"description\":\"\",\"publisher\":{\"@id\":\"https:\\\/\\\/radioclanfm.com\\\/clanespectaculos\\\/#organization\"},\"potentialAction\":[{\"@type\":\"SearchAction\",\"target\":{\"@type\":\"EntryPoint\",\"urlTemplate\":\"https:\\\/\\\/radioclanfm.com\\\/clanespectaculos\\\/?s={search_term_string}\"},\"query-input\":{\"@type\":\"PropertyValueSpecification\",\"valueRequired\":true,\"valueName\":\"search_term_string\"}}],\"inLanguage\":\"es-AR\"},{\"@type\":\"Organization\",\"@id\":\"https:\\\/\\\/radioclanfm.com\\\/clanespectaculos\\\/#organization\",\"name\":\"CLAN ESPECTACULOS\",\"url\":\"https:\\\/\\\/radioclanfm.com\\\/clanespectaculos\\\/\",\"logo\":{\"@type\":\"ImageObject\",\"inLanguage\":\"es-AR\",\"@id\":\"https:\\\/\\\/radioclanfm.com\\\/clanespectaculos\\\/#\\\/schema\\\/logo\\\/image\\\/\",\"url\":\"https:\\\/\\\/radioclanfm.com\\\/clanespectaculos\\\/wp-content\\\/uploads\\\/sites\\\/2\\\/2026\\\/04\\\/ChatGPT-Image-23-mar-2026-10_09_00.png\",\"contentUrl\":\"https:\\\/\\\/radioclanfm.com\\\/clanespectaculos\\\/wp-content\\\/uploads\\\/sites\\\/2\\\/2026\\\/04\\\/ChatGPT-Image-23-mar-2026-10_09_00.png\",\"width\":1024,\"height\":1024,\"caption\":\"CLAN ESPECTACULOS\"},\"image\":{\"@id\":\"https:\\\/\\\/radioclanfm.com\\\/clanespectaculos\\\/#\\\/schema\\\/logo\\\/image\\\/\"},\"sameAs\":[\"https:\\\/\\\/www.facebook.com\\\/clanespectaculos\\\/\",\"https:\\\/\\\/x.com\\\/clanespectok\"]},{\"@type\":\"Person\",\"@id\":\"https:\\\/\\\/radioclanfm.com\\\/clanespectaculos\\\/#\\\/schema\\\/person\\\/9734813083303230f3ad84d99171b20c\",\"name\":\"E-GRUPOCLAN\",\"image\":{\"@type\":\"ImageObject\",\"inLanguage\":\"es-AR\",\"@id\":\"https:\\\/\\\/secure.gravatar.com\\\/avatar\\\/af6e19837c3d6a212034a48c7b3818d2ac1826f6025df0155da5a186ad321d79?s=96&d=mm&r=g\",\"url\":\"https:\\\/\\\/secure.gravatar.com\\\/avatar\\\/af6e19837c3d6a212034a48c7b3818d2ac1826f6025df0155da5a186ad321d79?s=96&d=mm&r=g\",\"contentUrl\":\"https:\\\/\\\/secure.gravatar.com\\\/avatar\\\/af6e19837c3d6a212034a48c7b3818d2ac1826f6025df0155da5a186ad321d79?s=96&d=mm&r=g\",\"caption\":\"E-GRUPOCLAN\"},\"sameAs\":[\"https:\\\/\\\/radioclanfm.com\"],\"url\":\"https:\\\/\\\/radioclanfm.com\\\/clanespectaculos\\\/author\\\/admin\\\/\"}]}<\/script>\n<!-- \/ Yoast SEO plugin. -->","yoast_head_json":{"title":"Lola Latorre reinterpret\u00f3 a Andy Sachs: llev\u00f3 el street style neoyorkino al centro de la escena fashion - CLAN ESPECTACULOS","robots":{"index":"index","follow":"follow","max-snippet":"max-snippet:-1","max-image-preview":"max-image-preview:large","max-video-preview":"max-video-preview:-1"},"canonical":"https:\/\/radioclanfm.com\/clanespectaculos\/lola-latorre-reinterpreto-a-andy-sachs-llevo-el-street-style-neoyorkino-al-centro-de-la-escena-fashion\/","og_locale":"es_ES","og_type":"article","og_title":"Lola Latorre reinterpret\u00f3 a Andy Sachs: llev\u00f3 el street style neoyorkino al centro de la escena fashion - CLAN ESPECTACULOS","og_description":"Desde Londres, la influencer fue invitada por Burberry y despleg\u00f3 un estilo urbano, sofisticado con gui\u00f1os brit\u00e1nicos. Lola Latorre\u00a0tom\u00f3 como punto de partida el universo de \u201cEl diablo viste a la moda\u201d y\u00a0construy\u00f3 una versi\u00f3n fashion inspirada en el ic\u00f3nico personaje Andy Sachs. La propuesta se apoy\u00f3 en c\u00f3digos cl\u00e1sicos que\u00a0resignific\u00f3 con una mirada actual [&hellip;]","og_url":"https:\/\/radioclanfm.com\/clanespectaculos\/lola-latorre-reinterpreto-a-andy-sachs-llevo-el-street-style-neoyorkino-al-centro-de-la-escena-fashion\/","og_site_name":"CLAN ESPECTACULOS","article_publisher":"https:\/\/www.facebook.com\/clanespectaculos\/","article_published_time":"2026-04-30T13:50:22+00:00","og_image":[{"width":900,"height":506,"url":"https:\/\/radioclanfm.com\/clanespectaculos\/wp-content\/uploads\/sites\/2\/2026\/04\/Wc8mJepB.jpg","type":"image\/jpeg"}],"author":"E-GRUPOCLAN","twitter_card":"summary_large_image","twitter_creator":"@clanespectok","twitter_site":"@clanespectok","twitter_misc":{"Escrito por":"E-GRUPOCLAN","Tiempo de lectura":"4 minutos"},"schema":{"@context":"https:\/\/schema.org","@graph":[{"@type":"Article","@id":"https:\/\/radioclanfm.com\/clanespectaculos\/lola-latorre-reinterpreto-a-andy-sachs-llevo-el-street-style-neoyorkino-al-centro-de-la-escena-fashion\/#article","isPartOf":{"@id":"https:\/\/radioclanfm.com\/clanespectaculos\/lola-latorre-reinterpreto-a-andy-sachs-llevo-el-street-style-neoyorkino-al-centro-de-la-escena-fashion\/"},"author":{"name":"E-GRUPOCLAN","@id":"https:\/\/radioclanfm.com\/clanespectaculos\/#\/schema\/person\/9734813083303230f3ad84d99171b20c"},"headline":"Lola Latorre reinterpret\u00f3 a Andy Sachs: llev\u00f3 el street style neoyorkino al centro de la escena fashion","datePublished":"2026-04-30T13:50:22+00:00","mainEntityOfPage":{"@id":"https:\/\/radioclanfm.com\/clanespectaculos\/lola-latorre-reinterpreto-a-andy-sachs-llevo-el-street-style-neoyorkino-al-centro-de-la-escena-fashion\/"},"wordCount":498,"commentCount":0,"publisher":{"@id":"https:\/\/radioclanfm.com\/clanespectaculos\/#organization"},"image":{"@id":"https:\/\/radioclanfm.com\/clanespectaculos\/lola-latorre-reinterpreto-a-andy-sachs-llevo-el-street-style-neoyorkino-al-centro-de-la-escena-fashion\/#primaryimage"},"thumbnailUrl":"https:\/\/radioclanfm.com\/clanespectaculos\/wp-content\/uploads\/sites\/2\/2026\/04\/Wc8mJepB.jpg","articleSection":["MODA"],"inLanguage":"es-AR","potentialAction":[{"@type":"CommentAction","name":"Comment","target":["https:\/\/radioclanfm.com\/clanespectaculos\/lola-latorre-reinterpreto-a-andy-sachs-llevo-el-street-style-neoyorkino-al-centro-de-la-escena-fashion\/#respond"]}]},{"@type":"WebPage","@id":"https:\/\/radioclanfm.com\/clanespectaculos\/lola-latorre-reinterpreto-a-andy-sachs-llevo-el-street-style-neoyorkino-al-centro-de-la-escena-fashion\/","url":"https:\/\/radioclanfm.com\/clanespectaculos\/lola-latorre-reinterpreto-a-andy-sachs-llevo-el-street-style-neoyorkino-al-centro-de-la-escena-fashion\/","name":"Lola Latorre reinterpret\u00f3 a Andy Sachs: llev\u00f3 el street style neoyorkino al centro de la escena fashion - CLAN ESPECTACULOS","isPartOf":{"@id":"https:\/\/radioclanfm.com\/clanespectaculos\/#website"},"primaryImageOfPage":{"@id":"https:\/\/radioclanfm.com\/clanespectaculos\/lola-latorre-reinterpreto-a-andy-sachs-llevo-el-street-style-neoyorkino-al-centro-de-la-escena-fashion\/#primaryimage"},"image":{"@id":"https:\/\/radioclanfm.com\/clanespectaculos\/lola-latorre-reinterpreto-a-andy-sachs-llevo-el-street-style-neoyorkino-al-centro-de-la-escena-fashion\/#primaryimage"},"thumbnailUrl":"https:\/\/radioclanfm.com\/clanespectaculos\/wp-content\/uploads\/sites\/2\/2026\/04\/Wc8mJepB.jpg","datePublished":"2026-04-30T13:50:22+00:00","breadcrumb":{"@id":"https:\/\/radioclanfm.com\/clanespectaculos\/lola-latorre-reinterpreto-a-andy-sachs-llevo-el-street-style-neoyorkino-al-centro-de-la-escena-fashion\/#breadcrumb"},"inLanguage":"es-AR","potentialAction":[{"@type":"ReadAction","target":["https:\/\/radioclanfm.com\/clanespectaculos\/lola-latorre-reinterpreto-a-andy-sachs-llevo-el-street-style-neoyorkino-al-centro-de-la-escena-fashion\/"]}]},{"@type":"ImageObject","inLanguage":"es-AR","@id":"https:\/\/radioclanfm.com\/clanespectaculos\/lola-latorre-reinterpreto-a-andy-sachs-llevo-el-street-style-neoyorkino-al-centro-de-la-escena-fashion\/#primaryimage","url":"https:\/\/radioclanfm.com\/clanespectaculos\/wp-content\/uploads\/sites\/2\/2026\/04\/Wc8mJepB.jpg","contentUrl":"https:\/\/radioclanfm.com\/clanespectaculos\/wp-content\/uploads\/sites\/2\/2026\/04\/Wc8mJepB.jpg","width":900,"height":506},{"@type":"BreadcrumbList","@id":"https:\/\/radioclanfm.com\/clanespectaculos\/lola-latorre-reinterpreto-a-andy-sachs-llevo-el-street-style-neoyorkino-al-centro-de-la-escena-fashion\/#breadcrumb","itemListElement":[{"@type":"ListItem","position":1,"name":"Inicio","item":"https:\/\/radioclanfm.com\/clanespectaculos\/"},{"@type":"ListItem","position":2,"name":"Lola Latorre reinterpret\u00f3 a Andy Sachs: llev\u00f3 el street style neoyorkino al centro de la escena fashion"}]},{"@type":"WebSite","@id":"https:\/\/radioclanfm.com\/clanespectaculos\/#website","url":"https:\/\/radioclanfm.com\/clanespectaculos\/","name":"CLAN ESPECTACULOS","description":"","publisher":{"@id":"https:\/\/radioclanfm.com\/clanespectaculos\/#organization"},"potentialAction":[{"@type":"SearchAction","target":{"@type":"EntryPoint","urlTemplate":"https:\/\/radioclanfm.com\/clanespectaculos\/?s={search_term_string}"},"query-input":{"@type":"PropertyValueSpecification","valueRequired":true,"valueName":"search_term_string"}}],"inLanguage":"es-AR"},{"@type":"Organization","@id":"https:\/\/radioclanfm.com\/clanespectaculos\/#organization","name":"CLAN ESPECTACULOS","url":"https:\/\/radioclanfm.com\/clanespectaculos\/","logo":{"@type":"ImageObject","inLanguage":"es-AR","@id":"https:\/\/radioclanfm.com\/clanespectaculos\/#\/schema\/logo\/image\/","url":"https:\/\/radioclanfm.com\/clanespectaculos\/wp-content\/uploads\/sites\/2\/2026\/04\/ChatGPT-Image-23-mar-2026-10_09_00.png","contentUrl":"https:\/\/radioclanfm.com\/clanespectaculos\/wp-content\/uploads\/sites\/2\/2026\/04\/ChatGPT-Image-23-mar-2026-10_09_00.png","width":1024,"height":1024,"caption":"CLAN ESPECTACULOS"},"image":{"@id":"https:\/\/radioclanfm.com\/clanespectaculos\/#\/schema\/logo\/image\/"},"sameAs":["https:\/\/www.facebook.com\/clanespectaculos\/","https:\/\/x.com\/clanespectok"]},{"@type":"Person","@id":"https:\/\/radioclanfm.com\/clanespectaculos\/#\/schema\/person\/9734813083303230f3ad84d99171b20c","name":"E-GRUPOCLAN","image":{"@type":"ImageObject","inLanguage":"es-AR","@id":"https:\/\/secure.gravatar.com\/avatar\/af6e19837c3d6a212034a48c7b3818d2ac1826f6025df0155da5a186ad321d79?s=96&d=mm&r=g","url":"https:\/\/secure.gravatar.com\/avatar\/af6e19837c3d6a212034a48c7b3818d2ac1826f6025df0155da5a186ad321d79?s=96&d=mm&r=g","contentUrl":"https:\/\/secure.gravatar.com\/avatar\/af6e19837c3d6a212034a48c7b3818d2ac1826f6025df0155da5a186ad321d79?s=96&d=mm&r=g","caption":"E-GRUPOCLAN"},"sameAs":["https:\/\/radioclanfm.com"],"url":"https:\/\/radioclanfm.com\/clanespectaculos\/author\/admin\/"}]}},"_links":{"self":[{"href":"https:\/\/radioclanfm.com\/clanespectaculos\/wp-json\/wp\/v2\/posts\/16016","targetHints":{"allow":["GET"]}}],"collection":[{"href":"https:\/\/radioclanfm.com\/clanespectaculos\/wp-json\/wp\/v2\/posts"}],"about":[{"href":"https:\/\/radioclanfm.com\/clanespectaculos\/wp-json\/wp\/v2\/types\/post"}],"author":[{"embeddable":true,"href":"https:\/\/radioclanfm.com\/clanespectaculos\/wp-json\/wp\/v2\/users\/1"}],"replies":[{"embeddable":true,"href":"https:\/\/radioclanfm.com\/clanespectaculos\/wp-json\/wp\/v2\/comments?post=16016"}],"version-history":[{"count":1,"href":"https:\/\/radioclanfm.com\/clanespectaculos\/wp-json\/wp\/v2\/posts\/16016\/revisions"}],"predecessor-version":[{"id":16018,"href":"https:\/\/radioclanfm.com\/clanespectaculos\/wp-json\/wp\/v2\/posts\/16016\/revisions\/16018"}],"wp:featuredmedia":[{"embeddable":true,"href":"https:\/\/radioclanfm.com\/clanespectaculos\/wp-json\/wp\/v2\/media\/16017"}],"wp:attachment":[{"href":"https:\/\/radioclanfm.com\/clanespectaculos\/wp-json\/wp\/v2\/media?parent=16016"}],"wp:term":[{"taxonomy":"category","embeddable":true,"href":"https:\/\/radioclanfm.com\/clanespectaculos\/wp-json\/wp\/v2\/categories?post=16016"},{"taxonomy":"post_tag","embeddable":true,"href":"https:\/\/radioclanfm.com\/clanespectaculos\/wp-json\/wp\/v2\/tags?post=16016"}],"curies":[{"name":"wp","href":"https:\/\/api.w.org\/{rel}","templated":true}]}}