{"id":16013,"date":"2026-04-30T10:49:04","date_gmt":"2026-04-30T13:49:04","guid":{"rendered":"https:\/\/radioclanfm.com\/clanespectaculos\/?p=16013"},"modified":"2026-04-30T10:49:04","modified_gmt":"2026-04-30T13:49:04","slug":"la-hermana-de-sol-acuso-a-la-familia-de-yipio-de-atacar-al-publico-en-la-tribuna-de-gran-hermano%e2%80%b3-codazos","status":"publish","type":"post","link":"https:\/\/radioclanfm.com\/clanespectaculos\/la-hermana-de-sol-acuso-a-la-familia-de-yipio-de-atacar-al-publico-en-la-tribuna-de-gran-hermano%e2%80%b3-codazos\/","title":{"rendered":"La hermana de Sol acus\u00f3 a la familia de Yipio de atacar al p\u00fablico en la tribuna de \u201cGran Hermano\u2033: \u201cCodazos\u201d"},"content":{"rendered":"<p>Noelia Abraham cont\u00f3 que una amiga fue insultada y golpeada a codazos durante una gala.<\/p>\n<div class=\"col-content\"><main class=\"col-content\"><\/p>\n<div class=\"default-article-color article__body article__article\">\n<p class=\"paragraph font__body-regular\">El enfrentamiento m\u00e1s picante de\u00a0<i>Gran Hermano Generaci\u00f3n Dorada (Telefe)<\/i>\u00a0ya sali\u00f3 de la casa y lleg\u00f3 hasta la tribuna del estudio. En las \u00faltimas horas,<b>\u00a0la hermana de\u00a0<\/b><b>Solange<\/b><b>\u00a0denunci\u00f3 una situaci\u00f3n de violencia durante una de las galas\u00a0<\/b>en vivo y apunt\u00f3 directamente contra familiares de\u00a0<b>Yipio<\/b>.<\/p>\n<div id=\"ad-slot-infeed\" class=\"infeed-container ad-slot-infeed ad-slot\" data-adtype=\"infeed\" data-lazyload=\"1\" data-google-query-id=\"CNrZ2MLblZQDFVo-HgAddSwOCQ\">\n<div id=\"google_ads_iframe_\/113951150\/tn-arc\/nota\/infeed_0__container__\"><\/div>\n<\/div>\n<p class=\"paragraph font__body-regular\">Noelia Abraham, que suele defender p\u00fablicamente a su hermana en redes sociales, cont\u00f3 a trav\u00e9s de sus historias de Instagram que<b>\u00a0vivi\u00f3 un momento muy inc\u00f3modo junto a varios acompa\u00f1antes mientras estaban en la tribuna del programa.<\/b><\/p>\n<div class=\"story-list\" data-mrf-recirculation=\"IL_fPSS4oUaSUaKNHLf4mpe3g\" data-mrf-root-experiment=\"0952317d-c9e3-4d65-9dd7-85816683fa43\" data-testid=\"text-html\" data-mrf-experience=\"IL_fPSS4oUaSUaKNHLf4mpe3g\">\n<article class=\"card__container card__horizontal\">\n<div class=\"card__body\">\n<header>\n<h3 class=\"card__headline font__display\"><\/h3>\n<\/header>\n<\/div>\n<\/article>\n<\/div>\n<div data-mrf-experience=\"IL_RNrGCM52Q_ui4aMax3fibg\"><\/div>\n<figure class=\"\" data-testid=\"figure-testid\">\n<div class=\"aspect_ratio__container\"><picture class=\"responsive-image\"><source srcset=\"https:\/\/tn.com.ar\/resizer\/v2\/fuerte-acusacion-contra-el-entorno-de-yipio-en-gran-hermano-foto-instagram-noeabraham-VEEWT5N4QNF7NJVQIW5FDHML3M.jpg?auth=51c23541aba582f032a725228bfbc167ebacbab543c3f424c538dab038daad66&amp;width=767\" type=\"image\/jpg\" media=\"(max-width: 728px)\" \/><source srcset=\"https:\/\/tn.com.ar\/resizer\/v2\/fuerte-acusacion-contra-el-entorno-de-yipio-en-gran-hermano-foto-instagram-noeabraham-VEEWT5N4QNF7NJVQIW5FDHML3M.jpg?auth=51c23541aba582f032a725228bfbc167ebacbab543c3f424c538dab038daad66&amp;width=1023\" type=\"image\/jpg\" media=\"(max-width: 1023px)\" \/><source srcset=\"https:\/\/tn.com.ar\/resizer\/v2\/fuerte-acusacion-contra-el-entorno-de-yipio-en-gran-hermano-foto-instagram-noeabraham-VEEWT5N4QNF7NJVQIW5FDHML3M.jpg?auth=51c23541aba582f032a725228bfbc167ebacbab543c3f424c538dab038daad66&amp;width=1440\" type=\"image\/jpg\" \/><img loading=\"lazy\" decoding=\"async\" class=\"image content-image image_placeholder\" src=\"https:\/\/tn.com.ar\/resizer\/v2\/fuerte-acusacion-contra-el-entorno-de-yipio-en-gran-hermano-foto-instagram-noeabraham-VEEWT5N4QNF7NJVQIW5FDHML3M.jpg?auth=51c23541aba582f032a725228bfbc167ebacbab543c3f424c538dab038daad66&amp;width=767\" alt=\"Fuerte acusaci\u00f3n contra el entorno de Yipio en &quot;Gran Hermano&quot;. (Foto: Instagram \/ noe.abraham)\" width=\"767\" height=\"590\" data-testid=\"loading-testid\" \/><\/picture><\/div><figcaption class=\"caption_image\" data-testid=\"figcaption-testid\">\n<div class=\"image_caption \">Fuerte acusaci\u00f3n contra el entorno de Yipio en &#8220;Gran Hermano&#8221;. (Foto: Instagram \/ noe.abraham)<\/div>\n<\/figcaption><\/figure>\n<p class=\"paragraph font__body-regular\">La joven public\u00f3 en sus redes un video de Yanina Latorre en\u00a0<i>SQP (Am\u00e9rica)<\/i>\u00a0donde cuestionaba las actitudes de Yipio. Sobre la imagen escribi\u00f3:. \u201c<b>Ayer los familiares trataron de \u2018mog\u00f3lica\u2019 a una amiga y le dieron codazos.<\/b>\u00a0Tuvo que dar aviso a la seguridad del estudio. Est\u00e1bamos en el lugar de la tribuna que decidi\u00f3 la producci\u00f3n y<b>\u00a0les ped\u00ed por favor que nos cambien de lugar<\/b>\u201d, relat\u00f3.<\/p>\n<p class=\"paragraph font__body-regular\">La situaci\u00f3n gener\u00f3 repercusi\u00f3n entre los seguidores de\u00a0<i>Gran Hermano<\/i>\u00a0y ahora se espera que la producci\u00f3n de\u00a0<i>Telefe\u00a0<\/i>tome alguna medida. Mientras tanto,\u00a0<b>la rivalidad entre Solange y Yipio sigue sumando nuevos cap\u00edtulos, dentro y fuera de la casa.<\/b><\/p>\n<h2 class=\"font--primary font__display\">Sol Abraham explot\u00f3 contra Yipio en \u201cGran Hermano 2026\u201d y la acus\u00f3 de tener mal olor: \u201c\u00a1Mugrosa!&#8221;<\/h2>\n<p class=\"paragraph font__body-regular\"><b>Sol Abraham<\/b>\u00a0desat\u00f3 un esc\u00e1ndalo en\u00a0<i><b>Gran Hermano 2026 (Telefe).\u00a0<\/b><\/i>En las \u00faltimas horas volvi\u00f3 a cruzarse con\u00a0<b>Yipio<\/b>\u00a0y no solo le hizo burla, tambi\u00e9n<b>\u00a0la acus\u00f3 de tener mal olor corporal.<\/b><\/p>\n<p class=\"paragraph font__body-regular\">Durante una discusi\u00f3n en el comedor de la casa m\u00e1s famosa del pa\u00eds, la tucumana\u00a0<b>lanz\u00f3 frases denigrantes que dieron que hablar en las redes<\/b>.<\/p>\n<figure class=\"\" data-testid=\"figure-testid\">\n<div class=\"aspect_ratio__container\"><picture class=\"responsive-image\"><source srcset=\"https:\/\/tn.com.ar\/resizer\/v2\/sol-abraham-y-un-polemico-cantito-contra-yipio-en-gran-hermano-mugroooosa-mugroooosa-foto-captura-de-telefe-KVGL7I5EZJGRZOIR6ISP6QFUCU.JPG?auth=8788c5a4338a5d2576bc34e10438d1a6d44302461057e181f4aedd04b7a13020&amp;width=767\" type=\"image\/jpg\" media=\"(max-width: 728px)\" \/><source srcset=\"https:\/\/tn.com.ar\/resizer\/v2\/sol-abraham-y-un-polemico-cantito-contra-yipio-en-gran-hermano-mugroooosa-mugroooosa-foto-captura-de-telefe-KVGL7I5EZJGRZOIR6ISP6QFUCU.JPG?auth=8788c5a4338a5d2576bc34e10438d1a6d44302461057e181f4aedd04b7a13020&amp;width=1023\" type=\"image\/jpg\" media=\"(max-width: 1023px)\" \/><source srcset=\"https:\/\/tn.com.ar\/resizer\/v2\/sol-abraham-y-un-polemico-cantito-contra-yipio-en-gran-hermano-mugroooosa-mugroooosa-foto-captura-de-telefe-KVGL7I5EZJGRZOIR6ISP6QFUCU.JPG?auth=8788c5a4338a5d2576bc34e10438d1a6d44302461057e181f4aedd04b7a13020&amp;width=1440\" type=\"image\/jpg\" \/><img loading=\"lazy\" decoding=\"async\" class=\"image content-image image_placeholder\" src=\"https:\/\/tn.com.ar\/resizer\/v2\/sol-abraham-y-un-polemico-cantito-contra-yipio-en-gran-hermano-mugroooosa-mugroooosa-foto-captura-de-telefe-KVGL7I5EZJGRZOIR6ISP6QFUCU.JPG?auth=8788c5a4338a5d2576bc34e10438d1a6d44302461057e181f4aedd04b7a13020&amp;width=767\" alt=\"Sol Abraham y un pol\u00e9mico cantito contra Yipio en Gran Hermano: &quot;Mugroooosa, mugroooosa&quot;. (Foto: captura de Telefe)\" width=\"767\" height=\"458\" data-testid=\"loading-testid\" \/><\/picture><\/div><figcaption class=\"caption_image\" data-testid=\"figcaption-testid\">\n<div class=\"image_caption \">Sol Abraham y un pol\u00e9mico cantito contra Yipio en Gran Hermano: &#8220;Mugroooosa, mugroooosa&#8221;. (Foto: captura de Telefe)<\/div>\n<\/figcaption><\/figure>\n<p class=\"paragraph font__body-regular\">\u201c\u00bfQu\u00e9 sab\u00e9s si soy una persona de mierd*? Vos sos una persona impresentable. Hay como olor a pescado podrido.<b>\u00a0Ten\u00e9s un olor a pescado terrible.\u00a0<\/b>Me quem\u00e1s la nariz, casi vomito. Un asco.\u00a0<b>\u00a1Mugrosa!\u201c,<\/b>\u00a0dispar\u00f3 Abraham.<\/p>\n<p class=\"paragraph font__body-regular\">\u201cImaginate nacer siendo Yipio. \u00a1Me muero! Ser ella es un garr\u00f3n. Si me buscan me van a encontrar.\u00a0<b>El que se mete conmigo me encuentra, as\u00ed de simple<\/b>\u201c, agreg\u00f3 luego. Sin embargo, la participante uruguaya se defendi\u00f3 deslizando que capaz era ella quien \u201cno se hab\u00eda lavado bien sus partes \u00edntimas\u201d.<\/p>\n<p class=\"paragraph font__body-regular\">La enemistad sigue creciendo entre ambas jugadoras, y si este mi\u00e9rcoles quedan en placa una de ellas podr\u00eda abandonar el ciclo el pr\u00f3ximo lunes.<\/p>\n<\/div>\n<p><\/main><\/div>\n<aside class=\"col-right-rail right-rail\">\n<div id=\"parent-ad-slot-caja\" class=\"ad-container caja_ad \">\n<div class=\"ad-content\"><\/div>\n<\/div>\n<\/aside>\n","protected":false},"excerpt":{"rendered":"<p>Noelia Abraham cont\u00f3 que una amiga fue insultada y golpeada a codazos durante una gala. El enfrentamiento m\u00e1s picante de\u00a0Gran Hermano Generaci\u00f3n Dorada (Telefe)\u00a0ya sali\u00f3 de la casa y lleg\u00f3 hasta la tribuna del estudio. En las \u00faltimas horas,\u00a0la hermana de\u00a0Solange\u00a0denunci\u00f3 una situaci\u00f3n de violencia durante una de las galas\u00a0en vivo y apunt\u00f3 directamente contra [&hellip;]<\/p>\n","protected":false},"author":1,"featured_media":16014,"comment_status":"open","ping_status":"open","sticky":false,"template":"","format":"standard","meta":{"rop_custom_images_group":[],"rop_custom_messages_group":[],"rop_publish_now":"initial","rop_publish_now_accounts":[],"rop_publish_now_history":[],"rop_publish_now_status":"pending","footnotes":"","jetpack_publicize_message":"","jetpack_publicize_feature_enabled":true,"jetpack_social_post_already_shared":true,"jetpack_social_options":{"image_generator_settings":{"template":"highway","enabled":false},"version":2}},"categories":[12],"tags":[],"class_list":{"0":"post-16013","1":"post","2":"type-post","3":"status-publish","4":"format-standard","5":"has-post-thumbnail","7":"category-espectaculos"},"jetpack_publicize_connections":[],"yoast_head":"<!-- This site is optimized with the Yoast SEO plugin v27.3 - https:\/\/yoast.com\/product\/yoast-seo-wordpress\/ -->\n<title>La hermana de Sol acus\u00f3 a la familia de Yipio de atacar al p\u00fablico en la tribuna de \u201cGran Hermano\u2033: \u201cCodazos\u201d - CLAN ESPECTACULOS<\/title>\n<meta name=\"robots\" content=\"index, follow, max-snippet:-1, max-image-preview:large, max-video-preview:-1\" \/>\n<link rel=\"canonical\" href=\"https:\/\/radioclanfm.com\/clanespectaculos\/la-hermana-de-sol-acuso-a-la-familia-de-yipio-de-atacar-al-publico-en-la-tribuna-de-gran-hermano\u2033-codazos\/\" \/>\n<meta property=\"og:locale\" content=\"es_ES\" \/>\n<meta property=\"og:type\" content=\"article\" \/>\n<meta property=\"og:title\" content=\"La hermana de Sol acus\u00f3 a la familia de Yipio de atacar al p\u00fablico en la tribuna de \u201cGran Hermano\u2033: \u201cCodazos\u201d - CLAN ESPECTACULOS\" \/>\n<meta property=\"og:description\" content=\"Noelia Abraham cont\u00f3 que una amiga fue insultada y golpeada a codazos durante una gala. El enfrentamiento m\u00e1s picante de\u00a0Gran Hermano Generaci\u00f3n Dorada (Telefe)\u00a0ya sali\u00f3 de la casa y lleg\u00f3 hasta la tribuna del estudio. En las \u00faltimas horas,\u00a0la hermana de\u00a0Solange\u00a0denunci\u00f3 una situaci\u00f3n de violencia durante una de las galas\u00a0en vivo y apunt\u00f3 directamente contra [&hellip;]\" \/>\n<meta property=\"og:url\" content=\"https:\/\/radioclanfm.com\/clanespectaculos\/la-hermana-de-sol-acuso-a-la-familia-de-yipio-de-atacar-al-publico-en-la-tribuna-de-gran-hermano\u2033-codazos\/\" \/>\n<meta property=\"og:site_name\" content=\"CLAN ESPECTACULOS\" \/>\n<meta property=\"article:publisher\" content=\"https:\/\/www.facebook.com\/clanespectaculos\/\" \/>\n<meta property=\"article:published_time\" content=\"2026-04-30T13:49:04+00:00\" \/>\n<meta property=\"og:image\" content=\"https:\/\/radioclanfm.com\/clanespectaculos\/wp-content\/uploads\/sites\/2\/2026\/04\/SBxpk0PH.jpg\" \/>\n\t<meta property=\"og:image:width\" content=\"900\" \/>\n\t<meta property=\"og:image:height\" content=\"504\" \/>\n\t<meta property=\"og:image:type\" content=\"image\/jpeg\" \/>\n<meta name=\"author\" content=\"E-GRUPOCLAN\" \/>\n<meta name=\"twitter:card\" content=\"summary_large_image\" \/>\n<meta name=\"twitter:creator\" content=\"@clanespectok\" \/>\n<meta name=\"twitter:site\" content=\"@clanespectok\" \/>\n<meta name=\"twitter:label1\" content=\"Escrito por\" \/>\n\t<meta name=\"twitter:data1\" content=\"E-GRUPOCLAN\" \/>\n\t<meta name=\"twitter:label2\" content=\"Tiempo de lectura\" \/>\n\t<meta name=\"twitter:data2\" content=\"3 minutos\" \/>\n<script type=\"application\/ld+json\" class=\"yoast-schema-graph\">{\"@context\":\"https:\\\/\\\/schema.org\",\"@graph\":[{\"@type\":\"Article\",\"@id\":\"https:\\\/\\\/radioclanfm.com\\\/clanespectaculos\\\/la-hermana-de-sol-acuso-a-la-familia-de-yipio-de-atacar-al-publico-en-la-tribuna-de-gran-hermano%e2%80%b3-codazos\\\/#article\",\"isPartOf\":{\"@id\":\"https:\\\/\\\/radioclanfm.com\\\/clanespectaculos\\\/la-hermana-de-sol-acuso-a-la-familia-de-yipio-de-atacar-al-publico-en-la-tribuna-de-gran-hermano%e2%80%b3-codazos\\\/\"},\"author\":{\"name\":\"E-GRUPOCLAN\",\"@id\":\"https:\\\/\\\/radioclanfm.com\\\/clanespectaculos\\\/#\\\/schema\\\/person\\\/9734813083303230f3ad84d99171b20c\"},\"headline\":\"La hermana de Sol acus\u00f3 a la familia de Yipio de atacar al p\u00fablico en la tribuna de \u201cGran Hermano\u2033: \u201cCodazos\u201d\",\"datePublished\":\"2026-04-30T13:49:04+00:00\",\"mainEntityOfPage\":{\"@id\":\"https:\\\/\\\/radioclanfm.com\\\/clanespectaculos\\\/la-hermana-de-sol-acuso-a-la-familia-de-yipio-de-atacar-al-publico-en-la-tribuna-de-gran-hermano%e2%80%b3-codazos\\\/\"},\"wordCount\":476,\"commentCount\":0,\"publisher\":{\"@id\":\"https:\\\/\\\/radioclanfm.com\\\/clanespectaculos\\\/#organization\"},\"image\":{\"@id\":\"https:\\\/\\\/radioclanfm.com\\\/clanespectaculos\\\/la-hermana-de-sol-acuso-a-la-familia-de-yipio-de-atacar-al-publico-en-la-tribuna-de-gran-hermano%e2%80%b3-codazos\\\/#primaryimage\"},\"thumbnailUrl\":\"https:\\\/\\\/radioclanfm.com\\\/clanespectaculos\\\/wp-content\\\/uploads\\\/sites\\\/2\\\/2026\\\/04\\\/SBxpk0PH.jpg\",\"articleSection\":[\"Espectaculos\"],\"inLanguage\":\"es-AR\",\"potentialAction\":[{\"@type\":\"CommentAction\",\"name\":\"Comment\",\"target\":[\"https:\\\/\\\/radioclanfm.com\\\/clanespectaculos\\\/la-hermana-de-sol-acuso-a-la-familia-de-yipio-de-atacar-al-publico-en-la-tribuna-de-gran-hermano%e2%80%b3-codazos\\\/#respond\"]}]},{\"@type\":\"WebPage\",\"@id\":\"https:\\\/\\\/radioclanfm.com\\\/clanespectaculos\\\/la-hermana-de-sol-acuso-a-la-familia-de-yipio-de-atacar-al-publico-en-la-tribuna-de-gran-hermano%e2%80%b3-codazos\\\/\",\"url\":\"https:\\\/\\\/radioclanfm.com\\\/clanespectaculos\\\/la-hermana-de-sol-acuso-a-la-familia-de-yipio-de-atacar-al-publico-en-la-tribuna-de-gran-hermano%e2%80%b3-codazos\\\/\",\"name\":\"La hermana de Sol acus\u00f3 a la familia de Yipio de atacar al p\u00fablico en la tribuna de \u201cGran Hermano\u2033: \u201cCodazos\u201d - CLAN ESPECTACULOS\",\"isPartOf\":{\"@id\":\"https:\\\/\\\/radioclanfm.com\\\/clanespectaculos\\\/#website\"},\"primaryImageOfPage\":{\"@id\":\"https:\\\/\\\/radioclanfm.com\\\/clanespectaculos\\\/la-hermana-de-sol-acuso-a-la-familia-de-yipio-de-atacar-al-publico-en-la-tribuna-de-gran-hermano%e2%80%b3-codazos\\\/#primaryimage\"},\"image\":{\"@id\":\"https:\\\/\\\/radioclanfm.com\\\/clanespectaculos\\\/la-hermana-de-sol-acuso-a-la-familia-de-yipio-de-atacar-al-publico-en-la-tribuna-de-gran-hermano%e2%80%b3-codazos\\\/#primaryimage\"},\"thumbnailUrl\":\"https:\\\/\\\/radioclanfm.com\\\/clanespectaculos\\\/wp-content\\\/uploads\\\/sites\\\/2\\\/2026\\\/04\\\/SBxpk0PH.jpg\",\"datePublished\":\"2026-04-30T13:49:04+00:00\",\"breadcrumb\":{\"@id\":\"https:\\\/\\\/radioclanfm.com\\\/clanespectaculos\\\/la-hermana-de-sol-acuso-a-la-familia-de-yipio-de-atacar-al-publico-en-la-tribuna-de-gran-hermano%e2%80%b3-codazos\\\/#breadcrumb\"},\"inLanguage\":\"es-AR\",\"potentialAction\":[{\"@type\":\"ReadAction\",\"target\":[\"https:\\\/\\\/radioclanfm.com\\\/clanespectaculos\\\/la-hermana-de-sol-acuso-a-la-familia-de-yipio-de-atacar-al-publico-en-la-tribuna-de-gran-hermano%e2%80%b3-codazos\\\/\"]}]},{\"@type\":\"ImageObject\",\"inLanguage\":\"es-AR\",\"@id\":\"https:\\\/\\\/radioclanfm.com\\\/clanespectaculos\\\/la-hermana-de-sol-acuso-a-la-familia-de-yipio-de-atacar-al-publico-en-la-tribuna-de-gran-hermano%e2%80%b3-codazos\\\/#primaryimage\",\"url\":\"https:\\\/\\\/radioclanfm.com\\\/clanespectaculos\\\/wp-content\\\/uploads\\\/sites\\\/2\\\/2026\\\/04\\\/SBxpk0PH.jpg\",\"contentUrl\":\"https:\\\/\\\/radioclanfm.com\\\/clanespectaculos\\\/wp-content\\\/uploads\\\/sites\\\/2\\\/2026\\\/04\\\/SBxpk0PH.jpg\",\"width\":900,\"height\":504},{\"@type\":\"BreadcrumbList\",\"@id\":\"https:\\\/\\\/radioclanfm.com\\\/clanespectaculos\\\/la-hermana-de-sol-acuso-a-la-familia-de-yipio-de-atacar-al-publico-en-la-tribuna-de-gran-hermano%e2%80%b3-codazos\\\/#breadcrumb\",\"itemListElement\":[{\"@type\":\"ListItem\",\"position\":1,\"name\":\"Inicio\",\"item\":\"https:\\\/\\\/radioclanfm.com\\\/clanespectaculos\\\/\"},{\"@type\":\"ListItem\",\"position\":2,\"name\":\"La hermana de Sol acus\u00f3 a la familia de Yipio de atacar al p\u00fablico en la tribuna de \u201cGran Hermano\u2033: \u201cCodazos\u201d\"}]},{\"@type\":\"WebSite\",\"@id\":\"https:\\\/\\\/radioclanfm.com\\\/clanespectaculos\\\/#website\",\"url\":\"https:\\\/\\\/radioclanfm.com\\\/clanespectaculos\\\/\",\"name\":\"CLAN ESPECTACULOS\",\"description\":\"\",\"publisher\":{\"@id\":\"https:\\\/\\\/radioclanfm.com\\\/clanespectaculos\\\/#organization\"},\"potentialAction\":[{\"@type\":\"SearchAction\",\"target\":{\"@type\":\"EntryPoint\",\"urlTemplate\":\"https:\\\/\\\/radioclanfm.com\\\/clanespectaculos\\\/?s={search_term_string}\"},\"query-input\":{\"@type\":\"PropertyValueSpecification\",\"valueRequired\":true,\"valueName\":\"search_term_string\"}}],\"inLanguage\":\"es-AR\"},{\"@type\":\"Organization\",\"@id\":\"https:\\\/\\\/radioclanfm.com\\\/clanespectaculos\\\/#organization\",\"name\":\"CLAN ESPECTACULOS\",\"url\":\"https:\\\/\\\/radioclanfm.com\\\/clanespectaculos\\\/\",\"logo\":{\"@type\":\"ImageObject\",\"inLanguage\":\"es-AR\",\"@id\":\"https:\\\/\\\/radioclanfm.com\\\/clanespectaculos\\\/#\\\/schema\\\/logo\\\/image\\\/\",\"url\":\"https:\\\/\\\/radioclanfm.com\\\/clanespectaculos\\\/wp-content\\\/uploads\\\/sites\\\/2\\\/2026\\\/04\\\/ChatGPT-Image-23-mar-2026-10_09_00.png\",\"contentUrl\":\"https:\\\/\\\/radioclanfm.com\\\/clanespectaculos\\\/wp-content\\\/uploads\\\/sites\\\/2\\\/2026\\\/04\\\/ChatGPT-Image-23-mar-2026-10_09_00.png\",\"width\":1024,\"height\":1024,\"caption\":\"CLAN ESPECTACULOS\"},\"image\":{\"@id\":\"https:\\\/\\\/radioclanfm.com\\\/clanespectaculos\\\/#\\\/schema\\\/logo\\\/image\\\/\"},\"sameAs\":[\"https:\\\/\\\/www.facebook.com\\\/clanespectaculos\\\/\",\"https:\\\/\\\/x.com\\\/clanespectok\"]},{\"@type\":\"Person\",\"@id\":\"https:\\\/\\\/radioclanfm.com\\\/clanespectaculos\\\/#\\\/schema\\\/person\\\/9734813083303230f3ad84d99171b20c\",\"name\":\"E-GRUPOCLAN\",\"image\":{\"@type\":\"ImageObject\",\"inLanguage\":\"es-AR\",\"@id\":\"https:\\\/\\\/secure.gravatar.com\\\/avatar\\\/af6e19837c3d6a212034a48c7b3818d2ac1826f6025df0155da5a186ad321d79?s=96&d=mm&r=g\",\"url\":\"https:\\\/\\\/secure.gravatar.com\\\/avatar\\\/af6e19837c3d6a212034a48c7b3818d2ac1826f6025df0155da5a186ad321d79?s=96&d=mm&r=g\",\"contentUrl\":\"https:\\\/\\\/secure.gravatar.com\\\/avatar\\\/af6e19837c3d6a212034a48c7b3818d2ac1826f6025df0155da5a186ad321d79?s=96&d=mm&r=g\",\"caption\":\"E-GRUPOCLAN\"},\"sameAs\":[\"https:\\\/\\\/radioclanfm.com\"],\"url\":\"https:\\\/\\\/radioclanfm.com\\\/clanespectaculos\\\/author\\\/admin\\\/\"}]}<\/script>\n<!-- \/ Yoast SEO plugin. -->","yoast_head_json":{"title":"La hermana de Sol acus\u00f3 a la familia de Yipio de atacar al p\u00fablico en la tribuna de \u201cGran Hermano\u2033: \u201cCodazos\u201d - CLAN ESPECTACULOS","robots":{"index":"index","follow":"follow","max-snippet":"max-snippet:-1","max-image-preview":"max-image-preview:large","max-video-preview":"max-video-preview:-1"},"canonical":"https:\/\/radioclanfm.com\/clanespectaculos\/la-hermana-de-sol-acuso-a-la-familia-de-yipio-de-atacar-al-publico-en-la-tribuna-de-gran-hermano\u2033-codazos\/","og_locale":"es_ES","og_type":"article","og_title":"La hermana de Sol acus\u00f3 a la familia de Yipio de atacar al p\u00fablico en la tribuna de \u201cGran Hermano\u2033: \u201cCodazos\u201d - CLAN ESPECTACULOS","og_description":"Noelia Abraham cont\u00f3 que una amiga fue insultada y golpeada a codazos durante una gala. El enfrentamiento m\u00e1s picante de\u00a0Gran Hermano Generaci\u00f3n Dorada (Telefe)\u00a0ya sali\u00f3 de la casa y lleg\u00f3 hasta la tribuna del estudio. En las \u00faltimas horas,\u00a0la hermana de\u00a0Solange\u00a0denunci\u00f3 una situaci\u00f3n de violencia durante una de las galas\u00a0en vivo y apunt\u00f3 directamente contra [&hellip;]","og_url":"https:\/\/radioclanfm.com\/clanespectaculos\/la-hermana-de-sol-acuso-a-la-familia-de-yipio-de-atacar-al-publico-en-la-tribuna-de-gran-hermano\u2033-codazos\/","og_site_name":"CLAN ESPECTACULOS","article_publisher":"https:\/\/www.facebook.com\/clanespectaculos\/","article_published_time":"2026-04-30T13:49:04+00:00","og_image":[{"width":900,"height":504,"url":"https:\/\/radioclanfm.com\/clanespectaculos\/wp-content\/uploads\/sites\/2\/2026\/04\/SBxpk0PH.jpg","type":"image\/jpeg"}],"author":"E-GRUPOCLAN","twitter_card":"summary_large_image","twitter_creator":"@clanespectok","twitter_site":"@clanespectok","twitter_misc":{"Escrito por":"E-GRUPOCLAN","Tiempo de lectura":"3 minutos"},"schema":{"@context":"https:\/\/schema.org","@graph":[{"@type":"Article","@id":"https:\/\/radioclanfm.com\/clanespectaculos\/la-hermana-de-sol-acuso-a-la-familia-de-yipio-de-atacar-al-publico-en-la-tribuna-de-gran-hermano%e2%80%b3-codazos\/#article","isPartOf":{"@id":"https:\/\/radioclanfm.com\/clanespectaculos\/la-hermana-de-sol-acuso-a-la-familia-de-yipio-de-atacar-al-publico-en-la-tribuna-de-gran-hermano%e2%80%b3-codazos\/"},"author":{"name":"E-GRUPOCLAN","@id":"https:\/\/radioclanfm.com\/clanespectaculos\/#\/schema\/person\/9734813083303230f3ad84d99171b20c"},"headline":"La hermana de Sol acus\u00f3 a la familia de Yipio de atacar al p\u00fablico en la tribuna de \u201cGran Hermano\u2033: \u201cCodazos\u201d","datePublished":"2026-04-30T13:49:04+00:00","mainEntityOfPage":{"@id":"https:\/\/radioclanfm.com\/clanespectaculos\/la-hermana-de-sol-acuso-a-la-familia-de-yipio-de-atacar-al-publico-en-la-tribuna-de-gran-hermano%e2%80%b3-codazos\/"},"wordCount":476,"commentCount":0,"publisher":{"@id":"https:\/\/radioclanfm.com\/clanespectaculos\/#organization"},"image":{"@id":"https:\/\/radioclanfm.com\/clanespectaculos\/la-hermana-de-sol-acuso-a-la-familia-de-yipio-de-atacar-al-publico-en-la-tribuna-de-gran-hermano%e2%80%b3-codazos\/#primaryimage"},"thumbnailUrl":"https:\/\/radioclanfm.com\/clanespectaculos\/wp-content\/uploads\/sites\/2\/2026\/04\/SBxpk0PH.jpg","articleSection":["Espectaculos"],"inLanguage":"es-AR","potentialAction":[{"@type":"CommentAction","name":"Comment","target":["https:\/\/radioclanfm.com\/clanespectaculos\/la-hermana-de-sol-acuso-a-la-familia-de-yipio-de-atacar-al-publico-en-la-tribuna-de-gran-hermano%e2%80%b3-codazos\/#respond"]}]},{"@type":"WebPage","@id":"https:\/\/radioclanfm.com\/clanespectaculos\/la-hermana-de-sol-acuso-a-la-familia-de-yipio-de-atacar-al-publico-en-la-tribuna-de-gran-hermano%e2%80%b3-codazos\/","url":"https:\/\/radioclanfm.com\/clanespectaculos\/la-hermana-de-sol-acuso-a-la-familia-de-yipio-de-atacar-al-publico-en-la-tribuna-de-gran-hermano%e2%80%b3-codazos\/","name":"La hermana de Sol acus\u00f3 a la familia de Yipio de atacar al p\u00fablico en la tribuna de \u201cGran Hermano\u2033: \u201cCodazos\u201d - CLAN ESPECTACULOS","isPartOf":{"@id":"https:\/\/radioclanfm.com\/clanespectaculos\/#website"},"primaryImageOfPage":{"@id":"https:\/\/radioclanfm.com\/clanespectaculos\/la-hermana-de-sol-acuso-a-la-familia-de-yipio-de-atacar-al-publico-en-la-tribuna-de-gran-hermano%e2%80%b3-codazos\/#primaryimage"},"image":{"@id":"https:\/\/radioclanfm.com\/clanespectaculos\/la-hermana-de-sol-acuso-a-la-familia-de-yipio-de-atacar-al-publico-en-la-tribuna-de-gran-hermano%e2%80%b3-codazos\/#primaryimage"},"thumbnailUrl":"https:\/\/radioclanfm.com\/clanespectaculos\/wp-content\/uploads\/sites\/2\/2026\/04\/SBxpk0PH.jpg","datePublished":"2026-04-30T13:49:04+00:00","breadcrumb":{"@id":"https:\/\/radioclanfm.com\/clanespectaculos\/la-hermana-de-sol-acuso-a-la-familia-de-yipio-de-atacar-al-publico-en-la-tribuna-de-gran-hermano%e2%80%b3-codazos\/#breadcrumb"},"inLanguage":"es-AR","potentialAction":[{"@type":"ReadAction","target":["https:\/\/radioclanfm.com\/clanespectaculos\/la-hermana-de-sol-acuso-a-la-familia-de-yipio-de-atacar-al-publico-en-la-tribuna-de-gran-hermano%e2%80%b3-codazos\/"]}]},{"@type":"ImageObject","inLanguage":"es-AR","@id":"https:\/\/radioclanfm.com\/clanespectaculos\/la-hermana-de-sol-acuso-a-la-familia-de-yipio-de-atacar-al-publico-en-la-tribuna-de-gran-hermano%e2%80%b3-codazos\/#primaryimage","url":"https:\/\/radioclanfm.com\/clanespectaculos\/wp-content\/uploads\/sites\/2\/2026\/04\/SBxpk0PH.jpg","contentUrl":"https:\/\/radioclanfm.com\/clanespectaculos\/wp-content\/uploads\/sites\/2\/2026\/04\/SBxpk0PH.jpg","width":900,"height":504},{"@type":"BreadcrumbList","@id":"https:\/\/radioclanfm.com\/clanespectaculos\/la-hermana-de-sol-acuso-a-la-familia-de-yipio-de-atacar-al-publico-en-la-tribuna-de-gran-hermano%e2%80%b3-codazos\/#breadcrumb","itemListElement":[{"@type":"ListItem","position":1,"name":"Inicio","item":"https:\/\/radioclanfm.com\/clanespectaculos\/"},{"@type":"ListItem","position":2,"name":"La hermana de Sol acus\u00f3 a la familia de Yipio de atacar al p\u00fablico en la tribuna de \u201cGran Hermano\u2033: \u201cCodazos\u201d"}]},{"@type":"WebSite","@id":"https:\/\/radioclanfm.com\/clanespectaculos\/#website","url":"https:\/\/radioclanfm.com\/clanespectaculos\/","name":"CLAN ESPECTACULOS","description":"","publisher":{"@id":"https:\/\/radioclanfm.com\/clanespectaculos\/#organization"},"potentialAction":[{"@type":"SearchAction","target":{"@type":"EntryPoint","urlTemplate":"https:\/\/radioclanfm.com\/clanespectaculos\/?s={search_term_string}"},"query-input":{"@type":"PropertyValueSpecification","valueRequired":true,"valueName":"search_term_string"}}],"inLanguage":"es-AR"},{"@type":"Organization","@id":"https:\/\/radioclanfm.com\/clanespectaculos\/#organization","name":"CLAN ESPECTACULOS","url":"https:\/\/radioclanfm.com\/clanespectaculos\/","logo":{"@type":"ImageObject","inLanguage":"es-AR","@id":"https:\/\/radioclanfm.com\/clanespectaculos\/#\/schema\/logo\/image\/","url":"https:\/\/radioclanfm.com\/clanespectaculos\/wp-content\/uploads\/sites\/2\/2026\/04\/ChatGPT-Image-23-mar-2026-10_09_00.png","contentUrl":"https:\/\/radioclanfm.com\/clanespectaculos\/wp-content\/uploads\/sites\/2\/2026\/04\/ChatGPT-Image-23-mar-2026-10_09_00.png","width":1024,"height":1024,"caption":"CLAN ESPECTACULOS"},"image":{"@id":"https:\/\/radioclanfm.com\/clanespectaculos\/#\/schema\/logo\/image\/"},"sameAs":["https:\/\/www.facebook.com\/clanespectaculos\/","https:\/\/x.com\/clanespectok"]},{"@type":"Person","@id":"https:\/\/radioclanfm.com\/clanespectaculos\/#\/schema\/person\/9734813083303230f3ad84d99171b20c","name":"E-GRUPOCLAN","image":{"@type":"ImageObject","inLanguage":"es-AR","@id":"https:\/\/secure.gravatar.com\/avatar\/af6e19837c3d6a212034a48c7b3818d2ac1826f6025df0155da5a186ad321d79?s=96&d=mm&r=g","url":"https:\/\/secure.gravatar.com\/avatar\/af6e19837c3d6a212034a48c7b3818d2ac1826f6025df0155da5a186ad321d79?s=96&d=mm&r=g","contentUrl":"https:\/\/secure.gravatar.com\/avatar\/af6e19837c3d6a212034a48c7b3818d2ac1826f6025df0155da5a186ad321d79?s=96&d=mm&r=g","caption":"E-GRUPOCLAN"},"sameAs":["https:\/\/radioclanfm.com"],"url":"https:\/\/radioclanfm.com\/clanespectaculos\/author\/admin\/"}]}},"_links":{"self":[{"href":"https:\/\/radioclanfm.com\/clanespectaculos\/wp-json\/wp\/v2\/posts\/16013","targetHints":{"allow":["GET"]}}],"collection":[{"href":"https:\/\/radioclanfm.com\/clanespectaculos\/wp-json\/wp\/v2\/posts"}],"about":[{"href":"https:\/\/radioclanfm.com\/clanespectaculos\/wp-json\/wp\/v2\/types\/post"}],"author":[{"embeddable":true,"href":"https:\/\/radioclanfm.com\/clanespectaculos\/wp-json\/wp\/v2\/users\/1"}],"replies":[{"embeddable":true,"href":"https:\/\/radioclanfm.com\/clanespectaculos\/wp-json\/wp\/v2\/comments?post=16013"}],"version-history":[{"count":1,"href":"https:\/\/radioclanfm.com\/clanespectaculos\/wp-json\/wp\/v2\/posts\/16013\/revisions"}],"predecessor-version":[{"id":16015,"href":"https:\/\/radioclanfm.com\/clanespectaculos\/wp-json\/wp\/v2\/posts\/16013\/revisions\/16015"}],"wp:featuredmedia":[{"embeddable":true,"href":"https:\/\/radioclanfm.com\/clanespectaculos\/wp-json\/wp\/v2\/media\/16014"}],"wp:attachment":[{"href":"https:\/\/radioclanfm.com\/clanespectaculos\/wp-json\/wp\/v2\/media?parent=16013"}],"wp:term":[{"taxonomy":"category","embeddable":true,"href":"https:\/\/radioclanfm.com\/clanespectaculos\/wp-json\/wp\/v2\/categories?post=16013"},{"taxonomy":"post_tag","embeddable":true,"href":"https:\/\/radioclanfm.com\/clanespectaculos\/wp-json\/wp\/v2\/tags?post=16013"}],"curies":[{"name":"wp","href":"https:\/\/api.w.org\/{rel}","templated":true}]}}