{"id":16010,"date":"2026-04-30T10:47:57","date_gmt":"2026-04-30T13:47:57","guid":{"rendered":"https:\/\/radioclanfm.com\/clanespectaculos\/?p=16010"},"modified":"2026-04-30T10:47:57","modified_gmt":"2026-04-30T13:47:57","slug":"vicuna-mostro-cuanto-le-afecta-que-sus-hijos-esten-en-turquia-con-la-china-suarez-e-icardi-extranando","status":"publish","type":"post","link":"https:\/\/radioclanfm.com\/clanespectaculos\/vicuna-mostro-cuanto-le-afecta-que-sus-hijos-esten-en-turquia-con-la-china-suarez-e-icardi-extranando\/","title":{"rendered":"Vicu\u00f1a mostr\u00f3 cu\u00e1nto le afecta que sus hijos est\u00e9n en Turqu\u00eda con la China Su\u00e1rez e Icardi: \u201cExtra\u00f1ando\u201d"},"content":{"rendered":"<p>Aunque en varias oportunidades destac\u00f3 que est\u00e1 en constante v\u00ednculo con los nenes, necesita la cercan\u00eda.<\/p>\n<div class=\"col-content\"><main class=\"col-content\"><\/p>\n<div class=\"default-article-color article__body article__article\">\n<p class=\"paragraph font__body-regular\"><b>Benjam\u00edn Vicu\u00f1a<\/b>\u00a0<b>cont\u00f3 c\u00f3mo le afecta que sus hijos Magnolia y Amancio est\u00e9n en Turqu\u00eda<\/b>, donde se instalaron hace meses con la\u00a0<b>China Su\u00e1rez<\/b>\u00a0y\u00a0<b>Mauro Icardi<\/b>.<\/p>\n<div id=\"ad-slot-infeed\" class=\"infeed-container ad-slot-infeed ad-slot\" data-adtype=\"infeed\" data-lazyload=\"1\" data-google-query-id=\"CPHhgprblZQDFYODYQYd5mYf2Q\">\n<div id=\"google_ads_iframe_\/113951150\/tn-arc\/nota\/infeed_0__container__\"><\/div>\n<\/div>\n<p class=\"paragraph font__body-regular\">M\u00e1s all\u00e1 de que el actor chileno destac\u00f3 en varias oportunidades que est\u00e1 en constante v\u00ednculo con los nenes, dej\u00f3 en claro que extra\u00f1a la cotidianidad y la cercan\u00eda. As\u00ed lo hizo saber este mi\u00e9rcoles en sus redes sociales, donde sorprendi\u00f3 con una\u00a0<b>tierna foto.<\/b><\/p>\n<div data-mrf-experience=\"IL_RNrGCM52Q_ui4aMax3fibg\"><\/div>\n<p class=\"paragraph font__body-regular\">En la imagen que public\u00f3 el artista, se puede ver a Amancio abraz\u00e1ndolo y d\u00e1ndole un beso en la mejilla.\u00a0<b>\u201cExtra\u00f1ando ando\u201d<\/b>, escribi\u00f3 sin vueltas.<\/p>\n<figure class=\"\" data-testid=\"figure-testid\">\n<div class=\"aspect_ratio__container\"><picture class=\"responsive-image\"><source srcset=\"https:\/\/tn.com.ar\/resizer\/v2\/extranando-el-posteo-de-benjamin-vicuna-dedicado-a-su-hijo-amancio-que-esta-en-turquia-foto-instagram-benjaminvicunaok-7A5SGDUGM5DITHGMIHXT2FVC7M.PNG?auth=28bf5192063fe516b4778760fc78ba585c9d7c4695b432f6b9b93988c68a3aff&amp;width=767\" type=\"image\/jpg\" media=\"(max-width: 728px)\" \/><source srcset=\"https:\/\/tn.com.ar\/resizer\/v2\/extranando-el-posteo-de-benjamin-vicuna-dedicado-a-su-hijo-amancio-que-esta-en-turquia-foto-instagram-benjaminvicunaok-7A5SGDUGM5DITHGMIHXT2FVC7M.PNG?auth=28bf5192063fe516b4778760fc78ba585c9d7c4695b432f6b9b93988c68a3aff&amp;width=1023\" type=\"image\/jpg\" media=\"(max-width: 1023px)\" \/><source srcset=\"https:\/\/tn.com.ar\/resizer\/v2\/extranando-el-posteo-de-benjamin-vicuna-dedicado-a-su-hijo-amancio-que-esta-en-turquia-foto-instagram-benjaminvicunaok-7A5SGDUGM5DITHGMIHXT2FVC7M.PNG?auth=28bf5192063fe516b4778760fc78ba585c9d7c4695b432f6b9b93988c68a3aff&amp;width=1440\" type=\"image\/jpg\" \/><img loading=\"lazy\" decoding=\"async\" class=\"image content-image image_placeholder\" src=\"https:\/\/tn.com.ar\/resizer\/v2\/extranando-el-posteo-de-benjamin-vicuna-dedicado-a-su-hijo-amancio-que-esta-en-turquia-foto-instagram-benjaminvicunaok-7A5SGDUGM5DITHGMIHXT2FVC7M.PNG?auth=28bf5192063fe516b4778760fc78ba585c9d7c4695b432f6b9b93988c68a3aff&amp;width=767\" alt=\"\u201cExtra\u00f1ando\u201d: el posteo de Benjam\u00edn Vicu\u00f1a dedicado a su hijo Amancio que est\u00e1 en Turqu\u00eda (Foto: Instagram \/benjaminvicuna.ok)\" width=\"767\" height=\"1361\" data-testid=\"loading-testid\" \/><\/picture><\/div><figcaption class=\"caption_image\" data-testid=\"figcaption-testid\">\n<div class=\"image_caption \">\u201cExtra\u00f1ando\u201d: el posteo de Benjam\u00edn Vicu\u00f1a dedicado a su hijo Amancio que est\u00e1 en Turqu\u00eda (Foto: Instagram \/benjaminvicuna.ok)<\/div>\n<\/figcaption><\/figure>\n<p class=\"paragraph font__body-regular\">Vicu\u00f1a estuvo durante el verano con sus hijos m\u00e1s chiquitos hasta que, a mediados de febrero, la China regres\u00f3 a Estambul con ellos. Cabe destacar que los peque\u00f1os est\u00e1n escolarizados all\u00e1.<\/p>\n<h2 class=\"font--primary font__display\">Benjam\u00edn Vicu\u00f1a revel\u00f3 la actitud de la China Su\u00e1rez que m\u00e1s le doli\u00f3: \u201cNo era justo\u201d<\/h2>\n<p class=\"paragraph font__body-regular\"><b>Benjam\u00edn Vicu\u00f1a\u00a0<\/b>habl\u00f3 de la mudanza de la\u00a0<b>China Su\u00e1rez<\/b>\u00a0y sus hijos a Turqu\u00eda. A varios meses de la pol\u00e9mica, el actor se sincer\u00f3: \u201cMe parec\u00eda que no era justo que se fuera con los nenes\u201d.<\/p>\n<p class=\"paragraph font__body-regular\">Consultado al aire de<i>\u00a0\u00c1ngel responde<\/i>\u00a0(<i>Bondi<\/i>) por su v\u00ednculo con la ex Casi \u00c1ngeles, expres\u00f3: \u201cLa verdad es que hace dos a\u00f1os atr\u00e1s, estando separado de dos parejas importantes con hijos y todo,\u00a0<b>ten\u00edamos un muy buen v\u00ednculo<\/b>\u201d.<\/p>\n<p class=\"paragraph font__body-regular\">\u201cDe hecho, por momentos, me atrev\u00ed a dar consejos a mis amigos m\u00edos. De que se llevaran bien, que hicieran familia. Y la verdad, no es f\u00e1cil organizar un barco de las dimensiones que yo manejo con hijos, con cosas&#8230;\u201d, se\u00f1al\u00f3.<\/p>\n<div class=\"genoa_video raw relative\">\n<div class=\"video_placeholder\">\n<div class=\"aspect_ratio__container\"><picture class=\"responsive-image\"><source srcset=\"https:\/\/tn.com.ar\/resizer\/v2\/https%3A%2F%2Fthumbs.vodgc.net%2F1-14-Q4Rhlf1776965719567-1776968004.jpg?auth=e2dbaeab908e92cd46f150c6aaa1e37b49ff781c803a8ef55a8753ded6fba411&amp;width=767\" type=\"image\/jpg\" media=\"(max-width: 728px)\" \/><source srcset=\"https:\/\/tn.com.ar\/resizer\/v2\/https%3A%2F%2Fthumbs.vodgc.net%2F1-14-Q4Rhlf1776965719567-1776968004.jpg?auth=e2dbaeab908e92cd46f150c6aaa1e37b49ff781c803a8ef55a8753ded6fba411&amp;width=1023\" type=\"image\/jpg\" media=\"(max-width: 1023px)\" \/><source srcset=\"https:\/\/tn.com.ar\/resizer\/v2\/https%3A%2F%2Fthumbs.vodgc.net%2F1-14-Q4Rhlf1776965719567-1776968004.jpg?auth=e2dbaeab908e92cd46f150c6aaa1e37b49ff781c803a8ef55a8753ded6fba411&amp;width=1440\" type=\"image\/jpg\" \/><\/picture><\/div>\n<p><button type=\"button\" data-testid=\"video-placeholder-button\"><\/button><\/div>\n<\/div>\n<div class=\"genoa_description font__body-regular\"><\/div>\n<p class=\"paragraph font__body-regular\">Y lament\u00f3: \u201c<b>Y ese equilibrio que fue exitoso, lamentablemente se desmoron\u00f3.\u00a0<\/b>Y si vos me pregunt\u00e1s,\u00a0<b>yo creo y espero que con el tiempo se pueda sanar<\/b>, pero porque no es sano. Claramente es triste\u201d.<\/p>\n<p class=\"paragraph font__body-regular\">Acto seguido, se refiri\u00f3 a la mudanza de la actriz junto a sus hijos y la distancia con los nenes. \u201cArgentina es mi casa. Es dif\u00edcil tenerlos lejos y hay un proceso que tiene que ver con una adaptaci\u00f3n a una situaci\u00f3n que me excede\u201d, sostuvo.<\/p>\n<p class=\"paragraph font__body-regular\">\u201c\u00bfTe cost\u00f3 entender que ella ten\u00eda necesidad de irse un tiempo?\u201d, quiso saber \u00c1ngel de Brito. Con sinceridad, Vicu\u00f1a afirm\u00f3: \u201cS\u00ed, me cost\u00f3.\u00a0<b>Me cost\u00f3 porque me parec\u00eda que no era justo porque tambi\u00e9n pienso en los intereses de los chicos que deben estar con su madre, pero tambi\u00e9n con su padre<\/b><b>\u201d<\/b>.<\/p>\n<p class=\"paragraph font__body-regular\">Lejos de toda pol\u00e9mica, se\u00f1al\u00f3: \u201cHoy se asume, se adapta, nos adaptamos&#8230; Incluso, soy tan optimista que le trato de encontrar el lado positivo, pero la procesi\u00f3n va por dentro\u201d.<\/p>\n<\/div>\n<p><\/main><\/div>\n<aside class=\"col-right-rail right-rail\">\n<div id=\"parent-ad-slot-caja\" class=\"ad-container caja_ad \">\n<div class=\"ad-content\"><\/div>\n<\/div>\n<\/aside>\n","protected":false},"excerpt":{"rendered":"<p>Aunque en varias oportunidades destac\u00f3 que est\u00e1 en constante v\u00ednculo con los nenes, necesita la cercan\u00eda. Benjam\u00edn Vicu\u00f1a\u00a0cont\u00f3 c\u00f3mo le afecta que sus hijos Magnolia y Amancio est\u00e9n en Turqu\u00eda, donde se instalaron hace meses con la\u00a0China Su\u00e1rez\u00a0y\u00a0Mauro Icardi. M\u00e1s all\u00e1 de que el actor chileno destac\u00f3 en varias oportunidades que est\u00e1 en constante v\u00ednculo [&hellip;]<\/p>\n","protected":false},"author":1,"featured_media":16011,"comment_status":"open","ping_status":"open","sticky":false,"template":"","format":"standard","meta":{"rop_custom_images_group":[],"rop_custom_messages_group":[],"rop_publish_now":"initial","rop_publish_now_accounts":[],"rop_publish_now_history":[],"rop_publish_now_status":"pending","footnotes":"","jetpack_publicize_message":"","jetpack_publicize_feature_enabled":true,"jetpack_social_post_already_shared":true,"jetpack_social_options":{"image_generator_settings":{"template":"highway","enabled":false},"version":2}},"categories":[12],"tags":[],"class_list":{"0":"post-16010","1":"post","2":"type-post","3":"status-publish","4":"format-standard","5":"has-post-thumbnail","7":"category-espectaculos"},"jetpack_publicize_connections":[],"yoast_head":"<!-- This site is optimized with the Yoast SEO plugin v27.3 - https:\/\/yoast.com\/product\/yoast-seo-wordpress\/ -->\n<title>Vicu\u00f1a mostr\u00f3 cu\u00e1nto le afecta que sus hijos est\u00e9n en Turqu\u00eda con la China Su\u00e1rez e Icardi: \u201cExtra\u00f1ando\u201d - CLAN ESPECTACULOS<\/title>\n<meta name=\"robots\" content=\"index, follow, max-snippet:-1, max-image-preview:large, max-video-preview:-1\" \/>\n<link rel=\"canonical\" href=\"https:\/\/radioclanfm.com\/clanespectaculos\/vicuna-mostro-cuanto-le-afecta-que-sus-hijos-esten-en-turquia-con-la-china-suarez-e-icardi-extranando\/\" \/>\n<meta property=\"og:locale\" content=\"es_ES\" \/>\n<meta property=\"og:type\" content=\"article\" \/>\n<meta property=\"og:title\" content=\"Vicu\u00f1a mostr\u00f3 cu\u00e1nto le afecta que sus hijos est\u00e9n en Turqu\u00eda con la China Su\u00e1rez e Icardi: \u201cExtra\u00f1ando\u201d - CLAN ESPECTACULOS\" \/>\n<meta property=\"og:description\" content=\"Aunque en varias oportunidades destac\u00f3 que est\u00e1 en constante v\u00ednculo con los nenes, necesita la cercan\u00eda. Benjam\u00edn Vicu\u00f1a\u00a0cont\u00f3 c\u00f3mo le afecta que sus hijos Magnolia y Amancio est\u00e9n en Turqu\u00eda, donde se instalaron hace meses con la\u00a0China Su\u00e1rez\u00a0y\u00a0Mauro Icardi. M\u00e1s all\u00e1 de que el actor chileno destac\u00f3 en varias oportunidades que est\u00e1 en constante v\u00ednculo [&hellip;]\" \/>\n<meta property=\"og:url\" content=\"https:\/\/radioclanfm.com\/clanespectaculos\/vicuna-mostro-cuanto-le-afecta-que-sus-hijos-esten-en-turquia-con-la-china-suarez-e-icardi-extranando\/\" \/>\n<meta property=\"og:site_name\" content=\"CLAN ESPECTACULOS\" \/>\n<meta property=\"article:publisher\" content=\"https:\/\/www.facebook.com\/clanespectaculos\/\" \/>\n<meta property=\"article:published_time\" content=\"2026-04-30T13:47:57+00:00\" \/>\n<meta property=\"og:image\" content=\"https:\/\/radioclanfm.com\/clanespectaculos\/wp-content\/uploads\/sites\/2\/2026\/04\/jcyoeyIc.jpg\" \/>\n\t<meta property=\"og:image:width\" content=\"900\" \/>\n\t<meta property=\"og:image:height\" content=\"504\" \/>\n\t<meta property=\"og:image:type\" content=\"image\/jpeg\" \/>\n<meta name=\"author\" content=\"E-GRUPOCLAN\" \/>\n<meta name=\"twitter:card\" content=\"summary_large_image\" \/>\n<meta name=\"twitter:creator\" content=\"@clanespectok\" \/>\n<meta name=\"twitter:site\" content=\"@clanespectok\" \/>\n<meta name=\"twitter:label1\" content=\"Escrito por\" \/>\n\t<meta name=\"twitter:data1\" content=\"E-GRUPOCLAN\" \/>\n\t<meta name=\"twitter:label2\" content=\"Tiempo de lectura\" \/>\n\t<meta name=\"twitter:data2\" content=\"3 minutos\" \/>\n<script type=\"application\/ld+json\" class=\"yoast-schema-graph\">{\"@context\":\"https:\\\/\\\/schema.org\",\"@graph\":[{\"@type\":\"Article\",\"@id\":\"https:\\\/\\\/radioclanfm.com\\\/clanespectaculos\\\/vicuna-mostro-cuanto-le-afecta-que-sus-hijos-esten-en-turquia-con-la-china-suarez-e-icardi-extranando\\\/#article\",\"isPartOf\":{\"@id\":\"https:\\\/\\\/radioclanfm.com\\\/clanespectaculos\\\/vicuna-mostro-cuanto-le-afecta-que-sus-hijos-esten-en-turquia-con-la-china-suarez-e-icardi-extranando\\\/\"},\"author\":{\"name\":\"E-GRUPOCLAN\",\"@id\":\"https:\\\/\\\/radioclanfm.com\\\/clanespectaculos\\\/#\\\/schema\\\/person\\\/9734813083303230f3ad84d99171b20c\"},\"headline\":\"Vicu\u00f1a mostr\u00f3 cu\u00e1nto le afecta que sus hijos est\u00e9n en Turqu\u00eda con la China Su\u00e1rez e Icardi: \u201cExtra\u00f1ando\u201d\",\"datePublished\":\"2026-04-30T13:47:57+00:00\",\"mainEntityOfPage\":{\"@id\":\"https:\\\/\\\/radioclanfm.com\\\/clanespectaculos\\\/vicuna-mostro-cuanto-le-afecta-que-sus-hijos-esten-en-turquia-con-la-china-suarez-e-icardi-extranando\\\/\"},\"wordCount\":537,\"commentCount\":0,\"publisher\":{\"@id\":\"https:\\\/\\\/radioclanfm.com\\\/clanespectaculos\\\/#organization\"},\"image\":{\"@id\":\"https:\\\/\\\/radioclanfm.com\\\/clanespectaculos\\\/vicuna-mostro-cuanto-le-afecta-que-sus-hijos-esten-en-turquia-con-la-china-suarez-e-icardi-extranando\\\/#primaryimage\"},\"thumbnailUrl\":\"https:\\\/\\\/radioclanfm.com\\\/clanespectaculos\\\/wp-content\\\/uploads\\\/sites\\\/2\\\/2026\\\/04\\\/jcyoeyIc.jpg\",\"articleSection\":[\"Espectaculos\"],\"inLanguage\":\"es-AR\",\"potentialAction\":[{\"@type\":\"CommentAction\",\"name\":\"Comment\",\"target\":[\"https:\\\/\\\/radioclanfm.com\\\/clanespectaculos\\\/vicuna-mostro-cuanto-le-afecta-que-sus-hijos-esten-en-turquia-con-la-china-suarez-e-icardi-extranando\\\/#respond\"]}]},{\"@type\":\"WebPage\",\"@id\":\"https:\\\/\\\/radioclanfm.com\\\/clanespectaculos\\\/vicuna-mostro-cuanto-le-afecta-que-sus-hijos-esten-en-turquia-con-la-china-suarez-e-icardi-extranando\\\/\",\"url\":\"https:\\\/\\\/radioclanfm.com\\\/clanespectaculos\\\/vicuna-mostro-cuanto-le-afecta-que-sus-hijos-esten-en-turquia-con-la-china-suarez-e-icardi-extranando\\\/\",\"name\":\"Vicu\u00f1a mostr\u00f3 cu\u00e1nto le afecta que sus hijos est\u00e9n en Turqu\u00eda con la China Su\u00e1rez e Icardi: \u201cExtra\u00f1ando\u201d - CLAN ESPECTACULOS\",\"isPartOf\":{\"@id\":\"https:\\\/\\\/radioclanfm.com\\\/clanespectaculos\\\/#website\"},\"primaryImageOfPage\":{\"@id\":\"https:\\\/\\\/radioclanfm.com\\\/clanespectaculos\\\/vicuna-mostro-cuanto-le-afecta-que-sus-hijos-esten-en-turquia-con-la-china-suarez-e-icardi-extranando\\\/#primaryimage\"},\"image\":{\"@id\":\"https:\\\/\\\/radioclanfm.com\\\/clanespectaculos\\\/vicuna-mostro-cuanto-le-afecta-que-sus-hijos-esten-en-turquia-con-la-china-suarez-e-icardi-extranando\\\/#primaryimage\"},\"thumbnailUrl\":\"https:\\\/\\\/radioclanfm.com\\\/clanespectaculos\\\/wp-content\\\/uploads\\\/sites\\\/2\\\/2026\\\/04\\\/jcyoeyIc.jpg\",\"datePublished\":\"2026-04-30T13:47:57+00:00\",\"breadcrumb\":{\"@id\":\"https:\\\/\\\/radioclanfm.com\\\/clanespectaculos\\\/vicuna-mostro-cuanto-le-afecta-que-sus-hijos-esten-en-turquia-con-la-china-suarez-e-icardi-extranando\\\/#breadcrumb\"},\"inLanguage\":\"es-AR\",\"potentialAction\":[{\"@type\":\"ReadAction\",\"target\":[\"https:\\\/\\\/radioclanfm.com\\\/clanespectaculos\\\/vicuna-mostro-cuanto-le-afecta-que-sus-hijos-esten-en-turquia-con-la-china-suarez-e-icardi-extranando\\\/\"]}]},{\"@type\":\"ImageObject\",\"inLanguage\":\"es-AR\",\"@id\":\"https:\\\/\\\/radioclanfm.com\\\/clanespectaculos\\\/vicuna-mostro-cuanto-le-afecta-que-sus-hijos-esten-en-turquia-con-la-china-suarez-e-icardi-extranando\\\/#primaryimage\",\"url\":\"https:\\\/\\\/radioclanfm.com\\\/clanespectaculos\\\/wp-content\\\/uploads\\\/sites\\\/2\\\/2026\\\/04\\\/jcyoeyIc.jpg\",\"contentUrl\":\"https:\\\/\\\/radioclanfm.com\\\/clanespectaculos\\\/wp-content\\\/uploads\\\/sites\\\/2\\\/2026\\\/04\\\/jcyoeyIc.jpg\",\"width\":900,\"height\":504},{\"@type\":\"BreadcrumbList\",\"@id\":\"https:\\\/\\\/radioclanfm.com\\\/clanespectaculos\\\/vicuna-mostro-cuanto-le-afecta-que-sus-hijos-esten-en-turquia-con-la-china-suarez-e-icardi-extranando\\\/#breadcrumb\",\"itemListElement\":[{\"@type\":\"ListItem\",\"position\":1,\"name\":\"Inicio\",\"item\":\"https:\\\/\\\/radioclanfm.com\\\/clanespectaculos\\\/\"},{\"@type\":\"ListItem\",\"position\":2,\"name\":\"Vicu\u00f1a mostr\u00f3 cu\u00e1nto le afecta que sus hijos est\u00e9n en Turqu\u00eda con la China Su\u00e1rez e Icardi: \u201cExtra\u00f1ando\u201d\"}]},{\"@type\":\"WebSite\",\"@id\":\"https:\\\/\\\/radioclanfm.com\\\/clanespectaculos\\\/#website\",\"url\":\"https:\\\/\\\/radioclanfm.com\\\/clanespectaculos\\\/\",\"name\":\"CLAN ESPECTACULOS\",\"description\":\"\",\"publisher\":{\"@id\":\"https:\\\/\\\/radioclanfm.com\\\/clanespectaculos\\\/#organization\"},\"potentialAction\":[{\"@type\":\"SearchAction\",\"target\":{\"@type\":\"EntryPoint\",\"urlTemplate\":\"https:\\\/\\\/radioclanfm.com\\\/clanespectaculos\\\/?s={search_term_string}\"},\"query-input\":{\"@type\":\"PropertyValueSpecification\",\"valueRequired\":true,\"valueName\":\"search_term_string\"}}],\"inLanguage\":\"es-AR\"},{\"@type\":\"Organization\",\"@id\":\"https:\\\/\\\/radioclanfm.com\\\/clanespectaculos\\\/#organization\",\"name\":\"CLAN ESPECTACULOS\",\"url\":\"https:\\\/\\\/radioclanfm.com\\\/clanespectaculos\\\/\",\"logo\":{\"@type\":\"ImageObject\",\"inLanguage\":\"es-AR\",\"@id\":\"https:\\\/\\\/radioclanfm.com\\\/clanespectaculos\\\/#\\\/schema\\\/logo\\\/image\\\/\",\"url\":\"https:\\\/\\\/radioclanfm.com\\\/clanespectaculos\\\/wp-content\\\/uploads\\\/sites\\\/2\\\/2026\\\/04\\\/ChatGPT-Image-23-mar-2026-10_09_00.png\",\"contentUrl\":\"https:\\\/\\\/radioclanfm.com\\\/clanespectaculos\\\/wp-content\\\/uploads\\\/sites\\\/2\\\/2026\\\/04\\\/ChatGPT-Image-23-mar-2026-10_09_00.png\",\"width\":1024,\"height\":1024,\"caption\":\"CLAN ESPECTACULOS\"},\"image\":{\"@id\":\"https:\\\/\\\/radioclanfm.com\\\/clanespectaculos\\\/#\\\/schema\\\/logo\\\/image\\\/\"},\"sameAs\":[\"https:\\\/\\\/www.facebook.com\\\/clanespectaculos\\\/\",\"https:\\\/\\\/x.com\\\/clanespectok\"]},{\"@type\":\"Person\",\"@id\":\"https:\\\/\\\/radioclanfm.com\\\/clanespectaculos\\\/#\\\/schema\\\/person\\\/9734813083303230f3ad84d99171b20c\",\"name\":\"E-GRUPOCLAN\",\"image\":{\"@type\":\"ImageObject\",\"inLanguage\":\"es-AR\",\"@id\":\"https:\\\/\\\/secure.gravatar.com\\\/avatar\\\/af6e19837c3d6a212034a48c7b3818d2ac1826f6025df0155da5a186ad321d79?s=96&d=mm&r=g\",\"url\":\"https:\\\/\\\/secure.gravatar.com\\\/avatar\\\/af6e19837c3d6a212034a48c7b3818d2ac1826f6025df0155da5a186ad321d79?s=96&d=mm&r=g\",\"contentUrl\":\"https:\\\/\\\/secure.gravatar.com\\\/avatar\\\/af6e19837c3d6a212034a48c7b3818d2ac1826f6025df0155da5a186ad321d79?s=96&d=mm&r=g\",\"caption\":\"E-GRUPOCLAN\"},\"sameAs\":[\"https:\\\/\\\/radioclanfm.com\"],\"url\":\"https:\\\/\\\/radioclanfm.com\\\/clanespectaculos\\\/author\\\/admin\\\/\"}]}<\/script>\n<!-- \/ Yoast SEO plugin. -->","yoast_head_json":{"title":"Vicu\u00f1a mostr\u00f3 cu\u00e1nto le afecta que sus hijos est\u00e9n en Turqu\u00eda con la China Su\u00e1rez e Icardi: \u201cExtra\u00f1ando\u201d - CLAN ESPECTACULOS","robots":{"index":"index","follow":"follow","max-snippet":"max-snippet:-1","max-image-preview":"max-image-preview:large","max-video-preview":"max-video-preview:-1"},"canonical":"https:\/\/radioclanfm.com\/clanespectaculos\/vicuna-mostro-cuanto-le-afecta-que-sus-hijos-esten-en-turquia-con-la-china-suarez-e-icardi-extranando\/","og_locale":"es_ES","og_type":"article","og_title":"Vicu\u00f1a mostr\u00f3 cu\u00e1nto le afecta que sus hijos est\u00e9n en Turqu\u00eda con la China Su\u00e1rez e Icardi: \u201cExtra\u00f1ando\u201d - CLAN ESPECTACULOS","og_description":"Aunque en varias oportunidades destac\u00f3 que est\u00e1 en constante v\u00ednculo con los nenes, necesita la cercan\u00eda. Benjam\u00edn Vicu\u00f1a\u00a0cont\u00f3 c\u00f3mo le afecta que sus hijos Magnolia y Amancio est\u00e9n en Turqu\u00eda, donde se instalaron hace meses con la\u00a0China Su\u00e1rez\u00a0y\u00a0Mauro Icardi. M\u00e1s all\u00e1 de que el actor chileno destac\u00f3 en varias oportunidades que est\u00e1 en constante v\u00ednculo [&hellip;]","og_url":"https:\/\/radioclanfm.com\/clanespectaculos\/vicuna-mostro-cuanto-le-afecta-que-sus-hijos-esten-en-turquia-con-la-china-suarez-e-icardi-extranando\/","og_site_name":"CLAN ESPECTACULOS","article_publisher":"https:\/\/www.facebook.com\/clanespectaculos\/","article_published_time":"2026-04-30T13:47:57+00:00","og_image":[{"width":900,"height":504,"url":"https:\/\/radioclanfm.com\/clanespectaculos\/wp-content\/uploads\/sites\/2\/2026\/04\/jcyoeyIc.jpg","type":"image\/jpeg"}],"author":"E-GRUPOCLAN","twitter_card":"summary_large_image","twitter_creator":"@clanespectok","twitter_site":"@clanespectok","twitter_misc":{"Escrito por":"E-GRUPOCLAN","Tiempo de lectura":"3 minutos"},"schema":{"@context":"https:\/\/schema.org","@graph":[{"@type":"Article","@id":"https:\/\/radioclanfm.com\/clanespectaculos\/vicuna-mostro-cuanto-le-afecta-que-sus-hijos-esten-en-turquia-con-la-china-suarez-e-icardi-extranando\/#article","isPartOf":{"@id":"https:\/\/radioclanfm.com\/clanespectaculos\/vicuna-mostro-cuanto-le-afecta-que-sus-hijos-esten-en-turquia-con-la-china-suarez-e-icardi-extranando\/"},"author":{"name":"E-GRUPOCLAN","@id":"https:\/\/radioclanfm.com\/clanespectaculos\/#\/schema\/person\/9734813083303230f3ad84d99171b20c"},"headline":"Vicu\u00f1a mostr\u00f3 cu\u00e1nto le afecta que sus hijos est\u00e9n en Turqu\u00eda con la China Su\u00e1rez e Icardi: \u201cExtra\u00f1ando\u201d","datePublished":"2026-04-30T13:47:57+00:00","mainEntityOfPage":{"@id":"https:\/\/radioclanfm.com\/clanespectaculos\/vicuna-mostro-cuanto-le-afecta-que-sus-hijos-esten-en-turquia-con-la-china-suarez-e-icardi-extranando\/"},"wordCount":537,"commentCount":0,"publisher":{"@id":"https:\/\/radioclanfm.com\/clanespectaculos\/#organization"},"image":{"@id":"https:\/\/radioclanfm.com\/clanespectaculos\/vicuna-mostro-cuanto-le-afecta-que-sus-hijos-esten-en-turquia-con-la-china-suarez-e-icardi-extranando\/#primaryimage"},"thumbnailUrl":"https:\/\/radioclanfm.com\/clanespectaculos\/wp-content\/uploads\/sites\/2\/2026\/04\/jcyoeyIc.jpg","articleSection":["Espectaculos"],"inLanguage":"es-AR","potentialAction":[{"@type":"CommentAction","name":"Comment","target":["https:\/\/radioclanfm.com\/clanespectaculos\/vicuna-mostro-cuanto-le-afecta-que-sus-hijos-esten-en-turquia-con-la-china-suarez-e-icardi-extranando\/#respond"]}]},{"@type":"WebPage","@id":"https:\/\/radioclanfm.com\/clanespectaculos\/vicuna-mostro-cuanto-le-afecta-que-sus-hijos-esten-en-turquia-con-la-china-suarez-e-icardi-extranando\/","url":"https:\/\/radioclanfm.com\/clanespectaculos\/vicuna-mostro-cuanto-le-afecta-que-sus-hijos-esten-en-turquia-con-la-china-suarez-e-icardi-extranando\/","name":"Vicu\u00f1a mostr\u00f3 cu\u00e1nto le afecta que sus hijos est\u00e9n en Turqu\u00eda con la China Su\u00e1rez e Icardi: \u201cExtra\u00f1ando\u201d - CLAN ESPECTACULOS","isPartOf":{"@id":"https:\/\/radioclanfm.com\/clanespectaculos\/#website"},"primaryImageOfPage":{"@id":"https:\/\/radioclanfm.com\/clanespectaculos\/vicuna-mostro-cuanto-le-afecta-que-sus-hijos-esten-en-turquia-con-la-china-suarez-e-icardi-extranando\/#primaryimage"},"image":{"@id":"https:\/\/radioclanfm.com\/clanespectaculos\/vicuna-mostro-cuanto-le-afecta-que-sus-hijos-esten-en-turquia-con-la-china-suarez-e-icardi-extranando\/#primaryimage"},"thumbnailUrl":"https:\/\/radioclanfm.com\/clanespectaculos\/wp-content\/uploads\/sites\/2\/2026\/04\/jcyoeyIc.jpg","datePublished":"2026-04-30T13:47:57+00:00","breadcrumb":{"@id":"https:\/\/radioclanfm.com\/clanespectaculos\/vicuna-mostro-cuanto-le-afecta-que-sus-hijos-esten-en-turquia-con-la-china-suarez-e-icardi-extranando\/#breadcrumb"},"inLanguage":"es-AR","potentialAction":[{"@type":"ReadAction","target":["https:\/\/radioclanfm.com\/clanespectaculos\/vicuna-mostro-cuanto-le-afecta-que-sus-hijos-esten-en-turquia-con-la-china-suarez-e-icardi-extranando\/"]}]},{"@type":"ImageObject","inLanguage":"es-AR","@id":"https:\/\/radioclanfm.com\/clanespectaculos\/vicuna-mostro-cuanto-le-afecta-que-sus-hijos-esten-en-turquia-con-la-china-suarez-e-icardi-extranando\/#primaryimage","url":"https:\/\/radioclanfm.com\/clanespectaculos\/wp-content\/uploads\/sites\/2\/2026\/04\/jcyoeyIc.jpg","contentUrl":"https:\/\/radioclanfm.com\/clanespectaculos\/wp-content\/uploads\/sites\/2\/2026\/04\/jcyoeyIc.jpg","width":900,"height":504},{"@type":"BreadcrumbList","@id":"https:\/\/radioclanfm.com\/clanespectaculos\/vicuna-mostro-cuanto-le-afecta-que-sus-hijos-esten-en-turquia-con-la-china-suarez-e-icardi-extranando\/#breadcrumb","itemListElement":[{"@type":"ListItem","position":1,"name":"Inicio","item":"https:\/\/radioclanfm.com\/clanespectaculos\/"},{"@type":"ListItem","position":2,"name":"Vicu\u00f1a mostr\u00f3 cu\u00e1nto le afecta que sus hijos est\u00e9n en Turqu\u00eda con la China Su\u00e1rez e Icardi: \u201cExtra\u00f1ando\u201d"}]},{"@type":"WebSite","@id":"https:\/\/radioclanfm.com\/clanespectaculos\/#website","url":"https:\/\/radioclanfm.com\/clanespectaculos\/","name":"CLAN ESPECTACULOS","description":"","publisher":{"@id":"https:\/\/radioclanfm.com\/clanespectaculos\/#organization"},"potentialAction":[{"@type":"SearchAction","target":{"@type":"EntryPoint","urlTemplate":"https:\/\/radioclanfm.com\/clanespectaculos\/?s={search_term_string}"},"query-input":{"@type":"PropertyValueSpecification","valueRequired":true,"valueName":"search_term_string"}}],"inLanguage":"es-AR"},{"@type":"Organization","@id":"https:\/\/radioclanfm.com\/clanespectaculos\/#organization","name":"CLAN ESPECTACULOS","url":"https:\/\/radioclanfm.com\/clanespectaculos\/","logo":{"@type":"ImageObject","inLanguage":"es-AR","@id":"https:\/\/radioclanfm.com\/clanespectaculos\/#\/schema\/logo\/image\/","url":"https:\/\/radioclanfm.com\/clanespectaculos\/wp-content\/uploads\/sites\/2\/2026\/04\/ChatGPT-Image-23-mar-2026-10_09_00.png","contentUrl":"https:\/\/radioclanfm.com\/clanespectaculos\/wp-content\/uploads\/sites\/2\/2026\/04\/ChatGPT-Image-23-mar-2026-10_09_00.png","width":1024,"height":1024,"caption":"CLAN ESPECTACULOS"},"image":{"@id":"https:\/\/radioclanfm.com\/clanespectaculos\/#\/schema\/logo\/image\/"},"sameAs":["https:\/\/www.facebook.com\/clanespectaculos\/","https:\/\/x.com\/clanespectok"]},{"@type":"Person","@id":"https:\/\/radioclanfm.com\/clanespectaculos\/#\/schema\/person\/9734813083303230f3ad84d99171b20c","name":"E-GRUPOCLAN","image":{"@type":"ImageObject","inLanguage":"es-AR","@id":"https:\/\/secure.gravatar.com\/avatar\/af6e19837c3d6a212034a48c7b3818d2ac1826f6025df0155da5a186ad321d79?s=96&d=mm&r=g","url":"https:\/\/secure.gravatar.com\/avatar\/af6e19837c3d6a212034a48c7b3818d2ac1826f6025df0155da5a186ad321d79?s=96&d=mm&r=g","contentUrl":"https:\/\/secure.gravatar.com\/avatar\/af6e19837c3d6a212034a48c7b3818d2ac1826f6025df0155da5a186ad321d79?s=96&d=mm&r=g","caption":"E-GRUPOCLAN"},"sameAs":["https:\/\/radioclanfm.com"],"url":"https:\/\/radioclanfm.com\/clanespectaculos\/author\/admin\/"}]}},"_links":{"self":[{"href":"https:\/\/radioclanfm.com\/clanespectaculos\/wp-json\/wp\/v2\/posts\/16010","targetHints":{"allow":["GET"]}}],"collection":[{"href":"https:\/\/radioclanfm.com\/clanespectaculos\/wp-json\/wp\/v2\/posts"}],"about":[{"href":"https:\/\/radioclanfm.com\/clanespectaculos\/wp-json\/wp\/v2\/types\/post"}],"author":[{"embeddable":true,"href":"https:\/\/radioclanfm.com\/clanespectaculos\/wp-json\/wp\/v2\/users\/1"}],"replies":[{"embeddable":true,"href":"https:\/\/radioclanfm.com\/clanespectaculos\/wp-json\/wp\/v2\/comments?post=16010"}],"version-history":[{"count":1,"href":"https:\/\/radioclanfm.com\/clanespectaculos\/wp-json\/wp\/v2\/posts\/16010\/revisions"}],"predecessor-version":[{"id":16012,"href":"https:\/\/radioclanfm.com\/clanespectaculos\/wp-json\/wp\/v2\/posts\/16010\/revisions\/16012"}],"wp:featuredmedia":[{"embeddable":true,"href":"https:\/\/radioclanfm.com\/clanespectaculos\/wp-json\/wp\/v2\/media\/16011"}],"wp:attachment":[{"href":"https:\/\/radioclanfm.com\/clanespectaculos\/wp-json\/wp\/v2\/media?parent=16010"}],"wp:term":[{"taxonomy":"category","embeddable":true,"href":"https:\/\/radioclanfm.com\/clanespectaculos\/wp-json\/wp\/v2\/categories?post=16010"},{"taxonomy":"post_tag","embeddable":true,"href":"https:\/\/radioclanfm.com\/clanespectaculos\/wp-json\/wp\/v2\/tags?post=16010"}],"curies":[{"name":"wp","href":"https:\/\/api.w.org\/{rel}","templated":true}]}}