{"id":16007,"date":"2026-04-30T10:46:21","date_gmt":"2026-04-30T13:46:21","guid":{"rendered":"https:\/\/radioclanfm.com\/clanespectaculos\/?p=16007"},"modified":"2026-04-30T10:46:21","modified_gmt":"2026-04-30T13:46:21","slug":"hernan-drago-hablo-sobre-su-intimidad-y-revelo-con-cuantas-mujeres-tuvo-relaciones","status":"publish","type":"post","link":"https:\/\/radioclanfm.com\/clanespectaculos\/hernan-drago-hablo-sobre-su-intimidad-y-revelo-con-cuantas-mujeres-tuvo-relaciones\/","title":{"rendered":"Hern\u00e1n Drago habl\u00f3 sobre su intimidad y revel\u00f3 con cu\u00e1ntas mujeres tuvo relaciones"},"content":{"rendered":"<p>El modelo habl\u00f3 sobre los v\u00ednculos que lo marcaron a lo largo de su vida y se refiri\u00f3 a su vida sexual.<\/p>\n<div class=\"col-content\"><main class=\"col-content\"><\/p>\n<div class=\"default-article-color article__body article__article\">\n<p class=\"paragraph font__body-regular\"><b>Hern\u00e1n Drago\u00a0<\/b>sorprendi\u00f3 a hablar como nunca sobre su intimidad. Invitado al programa de streaming\u00a0<i>No tan pronto<\/i>, revel\u00f3 a qu\u00e9 edad perdi\u00f3 la virginidad y\u00a0<b>con cu\u00e1ntas mujeres hizo el amor\u00a0<\/b>a lo largo de toda su vida.<\/p>\n<div id=\"ad-slot-infeed\" class=\"infeed-container ad-slot-infeed ad-slot\" data-adtype=\"infeed\" data-lazyload=\"1\" data-google-query-id=\"CJ7_-fLalZQDFec3uQYdFbAmSw\">\n<div id=\"google_ads_iframe_\/113951150\/tn-arc\/nota\/infeed_0__container__\"><\/div>\n<\/div>\n<p class=\"paragraph font__body-regular\">\u201c<b>Cuando me fui a los 18 a\u00f1os de viaje de egresados a Bariloche, yo era virgen<\/b>, entonces mis dos, o tres amigos, m\u00e1s mi terapeuta de ese momento, ten\u00edan las expectativas puestas en m\u00ed para que debute\u201d, comenz\u00f3 relatando.<\/p>\n<div data-mrf-experience=\"IL_RNrGCM52Q_ui4aMax3fibg\"><\/div>\n<p class=\"paragraph font__body-regular\">Acto seguido, coment\u00f3 que, al volver del sur, le dijo a su psic\u00f3logo que se hab\u00eda enamorado, pero de Bariloche. \u201cNo sucedi\u00f3.\u00a0<b>Yo quer\u00eda que fuera con amor la primera vez<\/b>, y que fuera con mi primera novia, y\u00a0<b>fue un a\u00f1o despu\u00e9s, a los 19<\/b>, con quien fue mi novia casi cuatro a\u00f1os\u201d, explic\u00f3.<\/p>\n<figure class=\"\" data-testid=\"figure-testid\">\n<div class=\"aspect_ratio__container\"><picture class=\"responsive-image\"><source srcset=\"https:\/\/tn.com.ar\/resizer\/v2\/hernan-drago-conto-secretos-intimos-foto-captura-eltrece-KSGONVDRJBGR7A3MJD2K4AOD7I.jpg?auth=98b7adeefd3bee0e591eeafd5eee3d2cec34f9cae9c898dec1ace64fa23a3da6&amp;width=767\" type=\"image\/jpg\" media=\"(max-width: 728px)\" \/><source srcset=\"https:\/\/tn.com.ar\/resizer\/v2\/hernan-drago-conto-secretos-intimos-foto-captura-eltrece-KSGONVDRJBGR7A3MJD2K4AOD7I.jpg?auth=98b7adeefd3bee0e591eeafd5eee3d2cec34f9cae9c898dec1ace64fa23a3da6&amp;width=1023\" type=\"image\/jpg\" media=\"(max-width: 1023px)\" \/><source srcset=\"https:\/\/tn.com.ar\/resizer\/v2\/hernan-drago-conto-secretos-intimos-foto-captura-eltrece-KSGONVDRJBGR7A3MJD2K4AOD7I.jpg?auth=98b7adeefd3bee0e591eeafd5eee3d2cec34f9cae9c898dec1ace64fa23a3da6&amp;width=1440\" type=\"image\/jpg\" \/><img loading=\"lazy\" decoding=\"async\" class=\"image content-image image_placeholder\" src=\"https:\/\/tn.com.ar\/resizer\/v2\/hernan-drago-conto-secretos-intimos-foto-captura-eltrece-KSGONVDRJBGR7A3MJD2K4AOD7I.jpg?auth=98b7adeefd3bee0e591eeafd5eee3d2cec34f9cae9c898dec1ace64fa23a3da6&amp;width=767\" alt=\"Hern\u00e1n Drago cont\u00f3 secretos \u00edntimos (Foto: captura Eltrece)\" width=\"767\" height=\"430\" data-testid=\"loading-testid\" \/><\/picture><\/div><figcaption class=\"caption_image\" data-testid=\"figcaption-testid\">\n<div class=\"image_caption \">Hern\u00e1n Drago cont\u00f3 secretos \u00edntimos (Foto: captura Eltrece)<\/div>\n<\/figcaption><\/figure>\n<p class=\"paragraph font__body-regular\">\u201cCuando me separo de ella, con 24,\u00a0<b>estuve un a\u00f1o soltero y solo estuve con una mujer, ocasional, en ese a\u00f1o de solter\u00eda<\/b>\u201d, sum\u00f3.<\/p>\n<p class=\"paragraph font__body-regular\">La pr\u00f3xima relaci\u00f3n que tuvo fue con B\u00e1rbara Cudich, la madre de sus hijos. \u201c<b>Despu\u00e9s estuve casi 20 a\u00f1os con la madre de mis hijos, y siempre fui un tipo fiel<\/b>\u201d.<\/p>\n<p class=\"paragraph font__body-regular\">\u201c<b>Cuando yo me separ\u00e9 a los 43 a\u00f1os, hab\u00eda estado con tres mujeres nada m\u00e1s en mi vida<\/b>\u201d, concluy\u00f3 Hern\u00e1n, dejando sin palabras a Mat\u00edas V\u00e1zquez, conductor del programa.<\/p>\n<h2 class=\"font--primary font__display\">Hern\u00e1n Drago anticip\u00f3 que planea alejarse de la TV para irse a vivir a Bariloche<\/h2>\n<p class=\"paragraph font__body-regular\">A fines del a\u00f1o pasado, Hern\u00e1n Drago revel\u00f3 que su horizonte personal ya no pasa por\u00a0<b>los estudios de televisi\u00f3n y que su sue\u00f1o es vivir tranquilo\u00a0<\/b>en el Sur.<\/p>\n<p class=\"paragraph font__body-regular\">\u201c<b>Bariloche es mi lugar en el mundo.\u00a0<\/b>Hoy la balanza laboral est\u00e1 ganando con claridad, pero s\u00e9 que esto tambi\u00e9n tiene un final. Este es mi momento de trabajo y construcci\u00f3n; despu\u00e9s vendr\u00e1 mi etapa de descanso y disfrute personal\u201d, admiti\u00f3.<\/p>\n<figure class=\"\" data-testid=\"figure-testid\">\n<div class=\"aspect_ratio__container\"><picture class=\"responsive-image\"><source srcset=\"https:\/\/tn.com.ar\/resizer\/v2\/hernan-drago-ama-pescar-foto-instagram-hernandrago-APB2OGI3XBD7DK5SLEHDQ5V5RI.JPG?auth=0611285a4021a17dce16e41dd7042ff4ca111b74b1bd5681f275f042bd55694b&amp;width=767\" type=\"image\/jpg\" media=\"(max-width: 728px)\" \/><source srcset=\"https:\/\/tn.com.ar\/resizer\/v2\/hernan-drago-ama-pescar-foto-instagram-hernandrago-APB2OGI3XBD7DK5SLEHDQ5V5RI.JPG?auth=0611285a4021a17dce16e41dd7042ff4ca111b74b1bd5681f275f042bd55694b&amp;width=1023\" type=\"image\/jpg\" media=\"(max-width: 1023px)\" \/><source srcset=\"https:\/\/tn.com.ar\/resizer\/v2\/hernan-drago-ama-pescar-foto-instagram-hernandrago-APB2OGI3XBD7DK5SLEHDQ5V5RI.JPG?auth=0611285a4021a17dce16e41dd7042ff4ca111b74b1bd5681f275f042bd55694b&amp;width=1440\" type=\"image\/jpg\" \/><img loading=\"lazy\" decoding=\"async\" class=\"image content-image image_placeholder\" src=\"https:\/\/tn.com.ar\/resizer\/v2\/hernan-drago-ama-pescar-foto-instagram-hernandrago-APB2OGI3XBD7DK5SLEHDQ5V5RI.JPG?auth=0611285a4021a17dce16e41dd7042ff4ca111b74b1bd5681f275f042bd55694b&amp;width=767\" alt=\"Hern\u00e1n Drago ama pescar (Foto: Instagram \/ hernandrago)\" width=\"767\" height=\"1076\" data-testid=\"loading-testid\" \/><\/picture><\/div><figcaption class=\"caption_image\" data-testid=\"figcaption-testid\">\n<div class=\"image_caption \">Hern\u00e1n Drago ama pescar (Foto: Instagram \/ hernandrago)<\/div>\n<\/figcaption><\/figure>\n<p class=\"paragraph font__body-regular\">Drago dijo que hace apenas unas semanas habl\u00f3 con su hija menor, de 20 a\u00f1os, y su hijo de 23 sobre su plan: \u201c<b>Les pregunt\u00e9 cu\u00e1ndo les parecer\u00eda normal<\/b>\u00a0que su viejo se retire a descansar como se merece\u201d.<\/p>\n<p class=\"paragraph font__body-regular\">Seg\u00fan explic\u00f3, la respuesta fue contundente: su hija le dijo que cuando ella termine la facultad y \u00e9l tenga 53 o 54 a\u00f1os. \u201cAh\u00ed voy a irme a vivir a mi casa del sur y a disfrutar la vida. Ser\u00e1n mis \u00faltimos 15, 18, 20 o 25 a\u00f1os de plenitud.\u00a0<b>No quiero esperar hasta los 70, sin energ\u00eda<\/b>, sin poder valerme solo.\u00a0<b>Esto lo tuve claro desde los 18 a\u00f1os<\/b>\u201d, explic\u00f3.<\/p>\n<\/div>\n<p><\/main><\/div>\n<aside class=\"col-right-rail right-rail\">\n<div id=\"parent-ad-slot-caja\" class=\"ad-container caja_ad \">\n<div class=\"ad-content\"><\/div>\n<\/div>\n<\/aside>\n","protected":false},"excerpt":{"rendered":"<p>El modelo habl\u00f3 sobre los v\u00ednculos que lo marcaron a lo largo de su vida y se refiri\u00f3 a su vida sexual. Hern\u00e1n Drago\u00a0sorprendi\u00f3 a hablar como nunca sobre su intimidad. Invitado al programa de streaming\u00a0No tan pronto, revel\u00f3 a qu\u00e9 edad perdi\u00f3 la virginidad y\u00a0con cu\u00e1ntas mujeres hizo el amor\u00a0a lo largo de toda [&hellip;]<\/p>\n","protected":false},"author":1,"featured_media":16008,"comment_status":"open","ping_status":"open","sticky":false,"template":"","format":"standard","meta":{"rop_custom_images_group":[],"rop_custom_messages_group":[],"rop_publish_now":"initial","rop_publish_now_accounts":[],"rop_publish_now_history":[],"rop_publish_now_status":"pending","footnotes":"","jetpack_publicize_message":"","jetpack_publicize_feature_enabled":true,"jetpack_social_post_already_shared":true,"jetpack_social_options":{"image_generator_settings":{"template":"highway","enabled":false},"version":2}},"categories":[12],"tags":[],"class_list":{"0":"post-16007","1":"post","2":"type-post","3":"status-publish","4":"format-standard","5":"has-post-thumbnail","7":"category-espectaculos"},"jetpack_publicize_connections":[],"yoast_head":"<!-- This site is optimized with the Yoast SEO plugin v27.3 - https:\/\/yoast.com\/product\/yoast-seo-wordpress\/ -->\n<title>Hern\u00e1n Drago habl\u00f3 sobre su intimidad y revel\u00f3 con cu\u00e1ntas mujeres tuvo relaciones - CLAN ESPECTACULOS<\/title>\n<meta name=\"robots\" content=\"index, follow, max-snippet:-1, max-image-preview:large, max-video-preview:-1\" \/>\n<link rel=\"canonical\" href=\"https:\/\/radioclanfm.com\/clanespectaculos\/hernan-drago-hablo-sobre-su-intimidad-y-revelo-con-cuantas-mujeres-tuvo-relaciones\/\" \/>\n<meta property=\"og:locale\" content=\"es_ES\" \/>\n<meta property=\"og:type\" content=\"article\" \/>\n<meta property=\"og:title\" content=\"Hern\u00e1n Drago habl\u00f3 sobre su intimidad y revel\u00f3 con cu\u00e1ntas mujeres tuvo relaciones - CLAN ESPECTACULOS\" \/>\n<meta property=\"og:description\" content=\"El modelo habl\u00f3 sobre los v\u00ednculos que lo marcaron a lo largo de su vida y se refiri\u00f3 a su vida sexual. Hern\u00e1n Drago\u00a0sorprendi\u00f3 a hablar como nunca sobre su intimidad. Invitado al programa de streaming\u00a0No tan pronto, revel\u00f3 a qu\u00e9 edad perdi\u00f3 la virginidad y\u00a0con cu\u00e1ntas mujeres hizo el amor\u00a0a lo largo de toda [&hellip;]\" \/>\n<meta property=\"og:url\" content=\"https:\/\/radioclanfm.com\/clanespectaculos\/hernan-drago-hablo-sobre-su-intimidad-y-revelo-con-cuantas-mujeres-tuvo-relaciones\/\" \/>\n<meta property=\"og:site_name\" content=\"CLAN ESPECTACULOS\" \/>\n<meta property=\"article:publisher\" content=\"https:\/\/www.facebook.com\/clanespectaculos\/\" \/>\n<meta property=\"article:published_time\" content=\"2026-04-30T13:46:21+00:00\" \/>\n<meta property=\"og:image\" content=\"https:\/\/radioclanfm.com\/clanespectaculos\/wp-content\/uploads\/sites\/2\/2026\/04\/YuSSv2KG.jpg\" \/>\n\t<meta property=\"og:image:width\" content=\"900\" \/>\n\t<meta property=\"og:image:height\" content=\"504\" \/>\n\t<meta property=\"og:image:type\" content=\"image\/jpeg\" \/>\n<meta name=\"author\" content=\"E-GRUPOCLAN\" \/>\n<meta name=\"twitter:card\" content=\"summary_large_image\" \/>\n<meta name=\"twitter:creator\" content=\"@clanespectok\" \/>\n<meta name=\"twitter:site\" content=\"@clanespectok\" \/>\n<meta name=\"twitter:label1\" content=\"Escrito por\" \/>\n\t<meta name=\"twitter:data1\" content=\"E-GRUPOCLAN\" \/>\n\t<meta name=\"twitter:label2\" content=\"Tiempo de lectura\" \/>\n\t<meta name=\"twitter:data2\" content=\"3 minutos\" \/>\n<script type=\"application\/ld+json\" class=\"yoast-schema-graph\">{\"@context\":\"https:\\\/\\\/schema.org\",\"@graph\":[{\"@type\":\"Article\",\"@id\":\"https:\\\/\\\/radioclanfm.com\\\/clanespectaculos\\\/hernan-drago-hablo-sobre-su-intimidad-y-revelo-con-cuantas-mujeres-tuvo-relaciones\\\/#article\",\"isPartOf\":{\"@id\":\"https:\\\/\\\/radioclanfm.com\\\/clanespectaculos\\\/hernan-drago-hablo-sobre-su-intimidad-y-revelo-con-cuantas-mujeres-tuvo-relaciones\\\/\"},\"author\":{\"name\":\"E-GRUPOCLAN\",\"@id\":\"https:\\\/\\\/radioclanfm.com\\\/clanespectaculos\\\/#\\\/schema\\\/person\\\/9734813083303230f3ad84d99171b20c\"},\"headline\":\"Hern\u00e1n Drago habl\u00f3 sobre su intimidad y revel\u00f3 con cu\u00e1ntas mujeres tuvo relaciones\",\"datePublished\":\"2026-04-30T13:46:21+00:00\",\"mainEntityOfPage\":{\"@id\":\"https:\\\/\\\/radioclanfm.com\\\/clanespectaculos\\\/hernan-drago-hablo-sobre-su-intimidad-y-revelo-con-cuantas-mujeres-tuvo-relaciones\\\/\"},\"wordCount\":495,\"commentCount\":0,\"publisher\":{\"@id\":\"https:\\\/\\\/radioclanfm.com\\\/clanespectaculos\\\/#organization\"},\"image\":{\"@id\":\"https:\\\/\\\/radioclanfm.com\\\/clanespectaculos\\\/hernan-drago-hablo-sobre-su-intimidad-y-revelo-con-cuantas-mujeres-tuvo-relaciones\\\/#primaryimage\"},\"thumbnailUrl\":\"https:\\\/\\\/radioclanfm.com\\\/clanespectaculos\\\/wp-content\\\/uploads\\\/sites\\\/2\\\/2026\\\/04\\\/YuSSv2KG.jpg\",\"articleSection\":[\"Espectaculos\"],\"inLanguage\":\"es-AR\",\"potentialAction\":[{\"@type\":\"CommentAction\",\"name\":\"Comment\",\"target\":[\"https:\\\/\\\/radioclanfm.com\\\/clanespectaculos\\\/hernan-drago-hablo-sobre-su-intimidad-y-revelo-con-cuantas-mujeres-tuvo-relaciones\\\/#respond\"]}]},{\"@type\":\"WebPage\",\"@id\":\"https:\\\/\\\/radioclanfm.com\\\/clanespectaculos\\\/hernan-drago-hablo-sobre-su-intimidad-y-revelo-con-cuantas-mujeres-tuvo-relaciones\\\/\",\"url\":\"https:\\\/\\\/radioclanfm.com\\\/clanespectaculos\\\/hernan-drago-hablo-sobre-su-intimidad-y-revelo-con-cuantas-mujeres-tuvo-relaciones\\\/\",\"name\":\"Hern\u00e1n Drago habl\u00f3 sobre su intimidad y revel\u00f3 con cu\u00e1ntas mujeres tuvo relaciones - CLAN ESPECTACULOS\",\"isPartOf\":{\"@id\":\"https:\\\/\\\/radioclanfm.com\\\/clanespectaculos\\\/#website\"},\"primaryImageOfPage\":{\"@id\":\"https:\\\/\\\/radioclanfm.com\\\/clanespectaculos\\\/hernan-drago-hablo-sobre-su-intimidad-y-revelo-con-cuantas-mujeres-tuvo-relaciones\\\/#primaryimage\"},\"image\":{\"@id\":\"https:\\\/\\\/radioclanfm.com\\\/clanespectaculos\\\/hernan-drago-hablo-sobre-su-intimidad-y-revelo-con-cuantas-mujeres-tuvo-relaciones\\\/#primaryimage\"},\"thumbnailUrl\":\"https:\\\/\\\/radioclanfm.com\\\/clanespectaculos\\\/wp-content\\\/uploads\\\/sites\\\/2\\\/2026\\\/04\\\/YuSSv2KG.jpg\",\"datePublished\":\"2026-04-30T13:46:21+00:00\",\"breadcrumb\":{\"@id\":\"https:\\\/\\\/radioclanfm.com\\\/clanespectaculos\\\/hernan-drago-hablo-sobre-su-intimidad-y-revelo-con-cuantas-mujeres-tuvo-relaciones\\\/#breadcrumb\"},\"inLanguage\":\"es-AR\",\"potentialAction\":[{\"@type\":\"ReadAction\",\"target\":[\"https:\\\/\\\/radioclanfm.com\\\/clanespectaculos\\\/hernan-drago-hablo-sobre-su-intimidad-y-revelo-con-cuantas-mujeres-tuvo-relaciones\\\/\"]}]},{\"@type\":\"ImageObject\",\"inLanguage\":\"es-AR\",\"@id\":\"https:\\\/\\\/radioclanfm.com\\\/clanespectaculos\\\/hernan-drago-hablo-sobre-su-intimidad-y-revelo-con-cuantas-mujeres-tuvo-relaciones\\\/#primaryimage\",\"url\":\"https:\\\/\\\/radioclanfm.com\\\/clanespectaculos\\\/wp-content\\\/uploads\\\/sites\\\/2\\\/2026\\\/04\\\/YuSSv2KG.jpg\",\"contentUrl\":\"https:\\\/\\\/radioclanfm.com\\\/clanespectaculos\\\/wp-content\\\/uploads\\\/sites\\\/2\\\/2026\\\/04\\\/YuSSv2KG.jpg\",\"width\":900,\"height\":504},{\"@type\":\"BreadcrumbList\",\"@id\":\"https:\\\/\\\/radioclanfm.com\\\/clanespectaculos\\\/hernan-drago-hablo-sobre-su-intimidad-y-revelo-con-cuantas-mujeres-tuvo-relaciones\\\/#breadcrumb\",\"itemListElement\":[{\"@type\":\"ListItem\",\"position\":1,\"name\":\"Inicio\",\"item\":\"https:\\\/\\\/radioclanfm.com\\\/clanespectaculos\\\/\"},{\"@type\":\"ListItem\",\"position\":2,\"name\":\"Hern\u00e1n Drago habl\u00f3 sobre su intimidad y revel\u00f3 con cu\u00e1ntas mujeres tuvo relaciones\"}]},{\"@type\":\"WebSite\",\"@id\":\"https:\\\/\\\/radioclanfm.com\\\/clanespectaculos\\\/#website\",\"url\":\"https:\\\/\\\/radioclanfm.com\\\/clanespectaculos\\\/\",\"name\":\"CLAN ESPECTACULOS\",\"description\":\"\",\"publisher\":{\"@id\":\"https:\\\/\\\/radioclanfm.com\\\/clanespectaculos\\\/#organization\"},\"potentialAction\":[{\"@type\":\"SearchAction\",\"target\":{\"@type\":\"EntryPoint\",\"urlTemplate\":\"https:\\\/\\\/radioclanfm.com\\\/clanespectaculos\\\/?s={search_term_string}\"},\"query-input\":{\"@type\":\"PropertyValueSpecification\",\"valueRequired\":true,\"valueName\":\"search_term_string\"}}],\"inLanguage\":\"es-AR\"},{\"@type\":\"Organization\",\"@id\":\"https:\\\/\\\/radioclanfm.com\\\/clanespectaculos\\\/#organization\",\"name\":\"CLAN ESPECTACULOS\",\"url\":\"https:\\\/\\\/radioclanfm.com\\\/clanespectaculos\\\/\",\"logo\":{\"@type\":\"ImageObject\",\"inLanguage\":\"es-AR\",\"@id\":\"https:\\\/\\\/radioclanfm.com\\\/clanespectaculos\\\/#\\\/schema\\\/logo\\\/image\\\/\",\"url\":\"https:\\\/\\\/radioclanfm.com\\\/clanespectaculos\\\/wp-content\\\/uploads\\\/sites\\\/2\\\/2026\\\/04\\\/ChatGPT-Image-23-mar-2026-10_09_00.png\",\"contentUrl\":\"https:\\\/\\\/radioclanfm.com\\\/clanespectaculos\\\/wp-content\\\/uploads\\\/sites\\\/2\\\/2026\\\/04\\\/ChatGPT-Image-23-mar-2026-10_09_00.png\",\"width\":1024,\"height\":1024,\"caption\":\"CLAN ESPECTACULOS\"},\"image\":{\"@id\":\"https:\\\/\\\/radioclanfm.com\\\/clanespectaculos\\\/#\\\/schema\\\/logo\\\/image\\\/\"},\"sameAs\":[\"https:\\\/\\\/www.facebook.com\\\/clanespectaculos\\\/\",\"https:\\\/\\\/x.com\\\/clanespectok\"]},{\"@type\":\"Person\",\"@id\":\"https:\\\/\\\/radioclanfm.com\\\/clanespectaculos\\\/#\\\/schema\\\/person\\\/9734813083303230f3ad84d99171b20c\",\"name\":\"E-GRUPOCLAN\",\"image\":{\"@type\":\"ImageObject\",\"inLanguage\":\"es-AR\",\"@id\":\"https:\\\/\\\/secure.gravatar.com\\\/avatar\\\/af6e19837c3d6a212034a48c7b3818d2ac1826f6025df0155da5a186ad321d79?s=96&d=mm&r=g\",\"url\":\"https:\\\/\\\/secure.gravatar.com\\\/avatar\\\/af6e19837c3d6a212034a48c7b3818d2ac1826f6025df0155da5a186ad321d79?s=96&d=mm&r=g\",\"contentUrl\":\"https:\\\/\\\/secure.gravatar.com\\\/avatar\\\/af6e19837c3d6a212034a48c7b3818d2ac1826f6025df0155da5a186ad321d79?s=96&d=mm&r=g\",\"caption\":\"E-GRUPOCLAN\"},\"sameAs\":[\"https:\\\/\\\/radioclanfm.com\"],\"url\":\"https:\\\/\\\/radioclanfm.com\\\/clanespectaculos\\\/author\\\/admin\\\/\"}]}<\/script>\n<!-- \/ Yoast SEO plugin. -->","yoast_head_json":{"title":"Hern\u00e1n Drago habl\u00f3 sobre su intimidad y revel\u00f3 con cu\u00e1ntas mujeres tuvo relaciones - CLAN ESPECTACULOS","robots":{"index":"index","follow":"follow","max-snippet":"max-snippet:-1","max-image-preview":"max-image-preview:large","max-video-preview":"max-video-preview:-1"},"canonical":"https:\/\/radioclanfm.com\/clanespectaculos\/hernan-drago-hablo-sobre-su-intimidad-y-revelo-con-cuantas-mujeres-tuvo-relaciones\/","og_locale":"es_ES","og_type":"article","og_title":"Hern\u00e1n Drago habl\u00f3 sobre su intimidad y revel\u00f3 con cu\u00e1ntas mujeres tuvo relaciones - CLAN ESPECTACULOS","og_description":"El modelo habl\u00f3 sobre los v\u00ednculos que lo marcaron a lo largo de su vida y se refiri\u00f3 a su vida sexual. Hern\u00e1n Drago\u00a0sorprendi\u00f3 a hablar como nunca sobre su intimidad. Invitado al programa de streaming\u00a0No tan pronto, revel\u00f3 a qu\u00e9 edad perdi\u00f3 la virginidad y\u00a0con cu\u00e1ntas mujeres hizo el amor\u00a0a lo largo de toda [&hellip;]","og_url":"https:\/\/radioclanfm.com\/clanespectaculos\/hernan-drago-hablo-sobre-su-intimidad-y-revelo-con-cuantas-mujeres-tuvo-relaciones\/","og_site_name":"CLAN ESPECTACULOS","article_publisher":"https:\/\/www.facebook.com\/clanespectaculos\/","article_published_time":"2026-04-30T13:46:21+00:00","og_image":[{"width":900,"height":504,"url":"https:\/\/radioclanfm.com\/clanespectaculos\/wp-content\/uploads\/sites\/2\/2026\/04\/YuSSv2KG.jpg","type":"image\/jpeg"}],"author":"E-GRUPOCLAN","twitter_card":"summary_large_image","twitter_creator":"@clanespectok","twitter_site":"@clanespectok","twitter_misc":{"Escrito por":"E-GRUPOCLAN","Tiempo de lectura":"3 minutos"},"schema":{"@context":"https:\/\/schema.org","@graph":[{"@type":"Article","@id":"https:\/\/radioclanfm.com\/clanespectaculos\/hernan-drago-hablo-sobre-su-intimidad-y-revelo-con-cuantas-mujeres-tuvo-relaciones\/#article","isPartOf":{"@id":"https:\/\/radioclanfm.com\/clanespectaculos\/hernan-drago-hablo-sobre-su-intimidad-y-revelo-con-cuantas-mujeres-tuvo-relaciones\/"},"author":{"name":"E-GRUPOCLAN","@id":"https:\/\/radioclanfm.com\/clanespectaculos\/#\/schema\/person\/9734813083303230f3ad84d99171b20c"},"headline":"Hern\u00e1n Drago habl\u00f3 sobre su intimidad y revel\u00f3 con cu\u00e1ntas mujeres tuvo relaciones","datePublished":"2026-04-30T13:46:21+00:00","mainEntityOfPage":{"@id":"https:\/\/radioclanfm.com\/clanespectaculos\/hernan-drago-hablo-sobre-su-intimidad-y-revelo-con-cuantas-mujeres-tuvo-relaciones\/"},"wordCount":495,"commentCount":0,"publisher":{"@id":"https:\/\/radioclanfm.com\/clanespectaculos\/#organization"},"image":{"@id":"https:\/\/radioclanfm.com\/clanespectaculos\/hernan-drago-hablo-sobre-su-intimidad-y-revelo-con-cuantas-mujeres-tuvo-relaciones\/#primaryimage"},"thumbnailUrl":"https:\/\/radioclanfm.com\/clanespectaculos\/wp-content\/uploads\/sites\/2\/2026\/04\/YuSSv2KG.jpg","articleSection":["Espectaculos"],"inLanguage":"es-AR","potentialAction":[{"@type":"CommentAction","name":"Comment","target":["https:\/\/radioclanfm.com\/clanespectaculos\/hernan-drago-hablo-sobre-su-intimidad-y-revelo-con-cuantas-mujeres-tuvo-relaciones\/#respond"]}]},{"@type":"WebPage","@id":"https:\/\/radioclanfm.com\/clanespectaculos\/hernan-drago-hablo-sobre-su-intimidad-y-revelo-con-cuantas-mujeres-tuvo-relaciones\/","url":"https:\/\/radioclanfm.com\/clanespectaculos\/hernan-drago-hablo-sobre-su-intimidad-y-revelo-con-cuantas-mujeres-tuvo-relaciones\/","name":"Hern\u00e1n Drago habl\u00f3 sobre su intimidad y revel\u00f3 con cu\u00e1ntas mujeres tuvo relaciones - CLAN ESPECTACULOS","isPartOf":{"@id":"https:\/\/radioclanfm.com\/clanespectaculos\/#website"},"primaryImageOfPage":{"@id":"https:\/\/radioclanfm.com\/clanespectaculos\/hernan-drago-hablo-sobre-su-intimidad-y-revelo-con-cuantas-mujeres-tuvo-relaciones\/#primaryimage"},"image":{"@id":"https:\/\/radioclanfm.com\/clanespectaculos\/hernan-drago-hablo-sobre-su-intimidad-y-revelo-con-cuantas-mujeres-tuvo-relaciones\/#primaryimage"},"thumbnailUrl":"https:\/\/radioclanfm.com\/clanespectaculos\/wp-content\/uploads\/sites\/2\/2026\/04\/YuSSv2KG.jpg","datePublished":"2026-04-30T13:46:21+00:00","breadcrumb":{"@id":"https:\/\/radioclanfm.com\/clanespectaculos\/hernan-drago-hablo-sobre-su-intimidad-y-revelo-con-cuantas-mujeres-tuvo-relaciones\/#breadcrumb"},"inLanguage":"es-AR","potentialAction":[{"@type":"ReadAction","target":["https:\/\/radioclanfm.com\/clanespectaculos\/hernan-drago-hablo-sobre-su-intimidad-y-revelo-con-cuantas-mujeres-tuvo-relaciones\/"]}]},{"@type":"ImageObject","inLanguage":"es-AR","@id":"https:\/\/radioclanfm.com\/clanespectaculos\/hernan-drago-hablo-sobre-su-intimidad-y-revelo-con-cuantas-mujeres-tuvo-relaciones\/#primaryimage","url":"https:\/\/radioclanfm.com\/clanespectaculos\/wp-content\/uploads\/sites\/2\/2026\/04\/YuSSv2KG.jpg","contentUrl":"https:\/\/radioclanfm.com\/clanespectaculos\/wp-content\/uploads\/sites\/2\/2026\/04\/YuSSv2KG.jpg","width":900,"height":504},{"@type":"BreadcrumbList","@id":"https:\/\/radioclanfm.com\/clanespectaculos\/hernan-drago-hablo-sobre-su-intimidad-y-revelo-con-cuantas-mujeres-tuvo-relaciones\/#breadcrumb","itemListElement":[{"@type":"ListItem","position":1,"name":"Inicio","item":"https:\/\/radioclanfm.com\/clanespectaculos\/"},{"@type":"ListItem","position":2,"name":"Hern\u00e1n Drago habl\u00f3 sobre su intimidad y revel\u00f3 con cu\u00e1ntas mujeres tuvo relaciones"}]},{"@type":"WebSite","@id":"https:\/\/radioclanfm.com\/clanespectaculos\/#website","url":"https:\/\/radioclanfm.com\/clanespectaculos\/","name":"CLAN ESPECTACULOS","description":"","publisher":{"@id":"https:\/\/radioclanfm.com\/clanespectaculos\/#organization"},"potentialAction":[{"@type":"SearchAction","target":{"@type":"EntryPoint","urlTemplate":"https:\/\/radioclanfm.com\/clanespectaculos\/?s={search_term_string}"},"query-input":{"@type":"PropertyValueSpecification","valueRequired":true,"valueName":"search_term_string"}}],"inLanguage":"es-AR"},{"@type":"Organization","@id":"https:\/\/radioclanfm.com\/clanespectaculos\/#organization","name":"CLAN ESPECTACULOS","url":"https:\/\/radioclanfm.com\/clanespectaculos\/","logo":{"@type":"ImageObject","inLanguage":"es-AR","@id":"https:\/\/radioclanfm.com\/clanespectaculos\/#\/schema\/logo\/image\/","url":"https:\/\/radioclanfm.com\/clanespectaculos\/wp-content\/uploads\/sites\/2\/2026\/04\/ChatGPT-Image-23-mar-2026-10_09_00.png","contentUrl":"https:\/\/radioclanfm.com\/clanespectaculos\/wp-content\/uploads\/sites\/2\/2026\/04\/ChatGPT-Image-23-mar-2026-10_09_00.png","width":1024,"height":1024,"caption":"CLAN ESPECTACULOS"},"image":{"@id":"https:\/\/radioclanfm.com\/clanespectaculos\/#\/schema\/logo\/image\/"},"sameAs":["https:\/\/www.facebook.com\/clanespectaculos\/","https:\/\/x.com\/clanespectok"]},{"@type":"Person","@id":"https:\/\/radioclanfm.com\/clanespectaculos\/#\/schema\/person\/9734813083303230f3ad84d99171b20c","name":"E-GRUPOCLAN","image":{"@type":"ImageObject","inLanguage":"es-AR","@id":"https:\/\/secure.gravatar.com\/avatar\/af6e19837c3d6a212034a48c7b3818d2ac1826f6025df0155da5a186ad321d79?s=96&d=mm&r=g","url":"https:\/\/secure.gravatar.com\/avatar\/af6e19837c3d6a212034a48c7b3818d2ac1826f6025df0155da5a186ad321d79?s=96&d=mm&r=g","contentUrl":"https:\/\/secure.gravatar.com\/avatar\/af6e19837c3d6a212034a48c7b3818d2ac1826f6025df0155da5a186ad321d79?s=96&d=mm&r=g","caption":"E-GRUPOCLAN"},"sameAs":["https:\/\/radioclanfm.com"],"url":"https:\/\/radioclanfm.com\/clanespectaculos\/author\/admin\/"}]}},"_links":{"self":[{"href":"https:\/\/radioclanfm.com\/clanespectaculos\/wp-json\/wp\/v2\/posts\/16007","targetHints":{"allow":["GET"]}}],"collection":[{"href":"https:\/\/radioclanfm.com\/clanespectaculos\/wp-json\/wp\/v2\/posts"}],"about":[{"href":"https:\/\/radioclanfm.com\/clanespectaculos\/wp-json\/wp\/v2\/types\/post"}],"author":[{"embeddable":true,"href":"https:\/\/radioclanfm.com\/clanespectaculos\/wp-json\/wp\/v2\/users\/1"}],"replies":[{"embeddable":true,"href":"https:\/\/radioclanfm.com\/clanespectaculos\/wp-json\/wp\/v2\/comments?post=16007"}],"version-history":[{"count":1,"href":"https:\/\/radioclanfm.com\/clanespectaculos\/wp-json\/wp\/v2\/posts\/16007\/revisions"}],"predecessor-version":[{"id":16009,"href":"https:\/\/radioclanfm.com\/clanespectaculos\/wp-json\/wp\/v2\/posts\/16007\/revisions\/16009"}],"wp:featuredmedia":[{"embeddable":true,"href":"https:\/\/radioclanfm.com\/clanespectaculos\/wp-json\/wp\/v2\/media\/16008"}],"wp:attachment":[{"href":"https:\/\/radioclanfm.com\/clanespectaculos\/wp-json\/wp\/v2\/media?parent=16007"}],"wp:term":[{"taxonomy":"category","embeddable":true,"href":"https:\/\/radioclanfm.com\/clanespectaculos\/wp-json\/wp\/v2\/categories?post=16007"},{"taxonomy":"post_tag","embeddable":true,"href":"https:\/\/radioclanfm.com\/clanespectaculos\/wp-json\/wp\/v2\/tags?post=16007"}],"curies":[{"name":"wp","href":"https:\/\/api.w.org\/{rel}","templated":true}]}}