{"id":16004,"date":"2026-04-30T10:45:16","date_gmt":"2026-04-30T13:45:16","guid":{"rendered":"https:\/\/radioclanfm.com\/clanespectaculos\/?p=16004"},"modified":"2026-04-30T10:45:16","modified_gmt":"2026-04-30T13:45:16","slug":"juan-otero-se-habria-separado-de-su-novio-tras-un-ano-de-relacion-a-la-que-describio-como-toxica","status":"publish","type":"post","link":"https:\/\/radioclanfm.com\/clanespectaculos\/juan-otero-se-habria-separado-de-su-novio-tras-un-ano-de-relacion-a-la-que-describio-como-toxica\/","title":{"rendered":"Juan Otero se habr\u00eda separado de su novio tras un a\u00f1o de relaci\u00f3n a la que describi\u00f3 como \u201ct\u00f3xica\u201d"},"content":{"rendered":"<p>El hijo de Flor Pe\u00f1a, de 17 a\u00f1os, le habr\u00eda puesto punto final a su v\u00ednculo con Mateo Lofeudo.<\/p>\n<div class=\"col-content\"><main class=\"col-content\"><\/p>\n<div class=\"default-article-color article__body article__article\">\n<p class=\"paragraph font__body-regular\"><b>Juan Otero<\/b><b>\u00a0y su novio, Mateo Lofeudo, se habr\u00edan separado<\/b>. La versi\u00f3n sali\u00f3 a la luz al aire de LAM (Am\u00e9rica), cuando el panelista Pepe Ochoa lanz\u00f3 la primicia aunque no ahond\u00f3 en los motivos de la ruptura. Sin embargo, el panel del ciclo record\u00f3 que el hijo de Flor Pe\u00f1a hab\u00eda dicho en varias oportunidades que ten\u00eda una relaci\u00f3n t\u00f3xica.<\/p>\n<div id=\"ad-slot-infeed\" class=\"infeed-container ad-slot-infeed ad-slot\" data-adtype=\"infeed\" data-lazyload=\"1\" data-google-query-id=\"CNHl39TalZQDFddQuAQdclYv7w\">\n<div id=\"google_ads_iframe_\/113951150\/tn-arc\/nota\/infeed_0__container__\"><\/div>\n<\/div>\n<p class=\"paragraph font__body-regular\">\u201cMi novio es muy lindo y no parece gay. Entonces se le tiran hombres y mujeres. Y ahora que estoy en pareja,\u00a0<b>no salgo nunca porque a m\u00ed no me gusta que \u00e9l salga, entonces no puedo salir yo tampoco<\/b>\u201c, hab\u00eda dicho en una nota meses atr\u00e1s el subcampe\u00f3n de<i> Cantando por un sue\u00f1o.<\/i><\/p>\n<div data-mrf-experience=\"IL_RNrGCM52Q_ui4aMax3fibg\"><\/div>\n<p class=\"paragraph font__body-regular\">De hecho, en aquel momento, lanz\u00f3 otra revelaci\u00f3n que gener\u00f3 esc\u00e1ndalo en redes: &#8220;<b>Nos tenemos rastreados en una aplicaci\u00f3n<\/b>\u00a0igual&#8230; as\u00ed que, cualquier cosa,\u00a0<b>yo s\u00e9 lo que hace,\u00a0<\/b>si est\u00e1 caminando, si est\u00e1 en auto, si est\u00e1 comiendo, cargando el tel\u00e9fono&#8221;.<\/p>\n<figure class=\"\" data-testid=\"figure-testid\">\n<div class=\"aspect_ratio__container\"><picture class=\"responsive-image\"><source srcset=\"https:\/\/tn.com.ar\/resizer\/v2\/juan-otero-y-su-exnovio-mateo-lofeudo-foto-instagramjuanoterook-BZLRU4CVERFBJHJNWDDEL2PPR4.jpg?auth=8f87258479443fa63ee16489598c04ea50c8951acd097a61be8882c29c468bec&amp;width=767\" type=\"image\/jpg\" media=\"(max-width: 728px)\" \/><source srcset=\"https:\/\/tn.com.ar\/resizer\/v2\/juan-otero-y-su-exnovio-mateo-lofeudo-foto-instagramjuanoterook-BZLRU4CVERFBJHJNWDDEL2PPR4.jpg?auth=8f87258479443fa63ee16489598c04ea50c8951acd097a61be8882c29c468bec&amp;width=1023\" type=\"image\/jpg\" media=\"(max-width: 1023px)\" \/><source srcset=\"https:\/\/tn.com.ar\/resizer\/v2\/juan-otero-y-su-exnovio-mateo-lofeudo-foto-instagramjuanoterook-BZLRU4CVERFBJHJNWDDEL2PPR4.jpg?auth=8f87258479443fa63ee16489598c04ea50c8951acd097a61be8882c29c468bec&amp;width=1440\" type=\"image\/jpg\" \/><img loading=\"lazy\" decoding=\"async\" class=\"image content-image image_placeholder\" src=\"https:\/\/tn.com.ar\/resizer\/v2\/juan-otero-y-su-exnovio-mateo-lofeudo-foto-instagramjuanoterook-BZLRU4CVERFBJHJNWDDEL2PPR4.jpg?auth=8f87258479443fa63ee16489598c04ea50c8951acd097a61be8882c29c468bec&amp;width=767\" alt=\"Juan Otero y su exnovio, Mateo Lofeudo (Foto: Instagram\/juanoterook)\" width=\"767\" height=\"1023\" data-testid=\"loading-testid\" \/><\/picture><\/div><figcaption class=\"caption_image\" data-testid=\"figcaption-testid\">\n<div class=\"image_caption \">Juan Otero y su exnovio, Mateo Lofeudo (Foto: Instagram\/juanoterook)<\/div>\n<\/figcaption><\/figure>\n<p class=\"paragraph font__body-regular\">Luego, intent\u00f3 justificar estas acciones: &#8220;<b>Yo quiero tener la tranquilidad de saber que est\u00e1 en su casa o que est\u00e1 trabajando.<\/b>\u00a0O sea, cuando sale del trabajo y no vuelve a su casa. \u00bfQu\u00e9 es lo que hace?<b>\u00a0\u00a1Yo tengo que saber qu\u00e9 hace!\u201c.<\/b><\/p>\n<figure class=\"\" data-testid=\"figure-testid\">\n<div class=\"aspect_ratio__container\"><picture class=\"responsive-image\"><source srcset=\"https:\/\/tn.com.ar\/resizer\/v2\/juan-otero-y-su-novio-mateo-lofeudo-en-el-estreno-de-la-sirenita-foto-movilpress-JQQTR5W2LFFCFAMXUDIG43IEOM.PNG?auth=949803b28d29df00dfd43b0c5777884cd278f8dc73af81dee99871881bf99ee7&amp;width=767\" type=\"image\/jpg\" media=\"(max-width: 728px)\" \/><source srcset=\"https:\/\/tn.com.ar\/resizer\/v2\/juan-otero-y-su-novio-mateo-lofeudo-en-el-estreno-de-la-sirenita-foto-movilpress-JQQTR5W2LFFCFAMXUDIG43IEOM.PNG?auth=949803b28d29df00dfd43b0c5777884cd278f8dc73af81dee99871881bf99ee7&amp;width=1023\" type=\"image\/jpg\" media=\"(max-width: 1023px)\" \/><source srcset=\"https:\/\/tn.com.ar\/resizer\/v2\/juan-otero-y-su-novio-mateo-lofeudo-en-el-estreno-de-la-sirenita-foto-movilpress-JQQTR5W2LFFCFAMXUDIG43IEOM.PNG?auth=949803b28d29df00dfd43b0c5777884cd278f8dc73af81dee99871881bf99ee7&amp;width=1440\" type=\"image\/jpg\" \/><img loading=\"lazy\" decoding=\"async\" class=\"image content-image image_placeholder\" src=\"https:\/\/tn.com.ar\/resizer\/v2\/juan-otero-y-su-novio-mateo-lofeudo-en-el-estreno-de-la-sirenita-foto-movilpress-JQQTR5W2LFFCFAMXUDIG43IEOM.PNG?auth=949803b28d29df00dfd43b0c5777884cd278f8dc73af81dee99871881bf99ee7&amp;width=767\" alt=\"Juan Otero y su novio, Mateo Lofeudo, en el estreno de La Sirenita (Foto: Movilpress)\" width=\"767\" height=\"1353\" data-testid=\"loading-testid\" \/><\/picture><\/div><figcaption class=\"caption_image\" data-testid=\"figcaption-testid\">\n<div class=\"image_caption \">Juan Otero y su novio, Mateo Lofeudo, en el estreno de La Sirenita (Foto: Movilpress)<\/div>\n<\/figcaption><\/figure>\n<p class=\"paragraph font__body-regular\">\u201cIgual,\u00a0<b>\u00e9l tambi\u00e9n es un poco t\u00f3xico y lo aprendi\u00f3 por m\u00ed. Porque \u00e9l no era as\u00ed<\/b>\u00a0y eso, es un baj\u00f3n porque\u00a0<b>lo requem\u00e9, pobre<\/b>. Pero yo estoy reloco, rechiflado, pero<b>\u00a0es algo que hablo en terapia<\/b>. Pero s\u00ed, me pasa eso de que<b>\u00a0no puede estar con nadie, ni darse un beso ni un abrazo ni nada.\u00a0<\/b>De hecho, me ha pasado de tener que agarrarlo y decirle: \u2018Ven\u00ed\u2019 porque se le tiran&#8221;, concluy\u00f3.<\/p>\n<\/div>\n<p><\/main><\/div>\n<aside class=\"col-right-rail right-rail\">\n<div id=\"parent-ad-slot-caja\" class=\"ad-container caja_ad \">\n<div class=\"ad-content\"><\/div>\n<\/div>\n<\/aside>\n","protected":false},"excerpt":{"rendered":"<p>El hijo de Flor Pe\u00f1a, de 17 a\u00f1os, le habr\u00eda puesto punto final a su v\u00ednculo con Mateo Lofeudo. Juan Otero\u00a0y su novio, Mateo Lofeudo, se habr\u00edan separado. La versi\u00f3n sali\u00f3 a la luz al aire de LAM (Am\u00e9rica), cuando el panelista Pepe Ochoa lanz\u00f3 la primicia aunque no ahond\u00f3 en los motivos de la [&hellip;]<\/p>\n","protected":false},"author":1,"featured_media":16005,"comment_status":"open","ping_status":"open","sticky":false,"template":"","format":"standard","meta":{"rop_custom_images_group":[],"rop_custom_messages_group":[],"rop_publish_now":"initial","rop_publish_now_accounts":[],"rop_publish_now_history":[],"rop_publish_now_status":"pending","footnotes":"","jetpack_publicize_message":"","jetpack_publicize_feature_enabled":true,"jetpack_social_post_already_shared":true,"jetpack_social_options":{"image_generator_settings":{"template":"highway","enabled":false},"version":2}},"categories":[12],"tags":[],"class_list":{"0":"post-16004","1":"post","2":"type-post","3":"status-publish","4":"format-standard","5":"has-post-thumbnail","7":"category-espectaculos"},"jetpack_publicize_connections":[],"yoast_head":"<!-- This site is optimized with the Yoast SEO plugin v27.3 - https:\/\/yoast.com\/product\/yoast-seo-wordpress\/ -->\n<title>Juan Otero se habr\u00eda separado de su novio tras un a\u00f1o de relaci\u00f3n a la que describi\u00f3 como \u201ct\u00f3xica\u201d - CLAN ESPECTACULOS<\/title>\n<meta name=\"robots\" content=\"index, follow, max-snippet:-1, max-image-preview:large, max-video-preview:-1\" \/>\n<link rel=\"canonical\" href=\"https:\/\/radioclanfm.com\/clanespectaculos\/juan-otero-se-habria-separado-de-su-novio-tras-un-ano-de-relacion-a-la-que-describio-como-toxica\/\" \/>\n<meta property=\"og:locale\" content=\"es_ES\" \/>\n<meta property=\"og:type\" content=\"article\" \/>\n<meta property=\"og:title\" content=\"Juan Otero se habr\u00eda separado de su novio tras un a\u00f1o de relaci\u00f3n a la que describi\u00f3 como \u201ct\u00f3xica\u201d - CLAN ESPECTACULOS\" \/>\n<meta property=\"og:description\" content=\"El hijo de Flor Pe\u00f1a, de 17 a\u00f1os, le habr\u00eda puesto punto final a su v\u00ednculo con Mateo Lofeudo. Juan Otero\u00a0y su novio, Mateo Lofeudo, se habr\u00edan separado. La versi\u00f3n sali\u00f3 a la luz al aire de LAM (Am\u00e9rica), cuando el panelista Pepe Ochoa lanz\u00f3 la primicia aunque no ahond\u00f3 en los motivos de la [&hellip;]\" \/>\n<meta property=\"og:url\" content=\"https:\/\/radioclanfm.com\/clanespectaculos\/juan-otero-se-habria-separado-de-su-novio-tras-un-ano-de-relacion-a-la-que-describio-como-toxica\/\" \/>\n<meta property=\"og:site_name\" content=\"CLAN ESPECTACULOS\" \/>\n<meta property=\"article:publisher\" content=\"https:\/\/www.facebook.com\/clanespectaculos\/\" \/>\n<meta property=\"article:published_time\" content=\"2026-04-30T13:45:16+00:00\" \/>\n<meta property=\"og:image\" content=\"https:\/\/radioclanfm.com\/clanespectaculos\/wp-content\/uploads\/sites\/2\/2026\/04\/CEqVv9lu.jpg\" \/>\n\t<meta property=\"og:image:width\" content=\"900\" \/>\n\t<meta property=\"og:image:height\" content=\"504\" \/>\n\t<meta property=\"og:image:type\" content=\"image\/jpeg\" \/>\n<meta name=\"author\" content=\"E-GRUPOCLAN\" \/>\n<meta name=\"twitter:card\" content=\"summary_large_image\" \/>\n<meta name=\"twitter:creator\" content=\"@clanespectok\" \/>\n<meta name=\"twitter:site\" content=\"@clanespectok\" \/>\n<meta name=\"twitter:label1\" content=\"Escrito por\" \/>\n\t<meta name=\"twitter:data1\" content=\"E-GRUPOCLAN\" \/>\n\t<meta name=\"twitter:label2\" content=\"Tiempo de lectura\" \/>\n\t<meta name=\"twitter:data2\" content=\"3 minutos\" \/>\n<script type=\"application\/ld+json\" class=\"yoast-schema-graph\">{\"@context\":\"https:\\\/\\\/schema.org\",\"@graph\":[{\"@type\":\"Article\",\"@id\":\"https:\\\/\\\/radioclanfm.com\\\/clanespectaculos\\\/juan-otero-se-habria-separado-de-su-novio-tras-un-ano-de-relacion-a-la-que-describio-como-toxica\\\/#article\",\"isPartOf\":{\"@id\":\"https:\\\/\\\/radioclanfm.com\\\/clanespectaculos\\\/juan-otero-se-habria-separado-de-su-novio-tras-un-ano-de-relacion-a-la-que-describio-como-toxica\\\/\"},\"author\":{\"name\":\"E-GRUPOCLAN\",\"@id\":\"https:\\\/\\\/radioclanfm.com\\\/clanespectaculos\\\/#\\\/schema\\\/person\\\/9734813083303230f3ad84d99171b20c\"},\"headline\":\"Juan Otero se habr\u00eda separado de su novio tras un a\u00f1o de relaci\u00f3n a la que describi\u00f3 como \u201ct\u00f3xica\u201d\",\"datePublished\":\"2026-04-30T13:45:16+00:00\",\"mainEntityOfPage\":{\"@id\":\"https:\\\/\\\/radioclanfm.com\\\/clanespectaculos\\\/juan-otero-se-habria-separado-de-su-novio-tras-un-ano-de-relacion-a-la-que-describio-como-toxica\\\/\"},\"wordCount\":366,\"commentCount\":0,\"publisher\":{\"@id\":\"https:\\\/\\\/radioclanfm.com\\\/clanespectaculos\\\/#organization\"},\"image\":{\"@id\":\"https:\\\/\\\/radioclanfm.com\\\/clanespectaculos\\\/juan-otero-se-habria-separado-de-su-novio-tras-un-ano-de-relacion-a-la-que-describio-como-toxica\\\/#primaryimage\"},\"thumbnailUrl\":\"https:\\\/\\\/radioclanfm.com\\\/clanespectaculos\\\/wp-content\\\/uploads\\\/sites\\\/2\\\/2026\\\/04\\\/CEqVv9lu.jpg\",\"articleSection\":[\"Espectaculos\"],\"inLanguage\":\"es-AR\",\"potentialAction\":[{\"@type\":\"CommentAction\",\"name\":\"Comment\",\"target\":[\"https:\\\/\\\/radioclanfm.com\\\/clanespectaculos\\\/juan-otero-se-habria-separado-de-su-novio-tras-un-ano-de-relacion-a-la-que-describio-como-toxica\\\/#respond\"]}]},{\"@type\":\"WebPage\",\"@id\":\"https:\\\/\\\/radioclanfm.com\\\/clanespectaculos\\\/juan-otero-se-habria-separado-de-su-novio-tras-un-ano-de-relacion-a-la-que-describio-como-toxica\\\/\",\"url\":\"https:\\\/\\\/radioclanfm.com\\\/clanespectaculos\\\/juan-otero-se-habria-separado-de-su-novio-tras-un-ano-de-relacion-a-la-que-describio-como-toxica\\\/\",\"name\":\"Juan Otero se habr\u00eda separado de su novio tras un a\u00f1o de relaci\u00f3n a la que describi\u00f3 como \u201ct\u00f3xica\u201d - CLAN ESPECTACULOS\",\"isPartOf\":{\"@id\":\"https:\\\/\\\/radioclanfm.com\\\/clanespectaculos\\\/#website\"},\"primaryImageOfPage\":{\"@id\":\"https:\\\/\\\/radioclanfm.com\\\/clanespectaculos\\\/juan-otero-se-habria-separado-de-su-novio-tras-un-ano-de-relacion-a-la-que-describio-como-toxica\\\/#primaryimage\"},\"image\":{\"@id\":\"https:\\\/\\\/radioclanfm.com\\\/clanespectaculos\\\/juan-otero-se-habria-separado-de-su-novio-tras-un-ano-de-relacion-a-la-que-describio-como-toxica\\\/#primaryimage\"},\"thumbnailUrl\":\"https:\\\/\\\/radioclanfm.com\\\/clanespectaculos\\\/wp-content\\\/uploads\\\/sites\\\/2\\\/2026\\\/04\\\/CEqVv9lu.jpg\",\"datePublished\":\"2026-04-30T13:45:16+00:00\",\"breadcrumb\":{\"@id\":\"https:\\\/\\\/radioclanfm.com\\\/clanespectaculos\\\/juan-otero-se-habria-separado-de-su-novio-tras-un-ano-de-relacion-a-la-que-describio-como-toxica\\\/#breadcrumb\"},\"inLanguage\":\"es-AR\",\"potentialAction\":[{\"@type\":\"ReadAction\",\"target\":[\"https:\\\/\\\/radioclanfm.com\\\/clanespectaculos\\\/juan-otero-se-habria-separado-de-su-novio-tras-un-ano-de-relacion-a-la-que-describio-como-toxica\\\/\"]}]},{\"@type\":\"ImageObject\",\"inLanguage\":\"es-AR\",\"@id\":\"https:\\\/\\\/radioclanfm.com\\\/clanespectaculos\\\/juan-otero-se-habria-separado-de-su-novio-tras-un-ano-de-relacion-a-la-que-describio-como-toxica\\\/#primaryimage\",\"url\":\"https:\\\/\\\/radioclanfm.com\\\/clanespectaculos\\\/wp-content\\\/uploads\\\/sites\\\/2\\\/2026\\\/04\\\/CEqVv9lu.jpg\",\"contentUrl\":\"https:\\\/\\\/radioclanfm.com\\\/clanespectaculos\\\/wp-content\\\/uploads\\\/sites\\\/2\\\/2026\\\/04\\\/CEqVv9lu.jpg\",\"width\":900,\"height\":504},{\"@type\":\"BreadcrumbList\",\"@id\":\"https:\\\/\\\/radioclanfm.com\\\/clanespectaculos\\\/juan-otero-se-habria-separado-de-su-novio-tras-un-ano-de-relacion-a-la-que-describio-como-toxica\\\/#breadcrumb\",\"itemListElement\":[{\"@type\":\"ListItem\",\"position\":1,\"name\":\"Inicio\",\"item\":\"https:\\\/\\\/radioclanfm.com\\\/clanespectaculos\\\/\"},{\"@type\":\"ListItem\",\"position\":2,\"name\":\"Juan Otero se habr\u00eda separado de su novio tras un a\u00f1o de relaci\u00f3n a la que describi\u00f3 como \u201ct\u00f3xica\u201d\"}]},{\"@type\":\"WebSite\",\"@id\":\"https:\\\/\\\/radioclanfm.com\\\/clanespectaculos\\\/#website\",\"url\":\"https:\\\/\\\/radioclanfm.com\\\/clanespectaculos\\\/\",\"name\":\"CLAN ESPECTACULOS\",\"description\":\"\",\"publisher\":{\"@id\":\"https:\\\/\\\/radioclanfm.com\\\/clanespectaculos\\\/#organization\"},\"potentialAction\":[{\"@type\":\"SearchAction\",\"target\":{\"@type\":\"EntryPoint\",\"urlTemplate\":\"https:\\\/\\\/radioclanfm.com\\\/clanespectaculos\\\/?s={search_term_string}\"},\"query-input\":{\"@type\":\"PropertyValueSpecification\",\"valueRequired\":true,\"valueName\":\"search_term_string\"}}],\"inLanguage\":\"es-AR\"},{\"@type\":\"Organization\",\"@id\":\"https:\\\/\\\/radioclanfm.com\\\/clanespectaculos\\\/#organization\",\"name\":\"CLAN ESPECTACULOS\",\"url\":\"https:\\\/\\\/radioclanfm.com\\\/clanespectaculos\\\/\",\"logo\":{\"@type\":\"ImageObject\",\"inLanguage\":\"es-AR\",\"@id\":\"https:\\\/\\\/radioclanfm.com\\\/clanespectaculos\\\/#\\\/schema\\\/logo\\\/image\\\/\",\"url\":\"https:\\\/\\\/radioclanfm.com\\\/clanespectaculos\\\/wp-content\\\/uploads\\\/sites\\\/2\\\/2026\\\/04\\\/ChatGPT-Image-23-mar-2026-10_09_00.png\",\"contentUrl\":\"https:\\\/\\\/radioclanfm.com\\\/clanespectaculos\\\/wp-content\\\/uploads\\\/sites\\\/2\\\/2026\\\/04\\\/ChatGPT-Image-23-mar-2026-10_09_00.png\",\"width\":1024,\"height\":1024,\"caption\":\"CLAN ESPECTACULOS\"},\"image\":{\"@id\":\"https:\\\/\\\/radioclanfm.com\\\/clanespectaculos\\\/#\\\/schema\\\/logo\\\/image\\\/\"},\"sameAs\":[\"https:\\\/\\\/www.facebook.com\\\/clanespectaculos\\\/\",\"https:\\\/\\\/x.com\\\/clanespectok\"]},{\"@type\":\"Person\",\"@id\":\"https:\\\/\\\/radioclanfm.com\\\/clanespectaculos\\\/#\\\/schema\\\/person\\\/9734813083303230f3ad84d99171b20c\",\"name\":\"E-GRUPOCLAN\",\"image\":{\"@type\":\"ImageObject\",\"inLanguage\":\"es-AR\",\"@id\":\"https:\\\/\\\/secure.gravatar.com\\\/avatar\\\/af6e19837c3d6a212034a48c7b3818d2ac1826f6025df0155da5a186ad321d79?s=96&d=mm&r=g\",\"url\":\"https:\\\/\\\/secure.gravatar.com\\\/avatar\\\/af6e19837c3d6a212034a48c7b3818d2ac1826f6025df0155da5a186ad321d79?s=96&d=mm&r=g\",\"contentUrl\":\"https:\\\/\\\/secure.gravatar.com\\\/avatar\\\/af6e19837c3d6a212034a48c7b3818d2ac1826f6025df0155da5a186ad321d79?s=96&d=mm&r=g\",\"caption\":\"E-GRUPOCLAN\"},\"sameAs\":[\"https:\\\/\\\/radioclanfm.com\"],\"url\":\"https:\\\/\\\/radioclanfm.com\\\/clanespectaculos\\\/author\\\/admin\\\/\"}]}<\/script>\n<!-- \/ Yoast SEO plugin. -->","yoast_head_json":{"title":"Juan Otero se habr\u00eda separado de su novio tras un a\u00f1o de relaci\u00f3n a la que describi\u00f3 como \u201ct\u00f3xica\u201d - CLAN ESPECTACULOS","robots":{"index":"index","follow":"follow","max-snippet":"max-snippet:-1","max-image-preview":"max-image-preview:large","max-video-preview":"max-video-preview:-1"},"canonical":"https:\/\/radioclanfm.com\/clanespectaculos\/juan-otero-se-habria-separado-de-su-novio-tras-un-ano-de-relacion-a-la-que-describio-como-toxica\/","og_locale":"es_ES","og_type":"article","og_title":"Juan Otero se habr\u00eda separado de su novio tras un a\u00f1o de relaci\u00f3n a la que describi\u00f3 como \u201ct\u00f3xica\u201d - CLAN ESPECTACULOS","og_description":"El hijo de Flor Pe\u00f1a, de 17 a\u00f1os, le habr\u00eda puesto punto final a su v\u00ednculo con Mateo Lofeudo. Juan Otero\u00a0y su novio, Mateo Lofeudo, se habr\u00edan separado. La versi\u00f3n sali\u00f3 a la luz al aire de LAM (Am\u00e9rica), cuando el panelista Pepe Ochoa lanz\u00f3 la primicia aunque no ahond\u00f3 en los motivos de la [&hellip;]","og_url":"https:\/\/radioclanfm.com\/clanespectaculos\/juan-otero-se-habria-separado-de-su-novio-tras-un-ano-de-relacion-a-la-que-describio-como-toxica\/","og_site_name":"CLAN ESPECTACULOS","article_publisher":"https:\/\/www.facebook.com\/clanespectaculos\/","article_published_time":"2026-04-30T13:45:16+00:00","og_image":[{"width":900,"height":504,"url":"https:\/\/radioclanfm.com\/clanespectaculos\/wp-content\/uploads\/sites\/2\/2026\/04\/CEqVv9lu.jpg","type":"image\/jpeg"}],"author":"E-GRUPOCLAN","twitter_card":"summary_large_image","twitter_creator":"@clanespectok","twitter_site":"@clanespectok","twitter_misc":{"Escrito por":"E-GRUPOCLAN","Tiempo de lectura":"3 minutos"},"schema":{"@context":"https:\/\/schema.org","@graph":[{"@type":"Article","@id":"https:\/\/radioclanfm.com\/clanespectaculos\/juan-otero-se-habria-separado-de-su-novio-tras-un-ano-de-relacion-a-la-que-describio-como-toxica\/#article","isPartOf":{"@id":"https:\/\/radioclanfm.com\/clanespectaculos\/juan-otero-se-habria-separado-de-su-novio-tras-un-ano-de-relacion-a-la-que-describio-como-toxica\/"},"author":{"name":"E-GRUPOCLAN","@id":"https:\/\/radioclanfm.com\/clanespectaculos\/#\/schema\/person\/9734813083303230f3ad84d99171b20c"},"headline":"Juan Otero se habr\u00eda separado de su novio tras un a\u00f1o de relaci\u00f3n a la que describi\u00f3 como \u201ct\u00f3xica\u201d","datePublished":"2026-04-30T13:45:16+00:00","mainEntityOfPage":{"@id":"https:\/\/radioclanfm.com\/clanespectaculos\/juan-otero-se-habria-separado-de-su-novio-tras-un-ano-de-relacion-a-la-que-describio-como-toxica\/"},"wordCount":366,"commentCount":0,"publisher":{"@id":"https:\/\/radioclanfm.com\/clanespectaculos\/#organization"},"image":{"@id":"https:\/\/radioclanfm.com\/clanespectaculos\/juan-otero-se-habria-separado-de-su-novio-tras-un-ano-de-relacion-a-la-que-describio-como-toxica\/#primaryimage"},"thumbnailUrl":"https:\/\/radioclanfm.com\/clanespectaculos\/wp-content\/uploads\/sites\/2\/2026\/04\/CEqVv9lu.jpg","articleSection":["Espectaculos"],"inLanguage":"es-AR","potentialAction":[{"@type":"CommentAction","name":"Comment","target":["https:\/\/radioclanfm.com\/clanespectaculos\/juan-otero-se-habria-separado-de-su-novio-tras-un-ano-de-relacion-a-la-que-describio-como-toxica\/#respond"]}]},{"@type":"WebPage","@id":"https:\/\/radioclanfm.com\/clanespectaculos\/juan-otero-se-habria-separado-de-su-novio-tras-un-ano-de-relacion-a-la-que-describio-como-toxica\/","url":"https:\/\/radioclanfm.com\/clanespectaculos\/juan-otero-se-habria-separado-de-su-novio-tras-un-ano-de-relacion-a-la-que-describio-como-toxica\/","name":"Juan Otero se habr\u00eda separado de su novio tras un a\u00f1o de relaci\u00f3n a la que describi\u00f3 como \u201ct\u00f3xica\u201d - CLAN ESPECTACULOS","isPartOf":{"@id":"https:\/\/radioclanfm.com\/clanespectaculos\/#website"},"primaryImageOfPage":{"@id":"https:\/\/radioclanfm.com\/clanespectaculos\/juan-otero-se-habria-separado-de-su-novio-tras-un-ano-de-relacion-a-la-que-describio-como-toxica\/#primaryimage"},"image":{"@id":"https:\/\/radioclanfm.com\/clanespectaculos\/juan-otero-se-habria-separado-de-su-novio-tras-un-ano-de-relacion-a-la-que-describio-como-toxica\/#primaryimage"},"thumbnailUrl":"https:\/\/radioclanfm.com\/clanespectaculos\/wp-content\/uploads\/sites\/2\/2026\/04\/CEqVv9lu.jpg","datePublished":"2026-04-30T13:45:16+00:00","breadcrumb":{"@id":"https:\/\/radioclanfm.com\/clanespectaculos\/juan-otero-se-habria-separado-de-su-novio-tras-un-ano-de-relacion-a-la-que-describio-como-toxica\/#breadcrumb"},"inLanguage":"es-AR","potentialAction":[{"@type":"ReadAction","target":["https:\/\/radioclanfm.com\/clanespectaculos\/juan-otero-se-habria-separado-de-su-novio-tras-un-ano-de-relacion-a-la-que-describio-como-toxica\/"]}]},{"@type":"ImageObject","inLanguage":"es-AR","@id":"https:\/\/radioclanfm.com\/clanespectaculos\/juan-otero-se-habria-separado-de-su-novio-tras-un-ano-de-relacion-a-la-que-describio-como-toxica\/#primaryimage","url":"https:\/\/radioclanfm.com\/clanespectaculos\/wp-content\/uploads\/sites\/2\/2026\/04\/CEqVv9lu.jpg","contentUrl":"https:\/\/radioclanfm.com\/clanespectaculos\/wp-content\/uploads\/sites\/2\/2026\/04\/CEqVv9lu.jpg","width":900,"height":504},{"@type":"BreadcrumbList","@id":"https:\/\/radioclanfm.com\/clanespectaculos\/juan-otero-se-habria-separado-de-su-novio-tras-un-ano-de-relacion-a-la-que-describio-como-toxica\/#breadcrumb","itemListElement":[{"@type":"ListItem","position":1,"name":"Inicio","item":"https:\/\/radioclanfm.com\/clanespectaculos\/"},{"@type":"ListItem","position":2,"name":"Juan Otero se habr\u00eda separado de su novio tras un a\u00f1o de relaci\u00f3n a la que describi\u00f3 como \u201ct\u00f3xica\u201d"}]},{"@type":"WebSite","@id":"https:\/\/radioclanfm.com\/clanespectaculos\/#website","url":"https:\/\/radioclanfm.com\/clanespectaculos\/","name":"CLAN ESPECTACULOS","description":"","publisher":{"@id":"https:\/\/radioclanfm.com\/clanespectaculos\/#organization"},"potentialAction":[{"@type":"SearchAction","target":{"@type":"EntryPoint","urlTemplate":"https:\/\/radioclanfm.com\/clanespectaculos\/?s={search_term_string}"},"query-input":{"@type":"PropertyValueSpecification","valueRequired":true,"valueName":"search_term_string"}}],"inLanguage":"es-AR"},{"@type":"Organization","@id":"https:\/\/radioclanfm.com\/clanespectaculos\/#organization","name":"CLAN ESPECTACULOS","url":"https:\/\/radioclanfm.com\/clanespectaculos\/","logo":{"@type":"ImageObject","inLanguage":"es-AR","@id":"https:\/\/radioclanfm.com\/clanespectaculos\/#\/schema\/logo\/image\/","url":"https:\/\/radioclanfm.com\/clanespectaculos\/wp-content\/uploads\/sites\/2\/2026\/04\/ChatGPT-Image-23-mar-2026-10_09_00.png","contentUrl":"https:\/\/radioclanfm.com\/clanespectaculos\/wp-content\/uploads\/sites\/2\/2026\/04\/ChatGPT-Image-23-mar-2026-10_09_00.png","width":1024,"height":1024,"caption":"CLAN ESPECTACULOS"},"image":{"@id":"https:\/\/radioclanfm.com\/clanespectaculos\/#\/schema\/logo\/image\/"},"sameAs":["https:\/\/www.facebook.com\/clanespectaculos\/","https:\/\/x.com\/clanespectok"]},{"@type":"Person","@id":"https:\/\/radioclanfm.com\/clanespectaculos\/#\/schema\/person\/9734813083303230f3ad84d99171b20c","name":"E-GRUPOCLAN","image":{"@type":"ImageObject","inLanguage":"es-AR","@id":"https:\/\/secure.gravatar.com\/avatar\/af6e19837c3d6a212034a48c7b3818d2ac1826f6025df0155da5a186ad321d79?s=96&d=mm&r=g","url":"https:\/\/secure.gravatar.com\/avatar\/af6e19837c3d6a212034a48c7b3818d2ac1826f6025df0155da5a186ad321d79?s=96&d=mm&r=g","contentUrl":"https:\/\/secure.gravatar.com\/avatar\/af6e19837c3d6a212034a48c7b3818d2ac1826f6025df0155da5a186ad321d79?s=96&d=mm&r=g","caption":"E-GRUPOCLAN"},"sameAs":["https:\/\/radioclanfm.com"],"url":"https:\/\/radioclanfm.com\/clanespectaculos\/author\/admin\/"}]}},"_links":{"self":[{"href":"https:\/\/radioclanfm.com\/clanespectaculos\/wp-json\/wp\/v2\/posts\/16004","targetHints":{"allow":["GET"]}}],"collection":[{"href":"https:\/\/radioclanfm.com\/clanespectaculos\/wp-json\/wp\/v2\/posts"}],"about":[{"href":"https:\/\/radioclanfm.com\/clanespectaculos\/wp-json\/wp\/v2\/types\/post"}],"author":[{"embeddable":true,"href":"https:\/\/radioclanfm.com\/clanespectaculos\/wp-json\/wp\/v2\/users\/1"}],"replies":[{"embeddable":true,"href":"https:\/\/radioclanfm.com\/clanespectaculos\/wp-json\/wp\/v2\/comments?post=16004"}],"version-history":[{"count":1,"href":"https:\/\/radioclanfm.com\/clanespectaculos\/wp-json\/wp\/v2\/posts\/16004\/revisions"}],"predecessor-version":[{"id":16006,"href":"https:\/\/radioclanfm.com\/clanespectaculos\/wp-json\/wp\/v2\/posts\/16004\/revisions\/16006"}],"wp:featuredmedia":[{"embeddable":true,"href":"https:\/\/radioclanfm.com\/clanespectaculos\/wp-json\/wp\/v2\/media\/16005"}],"wp:attachment":[{"href":"https:\/\/radioclanfm.com\/clanespectaculos\/wp-json\/wp\/v2\/media?parent=16004"}],"wp:term":[{"taxonomy":"category","embeddable":true,"href":"https:\/\/radioclanfm.com\/clanespectaculos\/wp-json\/wp\/v2\/categories?post=16004"},{"taxonomy":"post_tag","embeddable":true,"href":"https:\/\/radioclanfm.com\/clanespectaculos\/wp-json\/wp\/v2\/tags?post=16004"}],"curies":[{"name":"wp","href":"https:\/\/api.w.org\/{rel}","templated":true}]}}