{"id":15980,"date":"2026-04-30T10:32:56","date_gmt":"2026-04-30T13:32:56","guid":{"rendered":"https:\/\/radioclanfm.com\/clanespectaculos\/?p=15980"},"modified":"2026-04-30T10:32:56","modified_gmt":"2026-04-30T13:32:56","slug":"el-fuerte-posteo-de-la-exmujer-de-pablo-lescano-tras-confirmar-su-separacion-del-cantante-de-damas-gratis","status":"publish","type":"post","link":"https:\/\/radioclanfm.com\/clanespectaculos\/el-fuerte-posteo-de-la-exmujer-de-pablo-lescano-tras-confirmar-su-separacion-del-cantante-de-damas-gratis\/","title":{"rendered":"El fuerte posteo de la exmujer de Pablo Lescano tras confirmar su separaci\u00f3n del cantante de \u201cDamas Gratis\u201d"},"content":{"rendered":"<p>Cecilia Calafell estuvo m\u00e1s de 20 a\u00f1os con el m\u00fasico, con quien fue mam\u00e1 de Toto y Marita.<\/p>\n<div class=\"col-content\"><main class=\"col-content\"><\/p>\n<div class=\"default-article-color article__body article__article\">\n<p class=\"paragraph font__body-regular\">Esta semana se conoci\u00f3 la\u00a0<b>separaci\u00f3n de Cecilia Calafell y Pablo Lescano, el l\u00edder de Damas Gratis<\/b>. La noticia sali\u00f3 a la luz a trav\u00e9s de Fernanda Iglesias, quien habl\u00f3 de enga\u00f1os por parte del artista.<\/p>\n<div id=\"ad-slot-infeed\" class=\"infeed-container ad-slot-infeed ad-slot\" data-adtype=\"infeed\" data-lazyload=\"1\" data-google-query-id=\"CP2XsOvXlZQDFYgcHgAdH3QjtQ\">\n<div id=\"google_ads_iframe_\/113951150\/tn-arc\/nota\/infeed_0__container__\"><\/div>\n<\/div>\n<p class=\"paragraph font__body-regular\">En sus redes, Calafell se refiri\u00f3 a la ruptura con un fuerte mensaje en el que habl\u00f3 sobre el comienzo de una etapa de renovaci\u00f3n total.<\/p>\n<div class=\"story-list\" data-mrf-recirculation=\"IL_fPSS4oUaSUaKNHLf4mpe3g\" data-mrf-root-experiment=\"0952317d-c9e3-4d65-9dd7-85816683fa43\" data-testid=\"text-html\" data-mrf-experience=\"IL_fPSS4oUaSUaKNHLf4mpe3g\"><\/div>\n<div data-mrf-experience=\"IL_RNrGCM52Q_ui4aMax3fibg\"><\/div>\n<p class=\"paragraph font__body-regular\">\u201cHay momentos que la vida te lleva por diferentes caminos y de todos vamos aprendiendo algo. Es tan importante construir, contener, cuidar y sostener como tambi\u00e9n lo es soltar, abrazar, dejar fluir y que sea lo que tenga que ser\u201d, coment\u00f3.<\/p>\n<figure class=\"\" data-testid=\"figure-testid\">\n<div class=\"aspect_ratio__container\"><picture class=\"responsive-image\"><source srcset=\"https:\/\/tn.com.ar\/resizer\/v2\/pablo-lescano-volvio-a-la-solteria-foto-instagram-pablitolescanook-J2MSADQDUBGIJAEIRBPSLSEGMQ.jpg?auth=eeb48a61d27d188fb6eb0ec92b011dbdaaf23f3251bec3c005df87df76d76383&amp;width=767\" type=\"image\/jpg\" media=\"(max-width: 728px)\" \/><source srcset=\"https:\/\/tn.com.ar\/resizer\/v2\/pablo-lescano-volvio-a-la-solteria-foto-instagram-pablitolescanook-J2MSADQDUBGIJAEIRBPSLSEGMQ.jpg?auth=eeb48a61d27d188fb6eb0ec92b011dbdaaf23f3251bec3c005df87df76d76383&amp;width=1023\" type=\"image\/jpg\" media=\"(max-width: 1023px)\" \/><source srcset=\"https:\/\/tn.com.ar\/resizer\/v2\/pablo-lescano-volvio-a-la-solteria-foto-instagram-pablitolescanook-J2MSADQDUBGIJAEIRBPSLSEGMQ.jpg?auth=eeb48a61d27d188fb6eb0ec92b011dbdaaf23f3251bec3c005df87df76d76383&amp;width=1440\" type=\"image\/jpg\" \/><img loading=\"lazy\" decoding=\"async\" class=\"image content-image image_placeholder\" src=\"https:\/\/tn.com.ar\/resizer\/v2\/pablo-lescano-volvio-a-la-solteria-foto-instagram-pablitolescanook-J2MSADQDUBGIJAEIRBPSLSEGMQ.jpg?auth=eeb48a61d27d188fb6eb0ec92b011dbdaaf23f3251bec3c005df87df76d76383&amp;width=767\" alt=\"Pablo Lescano volvi\u00f3 a la solter\u00eda. (Foto: Instagram @pablitolescanook)\" width=\"767\" height=\"431\" data-testid=\"loading-testid\" \/><\/picture><\/div><figcaption class=\"caption_image\" data-testid=\"figcaption-testid\">\n<div class=\"image_caption \">Pablo Lescano volvi\u00f3 a la solter\u00eda. (Foto: Instagram @pablitolescanook)<\/div>\n<\/figcaption><\/figure>\n<p class=\"paragraph font__body-regular\">Luego, sostuvo: \u201cHay momentos donde nuestra propia existencia nos pide cambio, los hijos crecen y vuelan y\u00a0<b>quedas vos solita con tus luces y tus sombras.\u00a0<\/b>Amo haber sido mam\u00e1 joven y experimentar lo mejor que me dio la vida, dos hijos hermosos que amo y me acompa\u00f1ar\u00e1n eternamente y con 44 a\u00f1os poder replantear mi vida. Trabajar en mi, en mis prejuicios y mi rigidez que fue tan \u00fatil para esa estructura familiar pero hoy ya no la necesito&#8221;.<\/p>\n<figure class=\"\" data-testid=\"figure-testid\">\n<div class=\"aspect_ratio__container\"><picture class=\"responsive-image\"><source srcset=\"https:\/\/tn.com.ar\/resizer\/v2\/cecilia-calafell-confirmo-su-separacion-de-pablo-lescano-foto-instagramcalafellcecilia-WSCIZOD3LZCMTP67TWKEVWDWZM.jpg?auth=9ecf20ae7d84cd92955717ca86416654fd9e630f731e6f19124b92bf4e482341&amp;width=767\" type=\"image\/jpg\" media=\"(max-width: 728px)\" \/><source srcset=\"https:\/\/tn.com.ar\/resizer\/v2\/cecilia-calafell-confirmo-su-separacion-de-pablo-lescano-foto-instagramcalafellcecilia-WSCIZOD3LZCMTP67TWKEVWDWZM.jpg?auth=9ecf20ae7d84cd92955717ca86416654fd9e630f731e6f19124b92bf4e482341&amp;width=1023\" type=\"image\/jpg\" media=\"(max-width: 1023px)\" \/><source srcset=\"https:\/\/tn.com.ar\/resizer\/v2\/cecilia-calafell-confirmo-su-separacion-de-pablo-lescano-foto-instagramcalafellcecilia-WSCIZOD3LZCMTP67TWKEVWDWZM.jpg?auth=9ecf20ae7d84cd92955717ca86416654fd9e630f731e6f19124b92bf4e482341&amp;width=1440\" type=\"image\/jpg\" \/><img loading=\"lazy\" decoding=\"async\" class=\"image content-image image_placeholder\" src=\"https:\/\/tn.com.ar\/resizer\/v2\/cecilia-calafell-confirmo-su-separacion-de-pablo-lescano-foto-instagramcalafellcecilia-WSCIZOD3LZCMTP67TWKEVWDWZM.jpg?auth=9ecf20ae7d84cd92955717ca86416654fd9e630f731e6f19124b92bf4e482341&amp;width=767\" alt=\"Cecilia Calafell confirm\u00f3 su separaci\u00f3n de Pablo Lescano. (Foto: instagram\/calafellcecilia)\" width=\"767\" height=\"817\" data-testid=\"loading-testid\" \/><\/picture><\/div><figcaption class=\"caption_image\" data-testid=\"figcaption-testid\">\n<div class=\"image_caption \">Cecilia Calafell confirm\u00f3 su separaci\u00f3n de Pablo Lescano. (Foto: instagram\/calafellcecilia)<\/div>\n<\/figcaption><\/figure>\n<p class=\"paragraph font__body-regular\">Por \u00faltimo, dej\u00f3 una reflexi\u00f3n contundente: \u201cLa vida es una, y ser feliz es una decisi\u00f3n.\u00a0<b>Hoy me permito fluir<\/b>\u201d. Tras ser consultada por un seguidor, Cecilia confirm\u00f3 su ruptura con Lescano, aunque evit\u00f3 dar detalles.<\/p>\n<figure class=\"\" data-testid=\"figure-testid\">\n<div class=\"aspect_ratio__container\"><picture class=\"responsive-image\"><source srcset=\"https:\/\/tn.com.ar\/resizer\/v2\/cecilia-calafell-y-el-fuerte-posteo-tras-separarse-del-lider-de-damas-gratis-foto-instagramcalafellcecilia-YYUQLXFKIRAHVFVSY6JZQGA2GM.JPG?auth=77cbf6d82e7940cd2173dfe9c7e7ddb83143e8068848b696c7824c36ebb1c3a9&amp;width=767\" type=\"image\/jpg\" media=\"(max-width: 728px)\" \/><source srcset=\"https:\/\/tn.com.ar\/resizer\/v2\/cecilia-calafell-y-el-fuerte-posteo-tras-separarse-del-lider-de-damas-gratis-foto-instagramcalafellcecilia-YYUQLXFKIRAHVFVSY6JZQGA2GM.JPG?auth=77cbf6d82e7940cd2173dfe9c7e7ddb83143e8068848b696c7824c36ebb1c3a9&amp;width=1023\" type=\"image\/jpg\" media=\"(max-width: 1023px)\" \/><source srcset=\"https:\/\/tn.com.ar\/resizer\/v2\/cecilia-calafell-y-el-fuerte-posteo-tras-separarse-del-lider-de-damas-gratis-foto-instagramcalafellcecilia-YYUQLXFKIRAHVFVSY6JZQGA2GM.JPG?auth=77cbf6d82e7940cd2173dfe9c7e7ddb83143e8068848b696c7824c36ebb1c3a9&amp;width=1440\" type=\"image\/jpg\" \/><img loading=\"lazy\" decoding=\"async\" class=\"image content-image image_placeholder\" src=\"https:\/\/tn.com.ar\/resizer\/v2\/cecilia-calafell-y-el-fuerte-posteo-tras-separarse-del-lider-de-damas-gratis-foto-instagramcalafellcecilia-YYUQLXFKIRAHVFVSY6JZQGA2GM.JPG?auth=77cbf6d82e7940cd2173dfe9c7e7ddb83143e8068848b696c7824c36ebb1c3a9&amp;width=767\" alt=\"Cecilia Calafell y el fuerte posteo tras separarse del l\u00edder de Damas Gratis. (Foto: instagram\/calafellcecilia)\" width=\"767\" height=\"497\" data-testid=\"loading-testid\" \/><\/picture><\/div><figcaption class=\"caption_image\" data-testid=\"figcaption-testid\">\n<div class=\"image_caption \">Cecilia Calafell y el fuerte posteo tras separarse del l\u00edder de Damas Gratis. (Foto: instagram\/calafellcecilia)<\/div>\n<\/figcaption><\/figure>\n<h2 class=\"font--primary font__display\">Qu\u00e9 dijo Fernanda Iglesias sobre la separaci\u00f3n de Pablo Lescano<\/h2>\n<p class=\"paragraph font__body-regular\">Al aire de\u00a0<i>Puro Show (eltrece),<\/i>\u00a0Fernanda Iglesias cont\u00f3 que la crisis entre la pareja comenz\u00f3 hace dos meses. Al incrementarse, decidieron vivir cada uno por su lado.<\/p>\n<p class=\"paragraph font__body-regular\">\u201cSu mujer oficial siempre fue Cecilia, la que lo banc\u00f3, la que cri\u00f3 a sus hijos, la que, digamos, banc\u00f3 cuando<b>\u00a0\u00e9l estuvo internado, adicciones, un mont\u00f3n de temas de salud graves&#8230; Ella perdon\u00f3 muchas infidelidades\u00a0<\/b>porque se supo de otras relaciones que \u00e9l tuvo. Lo banca mucho y lo sigue bancando\u201d, coment\u00f3 la panelista.<\/p>\n<figure class=\"\" data-testid=\"figure-testid\">\n<div class=\"aspect_ratio__container\"><picture class=\"responsive-image\"><source srcset=\"https:\/\/tn.com.ar\/resizer\/v2\/pablo-lescano-y-cecilia-calafell-con-sus-hijos-foto-instagramcalafellcecilia-TIL7UT4S5BB35G65VVLT2M6LZY.jpg?auth=a0a0298e5b1dba1b60dda15bd7484131def04b39d5a3972f355f477fb919d64e&amp;width=767\" type=\"image\/jpg\" media=\"(max-width: 728px)\" \/><source srcset=\"https:\/\/tn.com.ar\/resizer\/v2\/pablo-lescano-y-cecilia-calafell-con-sus-hijos-foto-instagramcalafellcecilia-TIL7UT4S5BB35G65VVLT2M6LZY.jpg?auth=a0a0298e5b1dba1b60dda15bd7484131def04b39d5a3972f355f477fb919d64e&amp;width=1023\" type=\"image\/jpg\" media=\"(max-width: 1023px)\" \/><source srcset=\"https:\/\/tn.com.ar\/resizer\/v2\/pablo-lescano-y-cecilia-calafell-con-sus-hijos-foto-instagramcalafellcecilia-TIL7UT4S5BB35G65VVLT2M6LZY.jpg?auth=a0a0298e5b1dba1b60dda15bd7484131def04b39d5a3972f355f477fb919d64e&amp;width=1440\" type=\"image\/jpg\" \/><img loading=\"lazy\" decoding=\"async\" class=\"image content-image image_placeholder\" src=\"https:\/\/tn.com.ar\/resizer\/v2\/pablo-lescano-y-cecilia-calafell-con-sus-hijos-foto-instagramcalafellcecilia-TIL7UT4S5BB35G65VVLT2M6LZY.jpg?auth=a0a0298e5b1dba1b60dda15bd7484131def04b39d5a3972f355f477fb919d64e&amp;width=767\" alt=\"Pablo Lescano y Cecilia Calafell con sus hijos. (Foto: instagram\/calafellcecilia)\" width=\"767\" height=\"1023\" data-testid=\"loading-testid\" \/><\/picture><\/div><figcaption class=\"caption_image\" data-testid=\"figcaption-testid\">\n<div class=\"image_caption \">Pablo Lescano y Cecilia Calafell con sus hijos. (Foto: instagram\/calafellcecilia)<\/div>\n<\/figcaption><\/figure>\n<p class=\"paragraph font__body-regular\">Y agreg\u00f3:\u00a0<b>\u201cLescano tiene un tema con la paternidad, que estar\u00eda como flojo de papeles<\/b>. Bianca, su hija mayor, cantaba con \u00e9l; despu\u00e9s qued\u00f3 embarazada y \u00e9l, seg\u00fan me contaron, se enoj\u00f3 porque no iba a poder seguir cantando con \u00e9l. Despu\u00e9s est\u00e1 Brian, el chico que reconoci\u00f3 en 2022 y despu\u00e9s dej\u00f3 de darle bola. La verdad, pobre Brian, que lo ama a su padre, pero cada vez que quiere recurrir a \u00e9l, \u00e9l no est\u00e1\u201d.<\/p>\n<figure class=\"\" data-testid=\"figure-testid\">\n<div class=\"aspect_ratio__container\"><picture class=\"responsive-image\"><source srcset=\"https:\/\/tn.com.ar\/resizer\/v2\/pablo-lescano-junto-a-bianca-su-hija-mayor-fruto-de-una-relacion-con-una-mujer-llamada-alicia-foto-instagrampablitolescanook-VCAFWEMO2BELDBWUMYMDKLMCM4.jpg?auth=995ac537bbbd9c9c118aeb1c380dbb13fa26a82f58c4dd70f189e490c6a23a15&amp;width=767\" type=\"image\/jpg\" media=\"(max-width: 728px)\" \/><source srcset=\"https:\/\/tn.com.ar\/resizer\/v2\/pablo-lescano-junto-a-bianca-su-hija-mayor-fruto-de-una-relacion-con-una-mujer-llamada-alicia-foto-instagrampablitolescanook-VCAFWEMO2BELDBWUMYMDKLMCM4.jpg?auth=995ac537bbbd9c9c118aeb1c380dbb13fa26a82f58c4dd70f189e490c6a23a15&amp;width=1023\" type=\"image\/jpg\" media=\"(max-width: 1023px)\" \/><source srcset=\"https:\/\/tn.com.ar\/resizer\/v2\/pablo-lescano-junto-a-bianca-su-hija-mayor-fruto-de-una-relacion-con-una-mujer-llamada-alicia-foto-instagrampablitolescanook-VCAFWEMO2BELDBWUMYMDKLMCM4.jpg?auth=995ac537bbbd9c9c118aeb1c380dbb13fa26a82f58c4dd70f189e490c6a23a15&amp;width=1440\" type=\"image\/jpg\" \/><img loading=\"lazy\" decoding=\"async\" class=\"image content-image image_placeholder\" src=\"https:\/\/tn.com.ar\/resizer\/v2\/pablo-lescano-junto-a-bianca-su-hija-mayor-fruto-de-una-relacion-con-una-mujer-llamada-alicia-foto-instagrampablitolescanook-VCAFWEMO2BELDBWUMYMDKLMCM4.jpg?auth=995ac537bbbd9c9c118aeb1c380dbb13fa26a82f58c4dd70f189e490c6a23a15&amp;width=767\" alt=\"Pablo Lescano junto a Bianca, su hija mayor fruto de una relaci\u00f3n con una mujer llamada Alicia. (Foto: instagram\/pablitolescanook)\" width=\"767\" height=\"767\" data-testid=\"loading-testid\" \/><\/picture><\/div><figcaption class=\"caption_image\" data-testid=\"figcaption-testid\">\n<div class=\"image_caption \">Pablo Lescano junto a Bianca, su hija mayor fruto de una relaci\u00f3n con una mujer llamada Alicia. (Foto: instagram\/pablitolescanook)<\/div>\n<\/figcaption><\/figure>\n<\/div>\n<p><\/main><\/div>\n<aside class=\"col-right-rail right-rail\">\n<div id=\"parent-ad-slot-caja\" class=\"ad-container caja_ad \">\n<div class=\"ad-content\"><\/div>\n<\/div>\n<\/aside>\n","protected":false},"excerpt":{"rendered":"<p>Cecilia Calafell estuvo m\u00e1s de 20 a\u00f1os con el m\u00fasico, con quien fue mam\u00e1 de Toto y Marita. Esta semana se conoci\u00f3 la\u00a0separaci\u00f3n de Cecilia Calafell y Pablo Lescano, el l\u00edder de Damas Gratis. La noticia sali\u00f3 a la luz a trav\u00e9s de Fernanda Iglesias, quien habl\u00f3 de enga\u00f1os por parte del artista. En sus [&hellip;]<\/p>\n","protected":false},"author":1,"featured_media":15981,"comment_status":"open","ping_status":"open","sticky":false,"template":"","format":"standard","meta":{"rop_custom_images_group":[],"rop_custom_messages_group":[],"rop_publish_now":"initial","rop_publish_now_accounts":[],"rop_publish_now_history":[],"rop_publish_now_status":"pending","footnotes":"","jetpack_publicize_message":"","jetpack_publicize_feature_enabled":true,"jetpack_social_post_already_shared":true,"jetpack_social_options":{"image_generator_settings":{"template":"highway","enabled":false},"version":2}},"categories":[12],"tags":[],"class_list":{"0":"post-15980","1":"post","2":"type-post","3":"status-publish","4":"format-standard","5":"has-post-thumbnail","7":"category-espectaculos"},"jetpack_publicize_connections":[],"yoast_head":"<!-- This site is optimized with the Yoast SEO plugin v27.3 - https:\/\/yoast.com\/product\/yoast-seo-wordpress\/ -->\n<title>El fuerte posteo de la exmujer de Pablo Lescano tras confirmar su separaci\u00f3n del cantante de \u201cDamas Gratis\u201d - CLAN ESPECTACULOS<\/title>\n<meta name=\"robots\" content=\"index, follow, max-snippet:-1, max-image-preview:large, max-video-preview:-1\" \/>\n<link rel=\"canonical\" href=\"https:\/\/radioclanfm.com\/clanespectaculos\/el-fuerte-posteo-de-la-exmujer-de-pablo-lescano-tras-confirmar-su-separacion-del-cantante-de-damas-gratis\/\" \/>\n<meta property=\"og:locale\" content=\"es_ES\" \/>\n<meta property=\"og:type\" content=\"article\" \/>\n<meta property=\"og:title\" content=\"El fuerte posteo de la exmujer de Pablo Lescano tras confirmar su separaci\u00f3n del cantante de \u201cDamas Gratis\u201d - CLAN ESPECTACULOS\" \/>\n<meta property=\"og:description\" content=\"Cecilia Calafell estuvo m\u00e1s de 20 a\u00f1os con el m\u00fasico, con quien fue mam\u00e1 de Toto y Marita. Esta semana se conoci\u00f3 la\u00a0separaci\u00f3n de Cecilia Calafell y Pablo Lescano, el l\u00edder de Damas Gratis. La noticia sali\u00f3 a la luz a trav\u00e9s de Fernanda Iglesias, quien habl\u00f3 de enga\u00f1os por parte del artista. En sus [&hellip;]\" \/>\n<meta property=\"og:url\" content=\"https:\/\/radioclanfm.com\/clanespectaculos\/el-fuerte-posteo-de-la-exmujer-de-pablo-lescano-tras-confirmar-su-separacion-del-cantante-de-damas-gratis\/\" \/>\n<meta property=\"og:site_name\" content=\"CLAN ESPECTACULOS\" \/>\n<meta property=\"article:publisher\" content=\"https:\/\/www.facebook.com\/clanespectaculos\/\" \/>\n<meta property=\"article:published_time\" content=\"2026-04-30T13:32:56+00:00\" \/>\n<meta property=\"og:image\" content=\"https:\/\/radioclanfm.com\/clanespectaculos\/wp-content\/uploads\/sites\/2\/2026\/04\/YO_IKewW.jpg\" \/>\n\t<meta property=\"og:image:width\" content=\"900\" \/>\n\t<meta property=\"og:image:height\" content=\"504\" \/>\n\t<meta property=\"og:image:type\" content=\"image\/jpeg\" \/>\n<meta name=\"author\" content=\"E-GRUPOCLAN\" \/>\n<meta name=\"twitter:card\" content=\"summary_large_image\" \/>\n<meta name=\"twitter:creator\" content=\"@clanespectok\" \/>\n<meta name=\"twitter:site\" content=\"@clanespectok\" \/>\n<meta name=\"twitter:label1\" content=\"Escrito por\" \/>\n\t<meta name=\"twitter:data1\" content=\"E-GRUPOCLAN\" \/>\n\t<meta name=\"twitter:label2\" content=\"Tiempo de lectura\" \/>\n\t<meta name=\"twitter:data2\" content=\"4 minutos\" \/>\n<script type=\"application\/ld+json\" class=\"yoast-schema-graph\">{\"@context\":\"https:\\\/\\\/schema.org\",\"@graph\":[{\"@type\":\"Article\",\"@id\":\"https:\\\/\\\/radioclanfm.com\\\/clanespectaculos\\\/el-fuerte-posteo-de-la-exmujer-de-pablo-lescano-tras-confirmar-su-separacion-del-cantante-de-damas-gratis\\\/#article\",\"isPartOf\":{\"@id\":\"https:\\\/\\\/radioclanfm.com\\\/clanespectaculos\\\/el-fuerte-posteo-de-la-exmujer-de-pablo-lescano-tras-confirmar-su-separacion-del-cantante-de-damas-gratis\\\/\"},\"author\":{\"name\":\"E-GRUPOCLAN\",\"@id\":\"https:\\\/\\\/radioclanfm.com\\\/clanespectaculos\\\/#\\\/schema\\\/person\\\/9734813083303230f3ad84d99171b20c\"},\"headline\":\"El fuerte posteo de la exmujer de Pablo Lescano tras confirmar su separaci\u00f3n del cantante de \u201cDamas Gratis\u201d\",\"datePublished\":\"2026-04-30T13:32:56+00:00\",\"mainEntityOfPage\":{\"@id\":\"https:\\\/\\\/radioclanfm.com\\\/clanespectaculos\\\/el-fuerte-posteo-de-la-exmujer-de-pablo-lescano-tras-confirmar-su-separacion-del-cantante-de-damas-gratis\\\/\"},\"wordCount\":515,\"commentCount\":0,\"publisher\":{\"@id\":\"https:\\\/\\\/radioclanfm.com\\\/clanespectaculos\\\/#organization\"},\"image\":{\"@id\":\"https:\\\/\\\/radioclanfm.com\\\/clanespectaculos\\\/el-fuerte-posteo-de-la-exmujer-de-pablo-lescano-tras-confirmar-su-separacion-del-cantante-de-damas-gratis\\\/#primaryimage\"},\"thumbnailUrl\":\"https:\\\/\\\/radioclanfm.com\\\/clanespectaculos\\\/wp-content\\\/uploads\\\/sites\\\/2\\\/2026\\\/04\\\/YO_IKewW.jpg\",\"articleSection\":[\"Espectaculos\"],\"inLanguage\":\"es-AR\",\"potentialAction\":[{\"@type\":\"CommentAction\",\"name\":\"Comment\",\"target\":[\"https:\\\/\\\/radioclanfm.com\\\/clanespectaculos\\\/el-fuerte-posteo-de-la-exmujer-de-pablo-lescano-tras-confirmar-su-separacion-del-cantante-de-damas-gratis\\\/#respond\"]}]},{\"@type\":\"WebPage\",\"@id\":\"https:\\\/\\\/radioclanfm.com\\\/clanespectaculos\\\/el-fuerte-posteo-de-la-exmujer-de-pablo-lescano-tras-confirmar-su-separacion-del-cantante-de-damas-gratis\\\/\",\"url\":\"https:\\\/\\\/radioclanfm.com\\\/clanespectaculos\\\/el-fuerte-posteo-de-la-exmujer-de-pablo-lescano-tras-confirmar-su-separacion-del-cantante-de-damas-gratis\\\/\",\"name\":\"El fuerte posteo de la exmujer de Pablo Lescano tras confirmar su separaci\u00f3n del cantante de \u201cDamas Gratis\u201d - CLAN ESPECTACULOS\",\"isPartOf\":{\"@id\":\"https:\\\/\\\/radioclanfm.com\\\/clanespectaculos\\\/#website\"},\"primaryImageOfPage\":{\"@id\":\"https:\\\/\\\/radioclanfm.com\\\/clanespectaculos\\\/el-fuerte-posteo-de-la-exmujer-de-pablo-lescano-tras-confirmar-su-separacion-del-cantante-de-damas-gratis\\\/#primaryimage\"},\"image\":{\"@id\":\"https:\\\/\\\/radioclanfm.com\\\/clanespectaculos\\\/el-fuerte-posteo-de-la-exmujer-de-pablo-lescano-tras-confirmar-su-separacion-del-cantante-de-damas-gratis\\\/#primaryimage\"},\"thumbnailUrl\":\"https:\\\/\\\/radioclanfm.com\\\/clanespectaculos\\\/wp-content\\\/uploads\\\/sites\\\/2\\\/2026\\\/04\\\/YO_IKewW.jpg\",\"datePublished\":\"2026-04-30T13:32:56+00:00\",\"breadcrumb\":{\"@id\":\"https:\\\/\\\/radioclanfm.com\\\/clanespectaculos\\\/el-fuerte-posteo-de-la-exmujer-de-pablo-lescano-tras-confirmar-su-separacion-del-cantante-de-damas-gratis\\\/#breadcrumb\"},\"inLanguage\":\"es-AR\",\"potentialAction\":[{\"@type\":\"ReadAction\",\"target\":[\"https:\\\/\\\/radioclanfm.com\\\/clanespectaculos\\\/el-fuerte-posteo-de-la-exmujer-de-pablo-lescano-tras-confirmar-su-separacion-del-cantante-de-damas-gratis\\\/\"]}]},{\"@type\":\"ImageObject\",\"inLanguage\":\"es-AR\",\"@id\":\"https:\\\/\\\/radioclanfm.com\\\/clanespectaculos\\\/el-fuerte-posteo-de-la-exmujer-de-pablo-lescano-tras-confirmar-su-separacion-del-cantante-de-damas-gratis\\\/#primaryimage\",\"url\":\"https:\\\/\\\/radioclanfm.com\\\/clanespectaculos\\\/wp-content\\\/uploads\\\/sites\\\/2\\\/2026\\\/04\\\/YO_IKewW.jpg\",\"contentUrl\":\"https:\\\/\\\/radioclanfm.com\\\/clanespectaculos\\\/wp-content\\\/uploads\\\/sites\\\/2\\\/2026\\\/04\\\/YO_IKewW.jpg\",\"width\":900,\"height\":504},{\"@type\":\"BreadcrumbList\",\"@id\":\"https:\\\/\\\/radioclanfm.com\\\/clanespectaculos\\\/el-fuerte-posteo-de-la-exmujer-de-pablo-lescano-tras-confirmar-su-separacion-del-cantante-de-damas-gratis\\\/#breadcrumb\",\"itemListElement\":[{\"@type\":\"ListItem\",\"position\":1,\"name\":\"Inicio\",\"item\":\"https:\\\/\\\/radioclanfm.com\\\/clanespectaculos\\\/\"},{\"@type\":\"ListItem\",\"position\":2,\"name\":\"El fuerte posteo de la exmujer de Pablo Lescano tras confirmar su separaci\u00f3n del cantante de \u201cDamas Gratis\u201d\"}]},{\"@type\":\"WebSite\",\"@id\":\"https:\\\/\\\/radioclanfm.com\\\/clanespectaculos\\\/#website\",\"url\":\"https:\\\/\\\/radioclanfm.com\\\/clanespectaculos\\\/\",\"name\":\"CLAN ESPECTACULOS\",\"description\":\"\",\"publisher\":{\"@id\":\"https:\\\/\\\/radioclanfm.com\\\/clanespectaculos\\\/#organization\"},\"potentialAction\":[{\"@type\":\"SearchAction\",\"target\":{\"@type\":\"EntryPoint\",\"urlTemplate\":\"https:\\\/\\\/radioclanfm.com\\\/clanespectaculos\\\/?s={search_term_string}\"},\"query-input\":{\"@type\":\"PropertyValueSpecification\",\"valueRequired\":true,\"valueName\":\"search_term_string\"}}],\"inLanguage\":\"es-AR\"},{\"@type\":\"Organization\",\"@id\":\"https:\\\/\\\/radioclanfm.com\\\/clanespectaculos\\\/#organization\",\"name\":\"CLAN ESPECTACULOS\",\"url\":\"https:\\\/\\\/radioclanfm.com\\\/clanespectaculos\\\/\",\"logo\":{\"@type\":\"ImageObject\",\"inLanguage\":\"es-AR\",\"@id\":\"https:\\\/\\\/radioclanfm.com\\\/clanespectaculos\\\/#\\\/schema\\\/logo\\\/image\\\/\",\"url\":\"https:\\\/\\\/radioclanfm.com\\\/clanespectaculos\\\/wp-content\\\/uploads\\\/sites\\\/2\\\/2026\\\/04\\\/ChatGPT-Image-23-mar-2026-10_09_00.png\",\"contentUrl\":\"https:\\\/\\\/radioclanfm.com\\\/clanespectaculos\\\/wp-content\\\/uploads\\\/sites\\\/2\\\/2026\\\/04\\\/ChatGPT-Image-23-mar-2026-10_09_00.png\",\"width\":1024,\"height\":1024,\"caption\":\"CLAN ESPECTACULOS\"},\"image\":{\"@id\":\"https:\\\/\\\/radioclanfm.com\\\/clanespectaculos\\\/#\\\/schema\\\/logo\\\/image\\\/\"},\"sameAs\":[\"https:\\\/\\\/www.facebook.com\\\/clanespectaculos\\\/\",\"https:\\\/\\\/x.com\\\/clanespectok\"]},{\"@type\":\"Person\",\"@id\":\"https:\\\/\\\/radioclanfm.com\\\/clanespectaculos\\\/#\\\/schema\\\/person\\\/9734813083303230f3ad84d99171b20c\",\"name\":\"E-GRUPOCLAN\",\"image\":{\"@type\":\"ImageObject\",\"inLanguage\":\"es-AR\",\"@id\":\"https:\\\/\\\/secure.gravatar.com\\\/avatar\\\/af6e19837c3d6a212034a48c7b3818d2ac1826f6025df0155da5a186ad321d79?s=96&d=mm&r=g\",\"url\":\"https:\\\/\\\/secure.gravatar.com\\\/avatar\\\/af6e19837c3d6a212034a48c7b3818d2ac1826f6025df0155da5a186ad321d79?s=96&d=mm&r=g\",\"contentUrl\":\"https:\\\/\\\/secure.gravatar.com\\\/avatar\\\/af6e19837c3d6a212034a48c7b3818d2ac1826f6025df0155da5a186ad321d79?s=96&d=mm&r=g\",\"caption\":\"E-GRUPOCLAN\"},\"sameAs\":[\"https:\\\/\\\/radioclanfm.com\"],\"url\":\"https:\\\/\\\/radioclanfm.com\\\/clanespectaculos\\\/author\\\/admin\\\/\"}]}<\/script>\n<!-- \/ Yoast SEO plugin. -->","yoast_head_json":{"title":"El fuerte posteo de la exmujer de Pablo Lescano tras confirmar su separaci\u00f3n del cantante de \u201cDamas Gratis\u201d - CLAN ESPECTACULOS","robots":{"index":"index","follow":"follow","max-snippet":"max-snippet:-1","max-image-preview":"max-image-preview:large","max-video-preview":"max-video-preview:-1"},"canonical":"https:\/\/radioclanfm.com\/clanespectaculos\/el-fuerte-posteo-de-la-exmujer-de-pablo-lescano-tras-confirmar-su-separacion-del-cantante-de-damas-gratis\/","og_locale":"es_ES","og_type":"article","og_title":"El fuerte posteo de la exmujer de Pablo Lescano tras confirmar su separaci\u00f3n del cantante de \u201cDamas Gratis\u201d - CLAN ESPECTACULOS","og_description":"Cecilia Calafell estuvo m\u00e1s de 20 a\u00f1os con el m\u00fasico, con quien fue mam\u00e1 de Toto y Marita. Esta semana se conoci\u00f3 la\u00a0separaci\u00f3n de Cecilia Calafell y Pablo Lescano, el l\u00edder de Damas Gratis. La noticia sali\u00f3 a la luz a trav\u00e9s de Fernanda Iglesias, quien habl\u00f3 de enga\u00f1os por parte del artista. En sus [&hellip;]","og_url":"https:\/\/radioclanfm.com\/clanespectaculos\/el-fuerte-posteo-de-la-exmujer-de-pablo-lescano-tras-confirmar-su-separacion-del-cantante-de-damas-gratis\/","og_site_name":"CLAN ESPECTACULOS","article_publisher":"https:\/\/www.facebook.com\/clanespectaculos\/","article_published_time":"2026-04-30T13:32:56+00:00","og_image":[{"width":900,"height":504,"url":"https:\/\/radioclanfm.com\/clanespectaculos\/wp-content\/uploads\/sites\/2\/2026\/04\/YO_IKewW.jpg","type":"image\/jpeg"}],"author":"E-GRUPOCLAN","twitter_card":"summary_large_image","twitter_creator":"@clanespectok","twitter_site":"@clanespectok","twitter_misc":{"Escrito por":"E-GRUPOCLAN","Tiempo de lectura":"4 minutos"},"schema":{"@context":"https:\/\/schema.org","@graph":[{"@type":"Article","@id":"https:\/\/radioclanfm.com\/clanespectaculos\/el-fuerte-posteo-de-la-exmujer-de-pablo-lescano-tras-confirmar-su-separacion-del-cantante-de-damas-gratis\/#article","isPartOf":{"@id":"https:\/\/radioclanfm.com\/clanespectaculos\/el-fuerte-posteo-de-la-exmujer-de-pablo-lescano-tras-confirmar-su-separacion-del-cantante-de-damas-gratis\/"},"author":{"name":"E-GRUPOCLAN","@id":"https:\/\/radioclanfm.com\/clanespectaculos\/#\/schema\/person\/9734813083303230f3ad84d99171b20c"},"headline":"El fuerte posteo de la exmujer de Pablo Lescano tras confirmar su separaci\u00f3n del cantante de \u201cDamas Gratis\u201d","datePublished":"2026-04-30T13:32:56+00:00","mainEntityOfPage":{"@id":"https:\/\/radioclanfm.com\/clanespectaculos\/el-fuerte-posteo-de-la-exmujer-de-pablo-lescano-tras-confirmar-su-separacion-del-cantante-de-damas-gratis\/"},"wordCount":515,"commentCount":0,"publisher":{"@id":"https:\/\/radioclanfm.com\/clanespectaculos\/#organization"},"image":{"@id":"https:\/\/radioclanfm.com\/clanespectaculos\/el-fuerte-posteo-de-la-exmujer-de-pablo-lescano-tras-confirmar-su-separacion-del-cantante-de-damas-gratis\/#primaryimage"},"thumbnailUrl":"https:\/\/radioclanfm.com\/clanespectaculos\/wp-content\/uploads\/sites\/2\/2026\/04\/YO_IKewW.jpg","articleSection":["Espectaculos"],"inLanguage":"es-AR","potentialAction":[{"@type":"CommentAction","name":"Comment","target":["https:\/\/radioclanfm.com\/clanespectaculos\/el-fuerte-posteo-de-la-exmujer-de-pablo-lescano-tras-confirmar-su-separacion-del-cantante-de-damas-gratis\/#respond"]}]},{"@type":"WebPage","@id":"https:\/\/radioclanfm.com\/clanespectaculos\/el-fuerte-posteo-de-la-exmujer-de-pablo-lescano-tras-confirmar-su-separacion-del-cantante-de-damas-gratis\/","url":"https:\/\/radioclanfm.com\/clanespectaculos\/el-fuerte-posteo-de-la-exmujer-de-pablo-lescano-tras-confirmar-su-separacion-del-cantante-de-damas-gratis\/","name":"El fuerte posteo de la exmujer de Pablo Lescano tras confirmar su separaci\u00f3n del cantante de \u201cDamas Gratis\u201d - CLAN ESPECTACULOS","isPartOf":{"@id":"https:\/\/radioclanfm.com\/clanespectaculos\/#website"},"primaryImageOfPage":{"@id":"https:\/\/radioclanfm.com\/clanespectaculos\/el-fuerte-posteo-de-la-exmujer-de-pablo-lescano-tras-confirmar-su-separacion-del-cantante-de-damas-gratis\/#primaryimage"},"image":{"@id":"https:\/\/radioclanfm.com\/clanespectaculos\/el-fuerte-posteo-de-la-exmujer-de-pablo-lescano-tras-confirmar-su-separacion-del-cantante-de-damas-gratis\/#primaryimage"},"thumbnailUrl":"https:\/\/radioclanfm.com\/clanespectaculos\/wp-content\/uploads\/sites\/2\/2026\/04\/YO_IKewW.jpg","datePublished":"2026-04-30T13:32:56+00:00","breadcrumb":{"@id":"https:\/\/radioclanfm.com\/clanespectaculos\/el-fuerte-posteo-de-la-exmujer-de-pablo-lescano-tras-confirmar-su-separacion-del-cantante-de-damas-gratis\/#breadcrumb"},"inLanguage":"es-AR","potentialAction":[{"@type":"ReadAction","target":["https:\/\/radioclanfm.com\/clanespectaculos\/el-fuerte-posteo-de-la-exmujer-de-pablo-lescano-tras-confirmar-su-separacion-del-cantante-de-damas-gratis\/"]}]},{"@type":"ImageObject","inLanguage":"es-AR","@id":"https:\/\/radioclanfm.com\/clanespectaculos\/el-fuerte-posteo-de-la-exmujer-de-pablo-lescano-tras-confirmar-su-separacion-del-cantante-de-damas-gratis\/#primaryimage","url":"https:\/\/radioclanfm.com\/clanespectaculos\/wp-content\/uploads\/sites\/2\/2026\/04\/YO_IKewW.jpg","contentUrl":"https:\/\/radioclanfm.com\/clanespectaculos\/wp-content\/uploads\/sites\/2\/2026\/04\/YO_IKewW.jpg","width":900,"height":504},{"@type":"BreadcrumbList","@id":"https:\/\/radioclanfm.com\/clanespectaculos\/el-fuerte-posteo-de-la-exmujer-de-pablo-lescano-tras-confirmar-su-separacion-del-cantante-de-damas-gratis\/#breadcrumb","itemListElement":[{"@type":"ListItem","position":1,"name":"Inicio","item":"https:\/\/radioclanfm.com\/clanespectaculos\/"},{"@type":"ListItem","position":2,"name":"El fuerte posteo de la exmujer de Pablo Lescano tras confirmar su separaci\u00f3n del cantante de \u201cDamas Gratis\u201d"}]},{"@type":"WebSite","@id":"https:\/\/radioclanfm.com\/clanespectaculos\/#website","url":"https:\/\/radioclanfm.com\/clanespectaculos\/","name":"CLAN ESPECTACULOS","description":"","publisher":{"@id":"https:\/\/radioclanfm.com\/clanespectaculos\/#organization"},"potentialAction":[{"@type":"SearchAction","target":{"@type":"EntryPoint","urlTemplate":"https:\/\/radioclanfm.com\/clanespectaculos\/?s={search_term_string}"},"query-input":{"@type":"PropertyValueSpecification","valueRequired":true,"valueName":"search_term_string"}}],"inLanguage":"es-AR"},{"@type":"Organization","@id":"https:\/\/radioclanfm.com\/clanespectaculos\/#organization","name":"CLAN ESPECTACULOS","url":"https:\/\/radioclanfm.com\/clanespectaculos\/","logo":{"@type":"ImageObject","inLanguage":"es-AR","@id":"https:\/\/radioclanfm.com\/clanespectaculos\/#\/schema\/logo\/image\/","url":"https:\/\/radioclanfm.com\/clanespectaculos\/wp-content\/uploads\/sites\/2\/2026\/04\/ChatGPT-Image-23-mar-2026-10_09_00.png","contentUrl":"https:\/\/radioclanfm.com\/clanespectaculos\/wp-content\/uploads\/sites\/2\/2026\/04\/ChatGPT-Image-23-mar-2026-10_09_00.png","width":1024,"height":1024,"caption":"CLAN ESPECTACULOS"},"image":{"@id":"https:\/\/radioclanfm.com\/clanespectaculos\/#\/schema\/logo\/image\/"},"sameAs":["https:\/\/www.facebook.com\/clanespectaculos\/","https:\/\/x.com\/clanespectok"]},{"@type":"Person","@id":"https:\/\/radioclanfm.com\/clanespectaculos\/#\/schema\/person\/9734813083303230f3ad84d99171b20c","name":"E-GRUPOCLAN","image":{"@type":"ImageObject","inLanguage":"es-AR","@id":"https:\/\/secure.gravatar.com\/avatar\/af6e19837c3d6a212034a48c7b3818d2ac1826f6025df0155da5a186ad321d79?s=96&d=mm&r=g","url":"https:\/\/secure.gravatar.com\/avatar\/af6e19837c3d6a212034a48c7b3818d2ac1826f6025df0155da5a186ad321d79?s=96&d=mm&r=g","contentUrl":"https:\/\/secure.gravatar.com\/avatar\/af6e19837c3d6a212034a48c7b3818d2ac1826f6025df0155da5a186ad321d79?s=96&d=mm&r=g","caption":"E-GRUPOCLAN"},"sameAs":["https:\/\/radioclanfm.com"],"url":"https:\/\/radioclanfm.com\/clanespectaculos\/author\/admin\/"}]}},"_links":{"self":[{"href":"https:\/\/radioclanfm.com\/clanespectaculos\/wp-json\/wp\/v2\/posts\/15980","targetHints":{"allow":["GET"]}}],"collection":[{"href":"https:\/\/radioclanfm.com\/clanespectaculos\/wp-json\/wp\/v2\/posts"}],"about":[{"href":"https:\/\/radioclanfm.com\/clanespectaculos\/wp-json\/wp\/v2\/types\/post"}],"author":[{"embeddable":true,"href":"https:\/\/radioclanfm.com\/clanespectaculos\/wp-json\/wp\/v2\/users\/1"}],"replies":[{"embeddable":true,"href":"https:\/\/radioclanfm.com\/clanespectaculos\/wp-json\/wp\/v2\/comments?post=15980"}],"version-history":[{"count":1,"href":"https:\/\/radioclanfm.com\/clanespectaculos\/wp-json\/wp\/v2\/posts\/15980\/revisions"}],"predecessor-version":[{"id":15982,"href":"https:\/\/radioclanfm.com\/clanespectaculos\/wp-json\/wp\/v2\/posts\/15980\/revisions\/15982"}],"wp:featuredmedia":[{"embeddable":true,"href":"https:\/\/radioclanfm.com\/clanespectaculos\/wp-json\/wp\/v2\/media\/15981"}],"wp:attachment":[{"href":"https:\/\/radioclanfm.com\/clanespectaculos\/wp-json\/wp\/v2\/media?parent=15980"}],"wp:term":[{"taxonomy":"category","embeddable":true,"href":"https:\/\/radioclanfm.com\/clanespectaculos\/wp-json\/wp\/v2\/categories?post=15980"},{"taxonomy":"post_tag","embeddable":true,"href":"https:\/\/radioclanfm.com\/clanespectaculos\/wp-json\/wp\/v2\/tags?post=15980"}],"curies":[{"name":"wp","href":"https:\/\/api.w.org\/{rel}","templated":true}]}}