{"id":15977,"date":"2026-04-30T10:31:32","date_gmt":"2026-04-30T13:31:32","guid":{"rendered":"https:\/\/radioclanfm.com\/clanespectaculos\/?p=15977"},"modified":"2026-04-30T10:31:32","modified_gmt":"2026-04-30T13:31:32","slug":"nicole-neumann-recordo-las-exigencias-de-los-castings-que-hizo-cuando-vivio-en-paris-a-los-18-anos","status":"publish","type":"post","link":"https:\/\/radioclanfm.com\/clanespectaculos\/nicole-neumann-recordo-las-exigencias-de-los-castings-que-hizo-cuando-vivio-en-paris-a-los-18-anos\/","title":{"rendered":"Nicole Neumann record\u00f3 las exigencias de los castings que hizo cuando vivi\u00f3 en Par\u00eds a los 18 a\u00f1os"},"content":{"rendered":"<p>La modelo repas\u00f3 la etapa de su juventud en la que trabaj\u00f3 para reconocidas marcas europeas.<\/p>\n<div class=\"col-content\"><main class=\"col-content\"><\/p>\n<div class=\"default-article-color article__body article__article\">\n<p class=\"paragraph font__body-regular\">En medio del furor por el estreno de\u00a0<i>El Diablo viste a la Moda 2<\/i>,\u00a0<b>Nicole Neumann<\/b>\u00a0record\u00f3 las exigencias de los castings que hizo cuando vivi\u00f3 en Par\u00eds a los\u00a0<b>18 a\u00f1os\u00a0<\/b>con Claudia, su mam\u00e1.<\/p>\n<div id=\"ad-slot-infeed\" class=\"infeed-container ad-slot-infeed ad-slot\" data-adtype=\"infeed\" data-lazyload=\"1\" data-google-query-id=\"CMj9lMjXlZQDFYgcHgAdH3QjtQ\">\n<div id=\"google_ads_iframe_\/113951150\/tn-arc\/nota\/infeed_0__container__\"><\/div>\n<\/div>\n<p class=\"paragraph font__body-regular\">Al aire de su programa de streaming, la modelo habl\u00f3 de la \u00e9poca en la que trabaj\u00f3 para reconocidas marcas europeas, entre 1998 y 1999.\u00a0<b>\u201cEste ambiente es muy duro, fr\u00edvolo\u201d<\/b>, reflexion\u00f3 ella.<\/p>\n<div data-mrf-experience=\"IL_RNrGCM52Q_ui4aMax3fibg\"><\/div>\n<p class=\"paragraph font__body-regular\">\u201cViv\u00ed un a\u00f1o trabajando en Par\u00eds,\u00a0<b>iba a los castings y son medio as\u00ed<\/b>\u201d, dijo ella para hacer referencia a los productores de moda que hacen la selecci\u00f3n. \u201cSe sientan y te dicen: \u2018\u00bfC\u00f3mo es tu nombre? A ver, desfil\u00e1&#8230;\u2019\u201c, expres\u00f3 Nicole mientras imitaba el trato de estas personas.<\/p>\n<figure class=\"\" data-testid=\"figure-testid\">\n<div class=\"aspect_ratio__container\"><picture class=\"responsive-image\"><source srcset=\"https:\/\/tn.com.ar\/resizer\/v2\/nicole-neumann-conto-como-eran-los-castings-en-paris-foto-instagramsoloconniki-CLFCLICQKFH57OGTBOSP3KGRE4.PNG?auth=42c667cce467943e85609ea1eb6b6b5d7123b38b77be9a92b02093fc525ff81a&amp;width=767\" type=\"image\/jpg\" media=\"(max-width: 728px)\" \/><source srcset=\"https:\/\/tn.com.ar\/resizer\/v2\/nicole-neumann-conto-como-eran-los-castings-en-paris-foto-instagramsoloconniki-CLFCLICQKFH57OGTBOSP3KGRE4.PNG?auth=42c667cce467943e85609ea1eb6b6b5d7123b38b77be9a92b02093fc525ff81a&amp;width=1023\" type=\"image\/jpg\" media=\"(max-width: 1023px)\" \/><source srcset=\"https:\/\/tn.com.ar\/resizer\/v2\/nicole-neumann-conto-como-eran-los-castings-en-paris-foto-instagramsoloconniki-CLFCLICQKFH57OGTBOSP3KGRE4.PNG?auth=42c667cce467943e85609ea1eb6b6b5d7123b38b77be9a92b02093fc525ff81a&amp;width=1440\" type=\"image\/jpg\" \/><img loading=\"lazy\" decoding=\"async\" class=\"image content-image image_placeholder\" src=\"https:\/\/tn.com.ar\/resizer\/v2\/nicole-neumann-conto-como-eran-los-castings-en-paris-foto-instagramsoloconniki-CLFCLICQKFH57OGTBOSP3KGRE4.PNG?auth=42c667cce467943e85609ea1eb6b6b5d7123b38b77be9a92b02093fc525ff81a&amp;width=767\" alt=\"Nicole Neumann cont\u00f3 c\u00f3mo eran los castings en Par\u00eds. (Foto: Instagram\/soloconniki)\" width=\"767\" height=\"1233\" data-testid=\"loading-testid\" \/><\/picture><\/div><figcaption class=\"caption_image\" data-testid=\"figcaption-testid\">\n<div class=\"image_caption \">Nicole Neumann cont\u00f3 c\u00f3mo eran los castings en Par\u00eds. (Foto: Instagram\/soloconniki)<\/div>\n<\/figcaption><\/figure>\n<p class=\"paragraph font__body-regular\">\u201cVe\u00edas chicas que eran de Rusia, Hong Kong&#8230; \u00c9ramos un mont\u00f3n haciendo castings. Y de repente escuchabas que dec\u00edan: \u2018No vos no, bueno que pase otra\u2019. Y<b>\u00a0es refeo el trato<\/b>\u201d, asegur\u00f3 Neumann.<\/p>\n<p class=\"paragraph font__body-regular\">Sobre esos meses en Par\u00eds, Nicole record\u00f3: \u201cNos alojaron en un departamento que ten\u00eda el due\u00f1o de la agencia. Hab\u00eda otra chica y yo estaba con mi mam\u00e1. A ella la ve\u00edamos pasar todas las noches con<b>\u00a0un t\u00e9 y una manzana<\/b>. Literal\u201d.<\/p>\n<p class=\"paragraph font__body-regular\"><b>\u201cEs duro este ambiente, es muy fr\u00edvolo\u201d<\/b>, repiti\u00f3 la top model sobre las experiencias que atraves\u00f3. En el programa tambi\u00e9n estaba presente su hermana Gege que dio cr\u00e9dito de este tipo de situaciones.<\/p>\n<p class=\"paragraph font__body-regular\">\u201cAc\u00e1 en Argentina vos ibas a un casting y ten\u00edas que ir toda producida. Nicki cuando lleg\u00f3 a Par\u00eds se pon\u00eda un poco de maquillaje y le dijeron: \u2018No, no. Ac\u00e1 a cara lavada, reci\u00e9n levantada\u2019\u201d, cont\u00f3 Geg\u00e9.<\/p>\n<h2 class=\"font--primary font__display\">As\u00ed se visti\u00f3 Nicole Neumann para \u201cEl diablo Viste a la Moda 2\u2033<\/h2>\n<p class=\"paragraph font__body-regular\">El evento de presentaci\u00f3n de\u00a0<i><b>El diablo viste a la moda 2<\/b><\/i>\u00a0se realiz\u00f3 ayer en el MALBA y reuni\u00f3 a destacadas figuras de la moda y el espect\u00e1culo. La noche tuvo un aire sofisticado y elegante, con una consigna clara: el negro y rojo deb\u00edan dominar cada elecci\u00f3n de vestuario.<\/p>\n<figure class=\"\" data-testid=\"figure-testid\">\n<div class=\"aspect_ratio__container\"><picture class=\"responsive-image\"><source srcset=\"https:\/\/tn.com.ar\/resizer\/v2\/nicole-neumann-lucio-clasica-con-un-look-de-dos-piezas-foto-movilpress-WWSASYXRYRAH5JFVAUCMMOASGA.JPG?auth=3b9b99dc17b48d08716abaa0e64881ac0120d75c1c4e81463ee39b34724492a2&amp;width=767\" type=\"image\/jpg\" media=\"(max-width: 728px)\" \/><source srcset=\"https:\/\/tn.com.ar\/resizer\/v2\/nicole-neumann-lucio-clasica-con-un-look-de-dos-piezas-foto-movilpress-WWSASYXRYRAH5JFVAUCMMOASGA.JPG?auth=3b9b99dc17b48d08716abaa0e64881ac0120d75c1c4e81463ee39b34724492a2&amp;width=1023\" type=\"image\/jpg\" media=\"(max-width: 1023px)\" \/><source srcset=\"https:\/\/tn.com.ar\/resizer\/v2\/nicole-neumann-lucio-clasica-con-un-look-de-dos-piezas-foto-movilpress-WWSASYXRYRAH5JFVAUCMMOASGA.JPG?auth=3b9b99dc17b48d08716abaa0e64881ac0120d75c1c4e81463ee39b34724492a2&amp;width=1440\" type=\"image\/jpg\" \/><img loading=\"lazy\" decoding=\"async\" class=\"image content-image image_placeholder\" src=\"https:\/\/tn.com.ar\/resizer\/v2\/nicole-neumann-lucio-clasica-con-un-look-de-dos-piezas-foto-movilpress-WWSASYXRYRAH5JFVAUCMMOASGA.JPG?auth=3b9b99dc17b48d08716abaa0e64881ac0120d75c1c4e81463ee39b34724492a2&amp;width=767\" alt=\"Nicole Neumann luci\u00f3 cl\u00e1sica con un look de dos piezas (Foto: Movilpress)\" width=\"767\" height=\"1151\" data-testid=\"loading-testid\" \/><\/picture><\/div><figcaption class=\"caption_image\" data-testid=\"figcaption-testid\">\n<div class=\"image_caption \">Nicole Neumann luci\u00f3 cl\u00e1sica con un look de dos piezas (Foto: Movilpress)<\/div>\n<\/figcaption><\/figure>\n<p class=\"paragraph font__body-regular\"><b>Nicole Neumann opt\u00f3 por lucir un dos piezas al cuerpo\u00a0<\/b>en tonos azules oscuros,\u00a0<b>m\u00e1s relajado y de su estilo<\/b>.<\/p>\n<p class=\"paragraph font__body-regular\">Us\u00f3 un\u00a0<b>body musculosa de cuello alto\u00a0<\/b>que enmarc\u00f3 su busto junto a\u00a0<b>falda tubo midi de cuero azul<\/b>. Combin\u00f3 este look al cuerpo con\u00a0<b>medias transparentes negras y Stilettos\u00a0<\/b>bajos tambi\u00e9n en negro.<\/p>\n<\/div>\n<p><\/main><\/div>\n<aside class=\"col-right-rail right-rail\">\n<div id=\"parent-ad-slot-caja\" class=\"ad-container caja_ad \">\n<div class=\"ad-content\"><\/div>\n<\/div>\n<\/aside>\n","protected":false},"excerpt":{"rendered":"<p>La modelo repas\u00f3 la etapa de su juventud en la que trabaj\u00f3 para reconocidas marcas europeas. En medio del furor por el estreno de\u00a0El Diablo viste a la Moda 2,\u00a0Nicole Neumann\u00a0record\u00f3 las exigencias de los castings que hizo cuando vivi\u00f3 en Par\u00eds a los\u00a018 a\u00f1os\u00a0con Claudia, su mam\u00e1. Al aire de su programa de streaming, [&hellip;]<\/p>\n","protected":false},"author":1,"featured_media":15978,"comment_status":"open","ping_status":"open","sticky":false,"template":"","format":"standard","meta":{"rop_custom_images_group":[],"rop_custom_messages_group":[],"rop_publish_now":"initial","rop_publish_now_accounts":[],"rop_publish_now_history":[],"rop_publish_now_status":"pending","footnotes":"","jetpack_publicize_message":"","jetpack_publicize_feature_enabled":true,"jetpack_social_post_already_shared":true,"jetpack_social_options":{"image_generator_settings":{"template":"highway","enabled":false},"version":2}},"categories":[12],"tags":[],"class_list":{"0":"post-15977","1":"post","2":"type-post","3":"status-publish","4":"format-standard","5":"has-post-thumbnail","7":"category-espectaculos"},"jetpack_publicize_connections":[],"yoast_head":"<!-- This site is optimized with the Yoast SEO plugin v27.3 - https:\/\/yoast.com\/product\/yoast-seo-wordpress\/ -->\n<title>Nicole Neumann record\u00f3 las exigencias de los castings que hizo cuando vivi\u00f3 en Par\u00eds a los 18 a\u00f1os - CLAN ESPECTACULOS<\/title>\n<meta name=\"robots\" content=\"index, follow, max-snippet:-1, max-image-preview:large, max-video-preview:-1\" \/>\n<link rel=\"canonical\" href=\"https:\/\/radioclanfm.com\/clanespectaculos\/nicole-neumann-recordo-las-exigencias-de-los-castings-que-hizo-cuando-vivio-en-paris-a-los-18-anos\/\" \/>\n<meta property=\"og:locale\" content=\"es_ES\" \/>\n<meta property=\"og:type\" content=\"article\" \/>\n<meta property=\"og:title\" content=\"Nicole Neumann record\u00f3 las exigencias de los castings que hizo cuando vivi\u00f3 en Par\u00eds a los 18 a\u00f1os - CLAN ESPECTACULOS\" \/>\n<meta property=\"og:description\" content=\"La modelo repas\u00f3 la etapa de su juventud en la que trabaj\u00f3 para reconocidas marcas europeas. En medio del furor por el estreno de\u00a0El Diablo viste a la Moda 2,\u00a0Nicole Neumann\u00a0record\u00f3 las exigencias de los castings que hizo cuando vivi\u00f3 en Par\u00eds a los\u00a018 a\u00f1os\u00a0con Claudia, su mam\u00e1. Al aire de su programa de streaming, [&hellip;]\" \/>\n<meta property=\"og:url\" content=\"https:\/\/radioclanfm.com\/clanespectaculos\/nicole-neumann-recordo-las-exigencias-de-los-castings-que-hizo-cuando-vivio-en-paris-a-los-18-anos\/\" \/>\n<meta property=\"og:site_name\" content=\"CLAN ESPECTACULOS\" \/>\n<meta property=\"article:publisher\" content=\"https:\/\/www.facebook.com\/clanespectaculos\/\" \/>\n<meta property=\"article:published_time\" content=\"2026-04-30T13:31:32+00:00\" \/>\n<meta property=\"og:image\" content=\"https:\/\/radioclanfm.com\/clanespectaculos\/wp-content\/uploads\/sites\/2\/2026\/04\/d90VoxhJ.jpg\" \/>\n\t<meta property=\"og:image:width\" content=\"900\" \/>\n\t<meta property=\"og:image:height\" content=\"504\" \/>\n\t<meta property=\"og:image:type\" content=\"image\/jpeg\" \/>\n<meta name=\"author\" content=\"E-GRUPOCLAN\" \/>\n<meta name=\"twitter:card\" content=\"summary_large_image\" \/>\n<meta name=\"twitter:creator\" content=\"@clanespectok\" \/>\n<meta name=\"twitter:site\" content=\"@clanespectok\" \/>\n<meta name=\"twitter:label1\" content=\"Escrito por\" \/>\n\t<meta name=\"twitter:data1\" content=\"E-GRUPOCLAN\" \/>\n\t<meta name=\"twitter:label2\" content=\"Tiempo de lectura\" \/>\n\t<meta name=\"twitter:data2\" content=\"3 minutos\" \/>\n<script type=\"application\/ld+json\" class=\"yoast-schema-graph\">{\"@context\":\"https:\\\/\\\/schema.org\",\"@graph\":[{\"@type\":\"Article\",\"@id\":\"https:\\\/\\\/radioclanfm.com\\\/clanespectaculos\\\/nicole-neumann-recordo-las-exigencias-de-los-castings-que-hizo-cuando-vivio-en-paris-a-los-18-anos\\\/#article\",\"isPartOf\":{\"@id\":\"https:\\\/\\\/radioclanfm.com\\\/clanespectaculos\\\/nicole-neumann-recordo-las-exigencias-de-los-castings-que-hizo-cuando-vivio-en-paris-a-los-18-anos\\\/\"},\"author\":{\"name\":\"E-GRUPOCLAN\",\"@id\":\"https:\\\/\\\/radioclanfm.com\\\/clanespectaculos\\\/#\\\/schema\\\/person\\\/9734813083303230f3ad84d99171b20c\"},\"headline\":\"Nicole Neumann record\u00f3 las exigencias de los castings que hizo cuando vivi\u00f3 en Par\u00eds a los 18 a\u00f1os\",\"datePublished\":\"2026-04-30T13:31:32+00:00\",\"mainEntityOfPage\":{\"@id\":\"https:\\\/\\\/radioclanfm.com\\\/clanespectaculos\\\/nicole-neumann-recordo-las-exigencias-de-los-castings-que-hizo-cuando-vivio-en-paris-a-los-18-anos\\\/\"},\"wordCount\":468,\"commentCount\":0,\"publisher\":{\"@id\":\"https:\\\/\\\/radioclanfm.com\\\/clanespectaculos\\\/#organization\"},\"image\":{\"@id\":\"https:\\\/\\\/radioclanfm.com\\\/clanespectaculos\\\/nicole-neumann-recordo-las-exigencias-de-los-castings-que-hizo-cuando-vivio-en-paris-a-los-18-anos\\\/#primaryimage\"},\"thumbnailUrl\":\"https:\\\/\\\/radioclanfm.com\\\/clanespectaculos\\\/wp-content\\\/uploads\\\/sites\\\/2\\\/2026\\\/04\\\/d90VoxhJ.jpg\",\"articleSection\":[\"Espectaculos\"],\"inLanguage\":\"es-AR\",\"potentialAction\":[{\"@type\":\"CommentAction\",\"name\":\"Comment\",\"target\":[\"https:\\\/\\\/radioclanfm.com\\\/clanespectaculos\\\/nicole-neumann-recordo-las-exigencias-de-los-castings-que-hizo-cuando-vivio-en-paris-a-los-18-anos\\\/#respond\"]}]},{\"@type\":\"WebPage\",\"@id\":\"https:\\\/\\\/radioclanfm.com\\\/clanespectaculos\\\/nicole-neumann-recordo-las-exigencias-de-los-castings-que-hizo-cuando-vivio-en-paris-a-los-18-anos\\\/\",\"url\":\"https:\\\/\\\/radioclanfm.com\\\/clanespectaculos\\\/nicole-neumann-recordo-las-exigencias-de-los-castings-que-hizo-cuando-vivio-en-paris-a-los-18-anos\\\/\",\"name\":\"Nicole Neumann record\u00f3 las exigencias de los castings que hizo cuando vivi\u00f3 en Par\u00eds a los 18 a\u00f1os - CLAN ESPECTACULOS\",\"isPartOf\":{\"@id\":\"https:\\\/\\\/radioclanfm.com\\\/clanespectaculos\\\/#website\"},\"primaryImageOfPage\":{\"@id\":\"https:\\\/\\\/radioclanfm.com\\\/clanespectaculos\\\/nicole-neumann-recordo-las-exigencias-de-los-castings-que-hizo-cuando-vivio-en-paris-a-los-18-anos\\\/#primaryimage\"},\"image\":{\"@id\":\"https:\\\/\\\/radioclanfm.com\\\/clanespectaculos\\\/nicole-neumann-recordo-las-exigencias-de-los-castings-que-hizo-cuando-vivio-en-paris-a-los-18-anos\\\/#primaryimage\"},\"thumbnailUrl\":\"https:\\\/\\\/radioclanfm.com\\\/clanespectaculos\\\/wp-content\\\/uploads\\\/sites\\\/2\\\/2026\\\/04\\\/d90VoxhJ.jpg\",\"datePublished\":\"2026-04-30T13:31:32+00:00\",\"breadcrumb\":{\"@id\":\"https:\\\/\\\/radioclanfm.com\\\/clanespectaculos\\\/nicole-neumann-recordo-las-exigencias-de-los-castings-que-hizo-cuando-vivio-en-paris-a-los-18-anos\\\/#breadcrumb\"},\"inLanguage\":\"es-AR\",\"potentialAction\":[{\"@type\":\"ReadAction\",\"target\":[\"https:\\\/\\\/radioclanfm.com\\\/clanespectaculos\\\/nicole-neumann-recordo-las-exigencias-de-los-castings-que-hizo-cuando-vivio-en-paris-a-los-18-anos\\\/\"]}]},{\"@type\":\"ImageObject\",\"inLanguage\":\"es-AR\",\"@id\":\"https:\\\/\\\/radioclanfm.com\\\/clanespectaculos\\\/nicole-neumann-recordo-las-exigencias-de-los-castings-que-hizo-cuando-vivio-en-paris-a-los-18-anos\\\/#primaryimage\",\"url\":\"https:\\\/\\\/radioclanfm.com\\\/clanespectaculos\\\/wp-content\\\/uploads\\\/sites\\\/2\\\/2026\\\/04\\\/d90VoxhJ.jpg\",\"contentUrl\":\"https:\\\/\\\/radioclanfm.com\\\/clanespectaculos\\\/wp-content\\\/uploads\\\/sites\\\/2\\\/2026\\\/04\\\/d90VoxhJ.jpg\",\"width\":900,\"height\":504},{\"@type\":\"BreadcrumbList\",\"@id\":\"https:\\\/\\\/radioclanfm.com\\\/clanespectaculos\\\/nicole-neumann-recordo-las-exigencias-de-los-castings-que-hizo-cuando-vivio-en-paris-a-los-18-anos\\\/#breadcrumb\",\"itemListElement\":[{\"@type\":\"ListItem\",\"position\":1,\"name\":\"Inicio\",\"item\":\"https:\\\/\\\/radioclanfm.com\\\/clanespectaculos\\\/\"},{\"@type\":\"ListItem\",\"position\":2,\"name\":\"Nicole Neumann record\u00f3 las exigencias de los castings que hizo cuando vivi\u00f3 en Par\u00eds a los 18 a\u00f1os\"}]},{\"@type\":\"WebSite\",\"@id\":\"https:\\\/\\\/radioclanfm.com\\\/clanespectaculos\\\/#website\",\"url\":\"https:\\\/\\\/radioclanfm.com\\\/clanespectaculos\\\/\",\"name\":\"CLAN ESPECTACULOS\",\"description\":\"\",\"publisher\":{\"@id\":\"https:\\\/\\\/radioclanfm.com\\\/clanespectaculos\\\/#organization\"},\"potentialAction\":[{\"@type\":\"SearchAction\",\"target\":{\"@type\":\"EntryPoint\",\"urlTemplate\":\"https:\\\/\\\/radioclanfm.com\\\/clanespectaculos\\\/?s={search_term_string}\"},\"query-input\":{\"@type\":\"PropertyValueSpecification\",\"valueRequired\":true,\"valueName\":\"search_term_string\"}}],\"inLanguage\":\"es-AR\"},{\"@type\":\"Organization\",\"@id\":\"https:\\\/\\\/radioclanfm.com\\\/clanespectaculos\\\/#organization\",\"name\":\"CLAN ESPECTACULOS\",\"url\":\"https:\\\/\\\/radioclanfm.com\\\/clanespectaculos\\\/\",\"logo\":{\"@type\":\"ImageObject\",\"inLanguage\":\"es-AR\",\"@id\":\"https:\\\/\\\/radioclanfm.com\\\/clanespectaculos\\\/#\\\/schema\\\/logo\\\/image\\\/\",\"url\":\"https:\\\/\\\/radioclanfm.com\\\/clanespectaculos\\\/wp-content\\\/uploads\\\/sites\\\/2\\\/2026\\\/04\\\/ChatGPT-Image-23-mar-2026-10_09_00.png\",\"contentUrl\":\"https:\\\/\\\/radioclanfm.com\\\/clanespectaculos\\\/wp-content\\\/uploads\\\/sites\\\/2\\\/2026\\\/04\\\/ChatGPT-Image-23-mar-2026-10_09_00.png\",\"width\":1024,\"height\":1024,\"caption\":\"CLAN ESPECTACULOS\"},\"image\":{\"@id\":\"https:\\\/\\\/radioclanfm.com\\\/clanespectaculos\\\/#\\\/schema\\\/logo\\\/image\\\/\"},\"sameAs\":[\"https:\\\/\\\/www.facebook.com\\\/clanespectaculos\\\/\",\"https:\\\/\\\/x.com\\\/clanespectok\"]},{\"@type\":\"Person\",\"@id\":\"https:\\\/\\\/radioclanfm.com\\\/clanespectaculos\\\/#\\\/schema\\\/person\\\/9734813083303230f3ad84d99171b20c\",\"name\":\"E-GRUPOCLAN\",\"image\":{\"@type\":\"ImageObject\",\"inLanguage\":\"es-AR\",\"@id\":\"https:\\\/\\\/secure.gravatar.com\\\/avatar\\\/af6e19837c3d6a212034a48c7b3818d2ac1826f6025df0155da5a186ad321d79?s=96&d=mm&r=g\",\"url\":\"https:\\\/\\\/secure.gravatar.com\\\/avatar\\\/af6e19837c3d6a212034a48c7b3818d2ac1826f6025df0155da5a186ad321d79?s=96&d=mm&r=g\",\"contentUrl\":\"https:\\\/\\\/secure.gravatar.com\\\/avatar\\\/af6e19837c3d6a212034a48c7b3818d2ac1826f6025df0155da5a186ad321d79?s=96&d=mm&r=g\",\"caption\":\"E-GRUPOCLAN\"},\"sameAs\":[\"https:\\\/\\\/radioclanfm.com\"],\"url\":\"https:\\\/\\\/radioclanfm.com\\\/clanespectaculos\\\/author\\\/admin\\\/\"}]}<\/script>\n<!-- \/ Yoast SEO plugin. -->","yoast_head_json":{"title":"Nicole Neumann record\u00f3 las exigencias de los castings que hizo cuando vivi\u00f3 en Par\u00eds a los 18 a\u00f1os - CLAN ESPECTACULOS","robots":{"index":"index","follow":"follow","max-snippet":"max-snippet:-1","max-image-preview":"max-image-preview:large","max-video-preview":"max-video-preview:-1"},"canonical":"https:\/\/radioclanfm.com\/clanespectaculos\/nicole-neumann-recordo-las-exigencias-de-los-castings-que-hizo-cuando-vivio-en-paris-a-los-18-anos\/","og_locale":"es_ES","og_type":"article","og_title":"Nicole Neumann record\u00f3 las exigencias de los castings que hizo cuando vivi\u00f3 en Par\u00eds a los 18 a\u00f1os - CLAN ESPECTACULOS","og_description":"La modelo repas\u00f3 la etapa de su juventud en la que trabaj\u00f3 para reconocidas marcas europeas. En medio del furor por el estreno de\u00a0El Diablo viste a la Moda 2,\u00a0Nicole Neumann\u00a0record\u00f3 las exigencias de los castings que hizo cuando vivi\u00f3 en Par\u00eds a los\u00a018 a\u00f1os\u00a0con Claudia, su mam\u00e1. Al aire de su programa de streaming, [&hellip;]","og_url":"https:\/\/radioclanfm.com\/clanespectaculos\/nicole-neumann-recordo-las-exigencias-de-los-castings-que-hizo-cuando-vivio-en-paris-a-los-18-anos\/","og_site_name":"CLAN ESPECTACULOS","article_publisher":"https:\/\/www.facebook.com\/clanespectaculos\/","article_published_time":"2026-04-30T13:31:32+00:00","og_image":[{"width":900,"height":504,"url":"https:\/\/radioclanfm.com\/clanespectaculos\/wp-content\/uploads\/sites\/2\/2026\/04\/d90VoxhJ.jpg","type":"image\/jpeg"}],"author":"E-GRUPOCLAN","twitter_card":"summary_large_image","twitter_creator":"@clanespectok","twitter_site":"@clanespectok","twitter_misc":{"Escrito por":"E-GRUPOCLAN","Tiempo de lectura":"3 minutos"},"schema":{"@context":"https:\/\/schema.org","@graph":[{"@type":"Article","@id":"https:\/\/radioclanfm.com\/clanespectaculos\/nicole-neumann-recordo-las-exigencias-de-los-castings-que-hizo-cuando-vivio-en-paris-a-los-18-anos\/#article","isPartOf":{"@id":"https:\/\/radioclanfm.com\/clanespectaculos\/nicole-neumann-recordo-las-exigencias-de-los-castings-que-hizo-cuando-vivio-en-paris-a-los-18-anos\/"},"author":{"name":"E-GRUPOCLAN","@id":"https:\/\/radioclanfm.com\/clanespectaculos\/#\/schema\/person\/9734813083303230f3ad84d99171b20c"},"headline":"Nicole Neumann record\u00f3 las exigencias de los castings que hizo cuando vivi\u00f3 en Par\u00eds a los 18 a\u00f1os","datePublished":"2026-04-30T13:31:32+00:00","mainEntityOfPage":{"@id":"https:\/\/radioclanfm.com\/clanespectaculos\/nicole-neumann-recordo-las-exigencias-de-los-castings-que-hizo-cuando-vivio-en-paris-a-los-18-anos\/"},"wordCount":468,"commentCount":0,"publisher":{"@id":"https:\/\/radioclanfm.com\/clanespectaculos\/#organization"},"image":{"@id":"https:\/\/radioclanfm.com\/clanespectaculos\/nicole-neumann-recordo-las-exigencias-de-los-castings-que-hizo-cuando-vivio-en-paris-a-los-18-anos\/#primaryimage"},"thumbnailUrl":"https:\/\/radioclanfm.com\/clanespectaculos\/wp-content\/uploads\/sites\/2\/2026\/04\/d90VoxhJ.jpg","articleSection":["Espectaculos"],"inLanguage":"es-AR","potentialAction":[{"@type":"CommentAction","name":"Comment","target":["https:\/\/radioclanfm.com\/clanespectaculos\/nicole-neumann-recordo-las-exigencias-de-los-castings-que-hizo-cuando-vivio-en-paris-a-los-18-anos\/#respond"]}]},{"@type":"WebPage","@id":"https:\/\/radioclanfm.com\/clanespectaculos\/nicole-neumann-recordo-las-exigencias-de-los-castings-que-hizo-cuando-vivio-en-paris-a-los-18-anos\/","url":"https:\/\/radioclanfm.com\/clanespectaculos\/nicole-neumann-recordo-las-exigencias-de-los-castings-que-hizo-cuando-vivio-en-paris-a-los-18-anos\/","name":"Nicole Neumann record\u00f3 las exigencias de los castings que hizo cuando vivi\u00f3 en Par\u00eds a los 18 a\u00f1os - CLAN ESPECTACULOS","isPartOf":{"@id":"https:\/\/radioclanfm.com\/clanespectaculos\/#website"},"primaryImageOfPage":{"@id":"https:\/\/radioclanfm.com\/clanespectaculos\/nicole-neumann-recordo-las-exigencias-de-los-castings-que-hizo-cuando-vivio-en-paris-a-los-18-anos\/#primaryimage"},"image":{"@id":"https:\/\/radioclanfm.com\/clanespectaculos\/nicole-neumann-recordo-las-exigencias-de-los-castings-que-hizo-cuando-vivio-en-paris-a-los-18-anos\/#primaryimage"},"thumbnailUrl":"https:\/\/radioclanfm.com\/clanespectaculos\/wp-content\/uploads\/sites\/2\/2026\/04\/d90VoxhJ.jpg","datePublished":"2026-04-30T13:31:32+00:00","breadcrumb":{"@id":"https:\/\/radioclanfm.com\/clanespectaculos\/nicole-neumann-recordo-las-exigencias-de-los-castings-que-hizo-cuando-vivio-en-paris-a-los-18-anos\/#breadcrumb"},"inLanguage":"es-AR","potentialAction":[{"@type":"ReadAction","target":["https:\/\/radioclanfm.com\/clanespectaculos\/nicole-neumann-recordo-las-exigencias-de-los-castings-que-hizo-cuando-vivio-en-paris-a-los-18-anos\/"]}]},{"@type":"ImageObject","inLanguage":"es-AR","@id":"https:\/\/radioclanfm.com\/clanespectaculos\/nicole-neumann-recordo-las-exigencias-de-los-castings-que-hizo-cuando-vivio-en-paris-a-los-18-anos\/#primaryimage","url":"https:\/\/radioclanfm.com\/clanespectaculos\/wp-content\/uploads\/sites\/2\/2026\/04\/d90VoxhJ.jpg","contentUrl":"https:\/\/radioclanfm.com\/clanespectaculos\/wp-content\/uploads\/sites\/2\/2026\/04\/d90VoxhJ.jpg","width":900,"height":504},{"@type":"BreadcrumbList","@id":"https:\/\/radioclanfm.com\/clanespectaculos\/nicole-neumann-recordo-las-exigencias-de-los-castings-que-hizo-cuando-vivio-en-paris-a-los-18-anos\/#breadcrumb","itemListElement":[{"@type":"ListItem","position":1,"name":"Inicio","item":"https:\/\/radioclanfm.com\/clanespectaculos\/"},{"@type":"ListItem","position":2,"name":"Nicole Neumann record\u00f3 las exigencias de los castings que hizo cuando vivi\u00f3 en Par\u00eds a los 18 a\u00f1os"}]},{"@type":"WebSite","@id":"https:\/\/radioclanfm.com\/clanespectaculos\/#website","url":"https:\/\/radioclanfm.com\/clanespectaculos\/","name":"CLAN ESPECTACULOS","description":"","publisher":{"@id":"https:\/\/radioclanfm.com\/clanespectaculos\/#organization"},"potentialAction":[{"@type":"SearchAction","target":{"@type":"EntryPoint","urlTemplate":"https:\/\/radioclanfm.com\/clanespectaculos\/?s={search_term_string}"},"query-input":{"@type":"PropertyValueSpecification","valueRequired":true,"valueName":"search_term_string"}}],"inLanguage":"es-AR"},{"@type":"Organization","@id":"https:\/\/radioclanfm.com\/clanespectaculos\/#organization","name":"CLAN ESPECTACULOS","url":"https:\/\/radioclanfm.com\/clanespectaculos\/","logo":{"@type":"ImageObject","inLanguage":"es-AR","@id":"https:\/\/radioclanfm.com\/clanespectaculos\/#\/schema\/logo\/image\/","url":"https:\/\/radioclanfm.com\/clanespectaculos\/wp-content\/uploads\/sites\/2\/2026\/04\/ChatGPT-Image-23-mar-2026-10_09_00.png","contentUrl":"https:\/\/radioclanfm.com\/clanespectaculos\/wp-content\/uploads\/sites\/2\/2026\/04\/ChatGPT-Image-23-mar-2026-10_09_00.png","width":1024,"height":1024,"caption":"CLAN ESPECTACULOS"},"image":{"@id":"https:\/\/radioclanfm.com\/clanespectaculos\/#\/schema\/logo\/image\/"},"sameAs":["https:\/\/www.facebook.com\/clanespectaculos\/","https:\/\/x.com\/clanespectok"]},{"@type":"Person","@id":"https:\/\/radioclanfm.com\/clanespectaculos\/#\/schema\/person\/9734813083303230f3ad84d99171b20c","name":"E-GRUPOCLAN","image":{"@type":"ImageObject","inLanguage":"es-AR","@id":"https:\/\/secure.gravatar.com\/avatar\/af6e19837c3d6a212034a48c7b3818d2ac1826f6025df0155da5a186ad321d79?s=96&d=mm&r=g","url":"https:\/\/secure.gravatar.com\/avatar\/af6e19837c3d6a212034a48c7b3818d2ac1826f6025df0155da5a186ad321d79?s=96&d=mm&r=g","contentUrl":"https:\/\/secure.gravatar.com\/avatar\/af6e19837c3d6a212034a48c7b3818d2ac1826f6025df0155da5a186ad321d79?s=96&d=mm&r=g","caption":"E-GRUPOCLAN"},"sameAs":["https:\/\/radioclanfm.com"],"url":"https:\/\/radioclanfm.com\/clanespectaculos\/author\/admin\/"}]}},"_links":{"self":[{"href":"https:\/\/radioclanfm.com\/clanespectaculos\/wp-json\/wp\/v2\/posts\/15977","targetHints":{"allow":["GET"]}}],"collection":[{"href":"https:\/\/radioclanfm.com\/clanespectaculos\/wp-json\/wp\/v2\/posts"}],"about":[{"href":"https:\/\/radioclanfm.com\/clanespectaculos\/wp-json\/wp\/v2\/types\/post"}],"author":[{"embeddable":true,"href":"https:\/\/radioclanfm.com\/clanespectaculos\/wp-json\/wp\/v2\/users\/1"}],"replies":[{"embeddable":true,"href":"https:\/\/radioclanfm.com\/clanespectaculos\/wp-json\/wp\/v2\/comments?post=15977"}],"version-history":[{"count":1,"href":"https:\/\/radioclanfm.com\/clanespectaculos\/wp-json\/wp\/v2\/posts\/15977\/revisions"}],"predecessor-version":[{"id":15979,"href":"https:\/\/radioclanfm.com\/clanespectaculos\/wp-json\/wp\/v2\/posts\/15977\/revisions\/15979"}],"wp:featuredmedia":[{"embeddable":true,"href":"https:\/\/radioclanfm.com\/clanespectaculos\/wp-json\/wp\/v2\/media\/15978"}],"wp:attachment":[{"href":"https:\/\/radioclanfm.com\/clanespectaculos\/wp-json\/wp\/v2\/media?parent=15977"}],"wp:term":[{"taxonomy":"category","embeddable":true,"href":"https:\/\/radioclanfm.com\/clanespectaculos\/wp-json\/wp\/v2\/categories?post=15977"},{"taxonomy":"post_tag","embeddable":true,"href":"https:\/\/radioclanfm.com\/clanespectaculos\/wp-json\/wp\/v2\/tags?post=15977"}],"curies":[{"name":"wp","href":"https:\/\/api.w.org\/{rel}","templated":true}]}}