{"id":15974,"date":"2026-04-30T10:30:22","date_gmt":"2026-04-30T13:30:22","guid":{"rendered":"https:\/\/radioclanfm.com\/clanespectaculos\/?p=15974"},"modified":"2026-04-30T10:30:22","modified_gmt":"2026-04-30T13:30:22","slug":"la-verdadera-razon-por-la-que-sol-abraham-se-habria-ido-de-gran-hermano-2026","status":"publish","type":"post","link":"https:\/\/radioclanfm.com\/clanespectaculos\/la-verdadera-razon-por-la-que-sol-abraham-se-habria-ido-de-gran-hermano-2026\/","title":{"rendered":"La verdadera raz\u00f3n por la que Sol Abraham se habr\u00eda ido de \u201cGran Hermano 2026\u201d"},"content":{"rendered":"<p>La exparticipante dijo que extra\u00f1aba mucho a su hija, pero aseguran que hay otro motivo detr\u00e1s de su salida.<\/p>\n<div class=\"col-content\"><main class=\"col-content\"><\/p>\n<div class=\"default-article-color article__body article__article\">\n<p class=\"paragraph font__body-regular\">En la noche del mi\u00e9rcoles se vivi\u00f3 uno de los momentos m\u00e1s impactantes de\u00a0<i><b>Gran Hermano: Generaci\u00f3n Dorada<\/b><\/i>\u00a0(<i>Telefe<\/i>) cuando\u00a0<b>Solange Abraham<\/b>\u00a0fue expulsada y<b>\u00a0el Big casi ni la dej\u00f3 hablar.<\/b><\/p>\n<div id=\"ad-slot-infeed\" class=\"infeed-container ad-slot-infeed ad-slot\" data-adtype=\"infeed\" data-lazyload=\"1\" data-google-query-id=\"CJaivP_WlZQDFUBauAQdbUguSw\">\n<div id=\"google_ads_iframe_\/113951150\/tn-arc\/nota\/infeed_0__container__\"><\/div>\n<\/div>\n<p class=\"paragraph font__body-regular\">La raz\u00f3n que se dio durante el programa fue que la ahora exparticipante\u00a0<b>hab\u00eda manifestado varias veces su intenci\u00f3n de irse del ciclo\u00a0<\/b>porque extra\u00f1aba mucho a su hija.<\/p>\n<div class=\"story-list\" data-mrf-recirculation=\"IL_fPSS4oUaSUaKNHLf4mpe3g\" data-mrf-root-experiment=\"0952317d-c9e3-4d65-9dd7-85816683fa43\" data-testid=\"text-html\" data-mrf-experience=\"IL_fPSS4oUaSUaKNHLf4mpe3g\">\n<article class=\"card__container card__horizontal\">\n<div class=\"card__body\">\n<header>\n<h3 class=\"card__headline font__display\"><\/h3>\n<\/header>\n<\/div>\n<\/article>\n<\/div>\n<div data-mrf-experience=\"IL_RNrGCM52Q_ui4aMax3fibg\"><\/div>\n<p class=\"paragraph font__body-regular\">Sin embargo, en las redes, el periodista\u00a0<b>\u00c1ngel de Brito lanz\u00f3 una teor\u00eda\u00a0<\/b>acerca de la verdadera causa de que Sol se haya ido como se fue del certamen televisivo.<\/p>\n<figure class=\"\" data-testid=\"figure-testid\">\n<div class=\"aspect_ratio__container\"><picture class=\"responsive-image\"><source srcset=\"https:\/\/tn.com.ar\/resizer\/v2\/angel-de-brito-hablo-de-otra-version-de-las-razones-de-la-expulsion-de-solange-abraham-de-gran-hermano-2026-foto-xangeldebritook-OUFKI7HCGJCMHE46ARZ2RVM4RM.png?auth=6995d1a74f348d1136bbf247fc28191484e3a26d3a5abf330a9240c47dd833a4&amp;width=767\" type=\"image\/jpg\" media=\"(max-width: 728px)\" \/><source srcset=\"https:\/\/tn.com.ar\/resizer\/v2\/angel-de-brito-hablo-de-otra-version-de-las-razones-de-la-expulsion-de-solange-abraham-de-gran-hermano-2026-foto-xangeldebritook-OUFKI7HCGJCMHE46ARZ2RVM4RM.png?auth=6995d1a74f348d1136bbf247fc28191484e3a26d3a5abf330a9240c47dd833a4&amp;width=1023\" type=\"image\/jpg\" media=\"(max-width: 1023px)\" \/><source srcset=\"https:\/\/tn.com.ar\/resizer\/v2\/angel-de-brito-hablo-de-otra-version-de-las-razones-de-la-expulsion-de-solange-abraham-de-gran-hermano-2026-foto-xangeldebritook-OUFKI7HCGJCMHE46ARZ2RVM4RM.png?auth=6995d1a74f348d1136bbf247fc28191484e3a26d3a5abf330a9240c47dd833a4&amp;width=1440\" type=\"image\/jpg\" \/><img loading=\"lazy\" decoding=\"async\" class=\"image content-image image_placeholder\" src=\"https:\/\/tn.com.ar\/resizer\/v2\/angel-de-brito-hablo-de-otra-version-de-las-razones-de-la-expulsion-de-solange-abraham-de-gran-hermano-2026-foto-xangeldebritook-OUFKI7HCGJCMHE46ARZ2RVM4RM.png?auth=6995d1a74f348d1136bbf247fc28191484e3a26d3a5abf330a9240c47dd833a4&amp;width=767\" alt=\"\u00c1ngel de Brito habl\u00f3 de otra versi\u00f3n de las razones de la expulsi\u00f3n de Solange Abraham de &quot;Gran Hermano 2026&quot;. (Foto: X\/AngeldebritoOk)\" width=\"767\" height=\"774\" data-testid=\"loading-testid\" \/><\/picture><\/div><figcaption class=\"caption_image\" data-testid=\"figcaption-testid\">\n<div class=\"image_caption \">\u00c1ngel de Brito habl\u00f3 de otra versi\u00f3n de las razones de la expulsi\u00f3n de Solange Abraham de &#8220;Gran Hermano 2026&#8221;. (Foto: X\/AngeldebritoOk)<\/div>\n<\/figcaption><\/figure>\n<p class=\"paragraph font__body-regular\">Seg\u00fan el periodista, la medi\u00e1tica\u00a0<b>habr\u00eda recibido una oferta suculenta<\/b>\u00a0para ser una participante directa de<i>\u00a0La casa de los famosos<\/i>\u00a0(<i>Telemundo<\/i>).<\/p>\n<p class=\"paragraph font__body-regular\"><b>\u201cEmpez\u00f3 a exigir muchas cosas\u00a0<\/b>entre ellas ver a sus hijas y m\u00e1s plata. En\u00a0<i>La casa de los famosos<\/i>\u00a0le pagaban m\u00e1s\u201d, lanz\u00f3 el conductor de\u00a0<i>LAM\u00a0<\/i>(<i>Am\u00e9rica<\/i>) en su cuenta de X.<\/p>\n<h2 class=\"font--primary font__display\">As\u00ed fue la escandalosa expulsi\u00f3n de Sol de \u201cGran Hermano 2026\u2033<\/h2>\n<p class=\"paragraph font__body-regular\"><b>Sol Abraham<\/b>\u00a0fue expulsada de\u00a0<i><b>Gran Hermano: Generaci\u00f3n Dorada<\/b><\/i>\u00a0(<i>Telefe<\/i>)\u00a0luego de un contundente comunicado que le ley\u00f3 el Big a los dem\u00e1s concursantes. Adem\u00e1s, no la dej\u00f3 ni despedirse ni agarrar sus pertenencias.<\/p>\n<p class=\"paragraph font__body-regular\">\u201cHay una persona que insistentemente\u00a0<b>me viene manifestando su intenci\u00f3n de abandonar mi casa<\/b>. Considero que se trata de una deshonra al juego, a los compa\u00f1eros y a las posibilidades que les brind\u00e9 desde el momento en que le abr\u00ed mis puertas.\u00a0<b>De tal modo, tom\u00e9 la decisi\u00f3n de que esta persona se retire esta misma noche del juego&#8221;<\/b>, expuso antes de ordenar que Sol se fuera.<\/p>\n<div class=\"genoa_video raw relative\">\n<div class=\"video_placeholder\">\n<div class=\"aspect_ratio__container\"><picture class=\"responsive-image\"><source srcset=\"https:\/\/tn.com.ar\/resizer\/v2\/https%3A%2F%2Fthumbs.vodgc.net%2F1-14-rePpwH1777514166507-1777543777.jpg?auth=117bb9df0ff718ef356e521e705bd8cec1d80157618db5127f129a585f85a459&amp;width=767\" type=\"image\/jpg\" media=\"(max-width: 728px)\" \/><source srcset=\"https:\/\/tn.com.ar\/resizer\/v2\/https%3A%2F%2Fthumbs.vodgc.net%2F1-14-rePpwH1777514166507-1777543777.jpg?auth=117bb9df0ff718ef356e521e705bd8cec1d80157618db5127f129a585f85a459&amp;width=1023\" type=\"image\/jpg\" media=\"(max-width: 1023px)\" \/><source srcset=\"https:\/\/tn.com.ar\/resizer\/v2\/https%3A%2F%2Fthumbs.vodgc.net%2F1-14-rePpwH1777514166507-1777543777.jpg?auth=117bb9df0ff718ef356e521e705bd8cec1d80157618db5127f129a585f85a459&amp;width=1440\" type=\"image\/jpg\" \/><\/picture><\/div>\n<p><button type=\"button\" data-testid=\"video-placeholder-button\"><\/button><\/div>\n<\/div>\n<div class=\"genoa_description font__body-regular\">\n<p><iframe loading=\"lazy\" title=\"Gran Hermano expuls\u00f3 a Solange Abraham y determin\u00f3 el regreso de Cinzia Francischiello\" width=\"696\" height=\"392\" src=\"https:\/\/www.youtube.com\/embed\/3wLJI4F2vnk?feature=oembed\" frameborder=\"0\" allow=\"accelerometer; autoplay; clipboard-write; encrypted-media; gyroscope; picture-in-picture; web-share\" referrerpolicy=\"strict-origin-when-cross-origin\" allowfullscreen><\/iframe><\/p>\n<\/div>\n<p class=\"paragraph font__body-regular\">En medio del intento por explicar los motivos que la llevaron a repetir en varias oportunidades que quer\u00eda irse del reality, el Big la interrumpi\u00f3 y<b>\u00a0le exigi\u00f3 que cruzara la puerta giratoria.<\/b><\/p>\n<p class=\"paragraph font__body-regular\">Al subirse, la tucumana hizo su \u00faltima jugada:\u00a0<b>lanz\u00f3 una escandalosa frase que desat\u00f3 la pol\u00e9mica. \u201cNo conf\u00eden en Ema que los usa para sacarles informaci\u00f3n, no conf\u00eden<\/b>. Me traicion\u00f3 a mi despu\u00e9s de conocernos hace 15 a\u00f1os. Y no bailes Daniela con \u00e9l porque el despu\u00e9s se burla de que le apoy\u00e1s la cola\u201d, dispar\u00f3.<\/p>\n<p class=\"paragraph font__body-regular\"><b>Emanuel Di Gioia<\/b>\u00a0qued\u00f3 en shock al escucharla y minutos despu\u00e9s, en una conversaci\u00f3n privada con\u00a0<b>Luana\u00a0<\/b>y\u00a0<b>Zilli<\/b>, la acus\u00f3 de mala persona.<\/p>\n<p class=\"paragraph font__body-regular\">La salida de Abraham habilit\u00f3 un reemplazo que fue elegido por la producci\u00f3n<b>\u00a0a trav\u00e9s del famoso \u201cGolden Ticket\u201d<\/b>. La afortunada fue Cinzia, que volvi\u00f3 al ciclo con sed de revancha.<\/p>\n<\/div>\n<p><\/main><\/div>\n<aside class=\"col-right-rail right-rail\">\n<div id=\"parent-ad-slot-caja\" class=\"ad-container caja_ad \">\n<div class=\"ad-content\"><\/div>\n<\/div>\n<\/aside>\n","protected":false},"excerpt":{"rendered":"<p>La exparticipante dijo que extra\u00f1aba mucho a su hija, pero aseguran que hay otro motivo detr\u00e1s de su salida. En la noche del mi\u00e9rcoles se vivi\u00f3 uno de los momentos m\u00e1s impactantes de\u00a0Gran Hermano: Generaci\u00f3n Dorada\u00a0(Telefe) cuando\u00a0Solange Abraham\u00a0fue expulsada y\u00a0el Big casi ni la dej\u00f3 hablar. La raz\u00f3n que se dio durante el programa fue [&hellip;]<\/p>\n","protected":false},"author":1,"featured_media":15975,"comment_status":"open","ping_status":"open","sticky":false,"template":"","format":"standard","meta":{"rop_custom_images_group":[],"rop_custom_messages_group":[],"rop_publish_now":"initial","rop_publish_now_accounts":[],"rop_publish_now_history":[],"rop_publish_now_status":"pending","footnotes":"","jetpack_publicize_message":"","jetpack_publicize_feature_enabled":true,"jetpack_social_post_already_shared":true,"jetpack_social_options":{"image_generator_settings":{"template":"highway","enabled":false},"version":2}},"categories":[12],"tags":[],"class_list":{"0":"post-15974","1":"post","2":"type-post","3":"status-publish","4":"format-standard","5":"has-post-thumbnail","7":"category-espectaculos"},"jetpack_publicize_connections":[],"yoast_head":"<!-- This site is optimized with the Yoast SEO plugin v27.3 - https:\/\/yoast.com\/product\/yoast-seo-wordpress\/ -->\n<title>La verdadera raz\u00f3n por la que Sol Abraham se habr\u00eda ido de \u201cGran Hermano 2026\u201d - CLAN ESPECTACULOS<\/title>\n<meta name=\"robots\" content=\"index, follow, max-snippet:-1, max-image-preview:large, max-video-preview:-1\" \/>\n<link rel=\"canonical\" href=\"https:\/\/radioclanfm.com\/clanespectaculos\/la-verdadera-razon-por-la-que-sol-abraham-se-habria-ido-de-gran-hermano-2026\/\" \/>\n<meta property=\"og:locale\" content=\"es_ES\" \/>\n<meta property=\"og:type\" content=\"article\" \/>\n<meta property=\"og:title\" content=\"La verdadera raz\u00f3n por la que Sol Abraham se habr\u00eda ido de \u201cGran Hermano 2026\u201d - CLAN ESPECTACULOS\" \/>\n<meta property=\"og:description\" content=\"La exparticipante dijo que extra\u00f1aba mucho a su hija, pero aseguran que hay otro motivo detr\u00e1s de su salida. En la noche del mi\u00e9rcoles se vivi\u00f3 uno de los momentos m\u00e1s impactantes de\u00a0Gran Hermano: Generaci\u00f3n Dorada\u00a0(Telefe) cuando\u00a0Solange Abraham\u00a0fue expulsada y\u00a0el Big casi ni la dej\u00f3 hablar. La raz\u00f3n que se dio durante el programa fue [&hellip;]\" \/>\n<meta property=\"og:url\" content=\"https:\/\/radioclanfm.com\/clanespectaculos\/la-verdadera-razon-por-la-que-sol-abraham-se-habria-ido-de-gran-hermano-2026\/\" \/>\n<meta property=\"og:site_name\" content=\"CLAN ESPECTACULOS\" \/>\n<meta property=\"article:publisher\" content=\"https:\/\/www.facebook.com\/clanespectaculos\/\" \/>\n<meta property=\"article:published_time\" content=\"2026-04-30T13:30:22+00:00\" \/>\n<meta property=\"og:image\" content=\"https:\/\/radioclanfm.com\/clanespectaculos\/wp-content\/uploads\/sites\/2\/2026\/04\/2tby_Lo2.jpg\" \/>\n\t<meta property=\"og:image:width\" content=\"900\" \/>\n\t<meta property=\"og:image:height\" content=\"504\" \/>\n\t<meta property=\"og:image:type\" content=\"image\/jpeg\" \/>\n<meta name=\"author\" content=\"E-GRUPOCLAN\" \/>\n<meta name=\"twitter:card\" content=\"summary_large_image\" \/>\n<meta name=\"twitter:creator\" content=\"@clanespectok\" \/>\n<meta name=\"twitter:site\" content=\"@clanespectok\" \/>\n<meta name=\"twitter:label1\" content=\"Escrito por\" \/>\n\t<meta name=\"twitter:data1\" content=\"E-GRUPOCLAN\" \/>\n\t<meta name=\"twitter:label2\" content=\"Tiempo de lectura\" \/>\n\t<meta name=\"twitter:data2\" content=\"3 minutos\" \/>\n<script type=\"application\/ld+json\" class=\"yoast-schema-graph\">{\"@context\":\"https:\\\/\\\/schema.org\",\"@graph\":[{\"@type\":\"Article\",\"@id\":\"https:\\\/\\\/radioclanfm.com\\\/clanespectaculos\\\/la-verdadera-razon-por-la-que-sol-abraham-se-habria-ido-de-gran-hermano-2026\\\/#article\",\"isPartOf\":{\"@id\":\"https:\\\/\\\/radioclanfm.com\\\/clanespectaculos\\\/la-verdadera-razon-por-la-que-sol-abraham-se-habria-ido-de-gran-hermano-2026\\\/\"},\"author\":{\"name\":\"E-GRUPOCLAN\",\"@id\":\"https:\\\/\\\/radioclanfm.com\\\/clanespectaculos\\\/#\\\/schema\\\/person\\\/9734813083303230f3ad84d99171b20c\"},\"headline\":\"La verdadera raz\u00f3n por la que Sol Abraham se habr\u00eda ido de \u201cGran Hermano 2026\u201d\",\"datePublished\":\"2026-04-30T13:30:22+00:00\",\"mainEntityOfPage\":{\"@id\":\"https:\\\/\\\/radioclanfm.com\\\/clanespectaculos\\\/la-verdadera-razon-por-la-que-sol-abraham-se-habria-ido-de-gran-hermano-2026\\\/\"},\"wordCount\":507,\"commentCount\":0,\"publisher\":{\"@id\":\"https:\\\/\\\/radioclanfm.com\\\/clanespectaculos\\\/#organization\"},\"image\":{\"@id\":\"https:\\\/\\\/radioclanfm.com\\\/clanespectaculos\\\/la-verdadera-razon-por-la-que-sol-abraham-se-habria-ido-de-gran-hermano-2026\\\/#primaryimage\"},\"thumbnailUrl\":\"https:\\\/\\\/radioclanfm.com\\\/clanespectaculos\\\/wp-content\\\/uploads\\\/sites\\\/2\\\/2026\\\/04\\\/2tby_Lo2.jpg\",\"articleSection\":[\"Espectaculos\"],\"inLanguage\":\"es-AR\",\"potentialAction\":[{\"@type\":\"CommentAction\",\"name\":\"Comment\",\"target\":[\"https:\\\/\\\/radioclanfm.com\\\/clanespectaculos\\\/la-verdadera-razon-por-la-que-sol-abraham-se-habria-ido-de-gran-hermano-2026\\\/#respond\"]}]},{\"@type\":\"WebPage\",\"@id\":\"https:\\\/\\\/radioclanfm.com\\\/clanespectaculos\\\/la-verdadera-razon-por-la-que-sol-abraham-se-habria-ido-de-gran-hermano-2026\\\/\",\"url\":\"https:\\\/\\\/radioclanfm.com\\\/clanespectaculos\\\/la-verdadera-razon-por-la-que-sol-abraham-se-habria-ido-de-gran-hermano-2026\\\/\",\"name\":\"La verdadera raz\u00f3n por la que Sol Abraham se habr\u00eda ido de \u201cGran Hermano 2026\u201d - CLAN ESPECTACULOS\",\"isPartOf\":{\"@id\":\"https:\\\/\\\/radioclanfm.com\\\/clanespectaculos\\\/#website\"},\"primaryImageOfPage\":{\"@id\":\"https:\\\/\\\/radioclanfm.com\\\/clanespectaculos\\\/la-verdadera-razon-por-la-que-sol-abraham-se-habria-ido-de-gran-hermano-2026\\\/#primaryimage\"},\"image\":{\"@id\":\"https:\\\/\\\/radioclanfm.com\\\/clanespectaculos\\\/la-verdadera-razon-por-la-que-sol-abraham-se-habria-ido-de-gran-hermano-2026\\\/#primaryimage\"},\"thumbnailUrl\":\"https:\\\/\\\/radioclanfm.com\\\/clanespectaculos\\\/wp-content\\\/uploads\\\/sites\\\/2\\\/2026\\\/04\\\/2tby_Lo2.jpg\",\"datePublished\":\"2026-04-30T13:30:22+00:00\",\"breadcrumb\":{\"@id\":\"https:\\\/\\\/radioclanfm.com\\\/clanespectaculos\\\/la-verdadera-razon-por-la-que-sol-abraham-se-habria-ido-de-gran-hermano-2026\\\/#breadcrumb\"},\"inLanguage\":\"es-AR\",\"potentialAction\":[{\"@type\":\"ReadAction\",\"target\":[\"https:\\\/\\\/radioclanfm.com\\\/clanespectaculos\\\/la-verdadera-razon-por-la-que-sol-abraham-se-habria-ido-de-gran-hermano-2026\\\/\"]}]},{\"@type\":\"ImageObject\",\"inLanguage\":\"es-AR\",\"@id\":\"https:\\\/\\\/radioclanfm.com\\\/clanespectaculos\\\/la-verdadera-razon-por-la-que-sol-abraham-se-habria-ido-de-gran-hermano-2026\\\/#primaryimage\",\"url\":\"https:\\\/\\\/radioclanfm.com\\\/clanespectaculos\\\/wp-content\\\/uploads\\\/sites\\\/2\\\/2026\\\/04\\\/2tby_Lo2.jpg\",\"contentUrl\":\"https:\\\/\\\/radioclanfm.com\\\/clanespectaculos\\\/wp-content\\\/uploads\\\/sites\\\/2\\\/2026\\\/04\\\/2tby_Lo2.jpg\",\"width\":900,\"height\":504},{\"@type\":\"BreadcrumbList\",\"@id\":\"https:\\\/\\\/radioclanfm.com\\\/clanespectaculos\\\/la-verdadera-razon-por-la-que-sol-abraham-se-habria-ido-de-gran-hermano-2026\\\/#breadcrumb\",\"itemListElement\":[{\"@type\":\"ListItem\",\"position\":1,\"name\":\"Inicio\",\"item\":\"https:\\\/\\\/radioclanfm.com\\\/clanespectaculos\\\/\"},{\"@type\":\"ListItem\",\"position\":2,\"name\":\"La verdadera raz\u00f3n por la que Sol Abraham se habr\u00eda ido de \u201cGran Hermano 2026\u201d\"}]},{\"@type\":\"WebSite\",\"@id\":\"https:\\\/\\\/radioclanfm.com\\\/clanespectaculos\\\/#website\",\"url\":\"https:\\\/\\\/radioclanfm.com\\\/clanespectaculos\\\/\",\"name\":\"CLAN ESPECTACULOS\",\"description\":\"\",\"publisher\":{\"@id\":\"https:\\\/\\\/radioclanfm.com\\\/clanespectaculos\\\/#organization\"},\"potentialAction\":[{\"@type\":\"SearchAction\",\"target\":{\"@type\":\"EntryPoint\",\"urlTemplate\":\"https:\\\/\\\/radioclanfm.com\\\/clanespectaculos\\\/?s={search_term_string}\"},\"query-input\":{\"@type\":\"PropertyValueSpecification\",\"valueRequired\":true,\"valueName\":\"search_term_string\"}}],\"inLanguage\":\"es-AR\"},{\"@type\":\"Organization\",\"@id\":\"https:\\\/\\\/radioclanfm.com\\\/clanespectaculos\\\/#organization\",\"name\":\"CLAN ESPECTACULOS\",\"url\":\"https:\\\/\\\/radioclanfm.com\\\/clanespectaculos\\\/\",\"logo\":{\"@type\":\"ImageObject\",\"inLanguage\":\"es-AR\",\"@id\":\"https:\\\/\\\/radioclanfm.com\\\/clanespectaculos\\\/#\\\/schema\\\/logo\\\/image\\\/\",\"url\":\"https:\\\/\\\/radioclanfm.com\\\/clanespectaculos\\\/wp-content\\\/uploads\\\/sites\\\/2\\\/2026\\\/04\\\/ChatGPT-Image-23-mar-2026-10_09_00.png\",\"contentUrl\":\"https:\\\/\\\/radioclanfm.com\\\/clanespectaculos\\\/wp-content\\\/uploads\\\/sites\\\/2\\\/2026\\\/04\\\/ChatGPT-Image-23-mar-2026-10_09_00.png\",\"width\":1024,\"height\":1024,\"caption\":\"CLAN ESPECTACULOS\"},\"image\":{\"@id\":\"https:\\\/\\\/radioclanfm.com\\\/clanespectaculos\\\/#\\\/schema\\\/logo\\\/image\\\/\"},\"sameAs\":[\"https:\\\/\\\/www.facebook.com\\\/clanespectaculos\\\/\",\"https:\\\/\\\/x.com\\\/clanespectok\"]},{\"@type\":\"Person\",\"@id\":\"https:\\\/\\\/radioclanfm.com\\\/clanespectaculos\\\/#\\\/schema\\\/person\\\/9734813083303230f3ad84d99171b20c\",\"name\":\"E-GRUPOCLAN\",\"image\":{\"@type\":\"ImageObject\",\"inLanguage\":\"es-AR\",\"@id\":\"https:\\\/\\\/secure.gravatar.com\\\/avatar\\\/af6e19837c3d6a212034a48c7b3818d2ac1826f6025df0155da5a186ad321d79?s=96&d=mm&r=g\",\"url\":\"https:\\\/\\\/secure.gravatar.com\\\/avatar\\\/af6e19837c3d6a212034a48c7b3818d2ac1826f6025df0155da5a186ad321d79?s=96&d=mm&r=g\",\"contentUrl\":\"https:\\\/\\\/secure.gravatar.com\\\/avatar\\\/af6e19837c3d6a212034a48c7b3818d2ac1826f6025df0155da5a186ad321d79?s=96&d=mm&r=g\",\"caption\":\"E-GRUPOCLAN\"},\"sameAs\":[\"https:\\\/\\\/radioclanfm.com\"],\"url\":\"https:\\\/\\\/radioclanfm.com\\\/clanespectaculos\\\/author\\\/admin\\\/\"}]}<\/script>\n<!-- \/ Yoast SEO plugin. -->","yoast_head_json":{"title":"La verdadera raz\u00f3n por la que Sol Abraham se habr\u00eda ido de \u201cGran Hermano 2026\u201d - CLAN ESPECTACULOS","robots":{"index":"index","follow":"follow","max-snippet":"max-snippet:-1","max-image-preview":"max-image-preview:large","max-video-preview":"max-video-preview:-1"},"canonical":"https:\/\/radioclanfm.com\/clanespectaculos\/la-verdadera-razon-por-la-que-sol-abraham-se-habria-ido-de-gran-hermano-2026\/","og_locale":"es_ES","og_type":"article","og_title":"La verdadera raz\u00f3n por la que Sol Abraham se habr\u00eda ido de \u201cGran Hermano 2026\u201d - CLAN ESPECTACULOS","og_description":"La exparticipante dijo que extra\u00f1aba mucho a su hija, pero aseguran que hay otro motivo detr\u00e1s de su salida. En la noche del mi\u00e9rcoles se vivi\u00f3 uno de los momentos m\u00e1s impactantes de\u00a0Gran Hermano: Generaci\u00f3n Dorada\u00a0(Telefe) cuando\u00a0Solange Abraham\u00a0fue expulsada y\u00a0el Big casi ni la dej\u00f3 hablar. La raz\u00f3n que se dio durante el programa fue [&hellip;]","og_url":"https:\/\/radioclanfm.com\/clanespectaculos\/la-verdadera-razon-por-la-que-sol-abraham-se-habria-ido-de-gran-hermano-2026\/","og_site_name":"CLAN ESPECTACULOS","article_publisher":"https:\/\/www.facebook.com\/clanespectaculos\/","article_published_time":"2026-04-30T13:30:22+00:00","og_image":[{"width":900,"height":504,"url":"https:\/\/radioclanfm.com\/clanespectaculos\/wp-content\/uploads\/sites\/2\/2026\/04\/2tby_Lo2.jpg","type":"image\/jpeg"}],"author":"E-GRUPOCLAN","twitter_card":"summary_large_image","twitter_creator":"@clanespectok","twitter_site":"@clanespectok","twitter_misc":{"Escrito por":"E-GRUPOCLAN","Tiempo de lectura":"3 minutos"},"schema":{"@context":"https:\/\/schema.org","@graph":[{"@type":"Article","@id":"https:\/\/radioclanfm.com\/clanespectaculos\/la-verdadera-razon-por-la-que-sol-abraham-se-habria-ido-de-gran-hermano-2026\/#article","isPartOf":{"@id":"https:\/\/radioclanfm.com\/clanespectaculos\/la-verdadera-razon-por-la-que-sol-abraham-se-habria-ido-de-gran-hermano-2026\/"},"author":{"name":"E-GRUPOCLAN","@id":"https:\/\/radioclanfm.com\/clanespectaculos\/#\/schema\/person\/9734813083303230f3ad84d99171b20c"},"headline":"La verdadera raz\u00f3n por la que Sol Abraham se habr\u00eda ido de \u201cGran Hermano 2026\u201d","datePublished":"2026-04-30T13:30:22+00:00","mainEntityOfPage":{"@id":"https:\/\/radioclanfm.com\/clanespectaculos\/la-verdadera-razon-por-la-que-sol-abraham-se-habria-ido-de-gran-hermano-2026\/"},"wordCount":507,"commentCount":0,"publisher":{"@id":"https:\/\/radioclanfm.com\/clanespectaculos\/#organization"},"image":{"@id":"https:\/\/radioclanfm.com\/clanespectaculos\/la-verdadera-razon-por-la-que-sol-abraham-se-habria-ido-de-gran-hermano-2026\/#primaryimage"},"thumbnailUrl":"https:\/\/radioclanfm.com\/clanespectaculos\/wp-content\/uploads\/sites\/2\/2026\/04\/2tby_Lo2.jpg","articleSection":["Espectaculos"],"inLanguage":"es-AR","potentialAction":[{"@type":"CommentAction","name":"Comment","target":["https:\/\/radioclanfm.com\/clanespectaculos\/la-verdadera-razon-por-la-que-sol-abraham-se-habria-ido-de-gran-hermano-2026\/#respond"]}]},{"@type":"WebPage","@id":"https:\/\/radioclanfm.com\/clanespectaculos\/la-verdadera-razon-por-la-que-sol-abraham-se-habria-ido-de-gran-hermano-2026\/","url":"https:\/\/radioclanfm.com\/clanespectaculos\/la-verdadera-razon-por-la-que-sol-abraham-se-habria-ido-de-gran-hermano-2026\/","name":"La verdadera raz\u00f3n por la que Sol Abraham se habr\u00eda ido de \u201cGran Hermano 2026\u201d - CLAN ESPECTACULOS","isPartOf":{"@id":"https:\/\/radioclanfm.com\/clanespectaculos\/#website"},"primaryImageOfPage":{"@id":"https:\/\/radioclanfm.com\/clanespectaculos\/la-verdadera-razon-por-la-que-sol-abraham-se-habria-ido-de-gran-hermano-2026\/#primaryimage"},"image":{"@id":"https:\/\/radioclanfm.com\/clanespectaculos\/la-verdadera-razon-por-la-que-sol-abraham-se-habria-ido-de-gran-hermano-2026\/#primaryimage"},"thumbnailUrl":"https:\/\/radioclanfm.com\/clanespectaculos\/wp-content\/uploads\/sites\/2\/2026\/04\/2tby_Lo2.jpg","datePublished":"2026-04-30T13:30:22+00:00","breadcrumb":{"@id":"https:\/\/radioclanfm.com\/clanespectaculos\/la-verdadera-razon-por-la-que-sol-abraham-se-habria-ido-de-gran-hermano-2026\/#breadcrumb"},"inLanguage":"es-AR","potentialAction":[{"@type":"ReadAction","target":["https:\/\/radioclanfm.com\/clanespectaculos\/la-verdadera-razon-por-la-que-sol-abraham-se-habria-ido-de-gran-hermano-2026\/"]}]},{"@type":"ImageObject","inLanguage":"es-AR","@id":"https:\/\/radioclanfm.com\/clanespectaculos\/la-verdadera-razon-por-la-que-sol-abraham-se-habria-ido-de-gran-hermano-2026\/#primaryimage","url":"https:\/\/radioclanfm.com\/clanespectaculos\/wp-content\/uploads\/sites\/2\/2026\/04\/2tby_Lo2.jpg","contentUrl":"https:\/\/radioclanfm.com\/clanespectaculos\/wp-content\/uploads\/sites\/2\/2026\/04\/2tby_Lo2.jpg","width":900,"height":504},{"@type":"BreadcrumbList","@id":"https:\/\/radioclanfm.com\/clanespectaculos\/la-verdadera-razon-por-la-que-sol-abraham-se-habria-ido-de-gran-hermano-2026\/#breadcrumb","itemListElement":[{"@type":"ListItem","position":1,"name":"Inicio","item":"https:\/\/radioclanfm.com\/clanespectaculos\/"},{"@type":"ListItem","position":2,"name":"La verdadera raz\u00f3n por la que Sol Abraham se habr\u00eda ido de \u201cGran Hermano 2026\u201d"}]},{"@type":"WebSite","@id":"https:\/\/radioclanfm.com\/clanespectaculos\/#website","url":"https:\/\/radioclanfm.com\/clanespectaculos\/","name":"CLAN ESPECTACULOS","description":"","publisher":{"@id":"https:\/\/radioclanfm.com\/clanespectaculos\/#organization"},"potentialAction":[{"@type":"SearchAction","target":{"@type":"EntryPoint","urlTemplate":"https:\/\/radioclanfm.com\/clanespectaculos\/?s={search_term_string}"},"query-input":{"@type":"PropertyValueSpecification","valueRequired":true,"valueName":"search_term_string"}}],"inLanguage":"es-AR"},{"@type":"Organization","@id":"https:\/\/radioclanfm.com\/clanespectaculos\/#organization","name":"CLAN ESPECTACULOS","url":"https:\/\/radioclanfm.com\/clanespectaculos\/","logo":{"@type":"ImageObject","inLanguage":"es-AR","@id":"https:\/\/radioclanfm.com\/clanespectaculos\/#\/schema\/logo\/image\/","url":"https:\/\/radioclanfm.com\/clanespectaculos\/wp-content\/uploads\/sites\/2\/2026\/04\/ChatGPT-Image-23-mar-2026-10_09_00.png","contentUrl":"https:\/\/radioclanfm.com\/clanespectaculos\/wp-content\/uploads\/sites\/2\/2026\/04\/ChatGPT-Image-23-mar-2026-10_09_00.png","width":1024,"height":1024,"caption":"CLAN ESPECTACULOS"},"image":{"@id":"https:\/\/radioclanfm.com\/clanespectaculos\/#\/schema\/logo\/image\/"},"sameAs":["https:\/\/www.facebook.com\/clanespectaculos\/","https:\/\/x.com\/clanespectok"]},{"@type":"Person","@id":"https:\/\/radioclanfm.com\/clanespectaculos\/#\/schema\/person\/9734813083303230f3ad84d99171b20c","name":"E-GRUPOCLAN","image":{"@type":"ImageObject","inLanguage":"es-AR","@id":"https:\/\/secure.gravatar.com\/avatar\/af6e19837c3d6a212034a48c7b3818d2ac1826f6025df0155da5a186ad321d79?s=96&d=mm&r=g","url":"https:\/\/secure.gravatar.com\/avatar\/af6e19837c3d6a212034a48c7b3818d2ac1826f6025df0155da5a186ad321d79?s=96&d=mm&r=g","contentUrl":"https:\/\/secure.gravatar.com\/avatar\/af6e19837c3d6a212034a48c7b3818d2ac1826f6025df0155da5a186ad321d79?s=96&d=mm&r=g","caption":"E-GRUPOCLAN"},"sameAs":["https:\/\/radioclanfm.com"],"url":"https:\/\/radioclanfm.com\/clanespectaculos\/author\/admin\/"}]}},"_links":{"self":[{"href":"https:\/\/radioclanfm.com\/clanespectaculos\/wp-json\/wp\/v2\/posts\/15974","targetHints":{"allow":["GET"]}}],"collection":[{"href":"https:\/\/radioclanfm.com\/clanespectaculos\/wp-json\/wp\/v2\/posts"}],"about":[{"href":"https:\/\/radioclanfm.com\/clanespectaculos\/wp-json\/wp\/v2\/types\/post"}],"author":[{"embeddable":true,"href":"https:\/\/radioclanfm.com\/clanespectaculos\/wp-json\/wp\/v2\/users\/1"}],"replies":[{"embeddable":true,"href":"https:\/\/radioclanfm.com\/clanespectaculos\/wp-json\/wp\/v2\/comments?post=15974"}],"version-history":[{"count":1,"href":"https:\/\/radioclanfm.com\/clanespectaculos\/wp-json\/wp\/v2\/posts\/15974\/revisions"}],"predecessor-version":[{"id":15976,"href":"https:\/\/radioclanfm.com\/clanespectaculos\/wp-json\/wp\/v2\/posts\/15974\/revisions\/15976"}],"wp:featuredmedia":[{"embeddable":true,"href":"https:\/\/radioclanfm.com\/clanespectaculos\/wp-json\/wp\/v2\/media\/15975"}],"wp:attachment":[{"href":"https:\/\/radioclanfm.com\/clanespectaculos\/wp-json\/wp\/v2\/media?parent=15974"}],"wp:term":[{"taxonomy":"category","embeddable":true,"href":"https:\/\/radioclanfm.com\/clanespectaculos\/wp-json\/wp\/v2\/categories?post=15974"},{"taxonomy":"post_tag","embeddable":true,"href":"https:\/\/radioclanfm.com\/clanespectaculos\/wp-json\/wp\/v2\/tags?post=15974"}],"curies":[{"name":"wp","href":"https:\/\/api.w.org\/{rel}","templated":true}]}}