{"id":15967,"date":"2026-04-27T21:43:18","date_gmt":"2026-04-28T00:43:18","guid":{"rendered":"https:\/\/radioclanfm.com\/clanespectaculos\/?p=15967"},"modified":"2026-04-27T21:43:18","modified_gmt":"2026-04-28T00:43:18","slug":"the-stranger-la-pelicula-de-aristarain-sin-estrenar-en-la-argentina-con-ricardo-darin-hablando-en-ingles","status":"publish","type":"post","link":"https:\/\/radioclanfm.com\/clanespectaculos\/the-stranger-la-pelicula-de-aristarain-sin-estrenar-en-la-argentina-con-ricardo-darin-hablando-en-ingles\/","title":{"rendered":"\u201cThe Stranger\u201d, la pel\u00edcula de Aristarain sin estrenar en la Argentina con Ricardo Dar\u00edn hablando en ingl\u00e9s"},"content":{"rendered":"<p>Es del a\u00f1o 1987 y solo se vio en pocas salas de los Estados Unidos. El director muri\u00f3 este fin de semana a los 82 a\u00f1os.<\/p>\n<div class=\"col-content\"><main class=\"col-content\"><\/p>\n<div class=\"default-article-color article__body article__article\">\n<p class=\"paragraph font__body-regular\">El cine argentino perdi\u00f3 a uno de sus grandes directores. Este fin de semana\u00a0muri\u00f3<b>\u00a0Adolfo Aristarain\u00a0<\/b>a los 82 a\u00f1os, que dej\u00f3 una lista de gemas que se disfrutar\u00e1n por siempre.<\/p>\n<div id=\"ad-slot-infeed\" class=\"infeed-container ad-slot-infeed ad-slot\" data-adtype=\"infeed\" data-lazyload=\"1\" data-google-query-id=\"CJ-MvZGoj5QDFf01uQYdHREapg\">\n<div id=\"google_ads_iframe_\/113951150\/tn-arc\/nota\/infeed_0__container__\"><iframe id=\"google_ads_iframe_\/113951150\/tn-arc\/nota\/infeed_0\" tabindex=\"0\" title=\"Contenido de anuncios de terceros\" name=\"google_ads_iframe_\/113951150\/tn-arc\/nota\/infeed_0\" width=\"1\" height=\"1\" frameborder=\"0\" marginwidth=\"0\" marginheight=\"0\" scrolling=\"no\" aria-label=\"Anuncio\" data-google-container-id=\"9\" data-load-complete=\"true\" data-mce-fragment=\"1\"><\/iframe><\/div>\n<\/div>\n<p class=\"paragraph font__body-regular\">Una de sus pel\u00edculas, sin embargo, qued\u00f3 en el subsuelo de los desconocido porque el realizador nunca qued\u00f3 conforme con su resultado. Se trata de\u00a0<i><b>The Stranger<\/b><\/i>, una producci\u00f3n con toda la pompa de Hollywood en la que trabaj\u00f3\u00a0<b>Ricardo Dar\u00edn<\/b>, una de las pocas veces en la que\u00a0<b>se lo vio hablando en ingl\u00e9s.<\/b><\/p>\n<h2 class=\"font--primary font__display\">De qu\u00e9 se trata \u201cThe Stranger\u201d, la pel\u00edcula de Adolfo Aristarain que nunca se estren\u00f3 en la Argentina<\/h2>\n<p class=\"paragraph font__body-regular\"><i>The Stranger\u00a0<\/i>tiene una particularidad en la filmograf\u00eda de\u00a0<b>Adolfo Aristarain<\/b>. El film de 1987 es<b>\u00a0el \u00fanico que no escribi\u00f3 el realizador argentino<\/b>\u00a0y tambi\u00e9n el \u00fanico que hizo en el que se habla en ingl\u00e9s.<\/p>\n<p class=\"paragraph font__body-regular\">Al mismo tiempo, la pel\u00edcula\u00a0<b>fue el desembarco del cineasta en Hollywood en los papeles<\/b>, ya que el film se distribuy\u00f3 en los Estados Unidos, pero se grab\u00f3 en la Argentina.<\/p>\n<figure class=\"\" data-testid=\"figure-testid\">\n<div class=\"aspect_ratio__container\"><picture class=\"responsive-image\"><source srcset=\"https:\/\/tn.com.ar\/resizer\/v2\/ricardo-darin-trabajo-en-the-stranger-de-adolfo-aristarain-foto-captura-de-youtube-27OCOMGYNBDG3IBH332ULGI5HA.png?auth=8a485309bc2878d629bf0009098b1e326a14812c1f3febcc3c2ff9363f128002&amp;width=767\" type=\"image\/jpg\" media=\"(max-width: 728px)\" \/><source srcset=\"https:\/\/tn.com.ar\/resizer\/v2\/ricardo-darin-trabajo-en-the-stranger-de-adolfo-aristarain-foto-captura-de-youtube-27OCOMGYNBDG3IBH332ULGI5HA.png?auth=8a485309bc2878d629bf0009098b1e326a14812c1f3febcc3c2ff9363f128002&amp;width=1023\" type=\"image\/jpg\" media=\"(max-width: 1023px)\" \/><source srcset=\"https:\/\/tn.com.ar\/resizer\/v2\/ricardo-darin-trabajo-en-the-stranger-de-adolfo-aristarain-foto-captura-de-youtube-27OCOMGYNBDG3IBH332ULGI5HA.png?auth=8a485309bc2878d629bf0009098b1e326a14812c1f3febcc3c2ff9363f128002&amp;width=1440\" type=\"image\/jpg\" \/><img loading=\"lazy\" decoding=\"async\" class=\"image content-image image_placeholder\" src=\"https:\/\/tn.com.ar\/resizer\/v2\/ricardo-darin-trabajo-en-the-stranger-de-adolfo-aristarain-foto-captura-de-youtube-27OCOMGYNBDG3IBH332ULGI5HA.png?auth=8a485309bc2878d629bf0009098b1e326a14812c1f3febcc3c2ff9363f128002&amp;width=767\" alt=\"Ricardo Dar\u00edn trabaj\u00f3 en &quot;The Stranger&quot; de Adolfo Aristarain. (Foto: captura de YouTube)\" width=\"767\" height=\"427\" data-testid=\"loading-testid\" \/><\/picture><\/div><figcaption class=\"caption_image\" data-testid=\"figcaption-testid\">\n<div class=\"image_caption \">Ricardo Dar\u00edn trabaj\u00f3 en &#8220;The Stranger&#8221; de Adolfo Aristarain. (Foto: captura de YouTube)<\/div>\n<\/figcaption><\/figure>\n<p class=\"paragraph font__body-regular\">En<i>\u00a0The Stranger<\/i>\u00a0hay actores argentinos, pero tambi\u00e9n figuras de aquel momento en la meca del cine mundial. La protagonista es\u00a0<b>Bonnie Bedelia<\/b>, unos meses antes de grabar\u00a0<i><b>Duro de matar<\/b><\/i>.<\/p>\n<p class=\"paragraph font__body-regular\">A la actriz la acompa\u00f1a una\u00a0<i>troupe\u00a0<\/i>local liderada por\u00a0<b>Ricardo Dar\u00edn<\/b>,\u00a0<b>Federico Luppi<\/b>,\u00a0<b>Arturo Maly<\/b>,\u00a0<b>Adri\u00e1n Ghio<\/b>,\u00a0<b>Julio de Grazia<\/b>,\u00a0<b>Cecilia Roth<\/b>,\u00a0<b>Ernesto Larrese<\/b>\u00a0y\u00a0<b>Marcos Woinski<\/b>, entre otros.<\/p>\n<p class=\"paragraph font__body-regular\">El film se inscribe en una categor\u00eda que en los 80 explotaba como la del policial con suspenso. En ella se jugaba con un misterio que se devela en el final como ocurre en varias historias de la \u00e9poca al estilo\u00a0<i>Doble de cuerpo<\/i>,\u00a0<i>Testigo en peligro\u00a0<\/i>o\u00a0<i>Body Heat<\/i>. All\u00ed se mezcla el cine negro americano con el\u00a0<i>buddy movie\u00a0<\/i>t\u00edpico de la \u00e9poca, similar a\u00a0<i>Arma mortal<\/i>, por ejemplo.<\/p>\n<figure class=\"\" data-testid=\"figure-testid\">\n<div class=\"aspect_ratio__container\"><picture class=\"responsive-image\"><source srcset=\"https:\/\/tn.com.ar\/resizer\/v2\/julio-de-grazia-trabajo-en-the-stranger-de-adolfo-aristarain-foto-captura-de-youtube-QDFIZLWCJVHJTMC5TJUULGRVKQ.png?auth=b1fdc531e8e2698f156d5d193a1dde8529a1f709950dd620651084b218dba248&amp;width=767\" type=\"image\/jpg\" media=\"(max-width: 728px)\" \/><source srcset=\"https:\/\/tn.com.ar\/resizer\/v2\/julio-de-grazia-trabajo-en-the-stranger-de-adolfo-aristarain-foto-captura-de-youtube-QDFIZLWCJVHJTMC5TJUULGRVKQ.png?auth=b1fdc531e8e2698f156d5d193a1dde8529a1f709950dd620651084b218dba248&amp;width=1023\" type=\"image\/jpg\" media=\"(max-width: 1023px)\" \/><source srcset=\"https:\/\/tn.com.ar\/resizer\/v2\/julio-de-grazia-trabajo-en-the-stranger-de-adolfo-aristarain-foto-captura-de-youtube-QDFIZLWCJVHJTMC5TJUULGRVKQ.png?auth=b1fdc531e8e2698f156d5d193a1dde8529a1f709950dd620651084b218dba248&amp;width=1440\" type=\"image\/jpg\" \/><img loading=\"lazy\" decoding=\"async\" class=\"image content-image image_placeholder\" src=\"https:\/\/tn.com.ar\/resizer\/v2\/julio-de-grazia-trabajo-en-the-stranger-de-adolfo-aristarain-foto-captura-de-youtube-QDFIZLWCJVHJTMC5TJUULGRVKQ.png?auth=b1fdc531e8e2698f156d5d193a1dde8529a1f709950dd620651084b218dba248&amp;width=767\" alt=\"Julio de Grazia trabaj\u00f3 en &quot;The Stranger&quot; de Adolfo Aristarain. (Foto: captura de YouTube)\" width=\"767\" height=\"426\" data-testid=\"loading-testid\" \/><\/picture><\/div><figcaption class=\"caption_image\" data-testid=\"figcaption-testid\">\n<div class=\"image_caption \">Julio de Grazia trabaj\u00f3 en &#8220;The Stranger&#8221; de Adolfo Aristarain. (Foto: captura de YouTube)<\/div>\n<\/figcaption><\/figure>\n<p class=\"paragraph font__body-regular\">En la pel\u00edcula de Aristarain,\u00a0<b>Bonnie Bedelia es una mujer que despierta en una cl\u00ednica<\/b>\u00a0con\u00a0<i>flashbacks\u00a0<\/i>de lo que presuntamente le ocurri\u00f3, pero sin acordarse de qui\u00e9n es.<\/p>\n<p class=\"paragraph font__body-regular\">Poco a poco, un psic\u00f3logo va reconstruyendo su historia, a medida que\u00a0<b>ella recupera parte de sus recuerdos<\/b>\u00a0<b>hundidos por la amnesia\u00a0<\/b>en lo m\u00e1s profundo de su inconsciente. De esta forma, se devela una trama en la que hay\u00a0<b>corrupci\u00f3n, violencia y un giro impensado en su final.<\/b><\/p>\n<figure class=\"\" data-testid=\"figure-testid\">\n<div class=\"aspect_ratio__container\"><picture class=\"responsive-image\"><source srcset=\"https:\/\/tn.com.ar\/resizer\/v2\/cecilia-roth-trabajo-en-the-stranger-de-adolfo-aristarain-foto-captura-de-youtube-PLXOZHKQFNCOTJVG4A2J4BMU3Y.png?auth=7186153eb12b124efa7e05b5722c0a0c6a918ca805160ac68edb5f698895bebc&amp;width=767\" type=\"image\/jpg\" media=\"(max-width: 728px)\" \/><source srcset=\"https:\/\/tn.com.ar\/resizer\/v2\/cecilia-roth-trabajo-en-the-stranger-de-adolfo-aristarain-foto-captura-de-youtube-PLXOZHKQFNCOTJVG4A2J4BMU3Y.png?auth=7186153eb12b124efa7e05b5722c0a0c6a918ca805160ac68edb5f698895bebc&amp;width=1023\" type=\"image\/jpg\" media=\"(max-width: 1023px)\" \/><source srcset=\"https:\/\/tn.com.ar\/resizer\/v2\/cecilia-roth-trabajo-en-the-stranger-de-adolfo-aristarain-foto-captura-de-youtube-PLXOZHKQFNCOTJVG4A2J4BMU3Y.png?auth=7186153eb12b124efa7e05b5722c0a0c6a918ca805160ac68edb5f698895bebc&amp;width=1440\" type=\"image\/jpg\" \/><img loading=\"lazy\" decoding=\"async\" class=\"image content-image image_placeholder\" src=\"https:\/\/tn.com.ar\/resizer\/v2\/cecilia-roth-trabajo-en-the-stranger-de-adolfo-aristarain-foto-captura-de-youtube-PLXOZHKQFNCOTJVG4A2J4BMU3Y.png?auth=7186153eb12b124efa7e05b5722c0a0c6a918ca805160ac68edb5f698895bebc&amp;width=767\" alt=\"Cecilia Roth trabaj\u00f3 en &quot;The Stranger&quot; de Adolfo Aristarain. (Foto: captura de YouTube)\" width=\"767\" height=\"435\" data-testid=\"loading-testid\" \/><\/picture><\/div><figcaption class=\"caption_image\" data-testid=\"figcaption-testid\">\n<div class=\"image_caption \">Cecilia Roth trabaj\u00f3 en &#8220;The Stranger&#8221; de Adolfo Aristarain. (Foto: captura de YouTube)<\/div>\n<\/figcaption><\/figure>\n<p class=\"paragraph font__body-regular\">Aristarain siempre reneg\u00f3 de esta pel\u00edcula, una de las razones principales por las que nunca lleg\u00f3 a estrenarse en una sala de la Argentina.<i>\u00a0The Stranger<\/i>\u00a0solo lleg\u00f3 a editarse<b>\u00a0marginalmente en VHS<\/b>\u00a0y se distribuy\u00f3 muy poco en su estreno formal en los Estados Unidos.<\/p>\n<p class=\"paragraph font__body-regular\">Durante una retrospectiva que se hizo\u00a0<b>en el BAFICI de 2013\u00a0<\/b>por su filmograf\u00eda,\u00a0<b>Aristarain fue consultado con respecto a cu\u00e1l era la pel\u00edcula suya que m\u00e1s le gustaba.<\/b>\u00a0En su respuesta escond\u00eda uno de los pocos datos que hay de su boca sobre\u00a0<i>The Stranger.<\/i><\/p>\n<figure class=\"\" data-testid=\"figure-testid\">\n<div class=\"aspect_ratio__container\"><picture class=\"responsive-image\"><source srcset=\"https:\/\/tn.com.ar\/resizer\/v2\/parte-del-elenco-argentino-de-the-stranger-de-adolfo-aristarain-foto-captura-de-youtube-KCYJ6IF73VH2RAGWT5ZJGJD5IE.png?auth=3082fd907664b3dab47fe8ba793fd09fc141a18794d83c661e9dbd89b5890a6c&amp;width=767\" type=\"image\/jpg\" media=\"(max-width: 728px)\" \/><source srcset=\"https:\/\/tn.com.ar\/resizer\/v2\/parte-del-elenco-argentino-de-the-stranger-de-adolfo-aristarain-foto-captura-de-youtube-KCYJ6IF73VH2RAGWT5ZJGJD5IE.png?auth=3082fd907664b3dab47fe8ba793fd09fc141a18794d83c661e9dbd89b5890a6c&amp;width=1023\" type=\"image\/jpg\" media=\"(max-width: 1023px)\" \/><source srcset=\"https:\/\/tn.com.ar\/resizer\/v2\/parte-del-elenco-argentino-de-the-stranger-de-adolfo-aristarain-foto-captura-de-youtube-KCYJ6IF73VH2RAGWT5ZJGJD5IE.png?auth=3082fd907664b3dab47fe8ba793fd09fc141a18794d83c661e9dbd89b5890a6c&amp;width=1440\" type=\"image\/jpg\" \/><img loading=\"lazy\" decoding=\"async\" class=\"image content-image image_placeholder\" src=\"https:\/\/tn.com.ar\/resizer\/v2\/parte-del-elenco-argentino-de-the-stranger-de-adolfo-aristarain-foto-captura-de-youtube-KCYJ6IF73VH2RAGWT5ZJGJD5IE.png?auth=3082fd907664b3dab47fe8ba793fd09fc141a18794d83c661e9dbd89b5890a6c&amp;width=767\" alt=\"Parte del elenco argentino de &quot;The Stranger&quot; de Adolfo Aristarain. (Foto: captura de YouTube)\" width=\"767\" height=\"397\" data-testid=\"loading-testid\" \/><\/picture><\/div><figcaption class=\"caption_image\" data-testid=\"figcaption-testid\">\n<div class=\"image_caption \">Parte del elenco argentino de &#8220;The Stranger&#8221; de Adolfo Aristarain. (Foto: captura de YouTube)<\/div>\n<\/figcaption><\/figure>\n<p class=\"paragraph font__body-regular\">\u201cNo podr\u00eda decir que recuerdo mejor una determinada pel\u00edcula. S\u00ed que el mayor cari\u00f1o nace de lo que me ha pasado alrededor de cada una de ellas.<i>\u00a0<\/i><i><b>La parte del le\u00f3n<\/b><\/i>\u00a0tal vez significa mucho porque fue la primera, y\u00a0<i><b>Un lugar en el mundo\u00a0<\/b><\/i>por todo lo que se vivi\u00f3 en ese rodaje,\u00a0<b>pero a excepci\u00f3n de la que hice en Estados Unidos para Columbia<\/b>, que fue un espanto, recuerdo todo mi cine con enorme afecto\u201d, lanz\u00f3 en aquel momento. Era tal la bronca que le ten\u00eda que ni siquiera la nombr\u00f3 en el testimonio.<\/p>\n<p class=\"paragraph font__body-regular\"><i>The Stranger<\/i>\u00a0tiene otra caracter\u00edstica in\u00e9dita que es que las voces de los actores argentinos est\u00e1n dobladas -a excepci\u00f3n de la de Cecilia Roth-, pero no por ellos.\u00a0<b>Es por eso que cuando se lo escucha a Dar\u00edn, en realidad, es otro.<\/b><\/p>\n<p class=\"paragraph font__body-regular\">El protagonista de<i>\u00a0<\/i><i><b>El eternauta<\/b><\/i>\u00a0interpreta a\u00a0<b>Clark Whistler<\/b>, un detective de \u201cnarc\u00f3ticos\u201d que enamora a la protagonista y sus escenas son todas en blanco y negro: forman parte de varios\u00a0<i>flashbacks<\/i>. Es de las pocas experiencias en Hollywood que se le conocen a la figura argentina que siempre\u00a0<b>vio con bastante recelo trabajar para la industria de los Estados Unidos.<\/b><\/p>\n<\/div>\n<p><\/main><\/div>\n<aside class=\"col-right-rail right-rail\">\n<div id=\"parent-ad-slot-caja\" class=\"ad-container caja_ad \">\n<div class=\"ad-content\"><\/div>\n<\/div>\n<\/aside>\n","protected":false},"excerpt":{"rendered":"<p>Es del a\u00f1o 1987 y solo se vio en pocas salas de los Estados Unidos. El director muri\u00f3 este fin de semana a los 82 a\u00f1os. El cine argentino perdi\u00f3 a uno de sus grandes directores. Este fin de semana\u00a0muri\u00f3\u00a0Adolfo Aristarain\u00a0a los 82 a\u00f1os, que dej\u00f3 una lista de gemas que se disfrutar\u00e1n por siempre. [&hellip;]<\/p>\n","protected":false},"author":1,"featured_media":15968,"comment_status":"open","ping_status":"open","sticky":false,"template":"","format":"standard","meta":{"rop_custom_images_group":[],"rop_custom_messages_group":[],"rop_publish_now":"initial","rop_publish_now_accounts":[],"rop_publish_now_history":[],"rop_publish_now_status":"pending","footnotes":"","jetpack_publicize_message":"","jetpack_publicize_feature_enabled":true,"jetpack_social_post_already_shared":true,"jetpack_social_options":{"image_generator_settings":{"template":"highway","enabled":false},"version":2}},"categories":[12],"tags":[],"class_list":{"0":"post-15967","1":"post","2":"type-post","3":"status-publish","4":"format-standard","5":"has-post-thumbnail","7":"category-espectaculos"},"jetpack_publicize_connections":[],"yoast_head":"<!-- This site is optimized with the Yoast SEO plugin v27.3 - https:\/\/yoast.com\/product\/yoast-seo-wordpress\/ -->\n<title>\u201cThe Stranger\u201d, la pel\u00edcula de Aristarain sin estrenar en la Argentina con Ricardo Dar\u00edn hablando en ingl\u00e9s - CLAN ESPECTACULOS<\/title>\n<meta name=\"robots\" content=\"index, follow, max-snippet:-1, max-image-preview:large, max-video-preview:-1\" \/>\n<link rel=\"canonical\" href=\"https:\/\/radioclanfm.com\/clanespectaculos\/the-stranger-la-pelicula-de-aristarain-sin-estrenar-en-la-argentina-con-ricardo-darin-hablando-en-ingles\/\" \/>\n<meta property=\"og:locale\" content=\"es_ES\" \/>\n<meta property=\"og:type\" content=\"article\" \/>\n<meta property=\"og:title\" content=\"\u201cThe Stranger\u201d, la pel\u00edcula de Aristarain sin estrenar en la Argentina con Ricardo Dar\u00edn hablando en ingl\u00e9s - CLAN ESPECTACULOS\" \/>\n<meta property=\"og:description\" content=\"Es del a\u00f1o 1987 y solo se vio en pocas salas de los Estados Unidos. El director muri\u00f3 este fin de semana a los 82 a\u00f1os. El cine argentino perdi\u00f3 a uno de sus grandes directores. Este fin de semana\u00a0muri\u00f3\u00a0Adolfo Aristarain\u00a0a los 82 a\u00f1os, que dej\u00f3 una lista de gemas que se disfrutar\u00e1n por siempre. [&hellip;]\" \/>\n<meta property=\"og:url\" content=\"https:\/\/radioclanfm.com\/clanespectaculos\/the-stranger-la-pelicula-de-aristarain-sin-estrenar-en-la-argentina-con-ricardo-darin-hablando-en-ingles\/\" \/>\n<meta property=\"og:site_name\" content=\"CLAN ESPECTACULOS\" \/>\n<meta property=\"article:publisher\" content=\"https:\/\/www.facebook.com\/clanespectaculos\/\" \/>\n<meta property=\"article:published_time\" content=\"2026-04-28T00:43:18+00:00\" \/>\n<meta property=\"og:image\" content=\"https:\/\/radioclanfm.com\/clanespectaculos\/wp-content\/uploads\/sites\/2\/2026\/04\/AohE93AT.jpg\" \/>\n\t<meta property=\"og:image:width\" content=\"900\" \/>\n\t<meta property=\"og:image:height\" content=\"504\" \/>\n\t<meta property=\"og:image:type\" content=\"image\/jpeg\" \/>\n<meta name=\"author\" content=\"E-GRUPOCLAN\" \/>\n<meta name=\"twitter:card\" content=\"summary_large_image\" \/>\n<meta name=\"twitter:creator\" content=\"@clanespectok\" \/>\n<meta name=\"twitter:site\" content=\"@clanespectok\" \/>\n<meta name=\"twitter:label1\" content=\"Escrito por\" \/>\n\t<meta name=\"twitter:data1\" content=\"E-GRUPOCLAN\" \/>\n\t<meta name=\"twitter:label2\" content=\"Tiempo de lectura\" \/>\n\t<meta name=\"twitter:data2\" content=\"5 minutos\" \/>\n<script type=\"application\/ld+json\" class=\"yoast-schema-graph\">{\"@context\":\"https:\\\/\\\/schema.org\",\"@graph\":[{\"@type\":\"Article\",\"@id\":\"https:\\\/\\\/radioclanfm.com\\\/clanespectaculos\\\/the-stranger-la-pelicula-de-aristarain-sin-estrenar-en-la-argentina-con-ricardo-darin-hablando-en-ingles\\\/#article\",\"isPartOf\":{\"@id\":\"https:\\\/\\\/radioclanfm.com\\\/clanespectaculos\\\/the-stranger-la-pelicula-de-aristarain-sin-estrenar-en-la-argentina-con-ricardo-darin-hablando-en-ingles\\\/\"},\"author\":{\"name\":\"E-GRUPOCLAN\",\"@id\":\"https:\\\/\\\/radioclanfm.com\\\/clanespectaculos\\\/#\\\/schema\\\/person\\\/9734813083303230f3ad84d99171b20c\"},\"headline\":\"\u201cThe Stranger\u201d, la pel\u00edcula de Aristarain sin estrenar en la Argentina con Ricardo Dar\u00edn hablando en ingl\u00e9s\",\"datePublished\":\"2026-04-28T00:43:18+00:00\",\"mainEntityOfPage\":{\"@id\":\"https:\\\/\\\/radioclanfm.com\\\/clanespectaculos\\\/the-stranger-la-pelicula-de-aristarain-sin-estrenar-en-la-argentina-con-ricardo-darin-hablando-en-ingles\\\/\"},\"wordCount\":812,\"commentCount\":0,\"publisher\":{\"@id\":\"https:\\\/\\\/radioclanfm.com\\\/clanespectaculos\\\/#organization\"},\"image\":{\"@id\":\"https:\\\/\\\/radioclanfm.com\\\/clanespectaculos\\\/the-stranger-la-pelicula-de-aristarain-sin-estrenar-en-la-argentina-con-ricardo-darin-hablando-en-ingles\\\/#primaryimage\"},\"thumbnailUrl\":\"https:\\\/\\\/radioclanfm.com\\\/clanespectaculos\\\/wp-content\\\/uploads\\\/sites\\\/2\\\/2026\\\/04\\\/AohE93AT.jpg\",\"articleSection\":[\"Espectaculos\"],\"inLanguage\":\"es-AR\",\"potentialAction\":[{\"@type\":\"CommentAction\",\"name\":\"Comment\",\"target\":[\"https:\\\/\\\/radioclanfm.com\\\/clanespectaculos\\\/the-stranger-la-pelicula-de-aristarain-sin-estrenar-en-la-argentina-con-ricardo-darin-hablando-en-ingles\\\/#respond\"]}]},{\"@type\":\"WebPage\",\"@id\":\"https:\\\/\\\/radioclanfm.com\\\/clanespectaculos\\\/the-stranger-la-pelicula-de-aristarain-sin-estrenar-en-la-argentina-con-ricardo-darin-hablando-en-ingles\\\/\",\"url\":\"https:\\\/\\\/radioclanfm.com\\\/clanespectaculos\\\/the-stranger-la-pelicula-de-aristarain-sin-estrenar-en-la-argentina-con-ricardo-darin-hablando-en-ingles\\\/\",\"name\":\"\u201cThe Stranger\u201d, la pel\u00edcula de Aristarain sin estrenar en la Argentina con Ricardo Dar\u00edn hablando en ingl\u00e9s - CLAN ESPECTACULOS\",\"isPartOf\":{\"@id\":\"https:\\\/\\\/radioclanfm.com\\\/clanespectaculos\\\/#website\"},\"primaryImageOfPage\":{\"@id\":\"https:\\\/\\\/radioclanfm.com\\\/clanespectaculos\\\/the-stranger-la-pelicula-de-aristarain-sin-estrenar-en-la-argentina-con-ricardo-darin-hablando-en-ingles\\\/#primaryimage\"},\"image\":{\"@id\":\"https:\\\/\\\/radioclanfm.com\\\/clanespectaculos\\\/the-stranger-la-pelicula-de-aristarain-sin-estrenar-en-la-argentina-con-ricardo-darin-hablando-en-ingles\\\/#primaryimage\"},\"thumbnailUrl\":\"https:\\\/\\\/radioclanfm.com\\\/clanespectaculos\\\/wp-content\\\/uploads\\\/sites\\\/2\\\/2026\\\/04\\\/AohE93AT.jpg\",\"datePublished\":\"2026-04-28T00:43:18+00:00\",\"breadcrumb\":{\"@id\":\"https:\\\/\\\/radioclanfm.com\\\/clanespectaculos\\\/the-stranger-la-pelicula-de-aristarain-sin-estrenar-en-la-argentina-con-ricardo-darin-hablando-en-ingles\\\/#breadcrumb\"},\"inLanguage\":\"es-AR\",\"potentialAction\":[{\"@type\":\"ReadAction\",\"target\":[\"https:\\\/\\\/radioclanfm.com\\\/clanespectaculos\\\/the-stranger-la-pelicula-de-aristarain-sin-estrenar-en-la-argentina-con-ricardo-darin-hablando-en-ingles\\\/\"]}]},{\"@type\":\"ImageObject\",\"inLanguage\":\"es-AR\",\"@id\":\"https:\\\/\\\/radioclanfm.com\\\/clanespectaculos\\\/the-stranger-la-pelicula-de-aristarain-sin-estrenar-en-la-argentina-con-ricardo-darin-hablando-en-ingles\\\/#primaryimage\",\"url\":\"https:\\\/\\\/radioclanfm.com\\\/clanespectaculos\\\/wp-content\\\/uploads\\\/sites\\\/2\\\/2026\\\/04\\\/AohE93AT.jpg\",\"contentUrl\":\"https:\\\/\\\/radioclanfm.com\\\/clanespectaculos\\\/wp-content\\\/uploads\\\/sites\\\/2\\\/2026\\\/04\\\/AohE93AT.jpg\",\"width\":900,\"height\":504},{\"@type\":\"BreadcrumbList\",\"@id\":\"https:\\\/\\\/radioclanfm.com\\\/clanespectaculos\\\/the-stranger-la-pelicula-de-aristarain-sin-estrenar-en-la-argentina-con-ricardo-darin-hablando-en-ingles\\\/#breadcrumb\",\"itemListElement\":[{\"@type\":\"ListItem\",\"position\":1,\"name\":\"Inicio\",\"item\":\"https:\\\/\\\/radioclanfm.com\\\/clanespectaculos\\\/\"},{\"@type\":\"ListItem\",\"position\":2,\"name\":\"\u201cThe Stranger\u201d, la pel\u00edcula de Aristarain sin estrenar en la Argentina con Ricardo Dar\u00edn hablando en ingl\u00e9s\"}]},{\"@type\":\"WebSite\",\"@id\":\"https:\\\/\\\/radioclanfm.com\\\/clanespectaculos\\\/#website\",\"url\":\"https:\\\/\\\/radioclanfm.com\\\/clanespectaculos\\\/\",\"name\":\"CLAN ESPECTACULOS\",\"description\":\"\",\"publisher\":{\"@id\":\"https:\\\/\\\/radioclanfm.com\\\/clanespectaculos\\\/#organization\"},\"potentialAction\":[{\"@type\":\"SearchAction\",\"target\":{\"@type\":\"EntryPoint\",\"urlTemplate\":\"https:\\\/\\\/radioclanfm.com\\\/clanespectaculos\\\/?s={search_term_string}\"},\"query-input\":{\"@type\":\"PropertyValueSpecification\",\"valueRequired\":true,\"valueName\":\"search_term_string\"}}],\"inLanguage\":\"es-AR\"},{\"@type\":\"Organization\",\"@id\":\"https:\\\/\\\/radioclanfm.com\\\/clanespectaculos\\\/#organization\",\"name\":\"CLAN ESPECTACULOS\",\"url\":\"https:\\\/\\\/radioclanfm.com\\\/clanespectaculos\\\/\",\"logo\":{\"@type\":\"ImageObject\",\"inLanguage\":\"es-AR\",\"@id\":\"https:\\\/\\\/radioclanfm.com\\\/clanespectaculos\\\/#\\\/schema\\\/logo\\\/image\\\/\",\"url\":\"https:\\\/\\\/radioclanfm.com\\\/clanespectaculos\\\/wp-content\\\/uploads\\\/sites\\\/2\\\/2026\\\/04\\\/ChatGPT-Image-23-mar-2026-10_09_00.png\",\"contentUrl\":\"https:\\\/\\\/radioclanfm.com\\\/clanespectaculos\\\/wp-content\\\/uploads\\\/sites\\\/2\\\/2026\\\/04\\\/ChatGPT-Image-23-mar-2026-10_09_00.png\",\"width\":1024,\"height\":1024,\"caption\":\"CLAN ESPECTACULOS\"},\"image\":{\"@id\":\"https:\\\/\\\/radioclanfm.com\\\/clanespectaculos\\\/#\\\/schema\\\/logo\\\/image\\\/\"},\"sameAs\":[\"https:\\\/\\\/www.facebook.com\\\/clanespectaculos\\\/\",\"https:\\\/\\\/x.com\\\/clanespectok\"]},{\"@type\":\"Person\",\"@id\":\"https:\\\/\\\/radioclanfm.com\\\/clanespectaculos\\\/#\\\/schema\\\/person\\\/9734813083303230f3ad84d99171b20c\",\"name\":\"E-GRUPOCLAN\",\"image\":{\"@type\":\"ImageObject\",\"inLanguage\":\"es-AR\",\"@id\":\"https:\\\/\\\/secure.gravatar.com\\\/avatar\\\/af6e19837c3d6a212034a48c7b3818d2ac1826f6025df0155da5a186ad321d79?s=96&d=mm&r=g\",\"url\":\"https:\\\/\\\/secure.gravatar.com\\\/avatar\\\/af6e19837c3d6a212034a48c7b3818d2ac1826f6025df0155da5a186ad321d79?s=96&d=mm&r=g\",\"contentUrl\":\"https:\\\/\\\/secure.gravatar.com\\\/avatar\\\/af6e19837c3d6a212034a48c7b3818d2ac1826f6025df0155da5a186ad321d79?s=96&d=mm&r=g\",\"caption\":\"E-GRUPOCLAN\"},\"sameAs\":[\"https:\\\/\\\/radioclanfm.com\"],\"url\":\"https:\\\/\\\/radioclanfm.com\\\/clanespectaculos\\\/author\\\/admin\\\/\"}]}<\/script>\n<!-- \/ Yoast SEO plugin. -->","yoast_head_json":{"title":"\u201cThe Stranger\u201d, la pel\u00edcula de Aristarain sin estrenar en la Argentina con Ricardo Dar\u00edn hablando en ingl\u00e9s - CLAN ESPECTACULOS","robots":{"index":"index","follow":"follow","max-snippet":"max-snippet:-1","max-image-preview":"max-image-preview:large","max-video-preview":"max-video-preview:-1"},"canonical":"https:\/\/radioclanfm.com\/clanespectaculos\/the-stranger-la-pelicula-de-aristarain-sin-estrenar-en-la-argentina-con-ricardo-darin-hablando-en-ingles\/","og_locale":"es_ES","og_type":"article","og_title":"\u201cThe Stranger\u201d, la pel\u00edcula de Aristarain sin estrenar en la Argentina con Ricardo Dar\u00edn hablando en ingl\u00e9s - CLAN ESPECTACULOS","og_description":"Es del a\u00f1o 1987 y solo se vio en pocas salas de los Estados Unidos. El director muri\u00f3 este fin de semana a los 82 a\u00f1os. El cine argentino perdi\u00f3 a uno de sus grandes directores. Este fin de semana\u00a0muri\u00f3\u00a0Adolfo Aristarain\u00a0a los 82 a\u00f1os, que dej\u00f3 una lista de gemas que se disfrutar\u00e1n por siempre. [&hellip;]","og_url":"https:\/\/radioclanfm.com\/clanespectaculos\/the-stranger-la-pelicula-de-aristarain-sin-estrenar-en-la-argentina-con-ricardo-darin-hablando-en-ingles\/","og_site_name":"CLAN ESPECTACULOS","article_publisher":"https:\/\/www.facebook.com\/clanespectaculos\/","article_published_time":"2026-04-28T00:43:18+00:00","og_image":[{"width":900,"height":504,"url":"https:\/\/radioclanfm.com\/clanespectaculos\/wp-content\/uploads\/sites\/2\/2026\/04\/AohE93AT.jpg","type":"image\/jpeg"}],"author":"E-GRUPOCLAN","twitter_card":"summary_large_image","twitter_creator":"@clanespectok","twitter_site":"@clanespectok","twitter_misc":{"Escrito por":"E-GRUPOCLAN","Tiempo de lectura":"5 minutos"},"schema":{"@context":"https:\/\/schema.org","@graph":[{"@type":"Article","@id":"https:\/\/radioclanfm.com\/clanespectaculos\/the-stranger-la-pelicula-de-aristarain-sin-estrenar-en-la-argentina-con-ricardo-darin-hablando-en-ingles\/#article","isPartOf":{"@id":"https:\/\/radioclanfm.com\/clanespectaculos\/the-stranger-la-pelicula-de-aristarain-sin-estrenar-en-la-argentina-con-ricardo-darin-hablando-en-ingles\/"},"author":{"name":"E-GRUPOCLAN","@id":"https:\/\/radioclanfm.com\/clanespectaculos\/#\/schema\/person\/9734813083303230f3ad84d99171b20c"},"headline":"\u201cThe Stranger\u201d, la pel\u00edcula de Aristarain sin estrenar en la Argentina con Ricardo Dar\u00edn hablando en ingl\u00e9s","datePublished":"2026-04-28T00:43:18+00:00","mainEntityOfPage":{"@id":"https:\/\/radioclanfm.com\/clanespectaculos\/the-stranger-la-pelicula-de-aristarain-sin-estrenar-en-la-argentina-con-ricardo-darin-hablando-en-ingles\/"},"wordCount":812,"commentCount":0,"publisher":{"@id":"https:\/\/radioclanfm.com\/clanespectaculos\/#organization"},"image":{"@id":"https:\/\/radioclanfm.com\/clanespectaculos\/the-stranger-la-pelicula-de-aristarain-sin-estrenar-en-la-argentina-con-ricardo-darin-hablando-en-ingles\/#primaryimage"},"thumbnailUrl":"https:\/\/radioclanfm.com\/clanespectaculos\/wp-content\/uploads\/sites\/2\/2026\/04\/AohE93AT.jpg","articleSection":["Espectaculos"],"inLanguage":"es-AR","potentialAction":[{"@type":"CommentAction","name":"Comment","target":["https:\/\/radioclanfm.com\/clanespectaculos\/the-stranger-la-pelicula-de-aristarain-sin-estrenar-en-la-argentina-con-ricardo-darin-hablando-en-ingles\/#respond"]}]},{"@type":"WebPage","@id":"https:\/\/radioclanfm.com\/clanespectaculos\/the-stranger-la-pelicula-de-aristarain-sin-estrenar-en-la-argentina-con-ricardo-darin-hablando-en-ingles\/","url":"https:\/\/radioclanfm.com\/clanespectaculos\/the-stranger-la-pelicula-de-aristarain-sin-estrenar-en-la-argentina-con-ricardo-darin-hablando-en-ingles\/","name":"\u201cThe Stranger\u201d, la pel\u00edcula de Aristarain sin estrenar en la Argentina con Ricardo Dar\u00edn hablando en ingl\u00e9s - CLAN ESPECTACULOS","isPartOf":{"@id":"https:\/\/radioclanfm.com\/clanespectaculos\/#website"},"primaryImageOfPage":{"@id":"https:\/\/radioclanfm.com\/clanespectaculos\/the-stranger-la-pelicula-de-aristarain-sin-estrenar-en-la-argentina-con-ricardo-darin-hablando-en-ingles\/#primaryimage"},"image":{"@id":"https:\/\/radioclanfm.com\/clanespectaculos\/the-stranger-la-pelicula-de-aristarain-sin-estrenar-en-la-argentina-con-ricardo-darin-hablando-en-ingles\/#primaryimage"},"thumbnailUrl":"https:\/\/radioclanfm.com\/clanespectaculos\/wp-content\/uploads\/sites\/2\/2026\/04\/AohE93AT.jpg","datePublished":"2026-04-28T00:43:18+00:00","breadcrumb":{"@id":"https:\/\/radioclanfm.com\/clanespectaculos\/the-stranger-la-pelicula-de-aristarain-sin-estrenar-en-la-argentina-con-ricardo-darin-hablando-en-ingles\/#breadcrumb"},"inLanguage":"es-AR","potentialAction":[{"@type":"ReadAction","target":["https:\/\/radioclanfm.com\/clanespectaculos\/the-stranger-la-pelicula-de-aristarain-sin-estrenar-en-la-argentina-con-ricardo-darin-hablando-en-ingles\/"]}]},{"@type":"ImageObject","inLanguage":"es-AR","@id":"https:\/\/radioclanfm.com\/clanespectaculos\/the-stranger-la-pelicula-de-aristarain-sin-estrenar-en-la-argentina-con-ricardo-darin-hablando-en-ingles\/#primaryimage","url":"https:\/\/radioclanfm.com\/clanespectaculos\/wp-content\/uploads\/sites\/2\/2026\/04\/AohE93AT.jpg","contentUrl":"https:\/\/radioclanfm.com\/clanespectaculos\/wp-content\/uploads\/sites\/2\/2026\/04\/AohE93AT.jpg","width":900,"height":504},{"@type":"BreadcrumbList","@id":"https:\/\/radioclanfm.com\/clanespectaculos\/the-stranger-la-pelicula-de-aristarain-sin-estrenar-en-la-argentina-con-ricardo-darin-hablando-en-ingles\/#breadcrumb","itemListElement":[{"@type":"ListItem","position":1,"name":"Inicio","item":"https:\/\/radioclanfm.com\/clanespectaculos\/"},{"@type":"ListItem","position":2,"name":"\u201cThe Stranger\u201d, la pel\u00edcula de Aristarain sin estrenar en la Argentina con Ricardo Dar\u00edn hablando en ingl\u00e9s"}]},{"@type":"WebSite","@id":"https:\/\/radioclanfm.com\/clanespectaculos\/#website","url":"https:\/\/radioclanfm.com\/clanespectaculos\/","name":"CLAN ESPECTACULOS","description":"","publisher":{"@id":"https:\/\/radioclanfm.com\/clanespectaculos\/#organization"},"potentialAction":[{"@type":"SearchAction","target":{"@type":"EntryPoint","urlTemplate":"https:\/\/radioclanfm.com\/clanespectaculos\/?s={search_term_string}"},"query-input":{"@type":"PropertyValueSpecification","valueRequired":true,"valueName":"search_term_string"}}],"inLanguage":"es-AR"},{"@type":"Organization","@id":"https:\/\/radioclanfm.com\/clanespectaculos\/#organization","name":"CLAN ESPECTACULOS","url":"https:\/\/radioclanfm.com\/clanespectaculos\/","logo":{"@type":"ImageObject","inLanguage":"es-AR","@id":"https:\/\/radioclanfm.com\/clanespectaculos\/#\/schema\/logo\/image\/","url":"https:\/\/radioclanfm.com\/clanespectaculos\/wp-content\/uploads\/sites\/2\/2026\/04\/ChatGPT-Image-23-mar-2026-10_09_00.png","contentUrl":"https:\/\/radioclanfm.com\/clanespectaculos\/wp-content\/uploads\/sites\/2\/2026\/04\/ChatGPT-Image-23-mar-2026-10_09_00.png","width":1024,"height":1024,"caption":"CLAN ESPECTACULOS"},"image":{"@id":"https:\/\/radioclanfm.com\/clanespectaculos\/#\/schema\/logo\/image\/"},"sameAs":["https:\/\/www.facebook.com\/clanespectaculos\/","https:\/\/x.com\/clanespectok"]},{"@type":"Person","@id":"https:\/\/radioclanfm.com\/clanespectaculos\/#\/schema\/person\/9734813083303230f3ad84d99171b20c","name":"E-GRUPOCLAN","image":{"@type":"ImageObject","inLanguage":"es-AR","@id":"https:\/\/secure.gravatar.com\/avatar\/af6e19837c3d6a212034a48c7b3818d2ac1826f6025df0155da5a186ad321d79?s=96&d=mm&r=g","url":"https:\/\/secure.gravatar.com\/avatar\/af6e19837c3d6a212034a48c7b3818d2ac1826f6025df0155da5a186ad321d79?s=96&d=mm&r=g","contentUrl":"https:\/\/secure.gravatar.com\/avatar\/af6e19837c3d6a212034a48c7b3818d2ac1826f6025df0155da5a186ad321d79?s=96&d=mm&r=g","caption":"E-GRUPOCLAN"},"sameAs":["https:\/\/radioclanfm.com"],"url":"https:\/\/radioclanfm.com\/clanespectaculos\/author\/admin\/"}]}},"_links":{"self":[{"href":"https:\/\/radioclanfm.com\/clanespectaculos\/wp-json\/wp\/v2\/posts\/15967","targetHints":{"allow":["GET"]}}],"collection":[{"href":"https:\/\/radioclanfm.com\/clanespectaculos\/wp-json\/wp\/v2\/posts"}],"about":[{"href":"https:\/\/radioclanfm.com\/clanespectaculos\/wp-json\/wp\/v2\/types\/post"}],"author":[{"embeddable":true,"href":"https:\/\/radioclanfm.com\/clanespectaculos\/wp-json\/wp\/v2\/users\/1"}],"replies":[{"embeddable":true,"href":"https:\/\/radioclanfm.com\/clanespectaculos\/wp-json\/wp\/v2\/comments?post=15967"}],"version-history":[{"count":1,"href":"https:\/\/radioclanfm.com\/clanespectaculos\/wp-json\/wp\/v2\/posts\/15967\/revisions"}],"predecessor-version":[{"id":15969,"href":"https:\/\/radioclanfm.com\/clanespectaculos\/wp-json\/wp\/v2\/posts\/15967\/revisions\/15969"}],"wp:featuredmedia":[{"embeddable":true,"href":"https:\/\/radioclanfm.com\/clanespectaculos\/wp-json\/wp\/v2\/media\/15968"}],"wp:attachment":[{"href":"https:\/\/radioclanfm.com\/clanespectaculos\/wp-json\/wp\/v2\/media?parent=15967"}],"wp:term":[{"taxonomy":"category","embeddable":true,"href":"https:\/\/radioclanfm.com\/clanespectaculos\/wp-json\/wp\/v2\/categories?post=15967"},{"taxonomy":"post_tag","embeddable":true,"href":"https:\/\/radioclanfm.com\/clanespectaculos\/wp-json\/wp\/v2\/tags?post=15967"}],"curies":[{"name":"wp","href":"https:\/\/api.w.org\/{rel}","templated":true}]}}