{"id":15961,"date":"2026-04-27T21:40:30","date_gmt":"2026-04-28T00:40:30","guid":{"rendered":"https:\/\/radioclanfm.com\/clanespectaculos\/?p=15961"},"modified":"2026-04-27T21:40:30","modified_gmt":"2026-04-28T00:40:30","slug":"mica-viciconte-hablo-de-la-lista-de-invitados-del-15-de-allegra-tras-la-ausencia-de-nicole-neumann","status":"publish","type":"post","link":"https:\/\/radioclanfm.com\/clanespectaculos\/mica-viciconte-hablo-de-la-lista-de-invitados-del-15-de-allegra-tras-la-ausencia-de-nicole-neumann\/","title":{"rendered":"Mica Viciconte habl\u00f3 de la lista de invitados del 15 de Allegra tras la ausencia de Nicole Neumann"},"content":{"rendered":"<p>La pareja de Fabi\u00e1n Cubero cont\u00f3 c\u00f3mo la pasaron en el cumplea\u00f1os de la adolescente.<\/p>\n<div class=\"col-content\"><main class=\"col-content\"><\/p>\n<div class=\"default-article-color article__body article__article\">\n<p class=\"paragraph font__body-regular\"><b>Mica Viciconte<\/b><b>\u00a0<\/b>rompi\u00f3 el silencio luego de las cr\u00edticas que circularon por la fiesta de 15 de\u00a0<b>Allegra Cubero<\/b>, que tuvo lugar este fin de semana en un elegante sal\u00f3n de Olivos.<\/p>\n<div id=\"ad-slot-infeed\" class=\"infeed-container ad-slot-infeed ad-slot\" data-adtype=\"infeed\" data-lazyload=\"1\" data-google-query-id=\"CJav_b2nj5QDFcA3uQYdbbsT7g\">\n<div id=\"google_ads_iframe_\/113951150\/tn-arc\/nota\/infeed_0__container__\"><iframe id=\"google_ads_iframe_\/113951150\/tn-arc\/nota\/infeed_0\" tabindex=\"0\" title=\"Contenido de anuncios de terceros\" name=\"google_ads_iframe_\/113951150\/tn-arc\/nota\/infeed_0\" width=\"1\" height=\"1\" frameborder=\"0\" marginwidth=\"0\" marginheight=\"0\" scrolling=\"no\" aria-label=\"Anuncio\" data-google-container-id=\"9\" data-load-complete=\"true\" data-mce-fragment=\"1\"><\/iframe><\/div>\n<\/div>\n<p class=\"paragraph font__body-regular\">Luego de la pol\u00e9mica que se volvi\u00f3 a instalar por\u00a0<b>la ausencia de Nicole Neumann<\/b>\u00a0en el cumplea\u00f1os de su hija, todas las preguntas apuntaron hacia la medi\u00e1tica para saber qui\u00e9n estuvo a cargo de la lista de invitados.<\/p>\n<div class=\"teads-adCall\"><\/div>\n<p class=\"paragraph font__body-regular\">Este lunes al aire de<i>\u00a0Puro Show (eltrece)<\/i>\u00a0mostraron la nota que dio Mica en la que habl\u00f3 sobre este tema. \u201cComo dijo Fabi\u00e1n (Cubero),\u00a0<b>yo no invit\u00e9 a nadie, no hice la lista<\/b>\u201d, manifest\u00f3 ella.<\/p>\n<figure class=\"\" data-testid=\"figure-testid\">\n<div class=\"aspect_ratio__container\"><picture class=\"responsive-image\"><source srcset=\"https:\/\/tn.com.ar\/resizer\/v2\/mica-viciconte-y-fabian-cubero-hablaron-del-cumple-de-15-de-allegra-foto-captura-eltrece-JR2HGEYDTNDYXDWBIKUR6IHFQA.jpg?auth=eb03b2e678fc5f5ea05a74fe37a37a52d58c64a56436c89746f590cb715885c8&amp;width=767\" type=\"image\/jpg\" media=\"(max-width: 728px)\" \/><source srcset=\"https:\/\/tn.com.ar\/resizer\/v2\/mica-viciconte-y-fabian-cubero-hablaron-del-cumple-de-15-de-allegra-foto-captura-eltrece-JR2HGEYDTNDYXDWBIKUR6IHFQA.jpg?auth=eb03b2e678fc5f5ea05a74fe37a37a52d58c64a56436c89746f590cb715885c8&amp;width=1023\" type=\"image\/jpg\" media=\"(max-width: 1023px)\" \/><source srcset=\"https:\/\/tn.com.ar\/resizer\/v2\/mica-viciconte-y-fabian-cubero-hablaron-del-cumple-de-15-de-allegra-foto-captura-eltrece-JR2HGEYDTNDYXDWBIKUR6IHFQA.jpg?auth=eb03b2e678fc5f5ea05a74fe37a37a52d58c64a56436c89746f590cb715885c8&amp;width=1440\" type=\"image\/jpg\" \/><img loading=\"lazy\" decoding=\"async\" class=\"image content-image image_placeholder\" src=\"https:\/\/tn.com.ar\/resizer\/v2\/mica-viciconte-y-fabian-cubero-hablaron-del-cumple-de-15-de-allegra-foto-captura-eltrece-JR2HGEYDTNDYXDWBIKUR6IHFQA.jpg?auth=eb03b2e678fc5f5ea05a74fe37a37a52d58c64a56436c89746f590cb715885c8&amp;width=767\" alt=\"Mica Viciconte y Fabi\u00e1n Cubero hablaron del cumple de 15 de Allegra. (Foto: captura eltrece)\" width=\"767\" height=\"430\" data-testid=\"loading-testid\" \/><\/picture><\/div><figcaption class=\"caption_image\" data-testid=\"figcaption-testid\">\n<div class=\"image_caption \">Mica Viciconte y Fabi\u00e1n Cubero hablaron del cumple de 15 de Allegra. (Foto: captura eltrece)<\/div>\n<\/figcaption><\/figure>\n<p class=\"paragraph font__body-regular\">El exfutbolista explic\u00f3 que fue Allegra la que estuvo totalmente dedicada a elegir qui\u00e9nes pod\u00edan formar parte de la celebraci\u00f3n. Incluso, remarc\u00f3 que fue la adolescente quien invit\u00f3 a diferentes amigos tanto de \u00e9l como de Mica.<\/p>\n<p class=\"paragraph font__body-regular\">\u201cVino toda mi familia,\u00a0<b>vinieron amigas m\u00edas de Mar del Plata que fueron invitadas<\/b>, as\u00ed que yo chocha de la vida porque pude disfrutar tambi\u00e9n con mis amigas\u201d, asegur\u00f3 Viciconte.<\/p>\n<p class=\"paragraph font__body-regular\">\u201cVos participaste de la organizaci\u00f3n\u201d, le dijo un cronista a Mica. \u201cUn mont\u00f3n, pero de la lista de invitados no. De la entrada tampoco.\u00a0<b>Yo en ese sentido no decid\u00ed nada<\/b>\u201d, manifest\u00f3.<\/p>\n<figure class=\"\" data-testid=\"figure-testid\">\n<div class=\"aspect_ratio__container\"><picture class=\"responsive-image\"><source srcset=\"https:\/\/tn.com.ar\/resizer\/v2\/la-foto-familiar-que-desperto-criticas-foto-lightpixelproducciones-YYAIXUUK2VATBEI3O47UNQ3USI.png?auth=2ed0206ff22a4622b5403815fb802f8d6252d97f3db8fe3f7dc717a555455c82&amp;width=767\" type=\"image\/jpg\" media=\"(max-width: 728px)\" \/><source srcset=\"https:\/\/tn.com.ar\/resizer\/v2\/la-foto-familiar-que-desperto-criticas-foto-lightpixelproducciones-YYAIXUUK2VATBEI3O47UNQ3USI.png?auth=2ed0206ff22a4622b5403815fb802f8d6252d97f3db8fe3f7dc717a555455c82&amp;width=1023\" type=\"image\/jpg\" media=\"(max-width: 1023px)\" \/><source srcset=\"https:\/\/tn.com.ar\/resizer\/v2\/la-foto-familiar-que-desperto-criticas-foto-lightpixelproducciones-YYAIXUUK2VATBEI3O47UNQ3USI.png?auth=2ed0206ff22a4622b5403815fb802f8d6252d97f3db8fe3f7dc717a555455c82&amp;width=1440\" type=\"image\/jpg\" \/><img loading=\"lazy\" decoding=\"async\" class=\"image content-image image_placeholder\" src=\"https:\/\/tn.com.ar\/resizer\/v2\/la-foto-familiar-que-desperto-criticas-foto-lightpixelproducciones-YYAIXUUK2VATBEI3O47UNQ3USI.png?auth=2ed0206ff22a4622b5403815fb802f8d6252d97f3db8fe3f7dc717a555455c82&amp;width=767\" alt=\"La foto familiar que despert\u00f3 cr\u00edticas. (Foto: @lightpixelproducciones)\" width=\"767\" height=\"432\" data-testid=\"loading-testid\" \/><\/picture><\/div><figcaption class=\"caption_image\" data-testid=\"figcaption-testid\">\n<div class=\"image_caption \">La foto familiar que despert\u00f3 cr\u00edticas. (Foto: @lightpixelproducciones)<\/div>\n<\/figcaption><\/figure>\n<p class=\"paragraph font__body-regular\">Adem\u00e1s, durante la nota tambi\u00e9n le hicieron referencia a otras de las cr\u00edticas que circularon: la foto en la que Allegra pos\u00f3 con sus dos hermanas, su hermano Luca, su pap\u00e1 Fabi\u00e1n y Mica.\u00a0<b>\u201cSomos una familia\u201d<\/b>, remarc\u00f3 ella.<\/p>\n<h2 class=\"font--primary font__display\">Qu\u00e9 dijo Fabi\u00e1n Cubero sobre las cr\u00edticas por la fiesta de 15 de Allegra<\/h2>\n<p class=\"paragraph font__body-regular\">El exfutbolista tambi\u00e9n dio declaraciones sobre las repercusiones que tuvo el cumplea\u00f1os.\u00a0<b>\u201c\u00bfEst\u00e1n m\u00e1s cerca de la paz?\u201c<\/b>, quiso saber uno de los cronistas por la interna con Nicole.<\/p>\n<figure class=\"\" data-testid=\"figure-testid\">\n<div class=\"aspect_ratio__container\"><picture class=\"responsive-image\"><source srcset=\"https:\/\/tn.com.ar\/resizer\/v2\/allegra-cubero-con-look-de-laurencio-adot-foto-lightpixelproducciones-DVUD5RYWLBCXRHKQKMA2AKOPSQ.jpg?auth=a2cc6b4b53dad9b4a5d3e1b9a32b00fcfc399d9ec82aa399d83036b6c68419e5&amp;width=767\" type=\"image\/jpg\" media=\"(max-width: 728px)\" \/><source srcset=\"https:\/\/tn.com.ar\/resizer\/v2\/allegra-cubero-con-look-de-laurencio-adot-foto-lightpixelproducciones-DVUD5RYWLBCXRHKQKMA2AKOPSQ.jpg?auth=a2cc6b4b53dad9b4a5d3e1b9a32b00fcfc399d9ec82aa399d83036b6c68419e5&amp;width=1023\" type=\"image\/jpg\" media=\"(max-width: 1023px)\" \/><source srcset=\"https:\/\/tn.com.ar\/resizer\/v2\/allegra-cubero-con-look-de-laurencio-adot-foto-lightpixelproducciones-DVUD5RYWLBCXRHKQKMA2AKOPSQ.jpg?auth=a2cc6b4b53dad9b4a5d3e1b9a32b00fcfc399d9ec82aa399d83036b6c68419e5&amp;width=1440\" type=\"image\/jpg\" \/><img loading=\"lazy\" decoding=\"async\" class=\"image content-image image_placeholder\" src=\"https:\/\/tn.com.ar\/resizer\/v2\/allegra-cubero-con-look-de-laurencio-adot-foto-lightpixelproducciones-DVUD5RYWLBCXRHKQKMA2AKOPSQ.jpg?auth=a2cc6b4b53dad9b4a5d3e1b9a32b00fcfc399d9ec82aa399d83036b6c68419e5&amp;width=767\" alt=\"Allegra Cubero con look de Laurencio Adot. (Foto: @lightpixelproducciones)\" width=\"767\" height=\"1022\" data-testid=\"loading-testid\" \/><\/picture><\/div><figcaption class=\"caption_image\" data-testid=\"figcaption-testid\">\n<div class=\"image_caption \">Allegra Cubero con look de Laurencio Adot. (Foto: @lightpixelproducciones)<\/div>\n<\/figcaption><\/figure>\n<p class=\"paragraph font__body-regular\">\u201dNos enfocamos mucho en la fiesta, que est\u00e9 bien la nena, Luca,<b>\u00a0que estemos bien nosotros como pareja<\/b>\u201c, dijo Fabi\u00e1n para demostrar que no estuvieron preocupados por el qu\u00e9 dir\u00e1n.<\/p>\n<p class=\"paragraph font__body-regular\"><b>\u201cAli quiso salir con su hermano Luca de la pantalla\u201d<\/b>, aseguraron tambi\u00e9n por el momento de la entrada de Allegra a la fiesta, algo que tambi\u00e9n fue criticado en las redes sociales ya que se cre\u00eda que hab\u00eda sido una decisi\u00f3n de Viciconte.<\/p>\n<\/div>\n<p><\/main><\/div>\n<aside class=\"col-right-rail right-rail\">\n<div id=\"parent-ad-slot-caja\" class=\"ad-container caja_ad \">\n<div class=\"ad-content\"><\/div>\n<\/div>\n<\/aside>\n","protected":false},"excerpt":{"rendered":"<p>La pareja de Fabi\u00e1n Cubero cont\u00f3 c\u00f3mo la pasaron en el cumplea\u00f1os de la adolescente. Mica Viciconte\u00a0rompi\u00f3 el silencio luego de las cr\u00edticas que circularon por la fiesta de 15 de\u00a0Allegra Cubero, que tuvo lugar este fin de semana en un elegante sal\u00f3n de Olivos. Luego de la pol\u00e9mica que se volvi\u00f3 a instalar por\u00a0la [&hellip;]<\/p>\n","protected":false},"author":1,"featured_media":15962,"comment_status":"open","ping_status":"open","sticky":false,"template":"","format":"standard","meta":{"rop_custom_images_group":[],"rop_custom_messages_group":[],"rop_publish_now":"initial","rop_publish_now_accounts":[],"rop_publish_now_history":[],"rop_publish_now_status":"pending","footnotes":"","jetpack_publicize_message":"","jetpack_publicize_feature_enabled":true,"jetpack_social_post_already_shared":true,"jetpack_social_options":{"image_generator_settings":{"template":"highway","enabled":false},"version":2}},"categories":[12],"tags":[],"class_list":{"0":"post-15961","1":"post","2":"type-post","3":"status-publish","4":"format-standard","5":"has-post-thumbnail","7":"category-espectaculos"},"jetpack_publicize_connections":[],"yoast_head":"<!-- This site is optimized with the Yoast SEO plugin v27.3 - https:\/\/yoast.com\/product\/yoast-seo-wordpress\/ -->\n<title>Mica Viciconte habl\u00f3 de la lista de invitados del 15 de Allegra tras la ausencia de Nicole Neumann - CLAN ESPECTACULOS<\/title>\n<meta name=\"robots\" content=\"index, follow, max-snippet:-1, max-image-preview:large, max-video-preview:-1\" \/>\n<link rel=\"canonical\" href=\"https:\/\/radioclanfm.com\/clanespectaculos\/mica-viciconte-hablo-de-la-lista-de-invitados-del-15-de-allegra-tras-la-ausencia-de-nicole-neumann\/\" \/>\n<meta property=\"og:locale\" content=\"es_ES\" \/>\n<meta property=\"og:type\" content=\"article\" \/>\n<meta property=\"og:title\" content=\"Mica Viciconte habl\u00f3 de la lista de invitados del 15 de Allegra tras la ausencia de Nicole Neumann - CLAN ESPECTACULOS\" \/>\n<meta property=\"og:description\" content=\"La pareja de Fabi\u00e1n Cubero cont\u00f3 c\u00f3mo la pasaron en el cumplea\u00f1os de la adolescente. Mica Viciconte\u00a0rompi\u00f3 el silencio luego de las cr\u00edticas que circularon por la fiesta de 15 de\u00a0Allegra Cubero, que tuvo lugar este fin de semana en un elegante sal\u00f3n de Olivos. Luego de la pol\u00e9mica que se volvi\u00f3 a instalar por\u00a0la [&hellip;]\" \/>\n<meta property=\"og:url\" content=\"https:\/\/radioclanfm.com\/clanespectaculos\/mica-viciconte-hablo-de-la-lista-de-invitados-del-15-de-allegra-tras-la-ausencia-de-nicole-neumann\/\" \/>\n<meta property=\"og:site_name\" content=\"CLAN ESPECTACULOS\" \/>\n<meta property=\"article:publisher\" content=\"https:\/\/www.facebook.com\/clanespectaculos\/\" \/>\n<meta property=\"article:published_time\" content=\"2026-04-28T00:40:30+00:00\" \/>\n<meta property=\"og:image\" content=\"https:\/\/radioclanfm.com\/clanespectaculos\/wp-content\/uploads\/sites\/2\/2026\/04\/JkUc2ngo.jpg\" \/>\n\t<meta property=\"og:image:width\" content=\"900\" \/>\n\t<meta property=\"og:image:height\" content=\"504\" \/>\n\t<meta property=\"og:image:type\" content=\"image\/jpeg\" \/>\n<meta name=\"author\" content=\"E-GRUPOCLAN\" \/>\n<meta name=\"twitter:card\" content=\"summary_large_image\" \/>\n<meta name=\"twitter:creator\" content=\"@clanespectok\" \/>\n<meta name=\"twitter:site\" content=\"@clanespectok\" \/>\n<meta name=\"twitter:label1\" content=\"Escrito por\" \/>\n\t<meta name=\"twitter:data1\" content=\"E-GRUPOCLAN\" \/>\n\t<meta name=\"twitter:label2\" content=\"Tiempo de lectura\" \/>\n\t<meta name=\"twitter:data2\" content=\"3 minutos\" \/>\n<script type=\"application\/ld+json\" class=\"yoast-schema-graph\">{\"@context\":\"https:\\\/\\\/schema.org\",\"@graph\":[{\"@type\":\"Article\",\"@id\":\"https:\\\/\\\/radioclanfm.com\\\/clanespectaculos\\\/mica-viciconte-hablo-de-la-lista-de-invitados-del-15-de-allegra-tras-la-ausencia-de-nicole-neumann\\\/#article\",\"isPartOf\":{\"@id\":\"https:\\\/\\\/radioclanfm.com\\\/clanespectaculos\\\/mica-viciconte-hablo-de-la-lista-de-invitados-del-15-de-allegra-tras-la-ausencia-de-nicole-neumann\\\/\"},\"author\":{\"name\":\"E-GRUPOCLAN\",\"@id\":\"https:\\\/\\\/radioclanfm.com\\\/clanespectaculos\\\/#\\\/schema\\\/person\\\/9734813083303230f3ad84d99171b20c\"},\"headline\":\"Mica Viciconte habl\u00f3 de la lista de invitados del 15 de Allegra tras la ausencia de Nicole Neumann\",\"datePublished\":\"2026-04-28T00:40:30+00:00\",\"mainEntityOfPage\":{\"@id\":\"https:\\\/\\\/radioclanfm.com\\\/clanespectaculos\\\/mica-viciconte-hablo-de-la-lista-de-invitados-del-15-de-allegra-tras-la-ausencia-de-nicole-neumann\\\/\"},\"wordCount\":458,\"commentCount\":0,\"publisher\":{\"@id\":\"https:\\\/\\\/radioclanfm.com\\\/clanespectaculos\\\/#organization\"},\"image\":{\"@id\":\"https:\\\/\\\/radioclanfm.com\\\/clanespectaculos\\\/mica-viciconte-hablo-de-la-lista-de-invitados-del-15-de-allegra-tras-la-ausencia-de-nicole-neumann\\\/#primaryimage\"},\"thumbnailUrl\":\"https:\\\/\\\/radioclanfm.com\\\/clanespectaculos\\\/wp-content\\\/uploads\\\/sites\\\/2\\\/2026\\\/04\\\/JkUc2ngo.jpg\",\"articleSection\":[\"Espectaculos\"],\"inLanguage\":\"es-AR\",\"potentialAction\":[{\"@type\":\"CommentAction\",\"name\":\"Comment\",\"target\":[\"https:\\\/\\\/radioclanfm.com\\\/clanespectaculos\\\/mica-viciconte-hablo-de-la-lista-de-invitados-del-15-de-allegra-tras-la-ausencia-de-nicole-neumann\\\/#respond\"]}]},{\"@type\":\"WebPage\",\"@id\":\"https:\\\/\\\/radioclanfm.com\\\/clanespectaculos\\\/mica-viciconte-hablo-de-la-lista-de-invitados-del-15-de-allegra-tras-la-ausencia-de-nicole-neumann\\\/\",\"url\":\"https:\\\/\\\/radioclanfm.com\\\/clanespectaculos\\\/mica-viciconte-hablo-de-la-lista-de-invitados-del-15-de-allegra-tras-la-ausencia-de-nicole-neumann\\\/\",\"name\":\"Mica Viciconte habl\u00f3 de la lista de invitados del 15 de Allegra tras la ausencia de Nicole Neumann - CLAN ESPECTACULOS\",\"isPartOf\":{\"@id\":\"https:\\\/\\\/radioclanfm.com\\\/clanespectaculos\\\/#website\"},\"primaryImageOfPage\":{\"@id\":\"https:\\\/\\\/radioclanfm.com\\\/clanespectaculos\\\/mica-viciconte-hablo-de-la-lista-de-invitados-del-15-de-allegra-tras-la-ausencia-de-nicole-neumann\\\/#primaryimage\"},\"image\":{\"@id\":\"https:\\\/\\\/radioclanfm.com\\\/clanespectaculos\\\/mica-viciconte-hablo-de-la-lista-de-invitados-del-15-de-allegra-tras-la-ausencia-de-nicole-neumann\\\/#primaryimage\"},\"thumbnailUrl\":\"https:\\\/\\\/radioclanfm.com\\\/clanespectaculos\\\/wp-content\\\/uploads\\\/sites\\\/2\\\/2026\\\/04\\\/JkUc2ngo.jpg\",\"datePublished\":\"2026-04-28T00:40:30+00:00\",\"breadcrumb\":{\"@id\":\"https:\\\/\\\/radioclanfm.com\\\/clanespectaculos\\\/mica-viciconte-hablo-de-la-lista-de-invitados-del-15-de-allegra-tras-la-ausencia-de-nicole-neumann\\\/#breadcrumb\"},\"inLanguage\":\"es-AR\",\"potentialAction\":[{\"@type\":\"ReadAction\",\"target\":[\"https:\\\/\\\/radioclanfm.com\\\/clanespectaculos\\\/mica-viciconte-hablo-de-la-lista-de-invitados-del-15-de-allegra-tras-la-ausencia-de-nicole-neumann\\\/\"]}]},{\"@type\":\"ImageObject\",\"inLanguage\":\"es-AR\",\"@id\":\"https:\\\/\\\/radioclanfm.com\\\/clanespectaculos\\\/mica-viciconte-hablo-de-la-lista-de-invitados-del-15-de-allegra-tras-la-ausencia-de-nicole-neumann\\\/#primaryimage\",\"url\":\"https:\\\/\\\/radioclanfm.com\\\/clanespectaculos\\\/wp-content\\\/uploads\\\/sites\\\/2\\\/2026\\\/04\\\/JkUc2ngo.jpg\",\"contentUrl\":\"https:\\\/\\\/radioclanfm.com\\\/clanespectaculos\\\/wp-content\\\/uploads\\\/sites\\\/2\\\/2026\\\/04\\\/JkUc2ngo.jpg\",\"width\":900,\"height\":504},{\"@type\":\"BreadcrumbList\",\"@id\":\"https:\\\/\\\/radioclanfm.com\\\/clanespectaculos\\\/mica-viciconte-hablo-de-la-lista-de-invitados-del-15-de-allegra-tras-la-ausencia-de-nicole-neumann\\\/#breadcrumb\",\"itemListElement\":[{\"@type\":\"ListItem\",\"position\":1,\"name\":\"Inicio\",\"item\":\"https:\\\/\\\/radioclanfm.com\\\/clanespectaculos\\\/\"},{\"@type\":\"ListItem\",\"position\":2,\"name\":\"Mica Viciconte habl\u00f3 de la lista de invitados del 15 de Allegra tras la ausencia de Nicole Neumann\"}]},{\"@type\":\"WebSite\",\"@id\":\"https:\\\/\\\/radioclanfm.com\\\/clanespectaculos\\\/#website\",\"url\":\"https:\\\/\\\/radioclanfm.com\\\/clanespectaculos\\\/\",\"name\":\"CLAN ESPECTACULOS\",\"description\":\"\",\"publisher\":{\"@id\":\"https:\\\/\\\/radioclanfm.com\\\/clanespectaculos\\\/#organization\"},\"potentialAction\":[{\"@type\":\"SearchAction\",\"target\":{\"@type\":\"EntryPoint\",\"urlTemplate\":\"https:\\\/\\\/radioclanfm.com\\\/clanespectaculos\\\/?s={search_term_string}\"},\"query-input\":{\"@type\":\"PropertyValueSpecification\",\"valueRequired\":true,\"valueName\":\"search_term_string\"}}],\"inLanguage\":\"es-AR\"},{\"@type\":\"Organization\",\"@id\":\"https:\\\/\\\/radioclanfm.com\\\/clanespectaculos\\\/#organization\",\"name\":\"CLAN ESPECTACULOS\",\"url\":\"https:\\\/\\\/radioclanfm.com\\\/clanespectaculos\\\/\",\"logo\":{\"@type\":\"ImageObject\",\"inLanguage\":\"es-AR\",\"@id\":\"https:\\\/\\\/radioclanfm.com\\\/clanespectaculos\\\/#\\\/schema\\\/logo\\\/image\\\/\",\"url\":\"https:\\\/\\\/radioclanfm.com\\\/clanespectaculos\\\/wp-content\\\/uploads\\\/sites\\\/2\\\/2026\\\/04\\\/ChatGPT-Image-23-mar-2026-10_09_00.png\",\"contentUrl\":\"https:\\\/\\\/radioclanfm.com\\\/clanespectaculos\\\/wp-content\\\/uploads\\\/sites\\\/2\\\/2026\\\/04\\\/ChatGPT-Image-23-mar-2026-10_09_00.png\",\"width\":1024,\"height\":1024,\"caption\":\"CLAN ESPECTACULOS\"},\"image\":{\"@id\":\"https:\\\/\\\/radioclanfm.com\\\/clanespectaculos\\\/#\\\/schema\\\/logo\\\/image\\\/\"},\"sameAs\":[\"https:\\\/\\\/www.facebook.com\\\/clanespectaculos\\\/\",\"https:\\\/\\\/x.com\\\/clanespectok\"]},{\"@type\":\"Person\",\"@id\":\"https:\\\/\\\/radioclanfm.com\\\/clanespectaculos\\\/#\\\/schema\\\/person\\\/9734813083303230f3ad84d99171b20c\",\"name\":\"E-GRUPOCLAN\",\"image\":{\"@type\":\"ImageObject\",\"inLanguage\":\"es-AR\",\"@id\":\"https:\\\/\\\/secure.gravatar.com\\\/avatar\\\/af6e19837c3d6a212034a48c7b3818d2ac1826f6025df0155da5a186ad321d79?s=96&d=mm&r=g\",\"url\":\"https:\\\/\\\/secure.gravatar.com\\\/avatar\\\/af6e19837c3d6a212034a48c7b3818d2ac1826f6025df0155da5a186ad321d79?s=96&d=mm&r=g\",\"contentUrl\":\"https:\\\/\\\/secure.gravatar.com\\\/avatar\\\/af6e19837c3d6a212034a48c7b3818d2ac1826f6025df0155da5a186ad321d79?s=96&d=mm&r=g\",\"caption\":\"E-GRUPOCLAN\"},\"sameAs\":[\"https:\\\/\\\/radioclanfm.com\"],\"url\":\"https:\\\/\\\/radioclanfm.com\\\/clanespectaculos\\\/author\\\/admin\\\/\"}]}<\/script>\n<!-- \/ Yoast SEO plugin. -->","yoast_head_json":{"title":"Mica Viciconte habl\u00f3 de la lista de invitados del 15 de Allegra tras la ausencia de Nicole Neumann - CLAN ESPECTACULOS","robots":{"index":"index","follow":"follow","max-snippet":"max-snippet:-1","max-image-preview":"max-image-preview:large","max-video-preview":"max-video-preview:-1"},"canonical":"https:\/\/radioclanfm.com\/clanespectaculos\/mica-viciconte-hablo-de-la-lista-de-invitados-del-15-de-allegra-tras-la-ausencia-de-nicole-neumann\/","og_locale":"es_ES","og_type":"article","og_title":"Mica Viciconte habl\u00f3 de la lista de invitados del 15 de Allegra tras la ausencia de Nicole Neumann - CLAN ESPECTACULOS","og_description":"La pareja de Fabi\u00e1n Cubero cont\u00f3 c\u00f3mo la pasaron en el cumplea\u00f1os de la adolescente. Mica Viciconte\u00a0rompi\u00f3 el silencio luego de las cr\u00edticas que circularon por la fiesta de 15 de\u00a0Allegra Cubero, que tuvo lugar este fin de semana en un elegante sal\u00f3n de Olivos. Luego de la pol\u00e9mica que se volvi\u00f3 a instalar por\u00a0la [&hellip;]","og_url":"https:\/\/radioclanfm.com\/clanespectaculos\/mica-viciconte-hablo-de-la-lista-de-invitados-del-15-de-allegra-tras-la-ausencia-de-nicole-neumann\/","og_site_name":"CLAN ESPECTACULOS","article_publisher":"https:\/\/www.facebook.com\/clanespectaculos\/","article_published_time":"2026-04-28T00:40:30+00:00","og_image":[{"width":900,"height":504,"url":"https:\/\/radioclanfm.com\/clanespectaculos\/wp-content\/uploads\/sites\/2\/2026\/04\/JkUc2ngo.jpg","type":"image\/jpeg"}],"author":"E-GRUPOCLAN","twitter_card":"summary_large_image","twitter_creator":"@clanespectok","twitter_site":"@clanespectok","twitter_misc":{"Escrito por":"E-GRUPOCLAN","Tiempo de lectura":"3 minutos"},"schema":{"@context":"https:\/\/schema.org","@graph":[{"@type":"Article","@id":"https:\/\/radioclanfm.com\/clanespectaculos\/mica-viciconte-hablo-de-la-lista-de-invitados-del-15-de-allegra-tras-la-ausencia-de-nicole-neumann\/#article","isPartOf":{"@id":"https:\/\/radioclanfm.com\/clanespectaculos\/mica-viciconte-hablo-de-la-lista-de-invitados-del-15-de-allegra-tras-la-ausencia-de-nicole-neumann\/"},"author":{"name":"E-GRUPOCLAN","@id":"https:\/\/radioclanfm.com\/clanespectaculos\/#\/schema\/person\/9734813083303230f3ad84d99171b20c"},"headline":"Mica Viciconte habl\u00f3 de la lista de invitados del 15 de Allegra tras la ausencia de Nicole Neumann","datePublished":"2026-04-28T00:40:30+00:00","mainEntityOfPage":{"@id":"https:\/\/radioclanfm.com\/clanespectaculos\/mica-viciconte-hablo-de-la-lista-de-invitados-del-15-de-allegra-tras-la-ausencia-de-nicole-neumann\/"},"wordCount":458,"commentCount":0,"publisher":{"@id":"https:\/\/radioclanfm.com\/clanespectaculos\/#organization"},"image":{"@id":"https:\/\/radioclanfm.com\/clanespectaculos\/mica-viciconte-hablo-de-la-lista-de-invitados-del-15-de-allegra-tras-la-ausencia-de-nicole-neumann\/#primaryimage"},"thumbnailUrl":"https:\/\/radioclanfm.com\/clanespectaculos\/wp-content\/uploads\/sites\/2\/2026\/04\/JkUc2ngo.jpg","articleSection":["Espectaculos"],"inLanguage":"es-AR","potentialAction":[{"@type":"CommentAction","name":"Comment","target":["https:\/\/radioclanfm.com\/clanespectaculos\/mica-viciconte-hablo-de-la-lista-de-invitados-del-15-de-allegra-tras-la-ausencia-de-nicole-neumann\/#respond"]}]},{"@type":"WebPage","@id":"https:\/\/radioclanfm.com\/clanespectaculos\/mica-viciconte-hablo-de-la-lista-de-invitados-del-15-de-allegra-tras-la-ausencia-de-nicole-neumann\/","url":"https:\/\/radioclanfm.com\/clanespectaculos\/mica-viciconte-hablo-de-la-lista-de-invitados-del-15-de-allegra-tras-la-ausencia-de-nicole-neumann\/","name":"Mica Viciconte habl\u00f3 de la lista de invitados del 15 de Allegra tras la ausencia de Nicole Neumann - CLAN ESPECTACULOS","isPartOf":{"@id":"https:\/\/radioclanfm.com\/clanespectaculos\/#website"},"primaryImageOfPage":{"@id":"https:\/\/radioclanfm.com\/clanespectaculos\/mica-viciconte-hablo-de-la-lista-de-invitados-del-15-de-allegra-tras-la-ausencia-de-nicole-neumann\/#primaryimage"},"image":{"@id":"https:\/\/radioclanfm.com\/clanespectaculos\/mica-viciconte-hablo-de-la-lista-de-invitados-del-15-de-allegra-tras-la-ausencia-de-nicole-neumann\/#primaryimage"},"thumbnailUrl":"https:\/\/radioclanfm.com\/clanespectaculos\/wp-content\/uploads\/sites\/2\/2026\/04\/JkUc2ngo.jpg","datePublished":"2026-04-28T00:40:30+00:00","breadcrumb":{"@id":"https:\/\/radioclanfm.com\/clanespectaculos\/mica-viciconte-hablo-de-la-lista-de-invitados-del-15-de-allegra-tras-la-ausencia-de-nicole-neumann\/#breadcrumb"},"inLanguage":"es-AR","potentialAction":[{"@type":"ReadAction","target":["https:\/\/radioclanfm.com\/clanespectaculos\/mica-viciconte-hablo-de-la-lista-de-invitados-del-15-de-allegra-tras-la-ausencia-de-nicole-neumann\/"]}]},{"@type":"ImageObject","inLanguage":"es-AR","@id":"https:\/\/radioclanfm.com\/clanespectaculos\/mica-viciconte-hablo-de-la-lista-de-invitados-del-15-de-allegra-tras-la-ausencia-de-nicole-neumann\/#primaryimage","url":"https:\/\/radioclanfm.com\/clanespectaculos\/wp-content\/uploads\/sites\/2\/2026\/04\/JkUc2ngo.jpg","contentUrl":"https:\/\/radioclanfm.com\/clanespectaculos\/wp-content\/uploads\/sites\/2\/2026\/04\/JkUc2ngo.jpg","width":900,"height":504},{"@type":"BreadcrumbList","@id":"https:\/\/radioclanfm.com\/clanespectaculos\/mica-viciconte-hablo-de-la-lista-de-invitados-del-15-de-allegra-tras-la-ausencia-de-nicole-neumann\/#breadcrumb","itemListElement":[{"@type":"ListItem","position":1,"name":"Inicio","item":"https:\/\/radioclanfm.com\/clanespectaculos\/"},{"@type":"ListItem","position":2,"name":"Mica Viciconte habl\u00f3 de la lista de invitados del 15 de Allegra tras la ausencia de Nicole Neumann"}]},{"@type":"WebSite","@id":"https:\/\/radioclanfm.com\/clanespectaculos\/#website","url":"https:\/\/radioclanfm.com\/clanespectaculos\/","name":"CLAN ESPECTACULOS","description":"","publisher":{"@id":"https:\/\/radioclanfm.com\/clanespectaculos\/#organization"},"potentialAction":[{"@type":"SearchAction","target":{"@type":"EntryPoint","urlTemplate":"https:\/\/radioclanfm.com\/clanespectaculos\/?s={search_term_string}"},"query-input":{"@type":"PropertyValueSpecification","valueRequired":true,"valueName":"search_term_string"}}],"inLanguage":"es-AR"},{"@type":"Organization","@id":"https:\/\/radioclanfm.com\/clanespectaculos\/#organization","name":"CLAN ESPECTACULOS","url":"https:\/\/radioclanfm.com\/clanespectaculos\/","logo":{"@type":"ImageObject","inLanguage":"es-AR","@id":"https:\/\/radioclanfm.com\/clanespectaculos\/#\/schema\/logo\/image\/","url":"https:\/\/radioclanfm.com\/clanespectaculos\/wp-content\/uploads\/sites\/2\/2026\/04\/ChatGPT-Image-23-mar-2026-10_09_00.png","contentUrl":"https:\/\/radioclanfm.com\/clanespectaculos\/wp-content\/uploads\/sites\/2\/2026\/04\/ChatGPT-Image-23-mar-2026-10_09_00.png","width":1024,"height":1024,"caption":"CLAN ESPECTACULOS"},"image":{"@id":"https:\/\/radioclanfm.com\/clanespectaculos\/#\/schema\/logo\/image\/"},"sameAs":["https:\/\/www.facebook.com\/clanespectaculos\/","https:\/\/x.com\/clanespectok"]},{"@type":"Person","@id":"https:\/\/radioclanfm.com\/clanespectaculos\/#\/schema\/person\/9734813083303230f3ad84d99171b20c","name":"E-GRUPOCLAN","image":{"@type":"ImageObject","inLanguage":"es-AR","@id":"https:\/\/secure.gravatar.com\/avatar\/af6e19837c3d6a212034a48c7b3818d2ac1826f6025df0155da5a186ad321d79?s=96&d=mm&r=g","url":"https:\/\/secure.gravatar.com\/avatar\/af6e19837c3d6a212034a48c7b3818d2ac1826f6025df0155da5a186ad321d79?s=96&d=mm&r=g","contentUrl":"https:\/\/secure.gravatar.com\/avatar\/af6e19837c3d6a212034a48c7b3818d2ac1826f6025df0155da5a186ad321d79?s=96&d=mm&r=g","caption":"E-GRUPOCLAN"},"sameAs":["https:\/\/radioclanfm.com"],"url":"https:\/\/radioclanfm.com\/clanespectaculos\/author\/admin\/"}]}},"_links":{"self":[{"href":"https:\/\/radioclanfm.com\/clanespectaculos\/wp-json\/wp\/v2\/posts\/15961","targetHints":{"allow":["GET"]}}],"collection":[{"href":"https:\/\/radioclanfm.com\/clanespectaculos\/wp-json\/wp\/v2\/posts"}],"about":[{"href":"https:\/\/radioclanfm.com\/clanespectaculos\/wp-json\/wp\/v2\/types\/post"}],"author":[{"embeddable":true,"href":"https:\/\/radioclanfm.com\/clanespectaculos\/wp-json\/wp\/v2\/users\/1"}],"replies":[{"embeddable":true,"href":"https:\/\/radioclanfm.com\/clanespectaculos\/wp-json\/wp\/v2\/comments?post=15961"}],"version-history":[{"count":1,"href":"https:\/\/radioclanfm.com\/clanespectaculos\/wp-json\/wp\/v2\/posts\/15961\/revisions"}],"predecessor-version":[{"id":15963,"href":"https:\/\/radioclanfm.com\/clanespectaculos\/wp-json\/wp\/v2\/posts\/15961\/revisions\/15963"}],"wp:featuredmedia":[{"embeddable":true,"href":"https:\/\/radioclanfm.com\/clanespectaculos\/wp-json\/wp\/v2\/media\/15962"}],"wp:attachment":[{"href":"https:\/\/radioclanfm.com\/clanespectaculos\/wp-json\/wp\/v2\/media?parent=15961"}],"wp:term":[{"taxonomy":"category","embeddable":true,"href":"https:\/\/radioclanfm.com\/clanespectaculos\/wp-json\/wp\/v2\/categories?post=15961"},{"taxonomy":"post_tag","embeddable":true,"href":"https:\/\/radioclanfm.com\/clanespectaculos\/wp-json\/wp\/v2\/tags?post=15961"}],"curies":[{"name":"wp","href":"https:\/\/api.w.org\/{rel}","templated":true}]}}