{"id":1596,"date":"2025-06-10T09:59:37","date_gmt":"2025-06-10T12:59:37","guid":{"rendered":"https:\/\/radioclanfm.com\/clanespectaculos\/?p=1596"},"modified":"2025-06-10T09:59:37","modified_gmt":"2025-06-10T12:59:37","slug":"eva-bargiela-compartio-la-primera-ecografia-del-hijo-que-espera-con-gianluca-simeone-hola-mundo","status":"publish","type":"post","link":"https:\/\/radioclanfm.com\/clanespectaculos\/eva-bargiela-compartio-la-primera-ecografia-del-hijo-que-espera-con-gianluca-simeone-hola-mundo\/","title":{"rendered":"Eva Bargiela comparti\u00f3 la primera ecograf\u00eda del hijo que espera con Gianluca Simeone: \u201cHola mundo\u201d"},"content":{"rendered":"<p>La modelo atraviesa el quinto mes de embarazo y public\u00f3 una imagen de su beb\u00e9. Ser\u00e1 el primer nieto de Diego Simeone y Carolina Baldini.<\/p>\n<div class=\"col-content\"><main class=\"col-content\"><\/p>\n<div class=\"default-article-color article__body article__article\">\n<p class=\"paragraph font__body-regular\"><b>Eva Bargiela<\/b>\u00a0atraviesa uno de los momentos m\u00e1s especiales de su vida. En medio del\u00a0<b>quinto mes de embarazo<\/b>, la modelo public\u00f3 en sus redes sociales la\u00a0<b>primera ecograf\u00eda<\/b>\u00a0de su beb\u00e9, fruto de su relaci\u00f3n con\u00a0<b>Gianluca Simeone<\/b>, delantero del\u00a0<b>Rayo Majadahonda<\/b>, de Espa\u00f1a.<\/p>\n<div class=\"AV67f93cf033780503b00636a7\">\n<div id=\"aniBox\">\n<div id=\"aniplayer_AV67f93cf033780503b00636a7-1749560335983\">\n<div id=\"aniplayer_AV67f93cf033780503b00636a7-1749560335983gui\">\n<div id=\"av-caption\">\n<div id=\"av-close-btn-overlay\" class=\"av-pos-top-left\"><\/div>\n<\/div>\n<\/div>\n<div id=\"anibid\"><\/div>\n<\/div>\n<\/div>\n<\/div>\n<div id=\"ad-slot-infeed\" class=\"infeed-container ad-slot-infeed ad-slot\" data-adtype=\"infeed\" data-google-query-id=\"CMn-l5T05o0DFXBK3QId6sALbw\">\n<div id=\"google_ads_iframe_\/113951150\/tn-arc\/nota\/infeed_0__container__\"><\/div>\n<\/div>\n<p class=\"paragraph font__body-regular\">\u201c<b>Hola, mundo<\/b>\u201d, escribi\u00f3 en una historia de Instagram, junto a la imagen en la que se distingue una de las manitos del beb\u00e9. La tierna postal estuvo acompa\u00f1ada por un emoji de coraz\u00f3n y r\u00e1pidamente fue replicada por su pareja.<\/p>\n<div class=\"genoa_video raw relative\">\n<div class=\"video_placeholder\">\n<div class=\"aspect_ratio__container\"><picture class=\"responsive-image\"><source srcset=\"https:\/\/tn.com.ar\/resizer\/v2\/https%3A%2F%2Fthumbs.vodgc.net%2F1-14-Buf6dg1749541132898_720P.jpg?auth=f1c214694ac8be5a40bd9af2bb7ac5ad82574116646682f41be1791599b1e4f3&amp;width=767\" type=\"image\/jpg\" media=\"(max-width: 728px)\" \/><source srcset=\"https:\/\/tn.com.ar\/resizer\/v2\/https%3A%2F%2Fthumbs.vodgc.net%2F1-14-Buf6dg1749541132898_720P.jpg?auth=f1c214694ac8be5a40bd9af2bb7ac5ad82574116646682f41be1791599b1e4f3&amp;width=1023\" type=\"image\/jpg\" media=\"(max-width: 1023px)\" \/><source srcset=\"https:\/\/tn.com.ar\/resizer\/v2\/https%3A%2F%2Fthumbs.vodgc.net%2F1-14-Buf6dg1749541132898_720P.jpg?auth=f1c214694ac8be5a40bd9af2bb7ac5ad82574116646682f41be1791599b1e4f3&amp;width=1440\" type=\"image\/jpg\" \/><img decoding=\"async\" class=\"image image_placeholder\" draggable=\"true\" src=\"https:\/\/tn.com.ar\/resizer\/v2\/https%3A%2F%2Fthumbs.vodgc.net%2F1-14-Buf6dg1749541132898_720P.jpg?auth=f1c214694ac8be5a40bd9af2bb7ac5ad82574116646682f41be1791599b1e4f3&amp;width=767\" alt=\"Video Placeholder\" \/><\/picture><\/div>\n<p><button type=\"button\" data-testid=\"video-placeholder-button\"><\/button><\/div>\n<\/div>\n<div class=\"genoa_description font__body-regular\">Eva Bargiela mostr\u00f3 la primera ecograf\u00eda de su beb\u00e9 con Gianluca Simeone: \u201cHola, mundo\u201d. (Video: Instagram\/@evabargiela).<\/div>\n<p class=\"paragraph font__body-regular\">Bargiela, exazafata y reconocida por su participaci\u00f3n en \u201c<b>Bailando 2023<\/b>\u201d, se muestra cada vez m\u00e1s activa en redes sociales, donde de a poco va compartiendo detalles de la\u00a0<b>dulce espera<\/b>.<\/p>\n<p class=\"paragraph font__body-regular\">Si bien mantiene un perfil bajo, en las \u00faltimas semanas dej\u00f3 ver su alegr\u00eda por esta nueva etapa.<\/p>\n<figure class=\"\" data-testid=\"figure-testid\">\n<div class=\"aspect_ratio__container\"><picture class=\"responsive-image\"><source srcset=\"https:\/\/tn.com.ar\/resizer\/v2\/eva-bargiela-compartio-la-primera-ecografia-del-hijo-que-espera-con-gianluca-simeone-hola-mundo-foto-instagramevabargiela-73OSYAKXYJG5BDXVDH5ODENMCE.jpg?auth=2b9776557023ee7ab77e1ccdc5fcd89cf54f50a298cf540bc65d312717714414&amp;width=767\" type=\"image\/jpg\" media=\"(max-width: 728px)\" \/><source srcset=\"https:\/\/tn.com.ar\/resizer\/v2\/eva-bargiela-compartio-la-primera-ecografia-del-hijo-que-espera-con-gianluca-simeone-hola-mundo-foto-instagramevabargiela-73OSYAKXYJG5BDXVDH5ODENMCE.jpg?auth=2b9776557023ee7ab77e1ccdc5fcd89cf54f50a298cf540bc65d312717714414&amp;width=1023\" type=\"image\/jpg\" media=\"(max-width: 1023px)\" \/><source srcset=\"https:\/\/tn.com.ar\/resizer\/v2\/eva-bargiela-compartio-la-primera-ecografia-del-hijo-que-espera-con-gianluca-simeone-hola-mundo-foto-instagramevabargiela-73OSYAKXYJG5BDXVDH5ODENMCE.jpg?auth=2b9776557023ee7ab77e1ccdc5fcd89cf54f50a298cf540bc65d312717714414&amp;width=1440\" type=\"image\/jpg\" \/><img loading=\"lazy\" decoding=\"async\" class=\"image content-image image_placeholder\" src=\"https:\/\/tn.com.ar\/resizer\/v2\/eva-bargiela-compartio-la-primera-ecografia-del-hijo-que-espera-con-gianluca-simeone-hola-mundo-foto-instagramevabargiela-73OSYAKXYJG5BDXVDH5ODENMCE.jpg?auth=2b9776557023ee7ab77e1ccdc5fcd89cf54f50a298cf540bc65d312717714414&amp;width=767\" alt=\"Eva Bargiela comparti\u00f3 la primera ecograf\u00eda del hijo que espera con Gianluca Simeone: &quot;Hola mundo&quot;. (Foto: Instagram\/@evabargiela).\" width=\"767\" height=\"1363\" data-testid=\"loading-testid\" \/><\/picture><\/div><figcaption class=\"caption_image\" data-testid=\"figcaption-testid\">\n<div class=\"image_caption \">Eva Bargiela comparti\u00f3 la primera ecograf\u00eda del hijo que espera con Gianluca Simeone: &#8220;Hola mundo&#8221;. (Foto: Instagram\/@evabargiela).<\/div>\n<\/figcaption><\/figure>\n<p class=\"paragraph font__body-regular\">El beb\u00e9 nacer\u00e1 en septiembre y ser\u00e1 el\u00a0<b>primer hijo de la pareja<\/b>, adem\u00e1s del\u00a0<b>primer nieto de Diego \u201cCholo\u201d Simeone y Carolina Baldini<\/b>.<\/p>\n<p class=\"paragraph font__body-regular\">Instalados en\u00a0<b>Madrid<\/b>, donde Gianluca contin\u00faa con su carrera futbol\u00edstica, ambos se preparan con entusiasmo para la llegada del nuevo integrante de la familia. Seg\u00fan su entorno,\u00a0<b>Eva se encuentra tranquila y disfrutando plenamente del embarazo.<\/b><\/p>\n<\/div>\n<p><\/main><\/div>\n<aside class=\"col-right-rail right-rail\">\n<div id=\"parent-ad-slot-caja\" class=\"ad-container caja_ad \">\n<div class=\"ad-content\"><\/div>\n<\/div>\n<\/aside>\n","protected":false},"excerpt":{"rendered":"<p>La modelo atraviesa el quinto mes de embarazo y public\u00f3 una imagen de su beb\u00e9. Ser\u00e1 el primer nieto de Diego Simeone y Carolina Baldini. Eva Bargiela\u00a0atraviesa uno de los momentos m\u00e1s especiales de su vida. En medio del\u00a0quinto mes de embarazo, la modelo public\u00f3 en sus redes sociales la\u00a0primera ecograf\u00eda\u00a0de su beb\u00e9, fruto de [&hellip;]<\/p>\n","protected":false},"author":1,"featured_media":1599,"comment_status":"open","ping_status":"open","sticky":false,"template":"","format":"standard","meta":{"rop_custom_images_group":[],"rop_custom_messages_group":[],"rop_publish_now":"initial","rop_publish_now_accounts":[],"rop_publish_now_history":[],"rop_publish_now_status":"pending","footnotes":"","jetpack_publicize_message":"","jetpack_publicize_feature_enabled":true,"jetpack_social_post_already_shared":true,"jetpack_social_options":{"image_generator_settings":{"template":"highway","enabled":false},"version":2}},"categories":[12],"tags":[],"class_list":{"0":"post-1596","1":"post","2":"type-post","3":"status-publish","4":"format-standard","5":"has-post-thumbnail","7":"category-espectaculos"},"jetpack_publicize_connections":[],"yoast_head":"<!-- This site is optimized with the Yoast SEO plugin v27.3 - https:\/\/yoast.com\/product\/yoast-seo-wordpress\/ -->\n<title>Eva Bargiela comparti\u00f3 la primera ecograf\u00eda del hijo que espera con Gianluca Simeone: \u201cHola mundo\u201d - CLAN ESPECTACULOS<\/title>\n<meta name=\"robots\" content=\"index, follow, max-snippet:-1, max-image-preview:large, max-video-preview:-1\" \/>\n<link rel=\"canonical\" href=\"https:\/\/radioclanfm.com\/clanespectaculos\/eva-bargiela-compartio-la-primera-ecografia-del-hijo-que-espera-con-gianluca-simeone-hola-mundo\/\" \/>\n<meta property=\"og:locale\" content=\"es_ES\" \/>\n<meta property=\"og:type\" content=\"article\" \/>\n<meta property=\"og:title\" content=\"Eva Bargiela comparti\u00f3 la primera ecograf\u00eda del hijo que espera con Gianluca Simeone: \u201cHola mundo\u201d - CLAN ESPECTACULOS\" \/>\n<meta property=\"og:description\" content=\"La modelo atraviesa el quinto mes de embarazo y public\u00f3 una imagen de su beb\u00e9. Ser\u00e1 el primer nieto de Diego Simeone y Carolina Baldini. Eva Bargiela\u00a0atraviesa uno de los momentos m\u00e1s especiales de su vida. En medio del\u00a0quinto mes de embarazo, la modelo public\u00f3 en sus redes sociales la\u00a0primera ecograf\u00eda\u00a0de su beb\u00e9, fruto de [&hellip;]\" \/>\n<meta property=\"og:url\" content=\"https:\/\/radioclanfm.com\/clanespectaculos\/eva-bargiela-compartio-la-primera-ecografia-del-hijo-que-espera-con-gianluca-simeone-hola-mundo\/\" \/>\n<meta property=\"og:site_name\" content=\"CLAN ESPECTACULOS\" \/>\n<meta property=\"article:publisher\" content=\"https:\/\/www.facebook.com\/clanespectaculos\/\" \/>\n<meta property=\"article:published_time\" content=\"2025-06-10T12:59:37+00:00\" \/>\n<meta property=\"og:image\" content=\"https:\/\/radioclanfm.com\/clanespectaculos\/wp-content\/uploads\/sites\/2\/2025\/06\/koNIYaDn.jpg\" \/>\n\t<meta property=\"og:image:width\" content=\"900\" \/>\n\t<meta property=\"og:image:height\" content=\"505\" \/>\n\t<meta property=\"og:image:type\" content=\"image\/jpeg\" \/>\n<meta name=\"author\" content=\"E-GRUPOCLAN\" \/>\n<meta name=\"twitter:card\" content=\"summary_large_image\" \/>\n<meta name=\"twitter:creator\" content=\"@clanespectok\" \/>\n<meta name=\"twitter:site\" content=\"@clanespectok\" \/>\n<meta name=\"twitter:label1\" content=\"Escrito por\" \/>\n\t<meta name=\"twitter:data1\" content=\"E-GRUPOCLAN\" \/>\n\t<meta name=\"twitter:label2\" content=\"Tiempo de lectura\" \/>\n\t<meta name=\"twitter:data2\" content=\"1 minuto\" \/>\n<script type=\"application\/ld+json\" class=\"yoast-schema-graph\">{\"@context\":\"https:\\\/\\\/schema.org\",\"@graph\":[{\"@type\":\"Article\",\"@id\":\"https:\\\/\\\/radioclanfm.com\\\/clanespectaculos\\\/eva-bargiela-compartio-la-primera-ecografia-del-hijo-que-espera-con-gianluca-simeone-hola-mundo\\\/#article\",\"isPartOf\":{\"@id\":\"https:\\\/\\\/radioclanfm.com\\\/clanespectaculos\\\/eva-bargiela-compartio-la-primera-ecografia-del-hijo-que-espera-con-gianluca-simeone-hola-mundo\\\/\"},\"author\":{\"name\":\"E-GRUPOCLAN\",\"@id\":\"https:\\\/\\\/radioclanfm.com\\\/clanespectaculos\\\/#\\\/schema\\\/person\\\/9734813083303230f3ad84d99171b20c\"},\"headline\":\"Eva Bargiela comparti\u00f3 la primera ecograf\u00eda del hijo que espera con Gianluca Simeone: \u201cHola mundo\u201d\",\"datePublished\":\"2025-06-10T12:59:37+00:00\",\"mainEntityOfPage\":{\"@id\":\"https:\\\/\\\/radioclanfm.com\\\/clanespectaculos\\\/eva-bargiela-compartio-la-primera-ecografia-del-hijo-que-espera-con-gianluca-simeone-hola-mundo\\\/\"},\"wordCount\":284,\"commentCount\":0,\"publisher\":{\"@id\":\"https:\\\/\\\/radioclanfm.com\\\/clanespectaculos\\\/#organization\"},\"image\":{\"@id\":\"https:\\\/\\\/radioclanfm.com\\\/clanespectaculos\\\/eva-bargiela-compartio-la-primera-ecografia-del-hijo-que-espera-con-gianluca-simeone-hola-mundo\\\/#primaryimage\"},\"thumbnailUrl\":\"https:\\\/\\\/radioclanfm.com\\\/clanespectaculos\\\/wp-content\\\/uploads\\\/sites\\\/2\\\/2025\\\/06\\\/koNIYaDn.jpg\",\"articleSection\":[\"Espectaculos\"],\"inLanguage\":\"es-AR\",\"potentialAction\":[{\"@type\":\"CommentAction\",\"name\":\"Comment\",\"target\":[\"https:\\\/\\\/radioclanfm.com\\\/clanespectaculos\\\/eva-bargiela-compartio-la-primera-ecografia-del-hijo-que-espera-con-gianluca-simeone-hola-mundo\\\/#respond\"]}]},{\"@type\":\"WebPage\",\"@id\":\"https:\\\/\\\/radioclanfm.com\\\/clanespectaculos\\\/eva-bargiela-compartio-la-primera-ecografia-del-hijo-que-espera-con-gianluca-simeone-hola-mundo\\\/\",\"url\":\"https:\\\/\\\/radioclanfm.com\\\/clanespectaculos\\\/eva-bargiela-compartio-la-primera-ecografia-del-hijo-que-espera-con-gianluca-simeone-hola-mundo\\\/\",\"name\":\"Eva Bargiela comparti\u00f3 la primera ecograf\u00eda del hijo que espera con Gianluca Simeone: \u201cHola mundo\u201d - CLAN ESPECTACULOS\",\"isPartOf\":{\"@id\":\"https:\\\/\\\/radioclanfm.com\\\/clanespectaculos\\\/#website\"},\"primaryImageOfPage\":{\"@id\":\"https:\\\/\\\/radioclanfm.com\\\/clanespectaculos\\\/eva-bargiela-compartio-la-primera-ecografia-del-hijo-que-espera-con-gianluca-simeone-hola-mundo\\\/#primaryimage\"},\"image\":{\"@id\":\"https:\\\/\\\/radioclanfm.com\\\/clanespectaculos\\\/eva-bargiela-compartio-la-primera-ecografia-del-hijo-que-espera-con-gianluca-simeone-hola-mundo\\\/#primaryimage\"},\"thumbnailUrl\":\"https:\\\/\\\/radioclanfm.com\\\/clanespectaculos\\\/wp-content\\\/uploads\\\/sites\\\/2\\\/2025\\\/06\\\/koNIYaDn.jpg\",\"datePublished\":\"2025-06-10T12:59:37+00:00\",\"breadcrumb\":{\"@id\":\"https:\\\/\\\/radioclanfm.com\\\/clanespectaculos\\\/eva-bargiela-compartio-la-primera-ecografia-del-hijo-que-espera-con-gianluca-simeone-hola-mundo\\\/#breadcrumb\"},\"inLanguage\":\"es-AR\",\"potentialAction\":[{\"@type\":\"ReadAction\",\"target\":[\"https:\\\/\\\/radioclanfm.com\\\/clanespectaculos\\\/eva-bargiela-compartio-la-primera-ecografia-del-hijo-que-espera-con-gianluca-simeone-hola-mundo\\\/\"]}]},{\"@type\":\"ImageObject\",\"inLanguage\":\"es-AR\",\"@id\":\"https:\\\/\\\/radioclanfm.com\\\/clanespectaculos\\\/eva-bargiela-compartio-la-primera-ecografia-del-hijo-que-espera-con-gianluca-simeone-hola-mundo\\\/#primaryimage\",\"url\":\"https:\\\/\\\/radioclanfm.com\\\/clanespectaculos\\\/wp-content\\\/uploads\\\/sites\\\/2\\\/2025\\\/06\\\/koNIYaDn.jpg\",\"contentUrl\":\"https:\\\/\\\/radioclanfm.com\\\/clanespectaculos\\\/wp-content\\\/uploads\\\/sites\\\/2\\\/2025\\\/06\\\/koNIYaDn.jpg\",\"width\":900,\"height\":505},{\"@type\":\"BreadcrumbList\",\"@id\":\"https:\\\/\\\/radioclanfm.com\\\/clanespectaculos\\\/eva-bargiela-compartio-la-primera-ecografia-del-hijo-que-espera-con-gianluca-simeone-hola-mundo\\\/#breadcrumb\",\"itemListElement\":[{\"@type\":\"ListItem\",\"position\":1,\"name\":\"Inicio\",\"item\":\"https:\\\/\\\/radioclanfm.com\\\/clanespectaculos\\\/\"},{\"@type\":\"ListItem\",\"position\":2,\"name\":\"Eva Bargiela comparti\u00f3 la primera ecograf\u00eda del hijo que espera con Gianluca Simeone: \u201cHola mundo\u201d\"}]},{\"@type\":\"WebSite\",\"@id\":\"https:\\\/\\\/radioclanfm.com\\\/clanespectaculos\\\/#website\",\"url\":\"https:\\\/\\\/radioclanfm.com\\\/clanespectaculos\\\/\",\"name\":\"CLAN ESPECTACULOS\",\"description\":\"\",\"publisher\":{\"@id\":\"https:\\\/\\\/radioclanfm.com\\\/clanespectaculos\\\/#organization\"},\"potentialAction\":[{\"@type\":\"SearchAction\",\"target\":{\"@type\":\"EntryPoint\",\"urlTemplate\":\"https:\\\/\\\/radioclanfm.com\\\/clanespectaculos\\\/?s={search_term_string}\"},\"query-input\":{\"@type\":\"PropertyValueSpecification\",\"valueRequired\":true,\"valueName\":\"search_term_string\"}}],\"inLanguage\":\"es-AR\"},{\"@type\":\"Organization\",\"@id\":\"https:\\\/\\\/radioclanfm.com\\\/clanespectaculos\\\/#organization\",\"name\":\"CLAN ESPECTACULOS\",\"url\":\"https:\\\/\\\/radioclanfm.com\\\/clanespectaculos\\\/\",\"logo\":{\"@type\":\"ImageObject\",\"inLanguage\":\"es-AR\",\"@id\":\"https:\\\/\\\/radioclanfm.com\\\/clanespectaculos\\\/#\\\/schema\\\/logo\\\/image\\\/\",\"url\":\"https:\\\/\\\/radioclanfm.com\\\/clanespectaculos\\\/wp-content\\\/uploads\\\/sites\\\/2\\\/2026\\\/04\\\/ChatGPT-Image-23-mar-2026-10_09_00.png\",\"contentUrl\":\"https:\\\/\\\/radioclanfm.com\\\/clanespectaculos\\\/wp-content\\\/uploads\\\/sites\\\/2\\\/2026\\\/04\\\/ChatGPT-Image-23-mar-2026-10_09_00.png\",\"width\":1024,\"height\":1024,\"caption\":\"CLAN ESPECTACULOS\"},\"image\":{\"@id\":\"https:\\\/\\\/radioclanfm.com\\\/clanespectaculos\\\/#\\\/schema\\\/logo\\\/image\\\/\"},\"sameAs\":[\"https:\\\/\\\/www.facebook.com\\\/clanespectaculos\\\/\",\"https:\\\/\\\/x.com\\\/clanespectok\"]},{\"@type\":\"Person\",\"@id\":\"https:\\\/\\\/radioclanfm.com\\\/clanespectaculos\\\/#\\\/schema\\\/person\\\/9734813083303230f3ad84d99171b20c\",\"name\":\"E-GRUPOCLAN\",\"image\":{\"@type\":\"ImageObject\",\"inLanguage\":\"es-AR\",\"@id\":\"https:\\\/\\\/secure.gravatar.com\\\/avatar\\\/af6e19837c3d6a212034a48c7b3818d2ac1826f6025df0155da5a186ad321d79?s=96&d=mm&r=g\",\"url\":\"https:\\\/\\\/secure.gravatar.com\\\/avatar\\\/af6e19837c3d6a212034a48c7b3818d2ac1826f6025df0155da5a186ad321d79?s=96&d=mm&r=g\",\"contentUrl\":\"https:\\\/\\\/secure.gravatar.com\\\/avatar\\\/af6e19837c3d6a212034a48c7b3818d2ac1826f6025df0155da5a186ad321d79?s=96&d=mm&r=g\",\"caption\":\"E-GRUPOCLAN\"},\"sameAs\":[\"https:\\\/\\\/radioclanfm.com\"],\"url\":\"https:\\\/\\\/radioclanfm.com\\\/clanespectaculos\\\/author\\\/admin\\\/\"}]}<\/script>\n<!-- \/ Yoast SEO plugin. -->","yoast_head_json":{"title":"Eva Bargiela comparti\u00f3 la primera ecograf\u00eda del hijo que espera con Gianluca Simeone: \u201cHola mundo\u201d - CLAN ESPECTACULOS","robots":{"index":"index","follow":"follow","max-snippet":"max-snippet:-1","max-image-preview":"max-image-preview:large","max-video-preview":"max-video-preview:-1"},"canonical":"https:\/\/radioclanfm.com\/clanespectaculos\/eva-bargiela-compartio-la-primera-ecografia-del-hijo-que-espera-con-gianluca-simeone-hola-mundo\/","og_locale":"es_ES","og_type":"article","og_title":"Eva Bargiela comparti\u00f3 la primera ecograf\u00eda del hijo que espera con Gianluca Simeone: \u201cHola mundo\u201d - CLAN ESPECTACULOS","og_description":"La modelo atraviesa el quinto mes de embarazo y public\u00f3 una imagen de su beb\u00e9. Ser\u00e1 el primer nieto de Diego Simeone y Carolina Baldini. Eva Bargiela\u00a0atraviesa uno de los momentos m\u00e1s especiales de su vida. En medio del\u00a0quinto mes de embarazo, la modelo public\u00f3 en sus redes sociales la\u00a0primera ecograf\u00eda\u00a0de su beb\u00e9, fruto de [&hellip;]","og_url":"https:\/\/radioclanfm.com\/clanespectaculos\/eva-bargiela-compartio-la-primera-ecografia-del-hijo-que-espera-con-gianluca-simeone-hola-mundo\/","og_site_name":"CLAN ESPECTACULOS","article_publisher":"https:\/\/www.facebook.com\/clanespectaculos\/","article_published_time":"2025-06-10T12:59:37+00:00","og_image":[{"width":900,"height":505,"url":"https:\/\/radioclanfm.com\/clanespectaculos\/wp-content\/uploads\/sites\/2\/2025\/06\/koNIYaDn.jpg","type":"image\/jpeg"}],"author":"E-GRUPOCLAN","twitter_card":"summary_large_image","twitter_creator":"@clanespectok","twitter_site":"@clanespectok","twitter_misc":{"Escrito por":"E-GRUPOCLAN","Tiempo de lectura":"1 minuto"},"schema":{"@context":"https:\/\/schema.org","@graph":[{"@type":"Article","@id":"https:\/\/radioclanfm.com\/clanespectaculos\/eva-bargiela-compartio-la-primera-ecografia-del-hijo-que-espera-con-gianluca-simeone-hola-mundo\/#article","isPartOf":{"@id":"https:\/\/radioclanfm.com\/clanespectaculos\/eva-bargiela-compartio-la-primera-ecografia-del-hijo-que-espera-con-gianluca-simeone-hola-mundo\/"},"author":{"name":"E-GRUPOCLAN","@id":"https:\/\/radioclanfm.com\/clanespectaculos\/#\/schema\/person\/9734813083303230f3ad84d99171b20c"},"headline":"Eva Bargiela comparti\u00f3 la primera ecograf\u00eda del hijo que espera con Gianluca Simeone: \u201cHola mundo\u201d","datePublished":"2025-06-10T12:59:37+00:00","mainEntityOfPage":{"@id":"https:\/\/radioclanfm.com\/clanespectaculos\/eva-bargiela-compartio-la-primera-ecografia-del-hijo-que-espera-con-gianluca-simeone-hola-mundo\/"},"wordCount":284,"commentCount":0,"publisher":{"@id":"https:\/\/radioclanfm.com\/clanespectaculos\/#organization"},"image":{"@id":"https:\/\/radioclanfm.com\/clanespectaculos\/eva-bargiela-compartio-la-primera-ecografia-del-hijo-que-espera-con-gianluca-simeone-hola-mundo\/#primaryimage"},"thumbnailUrl":"https:\/\/radioclanfm.com\/clanespectaculos\/wp-content\/uploads\/sites\/2\/2025\/06\/koNIYaDn.jpg","articleSection":["Espectaculos"],"inLanguage":"es-AR","potentialAction":[{"@type":"CommentAction","name":"Comment","target":["https:\/\/radioclanfm.com\/clanespectaculos\/eva-bargiela-compartio-la-primera-ecografia-del-hijo-que-espera-con-gianluca-simeone-hola-mundo\/#respond"]}]},{"@type":"WebPage","@id":"https:\/\/radioclanfm.com\/clanespectaculos\/eva-bargiela-compartio-la-primera-ecografia-del-hijo-que-espera-con-gianluca-simeone-hola-mundo\/","url":"https:\/\/radioclanfm.com\/clanespectaculos\/eva-bargiela-compartio-la-primera-ecografia-del-hijo-que-espera-con-gianluca-simeone-hola-mundo\/","name":"Eva Bargiela comparti\u00f3 la primera ecograf\u00eda del hijo que espera con Gianluca Simeone: \u201cHola mundo\u201d - CLAN ESPECTACULOS","isPartOf":{"@id":"https:\/\/radioclanfm.com\/clanespectaculos\/#website"},"primaryImageOfPage":{"@id":"https:\/\/radioclanfm.com\/clanespectaculos\/eva-bargiela-compartio-la-primera-ecografia-del-hijo-que-espera-con-gianluca-simeone-hola-mundo\/#primaryimage"},"image":{"@id":"https:\/\/radioclanfm.com\/clanespectaculos\/eva-bargiela-compartio-la-primera-ecografia-del-hijo-que-espera-con-gianluca-simeone-hola-mundo\/#primaryimage"},"thumbnailUrl":"https:\/\/radioclanfm.com\/clanespectaculos\/wp-content\/uploads\/sites\/2\/2025\/06\/koNIYaDn.jpg","datePublished":"2025-06-10T12:59:37+00:00","breadcrumb":{"@id":"https:\/\/radioclanfm.com\/clanespectaculos\/eva-bargiela-compartio-la-primera-ecografia-del-hijo-que-espera-con-gianluca-simeone-hola-mundo\/#breadcrumb"},"inLanguage":"es-AR","potentialAction":[{"@type":"ReadAction","target":["https:\/\/radioclanfm.com\/clanespectaculos\/eva-bargiela-compartio-la-primera-ecografia-del-hijo-que-espera-con-gianluca-simeone-hola-mundo\/"]}]},{"@type":"ImageObject","inLanguage":"es-AR","@id":"https:\/\/radioclanfm.com\/clanespectaculos\/eva-bargiela-compartio-la-primera-ecografia-del-hijo-que-espera-con-gianluca-simeone-hola-mundo\/#primaryimage","url":"https:\/\/radioclanfm.com\/clanespectaculos\/wp-content\/uploads\/sites\/2\/2025\/06\/koNIYaDn.jpg","contentUrl":"https:\/\/radioclanfm.com\/clanespectaculos\/wp-content\/uploads\/sites\/2\/2025\/06\/koNIYaDn.jpg","width":900,"height":505},{"@type":"BreadcrumbList","@id":"https:\/\/radioclanfm.com\/clanespectaculos\/eva-bargiela-compartio-la-primera-ecografia-del-hijo-que-espera-con-gianluca-simeone-hola-mundo\/#breadcrumb","itemListElement":[{"@type":"ListItem","position":1,"name":"Inicio","item":"https:\/\/radioclanfm.com\/clanespectaculos\/"},{"@type":"ListItem","position":2,"name":"Eva Bargiela comparti\u00f3 la primera ecograf\u00eda del hijo que espera con Gianluca Simeone: \u201cHola mundo\u201d"}]},{"@type":"WebSite","@id":"https:\/\/radioclanfm.com\/clanespectaculos\/#website","url":"https:\/\/radioclanfm.com\/clanespectaculos\/","name":"CLAN ESPECTACULOS","description":"","publisher":{"@id":"https:\/\/radioclanfm.com\/clanespectaculos\/#organization"},"potentialAction":[{"@type":"SearchAction","target":{"@type":"EntryPoint","urlTemplate":"https:\/\/radioclanfm.com\/clanespectaculos\/?s={search_term_string}"},"query-input":{"@type":"PropertyValueSpecification","valueRequired":true,"valueName":"search_term_string"}}],"inLanguage":"es-AR"},{"@type":"Organization","@id":"https:\/\/radioclanfm.com\/clanespectaculos\/#organization","name":"CLAN ESPECTACULOS","url":"https:\/\/radioclanfm.com\/clanespectaculos\/","logo":{"@type":"ImageObject","inLanguage":"es-AR","@id":"https:\/\/radioclanfm.com\/clanespectaculos\/#\/schema\/logo\/image\/","url":"https:\/\/radioclanfm.com\/clanespectaculos\/wp-content\/uploads\/sites\/2\/2026\/04\/ChatGPT-Image-23-mar-2026-10_09_00.png","contentUrl":"https:\/\/radioclanfm.com\/clanespectaculos\/wp-content\/uploads\/sites\/2\/2026\/04\/ChatGPT-Image-23-mar-2026-10_09_00.png","width":1024,"height":1024,"caption":"CLAN ESPECTACULOS"},"image":{"@id":"https:\/\/radioclanfm.com\/clanespectaculos\/#\/schema\/logo\/image\/"},"sameAs":["https:\/\/www.facebook.com\/clanespectaculos\/","https:\/\/x.com\/clanespectok"]},{"@type":"Person","@id":"https:\/\/radioclanfm.com\/clanespectaculos\/#\/schema\/person\/9734813083303230f3ad84d99171b20c","name":"E-GRUPOCLAN","image":{"@type":"ImageObject","inLanguage":"es-AR","@id":"https:\/\/secure.gravatar.com\/avatar\/af6e19837c3d6a212034a48c7b3818d2ac1826f6025df0155da5a186ad321d79?s=96&d=mm&r=g","url":"https:\/\/secure.gravatar.com\/avatar\/af6e19837c3d6a212034a48c7b3818d2ac1826f6025df0155da5a186ad321d79?s=96&d=mm&r=g","contentUrl":"https:\/\/secure.gravatar.com\/avatar\/af6e19837c3d6a212034a48c7b3818d2ac1826f6025df0155da5a186ad321d79?s=96&d=mm&r=g","caption":"E-GRUPOCLAN"},"sameAs":["https:\/\/radioclanfm.com"],"url":"https:\/\/radioclanfm.com\/clanespectaculos\/author\/admin\/"}]}},"_links":{"self":[{"href":"https:\/\/radioclanfm.com\/clanespectaculos\/wp-json\/wp\/v2\/posts\/1596","targetHints":{"allow":["GET"]}}],"collection":[{"href":"https:\/\/radioclanfm.com\/clanespectaculos\/wp-json\/wp\/v2\/posts"}],"about":[{"href":"https:\/\/radioclanfm.com\/clanespectaculos\/wp-json\/wp\/v2\/types\/post"}],"author":[{"embeddable":true,"href":"https:\/\/radioclanfm.com\/clanespectaculos\/wp-json\/wp\/v2\/users\/1"}],"replies":[{"embeddable":true,"href":"https:\/\/radioclanfm.com\/clanespectaculos\/wp-json\/wp\/v2\/comments?post=1596"}],"version-history":[{"count":1,"href":"https:\/\/radioclanfm.com\/clanespectaculos\/wp-json\/wp\/v2\/posts\/1596\/revisions"}],"predecessor-version":[{"id":1600,"href":"https:\/\/radioclanfm.com\/clanespectaculos\/wp-json\/wp\/v2\/posts\/1596\/revisions\/1600"}],"wp:featuredmedia":[{"embeddable":true,"href":"https:\/\/radioclanfm.com\/clanespectaculos\/wp-json\/wp\/v2\/media\/1599"}],"wp:attachment":[{"href":"https:\/\/radioclanfm.com\/clanespectaculos\/wp-json\/wp\/v2\/media?parent=1596"}],"wp:term":[{"taxonomy":"category","embeddable":true,"href":"https:\/\/radioclanfm.com\/clanespectaculos\/wp-json\/wp\/v2\/categories?post=1596"},{"taxonomy":"post_tag","embeddable":true,"href":"https:\/\/radioclanfm.com\/clanespectaculos\/wp-json\/wp\/v2\/tags?post=1596"}],"curies":[{"name":"wp","href":"https:\/\/api.w.org\/{rel}","templated":true}]}}