{"id":15958,"date":"2026-04-27T21:38:30","date_gmt":"2026-04-28T00:38:30","guid":{"rendered":"https:\/\/radioclanfm.com\/clanespectaculos\/?p=15958"},"modified":"2026-04-27T21:38:30","modified_gmt":"2026-04-28T00:38:30","slug":"mauro-icardi-compartio-una-foto-de-su-intimidad-con-la-china-suarez-y-un-gesto-genero-especulaciones-en-redes","status":"publish","type":"post","link":"https:\/\/radioclanfm.com\/clanespectaculos\/mauro-icardi-compartio-una-foto-de-su-intimidad-con-la-china-suarez-y-un-gesto-genero-especulaciones-en-redes\/","title":{"rendered":"Mauro Icardi comparti\u00f3 una foto de su intimidad con la China Su\u00e1rez y un gesto gener\u00f3 especulaciones en redes"},"content":{"rendered":"<p>El futbolista llam\u00f3 la atenci\u00f3n con la publicaci\u00f3n de varias postales junto a su pareja.<\/p>\n<div class=\"col-content\"><main class=\"col-content\"><\/p>\n<div class=\"default-article-color article__body article__article\">\n<p class=\"paragraph font__body-regular\">En los \u00faltimos meses,\u00a0<b>Mauro Icardi<\/b>\u00a0y la\u00a0<b>China Su\u00e1rez<\/b>\u00a0no estaban publicando demasiados posteos y le hab\u00edan dado un poco de respiro a sus redes sociales. Sin embargo, era cuesti\u00f3n de tiempo para que volvieran a mostrarse en alguna foto que generara revuelo.<\/p>\n<div id=\"ad-slot-infeed\" class=\"infeed-container ad-slot-infeed ad-slot\" data-adtype=\"infeed\" data-lazyload=\"1\" data-google-query-id=\"CJHKs4Knj5QDFaAkHgAdnBc89w\">\n<div id=\"google_ads_iframe_\/113951150\/tn-arc\/nota\/infeed_0__container__\"><iframe id=\"google_ads_iframe_\/113951150\/tn-arc\/nota\/infeed_0\" tabindex=\"0\" title=\"Contenido de anuncios de terceros\" name=\"google_ads_iframe_\/113951150\/tn-arc\/nota\/infeed_0\" width=\"1\" height=\"1\" frameborder=\"0\" marginwidth=\"0\" marginheight=\"0\" scrolling=\"no\" aria-label=\"Anuncio\" data-google-container-id=\"9\" data-load-complete=\"true\" data-mce-fragment=\"1\"><\/iframe><\/div>\n<\/div>\n<p class=\"paragraph font__body-regular\">Eso pas\u00f3 hoy cuando el futbolista del\u00a0<b>Galatasaray\u00a0<\/b>subi\u00f3 un instant\u00e1nea en su cuenta de Instagram junto a la actriz en la que est\u00e1\u00a0<b>haciendo un gesto que provoc\u00f3 una lluvia de comentarios en redes sociales.<\/b><\/p>\n<div class=\"teads-adCall\"><\/div>\n<h2 class=\"font--primary font__display\">C\u00f3mo son las fotos de la China Su\u00e1rez y Mauro Icardi que generaron sorpresa<\/h2>\n<p class=\"paragraph font__body-regular\">Entre las fotos que comparti\u00f3 el delantero, hay varias en las que est\u00e1 la<b>\u00a0China Su\u00e1rez<\/b>. La primera del carrete es la que dej\u00f3 m\u00e1s comentarios.<\/p>\n<p class=\"paragraph font__body-regular\">En la postal se ve a Mauro Icardi abrazando desde atr\u00e1s a la medi\u00e1tica, que est\u00e1 con la camiseta del\u00a0<b>Galatasaray<\/b>. El gesto que hace el delantero es notorio:<b>\u00a0le agarra la panza, mientras los dos sonr\u00eden.<\/b><\/p>\n<figure class=\"\" data-testid=\"figure-testid\">\n<div class=\"aspect_ratio__container\"><picture class=\"responsive-image\"><source srcset=\"https:\/\/tn.com.ar\/resizer\/v2\/mauro-icardi-publico-una-foto-que-genero-todo-tipo-de-comentarios-foto-instagrammauroicardi-2NBYSDZCG5EJPA4F6XDXU3PM7E.jpg?auth=a4ba98bd52b997fa451e38baee395873ef0e39f7633471fd08c186da04abaecb&amp;width=767\" type=\"image\/jpg\" media=\"(max-width: 728px)\" \/><source srcset=\"https:\/\/tn.com.ar\/resizer\/v2\/mauro-icardi-publico-una-foto-que-genero-todo-tipo-de-comentarios-foto-instagrammauroicardi-2NBYSDZCG5EJPA4F6XDXU3PM7E.jpg?auth=a4ba98bd52b997fa451e38baee395873ef0e39f7633471fd08c186da04abaecb&amp;width=1023\" type=\"image\/jpg\" media=\"(max-width: 1023px)\" \/><source srcset=\"https:\/\/tn.com.ar\/resizer\/v2\/mauro-icardi-publico-una-foto-que-genero-todo-tipo-de-comentarios-foto-instagrammauroicardi-2NBYSDZCG5EJPA4F6XDXU3PM7E.jpg?auth=a4ba98bd52b997fa451e38baee395873ef0e39f7633471fd08c186da04abaecb&amp;width=1440\" type=\"image\/jpg\" \/><img loading=\"lazy\" decoding=\"async\" class=\"image content-image image_placeholder\" src=\"https:\/\/tn.com.ar\/resizer\/v2\/mauro-icardi-publico-una-foto-que-genero-todo-tipo-de-comentarios-foto-instagrammauroicardi-2NBYSDZCG5EJPA4F6XDXU3PM7E.jpg?auth=a4ba98bd52b997fa451e38baee395873ef0e39f7633471fd08c186da04abaecb&amp;width=767\" alt=\"Mauro Icardi public\u00f3 una foto que gener\u00f3 todo tipo de comentarios. (Foto: Instagram\/mauroicardi)\" width=\"767\" height=\"1023\" data-testid=\"loading-testid\" \/><\/picture><\/div><figcaption class=\"caption_image\" data-testid=\"figcaption-testid\">\n<div class=\"image_caption \">Mauro Icardi public\u00f3 una foto que gener\u00f3 todo tipo de comentarios. (Foto: Instagram\/mauroicardi)<\/div>\n<\/figcaption><\/figure>\n<p class=\"paragraph font__body-regular\">Los comentarios llovieron en X y en Instagram.<b>\u00a0\u201c\u00bfBebo?\u201c<\/b>;<b>\u00a0\u201dM\u00e1s lindos, imposible&#8221;<\/b>; \u201d<b>Mmm, \u00bfun hijo?\u201c; \u201d\u00bfEmbarazada?\u201c;<\/b>\u00a0fueron algunos de los mensajes referidos al tema.<\/p>\n<p class=\"paragraph font__body-regular\">Otros mensajes, dejados por los fan\u00e1ticos turcos de Icardi, le ped\u00edan que se quedara en el club luego de lo que fue el triunfo por 3 a 0 a\u00a0<b>Fenerbah\u00e7e<\/b>. \u201cEl rey Icardi\u201d; \u201cUn a\u00f1o m\u00e1s capit\u00e1n\u201d; \u201c<b>Quedate, rey, no te vayas que<\/b>\u00a0tenemos muchas m\u00e1s victorias que ganar\u201d; \u201cPor favor no se vayan\u201d; se expresaron los hinchas.<\/p>\n<figure class=\"\" data-testid=\"figure-testid\">\n<div class=\"aspect_ratio__container\"><picture class=\"responsive-image\"><source srcset=\"https:\/\/tn.com.ar\/resizer\/v2\/la-china-suarez-se-mostro-con-la-camiseta-del-galatasaray-foto-instagrammauroicardi-N33XG3HR2BEQZDNDGGD2DMDOEY.jpg?auth=f1808d08daa13acbc707beadb08cd6ead51db8f882da5ffb377cf194b93ad3d9&amp;width=767\" type=\"image\/jpg\" media=\"(max-width: 728px)\" \/><source srcset=\"https:\/\/tn.com.ar\/resizer\/v2\/la-china-suarez-se-mostro-con-la-camiseta-del-galatasaray-foto-instagrammauroicardi-N33XG3HR2BEQZDNDGGD2DMDOEY.jpg?auth=f1808d08daa13acbc707beadb08cd6ead51db8f882da5ffb377cf194b93ad3d9&amp;width=1023\" type=\"image\/jpg\" media=\"(max-width: 1023px)\" \/><source srcset=\"https:\/\/tn.com.ar\/resizer\/v2\/la-china-suarez-se-mostro-con-la-camiseta-del-galatasaray-foto-instagrammauroicardi-N33XG3HR2BEQZDNDGGD2DMDOEY.jpg?auth=f1808d08daa13acbc707beadb08cd6ead51db8f882da5ffb377cf194b93ad3d9&amp;width=1440\" type=\"image\/jpg\" \/><img loading=\"lazy\" decoding=\"async\" class=\"image content-image image_placeholder\" src=\"https:\/\/tn.com.ar\/resizer\/v2\/la-china-suarez-se-mostro-con-la-camiseta-del-galatasaray-foto-instagrammauroicardi-N33XG3HR2BEQZDNDGGD2DMDOEY.jpg?auth=f1808d08daa13acbc707beadb08cd6ead51db8f882da5ffb377cf194b93ad3d9&amp;width=767\" alt=\"La China Su\u00e1rez se mostr\u00f3 con la camiseta del Galatasaray. (Foto: Instagram\/mauroicardi)\" width=\"767\" height=\"1023\" data-testid=\"loading-testid\" \/><\/picture><\/div><figcaption class=\"caption_image\" data-testid=\"figcaption-testid\">\n<div class=\"image_caption \">La China Su\u00e1rez se mostr\u00f3 con la camiseta del Galatasaray. (Foto: Instagram\/mauroicardi)<\/div>\n<\/figcaption><\/figure>\n<p class=\"paragraph font__body-regular\">Entre las fotos de ambos abrazados, y un par de selfies de la China sola, hay varias de Icardi en la cancha.\u00a0<b>All\u00ed se lo ve feliz por este presente de su equipo<\/b>, que derrot\u00f3 a su cl\u00e1sico rival.<\/p>\n<p class=\"paragraph font__body-regular\">El fin de semana anterior, cuando el\u00a0<b>Galatasaray\u00a0<\/b>hab\u00eda vencido al\u00a0<b>Gen\u00e7lerbirli\u011fi\u00a0<\/b>turco por 2 a 1, la\u00a0<b>China Su\u00e1rez<\/b>\u00a0acompa\u00f1\u00f3 a la cancha a su novio. La actriz hab\u00eda visto el encuentro desde la tribuna del estadio RAMS Park y<b>\u00a0le dio m\u00e1s que suerte ya que el delantero meti\u00f3 un gol.<\/b><\/p>\n<figure class=\"\" data-testid=\"figure-testid\">\n<div class=\"aspect_ratio__container\"><picture class=\"responsive-image\"><source srcset=\"https:\/\/tn.com.ar\/resizer\/v2\/la-china-suarez-cuando-salio-al-cruce-de-los-haters-de-mauro-icardi-foto-captura-instagramsangrejaponesa-6Y7MEAP4M5FLZDZPRSUZGRNCVA.PNG?auth=865a8d636cdaf3f79a68c2ebad2c1325ec346b907e6652fa3d20359299a51d15&amp;width=767\" type=\"image\/jpg\" media=\"(max-width: 728px)\" \/><source srcset=\"https:\/\/tn.com.ar\/resizer\/v2\/la-china-suarez-cuando-salio-al-cruce-de-los-haters-de-mauro-icardi-foto-captura-instagramsangrejaponesa-6Y7MEAP4M5FLZDZPRSUZGRNCVA.PNG?auth=865a8d636cdaf3f79a68c2ebad2c1325ec346b907e6652fa3d20359299a51d15&amp;width=1023\" type=\"image\/jpg\" media=\"(max-width: 1023px)\" \/><source srcset=\"https:\/\/tn.com.ar\/resizer\/v2\/la-china-suarez-cuando-salio-al-cruce-de-los-haters-de-mauro-icardi-foto-captura-instagramsangrejaponesa-6Y7MEAP4M5FLZDZPRSUZGRNCVA.PNG?auth=865a8d636cdaf3f79a68c2ebad2c1325ec346b907e6652fa3d20359299a51d15&amp;width=1440\" type=\"image\/jpg\" \/><img loading=\"lazy\" decoding=\"async\" class=\"image content-image image_placeholder\" src=\"https:\/\/tn.com.ar\/resizer\/v2\/la-china-suarez-cuando-salio-al-cruce-de-los-haters-de-mauro-icardi-foto-captura-instagramsangrejaponesa-6Y7MEAP4M5FLZDZPRSUZGRNCVA.PNG?auth=865a8d636cdaf3f79a68c2ebad2c1325ec346b907e6652fa3d20359299a51d15&amp;width=767\" alt=\"La China Su\u00e1rez, cuando sali\u00f3 al cruce de los haters de Mauro Icardi. (Foto: captura Instagram\/sangrejaponesa)\" width=\"767\" height=\"1369\" data-testid=\"loading-testid\" \/><\/picture><\/div><figcaption class=\"caption_image\" data-testid=\"figcaption-testid\">\n<div class=\"image_caption \">La China Su\u00e1rez, cuando sali\u00f3 al cruce de los haters de Mauro Icardi. (Foto: captura Instagram\/sangrejaponesa)<\/div>\n<\/figcaption><\/figure>\n<p class=\"paragraph font__body-regular\">En aquel momento, la ex\u00a0<i>Casi \u00c1ngeles\u00a0<\/i>fue implacable con los que alientan frases negativas en las redes contra su pareja y aprovech\u00f3 para mandarles un fuerte mensaje a los haters.<\/p>\n<p class=\"paragraph font__body-regular\">En su cuenta de Instagram, la actriz public\u00f3 una foto que le tom\u00f3 al delantero celebrando su tanto y escribi\u00f3:\u00a0<b>\u201cCuando tu rostro sonr\u00ede, sale el sol\u201d<\/b>. Por \u00faltimo, con el sarcasmo que la caracteriza cuando quiere ser picante, fue dur\u00edsima. \u201c<b>Los que pretenden apagarte, ni lo intenten<\/b>\u201d, lanz\u00f3.<\/p>\n<\/div>\n<p><\/main><\/div>\n<aside class=\"col-right-rail right-rail\">\n<div id=\"parent-ad-slot-caja\" class=\"ad-container caja_ad \">\n<div class=\"ad-content\"><\/div>\n<\/div>\n<\/aside>\n","protected":false},"excerpt":{"rendered":"<p>El futbolista llam\u00f3 la atenci\u00f3n con la publicaci\u00f3n de varias postales junto a su pareja. En los \u00faltimos meses,\u00a0Mauro Icardi\u00a0y la\u00a0China Su\u00e1rez\u00a0no estaban publicando demasiados posteos y le hab\u00edan dado un poco de respiro a sus redes sociales. Sin embargo, era cuesti\u00f3n de tiempo para que volvieran a mostrarse en alguna foto que generara revuelo. [&hellip;]<\/p>\n","protected":false},"author":1,"featured_media":15959,"comment_status":"open","ping_status":"open","sticky":false,"template":"","format":"standard","meta":{"rop_custom_images_group":[],"rop_custom_messages_group":[],"rop_publish_now":"initial","rop_publish_now_accounts":[],"rop_publish_now_history":[],"rop_publish_now_status":"pending","footnotes":"","jetpack_publicize_message":"","jetpack_publicize_feature_enabled":true,"jetpack_social_post_already_shared":true,"jetpack_social_options":{"image_generator_settings":{"template":"highway","enabled":false},"version":2}},"categories":[12],"tags":[],"class_list":{"0":"post-15958","1":"post","2":"type-post","3":"status-publish","4":"format-standard","5":"has-post-thumbnail","7":"category-espectaculos"},"jetpack_publicize_connections":[],"yoast_head":"<!-- This site is optimized with the Yoast SEO plugin v27.3 - https:\/\/yoast.com\/product\/yoast-seo-wordpress\/ -->\n<title>Mauro Icardi comparti\u00f3 una foto de su intimidad con la China Su\u00e1rez y un gesto gener\u00f3 especulaciones en redes - CLAN ESPECTACULOS<\/title>\n<meta name=\"robots\" content=\"index, follow, max-snippet:-1, max-image-preview:large, max-video-preview:-1\" \/>\n<link rel=\"canonical\" href=\"https:\/\/radioclanfm.com\/clanespectaculos\/mauro-icardi-compartio-una-foto-de-su-intimidad-con-la-china-suarez-y-un-gesto-genero-especulaciones-en-redes\/\" \/>\n<meta property=\"og:locale\" content=\"es_ES\" \/>\n<meta property=\"og:type\" content=\"article\" \/>\n<meta property=\"og:title\" content=\"Mauro Icardi comparti\u00f3 una foto de su intimidad con la China Su\u00e1rez y un gesto gener\u00f3 especulaciones en redes - CLAN ESPECTACULOS\" \/>\n<meta property=\"og:description\" content=\"El futbolista llam\u00f3 la atenci\u00f3n con la publicaci\u00f3n de varias postales junto a su pareja. En los \u00faltimos meses,\u00a0Mauro Icardi\u00a0y la\u00a0China Su\u00e1rez\u00a0no estaban publicando demasiados posteos y le hab\u00edan dado un poco de respiro a sus redes sociales. Sin embargo, era cuesti\u00f3n de tiempo para que volvieran a mostrarse en alguna foto que generara revuelo. [&hellip;]\" \/>\n<meta property=\"og:url\" content=\"https:\/\/radioclanfm.com\/clanespectaculos\/mauro-icardi-compartio-una-foto-de-su-intimidad-con-la-china-suarez-y-un-gesto-genero-especulaciones-en-redes\/\" \/>\n<meta property=\"og:site_name\" content=\"CLAN ESPECTACULOS\" \/>\n<meta property=\"article:publisher\" content=\"https:\/\/www.facebook.com\/clanespectaculos\/\" \/>\n<meta property=\"article:published_time\" content=\"2026-04-28T00:38:30+00:00\" \/>\n<meta property=\"og:image\" content=\"https:\/\/radioclanfm.com\/clanespectaculos\/wp-content\/uploads\/sites\/2\/2026\/04\/aqgIOkGY.jpg\" \/>\n\t<meta property=\"og:image:width\" content=\"900\" \/>\n\t<meta property=\"og:image:height\" content=\"505\" \/>\n\t<meta property=\"og:image:type\" content=\"image\/jpeg\" \/>\n<meta name=\"author\" content=\"E-GRUPOCLAN\" \/>\n<meta name=\"twitter:card\" content=\"summary_large_image\" \/>\n<meta name=\"twitter:creator\" content=\"@clanespectok\" \/>\n<meta name=\"twitter:site\" content=\"@clanespectok\" \/>\n<meta name=\"twitter:label1\" content=\"Escrito por\" \/>\n\t<meta name=\"twitter:data1\" content=\"E-GRUPOCLAN\" \/>\n\t<meta name=\"twitter:label2\" content=\"Tiempo de lectura\" \/>\n\t<meta name=\"twitter:data2\" content=\"3 minutos\" \/>\n<script type=\"application\/ld+json\" class=\"yoast-schema-graph\">{\"@context\":\"https:\\\/\\\/schema.org\",\"@graph\":[{\"@type\":\"Article\",\"@id\":\"https:\\\/\\\/radioclanfm.com\\\/clanespectaculos\\\/mauro-icardi-compartio-una-foto-de-su-intimidad-con-la-china-suarez-y-un-gesto-genero-especulaciones-en-redes\\\/#article\",\"isPartOf\":{\"@id\":\"https:\\\/\\\/radioclanfm.com\\\/clanespectaculos\\\/mauro-icardi-compartio-una-foto-de-su-intimidad-con-la-china-suarez-y-un-gesto-genero-especulaciones-en-redes\\\/\"},\"author\":{\"name\":\"E-GRUPOCLAN\",\"@id\":\"https:\\\/\\\/radioclanfm.com\\\/clanespectaculos\\\/#\\\/schema\\\/person\\\/9734813083303230f3ad84d99171b20c\"},\"headline\":\"Mauro Icardi comparti\u00f3 una foto de su intimidad con la China Su\u00e1rez y un gesto gener\u00f3 especulaciones en redes\",\"datePublished\":\"2026-04-28T00:38:30+00:00\",\"mainEntityOfPage\":{\"@id\":\"https:\\\/\\\/radioclanfm.com\\\/clanespectaculos\\\/mauro-icardi-compartio-una-foto-de-su-intimidad-con-la-china-suarez-y-un-gesto-genero-especulaciones-en-redes\\\/\"},\"wordCount\":518,\"commentCount\":0,\"publisher\":{\"@id\":\"https:\\\/\\\/radioclanfm.com\\\/clanespectaculos\\\/#organization\"},\"image\":{\"@id\":\"https:\\\/\\\/radioclanfm.com\\\/clanespectaculos\\\/mauro-icardi-compartio-una-foto-de-su-intimidad-con-la-china-suarez-y-un-gesto-genero-especulaciones-en-redes\\\/#primaryimage\"},\"thumbnailUrl\":\"https:\\\/\\\/radioclanfm.com\\\/clanespectaculos\\\/wp-content\\\/uploads\\\/sites\\\/2\\\/2026\\\/04\\\/aqgIOkGY.jpg\",\"articleSection\":[\"Espectaculos\"],\"inLanguage\":\"es-AR\",\"potentialAction\":[{\"@type\":\"CommentAction\",\"name\":\"Comment\",\"target\":[\"https:\\\/\\\/radioclanfm.com\\\/clanespectaculos\\\/mauro-icardi-compartio-una-foto-de-su-intimidad-con-la-china-suarez-y-un-gesto-genero-especulaciones-en-redes\\\/#respond\"]}]},{\"@type\":\"WebPage\",\"@id\":\"https:\\\/\\\/radioclanfm.com\\\/clanespectaculos\\\/mauro-icardi-compartio-una-foto-de-su-intimidad-con-la-china-suarez-y-un-gesto-genero-especulaciones-en-redes\\\/\",\"url\":\"https:\\\/\\\/radioclanfm.com\\\/clanespectaculos\\\/mauro-icardi-compartio-una-foto-de-su-intimidad-con-la-china-suarez-y-un-gesto-genero-especulaciones-en-redes\\\/\",\"name\":\"Mauro Icardi comparti\u00f3 una foto de su intimidad con la China Su\u00e1rez y un gesto gener\u00f3 especulaciones en redes - CLAN ESPECTACULOS\",\"isPartOf\":{\"@id\":\"https:\\\/\\\/radioclanfm.com\\\/clanespectaculos\\\/#website\"},\"primaryImageOfPage\":{\"@id\":\"https:\\\/\\\/radioclanfm.com\\\/clanespectaculos\\\/mauro-icardi-compartio-una-foto-de-su-intimidad-con-la-china-suarez-y-un-gesto-genero-especulaciones-en-redes\\\/#primaryimage\"},\"image\":{\"@id\":\"https:\\\/\\\/radioclanfm.com\\\/clanespectaculos\\\/mauro-icardi-compartio-una-foto-de-su-intimidad-con-la-china-suarez-y-un-gesto-genero-especulaciones-en-redes\\\/#primaryimage\"},\"thumbnailUrl\":\"https:\\\/\\\/radioclanfm.com\\\/clanespectaculos\\\/wp-content\\\/uploads\\\/sites\\\/2\\\/2026\\\/04\\\/aqgIOkGY.jpg\",\"datePublished\":\"2026-04-28T00:38:30+00:00\",\"breadcrumb\":{\"@id\":\"https:\\\/\\\/radioclanfm.com\\\/clanespectaculos\\\/mauro-icardi-compartio-una-foto-de-su-intimidad-con-la-china-suarez-y-un-gesto-genero-especulaciones-en-redes\\\/#breadcrumb\"},\"inLanguage\":\"es-AR\",\"potentialAction\":[{\"@type\":\"ReadAction\",\"target\":[\"https:\\\/\\\/radioclanfm.com\\\/clanespectaculos\\\/mauro-icardi-compartio-una-foto-de-su-intimidad-con-la-china-suarez-y-un-gesto-genero-especulaciones-en-redes\\\/\"]}]},{\"@type\":\"ImageObject\",\"inLanguage\":\"es-AR\",\"@id\":\"https:\\\/\\\/radioclanfm.com\\\/clanespectaculos\\\/mauro-icardi-compartio-una-foto-de-su-intimidad-con-la-china-suarez-y-un-gesto-genero-especulaciones-en-redes\\\/#primaryimage\",\"url\":\"https:\\\/\\\/radioclanfm.com\\\/clanespectaculos\\\/wp-content\\\/uploads\\\/sites\\\/2\\\/2026\\\/04\\\/aqgIOkGY.jpg\",\"contentUrl\":\"https:\\\/\\\/radioclanfm.com\\\/clanespectaculos\\\/wp-content\\\/uploads\\\/sites\\\/2\\\/2026\\\/04\\\/aqgIOkGY.jpg\",\"width\":900,\"height\":505},{\"@type\":\"BreadcrumbList\",\"@id\":\"https:\\\/\\\/radioclanfm.com\\\/clanespectaculos\\\/mauro-icardi-compartio-una-foto-de-su-intimidad-con-la-china-suarez-y-un-gesto-genero-especulaciones-en-redes\\\/#breadcrumb\",\"itemListElement\":[{\"@type\":\"ListItem\",\"position\":1,\"name\":\"Inicio\",\"item\":\"https:\\\/\\\/radioclanfm.com\\\/clanespectaculos\\\/\"},{\"@type\":\"ListItem\",\"position\":2,\"name\":\"Mauro Icardi comparti\u00f3 una foto de su intimidad con la China Su\u00e1rez y un gesto gener\u00f3 especulaciones en redes\"}]},{\"@type\":\"WebSite\",\"@id\":\"https:\\\/\\\/radioclanfm.com\\\/clanespectaculos\\\/#website\",\"url\":\"https:\\\/\\\/radioclanfm.com\\\/clanespectaculos\\\/\",\"name\":\"CLAN ESPECTACULOS\",\"description\":\"\",\"publisher\":{\"@id\":\"https:\\\/\\\/radioclanfm.com\\\/clanespectaculos\\\/#organization\"},\"potentialAction\":[{\"@type\":\"SearchAction\",\"target\":{\"@type\":\"EntryPoint\",\"urlTemplate\":\"https:\\\/\\\/radioclanfm.com\\\/clanespectaculos\\\/?s={search_term_string}\"},\"query-input\":{\"@type\":\"PropertyValueSpecification\",\"valueRequired\":true,\"valueName\":\"search_term_string\"}}],\"inLanguage\":\"es-AR\"},{\"@type\":\"Organization\",\"@id\":\"https:\\\/\\\/radioclanfm.com\\\/clanespectaculos\\\/#organization\",\"name\":\"CLAN ESPECTACULOS\",\"url\":\"https:\\\/\\\/radioclanfm.com\\\/clanespectaculos\\\/\",\"logo\":{\"@type\":\"ImageObject\",\"inLanguage\":\"es-AR\",\"@id\":\"https:\\\/\\\/radioclanfm.com\\\/clanespectaculos\\\/#\\\/schema\\\/logo\\\/image\\\/\",\"url\":\"https:\\\/\\\/radioclanfm.com\\\/clanespectaculos\\\/wp-content\\\/uploads\\\/sites\\\/2\\\/2026\\\/04\\\/ChatGPT-Image-23-mar-2026-10_09_00.png\",\"contentUrl\":\"https:\\\/\\\/radioclanfm.com\\\/clanespectaculos\\\/wp-content\\\/uploads\\\/sites\\\/2\\\/2026\\\/04\\\/ChatGPT-Image-23-mar-2026-10_09_00.png\",\"width\":1024,\"height\":1024,\"caption\":\"CLAN ESPECTACULOS\"},\"image\":{\"@id\":\"https:\\\/\\\/radioclanfm.com\\\/clanespectaculos\\\/#\\\/schema\\\/logo\\\/image\\\/\"},\"sameAs\":[\"https:\\\/\\\/www.facebook.com\\\/clanespectaculos\\\/\",\"https:\\\/\\\/x.com\\\/clanespectok\"]},{\"@type\":\"Person\",\"@id\":\"https:\\\/\\\/radioclanfm.com\\\/clanespectaculos\\\/#\\\/schema\\\/person\\\/9734813083303230f3ad84d99171b20c\",\"name\":\"E-GRUPOCLAN\",\"image\":{\"@type\":\"ImageObject\",\"inLanguage\":\"es-AR\",\"@id\":\"https:\\\/\\\/secure.gravatar.com\\\/avatar\\\/af6e19837c3d6a212034a48c7b3818d2ac1826f6025df0155da5a186ad321d79?s=96&d=mm&r=g\",\"url\":\"https:\\\/\\\/secure.gravatar.com\\\/avatar\\\/af6e19837c3d6a212034a48c7b3818d2ac1826f6025df0155da5a186ad321d79?s=96&d=mm&r=g\",\"contentUrl\":\"https:\\\/\\\/secure.gravatar.com\\\/avatar\\\/af6e19837c3d6a212034a48c7b3818d2ac1826f6025df0155da5a186ad321d79?s=96&d=mm&r=g\",\"caption\":\"E-GRUPOCLAN\"},\"sameAs\":[\"https:\\\/\\\/radioclanfm.com\"],\"url\":\"https:\\\/\\\/radioclanfm.com\\\/clanespectaculos\\\/author\\\/admin\\\/\"}]}<\/script>\n<!-- \/ Yoast SEO plugin. -->","yoast_head_json":{"title":"Mauro Icardi comparti\u00f3 una foto de su intimidad con la China Su\u00e1rez y un gesto gener\u00f3 especulaciones en redes - CLAN ESPECTACULOS","robots":{"index":"index","follow":"follow","max-snippet":"max-snippet:-1","max-image-preview":"max-image-preview:large","max-video-preview":"max-video-preview:-1"},"canonical":"https:\/\/radioclanfm.com\/clanespectaculos\/mauro-icardi-compartio-una-foto-de-su-intimidad-con-la-china-suarez-y-un-gesto-genero-especulaciones-en-redes\/","og_locale":"es_ES","og_type":"article","og_title":"Mauro Icardi comparti\u00f3 una foto de su intimidad con la China Su\u00e1rez y un gesto gener\u00f3 especulaciones en redes - CLAN ESPECTACULOS","og_description":"El futbolista llam\u00f3 la atenci\u00f3n con la publicaci\u00f3n de varias postales junto a su pareja. En los \u00faltimos meses,\u00a0Mauro Icardi\u00a0y la\u00a0China Su\u00e1rez\u00a0no estaban publicando demasiados posteos y le hab\u00edan dado un poco de respiro a sus redes sociales. Sin embargo, era cuesti\u00f3n de tiempo para que volvieran a mostrarse en alguna foto que generara revuelo. [&hellip;]","og_url":"https:\/\/radioclanfm.com\/clanespectaculos\/mauro-icardi-compartio-una-foto-de-su-intimidad-con-la-china-suarez-y-un-gesto-genero-especulaciones-en-redes\/","og_site_name":"CLAN ESPECTACULOS","article_publisher":"https:\/\/www.facebook.com\/clanespectaculos\/","article_published_time":"2026-04-28T00:38:30+00:00","og_image":[{"width":900,"height":505,"url":"https:\/\/radioclanfm.com\/clanespectaculos\/wp-content\/uploads\/sites\/2\/2026\/04\/aqgIOkGY.jpg","type":"image\/jpeg"}],"author":"E-GRUPOCLAN","twitter_card":"summary_large_image","twitter_creator":"@clanespectok","twitter_site":"@clanespectok","twitter_misc":{"Escrito por":"E-GRUPOCLAN","Tiempo de lectura":"3 minutos"},"schema":{"@context":"https:\/\/schema.org","@graph":[{"@type":"Article","@id":"https:\/\/radioclanfm.com\/clanespectaculos\/mauro-icardi-compartio-una-foto-de-su-intimidad-con-la-china-suarez-y-un-gesto-genero-especulaciones-en-redes\/#article","isPartOf":{"@id":"https:\/\/radioclanfm.com\/clanespectaculos\/mauro-icardi-compartio-una-foto-de-su-intimidad-con-la-china-suarez-y-un-gesto-genero-especulaciones-en-redes\/"},"author":{"name":"E-GRUPOCLAN","@id":"https:\/\/radioclanfm.com\/clanespectaculos\/#\/schema\/person\/9734813083303230f3ad84d99171b20c"},"headline":"Mauro Icardi comparti\u00f3 una foto de su intimidad con la China Su\u00e1rez y un gesto gener\u00f3 especulaciones en redes","datePublished":"2026-04-28T00:38:30+00:00","mainEntityOfPage":{"@id":"https:\/\/radioclanfm.com\/clanespectaculos\/mauro-icardi-compartio-una-foto-de-su-intimidad-con-la-china-suarez-y-un-gesto-genero-especulaciones-en-redes\/"},"wordCount":518,"commentCount":0,"publisher":{"@id":"https:\/\/radioclanfm.com\/clanespectaculos\/#organization"},"image":{"@id":"https:\/\/radioclanfm.com\/clanespectaculos\/mauro-icardi-compartio-una-foto-de-su-intimidad-con-la-china-suarez-y-un-gesto-genero-especulaciones-en-redes\/#primaryimage"},"thumbnailUrl":"https:\/\/radioclanfm.com\/clanespectaculos\/wp-content\/uploads\/sites\/2\/2026\/04\/aqgIOkGY.jpg","articleSection":["Espectaculos"],"inLanguage":"es-AR","potentialAction":[{"@type":"CommentAction","name":"Comment","target":["https:\/\/radioclanfm.com\/clanespectaculos\/mauro-icardi-compartio-una-foto-de-su-intimidad-con-la-china-suarez-y-un-gesto-genero-especulaciones-en-redes\/#respond"]}]},{"@type":"WebPage","@id":"https:\/\/radioclanfm.com\/clanespectaculos\/mauro-icardi-compartio-una-foto-de-su-intimidad-con-la-china-suarez-y-un-gesto-genero-especulaciones-en-redes\/","url":"https:\/\/radioclanfm.com\/clanespectaculos\/mauro-icardi-compartio-una-foto-de-su-intimidad-con-la-china-suarez-y-un-gesto-genero-especulaciones-en-redes\/","name":"Mauro Icardi comparti\u00f3 una foto de su intimidad con la China Su\u00e1rez y un gesto gener\u00f3 especulaciones en redes - CLAN ESPECTACULOS","isPartOf":{"@id":"https:\/\/radioclanfm.com\/clanespectaculos\/#website"},"primaryImageOfPage":{"@id":"https:\/\/radioclanfm.com\/clanespectaculos\/mauro-icardi-compartio-una-foto-de-su-intimidad-con-la-china-suarez-y-un-gesto-genero-especulaciones-en-redes\/#primaryimage"},"image":{"@id":"https:\/\/radioclanfm.com\/clanespectaculos\/mauro-icardi-compartio-una-foto-de-su-intimidad-con-la-china-suarez-y-un-gesto-genero-especulaciones-en-redes\/#primaryimage"},"thumbnailUrl":"https:\/\/radioclanfm.com\/clanespectaculos\/wp-content\/uploads\/sites\/2\/2026\/04\/aqgIOkGY.jpg","datePublished":"2026-04-28T00:38:30+00:00","breadcrumb":{"@id":"https:\/\/radioclanfm.com\/clanespectaculos\/mauro-icardi-compartio-una-foto-de-su-intimidad-con-la-china-suarez-y-un-gesto-genero-especulaciones-en-redes\/#breadcrumb"},"inLanguage":"es-AR","potentialAction":[{"@type":"ReadAction","target":["https:\/\/radioclanfm.com\/clanespectaculos\/mauro-icardi-compartio-una-foto-de-su-intimidad-con-la-china-suarez-y-un-gesto-genero-especulaciones-en-redes\/"]}]},{"@type":"ImageObject","inLanguage":"es-AR","@id":"https:\/\/radioclanfm.com\/clanespectaculos\/mauro-icardi-compartio-una-foto-de-su-intimidad-con-la-china-suarez-y-un-gesto-genero-especulaciones-en-redes\/#primaryimage","url":"https:\/\/radioclanfm.com\/clanespectaculos\/wp-content\/uploads\/sites\/2\/2026\/04\/aqgIOkGY.jpg","contentUrl":"https:\/\/radioclanfm.com\/clanespectaculos\/wp-content\/uploads\/sites\/2\/2026\/04\/aqgIOkGY.jpg","width":900,"height":505},{"@type":"BreadcrumbList","@id":"https:\/\/radioclanfm.com\/clanespectaculos\/mauro-icardi-compartio-una-foto-de-su-intimidad-con-la-china-suarez-y-un-gesto-genero-especulaciones-en-redes\/#breadcrumb","itemListElement":[{"@type":"ListItem","position":1,"name":"Inicio","item":"https:\/\/radioclanfm.com\/clanespectaculos\/"},{"@type":"ListItem","position":2,"name":"Mauro Icardi comparti\u00f3 una foto de su intimidad con la China Su\u00e1rez y un gesto gener\u00f3 especulaciones en redes"}]},{"@type":"WebSite","@id":"https:\/\/radioclanfm.com\/clanespectaculos\/#website","url":"https:\/\/radioclanfm.com\/clanespectaculos\/","name":"CLAN ESPECTACULOS","description":"","publisher":{"@id":"https:\/\/radioclanfm.com\/clanespectaculos\/#organization"},"potentialAction":[{"@type":"SearchAction","target":{"@type":"EntryPoint","urlTemplate":"https:\/\/radioclanfm.com\/clanespectaculos\/?s={search_term_string}"},"query-input":{"@type":"PropertyValueSpecification","valueRequired":true,"valueName":"search_term_string"}}],"inLanguage":"es-AR"},{"@type":"Organization","@id":"https:\/\/radioclanfm.com\/clanespectaculos\/#organization","name":"CLAN ESPECTACULOS","url":"https:\/\/radioclanfm.com\/clanespectaculos\/","logo":{"@type":"ImageObject","inLanguage":"es-AR","@id":"https:\/\/radioclanfm.com\/clanespectaculos\/#\/schema\/logo\/image\/","url":"https:\/\/radioclanfm.com\/clanespectaculos\/wp-content\/uploads\/sites\/2\/2026\/04\/ChatGPT-Image-23-mar-2026-10_09_00.png","contentUrl":"https:\/\/radioclanfm.com\/clanespectaculos\/wp-content\/uploads\/sites\/2\/2026\/04\/ChatGPT-Image-23-mar-2026-10_09_00.png","width":1024,"height":1024,"caption":"CLAN ESPECTACULOS"},"image":{"@id":"https:\/\/radioclanfm.com\/clanespectaculos\/#\/schema\/logo\/image\/"},"sameAs":["https:\/\/www.facebook.com\/clanespectaculos\/","https:\/\/x.com\/clanespectok"]},{"@type":"Person","@id":"https:\/\/radioclanfm.com\/clanespectaculos\/#\/schema\/person\/9734813083303230f3ad84d99171b20c","name":"E-GRUPOCLAN","image":{"@type":"ImageObject","inLanguage":"es-AR","@id":"https:\/\/secure.gravatar.com\/avatar\/af6e19837c3d6a212034a48c7b3818d2ac1826f6025df0155da5a186ad321d79?s=96&d=mm&r=g","url":"https:\/\/secure.gravatar.com\/avatar\/af6e19837c3d6a212034a48c7b3818d2ac1826f6025df0155da5a186ad321d79?s=96&d=mm&r=g","contentUrl":"https:\/\/secure.gravatar.com\/avatar\/af6e19837c3d6a212034a48c7b3818d2ac1826f6025df0155da5a186ad321d79?s=96&d=mm&r=g","caption":"E-GRUPOCLAN"},"sameAs":["https:\/\/radioclanfm.com"],"url":"https:\/\/radioclanfm.com\/clanespectaculos\/author\/admin\/"}]}},"_links":{"self":[{"href":"https:\/\/radioclanfm.com\/clanespectaculos\/wp-json\/wp\/v2\/posts\/15958","targetHints":{"allow":["GET"]}}],"collection":[{"href":"https:\/\/radioclanfm.com\/clanespectaculos\/wp-json\/wp\/v2\/posts"}],"about":[{"href":"https:\/\/radioclanfm.com\/clanespectaculos\/wp-json\/wp\/v2\/types\/post"}],"author":[{"embeddable":true,"href":"https:\/\/radioclanfm.com\/clanespectaculos\/wp-json\/wp\/v2\/users\/1"}],"replies":[{"embeddable":true,"href":"https:\/\/radioclanfm.com\/clanespectaculos\/wp-json\/wp\/v2\/comments?post=15958"}],"version-history":[{"count":1,"href":"https:\/\/radioclanfm.com\/clanespectaculos\/wp-json\/wp\/v2\/posts\/15958\/revisions"}],"predecessor-version":[{"id":15960,"href":"https:\/\/radioclanfm.com\/clanespectaculos\/wp-json\/wp\/v2\/posts\/15958\/revisions\/15960"}],"wp:featuredmedia":[{"embeddable":true,"href":"https:\/\/radioclanfm.com\/clanespectaculos\/wp-json\/wp\/v2\/media\/15959"}],"wp:attachment":[{"href":"https:\/\/radioclanfm.com\/clanespectaculos\/wp-json\/wp\/v2\/media?parent=15958"}],"wp:term":[{"taxonomy":"category","embeddable":true,"href":"https:\/\/radioclanfm.com\/clanespectaculos\/wp-json\/wp\/v2\/categories?post=15958"},{"taxonomy":"post_tag","embeddable":true,"href":"https:\/\/radioclanfm.com\/clanespectaculos\/wp-json\/wp\/v2\/tags?post=15958"}],"curies":[{"name":"wp","href":"https:\/\/api.w.org\/{rel}","templated":true}]}}