{"id":15952,"date":"2026-04-27T21:35:01","date_gmt":"2026-04-28T00:35:01","guid":{"rendered":"https:\/\/radioclanfm.com\/clanespectaculos\/?p=15952"},"modified":"2026-04-27T21:35:01","modified_gmt":"2026-04-28T00:35:01","slug":"andrea-rincon-hablo-sin-filtros-sobre-su-encuentro-con-messi-y-revelo-lo-que-mas-la-sorprendio","status":"publish","type":"post","link":"https:\/\/radioclanfm.com\/clanespectaculos\/andrea-rincon-hablo-sin-filtros-sobre-su-encuentro-con-messi-y-revelo-lo-que-mas-la-sorprendio\/","title":{"rendered":"Andrea Rinc\u00f3n habl\u00f3 sin filtros sobre su encuentro con Messi y revel\u00f3 lo que m\u00e1s la sorprendi\u00f3"},"content":{"rendered":"<p>La medi\u00e1tica asegur\u00f3 que mantuvo una relaci\u00f3n, cuando ten\u00eda 24 a\u00f1os, con el \u00eddolo argentino. \u201cAl otro d\u00eda meti\u00f3 un gol\u201d, subray\u00f3.<\/p>\n<div class=\"col-content\"><main class=\"col-content\"><\/p>\n<div class=\"default-article-color article__body article__article\">\n<p class=\"paragraph font__body-regular\"><b>Andrea Rinc\u00f3n<\/b><b> @andrearincon_top <\/b>sorprendi\u00f3 al contar detalles de la presunta\u00a0<b>relaci\u00f3n\u00a0<\/b>que habr\u00eda mantenido, cuando ten\u00eda 24 a\u00f1os, con nada m\u00e1s y nada menos que\u00a0<b>Lionel Messi<\/b>.<\/p>\n<div id=\"ad-slot-infeed\" class=\"infeed-container\"><\/div>\n<p class=\"paragraph font__body-regular\">Por primera vez, la medi\u00e1tica revel\u00f3 c\u00f3mo habr\u00eda sido ese\u00a0<b>momento \u00edntimo\u00a0<\/b>con el futbolista.<\/p>\n<p class=\"paragraph font__body-regular\">Sus declaraciones fueron durante una charla con el streamer Mart\u00edn Cirio.\u00a0<b>\u201cMe van a dar por todos lados\u201d<\/b>, anticip\u00f3 Rinc\u00f3n por las\u00a0<b>cr\u00edticas\u00a0<\/b>que recibir\u00eda por sus declaraciones.<\/p>\n<figure class=\"\" data-testid=\"figure-testid\">\n<div class=\"aspect_ratio__container\"><picture class=\"responsive-image\"><source srcset=\"https:\/\/tn.com.ar\/resizer\/v2\/andrea-rincon-conto-detalles-de-su-relacion-con-messi-foto-captura-tiktoklomejorenclips-7RTKF52QFZFU7DPDY32RR2BTME.PNG?auth=ac710424086f96436d6ea9272e1cfebc97dd1bb5ba6de3897241fe8f683094c2&amp;width=767\" type=\"image\/jpg\" media=\"(max-width: 728px)\" \/><source srcset=\"https:\/\/tn.com.ar\/resizer\/v2\/andrea-rincon-conto-detalles-de-su-relacion-con-messi-foto-captura-tiktoklomejorenclips-7RTKF52QFZFU7DPDY32RR2BTME.PNG?auth=ac710424086f96436d6ea9272e1cfebc97dd1bb5ba6de3897241fe8f683094c2&amp;width=1023\" type=\"image\/jpg\" media=\"(max-width: 1023px)\" \/><source srcset=\"https:\/\/tn.com.ar\/resizer\/v2\/andrea-rincon-conto-detalles-de-su-relacion-con-messi-foto-captura-tiktoklomejorenclips-7RTKF52QFZFU7DPDY32RR2BTME.PNG?auth=ac710424086f96436d6ea9272e1cfebc97dd1bb5ba6de3897241fe8f683094c2&amp;width=1440\" type=\"image\/jpg\" \/><img loading=\"lazy\" decoding=\"async\" class=\"image content-image image_placeholder\" src=\"https:\/\/tn.com.ar\/resizer\/v2\/andrea-rincon-conto-detalles-de-su-relacion-con-messi-foto-captura-tiktoklomejorenclips-7RTKF52QFZFU7DPDY32RR2BTME.PNG?auth=ac710424086f96436d6ea9272e1cfebc97dd1bb5ba6de3897241fe8f683094c2&amp;width=767\" alt=\"Andrea Rinc\u00f3n cont\u00f3 detalles de su relaci\u00f3n con Messi. (Foto: captura Tiktok\/lomejorenclips_)\" width=\"767\" height=\"1223\" data-testid=\"loading-testid\" \/><\/picture><\/div><figcaption class=\"caption_image\" data-testid=\"figcaption-testid\">\n<div class=\"image_caption \">Andrea Rinc\u00f3n cont\u00f3 detalles de su relaci\u00f3n con Messi. (Foto: captura Tiktok\/lomejorenclips_)<\/div>\n<\/figcaption><\/figure>\n<p class=\"paragraph font__body-regular\">Sobre el encuentro con el \u00eddolo argentino, Rinc\u00f3n detall\u00f3: \u201cCuando lo vi le dije: \u2018Yo traigo suerte\u2019.\u00a0<b>Al otro d\u00eda meti\u00f3 un gol<\/b>. Yo ya hab\u00eda tomado unas copitas de m\u00e1s\u201d.<\/p>\n<p class=\"paragraph font__body-regular\">Luego Mart\u00edn Cirio le consult\u00f3: \u201c\u00bfTiene un lindo cul&#8230; no?\u201c. Ante eso, Andrea Rinc\u00f3n no tuvo filtros y revel\u00f3: \u201dS\u00ed\u201c.<\/p>\n<p class=\"paragraph font__body-regular\">M\u00e1s all\u00e1 de contar esta an\u00e9cdota, la medi\u00e1tica quiso hacer una aclaraci\u00f3n para no tener problemas por sus declaraciones. \u201c<b>\u00c9l no estaba con Antonela (Roccuzzo), no le fue infiel<\/b>, lo s\u00e9 porque me hab\u00edan llamado muchos periodistas. As\u00ed que no ment\u00ed y no miento\u201d.<\/p>\n<h2 class=\"font--primary font__display\">El d\u00eda que Andrea Rinc\u00f3n cont\u00f3 que Messi la tiene bloqueada en Instagram<\/h2>\n<p class=\"paragraph font__body-regular\">A mediados de marzo, cuando\u00a0Messi estuvo en la Casa Blanca junto a Donald Trump, la medi\u00e1tica hab\u00eda causado sorpresa al contar al aire del canal\u00a0<i>AZZ\u00a0<\/i>que el futbolista la bloque\u00f3 en las redes sociales y que por eso ella no pod\u00eda ver un \u201cme gusta\u201d que \u00e9l hab\u00eda dado.<\/p>\n<p class=\"paragraph font__body-regular\">Luego de eso, Andrea sac\u00f3 su celular y mostr\u00f3 c\u00f3mo no le aparec\u00eda la cuenta de la figura del Inter Miami en Instagram por m\u00e1s de que tipee su apellido.\u00a0<b>\u201cNo quiero que me desbloquee, no me interesa\u201d<\/b>, agreg\u00f3.<\/p>\n<figure class=\"\" data-testid=\"figure-testid\">\n<div class=\"aspect_ratio__container\"><picture class=\"responsive-image\"><source srcset=\"https:\/\/tn.com.ar\/resizer\/v2\/andrea-rincon-aseguro-que-lionel-messi-la-tiene-bloqueada-foto-instagram-andrearincontop-67LT7TSYJVC3PKVLEMSIG72HCI.jpg?auth=bc6d72a9593332807a1c2b4feadbdb26ea91f1f34666cd002c6947ead8456722&amp;width=767\" type=\"image\/jpg\" media=\"(max-width: 728px)\" \/><source srcset=\"https:\/\/tn.com.ar\/resizer\/v2\/andrea-rincon-aseguro-que-lionel-messi-la-tiene-bloqueada-foto-instagram-andrearincontop-67LT7TSYJVC3PKVLEMSIG72HCI.jpg?auth=bc6d72a9593332807a1c2b4feadbdb26ea91f1f34666cd002c6947ead8456722&amp;width=1023\" type=\"image\/jpg\" media=\"(max-width: 1023px)\" \/><source srcset=\"https:\/\/tn.com.ar\/resizer\/v2\/andrea-rincon-aseguro-que-lionel-messi-la-tiene-bloqueada-foto-instagram-andrearincontop-67LT7TSYJVC3PKVLEMSIG72HCI.jpg?auth=bc6d72a9593332807a1c2b4feadbdb26ea91f1f34666cd002c6947ead8456722&amp;width=1440\" type=\"image\/jpg\" \/><img loading=\"lazy\" decoding=\"async\" class=\"image content-image image_placeholder\" src=\"https:\/\/tn.com.ar\/resizer\/v2\/andrea-rincon-aseguro-que-lionel-messi-la-tiene-bloqueada-foto-instagram-andrearincontop-67LT7TSYJVC3PKVLEMSIG72HCI.jpg?auth=bc6d72a9593332807a1c2b4feadbdb26ea91f1f34666cd002c6947ead8456722&amp;width=767\" alt=\"Andrea Rinc\u00f3n asegur\u00f3 que Lionel Messi la tiene bloqueada. (Foto: Instagram \/andrearincon_top)\" width=\"767\" height=\"430\" data-testid=\"loading-testid\" \/><\/picture><\/div><figcaption class=\"caption_image\" data-testid=\"figcaption-testid\">\n<div class=\"image_caption \">Andrea Rinc\u00f3n asegur\u00f3 que Lionel Messi la tiene bloqueada. (Foto: Instagram \/andrearincon_top)<\/div>\n<\/figcaption><\/figure>\n<p class=\"paragraph font__body-regular\">Incluso Rinc\u00f3n hab\u00eda dado algunos detalles del pasado: \u201cFue\u00a0<b>en otra vida<\/b>. Hoy no creo que Lio haga esas cosas, tiene una familia formada, consagrada, hermosa\u201d.<\/p>\n<p class=\"paragraph font__body-regular\">\u201cPero tambi\u00e9n\u00a0<b>fue un pibe joven y pudo hacer cosas<\/b>. La mujer (por Antonela) tambi\u00e9n pudo hacerlas. Quiz\u00e1s \u00e9l solo busc\u00f3 refugio del dolor que le caus\u00f3 su mujer\u201d, hab\u00eda dicho tambi\u00e9n.<\/p>\n<p class=\"paragraph font__body-regular\">Cabe recordar que en 2011 Andrea tambi\u00e9n hab\u00eda hablado en<i>\u00a0Impacto 9\u00a0<\/i>sobre su relaci\u00f3n con el deportista. \u201cCon Messi la pes\u00e9 muy bien, a m\u00ed una persona jam\u00e1s me va a atraer por su presencia. \u00c9l es un buen pibe.\u00a0<b>Me invit\u00f3 a Barcelona pero no fui<\/b>\u201d.<\/p>\n<\/div>\n<p><\/main><\/div>\n<aside class=\"col-right-rail right-rail\">\n<div id=\"parent-ad-slot-caja\" class=\"ad-container caja_ad \">\n<div class=\"ad-content\"><\/div>\n<\/div>\n<\/aside>\n","protected":false},"excerpt":{"rendered":"<p>La medi\u00e1tica asegur\u00f3 que mantuvo una relaci\u00f3n, cuando ten\u00eda 24 a\u00f1os, con el \u00eddolo argentino. \u201cAl otro d\u00eda meti\u00f3 un gol\u201d, subray\u00f3. Andrea Rinc\u00f3n @andrearincon_top sorprendi\u00f3 al contar detalles de la presunta\u00a0relaci\u00f3n\u00a0que habr\u00eda mantenido, cuando ten\u00eda 24 a\u00f1os, con nada m\u00e1s y nada menos que\u00a0Lionel Messi. Por primera vez, la medi\u00e1tica revel\u00f3 c\u00f3mo habr\u00eda sido [&hellip;]<\/p>\n","protected":false},"author":1,"featured_media":15953,"comment_status":"open","ping_status":"open","sticky":false,"template":"","format":"standard","meta":{"rop_custom_images_group":[],"rop_custom_messages_group":[],"rop_publish_now":"initial","rop_publish_now_accounts":[],"rop_publish_now_history":[],"rop_publish_now_status":"pending","footnotes":"","jetpack_publicize_message":"","jetpack_publicize_feature_enabled":true,"jetpack_social_post_already_shared":true,"jetpack_social_options":{"image_generator_settings":{"template":"highway","enabled":false},"version":2}},"categories":[12],"tags":[],"class_list":{"0":"post-15952","1":"post","2":"type-post","3":"status-publish","4":"format-standard","5":"has-post-thumbnail","7":"category-espectaculos"},"jetpack_publicize_connections":[],"yoast_head":"<!-- This site is optimized with the Yoast SEO plugin v27.3 - https:\/\/yoast.com\/product\/yoast-seo-wordpress\/ -->\n<title>Andrea Rinc\u00f3n habl\u00f3 sin filtros sobre su encuentro con Messi y revel\u00f3 lo que m\u00e1s la sorprendi\u00f3 - CLAN ESPECTACULOS<\/title>\n<meta name=\"robots\" content=\"index, follow, max-snippet:-1, max-image-preview:large, max-video-preview:-1\" \/>\n<link rel=\"canonical\" href=\"https:\/\/radioclanfm.com\/clanespectaculos\/andrea-rincon-hablo-sin-filtros-sobre-su-encuentro-con-messi-y-revelo-lo-que-mas-la-sorprendio\/\" \/>\n<meta property=\"og:locale\" content=\"es_ES\" \/>\n<meta property=\"og:type\" content=\"article\" \/>\n<meta property=\"og:title\" content=\"Andrea Rinc\u00f3n habl\u00f3 sin filtros sobre su encuentro con Messi y revel\u00f3 lo que m\u00e1s la sorprendi\u00f3 - CLAN ESPECTACULOS\" \/>\n<meta property=\"og:description\" content=\"La medi\u00e1tica asegur\u00f3 que mantuvo una relaci\u00f3n, cuando ten\u00eda 24 a\u00f1os, con el \u00eddolo argentino. \u201cAl otro d\u00eda meti\u00f3 un gol\u201d, subray\u00f3. Andrea Rinc\u00f3n @andrearincon_top sorprendi\u00f3 al contar detalles de la presunta\u00a0relaci\u00f3n\u00a0que habr\u00eda mantenido, cuando ten\u00eda 24 a\u00f1os, con nada m\u00e1s y nada menos que\u00a0Lionel Messi. Por primera vez, la medi\u00e1tica revel\u00f3 c\u00f3mo habr\u00eda sido [&hellip;]\" \/>\n<meta property=\"og:url\" content=\"https:\/\/radioclanfm.com\/clanespectaculos\/andrea-rincon-hablo-sin-filtros-sobre-su-encuentro-con-messi-y-revelo-lo-que-mas-la-sorprendio\/\" \/>\n<meta property=\"og:site_name\" content=\"CLAN ESPECTACULOS\" \/>\n<meta property=\"article:publisher\" content=\"https:\/\/www.facebook.com\/clanespectaculos\/\" \/>\n<meta property=\"article:published_time\" content=\"2026-04-28T00:35:01+00:00\" \/>\n<meta property=\"og:image\" content=\"https:\/\/radioclanfm.com\/clanespectaculos\/wp-content\/uploads\/sites\/2\/2026\/04\/ZCRlAriw.jpg\" \/>\n\t<meta property=\"og:image:width\" content=\"900\" \/>\n\t<meta property=\"og:image:height\" content=\"504\" \/>\n\t<meta property=\"og:image:type\" content=\"image\/jpeg\" \/>\n<meta name=\"author\" content=\"E-GRUPOCLAN\" \/>\n<meta name=\"twitter:card\" content=\"summary_large_image\" \/>\n<meta name=\"twitter:creator\" content=\"@clanespectok\" \/>\n<meta name=\"twitter:site\" content=\"@clanespectok\" \/>\n<meta name=\"twitter:label1\" content=\"Escrito por\" \/>\n\t<meta name=\"twitter:data1\" content=\"E-GRUPOCLAN\" \/>\n\t<meta name=\"twitter:label2\" content=\"Tiempo de lectura\" \/>\n\t<meta name=\"twitter:data2\" content=\"3 minutos\" \/>\n<script type=\"application\/ld+json\" class=\"yoast-schema-graph\">{\"@context\":\"https:\\\/\\\/schema.org\",\"@graph\":[{\"@type\":\"Article\",\"@id\":\"https:\\\/\\\/radioclanfm.com\\\/clanespectaculos\\\/andrea-rincon-hablo-sin-filtros-sobre-su-encuentro-con-messi-y-revelo-lo-que-mas-la-sorprendio\\\/#article\",\"isPartOf\":{\"@id\":\"https:\\\/\\\/radioclanfm.com\\\/clanespectaculos\\\/andrea-rincon-hablo-sin-filtros-sobre-su-encuentro-con-messi-y-revelo-lo-que-mas-la-sorprendio\\\/\"},\"author\":{\"name\":\"E-GRUPOCLAN\",\"@id\":\"https:\\\/\\\/radioclanfm.com\\\/clanespectaculos\\\/#\\\/schema\\\/person\\\/9734813083303230f3ad84d99171b20c\"},\"headline\":\"Andrea Rinc\u00f3n habl\u00f3 sin filtros sobre su encuentro con Messi y revel\u00f3 lo que m\u00e1s la sorprendi\u00f3\",\"datePublished\":\"2026-04-28T00:35:01+00:00\",\"mainEntityOfPage\":{\"@id\":\"https:\\\/\\\/radioclanfm.com\\\/clanespectaculos\\\/andrea-rincon-hablo-sin-filtros-sobre-su-encuentro-con-messi-y-revelo-lo-que-mas-la-sorprendio\\\/\"},\"wordCount\":490,\"commentCount\":0,\"publisher\":{\"@id\":\"https:\\\/\\\/radioclanfm.com\\\/clanespectaculos\\\/#organization\"},\"image\":{\"@id\":\"https:\\\/\\\/radioclanfm.com\\\/clanespectaculos\\\/andrea-rincon-hablo-sin-filtros-sobre-su-encuentro-con-messi-y-revelo-lo-que-mas-la-sorprendio\\\/#primaryimage\"},\"thumbnailUrl\":\"https:\\\/\\\/radioclanfm.com\\\/clanespectaculos\\\/wp-content\\\/uploads\\\/sites\\\/2\\\/2026\\\/04\\\/ZCRlAriw.jpg\",\"articleSection\":[\"Espectaculos\"],\"inLanguage\":\"es-AR\",\"potentialAction\":[{\"@type\":\"CommentAction\",\"name\":\"Comment\",\"target\":[\"https:\\\/\\\/radioclanfm.com\\\/clanespectaculos\\\/andrea-rincon-hablo-sin-filtros-sobre-su-encuentro-con-messi-y-revelo-lo-que-mas-la-sorprendio\\\/#respond\"]}]},{\"@type\":\"WebPage\",\"@id\":\"https:\\\/\\\/radioclanfm.com\\\/clanespectaculos\\\/andrea-rincon-hablo-sin-filtros-sobre-su-encuentro-con-messi-y-revelo-lo-que-mas-la-sorprendio\\\/\",\"url\":\"https:\\\/\\\/radioclanfm.com\\\/clanespectaculos\\\/andrea-rincon-hablo-sin-filtros-sobre-su-encuentro-con-messi-y-revelo-lo-que-mas-la-sorprendio\\\/\",\"name\":\"Andrea Rinc\u00f3n habl\u00f3 sin filtros sobre su encuentro con Messi y revel\u00f3 lo que m\u00e1s la sorprendi\u00f3 - CLAN ESPECTACULOS\",\"isPartOf\":{\"@id\":\"https:\\\/\\\/radioclanfm.com\\\/clanespectaculos\\\/#website\"},\"primaryImageOfPage\":{\"@id\":\"https:\\\/\\\/radioclanfm.com\\\/clanespectaculos\\\/andrea-rincon-hablo-sin-filtros-sobre-su-encuentro-con-messi-y-revelo-lo-que-mas-la-sorprendio\\\/#primaryimage\"},\"image\":{\"@id\":\"https:\\\/\\\/radioclanfm.com\\\/clanespectaculos\\\/andrea-rincon-hablo-sin-filtros-sobre-su-encuentro-con-messi-y-revelo-lo-que-mas-la-sorprendio\\\/#primaryimage\"},\"thumbnailUrl\":\"https:\\\/\\\/radioclanfm.com\\\/clanespectaculos\\\/wp-content\\\/uploads\\\/sites\\\/2\\\/2026\\\/04\\\/ZCRlAriw.jpg\",\"datePublished\":\"2026-04-28T00:35:01+00:00\",\"breadcrumb\":{\"@id\":\"https:\\\/\\\/radioclanfm.com\\\/clanespectaculos\\\/andrea-rincon-hablo-sin-filtros-sobre-su-encuentro-con-messi-y-revelo-lo-que-mas-la-sorprendio\\\/#breadcrumb\"},\"inLanguage\":\"es-AR\",\"potentialAction\":[{\"@type\":\"ReadAction\",\"target\":[\"https:\\\/\\\/radioclanfm.com\\\/clanespectaculos\\\/andrea-rincon-hablo-sin-filtros-sobre-su-encuentro-con-messi-y-revelo-lo-que-mas-la-sorprendio\\\/\"]}]},{\"@type\":\"ImageObject\",\"inLanguage\":\"es-AR\",\"@id\":\"https:\\\/\\\/radioclanfm.com\\\/clanespectaculos\\\/andrea-rincon-hablo-sin-filtros-sobre-su-encuentro-con-messi-y-revelo-lo-que-mas-la-sorprendio\\\/#primaryimage\",\"url\":\"https:\\\/\\\/radioclanfm.com\\\/clanespectaculos\\\/wp-content\\\/uploads\\\/sites\\\/2\\\/2026\\\/04\\\/ZCRlAriw.jpg\",\"contentUrl\":\"https:\\\/\\\/radioclanfm.com\\\/clanespectaculos\\\/wp-content\\\/uploads\\\/sites\\\/2\\\/2026\\\/04\\\/ZCRlAriw.jpg\",\"width\":900,\"height\":504},{\"@type\":\"BreadcrumbList\",\"@id\":\"https:\\\/\\\/radioclanfm.com\\\/clanespectaculos\\\/andrea-rincon-hablo-sin-filtros-sobre-su-encuentro-con-messi-y-revelo-lo-que-mas-la-sorprendio\\\/#breadcrumb\",\"itemListElement\":[{\"@type\":\"ListItem\",\"position\":1,\"name\":\"Inicio\",\"item\":\"https:\\\/\\\/radioclanfm.com\\\/clanespectaculos\\\/\"},{\"@type\":\"ListItem\",\"position\":2,\"name\":\"Andrea Rinc\u00f3n habl\u00f3 sin filtros sobre su encuentro con Messi y revel\u00f3 lo que m\u00e1s la sorprendi\u00f3\"}]},{\"@type\":\"WebSite\",\"@id\":\"https:\\\/\\\/radioclanfm.com\\\/clanespectaculos\\\/#website\",\"url\":\"https:\\\/\\\/radioclanfm.com\\\/clanespectaculos\\\/\",\"name\":\"CLAN ESPECTACULOS\",\"description\":\"\",\"publisher\":{\"@id\":\"https:\\\/\\\/radioclanfm.com\\\/clanespectaculos\\\/#organization\"},\"potentialAction\":[{\"@type\":\"SearchAction\",\"target\":{\"@type\":\"EntryPoint\",\"urlTemplate\":\"https:\\\/\\\/radioclanfm.com\\\/clanespectaculos\\\/?s={search_term_string}\"},\"query-input\":{\"@type\":\"PropertyValueSpecification\",\"valueRequired\":true,\"valueName\":\"search_term_string\"}}],\"inLanguage\":\"es-AR\"},{\"@type\":\"Organization\",\"@id\":\"https:\\\/\\\/radioclanfm.com\\\/clanespectaculos\\\/#organization\",\"name\":\"CLAN ESPECTACULOS\",\"url\":\"https:\\\/\\\/radioclanfm.com\\\/clanespectaculos\\\/\",\"logo\":{\"@type\":\"ImageObject\",\"inLanguage\":\"es-AR\",\"@id\":\"https:\\\/\\\/radioclanfm.com\\\/clanespectaculos\\\/#\\\/schema\\\/logo\\\/image\\\/\",\"url\":\"https:\\\/\\\/radioclanfm.com\\\/clanespectaculos\\\/wp-content\\\/uploads\\\/sites\\\/2\\\/2026\\\/04\\\/ChatGPT-Image-23-mar-2026-10_09_00.png\",\"contentUrl\":\"https:\\\/\\\/radioclanfm.com\\\/clanespectaculos\\\/wp-content\\\/uploads\\\/sites\\\/2\\\/2026\\\/04\\\/ChatGPT-Image-23-mar-2026-10_09_00.png\",\"width\":1024,\"height\":1024,\"caption\":\"CLAN ESPECTACULOS\"},\"image\":{\"@id\":\"https:\\\/\\\/radioclanfm.com\\\/clanespectaculos\\\/#\\\/schema\\\/logo\\\/image\\\/\"},\"sameAs\":[\"https:\\\/\\\/www.facebook.com\\\/clanespectaculos\\\/\",\"https:\\\/\\\/x.com\\\/clanespectok\"]},{\"@type\":\"Person\",\"@id\":\"https:\\\/\\\/radioclanfm.com\\\/clanespectaculos\\\/#\\\/schema\\\/person\\\/9734813083303230f3ad84d99171b20c\",\"name\":\"E-GRUPOCLAN\",\"image\":{\"@type\":\"ImageObject\",\"inLanguage\":\"es-AR\",\"@id\":\"https:\\\/\\\/secure.gravatar.com\\\/avatar\\\/af6e19837c3d6a212034a48c7b3818d2ac1826f6025df0155da5a186ad321d79?s=96&d=mm&r=g\",\"url\":\"https:\\\/\\\/secure.gravatar.com\\\/avatar\\\/af6e19837c3d6a212034a48c7b3818d2ac1826f6025df0155da5a186ad321d79?s=96&d=mm&r=g\",\"contentUrl\":\"https:\\\/\\\/secure.gravatar.com\\\/avatar\\\/af6e19837c3d6a212034a48c7b3818d2ac1826f6025df0155da5a186ad321d79?s=96&d=mm&r=g\",\"caption\":\"E-GRUPOCLAN\"},\"sameAs\":[\"https:\\\/\\\/radioclanfm.com\"],\"url\":\"https:\\\/\\\/radioclanfm.com\\\/clanespectaculos\\\/author\\\/admin\\\/\"}]}<\/script>\n<!-- \/ Yoast SEO plugin. -->","yoast_head_json":{"title":"Andrea Rinc\u00f3n habl\u00f3 sin filtros sobre su encuentro con Messi y revel\u00f3 lo que m\u00e1s la sorprendi\u00f3 - CLAN ESPECTACULOS","robots":{"index":"index","follow":"follow","max-snippet":"max-snippet:-1","max-image-preview":"max-image-preview:large","max-video-preview":"max-video-preview:-1"},"canonical":"https:\/\/radioclanfm.com\/clanespectaculos\/andrea-rincon-hablo-sin-filtros-sobre-su-encuentro-con-messi-y-revelo-lo-que-mas-la-sorprendio\/","og_locale":"es_ES","og_type":"article","og_title":"Andrea Rinc\u00f3n habl\u00f3 sin filtros sobre su encuentro con Messi y revel\u00f3 lo que m\u00e1s la sorprendi\u00f3 - CLAN ESPECTACULOS","og_description":"La medi\u00e1tica asegur\u00f3 que mantuvo una relaci\u00f3n, cuando ten\u00eda 24 a\u00f1os, con el \u00eddolo argentino. \u201cAl otro d\u00eda meti\u00f3 un gol\u201d, subray\u00f3. Andrea Rinc\u00f3n @andrearincon_top sorprendi\u00f3 al contar detalles de la presunta\u00a0relaci\u00f3n\u00a0que habr\u00eda mantenido, cuando ten\u00eda 24 a\u00f1os, con nada m\u00e1s y nada menos que\u00a0Lionel Messi. Por primera vez, la medi\u00e1tica revel\u00f3 c\u00f3mo habr\u00eda sido [&hellip;]","og_url":"https:\/\/radioclanfm.com\/clanespectaculos\/andrea-rincon-hablo-sin-filtros-sobre-su-encuentro-con-messi-y-revelo-lo-que-mas-la-sorprendio\/","og_site_name":"CLAN ESPECTACULOS","article_publisher":"https:\/\/www.facebook.com\/clanespectaculos\/","article_published_time":"2026-04-28T00:35:01+00:00","og_image":[{"width":900,"height":504,"url":"https:\/\/radioclanfm.com\/clanespectaculos\/wp-content\/uploads\/sites\/2\/2026\/04\/ZCRlAriw.jpg","type":"image\/jpeg"}],"author":"E-GRUPOCLAN","twitter_card":"summary_large_image","twitter_creator":"@clanespectok","twitter_site":"@clanespectok","twitter_misc":{"Escrito por":"E-GRUPOCLAN","Tiempo de lectura":"3 minutos"},"schema":{"@context":"https:\/\/schema.org","@graph":[{"@type":"Article","@id":"https:\/\/radioclanfm.com\/clanespectaculos\/andrea-rincon-hablo-sin-filtros-sobre-su-encuentro-con-messi-y-revelo-lo-que-mas-la-sorprendio\/#article","isPartOf":{"@id":"https:\/\/radioclanfm.com\/clanespectaculos\/andrea-rincon-hablo-sin-filtros-sobre-su-encuentro-con-messi-y-revelo-lo-que-mas-la-sorprendio\/"},"author":{"name":"E-GRUPOCLAN","@id":"https:\/\/radioclanfm.com\/clanespectaculos\/#\/schema\/person\/9734813083303230f3ad84d99171b20c"},"headline":"Andrea Rinc\u00f3n habl\u00f3 sin filtros sobre su encuentro con Messi y revel\u00f3 lo que m\u00e1s la sorprendi\u00f3","datePublished":"2026-04-28T00:35:01+00:00","mainEntityOfPage":{"@id":"https:\/\/radioclanfm.com\/clanespectaculos\/andrea-rincon-hablo-sin-filtros-sobre-su-encuentro-con-messi-y-revelo-lo-que-mas-la-sorprendio\/"},"wordCount":490,"commentCount":0,"publisher":{"@id":"https:\/\/radioclanfm.com\/clanespectaculos\/#organization"},"image":{"@id":"https:\/\/radioclanfm.com\/clanespectaculos\/andrea-rincon-hablo-sin-filtros-sobre-su-encuentro-con-messi-y-revelo-lo-que-mas-la-sorprendio\/#primaryimage"},"thumbnailUrl":"https:\/\/radioclanfm.com\/clanespectaculos\/wp-content\/uploads\/sites\/2\/2026\/04\/ZCRlAriw.jpg","articleSection":["Espectaculos"],"inLanguage":"es-AR","potentialAction":[{"@type":"CommentAction","name":"Comment","target":["https:\/\/radioclanfm.com\/clanespectaculos\/andrea-rincon-hablo-sin-filtros-sobre-su-encuentro-con-messi-y-revelo-lo-que-mas-la-sorprendio\/#respond"]}]},{"@type":"WebPage","@id":"https:\/\/radioclanfm.com\/clanespectaculos\/andrea-rincon-hablo-sin-filtros-sobre-su-encuentro-con-messi-y-revelo-lo-que-mas-la-sorprendio\/","url":"https:\/\/radioclanfm.com\/clanespectaculos\/andrea-rincon-hablo-sin-filtros-sobre-su-encuentro-con-messi-y-revelo-lo-que-mas-la-sorprendio\/","name":"Andrea Rinc\u00f3n habl\u00f3 sin filtros sobre su encuentro con Messi y revel\u00f3 lo que m\u00e1s la sorprendi\u00f3 - CLAN ESPECTACULOS","isPartOf":{"@id":"https:\/\/radioclanfm.com\/clanespectaculos\/#website"},"primaryImageOfPage":{"@id":"https:\/\/radioclanfm.com\/clanespectaculos\/andrea-rincon-hablo-sin-filtros-sobre-su-encuentro-con-messi-y-revelo-lo-que-mas-la-sorprendio\/#primaryimage"},"image":{"@id":"https:\/\/radioclanfm.com\/clanespectaculos\/andrea-rincon-hablo-sin-filtros-sobre-su-encuentro-con-messi-y-revelo-lo-que-mas-la-sorprendio\/#primaryimage"},"thumbnailUrl":"https:\/\/radioclanfm.com\/clanespectaculos\/wp-content\/uploads\/sites\/2\/2026\/04\/ZCRlAriw.jpg","datePublished":"2026-04-28T00:35:01+00:00","breadcrumb":{"@id":"https:\/\/radioclanfm.com\/clanespectaculos\/andrea-rincon-hablo-sin-filtros-sobre-su-encuentro-con-messi-y-revelo-lo-que-mas-la-sorprendio\/#breadcrumb"},"inLanguage":"es-AR","potentialAction":[{"@type":"ReadAction","target":["https:\/\/radioclanfm.com\/clanespectaculos\/andrea-rincon-hablo-sin-filtros-sobre-su-encuentro-con-messi-y-revelo-lo-que-mas-la-sorprendio\/"]}]},{"@type":"ImageObject","inLanguage":"es-AR","@id":"https:\/\/radioclanfm.com\/clanespectaculos\/andrea-rincon-hablo-sin-filtros-sobre-su-encuentro-con-messi-y-revelo-lo-que-mas-la-sorprendio\/#primaryimage","url":"https:\/\/radioclanfm.com\/clanespectaculos\/wp-content\/uploads\/sites\/2\/2026\/04\/ZCRlAriw.jpg","contentUrl":"https:\/\/radioclanfm.com\/clanespectaculos\/wp-content\/uploads\/sites\/2\/2026\/04\/ZCRlAriw.jpg","width":900,"height":504},{"@type":"BreadcrumbList","@id":"https:\/\/radioclanfm.com\/clanespectaculos\/andrea-rincon-hablo-sin-filtros-sobre-su-encuentro-con-messi-y-revelo-lo-que-mas-la-sorprendio\/#breadcrumb","itemListElement":[{"@type":"ListItem","position":1,"name":"Inicio","item":"https:\/\/radioclanfm.com\/clanespectaculos\/"},{"@type":"ListItem","position":2,"name":"Andrea Rinc\u00f3n habl\u00f3 sin filtros sobre su encuentro con Messi y revel\u00f3 lo que m\u00e1s la sorprendi\u00f3"}]},{"@type":"WebSite","@id":"https:\/\/radioclanfm.com\/clanespectaculos\/#website","url":"https:\/\/radioclanfm.com\/clanespectaculos\/","name":"CLAN ESPECTACULOS","description":"","publisher":{"@id":"https:\/\/radioclanfm.com\/clanespectaculos\/#organization"},"potentialAction":[{"@type":"SearchAction","target":{"@type":"EntryPoint","urlTemplate":"https:\/\/radioclanfm.com\/clanespectaculos\/?s={search_term_string}"},"query-input":{"@type":"PropertyValueSpecification","valueRequired":true,"valueName":"search_term_string"}}],"inLanguage":"es-AR"},{"@type":"Organization","@id":"https:\/\/radioclanfm.com\/clanespectaculos\/#organization","name":"CLAN ESPECTACULOS","url":"https:\/\/radioclanfm.com\/clanespectaculos\/","logo":{"@type":"ImageObject","inLanguage":"es-AR","@id":"https:\/\/radioclanfm.com\/clanespectaculos\/#\/schema\/logo\/image\/","url":"https:\/\/radioclanfm.com\/clanespectaculos\/wp-content\/uploads\/sites\/2\/2026\/04\/ChatGPT-Image-23-mar-2026-10_09_00.png","contentUrl":"https:\/\/radioclanfm.com\/clanespectaculos\/wp-content\/uploads\/sites\/2\/2026\/04\/ChatGPT-Image-23-mar-2026-10_09_00.png","width":1024,"height":1024,"caption":"CLAN ESPECTACULOS"},"image":{"@id":"https:\/\/radioclanfm.com\/clanespectaculos\/#\/schema\/logo\/image\/"},"sameAs":["https:\/\/www.facebook.com\/clanespectaculos\/","https:\/\/x.com\/clanespectok"]},{"@type":"Person","@id":"https:\/\/radioclanfm.com\/clanespectaculos\/#\/schema\/person\/9734813083303230f3ad84d99171b20c","name":"E-GRUPOCLAN","image":{"@type":"ImageObject","inLanguage":"es-AR","@id":"https:\/\/secure.gravatar.com\/avatar\/af6e19837c3d6a212034a48c7b3818d2ac1826f6025df0155da5a186ad321d79?s=96&d=mm&r=g","url":"https:\/\/secure.gravatar.com\/avatar\/af6e19837c3d6a212034a48c7b3818d2ac1826f6025df0155da5a186ad321d79?s=96&d=mm&r=g","contentUrl":"https:\/\/secure.gravatar.com\/avatar\/af6e19837c3d6a212034a48c7b3818d2ac1826f6025df0155da5a186ad321d79?s=96&d=mm&r=g","caption":"E-GRUPOCLAN"},"sameAs":["https:\/\/radioclanfm.com"],"url":"https:\/\/radioclanfm.com\/clanespectaculos\/author\/admin\/"}]}},"_links":{"self":[{"href":"https:\/\/radioclanfm.com\/clanespectaculos\/wp-json\/wp\/v2\/posts\/15952","targetHints":{"allow":["GET"]}}],"collection":[{"href":"https:\/\/radioclanfm.com\/clanespectaculos\/wp-json\/wp\/v2\/posts"}],"about":[{"href":"https:\/\/radioclanfm.com\/clanespectaculos\/wp-json\/wp\/v2\/types\/post"}],"author":[{"embeddable":true,"href":"https:\/\/radioclanfm.com\/clanespectaculos\/wp-json\/wp\/v2\/users\/1"}],"replies":[{"embeddable":true,"href":"https:\/\/radioclanfm.com\/clanespectaculos\/wp-json\/wp\/v2\/comments?post=15952"}],"version-history":[{"count":1,"href":"https:\/\/radioclanfm.com\/clanespectaculos\/wp-json\/wp\/v2\/posts\/15952\/revisions"}],"predecessor-version":[{"id":15954,"href":"https:\/\/radioclanfm.com\/clanespectaculos\/wp-json\/wp\/v2\/posts\/15952\/revisions\/15954"}],"wp:featuredmedia":[{"embeddable":true,"href":"https:\/\/radioclanfm.com\/clanespectaculos\/wp-json\/wp\/v2\/media\/15953"}],"wp:attachment":[{"href":"https:\/\/radioclanfm.com\/clanespectaculos\/wp-json\/wp\/v2\/media?parent=15952"}],"wp:term":[{"taxonomy":"category","embeddable":true,"href":"https:\/\/radioclanfm.com\/clanespectaculos\/wp-json\/wp\/v2\/categories?post=15952"},{"taxonomy":"post_tag","embeddable":true,"href":"https:\/\/radioclanfm.com\/clanespectaculos\/wp-json\/wp\/v2\/tags?post=15952"}],"curies":[{"name":"wp","href":"https:\/\/api.w.org\/{rel}","templated":true}]}}