{"id":15949,"date":"2026-04-27T21:32:51","date_gmt":"2026-04-28T00:32:51","guid":{"rendered":"https:\/\/radioclanfm.com\/clanespectaculos\/?p=15949"},"modified":"2026-04-27T21:32:51","modified_gmt":"2026-04-28T00:32:51","slug":"sabrina-rojas-respondio-a-las-criticas-que-recibio-en-redes-por-un-video-de-sus-hijos-en-el-auto-no-rompan","status":"publish","type":"post","link":"https:\/\/radioclanfm.com\/clanespectaculos\/sabrina-rojas-respondio-a-las-criticas-que-recibio-en-redes-por-un-video-de-sus-hijos-en-el-auto-no-rompan\/","title":{"rendered":"Sabrina Rojas respondi\u00f3 a las cr\u00edticas que recibi\u00f3 en redes por un video de sus hijos en el auto: \u201cNo rompan\u201d"},"content":{"rendered":"<p>Despu\u00e9s de recibir una catarata de mensajes, la artista se defendi\u00f3 de las acusaciones y aclar\u00f3 los tantos.<\/p>\n<div class=\"col-content\"><main class=\"col-content\"><\/p>\n<div class=\"default-article-color article__body article__article\">\n<p class=\"paragraph font__body-regular\"><b>Sabrina Rojas<\/b>\u00a0estall\u00f3 luego de que la acusaran de llevar a su hijo\u00a0<b>Fausto<\/b><b>\u00a0<\/b>en el auto sin cintur\u00f3n de seguridad. Molesta despu\u00e9s de recibir una catarata de mensajes, la artista se defendi\u00f3 de las cr\u00edticas y aclar\u00f3 los tantos.<\/p>\n<div id=\"ad-slot-infeed\" class=\"infeed-container\"><\/div>\n<p class=\"paragraph font__body-regular\">Todo comenz\u00f3 con un breve video que comparti\u00f3 en sus historias de Instagram desde el interior de su auto, donde se la puede ver manejando, mientras\u00a0<b>Esperanza<\/b>, su hija mayor, filma desde el asiento trasero y Fausto acompa\u00f1a como copiloto.<\/p>\n<div class=\"story-list\" data-mrf-recirculation=\"IL_RNrGCM52Q_ui4aMax3fibg\" data-testid=\"text-html\" data-mrf-experience=\"IL_RNrGCM52Q_ui4aMax3fibg\">\n<article class=\"card__container card__horizontal\">\n<div class=\"card__body\">\n<header>\n<h3 class=\"card__headline font__display\"><\/h3>\n<\/header>\n<\/div>\n<\/article>\n<\/div>\n<figure class=\"\" data-testid=\"figure-testid\">\n<div class=\"aspect_ratio__container\"><picture class=\"responsive-image\"><source srcset=\"https:\/\/tn.com.ar\/resizer\/v2\/la-reaccion-de-sabrina-rojas-luego-de-que-la-acusaran-de-llevar-a-su-hijo-en-el-auto-sin-cinturon-de-seguridad-foto-instagram-rojassasi-6D5QZH2V25GRRN6E47FNCAIHKI.PNG?auth=cbb31e5a16d1dd2bc3f311bb5d3d0abbc0c016eb2971d546ff081e17c799851f&amp;width=767\" type=\"image\/jpg\" media=\"(max-width: 728px)\" \/><source srcset=\"https:\/\/tn.com.ar\/resizer\/v2\/la-reaccion-de-sabrina-rojas-luego-de-que-la-acusaran-de-llevar-a-su-hijo-en-el-auto-sin-cinturon-de-seguridad-foto-instagram-rojassasi-6D5QZH2V25GRRN6E47FNCAIHKI.PNG?auth=cbb31e5a16d1dd2bc3f311bb5d3d0abbc0c016eb2971d546ff081e17c799851f&amp;width=1023\" type=\"image\/jpg\" media=\"(max-width: 1023px)\" \/><source srcset=\"https:\/\/tn.com.ar\/resizer\/v2\/la-reaccion-de-sabrina-rojas-luego-de-que-la-acusaran-de-llevar-a-su-hijo-en-el-auto-sin-cinturon-de-seguridad-foto-instagram-rojassasi-6D5QZH2V25GRRN6E47FNCAIHKI.PNG?auth=cbb31e5a16d1dd2bc3f311bb5d3d0abbc0c016eb2971d546ff081e17c799851f&amp;width=1440\" type=\"image\/jpg\" \/><img loading=\"lazy\" decoding=\"async\" class=\"image content-image image_placeholder\" src=\"https:\/\/tn.com.ar\/resizer\/v2\/la-reaccion-de-sabrina-rojas-luego-de-que-la-acusaran-de-llevar-a-su-hijo-en-el-auto-sin-cinturon-de-seguridad-foto-instagram-rojassasi-6D5QZH2V25GRRN6E47FNCAIHKI.PNG?auth=cbb31e5a16d1dd2bc3f311bb5d3d0abbc0c016eb2971d546ff081e17c799851f&amp;width=767\" alt=\"La reacci\u00f3n de Sabrina Rojas luego de que la acusaran de llevar a su hijo en el auto sin cintur\u00f3n de seguridad (Foto: Instagram \/rojassasi)\" width=\"767\" height=\"1363\" data-testid=\"loading-testid\" \/><\/picture><\/div><figcaption class=\"caption_image\" data-testid=\"figcaption-testid\">\n<div class=\"image_caption \">La reacci\u00f3n de Sabrina Rojas luego de que la acusaran de llevar a su hijo en el auto sin cintur\u00f3n de seguridad (Foto: Instagram \/rojassasi)<\/div>\n<\/figcaption><\/figure>\n<p class=\"paragraph font__body-regular\">El nene, c\u00f3mplice de la escena, se mueve al ritmo de la m\u00fasica junto a su mam\u00e1 y su hermana. \u201c<b>Volviendo a casa. As\u00ed siempre, mis compa\u00f1eros en esta vida (qu\u00e9 suerte que tengo)<\/b>\u201d, escribi\u00f3.<\/p>\n<p class=\"paragraph font__body-regular\">Sin embargo, el divertido momento familiar se vio opacado por una pol\u00e9mica inesperada:<b>\u00a0algunos seguidores se\u00f1alaron que<\/b>\u00a0<b>Fausto parec\u00eda estar sin cintur\u00f3n de seguridad<\/b>, lo que gener\u00f3 preocupaci\u00f3n y una catarata de cuestionamientos.<\/p>\n<figure class=\"\" data-testid=\"figure-testid\">\n<div class=\"aspect_ratio__container\"><picture class=\"responsive-image\"><source srcset=\"https:\/\/tn.com.ar\/resizer\/v2\/la-reaccion-de-sabrina-rojas-luego-de-que-la-acusaran-de-llevar-a-su-hijo-en-el-auto-sin-cinturon-de-seguridad-foto-instagram-rojassasi-3XU447AUXRBCFPHWI7RREI5OEA.PNG?auth=aaf4232149c4c2e45aa37867602e40973dffe9e81f0b653e1c48aa158f8937f9&amp;width=767\" type=\"image\/jpg\" media=\"(max-width: 728px)\" \/><source srcset=\"https:\/\/tn.com.ar\/resizer\/v2\/la-reaccion-de-sabrina-rojas-luego-de-que-la-acusaran-de-llevar-a-su-hijo-en-el-auto-sin-cinturon-de-seguridad-foto-instagram-rojassasi-3XU447AUXRBCFPHWI7RREI5OEA.PNG?auth=aaf4232149c4c2e45aa37867602e40973dffe9e81f0b653e1c48aa158f8937f9&amp;width=1023\" type=\"image\/jpg\" media=\"(max-width: 1023px)\" \/><source srcset=\"https:\/\/tn.com.ar\/resizer\/v2\/la-reaccion-de-sabrina-rojas-luego-de-que-la-acusaran-de-llevar-a-su-hijo-en-el-auto-sin-cinturon-de-seguridad-foto-instagram-rojassasi-3XU447AUXRBCFPHWI7RREI5OEA.PNG?auth=aaf4232149c4c2e45aa37867602e40973dffe9e81f0b653e1c48aa158f8937f9&amp;width=1440\" type=\"image\/jpg\" \/><img loading=\"lazy\" decoding=\"async\" class=\"image content-image image_placeholder\" src=\"https:\/\/tn.com.ar\/resizer\/v2\/la-reaccion-de-sabrina-rojas-luego-de-que-la-acusaran-de-llevar-a-su-hijo-en-el-auto-sin-cinturon-de-seguridad-foto-instagram-rojassasi-3XU447AUXRBCFPHWI7RREI5OEA.PNG?auth=aaf4232149c4c2e45aa37867602e40973dffe9e81f0b653e1c48aa158f8937f9&amp;width=767\" alt=\"La reacci\u00f3n de Sabrina Rojas luego de que la acusaran de llevar a su hijo en el auto sin cintur\u00f3n de seguridad (Foto: Instagram \/rojassasi)\" width=\"767\" height=\"1372\" data-testid=\"loading-testid\" \/><\/picture><\/div><figcaption class=\"caption_image\" data-testid=\"figcaption-testid\">\n<div class=\"image_caption \">La reacci\u00f3n de Sabrina Rojas luego de que la acusaran de llevar a su hijo en el auto sin cintur\u00f3n de seguridad (Foto: Instagram \/rojassasi)<\/div>\n<\/figcaption><\/figure>\n<p class=\"paragraph font__body-regular\">Indignada, Sabrina se defendi\u00f3 de las acusaciones y respondi\u00f3 mostrando pruebas: entre ellas, una captura del video en la que se ve\u00eda claramente que\u00a0<b>el nene s\u00ed llevaba cintur\u00f3n de seguridad.<\/b><\/p>\n<p class=\"paragraph font__body-regular\">\u201c<b>Por supuesto que tiene el cintur\u00f3n puesto. No rompan las pel\u2026, cuido muy bien a mis hijos. Disfruten y preoc\u00fapense por ustedes, que de los m\u00edos me encargo yo<\/b>\u201d, sentenci\u00f3.<\/p>\n<h2 class=\"font--primary font__display\">Sabrina Rojas cont\u00f3 c\u00f3mo hace para que a sus hijos no les afecten los esc\u00e1ndalos de Luciano Castro<\/h2>\n<p class=\"paragraph font__body-regular\"><b>Sabrina Rojas<\/b>\u00a0habl\u00f3 sobre el presente de su expareja\u00a0<b>Luciano Castro<\/b>, quien atraves\u00f3 semanas muy dif\u00edciles tras separarse de Griselda Siciliani y tomar la decisi\u00f3n de internarse en una cl\u00ednica de rehabilitaci\u00f3n. Adem\u00e1s,\u00a0se refiri\u00f3 a c\u00f3mo esas situaciones afectaron a sus hijos en com\u00fan.<\/p>\n<p class=\"paragraph font__body-regular\">En di\u00e1logo con<i>\u00a0Intrusos (Am\u00e9rica)<\/i>, la conductora dio detalles sobre el presente del actor y\u00a0<b>el v\u00ednculo que mantienen.\u00a0<\/b>Consultada por c\u00f3mo los nenes de 13 y 11 a\u00f1os reaccionan a los esc\u00e1ndalos en los que est\u00e1 involucrado su pap\u00e1, afirm\u00f3: &#8220;<b>No, no. No ven. No se enteran<\/b>\u201d.<\/p>\n<figure class=\"\" data-testid=\"figure-testid\">\n<div class=\"aspect_ratio__container\"><picture class=\"responsive-image\"><source srcset=\"https:\/\/tn.com.ar\/resizer\/v2\/sabrina-rojas-conto-como-reaccionan-sus-hijos-a-los-escandalos-con-luciano-castro-foto-instagramrojassasi-castrolucianook-CYBJNX4WZNG63POSWEATZW7O5I.jpg?auth=a7ab623670051b0166f7ab2be8f2b86da635b80ce4a89e40da52dc9f68592d49&amp;width=767\" type=\"image\/jpg\" media=\"(max-width: 728px)\" \/><source srcset=\"https:\/\/tn.com.ar\/resizer\/v2\/sabrina-rojas-conto-como-reaccionan-sus-hijos-a-los-escandalos-con-luciano-castro-foto-instagramrojassasi-castrolucianook-CYBJNX4WZNG63POSWEATZW7O5I.jpg?auth=a7ab623670051b0166f7ab2be8f2b86da635b80ce4a89e40da52dc9f68592d49&amp;width=1023\" type=\"image\/jpg\" media=\"(max-width: 1023px)\" \/><source srcset=\"https:\/\/tn.com.ar\/resizer\/v2\/sabrina-rojas-conto-como-reaccionan-sus-hijos-a-los-escandalos-con-luciano-castro-foto-instagramrojassasi-castrolucianook-CYBJNX4WZNG63POSWEATZW7O5I.jpg?auth=a7ab623670051b0166f7ab2be8f2b86da635b80ce4a89e40da52dc9f68592d49&amp;width=1440\" type=\"image\/jpg\" \/><img loading=\"lazy\" decoding=\"async\" class=\"image content-image image_placeholder\" src=\"https:\/\/tn.com.ar\/resizer\/v2\/sabrina-rojas-conto-como-reaccionan-sus-hijos-a-los-escandalos-con-luciano-castro-foto-instagramrojassasi-castrolucianook-CYBJNX4WZNG63POSWEATZW7O5I.jpg?auth=a7ab623670051b0166f7ab2be8f2b86da635b80ce4a89e40da52dc9f68592d49&amp;width=767\" alt=\"Sabrina Rojas cont\u00f3 c\u00f3mo reaccionan sus hijos a los esc\u00e1ndalos con Luciano Castro (Foto: Instagram\/rojassasi-castrolucianook)\" width=\"767\" height=\"430\" data-testid=\"loading-testid\" \/><\/picture><\/div><figcaption class=\"caption_image\" data-testid=\"figcaption-testid\">\n<div class=\"image_caption \">Sabrina Rojas cont\u00f3 c\u00f3mo reaccionan sus hijos a los esc\u00e1ndalos con Luciano Castro (Foto: Instagram\/rojassasi-castrolucianook)<\/div>\n<\/figcaption><\/figure>\n<p class=\"paragraph font__body-regular\">Adem\u00e1s, explic\u00f3 que con la adolescente habla de ciertas cosas puntuales: \u201c<b>Tal vez yo a Espe le cuento: \u2018hay un chico que me gusta\u2019. Pero del portal (p\u00e1ginas web) no<\/b>\u201d.<\/p>\n<p class=\"paragraph font__body-regular\">Sobre el v\u00ednculo actual con Luciano, no dud\u00f3: \u201c<b>Bien, ahora estamos un poco mejor<\/b>. Nosotros somos minuto a minuto. Tenemos semanas hermosas y semanas odiosas. La vida misma.\u00a0<b>Hoy estamos bien, bien, tranquilos, en paz<\/b>\u201d. Y agreg\u00f3: \u201c<b>A Castro le chu\u2026 un huevo con qui\u00e9n est\u00e9 yo<\/b>\u201d.<\/p>\n<\/div>\n<p><\/main><\/div>\n<aside class=\"col-right-rail right-rail\">\n<div id=\"parent-ad-slot-caja\" class=\"ad-container caja_ad \">\n<div class=\"ad-content\"><\/div>\n<\/div>\n<\/aside>\n","protected":false},"excerpt":{"rendered":"<p>Despu\u00e9s de recibir una catarata de mensajes, la artista se defendi\u00f3 de las acusaciones y aclar\u00f3 los tantos. Sabrina Rojas\u00a0estall\u00f3 luego de que la acusaran de llevar a su hijo\u00a0Fausto\u00a0en el auto sin cintur\u00f3n de seguridad. Molesta despu\u00e9s de recibir una catarata de mensajes, la artista se defendi\u00f3 de las cr\u00edticas y aclar\u00f3 los tantos. [&hellip;]<\/p>\n","protected":false},"author":1,"featured_media":15950,"comment_status":"open","ping_status":"open","sticky":false,"template":"","format":"standard","meta":{"rop_custom_images_group":[],"rop_custom_messages_group":[],"rop_publish_now":"initial","rop_publish_now_accounts":[],"rop_publish_now_history":[],"rop_publish_now_status":"pending","footnotes":"","jetpack_publicize_message":"","jetpack_publicize_feature_enabled":true,"jetpack_social_post_already_shared":true,"jetpack_social_options":{"image_generator_settings":{"template":"highway","enabled":false},"version":2}},"categories":[12],"tags":[],"class_list":{"0":"post-15949","1":"post","2":"type-post","3":"status-publish","4":"format-standard","5":"has-post-thumbnail","7":"category-espectaculos"},"jetpack_publicize_connections":[],"yoast_head":"<!-- This site is optimized with the Yoast SEO plugin v27.3 - https:\/\/yoast.com\/product\/yoast-seo-wordpress\/ -->\n<title>Sabrina Rojas respondi\u00f3 a las cr\u00edticas que recibi\u00f3 en redes por un video de sus hijos en el auto: \u201cNo rompan\u201d - CLAN ESPECTACULOS<\/title>\n<meta name=\"robots\" content=\"index, follow, max-snippet:-1, max-image-preview:large, max-video-preview:-1\" \/>\n<link rel=\"canonical\" href=\"https:\/\/radioclanfm.com\/clanespectaculos\/sabrina-rojas-respondio-a-las-criticas-que-recibio-en-redes-por-un-video-de-sus-hijos-en-el-auto-no-rompan\/\" \/>\n<meta property=\"og:locale\" content=\"es_ES\" \/>\n<meta property=\"og:type\" content=\"article\" \/>\n<meta property=\"og:title\" content=\"Sabrina Rojas respondi\u00f3 a las cr\u00edticas que recibi\u00f3 en redes por un video de sus hijos en el auto: \u201cNo rompan\u201d - CLAN ESPECTACULOS\" \/>\n<meta property=\"og:description\" content=\"Despu\u00e9s de recibir una catarata de mensajes, la artista se defendi\u00f3 de las acusaciones y aclar\u00f3 los tantos. Sabrina Rojas\u00a0estall\u00f3 luego de que la acusaran de llevar a su hijo\u00a0Fausto\u00a0en el auto sin cintur\u00f3n de seguridad. Molesta despu\u00e9s de recibir una catarata de mensajes, la artista se defendi\u00f3 de las cr\u00edticas y aclar\u00f3 los tantos. [&hellip;]\" \/>\n<meta property=\"og:url\" content=\"https:\/\/radioclanfm.com\/clanespectaculos\/sabrina-rojas-respondio-a-las-criticas-que-recibio-en-redes-por-un-video-de-sus-hijos-en-el-auto-no-rompan\/\" \/>\n<meta property=\"og:site_name\" content=\"CLAN ESPECTACULOS\" \/>\n<meta property=\"article:publisher\" content=\"https:\/\/www.facebook.com\/clanespectaculos\/\" \/>\n<meta property=\"article:published_time\" content=\"2026-04-28T00:32:51+00:00\" \/>\n<meta property=\"og:image\" content=\"https:\/\/radioclanfm.com\/clanespectaculos\/wp-content\/uploads\/sites\/2\/2026\/04\/9aDBN1B1.jpg\" \/>\n\t<meta property=\"og:image:width\" content=\"900\" \/>\n\t<meta property=\"og:image:height\" content=\"505\" \/>\n\t<meta property=\"og:image:type\" content=\"image\/jpeg\" \/>\n<meta name=\"author\" content=\"E-GRUPOCLAN\" \/>\n<meta name=\"twitter:card\" content=\"summary_large_image\" \/>\n<meta name=\"twitter:creator\" content=\"@clanespectok\" \/>\n<meta name=\"twitter:site\" content=\"@clanespectok\" \/>\n<meta name=\"twitter:label1\" content=\"Escrito por\" \/>\n\t<meta name=\"twitter:data1\" content=\"E-GRUPOCLAN\" \/>\n\t<meta name=\"twitter:label2\" content=\"Tiempo de lectura\" \/>\n\t<meta name=\"twitter:data2\" content=\"4 minutos\" \/>\n<script type=\"application\/ld+json\" class=\"yoast-schema-graph\">{\"@context\":\"https:\\\/\\\/schema.org\",\"@graph\":[{\"@type\":\"Article\",\"@id\":\"https:\\\/\\\/radioclanfm.com\\\/clanespectaculos\\\/sabrina-rojas-respondio-a-las-criticas-que-recibio-en-redes-por-un-video-de-sus-hijos-en-el-auto-no-rompan\\\/#article\",\"isPartOf\":{\"@id\":\"https:\\\/\\\/radioclanfm.com\\\/clanespectaculos\\\/sabrina-rojas-respondio-a-las-criticas-que-recibio-en-redes-por-un-video-de-sus-hijos-en-el-auto-no-rompan\\\/\"},\"author\":{\"name\":\"E-GRUPOCLAN\",\"@id\":\"https:\\\/\\\/radioclanfm.com\\\/clanespectaculos\\\/#\\\/schema\\\/person\\\/9734813083303230f3ad84d99171b20c\"},\"headline\":\"Sabrina Rojas respondi\u00f3 a las cr\u00edticas que recibi\u00f3 en redes por un video de sus hijos en el auto: \u201cNo rompan\u201d\",\"datePublished\":\"2026-04-28T00:32:51+00:00\",\"mainEntityOfPage\":{\"@id\":\"https:\\\/\\\/radioclanfm.com\\\/clanespectaculos\\\/sabrina-rojas-respondio-a-las-criticas-que-recibio-en-redes-por-un-video-de-sus-hijos-en-el-auto-no-rompan\\\/\"},\"wordCount\":544,\"commentCount\":0,\"publisher\":{\"@id\":\"https:\\\/\\\/radioclanfm.com\\\/clanespectaculos\\\/#organization\"},\"image\":{\"@id\":\"https:\\\/\\\/radioclanfm.com\\\/clanespectaculos\\\/sabrina-rojas-respondio-a-las-criticas-que-recibio-en-redes-por-un-video-de-sus-hijos-en-el-auto-no-rompan\\\/#primaryimage\"},\"thumbnailUrl\":\"https:\\\/\\\/radioclanfm.com\\\/clanespectaculos\\\/wp-content\\\/uploads\\\/sites\\\/2\\\/2026\\\/04\\\/9aDBN1B1.jpg\",\"articleSection\":[\"Espectaculos\"],\"inLanguage\":\"es-AR\",\"potentialAction\":[{\"@type\":\"CommentAction\",\"name\":\"Comment\",\"target\":[\"https:\\\/\\\/radioclanfm.com\\\/clanespectaculos\\\/sabrina-rojas-respondio-a-las-criticas-que-recibio-en-redes-por-un-video-de-sus-hijos-en-el-auto-no-rompan\\\/#respond\"]}]},{\"@type\":\"WebPage\",\"@id\":\"https:\\\/\\\/radioclanfm.com\\\/clanespectaculos\\\/sabrina-rojas-respondio-a-las-criticas-que-recibio-en-redes-por-un-video-de-sus-hijos-en-el-auto-no-rompan\\\/\",\"url\":\"https:\\\/\\\/radioclanfm.com\\\/clanespectaculos\\\/sabrina-rojas-respondio-a-las-criticas-que-recibio-en-redes-por-un-video-de-sus-hijos-en-el-auto-no-rompan\\\/\",\"name\":\"Sabrina Rojas respondi\u00f3 a las cr\u00edticas que recibi\u00f3 en redes por un video de sus hijos en el auto: \u201cNo rompan\u201d - CLAN ESPECTACULOS\",\"isPartOf\":{\"@id\":\"https:\\\/\\\/radioclanfm.com\\\/clanespectaculos\\\/#website\"},\"primaryImageOfPage\":{\"@id\":\"https:\\\/\\\/radioclanfm.com\\\/clanespectaculos\\\/sabrina-rojas-respondio-a-las-criticas-que-recibio-en-redes-por-un-video-de-sus-hijos-en-el-auto-no-rompan\\\/#primaryimage\"},\"image\":{\"@id\":\"https:\\\/\\\/radioclanfm.com\\\/clanespectaculos\\\/sabrina-rojas-respondio-a-las-criticas-que-recibio-en-redes-por-un-video-de-sus-hijos-en-el-auto-no-rompan\\\/#primaryimage\"},\"thumbnailUrl\":\"https:\\\/\\\/radioclanfm.com\\\/clanespectaculos\\\/wp-content\\\/uploads\\\/sites\\\/2\\\/2026\\\/04\\\/9aDBN1B1.jpg\",\"datePublished\":\"2026-04-28T00:32:51+00:00\",\"breadcrumb\":{\"@id\":\"https:\\\/\\\/radioclanfm.com\\\/clanespectaculos\\\/sabrina-rojas-respondio-a-las-criticas-que-recibio-en-redes-por-un-video-de-sus-hijos-en-el-auto-no-rompan\\\/#breadcrumb\"},\"inLanguage\":\"es-AR\",\"potentialAction\":[{\"@type\":\"ReadAction\",\"target\":[\"https:\\\/\\\/radioclanfm.com\\\/clanespectaculos\\\/sabrina-rojas-respondio-a-las-criticas-que-recibio-en-redes-por-un-video-de-sus-hijos-en-el-auto-no-rompan\\\/\"]}]},{\"@type\":\"ImageObject\",\"inLanguage\":\"es-AR\",\"@id\":\"https:\\\/\\\/radioclanfm.com\\\/clanespectaculos\\\/sabrina-rojas-respondio-a-las-criticas-que-recibio-en-redes-por-un-video-de-sus-hijos-en-el-auto-no-rompan\\\/#primaryimage\",\"url\":\"https:\\\/\\\/radioclanfm.com\\\/clanespectaculos\\\/wp-content\\\/uploads\\\/sites\\\/2\\\/2026\\\/04\\\/9aDBN1B1.jpg\",\"contentUrl\":\"https:\\\/\\\/radioclanfm.com\\\/clanespectaculos\\\/wp-content\\\/uploads\\\/sites\\\/2\\\/2026\\\/04\\\/9aDBN1B1.jpg\",\"width\":900,\"height\":505},{\"@type\":\"BreadcrumbList\",\"@id\":\"https:\\\/\\\/radioclanfm.com\\\/clanespectaculos\\\/sabrina-rojas-respondio-a-las-criticas-que-recibio-en-redes-por-un-video-de-sus-hijos-en-el-auto-no-rompan\\\/#breadcrumb\",\"itemListElement\":[{\"@type\":\"ListItem\",\"position\":1,\"name\":\"Inicio\",\"item\":\"https:\\\/\\\/radioclanfm.com\\\/clanespectaculos\\\/\"},{\"@type\":\"ListItem\",\"position\":2,\"name\":\"Sabrina Rojas respondi\u00f3 a las cr\u00edticas que recibi\u00f3 en redes por un video de sus hijos en el auto: \u201cNo rompan\u201d\"}]},{\"@type\":\"WebSite\",\"@id\":\"https:\\\/\\\/radioclanfm.com\\\/clanespectaculos\\\/#website\",\"url\":\"https:\\\/\\\/radioclanfm.com\\\/clanespectaculos\\\/\",\"name\":\"CLAN ESPECTACULOS\",\"description\":\"\",\"publisher\":{\"@id\":\"https:\\\/\\\/radioclanfm.com\\\/clanespectaculos\\\/#organization\"},\"potentialAction\":[{\"@type\":\"SearchAction\",\"target\":{\"@type\":\"EntryPoint\",\"urlTemplate\":\"https:\\\/\\\/radioclanfm.com\\\/clanespectaculos\\\/?s={search_term_string}\"},\"query-input\":{\"@type\":\"PropertyValueSpecification\",\"valueRequired\":true,\"valueName\":\"search_term_string\"}}],\"inLanguage\":\"es-AR\"},{\"@type\":\"Organization\",\"@id\":\"https:\\\/\\\/radioclanfm.com\\\/clanespectaculos\\\/#organization\",\"name\":\"CLAN ESPECTACULOS\",\"url\":\"https:\\\/\\\/radioclanfm.com\\\/clanespectaculos\\\/\",\"logo\":{\"@type\":\"ImageObject\",\"inLanguage\":\"es-AR\",\"@id\":\"https:\\\/\\\/radioclanfm.com\\\/clanespectaculos\\\/#\\\/schema\\\/logo\\\/image\\\/\",\"url\":\"https:\\\/\\\/radioclanfm.com\\\/clanespectaculos\\\/wp-content\\\/uploads\\\/sites\\\/2\\\/2026\\\/04\\\/ChatGPT-Image-23-mar-2026-10_09_00.png\",\"contentUrl\":\"https:\\\/\\\/radioclanfm.com\\\/clanespectaculos\\\/wp-content\\\/uploads\\\/sites\\\/2\\\/2026\\\/04\\\/ChatGPT-Image-23-mar-2026-10_09_00.png\",\"width\":1024,\"height\":1024,\"caption\":\"CLAN ESPECTACULOS\"},\"image\":{\"@id\":\"https:\\\/\\\/radioclanfm.com\\\/clanespectaculos\\\/#\\\/schema\\\/logo\\\/image\\\/\"},\"sameAs\":[\"https:\\\/\\\/www.facebook.com\\\/clanespectaculos\\\/\",\"https:\\\/\\\/x.com\\\/clanespectok\"]},{\"@type\":\"Person\",\"@id\":\"https:\\\/\\\/radioclanfm.com\\\/clanespectaculos\\\/#\\\/schema\\\/person\\\/9734813083303230f3ad84d99171b20c\",\"name\":\"E-GRUPOCLAN\",\"image\":{\"@type\":\"ImageObject\",\"inLanguage\":\"es-AR\",\"@id\":\"https:\\\/\\\/secure.gravatar.com\\\/avatar\\\/af6e19837c3d6a212034a48c7b3818d2ac1826f6025df0155da5a186ad321d79?s=96&d=mm&r=g\",\"url\":\"https:\\\/\\\/secure.gravatar.com\\\/avatar\\\/af6e19837c3d6a212034a48c7b3818d2ac1826f6025df0155da5a186ad321d79?s=96&d=mm&r=g\",\"contentUrl\":\"https:\\\/\\\/secure.gravatar.com\\\/avatar\\\/af6e19837c3d6a212034a48c7b3818d2ac1826f6025df0155da5a186ad321d79?s=96&d=mm&r=g\",\"caption\":\"E-GRUPOCLAN\"},\"sameAs\":[\"https:\\\/\\\/radioclanfm.com\"],\"url\":\"https:\\\/\\\/radioclanfm.com\\\/clanespectaculos\\\/author\\\/admin\\\/\"}]}<\/script>\n<!-- \/ Yoast SEO plugin. -->","yoast_head_json":{"title":"Sabrina Rojas respondi\u00f3 a las cr\u00edticas que recibi\u00f3 en redes por un video de sus hijos en el auto: \u201cNo rompan\u201d - CLAN ESPECTACULOS","robots":{"index":"index","follow":"follow","max-snippet":"max-snippet:-1","max-image-preview":"max-image-preview:large","max-video-preview":"max-video-preview:-1"},"canonical":"https:\/\/radioclanfm.com\/clanespectaculos\/sabrina-rojas-respondio-a-las-criticas-que-recibio-en-redes-por-un-video-de-sus-hijos-en-el-auto-no-rompan\/","og_locale":"es_ES","og_type":"article","og_title":"Sabrina Rojas respondi\u00f3 a las cr\u00edticas que recibi\u00f3 en redes por un video de sus hijos en el auto: \u201cNo rompan\u201d - CLAN ESPECTACULOS","og_description":"Despu\u00e9s de recibir una catarata de mensajes, la artista se defendi\u00f3 de las acusaciones y aclar\u00f3 los tantos. Sabrina Rojas\u00a0estall\u00f3 luego de que la acusaran de llevar a su hijo\u00a0Fausto\u00a0en el auto sin cintur\u00f3n de seguridad. Molesta despu\u00e9s de recibir una catarata de mensajes, la artista se defendi\u00f3 de las cr\u00edticas y aclar\u00f3 los tantos. [&hellip;]","og_url":"https:\/\/radioclanfm.com\/clanespectaculos\/sabrina-rojas-respondio-a-las-criticas-que-recibio-en-redes-por-un-video-de-sus-hijos-en-el-auto-no-rompan\/","og_site_name":"CLAN ESPECTACULOS","article_publisher":"https:\/\/www.facebook.com\/clanespectaculos\/","article_published_time":"2026-04-28T00:32:51+00:00","og_image":[{"width":900,"height":505,"url":"https:\/\/radioclanfm.com\/clanespectaculos\/wp-content\/uploads\/sites\/2\/2026\/04\/9aDBN1B1.jpg","type":"image\/jpeg"}],"author":"E-GRUPOCLAN","twitter_card":"summary_large_image","twitter_creator":"@clanespectok","twitter_site":"@clanespectok","twitter_misc":{"Escrito por":"E-GRUPOCLAN","Tiempo de lectura":"4 minutos"},"schema":{"@context":"https:\/\/schema.org","@graph":[{"@type":"Article","@id":"https:\/\/radioclanfm.com\/clanespectaculos\/sabrina-rojas-respondio-a-las-criticas-que-recibio-en-redes-por-un-video-de-sus-hijos-en-el-auto-no-rompan\/#article","isPartOf":{"@id":"https:\/\/radioclanfm.com\/clanespectaculos\/sabrina-rojas-respondio-a-las-criticas-que-recibio-en-redes-por-un-video-de-sus-hijos-en-el-auto-no-rompan\/"},"author":{"name":"E-GRUPOCLAN","@id":"https:\/\/radioclanfm.com\/clanespectaculos\/#\/schema\/person\/9734813083303230f3ad84d99171b20c"},"headline":"Sabrina Rojas respondi\u00f3 a las cr\u00edticas que recibi\u00f3 en redes por un video de sus hijos en el auto: \u201cNo rompan\u201d","datePublished":"2026-04-28T00:32:51+00:00","mainEntityOfPage":{"@id":"https:\/\/radioclanfm.com\/clanespectaculos\/sabrina-rojas-respondio-a-las-criticas-que-recibio-en-redes-por-un-video-de-sus-hijos-en-el-auto-no-rompan\/"},"wordCount":544,"commentCount":0,"publisher":{"@id":"https:\/\/radioclanfm.com\/clanespectaculos\/#organization"},"image":{"@id":"https:\/\/radioclanfm.com\/clanespectaculos\/sabrina-rojas-respondio-a-las-criticas-que-recibio-en-redes-por-un-video-de-sus-hijos-en-el-auto-no-rompan\/#primaryimage"},"thumbnailUrl":"https:\/\/radioclanfm.com\/clanespectaculos\/wp-content\/uploads\/sites\/2\/2026\/04\/9aDBN1B1.jpg","articleSection":["Espectaculos"],"inLanguage":"es-AR","potentialAction":[{"@type":"CommentAction","name":"Comment","target":["https:\/\/radioclanfm.com\/clanespectaculos\/sabrina-rojas-respondio-a-las-criticas-que-recibio-en-redes-por-un-video-de-sus-hijos-en-el-auto-no-rompan\/#respond"]}]},{"@type":"WebPage","@id":"https:\/\/radioclanfm.com\/clanespectaculos\/sabrina-rojas-respondio-a-las-criticas-que-recibio-en-redes-por-un-video-de-sus-hijos-en-el-auto-no-rompan\/","url":"https:\/\/radioclanfm.com\/clanespectaculos\/sabrina-rojas-respondio-a-las-criticas-que-recibio-en-redes-por-un-video-de-sus-hijos-en-el-auto-no-rompan\/","name":"Sabrina Rojas respondi\u00f3 a las cr\u00edticas que recibi\u00f3 en redes por un video de sus hijos en el auto: \u201cNo rompan\u201d - CLAN ESPECTACULOS","isPartOf":{"@id":"https:\/\/radioclanfm.com\/clanespectaculos\/#website"},"primaryImageOfPage":{"@id":"https:\/\/radioclanfm.com\/clanespectaculos\/sabrina-rojas-respondio-a-las-criticas-que-recibio-en-redes-por-un-video-de-sus-hijos-en-el-auto-no-rompan\/#primaryimage"},"image":{"@id":"https:\/\/radioclanfm.com\/clanespectaculos\/sabrina-rojas-respondio-a-las-criticas-que-recibio-en-redes-por-un-video-de-sus-hijos-en-el-auto-no-rompan\/#primaryimage"},"thumbnailUrl":"https:\/\/radioclanfm.com\/clanespectaculos\/wp-content\/uploads\/sites\/2\/2026\/04\/9aDBN1B1.jpg","datePublished":"2026-04-28T00:32:51+00:00","breadcrumb":{"@id":"https:\/\/radioclanfm.com\/clanespectaculos\/sabrina-rojas-respondio-a-las-criticas-que-recibio-en-redes-por-un-video-de-sus-hijos-en-el-auto-no-rompan\/#breadcrumb"},"inLanguage":"es-AR","potentialAction":[{"@type":"ReadAction","target":["https:\/\/radioclanfm.com\/clanespectaculos\/sabrina-rojas-respondio-a-las-criticas-que-recibio-en-redes-por-un-video-de-sus-hijos-en-el-auto-no-rompan\/"]}]},{"@type":"ImageObject","inLanguage":"es-AR","@id":"https:\/\/radioclanfm.com\/clanespectaculos\/sabrina-rojas-respondio-a-las-criticas-que-recibio-en-redes-por-un-video-de-sus-hijos-en-el-auto-no-rompan\/#primaryimage","url":"https:\/\/radioclanfm.com\/clanespectaculos\/wp-content\/uploads\/sites\/2\/2026\/04\/9aDBN1B1.jpg","contentUrl":"https:\/\/radioclanfm.com\/clanespectaculos\/wp-content\/uploads\/sites\/2\/2026\/04\/9aDBN1B1.jpg","width":900,"height":505},{"@type":"BreadcrumbList","@id":"https:\/\/radioclanfm.com\/clanespectaculos\/sabrina-rojas-respondio-a-las-criticas-que-recibio-en-redes-por-un-video-de-sus-hijos-en-el-auto-no-rompan\/#breadcrumb","itemListElement":[{"@type":"ListItem","position":1,"name":"Inicio","item":"https:\/\/radioclanfm.com\/clanespectaculos\/"},{"@type":"ListItem","position":2,"name":"Sabrina Rojas respondi\u00f3 a las cr\u00edticas que recibi\u00f3 en redes por un video de sus hijos en el auto: \u201cNo rompan\u201d"}]},{"@type":"WebSite","@id":"https:\/\/radioclanfm.com\/clanespectaculos\/#website","url":"https:\/\/radioclanfm.com\/clanespectaculos\/","name":"CLAN ESPECTACULOS","description":"","publisher":{"@id":"https:\/\/radioclanfm.com\/clanespectaculos\/#organization"},"potentialAction":[{"@type":"SearchAction","target":{"@type":"EntryPoint","urlTemplate":"https:\/\/radioclanfm.com\/clanespectaculos\/?s={search_term_string}"},"query-input":{"@type":"PropertyValueSpecification","valueRequired":true,"valueName":"search_term_string"}}],"inLanguage":"es-AR"},{"@type":"Organization","@id":"https:\/\/radioclanfm.com\/clanespectaculos\/#organization","name":"CLAN ESPECTACULOS","url":"https:\/\/radioclanfm.com\/clanespectaculos\/","logo":{"@type":"ImageObject","inLanguage":"es-AR","@id":"https:\/\/radioclanfm.com\/clanespectaculos\/#\/schema\/logo\/image\/","url":"https:\/\/radioclanfm.com\/clanespectaculos\/wp-content\/uploads\/sites\/2\/2026\/04\/ChatGPT-Image-23-mar-2026-10_09_00.png","contentUrl":"https:\/\/radioclanfm.com\/clanespectaculos\/wp-content\/uploads\/sites\/2\/2026\/04\/ChatGPT-Image-23-mar-2026-10_09_00.png","width":1024,"height":1024,"caption":"CLAN ESPECTACULOS"},"image":{"@id":"https:\/\/radioclanfm.com\/clanespectaculos\/#\/schema\/logo\/image\/"},"sameAs":["https:\/\/www.facebook.com\/clanespectaculos\/","https:\/\/x.com\/clanespectok"]},{"@type":"Person","@id":"https:\/\/radioclanfm.com\/clanespectaculos\/#\/schema\/person\/9734813083303230f3ad84d99171b20c","name":"E-GRUPOCLAN","image":{"@type":"ImageObject","inLanguage":"es-AR","@id":"https:\/\/secure.gravatar.com\/avatar\/af6e19837c3d6a212034a48c7b3818d2ac1826f6025df0155da5a186ad321d79?s=96&d=mm&r=g","url":"https:\/\/secure.gravatar.com\/avatar\/af6e19837c3d6a212034a48c7b3818d2ac1826f6025df0155da5a186ad321d79?s=96&d=mm&r=g","contentUrl":"https:\/\/secure.gravatar.com\/avatar\/af6e19837c3d6a212034a48c7b3818d2ac1826f6025df0155da5a186ad321d79?s=96&d=mm&r=g","caption":"E-GRUPOCLAN"},"sameAs":["https:\/\/radioclanfm.com"],"url":"https:\/\/radioclanfm.com\/clanespectaculos\/author\/admin\/"}]}},"_links":{"self":[{"href":"https:\/\/radioclanfm.com\/clanespectaculos\/wp-json\/wp\/v2\/posts\/15949","targetHints":{"allow":["GET"]}}],"collection":[{"href":"https:\/\/radioclanfm.com\/clanespectaculos\/wp-json\/wp\/v2\/posts"}],"about":[{"href":"https:\/\/radioclanfm.com\/clanespectaculos\/wp-json\/wp\/v2\/types\/post"}],"author":[{"embeddable":true,"href":"https:\/\/radioclanfm.com\/clanespectaculos\/wp-json\/wp\/v2\/users\/1"}],"replies":[{"embeddable":true,"href":"https:\/\/radioclanfm.com\/clanespectaculos\/wp-json\/wp\/v2\/comments?post=15949"}],"version-history":[{"count":1,"href":"https:\/\/radioclanfm.com\/clanespectaculos\/wp-json\/wp\/v2\/posts\/15949\/revisions"}],"predecessor-version":[{"id":15951,"href":"https:\/\/radioclanfm.com\/clanespectaculos\/wp-json\/wp\/v2\/posts\/15949\/revisions\/15951"}],"wp:featuredmedia":[{"embeddable":true,"href":"https:\/\/radioclanfm.com\/clanespectaculos\/wp-json\/wp\/v2\/media\/15950"}],"wp:attachment":[{"href":"https:\/\/radioclanfm.com\/clanespectaculos\/wp-json\/wp\/v2\/media?parent=15949"}],"wp:term":[{"taxonomy":"category","embeddable":true,"href":"https:\/\/radioclanfm.com\/clanespectaculos\/wp-json\/wp\/v2\/categories?post=15949"},{"taxonomy":"post_tag","embeddable":true,"href":"https:\/\/radioclanfm.com\/clanespectaculos\/wp-json\/wp\/v2\/tags?post=15949"}],"curies":[{"name":"wp","href":"https:\/\/api.w.org\/{rel}","templated":true}]}}