{"id":15944,"date":"2026-04-27T21:30:23","date_gmt":"2026-04-28T00:30:23","guid":{"rendered":"https:\/\/radioclanfm.com\/clanespectaculos\/?p=15944"},"modified":"2026-04-27T21:30:23","modified_gmt":"2026-04-28T00:30:23","slug":"tamara-paganini-se-quebro-en-gran-hermano-2026%e2%80%b3-al-hablar-de-la-muerte-de-sus-hijos-gemelos","status":"publish","type":"post","link":"https:\/\/radioclanfm.com\/clanespectaculos\/tamara-paganini-se-quebro-en-gran-hermano-2026%e2%80%b3-al-hablar-de-la-muerte-de-sus-hijos-gemelos\/","title":{"rendered":"Tamara Paganini se quebr\u00f3 en \u201cGran Hermano 2026\u2033 al hablar de la muerte de sus hijos gemelos"},"content":{"rendered":"<p>En el marco de la un ejercicio de convivencia, la hermanita habl\u00f3 del drama que vivi\u00f3 con Vitorio y Donatella.<\/p>\n<div class=\"col-content\"><main class=\"col-content\"><\/p>\n<div class=\"default-article-color article__body article__article\">\n<p class=\"paragraph font__body-regular\"><b>Tamara Paganini<\/b>\u00a0rompi\u00f3 en llanto al hablar de la muerte de\u00a0<b>Vitorio\u00a0<\/b>y\u00a0<b>Donatella<\/b>, sus hijos gemelos. Todo ocurri\u00f3 al aire de\u00a0<i>Gran Hermano: Generaci\u00f3n Dorada<\/i>\u00a0(<i>Telefe<\/i>) mientras la participante cumpl\u00eda con uno de los ejercicios de la convivencia.<\/p>\n<div id=\"ad-slot-infeed\" class=\"infeed-container ad-slot-infeed ad-slot\" data-adtype=\"infeed\" data-lazyload=\"1\" data-google-query-id=\"CMW1l6Clj5QDFZxSuAQdtDstNA\">\n<div id=\"google_ads_iframe_\/113951150\/tn-arc\/nota\/infeed_0__container__\"><iframe id=\"google_ads_iframe_\/113951150\/tn-arc\/nota\/infeed_0\" tabindex=\"0\" title=\"Contenido de anuncios de terceros\" name=\"google_ads_iframe_\/113951150\/tn-arc\/nota\/infeed_0\" width=\"1\" height=\"1\" frameborder=\"0\" marginwidth=\"0\" marginheight=\"0\" scrolling=\"no\" aria-label=\"Anuncio\" data-google-container-id=\"8\" data-load-complete=\"true\" data-mce-fragment=\"1\"><\/iframe><\/div>\n<\/div>\n<p class=\"paragraph font__body-regular\"><b>\u201cDespu\u00e9s de 22 a\u00f1os buscando un beb\u00e9<\/b>, con diferentes parejas e incluso viendo la posibilidad de hacerlo sola, con mi novio hicimos una primera inseminaci\u00f3n que fall\u00f3 y una segunda, en la que a los 10 d\u00edas\u00a0<b>me avisaron que hab\u00eda prendido y que eran mellizos\u201d<\/b>, cont\u00f3. Y asegur\u00f3: \u201cCreo que ese fue el momento m\u00e1s lindo de mi vida. Cuando pude saltar de alegr\u00eda con mi novio y poder confirm\u00e1rselo a toda mi familia\u201d.<\/p>\n<p class=\"paragraph font__body-regular\">Acto seguido, sum\u00f3:\u00a0<b>\u201cEsto fue en el a\u00f1o 2016, eran un var\u00f3n y una nena.\u00a0<\/b>Y sent\u00ed como que la vida se hab\u00eda resarcido de tanta m&#8230;, me hab\u00eda regalado un final relindo\u201d.<\/p>\n<figure class=\"\" data-testid=\"figure-testid\">\n<div class=\"aspect_ratio__container\"><picture class=\"responsive-image\"><source srcset=\"https:\/\/tn.com.ar\/resizer\/v2\/tamara-paganini-conto-como-transito-el-embarazo-foto-captura-telefe-5ZBHULPFKBG53O5WJZR3WQMNZI.png?auth=b6791ef42ed0edd261c990005a7d6ac6b977b5bbd83c56543b750704528b9077&amp;width=767\" type=\"image\/jpg\" media=\"(max-width: 728px)\" \/><source srcset=\"https:\/\/tn.com.ar\/resizer\/v2\/tamara-paganini-conto-como-transito-el-embarazo-foto-captura-telefe-5ZBHULPFKBG53O5WJZR3WQMNZI.png?auth=b6791ef42ed0edd261c990005a7d6ac6b977b5bbd83c56543b750704528b9077&amp;width=1023\" type=\"image\/jpg\" media=\"(max-width: 1023px)\" \/><source srcset=\"https:\/\/tn.com.ar\/resizer\/v2\/tamara-paganini-conto-como-transito-el-embarazo-foto-captura-telefe-5ZBHULPFKBG53O5WJZR3WQMNZI.png?auth=b6791ef42ed0edd261c990005a7d6ac6b977b5bbd83c56543b750704528b9077&amp;width=1440\" type=\"image\/jpg\" \/><img loading=\"lazy\" decoding=\"async\" class=\"image content-image image_placeholder\" src=\"https:\/\/tn.com.ar\/resizer\/v2\/tamara-paganini-conto-como-transito-el-embarazo-foto-captura-telefe-5ZBHULPFKBG53O5WJZR3WQMNZI.png?auth=b6791ef42ed0edd261c990005a7d6ac6b977b5bbd83c56543b750704528b9077&amp;width=767\" alt=\"Tamara Paganini cont\u00f3 c\u00f3mo transit\u00f3 el embarazo. (Foto: Captura Telefe)\" width=\"767\" height=\"431\" data-testid=\"loading-testid\" \/><\/picture><\/div><figcaption class=\"caption_image\" data-testid=\"figcaption-testid\">\n<div class=\"image_caption \">Tamara Paganini cont\u00f3 c\u00f3mo transit\u00f3 el embarazo. (Foto: Captura Telefe)<\/div>\n<\/figcaption><\/figure>\n<p class=\"paragraph font__body-regular\">Sin embargo, revel\u00f3 que al poco tiempo llegaron las complicaciones. \u201cMe dijeron que el nene no iba a sobrevivir cuando naciera, pero la nena s\u00ed.\u00a0<b>Fue raro vivir un embarazo sabiendo que uno iba a morir y el otro iba a vivir.<\/b>\u00a0Uno no sabe qu\u00e9 sentir\u201d, admiti\u00f3.<\/p>\n<p class=\"paragraph font__body-regular\">A coraz\u00f3n abierto, expres\u00f3 que le encantar\u00eda poder decir que el d\u00eda m\u00e1s feliz de su vida fue cuando nacieron, pero que no fue as\u00ed. \u201cS\u00ed estuve muy feliz porque<b>\u00a0Donatella naci\u00f3 y parec\u00eda estar bien.\u00a0<\/b>Pero no puedo decirlo porque a los tres minutos ya ten\u00eda a Vittorio en los brazos y se muri\u00f3\u201d, explic\u00f3.<\/p>\n<p class=\"paragraph font__body-regular\">Ante el silencio y las l\u00e1grimas de todos sus compa\u00f1eros, Tamara sostuvo: \u201cEse tampoco fue el peor momento, no fue ni el mejor ni el peor&#8230; porque no sabes qu\u00e9 sentir. Pero<b>\u00a0mi hija estaba viva, estaba en la incubadora, pero estaba bien&#8221;<\/b>.<\/p>\n<figure class=\"\" data-testid=\"figure-testid\">\n<div class=\"aspect_ratio__container\"><picture class=\"responsive-image\"><source srcset=\"https:\/\/tn.com.ar\/resizer\/v2\/el-desconsolado-llanto-de-tamara-paganini-al-hablar-de-la-muerte-de-sus-hijos-gemelos-foto-captura-telefe-UQQPWJXUUNEKVKXTZXLCOLUQBA.png?auth=d28e1c3c2afc66d6373787117198c091dc10baca5484f73435cb23cebea490ff&amp;width=767\" type=\"image\/jpg\" media=\"(max-width: 728px)\" \/><source srcset=\"https:\/\/tn.com.ar\/resizer\/v2\/el-desconsolado-llanto-de-tamara-paganini-al-hablar-de-la-muerte-de-sus-hijos-gemelos-foto-captura-telefe-UQQPWJXUUNEKVKXTZXLCOLUQBA.png?auth=d28e1c3c2afc66d6373787117198c091dc10baca5484f73435cb23cebea490ff&amp;width=1023\" type=\"image\/jpg\" media=\"(max-width: 1023px)\" \/><source srcset=\"https:\/\/tn.com.ar\/resizer\/v2\/el-desconsolado-llanto-de-tamara-paganini-al-hablar-de-la-muerte-de-sus-hijos-gemelos-foto-captura-telefe-UQQPWJXUUNEKVKXTZXLCOLUQBA.png?auth=d28e1c3c2afc66d6373787117198c091dc10baca5484f73435cb23cebea490ff&amp;width=1440\" type=\"image\/jpg\" \/><img loading=\"lazy\" decoding=\"async\" class=\"image content-image image_placeholder\" src=\"https:\/\/tn.com.ar\/resizer\/v2\/el-desconsolado-llanto-de-tamara-paganini-al-hablar-de-la-muerte-de-sus-hijos-gemelos-foto-captura-telefe-UQQPWJXUUNEKVKXTZXLCOLUQBA.png?auth=d28e1c3c2afc66d6373787117198c091dc10baca5484f73435cb23cebea490ff&amp;width=767\" alt=\"El desconsolado llanto de Tamara Paganini al hablar de la muerte de sus hijos gemelos (Foto: Captura Telefe)\" width=\"767\" height=\"431\" data-testid=\"loading-testid\" \/><\/picture><\/div><figcaption class=\"caption_image\" data-testid=\"figcaption-testid\">\n<div class=\"image_caption \">El desconsolado llanto de Tamara Paganini al hablar de la muerte de sus hijos gemelos (Foto: Captura Telefe)<\/div>\n<\/figcaption><\/figure>\n<p class=\"paragraph font__body-regular\">Luego continu\u00f3: \u201cEl peor momento de mi vida fue a los diez d\u00edas cuando&#8230;<b>\u00a0Ella durante diez d\u00edas mejoraba y empeoraba y mejoraba y empeoraba, hasta que un d\u00eda nos llamaron y nos dijeron que ella no iba a evolucionar<\/b>\u201d. \u201cSi nosotros la dej\u00e1bamos en la incubadora ella pod\u00eda vivir ah\u00ed conectada no s\u00e9 cu\u00e1nto tiempo&#8230; Y tuvimos que decidir el momento\u201d, explic\u00f3.<\/p>\n<p class=\"paragraph font__body-regular\">Desconsolada, la participante indic\u00f3: \u201cAh\u00ed hubo un mont\u00f3n de peores momentos. Cuando la sacaron de la incubadora, me la pusieron en los brazos y le fueron sacando todos los cables y el respirador\u201d.\u00a0<b>\u201cEl peor momento fue sentir como dejaba de respirar.\u00a0<\/b>Y que por m\u00e1s que yo la tuviera fuerte, se me iba. C\u00f3mo la proteg\u00eda, c\u00f3mo lo proteg\u00eda a Sebasti\u00e1n. No pod\u00eda con nada\u201d, agreg\u00f3.<\/p>\n<p class=\"paragraph font__body-regular\">A modo de cierre, record\u00f3: \u201cLa vistieron con el conjuntito que yo ten\u00eda preparado para cuando salieramos del hospital. Le quedaba relindo ese color. La vistieron con ese conjuntito y me la volvieron a dar. (&#8230;) No pod\u00edamos dar vuelta y darle la espalda\u201d.<\/p>\n<figure class=\"\" data-testid=\"figure-testid\">\n<div class=\"aspect_ratio__container\"><picture class=\"responsive-image\"><source srcset=\"https:\/\/tn.com.ar\/resizer\/v2\/tamara-paganini-fue-consolada-por-sus-companeros-en-medio-del-doloro-recuerdo-de-la-muerte-de-sus-hijos-foto-captura-telefe-SRAOBURBZNHIVLDI25FY5NQJ3A.png?auth=2b0036c4ba1b077b4829fad1279af3052b91f836f87231365e7aaa8399e8ab35&amp;width=767\" type=\"image\/jpg\" media=\"(max-width: 728px)\" \/><source srcset=\"https:\/\/tn.com.ar\/resizer\/v2\/tamara-paganini-fue-consolada-por-sus-companeros-en-medio-del-doloro-recuerdo-de-la-muerte-de-sus-hijos-foto-captura-telefe-SRAOBURBZNHIVLDI25FY5NQJ3A.png?auth=2b0036c4ba1b077b4829fad1279af3052b91f836f87231365e7aaa8399e8ab35&amp;width=1023\" type=\"image\/jpg\" media=\"(max-width: 1023px)\" \/><source srcset=\"https:\/\/tn.com.ar\/resizer\/v2\/tamara-paganini-fue-consolada-por-sus-companeros-en-medio-del-doloro-recuerdo-de-la-muerte-de-sus-hijos-foto-captura-telefe-SRAOBURBZNHIVLDI25FY5NQJ3A.png?auth=2b0036c4ba1b077b4829fad1279af3052b91f836f87231365e7aaa8399e8ab35&amp;width=1440\" type=\"image\/jpg\" \/><img loading=\"lazy\" decoding=\"async\" class=\"image content-image image_placeholder\" src=\"https:\/\/tn.com.ar\/resizer\/v2\/tamara-paganini-fue-consolada-por-sus-companeros-en-medio-del-doloro-recuerdo-de-la-muerte-de-sus-hijos-foto-captura-telefe-SRAOBURBZNHIVLDI25FY5NQJ3A.png?auth=2b0036c4ba1b077b4829fad1279af3052b91f836f87231365e7aaa8399e8ab35&amp;width=767\" alt=\"Tamara Paganini fue consolada por sus compa\u00f1eros en medio del doloro recuerdo de la muerte de sus hijos. (Foto: Captura Telefe)\" width=\"767\" height=\"431\" data-testid=\"loading-testid\" \/><\/picture><\/div><figcaption class=\"caption_image\" data-testid=\"figcaption-testid\">\n<div class=\"image_caption \">Tamara Paganini fue consolada por sus compa\u00f1eros en medio del doloro recuerdo de la muerte de sus hijos. (Foto: Captura Telefe)<\/div>\n<\/figcaption><\/figure>\n<p class=\"paragraph font__body-regular\">\u201cNunca pens\u00e9 que algo as\u00ed nos pod\u00eda pasar. Pas\u00f3 de ser un sue\u00f1o de hadas a ser el peor infierno. Y si me dec\u00edan que \u2018no aguant\u00f3\u2019 o \u2018se muri\u00f3\u2019&#8230; Pero\u00a0<b>tener que decidir que no viva m\u00e1s aunque sea con cables, se sinti\u00f3 como que la ten\u00eda que matar para que no sufriera\u201d<\/b>, concluy\u00f3.<\/p>\n<p class=\"paragraph font__body-regular\">El relato de Tamara conmovi\u00f3 a todos sus compa\u00f1eros de la casa que fueron a consolarla inmediatamente.<\/p>\n<\/div>\n<p><\/main><\/div>\n<aside class=\"col-right-rail right-rail\">\n<div id=\"parent-ad-slot-caja\" class=\"ad-container caja_ad \">\n<div class=\"ad-content\"><\/div>\n<\/div>\n<\/aside>\n","protected":false},"excerpt":{"rendered":"<p>En el marco de la un ejercicio de convivencia, la hermanita habl\u00f3 del drama que vivi\u00f3 con Vitorio y Donatella. Tamara Paganini\u00a0rompi\u00f3 en llanto al hablar de la muerte de\u00a0Vitorio\u00a0y\u00a0Donatella, sus hijos gemelos. Todo ocurri\u00f3 al aire de\u00a0Gran Hermano: Generaci\u00f3n Dorada\u00a0(Telefe) mientras la participante cumpl\u00eda con uno de los ejercicios de la convivencia. \u201cDespu\u00e9s de [&hellip;]<\/p>\n","protected":false},"author":1,"featured_media":15945,"comment_status":"open","ping_status":"open","sticky":false,"template":"","format":"standard","meta":{"rop_custom_images_group":[],"rop_custom_messages_group":[],"rop_publish_now":"initial","rop_publish_now_accounts":[],"rop_publish_now_history":[],"rop_publish_now_status":"pending","footnotes":"","jetpack_publicize_message":"","jetpack_publicize_feature_enabled":true,"jetpack_social_post_already_shared":true,"jetpack_social_options":{"image_generator_settings":{"template":"highway","enabled":false},"version":2}},"categories":[12],"tags":[],"class_list":{"0":"post-15944","1":"post","2":"type-post","3":"status-publish","4":"format-standard","5":"has-post-thumbnail","7":"category-espectaculos"},"jetpack_publicize_connections":[],"yoast_head":"<!-- This site is optimized with the Yoast SEO plugin v27.3 - https:\/\/yoast.com\/product\/yoast-seo-wordpress\/ -->\n<title>Tamara Paganini se quebr\u00f3 en \u201cGran Hermano 2026\u2033 al hablar de la muerte de sus hijos gemelos - CLAN ESPECTACULOS<\/title>\n<meta name=\"robots\" content=\"index, follow, max-snippet:-1, max-image-preview:large, max-video-preview:-1\" \/>\n<link rel=\"canonical\" href=\"https:\/\/radioclanfm.com\/clanespectaculos\/tamara-paganini-se-quebro-en-gran-hermano-2026\u2033-al-hablar-de-la-muerte-de-sus-hijos-gemelos\/\" \/>\n<meta property=\"og:locale\" content=\"es_ES\" \/>\n<meta property=\"og:type\" content=\"article\" \/>\n<meta property=\"og:title\" content=\"Tamara Paganini se quebr\u00f3 en \u201cGran Hermano 2026\u2033 al hablar de la muerte de sus hijos gemelos - CLAN ESPECTACULOS\" \/>\n<meta property=\"og:description\" content=\"En el marco de la un ejercicio de convivencia, la hermanita habl\u00f3 del drama que vivi\u00f3 con Vitorio y Donatella. Tamara Paganini\u00a0rompi\u00f3 en llanto al hablar de la muerte de\u00a0Vitorio\u00a0y\u00a0Donatella, sus hijos gemelos. Todo ocurri\u00f3 al aire de\u00a0Gran Hermano: Generaci\u00f3n Dorada\u00a0(Telefe) mientras la participante cumpl\u00eda con uno de los ejercicios de la convivencia. \u201cDespu\u00e9s de [&hellip;]\" \/>\n<meta property=\"og:url\" content=\"https:\/\/radioclanfm.com\/clanespectaculos\/tamara-paganini-se-quebro-en-gran-hermano-2026\u2033-al-hablar-de-la-muerte-de-sus-hijos-gemelos\/\" \/>\n<meta property=\"og:site_name\" content=\"CLAN ESPECTACULOS\" \/>\n<meta property=\"article:publisher\" content=\"https:\/\/www.facebook.com\/clanespectaculos\/\" \/>\n<meta property=\"article:published_time\" content=\"2026-04-28T00:30:23+00:00\" \/>\n<meta property=\"og:image\" content=\"https:\/\/radioclanfm.com\/clanespectaculos\/wp-content\/uploads\/sites\/2\/2026\/04\/CKax_aza.jpg\" \/>\n\t<meta property=\"og:image:width\" content=\"900\" \/>\n\t<meta property=\"og:image:height\" content=\"505\" \/>\n\t<meta property=\"og:image:type\" content=\"image\/jpeg\" \/>\n<meta name=\"author\" content=\"E-GRUPOCLAN\" \/>\n<meta name=\"twitter:card\" content=\"summary_large_image\" \/>\n<meta name=\"twitter:creator\" content=\"@clanespectok\" \/>\n<meta name=\"twitter:site\" content=\"@clanespectok\" \/>\n<meta name=\"twitter:label1\" content=\"Escrito por\" \/>\n\t<meta name=\"twitter:data1\" content=\"E-GRUPOCLAN\" \/>\n\t<meta name=\"twitter:label2\" content=\"Tiempo de lectura\" \/>\n\t<meta name=\"twitter:data2\" content=\"4 minutos\" \/>\n<script type=\"application\/ld+json\" class=\"yoast-schema-graph\">{\"@context\":\"https:\\\/\\\/schema.org\",\"@graph\":[{\"@type\":\"Article\",\"@id\":\"https:\\\/\\\/radioclanfm.com\\\/clanespectaculos\\\/tamara-paganini-se-quebro-en-gran-hermano-2026%e2%80%b3-al-hablar-de-la-muerte-de-sus-hijos-gemelos\\\/#article\",\"isPartOf\":{\"@id\":\"https:\\\/\\\/radioclanfm.com\\\/clanespectaculos\\\/tamara-paganini-se-quebro-en-gran-hermano-2026%e2%80%b3-al-hablar-de-la-muerte-de-sus-hijos-gemelos\\\/\"},\"author\":{\"name\":\"E-GRUPOCLAN\",\"@id\":\"https:\\\/\\\/radioclanfm.com\\\/clanespectaculos\\\/#\\\/schema\\\/person\\\/9734813083303230f3ad84d99171b20c\"},\"headline\":\"Tamara Paganini se quebr\u00f3 en \u201cGran Hermano 2026\u2033 al hablar de la muerte de sus hijos gemelos\",\"datePublished\":\"2026-04-28T00:30:23+00:00\",\"mainEntityOfPage\":{\"@id\":\"https:\\\/\\\/radioclanfm.com\\\/clanespectaculos\\\/tamara-paganini-se-quebro-en-gran-hermano-2026%e2%80%b3-al-hablar-de-la-muerte-de-sus-hijos-gemelos\\\/\"},\"wordCount\":667,\"commentCount\":0,\"publisher\":{\"@id\":\"https:\\\/\\\/radioclanfm.com\\\/clanespectaculos\\\/#organization\"},\"image\":{\"@id\":\"https:\\\/\\\/radioclanfm.com\\\/clanespectaculos\\\/tamara-paganini-se-quebro-en-gran-hermano-2026%e2%80%b3-al-hablar-de-la-muerte-de-sus-hijos-gemelos\\\/#primaryimage\"},\"thumbnailUrl\":\"https:\\\/\\\/radioclanfm.com\\\/clanespectaculos\\\/wp-content\\\/uploads\\\/sites\\\/2\\\/2026\\\/04\\\/CKax_aza.jpg\",\"articleSection\":[\"Espectaculos\"],\"inLanguage\":\"es-AR\",\"potentialAction\":[{\"@type\":\"CommentAction\",\"name\":\"Comment\",\"target\":[\"https:\\\/\\\/radioclanfm.com\\\/clanespectaculos\\\/tamara-paganini-se-quebro-en-gran-hermano-2026%e2%80%b3-al-hablar-de-la-muerte-de-sus-hijos-gemelos\\\/#respond\"]}]},{\"@type\":\"WebPage\",\"@id\":\"https:\\\/\\\/radioclanfm.com\\\/clanespectaculos\\\/tamara-paganini-se-quebro-en-gran-hermano-2026%e2%80%b3-al-hablar-de-la-muerte-de-sus-hijos-gemelos\\\/\",\"url\":\"https:\\\/\\\/radioclanfm.com\\\/clanespectaculos\\\/tamara-paganini-se-quebro-en-gran-hermano-2026%e2%80%b3-al-hablar-de-la-muerte-de-sus-hijos-gemelos\\\/\",\"name\":\"Tamara Paganini se quebr\u00f3 en \u201cGran Hermano 2026\u2033 al hablar de la muerte de sus hijos gemelos - CLAN ESPECTACULOS\",\"isPartOf\":{\"@id\":\"https:\\\/\\\/radioclanfm.com\\\/clanespectaculos\\\/#website\"},\"primaryImageOfPage\":{\"@id\":\"https:\\\/\\\/radioclanfm.com\\\/clanespectaculos\\\/tamara-paganini-se-quebro-en-gran-hermano-2026%e2%80%b3-al-hablar-de-la-muerte-de-sus-hijos-gemelos\\\/#primaryimage\"},\"image\":{\"@id\":\"https:\\\/\\\/radioclanfm.com\\\/clanespectaculos\\\/tamara-paganini-se-quebro-en-gran-hermano-2026%e2%80%b3-al-hablar-de-la-muerte-de-sus-hijos-gemelos\\\/#primaryimage\"},\"thumbnailUrl\":\"https:\\\/\\\/radioclanfm.com\\\/clanespectaculos\\\/wp-content\\\/uploads\\\/sites\\\/2\\\/2026\\\/04\\\/CKax_aza.jpg\",\"datePublished\":\"2026-04-28T00:30:23+00:00\",\"breadcrumb\":{\"@id\":\"https:\\\/\\\/radioclanfm.com\\\/clanespectaculos\\\/tamara-paganini-se-quebro-en-gran-hermano-2026%e2%80%b3-al-hablar-de-la-muerte-de-sus-hijos-gemelos\\\/#breadcrumb\"},\"inLanguage\":\"es-AR\",\"potentialAction\":[{\"@type\":\"ReadAction\",\"target\":[\"https:\\\/\\\/radioclanfm.com\\\/clanespectaculos\\\/tamara-paganini-se-quebro-en-gran-hermano-2026%e2%80%b3-al-hablar-de-la-muerte-de-sus-hijos-gemelos\\\/\"]}]},{\"@type\":\"ImageObject\",\"inLanguage\":\"es-AR\",\"@id\":\"https:\\\/\\\/radioclanfm.com\\\/clanespectaculos\\\/tamara-paganini-se-quebro-en-gran-hermano-2026%e2%80%b3-al-hablar-de-la-muerte-de-sus-hijos-gemelos\\\/#primaryimage\",\"url\":\"https:\\\/\\\/radioclanfm.com\\\/clanespectaculos\\\/wp-content\\\/uploads\\\/sites\\\/2\\\/2026\\\/04\\\/CKax_aza.jpg\",\"contentUrl\":\"https:\\\/\\\/radioclanfm.com\\\/clanespectaculos\\\/wp-content\\\/uploads\\\/sites\\\/2\\\/2026\\\/04\\\/CKax_aza.jpg\",\"width\":900,\"height\":505},{\"@type\":\"BreadcrumbList\",\"@id\":\"https:\\\/\\\/radioclanfm.com\\\/clanespectaculos\\\/tamara-paganini-se-quebro-en-gran-hermano-2026%e2%80%b3-al-hablar-de-la-muerte-de-sus-hijos-gemelos\\\/#breadcrumb\",\"itemListElement\":[{\"@type\":\"ListItem\",\"position\":1,\"name\":\"Inicio\",\"item\":\"https:\\\/\\\/radioclanfm.com\\\/clanespectaculos\\\/\"},{\"@type\":\"ListItem\",\"position\":2,\"name\":\"Tamara Paganini se quebr\u00f3 en \u201cGran Hermano 2026\u2033 al hablar de la muerte de sus hijos gemelos\"}]},{\"@type\":\"WebSite\",\"@id\":\"https:\\\/\\\/radioclanfm.com\\\/clanespectaculos\\\/#website\",\"url\":\"https:\\\/\\\/radioclanfm.com\\\/clanespectaculos\\\/\",\"name\":\"CLAN ESPECTACULOS\",\"description\":\"\",\"publisher\":{\"@id\":\"https:\\\/\\\/radioclanfm.com\\\/clanespectaculos\\\/#organization\"},\"potentialAction\":[{\"@type\":\"SearchAction\",\"target\":{\"@type\":\"EntryPoint\",\"urlTemplate\":\"https:\\\/\\\/radioclanfm.com\\\/clanespectaculos\\\/?s={search_term_string}\"},\"query-input\":{\"@type\":\"PropertyValueSpecification\",\"valueRequired\":true,\"valueName\":\"search_term_string\"}}],\"inLanguage\":\"es-AR\"},{\"@type\":\"Organization\",\"@id\":\"https:\\\/\\\/radioclanfm.com\\\/clanespectaculos\\\/#organization\",\"name\":\"CLAN ESPECTACULOS\",\"url\":\"https:\\\/\\\/radioclanfm.com\\\/clanespectaculos\\\/\",\"logo\":{\"@type\":\"ImageObject\",\"inLanguage\":\"es-AR\",\"@id\":\"https:\\\/\\\/radioclanfm.com\\\/clanespectaculos\\\/#\\\/schema\\\/logo\\\/image\\\/\",\"url\":\"https:\\\/\\\/radioclanfm.com\\\/clanespectaculos\\\/wp-content\\\/uploads\\\/sites\\\/2\\\/2026\\\/04\\\/ChatGPT-Image-23-mar-2026-10_09_00.png\",\"contentUrl\":\"https:\\\/\\\/radioclanfm.com\\\/clanespectaculos\\\/wp-content\\\/uploads\\\/sites\\\/2\\\/2026\\\/04\\\/ChatGPT-Image-23-mar-2026-10_09_00.png\",\"width\":1024,\"height\":1024,\"caption\":\"CLAN ESPECTACULOS\"},\"image\":{\"@id\":\"https:\\\/\\\/radioclanfm.com\\\/clanespectaculos\\\/#\\\/schema\\\/logo\\\/image\\\/\"},\"sameAs\":[\"https:\\\/\\\/www.facebook.com\\\/clanespectaculos\\\/\",\"https:\\\/\\\/x.com\\\/clanespectok\"]},{\"@type\":\"Person\",\"@id\":\"https:\\\/\\\/radioclanfm.com\\\/clanespectaculos\\\/#\\\/schema\\\/person\\\/9734813083303230f3ad84d99171b20c\",\"name\":\"E-GRUPOCLAN\",\"image\":{\"@type\":\"ImageObject\",\"inLanguage\":\"es-AR\",\"@id\":\"https:\\\/\\\/secure.gravatar.com\\\/avatar\\\/af6e19837c3d6a212034a48c7b3818d2ac1826f6025df0155da5a186ad321d79?s=96&d=mm&r=g\",\"url\":\"https:\\\/\\\/secure.gravatar.com\\\/avatar\\\/af6e19837c3d6a212034a48c7b3818d2ac1826f6025df0155da5a186ad321d79?s=96&d=mm&r=g\",\"contentUrl\":\"https:\\\/\\\/secure.gravatar.com\\\/avatar\\\/af6e19837c3d6a212034a48c7b3818d2ac1826f6025df0155da5a186ad321d79?s=96&d=mm&r=g\",\"caption\":\"E-GRUPOCLAN\"},\"sameAs\":[\"https:\\\/\\\/radioclanfm.com\"],\"url\":\"https:\\\/\\\/radioclanfm.com\\\/clanespectaculos\\\/author\\\/admin\\\/\"}]}<\/script>\n<!-- \/ Yoast SEO plugin. -->","yoast_head_json":{"title":"Tamara Paganini se quebr\u00f3 en \u201cGran Hermano 2026\u2033 al hablar de la muerte de sus hijos gemelos - CLAN ESPECTACULOS","robots":{"index":"index","follow":"follow","max-snippet":"max-snippet:-1","max-image-preview":"max-image-preview:large","max-video-preview":"max-video-preview:-1"},"canonical":"https:\/\/radioclanfm.com\/clanespectaculos\/tamara-paganini-se-quebro-en-gran-hermano-2026\u2033-al-hablar-de-la-muerte-de-sus-hijos-gemelos\/","og_locale":"es_ES","og_type":"article","og_title":"Tamara Paganini se quebr\u00f3 en \u201cGran Hermano 2026\u2033 al hablar de la muerte de sus hijos gemelos - CLAN ESPECTACULOS","og_description":"En el marco de la un ejercicio de convivencia, la hermanita habl\u00f3 del drama que vivi\u00f3 con Vitorio y Donatella. Tamara Paganini\u00a0rompi\u00f3 en llanto al hablar de la muerte de\u00a0Vitorio\u00a0y\u00a0Donatella, sus hijos gemelos. Todo ocurri\u00f3 al aire de\u00a0Gran Hermano: Generaci\u00f3n Dorada\u00a0(Telefe) mientras la participante cumpl\u00eda con uno de los ejercicios de la convivencia. \u201cDespu\u00e9s de [&hellip;]","og_url":"https:\/\/radioclanfm.com\/clanespectaculos\/tamara-paganini-se-quebro-en-gran-hermano-2026\u2033-al-hablar-de-la-muerte-de-sus-hijos-gemelos\/","og_site_name":"CLAN ESPECTACULOS","article_publisher":"https:\/\/www.facebook.com\/clanespectaculos\/","article_published_time":"2026-04-28T00:30:23+00:00","og_image":[{"width":900,"height":505,"url":"https:\/\/radioclanfm.com\/clanespectaculos\/wp-content\/uploads\/sites\/2\/2026\/04\/CKax_aza.jpg","type":"image\/jpeg"}],"author":"E-GRUPOCLAN","twitter_card":"summary_large_image","twitter_creator":"@clanespectok","twitter_site":"@clanespectok","twitter_misc":{"Escrito por":"E-GRUPOCLAN","Tiempo de lectura":"4 minutos"},"schema":{"@context":"https:\/\/schema.org","@graph":[{"@type":"Article","@id":"https:\/\/radioclanfm.com\/clanespectaculos\/tamara-paganini-se-quebro-en-gran-hermano-2026%e2%80%b3-al-hablar-de-la-muerte-de-sus-hijos-gemelos\/#article","isPartOf":{"@id":"https:\/\/radioclanfm.com\/clanespectaculos\/tamara-paganini-se-quebro-en-gran-hermano-2026%e2%80%b3-al-hablar-de-la-muerte-de-sus-hijos-gemelos\/"},"author":{"name":"E-GRUPOCLAN","@id":"https:\/\/radioclanfm.com\/clanespectaculos\/#\/schema\/person\/9734813083303230f3ad84d99171b20c"},"headline":"Tamara Paganini se quebr\u00f3 en \u201cGran Hermano 2026\u2033 al hablar de la muerte de sus hijos gemelos","datePublished":"2026-04-28T00:30:23+00:00","mainEntityOfPage":{"@id":"https:\/\/radioclanfm.com\/clanespectaculos\/tamara-paganini-se-quebro-en-gran-hermano-2026%e2%80%b3-al-hablar-de-la-muerte-de-sus-hijos-gemelos\/"},"wordCount":667,"commentCount":0,"publisher":{"@id":"https:\/\/radioclanfm.com\/clanespectaculos\/#organization"},"image":{"@id":"https:\/\/radioclanfm.com\/clanespectaculos\/tamara-paganini-se-quebro-en-gran-hermano-2026%e2%80%b3-al-hablar-de-la-muerte-de-sus-hijos-gemelos\/#primaryimage"},"thumbnailUrl":"https:\/\/radioclanfm.com\/clanespectaculos\/wp-content\/uploads\/sites\/2\/2026\/04\/CKax_aza.jpg","articleSection":["Espectaculos"],"inLanguage":"es-AR","potentialAction":[{"@type":"CommentAction","name":"Comment","target":["https:\/\/radioclanfm.com\/clanespectaculos\/tamara-paganini-se-quebro-en-gran-hermano-2026%e2%80%b3-al-hablar-de-la-muerte-de-sus-hijos-gemelos\/#respond"]}]},{"@type":"WebPage","@id":"https:\/\/radioclanfm.com\/clanespectaculos\/tamara-paganini-se-quebro-en-gran-hermano-2026%e2%80%b3-al-hablar-de-la-muerte-de-sus-hijos-gemelos\/","url":"https:\/\/radioclanfm.com\/clanespectaculos\/tamara-paganini-se-quebro-en-gran-hermano-2026%e2%80%b3-al-hablar-de-la-muerte-de-sus-hijos-gemelos\/","name":"Tamara Paganini se quebr\u00f3 en \u201cGran Hermano 2026\u2033 al hablar de la muerte de sus hijos gemelos - CLAN ESPECTACULOS","isPartOf":{"@id":"https:\/\/radioclanfm.com\/clanespectaculos\/#website"},"primaryImageOfPage":{"@id":"https:\/\/radioclanfm.com\/clanespectaculos\/tamara-paganini-se-quebro-en-gran-hermano-2026%e2%80%b3-al-hablar-de-la-muerte-de-sus-hijos-gemelos\/#primaryimage"},"image":{"@id":"https:\/\/radioclanfm.com\/clanespectaculos\/tamara-paganini-se-quebro-en-gran-hermano-2026%e2%80%b3-al-hablar-de-la-muerte-de-sus-hijos-gemelos\/#primaryimage"},"thumbnailUrl":"https:\/\/radioclanfm.com\/clanespectaculos\/wp-content\/uploads\/sites\/2\/2026\/04\/CKax_aza.jpg","datePublished":"2026-04-28T00:30:23+00:00","breadcrumb":{"@id":"https:\/\/radioclanfm.com\/clanespectaculos\/tamara-paganini-se-quebro-en-gran-hermano-2026%e2%80%b3-al-hablar-de-la-muerte-de-sus-hijos-gemelos\/#breadcrumb"},"inLanguage":"es-AR","potentialAction":[{"@type":"ReadAction","target":["https:\/\/radioclanfm.com\/clanespectaculos\/tamara-paganini-se-quebro-en-gran-hermano-2026%e2%80%b3-al-hablar-de-la-muerte-de-sus-hijos-gemelos\/"]}]},{"@type":"ImageObject","inLanguage":"es-AR","@id":"https:\/\/radioclanfm.com\/clanespectaculos\/tamara-paganini-se-quebro-en-gran-hermano-2026%e2%80%b3-al-hablar-de-la-muerte-de-sus-hijos-gemelos\/#primaryimage","url":"https:\/\/radioclanfm.com\/clanespectaculos\/wp-content\/uploads\/sites\/2\/2026\/04\/CKax_aza.jpg","contentUrl":"https:\/\/radioclanfm.com\/clanespectaculos\/wp-content\/uploads\/sites\/2\/2026\/04\/CKax_aza.jpg","width":900,"height":505},{"@type":"BreadcrumbList","@id":"https:\/\/radioclanfm.com\/clanespectaculos\/tamara-paganini-se-quebro-en-gran-hermano-2026%e2%80%b3-al-hablar-de-la-muerte-de-sus-hijos-gemelos\/#breadcrumb","itemListElement":[{"@type":"ListItem","position":1,"name":"Inicio","item":"https:\/\/radioclanfm.com\/clanespectaculos\/"},{"@type":"ListItem","position":2,"name":"Tamara Paganini se quebr\u00f3 en \u201cGran Hermano 2026\u2033 al hablar de la muerte de sus hijos gemelos"}]},{"@type":"WebSite","@id":"https:\/\/radioclanfm.com\/clanespectaculos\/#website","url":"https:\/\/radioclanfm.com\/clanespectaculos\/","name":"CLAN ESPECTACULOS","description":"","publisher":{"@id":"https:\/\/radioclanfm.com\/clanespectaculos\/#organization"},"potentialAction":[{"@type":"SearchAction","target":{"@type":"EntryPoint","urlTemplate":"https:\/\/radioclanfm.com\/clanespectaculos\/?s={search_term_string}"},"query-input":{"@type":"PropertyValueSpecification","valueRequired":true,"valueName":"search_term_string"}}],"inLanguage":"es-AR"},{"@type":"Organization","@id":"https:\/\/radioclanfm.com\/clanespectaculos\/#organization","name":"CLAN ESPECTACULOS","url":"https:\/\/radioclanfm.com\/clanespectaculos\/","logo":{"@type":"ImageObject","inLanguage":"es-AR","@id":"https:\/\/radioclanfm.com\/clanespectaculos\/#\/schema\/logo\/image\/","url":"https:\/\/radioclanfm.com\/clanespectaculos\/wp-content\/uploads\/sites\/2\/2026\/04\/ChatGPT-Image-23-mar-2026-10_09_00.png","contentUrl":"https:\/\/radioclanfm.com\/clanespectaculos\/wp-content\/uploads\/sites\/2\/2026\/04\/ChatGPT-Image-23-mar-2026-10_09_00.png","width":1024,"height":1024,"caption":"CLAN ESPECTACULOS"},"image":{"@id":"https:\/\/radioclanfm.com\/clanespectaculos\/#\/schema\/logo\/image\/"},"sameAs":["https:\/\/www.facebook.com\/clanespectaculos\/","https:\/\/x.com\/clanespectok"]},{"@type":"Person","@id":"https:\/\/radioclanfm.com\/clanespectaculos\/#\/schema\/person\/9734813083303230f3ad84d99171b20c","name":"E-GRUPOCLAN","image":{"@type":"ImageObject","inLanguage":"es-AR","@id":"https:\/\/secure.gravatar.com\/avatar\/af6e19837c3d6a212034a48c7b3818d2ac1826f6025df0155da5a186ad321d79?s=96&d=mm&r=g","url":"https:\/\/secure.gravatar.com\/avatar\/af6e19837c3d6a212034a48c7b3818d2ac1826f6025df0155da5a186ad321d79?s=96&d=mm&r=g","contentUrl":"https:\/\/secure.gravatar.com\/avatar\/af6e19837c3d6a212034a48c7b3818d2ac1826f6025df0155da5a186ad321d79?s=96&d=mm&r=g","caption":"E-GRUPOCLAN"},"sameAs":["https:\/\/radioclanfm.com"],"url":"https:\/\/radioclanfm.com\/clanespectaculos\/author\/admin\/"}]}},"_links":{"self":[{"href":"https:\/\/radioclanfm.com\/clanespectaculos\/wp-json\/wp\/v2\/posts\/15944","targetHints":{"allow":["GET"]}}],"collection":[{"href":"https:\/\/radioclanfm.com\/clanespectaculos\/wp-json\/wp\/v2\/posts"}],"about":[{"href":"https:\/\/radioclanfm.com\/clanespectaculos\/wp-json\/wp\/v2\/types\/post"}],"author":[{"embeddable":true,"href":"https:\/\/radioclanfm.com\/clanespectaculos\/wp-json\/wp\/v2\/users\/1"}],"replies":[{"embeddable":true,"href":"https:\/\/radioclanfm.com\/clanespectaculos\/wp-json\/wp\/v2\/comments?post=15944"}],"version-history":[{"count":1,"href":"https:\/\/radioclanfm.com\/clanespectaculos\/wp-json\/wp\/v2\/posts\/15944\/revisions"}],"predecessor-version":[{"id":15946,"href":"https:\/\/radioclanfm.com\/clanespectaculos\/wp-json\/wp\/v2\/posts\/15944\/revisions\/15946"}],"wp:featuredmedia":[{"embeddable":true,"href":"https:\/\/radioclanfm.com\/clanespectaculos\/wp-json\/wp\/v2\/media\/15945"}],"wp:attachment":[{"href":"https:\/\/radioclanfm.com\/clanespectaculos\/wp-json\/wp\/v2\/media?parent=15944"}],"wp:term":[{"taxonomy":"category","embeddable":true,"href":"https:\/\/radioclanfm.com\/clanespectaculos\/wp-json\/wp\/v2\/categories?post=15944"},{"taxonomy":"post_tag","embeddable":true,"href":"https:\/\/radioclanfm.com\/clanespectaculos\/wp-json\/wp\/v2\/tags?post=15944"}],"curies":[{"name":"wp","href":"https:\/\/api.w.org\/{rel}","templated":true}]}}