{"id":15941,"date":"2026-04-27T21:28:48","date_gmt":"2026-04-28T00:28:48","guid":{"rendered":"https:\/\/radioclanfm.com\/clanespectaculos\/?p=15941"},"modified":"2026-04-27T21:28:48","modified_gmt":"2026-04-28T00:28:48","slug":"asi-fue-el-encuentro-casual-de-zaira-nara-y-paula-chaves-que-abre-la-puerta-a-una-reconciliacion","status":"publish","type":"post","link":"https:\/\/radioclanfm.com\/clanespectaculos\/asi-fue-el-encuentro-casual-de-zaira-nara-y-paula-chaves-que-abre-la-puerta-a-una-reconciliacion\/","title":{"rendered":"As\u00ed fue el encuentro casual de Zaira Nara y Paula Chaves que abre la puerta a una reconciliaci\u00f3n"},"content":{"rendered":"<p>Las modelos coincidieron en un local y eso llev\u00f3 a que se pusieran al d\u00eda sobre distintos temas.<\/p>\n<div class=\"col-content\"><main class=\"col-content\"><\/p>\n<div class=\"default-article-color article__body article__article\">\n<p class=\"paragraph font__body-regular\">Hace casi cinco a\u00f1os que<b>\u00a0Zaira Nara<\/b>\u00a0y\u00a0<a title=\"https:\/\/tn.com.ar\/show\/famosos\/2026\/04\/22\/zaira-nara-se-largo-a-llorar-al-recordar-a-moro-el-perro-de-paula-chaves-se-me-pone-la-piel-de-gallina\/\" href=\"https:\/\/tn.com.ar\/show\/famosos\/2026\/04\/22\/zaira-nara-se-largo-a-llorar-al-recordar-a-moro-el-perro-de-paula-chaves-se-me-pone-la-piel-de-gallina\/\" target=\"_blank\" rel=\"noopener noreferrer\"><b>Paula Chaves<\/b><\/a>\u00a0se distanciaron. Las versiones sobre el fin de su amistad fueron varias y cada tanto sale una nueva a la luz. Sin embargo, cuando todav\u00eda se intenta saber cu\u00e1l fue el hecho puntual que las alej\u00f3, ahora\u00a0<b>todo indica que podr\u00edan reconciliarse<\/b>.<\/p>\n<div id=\"ad-slot-infeed\" class=\"infeed-container\" data-google-query-id=\"CJHGzOGkj5QDFSoXHgAdMgcXvw\">\n<div id=\"google_ads_iframe_\/113951150\/tn-arc\/nota\/infeed_0__container__\"><iframe id=\"google_ads_iframe_\/113951150\/tn-arc\/nota\/infeed_0\" tabindex=\"0\" title=\"Contenido de anuncios de terceros\" name=\"google_ads_iframe_\/113951150\/tn-arc\/nota\/infeed_0\" width=\"1\" height=\"1\" frameborder=\"0\" marginwidth=\"0\" marginheight=\"0\" scrolling=\"no\" aria-label=\"Anuncio\" data-google-container-id=\"8\" data-load-complete=\"true\" data-mce-fragment=\"1\"><\/iframe><\/div>\n<\/div>\n<p class=\"paragraph font__body-regular\">En las \u00faltimas horas, volvieron a estar cara a cara de forma casual cuando coincidieron en el local de una dise\u00f1adora que las viste habitualmente. Ambas charlaron sobre esa situaci\u00f3n y dejaron entrever que podr\u00edan recomponer su v\u00ednculo.<\/p>\n<div class=\"teads-adCall\"><\/div>\n<p class=\"paragraph font__body-regular\">\u201c<b>Hubo un acercamiento, a veces la vida te cruza en momentos puntuales.<\/b>\u00a0Fue lindo para las dos, hay mucho cari\u00f1o\u201d, explic\u00f3 Nara en di\u00e1logo con<i>\u00a0Intrusos (Am\u00e9rica)<\/i>, dando a entender que pudo hablar con su colega\u00a0en medio del dolor que atraves\u00f3 por la muerte de su perro Moro.<\/p>\n<figure class=\"\" data-testid=\"figure-testid\">\n<div class=\"aspect_ratio__container\"><picture class=\"responsive-image\"><source srcset=\"https:\/\/tn.com.ar\/resizer\/v2\/paula-chaves-se-encontro-con-zaira-nara-en-un-momento-muy-triste-por-la-muerte-de-su-perro-moro-foto-captura-youtube-olga-CHCVCKZ4FBAHFH5DNVVSQXMHTY.jpg?auth=6ab25ef66a0b4a74bebf6ea2f17725f1907fe67442ee4968c87e902cd513e8bf&amp;width=767\" type=\"image\/jpg\" media=\"(max-width: 728px)\" \/><source srcset=\"https:\/\/tn.com.ar\/resizer\/v2\/paula-chaves-se-encontro-con-zaira-nara-en-un-momento-muy-triste-por-la-muerte-de-su-perro-moro-foto-captura-youtube-olga-CHCVCKZ4FBAHFH5DNVVSQXMHTY.jpg?auth=6ab25ef66a0b4a74bebf6ea2f17725f1907fe67442ee4968c87e902cd513e8bf&amp;width=1023\" type=\"image\/jpg\" media=\"(max-width: 1023px)\" \/><source srcset=\"https:\/\/tn.com.ar\/resizer\/v2\/paula-chaves-se-encontro-con-zaira-nara-en-un-momento-muy-triste-por-la-muerte-de-su-perro-moro-foto-captura-youtube-olga-CHCVCKZ4FBAHFH5DNVVSQXMHTY.jpg?auth=6ab25ef66a0b4a74bebf6ea2f17725f1907fe67442ee4968c87e902cd513e8bf&amp;width=1440\" type=\"image\/jpg\" \/><img loading=\"lazy\" decoding=\"async\" class=\"image content-image image_placeholder\" src=\"https:\/\/tn.com.ar\/resizer\/v2\/paula-chaves-se-encontro-con-zaira-nara-en-un-momento-muy-triste-por-la-muerte-de-su-perro-moro-foto-captura-youtube-olga-CHCVCKZ4FBAHFH5DNVVSQXMHTY.jpg?auth=6ab25ef66a0b4a74bebf6ea2f17725f1907fe67442ee4968c87e902cd513e8bf&amp;width=767\" alt=\"Paula Chaves se encontr\u00f3 con Zaira Nara en un momento muy triste por la muerte de su perro Moro. (Foto: Captura YouTube Olga)\" width=\"767\" height=\"430\" data-testid=\"loading-testid\" \/><\/picture><\/div><figcaption class=\"caption_image\" data-testid=\"figcaption-testid\">\n<div class=\"image_caption \">Paula Chaves se encontr\u00f3 con Zaira Nara en un momento muy triste por la muerte de su perro Moro. (Foto: Captura YouTube Olga)<\/div>\n<\/figcaption><\/figure>\n<p class=\"paragraph font__body-regular\">Por su parte, Chaves tambi\u00e9n se mostr\u00f3 optimista al respecto. \u201cEst\u00e1 todo bien. Nos encontramos de casualidad en un local de una dise\u00f1adora que queremos mucho.\u00a0<b>Fue por arte de magia, las dos en un primer piso a solas. As\u00ed que est\u00e1 todo bien<\/b>\u201d, sostuvo en una entrevista con el mencionado ciclo de espect\u00e1culos.<\/p>\n<p class=\"paragraph font__body-regular\">M\u00e1s all\u00e1 de la buena onda que le puso a la charla, la modelo sostuvo que intentar\u00e1 mantener la misma postura que en el \u00faltimo tiempo y evitar ahondar en el tema. \u201cFue el destino. A veces las cosas y las personas est\u00e1n en el momento indicado y cuando uno menos lo espera, pero n<b>o quiero dar m\u00e1s detalles porque es un tema nuestro y queremos preservarlo<\/b>. Est\u00e1 todo bien. Me mantengo en lo que dije: \u2018no voy a hablar m\u00e1s de esto\u2019\u201d.<\/p>\n<h2 class=\"font--primary font__display\">\u00bfPeleadas por la China Su\u00e1rez? La \u00faltima versi\u00f3n sobre el fin de la amistad entre Zaira Nara y Paula Chaves<\/h2>\n<p class=\"paragraph font__body-regular\"><b>Zaira Nara<\/b>\u00a0y\u00a0<b>Paula Chaves<\/b>\u00a0pasaron de ser \u00edntimas amigas a simples conocidas del medio. El motivo de la pelea, seg\u00fan lo que hab\u00eda trascendido, ten\u00eda que ver con el affaire que la hermana de Wanda mantuvo con\u00a0<b>Facundo Pieres<\/b>, exnovio de la modelo. Sin embargo, ambas lo negaron rotundamente, y hace una semana se filtr\u00f3 una escandalosa versi\u00f3n.<\/p>\n<p class=\"paragraph font__body-regular\">Yanina Latorre sorprendi\u00f3 al revelar un cap\u00edtulo desconocido e inesperado de la pol\u00e9mica que involucra, nada m\u00e1s y nada menos, que a la\u00a0<b>China Su\u00e1rez<\/b>.<\/p>\n<p class=\"paragraph font__body-regular\"><b>\u201cEl problema se remonta al a\u00f1o 2021 en el primer Wandagate\u201d<\/b>, dijo la conductora de\u00a0<i>SQP\u00a0<\/i>(<i>Am\u00e9rica<\/i>). Y explic\u00f3: \u201cEn ese momento,\u00a0<b>Wanda Nara<\/b>, que estaba indignada, quer\u00eda saber cosas de la China, si era verdad o era mentira lo que ten\u00eda. Entonces\u00a0<b>le pidi\u00f3 a Zaira que Paula le averiguara qu\u00e9 v\u00ednculo ten\u00edan y si se segu\u00eda hablando con\u00a0<\/b><b>Mauro Icardi<\/b><b>\u201d.<\/b><\/p>\n<div class=\"genoa_video raw relative\">\n<div class=\"video_placeholder\">\n<div class=\"aspect_ratio__container\"><picture class=\"responsive-image\"><source srcset=\"https:\/\/tn.com.ar\/resizer\/v2\/https%3A%2F%2Fthumbs.vodgc.net%2F1-14-wNfq1s1776727919745-1776730101.jpg?auth=5a19841399a884e5963a30bb0a00f6c4fe4bf3f2116f1c42d46d4a354e14a8ac&amp;width=767\" type=\"image\/jpg\" media=\"(max-width: 728px)\" \/><source srcset=\"https:\/\/tn.com.ar\/resizer\/v2\/https%3A%2F%2Fthumbs.vodgc.net%2F1-14-wNfq1s1776727919745-1776730101.jpg?auth=5a19841399a884e5963a30bb0a00f6c4fe4bf3f2116f1c42d46d4a354e14a8ac&amp;width=1023\" type=\"image\/jpg\" media=\"(max-width: 1023px)\" \/><source srcset=\"https:\/\/tn.com.ar\/resizer\/v2\/https%3A%2F%2Fthumbs.vodgc.net%2F1-14-wNfq1s1776727919745-1776730101.jpg?auth=5a19841399a884e5963a30bb0a00f6c4fe4bf3f2116f1c42d46d4a354e14a8ac&amp;width=1440\" type=\"image\/jpg\" \/><\/picture><\/div>\n<p><button type=\"button\" data-testid=\"video-placeholder-button\"><\/button><\/div>\n<\/div>\n<div class=\"genoa_description font__body-regular\"><\/div>\n<p class=\"paragraph font__body-regular\">Acto seguido, se\u00f1al\u00f3 que, lejos de mantenerse al margen, la esposa de Pedro Alfonso llam\u00f3 a la ex<i>\u00a0Casi \u00c1ngeles<\/i>.\u00a0<b>\u201cPaula le pregunt\u00f3 a la China y ella la sac\u00f3 corriendo, le dijo que era todo un invento de Wanda,<\/b>\u00a0que nunca en su vida hab\u00eda hablado con Mauro, que no lo ten\u00eda agendado en el tel\u00e9fono, que no lo conoc\u00eda y que no sab\u00eda qui\u00e9n era\u201d, sostuvo Latorre.<\/p>\n<p class=\"paragraph font__body-regular\">Para luego sumar m\u00e1s data: \u201cEn ese momento la China lo llam\u00f3 a Mauro y le dijo \u2018me est\u00e1 llamando Paula Ch\u00e1ves para preguntarme si tengo algo que ver con vos\u2019\u201d.\u00a0<b>\u201cMauro se calent\u00f3, la llam\u00f3 a Wanda y la put&#8230; de arriba abajo. Y Wanda se calent\u00f3 peor porque le dijo \u2018vos me met\u00e9s los cuernos y te molesta que averig\u00fce\u2019\u201d<\/b>, lanz\u00f3 sobre las reacciones de cada uno de los involucrados.<\/p>\n<p class=\"paragraph font__body-regular\">A modo de cierre, resumi\u00f3: \u201cSe arm\u00f3 una trifulca entre Paula, la China, Wanda, Zaira. \u00bfQu\u00e9 le pas\u00f3 a Paula?\u00a0<b>Se sinti\u00f3 expuesta por una situaci\u00f3n en la que ella, sin comerla ni beberla, qued\u00f3 en el medio de esa trifulca&#8221;<\/b>, sentenci\u00f3.<\/p>\n<\/div>\n<p><\/main><\/div>\n<aside class=\"col-right-rail right-rail\">\n<div id=\"parent-ad-slot-caja\" class=\"ad-container caja_ad \">\n<div class=\"ad-content\"><\/div>\n<\/div>\n<\/aside>\n","protected":false},"excerpt":{"rendered":"<p>Las modelos coincidieron en un local y eso llev\u00f3 a que se pusieran al d\u00eda sobre distintos temas. Hace casi cinco a\u00f1os que\u00a0Zaira Nara\u00a0y\u00a0Paula Chaves\u00a0se distanciaron. Las versiones sobre el fin de su amistad fueron varias y cada tanto sale una nueva a la luz. Sin embargo, cuando todav\u00eda se intenta saber cu\u00e1l fue el [&hellip;]<\/p>\n","protected":false},"author":1,"featured_media":15942,"comment_status":"open","ping_status":"open","sticky":false,"template":"","format":"standard","meta":{"rop_custom_images_group":[],"rop_custom_messages_group":[],"rop_publish_now":"initial","rop_publish_now_accounts":[],"rop_publish_now_history":[],"rop_publish_now_status":"pending","footnotes":"","jetpack_publicize_message":"","jetpack_publicize_feature_enabled":true,"jetpack_social_post_already_shared":true,"jetpack_social_options":{"image_generator_settings":{"template":"highway","enabled":false},"version":2}},"categories":[12],"tags":[],"class_list":{"0":"post-15941","1":"post","2":"type-post","3":"status-publish","4":"format-standard","5":"has-post-thumbnail","7":"category-espectaculos"},"jetpack_publicize_connections":[],"yoast_head":"<!-- This site is optimized with the Yoast SEO plugin v27.3 - https:\/\/yoast.com\/product\/yoast-seo-wordpress\/ -->\n<title>As\u00ed fue el encuentro casual de Zaira Nara y Paula Chaves que abre la puerta a una reconciliaci\u00f3n - CLAN ESPECTACULOS<\/title>\n<meta name=\"robots\" content=\"index, follow, max-snippet:-1, max-image-preview:large, max-video-preview:-1\" \/>\n<link rel=\"canonical\" href=\"https:\/\/radioclanfm.com\/clanespectaculos\/asi-fue-el-encuentro-casual-de-zaira-nara-y-paula-chaves-que-abre-la-puerta-a-una-reconciliacion\/\" \/>\n<meta property=\"og:locale\" content=\"es_ES\" \/>\n<meta property=\"og:type\" content=\"article\" \/>\n<meta property=\"og:title\" content=\"As\u00ed fue el encuentro casual de Zaira Nara y Paula Chaves que abre la puerta a una reconciliaci\u00f3n - CLAN ESPECTACULOS\" \/>\n<meta property=\"og:description\" content=\"Las modelos coincidieron en un local y eso llev\u00f3 a que se pusieran al d\u00eda sobre distintos temas. Hace casi cinco a\u00f1os que\u00a0Zaira Nara\u00a0y\u00a0Paula Chaves\u00a0se distanciaron. Las versiones sobre el fin de su amistad fueron varias y cada tanto sale una nueva a la luz. Sin embargo, cuando todav\u00eda se intenta saber cu\u00e1l fue el [&hellip;]\" \/>\n<meta property=\"og:url\" content=\"https:\/\/radioclanfm.com\/clanespectaculos\/asi-fue-el-encuentro-casual-de-zaira-nara-y-paula-chaves-que-abre-la-puerta-a-una-reconciliacion\/\" \/>\n<meta property=\"og:site_name\" content=\"CLAN ESPECTACULOS\" \/>\n<meta property=\"article:publisher\" content=\"https:\/\/www.facebook.com\/clanespectaculos\/\" \/>\n<meta property=\"article:published_time\" content=\"2026-04-28T00:28:48+00:00\" \/>\n<meta property=\"og:image\" content=\"https:\/\/radioclanfm.com\/clanespectaculos\/wp-content\/uploads\/sites\/2\/2026\/04\/jwKO6VSS.jpg\" \/>\n\t<meta property=\"og:image:width\" content=\"900\" \/>\n\t<meta property=\"og:image:height\" content=\"505\" \/>\n\t<meta property=\"og:image:type\" content=\"image\/jpeg\" \/>\n<meta name=\"author\" content=\"E-GRUPOCLAN\" \/>\n<meta name=\"twitter:card\" content=\"summary_large_image\" \/>\n<meta name=\"twitter:creator\" content=\"@clanespectok\" \/>\n<meta name=\"twitter:site\" content=\"@clanespectok\" \/>\n<meta name=\"twitter:label1\" content=\"Escrito por\" \/>\n\t<meta name=\"twitter:data1\" content=\"E-GRUPOCLAN\" \/>\n\t<meta name=\"twitter:label2\" content=\"Tiempo de lectura\" \/>\n\t<meta name=\"twitter:data2\" content=\"4 minutos\" \/>\n<script type=\"application\/ld+json\" class=\"yoast-schema-graph\">{\"@context\":\"https:\\\/\\\/schema.org\",\"@graph\":[{\"@type\":\"Article\",\"@id\":\"https:\\\/\\\/radioclanfm.com\\\/clanespectaculos\\\/asi-fue-el-encuentro-casual-de-zaira-nara-y-paula-chaves-que-abre-la-puerta-a-una-reconciliacion\\\/#article\",\"isPartOf\":{\"@id\":\"https:\\\/\\\/radioclanfm.com\\\/clanespectaculos\\\/asi-fue-el-encuentro-casual-de-zaira-nara-y-paula-chaves-que-abre-la-puerta-a-una-reconciliacion\\\/\"},\"author\":{\"name\":\"E-GRUPOCLAN\",\"@id\":\"https:\\\/\\\/radioclanfm.com\\\/clanespectaculos\\\/#\\\/schema\\\/person\\\/9734813083303230f3ad84d99171b20c\"},\"headline\":\"As\u00ed fue el encuentro casual de Zaira Nara y Paula Chaves que abre la puerta a una reconciliaci\u00f3n\",\"datePublished\":\"2026-04-28T00:28:48+00:00\",\"mainEntityOfPage\":{\"@id\":\"https:\\\/\\\/radioclanfm.com\\\/clanespectaculos\\\/asi-fue-el-encuentro-casual-de-zaira-nara-y-paula-chaves-que-abre-la-puerta-a-una-reconciliacion\\\/\"},\"wordCount\":732,\"commentCount\":0,\"publisher\":{\"@id\":\"https:\\\/\\\/radioclanfm.com\\\/clanespectaculos\\\/#organization\"},\"image\":{\"@id\":\"https:\\\/\\\/radioclanfm.com\\\/clanespectaculos\\\/asi-fue-el-encuentro-casual-de-zaira-nara-y-paula-chaves-que-abre-la-puerta-a-una-reconciliacion\\\/#primaryimage\"},\"thumbnailUrl\":\"https:\\\/\\\/radioclanfm.com\\\/clanespectaculos\\\/wp-content\\\/uploads\\\/sites\\\/2\\\/2026\\\/04\\\/jwKO6VSS.jpg\",\"articleSection\":[\"Espectaculos\"],\"inLanguage\":\"es-AR\",\"potentialAction\":[{\"@type\":\"CommentAction\",\"name\":\"Comment\",\"target\":[\"https:\\\/\\\/radioclanfm.com\\\/clanespectaculos\\\/asi-fue-el-encuentro-casual-de-zaira-nara-y-paula-chaves-que-abre-la-puerta-a-una-reconciliacion\\\/#respond\"]}]},{\"@type\":\"WebPage\",\"@id\":\"https:\\\/\\\/radioclanfm.com\\\/clanespectaculos\\\/asi-fue-el-encuentro-casual-de-zaira-nara-y-paula-chaves-que-abre-la-puerta-a-una-reconciliacion\\\/\",\"url\":\"https:\\\/\\\/radioclanfm.com\\\/clanespectaculos\\\/asi-fue-el-encuentro-casual-de-zaira-nara-y-paula-chaves-que-abre-la-puerta-a-una-reconciliacion\\\/\",\"name\":\"As\u00ed fue el encuentro casual de Zaira Nara y Paula Chaves que abre la puerta a una reconciliaci\u00f3n - CLAN ESPECTACULOS\",\"isPartOf\":{\"@id\":\"https:\\\/\\\/radioclanfm.com\\\/clanespectaculos\\\/#website\"},\"primaryImageOfPage\":{\"@id\":\"https:\\\/\\\/radioclanfm.com\\\/clanespectaculos\\\/asi-fue-el-encuentro-casual-de-zaira-nara-y-paula-chaves-que-abre-la-puerta-a-una-reconciliacion\\\/#primaryimage\"},\"image\":{\"@id\":\"https:\\\/\\\/radioclanfm.com\\\/clanespectaculos\\\/asi-fue-el-encuentro-casual-de-zaira-nara-y-paula-chaves-que-abre-la-puerta-a-una-reconciliacion\\\/#primaryimage\"},\"thumbnailUrl\":\"https:\\\/\\\/radioclanfm.com\\\/clanespectaculos\\\/wp-content\\\/uploads\\\/sites\\\/2\\\/2026\\\/04\\\/jwKO6VSS.jpg\",\"datePublished\":\"2026-04-28T00:28:48+00:00\",\"breadcrumb\":{\"@id\":\"https:\\\/\\\/radioclanfm.com\\\/clanespectaculos\\\/asi-fue-el-encuentro-casual-de-zaira-nara-y-paula-chaves-que-abre-la-puerta-a-una-reconciliacion\\\/#breadcrumb\"},\"inLanguage\":\"es-AR\",\"potentialAction\":[{\"@type\":\"ReadAction\",\"target\":[\"https:\\\/\\\/radioclanfm.com\\\/clanespectaculos\\\/asi-fue-el-encuentro-casual-de-zaira-nara-y-paula-chaves-que-abre-la-puerta-a-una-reconciliacion\\\/\"]}]},{\"@type\":\"ImageObject\",\"inLanguage\":\"es-AR\",\"@id\":\"https:\\\/\\\/radioclanfm.com\\\/clanespectaculos\\\/asi-fue-el-encuentro-casual-de-zaira-nara-y-paula-chaves-que-abre-la-puerta-a-una-reconciliacion\\\/#primaryimage\",\"url\":\"https:\\\/\\\/radioclanfm.com\\\/clanespectaculos\\\/wp-content\\\/uploads\\\/sites\\\/2\\\/2026\\\/04\\\/jwKO6VSS.jpg\",\"contentUrl\":\"https:\\\/\\\/radioclanfm.com\\\/clanespectaculos\\\/wp-content\\\/uploads\\\/sites\\\/2\\\/2026\\\/04\\\/jwKO6VSS.jpg\",\"width\":900,\"height\":505},{\"@type\":\"BreadcrumbList\",\"@id\":\"https:\\\/\\\/radioclanfm.com\\\/clanespectaculos\\\/asi-fue-el-encuentro-casual-de-zaira-nara-y-paula-chaves-que-abre-la-puerta-a-una-reconciliacion\\\/#breadcrumb\",\"itemListElement\":[{\"@type\":\"ListItem\",\"position\":1,\"name\":\"Inicio\",\"item\":\"https:\\\/\\\/radioclanfm.com\\\/clanespectaculos\\\/\"},{\"@type\":\"ListItem\",\"position\":2,\"name\":\"As\u00ed fue el encuentro casual de Zaira Nara y Paula Chaves que abre la puerta a una reconciliaci\u00f3n\"}]},{\"@type\":\"WebSite\",\"@id\":\"https:\\\/\\\/radioclanfm.com\\\/clanespectaculos\\\/#website\",\"url\":\"https:\\\/\\\/radioclanfm.com\\\/clanespectaculos\\\/\",\"name\":\"CLAN ESPECTACULOS\",\"description\":\"\",\"publisher\":{\"@id\":\"https:\\\/\\\/radioclanfm.com\\\/clanespectaculos\\\/#organization\"},\"potentialAction\":[{\"@type\":\"SearchAction\",\"target\":{\"@type\":\"EntryPoint\",\"urlTemplate\":\"https:\\\/\\\/radioclanfm.com\\\/clanespectaculos\\\/?s={search_term_string}\"},\"query-input\":{\"@type\":\"PropertyValueSpecification\",\"valueRequired\":true,\"valueName\":\"search_term_string\"}}],\"inLanguage\":\"es-AR\"},{\"@type\":\"Organization\",\"@id\":\"https:\\\/\\\/radioclanfm.com\\\/clanespectaculos\\\/#organization\",\"name\":\"CLAN ESPECTACULOS\",\"url\":\"https:\\\/\\\/radioclanfm.com\\\/clanespectaculos\\\/\",\"logo\":{\"@type\":\"ImageObject\",\"inLanguage\":\"es-AR\",\"@id\":\"https:\\\/\\\/radioclanfm.com\\\/clanespectaculos\\\/#\\\/schema\\\/logo\\\/image\\\/\",\"url\":\"https:\\\/\\\/radioclanfm.com\\\/clanespectaculos\\\/wp-content\\\/uploads\\\/sites\\\/2\\\/2026\\\/04\\\/ChatGPT-Image-23-mar-2026-10_09_00.png\",\"contentUrl\":\"https:\\\/\\\/radioclanfm.com\\\/clanespectaculos\\\/wp-content\\\/uploads\\\/sites\\\/2\\\/2026\\\/04\\\/ChatGPT-Image-23-mar-2026-10_09_00.png\",\"width\":1024,\"height\":1024,\"caption\":\"CLAN ESPECTACULOS\"},\"image\":{\"@id\":\"https:\\\/\\\/radioclanfm.com\\\/clanespectaculos\\\/#\\\/schema\\\/logo\\\/image\\\/\"},\"sameAs\":[\"https:\\\/\\\/www.facebook.com\\\/clanespectaculos\\\/\",\"https:\\\/\\\/x.com\\\/clanespectok\"]},{\"@type\":\"Person\",\"@id\":\"https:\\\/\\\/radioclanfm.com\\\/clanespectaculos\\\/#\\\/schema\\\/person\\\/9734813083303230f3ad84d99171b20c\",\"name\":\"E-GRUPOCLAN\",\"image\":{\"@type\":\"ImageObject\",\"inLanguage\":\"es-AR\",\"@id\":\"https:\\\/\\\/secure.gravatar.com\\\/avatar\\\/af6e19837c3d6a212034a48c7b3818d2ac1826f6025df0155da5a186ad321d79?s=96&d=mm&r=g\",\"url\":\"https:\\\/\\\/secure.gravatar.com\\\/avatar\\\/af6e19837c3d6a212034a48c7b3818d2ac1826f6025df0155da5a186ad321d79?s=96&d=mm&r=g\",\"contentUrl\":\"https:\\\/\\\/secure.gravatar.com\\\/avatar\\\/af6e19837c3d6a212034a48c7b3818d2ac1826f6025df0155da5a186ad321d79?s=96&d=mm&r=g\",\"caption\":\"E-GRUPOCLAN\"},\"sameAs\":[\"https:\\\/\\\/radioclanfm.com\"],\"url\":\"https:\\\/\\\/radioclanfm.com\\\/clanespectaculos\\\/author\\\/admin\\\/\"}]}<\/script>\n<!-- \/ Yoast SEO plugin. -->","yoast_head_json":{"title":"As\u00ed fue el encuentro casual de Zaira Nara y Paula Chaves que abre la puerta a una reconciliaci\u00f3n - CLAN ESPECTACULOS","robots":{"index":"index","follow":"follow","max-snippet":"max-snippet:-1","max-image-preview":"max-image-preview:large","max-video-preview":"max-video-preview:-1"},"canonical":"https:\/\/radioclanfm.com\/clanespectaculos\/asi-fue-el-encuentro-casual-de-zaira-nara-y-paula-chaves-que-abre-la-puerta-a-una-reconciliacion\/","og_locale":"es_ES","og_type":"article","og_title":"As\u00ed fue el encuentro casual de Zaira Nara y Paula Chaves que abre la puerta a una reconciliaci\u00f3n - CLAN ESPECTACULOS","og_description":"Las modelos coincidieron en un local y eso llev\u00f3 a que se pusieran al d\u00eda sobre distintos temas. Hace casi cinco a\u00f1os que\u00a0Zaira Nara\u00a0y\u00a0Paula Chaves\u00a0se distanciaron. Las versiones sobre el fin de su amistad fueron varias y cada tanto sale una nueva a la luz. Sin embargo, cuando todav\u00eda se intenta saber cu\u00e1l fue el [&hellip;]","og_url":"https:\/\/radioclanfm.com\/clanespectaculos\/asi-fue-el-encuentro-casual-de-zaira-nara-y-paula-chaves-que-abre-la-puerta-a-una-reconciliacion\/","og_site_name":"CLAN ESPECTACULOS","article_publisher":"https:\/\/www.facebook.com\/clanespectaculos\/","article_published_time":"2026-04-28T00:28:48+00:00","og_image":[{"width":900,"height":505,"url":"https:\/\/radioclanfm.com\/clanespectaculos\/wp-content\/uploads\/sites\/2\/2026\/04\/jwKO6VSS.jpg","type":"image\/jpeg"}],"author":"E-GRUPOCLAN","twitter_card":"summary_large_image","twitter_creator":"@clanespectok","twitter_site":"@clanespectok","twitter_misc":{"Escrito por":"E-GRUPOCLAN","Tiempo de lectura":"4 minutos"},"schema":{"@context":"https:\/\/schema.org","@graph":[{"@type":"Article","@id":"https:\/\/radioclanfm.com\/clanespectaculos\/asi-fue-el-encuentro-casual-de-zaira-nara-y-paula-chaves-que-abre-la-puerta-a-una-reconciliacion\/#article","isPartOf":{"@id":"https:\/\/radioclanfm.com\/clanespectaculos\/asi-fue-el-encuentro-casual-de-zaira-nara-y-paula-chaves-que-abre-la-puerta-a-una-reconciliacion\/"},"author":{"name":"E-GRUPOCLAN","@id":"https:\/\/radioclanfm.com\/clanespectaculos\/#\/schema\/person\/9734813083303230f3ad84d99171b20c"},"headline":"As\u00ed fue el encuentro casual de Zaira Nara y Paula Chaves que abre la puerta a una reconciliaci\u00f3n","datePublished":"2026-04-28T00:28:48+00:00","mainEntityOfPage":{"@id":"https:\/\/radioclanfm.com\/clanespectaculos\/asi-fue-el-encuentro-casual-de-zaira-nara-y-paula-chaves-que-abre-la-puerta-a-una-reconciliacion\/"},"wordCount":732,"commentCount":0,"publisher":{"@id":"https:\/\/radioclanfm.com\/clanespectaculos\/#organization"},"image":{"@id":"https:\/\/radioclanfm.com\/clanespectaculos\/asi-fue-el-encuentro-casual-de-zaira-nara-y-paula-chaves-que-abre-la-puerta-a-una-reconciliacion\/#primaryimage"},"thumbnailUrl":"https:\/\/radioclanfm.com\/clanespectaculos\/wp-content\/uploads\/sites\/2\/2026\/04\/jwKO6VSS.jpg","articleSection":["Espectaculos"],"inLanguage":"es-AR","potentialAction":[{"@type":"CommentAction","name":"Comment","target":["https:\/\/radioclanfm.com\/clanespectaculos\/asi-fue-el-encuentro-casual-de-zaira-nara-y-paula-chaves-que-abre-la-puerta-a-una-reconciliacion\/#respond"]}]},{"@type":"WebPage","@id":"https:\/\/radioclanfm.com\/clanespectaculos\/asi-fue-el-encuentro-casual-de-zaira-nara-y-paula-chaves-que-abre-la-puerta-a-una-reconciliacion\/","url":"https:\/\/radioclanfm.com\/clanespectaculos\/asi-fue-el-encuentro-casual-de-zaira-nara-y-paula-chaves-que-abre-la-puerta-a-una-reconciliacion\/","name":"As\u00ed fue el encuentro casual de Zaira Nara y Paula Chaves que abre la puerta a una reconciliaci\u00f3n - CLAN ESPECTACULOS","isPartOf":{"@id":"https:\/\/radioclanfm.com\/clanespectaculos\/#website"},"primaryImageOfPage":{"@id":"https:\/\/radioclanfm.com\/clanespectaculos\/asi-fue-el-encuentro-casual-de-zaira-nara-y-paula-chaves-que-abre-la-puerta-a-una-reconciliacion\/#primaryimage"},"image":{"@id":"https:\/\/radioclanfm.com\/clanespectaculos\/asi-fue-el-encuentro-casual-de-zaira-nara-y-paula-chaves-que-abre-la-puerta-a-una-reconciliacion\/#primaryimage"},"thumbnailUrl":"https:\/\/radioclanfm.com\/clanespectaculos\/wp-content\/uploads\/sites\/2\/2026\/04\/jwKO6VSS.jpg","datePublished":"2026-04-28T00:28:48+00:00","breadcrumb":{"@id":"https:\/\/radioclanfm.com\/clanespectaculos\/asi-fue-el-encuentro-casual-de-zaira-nara-y-paula-chaves-que-abre-la-puerta-a-una-reconciliacion\/#breadcrumb"},"inLanguage":"es-AR","potentialAction":[{"@type":"ReadAction","target":["https:\/\/radioclanfm.com\/clanespectaculos\/asi-fue-el-encuentro-casual-de-zaira-nara-y-paula-chaves-que-abre-la-puerta-a-una-reconciliacion\/"]}]},{"@type":"ImageObject","inLanguage":"es-AR","@id":"https:\/\/radioclanfm.com\/clanespectaculos\/asi-fue-el-encuentro-casual-de-zaira-nara-y-paula-chaves-que-abre-la-puerta-a-una-reconciliacion\/#primaryimage","url":"https:\/\/radioclanfm.com\/clanespectaculos\/wp-content\/uploads\/sites\/2\/2026\/04\/jwKO6VSS.jpg","contentUrl":"https:\/\/radioclanfm.com\/clanespectaculos\/wp-content\/uploads\/sites\/2\/2026\/04\/jwKO6VSS.jpg","width":900,"height":505},{"@type":"BreadcrumbList","@id":"https:\/\/radioclanfm.com\/clanespectaculos\/asi-fue-el-encuentro-casual-de-zaira-nara-y-paula-chaves-que-abre-la-puerta-a-una-reconciliacion\/#breadcrumb","itemListElement":[{"@type":"ListItem","position":1,"name":"Inicio","item":"https:\/\/radioclanfm.com\/clanespectaculos\/"},{"@type":"ListItem","position":2,"name":"As\u00ed fue el encuentro casual de Zaira Nara y Paula Chaves que abre la puerta a una reconciliaci\u00f3n"}]},{"@type":"WebSite","@id":"https:\/\/radioclanfm.com\/clanespectaculos\/#website","url":"https:\/\/radioclanfm.com\/clanespectaculos\/","name":"CLAN ESPECTACULOS","description":"","publisher":{"@id":"https:\/\/radioclanfm.com\/clanespectaculos\/#organization"},"potentialAction":[{"@type":"SearchAction","target":{"@type":"EntryPoint","urlTemplate":"https:\/\/radioclanfm.com\/clanespectaculos\/?s={search_term_string}"},"query-input":{"@type":"PropertyValueSpecification","valueRequired":true,"valueName":"search_term_string"}}],"inLanguage":"es-AR"},{"@type":"Organization","@id":"https:\/\/radioclanfm.com\/clanespectaculos\/#organization","name":"CLAN ESPECTACULOS","url":"https:\/\/radioclanfm.com\/clanespectaculos\/","logo":{"@type":"ImageObject","inLanguage":"es-AR","@id":"https:\/\/radioclanfm.com\/clanespectaculos\/#\/schema\/logo\/image\/","url":"https:\/\/radioclanfm.com\/clanespectaculos\/wp-content\/uploads\/sites\/2\/2026\/04\/ChatGPT-Image-23-mar-2026-10_09_00.png","contentUrl":"https:\/\/radioclanfm.com\/clanespectaculos\/wp-content\/uploads\/sites\/2\/2026\/04\/ChatGPT-Image-23-mar-2026-10_09_00.png","width":1024,"height":1024,"caption":"CLAN ESPECTACULOS"},"image":{"@id":"https:\/\/radioclanfm.com\/clanespectaculos\/#\/schema\/logo\/image\/"},"sameAs":["https:\/\/www.facebook.com\/clanespectaculos\/","https:\/\/x.com\/clanespectok"]},{"@type":"Person","@id":"https:\/\/radioclanfm.com\/clanespectaculos\/#\/schema\/person\/9734813083303230f3ad84d99171b20c","name":"E-GRUPOCLAN","image":{"@type":"ImageObject","inLanguage":"es-AR","@id":"https:\/\/secure.gravatar.com\/avatar\/af6e19837c3d6a212034a48c7b3818d2ac1826f6025df0155da5a186ad321d79?s=96&d=mm&r=g","url":"https:\/\/secure.gravatar.com\/avatar\/af6e19837c3d6a212034a48c7b3818d2ac1826f6025df0155da5a186ad321d79?s=96&d=mm&r=g","contentUrl":"https:\/\/secure.gravatar.com\/avatar\/af6e19837c3d6a212034a48c7b3818d2ac1826f6025df0155da5a186ad321d79?s=96&d=mm&r=g","caption":"E-GRUPOCLAN"},"sameAs":["https:\/\/radioclanfm.com"],"url":"https:\/\/radioclanfm.com\/clanespectaculos\/author\/admin\/"}]}},"_links":{"self":[{"href":"https:\/\/radioclanfm.com\/clanespectaculos\/wp-json\/wp\/v2\/posts\/15941","targetHints":{"allow":["GET"]}}],"collection":[{"href":"https:\/\/radioclanfm.com\/clanespectaculos\/wp-json\/wp\/v2\/posts"}],"about":[{"href":"https:\/\/radioclanfm.com\/clanespectaculos\/wp-json\/wp\/v2\/types\/post"}],"author":[{"embeddable":true,"href":"https:\/\/radioclanfm.com\/clanespectaculos\/wp-json\/wp\/v2\/users\/1"}],"replies":[{"embeddable":true,"href":"https:\/\/radioclanfm.com\/clanespectaculos\/wp-json\/wp\/v2\/comments?post=15941"}],"version-history":[{"count":1,"href":"https:\/\/radioclanfm.com\/clanespectaculos\/wp-json\/wp\/v2\/posts\/15941\/revisions"}],"predecessor-version":[{"id":15943,"href":"https:\/\/radioclanfm.com\/clanespectaculos\/wp-json\/wp\/v2\/posts\/15941\/revisions\/15943"}],"wp:featuredmedia":[{"embeddable":true,"href":"https:\/\/radioclanfm.com\/clanespectaculos\/wp-json\/wp\/v2\/media\/15942"}],"wp:attachment":[{"href":"https:\/\/radioclanfm.com\/clanespectaculos\/wp-json\/wp\/v2\/media?parent=15941"}],"wp:term":[{"taxonomy":"category","embeddable":true,"href":"https:\/\/radioclanfm.com\/clanespectaculos\/wp-json\/wp\/v2\/categories?post=15941"},{"taxonomy":"post_tag","embeddable":true,"href":"https:\/\/radioclanfm.com\/clanespectaculos\/wp-json\/wp\/v2\/tags?post=15941"}],"curies":[{"name":"wp","href":"https:\/\/api.w.org\/{rel}","templated":true}]}}