{"id":15932,"date":"2026-04-27T21:23:37","date_gmt":"2026-04-28T00:23:37","guid":{"rendered":"https:\/\/radioclanfm.com\/clanespectaculos\/?p=15932"},"modified":"2026-04-27T21:23:37","modified_gmt":"2026-04-28T00:23:37","slug":"veronica-llinas-dijo-que-le-robaron-el-celular-en-una-zona-top-y-causo-polemica-si-era-en-la-boca-aparecia","status":"publish","type":"post","link":"https:\/\/radioclanfm.com\/clanespectaculos\/veronica-llinas-dijo-que-le-robaron-el-celular-en-una-zona-top-y-causo-polemica-si-era-en-la-boca-aparecia\/","title":{"rendered":"Ver\u00f3nica Llin\u00e1s dijo que le robaron el celular en una zona top y caus\u00f3 pol\u00e9mica: \u201cSi era en La Boca, aparec\u00eda\u201d"},"content":{"rendered":"<p>Indignada por los hechos, la actriz lanz\u00f3 un ir\u00f3nico comentario que abri\u00f3 un inesperado debate en las redes.<\/p>\n<div class=\"col-content\"><main class=\"col-content\"><\/p>\n<div class=\"default-article-color article__body article__article\">\n<p class=\"paragraph font__body-regular\"><b>Ver\u00f3nica Llin\u00e1s<\/b><b>\u00a0cont\u00f3 que le robaron el celular en Puerto Madero\u00a0<\/b>y lanz\u00f3 un comentario que caus\u00f3 pol\u00e9mica. \u201cMe lo chorearon\u201d, escribi\u00f3 en su perfil de la red social X. Y remat\u00f3:\u00a0<b>\u201cSi me lo dejaba en un bodeg\u00f3n de La Boca, capaz que aparec\u00eda\u201d<\/b>.<\/p>\n<div id=\"ad-slot-infeed\" class=\"infeed-container ad-slot-infeed ad-slot\" data-adtype=\"infeed\" data-lazyload=\"1\" data-google-query-id=\"CNiip9-jj5QDFXKDYQYdUKgyIg\">\n<div id=\"google_ads_iframe_\/113951150\/tn-arc\/nota\/infeed_0__container__\"><iframe id=\"google_ads_iframe_\/113951150\/tn-arc\/nota\/infeed_0\" tabindex=\"0\" title=\"Contenido de anuncios de terceros\" name=\"google_ads_iframe_\/113951150\/tn-arc\/nota\/infeed_0\" width=\"1\" height=\"1\" frameborder=\"0\" marginwidth=\"0\" marginheight=\"0\" scrolling=\"no\" aria-label=\"Anuncio\" data-google-container-id=\"9\" data-load-complete=\"true\" data-mce-fragment=\"1\"><\/iframe><\/div>\n<\/div>\n<p class=\"paragraph font__body-regular\">Su tuit no pas\u00f3 inadvertido entre los internautas, quienes\u00a0<b>reaccionaron con todo tipo de comentarios.<\/b><\/p>\n<div class=\"story-list\" data-mrf-recirculation=\"IL_RNrGCM52Q_ui4aMax3fibg\" data-testid=\"text-html\" data-mrf-experience=\"IL_RNrGCM52Q_ui4aMax3fibg\">\n<article class=\"card__container card__horizontal\">\n<div class=\"card__body\">\n<header>\n<h3 class=\"card__headline font__display\"><\/h3>\n<\/header>\n<\/div>\n<\/article>\n<\/div>\n<figure class=\"\" data-testid=\"figure-testid\">\n<div class=\"aspect_ratio__container\"><picture class=\"responsive-image\"><source srcset=\"https:\/\/tn.com.ar\/resizer\/v2\/veronica-llinas-dijo-que-le-robaron-el-celular-en-puerto-madero-y-causo-polemica-en-la-boca-me-lo-devolvian-foto-captura-x-vllinas-7Z5JGPWVFRBCBHY7XM3PM7XBF4.PNG?auth=9b661776aac789b5931aa22b3be53f57db2a6e4efd1468385e071b1fa89a161c&amp;width=767\" type=\"image\/jpg\" media=\"(max-width: 728px)\" \/><source srcset=\"https:\/\/tn.com.ar\/resizer\/v2\/veronica-llinas-dijo-que-le-robaron-el-celular-en-puerto-madero-y-causo-polemica-en-la-boca-me-lo-devolvian-foto-captura-x-vllinas-7Z5JGPWVFRBCBHY7XM3PM7XBF4.PNG?auth=9b661776aac789b5931aa22b3be53f57db2a6e4efd1468385e071b1fa89a161c&amp;width=1023\" type=\"image\/jpg\" media=\"(max-width: 1023px)\" \/><source srcset=\"https:\/\/tn.com.ar\/resizer\/v2\/veronica-llinas-dijo-que-le-robaron-el-celular-en-puerto-madero-y-causo-polemica-en-la-boca-me-lo-devolvian-foto-captura-x-vllinas-7Z5JGPWVFRBCBHY7XM3PM7XBF4.PNG?auth=9b661776aac789b5931aa22b3be53f57db2a6e4efd1468385e071b1fa89a161c&amp;width=1440\" type=\"image\/jpg\" \/><img loading=\"lazy\" decoding=\"async\" class=\"image content-image image_placeholder\" src=\"https:\/\/tn.com.ar\/resizer\/v2\/veronica-llinas-dijo-que-le-robaron-el-celular-en-puerto-madero-y-causo-polemica-en-la-boca-me-lo-devolvian-foto-captura-x-vllinas-7Z5JGPWVFRBCBHY7XM3PM7XBF4.PNG?auth=9b661776aac789b5931aa22b3be53f57db2a6e4efd1468385e071b1fa89a161c&amp;width=767\" alt=\"Ver\u00f3nica Llin\u00e1s dijo que le robaron el celular en Puerto Madero y caus\u00f3 pol\u00e9mica: \u201cEn La Boca me lo devolv\u00edan\u201d (Foto: Captura X \/VLlinas)\" width=\"767\" height=\"218\" data-testid=\"loading-testid\" \/><\/picture><\/div><figcaption class=\"caption_image\" data-testid=\"figcaption-testid\">\n<div class=\"image_caption \">Ver\u00f3nica Llin\u00e1s dijo que le robaron el celular en Puerto Madero y caus\u00f3 pol\u00e9mica: \u201cEn La Boca me lo devolv\u00edan\u201d (Foto: Captura X \/VLlinas)<\/div>\n<\/figcaption><\/figure>\n<p class=\"paragraph font__body-regular\">\u201cQue jodida la gente que siempre est\u00e1 en contra de ser clasista siendo clasistas ellos mismos. Pudren\u201d, \u201cEsper\u00e1 que te arreglo el tuit: \u2018Me dej\u00e9 el celular en un restor\u00e1n, qu\u00e9 b&#8230; soy\u2019. Listo\u201d, \u201cVero me parece una for&#8230; la comparaci\u00f3n, dicho esto \u00bfNo probaste ubicarlo por GPS? Si lo ten\u00e9s activado quiz\u00e1s te lleve a La Boca\u201d, \u201c\u00a1Y por qu\u00e9 no prob\u00e1s de ir a cenar a La Matanza o San Mart\u00edn y nos cont\u00e1s despu\u00e9s c\u00f3mo te fue? Si pod\u00e9s&#8230;\u201d, fueron algunos de los mensajes que m\u00e1s se repitieron.<\/p>\n<figure class=\"\" data-testid=\"figure-testid\">\n<div class=\"aspect_ratio__container\"><picture class=\"responsive-image\"><source srcset=\"https:\/\/tn.com.ar\/resizer\/v2\/veronica-llinas-dijo-que-le-robaron-el-celular-en-puerto-madero-y-causo-polemica-en-la-boca-me-lo-devolvian-foto-captura-x-vllinas-QRRBYRCRPBCZVDDJZKDG4VL6EA.PNG?auth=f0642f6764793f0e21b6a727679bc89b8cd1014beef7ca82ffaf3b4fb60df6ee&amp;width=767\" type=\"image\/jpg\" media=\"(max-width: 728px)\" \/><source srcset=\"https:\/\/tn.com.ar\/resizer\/v2\/veronica-llinas-dijo-que-le-robaron-el-celular-en-puerto-madero-y-causo-polemica-en-la-boca-me-lo-devolvian-foto-captura-x-vllinas-QRRBYRCRPBCZVDDJZKDG4VL6EA.PNG?auth=f0642f6764793f0e21b6a727679bc89b8cd1014beef7ca82ffaf3b4fb60df6ee&amp;width=1023\" type=\"image\/jpg\" media=\"(max-width: 1023px)\" \/><source srcset=\"https:\/\/tn.com.ar\/resizer\/v2\/veronica-llinas-dijo-que-le-robaron-el-celular-en-puerto-madero-y-causo-polemica-en-la-boca-me-lo-devolvian-foto-captura-x-vllinas-QRRBYRCRPBCZVDDJZKDG4VL6EA.PNG?auth=f0642f6764793f0e21b6a727679bc89b8cd1014beef7ca82ffaf3b4fb60df6ee&amp;width=1440\" type=\"image\/jpg\" \/><img loading=\"lazy\" decoding=\"async\" class=\"image content-image image_placeholder\" src=\"https:\/\/tn.com.ar\/resizer\/v2\/veronica-llinas-dijo-que-le-robaron-el-celular-en-puerto-madero-y-causo-polemica-en-la-boca-me-lo-devolvian-foto-captura-x-vllinas-QRRBYRCRPBCZVDDJZKDG4VL6EA.PNG?auth=f0642f6764793f0e21b6a727679bc89b8cd1014beef7ca82ffaf3b4fb60df6ee&amp;width=767\" alt=\"Ver\u00f3nica Llin\u00e1s dijo que le robaron el celular en Puerto Madero y caus\u00f3 pol\u00e9mica: \u201cEn La Boca me lo devolv\u00edan\u201d (Foto: Captura X \/VLlinas)\" width=\"767\" height=\"289\" data-testid=\"loading-testid\" \/><\/picture><\/div><figcaption class=\"caption_image\" data-testid=\"figcaption-testid\">\n<div class=\"image_caption \">Ver\u00f3nica Llin\u00e1s dijo que le robaron el celular en Puerto Madero y caus\u00f3 pol\u00e9mica: \u201cEn La Boca me lo devolv\u00edan\u201d (Foto: Captura X \/VLlinas)<\/div>\n<\/figcaption><\/figure>\n<p class=\"paragraph font__body-regular\">A ra\u00edz de esto, adem\u00e1s de responderle a los usuarios, horas m\u00e1s tarde la actriz hizo un descargo.<\/p>\n<p class=\"paragraph font__body-regular\">\u201cDios m\u00edo, la cantidad de opas que se toman lo que digo en serio, como si fuera una declaraci\u00f3n de principios.\u00a0<b>No se hagan tanta mala sangre por chistines m\u2019hijos, que les va a dar algo.<\/b>\u00a0Si quieren indignarse miren que tienen con qu\u00e9 eh&#8230;\u201c, sentenci\u00f3.<\/p>\n<h2 class=\"font--primary font__display\">El conmovedor posteo de Ver\u00f3nica Llin\u00e1s a diez a\u00f1os de la muerte de su esposo<\/h2>\n<p class=\"paragraph font__body-regular\">A comienzos de septiembre,\u00a0<b>Ver\u00f3nica Llin\u00e1s\u00a0<\/b>homenaje\u00f3 a su esposo,\u00a0<b>Guido Goretti<\/b>, a 10 a\u00f1os de su fallecimiento\u00a0con un emotivo mensaje en Instagram.<\/p>\n<p class=\"paragraph font__body-regular\">La actriz record\u00f3 a su pareja, con quien comparti\u00f3\u00a0<b>24 a\u00f1os de vida<\/b>, y resalt\u00f3 su alegr\u00eda, sentido del humor y pasi\u00f3n por los viajes. Goretti muri\u00f3 en 2015 tras una larga lucha contra el\u00a0<b>c\u00e1ncer<\/b>.<\/p>\n<p class=\"paragraph font__body-regular\">\u201cHoy habr\u00edas cumplido a\u00f1os, mi amor. Vaya uno a saber por qu\u00e9 mares estar\u00e1s navegando ahora, siempre con tu\u00a0<b>buen humor y tu sonrisa socarrona<\/b>, haciendo rid\u00edculas poses de f\u00edsicoculturista para las fotos. Quiero recordarte as\u00ed, siendo feliz, haciendo lo que m\u00e1s te gustaba, viajar juntos.\u00a0<b>Guido Goretti<\/b>\u201d, escribi\u00f3 Llin\u00e1s junto a una foto de su marido.<\/p>\n<figure class=\"\" data-testid=\"figure-testid\">\n<div class=\"aspect_ratio__container\"><picture class=\"responsive-image\"><source srcset=\"https:\/\/tn.com.ar\/resizer\/v2\/el-conmovedor-posteo-de-veronica-llinas-a-diez-anos-de-la-muerte-de-su-esposo-foto-instagramsoyverollinas-3HZWRVGENFDZPLDUA4PP36WAWE.jpg?auth=86e47d2313f9f6942b5526d427a02e131ca92e0cdee4db979a0fe385907fd7fc&amp;width=767\" type=\"image\/jpg\" media=\"(max-width: 728px)\" \/><source srcset=\"https:\/\/tn.com.ar\/resizer\/v2\/el-conmovedor-posteo-de-veronica-llinas-a-diez-anos-de-la-muerte-de-su-esposo-foto-instagramsoyverollinas-3HZWRVGENFDZPLDUA4PP36WAWE.jpg?auth=86e47d2313f9f6942b5526d427a02e131ca92e0cdee4db979a0fe385907fd7fc&amp;width=1023\" type=\"image\/jpg\" media=\"(max-width: 1023px)\" \/><source srcset=\"https:\/\/tn.com.ar\/resizer\/v2\/el-conmovedor-posteo-de-veronica-llinas-a-diez-anos-de-la-muerte-de-su-esposo-foto-instagramsoyverollinas-3HZWRVGENFDZPLDUA4PP36WAWE.jpg?auth=86e47d2313f9f6942b5526d427a02e131ca92e0cdee4db979a0fe385907fd7fc&amp;width=1440\" type=\"image\/jpg\" \/><img loading=\"lazy\" decoding=\"async\" class=\"image content-image image_placeholder\" src=\"https:\/\/tn.com.ar\/resizer\/v2\/el-conmovedor-posteo-de-veronica-llinas-a-diez-anos-de-la-muerte-de-su-esposo-foto-instagramsoyverollinas-3HZWRVGENFDZPLDUA4PP36WAWE.jpg?auth=86e47d2313f9f6942b5526d427a02e131ca92e0cdee4db979a0fe385907fd7fc&amp;width=767\" alt=\"El conmovedor posteo de Ver\u00f3nica Llin\u00e1s a diez a\u00f1os de la muerte de su esposo. (Foto: Instagram\/@soyverollinas).\" width=\"767\" height=\"430\" data-testid=\"loading-testid\" \/><\/picture><\/div><figcaption class=\"caption_image\" data-testid=\"figcaption-testid\">\n<div class=\"image_caption \">El conmovedor posteo de Ver\u00f3nica Llin\u00e1s a diez a\u00f1os de la muerte de su esposo. (Foto: Instagram\/@soyverollinas).<\/div>\n<\/figcaption><\/figure>\n<p class=\"paragraph font__body-regular\">El c\u00e1ncer de Goretti parec\u00eda controlado, pero luego\u00a0<b>hizo met\u00e1stasis en el cerebro<\/b>, acelerando el tr\u00e1gico desenlace. Sobre ese momento, Llin\u00e1s dijo que solo tuvo dos caminos:\u00a0<b>fortalecerse o dejarse vencer por el dolor<\/b>. Con el tiempo, logr\u00f3 crear una capa de resiliencia que la mantiene firme hasta hoy.<\/p>\n<\/div>\n<p><\/main><\/div>\n<aside class=\"col-right-rail right-rail\">\n<div id=\"parent-ad-slot-caja\" class=\"ad-container caja_ad \">\n<div class=\"ad-content\"><\/div>\n<\/div>\n<\/aside>\n","protected":false},"excerpt":{"rendered":"<p>Indignada por los hechos, la actriz lanz\u00f3 un ir\u00f3nico comentario que abri\u00f3 un inesperado debate en las redes. Ver\u00f3nica Llin\u00e1s\u00a0cont\u00f3 que le robaron el celular en Puerto Madero\u00a0y lanz\u00f3 un comentario que caus\u00f3 pol\u00e9mica. \u201cMe lo chorearon\u201d, escribi\u00f3 en su perfil de la red social X. Y remat\u00f3:\u00a0\u201cSi me lo dejaba en un bodeg\u00f3n de [&hellip;]<\/p>\n","protected":false},"author":1,"featured_media":15933,"comment_status":"open","ping_status":"open","sticky":false,"template":"","format":"standard","meta":{"rop_custom_images_group":[],"rop_custom_messages_group":[],"rop_publish_now":"initial","rop_publish_now_accounts":[],"rop_publish_now_history":[],"rop_publish_now_status":"pending","footnotes":"","jetpack_publicize_message":"","jetpack_publicize_feature_enabled":true,"jetpack_social_post_already_shared":true,"jetpack_social_options":{"image_generator_settings":{"template":"highway","enabled":false},"version":2}},"categories":[12],"tags":[],"class_list":{"0":"post-15932","1":"post","2":"type-post","3":"status-publish","4":"format-standard","5":"has-post-thumbnail","7":"category-espectaculos"},"jetpack_publicize_connections":[],"yoast_head":"<!-- This site is optimized with the Yoast SEO plugin v27.3 - https:\/\/yoast.com\/product\/yoast-seo-wordpress\/ -->\n<title>Ver\u00f3nica Llin\u00e1s dijo que le robaron el celular en una zona top y caus\u00f3 pol\u00e9mica: \u201cSi era en La Boca, aparec\u00eda\u201d - CLAN ESPECTACULOS<\/title>\n<meta name=\"robots\" content=\"index, follow, max-snippet:-1, max-image-preview:large, max-video-preview:-1\" \/>\n<link rel=\"canonical\" href=\"https:\/\/radioclanfm.com\/clanespectaculos\/veronica-llinas-dijo-que-le-robaron-el-celular-en-una-zona-top-y-causo-polemica-si-era-en-la-boca-aparecia\/\" \/>\n<meta property=\"og:locale\" content=\"es_ES\" \/>\n<meta property=\"og:type\" content=\"article\" \/>\n<meta property=\"og:title\" content=\"Ver\u00f3nica Llin\u00e1s dijo que le robaron el celular en una zona top y caus\u00f3 pol\u00e9mica: \u201cSi era en La Boca, aparec\u00eda\u201d - CLAN ESPECTACULOS\" \/>\n<meta property=\"og:description\" content=\"Indignada por los hechos, la actriz lanz\u00f3 un ir\u00f3nico comentario que abri\u00f3 un inesperado debate en las redes. Ver\u00f3nica Llin\u00e1s\u00a0cont\u00f3 que le robaron el celular en Puerto Madero\u00a0y lanz\u00f3 un comentario que caus\u00f3 pol\u00e9mica. \u201cMe lo chorearon\u201d, escribi\u00f3 en su perfil de la red social X. Y remat\u00f3:\u00a0\u201cSi me lo dejaba en un bodeg\u00f3n de [&hellip;]\" \/>\n<meta property=\"og:url\" content=\"https:\/\/radioclanfm.com\/clanespectaculos\/veronica-llinas-dijo-que-le-robaron-el-celular-en-una-zona-top-y-causo-polemica-si-era-en-la-boca-aparecia\/\" \/>\n<meta property=\"og:site_name\" content=\"CLAN ESPECTACULOS\" \/>\n<meta property=\"article:publisher\" content=\"https:\/\/www.facebook.com\/clanespectaculos\/\" \/>\n<meta property=\"article:published_time\" content=\"2026-04-28T00:23:37+00:00\" \/>\n<meta property=\"og:image\" content=\"https:\/\/radioclanfm.com\/clanespectaculos\/wp-content\/uploads\/sites\/2\/2026\/04\/ECg3S002.jpg\" \/>\n\t<meta property=\"og:image:width\" content=\"900\" \/>\n\t<meta property=\"og:image:height\" content=\"504\" \/>\n\t<meta property=\"og:image:type\" content=\"image\/jpeg\" \/>\n<meta name=\"author\" content=\"E-GRUPOCLAN\" \/>\n<meta name=\"twitter:card\" content=\"summary_large_image\" \/>\n<meta name=\"twitter:creator\" content=\"@clanespectok\" \/>\n<meta name=\"twitter:site\" content=\"@clanespectok\" \/>\n<meta name=\"twitter:label1\" content=\"Escrito por\" \/>\n\t<meta name=\"twitter:data1\" content=\"E-GRUPOCLAN\" \/>\n\t<meta name=\"twitter:label2\" content=\"Tiempo de lectura\" \/>\n\t<meta name=\"twitter:data2\" content=\"3 minutos\" \/>\n<script type=\"application\/ld+json\" class=\"yoast-schema-graph\">{\"@context\":\"https:\\\/\\\/schema.org\",\"@graph\":[{\"@type\":\"Article\",\"@id\":\"https:\\\/\\\/radioclanfm.com\\\/clanespectaculos\\\/veronica-llinas-dijo-que-le-robaron-el-celular-en-una-zona-top-y-causo-polemica-si-era-en-la-boca-aparecia\\\/#article\",\"isPartOf\":{\"@id\":\"https:\\\/\\\/radioclanfm.com\\\/clanespectaculos\\\/veronica-llinas-dijo-que-le-robaron-el-celular-en-una-zona-top-y-causo-polemica-si-era-en-la-boca-aparecia\\\/\"},\"author\":{\"name\":\"E-GRUPOCLAN\",\"@id\":\"https:\\\/\\\/radioclanfm.com\\\/clanespectaculos\\\/#\\\/schema\\\/person\\\/9734813083303230f3ad84d99171b20c\"},\"headline\":\"Ver\u00f3nica Llin\u00e1s dijo que le robaron el celular en una zona top y caus\u00f3 pol\u00e9mica: \u201cSi era en La Boca, aparec\u00eda\u201d\",\"datePublished\":\"2026-04-28T00:23:37+00:00\",\"mainEntityOfPage\":{\"@id\":\"https:\\\/\\\/radioclanfm.com\\\/clanespectaculos\\\/veronica-llinas-dijo-que-le-robaron-el-celular-en-una-zona-top-y-causo-polemica-si-era-en-la-boca-aparecia\\\/\"},\"wordCount\":558,\"commentCount\":0,\"publisher\":{\"@id\":\"https:\\\/\\\/radioclanfm.com\\\/clanespectaculos\\\/#organization\"},\"image\":{\"@id\":\"https:\\\/\\\/radioclanfm.com\\\/clanespectaculos\\\/veronica-llinas-dijo-que-le-robaron-el-celular-en-una-zona-top-y-causo-polemica-si-era-en-la-boca-aparecia\\\/#primaryimage\"},\"thumbnailUrl\":\"https:\\\/\\\/radioclanfm.com\\\/clanespectaculos\\\/wp-content\\\/uploads\\\/sites\\\/2\\\/2026\\\/04\\\/ECg3S002.jpg\",\"articleSection\":[\"Espectaculos\"],\"inLanguage\":\"es-AR\",\"potentialAction\":[{\"@type\":\"CommentAction\",\"name\":\"Comment\",\"target\":[\"https:\\\/\\\/radioclanfm.com\\\/clanespectaculos\\\/veronica-llinas-dijo-que-le-robaron-el-celular-en-una-zona-top-y-causo-polemica-si-era-en-la-boca-aparecia\\\/#respond\"]}]},{\"@type\":\"WebPage\",\"@id\":\"https:\\\/\\\/radioclanfm.com\\\/clanespectaculos\\\/veronica-llinas-dijo-que-le-robaron-el-celular-en-una-zona-top-y-causo-polemica-si-era-en-la-boca-aparecia\\\/\",\"url\":\"https:\\\/\\\/radioclanfm.com\\\/clanespectaculos\\\/veronica-llinas-dijo-que-le-robaron-el-celular-en-una-zona-top-y-causo-polemica-si-era-en-la-boca-aparecia\\\/\",\"name\":\"Ver\u00f3nica Llin\u00e1s dijo que le robaron el celular en una zona top y caus\u00f3 pol\u00e9mica: \u201cSi era en La Boca, aparec\u00eda\u201d - CLAN ESPECTACULOS\",\"isPartOf\":{\"@id\":\"https:\\\/\\\/radioclanfm.com\\\/clanespectaculos\\\/#website\"},\"primaryImageOfPage\":{\"@id\":\"https:\\\/\\\/radioclanfm.com\\\/clanespectaculos\\\/veronica-llinas-dijo-que-le-robaron-el-celular-en-una-zona-top-y-causo-polemica-si-era-en-la-boca-aparecia\\\/#primaryimage\"},\"image\":{\"@id\":\"https:\\\/\\\/radioclanfm.com\\\/clanespectaculos\\\/veronica-llinas-dijo-que-le-robaron-el-celular-en-una-zona-top-y-causo-polemica-si-era-en-la-boca-aparecia\\\/#primaryimage\"},\"thumbnailUrl\":\"https:\\\/\\\/radioclanfm.com\\\/clanespectaculos\\\/wp-content\\\/uploads\\\/sites\\\/2\\\/2026\\\/04\\\/ECg3S002.jpg\",\"datePublished\":\"2026-04-28T00:23:37+00:00\",\"breadcrumb\":{\"@id\":\"https:\\\/\\\/radioclanfm.com\\\/clanespectaculos\\\/veronica-llinas-dijo-que-le-robaron-el-celular-en-una-zona-top-y-causo-polemica-si-era-en-la-boca-aparecia\\\/#breadcrumb\"},\"inLanguage\":\"es-AR\",\"potentialAction\":[{\"@type\":\"ReadAction\",\"target\":[\"https:\\\/\\\/radioclanfm.com\\\/clanespectaculos\\\/veronica-llinas-dijo-que-le-robaron-el-celular-en-una-zona-top-y-causo-polemica-si-era-en-la-boca-aparecia\\\/\"]}]},{\"@type\":\"ImageObject\",\"inLanguage\":\"es-AR\",\"@id\":\"https:\\\/\\\/radioclanfm.com\\\/clanespectaculos\\\/veronica-llinas-dijo-que-le-robaron-el-celular-en-una-zona-top-y-causo-polemica-si-era-en-la-boca-aparecia\\\/#primaryimage\",\"url\":\"https:\\\/\\\/radioclanfm.com\\\/clanespectaculos\\\/wp-content\\\/uploads\\\/sites\\\/2\\\/2026\\\/04\\\/ECg3S002.jpg\",\"contentUrl\":\"https:\\\/\\\/radioclanfm.com\\\/clanespectaculos\\\/wp-content\\\/uploads\\\/sites\\\/2\\\/2026\\\/04\\\/ECg3S002.jpg\",\"width\":900,\"height\":504},{\"@type\":\"BreadcrumbList\",\"@id\":\"https:\\\/\\\/radioclanfm.com\\\/clanespectaculos\\\/veronica-llinas-dijo-que-le-robaron-el-celular-en-una-zona-top-y-causo-polemica-si-era-en-la-boca-aparecia\\\/#breadcrumb\",\"itemListElement\":[{\"@type\":\"ListItem\",\"position\":1,\"name\":\"Inicio\",\"item\":\"https:\\\/\\\/radioclanfm.com\\\/clanespectaculos\\\/\"},{\"@type\":\"ListItem\",\"position\":2,\"name\":\"Ver\u00f3nica Llin\u00e1s dijo que le robaron el celular en una zona top y caus\u00f3 pol\u00e9mica: \u201cSi era en La Boca, aparec\u00eda\u201d\"}]},{\"@type\":\"WebSite\",\"@id\":\"https:\\\/\\\/radioclanfm.com\\\/clanespectaculos\\\/#website\",\"url\":\"https:\\\/\\\/radioclanfm.com\\\/clanespectaculos\\\/\",\"name\":\"CLAN ESPECTACULOS\",\"description\":\"\",\"publisher\":{\"@id\":\"https:\\\/\\\/radioclanfm.com\\\/clanespectaculos\\\/#organization\"},\"potentialAction\":[{\"@type\":\"SearchAction\",\"target\":{\"@type\":\"EntryPoint\",\"urlTemplate\":\"https:\\\/\\\/radioclanfm.com\\\/clanespectaculos\\\/?s={search_term_string}\"},\"query-input\":{\"@type\":\"PropertyValueSpecification\",\"valueRequired\":true,\"valueName\":\"search_term_string\"}}],\"inLanguage\":\"es-AR\"},{\"@type\":\"Organization\",\"@id\":\"https:\\\/\\\/radioclanfm.com\\\/clanespectaculos\\\/#organization\",\"name\":\"CLAN ESPECTACULOS\",\"url\":\"https:\\\/\\\/radioclanfm.com\\\/clanespectaculos\\\/\",\"logo\":{\"@type\":\"ImageObject\",\"inLanguage\":\"es-AR\",\"@id\":\"https:\\\/\\\/radioclanfm.com\\\/clanespectaculos\\\/#\\\/schema\\\/logo\\\/image\\\/\",\"url\":\"https:\\\/\\\/radioclanfm.com\\\/clanespectaculos\\\/wp-content\\\/uploads\\\/sites\\\/2\\\/2026\\\/04\\\/ChatGPT-Image-23-mar-2026-10_09_00.png\",\"contentUrl\":\"https:\\\/\\\/radioclanfm.com\\\/clanespectaculos\\\/wp-content\\\/uploads\\\/sites\\\/2\\\/2026\\\/04\\\/ChatGPT-Image-23-mar-2026-10_09_00.png\",\"width\":1024,\"height\":1024,\"caption\":\"CLAN ESPECTACULOS\"},\"image\":{\"@id\":\"https:\\\/\\\/radioclanfm.com\\\/clanespectaculos\\\/#\\\/schema\\\/logo\\\/image\\\/\"},\"sameAs\":[\"https:\\\/\\\/www.facebook.com\\\/clanespectaculos\\\/\",\"https:\\\/\\\/x.com\\\/clanespectok\"]},{\"@type\":\"Person\",\"@id\":\"https:\\\/\\\/radioclanfm.com\\\/clanespectaculos\\\/#\\\/schema\\\/person\\\/9734813083303230f3ad84d99171b20c\",\"name\":\"E-GRUPOCLAN\",\"image\":{\"@type\":\"ImageObject\",\"inLanguage\":\"es-AR\",\"@id\":\"https:\\\/\\\/secure.gravatar.com\\\/avatar\\\/af6e19837c3d6a212034a48c7b3818d2ac1826f6025df0155da5a186ad321d79?s=96&d=mm&r=g\",\"url\":\"https:\\\/\\\/secure.gravatar.com\\\/avatar\\\/af6e19837c3d6a212034a48c7b3818d2ac1826f6025df0155da5a186ad321d79?s=96&d=mm&r=g\",\"contentUrl\":\"https:\\\/\\\/secure.gravatar.com\\\/avatar\\\/af6e19837c3d6a212034a48c7b3818d2ac1826f6025df0155da5a186ad321d79?s=96&d=mm&r=g\",\"caption\":\"E-GRUPOCLAN\"},\"sameAs\":[\"https:\\\/\\\/radioclanfm.com\"],\"url\":\"https:\\\/\\\/radioclanfm.com\\\/clanespectaculos\\\/author\\\/admin\\\/\"}]}<\/script>\n<!-- \/ Yoast SEO plugin. -->","yoast_head_json":{"title":"Ver\u00f3nica Llin\u00e1s dijo que le robaron el celular en una zona top y caus\u00f3 pol\u00e9mica: \u201cSi era en La Boca, aparec\u00eda\u201d - CLAN ESPECTACULOS","robots":{"index":"index","follow":"follow","max-snippet":"max-snippet:-1","max-image-preview":"max-image-preview:large","max-video-preview":"max-video-preview:-1"},"canonical":"https:\/\/radioclanfm.com\/clanespectaculos\/veronica-llinas-dijo-que-le-robaron-el-celular-en-una-zona-top-y-causo-polemica-si-era-en-la-boca-aparecia\/","og_locale":"es_ES","og_type":"article","og_title":"Ver\u00f3nica Llin\u00e1s dijo que le robaron el celular en una zona top y caus\u00f3 pol\u00e9mica: \u201cSi era en La Boca, aparec\u00eda\u201d - CLAN ESPECTACULOS","og_description":"Indignada por los hechos, la actriz lanz\u00f3 un ir\u00f3nico comentario que abri\u00f3 un inesperado debate en las redes. Ver\u00f3nica Llin\u00e1s\u00a0cont\u00f3 que le robaron el celular en Puerto Madero\u00a0y lanz\u00f3 un comentario que caus\u00f3 pol\u00e9mica. \u201cMe lo chorearon\u201d, escribi\u00f3 en su perfil de la red social X. Y remat\u00f3:\u00a0\u201cSi me lo dejaba en un bodeg\u00f3n de [&hellip;]","og_url":"https:\/\/radioclanfm.com\/clanespectaculos\/veronica-llinas-dijo-que-le-robaron-el-celular-en-una-zona-top-y-causo-polemica-si-era-en-la-boca-aparecia\/","og_site_name":"CLAN ESPECTACULOS","article_publisher":"https:\/\/www.facebook.com\/clanespectaculos\/","article_published_time":"2026-04-28T00:23:37+00:00","og_image":[{"width":900,"height":504,"url":"https:\/\/radioclanfm.com\/clanespectaculos\/wp-content\/uploads\/sites\/2\/2026\/04\/ECg3S002.jpg","type":"image\/jpeg"}],"author":"E-GRUPOCLAN","twitter_card":"summary_large_image","twitter_creator":"@clanespectok","twitter_site":"@clanespectok","twitter_misc":{"Escrito por":"E-GRUPOCLAN","Tiempo de lectura":"3 minutos"},"schema":{"@context":"https:\/\/schema.org","@graph":[{"@type":"Article","@id":"https:\/\/radioclanfm.com\/clanespectaculos\/veronica-llinas-dijo-que-le-robaron-el-celular-en-una-zona-top-y-causo-polemica-si-era-en-la-boca-aparecia\/#article","isPartOf":{"@id":"https:\/\/radioclanfm.com\/clanespectaculos\/veronica-llinas-dijo-que-le-robaron-el-celular-en-una-zona-top-y-causo-polemica-si-era-en-la-boca-aparecia\/"},"author":{"name":"E-GRUPOCLAN","@id":"https:\/\/radioclanfm.com\/clanespectaculos\/#\/schema\/person\/9734813083303230f3ad84d99171b20c"},"headline":"Ver\u00f3nica Llin\u00e1s dijo que le robaron el celular en una zona top y caus\u00f3 pol\u00e9mica: \u201cSi era en La Boca, aparec\u00eda\u201d","datePublished":"2026-04-28T00:23:37+00:00","mainEntityOfPage":{"@id":"https:\/\/radioclanfm.com\/clanespectaculos\/veronica-llinas-dijo-que-le-robaron-el-celular-en-una-zona-top-y-causo-polemica-si-era-en-la-boca-aparecia\/"},"wordCount":558,"commentCount":0,"publisher":{"@id":"https:\/\/radioclanfm.com\/clanespectaculos\/#organization"},"image":{"@id":"https:\/\/radioclanfm.com\/clanespectaculos\/veronica-llinas-dijo-que-le-robaron-el-celular-en-una-zona-top-y-causo-polemica-si-era-en-la-boca-aparecia\/#primaryimage"},"thumbnailUrl":"https:\/\/radioclanfm.com\/clanespectaculos\/wp-content\/uploads\/sites\/2\/2026\/04\/ECg3S002.jpg","articleSection":["Espectaculos"],"inLanguage":"es-AR","potentialAction":[{"@type":"CommentAction","name":"Comment","target":["https:\/\/radioclanfm.com\/clanespectaculos\/veronica-llinas-dijo-que-le-robaron-el-celular-en-una-zona-top-y-causo-polemica-si-era-en-la-boca-aparecia\/#respond"]}]},{"@type":"WebPage","@id":"https:\/\/radioclanfm.com\/clanespectaculos\/veronica-llinas-dijo-que-le-robaron-el-celular-en-una-zona-top-y-causo-polemica-si-era-en-la-boca-aparecia\/","url":"https:\/\/radioclanfm.com\/clanespectaculos\/veronica-llinas-dijo-que-le-robaron-el-celular-en-una-zona-top-y-causo-polemica-si-era-en-la-boca-aparecia\/","name":"Ver\u00f3nica Llin\u00e1s dijo que le robaron el celular en una zona top y caus\u00f3 pol\u00e9mica: \u201cSi era en La Boca, aparec\u00eda\u201d - CLAN ESPECTACULOS","isPartOf":{"@id":"https:\/\/radioclanfm.com\/clanespectaculos\/#website"},"primaryImageOfPage":{"@id":"https:\/\/radioclanfm.com\/clanespectaculos\/veronica-llinas-dijo-que-le-robaron-el-celular-en-una-zona-top-y-causo-polemica-si-era-en-la-boca-aparecia\/#primaryimage"},"image":{"@id":"https:\/\/radioclanfm.com\/clanespectaculos\/veronica-llinas-dijo-que-le-robaron-el-celular-en-una-zona-top-y-causo-polemica-si-era-en-la-boca-aparecia\/#primaryimage"},"thumbnailUrl":"https:\/\/radioclanfm.com\/clanespectaculos\/wp-content\/uploads\/sites\/2\/2026\/04\/ECg3S002.jpg","datePublished":"2026-04-28T00:23:37+00:00","breadcrumb":{"@id":"https:\/\/radioclanfm.com\/clanespectaculos\/veronica-llinas-dijo-que-le-robaron-el-celular-en-una-zona-top-y-causo-polemica-si-era-en-la-boca-aparecia\/#breadcrumb"},"inLanguage":"es-AR","potentialAction":[{"@type":"ReadAction","target":["https:\/\/radioclanfm.com\/clanespectaculos\/veronica-llinas-dijo-que-le-robaron-el-celular-en-una-zona-top-y-causo-polemica-si-era-en-la-boca-aparecia\/"]}]},{"@type":"ImageObject","inLanguage":"es-AR","@id":"https:\/\/radioclanfm.com\/clanespectaculos\/veronica-llinas-dijo-que-le-robaron-el-celular-en-una-zona-top-y-causo-polemica-si-era-en-la-boca-aparecia\/#primaryimage","url":"https:\/\/radioclanfm.com\/clanespectaculos\/wp-content\/uploads\/sites\/2\/2026\/04\/ECg3S002.jpg","contentUrl":"https:\/\/radioclanfm.com\/clanespectaculos\/wp-content\/uploads\/sites\/2\/2026\/04\/ECg3S002.jpg","width":900,"height":504},{"@type":"BreadcrumbList","@id":"https:\/\/radioclanfm.com\/clanespectaculos\/veronica-llinas-dijo-que-le-robaron-el-celular-en-una-zona-top-y-causo-polemica-si-era-en-la-boca-aparecia\/#breadcrumb","itemListElement":[{"@type":"ListItem","position":1,"name":"Inicio","item":"https:\/\/radioclanfm.com\/clanespectaculos\/"},{"@type":"ListItem","position":2,"name":"Ver\u00f3nica Llin\u00e1s dijo que le robaron el celular en una zona top y caus\u00f3 pol\u00e9mica: \u201cSi era en La Boca, aparec\u00eda\u201d"}]},{"@type":"WebSite","@id":"https:\/\/radioclanfm.com\/clanespectaculos\/#website","url":"https:\/\/radioclanfm.com\/clanespectaculos\/","name":"CLAN ESPECTACULOS","description":"","publisher":{"@id":"https:\/\/radioclanfm.com\/clanespectaculos\/#organization"},"potentialAction":[{"@type":"SearchAction","target":{"@type":"EntryPoint","urlTemplate":"https:\/\/radioclanfm.com\/clanespectaculos\/?s={search_term_string}"},"query-input":{"@type":"PropertyValueSpecification","valueRequired":true,"valueName":"search_term_string"}}],"inLanguage":"es-AR"},{"@type":"Organization","@id":"https:\/\/radioclanfm.com\/clanespectaculos\/#organization","name":"CLAN ESPECTACULOS","url":"https:\/\/radioclanfm.com\/clanespectaculos\/","logo":{"@type":"ImageObject","inLanguage":"es-AR","@id":"https:\/\/radioclanfm.com\/clanespectaculos\/#\/schema\/logo\/image\/","url":"https:\/\/radioclanfm.com\/clanespectaculos\/wp-content\/uploads\/sites\/2\/2026\/04\/ChatGPT-Image-23-mar-2026-10_09_00.png","contentUrl":"https:\/\/radioclanfm.com\/clanespectaculos\/wp-content\/uploads\/sites\/2\/2026\/04\/ChatGPT-Image-23-mar-2026-10_09_00.png","width":1024,"height":1024,"caption":"CLAN ESPECTACULOS"},"image":{"@id":"https:\/\/radioclanfm.com\/clanespectaculos\/#\/schema\/logo\/image\/"},"sameAs":["https:\/\/www.facebook.com\/clanespectaculos\/","https:\/\/x.com\/clanespectok"]},{"@type":"Person","@id":"https:\/\/radioclanfm.com\/clanespectaculos\/#\/schema\/person\/9734813083303230f3ad84d99171b20c","name":"E-GRUPOCLAN","image":{"@type":"ImageObject","inLanguage":"es-AR","@id":"https:\/\/secure.gravatar.com\/avatar\/af6e19837c3d6a212034a48c7b3818d2ac1826f6025df0155da5a186ad321d79?s=96&d=mm&r=g","url":"https:\/\/secure.gravatar.com\/avatar\/af6e19837c3d6a212034a48c7b3818d2ac1826f6025df0155da5a186ad321d79?s=96&d=mm&r=g","contentUrl":"https:\/\/secure.gravatar.com\/avatar\/af6e19837c3d6a212034a48c7b3818d2ac1826f6025df0155da5a186ad321d79?s=96&d=mm&r=g","caption":"E-GRUPOCLAN"},"sameAs":["https:\/\/radioclanfm.com"],"url":"https:\/\/radioclanfm.com\/clanespectaculos\/author\/admin\/"}]}},"_links":{"self":[{"href":"https:\/\/radioclanfm.com\/clanespectaculos\/wp-json\/wp\/v2\/posts\/15932","targetHints":{"allow":["GET"]}}],"collection":[{"href":"https:\/\/radioclanfm.com\/clanespectaculos\/wp-json\/wp\/v2\/posts"}],"about":[{"href":"https:\/\/radioclanfm.com\/clanespectaculos\/wp-json\/wp\/v2\/types\/post"}],"author":[{"embeddable":true,"href":"https:\/\/radioclanfm.com\/clanespectaculos\/wp-json\/wp\/v2\/users\/1"}],"replies":[{"embeddable":true,"href":"https:\/\/radioclanfm.com\/clanespectaculos\/wp-json\/wp\/v2\/comments?post=15932"}],"version-history":[{"count":1,"href":"https:\/\/radioclanfm.com\/clanespectaculos\/wp-json\/wp\/v2\/posts\/15932\/revisions"}],"predecessor-version":[{"id":15934,"href":"https:\/\/radioclanfm.com\/clanespectaculos\/wp-json\/wp\/v2\/posts\/15932\/revisions\/15934"}],"wp:featuredmedia":[{"embeddable":true,"href":"https:\/\/radioclanfm.com\/clanespectaculos\/wp-json\/wp\/v2\/media\/15933"}],"wp:attachment":[{"href":"https:\/\/radioclanfm.com\/clanespectaculos\/wp-json\/wp\/v2\/media?parent=15932"}],"wp:term":[{"taxonomy":"category","embeddable":true,"href":"https:\/\/radioclanfm.com\/clanespectaculos\/wp-json\/wp\/v2\/categories?post=15932"},{"taxonomy":"post_tag","embeddable":true,"href":"https:\/\/radioclanfm.com\/clanespectaculos\/wp-json\/wp\/v2\/tags?post=15932"}],"curies":[{"name":"wp","href":"https:\/\/api.w.org\/{rel}","templated":true}]}}